{"id":430451,"date":"2019-10-06T03:00:38","date_gmt":"2019-10-06T06:00:38","guid":{"rendered":"https:\/\/www.estrategiaconcursos.com.br\/blog\/?p=430451"},"modified":"2019-10-07T10:18:34","modified_gmt":"2019-10-07T13:18:34","slug":"edital-tj-rs-com-vagas-para-oficial","status":"publish","type":"post","link":"https:\/\/www.estrategiaconcursos.com.br\/blog\/edital-tj-rs-com-vagas-para-oficial\/","title":{"rendered":"Edital TJ RS: abertas as inscri\u00e7\u00f5es para Oficial de Justi\u00e7a"},"content":{"rendered":"\n<p>Abriram nesta segunda -feira, 7 de outubro, as inscri\u00e7\u00f5es para o concurso p\u00fablico do TJ RS. O certame oferta 3 vagas imediatas e cadastro de reserva  para Oficial de Justi\u00e7a (Classe O).<strong> <\/strong>O \u00f3rg\u00e3o exige forma\u00e7\u00e3o em n\u00edvel m\u00e9dio.<strong> <\/strong>A remunera\u00e7\u00e3o inicial do cargo \u00e9 de R$ 9.305,55.<\/p>\n\n\n\n<p>As inscri\u00e7\u00f5es s\u00e3o feitas exclusivamente pela internet, no portal da Funda\u00e7\u00e3o Get\u00falio Vargas, banca organizadora do certame. O valor da taxa de inscri\u00e7\u00e3o \u00e9 de R$ 86,00.<\/p>\n\n\n\n<p> Nesta p\u00e1gina voc\u00ea confere todos os detalhes do edital.<\/p>\n\n\n\n<ul class=\"wp-block-list\"><li><em><a href=\"#an\u00e1lise-de-edital\" target=\"_blank\" rel=\"noreferrer noopener\" aria-label=\"An\u00e1lise de edital (abre numa nova aba)\">An\u00e1lise de edital<\/a><\/em><\/li><li><a href=\"#principais-datas\"><em>Principais datas<\/em><\/a><\/li><li><a href=\"#requisitos-e-atribui\u00e7\u00f5es\"><em>Requisitos e atribui\u00e7\u00f5es<\/em><\/a><\/li><li><a href=\"#remunera\u00e7\u00e3o-e-vagas\"><em>Remunera\u00e7\u00e3o e n\u00famero de vagas<\/em><\/a><\/li><li><a href=\"#etapas\"><em>Etapas<\/em><\/a><\/li><\/ul>\n\n\n\n<h2 class=\"wp-block-heading\" id=\"principais-datas\">Edital TJ RS &#8211; Principais datas<\/h2>\n\n\n\n<p class=\"has-background has-very-light-gray-background-color\"><strong>Per\u00edodo de inscri\u00e7\u00f5es:<\/strong> 07\/10 at\u00e9 05\/11<br \/><strong>Taxa de inscri\u00e7\u00e3o:<\/strong> R$ 86,00<br \/><strong>Per\u00edodo para pedido de isen\u00e7\u00e3o do pagamento:<\/strong> 07\/10 at\u00e9 05\/11<br \/><strong>Data das provas:<\/strong> 16 de fevereiro de 2020<\/p>\n\n\n\n<h3 class=\"wp-block-heading\">Edital Estrat\u00e9gico<\/h3>\n\n\n\n<p style=\"text-align:center\" class=\"has-background has-medium-font-size has-very-light-gray-background-color\"><a rel=\"noreferrer noopener\" aria-label=\"Baixe aqui o Edital Estrat\u00e9gico TJ RS (abre numa nova aba)\" href=\"https:\/\/drive.google.com\/file\/d\/19MNYbRy3c33M6UYU9wZfb6cIcMYZKp0l\/view\" target=\"_blank\"><strong>Baixe aqui o Edital Estrat\u00e9gico TJ RS<\/strong><\/a><\/p>\n\n\n\n<p>IMPORTANTE:  Ao clicar no link acima, vai ser aberta uma janela do Google Drive que tentar\u00e1 carregar a visualiza\u00e7\u00e3o da planilha no seu navegador. N\u00e3o h\u00e1 necessidade de esperar essa visualiza\u00e7\u00e3o (talvez at\u00e9 nem carregue, j\u00e1 que os arquivos s\u00e3o pesados).<\/p>\n\n\n\n<p>Fa\u00e7a o download clicando na seta para baixo no canto superior direito da janela do Google Drive que vai ser aberta ao clicar nos links acima.<\/p>\n\n\n\n<p>Todos os arquivos foram testados em diferentes computadores e celulares e est\u00e3o ok. Talvez alguma incompatibilidade (ou mensagem de erro, como &#8220;arquivo inv\u00e1lido&#8221;) ocorra em virtude do seu pr\u00f3prio computador ou do tamanho dos arquivos que possuem mais conte\u00fado.<\/p>\n\n\n\n<h2 class=\"wp-block-heading\" id=\"requisitos-e-atribui\u00e7\u00f5es\">Edital TJ RS &#8211; Requisitos e atribui\u00e7\u00f5es<\/h2>\n\n\n\n<p>Como anteriormente citado, o concurso abrir\u00e1 vagas para o cargo de Oficial de Justi\u00e7a &#8211; Classe O, que tem como exig\u00eancia m\u00ednima o diploma de n\u00edvel m\u00e9dio completo, reconhecido pelo Minist\u00e9rio da Educa\u00e7\u00e3o.<\/p>\n\n\n\n<p>O edital tamb\u00e9m detalha algumas das atribui\u00e7\u00f5es do cargo, como voc\u00ea pode conferir abaixo:<\/p>\n\n\n\n<ul class=\"wp-block-list\"><li><em>Cumprir mandados judiciais; <\/em><\/li><li><em>Preparar salas com livros e materiais necess\u00e1rios ao funcionamento das sess\u00f5es de julgamento; <\/em><\/li><li><em>Buscar, na Secretaria e nos Gabinetes, os processos de cada Relator, separando-os e ordenando-os, colhendo assinaturas, quando for o caso; <\/em><\/li><li><em>Atender e dar informa\u00e7\u00f5es aos advogados, partes e estagi\u00e1rios presentes na sess\u00e3o, anotando os pedidos de prefer\u00eancia pela ordem de chegada dos interessados; <\/em><\/li><li><em>Auxiliar na manuten\u00e7\u00e3o da ordem e efetuar pris\u00f5es, quando determinado;<\/em><\/li><li><em>Auxiliar o Secret\u00e1rio de C\u00e2mara, quando solicitado; <\/em><\/li><li><em>Cumprir as demais atribui\u00e7\u00f5es previstas em lei ou regulamento<\/em><\/li><\/ul>\n\n\n\n<h2 class=\"wp-block-heading\" id=\"remunera\u00e7\u00e3o-e-vagas\">Edital TJ RS &#8211; Remunera\u00e7\u00e3o e n\u00famero de vagas<\/h2>\n\n\n\n<p>No total foram abertas 3 vagas imediatas e oportunidades de cadastro de reserva para o cargo de Oficial de Justi\u00e7a &#8211; Classe O. <\/p>\n\n\n\n<p>O vencimento b\u00e1sico do cargo \u00e9 de R$ 5.639,73, acrescido um valor de R$ 845,96 referente \u00e0 gratifica\u00e7\u00e3o, aux\u00edlio-condu\u00e7\u00e3o no valor de R$ 845,96 e risco de vida de R$ 1.973,90, totalizando R$ 9.305,55.<\/p>\n\n\n\n<p>Confira abaixo a distribui\u00e7\u00e3o das agas:<\/p>\n\n\n\n<table class=\"wp-block-table has-subtle-pale-blue-background-color has-fixed-layout has-background is-style-stripes\"><tbody><tr><td><strong>Cargo<\/strong><\/td><td><strong>Ampla concorr\u00eancia<\/strong><\/td><td><strong>Candidatos com defici\u00eancia<\/strong><\/td><td><strong>Candidatos negros<\/strong><\/td><td><strong>Total de vagas<\/strong><\/td><td><strong>Remunera\u00e7\u00e3o inicial<\/strong><\/td><\/tr><tr><td>Oficial de Justi\u00e7a &#8211; Classe O <\/td><td>01<\/td><td>01<\/td><td>01<\/td><td>03 + CR<\/td><td>R$ 9.305,55 <\/td><\/tr><\/tbody><\/table>\n\n\n\n<h2 class=\"wp-block-heading\" id=\"etapas\">Edital TJ RS &#8211; Etapas<\/h2>\n\n\n\n<p>O concurso ter\u00e1 uma \u00fanica etapa, composta por uma prova objetiva de car\u00e1ter eliminat\u00f3rio e classificat\u00f3rio. Ao todo ser\u00e3o 80 quest\u00f5es alternativas, cada uma com cinco op\u00e7\u00f5es de resposta onde apenas uma \u00e9 a correta.<\/p>\n\n\n\n<p>Confira abaixo a distribui\u00e7\u00e3o das quest\u00f5es:<\/p>\n\n\n\n<ul class=\"wp-block-list\"><li><strong>L\u00edngua Portuguesa<\/strong> &#8211; 30 quest\u00f5es<\/li><li><strong>Conhecimentos Espec\u00edficos\/T\u00f3picos de Legisla\u00e7\u00e3o<\/strong> &#8211; 40 quest\u00f5es<\/li><li><strong>Microinform\u00e1tica<\/strong> &#8211; 10 quest\u00f5es<\/li><\/ul>\n\n\n\n<p>Os conhecimentos espec\u00edficos\/T\u00f3picos de Legisla\u00e7\u00e3o s\u00e3o compostos pelas seguintes disciplinas:<\/p>\n\n\n\n<ul class=\"wp-block-list\"><li><em>Direito Constitucional <\/em><\/li><li><em>Direito Civil e Processual<\/em><\/li><li><em>Direito Penal e Processual Penal<\/em><\/li><li><em>Legisla\u00e7\u00e3o Especial<\/em><\/li><li><em>Legisla\u00e7\u00e3o Administrativa<\/em><\/li><\/ul>\n\n\n\n<p>Os conte\u00fados cobrados em microinform\u00e1tica s\u00e3o as seguintes:<\/p>\n\n\n\n<ul class=\"wp-block-list\"><li><em>Ambiente operacional WINDOWS<\/em><\/li><li><em>Processadores de textos WORD e Writer<\/em><\/li><li><em>Planilhas eletr\u00f4nicas EXCEL e Calc <\/em><\/li><li><em>Softwares de apresenta\u00e7\u00e3o POWERPOINT e Impress  <\/em><\/li><li><em>Redes de Computadores e Internet <\/em><\/li><li><em>Conceitos de prote\u00e7\u00e3o e seguran\u00e7a <\/em><\/li><\/ul>\n\n\n\n<p>Os candidatos realizar\u00e3o as provas no dia 16 de fevereiro, com tempo m\u00e1ximo de 4 horas. A defini\u00e7\u00e3o dos locais de provas ser\u00e1 divulgada no dia 3 de fevereiro, no site da banca FGV.<\/p>\n\n\n\n<figure class=\"wp-block-image\"><img loading=\"lazy\" decoding=\"async\" width=\"300\" height=\"102\" src=\"https:\/\/dhg1h5j42swfq.cloudfront.net\/2019\/06\/19170128\/coruja-ficha-tecnica.png\" alt=\"Ficha T\u00e9cnica Concurso TJ RS\" class=\"wp-image-389742\"\/><\/figure>\n\n\n\n<h3 class=\"wp-block-heading\" id=\"ficha-tecnica\">Ficha t\u00e9cnica do Edital TJ RS<\/h3>\n\n\n\n<p><strong>\u2666Informa\u00e7\u00f5es do Edital TJ RS<\/strong><br \/>\u25ba<strong>Data da prova:&nbsp;<\/strong>16 de fevereiro de 2020<br \/>\u25ba<strong>Vagas:<\/strong>&nbsp;3 imediatas + cadastro de reserva<br \/>\u25ba<strong>Cargos:<\/strong> Oficial de Justi\u00e7a &#8211; Classe O<br \/>\u25ba<strong>Banca:<\/strong>&nbsp;Funda\u00e7\u00e3o Get\u00falio Vargas (FGV)<br \/>\u25ba<strong>Escolaridade:&nbsp;<\/strong>N\u00edvel M\u00e9dio <\/p>\n\n\n\n<p><strong>Edital:<\/strong> <a rel=\"noreferrer noopener\" aria-label=\"Edital TJ RS (abre numa nova aba)\" href=\"https:\/\/dhg1h5j42swfq.cloudfront.net\/2019\/10\/04161422\/Edital-TJ-RS.pdf\" target=\"_blank\">Edital TJ RS<\/a> (a partir da p\u00e1gina 35)<\/p>\n\n\n\n<h2 class=\"wp-block-heading\" style=\"text-align:center\" id=\"cursos\">Quer estudar para Concurso TJ RS?<\/h2>\n\n\n\n<p style=\"text-align:center\"><em><strong>Gostou desta oportunidade e deseja come\u00e7ar se preparar agora mesmo? Ent\u00e3o, confira os nossos cursos e comece a estudar para<\/strong><\/em><br \/><strong><em>TJ RS<\/em><\/strong><em><strong>:<\/strong><\/em><\/p>\n\n\n\n<p style=\"text-align:center\" class=\"has-background has-medium-font-size has-luminous-vivid-amber-background-color\"><strong><a href=\"https:\/\/www.estrategiaconcursos.com.br\/curso\/pacote-completo-p-tj-rs-oficial-de-justica-classe-o-com-videoaulas-fgv\/\">CURSO TJ RS Oficial de Justi\u00e7a O<\/a><\/strong><\/p>\n\n\n\n<p style=\"text-align:center\"><em><strong>Assinatura Anual Ilimitada*<\/strong><\/em><\/p>\n\n\n\n<p style=\"text-align:center\"><em>Prepare-se com o melhor material e com quem mais aprova em Concursos P\u00fablicos em todo o pa\u00eds. Assine agora a nossa Assinatura Anual e tenha acesso ilimitado* a todos os nossos cursos.<\/em><\/p>\n\n\n\n<p style=\"text-align:center\"><strong>ASSINE AGORA<\/strong>&nbsp;\u2013&nbsp;<a rel=\"noreferrer noopener\" href=\"https:\/\/www.estrategiaconcursos.com.br\/assinaturas\" target=\"_blank\"><strong>Assinatura Ilimitada<\/strong><\/a><\/p>\n\n\n\n<p style=\"text-align:center\"><strong><em>Fique por dentro dos concursos vigentes:<\/em><\/strong><\/p>\n\n\n\n<p style=\"text-align:center\" class=\"has-background has-medium-font-size has-pale-cyan-blue-background-color\"><strong><a href=\"https:\/\/www.estrategiaconcursos.com.br\/blog\/concursos-abertos\/\" target=\"_blank\" rel=\"noreferrer noopener\">CONCURSOS ABERTOS<\/a><\/strong><\/p>\n\n\n\n<p style=\"text-align:center\" class=\"has-background has-medium-font-size has-pale-cyan-blue-background-color\"><strong><a href=\"https:\/\/www.estrategiaconcursos.com.br\/blog\/concursos-2019\/\" target=\"_blank\" rel=\"noreferrer noopener\">CONCURSOS 2019<\/a><\/strong><\/p>\n\n\n\n<p style=\"text-align:center\" class=\"has-background has-medium-font-size has-pale-cyan-blue-background-color\"><strong><a href=\"https:\/\/www.estrategiaconcursos.com.br\/blog\/concursos-2020\/\" target=\"_blank\" rel=\"noreferrer noopener\">CONCURSOS&nbsp;2020<\/a><\/strong><\/p>\n","protected":false},"excerpt":{"rendered":"<p>Abriram nesta segunda -feira, 7 de outubro, as inscri\u00e7\u00f5es para o concurso p\u00fablico do TJ RS. O certame oferta 3 vagas imediatas e cadastro de reserva para Oficial de Justi\u00e7a (Classe O). O \u00f3rg\u00e3o exige forma\u00e7\u00e3o em n\u00edvel m\u00e9dio. A remunera\u00e7\u00e3o inicial do cargo \u00e9 de R$ 9.305,55. As inscri\u00e7\u00f5es s\u00e3o feitas exclusivamente pela internet, [&hellip;]<\/p>\n","protected":false},"author":180,"featured_media":419117,"comment_status":"open","ping_status":"closed","sticky":false,"template":"","format":"standard","meta":{"post_tipo":"article","footnotes":""},"categories":[1],"tags":[],"tax_estado":[],"class_list":["post-430451","post","type-post","status-publish","format-standard","has-post-thumbnail","hentry","category-cursos-e-concursos"],"acf":[],"yoast_head":"<!-- This site is optimized with the Yoast SEO Premium plugin v27.2 (Yoast SEO v27.2) - https:\/\/yoast.com\/product\/yoast-seo-premium-wordpress\/ -->\n<title>Edital TJ RS: abertas as inscri\u00e7\u00f5es para Oficial de Justi\u00e7a<\/title>\n<meta name=\"robots\" content=\"index, follow, max-snippet:-1, max-image-preview:large, max-video-preview:-1\" \/>\n<link rel=\"canonical\" href=\"https:\/\/www.estrategiaconcursos.com.br\/blog\/edital-tj-rs-com-vagas-para-oficial\/\" \/>\n<meta property=\"og:locale\" content=\"pt_BR\" \/>\n<meta property=\"og:type\" content=\"article\" \/>\n<meta property=\"og:title\" content=\"Edital TJ RS: abertas as inscri\u00e7\u00f5es para Oficial de Justi\u00e7a\" \/>\n<meta property=\"og:description\" content=\"Abriram nesta segunda -feira, 7 de outubro, as inscri\u00e7\u00f5es para o concurso p\u00fablico do TJ RS. O certame oferta 3 vagas imediatas e cadastro de reserva para Oficial de Justi\u00e7a (Classe O). O \u00f3rg\u00e3o exige forma\u00e7\u00e3o em n\u00edvel m\u00e9dio. A remunera\u00e7\u00e3o inicial do cargo \u00e9 de R$ 9.305,55. As inscri\u00e7\u00f5es s\u00e3o feitas exclusivamente pela internet, [&hellip;]\" \/>\n<meta property=\"og:url\" content=\"https:\/\/www.estrategiaconcursos.com.br\/blog\/edital-tj-rs-com-vagas-para-oficial\/\" \/>\n<meta property=\"og:site_name\" content=\"Estrat\u00e9gia Concursos\" \/>\n<meta property=\"article:author\" content=\"https:\/\/www.facebook.com\/ricardo.s.torques\" \/>\n<meta property=\"article:published_time\" content=\"2019-10-06T06:00:38+00:00\" \/>\n<meta property=\"article:modified_time\" content=\"2019-10-07T13:18:34+00:00\" \/>\n<meta property=\"og:image\" content=\"https:\/\/dhg1h5j42swfq.cloudfront.net\/2019\/06\/12092101\/saiu-edital-1.jpg\" \/>\n\t<meta property=\"og:image:width\" content=\"1200\" \/>\n\t<meta property=\"og:image:height\" content=\"628\" \/>\n\t<meta property=\"og:image:type\" content=\"image\/jpeg\" \/>\n<meta name=\"author\" content=\"Ricardo Torques\" \/>\n<meta name=\"twitter:card\" content=\"summary_large_image\" \/>\n<meta name=\"twitter:creator\" content=\"@EstratConcursos\" \/>\n<meta name=\"twitter:site\" content=\"@EstratConcursos\" \/>\n<meta name=\"twitter:label1\" content=\"Escrito por\" \/>\n\t<meta name=\"twitter:data1\" content=\"Ricardo Torques\" \/>\n\t<meta name=\"twitter:label2\" content=\"Est. tempo de leitura\" \/>\n\t<meta name=\"twitter:data2\" content=\"4 minutos\" \/>\n<script type=\"application\/ld+json\" class=\"yoast-schema-graph\">{\"@context\":\"https:\/\/schema.org\",\"@graph\":[{\"@type\":\"NewsArticle\",\"@id\":\"https:\/\/www.estrategiaconcursos.com.br\/blog\/edital-tj-rs-com-vagas-para-oficial\/#article\",\"isPartOf\":{\"@id\":\"https:\/\/www.estrategiaconcursos.com.br\/blog\/edital-tj-rs-com-vagas-para-oficial\/\"},\"author\":{\"name\":\"Ricardo Torques\",\"@id\":\"https:\/\/www.estrategiaconcursos.com.br\/blog\/#\/schema\/person\/aa39cf5ddb518e5bdce27c35788405e2\"},\"headline\":\"Edital TJ RS: abertas as inscri\u00e7\u00f5es para Oficial de Justi\u00e7a\",\"datePublished\":\"2019-10-06T06:00:38+00:00\",\"dateModified\":\"2019-10-07T13:18:34+00:00\",\"mainEntityOfPage\":{\"@id\":\"https:\/\/www.estrategiaconcursos.com.br\/blog\/edital-tj-rs-com-vagas-para-oficial\/\"},\"wordCount\":872,\"commentCount\":1,\"publisher\":{\"@id\":\"https:\/\/www.estrategiaconcursos.com.br\/blog\/#organization\"},\"image\":{\"@id\":\"https:\/\/www.estrategiaconcursos.com.br\/blog\/edital-tj-rs-com-vagas-para-oficial\/#primaryimage\"},\"thumbnailUrl\":\"https:\/\/dhg1h5j42swfq.cloudfront.net\/2019\/06\/12092101\/saiu-edital-1.jpg\",\"articleSection\":[\"Concursos P\u00fablicos\"],\"inLanguage\":\"pt-BR\",\"potentialAction\":[{\"@type\":\"CommentAction\",\"name\":\"Comment\",\"target\":[\"https:\/\/www.estrategiaconcursos.com.br\/blog\/edital-tj-rs-com-vagas-para-oficial\/#respond\"]}],\"copyrightYear\":\"2019\",\"copyrightHolder\":{\"@id\":\"https:\/\/www.estrategiaconcursos.com.br\/blog\/#organization\"}},{\"@type\":\"WebPage\",\"@id\":\"https:\/\/www.estrategiaconcursos.com.br\/blog\/edital-tj-rs-com-vagas-para-oficial\/\",\"url\":\"https:\/\/www.estrategiaconcursos.com.br\/blog\/edital-tj-rs-com-vagas-para-oficial\/\",\"name\":\"Edital TJ RS: abertas as inscri\u00e7\u00f5es para Oficial de Justi\u00e7a\",\"isPartOf\":{\"@id\":\"https:\/\/www.estrategiaconcursos.com.br\/blog\/#website\"},\"primaryImageOfPage\":{\"@id\":\"https:\/\/www.estrategiaconcursos.com.br\/blog\/edital-tj-rs-com-vagas-para-oficial\/#primaryimage\"},\"image\":{\"@id\":\"https:\/\/www.estrategiaconcursos.com.br\/blog\/edital-tj-rs-com-vagas-para-oficial\/#primaryimage\"},\"thumbnailUrl\":\"https:\/\/dhg1h5j42swfq.cloudfront.net\/2019\/06\/12092101\/saiu-edital-1.jpg\",\"datePublished\":\"2019-10-06T06:00:38+00:00\",\"dateModified\":\"2019-10-07T13:18:34+00:00\",\"breadcrumb\":{\"@id\":\"https:\/\/www.estrategiaconcursos.com.br\/blog\/edital-tj-rs-com-vagas-para-oficial\/#breadcrumb\"},\"inLanguage\":\"pt-BR\",\"potentialAction\":[{\"@type\":\"ReadAction\",\"target\":[\"https:\/\/www.estrategiaconcursos.com.br\/blog\/edital-tj-rs-com-vagas-para-oficial\/\"]}]},{\"@type\":\"ImageObject\",\"inLanguage\":\"pt-BR\",\"@id\":\"https:\/\/www.estrategiaconcursos.com.br\/blog\/edital-tj-rs-com-vagas-para-oficial\/#primaryimage\",\"url\":\"https:\/\/dhg1h5j42swfq.cloudfront.net\/2019\/06\/12092101\/saiu-edital-1.jpg\",\"contentUrl\":\"https:\/\/dhg1h5j42swfq.cloudfront.net\/2019\/06\/12092101\/saiu-edital-1.jpg\",\"width\":1200,\"height\":628,\"caption\":\"concurso crea sc\"},{\"@type\":\"BreadcrumbList\",\"@id\":\"https:\/\/www.estrategiaconcursos.com.br\/blog\/edital-tj-rs-com-vagas-para-oficial\/#breadcrumb\",\"itemListElement\":[{\"@type\":\"ListItem\",\"position\":1,\"name\":\"In\u00edcio\",\"item\":\"https:\/\/www.estrategiaconcursos.com.br\/blog\/\"},{\"@type\":\"ListItem\",\"position\":2,\"name\":\"Edital TJ RS: abertas as inscri\u00e7\u00f5es para Oficial de Justi\u00e7a\"}]},{\"@type\":\"WebSite\",\"@id\":\"https:\/\/www.estrategiaconcursos.com.br\/blog\/#website\",\"url\":\"https:\/\/www.estrategiaconcursos.com.br\/blog\/\",\"name\":\"Estrat\u00e9gia Concursos\",\"description\":\"O blog da Estrat\u00e9gia Concursos traz not\u00edcias sobre concursos e artigos de professores oferecendo cursos para concursos (pdf + videaulas) no site.\",\"publisher\":{\"@id\":\"https:\/\/www.estrategiaconcursos.com.br\/blog\/#organization\"},\"potentialAction\":[{\"@type\":\"SearchAction\",\"target\":{\"@type\":\"EntryPoint\",\"urlTemplate\":\"https:\/\/www.estrategiaconcursos.com.br\/blog\/?s={search_term_string}\"},\"query-input\":{\"@type\":\"PropertyValueSpecification\",\"valueRequired\":true,\"valueName\":\"search_term_string\"}}],\"inLanguage\":\"pt-BR\"},{\"@type\":\"Organization\",\"@id\":\"https:\/\/www.estrategiaconcursos.com.br\/blog\/#organization\",\"name\":\"Estrat\u00e9gia Concursos\",\"url\":\"https:\/\/www.estrategiaconcursos.com.br\/blog\/\",\"logo\":{\"@type\":\"ImageObject\",\"inLanguage\":\"pt-BR\",\"@id\":\"https:\/\/www.estrategiaconcursos.com.br\/blog\/#\/schema\/logo\/image\/\",\"url\":\"https:\/\/dhg1h5j42swfq.cloudfront.net\/2025\/06\/03203428\/logo_concursos-1.jpg\",\"contentUrl\":\"https:\/\/dhg1h5j42swfq.cloudfront.net\/2025\/06\/03203428\/logo_concursos-1.jpg\",\"width\":230,\"height\":60,\"caption\":\"Estrat\u00e9gia Concursos\"},\"image\":{\"@id\":\"https:\/\/www.estrategiaconcursos.com.br\/blog\/#\/schema\/logo\/image\/\"},\"sameAs\":[\"https:\/\/x.com\/EstratConcursos\"]},{\"@type\":\"Person\",\"@id\":\"https:\/\/www.estrategiaconcursos.com.br\/blog\/#\/schema\/person\/aa39cf5ddb518e5bdce27c35788405e2\",\"name\":\"Ricardo Torques\",\"image\":{\"@type\":\"ImageObject\",\"inLanguage\":\"pt-BR\",\"@id\":\"https:\/\/secure.gravatar.com\/avatar\/ce9ac6c3cff25fe86d15ed568ebc64d1724baf5c0693133bcb1f6073f712f92a?s=96&d=mm&r=g\",\"url\":\"https:\/\/secure.gravatar.com\/avatar\/ce9ac6c3cff25fe86d15ed568ebc64d1724baf5c0693133bcb1f6073f712f92a?s=96&d=mm&r=g\",\"contentUrl\":\"https:\/\/secure.gravatar.com\/avatar\/ce9ac6c3cff25fe86d15ed568ebc64d1724baf5c0693133bcb1f6073f712f92a?s=96&d=mm&r=g\",\"caption\":\"Ricardo Torques\"},\"sameAs\":[\"https:\/\/www.facebook.com\/ricardo.s.torques\"],\"url\":\"https:\/\/www.estrategiaconcursos.com.br\/blog\/author\/ricardotorquesestrategiaconcursos-com-br\/\"}]}<\/script>\n<!-- \/ Yoast SEO Premium plugin. -->","yoast_head_json":{"title":"Edital TJ RS: abertas as inscri\u00e7\u00f5es para Oficial de Justi\u00e7a","robots":{"index":"index","follow":"follow","max-snippet":"max-snippet:-1","max-image-preview":"max-image-preview:large","max-video-preview":"max-video-preview:-1"},"canonical":"https:\/\/www.estrategiaconcursos.com.br\/blog\/edital-tj-rs-com-vagas-para-oficial\/","og_locale":"pt_BR","og_type":"article","og_title":"Edital TJ RS: abertas as inscri\u00e7\u00f5es para Oficial de Justi\u00e7a","og_description":"Abriram nesta segunda -feira, 7 de outubro, as inscri\u00e7\u00f5es para o concurso p\u00fablico do TJ RS. O certame oferta 3 vagas imediatas e cadastro de reserva para Oficial de Justi\u00e7a (Classe O). O \u00f3rg\u00e3o exige forma\u00e7\u00e3o em n\u00edvel m\u00e9dio. A remunera\u00e7\u00e3o inicial do cargo \u00e9 de R$ 9.305,55. As inscri\u00e7\u00f5es s\u00e3o feitas exclusivamente pela internet, [&hellip;]","og_url":"https:\/\/www.estrategiaconcursos.com.br\/blog\/edital-tj-rs-com-vagas-para-oficial\/","og_site_name":"Estrat\u00e9gia Concursos","article_author":"https:\/\/www.facebook.com\/ricardo.s.torques","article_published_time":"2019-10-06T06:00:38+00:00","article_modified_time":"2019-10-07T13:18:34+00:00","og_image":[{"width":1200,"height":628,"url":"https:\/\/dhg1h5j42swfq.cloudfront.net\/2019\/06\/12092101\/saiu-edital-1.jpg","type":"image\/jpeg"}],"author":"Ricardo Torques","twitter_card":"summary_large_image","twitter_creator":"@EstratConcursos","twitter_site":"@EstratConcursos","twitter_misc":{"Escrito por":"Ricardo Torques","Est. tempo de leitura":"4 minutos"},"schema":{"@context":"https:\/\/schema.org","@graph":[{"@type":"NewsArticle","@id":"https:\/\/www.estrategiaconcursos.com.br\/blog\/edital-tj-rs-com-vagas-para-oficial\/#article","isPartOf":{"@id":"https:\/\/www.estrategiaconcursos.com.br\/blog\/edital-tj-rs-com-vagas-para-oficial\/"},"author":{"name":"Ricardo Torques","@id":"https:\/\/www.estrategiaconcursos.com.br\/blog\/#\/schema\/person\/aa39cf5ddb518e5bdce27c35788405e2"},"headline":"Edital TJ RS: abertas as inscri\u00e7\u00f5es para Oficial de Justi\u00e7a","datePublished":"2019-10-06T06:00:38+00:00","dateModified":"2019-10-07T13:18:34+00:00","mainEntityOfPage":{"@id":"https:\/\/www.estrategiaconcursos.com.br\/blog\/edital-tj-rs-com-vagas-para-oficial\/"},"wordCount":872,"commentCount":1,"publisher":{"@id":"https:\/\/www.estrategiaconcursos.com.br\/blog\/#organization"},"image":{"@id":"https:\/\/www.estrategiaconcursos.com.br\/blog\/edital-tj-rs-com-vagas-para-oficial\/#primaryimage"},"thumbnailUrl":"https:\/\/dhg1h5j42swfq.cloudfront.net\/2019\/06\/12092101\/saiu-edital-1.jpg","articleSection":["Concursos P\u00fablicos"],"inLanguage":"pt-BR","potentialAction":[{"@type":"CommentAction","name":"Comment","target":["https:\/\/www.estrategiaconcursos.com.br\/blog\/edital-tj-rs-com-vagas-para-oficial\/#respond"]}],"copyrightYear":"2019","copyrightHolder":{"@id":"https:\/\/www.estrategiaconcursos.com.br\/blog\/#organization"}},{"@type":"WebPage","@id":"https:\/\/www.estrategiaconcursos.com.br\/blog\/edital-tj-rs-com-vagas-para-oficial\/","url":"https:\/\/www.estrategiaconcursos.com.br\/blog\/edital-tj-rs-com-vagas-para-oficial\/","name":"Edital TJ RS: abertas as inscri\u00e7\u00f5es para Oficial de Justi\u00e7a","isPartOf":{"@id":"https:\/\/www.estrategiaconcursos.com.br\/blog\/#website"},"primaryImageOfPage":{"@id":"https:\/\/www.estrategiaconcursos.com.br\/blog\/edital-tj-rs-com-vagas-para-oficial\/#primaryimage"},"image":{"@id":"https:\/\/www.estrategiaconcursos.com.br\/blog\/edital-tj-rs-com-vagas-para-oficial\/#primaryimage"},"thumbnailUrl":"https:\/\/dhg1h5j42swfq.cloudfront.net\/2019\/06\/12092101\/saiu-edital-1.jpg","datePublished":"2019-10-06T06:00:38+00:00","dateModified":"2019-10-07T13:18:34+00:00","breadcrumb":{"@id":"https:\/\/www.estrategiaconcursos.com.br\/blog\/edital-tj-rs-com-vagas-para-oficial\/#breadcrumb"},"inLanguage":"pt-BR","potentialAction":[{"@type":"ReadAction","target":["https:\/\/www.estrategiaconcursos.com.br\/blog\/edital-tj-rs-com-vagas-para-oficial\/"]}]},{"@type":"ImageObject","inLanguage":"pt-BR","@id":"https:\/\/www.estrategiaconcursos.com.br\/blog\/edital-tj-rs-com-vagas-para-oficial\/#primaryimage","url":"https:\/\/dhg1h5j42swfq.cloudfront.net\/2019\/06\/12092101\/saiu-edital-1.jpg","contentUrl":"https:\/\/dhg1h5j42swfq.cloudfront.net\/2019\/06\/12092101\/saiu-edital-1.jpg","width":1200,"height":628,"caption":"concurso crea sc"},{"@type":"BreadcrumbList","@id":"https:\/\/www.estrategiaconcursos.com.br\/blog\/edital-tj-rs-com-vagas-para-oficial\/#breadcrumb","itemListElement":[{"@type":"ListItem","position":1,"name":"In\u00edcio","item":"https:\/\/www.estrategiaconcursos.com.br\/blog\/"},{"@type":"ListItem","position":2,"name":"Edital TJ RS: abertas as inscri\u00e7\u00f5es para Oficial de Justi\u00e7a"}]},{"@type":"WebSite","@id":"https:\/\/www.estrategiaconcursos.com.br\/blog\/#website","url":"https:\/\/www.estrategiaconcursos.com.br\/blog\/","name":"Estrat\u00e9gia Concursos","description":"O blog da Estrat\u00e9gia Concursos traz not\u00edcias sobre concursos e artigos de professores oferecendo cursos para concursos (pdf + videaulas) no site.","publisher":{"@id":"https:\/\/www.estrategiaconcursos.com.br\/blog\/#organization"},"potentialAction":[{"@type":"SearchAction","target":{"@type":"EntryPoint","urlTemplate":"https:\/\/www.estrategiaconcursos.com.br\/blog\/?s={search_term_string}"},"query-input":{"@type":"PropertyValueSpecification","valueRequired":true,"valueName":"search_term_string"}}],"inLanguage":"pt-BR"},{"@type":"Organization","@id":"https:\/\/www.estrategiaconcursos.com.br\/blog\/#organization","name":"Estrat\u00e9gia Concursos","url":"https:\/\/www.estrategiaconcursos.com.br\/blog\/","logo":{"@type":"ImageObject","inLanguage":"pt-BR","@id":"https:\/\/www.estrategiaconcursos.com.br\/blog\/#\/schema\/logo\/image\/","url":"https:\/\/dhg1h5j42swfq.cloudfront.net\/2025\/06\/03203428\/logo_concursos-1.jpg","contentUrl":"https:\/\/dhg1h5j42swfq.cloudfront.net\/2025\/06\/03203428\/logo_concursos-1.jpg","width":230,"height":60,"caption":"Estrat\u00e9gia Concursos"},"image":{"@id":"https:\/\/www.estrategiaconcursos.com.br\/blog\/#\/schema\/logo\/image\/"},"sameAs":["https:\/\/x.com\/EstratConcursos"]},{"@type":"Person","@id":"https:\/\/www.estrategiaconcursos.com.br\/blog\/#\/schema\/person\/aa39cf5ddb518e5bdce27c35788405e2","name":"Ricardo Torques","image":{"@type":"ImageObject","inLanguage":"pt-BR","@id":"https:\/\/secure.gravatar.com\/avatar\/ce9ac6c3cff25fe86d15ed568ebc64d1724baf5c0693133bcb1f6073f712f92a?s=96&d=mm&r=g","url":"https:\/\/secure.gravatar.com\/avatar\/ce9ac6c3cff25fe86d15ed568ebc64d1724baf5c0693133bcb1f6073f712f92a?s=96&d=mm&r=g","contentUrl":"https:\/\/secure.gravatar.com\/avatar\/ce9ac6c3cff25fe86d15ed568ebc64d1724baf5c0693133bcb1f6073f712f92a?s=96&d=mm&r=g","caption":"Ricardo Torques"},"sameAs":["https:\/\/www.facebook.com\/ricardo.s.torques"],"url":"https:\/\/www.estrategiaconcursos.com.br\/blog\/author\/ricardotorquesestrategiaconcursos-com-br\/"}]}},"_links":{"self":[{"href":"https:\/\/www.estrategiaconcursos.com.br\/blog\/wp-json\/wp\/v2\/posts\/430451","targetHints":{"allow":["GET"]}}],"collection":[{"href":"https:\/\/www.estrategiaconcursos.com.br\/blog\/wp-json\/wp\/v2\/posts"}],"about":[{"href":"https:\/\/www.estrategiaconcursos.com.br\/blog\/wp-json\/wp\/v2\/types\/post"}],"author":[{"embeddable":true,"href":"https:\/\/www.estrategiaconcursos.com.br\/blog\/wp-json\/wp\/v2\/users\/180"}],"replies":[{"embeddable":true,"href":"https:\/\/www.estrategiaconcursos.com.br\/blog\/wp-json\/wp\/v2\/comments?post=430451"}],"version-history":[{"count":11,"href":"https:\/\/www.estrategiaconcursos.com.br\/blog\/wp-json\/wp\/v2\/posts\/430451\/revisions"}],"predecessor-version":[{"id":430913,"href":"https:\/\/www.estrategiaconcursos.com.br\/blog\/wp-json\/wp\/v2\/posts\/430451\/revisions\/430913"}],"wp:featuredmedia":[{"embeddable":true,"href":"https:\/\/www.estrategiaconcursos.com.br\/blog\/wp-json\/wp\/v2\/media\/419117"}],"wp:attachment":[{"href":"https:\/\/www.estrategiaconcursos.com.br\/blog\/wp-json\/wp\/v2\/media?parent=430451"}],"wp:term":[{"taxonomy":"category","embeddable":true,"href":"https:\/\/www.estrategiaconcursos.com.br\/blog\/wp-json\/wp\/v2\/categories?post=430451"},{"taxonomy":"post_tag","embeddable":true,"href":"https:\/\/www.estrategiaconcursos.com.br\/blog\/wp-json\/wp\/v2\/tags?post=430451"},{"taxonomy":"tax_estado","embeddable":true,"href":"https:\/\/www.estrategiaconcursos.com.br\/blog\/wp-json\/wp\/v2\/tax_estado?post=430451"}],"curies":[{"name":"wp","href":"https:\/\/api.w.org\/{rel}","templated":true}]}}