{"id":43043,"date":"2016-07-06T17:34:58","date_gmt":"2016-07-06T20:34:58","guid":{"rendered":"https:\/\/www.estrategiaconcursos.com.br\/blog\/?p=43043"},"modified":"2022-11-04T11:22:14","modified_gmt":"2022-11-04T14:22:14","slug":"estrategia-nas-olimpiadas","status":"publish","type":"post","link":"https:\/\/www.estrategiaconcursos.com.br\/blog\/estrategia-nas-olimpiadas\/","title":{"rendered":"Estrat\u00e9gia nas Olimp\u00edadas: Estrat\u00e9gia Concursos apoia atleta convocado para as olimp\u00edadas Rio 2016"},"content":{"rendered":"<p><strong><span style=\"color: #000000;\">Estrat\u00e9gia nas Olimp\u00edadas: Estrat\u00e9gia Concursos apoia atleta convocado para as olimp\u00edadas Rio 2016<\/span><\/strong><\/p>\n<p style=\"text-align: justify;\"><span style=\"color: #000000;\">O atleta ol\u00edmpico\u00a0da marcha atl\u00e9tica 50 km,<b>\u00a0<\/b>Jonathan Riekmann, poder\u00e1 contar com a parceria do Estrat\u00e9gia Concursos para um importante aux\u00edlio\u00a0em sua prepara\u00e7\u00e3o. Atrav\u00e9s de um patroc\u00ednio, a empresa ir\u00e1\u00a0contribuir para\u00a0sua viagem ao M\u00e9xico para um per\u00edodo de treinamento em altitude.<\/span><\/p>\n<p style=\"text-align: justify;\"><span style=\"color: #000000;\">Segundo Jonathan, a iniciativa permitir\u00e1 potencializar ainda mais seu treinamento. &#8220;Quero agradecer a empresa Estrat\u00e9gia Concursos por ter apoiado esse meu projeto e ter patrocinado meu treinamento em altitude no M\u00e9xico&#8221;, completou.<\/span><\/p>\n<p style=\"text-align: justify;\"><span style=\"color: #000000;\">A competi\u00e7\u00e3o ir\u00e1 acontecer no dia 19 de agosto.\u00a0<\/span><\/p>\n<p style=\"text-align: justify;\"><span style=\"color: #000000;\"><strong>O Atleta\u00a0<\/strong><\/span><\/p>\n<p style=\"text-align: justify;\"><span style=\"color: #000000;\">Jonathan Riekmann nasceu\u00a0em\u00a020\/8\/1987, em Blumenau (SC). Pesa\u00a059 kg e tem 1,72 m de altura. Durante sua vida, praticou v\u00e1rios esportes. Por influ\u00eancia de um amigo, come\u00e7ou no atletismo aos 13 anos, fazendo corrida de fundo para ajudar a Escola Municipal L\u00facio Esteves, de Blumenau, em uma competi\u00e7\u00e3o. Aos 14 anos, por orienta\u00e7\u00e3o de seu primeiro t\u00e9cnico, Valdivino Alves, ingressou na Funda\u00e7\u00e3o Municipal de Desportes de Blumenau e come\u00e7ou a treinar. <\/span><\/p>\n<p style=\"text-align: justify;\"><span style=\"color: #000000;\">Dois anos depois, passou a ser orientado por Ivo da Silva e seguiu nas corridas de fundo por mais um ano. A partir da\u00ed, come\u00e7ou a fazer alguns treinos de marcha atl\u00e9tica e Ivo da Silva viu que tinha potencial para a modalidade.\u00a0<\/span><\/p>\n<p style=\"text-align: justify;\"><span style=\"color: #000000;\">Em maio deste ano foi convocado pela Confedera\u00e7\u00e3o Brasileira de Atletismo (CBAt) para\u00a0representar o Brasil nas Olimp\u00edadas Rio 2016.\u00a0Jonathan ir\u00e1 participar da prova de 50km de Marcha Atl\u00e9tica.<\/span><\/p>\n<p><span style=\"color: #000000;\">Principais conquistas na carreira:<\/span><\/p>\n<ul>\n<li><span style=\"color: #000000;\">Campe\u00e3o brasileiro (15)<\/span><\/li>\n<li><span style=\"color: #000000;\">Vice-campe\u00e3o sul-americano (14)<\/span><\/li>\n<li><span style=\"color: #000000;\">Vice-campe\u00e3o (20 km) do Trof\u00e9u Brasil (10)<\/span><\/li>\n<li><span style=\"color: #000000;\">3\u00ba colocado (20 km) no Trof\u00e9u Brasil (11 e 12)<\/span><\/li>\n<li><span style=\"color: #000000;\">Vice-campe\u00e3o (20km) da Copa Brasil (09)<\/span><\/li>\n<li><span style=\"color: #000000;\">3\u00ba colocado na Copa Brasil (07 e 08)<\/span><\/li>\n<\/ul>\n<p style=\"text-align: justify;\"><span style=\"color: #000000;\"><strong>A Marcha Atl\u00e9tica<\/strong><\/span><\/p>\n<p style=\"text-align: justify;\"><span style=\"color: #000000;\">A Marcha Atl\u00e9tica \u00e9 uma modalidade do atletismo onde se executa uma progress\u00e3o de passos de maneira que o atleta sempre mantenha contato com o solo com, pelo menos, um dos p\u00e9s. A perna que avan\u00e7a tem que estar reta, desde o momento do primeiro contato com o solo at\u00e9 que se encontre em posi\u00e7\u00e3o vertical.<\/span><\/p>\n<p style=\"text-align: justify;\"><span style=\"color: #000000;\">A modalidade foi integrada aos Jogos Ol\u00edmpicos em 1908 e em 1992 passou a ser disputada tamb\u00e9m na categoria feminina.<\/span><\/p>\n<p style=\"text-align: justify;\"><span style=\"color: #000000;\">As provas de marcha atl\u00e9tica s\u00e3o disputadas na dist\u00e2ncia de 20\u00a0km, feminino, e 20\u00a0km e 50\u00a0km masculino, que se realizam normalmente em um circuito na rua de no m\u00ednimo 1\u00a0km e no m\u00e1ximo 2,5\u00a0km. A marcha \u00e9 uma atividade em que a resist\u00eancia e a t\u00e9cnica do atleta s\u00e3o fundamentais.<\/span><\/p>\n<p style=\"text-align: justify;\"><span style=\"color: #000000;\">O regulamento estabelece que os ju\u00edzes de marcha t\u00eam que avisar aos atletas que por sua forma de marchar correm o risco de cometer alguma falta, e para isso utilizam placas amarelas com o s\u00edmbolo de uma poss\u00edvel infra\u00e7\u00e3o. No julgamento de marcha, quando um atleta comete infra\u00e7\u00e3o \u00e9 anotado no quadro de advert\u00eancias um cart\u00e3o vermelho correspondente a infra\u00e7\u00e3o cometida. Quando tr\u00eas ju\u00edzes diferentes mostram os cart\u00f5es vermelhos a um atleta, o juiz chefe procede a desqualifica\u00e7\u00e3o do mesmo.<\/span><\/p>\n<p style=\"text-align: justify;\"><img loading=\"lazy\" decoding=\"async\" class=\"aligncenter wp-image-43046 size-large\" src=\"https:\/\/dhg1h5j42swfq.cloudfront.net\/2016\/07\/06143432\/Estrategia-Nas-Olimpiadas-02.png\" alt=\"Estrategia-Nas-Olimpiadas-02\" width=\"584\" height=\"310\" srcset=\"https:\/\/dhg1h5j42swfq.cloudfront.net\/2016\/07\/06143432\/Estrategia-Nas-Olimpiadas-02.png 3508w, https:\/\/dhg1h5j42swfq.cloudfront.net\/2016\/07\/06143432\/Estrategia-Nas-Olimpiadas-02.png 300w, https:\/\/dhg1h5j42swfq.cloudfront.net\/2016\/07\/06143432\/Estrategia-Nas-Olimpiadas-02.png 768w, https:\/\/dhg1h5j42swfq.cloudfront.net\/2016\/07\/06143432\/Estrategia-Nas-Olimpiadas-02.png 1024w, https:\/\/dhg1h5j42swfq.cloudfront.net\/2016\/07\/06143432\/Estrategia-Nas-Olimpiadas-02.png 500w\" sizes=\"auto, (max-width: 584px) 100vw, 584px\" \/><\/p>\n","protected":false},"excerpt":{"rendered":"<p>Estrat\u00e9gia nas Olimp\u00edadas: Estrat\u00e9gia Concursos apoia atleta convocado para as olimp\u00edadas Rio 2016 O atleta ol\u00edmpico\u00a0da marcha atl\u00e9tica 50 km,\u00a0Jonathan Riekmann, poder\u00e1 contar com a parceria do Estrat\u00e9gia Concursos para um importante aux\u00edlio\u00a0em sua prepara\u00e7\u00e3o. Atrav\u00e9s de um patroc\u00ednio, a empresa ir\u00e1\u00a0contribuir para\u00a0sua viagem ao M\u00e9xico para um per\u00edodo de treinamento em altitude. Segundo Jonathan, [&hellip;]<\/p>\n","protected":false},"author":1,"featured_media":0,"comment_status":"open","ping_status":"open","sticky":false,"template":"","format":"standard","meta":{"post_tipo":"news","footnotes":""},"categories":[1],"tags":[],"tax_estado":[],"class_list":["post-43043","post","type-post","status-publish","format-standard","hentry","category-cursos-e-concursos"],"acf":[],"yoast_head":"<!-- This site is optimized with the Yoast SEO Premium plugin v27.2 (Yoast SEO v27.2) - https:\/\/yoast.com\/product\/yoast-seo-premium-wordpress\/ -->\n<title>Estrat\u00e9gia nas Olimp\u00edadas: Estrat\u00e9gia Concursos apoia atleta convocado para as olimp\u00edadas Rio 2016<\/title>\n<meta name=\"description\" content=\"O atleta ol\u00edmpico\u00a0da marcha atl\u00e9tica,\u00a0Jonathan Riekmann, poder\u00e1 contar com a parceria do Estrat\u00e9gia Concursos para um importe aux\u00edlio\u00a0em seu treinamento.\" \/>\n<meta name=\"robots\" content=\"index, follow, max-snippet:-1, max-image-preview:large, max-video-preview:-1\" \/>\n<link rel=\"canonical\" href=\"https:\/\/www.estrategiaconcursos.com.br\/blog\/estrategia-nas-olimpiadas\/\" \/>\n<meta property=\"og:locale\" content=\"pt_BR\" \/>\n<meta property=\"og:type\" content=\"article\" \/>\n<meta property=\"og:title\" content=\"Estrat\u00e9gia nas Olimp\u00edadas: Estrat\u00e9gia Concursos apoia atleta convocado para as olimp\u00edadas Rio 2016\" \/>\n<meta property=\"og:description\" content=\"O atleta ol\u00edmpico\u00a0da marcha atl\u00e9tica,\u00a0Jonathan Riekmann, poder\u00e1 contar com a parceria do Estrat\u00e9gia Concursos para um importe aux\u00edlio\u00a0em seu treinamento.\" \/>\n<meta property=\"og:url\" content=\"https:\/\/www.estrategiaconcursos.com.br\/blog\/estrategia-nas-olimpiadas\/\" \/>\n<meta property=\"og:site_name\" content=\"Estrat\u00e9gia Concursos\" \/>\n<meta property=\"article:author\" content=\"https:\/\/www.facebook.com\/EstrategiaConcursos\" \/>\n<meta property=\"article:published_time\" content=\"2016-07-06T20:34:58+00:00\" \/>\n<meta property=\"article:modified_time\" content=\"2022-11-04T14:22:14+00:00\" \/>\n<meta property=\"og:image\" content=\"https:\/\/www.estrategiaconcursos.com.br\/blog\/wp-content\/uploads\/2016\/07\/Estrategia-Nas-Olimpiadas-02-1024x544.png\" \/>\n<meta name=\"author\" content=\"Coordena\u00e7\u00e3o\" \/>\n<meta name=\"twitter:card\" content=\"summary_large_image\" \/>\n<meta name=\"twitter:creator\" content=\"@EstratConcursos\" \/>\n<meta name=\"twitter:site\" content=\"@EstratConcursos\" \/>\n<meta name=\"twitter:label1\" content=\"Escrito por\" \/>\n\t<meta name=\"twitter:data1\" content=\"Coordena\u00e7\u00e3o\" \/>\n\t<meta name=\"twitter:label2\" content=\"Est. tempo de leitura\" \/>\n\t<meta name=\"twitter:data2\" content=\"3 minutos\" \/>\n<script type=\"application\/ld+json\" class=\"yoast-schema-graph\">{\"@context\":\"https:\/\/schema.org\",\"@graph\":[{\"@type\":\"NewsArticle\",\"@id\":\"https:\/\/www.estrategiaconcursos.com.br\/blog\/estrategia-nas-olimpiadas\/#article\",\"isPartOf\":{\"@id\":\"https:\/\/www.estrategiaconcursos.com.br\/blog\/estrategia-nas-olimpiadas\/\"},\"author\":{\"name\":\"Coordena\u00e7\u00e3o\",\"@id\":\"https:\/\/www.estrategiaconcursos.com.br\/blog\/#\/schema\/person\/b4a388c97673c5f483d72185668afa1f\"},\"headline\":\"Estrat\u00e9gia nas Olimp\u00edadas: Estrat\u00e9gia Concursos apoia atleta convocado para as olimp\u00edadas Rio 2016\",\"datePublished\":\"2016-07-06T20:34:58+00:00\",\"dateModified\":\"2022-11-04T14:22:14+00:00\",\"mainEntityOfPage\":{\"@id\":\"https:\/\/www.estrategiaconcursos.com.br\/blog\/estrategia-nas-olimpiadas\/\"},\"wordCount\":552,\"commentCount\":5,\"publisher\":{\"@id\":\"https:\/\/www.estrategiaconcursos.com.br\/blog\/#organization\"},\"image\":{\"@id\":\"https:\/\/www.estrategiaconcursos.com.br\/blog\/estrategia-nas-olimpiadas\/#primaryimage\"},\"thumbnailUrl\":\"https:\/\/www.estrategiaconcursos.com.br\/blog\/wp-content\/uploads\/2016\/07\/Estrategia-Nas-Olimpiadas-02-1024x544.png\",\"articleSection\":[\"Concursos P\u00fablicos\"],\"inLanguage\":\"pt-BR\",\"potentialAction\":[{\"@type\":\"CommentAction\",\"name\":\"Comment\",\"target\":[\"https:\/\/www.estrategiaconcursos.com.br\/blog\/estrategia-nas-olimpiadas\/#respond\"]}],\"copyrightYear\":\"2016\",\"copyrightHolder\":{\"@id\":\"https:\/\/www.estrategiaconcursos.com.br\/blog\/#organization\"}},{\"@type\":\"WebPage\",\"@id\":\"https:\/\/www.estrategiaconcursos.com.br\/blog\/estrategia-nas-olimpiadas\/\",\"url\":\"https:\/\/www.estrategiaconcursos.com.br\/blog\/estrategia-nas-olimpiadas\/\",\"name\":\"Estrat\u00e9gia nas Olimp\u00edadas: Estrat\u00e9gia Concursos apoia atleta convocado para as olimp\u00edadas Rio 2016\",\"isPartOf\":{\"@id\":\"https:\/\/www.estrategiaconcursos.com.br\/blog\/#website\"},\"primaryImageOfPage\":{\"@id\":\"https:\/\/www.estrategiaconcursos.com.br\/blog\/estrategia-nas-olimpiadas\/#primaryimage\"},\"image\":{\"@id\":\"https:\/\/www.estrategiaconcursos.com.br\/blog\/estrategia-nas-olimpiadas\/#primaryimage\"},\"thumbnailUrl\":\"https:\/\/www.estrategiaconcursos.com.br\/blog\/wp-content\/uploads\/2016\/07\/Estrategia-Nas-Olimpiadas-02-1024x544.png\",\"datePublished\":\"2016-07-06T20:34:58+00:00\",\"dateModified\":\"2022-11-04T14:22:14+00:00\",\"description\":\"O atleta ol\u00edmpico\u00a0da marcha atl\u00e9tica,\u00a0Jonathan Riekmann, poder\u00e1 contar com a parceria do Estrat\u00e9gia Concursos para um importe aux\u00edlio\u00a0em seu treinamento.\",\"breadcrumb\":{\"@id\":\"https:\/\/www.estrategiaconcursos.com.br\/blog\/estrategia-nas-olimpiadas\/#breadcrumb\"},\"inLanguage\":\"pt-BR\",\"potentialAction\":[{\"@type\":\"ReadAction\",\"target\":[\"https:\/\/www.estrategiaconcursos.com.br\/blog\/estrategia-nas-olimpiadas\/\"]}]},{\"@type\":\"ImageObject\",\"inLanguage\":\"pt-BR\",\"@id\":\"https:\/\/www.estrategiaconcursos.com.br\/blog\/estrategia-nas-olimpiadas\/#primaryimage\",\"url\":\"https:\/\/dhg1h5j42swfq.cloudfront.net\/2016\/07\/06143432\/Estrategia-Nas-Olimpiadas-02.png\",\"contentUrl\":\"https:\/\/dhg1h5j42swfq.cloudfront.net\/2016\/07\/06143432\/Estrategia-Nas-Olimpiadas-02.png\",\"width\":3508,\"height\":1863,\"caption\":\"Olimp\u00edadas x Concurso P\u00fablico\"},{\"@type\":\"BreadcrumbList\",\"@id\":\"https:\/\/www.estrategiaconcursos.com.br\/blog\/estrategia-nas-olimpiadas\/#breadcrumb\",\"itemListElement\":[{\"@type\":\"ListItem\",\"position\":1,\"name\":\"In\u00edcio\",\"item\":\"https:\/\/www.estrategiaconcursos.com.br\/blog\/\"},{\"@type\":\"ListItem\",\"position\":2,\"name\":\"Estrat\u00e9gia nas Olimp\u00edadas: Estrat\u00e9gia Concursos apoia atleta convocado para as olimp\u00edadas Rio 2016\"}]},{\"@type\":\"WebSite\",\"@id\":\"https:\/\/www.estrategiaconcursos.com.br\/blog\/#website\",\"url\":\"https:\/\/www.estrategiaconcursos.com.br\/blog\/\",\"name\":\"Estrat\u00e9gia Concursos\",\"description\":\"O blog da Estrat\u00e9gia Concursos traz not\u00edcias sobre concursos e artigos de professores oferecendo cursos para concursos (pdf + videaulas) no site.\",\"publisher\":{\"@id\":\"https:\/\/www.estrategiaconcursos.com.br\/blog\/#organization\"},\"potentialAction\":[{\"@type\":\"SearchAction\",\"target\":{\"@type\":\"EntryPoint\",\"urlTemplate\":\"https:\/\/www.estrategiaconcursos.com.br\/blog\/?s={search_term_string}\"},\"query-input\":{\"@type\":\"PropertyValueSpecification\",\"valueRequired\":true,\"valueName\":\"search_term_string\"}}],\"inLanguage\":\"pt-BR\"},{\"@type\":\"Organization\",\"@id\":\"https:\/\/www.estrategiaconcursos.com.br\/blog\/#organization\",\"name\":\"Estrat\u00e9gia Concursos\",\"url\":\"https:\/\/www.estrategiaconcursos.com.br\/blog\/\",\"logo\":{\"@type\":\"ImageObject\",\"inLanguage\":\"pt-BR\",\"@id\":\"https:\/\/www.estrategiaconcursos.com.br\/blog\/#\/schema\/logo\/image\/\",\"url\":\"https:\/\/dhg1h5j42swfq.cloudfront.net\/2025\/06\/03203428\/logo_concursos-1.jpg\",\"contentUrl\":\"https:\/\/dhg1h5j42swfq.cloudfront.net\/2025\/06\/03203428\/logo_concursos-1.jpg\",\"width\":230,\"height\":60,\"caption\":\"Estrat\u00e9gia Concursos\"},\"image\":{\"@id\":\"https:\/\/www.estrategiaconcursos.com.br\/blog\/#\/schema\/logo\/image\/\"},\"sameAs\":[\"https:\/\/x.com\/EstratConcursos\"]},{\"@type\":\"Person\",\"@id\":\"https:\/\/www.estrategiaconcursos.com.br\/blog\/#\/schema\/person\/b4a388c97673c5f483d72185668afa1f\",\"name\":\"Coordena\u00e7\u00e3o\",\"image\":{\"@type\":\"ImageObject\",\"inLanguage\":\"pt-BR\",\"@id\":\"https:\/\/secure.gravatar.com\/avatar\/b720319e4c9a967eb58678d110f4fe35452fc5d5f97b202bac7b8acceb18c6ad?s=96&d=mm&r=g\",\"url\":\"https:\/\/secure.gravatar.com\/avatar\/b720319e4c9a967eb58678d110f4fe35452fc5d5f97b202bac7b8acceb18c6ad?s=96&d=mm&r=g\",\"contentUrl\":\"https:\/\/secure.gravatar.com\/avatar\/b720319e4c9a967eb58678d110f4fe35452fc5d5f97b202bac7b8acceb18c6ad?s=96&d=mm&r=g\",\"caption\":\"Coordena\u00e7\u00e3o\"},\"sameAs\":[\"https:\/\/www.facebook.com\/EstrategiaConcursos\",\"https:\/\/x.com\/EstratConcursos\"],\"url\":\"https:\/\/www.estrategiaconcursos.com.br\/blog\/author\/estrategia2013\/\"}]}<\/script>\n<!-- \/ Yoast SEO Premium plugin. -->","yoast_head_json":{"title":"Estrat\u00e9gia nas Olimp\u00edadas: Estrat\u00e9gia Concursos apoia atleta convocado para as olimp\u00edadas Rio 2016","description":"O atleta ol\u00edmpico\u00a0da marcha atl\u00e9tica,\u00a0Jonathan Riekmann, poder\u00e1 contar com a parceria do Estrat\u00e9gia Concursos para um importe aux\u00edlio\u00a0em seu treinamento.","robots":{"index":"index","follow":"follow","max-snippet":"max-snippet:-1","max-image-preview":"max-image-preview:large","max-video-preview":"max-video-preview:-1"},"canonical":"https:\/\/www.estrategiaconcursos.com.br\/blog\/estrategia-nas-olimpiadas\/","og_locale":"pt_BR","og_type":"article","og_title":"Estrat\u00e9gia nas Olimp\u00edadas: Estrat\u00e9gia Concursos apoia atleta convocado para as olimp\u00edadas Rio 2016","og_description":"O atleta ol\u00edmpico\u00a0da marcha atl\u00e9tica,\u00a0Jonathan Riekmann, poder\u00e1 contar com a parceria do Estrat\u00e9gia Concursos para um importe aux\u00edlio\u00a0em seu treinamento.","og_url":"https:\/\/www.estrategiaconcursos.com.br\/blog\/estrategia-nas-olimpiadas\/","og_site_name":"Estrat\u00e9gia Concursos","article_author":"https:\/\/www.facebook.com\/EstrategiaConcursos","article_published_time":"2016-07-06T20:34:58+00:00","article_modified_time":"2022-11-04T14:22:14+00:00","og_image":[{"url":"https:\/\/www.estrategiaconcursos.com.br\/blog\/wp-content\/uploads\/2016\/07\/Estrategia-Nas-Olimpiadas-02-1024x544.png","type":"","width":"","height":""}],"author":"Coordena\u00e7\u00e3o","twitter_card":"summary_large_image","twitter_creator":"@EstratConcursos","twitter_site":"@EstratConcursos","twitter_misc":{"Escrito por":"Coordena\u00e7\u00e3o","Est. tempo de leitura":"3 minutos"},"schema":{"@context":"https:\/\/schema.org","@graph":[{"@type":"NewsArticle","@id":"https:\/\/www.estrategiaconcursos.com.br\/blog\/estrategia-nas-olimpiadas\/#article","isPartOf":{"@id":"https:\/\/www.estrategiaconcursos.com.br\/blog\/estrategia-nas-olimpiadas\/"},"author":{"name":"Coordena\u00e7\u00e3o","@id":"https:\/\/www.estrategiaconcursos.com.br\/blog\/#\/schema\/person\/b4a388c97673c5f483d72185668afa1f"},"headline":"Estrat\u00e9gia nas Olimp\u00edadas: Estrat\u00e9gia Concursos apoia atleta convocado para as olimp\u00edadas Rio 2016","datePublished":"2016-07-06T20:34:58+00:00","dateModified":"2022-11-04T14:22:14+00:00","mainEntityOfPage":{"@id":"https:\/\/www.estrategiaconcursos.com.br\/blog\/estrategia-nas-olimpiadas\/"},"wordCount":552,"commentCount":5,"publisher":{"@id":"https:\/\/www.estrategiaconcursos.com.br\/blog\/#organization"},"image":{"@id":"https:\/\/www.estrategiaconcursos.com.br\/blog\/estrategia-nas-olimpiadas\/#primaryimage"},"thumbnailUrl":"https:\/\/www.estrategiaconcursos.com.br\/blog\/wp-content\/uploads\/2016\/07\/Estrategia-Nas-Olimpiadas-02-1024x544.png","articleSection":["Concursos P\u00fablicos"],"inLanguage":"pt-BR","potentialAction":[{"@type":"CommentAction","name":"Comment","target":["https:\/\/www.estrategiaconcursos.com.br\/blog\/estrategia-nas-olimpiadas\/#respond"]}],"copyrightYear":"2016","copyrightHolder":{"@id":"https:\/\/www.estrategiaconcursos.com.br\/blog\/#organization"}},{"@type":"WebPage","@id":"https:\/\/www.estrategiaconcursos.com.br\/blog\/estrategia-nas-olimpiadas\/","url":"https:\/\/www.estrategiaconcursos.com.br\/blog\/estrategia-nas-olimpiadas\/","name":"Estrat\u00e9gia nas Olimp\u00edadas: Estrat\u00e9gia Concursos apoia atleta convocado para as olimp\u00edadas Rio 2016","isPartOf":{"@id":"https:\/\/www.estrategiaconcursos.com.br\/blog\/#website"},"primaryImageOfPage":{"@id":"https:\/\/www.estrategiaconcursos.com.br\/blog\/estrategia-nas-olimpiadas\/#primaryimage"},"image":{"@id":"https:\/\/www.estrategiaconcursos.com.br\/blog\/estrategia-nas-olimpiadas\/#primaryimage"},"thumbnailUrl":"https:\/\/www.estrategiaconcursos.com.br\/blog\/wp-content\/uploads\/2016\/07\/Estrategia-Nas-Olimpiadas-02-1024x544.png","datePublished":"2016-07-06T20:34:58+00:00","dateModified":"2022-11-04T14:22:14+00:00","description":"O atleta ol\u00edmpico\u00a0da marcha atl\u00e9tica,\u00a0Jonathan Riekmann, poder\u00e1 contar com a parceria do Estrat\u00e9gia Concursos para um importe aux\u00edlio\u00a0em seu treinamento.","breadcrumb":{"@id":"https:\/\/www.estrategiaconcursos.com.br\/blog\/estrategia-nas-olimpiadas\/#breadcrumb"},"inLanguage":"pt-BR","potentialAction":[{"@type":"ReadAction","target":["https:\/\/www.estrategiaconcursos.com.br\/blog\/estrategia-nas-olimpiadas\/"]}]},{"@type":"ImageObject","inLanguage":"pt-BR","@id":"https:\/\/www.estrategiaconcursos.com.br\/blog\/estrategia-nas-olimpiadas\/#primaryimage","url":"https:\/\/dhg1h5j42swfq.cloudfront.net\/2016\/07\/06143432\/Estrategia-Nas-Olimpiadas-02.png","contentUrl":"https:\/\/dhg1h5j42swfq.cloudfront.net\/2016\/07\/06143432\/Estrategia-Nas-Olimpiadas-02.png","width":3508,"height":1863,"caption":"Olimp\u00edadas x Concurso P\u00fablico"},{"@type":"BreadcrumbList","@id":"https:\/\/www.estrategiaconcursos.com.br\/blog\/estrategia-nas-olimpiadas\/#breadcrumb","itemListElement":[{"@type":"ListItem","position":1,"name":"In\u00edcio","item":"https:\/\/www.estrategiaconcursos.com.br\/blog\/"},{"@type":"ListItem","position":2,"name":"Estrat\u00e9gia nas Olimp\u00edadas: Estrat\u00e9gia Concursos apoia atleta convocado para as olimp\u00edadas Rio 2016"}]},{"@type":"WebSite","@id":"https:\/\/www.estrategiaconcursos.com.br\/blog\/#website","url":"https:\/\/www.estrategiaconcursos.com.br\/blog\/","name":"Estrat\u00e9gia Concursos","description":"O blog da Estrat\u00e9gia Concursos traz not\u00edcias sobre concursos e artigos de professores oferecendo cursos para concursos (pdf + videaulas) no site.","publisher":{"@id":"https:\/\/www.estrategiaconcursos.com.br\/blog\/#organization"},"potentialAction":[{"@type":"SearchAction","target":{"@type":"EntryPoint","urlTemplate":"https:\/\/www.estrategiaconcursos.com.br\/blog\/?s={search_term_string}"},"query-input":{"@type":"PropertyValueSpecification","valueRequired":true,"valueName":"search_term_string"}}],"inLanguage":"pt-BR"},{"@type":"Organization","@id":"https:\/\/www.estrategiaconcursos.com.br\/blog\/#organization","name":"Estrat\u00e9gia Concursos","url":"https:\/\/www.estrategiaconcursos.com.br\/blog\/","logo":{"@type":"ImageObject","inLanguage":"pt-BR","@id":"https:\/\/www.estrategiaconcursos.com.br\/blog\/#\/schema\/logo\/image\/","url":"https:\/\/dhg1h5j42swfq.cloudfront.net\/2025\/06\/03203428\/logo_concursos-1.jpg","contentUrl":"https:\/\/dhg1h5j42swfq.cloudfront.net\/2025\/06\/03203428\/logo_concursos-1.jpg","width":230,"height":60,"caption":"Estrat\u00e9gia Concursos"},"image":{"@id":"https:\/\/www.estrategiaconcursos.com.br\/blog\/#\/schema\/logo\/image\/"},"sameAs":["https:\/\/x.com\/EstratConcursos"]},{"@type":"Person","@id":"https:\/\/www.estrategiaconcursos.com.br\/blog\/#\/schema\/person\/b4a388c97673c5f483d72185668afa1f","name":"Coordena\u00e7\u00e3o","image":{"@type":"ImageObject","inLanguage":"pt-BR","@id":"https:\/\/secure.gravatar.com\/avatar\/b720319e4c9a967eb58678d110f4fe35452fc5d5f97b202bac7b8acceb18c6ad?s=96&d=mm&r=g","url":"https:\/\/secure.gravatar.com\/avatar\/b720319e4c9a967eb58678d110f4fe35452fc5d5f97b202bac7b8acceb18c6ad?s=96&d=mm&r=g","contentUrl":"https:\/\/secure.gravatar.com\/avatar\/b720319e4c9a967eb58678d110f4fe35452fc5d5f97b202bac7b8acceb18c6ad?s=96&d=mm&r=g","caption":"Coordena\u00e7\u00e3o"},"sameAs":["https:\/\/www.facebook.com\/EstrategiaConcursos","https:\/\/x.com\/EstratConcursos"],"url":"https:\/\/www.estrategiaconcursos.com.br\/blog\/author\/estrategia2013\/"}]}},"_links":{"self":[{"href":"https:\/\/www.estrategiaconcursos.com.br\/blog\/wp-json\/wp\/v2\/posts\/43043","targetHints":{"allow":["GET"]}}],"collection":[{"href":"https:\/\/www.estrategiaconcursos.com.br\/blog\/wp-json\/wp\/v2\/posts"}],"about":[{"href":"https:\/\/www.estrategiaconcursos.com.br\/blog\/wp-json\/wp\/v2\/types\/post"}],"author":[{"embeddable":true,"href":"https:\/\/www.estrategiaconcursos.com.br\/blog\/wp-json\/wp\/v2\/users\/1"}],"replies":[{"embeddable":true,"href":"https:\/\/www.estrategiaconcursos.com.br\/blog\/wp-json\/wp\/v2\/comments?post=43043"}],"version-history":[{"count":8,"href":"https:\/\/www.estrategiaconcursos.com.br\/blog\/wp-json\/wp\/v2\/posts\/43043\/revisions"}],"predecessor-version":[{"id":1119761,"href":"https:\/\/www.estrategiaconcursos.com.br\/blog\/wp-json\/wp\/v2\/posts\/43043\/revisions\/1119761"}],"wp:attachment":[{"href":"https:\/\/www.estrategiaconcursos.com.br\/blog\/wp-json\/wp\/v2\/media?parent=43043"}],"wp:term":[{"taxonomy":"category","embeddable":true,"href":"https:\/\/www.estrategiaconcursos.com.br\/blog\/wp-json\/wp\/v2\/categories?post=43043"},{"taxonomy":"post_tag","embeddable":true,"href":"https:\/\/www.estrategiaconcursos.com.br\/blog\/wp-json\/wp\/v2\/tags?post=43043"},{"taxonomy":"tax_estado","embeddable":true,"href":"https:\/\/www.estrategiaconcursos.com.br\/blog\/wp-json\/wp\/v2\/tax_estado?post=43043"}],"curies":[{"name":"wp","href":"https:\/\/api.w.org\/{rel}","templated":true}]}}