{"id":430284,"date":"2019-10-04T11:23:18","date_gmt":"2019-10-04T14:23:18","guid":{"rendered":"https:\/\/www.estrategiaconcursos.com.br\/blog\/?p=430284"},"modified":"2023-06-20T10:01:41","modified_gmt":"2023-06-20T13:01:41","slug":"concurso-prefeitura-de-uberlandia-nova-retificacao-altera-prova-pratica","status":"publish","type":"post","link":"https:\/\/www.estrategiaconcursos.com.br\/blog\/concurso-prefeitura-de-uberlandia-nova-retificacao-altera-prova-pratica\/","title":{"rendered":"Concurso Prefeitura de Uberl\u00e2ndia: nova retifica\u00e7\u00e3o altera prova pr\u00e1tica"},"content":{"rendered":"\n<p>Nesta \u00faltima quinta-feira, 4 de outubro, foi publicada a <strong>segunda retifica\u00e7\u00e3o<\/strong> do edital do <em>concurso p\u00fablico da Prefeitura Municipal de Uberl\u00e2ndia<\/em>. Desta vez, a altera\u00e7\u00e3o foi realizada nos crit\u00e9rios de avalia\u00e7\u00e3o da Prova Pr\u00e1tica do cargo de M\u00fasico Regente.<\/p>\n\n\n\n<p>Com isso, a descri\u00e7\u00e3o da prova fica da seguinte forma:<\/p>\n\n\n\n<ul class=\"wp-block-list\">\n<li><strong>1. <\/strong>Reg\u00eancia do segundo movimento, Andante, da Sinfonia n. 1, em d\u00f3 maior, opus 21, de Ludwig van Beethoven (transcri\u00e7\u00e3o e arranjo para banda sinf\u00f4nica de RICHARD SMITH). <br \/><strong>Observa\u00e7\u00e3o<\/strong>: O candidato reger\u00e1 Banda Sinf\u00f4nica (a partitura estar\u00e1 acess\u00edvel no site da banca Fundep &#8211; Gest\u00e3o de Concursos). <\/li>\n<\/ul>\n\n\n\n<ul class=\"wp-block-list\">\n<li><strong>2. <\/strong>Leitura \u00e0 primeira vista, no instrumento do candidato, de uma melodia (partitura) proposta no momento da prova pela banca avaliadora. <br \/><strong>Observa\u00e7\u00f5es<\/strong>: Cada candidato dever\u00e1 levar o seu pr\u00f3prio instrumento, excetuando-se candidatos pianistas, para os quais haver\u00e1 um piano dispon\u00edvel. Cada candidato ter\u00e1 at\u00e9 1 minuto para analisar a partitura, devendo execut\u00e1-la em seguida. <\/li>\n<\/ul>\n\n\n\n<ul class=\"wp-block-list\">\n<li><strong>3. <\/strong>Performance de uma pe\u00e7a de livre escolha no instrumento musical de dom\u00ednio do candidato (pe\u00e7a \u00e0 escolha do candidato). <br \/><strong>Observa\u00e7\u00f5es<\/strong>: Cada candidato dever\u00e1 levar o seu pr\u00f3prio instrumento, excetuando-se candidatos pianistas, para os quais haver\u00e1 um piano dispon\u00edvel. O candidato dever\u00e1 levar 2 c\u00f3pias da partitura para a banca examinadora.<\/li>\n<\/ul>\n\n\n\n<figure class=\"wp-block-image aligncenter\"><img loading=\"lazy\" decoding=\"async\" width=\"883\" height=\"435\" src=\"https:\/\/dhg1h5j42swfq.cloudfront.net\/2019\/10\/04111704\/image32.png\" alt=\"\" class=\"wp-image-430305\" srcset=\"https:\/\/dhg1h5j42swfq.cloudfront.net\/2019\/10\/04111704\/image32.png 883w, https:\/\/dhg1h5j42swfq.cloudfront.net\/2019\/10\/04111704\/image32.png 300w, https:\/\/dhg1h5j42swfq.cloudfront.net\/2019\/10\/04111704\/image32.png 768w, https:\/\/dhg1h5j42swfq.cloudfront.net\/2019\/10\/04111704\/image32.png 610w\" sizes=\"auto, (max-width: 883px) 100vw, 883px\" \/><\/figure>\n\n\n\n<p>O concurso da Prefeitura oferta <strong>mais de 1.700 vagas<\/strong> imediatas e forma\u00e7\u00e3o de cadastro de reserva, distribu\u00eddas entre cargos de n\u00edvel fundamental, m\u00e9dio e superior. As <em>inscri\u00e7\u00f5es <\/em>podem ser realizadas <strong>at\u00e9 11 de outubro<\/strong>, com taxas que variam de R$ 50 a R$ 100.<\/p>\n\n\n\n<hr class=\"wp-block-separator has-css-opacity\"\/>\n\n\n\n<p class=\"has-text-align-center has-very-light-gray-background-color has-background\" style=\"font-size:clamp(14.642px, 0.915rem + ((1vw - 3.2px) * 0.721), 22px);px\"><strong>Saiba mais: <\/strong><a rel=\"noreferrer noopener\" aria-label=\"Concurso Prefeitura de Uberl\u00e2ndia (abre numa nova aba)\" href=\"https:\/\/www.estrategiaconcursos.com.br\/blog\/concurso-prefeitura-de-uberlandia\/\" target=\"_blank\"><strong>Concurso Prefeitura de Uberl\u00e2ndia<\/strong><\/a><\/p>\n\n\n\n<p class=\"has-text-align-center has-light-green-cyan-background-color has-background\" style=\"font-size:clamp(14.642px, 0.915rem + ((1vw - 3.2px) * 0.721), 22px);px\"><strong><a rel=\"noreferrer noopener\" href=\"https:\/\/www.estrategiaconcursos.com.br\/cursosPorConcurso\/prefeitura-de-uberlandia\/\" target=\"_blank\">Cursos Prefeitura de Uberl\u00e2ndia<\/a><\/strong><\/p>\n\n\n\n<p class=\"has-text-align-center has-medium-font-size\"><em><strong>Assinatura Anual Ilimitada*<\/strong><\/em><\/p>\n\n\n\n<p class=\"has-text-align-center\"><em>Prepare-se com o melhor material e com quem mais aprova em Concursos P\u00fablicos em todo o pa\u00eds. Assine agora a nossa Assinatura Anual e tenha acesso ilimitado* a todos os nossos cursos.<\/em><\/p>\n\n\n\n<p class=\"has-text-align-center has-luminous-vivid-amber-background-color has-background\" style=\"font-size:clamp(14.642px, 0.915rem + ((1vw - 3.2px) * 0.721), 22px);px\"><strong>ASSINE AGORA<\/strong>&nbsp;\u2013&nbsp;<a rel=\"noreferrer noopener\" href=\"https:\/\/www.estrategiaconcursos.com.br\/assinaturas\" target=\"_blank\"><strong>Assinatura Ilimitada<\/strong><\/a><\/p>\n\n\n\n<p class=\"has-text-align-center has-medium-font-size\"><em><strong>Fique por dentro de todos os concursos<\/strong><\/em><\/p>\n\n\n\n<p class=\"has-text-align-center has-pale-cyan-blue-background-color has-background\" style=\"font-size:clamp(14.642px, 0.915rem + ((1vw - 3.2px) * 0.721), 22px);px\"><a href=\"https:\/\/www.estrategiaconcursos.com.br\/blog\/concursos-abertos\/\" target=\"_blank\" rel=\"noreferrer noopener\"><strong>CONCURSOS ABERTOS<\/strong><\/a><\/p>\n","protected":false},"excerpt":{"rendered":"<p>Nesta \u00faltima quinta-feira, 4 de outubro, foi publicada a segunda retifica\u00e7\u00e3o do edital do concurso p\u00fablico da Prefeitura Municipal de Uberl\u00e2ndia. Desta vez, a altera\u00e7\u00e3o foi realizada nos crit\u00e9rios de avalia\u00e7\u00e3o da Prova Pr\u00e1tica do cargo de M\u00fasico Regente. Com isso, a descri\u00e7\u00e3o da prova fica da seguinte forma: O concurso da Prefeitura oferta mais [&hellip;]<\/p>\n","protected":false},"author":254,"featured_media":430308,"comment_status":"open","ping_status":"closed","sticky":false,"template":"","format":"standard","meta":{"post_tipo":"article","footnotes":""},"categories":[1],"tags":[],"tax_estado":[],"class_list":["post-430284","post","type-post","status-publish","format-standard","has-post-thumbnail","hentry","category-cursos-e-concursos"],"acf":[],"yoast_head":"<!-- This site is optimized with the Yoast SEO Premium plugin v27.2 (Yoast SEO v27.2) - https:\/\/yoast.com\/product\/yoast-seo-premium-wordpress\/ -->\n<title>Concurso Prefeitura de Uberl\u00e2ndia: nova retifica\u00e7\u00e3o altera prova pr\u00e1tica<\/title>\n<meta name=\"robots\" content=\"index, follow, max-snippet:-1, max-image-preview:large, max-video-preview:-1\" \/>\n<link rel=\"canonical\" href=\"https:\/\/www.estrategiaconcursos.com.br\/blog\/concurso-prefeitura-de-uberlandia-nova-retificacao-altera-prova-pratica\/\" \/>\n<meta property=\"og:locale\" content=\"pt_BR\" \/>\n<meta property=\"og:type\" content=\"article\" \/>\n<meta property=\"og:title\" content=\"Concurso Prefeitura de Uberl\u00e2ndia: nova retifica\u00e7\u00e3o altera prova pr\u00e1tica\" \/>\n<meta property=\"og:description\" content=\"Nesta \u00faltima quinta-feira, 4 de outubro, foi publicada a segunda retifica\u00e7\u00e3o do edital do concurso p\u00fablico da Prefeitura Municipal de Uberl\u00e2ndia. Desta vez, a altera\u00e7\u00e3o foi realizada nos crit\u00e9rios de avalia\u00e7\u00e3o da Prova Pr\u00e1tica do cargo de M\u00fasico Regente. Com isso, a descri\u00e7\u00e3o da prova fica da seguinte forma: O concurso da Prefeitura oferta mais [&hellip;]\" \/>\n<meta property=\"og:url\" content=\"https:\/\/www.estrategiaconcursos.com.br\/blog\/concurso-prefeitura-de-uberlandia-nova-retificacao-altera-prova-pratica\/\" \/>\n<meta property=\"og:site_name\" content=\"Estrat\u00e9gia Concursos\" \/>\n<meta property=\"article:published_time\" content=\"2019-10-04T14:23:18+00:00\" \/>\n<meta property=\"article:modified_time\" content=\"2023-06-20T13:01:41+00:00\" \/>\n<meta property=\"og:image\" content=\"https:\/\/dhg1h5j42swfq.cloudfront.net\/2019\/10\/04112222\/prefeitura-municipal-de-uberlandia-mg.png\" \/>\n\t<meta property=\"og:image:width\" content=\"990\" \/>\n\t<meta property=\"og:image:height\" content=\"774\" \/>\n\t<meta property=\"og:image:type\" content=\"image\/png\" \/>\n<meta name=\"author\" content=\"Carlos Roberto Correa\" \/>\n<meta name=\"twitter:card\" content=\"summary_large_image\" \/>\n<meta name=\"twitter:creator\" content=\"@EstratConcursos\" \/>\n<meta name=\"twitter:site\" content=\"@EstratConcursos\" \/>\n<meta name=\"twitter:label1\" content=\"Escrito por\" \/>\n\t<meta name=\"twitter:data1\" content=\"Carlos Roberto Correa\" \/>\n\t<meta name=\"twitter:label2\" content=\"Est. tempo de leitura\" \/>\n\t<meta name=\"twitter:data2\" content=\"2 minutos\" \/>\n<script type=\"application\/ld+json\" class=\"yoast-schema-graph\">{\"@context\":\"https:\/\/schema.org\",\"@graph\":[{\"@type\":\"NewsArticle\",\"@id\":\"https:\/\/www.estrategiaconcursos.com.br\/blog\/concurso-prefeitura-de-uberlandia-nova-retificacao-altera-prova-pratica\/#article\",\"isPartOf\":{\"@id\":\"https:\/\/www.estrategiaconcursos.com.br\/blog\/concurso-prefeitura-de-uberlandia-nova-retificacao-altera-prova-pratica\/\"},\"author\":{\"name\":\"Carlos Roberto Correa\",\"@id\":\"https:\/\/www.estrategiaconcursos.com.br\/blog\/#\/schema\/person\/b04f52b4e46b9c2763b237dc0302b7a7\"},\"headline\":\"Concurso Prefeitura de Uberl\u00e2ndia: nova retifica\u00e7\u00e3o altera prova pr\u00e1tica\",\"datePublished\":\"2019-10-04T14:23:18+00:00\",\"dateModified\":\"2023-06-20T13:01:41+00:00\",\"mainEntityOfPage\":{\"@id\":\"https:\/\/www.estrategiaconcursos.com.br\/blog\/concurso-prefeitura-de-uberlandia-nova-retificacao-altera-prova-pratica\/\"},\"wordCount\":339,\"commentCount\":0,\"publisher\":{\"@id\":\"https:\/\/www.estrategiaconcursos.com.br\/blog\/#organization\"},\"image\":{\"@id\":\"https:\/\/www.estrategiaconcursos.com.br\/blog\/concurso-prefeitura-de-uberlandia-nova-retificacao-altera-prova-pratica\/#primaryimage\"},\"thumbnailUrl\":\"https:\/\/dhg1h5j42swfq.cloudfront.net\/2019\/10\/04112222\/prefeitura-municipal-de-uberlandia-mg.png\",\"articleSection\":[\"Concursos P\u00fablicos\"],\"inLanguage\":\"pt-BR\",\"potentialAction\":[{\"@type\":\"CommentAction\",\"name\":\"Comment\",\"target\":[\"https:\/\/www.estrategiaconcursos.com.br\/blog\/concurso-prefeitura-de-uberlandia-nova-retificacao-altera-prova-pratica\/#respond\"]}],\"copyrightYear\":\"2019\",\"copyrightHolder\":{\"@id\":\"https:\/\/www.estrategiaconcursos.com.br\/blog\/#organization\"}},{\"@type\":\"WebPage\",\"@id\":\"https:\/\/www.estrategiaconcursos.com.br\/blog\/concurso-prefeitura-de-uberlandia-nova-retificacao-altera-prova-pratica\/\",\"url\":\"https:\/\/www.estrategiaconcursos.com.br\/blog\/concurso-prefeitura-de-uberlandia-nova-retificacao-altera-prova-pratica\/\",\"name\":\"Concurso Prefeitura de Uberl\u00e2ndia: nova retifica\u00e7\u00e3o altera prova pr\u00e1tica\",\"isPartOf\":{\"@id\":\"https:\/\/www.estrategiaconcursos.com.br\/blog\/#website\"},\"primaryImageOfPage\":{\"@id\":\"https:\/\/www.estrategiaconcursos.com.br\/blog\/concurso-prefeitura-de-uberlandia-nova-retificacao-altera-prova-pratica\/#primaryimage\"},\"image\":{\"@id\":\"https:\/\/www.estrategiaconcursos.com.br\/blog\/concurso-prefeitura-de-uberlandia-nova-retificacao-altera-prova-pratica\/#primaryimage\"},\"thumbnailUrl\":\"https:\/\/dhg1h5j42swfq.cloudfront.net\/2019\/10\/04112222\/prefeitura-municipal-de-uberlandia-mg.png\",\"datePublished\":\"2019-10-04T14:23:18+00:00\",\"dateModified\":\"2023-06-20T13:01:41+00:00\",\"breadcrumb\":{\"@id\":\"https:\/\/www.estrategiaconcursos.com.br\/blog\/concurso-prefeitura-de-uberlandia-nova-retificacao-altera-prova-pratica\/#breadcrumb\"},\"inLanguage\":\"pt-BR\",\"potentialAction\":[{\"@type\":\"ReadAction\",\"target\":[\"https:\/\/www.estrategiaconcursos.com.br\/blog\/concurso-prefeitura-de-uberlandia-nova-retificacao-altera-prova-pratica\/\"]}]},{\"@type\":\"ImageObject\",\"inLanguage\":\"pt-BR\",\"@id\":\"https:\/\/www.estrategiaconcursos.com.br\/blog\/concurso-prefeitura-de-uberlandia-nova-retificacao-altera-prova-pratica\/#primaryimage\",\"url\":\"https:\/\/dhg1h5j42swfq.cloudfront.net\/2019\/10\/04112222\/prefeitura-municipal-de-uberlandia-mg.png\",\"contentUrl\":\"https:\/\/dhg1h5j42swfq.cloudfront.net\/2019\/10\/04112222\/prefeitura-municipal-de-uberlandia-mg.png\",\"width\":990,\"height\":774,\"caption\":\"prefeitura-municipal-de-uberlandia-mg\"},{\"@type\":\"BreadcrumbList\",\"@id\":\"https:\/\/www.estrategiaconcursos.com.br\/blog\/concurso-prefeitura-de-uberlandia-nova-retificacao-altera-prova-pratica\/#breadcrumb\",\"itemListElement\":[{\"@type\":\"ListItem\",\"position\":1,\"name\":\"In\u00edcio\",\"item\":\"https:\/\/www.estrategiaconcursos.com.br\/blog\/\"},{\"@type\":\"ListItem\",\"position\":2,\"name\":\"Concurso Prefeitura de Uberl\u00e2ndia: nova retifica\u00e7\u00e3o altera prova pr\u00e1tica\"}]},{\"@type\":\"WebSite\",\"@id\":\"https:\/\/www.estrategiaconcursos.com.br\/blog\/#website\",\"url\":\"https:\/\/www.estrategiaconcursos.com.br\/blog\/\",\"name\":\"Estrat\u00e9gia Concursos\",\"description\":\"O blog da Estrat\u00e9gia Concursos traz not\u00edcias sobre concursos e artigos de professores oferecendo cursos para concursos (pdf + videaulas) no site.\",\"publisher\":{\"@id\":\"https:\/\/www.estrategiaconcursos.com.br\/blog\/#organization\"},\"potentialAction\":[{\"@type\":\"SearchAction\",\"target\":{\"@type\":\"EntryPoint\",\"urlTemplate\":\"https:\/\/www.estrategiaconcursos.com.br\/blog\/?s={search_term_string}\"},\"query-input\":{\"@type\":\"PropertyValueSpecification\",\"valueRequired\":true,\"valueName\":\"search_term_string\"}}],\"inLanguage\":\"pt-BR\"},{\"@type\":\"Organization\",\"@id\":\"https:\/\/www.estrategiaconcursos.com.br\/blog\/#organization\",\"name\":\"Estrat\u00e9gia Concursos\",\"url\":\"https:\/\/www.estrategiaconcursos.com.br\/blog\/\",\"logo\":{\"@type\":\"ImageObject\",\"inLanguage\":\"pt-BR\",\"@id\":\"https:\/\/www.estrategiaconcursos.com.br\/blog\/#\/schema\/logo\/image\/\",\"url\":\"https:\/\/dhg1h5j42swfq.cloudfront.net\/2025\/06\/03203428\/logo_concursos-1.jpg\",\"contentUrl\":\"https:\/\/dhg1h5j42swfq.cloudfront.net\/2025\/06\/03203428\/logo_concursos-1.jpg\",\"width\":230,\"height\":60,\"caption\":\"Estrat\u00e9gia Concursos\"},\"image\":{\"@id\":\"https:\/\/www.estrategiaconcursos.com.br\/blog\/#\/schema\/logo\/image\/\"},\"sameAs\":[\"https:\/\/x.com\/EstratConcursos\"]},{\"@type\":\"Person\",\"@id\":\"https:\/\/www.estrategiaconcursos.com.br\/blog\/#\/schema\/person\/b04f52b4e46b9c2763b237dc0302b7a7\",\"name\":\"Carlos Roberto Correa\",\"image\":{\"@type\":\"ImageObject\",\"inLanguage\":\"pt-BR\",\"@id\":\"https:\/\/secure.gravatar.com\/avatar\/f4b738aef9d1cc2c2cfd779e48e5b0dee98cb28b76e015eb2f1d475ca568f24a?s=96&d=mm&r=g\",\"url\":\"https:\/\/secure.gravatar.com\/avatar\/f4b738aef9d1cc2c2cfd779e48e5b0dee98cb28b76e015eb2f1d475ca568f24a?s=96&d=mm&r=g\",\"contentUrl\":\"https:\/\/secure.gravatar.com\/avatar\/f4b738aef9d1cc2c2cfd779e48e5b0dee98cb28b76e015eb2f1d475ca568f24a?s=96&d=mm&r=g\",\"caption\":\"Carlos Roberto Correa\"},\"url\":\"https:\/\/www.estrategiaconcursos.com.br\/blog\/author\/carlosrobertoestrategiaconcursos-com-br\/\"}]}<\/script>\n<!-- \/ Yoast SEO Premium plugin. -->","yoast_head_json":{"title":"Concurso Prefeitura de Uberl\u00e2ndia: nova retifica\u00e7\u00e3o altera prova pr\u00e1tica","robots":{"index":"index","follow":"follow","max-snippet":"max-snippet:-1","max-image-preview":"max-image-preview:large","max-video-preview":"max-video-preview:-1"},"canonical":"https:\/\/www.estrategiaconcursos.com.br\/blog\/concurso-prefeitura-de-uberlandia-nova-retificacao-altera-prova-pratica\/","og_locale":"pt_BR","og_type":"article","og_title":"Concurso Prefeitura de Uberl\u00e2ndia: nova retifica\u00e7\u00e3o altera prova pr\u00e1tica","og_description":"Nesta \u00faltima quinta-feira, 4 de outubro, foi publicada a segunda retifica\u00e7\u00e3o do edital do concurso p\u00fablico da Prefeitura Municipal de Uberl\u00e2ndia. Desta vez, a altera\u00e7\u00e3o foi realizada nos crit\u00e9rios de avalia\u00e7\u00e3o da Prova Pr\u00e1tica do cargo de M\u00fasico Regente. Com isso, a descri\u00e7\u00e3o da prova fica da seguinte forma: O concurso da Prefeitura oferta mais [&hellip;]","og_url":"https:\/\/www.estrategiaconcursos.com.br\/blog\/concurso-prefeitura-de-uberlandia-nova-retificacao-altera-prova-pratica\/","og_site_name":"Estrat\u00e9gia Concursos","article_published_time":"2019-10-04T14:23:18+00:00","article_modified_time":"2023-06-20T13:01:41+00:00","og_image":[{"width":990,"height":774,"url":"https:\/\/dhg1h5j42swfq.cloudfront.net\/2019\/10\/04112222\/prefeitura-municipal-de-uberlandia-mg.png","type":"image\/png"}],"author":"Carlos Roberto Correa","twitter_card":"summary_large_image","twitter_creator":"@EstratConcursos","twitter_site":"@EstratConcursos","twitter_misc":{"Escrito por":"Carlos Roberto Correa","Est. tempo de leitura":"2 minutos"},"schema":{"@context":"https:\/\/schema.org","@graph":[{"@type":"NewsArticle","@id":"https:\/\/www.estrategiaconcursos.com.br\/blog\/concurso-prefeitura-de-uberlandia-nova-retificacao-altera-prova-pratica\/#article","isPartOf":{"@id":"https:\/\/www.estrategiaconcursos.com.br\/blog\/concurso-prefeitura-de-uberlandia-nova-retificacao-altera-prova-pratica\/"},"author":{"name":"Carlos Roberto Correa","@id":"https:\/\/www.estrategiaconcursos.com.br\/blog\/#\/schema\/person\/b04f52b4e46b9c2763b237dc0302b7a7"},"headline":"Concurso Prefeitura de Uberl\u00e2ndia: nova retifica\u00e7\u00e3o altera prova pr\u00e1tica","datePublished":"2019-10-04T14:23:18+00:00","dateModified":"2023-06-20T13:01:41+00:00","mainEntityOfPage":{"@id":"https:\/\/www.estrategiaconcursos.com.br\/blog\/concurso-prefeitura-de-uberlandia-nova-retificacao-altera-prova-pratica\/"},"wordCount":339,"commentCount":0,"publisher":{"@id":"https:\/\/www.estrategiaconcursos.com.br\/blog\/#organization"},"image":{"@id":"https:\/\/www.estrategiaconcursos.com.br\/blog\/concurso-prefeitura-de-uberlandia-nova-retificacao-altera-prova-pratica\/#primaryimage"},"thumbnailUrl":"https:\/\/dhg1h5j42swfq.cloudfront.net\/2019\/10\/04112222\/prefeitura-municipal-de-uberlandia-mg.png","articleSection":["Concursos P\u00fablicos"],"inLanguage":"pt-BR","potentialAction":[{"@type":"CommentAction","name":"Comment","target":["https:\/\/www.estrategiaconcursos.com.br\/blog\/concurso-prefeitura-de-uberlandia-nova-retificacao-altera-prova-pratica\/#respond"]}],"copyrightYear":"2019","copyrightHolder":{"@id":"https:\/\/www.estrategiaconcursos.com.br\/blog\/#organization"}},{"@type":"WebPage","@id":"https:\/\/www.estrategiaconcursos.com.br\/blog\/concurso-prefeitura-de-uberlandia-nova-retificacao-altera-prova-pratica\/","url":"https:\/\/www.estrategiaconcursos.com.br\/blog\/concurso-prefeitura-de-uberlandia-nova-retificacao-altera-prova-pratica\/","name":"Concurso Prefeitura de Uberl\u00e2ndia: nova retifica\u00e7\u00e3o altera prova pr\u00e1tica","isPartOf":{"@id":"https:\/\/www.estrategiaconcursos.com.br\/blog\/#website"},"primaryImageOfPage":{"@id":"https:\/\/www.estrategiaconcursos.com.br\/blog\/concurso-prefeitura-de-uberlandia-nova-retificacao-altera-prova-pratica\/#primaryimage"},"image":{"@id":"https:\/\/www.estrategiaconcursos.com.br\/blog\/concurso-prefeitura-de-uberlandia-nova-retificacao-altera-prova-pratica\/#primaryimage"},"thumbnailUrl":"https:\/\/dhg1h5j42swfq.cloudfront.net\/2019\/10\/04112222\/prefeitura-municipal-de-uberlandia-mg.png","datePublished":"2019-10-04T14:23:18+00:00","dateModified":"2023-06-20T13:01:41+00:00","breadcrumb":{"@id":"https:\/\/www.estrategiaconcursos.com.br\/blog\/concurso-prefeitura-de-uberlandia-nova-retificacao-altera-prova-pratica\/#breadcrumb"},"inLanguage":"pt-BR","potentialAction":[{"@type":"ReadAction","target":["https:\/\/www.estrategiaconcursos.com.br\/blog\/concurso-prefeitura-de-uberlandia-nova-retificacao-altera-prova-pratica\/"]}]},{"@type":"ImageObject","inLanguage":"pt-BR","@id":"https:\/\/www.estrategiaconcursos.com.br\/blog\/concurso-prefeitura-de-uberlandia-nova-retificacao-altera-prova-pratica\/#primaryimage","url":"https:\/\/dhg1h5j42swfq.cloudfront.net\/2019\/10\/04112222\/prefeitura-municipal-de-uberlandia-mg.png","contentUrl":"https:\/\/dhg1h5j42swfq.cloudfront.net\/2019\/10\/04112222\/prefeitura-municipal-de-uberlandia-mg.png","width":990,"height":774,"caption":"prefeitura-municipal-de-uberlandia-mg"},{"@type":"BreadcrumbList","@id":"https:\/\/www.estrategiaconcursos.com.br\/blog\/concurso-prefeitura-de-uberlandia-nova-retificacao-altera-prova-pratica\/#breadcrumb","itemListElement":[{"@type":"ListItem","position":1,"name":"In\u00edcio","item":"https:\/\/www.estrategiaconcursos.com.br\/blog\/"},{"@type":"ListItem","position":2,"name":"Concurso Prefeitura de Uberl\u00e2ndia: nova retifica\u00e7\u00e3o altera prova pr\u00e1tica"}]},{"@type":"WebSite","@id":"https:\/\/www.estrategiaconcursos.com.br\/blog\/#website","url":"https:\/\/www.estrategiaconcursos.com.br\/blog\/","name":"Estrat\u00e9gia Concursos","description":"O blog da Estrat\u00e9gia Concursos traz not\u00edcias sobre concursos e artigos de professores oferecendo cursos para concursos (pdf + videaulas) no site.","publisher":{"@id":"https:\/\/www.estrategiaconcursos.com.br\/blog\/#organization"},"potentialAction":[{"@type":"SearchAction","target":{"@type":"EntryPoint","urlTemplate":"https:\/\/www.estrategiaconcursos.com.br\/blog\/?s={search_term_string}"},"query-input":{"@type":"PropertyValueSpecification","valueRequired":true,"valueName":"search_term_string"}}],"inLanguage":"pt-BR"},{"@type":"Organization","@id":"https:\/\/www.estrategiaconcursos.com.br\/blog\/#organization","name":"Estrat\u00e9gia Concursos","url":"https:\/\/www.estrategiaconcursos.com.br\/blog\/","logo":{"@type":"ImageObject","inLanguage":"pt-BR","@id":"https:\/\/www.estrategiaconcursos.com.br\/blog\/#\/schema\/logo\/image\/","url":"https:\/\/dhg1h5j42swfq.cloudfront.net\/2025\/06\/03203428\/logo_concursos-1.jpg","contentUrl":"https:\/\/dhg1h5j42swfq.cloudfront.net\/2025\/06\/03203428\/logo_concursos-1.jpg","width":230,"height":60,"caption":"Estrat\u00e9gia Concursos"},"image":{"@id":"https:\/\/www.estrategiaconcursos.com.br\/blog\/#\/schema\/logo\/image\/"},"sameAs":["https:\/\/x.com\/EstratConcursos"]},{"@type":"Person","@id":"https:\/\/www.estrategiaconcursos.com.br\/blog\/#\/schema\/person\/b04f52b4e46b9c2763b237dc0302b7a7","name":"Carlos Roberto Correa","image":{"@type":"ImageObject","inLanguage":"pt-BR","@id":"https:\/\/secure.gravatar.com\/avatar\/f4b738aef9d1cc2c2cfd779e48e5b0dee98cb28b76e015eb2f1d475ca568f24a?s=96&d=mm&r=g","url":"https:\/\/secure.gravatar.com\/avatar\/f4b738aef9d1cc2c2cfd779e48e5b0dee98cb28b76e015eb2f1d475ca568f24a?s=96&d=mm&r=g","contentUrl":"https:\/\/secure.gravatar.com\/avatar\/f4b738aef9d1cc2c2cfd779e48e5b0dee98cb28b76e015eb2f1d475ca568f24a?s=96&d=mm&r=g","caption":"Carlos Roberto Correa"},"url":"https:\/\/www.estrategiaconcursos.com.br\/blog\/author\/carlosrobertoestrategiaconcursos-com-br\/"}]}},"_links":{"self":[{"href":"https:\/\/www.estrategiaconcursos.com.br\/blog\/wp-json\/wp\/v2\/posts\/430284","targetHints":{"allow":["GET"]}}],"collection":[{"href":"https:\/\/www.estrategiaconcursos.com.br\/blog\/wp-json\/wp\/v2\/posts"}],"about":[{"href":"https:\/\/www.estrategiaconcursos.com.br\/blog\/wp-json\/wp\/v2\/types\/post"}],"author":[{"embeddable":true,"href":"https:\/\/www.estrategiaconcursos.com.br\/blog\/wp-json\/wp\/v2\/users\/254"}],"replies":[{"embeddable":true,"href":"https:\/\/www.estrategiaconcursos.com.br\/blog\/wp-json\/wp\/v2\/comments?post=430284"}],"version-history":[{"count":2,"href":"https:\/\/www.estrategiaconcursos.com.br\/blog\/wp-json\/wp\/v2\/posts\/430284\/revisions"}],"predecessor-version":[{"id":1235394,"href":"https:\/\/www.estrategiaconcursos.com.br\/blog\/wp-json\/wp\/v2\/posts\/430284\/revisions\/1235394"}],"wp:featuredmedia":[{"embeddable":true,"href":"https:\/\/www.estrategiaconcursos.com.br\/blog\/wp-json\/wp\/v2\/media\/430308"}],"wp:attachment":[{"href":"https:\/\/www.estrategiaconcursos.com.br\/blog\/wp-json\/wp\/v2\/media?parent=430284"}],"wp:term":[{"taxonomy":"category","embeddable":true,"href":"https:\/\/www.estrategiaconcursos.com.br\/blog\/wp-json\/wp\/v2\/categories?post=430284"},{"taxonomy":"post_tag","embeddable":true,"href":"https:\/\/www.estrategiaconcursos.com.br\/blog\/wp-json\/wp\/v2\/tags?post=430284"},{"taxonomy":"tax_estado","embeddable":true,"href":"https:\/\/www.estrategiaconcursos.com.br\/blog\/wp-json\/wp\/v2\/tax_estado?post=430284"}],"curies":[{"name":"wp","href":"https:\/\/api.w.org\/{rel}","templated":true}]}}