{"id":429714,"date":"2019-11-24T18:21:57","date_gmt":"2019-11-24T21:21:57","guid":{"rendered":"https:\/\/www.estrategiaconcursos.com.br\/blog\/?p=429714"},"modified":"2023-06-20T13:29:04","modified_gmt":"2023-06-20T16:29:04","slug":"concurso-saae-vilhena-ro","status":"publish","type":"post","link":"https:\/\/www.estrategiaconcursos.com.br\/blog\/concurso-saae-vilhena-ro\/","title":{"rendered":"Concurso SAAE Vilhena: vagas para fundamental m\u00e9dio e superior"},"content":{"rendered":"\n<h2 class=\"wp-block-heading\"><em>Inscri\u00e7\u00f5es do Concurso SAEE Vilhena est\u00e3o encerradas!<\/em><\/h2>\n\n\n\n<p>As inscri\u00e7\u00f5es do concurso p\u00fablico do <strong>Servi\u00e7o Aut\u00f4nomo de \u00c1guas e Esgotos de Vilhena<\/strong> &#8211; SAAE est\u00e3o oficialmente encerradas. Os interessados em participar puderam acessar o site da banca organizadora, o IBADE, at\u00e9 o dia<strong> 24 de novembro<\/strong>. <\/p>\n\n\n\n<p>Ao todo, s\u00e3o ofertadas <strong>tr\u00eas vagas imediatas mais cadastro de reserva<\/strong> para cargos de n\u00edvel fundamental incompleto, m\u00e9dio e superior. Al\u00e9m disso, as remunera\u00e7\u00f5es iniciais para os cargos podem variar conforme a escolaridade, entre R$ 1.126,00 a R$ 2.814,00 e jornada de trabalho de 40 horas semanais. <\/p>\n\n\n\n<p>Ao longo deste artigo voc\u00ea confere mais detalhes sobre o<strong><em> concurso SAAE Vilhena<\/em><\/strong> como distribui\u00e7\u00e3o das vagas, etapas do certame, disciplinas cobradas, entre outros.<\/p>\n\n\n\n<ul class=\"wp-block-list\">\n<li><strong><em><a href=\"#datas\">Principais datas<\/a><\/em><\/strong><\/li>\n\n\n\n<li><strong><em><a href=\"#cargos-ofertados\">Cargos ofertados<\/a><\/em><\/strong><\/li>\n\n\n\n<li><strong><em><a href=\"#etapas\">Etapas do concurso<\/a><\/em><\/strong><\/li>\n\n\n\n<li><strong><em><a href=\"#edital-estrategico\">Edital Estrat\u00e9gico<\/a><\/em><\/strong><\/li>\n\n\n\n<li><em><strong><a href=\"#assinatura-e-cursos\">Assinatura ilimitada e cursos<\/a><\/strong><\/em><\/li>\n<\/ul>\n\n\n\n<h2 class=\"wp-block-heading\" id=\"datas\"><strong>Principais datas do concurso SAAE Vilhena<\/strong><\/h2>\n\n\n\n<p class=\"has-very-light-gray-background-color has-background\"><strong>Inscri\u00e7\u00e3o<\/strong>: 16 de outubro a 24 de novembro [ENCERRADO]<br \/><strong>Isen\u00e7\u00e3o da taxa<\/strong>: 16 a 25 de outubro [ENCERRADO]<br \/><strong>Pagamento da taxa: <\/strong>at\u00e9 25 de novembro<br \/><strong>Prova<\/strong>: 22 de dezembro<\/p>\n\n\n\n<h2 class=\"wp-block-heading\" id=\"cargos-ofertados\">Cargos ofertados no concurso SAAE Vilhena<\/h2>\n\n\n\n<h3 class=\"wp-block-heading\"><strong>N\u00edvel fundamental incompleto<\/strong><\/h3>\n\n\n\n<figure class=\"wp-block-table is-style-stripes\"><table class=\"has-subtle-pale-blue-background-color has-background has-fixed-layout\"><tbody><tr><td><strong>Cargos<\/strong><\/td><td><strong>Vagas<\/strong><\/td><td><strong>Remunera\u00e7\u00e3o<\/strong><\/td><\/tr><tr><td>Motorista de Viaturas Pesadas <\/td><td>CR<\/td><td>R$ 1.126,00 <\/td><\/tr><\/tbody><\/table><\/figure>\n\n\n\n<h3 class=\"wp-block-heading\"><strong>N\u00edvel m\u00e9dio<\/strong><\/h3>\n\n\n\n<figure class=\"wp-block-table is-style-stripes\"><table class=\"has-subtle-pale-blue-background-color has-background has-fixed-layout\"><tbody><tr><td><strong>Cargos<\/strong><\/td><td><strong>Vagas<\/strong><\/td><td><strong>Remunera\u00e7\u00e3o<\/strong><\/td><\/tr><tr><td>Agente Administrativo<\/td><td>CR<\/td><td>R$ 1.150,00  <\/td><\/tr><tr><td>Eletromec\u00e2nico <\/td><td>CR<\/td><td>R$ 1.181,00 <\/td><\/tr><tr><td>Mec\u00e2nico Geral <\/td><td>CR<\/td><td>R$ 1.181,00  <\/td><\/tr><tr><td>Operador de M\u00e1quinas Pesadas <\/td><td>CR<\/td><td>R$ 1.150,00  <\/td><\/tr><tr><td>T\u00e9cnico em Eletricidade<\/td><td>CR<\/td><td>R$ 1.150,00  <\/td><\/tr><\/tbody><\/table><\/figure>\n\n\n\n<h3 class=\"wp-block-heading\"><strong>N\u00edvel superior<\/strong><\/h3>\n\n\n\n<figure class=\"wp-block-table is-style-stripes\"><table class=\"has-subtle-pale-blue-background-color has-background has-fixed-layout\"><tbody><tr><td><strong>Cargos<\/strong><\/td><td><strong>Vagas<\/strong><\/td><td><strong>Remunera\u00e7\u00e3o<\/strong><\/td><\/tr><tr><td>Assistente Social<\/td><td>1 + CR<\/td><td>R$ 2.251,00  <\/td><\/tr><tr><td>Contador <\/td><td>CR<\/td><td>R$ 2.251,00  <\/td><\/tr><tr><td>Engenheiro Civil<\/td><td>1 + CR <\/td><td>R$ 2.814,00  <\/td><\/tr><tr><td>Engenheiro Sanitarista<\/td><td>1 + CR <\/td><td>R$ 2.814,00  <\/td><\/tr><\/tbody><\/table><\/figure>\n\n\n\n<h2 class=\"wp-block-heading\" id=\"etapas\">Etapas do concurso SAAE Vilhena<\/h2>\n\n\n\n<p>A aplica\u00e7\u00e3o das provas objetivas e de t\u00edtulos est\u00e3o previstas para acontecer no dia 22 de dezembro de 2019, em locais e hor\u00e1rios a serem divulgados oportunamente. Al\u00e9m disso, o concurso ser\u00e1 composto das seguintes etapas:<\/p>\n\n\n\n<h3 class=\"wp-block-heading\"><strong>N\u00edvel Fundamental Incompleto<\/strong><\/h3>\n\n\n\n<ul class=\"wp-block-list\">\n<li><strong>1\u00aa Fase:<\/strong> Prova Objetiva (classificat\u00f3rio e eliminat\u00f3rio);<\/li>\n\n\n\n<li><strong>2\u00aa Fase:<\/strong> Prova Pr\u00e1tica, para o cargo de Motorista de Viatura Pesada (eliminat\u00f3rio). <\/li>\n<\/ul>\n\n\n\n<h4 class=\"wp-block-heading\"><em>Prova Objetiva<\/em>:<\/h4>\n\n\n\n<ul class=\"wp-block-list\">\n<li>L\u00edngua Portuguesa &#8211; 15 quest\u00f5es, peso 1<\/li>\n\n\n\n<li>Inform\u00e1tica B\u00e1sica &#8211; 5 quest\u00f5es, peso 1 <\/li>\n\n\n\n<li>Hist\u00f3ria e Geografia de Rond\u00f4nia &#8211; 5 quest\u00f5es, peso 1  <\/li>\n\n\n\n<li>Conhecimentos Espec\u00edficos &#8211; 25 quest\u00f5es, peso 3  <\/li>\n<\/ul>\n\n\n\n<h3 class=\"wp-block-heading\"><strong>N\u00edvel M\u00e9dio Completo<\/strong><\/h3>\n\n\n\n<ul class=\"wp-block-list\">\n<li><strong>1\u00aa Fase:<\/strong> Prova Objetiva, para todos os cargos, (classificat\u00f3rio e eliminat\u00f3rio);<\/li>\n\n\n\n<li><strong>2\u00aa Fase:<\/strong> Prova Pr\u00e1tica, para todos os cargos: Agente Administrativo, Eletromec\u00e2nico, Mec\u00e2nico Geral, Operador de M\u00e1quinas Pesadas e T\u00e9cnico em Eletricidade (eliminat\u00f3rio).<\/li>\n<\/ul>\n\n\n\n<h4 class=\"wp-block-heading\"><em>Prova Objetiva<\/em>:<\/h4>\n\n\n\n<ul class=\"wp-block-list\">\n<li>L\u00edngua Portuguesa &#8211; 15 quest\u00f5es, peso 1<\/li>\n\n\n\n<li>Inform\u00e1tica B\u00e1sica &#8211; 5 quest\u00f5es, peso 1 <\/li>\n\n\n\n<li>Hist\u00f3ria e Geografia de Rond\u00f4nia &#8211; 5 quest\u00f5es, peso 1  <\/li>\n\n\n\n<li>Conhecimentos Espec\u00edficos &#8211; 25 quest\u00f5es, peso 3  <\/li>\n<\/ul>\n\n\n\n<h3 class=\"wp-block-heading\"><strong>N\u00edvel Superior Completo<\/strong><\/h3>\n\n\n\n<ul class=\"wp-block-list\">\n<li><strong>1\u00aa Fase:<\/strong> Prova Objetiva, para todos os cargos (classificat\u00f3rio e eliminat\u00f3rio);<\/li>\n\n\n\n<li><strong>2\u00aa Fase:<\/strong> Prova de T\u00edtulos, para todos os cargos (car\u00e1ter classificat\u00f3rio).<\/li>\n<\/ul>\n\n\n\n<h4 class=\"wp-block-heading\"><em>Prova Objetiva<\/em>:<\/h4>\n\n\n\n<ul class=\"wp-block-list\">\n<li>L\u00edngua Portuguesa &#8211; 15 quest\u00f5es, peso 2<\/li>\n\n\n\n<li>Racioc\u00ednio L\u00f3gico Quantitativo &#8211; 15 quest\u00f5es, peso 2 <\/li>\n\n\n\n<li>Conhecimentos Espec\u00edficos &#8211; 10 quest\u00f5es, peso 4  <\/li>\n<\/ul>\n\n\n\n<h4 class=\"wp-block-heading\"><em>Prova de T\u00edtulos:<\/em><\/h4>\n\n\n\n<p>Somente ser\u00e1 pontuado um t\u00edtulo em cada item. N\u00e3o ser\u00e3o computados os t\u00edtulos que excederem ao limite de pontua\u00e7\u00e3o.  <\/p>\n\n\n\n<p><\/p>\n\n\n\n<figure class=\"wp-block-table is-style-stripes\"><table class=\"has-subtle-pale-blue-background-color has-background has-fixed-layout\"><tbody><tr><td><strong>DISCRIMINA\u00c7\u00c3O<\/strong> <\/td><td><strong>VALOR DO T\u00cdTULO <\/strong><\/td><\/tr><tr><td>P\u00f3s-Gradua\u00e7\u00e3o <em>Stricto Sensu<\/em> \u2013 Doutorado na \u00e1rea do cargo a que concorre.  <\/td><td>4,5<\/td><\/tr><tr><td>P\u00f3s-Gradua\u00e7\u00e3o <em>Stricto Sensu<\/em> \u2013 Mestrado na \u00e1rea do cargo a que concorre.  <\/td><td>3,5<\/td><\/tr><tr><td>P\u00f3s-Gradua\u00e7\u00e3o <em>Lato Sensu<\/em> (360 horas), em n\u00edvel de especializa\u00e7\u00e3o, na \u00e1rea do cargo a que concorre.  <\/td><td>2,0<\/td><\/tr><\/tbody><\/table><\/figure>\n\n\n\n<h2 class=\"wp-block-heading\" id=\"edital-estrategico\">Concurso SAAE Vilhena: Edital Estrat\u00e9gico<\/h2>\n\n\n\n<p>Ao clicar no link abaixo, vai ser aberta uma janela do Google Drive que tentar\u00e1 carregar a visualiza\u00e7\u00e3o da planilha no seu navegador. N\u00e3o h\u00e1 necessidade de esperar essa visualiza\u00e7\u00e3o (talvez at\u00e9 nem carregue, j\u00e1 que os arquivos s\u00e3o pesados).<\/p>\n\n\n\n<p>Fa\u00e7a o download clicando na seta para baixo no canto superior direito da janela do Google Drive que vai ser aberta ao clicar nos links acima.<\/p>\n\n\n\n<p>Todos os arquivos foram testados em diferentes computadores e celulares e est\u00e3o ok. Talvez alguma incompatibilidade (ou mensagem de erro, como &#8220;arquivo inv\u00e1lido&#8221;) ocorra em virtude do seu pr\u00f3prio computador ou do tamanho dos arquivos que possuem mais conte\u00fado.<\/p>\n\n\n\n<p class=\"has-text-align-center has-very-light-gray-background-color has-background\" style=\"font-size:clamp(14.642px, 0.915rem + ((1vw - 3.2px) * 0.721), 22px);px\"><a rel=\"noreferrer noopener\" href=\"https:\/\/drive.google.com\/open?id=0B9ZvqIbaLYTFRURDRWItYnByY09oNm15V0h2ZHhhLUtEc2RF\" target=\"_blank\"><strong>SAAE Vilhena (Agente Administrativo)<\/strong><\/a><\/p>\n\n\n\n<p class=\"has-text-align-center has-very-light-gray-background-color has-background\" style=\"font-size:clamp(14.642px, 0.915rem + ((1vw - 3.2px) * 0.721), 22px);px\"><a rel=\"noreferrer noopener\" href=\"https:\/\/drive.google.com\/open?id=0B9ZvqIbaLYTFWVR3aUExQkpsR2g5ZVMtdkExd1cwaXZxN1hv\" target=\"_blank\"><strong>SAAE Vilhena (Contador)<\/strong><\/a><\/p>\n\n\n\n<h2 class=\"wp-block-heading assinatura-e-cursos\">Assinatura ilimitada e cursos para o concurso Prefeitura de Vilhena<\/h2>\n\n\n\n<p class=\"has-text-align-center has-luminous-vivid-amber-background-color has-background\" style=\"font-size:clamp(14.642px, 0.915rem + ((1vw - 3.2px) * 0.721), 22px);px\"><strong><a href=\"https:\/\/www.estrategiaconcursos.com.br\/cursos\/concurso\/\" target=\"_blank\" rel=\"noreferrer noopener\">Curso para concurso<\/a><\/strong><\/p>\n\n\n\n<p class=\"has-text-align-center\"><em><strong>Assinatura Anual Ilimitada*<\/strong><\/em><\/p>\n\n\n\n<p class=\"has-text-align-center\"><em>Prepare-se com o melhor material e com quem mais aprova em Concursos P\u00fablicos em todo o pa\u00eds. Assine agora a nossa Assinatura Anual e tenha acesso ilimitado* a todos os nossos cursos.<\/em><\/p>\n\n\n\n<p class=\"has-text-align-center has-light-green-cyan-background-color has-background\"><strong>ASSINE AGORA<\/strong>&nbsp;\u2013&nbsp;<strong><a rel=\"noreferrer noopener\" href=\"https:\/\/www.estrategiaconcursos.com.br\/assinaturas\" target=\"_blank\">Assinatura Ilimitada<\/a><\/strong><\/p>\n\n\n\n<p class=\"has-text-align-center\"><strong><em>Fique por dentro de todos os concursos<\/em><\/strong><\/p>\n\n\n\n<p class=\"has-text-align-center has-pale-cyan-blue-background-color has-background\"><a href=\"https:\/\/www.estrategiaconcursos.com.br\/blog\/concursos-abertos\/\" target=\"_blank\" rel=\"noreferrer noopener\"><strong>CONCURSOS ABERTOS<\/strong><\/a><\/p>\n\n\n\n<figure class=\"wp-block-image\"><img loading=\"lazy\" decoding=\"async\" width=\"300\" height=\"102\" src=\"https:\/\/dhg1h5j42swfq.cloudfront.net\/2017\/03\/28152500\/coruja-ficha-tecnica-300x102.png\" alt=\"Ficha t\u00e9cnica concurso SAAE Vilhena\" class=\"wp-image-68542\"\/><\/figure>\n\n\n\n<h3 class=\"wp-block-heading\" id=\"ficha-tecnica\"><strong>Informa\u00e7\u00f5es sobre o c<\/strong>oncurso SAAE Vilhena RO<\/h3>\n\n\n\n<p>\u25ba<strong>Data prevista da prova<\/strong>: 22 de dezembro<br \/>\u25ba<strong>Vagas<\/strong>: 3 + CR<br \/>\u25ba<strong>Cargos<\/strong>: V\u00e1rios<br \/>\u25ba<strong>Banca<\/strong>: Ibade<br \/>\u25ba<strong>Escolaridade<\/strong>: N\u00edvel fundamental, m\u00e9dio, t\u00e9cnico e superior<br \/>\u25ba<strong>Edital<\/strong>:&nbsp;<strong><a rel=\"noreferrer noopener\" aria-label=\"Edital SAEE de Vilhena RO (abre numa nova aba)\" href=\"https:\/\/dhg1h5j42swfq.cloudfront.net\/2019\/10\/03122040\/EDITAL-SAAE-PARA-PUBLICA-O_20191002.pdf\" target=\"_blank\">Edital SAAE de Vilhena RO<\/a><\/strong><\/p>\n\n\n\n<p><br \/><em>Ascom Estrat\u00e9gia<\/em><br \/>ascomestrategia@gmail.com<\/p>\n","protected":false},"excerpt":{"rendered":"<p>Inscri\u00e7\u00f5es do Concurso SAEE Vilhena est\u00e3o encerradas! As inscri\u00e7\u00f5es do concurso p\u00fablico do Servi\u00e7o Aut\u00f4nomo de \u00c1guas e Esgotos de Vilhena &#8211; SAAE est\u00e3o oficialmente encerradas. Os interessados em participar puderam acessar o site da banca organizadora, o IBADE, at\u00e9 o dia 24 de novembro. Ao todo, s\u00e3o ofertadas tr\u00eas vagas imediatas mais cadastro de [&hellip;]<\/p>\n","protected":false},"author":1,"featured_media":146144,"comment_status":"open","ping_status":"closed","sticky":false,"template":"","format":"standard","meta":{"post_tipo":"news","footnotes":""},"categories":[1],"tags":[],"tax_estado":[],"class_list":["post-429714","post","type-post","status-publish","format-standard","has-post-thumbnail","hentry","category-cursos-e-concursos"],"acf":[],"yoast_head":"<!-- This site is optimized with the Yoast SEO Premium plugin v27.2 (Yoast SEO v27.2) - https:\/\/yoast.com\/product\/yoast-seo-premium-wordpress\/ -->\n<title>Concurso SAAE Vilhena: vagas para fundamental m\u00e9dio e superior<\/title>\n<meta name=\"description\" content=\"Concurso SAAE Vilhena (RO): Servi\u00e7o Aut\u00f4nomo de \u00c1guas e Esgoto de Vilhena est\u00e1 com inscri\u00e7\u00f5es encerradas para tr\u00eas vagas imediatas mais cadastro de reserva.\" \/>\n<meta name=\"robots\" content=\"index, follow, max-snippet:-1, max-image-preview:large, max-video-preview:-1\" \/>\n<link rel=\"canonical\" href=\"https:\/\/www.estrategiaconcursos.com.br\/blog\/concurso-saae-vilhena-ro\/\" \/>\n<meta property=\"og:locale\" content=\"pt_BR\" \/>\n<meta property=\"og:type\" content=\"article\" \/>\n<meta property=\"og:title\" content=\"Concurso SAAE Vilhena: vagas para fundamental m\u00e9dio e superior\" \/>\n<meta property=\"og:description\" content=\"Concurso SAAE Vilhena (RO): Servi\u00e7o Aut\u00f4nomo de \u00c1guas e Esgoto de Vilhena est\u00e1 com inscri\u00e7\u00f5es encerradas para tr\u00eas vagas imediatas mais cadastro de reserva.\" \/>\n<meta property=\"og:url\" content=\"https:\/\/www.estrategiaconcursos.com.br\/blog\/concurso-saae-vilhena-ro\/\" \/>\n<meta property=\"og:site_name\" content=\"Estrat\u00e9gia Concursos\" \/>\n<meta property=\"article:author\" content=\"https:\/\/www.facebook.com\/EstrategiaConcursos\" \/>\n<meta property=\"article:published_time\" content=\"2019-11-24T21:21:57+00:00\" \/>\n<meta property=\"article:modified_time\" content=\"2023-06-20T16:29:04+00:00\" \/>\n<meta property=\"og:image\" content=\"https:\/\/dhg1h5j42swfq.cloudfront.net\/2018\/10\/08173718\/saiu-edital.jpg\" \/>\n\t<meta property=\"og:image:width\" content=\"400\" \/>\n\t<meta property=\"og:image:height\" content=\"209\" \/>\n\t<meta property=\"og:image:type\" content=\"image\/jpeg\" \/>\n<meta name=\"author\" content=\"Coordena\u00e7\u00e3o\" \/>\n<meta name=\"twitter:card\" content=\"summary_large_image\" \/>\n<meta name=\"twitter:creator\" content=\"@EstratConcursos\" \/>\n<meta name=\"twitter:site\" content=\"@EstratConcursos\" \/>\n<meta name=\"twitter:label1\" content=\"Escrito por\" \/>\n\t<meta name=\"twitter:data1\" content=\"Coordena\u00e7\u00e3o\" \/>\n\t<meta name=\"twitter:label2\" content=\"Est. tempo de leitura\" \/>\n\t<meta name=\"twitter:data2\" content=\"4 minutos\" \/>\n<script type=\"application\/ld+json\" class=\"yoast-schema-graph\">{\"@context\":\"https:\/\/schema.org\",\"@graph\":[{\"@type\":\"NewsArticle\",\"@id\":\"https:\/\/www.estrategiaconcursos.com.br\/blog\/concurso-saae-vilhena-ro\/#article\",\"isPartOf\":{\"@id\":\"https:\/\/www.estrategiaconcursos.com.br\/blog\/concurso-saae-vilhena-ro\/\"},\"author\":{\"name\":\"Coordena\u00e7\u00e3o\",\"@id\":\"https:\/\/www.estrategiaconcursos.com.br\/blog\/#\/schema\/person\/b4a388c97673c5f483d72185668afa1f\"},\"headline\":\"Concurso SAAE Vilhena: vagas para fundamental m\u00e9dio e superior\",\"datePublished\":\"2019-11-24T21:21:57+00:00\",\"dateModified\":\"2023-06-20T16:29:04+00:00\",\"mainEntityOfPage\":{\"@id\":\"https:\/\/www.estrategiaconcursos.com.br\/blog\/concurso-saae-vilhena-ro\/\"},\"wordCount\":810,\"commentCount\":0,\"publisher\":{\"@id\":\"https:\/\/www.estrategiaconcursos.com.br\/blog\/#organization\"},\"image\":{\"@id\":\"https:\/\/www.estrategiaconcursos.com.br\/blog\/concurso-saae-vilhena-ro\/#primaryimage\"},\"thumbnailUrl\":\"https:\/\/dhg1h5j42swfq.cloudfront.net\/2018\/10\/08173718\/saiu-edital.jpg\",\"articleSection\":[\"Concursos P\u00fablicos\"],\"inLanguage\":\"pt-BR\",\"potentialAction\":[{\"@type\":\"CommentAction\",\"name\":\"Comment\",\"target\":[\"https:\/\/www.estrategiaconcursos.com.br\/blog\/concurso-saae-vilhena-ro\/#respond\"]}],\"copyrightYear\":\"2019\",\"copyrightHolder\":{\"@id\":\"https:\/\/www.estrategiaconcursos.com.br\/blog\/#organization\"}},{\"@type\":\"WebPage\",\"@id\":\"https:\/\/www.estrategiaconcursos.com.br\/blog\/concurso-saae-vilhena-ro\/\",\"url\":\"https:\/\/www.estrategiaconcursos.com.br\/blog\/concurso-saae-vilhena-ro\/\",\"name\":\"Concurso SAAE Vilhena: vagas para fundamental m\u00e9dio e superior\",\"isPartOf\":{\"@id\":\"https:\/\/www.estrategiaconcursos.com.br\/blog\/#website\"},\"primaryImageOfPage\":{\"@id\":\"https:\/\/www.estrategiaconcursos.com.br\/blog\/concurso-saae-vilhena-ro\/#primaryimage\"},\"image\":{\"@id\":\"https:\/\/www.estrategiaconcursos.com.br\/blog\/concurso-saae-vilhena-ro\/#primaryimage\"},\"thumbnailUrl\":\"https:\/\/dhg1h5j42swfq.cloudfront.net\/2018\/10\/08173718\/saiu-edital.jpg\",\"datePublished\":\"2019-11-24T21:21:57+00:00\",\"dateModified\":\"2023-06-20T16:29:04+00:00\",\"description\":\"Concurso SAAE Vilhena (RO): Servi\u00e7o Aut\u00f4nomo de \u00c1guas e Esgoto de Vilhena est\u00e1 com inscri\u00e7\u00f5es encerradas para tr\u00eas vagas imediatas mais cadastro de reserva.\",\"breadcrumb\":{\"@id\":\"https:\/\/www.estrategiaconcursos.com.br\/blog\/concurso-saae-vilhena-ro\/#breadcrumb\"},\"inLanguage\":\"pt-BR\",\"potentialAction\":[{\"@type\":\"ReadAction\",\"target\":[\"https:\/\/www.estrategiaconcursos.com.br\/blog\/concurso-saae-vilhena-ro\/\"]}]},{\"@type\":\"ImageObject\",\"inLanguage\":\"pt-BR\",\"@id\":\"https:\/\/www.estrategiaconcursos.com.br\/blog\/concurso-saae-vilhena-ro\/#primaryimage\",\"url\":\"https:\/\/dhg1h5j42swfq.cloudfront.net\/2018\/10\/08173718\/saiu-edital.jpg\",\"contentUrl\":\"https:\/\/dhg1h5j42swfq.cloudfront.net\/2018\/10\/08173718\/saiu-edital.jpg\",\"width\":400,\"height\":209,\"caption\":\"CONCURSO CRESS DF\"},{\"@type\":\"BreadcrumbList\",\"@id\":\"https:\/\/www.estrategiaconcursos.com.br\/blog\/concurso-saae-vilhena-ro\/#breadcrumb\",\"itemListElement\":[{\"@type\":\"ListItem\",\"position\":1,\"name\":\"In\u00edcio\",\"item\":\"https:\/\/www.estrategiaconcursos.com.br\/blog\/\"},{\"@type\":\"ListItem\",\"position\":2,\"name\":\"Concurso SAAE Vilhena: vagas para fundamental m\u00e9dio e superior\"}]},{\"@type\":\"WebSite\",\"@id\":\"https:\/\/www.estrategiaconcursos.com.br\/blog\/#website\",\"url\":\"https:\/\/www.estrategiaconcursos.com.br\/blog\/\",\"name\":\"Estrat\u00e9gia Concursos\",\"description\":\"O blog da Estrat\u00e9gia Concursos traz not\u00edcias sobre concursos e artigos de professores oferecendo cursos para concursos (pdf + videaulas) no site.\",\"publisher\":{\"@id\":\"https:\/\/www.estrategiaconcursos.com.br\/blog\/#organization\"},\"potentialAction\":[{\"@type\":\"SearchAction\",\"target\":{\"@type\":\"EntryPoint\",\"urlTemplate\":\"https:\/\/www.estrategiaconcursos.com.br\/blog\/?s={search_term_string}\"},\"query-input\":{\"@type\":\"PropertyValueSpecification\",\"valueRequired\":true,\"valueName\":\"search_term_string\"}}],\"inLanguage\":\"pt-BR\"},{\"@type\":\"Organization\",\"@id\":\"https:\/\/www.estrategiaconcursos.com.br\/blog\/#organization\",\"name\":\"Estrat\u00e9gia Concursos\",\"url\":\"https:\/\/www.estrategiaconcursos.com.br\/blog\/\",\"logo\":{\"@type\":\"ImageObject\",\"inLanguage\":\"pt-BR\",\"@id\":\"https:\/\/www.estrategiaconcursos.com.br\/blog\/#\/schema\/logo\/image\/\",\"url\":\"https:\/\/dhg1h5j42swfq.cloudfront.net\/2025\/06\/03203428\/logo_concursos-1.jpg\",\"contentUrl\":\"https:\/\/dhg1h5j42swfq.cloudfront.net\/2025\/06\/03203428\/logo_concursos-1.jpg\",\"width\":230,\"height\":60,\"caption\":\"Estrat\u00e9gia Concursos\"},\"image\":{\"@id\":\"https:\/\/www.estrategiaconcursos.com.br\/blog\/#\/schema\/logo\/image\/\"},\"sameAs\":[\"https:\/\/x.com\/EstratConcursos\"]},{\"@type\":\"Person\",\"@id\":\"https:\/\/www.estrategiaconcursos.com.br\/blog\/#\/schema\/person\/b4a388c97673c5f483d72185668afa1f\",\"name\":\"Coordena\u00e7\u00e3o\",\"image\":{\"@type\":\"ImageObject\",\"inLanguage\":\"pt-BR\",\"@id\":\"https:\/\/secure.gravatar.com\/avatar\/b720319e4c9a967eb58678d110f4fe35452fc5d5f97b202bac7b8acceb18c6ad?s=96&d=mm&r=g\",\"url\":\"https:\/\/secure.gravatar.com\/avatar\/b720319e4c9a967eb58678d110f4fe35452fc5d5f97b202bac7b8acceb18c6ad?s=96&d=mm&r=g\",\"contentUrl\":\"https:\/\/secure.gravatar.com\/avatar\/b720319e4c9a967eb58678d110f4fe35452fc5d5f97b202bac7b8acceb18c6ad?s=96&d=mm&r=g\",\"caption\":\"Coordena\u00e7\u00e3o\"},\"sameAs\":[\"https:\/\/www.facebook.com\/EstrategiaConcursos\",\"https:\/\/x.com\/EstratConcursos\"],\"url\":\"https:\/\/www.estrategiaconcursos.com.br\/blog\/author\/estrategia2013\/\"}]}<\/script>\n<!-- \/ Yoast SEO Premium plugin. -->","yoast_head_json":{"title":"Concurso SAAE Vilhena: vagas para fundamental m\u00e9dio e superior","description":"Concurso SAAE Vilhena (RO): Servi\u00e7o Aut\u00f4nomo de \u00c1guas e Esgoto de Vilhena est\u00e1 com inscri\u00e7\u00f5es encerradas para tr\u00eas vagas imediatas mais cadastro de reserva.","robots":{"index":"index","follow":"follow","max-snippet":"max-snippet:-1","max-image-preview":"max-image-preview:large","max-video-preview":"max-video-preview:-1"},"canonical":"https:\/\/www.estrategiaconcursos.com.br\/blog\/concurso-saae-vilhena-ro\/","og_locale":"pt_BR","og_type":"article","og_title":"Concurso SAAE Vilhena: vagas para fundamental m\u00e9dio e superior","og_description":"Concurso SAAE Vilhena (RO): Servi\u00e7o Aut\u00f4nomo de \u00c1guas e Esgoto de Vilhena est\u00e1 com inscri\u00e7\u00f5es encerradas para tr\u00eas vagas imediatas mais cadastro de reserva.","og_url":"https:\/\/www.estrategiaconcursos.com.br\/blog\/concurso-saae-vilhena-ro\/","og_site_name":"Estrat\u00e9gia Concursos","article_author":"https:\/\/www.facebook.com\/EstrategiaConcursos","article_published_time":"2019-11-24T21:21:57+00:00","article_modified_time":"2023-06-20T16:29:04+00:00","og_image":[{"width":400,"height":209,"url":"https:\/\/dhg1h5j42swfq.cloudfront.net\/2018\/10\/08173718\/saiu-edital.jpg","type":"image\/jpeg"}],"author":"Coordena\u00e7\u00e3o","twitter_card":"summary_large_image","twitter_creator":"@EstratConcursos","twitter_site":"@EstratConcursos","twitter_misc":{"Escrito por":"Coordena\u00e7\u00e3o","Est. tempo de leitura":"4 minutos"},"schema":{"@context":"https:\/\/schema.org","@graph":[{"@type":"NewsArticle","@id":"https:\/\/www.estrategiaconcursos.com.br\/blog\/concurso-saae-vilhena-ro\/#article","isPartOf":{"@id":"https:\/\/www.estrategiaconcursos.com.br\/blog\/concurso-saae-vilhena-ro\/"},"author":{"name":"Coordena\u00e7\u00e3o","@id":"https:\/\/www.estrategiaconcursos.com.br\/blog\/#\/schema\/person\/b4a388c97673c5f483d72185668afa1f"},"headline":"Concurso SAAE Vilhena: vagas para fundamental m\u00e9dio e superior","datePublished":"2019-11-24T21:21:57+00:00","dateModified":"2023-06-20T16:29:04+00:00","mainEntityOfPage":{"@id":"https:\/\/www.estrategiaconcursos.com.br\/blog\/concurso-saae-vilhena-ro\/"},"wordCount":810,"commentCount":0,"publisher":{"@id":"https:\/\/www.estrategiaconcursos.com.br\/blog\/#organization"},"image":{"@id":"https:\/\/www.estrategiaconcursos.com.br\/blog\/concurso-saae-vilhena-ro\/#primaryimage"},"thumbnailUrl":"https:\/\/dhg1h5j42swfq.cloudfront.net\/2018\/10\/08173718\/saiu-edital.jpg","articleSection":["Concursos P\u00fablicos"],"inLanguage":"pt-BR","potentialAction":[{"@type":"CommentAction","name":"Comment","target":["https:\/\/www.estrategiaconcursos.com.br\/blog\/concurso-saae-vilhena-ro\/#respond"]}],"copyrightYear":"2019","copyrightHolder":{"@id":"https:\/\/www.estrategiaconcursos.com.br\/blog\/#organization"}},{"@type":"WebPage","@id":"https:\/\/www.estrategiaconcursos.com.br\/blog\/concurso-saae-vilhena-ro\/","url":"https:\/\/www.estrategiaconcursos.com.br\/blog\/concurso-saae-vilhena-ro\/","name":"Concurso SAAE Vilhena: vagas para fundamental m\u00e9dio e superior","isPartOf":{"@id":"https:\/\/www.estrategiaconcursos.com.br\/blog\/#website"},"primaryImageOfPage":{"@id":"https:\/\/www.estrategiaconcursos.com.br\/blog\/concurso-saae-vilhena-ro\/#primaryimage"},"image":{"@id":"https:\/\/www.estrategiaconcursos.com.br\/blog\/concurso-saae-vilhena-ro\/#primaryimage"},"thumbnailUrl":"https:\/\/dhg1h5j42swfq.cloudfront.net\/2018\/10\/08173718\/saiu-edital.jpg","datePublished":"2019-11-24T21:21:57+00:00","dateModified":"2023-06-20T16:29:04+00:00","description":"Concurso SAAE Vilhena (RO): Servi\u00e7o Aut\u00f4nomo de \u00c1guas e Esgoto de Vilhena est\u00e1 com inscri\u00e7\u00f5es encerradas para tr\u00eas vagas imediatas mais cadastro de reserva.","breadcrumb":{"@id":"https:\/\/www.estrategiaconcursos.com.br\/blog\/concurso-saae-vilhena-ro\/#breadcrumb"},"inLanguage":"pt-BR","potentialAction":[{"@type":"ReadAction","target":["https:\/\/www.estrategiaconcursos.com.br\/blog\/concurso-saae-vilhena-ro\/"]}]},{"@type":"ImageObject","inLanguage":"pt-BR","@id":"https:\/\/www.estrategiaconcursos.com.br\/blog\/concurso-saae-vilhena-ro\/#primaryimage","url":"https:\/\/dhg1h5j42swfq.cloudfront.net\/2018\/10\/08173718\/saiu-edital.jpg","contentUrl":"https:\/\/dhg1h5j42swfq.cloudfront.net\/2018\/10\/08173718\/saiu-edital.jpg","width":400,"height":209,"caption":"CONCURSO CRESS DF"},{"@type":"BreadcrumbList","@id":"https:\/\/www.estrategiaconcursos.com.br\/blog\/concurso-saae-vilhena-ro\/#breadcrumb","itemListElement":[{"@type":"ListItem","position":1,"name":"In\u00edcio","item":"https:\/\/www.estrategiaconcursos.com.br\/blog\/"},{"@type":"ListItem","position":2,"name":"Concurso SAAE Vilhena: vagas para fundamental m\u00e9dio e superior"}]},{"@type":"WebSite","@id":"https:\/\/www.estrategiaconcursos.com.br\/blog\/#website","url":"https:\/\/www.estrategiaconcursos.com.br\/blog\/","name":"Estrat\u00e9gia Concursos","description":"O blog da Estrat\u00e9gia Concursos traz not\u00edcias sobre concursos e artigos de professores oferecendo cursos para concursos (pdf + videaulas) no site.","publisher":{"@id":"https:\/\/www.estrategiaconcursos.com.br\/blog\/#organization"},"potentialAction":[{"@type":"SearchAction","target":{"@type":"EntryPoint","urlTemplate":"https:\/\/www.estrategiaconcursos.com.br\/blog\/?s={search_term_string}"},"query-input":{"@type":"PropertyValueSpecification","valueRequired":true,"valueName":"search_term_string"}}],"inLanguage":"pt-BR"},{"@type":"Organization","@id":"https:\/\/www.estrategiaconcursos.com.br\/blog\/#organization","name":"Estrat\u00e9gia Concursos","url":"https:\/\/www.estrategiaconcursos.com.br\/blog\/","logo":{"@type":"ImageObject","inLanguage":"pt-BR","@id":"https:\/\/www.estrategiaconcursos.com.br\/blog\/#\/schema\/logo\/image\/","url":"https:\/\/dhg1h5j42swfq.cloudfront.net\/2025\/06\/03203428\/logo_concursos-1.jpg","contentUrl":"https:\/\/dhg1h5j42swfq.cloudfront.net\/2025\/06\/03203428\/logo_concursos-1.jpg","width":230,"height":60,"caption":"Estrat\u00e9gia Concursos"},"image":{"@id":"https:\/\/www.estrategiaconcursos.com.br\/blog\/#\/schema\/logo\/image\/"},"sameAs":["https:\/\/x.com\/EstratConcursos"]},{"@type":"Person","@id":"https:\/\/www.estrategiaconcursos.com.br\/blog\/#\/schema\/person\/b4a388c97673c5f483d72185668afa1f","name":"Coordena\u00e7\u00e3o","image":{"@type":"ImageObject","inLanguage":"pt-BR","@id":"https:\/\/secure.gravatar.com\/avatar\/b720319e4c9a967eb58678d110f4fe35452fc5d5f97b202bac7b8acceb18c6ad?s=96&d=mm&r=g","url":"https:\/\/secure.gravatar.com\/avatar\/b720319e4c9a967eb58678d110f4fe35452fc5d5f97b202bac7b8acceb18c6ad?s=96&d=mm&r=g","contentUrl":"https:\/\/secure.gravatar.com\/avatar\/b720319e4c9a967eb58678d110f4fe35452fc5d5f97b202bac7b8acceb18c6ad?s=96&d=mm&r=g","caption":"Coordena\u00e7\u00e3o"},"sameAs":["https:\/\/www.facebook.com\/EstrategiaConcursos","https:\/\/x.com\/EstratConcursos"],"url":"https:\/\/www.estrategiaconcursos.com.br\/blog\/author\/estrategia2013\/"}]}},"_links":{"self":[{"href":"https:\/\/www.estrategiaconcursos.com.br\/blog\/wp-json\/wp\/v2\/posts\/429714","targetHints":{"allow":["GET"]}}],"collection":[{"href":"https:\/\/www.estrategiaconcursos.com.br\/blog\/wp-json\/wp\/v2\/posts"}],"about":[{"href":"https:\/\/www.estrategiaconcursos.com.br\/blog\/wp-json\/wp\/v2\/types\/post"}],"author":[{"embeddable":true,"href":"https:\/\/www.estrategiaconcursos.com.br\/blog\/wp-json\/wp\/v2\/users\/1"}],"replies":[{"embeddable":true,"href":"https:\/\/www.estrategiaconcursos.com.br\/blog\/wp-json\/wp\/v2\/comments?post=429714"}],"version-history":[{"count":15,"href":"https:\/\/www.estrategiaconcursos.com.br\/blog\/wp-json\/wp\/v2\/posts\/429714\/revisions"}],"predecessor-version":[{"id":1235623,"href":"https:\/\/www.estrategiaconcursos.com.br\/blog\/wp-json\/wp\/v2\/posts\/429714\/revisions\/1235623"}],"wp:featuredmedia":[{"embeddable":true,"href":"https:\/\/www.estrategiaconcursos.com.br\/blog\/wp-json\/wp\/v2\/media\/146144"}],"wp:attachment":[{"href":"https:\/\/www.estrategiaconcursos.com.br\/blog\/wp-json\/wp\/v2\/media?parent=429714"}],"wp:term":[{"taxonomy":"category","embeddable":true,"href":"https:\/\/www.estrategiaconcursos.com.br\/blog\/wp-json\/wp\/v2\/categories?post=429714"},{"taxonomy":"post_tag","embeddable":true,"href":"https:\/\/www.estrategiaconcursos.com.br\/blog\/wp-json\/wp\/v2\/tags?post=429714"},{"taxonomy":"tax_estado","embeddable":true,"href":"https:\/\/www.estrategiaconcursos.com.br\/blog\/wp-json\/wp\/v2\/tax_estado?post=429714"}],"curies":[{"name":"wp","href":"https:\/\/api.w.org\/{rel}","templated":true}]}}