{"id":429544,"date":"2024-02-23T08:00:00","date_gmt":"2024-02-23T11:00:00","guid":{"rendered":"https:\/\/www.estrategiaconcursos.com.br\/blog\/?p=429544"},"modified":"2024-02-23T08:53:39","modified_gmt":"2024-02-23T11:53:39","slug":"concurso-core-mg","status":"publish","type":"post","link":"https:\/\/www.estrategiaconcursos.com.br\/blog\/concurso-core-mg\/","title":{"rendered":"Concurso CORE MG: resultado final homologado. Confira!"},"content":{"rendered":"\n<h3 class=\"wp-block-heading\" id=\"h-edital-ofertou-vagas-de-niveis-fundamental-medio-e-superior\"><strong>Edital ofertou vagas de n\u00edveis fundamental, m\u00e9dio e superior<\/strong><\/h3>\n\n\n\n<p>Foi homologado e publicado o resultado final do concurso do <a href=\"https:\/\/www.estrategiaconcursos.com.br\/cursos\/concurso\/\" target=\"_blank\" rel=\"noreferrer noopener\">Conselho Regional dos Representantes Comercial no Estado de Minas Gerais<\/a> (<strong>CORE MG<\/strong>)! Confira:<\/p>\n\n\n\n<ul class=\"wp-block-list\">\n<li><strong><a href=\"https:\/\/dhg1h5j42swfq.cloudfront.net\/2024\/02\/23084653\/core-mg-resultado-final-homologado-1.pdf\" target=\"_blank\" rel=\"noreferrer noopener nofollow\">Resultado final homologado CORE MG<\/a><\/strong><\/li>\n<\/ul>\n\n\n\n<p>O edital ofertou ao todo <strong>11 vagas<\/strong> imediatas, al\u00e9m de 430 em cadastro de reserva, para cargos de n\u00edveis fundamental, m\u00e9dio e superior de escolaridade, com sal\u00e1rios iniciais de <strong>R$ 1.398,39 a R$ 8.296,73<\/strong>.<\/p>\n\n\n\n<p>Os candidatos foram avaliados por provas objetivas e discursivas aplicadas no dia 15 de outubro de 2023 em Belo Horizonte\/MG. Confira mais informa\u00e7\u00f5es no decorrer do artigo!<\/p>\n\n\n\n<ul style=\"background:linear-gradient(135deg,rgb(255,245,203) 0%,rgb(182,227,212) 0%,rgb(51,167,181) 100%)\" class=\"has-background wp-block-list\">\n<li><strong>Concurso CORE MG<\/strong><\/li>\n\n\n\n<li><strong>Status:<\/strong>\u00a0resultado final homologado<\/li>\n\n\n\n<li><strong>Banca:&nbsp;<\/strong>Instituto Consulplan<\/li>\n\n\n\n<li><strong>Vagas: <\/strong>11 + 430 CR<\/li>\n\n\n\n<li><strong>Sal\u00e1rio inicial:<\/strong>&nbsp;de R$ 1.398,39 a R$ 8.296,73<\/li>\n\n\n\n<li><strong>Edital:<\/strong> <a href=\"https:\/\/dhg1h5j42swfq.cloudfront.net\/2023\/07\/13112446\/core-mg-edital.pdf\" target=\"_blank\" rel=\"noreferrer noopener nofollow\"><strong>CORE MG 2023<\/strong><\/a><\/li>\n<\/ul>\n\n\n\n<div class=\"col-sm\">\n      <div class=\"banner-estrategia\" id=\"box-assinatura\">\n        <h3 class=\"titulo-assinatura\">Cursos para CORE-MG<\/h3>\n        <p class=\"subtitulo-assinatura\">Conhe\u00e7a os cursos<\/p>\n        <div class=\"box-botao\">\n          <a class=\"btn-assinatura\" target=\"_blank\" href=\"https:\/\/www.estrategiaconcursos.com.br\/cursos\/concurso\/\" role=\"button\" rel=\"noopener noreferrer\">Conhe\u00e7a mais<\/a>\n        <\/div>\n      <\/div>\n      <p class=\"texto-auxiliar\">Prepare-se com o melhor material e com quem mais aprova em Concursos P\u00fablicos em todo o pa\u00eds.<\/p>\n    <\/div>\n\n\n\n<ul class=\"wp-block-list\">\n<li><a href=\"#atual\"><strong>Situa\u00e7\u00e3o atual do concurso<\/strong><\/a>\n<ul class=\"wp-block-list\">\n<li><a href=\"#datas\"><strong>Principais datas<\/strong><\/a><\/li>\n<\/ul>\n<\/li>\n\n\n\n<li><strong><a href=\"#carreira\">Carreira<\/a> <\/strong>\n<ul class=\"wp-block-list\">\n<li><a href=\"#remunera\u00e7\u00f5es\"><strong>Cargos, vagas e sal\u00e1rios <\/strong><\/a><\/li>\n<\/ul>\n<\/li>\n\n\n\n<li><a href=\"#etapas\"><strong>Etapas de provas<\/strong><\/a>\n<ul class=\"wp-block-list\">\n<li><a href=\"#objetiva\"><strong>Objetiva<\/strong><\/a><\/li>\n\n\n\n<li><a href=\"#discursiva\"><strong>Discursiva<\/strong><\/a><\/li>\n<\/ul>\n<\/li>\n\n\n\n<li><a href=\"#concurso\"><strong>\u00daltimo concurso <\/strong><\/a><\/li>\n\n\n\n<li><a href=\"#curso\"><strong>Cursos<\/strong><\/a><\/li>\n\n\n\n<li><a href=\"#ficha\"><strong>Ficha T\u00e9cnica<\/strong><\/a><\/li>\n<\/ul>\n\n\n\n<h2 class=\"wp-block-heading\" id=\"atual\">Concurso CORE MG: Situa\u00e7\u00e3o Atual <\/h2>\n\n\n\n<h3 class=\"wp-block-heading\" id=\"h-resultado-final-homologado\">Resultado final homologado<\/h3>\n\n\n\n<p>Foi publicado atrav\u00e9s da edi\u00e7\u00e3o do dia 23 de fevereiro de 2024 do Di\u00e1rio Oficial da Uni\u00e3o o resultado final homologado da sele\u00e7\u00e3o. Confira abaixo a lista de aprovados!<\/p>\n\n\n\n<ul class=\"wp-block-list\">\n<li><strong><a href=\"https:\/\/dhg1h5j42swfq.cloudfront.net\/2024\/02\/23084653\/core-mg-resultado-final-homologado-1.pdf\" target=\"_blank\" rel=\"noreferrer noopener nofollow\">Resultado final homologado CORE MG<\/a><\/strong><\/li>\n<\/ul>\n\n\n\n<h2 class=\"wp-block-heading\">Cargos e vagas<\/h2>\n\n\n\n<figure class=\"wp-block-table aligncenter is-style-stripes\"><table class=\"has-background has-fixed-layout\" style=\"background:linear-gradient(135deg,rgb(255,245,203) 0%,rgb(182,227,212) 0%,rgb(51,167,181) 100%)\"><tbody><tr><td class=\"has-text-align-center\" data-align=\"center\"><strong>Cargos<\/strong><\/td><td class=\"has-text-align-center\" data-align=\"center\"><strong>Escolaridade<\/strong><\/td><td class=\"has-text-align-center\" data-align=\"center\"><strong>Vagas <\/strong><\/td><td class=\"has-text-align-center\" data-align=\"center\"><strong>Remunera\u00e7\u00e3o<\/strong><\/td><\/tr><tr><td class=\"has-text-align-center\" data-align=\"center\"> Advogado J\u00fanior <\/td><td class=\"has-text-align-center\" data-align=\"center\">N\u00edvel Superior<\/td><td class=\"has-text-align-center\" data-align=\"center\">1 + 30 CR<\/td><td class=\"has-text-align-center\" data-align=\"center\"> R$ 8.296,73 <\/td><\/tr><tr><td class=\"has-text-align-center\" data-align=\"center\"> Assistente Administrativo<\/td><td class=\"has-text-align-center\" data-align=\"center\">N\u00edvel M\u00e9dio<\/td><td class=\"has-text-align-center\" data-align=\"center\">03 + 100 CR<\/td><td class=\"has-text-align-center\" data-align=\"center\"> R$ 3.409,85 <\/td><\/tr><tr><td class=\"has-text-align-center\" data-align=\"center\"> Fiscal para Sede Belo Horizonte <\/td><td class=\"has-text-align-center\" data-align=\"center\"> N\u00edvel M\u00e9dio  <\/td><td class=\"has-text-align-center\" data-align=\"center\"> 1 + 50 CR  <\/td><td class=\"has-text-align-center\" data-align=\"center\"> R$ 3.409,85<\/td><\/tr><tr><td class=\"has-text-align-center\" data-align=\"center\"> Fiscal para a Regional de Governador Valadares <\/td><td class=\"has-text-align-center\" data-align=\"center\"> N\u00edvel M\u00e9dio  <\/td><td class=\"has-text-align-center\" data-align=\"center\"> 1 + 50 CR <\/td><td class=\"has-text-align-center\" data-align=\"center\"> R$ 3.409,85<\/td><\/tr><tr><td class=\"has-text-align-center\" data-align=\"center\">Fiscal para sede de Montes Claros<\/td><td class=\"has-text-align-center\" data-align=\"center\">N\u00edvel M\u00e9dio <\/td><td class=\"has-text-align-center\" data-align=\"center\"> 1 + 50 CR <\/td><td class=\"has-text-align-center\" data-align=\"center\">R$ 3.409,85<\/td><\/tr><tr><td class=\"has-text-align-center\" data-align=\"center\"> Fiscal para a Regional de Varginha <\/td><td class=\"has-text-align-center\" data-align=\"center\"> N\u00edvel M\u00e9dio   <\/td><td class=\"has-text-align-center\" data-align=\"center\"> 1 + 50 CR <\/td><td class=\"has-text-align-center\" data-align=\"center\"> R$ 3.409,85<\/td><\/tr><tr><td class=\"has-text-align-center\" data-align=\"center\"> Recepcionista <\/td><td class=\"has-text-align-center\" data-align=\"center\"> N\u00edvel M\u00e9dio  <\/td><td class=\"has-text-align-center\" data-align=\"center\">1 + 50 CR  <\/td><td class=\"has-text-align-center\" data-align=\"center\"> R$ 2.733,77<\/td><\/tr><tr><td class=\"has-text-align-center\" data-align=\"center\"> Auxiliar de Servi\u00e7os Gerais para a Sede Belo Horizonte <\/td><td class=\"has-text-align-center\" data-align=\"center\">N\u00edvel Fundamental <\/td><td class=\"has-text-align-center\" data-align=\"center\">2 + 50 CR <\/td><td class=\"has-text-align-center\" data-align=\"center\"> R$ 1.398,39<\/td><\/tr><\/tbody><\/table><figcaption class=\"wp-element-caption\"><strong>Tabela de cargos, vagas e remunera\u00e7\u00f5es<\/strong><\/figcaption><\/figure>\n\n\n\n<h2 class=\"wp-block-heading\" id=\"etapas\">Concurso CORE MG: Etapas de provas<\/h2>\n\n\n\n<p> Os candidatos do concurso CORE MG foram avaliados por:<\/p>\n\n\n\n<ul class=\"wp-block-list\">\n<li>Provas objetiva, de car\u00e1ter eliminat\u00f3rio e classificat\u00f3rio, para todos os cargos;<\/li>\n\n\n\n<li>Prova discursiva, de car\u00e1ter eliminat\u00f3rio e classificat\u00f3rio, para o cargo de Advogado J\u00fanior.<\/li>\n<\/ul>\n\n\n\n<p>As provas objetivas e discursivas foram aplicadas no dia 15 de outubro de 2023, nos turnos da manh\u00e3 e da tarde, em Belo Horizonte\/MG.<\/p>\n\n\n\n<p>A prova teve dura\u00e7\u00e3o de:<\/p>\n\n\n\n<ul class=\"wp-block-list\">\n<li>04 (quatro) horas para o cargo de n\u00edvel superior.<\/li>\n\n\n\n<li>03 (tr\u00eas) horas para os demais cargos.<\/li>\n<\/ul>\n\n\n\n<h3 class=\"wp-block-heading\" id=\"objetiva\">Provas Objetivas<\/h3>\n\n\n\n<p>A prova objetiva foi composta por 40 quest\u00f5es de m\u00faltipla escolha, com cinco alternativas e apenas uma correta.<\/p>\n\n\n\n<p>A etapa valeu no m\u00e1ximo 70 pontos, e contemplar\u00e1 as seguintes disciplinas:<\/p>\n\n\n\n<ul class=\"wp-block-list\">\n<li>N\u00edvel Superior\n<ul class=\"wp-block-list\">\n<li>L\u00edngua Portuguesa;<\/li>\n\n\n\n<li>Legisla\u00e7\u00e3o;<\/li>\n\n\n\n<li>Conhecimentos do cargo.<\/li>\n<\/ul>\n<\/li>\n\n\n\n<li>N\u00edvel m\u00e9dio\n<ul class=\"wp-block-list\">\n<li>L\u00edngua Portuguesa;<\/li>\n\n\n\n<li>Racioc\u00ednio L\u00f3gico-Matem\u00e1tico;<\/li>\n\n\n\n<li>Conhecimentos gerais (atualidades);<\/li>\n\n\n\n<li>No\u00e7\u00f5es de Direito Constitucional e Administrativo;<\/li>\n\n\n\n<li>Conhecimentos do cargo;<\/li>\n<\/ul>\n<\/li>\n\n\n\n<li>N\u00edvel fundamental\n<ul class=\"wp-block-list\">\n<li>L\u00edngua Portuguesa;<\/li>\n\n\n\n<li>Racioc\u00ednio L\u00f3gico-Matem\u00e1tico;<\/li>\n\n\n\n<li>Conhecimentos gerais (atualidades);<\/li>\n<\/ul>\n<\/li>\n<\/ul>\n\n\n\n<p>Confira abaixo a estrutura da prova:<\/p>\n\n\n\n<figure class=\"wp-block-image aligncenter size-full is-resized\"><img loading=\"lazy\" decoding=\"async\" width=\"857\" height=\"569\" src=\"https:\/\/dhg1h5j42swfq.cloudfront.net\/2023\/07\/13124016\/image-145.png\" alt=\"Estrutura prova objetiva concurso core mg.\" class=\"wp-image-1247964\" style=\"width:702px;height:465px\" srcset=\"https:\/\/dhg1h5j42swfq.cloudfront.net\/2023\/07\/13124016\/image-145.png 857w, https:\/\/dhg1h5j42swfq.cloudfront.net\/2023\/07\/13124016\/image-145-300x199.png 300w, https:\/\/dhg1h5j42swfq.cloudfront.net\/2023\/07\/13124016\/image-145-768x510.png 768w, https:\/\/dhg1h5j42swfq.cloudfront.net\/2023\/07\/13124016\/image-145-610x405.png 610w, https:\/\/dhg1h5j42swfq.cloudfront.net\/2023\/07\/13124016\/image-145-150x100.png 150w\" sizes=\"auto, (max-width: 857px) 100vw, 857px\" \/><\/figure>\n\n\n\n<h3 class=\"wp-block-heading\" id=\"discursiva\">Prova Discursiva<\/h3>\n\n\n\n<p>Foi aplicada prova discursiva, apenas para o cargo de Advogado J\u00fanior, de car\u00e1ter eliminat\u00f3rio<br \/>e classificat\u00f3rio, no mesmo dia de realiza\u00e7\u00e3o da prova objetiva.<\/p>\n\n\n\n<p>Os candidatos responderam a 1 (uma) quest\u00e3o discursiva relacionada aos Conhecimentos<br \/>Espec\u00edficos do cargo, respeitando os os limites m\u00ednimos de 20 (vinte) linhas e m\u00e1ximo de 30 (trinta) linhas, sob pena de perda de 1 (um) ponto a cada linha abaixo do limite m\u00ednimo exigido.<\/p>\n\n\n\n<h2 class=\"wp-block-heading\" id=\"concurso\">\u00daltimo concurso CORE MG<\/h2>\n\n\n\n<p>O \u00faltimo concurso CORE MG aconteceu em 2009 e disponibilizou aos candidatos oito vagas imediatas, mais forma\u00e7\u00e3o de cadastro de reserva. A banca organizadora escolhida foi a Magnus Concursos. <\/p>\n\n\n\n<p>As vagas eram para os cargos de Assistente Administrativo, Fiscal, Assistente T\u00e9cnico de Inform\u00e1tica, Auxiliar de Limpeza e Supervisor de Limpeza. <\/p>\n\n\n\n<p>As remunera\u00e7\u00f5es do concurso CORE MG  variavam entre R$ 600,00 a R$ 1.700,00 de acordo com o cargo <\/p>\n\n\n\n<h2 class=\"wp-block-heading has-text-align-center wp-embed-aspect-16-9 wp-has-aspect-ratio\" id=\"h-quer-saber-tudo-sobre-concursos-previstos-confira-nossos-artigos\">Quer saber tudo sobre concursos previstos?<br \/>Confira nossos artigos!<\/h2>\n\n\n\n<ul class=\"wp-embed-aspect-16-9 wp-has-aspect-ratio wp-block-list\">\n<li><a href=\"https:\/\/www.estrategiaconcursos.com.br\/blog\/concursos-abertos\/\" target=\"_blank\" rel=\"noreferrer noopener\">Concursos abertos<\/a><\/li>\n\n\n\n<li><a href=\"https:\/\/www.estrategiaconcursos.com.br\/blog\/concursos-2023\/\" target=\"_blank\" rel=\"noreferrer noopener\">Concursos 2023<\/a><\/li>\n\n\n\n<li><a href=\"https:\/\/www.estrategiaconcursos.com.br\/blog\/concursos-2024\/\" target=\"_blank\" rel=\"noreferrer noopener\">Concursos 2024<\/a><\/li>\n<\/ul>\n\n\n\n<h2 class=\"wp-block-heading has-text-align-center\" id=\"curso\"><strong><em>Quer estudar para Concurso CORE MG?<\/em><\/strong><\/h2>\n\n\n\n<p class=\"has-text-align-center\"><em><strong>Gostou desta oportunidade e deseja come\u00e7ar se preparar agora mesmo? Ent\u00e3o, confira os nossos cursos e comece a estudar para o  CORE<\/strong><\/em>&#8211;<em><strong>MG:<\/strong><\/em><\/p>\n\n\n\n<div class=\"col-sm\">\n      <div class=\"banner-estrategia\" id=\"box-assinatura\">\n        <h3 class=\"titulo-assinatura\">Cursos para CORE-MG<\/h3>\n        <p class=\"subtitulo-assinatura\">Conhe\u00e7a os cursos<\/p>\n        <div class=\"box-botao\">\n          <a class=\"btn-assinatura\" target=\"_blank\" href=\"https:\/\/www.estrategiaconcursos.com.br\/cursos\/concurso\/\" role=\"button\" rel=\"noopener noreferrer\">Conhe\u00e7a mais<\/a>\n        <\/div>\n      <\/div>\n      <p class=\"texto-auxiliar\">Prepare-se com o melhor material e com quem mais aprova em Concursos P\u00fablicos em todo o pa\u00eds.<\/p>\n    <\/div>\n\n\n\n<div class=\"container\" id=\"boxes\">\n  <div class=\"row\">\n\n    <div class=\"col-sm\">\n      <div class=\"estrategia\" id=\"box-assinatura\">\n        <h3 class=\"titulo-assinatura\">Assinatura Concursos<\/h3>\n        <p class=\"subtitulo-assinatura\">Assinatura de 1 ano ou 2 anos<\/p>\n        <div class=\"box-botao\">\n          <a class=\"btn-assinatura\" target=\"_blank\" href=\"https:\/\/www.estrategiaconcursos.com.br\/assinaturas\/\" role=\"button\" rel=\"noopener noreferrer\">ASSINE AGORA<\/a>\n        <\/div>\n      <\/div>\n     \n    <\/div><\/div><\/div>\n\n\n\n<figure class=\"wp-block-image size-large is-resized\"><img loading=\"lazy\" decoding=\"async\" width=\"1024\" height=\"632\" src=\"https:\/\/dhg1h5j42swfq.cloudfront.net\/2021\/04\/05172012\/ficha-tecnica-35-1024x632.png\" alt=\"\" class=\"wp-image-707830\" style=\"width:153px;height:94px\" srcset=\"https:\/\/dhg1h5j42swfq.cloudfront.net\/2021\/04\/05172012\/ficha-tecnica-35-1024x632.png 1024w, https:\/\/dhg1h5j42swfq.cloudfront.net\/2021\/04\/05172012\/ficha-tecnica-35-300x185.png 300w, https:\/\/dhg1h5j42swfq.cloudfront.net\/2021\/04\/05172012\/ficha-tecnica-35-768x474.png 768w, https:\/\/dhg1h5j42swfq.cloudfront.net\/2021\/04\/05172012\/ficha-tecnica-35-1536x948.png 1536w, https:\/\/dhg1h5j42swfq.cloudfront.net\/2021\/04\/05172012\/ficha-tecnica-35-610x377.png 610w, https:\/\/dhg1h5j42swfq.cloudfront.net\/2021\/04\/05172012\/ficha-tecnica-35.png 1571w\" sizes=\"auto, (max-width: 1024px) 100vw, 1024px\" \/><\/figure>\n\n\n\n<h3 class=\"wp-block-heading\" id=\"ficha\"><strong>Informa\u00e7\u00f5es do concurso CORE MG<\/strong><\/h3>\n\n\n\n<p>\u25ba<strong>Data<\/strong> <strong>da prova<\/strong>: 15\/10\/2023<br \/>\u25ba<strong>Vagas<\/strong>: 11+ 430 CR<br \/>\u25ba<strong>Cargos<\/strong>: diversos<br \/>\u25ba<strong>Banca<\/strong>: Instituto Consulplan<br \/>\u25ba<strong>Edital<\/strong>: <a href=\"https:\/\/dhg1h5j42swfq.cloudfront.net\/2023\/07\/13112446\/core-mg-edital.pdf\" target=\"_blank\" rel=\"noreferrer noopener nofollow\"><strong>CORE MG 2023<\/strong><\/a><\/p>\n","protected":false},"excerpt":{"rendered":"<p>Edital ofertou vagas de n\u00edveis fundamental, m\u00e9dio e superior Foi homologado e publicado o resultado final do concurso do Conselho Regional dos Representantes Comercial no Estado de Minas Gerais (CORE MG)! Confira: O edital ofertou ao todo 11 vagas imediatas, al\u00e9m de 430 em cadastro de reserva, para cargos de n\u00edveis fundamental, m\u00e9dio e superior [&hellip;]<\/p>\n","protected":false},"author":1,"featured_media":585406,"comment_status":"open","ping_status":"closed","sticky":false,"template":"","format":"standard","meta":{"post_tipo":"news_page","footnotes":""},"categories":[1],"tags":[],"tax_estado":[219974],"class_list":["post-429544","post","type-post","status-publish","format-standard","has-post-thumbnail","hentry","category-cursos-e-concursos","tax_estado-mg"],"acf":[],"yoast_head":"<!-- This site is optimized with the Yoast SEO Premium plugin v27.2 (Yoast SEO v27.2) - https:\/\/yoast.com\/product\/yoast-seo-premium-wordpress\/ -->\n<title>Concurso CORE MG: resultado final homologado. Confira!<\/title>\n<meta name=\"description\" content=\"Concurso CORE MG: resultado final publicado e homologado para cargos de n\u00edveis fundamental, m\u00e9dio e superior. Veja!\" \/>\n<meta name=\"robots\" content=\"index, follow, max-snippet:-1, max-image-preview:large, max-video-preview:-1\" \/>\n<link rel=\"canonical\" href=\"https:\/\/www.estrategiaconcursos.com.br\/blog\/concurso-core-mg\/\" \/>\n<meta property=\"og:locale\" content=\"pt_BR\" \/>\n<meta property=\"og:type\" content=\"article\" \/>\n<meta property=\"og:title\" content=\"Concurso CORE MG: resultado final homologado. Confira!\" \/>\n<meta property=\"og:description\" content=\"Concurso CORE MG: resultado final publicado e homologado para cargos de n\u00edveis fundamental, m\u00e9dio e superior. Veja!\" \/>\n<meta property=\"og:url\" content=\"https:\/\/www.estrategiaconcursos.com.br\/blog\/concurso-core-mg\/\" \/>\n<meta property=\"og:site_name\" content=\"Estrat\u00e9gia Concursos\" \/>\n<meta property=\"article:author\" content=\"https:\/\/www.facebook.com\/EstrategiaConcursos\" \/>\n<meta property=\"article:published_time\" content=\"2024-02-23T11:00:00+00:00\" \/>\n<meta property=\"article:modified_time\" content=\"2024-02-23T11:53:39+00:00\" \/>\n<meta property=\"og:image\" content=\"https:\/\/dhg1h5j42swfq.cloudfront.net\/2019\/11\/08154359\/core-mg.jpg\" \/>\n\t<meta property=\"og:image:width\" content=\"600\" \/>\n\t<meta property=\"og:image:height\" content=\"315\" \/>\n\t<meta property=\"og:image:type\" content=\"image\/jpeg\" \/>\n<meta name=\"author\" content=\"Coordena\u00e7\u00e3o\" \/>\n<meta name=\"twitter:card\" content=\"summary_large_image\" \/>\n<meta name=\"twitter:creator\" content=\"@EstratConcursos\" \/>\n<meta name=\"twitter:site\" content=\"@EstratConcursos\" \/>\n<meta name=\"twitter:label1\" content=\"Escrito por\" \/>\n\t<meta name=\"twitter:data1\" content=\"Coordena\u00e7\u00e3o\" \/>\n\t<meta name=\"twitter:label2\" content=\"Est. tempo de leitura\" \/>\n\t<meta name=\"twitter:data2\" content=\"4 minutos\" \/>\n<script type=\"application\/ld+json\" class=\"yoast-schema-graph\">{\"@context\":\"https:\/\/schema.org\",\"@graph\":[{\"@type\":\"NewsArticle\",\"@id\":\"https:\/\/www.estrategiaconcursos.com.br\/blog\/concurso-core-mg\/#article\",\"isPartOf\":{\"@id\":\"https:\/\/www.estrategiaconcursos.com.br\/blog\/concurso-core-mg\/\"},\"author\":{\"name\":\"Coordena\u00e7\u00e3o\",\"@id\":\"https:\/\/www.estrategiaconcursos.com.br\/blog\/#\/schema\/person\/b4a388c97673c5f483d72185668afa1f\"},\"headline\":\"Concurso CORE MG: resultado final homologado. Confira!\",\"datePublished\":\"2024-02-23T11:00:00+00:00\",\"dateModified\":\"2024-02-23T11:53:39+00:00\",\"mainEntityOfPage\":{\"@id\":\"https:\/\/www.estrategiaconcursos.com.br\/blog\/concurso-core-mg\/\"},\"wordCount\":761,\"commentCount\":0,\"publisher\":{\"@id\":\"https:\/\/www.estrategiaconcursos.com.br\/blog\/#organization\"},\"image\":{\"@id\":\"https:\/\/www.estrategiaconcursos.com.br\/blog\/concurso-core-mg\/#primaryimage\"},\"thumbnailUrl\":\"https:\/\/dhg1h5j42swfq.cloudfront.net\/2019\/11\/08154359\/core-mg.jpg\",\"articleSection\":[\"Concursos P\u00fablicos\"],\"inLanguage\":\"pt-BR\",\"potentialAction\":[{\"@type\":\"CommentAction\",\"name\":\"Comment\",\"target\":[\"https:\/\/www.estrategiaconcursos.com.br\/blog\/concurso-core-mg\/#respond\"]}],\"copyrightYear\":\"2024\",\"copyrightHolder\":{\"@id\":\"https:\/\/www.estrategiaconcursos.com.br\/blog\/#organization\"}},{\"@type\":\"WebPage\",\"@id\":\"https:\/\/www.estrategiaconcursos.com.br\/blog\/concurso-core-mg\/\",\"url\":\"https:\/\/www.estrategiaconcursos.com.br\/blog\/concurso-core-mg\/\",\"name\":\"Concurso CORE MG: resultado final homologado. Confira!\",\"isPartOf\":{\"@id\":\"https:\/\/www.estrategiaconcursos.com.br\/blog\/#website\"},\"primaryImageOfPage\":{\"@id\":\"https:\/\/www.estrategiaconcursos.com.br\/blog\/concurso-core-mg\/#primaryimage\"},\"image\":{\"@id\":\"https:\/\/www.estrategiaconcursos.com.br\/blog\/concurso-core-mg\/#primaryimage\"},\"thumbnailUrl\":\"https:\/\/dhg1h5j42swfq.cloudfront.net\/2019\/11\/08154359\/core-mg.jpg\",\"datePublished\":\"2024-02-23T11:00:00+00:00\",\"dateModified\":\"2024-02-23T11:53:39+00:00\",\"description\":\"Concurso CORE MG: resultado final publicado e homologado para cargos de n\u00edveis fundamental, m\u00e9dio e superior. Veja!\",\"breadcrumb\":{\"@id\":\"https:\/\/www.estrategiaconcursos.com.br\/blog\/concurso-core-mg\/#breadcrumb\"},\"inLanguage\":\"pt-BR\",\"potentialAction\":[{\"@type\":\"ReadAction\",\"target\":[\"https:\/\/www.estrategiaconcursos.com.br\/blog\/concurso-core-mg\/\"]}]},{\"@type\":\"ImageObject\",\"inLanguage\":\"pt-BR\",\"@id\":\"https:\/\/www.estrategiaconcursos.com.br\/blog\/concurso-core-mg\/#primaryimage\",\"url\":\"https:\/\/dhg1h5j42swfq.cloudfront.net\/2019\/11\/08154359\/core-mg.jpg\",\"contentUrl\":\"https:\/\/dhg1h5j42swfq.cloudfront.net\/2019\/11\/08154359\/core-mg.jpg\",\"width\":600,\"height\":315,\"caption\":\"core-mg\"},{\"@type\":\"BreadcrumbList\",\"@id\":\"https:\/\/www.estrategiaconcursos.com.br\/blog\/concurso-core-mg\/#breadcrumb\",\"itemListElement\":[{\"@type\":\"ListItem\",\"position\":1,\"name\":\"In\u00edcio\",\"item\":\"https:\/\/www.estrategiaconcursos.com.br\/blog\/\"},{\"@type\":\"ListItem\",\"position\":2,\"name\":\"Concurso CORE MG: resultado final homologado. Confira!\"}]},{\"@type\":\"WebSite\",\"@id\":\"https:\/\/www.estrategiaconcursos.com.br\/blog\/#website\",\"url\":\"https:\/\/www.estrategiaconcursos.com.br\/blog\/\",\"name\":\"Estrat\u00e9gia Concursos\",\"description\":\"O blog da Estrat\u00e9gia Concursos traz not\u00edcias sobre concursos e artigos de professores oferecendo cursos para concursos (pdf + videaulas) no site.\",\"publisher\":{\"@id\":\"https:\/\/www.estrategiaconcursos.com.br\/blog\/#organization\"},\"potentialAction\":[{\"@type\":\"SearchAction\",\"target\":{\"@type\":\"EntryPoint\",\"urlTemplate\":\"https:\/\/www.estrategiaconcursos.com.br\/blog\/?s={search_term_string}\"},\"query-input\":{\"@type\":\"PropertyValueSpecification\",\"valueRequired\":true,\"valueName\":\"search_term_string\"}}],\"inLanguage\":\"pt-BR\"},{\"@type\":\"Organization\",\"@id\":\"https:\/\/www.estrategiaconcursos.com.br\/blog\/#organization\",\"name\":\"Estrat\u00e9gia Concursos\",\"url\":\"https:\/\/www.estrategiaconcursos.com.br\/blog\/\",\"logo\":{\"@type\":\"ImageObject\",\"inLanguage\":\"pt-BR\",\"@id\":\"https:\/\/www.estrategiaconcursos.com.br\/blog\/#\/schema\/logo\/image\/\",\"url\":\"https:\/\/dhg1h5j42swfq.cloudfront.net\/2025\/06\/03203428\/logo_concursos-1.jpg\",\"contentUrl\":\"https:\/\/dhg1h5j42swfq.cloudfront.net\/2025\/06\/03203428\/logo_concursos-1.jpg\",\"width\":230,\"height\":60,\"caption\":\"Estrat\u00e9gia Concursos\"},\"image\":{\"@id\":\"https:\/\/www.estrategiaconcursos.com.br\/blog\/#\/schema\/logo\/image\/\"},\"sameAs\":[\"https:\/\/x.com\/EstratConcursos\"]},{\"@type\":\"Person\",\"@id\":\"https:\/\/www.estrategiaconcursos.com.br\/blog\/#\/schema\/person\/b4a388c97673c5f483d72185668afa1f\",\"name\":\"Coordena\u00e7\u00e3o\",\"image\":{\"@type\":\"ImageObject\",\"inLanguage\":\"pt-BR\",\"@id\":\"https:\/\/secure.gravatar.com\/avatar\/b720319e4c9a967eb58678d110f4fe35452fc5d5f97b202bac7b8acceb18c6ad?s=96&d=mm&r=g\",\"url\":\"https:\/\/secure.gravatar.com\/avatar\/b720319e4c9a967eb58678d110f4fe35452fc5d5f97b202bac7b8acceb18c6ad?s=96&d=mm&r=g\",\"contentUrl\":\"https:\/\/secure.gravatar.com\/avatar\/b720319e4c9a967eb58678d110f4fe35452fc5d5f97b202bac7b8acceb18c6ad?s=96&d=mm&r=g\",\"caption\":\"Coordena\u00e7\u00e3o\"},\"sameAs\":[\"https:\/\/www.facebook.com\/EstrategiaConcursos\",\"https:\/\/x.com\/EstratConcursos\"],\"url\":\"https:\/\/www.estrategiaconcursos.com.br\/blog\/author\/estrategia2013\/\"}]}<\/script>\n<!-- \/ Yoast SEO Premium plugin. -->","yoast_head_json":{"title":"Concurso CORE MG: resultado final homologado. Confira!","description":"Concurso CORE MG: resultado final publicado e homologado para cargos de n\u00edveis fundamental, m\u00e9dio e superior. Veja!","robots":{"index":"index","follow":"follow","max-snippet":"max-snippet:-1","max-image-preview":"max-image-preview:large","max-video-preview":"max-video-preview:-1"},"canonical":"https:\/\/www.estrategiaconcursos.com.br\/blog\/concurso-core-mg\/","og_locale":"pt_BR","og_type":"article","og_title":"Concurso CORE MG: resultado final homologado. Confira!","og_description":"Concurso CORE MG: resultado final publicado e homologado para cargos de n\u00edveis fundamental, m\u00e9dio e superior. Veja!","og_url":"https:\/\/www.estrategiaconcursos.com.br\/blog\/concurso-core-mg\/","og_site_name":"Estrat\u00e9gia Concursos","article_author":"https:\/\/www.facebook.com\/EstrategiaConcursos","article_published_time":"2024-02-23T11:00:00+00:00","article_modified_time":"2024-02-23T11:53:39+00:00","og_image":[{"width":600,"height":315,"url":"https:\/\/dhg1h5j42swfq.cloudfront.net\/2019\/11\/08154359\/core-mg.jpg","type":"image\/jpeg"}],"author":"Coordena\u00e7\u00e3o","twitter_card":"summary_large_image","twitter_creator":"@EstratConcursos","twitter_site":"@EstratConcursos","twitter_misc":{"Escrito por":"Coordena\u00e7\u00e3o","Est. tempo de leitura":"4 minutos"},"schema":{"@context":"https:\/\/schema.org","@graph":[{"@type":"NewsArticle","@id":"https:\/\/www.estrategiaconcursos.com.br\/blog\/concurso-core-mg\/#article","isPartOf":{"@id":"https:\/\/www.estrategiaconcursos.com.br\/blog\/concurso-core-mg\/"},"author":{"name":"Coordena\u00e7\u00e3o","@id":"https:\/\/www.estrategiaconcursos.com.br\/blog\/#\/schema\/person\/b4a388c97673c5f483d72185668afa1f"},"headline":"Concurso CORE MG: resultado final homologado. Confira!","datePublished":"2024-02-23T11:00:00+00:00","dateModified":"2024-02-23T11:53:39+00:00","mainEntityOfPage":{"@id":"https:\/\/www.estrategiaconcursos.com.br\/blog\/concurso-core-mg\/"},"wordCount":761,"commentCount":0,"publisher":{"@id":"https:\/\/www.estrategiaconcursos.com.br\/blog\/#organization"},"image":{"@id":"https:\/\/www.estrategiaconcursos.com.br\/blog\/concurso-core-mg\/#primaryimage"},"thumbnailUrl":"https:\/\/dhg1h5j42swfq.cloudfront.net\/2019\/11\/08154359\/core-mg.jpg","articleSection":["Concursos P\u00fablicos"],"inLanguage":"pt-BR","potentialAction":[{"@type":"CommentAction","name":"Comment","target":["https:\/\/www.estrategiaconcursos.com.br\/blog\/concurso-core-mg\/#respond"]}],"copyrightYear":"2024","copyrightHolder":{"@id":"https:\/\/www.estrategiaconcursos.com.br\/blog\/#organization"}},{"@type":"WebPage","@id":"https:\/\/www.estrategiaconcursos.com.br\/blog\/concurso-core-mg\/","url":"https:\/\/www.estrategiaconcursos.com.br\/blog\/concurso-core-mg\/","name":"Concurso CORE MG: resultado final homologado. Confira!","isPartOf":{"@id":"https:\/\/www.estrategiaconcursos.com.br\/blog\/#website"},"primaryImageOfPage":{"@id":"https:\/\/www.estrategiaconcursos.com.br\/blog\/concurso-core-mg\/#primaryimage"},"image":{"@id":"https:\/\/www.estrategiaconcursos.com.br\/blog\/concurso-core-mg\/#primaryimage"},"thumbnailUrl":"https:\/\/dhg1h5j42swfq.cloudfront.net\/2019\/11\/08154359\/core-mg.jpg","datePublished":"2024-02-23T11:00:00+00:00","dateModified":"2024-02-23T11:53:39+00:00","description":"Concurso CORE MG: resultado final publicado e homologado para cargos de n\u00edveis fundamental, m\u00e9dio e superior. Veja!","breadcrumb":{"@id":"https:\/\/www.estrategiaconcursos.com.br\/blog\/concurso-core-mg\/#breadcrumb"},"inLanguage":"pt-BR","potentialAction":[{"@type":"ReadAction","target":["https:\/\/www.estrategiaconcursos.com.br\/blog\/concurso-core-mg\/"]}]},{"@type":"ImageObject","inLanguage":"pt-BR","@id":"https:\/\/www.estrategiaconcursos.com.br\/blog\/concurso-core-mg\/#primaryimage","url":"https:\/\/dhg1h5j42swfq.cloudfront.net\/2019\/11\/08154359\/core-mg.jpg","contentUrl":"https:\/\/dhg1h5j42swfq.cloudfront.net\/2019\/11\/08154359\/core-mg.jpg","width":600,"height":315,"caption":"core-mg"},{"@type":"BreadcrumbList","@id":"https:\/\/www.estrategiaconcursos.com.br\/blog\/concurso-core-mg\/#breadcrumb","itemListElement":[{"@type":"ListItem","position":1,"name":"In\u00edcio","item":"https:\/\/www.estrategiaconcursos.com.br\/blog\/"},{"@type":"ListItem","position":2,"name":"Concurso CORE MG: resultado final homologado. Confira!"}]},{"@type":"WebSite","@id":"https:\/\/www.estrategiaconcursos.com.br\/blog\/#website","url":"https:\/\/www.estrategiaconcursos.com.br\/blog\/","name":"Estrat\u00e9gia Concursos","description":"O blog da Estrat\u00e9gia Concursos traz not\u00edcias sobre concursos e artigos de professores oferecendo cursos para concursos (pdf + videaulas) no site.","publisher":{"@id":"https:\/\/www.estrategiaconcursos.com.br\/blog\/#organization"},"potentialAction":[{"@type":"SearchAction","target":{"@type":"EntryPoint","urlTemplate":"https:\/\/www.estrategiaconcursos.com.br\/blog\/?s={search_term_string}"},"query-input":{"@type":"PropertyValueSpecification","valueRequired":true,"valueName":"search_term_string"}}],"inLanguage":"pt-BR"},{"@type":"Organization","@id":"https:\/\/www.estrategiaconcursos.com.br\/blog\/#organization","name":"Estrat\u00e9gia Concursos","url":"https:\/\/www.estrategiaconcursos.com.br\/blog\/","logo":{"@type":"ImageObject","inLanguage":"pt-BR","@id":"https:\/\/www.estrategiaconcursos.com.br\/blog\/#\/schema\/logo\/image\/","url":"https:\/\/dhg1h5j42swfq.cloudfront.net\/2025\/06\/03203428\/logo_concursos-1.jpg","contentUrl":"https:\/\/dhg1h5j42swfq.cloudfront.net\/2025\/06\/03203428\/logo_concursos-1.jpg","width":230,"height":60,"caption":"Estrat\u00e9gia Concursos"},"image":{"@id":"https:\/\/www.estrategiaconcursos.com.br\/blog\/#\/schema\/logo\/image\/"},"sameAs":["https:\/\/x.com\/EstratConcursos"]},{"@type":"Person","@id":"https:\/\/www.estrategiaconcursos.com.br\/blog\/#\/schema\/person\/b4a388c97673c5f483d72185668afa1f","name":"Coordena\u00e7\u00e3o","image":{"@type":"ImageObject","inLanguage":"pt-BR","@id":"https:\/\/secure.gravatar.com\/avatar\/b720319e4c9a967eb58678d110f4fe35452fc5d5f97b202bac7b8acceb18c6ad?s=96&d=mm&r=g","url":"https:\/\/secure.gravatar.com\/avatar\/b720319e4c9a967eb58678d110f4fe35452fc5d5f97b202bac7b8acceb18c6ad?s=96&d=mm&r=g","contentUrl":"https:\/\/secure.gravatar.com\/avatar\/b720319e4c9a967eb58678d110f4fe35452fc5d5f97b202bac7b8acceb18c6ad?s=96&d=mm&r=g","caption":"Coordena\u00e7\u00e3o"},"sameAs":["https:\/\/www.facebook.com\/EstrategiaConcursos","https:\/\/x.com\/EstratConcursos"],"url":"https:\/\/www.estrategiaconcursos.com.br\/blog\/author\/estrategia2013\/"}]}},"_links":{"self":[{"href":"https:\/\/www.estrategiaconcursos.com.br\/blog\/wp-json\/wp\/v2\/posts\/429544","targetHints":{"allow":["GET"]}}],"collection":[{"href":"https:\/\/www.estrategiaconcursos.com.br\/blog\/wp-json\/wp\/v2\/posts"}],"about":[{"href":"https:\/\/www.estrategiaconcursos.com.br\/blog\/wp-json\/wp\/v2\/types\/post"}],"author":[{"embeddable":true,"href":"https:\/\/www.estrategiaconcursos.com.br\/blog\/wp-json\/wp\/v2\/users\/1"}],"replies":[{"embeddable":true,"href":"https:\/\/www.estrategiaconcursos.com.br\/blog\/wp-json\/wp\/v2\/comments?post=429544"}],"version-history":[{"count":45,"href":"https:\/\/www.estrategiaconcursos.com.br\/blog\/wp-json\/wp\/v2\/posts\/429544\/revisions"}],"predecessor-version":[{"id":1357557,"href":"https:\/\/www.estrategiaconcursos.com.br\/blog\/wp-json\/wp\/v2\/posts\/429544\/revisions\/1357557"}],"wp:featuredmedia":[{"embeddable":true,"href":"https:\/\/www.estrategiaconcursos.com.br\/blog\/wp-json\/wp\/v2\/media\/585406"}],"wp:attachment":[{"href":"https:\/\/www.estrategiaconcursos.com.br\/blog\/wp-json\/wp\/v2\/media?parent=429544"}],"wp:term":[{"taxonomy":"category","embeddable":true,"href":"https:\/\/www.estrategiaconcursos.com.br\/blog\/wp-json\/wp\/v2\/categories?post=429544"},{"taxonomy":"post_tag","embeddable":true,"href":"https:\/\/www.estrategiaconcursos.com.br\/blog\/wp-json\/wp\/v2\/tags?post=429544"},{"taxonomy":"tax_estado","embeddable":true,"href":"https:\/\/www.estrategiaconcursos.com.br\/blog\/wp-json\/wp\/v2\/tax_estado?post=429544"}],"curies":[{"name":"wp","href":"https:\/\/api.w.org\/{rel}","templated":true}]}}