{"id":429297,"date":"2019-10-15T04:33:41","date_gmt":"2019-10-15T07:33:41","guid":{"rendered":"https:\/\/www.estrategiaconcursos.com.br\/blog\/?p=429297"},"modified":"2019-11-08T17:35:16","modified_gmt":"2019-11-08T20:35:16","slug":"concurso-prefeitura-de-pederneiras","status":"publish","type":"post","link":"https:\/\/www.estrategiaconcursos.com.br\/blog\/concurso-prefeitura-de-pederneiras\/","title":{"rendered":"Concurso Prefeitura de Pederneiras: inscri\u00e7\u00f5es abertas para 83 vagas"},"content":{"rendered":"\n<p>J\u00e1 est\u00e3o abertas as inscri\u00e7\u00f5es do concurso<strong> Prefeitura de Pederneiras<\/strong>, localizada no Estado de S\u00e3o Paulo. Para se inscrever, \u00e9 necess\u00e1rio acessar o portal online da banca organizadora do certame, a CONSCAM Assessoria e Consultoria, at\u00e9 o dia 30 de outubro. <\/p>\n\n\n\n<p>Os candidatos que necessitarem da isen\u00e7\u00e3o da taxa dever\u00e3o realizar a solicita\u00e7\u00e3o entre os dias 15 e 16 de outubro. <\/p>\n\n\n\n<p>O edital do concurso Prefeitura de Pederneiras oferta<strong> 83 vagas<\/strong> para diversos cargos de n\u00edveis fundamental, m\u00e9dio\/t\u00e9cnico e superior. Confira mais detalhes sobre o certame ao longo deste artigo. Acompanhe pelos t\u00f3picos abaixo:<\/p>\n\n\n\n<ul class=\"wp-block-list\"><li><a href=\"#datas\"><strong><em>Principais datas<\/em><\/strong><\/a> <\/li><li><a href=\"#atual\"><strong><em>Situa\u00e7\u00e3o atual do concurso <\/em><\/strong><\/a><\/li><li><a href=\"#cargos\"><strong><em>Cargos\/Vagas e Remunera\u00e7\u00f5es<\/em><\/strong><\/a><\/li><li><a href=\"#provas\"><strong><em>Etapas de provas<\/em><\/strong><\/a><\/li><\/ul>\n\n\n\n<h2 class=\"wp-block-heading\" id=\"datas\">Principais datas do concurso Prefeitura de Pederneiras<\/h2>\n\n\n\n<p class=\"has-background has-very-light-gray-background-color\"><strong><em>Inscri\u00e7\u00f5es: <\/em><\/strong><em>15 a 30 de outubro<\/em><strong><em><br \/>Taxa de inscri\u00e7\u00e3o: <\/em><\/strong><br \/>\u2022 <em>N\u00edvel Fundamental &#8211; R$ 25,00 <\/em><br \/>\u2022 <em>N\u00edvel M\u00e9dio\/T\u00e9cnico &#8211; R$ 35,00<\/em><br \/>\u2022 <em>N\u00edvel Superior &#8211; R$ 50,00<\/em><strong><em><br \/>Isen\u00e7\u00e3o da taxa: <\/em><\/strong><em>15 a 16 de outubro<\/em><br \/><strong><em>Prova: <\/em><\/strong><em>17 de novembro<\/em><\/p>\n\n\n\n<h2 class=\"wp-block-heading\" id=\"atual\">Situa\u00e7\u00e3o atual do concurso Prefeitura de Pederneiras <\/h2>\n\n\n\n<p>O edital da prefeitura de Pederneiras SP, oferta no total 83 vagas para diversos cargos de n\u00edveis fundamental, m\u00e9dio\/t\u00e9cnico e superior.<\/p>\n\n\n\n<p>As inscri\u00e7\u00f5es devem ser realizadas atrav\u00e9s do portal online da banca organizadora do certame, a CONSCAM Assessoria e Consultoria, entre os dias 15 a 30 de outubro.<\/p>\n\n\n\n<h2 class=\"wp-block-heading\" id=\"cargos\">Cargos e vagas do concurso Prefeitura de Pederneiras <\/h2>\n\n\n\n<h3 class=\"wp-block-heading\">Ensino Fundamental <\/h3>\n\n\n\n<table class=\"wp-block-table aligncenter has-subtle-pale-blue-background-color has-fixed-layout has-background is-style-stripes\"><tbody><tr><td><strong>Cargos<\/strong><\/td><td><strong>Vagas<\/strong><\/td><td><strong>Remunera\u00e7\u00f5es<\/strong><\/td><\/tr><tr><td> Auxiliar de Servi\u00e7os <\/td><td>15<\/td><td> R$ 1.023,20 <\/td><\/tr><tr><td> Cozinheiro  <\/td><td>2<\/td><td> R$ 1.023,20 <\/td><\/tr><tr><td> Eletricista I <\/td><td>2<\/td><td> R$ 1.185,61  <\/td><\/tr><tr><td> Encanador I <\/td><td>1<\/td><td> R$ 1.185,61  <\/td><\/tr><tr><td> Motorista II <\/td><td>5<\/td><td> R$ 1.362,40  <\/td><\/tr><tr><td> Operador de M\u00e1quinas II <\/td><td>1<\/td><td> R$ 1.579,96 <\/td><\/tr><tr><td> Pedreiro I <\/td><td>2<\/td><td> R$ 1.185,61 <\/td><\/tr><tr><td> Pintor I <\/td><td>2<\/td><td> R$ 1.185,61  <\/td><\/tr><tr><td> Servente <\/td><td>9<\/td><td> R$ 1.023,20 <\/td><\/tr><\/tbody><\/table>\n\n\n\n<h3 class=\"wp-block-heading\">Ensino M\u00e9dio\/T\u00e9cnico<\/h3>\n\n\n\n<table class=\"wp-block-table aligncenter has-subtle-pale-blue-background-color has-fixed-layout has-background is-style-stripes\"><tbody><tr><td><strong>Cargos<\/strong><\/td><td><strong>Vagas<\/strong><\/td><td><strong>Remunera\u00e7\u00f5es<\/strong><\/td><\/tr><tr><td> Agente Administrativo I <\/td><td>3<\/td><td> R$ 1.832,08  <\/td><\/tr><tr><td> Agente Fiscal Urbano I  <\/td><td>1<\/td><td> R$ 1.832,08  <\/td><\/tr><tr><td> Auxiliar Administrativo I <\/td><td>4<\/td><td> R$ 1.111,04  <\/td><\/tr><tr><td> Cuidador <\/td><td>8<\/td><td> R$ 1.362,40 <\/td><\/tr><tr><td> T\u00e9cnico em Seguran\u00e7a do Trabalho <\/td><td>1<\/td><td> R$ 1.579,96  <\/td><\/tr><\/tbody><\/table>\n\n\n\n<h3 class=\"wp-block-heading\">Ensino Superior<\/h3>\n\n\n\n<table class=\"wp-block-table aligncenter has-subtle-pale-blue-background-color has-fixed-layout has-background is-style-stripes\"><tbody><tr><td><strong>Cargos<\/strong><\/td><td><strong>Vagas<\/strong><\/td><td><strong>Remunera\u00e7\u00f5es<\/strong><\/td><\/tr><tr><td> Agente Jur\u00eddico <\/td><td>3<\/td><td> R$ 2.015,29  <\/td><\/tr><tr><td> Arquiteto I <\/td><td>1<\/td><td> R$ 2.015,29  <\/td><\/tr><tr><td>  Assistente social I <\/td><td>1<\/td><td> R$ 2.015,29  <\/td><\/tr><tr><td> Auxiliar Desenvolvimento Infantil <\/td><td>8<\/td><td> R$ 1.579,96  <\/td><\/tr><tr><td> Bi\u00f3logo I <\/td><td>1<\/td><td> R$ 2.015,29 <\/td><\/tr><tr><td> Contador I <\/td><td>1<\/td><td> R$ 2.015,29  <\/td><\/tr><tr><td> Controlador Interno <\/td><td>2<\/td><td> R$ 2.015,29 <\/td><\/tr><tr><td> Engenheiro de Seguran\u00e7a do Trabalho <\/td><td>1<\/td><td> R$ 2.015,29 <\/td><\/tr><tr><td> Engenheiro I <\/td><td>1<\/td><td> R$ 2.015,29 <\/td><\/tr><tr><td> Nutricionista I <\/td><td>1<\/td><td> R$ 2.015,29 <\/td><\/tr><tr><td> P.E.B.E. \u2013 Dan\u00e7a  <\/td><td>1<\/td><td> R$ 2.015,29 <\/td><\/tr><tr><td> P.E.B.E. \u2013 Educa\u00e7\u00e3o Art\u00edstica <\/td><td>2<\/td><td> R$ 2.015,29 <\/td><\/tr><tr><td> P.E.B.E. \u2013 M\u00fasica (instrumento e coral) <\/td><td>1<\/td><td> R$ 2.015,29  <\/td><\/tr><tr><td> Psic\u00f3logo I <\/td><td>3<\/td><td> R$ 2.015,29  <\/td><\/tr><\/tbody><\/table>\n\n\n\n<h2 class=\"wp-block-heading\" id=\"provas\">Etapas de provas do concurso Prefeitura de Pederneiras <\/h2>\n\n\n\n<p>O concurso Prefeitura de Pederneiras ter\u00e1 provas objetivas de car\u00e1ter eliminat\u00f3rio e classificat\u00f3rio para todos os cargos, prova pr\u00e1tica de car\u00e1ter eliminat\u00f3rio e classificat\u00f3rio para os cargos de Cozinheiro, Eletricista I, Encanador I, Operador de M\u00e1quinas II, Pedreiro I e Pintor I.<\/p>\n\n\n\n<p>Al\u00e9m disso a prova discursiva de car\u00e1ter classificat\u00f3rio ser\u00e1 realizada pelos  cargos de Agente Jur\u00eddico e Controlador Interno e a prova de t\u00edtulos de car\u00e1ter classificat\u00f3rio para todos os cargos de Professor.<\/p>\n\n\n\n<h3 class=\"wp-block-heading\">Prova Objetiva<\/h3>\n\n\n\n<p>A prova objetiva dever\u00e1 ser realizada no dia 17 de novembro de 2019. A convoca\u00e7\u00e3o e confirma\u00e7\u00e3o da data e local de realiza\u00e7\u00e3o da prova ser\u00e1 divulgada no mural e no Di\u00e1rio Oficial Eletr\u00f4nico da Prefeitura Municipal de Pederneiras.<\/p>\n\n\n\n<p>A prova objetiva ser\u00e1 composta de 50 quest\u00f5es de m\u00faltipla escolha, com 05 alternativas cada uma. A dura\u00e7\u00e3o do exae ser\u00e1 de 03 horas. <\/p>\n\n\n\n<ul class=\"wp-block-list\"><li><em>Portugu\u00eas<\/em><\/li><li><em>Matem\u00e1tica<\/em><\/li><li><em>Conhecimentos Espec\u00edficos<\/em><\/li><\/ul>\n\n\n\n<h3 class=\"wp-block-heading\">Prova Pr\u00e1tica<\/h3>\n\n\n\n<p>A prova pr\u00e1tica ser\u00e1 aplicada para os 20 primeiros candidatos classificados na prova objetiva para os cargos de Cozinheiro, Eletricista I, Encanador I, Operador de M\u00e1quinas II, Pedreiro I e Pintor I, desde que estes tenham obtido nota igual ou superior a 50 pontos.<\/p>\n\n\n\n<h4 class=\"wp-block-heading\">Prova Pr\u00e1tica de Cozinheiro <\/h4>\n\n\n\n<p>Na prova pr\u00e1tica, o candidato dever\u00e1 demonstrar seus conhecimentos sobre o uso adequado de materiais, equipamentos, ferramentas, materiais, utiliza\u00e7\u00e3o de equipamentos de prote\u00e7\u00e3o individual \u2013 EPI\u2019s e as habilidades do candidato no desempenho das atividades inerentes ao cargo.<\/p>\n\n\n\n<h4 class=\"wp-block-heading\">Prova Pr\u00e1tica de Eletricista I <\/h4>\n\n\n\n<p>Para o cargo Eletricista ser\u00e1 avaliado a capacidade do candidato em desenvolver as atribui\u00e7\u00f5es relativas ao cargo pretendido e consistir\u00e1 na execu\u00e7\u00e3o de tarefas inerentes \u00e0 fun\u00e7\u00e3o, tais como: conhecimento de ferramentas\/materiais, montagem de circuitos diversos (em s\u00e9rie, paralelo e misto), interpreta\u00e7\u00e3o e leitura de instrumentos de precis\u00e3o.<\/p>\n\n\n\n<p>O tempo para a execu\u00e7\u00e3o das tarefas ser\u00e1 de 20 (vinte) minutos, inclu\u00eddo aquele destinado ao preparo e \u00e0 organiza\u00e7\u00e3o inicial e final dos materiais e equipamentos.<\/p>\n\n\n\n<h4 class=\"wp-block-heading\">Prova Pr\u00e1tica de Encanador I <\/h4>\n\n\n\n<p>O candidato dever\u00e1 demonstrar seus conhecimentos sobre o uso adequado de materiais hidr\u00e1ulicos, met\u00e1licos ou n\u00e3o, fazendo uso de equipamentos e ferramentas com finalidade de possibilitar condu\u00e7\u00e3o de ar, \u00e1gua, vapor e outros flu\u00eddos, bem como a implanta\u00e7\u00e3o de rede de \u00e1gua e esgoto, fazendo uso correto de equipamentos de prote\u00e7\u00e3o individual \u2013 EPI\u2019s. <\/p>\n\n\n\n<h4 class=\"wp-block-heading\">Prova Pr\u00e1tica Operador de M\u00e1quina II \/ Prova Pr\u00e1tica Motorista  <\/h4>\n\n\n\n<p>A Prova Pr\u00e1tica visar\u00e1 avaliar por meio de demonstra\u00e7\u00e3o pr\u00e1tica os conhecimentos e as habilidades do candidato no desempenho das atividades inerentes a fun\u00e7\u00e3o. Para a prova de operador de M\u00e1quinas ser\u00e1 utilizada uma Retroescavadeira JCB 3C. Os crit\u00e9rios de avalia\u00e7\u00e3o ser\u00e3o feitos atrav\u00e9s do manuseio feito pelo candidato  <\/p>\n\n\n\n<p>Para o cargo de Motorista ser\u00e1 utilizado um Caminh\u00e3o Pipa CARGO 1722, com capacidade para 10.000 litros. <\/p>\n\n\n\n<h4 class=\"wp-block-heading\">Prova Pr\u00e1tica Pedreiro I <\/h4>\n\n\n\n<p><strong>Tarefa 1:<\/strong> Assentar blocos e tijolos. A avalia\u00e7\u00e3o ser\u00e1 dentro de uma escala gradativa de 0 a 20 pontos, observando aspectos como nivelamento, alinhamento, utiliza\u00e7\u00e3o de EPI&#8217;s, utiliza\u00e7\u00e3o correta de materiais e equipamentos, entre outros <\/p>\n\n\n\n<p><strong>Tarefa 2:<\/strong> Assentar cer\u00e2micas: A avalia\u00e7\u00e3o ser\u00e1 dentro de uma escala gradativa de 0 a 20 pontos, observando aspectos como nivelamento, alinhamento, utiliza\u00e7\u00e3o de EPI&#8217;s, utiliza\u00e7\u00e3o correta de materiais e equipamentos, entre outros; <\/p>\n\n\n\n<p>Tarefa 3: Montar tubula\u00e7\u00f5es hidr\u00e1ulicas, (utilizando ferro e P.V.C.). A avalia\u00e7\u00e3o ser\u00e1 dentro de uma escala gradativa de 0 a 20 pontos, observando aspectos como manuseio e quantidades e tipos de materiais aplicados nas pe\u00e7as, utiliza\u00e7\u00e3o de EPI&#8217;s, entre outros; <\/p>\n\n\n\n<p><strong>Tarefa 4:<\/strong> Esquadrejar, uma determinada \u00e1rea. A avalia\u00e7\u00e3o ser\u00e1 dentro de uma escala gradativa 0 a 20 pontos, observando aspectos como demarca\u00e7\u00e3o e alinhamento da \u00e1rea, utiliza\u00e7\u00e3o de EPI&#8217;s, utiliza\u00e7\u00e3o correta de materiais e equipamentos, entre outros; <\/p>\n\n\n\n<p><strong>Tarefa 5:<\/strong> Identificar pe\u00e7as e ferramentas, quanto \u00e0 \u201cbitola\u201d e nome correto dos mesmos. A avalia\u00e7\u00e3o ser\u00e1 dentro de uma escala gradativa de 0 a 20 pontos, sendo que cada item apontado corretamente pelo candidato, ocorrer\u00e1 na atribui\u00e7\u00e3o de um grau na escala de pontua\u00e7\u00e3o. <\/p>\n\n\n\n<h4 class=\"wp-block-heading\">  Prova Pr\u00e1tica Pintor I <\/h4>\n\n\n\n<ul class=\"wp-block-list\"><li><em>Identifica\u00e7\u00e3o de ferramentas de trabalho e EPI\u2019s &#8211; O candidato dever\u00e1 identificar ferramentas de trabalho que estar\u00e3o expostas, dever\u00e1 explicar qual \u00e9 a fun\u00e7\u00e3o de cada ferramenta para a execu\u00e7\u00e3o do trabalho<\/em><\/li><li><em>Prepara\u00e7\u00e3o da parede<\/em><\/li><li><em>Aplica\u00e7\u00e3o de Latex<\/em><\/li><li><em>Aplica\u00e7\u00e3o de Esmalte Sint\u00e9tico<\/em><\/li><li><em>Aplica\u00e7\u00e3o de Textura\/Grafiato <\/em><\/li><\/ul>\n\n\n\n<h3 class=\"wp-block-heading\">Prova Discursiva <\/h3>\n\n\n\n<p>A Prova Discursiva para os cargos de Agente Jur\u00eddico e Controlador Interno ser\u00e1 de car\u00e1ter CLASSIFICAT\u00d3RIO e destina-se a avaliar os conhecimentos que os candidatos possuem para o desempenho de atividades que s\u00e3o inerentes ao cargo <\/p>\n\n\n\n<h3 class=\"wp-block-heading\">Prova de T\u00edtulos <\/h3>\n\n\n\n<p>Todos os candidatos para os cargos de Professor que forem apresentar t\u00edtulos dever\u00e3o entreg\u00e1-los no mesmo dia e local da realiza\u00e7\u00e3o da Prova Objetiva. <\/p>\n\n\n\n<figure class=\"wp-block-image\"><img decoding=\"async\" src=\"https:\/\/dhg1h5j42swfq.cloudfront.net\/2019\/10\/15093400\/Sem-t%C3%ADtulo-min.png\" alt=\"Avalia\u00e7\u00e3o de T\u00edtulos do concurso Prefeitura de Pederneiras\" class=\"wp-image-434235\"\/><figcaption>Avalia\u00e7\u00e3o de T\u00edtulos do concurso Prefeitura de Pederneiras<\/figcaption><\/figure>\n\n\n\n<h2 class=\"wp-block-heading\">Edital Estrat\u00e9gico<\/h2>\n\n\n\n<p style=\"font-size:22px;text-align:center\" class=\"has-background has-very-light-gray-background-color\"><a rel=\"noreferrer noopener\" href=\"https:\/\/drive.google.com\/open?id=1FRM5HmVLAiXy29FBUgEJ4d2F6wnK8eKL\" target=\"_blank\"><strong>Auxiliar Administrativo<\/strong><\/a><\/p>\n\n\n\n<p style=\"font-size:22px;text-align:center\" class=\"has-background has-very-light-gray-background-color\"><a rel=\"noreferrer noopener\" href=\"https:\/\/drive.google.com\/open?id=1efEIRjYi9ZF7wdFJnrXLYKkp38lmJdHy\" target=\"_blank\"><strong>Agente Administrativo<\/strong><\/a><\/p>\n\n\n\n<p style=\"font-size:22px;text-align:center\" class=\"has-background has-very-light-gray-background-color\"><a rel=\"noreferrer noopener\" href=\"https:\/\/drive.google.com\/open?id=1QNRltdSZJfEuHZzvItnTh0tW3iZNlFlA\" target=\"_blank\"><strong>Agente Fiscal Urbano<\/strong><\/a><\/p>\n\n\n\n<p style=\"font-size:22px;text-align:center\" class=\"has-background has-very-light-gray-background-color\"><a rel=\"noreferrer noopener\" href=\"https:\/\/drive.google.com\/open?id=1DPryQAoR4WcsUs12of6KfW8Z3ToQcTrg\" target=\"_blank\"><strong>Contador<\/strong><\/a><\/p>\n\n\n\n<p>IMPORTANTE: Ao clicar no link acima, vai ser aberta uma janela do Google Drive que tentar\u00e1 carregar a visualiza\u00e7\u00e3o da planilha no seu navegador. N\u00e3o h\u00e1 necessidade de esperar essa visualiza\u00e7\u00e3o (talvez at\u00e9 nem carregue, j\u00e1 que os arquivos s\u00e3o pesados).<\/p>\n\n\n\n<p>Fa\u00e7a o download clicando na seta para baixo no canto superior direito da janela do Google Drive que vai ser aberta ao clicar nos links acima.<\/p>\n\n\n\n<p>Todos os arquivos foram testados em diferentes computadores e celulares e est\u00e3o ok. Talvez alguma incompatibilidade (ou mensagem de erro, como &#8220;arquivo inv\u00e1lido&#8221;) ocorra em virtude do seu pr\u00f3prio computador ou do tamanho dos arquivos que possuem mais conte\u00fado.<\/p>\n\n\n\n<h2 class=\"wp-block-heading\" style=\"text-align:center\" id=\"cursos-assinatura\"><strong><em>Quer estudar para o Concurso Prefeitura de Pederneiras SP?<\/em><\/strong><\/h2>\n\n\n\n<p style=\"text-align:center\"><em>Gostou desta oportunidade e deseja come\u00e7ar se preparar agora mesmo? Ent\u00e3o, confira os nossos cursos e comece a estudar para Prefeitura Pederneiras SP:<\/em><\/p>\n\n\n\n<p style=\"font-size:22px;text-align:center\" class=\"has-background has-light-green-cyan-background-color\"><a href=\"https:\/\/www.estrategiaconcursos.com.br\/cursos\/\"><strong><em>Curso para concurso<\/em><\/strong><\/a><\/p>\n\n\n\n<p style=\"text-align:center\" class=\"has-medium-font-size\"><em><strong>Assinatura Anual Ilimitada*<\/strong><\/em><\/p>\n\n\n\n<p style=\"text-align:center\"><em>Prepare-se com o melhor material e com quem mais aprova em Concursos P\u00fablicos em todo o pa\u00eds. Assine agora a nossa Assinatura Anual e tenha acesso ilimitado* a todos os nossos cursos.<\/em><\/p>\n\n\n\n<p style=\"font-size:22px;text-align:center\" class=\"has-background has-luminous-vivid-amber-background-color\"><strong>ASSINE AGORA<\/strong>&nbsp;\u2013&nbsp;<a rel=\"noreferrer noopener\" href=\"https:\/\/www.estrategiaconcursos.com.br\/assinaturas\" target=\"_blank\"><strong>Assinatura Ilimitada<\/strong><\/a><\/p>\n\n\n\n<p style=\"text-align:center\" class=\"has-medium-font-size\"><strong><em>Fique por dentro de todos os concursos<\/em><\/strong><\/p>\n\n\n\n<p style=\"font-size:23px;text-align:center\" class=\"has-background has-pale-cyan-blue-background-color\"><strong><a href=\"https:\/\/www.estrategiaconcursos.com.br\/blog\/concursos-abertos\/\" target=\"_blank\" rel=\"noreferrer noopener\" aria-label=\"CONCURSOS ABERTOS (abre numa nova aba)\">CONCURSOS ABERTOS<\/a><\/strong><\/p>\n\n\n\n<p style=\"font-size:23px;text-align:center\" class=\"has-background has-pale-cyan-blue-background-color\"><strong><a href=\"https:\/\/www.estrategiaconcursos.com.br\/blog\/concursos-2019\/\" target=\"_blank\" rel=\"noreferrer noopener\">CONCURSOS 2019<\/a><\/strong><\/p>\n\n\n\n<p style=\"font-size:23px;text-align:center\" class=\"has-background has-pale-cyan-blue-background-color\"><strong><a rel=\"noreferrer noopener\" href=\"https:\/\/www.estrategiaconcursos.com.br\/blog\/concursos-2020\/\" target=\"_blank\">CONCURSOS&nbsp;2020<\/a><\/strong><\/p>\n\n\n\n<figure class=\"wp-block-image\"><img loading=\"lazy\" decoding=\"async\" width=\"300\" height=\"102\" src=\"https:\/\/dhg1h5j42swfq.cloudfront.net\/2017\/03\/28152500\/coruja-ficha-tecnica-300x102.png\" alt=\"Ficha t\u00e9cnica do Concurso Prefeitura de Pederneiras SP\" class=\"wp-image-68542\"\/><\/figure>\n\n\n\n<h3 class=\"wp-block-heading\" id=\"ficha-tecnica\"><strong>\u2666Informa\u00e7\u00f5es do Concurso Prefeitura de Pederneiras SP<\/strong><\/h3>\n\n\n\n<p>\u25ba<strong>Data:<\/strong>&nbsp;17 de novembro<br \/>\u25ba<strong>Vagas:<\/strong>&nbsp;83 vagas <br \/>\u25ba<strong>Banca:&nbsp;<\/strong>CONSCAM <br \/>\u25ba<strong>Escolaridade:&nbsp;<\/strong>N\u00edvel fundamental, m\u00e9dio\/t\u00e9cnico e superior<br \/>\u25ba<strong>Edital:<\/strong> <a href=\"https:\/\/dhg1h5j42swfq.cloudfront.net\/2019\/10\/02163151\/edital-pederneiras-sp_1.pdf\">Edital Prefeitura de Pederneiras 2019<\/a><\/p>\n\n\n\n<p><em>Ascom Estrat\u00e9gia<\/em><br \/>ascomestrategia@gmail.com<\/p>\n","protected":false},"excerpt":{"rendered":"<p>J\u00e1 est\u00e3o abertas as inscri\u00e7\u00f5es do concurso Prefeitura de Pederneiras, localizada no Estado de S\u00e3o Paulo. Para se inscrever, \u00e9 necess\u00e1rio acessar o portal online da banca organizadora do certame, a CONSCAM Assessoria e Consultoria, at\u00e9 o dia 30 de outubro. Os candidatos que necessitarem da isen\u00e7\u00e3o da taxa dever\u00e3o realizar a solicita\u00e7\u00e3o entre os [&hellip;]<\/p>\n","protected":false},"author":1,"featured_media":435613,"comment_status":"open","ping_status":"closed","sticky":false,"template":"","format":"standard","meta":{"post_tipo":"news","footnotes":""},"categories":[1],"tags":[],"tax_estado":[],"class_list":["post-429297","post","type-post","status-publish","format-standard","has-post-thumbnail","hentry","category-cursos-e-concursos"],"acf":[],"yoast_head":"<!-- This site is optimized with the Yoast SEO Premium plugin v27.2 (Yoast SEO v27.2) - https:\/\/yoast.com\/product\/yoast-seo-premium-wordpress\/ -->\n<title>Concurso Prefeitura de Pederneiras: inscri\u00e7\u00f5es abertas para 83 vagas<\/title>\n<meta name=\"description\" content=\"Concurso Prefeitura de Pederneiras: Publicado edital com 83 vagas para oportunidades para todos os n\u00edveis de escolaridade. Saiba mais!\" \/>\n<meta name=\"robots\" content=\"index, follow, max-snippet:-1, max-image-preview:large, max-video-preview:-1\" \/>\n<link rel=\"canonical\" href=\"https:\/\/www.estrategiaconcursos.com.br\/blog\/concurso-prefeitura-de-pederneiras\/\" \/>\n<meta property=\"og:locale\" content=\"pt_BR\" \/>\n<meta property=\"og:type\" content=\"article\" \/>\n<meta property=\"og:title\" content=\"Concurso Prefeitura de Pederneiras: inscri\u00e7\u00f5es abertas para 83 vagas\" \/>\n<meta property=\"og:description\" content=\"Concurso Prefeitura de Pederneiras: Publicado edital com 83 vagas para oportunidades para todos os n\u00edveis de escolaridade. Saiba mais!\" \/>\n<meta property=\"og:url\" content=\"https:\/\/www.estrategiaconcursos.com.br\/blog\/concurso-prefeitura-de-pederneiras\/\" \/>\n<meta property=\"og:site_name\" content=\"Estrat\u00e9gia Concursos\" \/>\n<meta property=\"article:author\" content=\"https:\/\/www.facebook.com\/EstrategiaConcursos\" \/>\n<meta property=\"article:published_time\" content=\"2019-10-15T07:33:41+00:00\" \/>\n<meta property=\"article:modified_time\" content=\"2019-11-08T20:35:16+00:00\" \/>\n<meta property=\"og:image\" content=\"https:\/\/dhg1h5j42swfq.cloudfront.net\/2019\/10\/16161828\/PREFEITURA-DE-PEDERNEIRAS-SP.jpg\" \/>\n\t<meta property=\"og:image:width\" content=\"1200\" \/>\n\t<meta property=\"og:image:height\" content=\"628\" \/>\n\t<meta property=\"og:image:type\" content=\"image\/jpeg\" \/>\n<meta name=\"author\" content=\"Coordena\u00e7\u00e3o\" \/>\n<meta name=\"twitter:card\" content=\"summary_large_image\" \/>\n<meta name=\"twitter:creator\" content=\"@EstratConcursos\" \/>\n<meta name=\"twitter:site\" content=\"@EstratConcursos\" \/>\n<meta name=\"twitter:label1\" content=\"Escrito por\" \/>\n\t<meta name=\"twitter:data1\" content=\"Coordena\u00e7\u00e3o\" \/>\n\t<meta name=\"twitter:label2\" content=\"Est. tempo de leitura\" \/>\n\t<meta name=\"twitter:data2\" content=\"7 minutos\" \/>\n<script type=\"application\/ld+json\" class=\"yoast-schema-graph\">{\"@context\":\"https:\/\/schema.org\",\"@graph\":[{\"@type\":\"NewsArticle\",\"@id\":\"https:\/\/www.estrategiaconcursos.com.br\/blog\/concurso-prefeitura-de-pederneiras\/#article\",\"isPartOf\":{\"@id\":\"https:\/\/www.estrategiaconcursos.com.br\/blog\/concurso-prefeitura-de-pederneiras\/\"},\"author\":{\"name\":\"Coordena\u00e7\u00e3o\",\"@id\":\"https:\/\/www.estrategiaconcursos.com.br\/blog\/#\/schema\/person\/b4a388c97673c5f483d72185668afa1f\"},\"headline\":\"Concurso Prefeitura de Pederneiras: inscri\u00e7\u00f5es abertas para 83 vagas\",\"datePublished\":\"2019-10-15T07:33:41+00:00\",\"dateModified\":\"2019-11-08T20:35:16+00:00\",\"mainEntityOfPage\":{\"@id\":\"https:\/\/www.estrategiaconcursos.com.br\/blog\/concurso-prefeitura-de-pederneiras\/\"},\"wordCount\":1491,\"commentCount\":0,\"publisher\":{\"@id\":\"https:\/\/www.estrategiaconcursos.com.br\/blog\/#organization\"},\"image\":{\"@id\":\"https:\/\/www.estrategiaconcursos.com.br\/blog\/concurso-prefeitura-de-pederneiras\/#primaryimage\"},\"thumbnailUrl\":\"https:\/\/dhg1h5j42swfq.cloudfront.net\/2019\/10\/16161828\/PREFEITURA-DE-PEDERNEIRAS-SP.jpg\",\"articleSection\":[\"Concursos P\u00fablicos\"],\"inLanguage\":\"pt-BR\",\"potentialAction\":[{\"@type\":\"CommentAction\",\"name\":\"Comment\",\"target\":[\"https:\/\/www.estrategiaconcursos.com.br\/blog\/concurso-prefeitura-de-pederneiras\/#respond\"]}],\"copyrightYear\":\"2019\",\"copyrightHolder\":{\"@id\":\"https:\/\/www.estrategiaconcursos.com.br\/blog\/#organization\"}},{\"@type\":\"WebPage\",\"@id\":\"https:\/\/www.estrategiaconcursos.com.br\/blog\/concurso-prefeitura-de-pederneiras\/\",\"url\":\"https:\/\/www.estrategiaconcursos.com.br\/blog\/concurso-prefeitura-de-pederneiras\/\",\"name\":\"Concurso Prefeitura de Pederneiras: inscri\u00e7\u00f5es abertas para 83 vagas\",\"isPartOf\":{\"@id\":\"https:\/\/www.estrategiaconcursos.com.br\/blog\/#website\"},\"primaryImageOfPage\":{\"@id\":\"https:\/\/www.estrategiaconcursos.com.br\/blog\/concurso-prefeitura-de-pederneiras\/#primaryimage\"},\"image\":{\"@id\":\"https:\/\/www.estrategiaconcursos.com.br\/blog\/concurso-prefeitura-de-pederneiras\/#primaryimage\"},\"thumbnailUrl\":\"https:\/\/dhg1h5j42swfq.cloudfront.net\/2019\/10\/16161828\/PREFEITURA-DE-PEDERNEIRAS-SP.jpg\",\"datePublished\":\"2019-10-15T07:33:41+00:00\",\"dateModified\":\"2019-11-08T20:35:16+00:00\",\"description\":\"Concurso Prefeitura de Pederneiras: Publicado edital com 83 vagas para oportunidades para todos os n\u00edveis de escolaridade. Saiba mais!\",\"breadcrumb\":{\"@id\":\"https:\/\/www.estrategiaconcursos.com.br\/blog\/concurso-prefeitura-de-pederneiras\/#breadcrumb\"},\"inLanguage\":\"pt-BR\",\"potentialAction\":[{\"@type\":\"ReadAction\",\"target\":[\"https:\/\/www.estrategiaconcursos.com.br\/blog\/concurso-prefeitura-de-pederneiras\/\"]}]},{\"@type\":\"ImageObject\",\"inLanguage\":\"pt-BR\",\"@id\":\"https:\/\/www.estrategiaconcursos.com.br\/blog\/concurso-prefeitura-de-pederneiras\/#primaryimage\",\"url\":\"https:\/\/dhg1h5j42swfq.cloudfront.net\/2019\/10\/16161828\/PREFEITURA-DE-PEDERNEIRAS-SP.jpg\",\"contentUrl\":\"https:\/\/dhg1h5j42swfq.cloudfront.net\/2019\/10\/16161828\/PREFEITURA-DE-PEDERNEIRAS-SP.jpg\",\"width\":1200,\"height\":628},{\"@type\":\"BreadcrumbList\",\"@id\":\"https:\/\/www.estrategiaconcursos.com.br\/blog\/concurso-prefeitura-de-pederneiras\/#breadcrumb\",\"itemListElement\":[{\"@type\":\"ListItem\",\"position\":1,\"name\":\"In\u00edcio\",\"item\":\"https:\/\/www.estrategiaconcursos.com.br\/blog\/\"},{\"@type\":\"ListItem\",\"position\":2,\"name\":\"Concurso Prefeitura de Pederneiras: inscri\u00e7\u00f5es abertas para 83 vagas\"}]},{\"@type\":\"WebSite\",\"@id\":\"https:\/\/www.estrategiaconcursos.com.br\/blog\/#website\",\"url\":\"https:\/\/www.estrategiaconcursos.com.br\/blog\/\",\"name\":\"Estrat\u00e9gia Concursos\",\"description\":\"O blog da Estrat\u00e9gia Concursos traz not\u00edcias sobre concursos e artigos de professores oferecendo cursos para concursos (pdf + videaulas) no site.\",\"publisher\":{\"@id\":\"https:\/\/www.estrategiaconcursos.com.br\/blog\/#organization\"},\"potentialAction\":[{\"@type\":\"SearchAction\",\"target\":{\"@type\":\"EntryPoint\",\"urlTemplate\":\"https:\/\/www.estrategiaconcursos.com.br\/blog\/?s={search_term_string}\"},\"query-input\":{\"@type\":\"PropertyValueSpecification\",\"valueRequired\":true,\"valueName\":\"search_term_string\"}}],\"inLanguage\":\"pt-BR\"},{\"@type\":\"Organization\",\"@id\":\"https:\/\/www.estrategiaconcursos.com.br\/blog\/#organization\",\"name\":\"Estrat\u00e9gia Concursos\",\"url\":\"https:\/\/www.estrategiaconcursos.com.br\/blog\/\",\"logo\":{\"@type\":\"ImageObject\",\"inLanguage\":\"pt-BR\",\"@id\":\"https:\/\/www.estrategiaconcursos.com.br\/blog\/#\/schema\/logo\/image\/\",\"url\":\"https:\/\/dhg1h5j42swfq.cloudfront.net\/2025\/06\/03203428\/logo_concursos-1.jpg\",\"contentUrl\":\"https:\/\/dhg1h5j42swfq.cloudfront.net\/2025\/06\/03203428\/logo_concursos-1.jpg\",\"width\":230,\"height\":60,\"caption\":\"Estrat\u00e9gia Concursos\"},\"image\":{\"@id\":\"https:\/\/www.estrategiaconcursos.com.br\/blog\/#\/schema\/logo\/image\/\"},\"sameAs\":[\"https:\/\/x.com\/EstratConcursos\"]},{\"@type\":\"Person\",\"@id\":\"https:\/\/www.estrategiaconcursos.com.br\/blog\/#\/schema\/person\/b4a388c97673c5f483d72185668afa1f\",\"name\":\"Coordena\u00e7\u00e3o\",\"image\":{\"@type\":\"ImageObject\",\"inLanguage\":\"pt-BR\",\"@id\":\"https:\/\/secure.gravatar.com\/avatar\/b720319e4c9a967eb58678d110f4fe35452fc5d5f97b202bac7b8acceb18c6ad?s=96&d=mm&r=g\",\"url\":\"https:\/\/secure.gravatar.com\/avatar\/b720319e4c9a967eb58678d110f4fe35452fc5d5f97b202bac7b8acceb18c6ad?s=96&d=mm&r=g\",\"contentUrl\":\"https:\/\/secure.gravatar.com\/avatar\/b720319e4c9a967eb58678d110f4fe35452fc5d5f97b202bac7b8acceb18c6ad?s=96&d=mm&r=g\",\"caption\":\"Coordena\u00e7\u00e3o\"},\"sameAs\":[\"https:\/\/www.facebook.com\/EstrategiaConcursos\",\"https:\/\/x.com\/EstratConcursos\"],\"url\":\"https:\/\/www.estrategiaconcursos.com.br\/blog\/author\/estrategia2013\/\"}]}<\/script>\n<!-- \/ Yoast SEO Premium plugin. -->","yoast_head_json":{"title":"Concurso Prefeitura de Pederneiras: inscri\u00e7\u00f5es abertas para 83 vagas","description":"Concurso Prefeitura de Pederneiras: Publicado edital com 83 vagas para oportunidades para todos os n\u00edveis de escolaridade. Saiba mais!","robots":{"index":"index","follow":"follow","max-snippet":"max-snippet:-1","max-image-preview":"max-image-preview:large","max-video-preview":"max-video-preview:-1"},"canonical":"https:\/\/www.estrategiaconcursos.com.br\/blog\/concurso-prefeitura-de-pederneiras\/","og_locale":"pt_BR","og_type":"article","og_title":"Concurso Prefeitura de Pederneiras: inscri\u00e7\u00f5es abertas para 83 vagas","og_description":"Concurso Prefeitura de Pederneiras: Publicado edital com 83 vagas para oportunidades para todos os n\u00edveis de escolaridade. Saiba mais!","og_url":"https:\/\/www.estrategiaconcursos.com.br\/blog\/concurso-prefeitura-de-pederneiras\/","og_site_name":"Estrat\u00e9gia Concursos","article_author":"https:\/\/www.facebook.com\/EstrategiaConcursos","article_published_time":"2019-10-15T07:33:41+00:00","article_modified_time":"2019-11-08T20:35:16+00:00","og_image":[{"width":1200,"height":628,"url":"https:\/\/dhg1h5j42swfq.cloudfront.net\/2019\/10\/16161828\/PREFEITURA-DE-PEDERNEIRAS-SP.jpg","type":"image\/jpeg"}],"author":"Coordena\u00e7\u00e3o","twitter_card":"summary_large_image","twitter_creator":"@EstratConcursos","twitter_site":"@EstratConcursos","twitter_misc":{"Escrito por":"Coordena\u00e7\u00e3o","Est. tempo de leitura":"7 minutos"},"schema":{"@context":"https:\/\/schema.org","@graph":[{"@type":"NewsArticle","@id":"https:\/\/www.estrategiaconcursos.com.br\/blog\/concurso-prefeitura-de-pederneiras\/#article","isPartOf":{"@id":"https:\/\/www.estrategiaconcursos.com.br\/blog\/concurso-prefeitura-de-pederneiras\/"},"author":{"name":"Coordena\u00e7\u00e3o","@id":"https:\/\/www.estrategiaconcursos.com.br\/blog\/#\/schema\/person\/b4a388c97673c5f483d72185668afa1f"},"headline":"Concurso Prefeitura de Pederneiras: inscri\u00e7\u00f5es abertas para 83 vagas","datePublished":"2019-10-15T07:33:41+00:00","dateModified":"2019-11-08T20:35:16+00:00","mainEntityOfPage":{"@id":"https:\/\/www.estrategiaconcursos.com.br\/blog\/concurso-prefeitura-de-pederneiras\/"},"wordCount":1491,"commentCount":0,"publisher":{"@id":"https:\/\/www.estrategiaconcursos.com.br\/blog\/#organization"},"image":{"@id":"https:\/\/www.estrategiaconcursos.com.br\/blog\/concurso-prefeitura-de-pederneiras\/#primaryimage"},"thumbnailUrl":"https:\/\/dhg1h5j42swfq.cloudfront.net\/2019\/10\/16161828\/PREFEITURA-DE-PEDERNEIRAS-SP.jpg","articleSection":["Concursos P\u00fablicos"],"inLanguage":"pt-BR","potentialAction":[{"@type":"CommentAction","name":"Comment","target":["https:\/\/www.estrategiaconcursos.com.br\/blog\/concurso-prefeitura-de-pederneiras\/#respond"]}],"copyrightYear":"2019","copyrightHolder":{"@id":"https:\/\/www.estrategiaconcursos.com.br\/blog\/#organization"}},{"@type":"WebPage","@id":"https:\/\/www.estrategiaconcursos.com.br\/blog\/concurso-prefeitura-de-pederneiras\/","url":"https:\/\/www.estrategiaconcursos.com.br\/blog\/concurso-prefeitura-de-pederneiras\/","name":"Concurso Prefeitura de Pederneiras: inscri\u00e7\u00f5es abertas para 83 vagas","isPartOf":{"@id":"https:\/\/www.estrategiaconcursos.com.br\/blog\/#website"},"primaryImageOfPage":{"@id":"https:\/\/www.estrategiaconcursos.com.br\/blog\/concurso-prefeitura-de-pederneiras\/#primaryimage"},"image":{"@id":"https:\/\/www.estrategiaconcursos.com.br\/blog\/concurso-prefeitura-de-pederneiras\/#primaryimage"},"thumbnailUrl":"https:\/\/dhg1h5j42swfq.cloudfront.net\/2019\/10\/16161828\/PREFEITURA-DE-PEDERNEIRAS-SP.jpg","datePublished":"2019-10-15T07:33:41+00:00","dateModified":"2019-11-08T20:35:16+00:00","description":"Concurso Prefeitura de Pederneiras: Publicado edital com 83 vagas para oportunidades para todos os n\u00edveis de escolaridade. Saiba mais!","breadcrumb":{"@id":"https:\/\/www.estrategiaconcursos.com.br\/blog\/concurso-prefeitura-de-pederneiras\/#breadcrumb"},"inLanguage":"pt-BR","potentialAction":[{"@type":"ReadAction","target":["https:\/\/www.estrategiaconcursos.com.br\/blog\/concurso-prefeitura-de-pederneiras\/"]}]},{"@type":"ImageObject","inLanguage":"pt-BR","@id":"https:\/\/www.estrategiaconcursos.com.br\/blog\/concurso-prefeitura-de-pederneiras\/#primaryimage","url":"https:\/\/dhg1h5j42swfq.cloudfront.net\/2019\/10\/16161828\/PREFEITURA-DE-PEDERNEIRAS-SP.jpg","contentUrl":"https:\/\/dhg1h5j42swfq.cloudfront.net\/2019\/10\/16161828\/PREFEITURA-DE-PEDERNEIRAS-SP.jpg","width":1200,"height":628},{"@type":"BreadcrumbList","@id":"https:\/\/www.estrategiaconcursos.com.br\/blog\/concurso-prefeitura-de-pederneiras\/#breadcrumb","itemListElement":[{"@type":"ListItem","position":1,"name":"In\u00edcio","item":"https:\/\/www.estrategiaconcursos.com.br\/blog\/"},{"@type":"ListItem","position":2,"name":"Concurso Prefeitura de Pederneiras: inscri\u00e7\u00f5es abertas para 83 vagas"}]},{"@type":"WebSite","@id":"https:\/\/www.estrategiaconcursos.com.br\/blog\/#website","url":"https:\/\/www.estrategiaconcursos.com.br\/blog\/","name":"Estrat\u00e9gia Concursos","description":"O blog da Estrat\u00e9gia Concursos traz not\u00edcias sobre concursos e artigos de professores oferecendo cursos para concursos (pdf + videaulas) no site.","publisher":{"@id":"https:\/\/www.estrategiaconcursos.com.br\/blog\/#organization"},"potentialAction":[{"@type":"SearchAction","target":{"@type":"EntryPoint","urlTemplate":"https:\/\/www.estrategiaconcursos.com.br\/blog\/?s={search_term_string}"},"query-input":{"@type":"PropertyValueSpecification","valueRequired":true,"valueName":"search_term_string"}}],"inLanguage":"pt-BR"},{"@type":"Organization","@id":"https:\/\/www.estrategiaconcursos.com.br\/blog\/#organization","name":"Estrat\u00e9gia Concursos","url":"https:\/\/www.estrategiaconcursos.com.br\/blog\/","logo":{"@type":"ImageObject","inLanguage":"pt-BR","@id":"https:\/\/www.estrategiaconcursos.com.br\/blog\/#\/schema\/logo\/image\/","url":"https:\/\/dhg1h5j42swfq.cloudfront.net\/2025\/06\/03203428\/logo_concursos-1.jpg","contentUrl":"https:\/\/dhg1h5j42swfq.cloudfront.net\/2025\/06\/03203428\/logo_concursos-1.jpg","width":230,"height":60,"caption":"Estrat\u00e9gia Concursos"},"image":{"@id":"https:\/\/www.estrategiaconcursos.com.br\/blog\/#\/schema\/logo\/image\/"},"sameAs":["https:\/\/x.com\/EstratConcursos"]},{"@type":"Person","@id":"https:\/\/www.estrategiaconcursos.com.br\/blog\/#\/schema\/person\/b4a388c97673c5f483d72185668afa1f","name":"Coordena\u00e7\u00e3o","image":{"@type":"ImageObject","inLanguage":"pt-BR","@id":"https:\/\/secure.gravatar.com\/avatar\/b720319e4c9a967eb58678d110f4fe35452fc5d5f97b202bac7b8acceb18c6ad?s=96&d=mm&r=g","url":"https:\/\/secure.gravatar.com\/avatar\/b720319e4c9a967eb58678d110f4fe35452fc5d5f97b202bac7b8acceb18c6ad?s=96&d=mm&r=g","contentUrl":"https:\/\/secure.gravatar.com\/avatar\/b720319e4c9a967eb58678d110f4fe35452fc5d5f97b202bac7b8acceb18c6ad?s=96&d=mm&r=g","caption":"Coordena\u00e7\u00e3o"},"sameAs":["https:\/\/www.facebook.com\/EstrategiaConcursos","https:\/\/x.com\/EstratConcursos"],"url":"https:\/\/www.estrategiaconcursos.com.br\/blog\/author\/estrategia2013\/"}]}},"_links":{"self":[{"href":"https:\/\/www.estrategiaconcursos.com.br\/blog\/wp-json\/wp\/v2\/posts\/429297","targetHints":{"allow":["GET"]}}],"collection":[{"href":"https:\/\/www.estrategiaconcursos.com.br\/blog\/wp-json\/wp\/v2\/posts"}],"about":[{"href":"https:\/\/www.estrategiaconcursos.com.br\/blog\/wp-json\/wp\/v2\/types\/post"}],"author":[{"embeddable":true,"href":"https:\/\/www.estrategiaconcursos.com.br\/blog\/wp-json\/wp\/v2\/users\/1"}],"replies":[{"embeddable":true,"href":"https:\/\/www.estrategiaconcursos.com.br\/blog\/wp-json\/wp\/v2\/comments?post=429297"}],"version-history":[{"count":5,"href":"https:\/\/www.estrategiaconcursos.com.br\/blog\/wp-json\/wp\/v2\/posts\/429297\/revisions"}],"predecessor-version":[{"id":435619,"href":"https:\/\/www.estrategiaconcursos.com.br\/blog\/wp-json\/wp\/v2\/posts\/429297\/revisions\/435619"}],"wp:featuredmedia":[{"embeddable":true,"href":"https:\/\/www.estrategiaconcursos.com.br\/blog\/wp-json\/wp\/v2\/media\/435613"}],"wp:attachment":[{"href":"https:\/\/www.estrategiaconcursos.com.br\/blog\/wp-json\/wp\/v2\/media?parent=429297"}],"wp:term":[{"taxonomy":"category","embeddable":true,"href":"https:\/\/www.estrategiaconcursos.com.br\/blog\/wp-json\/wp\/v2\/categories?post=429297"},{"taxonomy":"post_tag","embeddable":true,"href":"https:\/\/www.estrategiaconcursos.com.br\/blog\/wp-json\/wp\/v2\/tags?post=429297"},{"taxonomy":"tax_estado","embeddable":true,"href":"https:\/\/www.estrategiaconcursos.com.br\/blog\/wp-json\/wp\/v2\/tax_estado?post=429297"}],"curies":[{"name":"wp","href":"https:\/\/api.w.org\/{rel}","templated":true}]}}