{"id":429201,"date":"2020-01-11T08:00:00","date_gmt":"2020-01-11T11:00:00","guid":{"rendered":"https:\/\/www.estrategiaconcursos.com.br\/blog\/?p=429201"},"modified":"2023-06-20T09:56:39","modified_gmt":"2023-06-20T12:56:39","slug":"concurso-prefeitura-de-sacramento","status":"publish","type":"post","link":"https:\/\/www.estrategiaconcursos.com.br\/blog\/concurso-prefeitura-de-sacramento\/","title":{"rendered":"Concurso Prefeitura de Sacramento: inscri\u00e7\u00f5es encerradas para 48 vagas"},"content":{"rendered":"\n<p>As inscri\u00e7\u00f5es para o concurso p\u00fablico da Prefeitura Municipal de Sacramento, localizada no Estado de Minas Gerais, est\u00e3o encerradas. S\u00e3o ofertadas <strong>48 vagas<\/strong> distribu\u00eddas entre cargos de n\u00edvel <em>m\u00e9dio, t\u00e9cnico e superior<\/em>.<\/p>\n\n\n\n<h2 class=\"wp-block-heading\">Principais datas<\/h2>\n\n\n\n<p class=\"has-very-light-gray-background-color has-background\"><strong>Inscri\u00e7\u00f5es<\/strong>: 02 de dezembro a 10 de janeiro de 2020<br \/><strong>Isen\u00e7\u00e3o da taxa<\/strong>: 02 a 04 de dezembro<br \/><strong>Prova<\/strong>: 15 e 16 de fevereiro de 2020<\/p>\n\n\n\n<h2 class=\"wp-block-heading\">Cargos e vagas<\/h2>\n\n\n\n<h3 class=\"wp-block-heading\">N\u00edvel m\u00e9dio<\/h3>\n\n\n\n<figure class=\"wp-block-table is-style-stripes\"><table class=\"has-background has-fixed-layout\" style=\"background-color:#e7f5fe\"><tbody><tr><td><strong>CARGO<\/strong><\/td><td><strong>VAGAS<\/strong><\/td><td><strong>REMUNERA\u00c7\u00c3O<\/strong><\/td><\/tr><tr><td> Agente de Fiscaliza\u00e7\u00e3o <\/td><td> 01 <\/td><td> 1.486,69 <\/td><\/tr><tr><td> Auxiliar de Consult\u00f3rio Dent\u00e1rio <\/td><td>02<\/td><td> 1.008,36 <\/td><\/tr><tr><td> Fiscal Sanit\u00e1rio <\/td><td> 01 <\/td><td> 1.486,69 <\/td><\/tr><tr><td> Guarda Municipal <\/td><td>02<\/td><td> 1.211,40 <\/td><\/tr><\/tbody><\/table><\/figure>\n\n\n\n<h3 class=\"wp-block-heading\">N\u00edvel t\u00e9cnico<\/h3>\n\n\n\n<figure class=\"wp-block-table is-style-stripes\"><table class=\"has-background has-fixed-layout\" style=\"background-color:#e7f5fe\"><tbody><tr><td><strong>CARGO<\/strong><\/td><td><strong>VAGAS<\/strong><\/td><td><strong>REMUNERA\u00c7\u00c3O<\/strong><\/td><\/tr><tr><td> T\u00e9cnico Cont\u00e1bil  <\/td><td> 01  <\/td><td> 1.486,69 <\/td><\/tr><tr><td> T\u00e9cnico de Seguran\u00e7a do Trabalho <\/td><td> 01  <\/td><td> 1.486,69 <\/td><\/tr><tr><td> T\u00e9cnico em Enfermagem  <\/td><td>02<\/td><td> 1.486,69 <\/td><\/tr><tr><td> T\u00e9cnico em Inform\u00e1tica  <\/td><td> 01  <\/td><td> 1.486,69 <\/td><\/tr><tr><td> T\u00e9cnico em Nutri\u00e7\u00e3o <\/td><td> 01  <\/td><td> 1.486,69 <\/td><\/tr><tr><td> T\u00e9cnico em Raio X <\/td><td> 01  <\/td><td> 1.486,69 <\/td><\/tr><tr><td> T\u00e9cnico em RH  <\/td><td> 01  <\/td><td> 1.486,69 <\/td><\/tr><\/tbody><\/table><\/figure>\n\n\n\n<h3 class=\"wp-block-heading\">N\u00edvel superior<\/h3>\n\n\n\n<figure class=\"wp-block-table is-style-stripes\"><table class=\"has-background has-fixed-layout\" style=\"background-color:#e7f5fe\"><tbody><tr><td><strong>CARGO<\/strong><\/td><td><strong>VAGAS<\/strong><\/td><td><strong>REMUNERA\u00c7\u00c3O<\/strong><\/td><\/tr><tr><td> Assistente Social  <\/td><td> 01  <\/td><td> 2.689,36 <\/td><\/tr><tr><td> Educador F\u00edsico <\/td><td> 01  <\/td><td> 3.520,00 <\/td><\/tr><tr><td> Enfermeiro <\/td><td> 01  <\/td><td> 3.520,00 <\/td><\/tr><tr><td> Engenheiro Civil <\/td><td> 01  <\/td><td> 3.520,00 <\/td><\/tr><tr><td> Especialista em Educa\u00e7\u00e3o B\u00e1sica  <\/td><td> 01  <\/td><td> 1.918,30 <\/td><\/tr><tr><td> Fisioterapeuta <\/td><td> 01  <\/td><td> 2.689,36 <\/td><\/tr><tr><td> Fonoaudi\u00f3logo <\/td><td> 01  <\/td><td> 3.520,00 <\/td><\/tr><tr><td> M\u00e9dico Especialista  <\/td><td>02<\/td><td> 8.000,00  <\/td><\/tr><tr><td> Nutricionista <\/td><td> 01  <\/td><td> 3.520,00 <\/td><\/tr><tr><td> PEB I<\/td><td>15<\/td><td> 1.534,64 <\/td><\/tr><tr><td> PEB II \u2013 Artes <\/td><td> 01  <\/td><td> 14,22 hora aula <\/td><\/tr><tr><td> PEB II \u2013 Educa\u00e7\u00e3o F\u00edsica <\/td><td> 01  <\/td><td> 14,22 hora aula <\/td><\/tr><tr><td> PEB II \u2013 Geografia <\/td><td> 01  <\/td><td> 14,22 hora aula <\/td><\/tr><tr><td> PEB II \u2013 Hist\u00f3ria <\/td><td> 01  <\/td><td> 14,22 hora aula <\/td><\/tr><tr><td> PEB II \u2013 Ingl\u00eas <\/td><td> 01  <\/td><td> 14,22 hora aula <\/td><\/tr><tr><td> PEB II \u2013 L\u00edngua Portuguesa <\/td><td> 01  <\/td><td> 14,22 hora aula <\/td><\/tr><tr><td> PEB II \u2013 Matem\u00e1tica  <\/td><td> 01  <\/td><td> 14,22 hora aula <\/td><\/tr><tr><td> Psic\u00f3logo <\/td><td> 01  <\/td><td> 3.520,00 <\/td><\/tr><tr><td> Terapeuta Ocupacional  <\/td><td> 01  <\/td><td> 3.520,00 <\/td><\/tr><\/tbody><\/table><\/figure>\n\n\n\n<h2 class=\"wp-block-heading\">Etapas e provas<\/h2>\n\n\n\n<p>O concurso Prefeitura de Sacramento constar\u00e1 de Prova Objetiva de m\u00faltipla escolha, Prova de Reda\u00e7\u00e3o e Prova de T\u00edtulos, conforme discrimina\u00e7\u00e3o abaixo: <\/p>\n\n\n\n<ol class=\"wp-block-list\">\n<li><strong>Prova Objetiva de m\u00faltipla escolha<\/strong>: para todos os cargos de car\u00e1ter eliminat\u00f3rio e classificat\u00f3rio<\/li>\n\n\n\n<li><strong>Prova de Reda\u00e7\u00e3o<\/strong>: para os cargos de Professor, de car\u00e1ter eliminat\u00f3rio e classificat\u00f3rio <\/li>\n\n\n\n<li><strong>Prova de T\u00edtulos<\/strong>: para os cargos de n\u00edvel superior de car\u00e1ter classificat\u00f3rio <\/li>\n<\/ol>\n\n\n\n<p>As provas deste Concurso P\u00fablico ser\u00e3o aplicadas na cidade de Sacramento nos dias <strong>15 e 16 de fevereiro de 2020<\/strong>. O dia, hor\u00e1rio e local ser\u00e3o definidos no Cart\u00e3o de Inscri\u00e7\u00e3o.  <\/p>\n\n\n\n<h3 class=\"wp-block-heading\">Prova Objetiva<\/h3>\n\n\n\n<p>Para os cargos de n\u00edvel m\u00e9dio, constando de 25 quest\u00f5es com 04 op\u00e7\u00f5es de resposta, no valor de 04 pontos por resposta correta, sendo considerado aprovado o candidato que obtiver o m\u00ednimo de 60% dos pontos. <\/p>\n\n\n\n<p>Para os cargos de n\u00edvel superior, constando de 40 quest\u00f5es com 04 op\u00e7\u00f5es de resposta, no valor de 2,5 pontos por resposta correta, sendo considerado aprovado o candidato que obtiver o m\u00ednimo de 60% dos pontos.<\/p>\n\n\n\n<ul class=\"wp-block-list\">\n<li><strong>AGENTE DE FISCALIZA\u00c7\u00c3O E GUARDA MUNICIPAL:<\/strong>\n<ul class=\"wp-block-list\">\n<li><em>Portugu\u00eas &#8211; 07 <\/em><\/li>\n\n\n\n<li><em>Matem\u00e1tica &#8211; 06 <\/em><\/li>\n\n\n\n<li><em>Inform\u00e1tica &#8211; 04 <\/em><\/li>\n\n\n\n<li><em>Espec\u00edficos &#8211; 08 <\/em><\/li>\n<\/ul>\n<\/li>\n<\/ul>\n\n\n\n<ul class=\"wp-block-list\">\n<li><strong>AUXILIAR DE CONSULT\u00d3RIO DENT\u00c1RIO E FISCAL:<\/strong>\n<ul class=\"wp-block-list\">\n<li><em>Portugu\u00eas &#8211; 07 <\/em><\/li>\n\n\n\n<li><em>Sistema \u00danico de Sa\u00fade\/Sa\u00fade P\u00fablica &#8211; 06 <\/em><\/li>\n\n\n\n<li><em>Inform\u00e1tica &#8211; 04 <\/em><\/li>\n\n\n\n<li><em>Espec\u00edficos &#8211; 08 <\/em><\/li>\n<\/ul>\n<\/li>\n<\/ul>\n\n\n\n<ul class=\"wp-block-list\">\n<li><strong>T\u00c9CNICO CONT\u00c1BIL, T\u00c9CNICO DE SEGURAN\u00c7A DO TRABALHO, T\u00c9CNICO EM INFORM\u00c1TICA E T\u00c9CNICO EM RH:<\/strong>\n<ul class=\"wp-block-list\">\n<li><em>Portugu\u00eas &#8211; 07 <\/em><\/li>\n\n\n\n<li><em>Matem\u00e1tica &#8211; 06 <\/em><\/li>\n\n\n\n<li><em>Inform\u00e1tica &#8211; 04 <\/em><\/li>\n\n\n\n<li><em>Espec\u00edficos &#8211; 08 <\/em><\/li>\n<\/ul>\n<\/li>\n<\/ul>\n\n\n\n<ul class=\"wp-block-list\">\n<li><strong>T\u00c9CNICO EM ENFERMAGEM, T\u00c9CNICO EM NUTRI\u00c7\u00c3O E T\u00c9CNICO EM RAIO X:<\/strong>\n<ul class=\"wp-block-list\">\n<li><em>Portugu\u00eas &#8211; 07 <\/em><\/li>\n\n\n\n<li><em>Sistema \u00danico de Sa\u00fade\/Sa\u00fade P\u00fablica &#8211; 06 <\/em><\/li>\n\n\n\n<li><em>Inform\u00e1tica &#8211; 04 <\/em><\/li>\n\n\n\n<li><em>Espec\u00edficos &#8211; 08 <\/em><\/li>\n<\/ul>\n<\/li>\n<\/ul>\n\n\n\n<ul class=\"wp-block-list\">\n<li><strong>ASSISTENTE SOCIAL, ENFERMEIRO, FISIOTERAPEUTA, FONOAUDI\u00d3LOGO, M\u00c9DICO ESPECIALISTA, NUTRICIONISTA, PSIC\u00d3LOGO E TERAPEUTA OCUPACIONAL:<\/strong>\n<ul class=\"wp-block-list\">\n<li><em>Portugu\u00eas &#8211; 15 <\/em><\/li>\n\n\n\n<li><em>Sistema \u00danico de Sa\u00fade\/Sa\u00fade P\u00fablica &#8211; 15 <\/em><\/li>\n\n\n\n<li><em>Espec\u00edficos &#8211; 10 <\/em><\/li>\n<\/ul>\n<\/li>\n<\/ul>\n\n\n\n<ul class=\"wp-block-list\">\n<li><strong>EDUCADOR F\u00cdSICO E ENGENHEIRO CIVIL:<\/strong>\n<ul class=\"wp-block-list\">\n<li><em>Portugu\u00eas &#8211; 15 <\/em><\/li>\n\n\n\n<li><em>Inform\u00e1tica &#8211; 05 <\/em><\/li>\n\n\n\n<li><em>No\u00e7\u00f5es de Administra\u00e7\u00e3o P\u00fablica e Cidadania &#8211; 10 <\/em><\/li>\n\n\n\n<li><em>Espec\u00edficos &#8211; 10 <\/em><\/li>\n<\/ul>\n<\/li>\n<\/ul>\n\n\n\n<ul class=\"wp-block-list\">\n<li><strong>ESPECIALISTA EM EDUCA\u00c7\u00c3O B\u00c1SICA E PROFESSORES:<\/strong>\n<ul class=\"wp-block-list\">\n<li><em>Portugu\u00eas &#8211; 15 <\/em><\/li>\n\n\n\n<li><em>Teoria e Pr\u00e1tica da Educa\u00e7\u00e3o &#8211; 15 <\/em><\/li>\n\n\n\n<li><em>Espec\u00edficos &#8211; 10 <\/em><\/li>\n<\/ul>\n<\/li>\n<\/ul>\n\n\n\n<h3 class=\"wp-block-heading\">Prova de Reda\u00e7\u00e3o<\/h3>\n\n\n\n<p>O candidato dever\u00e1 escrever um texto dissertativo-argumentativo, versando sobre tema da atualidade, com o m\u00ednimo de 20 e o m\u00e1ximo de 30 linhas, no valor m\u00e1ximo de 20 pontos, sendo considerado aprovado o candidato que obtiver o m\u00ednimo de 60% dos pontos. O candidato que n\u00e3o obedecer ao limite m\u00ednimo e m\u00e1ximo de linhas, ser\u00e1 penalizado em 0,5 ponto por linha. <\/p>\n\n\n\n<h3 class=\"wp-block-heading\">Prova de T\u00edtulos<\/h3>\n\n\n\n<ul class=\"wp-block-list\">\n<li><strong>Doutorado <\/strong>na \u00e1rea de atua\u00e7\u00e3o do cargo pretendido pelo candidato &#8211; 04  pontos<\/li>\n\n\n\n<li><strong>Mestrado <\/strong>na \u00e1rea de atua\u00e7\u00e3o do cargo pretendido pelo candidato &#8211; 03 pontos<\/li>\n\n\n\n<li><strong>P\u00f3s-gradua\u00e7\u00e3o em n\u00edvel de<\/strong> <strong>especializa\u00e7\u00e3o <\/strong><em><strong>lato sensu<\/strong><\/em> exclusiva na \u00e1rea espec\u00edfica*, de atua\u00e7\u00e3o pretendida com carga hor\u00e1ria m\u00ednima de 360 horas &#8211; 2,0 pontos <\/li>\n<\/ul>\n\n\n\n<hr class=\"wp-block-separator has-css-opacity\"\/>\n\n\n\n<h2 class=\"wp-block-heading has-text-align-center\" id=\"cursos-assinatura\">Quer estudar para o concurso Prefeitura de Sacramento?<\/h2>\n\n\n\n<p class=\"has-text-align-center\"><em>Gostou desta oportunidade e deseja come\u00e7ar se preparar agora mesmo? Ent\u00e3o, confira os nossos cursos e comece a estudar:<\/em><\/p>\n\n\n\n<p class=\"has-text-align-center has-light-green-cyan-background-color has-background\" style=\"font-size:clamp(14.642px, 0.915rem + ((1vw - 3.2px) * 0.721), 22px);px\"><strong><a href=\"https:\/\/www.estrategiaconcursos.com.br\/cursos\/concurso\/\" target=\"_blank\" rel=\"noreferrer noopener\">Curso para concurso<\/a><\/strong><\/p>\n\n\n\n<p class=\"has-text-align-center has-medium-font-size\"><em><strong>Assinatura Anual Ilimitada*<\/strong><\/em><\/p>\n\n\n\n<p class=\"has-text-align-center\"><em>Prepare-se com o melhor material e com quem mais aprova em Concursos P\u00fablicos em todo o pa\u00eds. Assine agora a nossa Assinatura Anual e tenha acesso ilimitado* a todos os nossos cursos.<\/em><\/p>\n\n\n\n<p class=\"has-text-align-center has-luminous-vivid-amber-background-color has-background\" style=\"font-size:clamp(14.642px, 0.915rem + ((1vw - 3.2px) * 0.721), 22px);px\"><strong>ASSINE AGORA<\/strong>&nbsp;\u2013&nbsp;<strong><a rel=\"noreferrer noopener\" href=\"https:\/\/www.estrategiaconcursos.com.br\/assinaturas\" target=\"_blank\">Assinatura Ilimitada<\/a><\/strong><\/p>\n\n\n\n<p class=\"has-text-align-center has-medium-font-size\"><strong><em>Fique por dentro de todos os concursos<\/em><\/strong><\/p>\n\n\n\n<p class=\"has-text-align-center has-pale-cyan-blue-background-color has-background\" style=\"font-size:clamp(14.642px, 0.915rem + ((1vw - 3.2px) * 0.721), 22px);px\"><a href=\"https:\/\/www.estrategiaconcursos.com.br\/blog\/concursos-abertos\/\" target=\"_blank\" rel=\"noreferrer noopener\"><strong>CONCURSOS ABERTOS<\/strong><\/a><\/p>\n\n\n\n<figure class=\"wp-block-image\"><img loading=\"lazy\" decoding=\"async\" width=\"300\" height=\"102\" src=\"https:\/\/dhg1h5j42swfq.cloudfront.net\/2017\/03\/28152500\/coruja-ficha-tecnica-300x102.png\" alt=\"\" class=\"wp-image-68542\"\/><\/figure>\n\n\n\n<h3 class=\"wp-block-heading\" id=\"ficha-tecnica\"><strong>Informa\u00e7\u00f5es sobre o c<\/strong>oncurso Prefeitura de Sacramento-MG<\/h3>\n\n\n\n<p>\u25ba<strong>Inscri\u00e7\u00f5es<\/strong>: 02\/12 a 10\/01\/2020<br \/>\u25ba<strong>Provas<\/strong>: 15 e 16 de fevereiro de 2020<br \/>\u25ba<strong>Vagas<\/strong>: 48<br \/>\u25ba<strong>Cargos<\/strong>: V\u00e1rios<br \/>\u25ba<strong>Banca<\/strong>: IMAM<br \/>\u25ba<strong>Escolaridade<\/strong>: N\u00edvel m\u00e9dio, t\u00e9cnico e superior<br \/>\u25ba<strong>Edital<\/strong>:&nbsp;<strong><a rel=\"noreferrer noopener\" aria-label=\"Edital Prefeitura de Sacramento (abre numa nova aba)\" href=\"https:\/\/imam.org.br\/documentos\/EditalSacramentoConcursoEdital0012019ComDatasparaPublicacao35637049352328073826.pdf\" target=\"_blank\">Edital Prefeitura de Sacramento<\/a><\/strong><\/p>\n\n\n\n<p><em>Ascom Estrat\u00e9gia<\/em><br \/>ascomestrategia@gmail.com<\/p>\n","protected":false},"excerpt":{"rendered":"<p>As inscri\u00e7\u00f5es para o concurso p\u00fablico da Prefeitura Municipal de Sacramento, localizada no Estado de Minas Gerais, est\u00e3o encerradas. S\u00e3o ofertadas 48 vagas distribu\u00eddas entre cargos de n\u00edvel m\u00e9dio, t\u00e9cnico e superior. Principais datas Inscri\u00e7\u00f5es: 02 de dezembro a 10 de janeiro de 2020Isen\u00e7\u00e3o da taxa: 02 a 04 de dezembroProva: 15 e 16 de [&hellip;]<\/p>\n","protected":false},"author":254,"featured_media":435611,"comment_status":"open","ping_status":"closed","sticky":false,"template":"","format":"standard","meta":{"post_tipo":"article","footnotes":""},"categories":[1],"tags":[],"tax_estado":[],"class_list":["post-429201","post","type-post","status-publish","format-standard","has-post-thumbnail","hentry","category-cursos-e-concursos"],"acf":[],"yoast_head":"<!-- This site is optimized with the Yoast SEO Premium plugin v27.2 (Yoast SEO v27.2) - https:\/\/yoast.com\/product\/yoast-seo-premium-wordpress\/ -->\n<title>Concurso Prefeitura de Sacramento: inscri\u00e7\u00f5es encerradas para 48 vagas<\/title>\n<meta name=\"description\" content=\"Concurso Prefeitura de Sacramento MG: as inscri\u00e7\u00f5es para o certame est\u00e3o encerradas. Provas marcadas para os dias 15 e 16 de fevereiro de 2020.\" \/>\n<meta name=\"robots\" content=\"index, follow, max-snippet:-1, max-image-preview:large, max-video-preview:-1\" \/>\n<link rel=\"canonical\" href=\"https:\/\/www.estrategiaconcursos.com.br\/blog\/concurso-prefeitura-de-sacramento\/\" \/>\n<meta property=\"og:locale\" content=\"pt_BR\" \/>\n<meta property=\"og:type\" content=\"article\" \/>\n<meta property=\"og:title\" content=\"Concurso Prefeitura de Sacramento: inscri\u00e7\u00f5es encerradas para 48 vagas\" \/>\n<meta property=\"og:description\" content=\"Concurso Prefeitura de Sacramento MG: as inscri\u00e7\u00f5es para o certame est\u00e3o encerradas. Provas marcadas para os dias 15 e 16 de fevereiro de 2020.\" \/>\n<meta property=\"og:url\" content=\"https:\/\/www.estrategiaconcursos.com.br\/blog\/concurso-prefeitura-de-sacramento\/\" \/>\n<meta property=\"og:site_name\" content=\"Estrat\u00e9gia Concursos\" \/>\n<meta property=\"article:published_time\" content=\"2020-01-11T11:00:00+00:00\" \/>\n<meta property=\"article:modified_time\" content=\"2023-06-20T12:56:39+00:00\" \/>\n<meta property=\"og:image\" content=\"https:\/\/dhg1h5j42swfq.cloudfront.net\/2019\/10\/16161715\/PREFEITURA-DE-SACRAMENTO.jpg\" \/>\n\t<meta property=\"og:image:width\" content=\"1200\" \/>\n\t<meta property=\"og:image:height\" content=\"628\" \/>\n\t<meta property=\"og:image:type\" content=\"image\/jpeg\" \/>\n<meta name=\"author\" content=\"Carlos Roberto Correa\" \/>\n<meta name=\"twitter:card\" content=\"summary_large_image\" \/>\n<meta name=\"twitter:creator\" content=\"@EstratConcursos\" \/>\n<meta name=\"twitter:site\" content=\"@EstratConcursos\" \/>\n<meta name=\"twitter:label1\" content=\"Escrito por\" \/>\n\t<meta name=\"twitter:data1\" content=\"Carlos Roberto Correa\" \/>\n\t<meta name=\"twitter:label2\" content=\"Est. tempo de leitura\" \/>\n\t<meta name=\"twitter:data2\" content=\"4 minutos\" \/>\n<script type=\"application\/ld+json\" class=\"yoast-schema-graph\">{\"@context\":\"https:\/\/schema.org\",\"@graph\":[{\"@type\":\"NewsArticle\",\"@id\":\"https:\/\/www.estrategiaconcursos.com.br\/blog\/concurso-prefeitura-de-sacramento\/#article\",\"isPartOf\":{\"@id\":\"https:\/\/www.estrategiaconcursos.com.br\/blog\/concurso-prefeitura-de-sacramento\/\"},\"author\":{\"name\":\"Carlos Roberto Correa\",\"@id\":\"https:\/\/www.estrategiaconcursos.com.br\/blog\/#\/schema\/person\/b04f52b4e46b9c2763b237dc0302b7a7\"},\"headline\":\"Concurso Prefeitura de Sacramento: inscri\u00e7\u00f5es encerradas para 48 vagas\",\"datePublished\":\"2020-01-11T11:00:00+00:00\",\"dateModified\":\"2023-06-20T12:56:39+00:00\",\"mainEntityOfPage\":{\"@id\":\"https:\/\/www.estrategiaconcursos.com.br\/blog\/concurso-prefeitura-de-sacramento\/\"},\"wordCount\":849,\"commentCount\":0,\"publisher\":{\"@id\":\"https:\/\/www.estrategiaconcursos.com.br\/blog\/#organization\"},\"image\":{\"@id\":\"https:\/\/www.estrategiaconcursos.com.br\/blog\/concurso-prefeitura-de-sacramento\/#primaryimage\"},\"thumbnailUrl\":\"https:\/\/dhg1h5j42swfq.cloudfront.net\/2019\/10\/16161715\/PREFEITURA-DE-SACRAMENTO.jpg\",\"articleSection\":[\"Concursos P\u00fablicos\"],\"inLanguage\":\"pt-BR\",\"potentialAction\":[{\"@type\":\"CommentAction\",\"name\":\"Comment\",\"target\":[\"https:\/\/www.estrategiaconcursos.com.br\/blog\/concurso-prefeitura-de-sacramento\/#respond\"]}],\"copyrightYear\":\"2020\",\"copyrightHolder\":{\"@id\":\"https:\/\/www.estrategiaconcursos.com.br\/blog\/#organization\"}},{\"@type\":\"WebPage\",\"@id\":\"https:\/\/www.estrategiaconcursos.com.br\/blog\/concurso-prefeitura-de-sacramento\/\",\"url\":\"https:\/\/www.estrategiaconcursos.com.br\/blog\/concurso-prefeitura-de-sacramento\/\",\"name\":\"Concurso Prefeitura de Sacramento: inscri\u00e7\u00f5es encerradas para 48 vagas\",\"isPartOf\":{\"@id\":\"https:\/\/www.estrategiaconcursos.com.br\/blog\/#website\"},\"primaryImageOfPage\":{\"@id\":\"https:\/\/www.estrategiaconcursos.com.br\/blog\/concurso-prefeitura-de-sacramento\/#primaryimage\"},\"image\":{\"@id\":\"https:\/\/www.estrategiaconcursos.com.br\/blog\/concurso-prefeitura-de-sacramento\/#primaryimage\"},\"thumbnailUrl\":\"https:\/\/dhg1h5j42swfq.cloudfront.net\/2019\/10\/16161715\/PREFEITURA-DE-SACRAMENTO.jpg\",\"datePublished\":\"2020-01-11T11:00:00+00:00\",\"dateModified\":\"2023-06-20T12:56:39+00:00\",\"description\":\"Concurso Prefeitura de Sacramento MG: as inscri\u00e7\u00f5es para o certame est\u00e3o encerradas. Provas marcadas para os dias 15 e 16 de fevereiro de 2020.\",\"breadcrumb\":{\"@id\":\"https:\/\/www.estrategiaconcursos.com.br\/blog\/concurso-prefeitura-de-sacramento\/#breadcrumb\"},\"inLanguage\":\"pt-BR\",\"potentialAction\":[{\"@type\":\"ReadAction\",\"target\":[\"https:\/\/www.estrategiaconcursos.com.br\/blog\/concurso-prefeitura-de-sacramento\/\"]}]},{\"@type\":\"ImageObject\",\"inLanguage\":\"pt-BR\",\"@id\":\"https:\/\/www.estrategiaconcursos.com.br\/blog\/concurso-prefeitura-de-sacramento\/#primaryimage\",\"url\":\"https:\/\/dhg1h5j42swfq.cloudfront.net\/2019\/10\/16161715\/PREFEITURA-DE-SACRAMENTO.jpg\",\"contentUrl\":\"https:\/\/dhg1h5j42swfq.cloudfront.net\/2019\/10\/16161715\/PREFEITURA-DE-SACRAMENTO.jpg\",\"width\":1200,\"height\":628,\"caption\":\"PSS Sacramento\"},{\"@type\":\"BreadcrumbList\",\"@id\":\"https:\/\/www.estrategiaconcursos.com.br\/blog\/concurso-prefeitura-de-sacramento\/#breadcrumb\",\"itemListElement\":[{\"@type\":\"ListItem\",\"position\":1,\"name\":\"In\u00edcio\",\"item\":\"https:\/\/www.estrategiaconcursos.com.br\/blog\/\"},{\"@type\":\"ListItem\",\"position\":2,\"name\":\"Concurso Prefeitura de Sacramento: inscri\u00e7\u00f5es encerradas para 48 vagas\"}]},{\"@type\":\"WebSite\",\"@id\":\"https:\/\/www.estrategiaconcursos.com.br\/blog\/#website\",\"url\":\"https:\/\/www.estrategiaconcursos.com.br\/blog\/\",\"name\":\"Estrat\u00e9gia Concursos\",\"description\":\"O blog da Estrat\u00e9gia Concursos traz not\u00edcias sobre concursos e artigos de professores oferecendo cursos para concursos (pdf + videaulas) no site.\",\"publisher\":{\"@id\":\"https:\/\/www.estrategiaconcursos.com.br\/blog\/#organization\"},\"potentialAction\":[{\"@type\":\"SearchAction\",\"target\":{\"@type\":\"EntryPoint\",\"urlTemplate\":\"https:\/\/www.estrategiaconcursos.com.br\/blog\/?s={search_term_string}\"},\"query-input\":{\"@type\":\"PropertyValueSpecification\",\"valueRequired\":true,\"valueName\":\"search_term_string\"}}],\"inLanguage\":\"pt-BR\"},{\"@type\":\"Organization\",\"@id\":\"https:\/\/www.estrategiaconcursos.com.br\/blog\/#organization\",\"name\":\"Estrat\u00e9gia Concursos\",\"url\":\"https:\/\/www.estrategiaconcursos.com.br\/blog\/\",\"logo\":{\"@type\":\"ImageObject\",\"inLanguage\":\"pt-BR\",\"@id\":\"https:\/\/www.estrategiaconcursos.com.br\/blog\/#\/schema\/logo\/image\/\",\"url\":\"https:\/\/dhg1h5j42swfq.cloudfront.net\/2025\/06\/03203428\/logo_concursos-1.jpg\",\"contentUrl\":\"https:\/\/dhg1h5j42swfq.cloudfront.net\/2025\/06\/03203428\/logo_concursos-1.jpg\",\"width\":230,\"height\":60,\"caption\":\"Estrat\u00e9gia Concursos\"},\"image\":{\"@id\":\"https:\/\/www.estrategiaconcursos.com.br\/blog\/#\/schema\/logo\/image\/\"},\"sameAs\":[\"https:\/\/x.com\/EstratConcursos\"]},{\"@type\":\"Person\",\"@id\":\"https:\/\/www.estrategiaconcursos.com.br\/blog\/#\/schema\/person\/b04f52b4e46b9c2763b237dc0302b7a7\",\"name\":\"Carlos Roberto Correa\",\"image\":{\"@type\":\"ImageObject\",\"inLanguage\":\"pt-BR\",\"@id\":\"https:\/\/secure.gravatar.com\/avatar\/f4b738aef9d1cc2c2cfd779e48e5b0dee98cb28b76e015eb2f1d475ca568f24a?s=96&d=mm&r=g\",\"url\":\"https:\/\/secure.gravatar.com\/avatar\/f4b738aef9d1cc2c2cfd779e48e5b0dee98cb28b76e015eb2f1d475ca568f24a?s=96&d=mm&r=g\",\"contentUrl\":\"https:\/\/secure.gravatar.com\/avatar\/f4b738aef9d1cc2c2cfd779e48e5b0dee98cb28b76e015eb2f1d475ca568f24a?s=96&d=mm&r=g\",\"caption\":\"Carlos Roberto Correa\"},\"url\":\"https:\/\/www.estrategiaconcursos.com.br\/blog\/author\/carlosrobertoestrategiaconcursos-com-br\/\"}]}<\/script>\n<!-- \/ Yoast SEO Premium plugin. -->","yoast_head_json":{"title":"Concurso Prefeitura de Sacramento: inscri\u00e7\u00f5es encerradas para 48 vagas","description":"Concurso Prefeitura de Sacramento MG: as inscri\u00e7\u00f5es para o certame est\u00e3o encerradas. Provas marcadas para os dias 15 e 16 de fevereiro de 2020.","robots":{"index":"index","follow":"follow","max-snippet":"max-snippet:-1","max-image-preview":"max-image-preview:large","max-video-preview":"max-video-preview:-1"},"canonical":"https:\/\/www.estrategiaconcursos.com.br\/blog\/concurso-prefeitura-de-sacramento\/","og_locale":"pt_BR","og_type":"article","og_title":"Concurso Prefeitura de Sacramento: inscri\u00e7\u00f5es encerradas para 48 vagas","og_description":"Concurso Prefeitura de Sacramento MG: as inscri\u00e7\u00f5es para o certame est\u00e3o encerradas. Provas marcadas para os dias 15 e 16 de fevereiro de 2020.","og_url":"https:\/\/www.estrategiaconcursos.com.br\/blog\/concurso-prefeitura-de-sacramento\/","og_site_name":"Estrat\u00e9gia Concursos","article_published_time":"2020-01-11T11:00:00+00:00","article_modified_time":"2023-06-20T12:56:39+00:00","og_image":[{"width":1200,"height":628,"url":"https:\/\/dhg1h5j42swfq.cloudfront.net\/2019\/10\/16161715\/PREFEITURA-DE-SACRAMENTO.jpg","type":"image\/jpeg"}],"author":"Carlos Roberto Correa","twitter_card":"summary_large_image","twitter_creator":"@EstratConcursos","twitter_site":"@EstratConcursos","twitter_misc":{"Escrito por":"Carlos Roberto Correa","Est. tempo de leitura":"4 minutos"},"schema":{"@context":"https:\/\/schema.org","@graph":[{"@type":"NewsArticle","@id":"https:\/\/www.estrategiaconcursos.com.br\/blog\/concurso-prefeitura-de-sacramento\/#article","isPartOf":{"@id":"https:\/\/www.estrategiaconcursos.com.br\/blog\/concurso-prefeitura-de-sacramento\/"},"author":{"name":"Carlos Roberto Correa","@id":"https:\/\/www.estrategiaconcursos.com.br\/blog\/#\/schema\/person\/b04f52b4e46b9c2763b237dc0302b7a7"},"headline":"Concurso Prefeitura de Sacramento: inscri\u00e7\u00f5es encerradas para 48 vagas","datePublished":"2020-01-11T11:00:00+00:00","dateModified":"2023-06-20T12:56:39+00:00","mainEntityOfPage":{"@id":"https:\/\/www.estrategiaconcursos.com.br\/blog\/concurso-prefeitura-de-sacramento\/"},"wordCount":849,"commentCount":0,"publisher":{"@id":"https:\/\/www.estrategiaconcursos.com.br\/blog\/#organization"},"image":{"@id":"https:\/\/www.estrategiaconcursos.com.br\/blog\/concurso-prefeitura-de-sacramento\/#primaryimage"},"thumbnailUrl":"https:\/\/dhg1h5j42swfq.cloudfront.net\/2019\/10\/16161715\/PREFEITURA-DE-SACRAMENTO.jpg","articleSection":["Concursos P\u00fablicos"],"inLanguage":"pt-BR","potentialAction":[{"@type":"CommentAction","name":"Comment","target":["https:\/\/www.estrategiaconcursos.com.br\/blog\/concurso-prefeitura-de-sacramento\/#respond"]}],"copyrightYear":"2020","copyrightHolder":{"@id":"https:\/\/www.estrategiaconcursos.com.br\/blog\/#organization"}},{"@type":"WebPage","@id":"https:\/\/www.estrategiaconcursos.com.br\/blog\/concurso-prefeitura-de-sacramento\/","url":"https:\/\/www.estrategiaconcursos.com.br\/blog\/concurso-prefeitura-de-sacramento\/","name":"Concurso Prefeitura de Sacramento: inscri\u00e7\u00f5es encerradas para 48 vagas","isPartOf":{"@id":"https:\/\/www.estrategiaconcursos.com.br\/blog\/#website"},"primaryImageOfPage":{"@id":"https:\/\/www.estrategiaconcursos.com.br\/blog\/concurso-prefeitura-de-sacramento\/#primaryimage"},"image":{"@id":"https:\/\/www.estrategiaconcursos.com.br\/blog\/concurso-prefeitura-de-sacramento\/#primaryimage"},"thumbnailUrl":"https:\/\/dhg1h5j42swfq.cloudfront.net\/2019\/10\/16161715\/PREFEITURA-DE-SACRAMENTO.jpg","datePublished":"2020-01-11T11:00:00+00:00","dateModified":"2023-06-20T12:56:39+00:00","description":"Concurso Prefeitura de Sacramento MG: as inscri\u00e7\u00f5es para o certame est\u00e3o encerradas. Provas marcadas para os dias 15 e 16 de fevereiro de 2020.","breadcrumb":{"@id":"https:\/\/www.estrategiaconcursos.com.br\/blog\/concurso-prefeitura-de-sacramento\/#breadcrumb"},"inLanguage":"pt-BR","potentialAction":[{"@type":"ReadAction","target":["https:\/\/www.estrategiaconcursos.com.br\/blog\/concurso-prefeitura-de-sacramento\/"]}]},{"@type":"ImageObject","inLanguage":"pt-BR","@id":"https:\/\/www.estrategiaconcursos.com.br\/blog\/concurso-prefeitura-de-sacramento\/#primaryimage","url":"https:\/\/dhg1h5j42swfq.cloudfront.net\/2019\/10\/16161715\/PREFEITURA-DE-SACRAMENTO.jpg","contentUrl":"https:\/\/dhg1h5j42swfq.cloudfront.net\/2019\/10\/16161715\/PREFEITURA-DE-SACRAMENTO.jpg","width":1200,"height":628,"caption":"PSS Sacramento"},{"@type":"BreadcrumbList","@id":"https:\/\/www.estrategiaconcursos.com.br\/blog\/concurso-prefeitura-de-sacramento\/#breadcrumb","itemListElement":[{"@type":"ListItem","position":1,"name":"In\u00edcio","item":"https:\/\/www.estrategiaconcursos.com.br\/blog\/"},{"@type":"ListItem","position":2,"name":"Concurso Prefeitura de Sacramento: inscri\u00e7\u00f5es encerradas para 48 vagas"}]},{"@type":"WebSite","@id":"https:\/\/www.estrategiaconcursos.com.br\/blog\/#website","url":"https:\/\/www.estrategiaconcursos.com.br\/blog\/","name":"Estrat\u00e9gia Concursos","description":"O blog da Estrat\u00e9gia Concursos traz not\u00edcias sobre concursos e artigos de professores oferecendo cursos para concursos (pdf + videaulas) no site.","publisher":{"@id":"https:\/\/www.estrategiaconcursos.com.br\/blog\/#organization"},"potentialAction":[{"@type":"SearchAction","target":{"@type":"EntryPoint","urlTemplate":"https:\/\/www.estrategiaconcursos.com.br\/blog\/?s={search_term_string}"},"query-input":{"@type":"PropertyValueSpecification","valueRequired":true,"valueName":"search_term_string"}}],"inLanguage":"pt-BR"},{"@type":"Organization","@id":"https:\/\/www.estrategiaconcursos.com.br\/blog\/#organization","name":"Estrat\u00e9gia Concursos","url":"https:\/\/www.estrategiaconcursos.com.br\/blog\/","logo":{"@type":"ImageObject","inLanguage":"pt-BR","@id":"https:\/\/www.estrategiaconcursos.com.br\/blog\/#\/schema\/logo\/image\/","url":"https:\/\/dhg1h5j42swfq.cloudfront.net\/2025\/06\/03203428\/logo_concursos-1.jpg","contentUrl":"https:\/\/dhg1h5j42swfq.cloudfront.net\/2025\/06\/03203428\/logo_concursos-1.jpg","width":230,"height":60,"caption":"Estrat\u00e9gia Concursos"},"image":{"@id":"https:\/\/www.estrategiaconcursos.com.br\/blog\/#\/schema\/logo\/image\/"},"sameAs":["https:\/\/x.com\/EstratConcursos"]},{"@type":"Person","@id":"https:\/\/www.estrategiaconcursos.com.br\/blog\/#\/schema\/person\/b04f52b4e46b9c2763b237dc0302b7a7","name":"Carlos Roberto Correa","image":{"@type":"ImageObject","inLanguage":"pt-BR","@id":"https:\/\/secure.gravatar.com\/avatar\/f4b738aef9d1cc2c2cfd779e48e5b0dee98cb28b76e015eb2f1d475ca568f24a?s=96&d=mm&r=g","url":"https:\/\/secure.gravatar.com\/avatar\/f4b738aef9d1cc2c2cfd779e48e5b0dee98cb28b76e015eb2f1d475ca568f24a?s=96&d=mm&r=g","contentUrl":"https:\/\/secure.gravatar.com\/avatar\/f4b738aef9d1cc2c2cfd779e48e5b0dee98cb28b76e015eb2f1d475ca568f24a?s=96&d=mm&r=g","caption":"Carlos Roberto Correa"},"url":"https:\/\/www.estrategiaconcursos.com.br\/blog\/author\/carlosrobertoestrategiaconcursos-com-br\/"}]}},"_links":{"self":[{"href":"https:\/\/www.estrategiaconcursos.com.br\/blog\/wp-json\/wp\/v2\/posts\/429201","targetHints":{"allow":["GET"]}}],"collection":[{"href":"https:\/\/www.estrategiaconcursos.com.br\/blog\/wp-json\/wp\/v2\/posts"}],"about":[{"href":"https:\/\/www.estrategiaconcursos.com.br\/blog\/wp-json\/wp\/v2\/types\/post"}],"author":[{"embeddable":true,"href":"https:\/\/www.estrategiaconcursos.com.br\/blog\/wp-json\/wp\/v2\/users\/254"}],"replies":[{"embeddable":true,"href":"https:\/\/www.estrategiaconcursos.com.br\/blog\/wp-json\/wp\/v2\/comments?post=429201"}],"version-history":[{"count":12,"href":"https:\/\/www.estrategiaconcursos.com.br\/blog\/wp-json\/wp\/v2\/posts\/429201\/revisions"}],"predecessor-version":[{"id":1235382,"href":"https:\/\/www.estrategiaconcursos.com.br\/blog\/wp-json\/wp\/v2\/posts\/429201\/revisions\/1235382"}],"wp:featuredmedia":[{"embeddable":true,"href":"https:\/\/www.estrategiaconcursos.com.br\/blog\/wp-json\/wp\/v2\/media\/435611"}],"wp:attachment":[{"href":"https:\/\/www.estrategiaconcursos.com.br\/blog\/wp-json\/wp\/v2\/media?parent=429201"}],"wp:term":[{"taxonomy":"category","embeddable":true,"href":"https:\/\/www.estrategiaconcursos.com.br\/blog\/wp-json\/wp\/v2\/categories?post=429201"},{"taxonomy":"post_tag","embeddable":true,"href":"https:\/\/www.estrategiaconcursos.com.br\/blog\/wp-json\/wp\/v2\/tags?post=429201"},{"taxonomy":"tax_estado","embeddable":true,"href":"https:\/\/www.estrategiaconcursos.com.br\/blog\/wp-json\/wp\/v2\/tax_estado?post=429201"}],"curies":[{"name":"wp","href":"https:\/\/api.w.org\/{rel}","templated":true}]}}