{"id":429075,"date":"2026-01-20T10:30:00","date_gmt":"2026-01-20T13:30:00","guid":{"rendered":"https:\/\/www.estrategiaconcursos.com.br\/blog\/?p=429075"},"modified":"2026-01-23T14:09:38","modified_gmt":"2026-01-23T17:09:38","slug":"concurso-prefeitura-araucaria","status":"publish","type":"post","link":"https:\/\/www.estrategiaconcursos.com.br\/blog\/concurso-prefeitura-araucaria\/","title":{"rendered":"Concurso Arauc\u00e1ria PR: FAFIPA \u00e9 a banca!"},"content":{"rendered":"\n<p style=\"font-size:clamp(16.293px, 1.018rem + ((1vw - 3.2px) * 0.854), 25px);\"><strong><em>Edital do concurso Arauc\u00e1ria PR \u00e9 iminente! <\/em><\/strong><\/p>\n\n\n\n<p>Em breve, um novo edital do <strong>concurso p\u00fablico da <a href=\"https:\/\/www.estrategiaconcursos.com.br\/cursosPorConcurso\/prefeitura-municipal-de-araucaria-pr\/\" target=\"_blank\" rel=\"noreferrer noopener\">Prefeitura de Arauc\u00e1ria<\/a><\/strong>, no Paran\u00e1, estar\u00e1 na pra\u00e7a, j\u00e1 que a <span style=\"text-decoration: underline;\">banca j\u00e1 foi contratada<\/span>!<\/p>\n\n\n\n<p>De acordo com o <a href=\"https:\/\/pncp.gov.br\/app\/contratos\/76105535000199\/2026\/1\" target=\"_blank\" rel=\"noreferrer noopener\">contrato<\/a>, a empresa <strong>FAFIPA <\/strong>ficar\u00e1 respons\u00e1vel pela organiza\u00e7\u00e3o e execu\u00e7\u00e3o do certame.<\/p>\n\n\n\n<ul class=\"wp-block-list\">\n<li><strong><a href=\"https:\/\/dhg1h5j42swfq.cloudfront.net\/2025\/01\/20114321\/var_www_html_araucaria-atende-net_temp_wco_pncp_contrato_ct22026.pdf\" target=\"_blank\" rel=\"noreferrer noopener nofollow\">Veja os detalhes do contrato<\/a><\/strong><\/li>\n<\/ul>\n\n\n\n<p>O <a href=\"file:\/\/\/C:\/Users\/barbara.santos\/Downloads\/_var_www_html_araucaria.atende.net_temp_WCO_PNCP_Edital_edital_1_2026_2816_documento.pdf\" target=\"_blank\" rel=\"noreferrer noopener nofollow\">documento<\/a> de formaliza\u00e7\u00e3o revela que as vagas ser\u00e3o para as \u00e1reas de <strong>Sa\u00fade <\/strong>e <strong>Educa\u00e7\u00e3o<\/strong>, com exig\u00eancias de n\u00edveis m\u00e9dio e superior de escolaridade.<\/p>\n\n\n\n<p>O valor da taxa de inscri\u00e7\u00e3o ser\u00e1 de <strong>R$ 100,00<\/strong> para os cargos de n\u00edvel m\u00e9dio e <strong>R$ 150,00<\/strong> para os cargos de n\u00edvel superior.<\/p>\n\n\n\n<ul class=\"wp-block-list has-very-light-gray-to-cyan-bluish-gray-gradient-background has-background\">\n<li><strong>Prefeitura Municipal de Arauc\u00e1ria<\/strong> <strong>&#8211; PR<\/strong><\/li>\n\n\n\n<li><strong>Status: <\/strong>banca contratada<\/li>\n\n\n\n<li><strong>Banca:<\/strong> <a href=\"https:\/\/www.fundacaofafipa.org.br\/\" target=\"_blank\" rel=\"noreferrer noopener\">FAFIPA<\/a><\/li>\n\n\n\n<li><strong>Vagas:<\/strong> 1 + CR<\/li>\n\n\n\n<li><strong>Sal\u00e1rio inicial:<\/strong> R$ 2.175,81 a R$ 7.169,28&nbsp;(\u00faltimo edital &#8211; 2024)<\/li>\n\n\n\n<li><strong>\u00daltimo edital:<\/strong> <a href=\"https:\/\/dhg1h5j42swfq.cloudfront.net\/2024\/11\/06153605\/araucaria-1.pdf\" target=\"_blank\" rel=\"noreferrer noopener nofollow\">Edital Operacional<\/a> | <a href=\"https:\/\/dhg1h5j42swfq.cloudfront.net\/2024\/11\/06153554\/araucaria-2.pdf\" target=\"_blank\" rel=\"noreferrer noopener nofollow\">Sa\u00fade<\/a> | <a href=\"https:\/\/dhg1h5j42swfq.cloudfront.net\/2024\/11\/06153559\/araucaria-3.pdf\" target=\"_blank\" rel=\"noreferrer noopener nofollow\">Geral<\/a><\/li>\n<\/ul>\n\n\n\n<p>Vale lembrar que o \u00faltimo edital foi publicado em <strong>2024<\/strong>. Ao todo, foram ofertadas <strong>33 vagas<\/strong> <strong>imediatas<\/strong>, al\u00e9m de forma\u00e7\u00e3o de cadastro reserva, em diversos cargos em n<strong>\u00edveis fundamental, m\u00e9dio, t\u00e9cnico e superior completo.<\/strong><\/p>\n\n\n\n<p>A organiza\u00e7\u00e3o tamb\u00e9m esteve por conta da <a href=\"https:\/\/www.fundacaofafipa.org.br\/\" target=\"_blank\" rel=\"noreferrer noopener\">Funda\u00e7\u00e3o Fafipa<\/a>. As remunera\u00e7\u00f5es chegaram at\u00e9 <strong>R$ 7.169,28<\/strong>.<\/p>\n\n\n\n<p>Confira neste artigo as principais informa\u00e7\u00f5es e novidades sobre o concurso da Prefeitura de Arauc\u00e1ria. Acompanhe os t\u00f3picos abaixo e n\u00e3o perca nenhum detalhe:<\/p>\n\n\n\n<ul id=\"indice\" class=\"wp-block-list\">\n<li><a href=\"#situ\"><strong>Situa\u00e7\u00e3o atual<\/strong><\/a>\n<ul class=\"wp-block-list\">\n<li><a href=\"#cargos\">Cargos e vagas<\/a><\/li>\n\n\n\n<li><a href=\"#etapas-2026\">Etapas<\/a><\/li>\n\n\n\n<li><a href=\"#objetiva\">Prova objetiva<\/a><\/li>\n<\/ul>\n<\/li>\n\n\n\n<li><a href=\"#cargos-vagas\"><strong>\u00daltimo concurso (2024)<\/strong><\/a>\n<ul class=\"wp-block-list\">\n<li><a href=\"#op\">Quadro operacional<\/a><\/li>\n\n\n\n<li><a href=\"#saude\">Sa\u00fade<\/a><\/li>\n\n\n\n<li><a href=\"#geral\">Quadro geral<\/a><\/li>\n<\/ul>\n<\/li>\n\n\n\n<li><a href=\"#etapas\"><strong>Etapas do \u00faltimo concurso<\/strong><\/a>\n<ul class=\"wp-block-list\">\n<li><a href=\"#objetiva\">Prova Objetiva<\/a><\/li>\n\n\n\n<li><a href=\"#titulos\">Avalia\u00e7\u00e3o de t\u00edtulos<\/a><\/li>\n<\/ul>\n<\/li>\n\n\n\n<li><a href=\"#cursos-assinatura\"><strong>Cursos e assinatura<\/strong><\/a><\/li>\n\n\n\n<li><a href=\"#ficha\"><strong>Ficha t\u00e9cnica<\/strong><\/a><\/li>\n<\/ul>\n\n\n\n<div class=\"container\" id=\"boxes\">\n  <div class=\"row\">\n\n    <div class=\"col-sm\">\n      <div class=\"banner-prefeituras-ec\" id=\"box-assinatura\">\n        <h2 class=\"titulo-assinatura\" style=\"text-align: left;\">Cursos Pref. Arauc\u00e1ria<\/h2>\n        <p class=\"subtitulo-assinatura\" style=\"text-align: left;\">Prepara\u00e7\u00e3o completa para a carreira!<\/p>\n        <div class=\"box-botao\" style=\"text-align: left;\">\n          <a class=\"btn-assinatura\" target=\"_blank\" href=\"https:\/\/www.estrategiaconcursos.com.br\/cursosPorConcurso\/prefeitura-municipal-de-araucaria-pr\/\" role=\"button\" rel=\"noopener noreferrer\">EXPLORAR CURSOS<\/a>\n        <\/div>\n      <\/div><\/div><\/div><\/div>\n\n\n\n<h2 class=\"wp-block-heading\" id=\"situ\">Situa\u00e7\u00e3o atual do concurso Arauc\u00e1ria<\/h2>\n\n\n\n<h3 class=\"wp-block-heading\" id=\"cargos\">Cargos e vagas<\/h3>\n\n\n\n<p><strong><span style=\"text-decoration: underline;\">N\u00edvel m\u00e9dio<\/span><\/strong><\/p>\n\n\n\n<figure class=\"wp-block-table is-style-stripes\"><table><thead><tr><th class=\"has-text-align-center\" data-align=\"center\">Cargo<\/th><th class=\"has-text-align-center\" data-align=\"center\">N\u00ba de Vagas<\/th><th>N\u00ba de Fases<\/th><th>Provas<\/th><th>N\u00ba de Quest\u00f5es<\/th><th>N\u00ba de Inscritos no \u00daltimo Concurso<\/th><\/tr><\/thead><tbody><tr><td class=\"has-text-align-center\" data-align=\"center\">Professor de Educa\u00e7\u00e3o Infantil<\/td><td class=\"has-text-align-center\" data-align=\"center\">CR<\/td><td>2<\/td><td>1) L\u00edngua Portuguesa, Racioc\u00ednio L\u00f3gico-Matem\u00e1tico, Inform\u00e1tica B\u00e1sica e Conhecimentos Espec\u00edficos; 2) Prova de T\u00edtulos<\/td><td>40<\/td><td>4.373<\/td><\/tr><\/tbody><\/table><\/figure>\n\n\n\n<p><strong><span style=\"text-decoration: underline;\">N\u00edvel superior<\/span><\/strong><\/p>\n\n\n\n<figure class=\"wp-block-table is-style-stripes\"><table><thead><tr><th class=\"has-text-align-center\" data-align=\"center\">Cargo<\/th><th class=\"has-text-align-center\" data-align=\"center\">N\u00ba de Vagas<\/th><th class=\"has-text-align-center\" data-align=\"center\">N\u00ba de Fases<\/th><th class=\"has-text-align-center\" data-align=\"center\">Provas<\/th><th class=\"has-text-align-center\" data-align=\"center\">N\u00ba de Quest\u00f5es<\/th><th class=\"has-text-align-center\" data-align=\"center\">N\u00ba de Inscritos no \u00daltimo Concurso<\/th><\/tr><\/thead><tbody><tr><td class=\"has-text-align-center\" data-align=\"center\">Enfermeiro<\/td><td class=\"has-text-align-center\" data-align=\"center\">CR<\/td><td class=\"has-text-align-center\" data-align=\"center\">2<\/td><td class=\"has-text-align-center\" data-align=\"center\">1) L\u00edngua Portuguesa, Racioc\u00ednio L\u00f3gico-Matem\u00e1tico, Inform\u00e1tica B\u00e1sica e Conhecimentos Espec\u00edficos; 2) Prova de T\u00edtulos<\/td><td class=\"has-text-align-center\" data-align=\"center\">40<\/td><td class=\"has-text-align-center\" data-align=\"center\">1.107<\/td><\/tr><tr><td class=\"has-text-align-center\" data-align=\"center\">Cirurgi\u00e3o-Dentista<\/td><td class=\"has-text-align-center\" data-align=\"center\">CR<\/td><td class=\"has-text-align-center\" data-align=\"center\">2<\/td><td class=\"has-text-align-center\" data-align=\"center\">1) L\u00edngua Portuguesa, Racioc\u00ednio L\u00f3gico-Matem\u00e1tico, Inform\u00e1tica B\u00e1sica e Conhecimentos Espec\u00edficos; 2) Prova de T\u00edtulos<\/td><td class=\"has-text-align-center\" data-align=\"center\">40<\/td><td class=\"has-text-align-center\" data-align=\"center\">295<\/td><\/tr><tr><td class=\"has-text-align-center\" data-align=\"center\">Fisioterapeuta<\/td><td class=\"has-text-align-center\" data-align=\"center\">CR<\/td><td class=\"has-text-align-center\" data-align=\"center\">2<\/td><td class=\"has-text-align-center\" data-align=\"center\">1) L\u00edngua Portuguesa, Racioc\u00ednio L\u00f3gico-Matem\u00e1tico, Inform\u00e1tica B\u00e1sica e Conhecimentos Espec\u00edficos; 2) Prova de T\u00edtulos<\/td><td class=\"has-text-align-center\" data-align=\"center\">40<\/td><td class=\"has-text-align-center\" data-align=\"center\">222<\/td><\/tr><tr><td class=\"has-text-align-center\" data-align=\"center\">M\u00e9dico Geriatra<\/td><td class=\"has-text-align-center\" data-align=\"center\">CR<\/td><td class=\"has-text-align-center\" data-align=\"center\">2<\/td><td class=\"has-text-align-center\" data-align=\"center\">1) L\u00edngua Portuguesa, Racioc\u00ednio L\u00f3gico-Matem\u00e1tico, Inform\u00e1tica B\u00e1sica e Conhecimentos Espec\u00edficos; 2) Prova de T\u00edtulos<\/td><td class=\"has-text-align-center\" data-align=\"center\">40<\/td><td class=\"has-text-align-center\" data-align=\"center\">3<\/td><\/tr><tr><td class=\"has-text-align-center\" data-align=\"center\">M\u00e9dico Dermatologista<\/td><td class=\"has-text-align-center\" data-align=\"center\">01 + CR<\/td><td class=\"has-text-align-center\" data-align=\"center\">2<\/td><td class=\"has-text-align-center\" data-align=\"center\">1) L\u00edngua Portuguesa, Racioc\u00ednio L\u00f3gico-Matem\u00e1tico, Inform\u00e1tica B\u00e1sica e Conhecimentos Espec\u00edficos; 2) Prova de T\u00edtulos<\/td><td class=\"has-text-align-center\" data-align=\"center\">40<\/td><td class=\"has-text-align-center\" data-align=\"center\">15<\/td><\/tr><tr><td class=\"has-text-align-center\" data-align=\"center\">M\u00e9dico Neurologista Pedi\u00e1trico<\/td><td class=\"has-text-align-center\" data-align=\"center\">CR<\/td><td class=\"has-text-align-center\" data-align=\"center\">2<\/td><td class=\"has-text-align-center\" data-align=\"center\">1) L\u00edngua Portuguesa, Racioc\u00ednio L\u00f3gico-Matem\u00e1tico, Inform\u00e1tica B\u00e1sica e Conhecimentos Espec\u00edficos; 2) Prova de T\u00edtulos<\/td><td class=\"has-text-align-center\" data-align=\"center\">40<\/td><td class=\"has-text-align-center\" data-align=\"center\">1<\/td><\/tr><tr><td class=\"has-text-align-center\" data-align=\"center\">Farmac\u00eautico<\/td><td class=\"has-text-align-center\" data-align=\"center\">CR<\/td><td class=\"has-text-align-center\" data-align=\"center\">2<\/td><td class=\"has-text-align-center\" data-align=\"center\">1) L\u00edngua Portuguesa, Racioc\u00ednio L\u00f3gico-Matem\u00e1tico, Inform\u00e1tica B\u00e1sica e Conhecimentos Espec\u00edficos; 2) Prova de T\u00edtulos<\/td><td class=\"has-text-align-center\" data-align=\"center\">40<\/td><td class=\"has-text-align-center\" data-align=\"center\">454<\/td><\/tr><\/tbody><\/table><\/figure>\n\n\n\n<p>Estima-se um contingente aproximado de <strong>6.470 candidatos inscritos<\/strong>, utilizando-se como base as inscri\u00e7\u00f5es de concursos p\u00fablicos anteriores realizados pelo munic\u00edpio.<\/p>\n\n\n\n<h2 class=\"wp-block-heading\" id=\"etapas-2026\">Etapas do concurso<\/h2>\n\n\n\n<p>Para todos os cargos, os candidatos enfrentar\u00e3o as seguintes etapas:<\/p>\n\n\n\n<ul class=\"wp-block-list\">\n<li><strong>Fase 01 &#8211; Prova Objetiva:<\/strong> o modelo de prova dever\u00e1 ser de m\u00faltipla escolha (de car\u00e1ter obrigat\u00f3rio, eliminat\u00f3rio e classificat\u00f3rio); e<\/li>\n\n\n\n<li><strong>Fase 02 &#8211; Prova de T\u00edtulos:<\/strong> a avalia\u00e7\u00e3o curricular de t\u00edtulos (de car\u00e1ter classificat\u00f3rio).<\/li>\n<\/ul>\n\n\n\n<h3 class=\"wp-block-heading\" id=\"objetiva\">Prova objetiva<\/h3>\n\n\n\n<p>O modelo de prova dever\u00e1 ser constitu\u00edda por 40 quest\u00f5es de m\u00faltipla escolha, com cinco op\u00e7\u00f5es e uma \u00fanica resposta correta, sendo:<\/p>\n\n\n\n<ul class=\"wp-block-list\">\n<li>10 quest\u00f5es de L\u00edngua Portuguesa;<\/li>\n\n\n\n<li>10 de Matem\u00e1tica\/Racioc\u00ednio l\u00f3gico-matem\u00e1tico; e <\/li>\n\n\n\n<li>20 quest\u00f5es de Conhecimentos Espec\u00edficos.<\/li>\n<\/ul>\n\n\n\n<h2 class=\"wp-block-heading\" id=\"cargos-vagas\">\u00daltimo concurso Arauc\u00e1ria: cargos e vagas<\/h2>\n\n\n\n<h3 class=\"wp-block-heading\" id=\"op\">Edital n.\u00ba 297\/2024 (Quadro Operacional)<\/h3>\n\n\n\n<figure class=\"wp-block-table is-style-stripes\"><table><thead><tr><th class=\"has-text-align-center\" data-align=\"center\">CARGO<\/th><th class=\"has-text-align-center\" data-align=\"center\">VAGAS<\/th><th class=\"has-text-align-center\" data-align=\"center\">REQUISITOS<\/th><th class=\"has-text-align-center\" data-align=\"center\">SAL\u00c1RIO<\/th><\/tr><\/thead><tbody><tr><td class=\"has-text-align-center\" data-align=\"center\">Motorista<\/td><td class=\"has-text-align-center\" data-align=\"center\">12 + CR<\/td><td class=\"has-text-align-center\" data-align=\"center\">N\u00edvel fundamental<\/td><td class=\"has-text-align-center\" data-align=\"center\">R$ 2.175,81<\/td><\/tr><tr><td class=\"has-text-align-center\" data-align=\"center\">Operador de<br \/>M\u00e1quinas Rodovi\u00e1rias<\/td><td class=\"has-text-align-center\" data-align=\"center\">4 + CR<\/td><td class=\"has-text-align-center\" data-align=\"center\">N\u00edvel fundamental<\/td><td class=\"has-text-align-center\" data-align=\"center\">R$ 2.393,37<\/td><\/tr><tr><td class=\"has-text-align-center\" data-align=\"center\">Agente Municipal de Tr\u00e2nsito<\/td><td class=\"has-text-align-center\" data-align=\"center\">CR<\/td><td class=\"has-text-align-center\" data-align=\"center\">N\u00edvel M\u00e9dio<\/td><td class=\"has-text-align-center\" data-align=\"center\">R$ 2.393,37<\/td><\/tr><tr><td class=\"has-text-align-center\" data-align=\"center\">Guarda Municipal<\/td><td class=\"has-text-align-center\" data-align=\"center\">CR<\/td><td class=\"has-text-align-center\" data-align=\"center\">N\u00edvel M\u00e9dio<\/td><td class=\"has-text-align-center\" data-align=\"center\">R$ 2.427,30<\/td><\/tr><\/tbody><\/table><figcaption class=\"wp-element-caption\">Quadro de vagas edital 297<\/figcaption><\/figure>\n\n\n\n<h3 class=\"wp-block-heading\" id=\"saude\">Edital n.\u00ba 298\/2024 (\u00c1rea da Sa\u00fade)<\/h3>\n\n\n\n<figure class=\"wp-block-table is-style-stripes\"><table><thead><tr><th class=\"has-text-align-center\" data-align=\"center\">CARGO<\/th><th class=\"has-text-align-center\" data-align=\"center\">VAGAS<\/th><th class=\"has-text-align-center\" data-align=\"center\">REQUISITOS<\/th><th class=\"has-text-align-center\" data-align=\"center\">SAL\u00c1RIO<\/th><\/tr><\/thead><tbody><tr><td class=\"has-text-align-center\" data-align=\"center\">T\u00e9cnico de Enfermagem<\/td><td class=\"has-text-align-center\" data-align=\"center\">CR<\/td><td class=\"has-text-align-center\" data-align=\"center\">N\u00edvel T\u00e9cnico<\/td><td class=\"has-text-align-center\" data-align=\"center\">R$ 2.888,63<\/td><\/tr><tr><td class=\"has-text-align-center\" data-align=\"center\">T\u00e9cnico em Patologia Cl\u00ednica<\/td><td class=\"has-text-align-center\" data-align=\"center\">CR<\/td><td class=\"has-text-align-center\" data-align=\"center\">N\u00edvel T\u00e9cnico<\/td><td class=\"has-text-align-center\" data-align=\"center\">R$ 2.888,63<\/td><\/tr><tr><td class=\"has-text-align-center\" data-align=\"center\">M\u00e9dico (v\u00e1rios)<\/td><td class=\"has-text-align-center\" data-align=\"center\">13 + CR<\/td><td class=\"has-text-align-center\" data-align=\"center\">N\u00edvel Superior<\/td><td class=\"has-text-align-center\" data-align=\"center\">R$ 4.440,93 +<br \/>complemento<br \/>de R$ 4.096,71<\/td><\/tr><tr><td class=\"has-text-align-center\" data-align=\"center\">M\u00e9dico veterin\u00e1rio<\/td><td class=\"has-text-align-center\" data-align=\"center\">CR<\/td><td class=\"has-text-align-center\" data-align=\"center\">N\u00edvel Superior<\/td><td class=\"has-text-align-center\" data-align=\"center\">R$ 5.627,90<\/td><\/tr><\/tbody><\/table><figcaption class=\"wp-element-caption\">Quadro de vagas edital 298<\/figcaption><\/figure>\n\n\n\n<h3 class=\"wp-block-heading\" id=\"geral\">Edital n.\u00ba 299\/2024 (Quadro Geral)<\/h3>\n\n\n\n<figure class=\"wp-block-table is-style-stripes\"><table><thead><tr><th class=\"has-text-align-center\" data-align=\"center\">CARGO<\/th><th class=\"has-text-align-center\" data-align=\"center\">VAGAS<\/th><th class=\"has-text-align-center\" data-align=\"center\">REQUISITOS<\/th><th class=\"has-text-align-center\" data-align=\"center\">SAL\u00c1RIO<\/th><\/tr><\/thead><tbody><tr><td class=\"has-text-align-center\" data-align=\"center\">T\u00e9cnico de Administra\u00e7\u00e3o<\/td><td class=\"has-text-align-center\" data-align=\"center\">CR<\/td><td class=\"has-text-align-center\" data-align=\"center\">N\u00edvel T\u00e9cnico<\/td><td class=\"has-text-align-center\" data-align=\"center\">R$ 2.888,63<\/td><\/tr><tr><td class=\"has-text-align-center\" data-align=\"center\">T\u00e9cnico de Inform\u00e1tica<\/td><td class=\"has-text-align-center\" data-align=\"center\">1 + CR<\/td><td class=\"has-text-align-center\" data-align=\"center\">N\u00edvel T\u00e9cnico<\/td><td class=\"has-text-align-center\" data-align=\"center\">R$ 2.888,63<\/td><\/tr><tr><td class=\"has-text-align-center\" data-align=\"center\">Auditor-Fiscal do Munic\u00edpio<\/td><td class=\"has-text-align-center\" data-align=\"center\">CR<\/td><td class=\"has-text-align-center\" data-align=\"center\">N\u00edvel Superior<\/td><td class=\"has-text-align-center\" data-align=\"center\">R$ 4.859,75<\/td><\/tr><tr><td class=\"has-text-align-center\" data-align=\"center\">Assistente Social<\/td><td class=\"has-text-align-center\" data-align=\"center\"> 2 + CR<\/td><td class=\"has-text-align-center\" data-align=\"center\">N\u00edvel Superior<\/td><td class=\"has-text-align-center\" data-align=\"center\">R$ 4.859,75<\/td><\/tr><tr><td class=\"has-text-align-center\" data-align=\"center\">Analista de Sistemas<\/td><td class=\"has-text-align-center\" data-align=\"center\">CR<\/td><td class=\"has-text-align-center\" data-align=\"center\">N\u00edvel Superior<\/td><td class=\"has-text-align-center\" data-align=\"center\">R$ 4.859,75<\/td><\/tr><tr><td class=\"has-text-align-center\" data-align=\"center\">Arquiteto<\/td><td class=\"has-text-align-center\" data-align=\"center\"> CR<\/td><td class=\"has-text-align-center\" data-align=\"center\">N\u00edvel Superior<\/td><td class=\"has-text-align-center\" data-align=\"center\">R$ 7.169,28<\/td><\/tr><tr><td class=\"has-text-align-center\" data-align=\"center\">Contador<\/td><td class=\"has-text-align-center\" data-align=\"center\"> CR<\/td><td class=\"has-text-align-center\" data-align=\"center\">N\u00edvel Superior<\/td><td class=\"has-text-align-center\" data-align=\"center\">R$ 4.859,75<\/td><\/tr><tr><td class=\"has-text-align-center\" data-align=\"center\">Economista<\/td><td class=\"has-text-align-center\" data-align=\"center\"> CR<\/td><td class=\"has-text-align-center\" data-align=\"center\">N\u00edvel Superior<\/td><td class=\"has-text-align-center\" data-align=\"center\">R$ 4.859,75<\/td><\/tr><tr><td class=\"has-text-align-center\" data-align=\"center\">Engenheiro Agr\u00f4nomo<\/td><td class=\"has-text-align-center\" data-align=\"center\">1 +  CR<\/td><td class=\"has-text-align-center\" data-align=\"center\">N\u00edvel Superior<\/td><td class=\"has-text-align-center\" data-align=\"center\">R$ 7.169,28<\/td><\/tr><tr><td class=\"has-text-align-center\" data-align=\"center\">Engenheiro Civil<\/td><td class=\"has-text-align-center\" data-align=\"center\"> CR<\/td><td class=\"has-text-align-center\" data-align=\"center\">N\u00edvel Superior<\/td><td class=\"has-text-align-center\" data-align=\"center\">R$ 7.169,28<\/td><\/tr><tr><td class=\"has-text-align-center\" data-align=\"center\">Engenheiro de Tr\u00e2nsito<\/td><td class=\"has-text-align-center\" data-align=\"center\">CR<\/td><td class=\"has-text-align-center\" data-align=\"center\">N\u00edvel Superior<\/td><td class=\"has-text-align-center\" data-align=\"center\">R$ 7.169,28<\/td><\/tr><\/tbody><\/table><figcaption class=\"wp-element-caption\">Quadro de vagas edital 299<\/figcaption><\/figure>\n\n\n\n<h2 class=\"wp-block-heading\" id=\"etapas\">Concurso Arauc\u00e1ria: quais foram as etapas?<\/h2>\n\n\n\n<ul class=\"wp-block-list\">\n<li><strong>Prova objetiva<\/strong> de car\u00e1ter eliminat\u00f3rio e classificat\u00f3rio para todos os cargos;<\/li>\n\n\n\n<li><strong>Prova discursiva (PD)<\/strong> de car\u00e1ter eliminat\u00f3rio e classificat\u00f3rio para os cargos de AUDITORFISCAL DO MUNIC\u00cdPIO, CONTADOR e ECONOMISTA;<\/li>\n\n\n\n<li><strong>Prova de t\u00edtulos <\/strong>de car\u00e1ter classificat\u00f3rio, estritamente para os cargos de N\u00cdVEL SUPERIOR.<\/li>\n\n\n\n<li><strong>Prova Pr\u00e1tica<\/strong> de car\u00e1ter eliminat\u00f3rio e classificat\u00f3rio, para os cargos de MOTORISTA e OPERADOR DE M\u00c1QUINAS RODOVI\u00c1RIAS;<\/li>\n\n\n\n<li>T<strong>este de Aptid\u00e3o F\u00edsica (TAF)<\/strong> de car\u00e1ter eliminat\u00f3rio para os cargos de AGENTE MUNICIPAL DE TR\u00c2NSITO e GUARDA MUNICIPAL;<\/li>\n\n\n\n<li><strong>Avalia\u00e7\u00e3o Psicol\u00f3gica (AP)<\/strong> de car\u00e1ter eliminat\u00f3rio para os cargos de AGENTE MUNICIPAL DE TR\u00c2NSITO e GUARDA MUNICIPAL<\/li>\n\n\n\n<li><strong>Investiga\u00e7\u00e3o Social (IS)<\/strong> de car\u00e1ter eliminat\u00f3rio para o cargo de GUARDA MUNICIPAL;<\/li>\n\n\n\n<li><strong>Curso de Forma\u00e7\u00e3o Profissional (CFP)<\/strong> de car\u00e1ter eliminat\u00f3rio para os cargos de AGENTE MUNICIPAL DE TR\u00c2NSITO e GUARDA MUNICIPAL<\/li>\n<\/ul>\n\n\n\n<p class=\"has-background\" style=\"background-color:#e3e6ea\"><strong>&gt;&gt;&gt; Veja todos os detalhes sobre as etapas de prova para Guarda Municipal em nosso artigo completo &#8211; <a href=\"https:\/\/www.estrategiaconcursos.com.br\/blog\/concurso-gcm-araucaria-pr\/\" target=\"_blank\" rel=\"noreferrer noopener\">GCM Arauc\u00e1ria<\/a><\/strong><\/p>\n\n\n\n<h3 class=\"wp-block-heading\" id=\"objetiva\">Prova Objetiva<\/h3>\n\n\n\n<p>Dependendo do cargo, a dura\u00e7\u00e3o da prova foi de <strong>4 ou 5 horas<\/strong> e composta de <strong>40 ou 50 quest\u00f5es<\/strong> de m\u00faltipla escolha, com 05 alternativas cada, com as seguintes mat\u00e9rias:<\/p>\n\n\n\n<ul class=\"wp-block-list\">\n<li>L\u00edngua Portuguesa;<\/li>\n\n\n\n<li>Racioc\u00ednio l\u00f3gico-matem\u00e1tico;<\/li>\n\n\n\n<li>Inform\u00e1tica (exceto cargos de n\u00edvel fundamental, t\u00e9cnico em inform\u00e1tica e analista de sistemas);<\/li>\n\n\n\n<li>Conhecimentos Espec\u00edficos.<\/li>\n<\/ul>\n\n\n\n<h3 class=\"wp-block-heading\" id=\"titulos\">Avalia\u00e7\u00e3o de T\u00edtulos<\/h3>\n\n\n\n<p>A prova de t\u00edtulos foi avaliada numa escala de 0 a 10 pontos, ainda que a soma dos valores dos t\u00edtulos apresentados fosse superior a este valor.<\/p>\n\n\n\n<figure class=\"wp-block-image aligncenter size-full\"><img loading=\"lazy\" decoding=\"async\" width=\"670\" height=\"148\" src=\"https:\/\/dhg1h5j42swfq.cloudfront.net\/2022\/09\/07104522\/image-99.png\" alt=\"\" class=\"wp-image-1487177\" srcset=\"https:\/\/dhg1h5j42swfq.cloudfront.net\/2022\/09\/07104522\/image-99.png 670w, https:\/\/dhg1h5j42swfq.cloudfront.net\/2022\/09\/07104522\/image-99-300x66.png 300w, https:\/\/dhg1h5j42swfq.cloudfront.net\/2022\/09\/07104522\/image-99-150x33.png 150w\" sizes=\"auto, (max-width: 670px) 100vw, 670px\" \/><\/figure>\n\n\n\n<hr class=\"wp-block-separator has-css-opacity\"\/>\n\n\n\n<h2 class=\"wp-block-heading has-text-align-center\" id=\"cursos-assinatura\">Quer estudar para o concurso Prefeitura de Arauc\u00e1ria?<\/h2>\n\n\n\n<div class=\"container\" id=\"boxes\">\n  <div class=\"row\">\n\n    <div class=\"col-sm\">\n      <div class=\"banner-prefeituras-ec\" id=\"box-assinatura\">\n        <h2 class=\"titulo-assinatura\" style=\"text-align: left;\">Cursos Pref. Arauc\u00e1ria<\/h2>\n        <p class=\"subtitulo-assinatura\" style=\"text-align: left;\">Prepara\u00e7\u00e3o completa para a carreira!<\/p>\n        <div class=\"box-botao\" style=\"text-align: left;\">\n          <a class=\"btn-assinatura\" target=\"_blank\" href=\"https:\/\/www.estrategiaconcursos.com.br\/cursosPorConcurso\/prefeitura-municipal-de-araucaria-pr\/\" role=\"button\" rel=\"noopener noreferrer\">EXPLORAR CURSOS<\/a>\n        <\/div>\n      <\/div><\/div><\/div><\/div>\n\n\n\n<div class=\"container\" id=\"boxes\">\n  <div class=\"row\">\n\n    <div class=\"col-sm\">\n      <div class=\"estrategia\" id=\"box-assinatura\">\n        <h3 class=\"titulo-assinatura\">Assinatura Concursos<\/h3>\n        <p class=\"subtitulo-assinatura\">Assinatura de 1 ano ou 2 anos<\/p>\n        <div class=\"box-botao\">\n          <a class=\"btn-assinatura\" target=\"_blank\" href=\"https:\/\/www.estrategiaconcursos.com.br\/assinaturas\/\" role=\"button\" rel=\"noopener noreferrer\">ASSINE AGORA<\/a>\n        <\/div>\n      <\/div><\/div><\/div><\/div>\n\n\n\n<h2 class=\"wp-block-heading has-text-align-center\" id=\"h-quer-saber-tudo-sobre-concursos-previstos-confira-nossos-artigos\">Quer saber tudo sobre concursos previstos?<br \/>Confira nossos artigos!<\/h2>\n\n\n\n<ul class=\"wp-block-list\">\n<li><a href=\"https:\/\/www.estrategiaconcursos.com.br\/blog\/concursos-abertos\/\" target=\"_blank\" rel=\"noreferrer noopener\">Concursos Abertos<\/a><\/li>\n\n\n\n<li><a href=\"https:\/\/www.estrategiaconcursos.com.br\/blog\/concursos-abertos-prefeituras\/\" target=\"_blank\" rel=\"noreferrer noopener\">Concursos Abertos de Prefeituras<\/a><\/li>\n\n\n\n<li><a href=\"https:\/\/www.estrategiaconcursos.com.br\/blog\/concursos-prefeituras\/\" target=\"_blank\" rel=\"noreferrer noopener\">Concursos Prefeituras<\/a><\/li>\n\n\n\n<li><a href=\"https:\/\/www.estrategiaconcursos.com.br\/blog\/concursos-2026\/\" target=\"_blank\" rel=\"noreferrer noopener\">Concursos 2026<\/a><\/li>\n<\/ul>\n\n\n\n<figure class=\"wp-block-image size-large is-resized\"><img loading=\"lazy\" decoding=\"async\" width=\"1024\" height=\"632\" src=\"https:\/\/dhg1h5j42swfq.cloudfront.net\/2021\/08\/02092425\/ficha-tecnica-1024x632.png\" alt=\"Informa\u00e7\u00f5es do concurso Prefeitura de Arauc\u00e1ria - PR\" class=\"wp-image-826813\" style=\"width:263px;height:163px\" srcset=\"https:\/\/dhg1h5j42swfq.cloudfront.net\/2021\/08\/02092425\/ficha-tecnica-1024x632.png 1024w, https:\/\/dhg1h5j42swfq.cloudfront.net\/2021\/08\/02092425\/ficha-tecnica-300x185.png 300w, https:\/\/dhg1h5j42swfq.cloudfront.net\/2021\/08\/02092425\/ficha-tecnica-768x474.png 768w, https:\/\/dhg1h5j42swfq.cloudfront.net\/2021\/08\/02092425\/ficha-tecnica-1536x948.png 1536w, https:\/\/dhg1h5j42swfq.cloudfront.net\/2021\/08\/02092425\/ficha-tecnica-610x377.png 610w, https:\/\/dhg1h5j42swfq.cloudfront.net\/2021\/08\/02092425\/ficha-tecnica.png 1571w\" sizes=\"auto, (max-width: 1024px) 100vw, 1024px\" \/><\/figure>\n\n\n\n<h3 class=\"wp-block-heading\" id=\"ficha\">Informa\u00e7\u00f5es do concurso Prefeitura de Arauc\u00e1ria &#8211; PR<\/h3>\n\n\n\n<ul class=\"wp-block-list\">\n<li><strong>Previs\u00e3o:<\/strong> 2026<\/li>\n\n\n\n<li><strong style=\"color: initial;\">Vagas<\/strong><span style=\"color: initial;\">: <\/span>1 + CR<\/li>\n\n\n\n<li><strong>Cargos<\/strong>: diversos<\/li>\n\n\n\n<li><strong>Banca<\/strong>: Funda\u00e7\u00e3o Fafipa<\/li>\n\n\n\n<li><strong>Escolaridade<\/strong>: m\u00e9dio e superior<\/li>\n\n\n\n<li><strong>\u00daltimo edital<\/strong>: <a href=\"https:\/\/dhg1h5j42swfq.cloudfront.net\/2024\/11\/06153605\/araucaria-1.pdf\" target=\"_blank\" rel=\"noreferrer noopener nofollow\">Edital Operacional<\/a> | <a href=\"https:\/\/dhg1h5j42swfq.cloudfront.net\/2024\/11\/06153554\/araucaria-2.pdf\" target=\"_blank\" rel=\"noreferrer noopener nofollow\">Sa\u00fade<\/a> | <a href=\"https:\/\/dhg1h5j42swfq.cloudfront.net\/2024\/11\/06153559\/araucaria-3.pdf\" target=\"_blank\" rel=\"noreferrer noopener nofollow\">Geral<\/a><\/li>\n<\/ul>\n\n\n\n<p><\/p>\n","protected":false},"excerpt":{"rendered":"<p>Edital do concurso Arauc\u00e1ria PR \u00e9 iminente! Em breve, um novo edital do concurso p\u00fablico da Prefeitura de Arauc\u00e1ria, no Paran\u00e1, estar\u00e1 na pra\u00e7a, j\u00e1 que a banca j\u00e1 foi contratada! De acordo com o contrato, a empresa FAFIPA ficar\u00e1 respons\u00e1vel pela organiza\u00e7\u00e3o e execu\u00e7\u00e3o do certame. O documento de formaliza\u00e7\u00e3o revela que as vagas [&hellip;]<\/p>\n","protected":false},"author":1,"featured_media":1064147,"comment_status":"open","ping_status":"closed","sticky":false,"template":"","format":"standard","meta":{"post_tipo":"news_page","footnotes":""},"categories":[214992],"tags":[],"tax_estado":[219981],"class_list":["post-429075","post","type-post","status-publish","format-standard","has-post-thumbnail","hentry","category-concursos-administrativos","tax_estado-pr"],"acf":[],"yoast_head":"<!-- This site is optimized with the Yoast SEO Premium plugin v27.2 (Yoast SEO v27.2) - https:\/\/yoast.com\/product\/yoast-seo-premium-wordpress\/ -->\n<title>Concurso Arauc\u00e1ria PR: FAFIPA \u00e9 a banca!<\/title>\n<meta name=\"description\" content=\"Fique por dentro do concurso Arauc\u00e1ria. Em breve, edital com vagas nas \u00e1reas de Sa\u00fade e Educa\u00e7\u00e3o ser\u00e1 publicado.\" \/>\n<meta name=\"robots\" content=\"index, follow, max-snippet:-1, max-image-preview:large, max-video-preview:-1\" \/>\n<link rel=\"canonical\" href=\"https:\/\/www.estrategiaconcursos.com.br\/blog\/concurso-prefeitura-araucaria\/\" \/>\n<meta property=\"og:locale\" content=\"pt_BR\" \/>\n<meta property=\"og:type\" content=\"article\" \/>\n<meta property=\"og:title\" content=\"Concurso Arauc\u00e1ria PR: FAFIPA \u00e9 a banca!\" \/>\n<meta property=\"og:description\" content=\"Fique por dentro do concurso Arauc\u00e1ria. Em breve, edital com vagas nas \u00e1reas de Sa\u00fade e Educa\u00e7\u00e3o ser\u00e1 publicado.\" \/>\n<meta property=\"og:url\" content=\"https:\/\/www.estrategiaconcursos.com.br\/blog\/concurso-prefeitura-araucaria\/\" \/>\n<meta property=\"og:site_name\" content=\"Estrat\u00e9gia Concursos\" \/>\n<meta property=\"article:author\" content=\"https:\/\/www.facebook.com\/EstrategiaConcursos\" \/>\n<meta property=\"article:published_time\" content=\"2026-01-20T13:30:00+00:00\" \/>\n<meta property=\"article:modified_time\" content=\"2026-01-23T17:09:38+00:00\" \/>\n<meta property=\"og:image\" content=\"https:\/\/dhg1h5j42swfq.cloudfront.net\/2022\/07\/20133725\/prefeitura_de_aracuaria_pr.jpg\" \/>\n\t<meta property=\"og:image:width\" content=\"768\" \/>\n\t<meta property=\"og:image:height\" content=\"432\" \/>\n\t<meta property=\"og:image:type\" content=\"image\/jpeg\" \/>\n<meta name=\"author\" content=\"Coordena\u00e7\u00e3o\" \/>\n<meta name=\"twitter:card\" content=\"summary_large_image\" \/>\n<meta name=\"twitter:creator\" content=\"@EstratConcursos\" \/>\n<meta name=\"twitter:site\" content=\"@EstratConcursos\" \/>\n<meta name=\"twitter:label1\" content=\"Escrito por\" \/>\n\t<meta name=\"twitter:data1\" content=\"Coordena\u00e7\u00e3o\" \/>\n\t<meta name=\"twitter:label2\" content=\"Est. tempo de leitura\" \/>\n\t<meta name=\"twitter:data2\" content=\"4 minutos\" \/>\n<script type=\"application\/ld+json\" class=\"yoast-schema-graph\">{\"@context\":\"https:\/\/schema.org\",\"@graph\":[{\"@type\":\"NewsArticle\",\"@id\":\"https:\/\/www.estrategiaconcursos.com.br\/blog\/concurso-prefeitura-araucaria\/#article\",\"isPartOf\":{\"@id\":\"https:\/\/www.estrategiaconcursos.com.br\/blog\/concurso-prefeitura-araucaria\/\"},\"author\":{\"name\":\"Coordena\u00e7\u00e3o\",\"@id\":\"https:\/\/www.estrategiaconcursos.com.br\/blog\/#\/schema\/person\/b4a388c97673c5f483d72185668afa1f\"},\"headline\":\"Concurso Arauc\u00e1ria PR: FAFIPA \u00e9 a banca!\",\"datePublished\":\"2026-01-20T13:30:00+00:00\",\"dateModified\":\"2026-01-23T17:09:38+00:00\",\"mainEntityOfPage\":{\"@id\":\"https:\/\/www.estrategiaconcursos.com.br\/blog\/concurso-prefeitura-araucaria\/\"},\"wordCount\":1229,\"commentCount\":7,\"publisher\":{\"@id\":\"https:\/\/www.estrategiaconcursos.com.br\/blog\/#organization\"},\"image\":{\"@id\":\"https:\/\/www.estrategiaconcursos.com.br\/blog\/concurso-prefeitura-araucaria\/#primaryimage\"},\"thumbnailUrl\":\"https:\/\/dhg1h5j42swfq.cloudfront.net\/2022\/07\/20133725\/prefeitura_de_aracuaria_pr.jpg\",\"articleSection\":[\"Executivo (Administrativa)\"],\"inLanguage\":\"pt-BR\",\"potentialAction\":[{\"@type\":\"CommentAction\",\"name\":\"Comment\",\"target\":[\"https:\/\/www.estrategiaconcursos.com.br\/blog\/concurso-prefeitura-araucaria\/#respond\"]}],\"copyrightYear\":\"2026\",\"copyrightHolder\":{\"@id\":\"https:\/\/www.estrategiaconcursos.com.br\/blog\/#organization\"}},{\"@type\":\"WebPage\",\"@id\":\"https:\/\/www.estrategiaconcursos.com.br\/blog\/concurso-prefeitura-araucaria\/\",\"url\":\"https:\/\/www.estrategiaconcursos.com.br\/blog\/concurso-prefeitura-araucaria\/\",\"name\":\"Concurso Arauc\u00e1ria PR: FAFIPA \u00e9 a banca!\",\"isPartOf\":{\"@id\":\"https:\/\/www.estrategiaconcursos.com.br\/blog\/#website\"},\"primaryImageOfPage\":{\"@id\":\"https:\/\/www.estrategiaconcursos.com.br\/blog\/concurso-prefeitura-araucaria\/#primaryimage\"},\"image\":{\"@id\":\"https:\/\/www.estrategiaconcursos.com.br\/blog\/concurso-prefeitura-araucaria\/#primaryimage\"},\"thumbnailUrl\":\"https:\/\/dhg1h5j42swfq.cloudfront.net\/2022\/07\/20133725\/prefeitura_de_aracuaria_pr.jpg\",\"datePublished\":\"2026-01-20T13:30:00+00:00\",\"dateModified\":\"2026-01-23T17:09:38+00:00\",\"description\":\"Fique por dentro do concurso Arauc\u00e1ria. Em breve, edital com vagas nas \u00e1reas de Sa\u00fade e Educa\u00e7\u00e3o ser\u00e1 publicado.\",\"breadcrumb\":{\"@id\":\"https:\/\/www.estrategiaconcursos.com.br\/blog\/concurso-prefeitura-araucaria\/#breadcrumb\"},\"inLanguage\":\"pt-BR\",\"potentialAction\":[{\"@type\":\"ReadAction\",\"target\":[\"https:\/\/www.estrategiaconcursos.com.br\/blog\/concurso-prefeitura-araucaria\/\"]}]},{\"@type\":\"ImageObject\",\"inLanguage\":\"pt-BR\",\"@id\":\"https:\/\/www.estrategiaconcursos.com.br\/blog\/concurso-prefeitura-araucaria\/#primaryimage\",\"url\":\"https:\/\/dhg1h5j42swfq.cloudfront.net\/2022\/07\/20133725\/prefeitura_de_aracuaria_pr.jpg\",\"contentUrl\":\"https:\/\/dhg1h5j42swfq.cloudfront.net\/2022\/07\/20133725\/prefeitura_de_aracuaria_pr.jpg\",\"width\":768,\"height\":432},{\"@type\":\"BreadcrumbList\",\"@id\":\"https:\/\/www.estrategiaconcursos.com.br\/blog\/concurso-prefeitura-araucaria\/#breadcrumb\",\"itemListElement\":[{\"@type\":\"ListItem\",\"position\":1,\"name\":\"In\u00edcio\",\"item\":\"https:\/\/www.estrategiaconcursos.com.br\/blog\/\"},{\"@type\":\"ListItem\",\"position\":2,\"name\":\"Concurso Arauc\u00e1ria PR: FAFIPA \u00e9 a banca!\"}]},{\"@type\":\"WebSite\",\"@id\":\"https:\/\/www.estrategiaconcursos.com.br\/blog\/#website\",\"url\":\"https:\/\/www.estrategiaconcursos.com.br\/blog\/\",\"name\":\"Estrat\u00e9gia Concursos\",\"description\":\"O blog da Estrat\u00e9gia Concursos traz not\u00edcias sobre concursos e artigos de professores oferecendo cursos para concursos (pdf + videaulas) no site.\",\"publisher\":{\"@id\":\"https:\/\/www.estrategiaconcursos.com.br\/blog\/#organization\"},\"potentialAction\":[{\"@type\":\"SearchAction\",\"target\":{\"@type\":\"EntryPoint\",\"urlTemplate\":\"https:\/\/www.estrategiaconcursos.com.br\/blog\/?s={search_term_string}\"},\"query-input\":{\"@type\":\"PropertyValueSpecification\",\"valueRequired\":true,\"valueName\":\"search_term_string\"}}],\"inLanguage\":\"pt-BR\"},{\"@type\":\"Organization\",\"@id\":\"https:\/\/www.estrategiaconcursos.com.br\/blog\/#organization\",\"name\":\"Estrat\u00e9gia Concursos\",\"url\":\"https:\/\/www.estrategiaconcursos.com.br\/blog\/\",\"logo\":{\"@type\":\"ImageObject\",\"inLanguage\":\"pt-BR\",\"@id\":\"https:\/\/www.estrategiaconcursos.com.br\/blog\/#\/schema\/logo\/image\/\",\"url\":\"https:\/\/dhg1h5j42swfq.cloudfront.net\/2025\/06\/03203428\/logo_concursos-1.jpg\",\"contentUrl\":\"https:\/\/dhg1h5j42swfq.cloudfront.net\/2025\/06\/03203428\/logo_concursos-1.jpg\",\"width\":230,\"height\":60,\"caption\":\"Estrat\u00e9gia Concursos\"},\"image\":{\"@id\":\"https:\/\/www.estrategiaconcursos.com.br\/blog\/#\/schema\/logo\/image\/\"},\"sameAs\":[\"https:\/\/x.com\/EstratConcursos\"]},{\"@type\":\"Person\",\"@id\":\"https:\/\/www.estrategiaconcursos.com.br\/blog\/#\/schema\/person\/b4a388c97673c5f483d72185668afa1f\",\"name\":\"Coordena\u00e7\u00e3o\",\"image\":{\"@type\":\"ImageObject\",\"inLanguage\":\"pt-BR\",\"@id\":\"https:\/\/secure.gravatar.com\/avatar\/b720319e4c9a967eb58678d110f4fe35452fc5d5f97b202bac7b8acceb18c6ad?s=96&d=mm&r=g\",\"url\":\"https:\/\/secure.gravatar.com\/avatar\/b720319e4c9a967eb58678d110f4fe35452fc5d5f97b202bac7b8acceb18c6ad?s=96&d=mm&r=g\",\"contentUrl\":\"https:\/\/secure.gravatar.com\/avatar\/b720319e4c9a967eb58678d110f4fe35452fc5d5f97b202bac7b8acceb18c6ad?s=96&d=mm&r=g\",\"caption\":\"Coordena\u00e7\u00e3o\"},\"sameAs\":[\"https:\/\/www.facebook.com\/EstrategiaConcursos\",\"https:\/\/x.com\/EstratConcursos\"],\"url\":\"https:\/\/www.estrategiaconcursos.com.br\/blog\/author\/estrategia2013\/\"}]}<\/script>\n<!-- \/ Yoast SEO Premium plugin. -->","yoast_head_json":{"title":"Concurso Arauc\u00e1ria PR: FAFIPA \u00e9 a banca!","description":"Fique por dentro do concurso Arauc\u00e1ria. Em breve, edital com vagas nas \u00e1reas de Sa\u00fade e Educa\u00e7\u00e3o ser\u00e1 publicado.","robots":{"index":"index","follow":"follow","max-snippet":"max-snippet:-1","max-image-preview":"max-image-preview:large","max-video-preview":"max-video-preview:-1"},"canonical":"https:\/\/www.estrategiaconcursos.com.br\/blog\/concurso-prefeitura-araucaria\/","og_locale":"pt_BR","og_type":"article","og_title":"Concurso Arauc\u00e1ria PR: FAFIPA \u00e9 a banca!","og_description":"Fique por dentro do concurso Arauc\u00e1ria. Em breve, edital com vagas nas \u00e1reas de Sa\u00fade e Educa\u00e7\u00e3o ser\u00e1 publicado.","og_url":"https:\/\/www.estrategiaconcursos.com.br\/blog\/concurso-prefeitura-araucaria\/","og_site_name":"Estrat\u00e9gia Concursos","article_author":"https:\/\/www.facebook.com\/EstrategiaConcursos","article_published_time":"2026-01-20T13:30:00+00:00","article_modified_time":"2026-01-23T17:09:38+00:00","og_image":[{"width":768,"height":432,"url":"https:\/\/dhg1h5j42swfq.cloudfront.net\/2022\/07\/20133725\/prefeitura_de_aracuaria_pr.jpg","type":"image\/jpeg"}],"author":"Coordena\u00e7\u00e3o","twitter_card":"summary_large_image","twitter_creator":"@EstratConcursos","twitter_site":"@EstratConcursos","twitter_misc":{"Escrito por":"Coordena\u00e7\u00e3o","Est. tempo de leitura":"4 minutos"},"schema":{"@context":"https:\/\/schema.org","@graph":[{"@type":"NewsArticle","@id":"https:\/\/www.estrategiaconcursos.com.br\/blog\/concurso-prefeitura-araucaria\/#article","isPartOf":{"@id":"https:\/\/www.estrategiaconcursos.com.br\/blog\/concurso-prefeitura-araucaria\/"},"author":{"name":"Coordena\u00e7\u00e3o","@id":"https:\/\/www.estrategiaconcursos.com.br\/blog\/#\/schema\/person\/b4a388c97673c5f483d72185668afa1f"},"headline":"Concurso Arauc\u00e1ria PR: FAFIPA \u00e9 a banca!","datePublished":"2026-01-20T13:30:00+00:00","dateModified":"2026-01-23T17:09:38+00:00","mainEntityOfPage":{"@id":"https:\/\/www.estrategiaconcursos.com.br\/blog\/concurso-prefeitura-araucaria\/"},"wordCount":1229,"commentCount":7,"publisher":{"@id":"https:\/\/www.estrategiaconcursos.com.br\/blog\/#organization"},"image":{"@id":"https:\/\/www.estrategiaconcursos.com.br\/blog\/concurso-prefeitura-araucaria\/#primaryimage"},"thumbnailUrl":"https:\/\/dhg1h5j42swfq.cloudfront.net\/2022\/07\/20133725\/prefeitura_de_aracuaria_pr.jpg","articleSection":["Executivo (Administrativa)"],"inLanguage":"pt-BR","potentialAction":[{"@type":"CommentAction","name":"Comment","target":["https:\/\/www.estrategiaconcursos.com.br\/blog\/concurso-prefeitura-araucaria\/#respond"]}],"copyrightYear":"2026","copyrightHolder":{"@id":"https:\/\/www.estrategiaconcursos.com.br\/blog\/#organization"}},{"@type":"WebPage","@id":"https:\/\/www.estrategiaconcursos.com.br\/blog\/concurso-prefeitura-araucaria\/","url":"https:\/\/www.estrategiaconcursos.com.br\/blog\/concurso-prefeitura-araucaria\/","name":"Concurso Arauc\u00e1ria PR: FAFIPA \u00e9 a banca!","isPartOf":{"@id":"https:\/\/www.estrategiaconcursos.com.br\/blog\/#website"},"primaryImageOfPage":{"@id":"https:\/\/www.estrategiaconcursos.com.br\/blog\/concurso-prefeitura-araucaria\/#primaryimage"},"image":{"@id":"https:\/\/www.estrategiaconcursos.com.br\/blog\/concurso-prefeitura-araucaria\/#primaryimage"},"thumbnailUrl":"https:\/\/dhg1h5j42swfq.cloudfront.net\/2022\/07\/20133725\/prefeitura_de_aracuaria_pr.jpg","datePublished":"2026-01-20T13:30:00+00:00","dateModified":"2026-01-23T17:09:38+00:00","description":"Fique por dentro do concurso Arauc\u00e1ria. Em breve, edital com vagas nas \u00e1reas de Sa\u00fade e Educa\u00e7\u00e3o ser\u00e1 publicado.","breadcrumb":{"@id":"https:\/\/www.estrategiaconcursos.com.br\/blog\/concurso-prefeitura-araucaria\/#breadcrumb"},"inLanguage":"pt-BR","potentialAction":[{"@type":"ReadAction","target":["https:\/\/www.estrategiaconcursos.com.br\/blog\/concurso-prefeitura-araucaria\/"]}]},{"@type":"ImageObject","inLanguage":"pt-BR","@id":"https:\/\/www.estrategiaconcursos.com.br\/blog\/concurso-prefeitura-araucaria\/#primaryimage","url":"https:\/\/dhg1h5j42swfq.cloudfront.net\/2022\/07\/20133725\/prefeitura_de_aracuaria_pr.jpg","contentUrl":"https:\/\/dhg1h5j42swfq.cloudfront.net\/2022\/07\/20133725\/prefeitura_de_aracuaria_pr.jpg","width":768,"height":432},{"@type":"BreadcrumbList","@id":"https:\/\/www.estrategiaconcursos.com.br\/blog\/concurso-prefeitura-araucaria\/#breadcrumb","itemListElement":[{"@type":"ListItem","position":1,"name":"In\u00edcio","item":"https:\/\/www.estrategiaconcursos.com.br\/blog\/"},{"@type":"ListItem","position":2,"name":"Concurso Arauc\u00e1ria PR: FAFIPA \u00e9 a banca!"}]},{"@type":"WebSite","@id":"https:\/\/www.estrategiaconcursos.com.br\/blog\/#website","url":"https:\/\/www.estrategiaconcursos.com.br\/blog\/","name":"Estrat\u00e9gia Concursos","description":"O blog da Estrat\u00e9gia Concursos traz not\u00edcias sobre concursos e artigos de professores oferecendo cursos para concursos (pdf + videaulas) no site.","publisher":{"@id":"https:\/\/www.estrategiaconcursos.com.br\/blog\/#organization"},"potentialAction":[{"@type":"SearchAction","target":{"@type":"EntryPoint","urlTemplate":"https:\/\/www.estrategiaconcursos.com.br\/blog\/?s={search_term_string}"},"query-input":{"@type":"PropertyValueSpecification","valueRequired":true,"valueName":"search_term_string"}}],"inLanguage":"pt-BR"},{"@type":"Organization","@id":"https:\/\/www.estrategiaconcursos.com.br\/blog\/#organization","name":"Estrat\u00e9gia Concursos","url":"https:\/\/www.estrategiaconcursos.com.br\/blog\/","logo":{"@type":"ImageObject","inLanguage":"pt-BR","@id":"https:\/\/www.estrategiaconcursos.com.br\/blog\/#\/schema\/logo\/image\/","url":"https:\/\/dhg1h5j42swfq.cloudfront.net\/2025\/06\/03203428\/logo_concursos-1.jpg","contentUrl":"https:\/\/dhg1h5j42swfq.cloudfront.net\/2025\/06\/03203428\/logo_concursos-1.jpg","width":230,"height":60,"caption":"Estrat\u00e9gia Concursos"},"image":{"@id":"https:\/\/www.estrategiaconcursos.com.br\/blog\/#\/schema\/logo\/image\/"},"sameAs":["https:\/\/x.com\/EstratConcursos"]},{"@type":"Person","@id":"https:\/\/www.estrategiaconcursos.com.br\/blog\/#\/schema\/person\/b4a388c97673c5f483d72185668afa1f","name":"Coordena\u00e7\u00e3o","image":{"@type":"ImageObject","inLanguage":"pt-BR","@id":"https:\/\/secure.gravatar.com\/avatar\/b720319e4c9a967eb58678d110f4fe35452fc5d5f97b202bac7b8acceb18c6ad?s=96&d=mm&r=g","url":"https:\/\/secure.gravatar.com\/avatar\/b720319e4c9a967eb58678d110f4fe35452fc5d5f97b202bac7b8acceb18c6ad?s=96&d=mm&r=g","contentUrl":"https:\/\/secure.gravatar.com\/avatar\/b720319e4c9a967eb58678d110f4fe35452fc5d5f97b202bac7b8acceb18c6ad?s=96&d=mm&r=g","caption":"Coordena\u00e7\u00e3o"},"sameAs":["https:\/\/www.facebook.com\/EstrategiaConcursos","https:\/\/x.com\/EstratConcursos"],"url":"https:\/\/www.estrategiaconcursos.com.br\/blog\/author\/estrategia2013\/"}]}},"_links":{"self":[{"href":"https:\/\/www.estrategiaconcursos.com.br\/blog\/wp-json\/wp\/v2\/posts\/429075","targetHints":{"allow":["GET"]}}],"collection":[{"href":"https:\/\/www.estrategiaconcursos.com.br\/blog\/wp-json\/wp\/v2\/posts"}],"about":[{"href":"https:\/\/www.estrategiaconcursos.com.br\/blog\/wp-json\/wp\/v2\/types\/post"}],"author":[{"embeddable":true,"href":"https:\/\/www.estrategiaconcursos.com.br\/blog\/wp-json\/wp\/v2\/users\/1"}],"replies":[{"embeddable":true,"href":"https:\/\/www.estrategiaconcursos.com.br\/blog\/wp-json\/wp\/v2\/comments?post=429075"}],"version-history":[{"count":74,"href":"https:\/\/www.estrategiaconcursos.com.br\/blog\/wp-json\/wp\/v2\/posts\/429075\/revisions"}],"predecessor-version":[{"id":1704243,"href":"https:\/\/www.estrategiaconcursos.com.br\/blog\/wp-json\/wp\/v2\/posts\/429075\/revisions\/1704243"}],"wp:featuredmedia":[{"embeddable":true,"href":"https:\/\/www.estrategiaconcursos.com.br\/blog\/wp-json\/wp\/v2\/media\/1064147"}],"wp:attachment":[{"href":"https:\/\/www.estrategiaconcursos.com.br\/blog\/wp-json\/wp\/v2\/media?parent=429075"}],"wp:term":[{"taxonomy":"category","embeddable":true,"href":"https:\/\/www.estrategiaconcursos.com.br\/blog\/wp-json\/wp\/v2\/categories?post=429075"},{"taxonomy":"post_tag","embeddable":true,"href":"https:\/\/www.estrategiaconcursos.com.br\/blog\/wp-json\/wp\/v2\/tags?post=429075"},{"taxonomy":"tax_estado","embeddable":true,"href":"https:\/\/www.estrategiaconcursos.com.br\/blog\/wp-json\/wp\/v2\/tax_estado?post=429075"}],"curies":[{"name":"wp","href":"https:\/\/api.w.org\/{rel}","templated":true}]}}