{"id":428852,"date":"2019-10-01T17:03:03","date_gmt":"2019-10-01T20:03:03","guid":{"rendered":"https:\/\/www.estrategiaconcursos.com.br\/blog\/?p=428852"},"modified":"2019-10-01T17:05:11","modified_gmt":"2019-10-01T20:05:11","slug":"entrevista-thomas-vlacic-aprovado-no-concurso-trf-4","status":"publish","type":"post","link":"https:\/\/www.estrategiaconcursos.com.br\/blog\/entrevista-thomas-vlacic-aprovado-no-concurso-trf-4\/","title":{"rendered":"ENTREVISTA: Thom\u00e1s Vlacic &#8211; Aprovado no concurso TRF 4 no cargo de Analista em 2\u00ba lugar na coloca\u00e7\u00e3o geral e 1\u00ba lugar na regi\u00e3o Central\/RS"},"content":{"rendered":"<p><img loading=\"lazy\" decoding=\"async\" class=\"size-medium wp-image-428859 alignleft\" src=\"https:\/\/dhg1h5j42swfq.cloudfront.net\/2019\/10\/01165938\/foto-2-11.jpg\" alt=\"\" width=\"300\" height=\"169\" srcset=\"https:\/\/dhg1h5j42swfq.cloudfront.net\/2019\/10\/01165938\/foto-2-11.jpg 960w, https:\/\/dhg1h5j42swfq.cloudfront.net\/2019\/10\/01165938\/foto-2-11.jpg 300w, https:\/\/dhg1h5j42swfq.cloudfront.net\/2019\/10\/01165938\/foto-2-11.jpg 768w, https:\/\/dhg1h5j42swfq.cloudfront.net\/2019\/10\/01165938\/foto-2-11.jpg 610w\" sizes=\"auto, (max-width: 300px) 100vw, 300px\" \/><\/p>\n<p><!--StartFragment--><\/p>\n\n\n<p style=\"text-align:center\">&#8220;<strong><em>Fique tranquilo, ignore as pessoas que insinuam maldosamente que voc\u00ea \u201cs\u00f3 est\u00e1 estudando\u201d. O estudo \u00e9 um trabalho tamb\u00e9m, com a \u00fanica diferen\u00e7a que a recompensa demora um pouco mais<\/em><\/strong>&#8220;<\/p>\n\n\n\n<p>Confira nossa entrevista com  Thom\u00e1s Vlacic, aprovado no concurso d Tribunal Regional Federal da 4\u00ba Regi\u00e3o no cargo de Analista em 2\u00ba lugar na coloca\u00e7\u00e3o geral e 1\u00ba lugar na regi\u00e3o Central\/RS:<\/p>\n\n\n\n<p><strong>Estrat\u00e9gia Concursos: Conte-nos um pouco sobre voc\u00ea, para que nossos leitores possam te conhecer melhor. Voc\u00ea \u00e9 formado em que \u00e1rea? Qual sua idade? De onde voc\u00ea \u00e9? <\/strong><\/p>\n\n\n\n<p><strong>Thom\u00e1s Vlacic<\/strong> : Sou natural de Santa Cruz do Sul\/RS, tenho 28 anos e me formei recentemente em Direito (colei grau em janeiro deste ano). <\/p>\n\n\n\n<p><strong>Estrat\u00e9gia: O que te levou a tomar a decis\u00e3o de come\u00e7ar a estudar para concursos?<\/strong><\/p>\n\n\n\n<p><strong>Thom\u00e1s<\/strong>: Foi o concurso de Oficial de Justi\u00e7a do TJ\/RS de 2010. Na \u00e9poca tinha apenas 19 anos e sequer sabia o que fazia um oficial de justi\u00e7a. Quando pesquisei sobre, achei o cargo muito interessante, com \u00f3timos vencimentos e, como o concurso tinha muitas vagas, resolvi come\u00e7ar a estudar. Na ocasi\u00e3o, acabei me apaixonando pelo Direito e decidi trocar de curso (cursava Educa\u00e7\u00e3o F\u00edsica).<\/p>\n\n\n\n<p><strong>Estrat\u00e9gia: Durante sua caminhada como concurseiro, voc\u00ea trabalhava e estudava (como conciliava trabalho e estudos?), ou se dedicava inteiramente aos estudos para concurso? <\/strong><\/p>\n\n\n\n<p><strong>Thom\u00e1s<\/strong>: Na minha primeira \u201csaga\u201d de concursos, em 2010, tive o conforto de s\u00f3 estudar, pois meus pais me deram grande apoio em minha decis\u00e3o.<\/p>\n\n\n\n<p>Para minha felicidade a situa\u00e7\u00e3o durou pouco, pois no 3\u00ba concurso que fiz, da Caixa Econ\u00f4mica Federal, fui aprovado e chamado rapidamente. Desde ent\u00e3o, sempre conciliei trabalho e estudo.<\/p>\n\n\n\n<p><strong>Estrat\u00e9gia:<\/strong> <strong>Quantos e em quais concursos j\u00e1 foi aprovado? Qual o \u00faltimo? Em qual cargo e em que coloca\u00e7\u00e3o?<\/strong><\/p>\n\n\n\n<p><strong>Thom\u00e1s<\/strong>:  Em 2010, fui aprovado em 4 concursos: T\u00e9cnico Judici\u00e1rio do TRF4 (202\u00ba lugar), Oficial de Justi\u00e7a do TJ\/RS, Oficial Escrevente do TJ\/RS e T\u00e9cnico Banc\u00e1rio da Caixa Econ\u00f4mica Federal. Nestes 3 \u00faltimos n\u00e3o recordo bem a coloca\u00e7\u00e3o, mas fiquei muito bem, tanto que fui chamado nos 3. Passei 8 meses na Caixa, 2 meses como escrevente e depois Oficial de Justi\u00e7a, o qual exerci por 1 ano e 8 meses. <\/p>\n\n\n\n<p>Ironicamente, no concurso para t\u00e9cnico judici\u00e1rio do TRF4, que n\u00e3o fiquei t\u00e3o bem colocado, dei sorte por chamarem bastante gente e acabei sendo nomeado em 2013, para a Subse\u00e7\u00e3o de Cachoeira do Sul\/RS, cargo que ocupo at\u00e9 hoje.<\/p>\n\n\n\n<p>Recentemente, fui aprovado no XXVI Exame da Ordem; no concurso para Oficial de Justi\u00e7a do TJ\/SC; e, agora, para Analista do TRF4. Nesse \u00faltimo, por enquanto (ainda falta a fase de recursos do Estudo de Caso) ocupo a 2\u00ba coloca\u00e7\u00e3o geral e 1\u00ba na regi\u00e3o (microrregi\u00e3o central do RS).<\/p>\n\n\n\n<p><strong>Estrat\u00e9gia: Qual foi sua sensa\u00e7\u00e3o ao ver seu nome na lista dos aprovados\/classificados?<\/strong><\/p>\n\n\n\n<p><strong>Thom\u00e1s<\/strong>:  Sensa\u00e7\u00e3o de dever cumprido e muita apreens\u00e3o pela fase que vir\u00e1, de aguardar a esperada nomea\u00e7\u00e3o. Mas, acima de tudo, gratid\u00e3o pela fam\u00edlia maravilhosa que tenho, que me deu todo o apoio nesses \u00faltimos meses.<\/p>\n\n\n\n<p><strong>Estrat\u00e9gia: Como era sua vida social durante a prepara\u00e7\u00e3o para concursos? Voc\u00ea sa\u00eda com amigos, fam\u00edlia, etc? Ou adotou uma postura radical, abdicando do conv\u00edvio social?<\/strong><\/p>\n\n\n\n<p><strong>Thom\u00e1s<\/strong>: Abdiquei de pouqu\u00edssima coisa. Sou um pouco cr\u00edtico das posturas radicais, talvez funcione para algumas pessoas mas, para mim, nunca funcionou nas vezes em que tentei adotar. Isso me deixava estressado e diminu\u00eda a qualidade do estudo. <\/p>\n\n\n\n<p>Em geral, abdiquei apenas de alguns pequenos lazeres nos meses antecedentes, o que j\u00e1 foi muito cansativo e desgastante. Ah, tamb\u00e9m \u201cgastei\u201d minhas f\u00e9rias para estudar, n\u00e3o fosse isso confesso que seria muito mais dif\u00edcil conciliar tudo.<\/p>\n\n\n\n<p><strong>Estrat\u00e9gia: Voc\u00ea \u00e9 casado? Tem filhos? Namora? Mora com seus pais? Sua fam\u00edlia entendeu e apoiou sua caminhada como concurseiro? Se sim, de que forma? <\/strong><\/p>\n\n\n\n<p><strong>Thom\u00e1s<\/strong>: Tenho namorada e moro com ela, ainda n\u00e3o temos filhos. Ela foi o elemento mais importante na minha jornada, pois tamb\u00e9m cursa Direito e compreende bem a dificuldade de um concurso. <\/p>\n\n\n\n<p>Segurou a barra para mim nos afazeres dom\u00e9sticos, que normalmente dividimos, e nunca reclamou das minhas longas horas estudando. Por isso eu guardava todas minhas horas de lazer para passar com ela, o que me deixava fortalecido para o dia seguinte. <\/p>\n\n\n\n<p>Meus pais tamb\u00e9m sempre foram importantes, porque me deram uma educa\u00e7\u00e3o exemplar e ainda continuam me apoiando em tudo que preciso, pois moramos bem perto e somos muito pr\u00f3ximos.<\/p>\n\n\n\n<p><strong>Estrat\u00e9gia: Voc\u00ea acha que vale a pena fazer outros concursos, com foco diferente daquele concurso que \u00e9 realmente seu objetivo maior? <\/strong><\/p>\n\n\n\n<p><strong>Thom\u00e1s<\/strong>: Sou extremamente feliz no meu cargo atual de T\u00e9cnico Judici\u00e1rio, mas \u00e9 claro que ficarei ainda mais se for nomeado para Analista. <\/p>\n\n\n\n<p>Tenho a pretens\u00e3o de tentar os concursos da magistratura e de procuradorias, pois tenho bastante conhecimento acumulado do meu trabalho e de concursos p\u00fablicos. Mas n\u00e3o considero um \u201csonho\u201d, apenas algo a ser tentado, pois tenho bastante orgulho do meu cargo atual e a Justi\u00e7a Federal \u00e9 um excelente ambiente de trabalho.<\/p>\n\n\n\n<p><strong>Estrat\u00e9gia: Voc\u00ea estudou por quanto tempo direcionado ao concurso que foi aprovado? <\/strong><\/p>\n\n\n\n<p><strong>Thom\u00e1s<\/strong>:  Direcionado ao concurso foram cerca de 4 meses, desde quando esquentaram os boatos de que o edital estava para sair. Por\u00e9m, certamente n\u00e3o conseguiria se n\u00e3o fosse o fato de que eu j\u00e1 estava dentro de uma rotina de estudos de longo prazo, que comecei h\u00e1 cerca de 1 ano e meio.<\/p>\n\n\n\n<p><strong>Estrat\u00e9gia: Chegou a estudar sem ter edital na pra\u00e7a? Durante esse tempo, como voc\u00ea fazia para manter a disciplina nos estudos?<\/strong><\/p>\n\n\n\n<p><strong>Thom\u00e1s<\/strong>:  Sim, comecei h\u00e1 cerca de 1 ano e meio para o Exame de Ordem da OAB e n\u00e3o parei desde ent\u00e3o. Por\u00e9m, tenho bastante dificuldade em me motivar sem edital na pra\u00e7a. Ent\u00e3o minha rotina de estudo era leve, poucas horas, mas constante, assim conseguia manter a disciplina.<\/p>\n\n\n\n<p><strong>Estrat\u00e9gia: Que materiais voc\u00ea usou em sua prepara\u00e7\u00e3o para o concurso? Aulas presenciais, telepresenciais, livros, cursos em PDF, videoaulas? Quais foram as principais vantagens e desvantagens de cada um?<\/strong><\/p>\n\n\n\n<p><strong>Thom\u00e1s<\/strong>: O material que mais utilizei foram os PDF\u2019s pois, para mim, \u00e9 o melhor material para concursos de Tribunais (principalmente quest\u00f5es comentadas). <\/p>\n\n\n\n<p>Livros de doutrina pesada utilizei apenas para consultas eventuais e utilizei alguns livros resumidos tamb\u00e9m. Pessoalmente, n\u00e3o gosto muito de videoaulas, pois gosto de estudar menos tempo mas com bastante intensidade, ent\u00e3o prefiro a leitura. Mas por vezes assisti, principalmente de temas avan\u00e7ados e mais complexos.<\/p>\n\n\n\n<p><strong>Estrat\u00e9gia: Como conheceu o Estrat\u00e9gia Concursos? <\/strong><\/p>\n\n\n\n<p><strong>Thom\u00e1s<\/strong>: Conheci o Estrat\u00e9gia sozinho, pesquisando na internet os coment\u00e1rios das pessoas sobre os cursos. O escolhi principalmente pela excelente qualidade de PDF\u2019s, que \u00e9 meu material favorito.<\/p>\n\n\n\n<p><strong>Estrat\u00e9gia: Uma das principais dificuldades de todo o concursando \u00e9 a quantidade de assuntos que devem ser memorizados. Como voc\u00ea fez para estudar todo o conte\u00fado do concurso? Falando de modo mais espec\u00edfico: voc\u00ea estudava v\u00e1rias mat\u00e9rias ao mesmo tempo? Quantas? Costumava fazer resumos? Focava mais em exerc\u00edcios, ou na leitura e releitura da teoria? Como montou seu plano de estudos? Quantas horas por dia costumava estudar?<\/strong><\/p>\n\n\n\n<p> <strong>Thom\u00e1s<\/strong>:  Eu j\u00e1 vinha de uma rotina de estudos h\u00e1 pouco mais de 1 ano. Nessa fase, estudava cerca de 3 horas por dia, no m\u00e1ximo, e uma mat\u00e9ria apenas por dia, com bastante calma. Ent\u00e3o eu consegui criar uma boa \u201cbase\u201d dos conte\u00fados principais. <\/p>\n\n\n\n<p>Perto do edital sair, comecei uma rotina mais pesada. Passei a estudar cerca de 5h por dia, duas ou tr\u00eas mat\u00e9rias. Perto da prova, consegui tirar f\u00e9rias e pude intensificar os estudos, cerca de 8 ou 9h por dia (\u00e0s vezes at\u00e9 10h, mas nunca mais que isso). <\/p>\n\n\n\n<p>Basicamente, eu li todos os PDF\u2019s do conte\u00fado, reli apenas os de maior incid\u00eancia, e me dediquei a fazer todas as quest\u00f5es que tinham nos PDF\u2019s do Estrat\u00e9gia. <\/p>\n\n\n\n<p>Primeiro fazia as quest\u00f5es, depois olhava elas comentadas. Sempre achei esse um m\u00e9todo excelente de fixa\u00e7\u00e3o e tamb\u00e9m de conhecimento da banca. Al\u00e9m de conhecimento, \u00e9 preciso \u201csaber fazer concurso\u201d. Ah, e nas \u00faltimas semanas foquei demais em Direito Administrativo e Previdenci\u00e1rio, pois o Estudo de Caso tinha um peso alt\u00edssimo.<\/p>\n\n\n\n<p><strong>Estrat\u00e9gia: Voc\u00ea tinha mais dificuldades em alguma(s) disciplina(s)? Quais? Como voc\u00ea fez para superar estas dificuldades?<\/strong><\/p>\n\n\n\n<p><strong>Thom\u00e1s<\/strong>: \u00c9 muito dif\u00edcil estudar leis esparsas, com muitos detalhes, como a Lei do Regime Diferenciado de Contrata\u00e7\u00f5es P\u00fablicas e a Lei de Crimes Ambientais, pois sempre vem aquela sensa\u00e7\u00e3o de \u201cser\u00e1 que vale a pena, ser\u00e1 que vai cair?\u201d.<\/p>\n\n\n\n<p>Nesses casos, adotei uma estrat\u00e9gia arriscada: estudei bem pouco, apenas li uma vez e fiz as quest\u00f5es do PDF, achei que eventual erro n\u00e3o compensaria o tempo despendido para aprender cada detalhe. Deu certo, n\u00e3o caiu nada delas e, se ca\u00edsse, provavelmente os concorrentes tamb\u00e9m teriam dificuldade. <\/p>\n\n\n\n<p>Sei que para concursos de n\u00edvel mais elevado essa \u00e9 uma excelente estrat\u00e9gia, pois o edital \u00e9 muito extenso. N\u00e3o vale a pena tentar saber tudo.<\/p>\n\n\n\n<p><strong>Estrat\u00e9gia: A reta final \u00e9 sempre um per\u00edodo estressante. Como foi sua rotina de estudos na semana que antecedeu a prova? E v\u00e9spera de prova: foi dia de descanso ou dia de estudo?<\/strong><\/p>\n\n\n\n<p> <strong>Thom\u00e1s<\/strong>: Minha \u00faltima semana foi horr\u00edvel, estudei bem menos que nas anteriores. Minha melhor semana foi a pen\u00faltima ent\u00e3o, na \u00faltima, estava muito desgastado. Por fim, diminui as horas, relaxei um pouco e apenas revi alguns detalhes que apostava que iriam cair. <\/p>\n\n\n\n<p>A v\u00e9spera foi ainda pior. Meus planos eram: estudar o dia inteiro na v\u00e9spera e a manh\u00e3 inteira do concurso. Resultado: n\u00e3o estudei NADA em nenhum deles. <\/p>\n\n\n\n<p>No meu caso, eu cansei muito com a rotina pesada, ent\u00e3o nos \u00faltimos dias isso se somou com a ansiedade e eu n\u00e3o conseguia nem olhar mais para os livros. Ent\u00e3o, fui assistir Rei Le\u00e3o com minha namorada e foi muito bom. Esses \u00faltimos dias n\u00e3o fizeram falta alguma em compara\u00e7\u00e3o com os meses de dedica\u00e7\u00e3o.<\/p>\n\n\n\n<p><strong>Estrat\u00e9gia:<\/strong> <strong>No seu concurso, tivemos, al\u00e9m das provas objetivas, as provas discursivas. Como foi seu estudo para esta importante parte do certame? O que voc\u00ea aconselha?<\/strong><\/p>\n\n\n\n<p><strong>Thom\u00e1s<\/strong>:  Foquei bastante nesse ponto, pois o Estudo de Caso tinha um peso muito alto. Estudei demais essas mat\u00e9rias e ainda mais os conte\u00fados que eu apostava que poderiam cair. <\/p>\n\n\n\n<p>No Direito Administrativo, as coisas cl\u00e1ssicas, Lei 8.112, licita\u00e7\u00f5es, contratos administrativos\u2026 caiu licita\u00e7\u00f5es. No Previdenci\u00e1rio, apostei nas altera\u00e7\u00f5es recentes\u2026dito e feito, caiu pens\u00e3o por morte, que teve muitas mudan\u00e7as. No concurso de 2014 caiu desaposenta\u00e7\u00e3o, que era um tema de costume. <\/p>\n\n\n\n<p>Meu conselho \u00e9 justamente esse, foco nos temas preferidos das bancas e naqueles que est\u00e3o em alta no momento.<\/p>\n\n\n\n<p><strong>Estrat\u00e9gia: Se voc\u00ea tivesse que apontar ERROS em sua prepara\u00e7\u00e3o (se \u00e9 que houve), quais seriam? Diga-nos tamb\u00e9m quais foram os maiores ACERTOS?<\/strong><\/p>\n\n\n\n<p> <strong>Thom\u00e1s<\/strong>: Acredito que o meu maior erro foi a culpa nos momentos em que n\u00e3o estava estudando, culpa que \u00e0s vezes fazia tudo parecer mais ruim do que de fato era e quase me fez desistir. <\/p>\n\n\n\n<p>Depois do bom resultado, vi que n\u00e3o era necess\u00e1rio estar estudando todo o tempo. Estudo bom \u00e9 estudo com foco, quando o corpo n\u00e3o aguenta mais o melhor \u00e9 parar e recarregar, sem culpa. <\/p>\n\n\n\n<p>Talvez se o resultado tivesse sido ruim, hoje eu estaria me culpando por n\u00e3o ter estudado ainda mais. Mas seria uma tolice, pois dei o m\u00e1ximo que meu corpo suportava.<\/p>\n\n\n\n<p>Meu maior acerto foi justamente o descanso. Atribuo isso \u00e0 minha namorada, que me conhece perfeitamente e sempre sabia quando eu j\u00e1 estava desgastado demais, ent\u00e3o me obrigava a relaxar um pouco. Incr\u00edvel como no outro dia eu estava recarregado e com foco total novamente. <\/p>\n\n\n\n<p>Outro acerto foi n\u00e3o ter parado com a atividade f\u00edsica para estudar. \u00c9 perfeitamente poss\u00edvel conciliar tudo e o exerc\u00edcio f\u00edsico \u00e9 fant\u00e1stico para a qualidade dos estudos.  <\/p>\n\n\n\n<p><strong>Estrat\u00e9gia: O que foi mais dif\u00edcil nessa caminhada rumo \u00e0 aprova\u00e7\u00e3o? Chegou a pensar, por algum momento, em desistir? Se sim, como fez para seguir em frente? <\/strong><\/p>\n\n\n\n<p> <strong>Thom\u00e1s<\/strong>:  O mais dif\u00edcil \u00e9 a incerteza. \u00c9 muito dif\u00edcil se motivar para concursos de cadastro reserva, principalmente na regi\u00e3o que escolhi, onde poucos costumam ser nomeados. Sempre tem aquele pensamento martelando: \u201cimagina todo esse esfor\u00e7o e n\u00e3o nomearem ningu\u00e9m\u201d. <\/p>\n\n\n\n<p>Pensei muitas vezes em desistir, principalmente porque j\u00e1 tenho um \u00f3timo cargo, no qual sou feliz e, \u00e0s vezes, batia a d\u00favida se todo esfor\u00e7o valeria a pena.<\/p>\n\n\n\n<p><strong>Estrat\u00e9gia: Qual foi sua principal motiva\u00e7\u00e3o?  <\/strong><\/p>\n\n\n\n<p><strong>Thom\u00e1s<\/strong>: Minha principal motiva\u00e7\u00e3o foi j\u00e1 conhecer a Justi\u00e7a Federal e saber que serei muito feliz no cargo de Analista, que tem atribui\u00e7\u00f5es semelhantes ao que j\u00e1 ocupo, mas com vencimentos melhores. <\/p>\n\n\n\n<p>Tamb\u00e9m o fato do concurso ser regionalizado. Sou muito apegado ao Estado e principalmente \u00e0 regi\u00e3o onde moro, ent\u00e3o n\u00e3o pretendo fazer concursos para longe. <\/p>\n\n\n\n<p>N\u00e3o gosto de mudan\u00e7as. Com a possibilidade de ficar aqui por perto e aumentar a renda, isso me deu for\u00e7as para dar o meu melhor nessa tentativa.<\/p>\n\n\n\n<p><strong>Estrat\u00e9gia: Por fim, o que voc\u00ea aconselharia a algu\u00e9m que est\u00e1 iniciando seus estudos para concurso. Deixe sua mensagem para todos aqueles que um dia almejam chegar aonde voc\u00ea chegou!<\/strong><\/p>\n\n\n\n<p><strong>Thom\u00e1s<\/strong>:  Meu conselho \u00e9 de algu\u00e9m que j\u00e1 passou pela duas situa\u00e7\u00f5es. <br \/>Para quem tem a facilidade de n\u00e3o precisar trabalhar, estude MUITO, fa\u00e7a do estudo seu trabalho. Focar em 8h por dia n\u00e3o \u00e9 muito, j\u00e1 que voc\u00ea teria que passar essas horas no trabalho de todo modo. Mas fique tranquilo, ignore as pessoas que insinuam maldosamente que voc\u00ea \u201cs\u00f3 est\u00e1 estudando\u201d. O estudo \u00e9 um trabalho tamb\u00e9m, com a \u00fanica diferen\u00e7a que a recompensa demora um pouco mais.<\/p>\n\n\n\n<p>J\u00e1 para quem trabalha e tem fam\u00edlia, \u00e9 muito mais dif\u00edcil, ent\u00e3o: LONGO PRAZO. Crie uma rotina de estudos que n\u00e3o fa\u00e7a voc\u00ea odiar os estudos, uma meta venc\u00edvel por dia. Se conseguir apenas 2h ou 1h, sem problemas, mas que sejam horas \u00f3timas, prazerosas e com foco. Assim voc\u00ea vai criar uma base forte para dar seu m\u00e1ximo quando o edital abrir. Caso seja poss\u00edvel, tente tirar f\u00e9rias. Sei que \u00e9 ruim \u201cgastar\u201d as f\u00e9rias estudando, mas o resultado valer\u00e1 a pena, eu n\u00e3o conseguiria sem isso.<\/p>\n\n\n\n<p><strong>Confira\noutras entrevistas em:<\/strong><\/p>\n\n\n\n<p><a href=\"https:\/\/www.estrategiaconcursos.com.br\/depoimentos\/\" target=\"_blank\" rel=\"noreferrer noopener\">Depoimentos de Aprovados<\/a><\/p>\n\n\n\n<p><a href=\"https:\/\/www.estrategiaconcursos.com.br\/cursos\/concurso\" target=\"_blank\" rel=\"noreferrer noopener\">Cursos Online para Concursos<\/a><\/p>\n\n\n\n<p style=\"text-align:center\"><strong><em>Foi aprovado e deseja dividir com a gente e com\noutros concurseiros como foi sua trajet\u00f3ria at\u00e9 a aprova\u00e7\u00e3o?! Mande um e-mail\npara:&nbsp;<\/em><\/strong><strong>comunicacao@estrategiaconcursos.com.br<\/strong><\/p>\n\n\n\n<p>Abra\u00e7os,<\/p>\n\n\n\n<p>Tha\u00eds\nMendes<\/p>\n","protected":false},"excerpt":{"rendered":"<p>&#8220;Fique tranquilo, ignore as pessoas que insinuam maldosamente que voc\u00ea \u201cs\u00f3 est\u00e1 estudando\u201d. O estudo \u00e9 um trabalho tamb\u00e9m, com a \u00fanica diferen\u00e7a que a recompensa demora um pouco mais&#8220; Confira nossa entrevista com Thom\u00e1s Vlacic, aprovado no concurso d Tribunal Regional Federal da 4\u00ba Regi\u00e3o no cargo de Analista em 2\u00ba lugar na coloca\u00e7\u00e3o [&hellip;]<\/p>\n","protected":false},"author":1,"featured_media":428859,"comment_status":"open","ping_status":"closed","sticky":false,"template":"","format":"standard","meta":{"post_tipo":"news","footnotes":""},"categories":[1],"tags":[],"tax_estado":[],"class_list":["post-428852","post","type-post","status-publish","format-standard","has-post-thumbnail","hentry","category-cursos-e-concursos"],"acf":[],"yoast_head":"<!-- This site is optimized with the Yoast SEO Premium plugin v27.2 (Yoast SEO v27.2) - https:\/\/yoast.com\/product\/yoast-seo-premium-wordpress\/ -->\n<title>ENTREVISTA: Thom\u00e1s Vlacic - Aprovado no concurso TRF 4 no cargo de Analista em 2\u00ba lugar na coloca\u00e7\u00e3o geral e 1\u00ba lugar na regi\u00e3o Central\/RS<\/title>\n<meta name=\"description\" content=\"Confira nossa entrevista com Thom\u00e1s Vlacic, aprovado no concurso d Tribunal Regional Federal da 4\u00ba Regi\u00e3o no cargo de Analista\" \/>\n<meta name=\"robots\" content=\"index, follow, max-snippet:-1, max-image-preview:large, max-video-preview:-1\" \/>\n<link rel=\"canonical\" href=\"https:\/\/www.estrategiaconcursos.com.br\/blog\/entrevista-thomas-vlacic-aprovado-no-concurso-trf-4\/\" \/>\n<meta property=\"og:locale\" content=\"pt_BR\" \/>\n<meta property=\"og:type\" content=\"article\" \/>\n<meta property=\"og:title\" content=\"ENTREVISTA: Thom\u00e1s Vlacic - Aprovado no concurso TRF 4 no cargo de Analista em 2\u00ba lugar na coloca\u00e7\u00e3o geral e 1\u00ba lugar na regi\u00e3o Central\/RS\" \/>\n<meta property=\"og:description\" content=\"Confira nossa entrevista com Thom\u00e1s Vlacic, aprovado no concurso d Tribunal Regional Federal da 4\u00ba Regi\u00e3o no cargo de Analista\" \/>\n<meta property=\"og:url\" content=\"https:\/\/www.estrategiaconcursos.com.br\/blog\/entrevista-thomas-vlacic-aprovado-no-concurso-trf-4\/\" \/>\n<meta property=\"og:site_name\" content=\"Estrat\u00e9gia Concursos\" \/>\n<meta property=\"article:author\" content=\"https:\/\/www.facebook.com\/EstrategiaConcursos\" \/>\n<meta property=\"article:published_time\" content=\"2019-10-01T20:03:03+00:00\" \/>\n<meta property=\"article:modified_time\" content=\"2019-10-01T20:05:11+00:00\" \/>\n<meta property=\"og:image\" content=\"https:\/\/dhg1h5j42swfq.cloudfront.net\/2019\/10\/01165938\/foto-2-11.jpg\" \/>\n\t<meta property=\"og:image:width\" content=\"960\" \/>\n\t<meta property=\"og:image:height\" content=\"540\" \/>\n\t<meta property=\"og:image:type\" content=\"image\/jpeg\" \/>\n<meta name=\"author\" content=\"Coordena\u00e7\u00e3o\" \/>\n<meta name=\"twitter:card\" content=\"summary_large_image\" \/>\n<meta name=\"twitter:creator\" content=\"@EstratConcursos\" \/>\n<meta name=\"twitter:site\" content=\"@EstratConcursos\" \/>\n<meta name=\"twitter:label1\" content=\"Escrito por\" \/>\n\t<meta name=\"twitter:data1\" content=\"Coordena\u00e7\u00e3o\" \/>\n\t<meta name=\"twitter:label2\" content=\"Est. tempo de leitura\" \/>\n\t<meta name=\"twitter:data2\" content=\"13 minutos\" \/>\n<script type=\"application\/ld+json\" class=\"yoast-schema-graph\">{\"@context\":\"https:\/\/schema.org\",\"@graph\":[{\"@type\":\"NewsArticle\",\"@id\":\"https:\/\/www.estrategiaconcursos.com.br\/blog\/entrevista-thomas-vlacic-aprovado-no-concurso-trf-4\/#article\",\"isPartOf\":{\"@id\":\"https:\/\/www.estrategiaconcursos.com.br\/blog\/entrevista-thomas-vlacic-aprovado-no-concurso-trf-4\/\"},\"author\":{\"name\":\"Coordena\u00e7\u00e3o\",\"@id\":\"https:\/\/www.estrategiaconcursos.com.br\/blog\/#\/schema\/person\/b4a388c97673c5f483d72185668afa1f\"},\"headline\":\"ENTREVISTA: Thom\u00e1s Vlacic &#8211; Aprovado no concurso TRF 4 no cargo de Analista em 2\u00ba lugar na coloca\u00e7\u00e3o geral e 1\u00ba lugar na regi\u00e3o Central\/RS\",\"datePublished\":\"2019-10-01T20:03:03+00:00\",\"dateModified\":\"2019-10-01T20:05:11+00:00\",\"mainEntityOfPage\":{\"@id\":\"https:\/\/www.estrategiaconcursos.com.br\/blog\/entrevista-thomas-vlacic-aprovado-no-concurso-trf-4\/\"},\"wordCount\":2581,\"commentCount\":0,\"publisher\":{\"@id\":\"https:\/\/www.estrategiaconcursos.com.br\/blog\/#organization\"},\"image\":{\"@id\":\"https:\/\/www.estrategiaconcursos.com.br\/blog\/entrevista-thomas-vlacic-aprovado-no-concurso-trf-4\/#primaryimage\"},\"thumbnailUrl\":\"https:\/\/dhg1h5j42swfq.cloudfront.net\/2019\/10\/01165938\/foto-2-11.jpg\",\"articleSection\":[\"Concursos P\u00fablicos\"],\"inLanguage\":\"pt-BR\",\"potentialAction\":[{\"@type\":\"CommentAction\",\"name\":\"Comment\",\"target\":[\"https:\/\/www.estrategiaconcursos.com.br\/blog\/entrevista-thomas-vlacic-aprovado-no-concurso-trf-4\/#respond\"]}],\"copyrightYear\":\"2019\",\"copyrightHolder\":{\"@id\":\"https:\/\/www.estrategiaconcursos.com.br\/blog\/#organization\"}},{\"@type\":\"WebPage\",\"@id\":\"https:\/\/www.estrategiaconcursos.com.br\/blog\/entrevista-thomas-vlacic-aprovado-no-concurso-trf-4\/\",\"url\":\"https:\/\/www.estrategiaconcursos.com.br\/blog\/entrevista-thomas-vlacic-aprovado-no-concurso-trf-4\/\",\"name\":\"ENTREVISTA: Thom\u00e1s Vlacic - Aprovado no concurso TRF 4 no cargo de Analista em 2\u00ba lugar na coloca\u00e7\u00e3o geral e 1\u00ba lugar na regi\u00e3o Central\/RS\",\"isPartOf\":{\"@id\":\"https:\/\/www.estrategiaconcursos.com.br\/blog\/#website\"},\"primaryImageOfPage\":{\"@id\":\"https:\/\/www.estrategiaconcursos.com.br\/blog\/entrevista-thomas-vlacic-aprovado-no-concurso-trf-4\/#primaryimage\"},\"image\":{\"@id\":\"https:\/\/www.estrategiaconcursos.com.br\/blog\/entrevista-thomas-vlacic-aprovado-no-concurso-trf-4\/#primaryimage\"},\"thumbnailUrl\":\"https:\/\/dhg1h5j42swfq.cloudfront.net\/2019\/10\/01165938\/foto-2-11.jpg\",\"datePublished\":\"2019-10-01T20:03:03+00:00\",\"dateModified\":\"2019-10-01T20:05:11+00:00\",\"description\":\"Confira nossa entrevista com Thom\u00e1s Vlacic, aprovado no concurso d Tribunal Regional Federal da 4\u00ba Regi\u00e3o no cargo de Analista\",\"breadcrumb\":{\"@id\":\"https:\/\/www.estrategiaconcursos.com.br\/blog\/entrevista-thomas-vlacic-aprovado-no-concurso-trf-4\/#breadcrumb\"},\"inLanguage\":\"pt-BR\",\"potentialAction\":[{\"@type\":\"ReadAction\",\"target\":[\"https:\/\/www.estrategiaconcursos.com.br\/blog\/entrevista-thomas-vlacic-aprovado-no-concurso-trf-4\/\"]}]},{\"@type\":\"ImageObject\",\"inLanguage\":\"pt-BR\",\"@id\":\"https:\/\/www.estrategiaconcursos.com.br\/blog\/entrevista-thomas-vlacic-aprovado-no-concurso-trf-4\/#primaryimage\",\"url\":\"https:\/\/dhg1h5j42swfq.cloudfront.net\/2019\/10\/01165938\/foto-2-11.jpg\",\"contentUrl\":\"https:\/\/dhg1h5j42swfq.cloudfront.net\/2019\/10\/01165938\/foto-2-11.jpg\",\"width\":960,\"height\":540},{\"@type\":\"BreadcrumbList\",\"@id\":\"https:\/\/www.estrategiaconcursos.com.br\/blog\/entrevista-thomas-vlacic-aprovado-no-concurso-trf-4\/#breadcrumb\",\"itemListElement\":[{\"@type\":\"ListItem\",\"position\":1,\"name\":\"In\u00edcio\",\"item\":\"https:\/\/www.estrategiaconcursos.com.br\/blog\/\"},{\"@type\":\"ListItem\",\"position\":2,\"name\":\"ENTREVISTA: Thom\u00e1s Vlacic &#8211; Aprovado no concurso TRF 4 no cargo de Analista em 2\u00ba lugar na coloca\u00e7\u00e3o geral e 1\u00ba lugar na regi\u00e3o Central\/RS\"}]},{\"@type\":\"WebSite\",\"@id\":\"https:\/\/www.estrategiaconcursos.com.br\/blog\/#website\",\"url\":\"https:\/\/www.estrategiaconcursos.com.br\/blog\/\",\"name\":\"Estrat\u00e9gia Concursos\",\"description\":\"O blog da Estrat\u00e9gia Concursos traz not\u00edcias sobre concursos e artigos de professores oferecendo cursos para concursos (pdf + videaulas) no site.\",\"publisher\":{\"@id\":\"https:\/\/www.estrategiaconcursos.com.br\/blog\/#organization\"},\"potentialAction\":[{\"@type\":\"SearchAction\",\"target\":{\"@type\":\"EntryPoint\",\"urlTemplate\":\"https:\/\/www.estrategiaconcursos.com.br\/blog\/?s={search_term_string}\"},\"query-input\":{\"@type\":\"PropertyValueSpecification\",\"valueRequired\":true,\"valueName\":\"search_term_string\"}}],\"inLanguage\":\"pt-BR\"},{\"@type\":\"Organization\",\"@id\":\"https:\/\/www.estrategiaconcursos.com.br\/blog\/#organization\",\"name\":\"Estrat\u00e9gia Concursos\",\"url\":\"https:\/\/www.estrategiaconcursos.com.br\/blog\/\",\"logo\":{\"@type\":\"ImageObject\",\"inLanguage\":\"pt-BR\",\"@id\":\"https:\/\/www.estrategiaconcursos.com.br\/blog\/#\/schema\/logo\/image\/\",\"url\":\"https:\/\/dhg1h5j42swfq.cloudfront.net\/2025\/06\/03203428\/logo_concursos-1.jpg\",\"contentUrl\":\"https:\/\/dhg1h5j42swfq.cloudfront.net\/2025\/06\/03203428\/logo_concursos-1.jpg\",\"width\":230,\"height\":60,\"caption\":\"Estrat\u00e9gia Concursos\"},\"image\":{\"@id\":\"https:\/\/www.estrategiaconcursos.com.br\/blog\/#\/schema\/logo\/image\/\"},\"sameAs\":[\"https:\/\/x.com\/EstratConcursos\"]},{\"@type\":\"Person\",\"@id\":\"https:\/\/www.estrategiaconcursos.com.br\/blog\/#\/schema\/person\/b4a388c97673c5f483d72185668afa1f\",\"name\":\"Coordena\u00e7\u00e3o\",\"image\":{\"@type\":\"ImageObject\",\"inLanguage\":\"pt-BR\",\"@id\":\"https:\/\/secure.gravatar.com\/avatar\/b720319e4c9a967eb58678d110f4fe35452fc5d5f97b202bac7b8acceb18c6ad?s=96&d=mm&r=g\",\"url\":\"https:\/\/secure.gravatar.com\/avatar\/b720319e4c9a967eb58678d110f4fe35452fc5d5f97b202bac7b8acceb18c6ad?s=96&d=mm&r=g\",\"contentUrl\":\"https:\/\/secure.gravatar.com\/avatar\/b720319e4c9a967eb58678d110f4fe35452fc5d5f97b202bac7b8acceb18c6ad?s=96&d=mm&r=g\",\"caption\":\"Coordena\u00e7\u00e3o\"},\"sameAs\":[\"https:\/\/www.facebook.com\/EstrategiaConcursos\",\"https:\/\/x.com\/EstratConcursos\"],\"url\":\"https:\/\/www.estrategiaconcursos.com.br\/blog\/author\/estrategia2013\/\"}]}<\/script>\n<!-- \/ Yoast SEO Premium plugin. -->","yoast_head_json":{"title":"ENTREVISTA: Thom\u00e1s Vlacic - Aprovado no concurso TRF 4 no cargo de Analista em 2\u00ba lugar na coloca\u00e7\u00e3o geral e 1\u00ba lugar na regi\u00e3o Central\/RS","description":"Confira nossa entrevista com Thom\u00e1s Vlacic, aprovado no concurso d Tribunal Regional Federal da 4\u00ba Regi\u00e3o no cargo de Analista","robots":{"index":"index","follow":"follow","max-snippet":"max-snippet:-1","max-image-preview":"max-image-preview:large","max-video-preview":"max-video-preview:-1"},"canonical":"https:\/\/www.estrategiaconcursos.com.br\/blog\/entrevista-thomas-vlacic-aprovado-no-concurso-trf-4\/","og_locale":"pt_BR","og_type":"article","og_title":"ENTREVISTA: Thom\u00e1s Vlacic - Aprovado no concurso TRF 4 no cargo de Analista em 2\u00ba lugar na coloca\u00e7\u00e3o geral e 1\u00ba lugar na regi\u00e3o Central\/RS","og_description":"Confira nossa entrevista com Thom\u00e1s Vlacic, aprovado no concurso d Tribunal Regional Federal da 4\u00ba Regi\u00e3o no cargo de Analista","og_url":"https:\/\/www.estrategiaconcursos.com.br\/blog\/entrevista-thomas-vlacic-aprovado-no-concurso-trf-4\/","og_site_name":"Estrat\u00e9gia Concursos","article_author":"https:\/\/www.facebook.com\/EstrategiaConcursos","article_published_time":"2019-10-01T20:03:03+00:00","article_modified_time":"2019-10-01T20:05:11+00:00","og_image":[{"width":960,"height":540,"url":"https:\/\/dhg1h5j42swfq.cloudfront.net\/2019\/10\/01165938\/foto-2-11.jpg","type":"image\/jpeg"}],"author":"Coordena\u00e7\u00e3o","twitter_card":"summary_large_image","twitter_creator":"@EstratConcursos","twitter_site":"@EstratConcursos","twitter_misc":{"Escrito por":"Coordena\u00e7\u00e3o","Est. tempo de leitura":"13 minutos"},"schema":{"@context":"https:\/\/schema.org","@graph":[{"@type":"NewsArticle","@id":"https:\/\/www.estrategiaconcursos.com.br\/blog\/entrevista-thomas-vlacic-aprovado-no-concurso-trf-4\/#article","isPartOf":{"@id":"https:\/\/www.estrategiaconcursos.com.br\/blog\/entrevista-thomas-vlacic-aprovado-no-concurso-trf-4\/"},"author":{"name":"Coordena\u00e7\u00e3o","@id":"https:\/\/www.estrategiaconcursos.com.br\/blog\/#\/schema\/person\/b4a388c97673c5f483d72185668afa1f"},"headline":"ENTREVISTA: Thom\u00e1s Vlacic &#8211; Aprovado no concurso TRF 4 no cargo de Analista em 2\u00ba lugar na coloca\u00e7\u00e3o geral e 1\u00ba lugar na regi\u00e3o Central\/RS","datePublished":"2019-10-01T20:03:03+00:00","dateModified":"2019-10-01T20:05:11+00:00","mainEntityOfPage":{"@id":"https:\/\/www.estrategiaconcursos.com.br\/blog\/entrevista-thomas-vlacic-aprovado-no-concurso-trf-4\/"},"wordCount":2581,"commentCount":0,"publisher":{"@id":"https:\/\/www.estrategiaconcursos.com.br\/blog\/#organization"},"image":{"@id":"https:\/\/www.estrategiaconcursos.com.br\/blog\/entrevista-thomas-vlacic-aprovado-no-concurso-trf-4\/#primaryimage"},"thumbnailUrl":"https:\/\/dhg1h5j42swfq.cloudfront.net\/2019\/10\/01165938\/foto-2-11.jpg","articleSection":["Concursos P\u00fablicos"],"inLanguage":"pt-BR","potentialAction":[{"@type":"CommentAction","name":"Comment","target":["https:\/\/www.estrategiaconcursos.com.br\/blog\/entrevista-thomas-vlacic-aprovado-no-concurso-trf-4\/#respond"]}],"copyrightYear":"2019","copyrightHolder":{"@id":"https:\/\/www.estrategiaconcursos.com.br\/blog\/#organization"}},{"@type":"WebPage","@id":"https:\/\/www.estrategiaconcursos.com.br\/blog\/entrevista-thomas-vlacic-aprovado-no-concurso-trf-4\/","url":"https:\/\/www.estrategiaconcursos.com.br\/blog\/entrevista-thomas-vlacic-aprovado-no-concurso-trf-4\/","name":"ENTREVISTA: Thom\u00e1s Vlacic - Aprovado no concurso TRF 4 no cargo de Analista em 2\u00ba lugar na coloca\u00e7\u00e3o geral e 1\u00ba lugar na regi\u00e3o Central\/RS","isPartOf":{"@id":"https:\/\/www.estrategiaconcursos.com.br\/blog\/#website"},"primaryImageOfPage":{"@id":"https:\/\/www.estrategiaconcursos.com.br\/blog\/entrevista-thomas-vlacic-aprovado-no-concurso-trf-4\/#primaryimage"},"image":{"@id":"https:\/\/www.estrategiaconcursos.com.br\/blog\/entrevista-thomas-vlacic-aprovado-no-concurso-trf-4\/#primaryimage"},"thumbnailUrl":"https:\/\/dhg1h5j42swfq.cloudfront.net\/2019\/10\/01165938\/foto-2-11.jpg","datePublished":"2019-10-01T20:03:03+00:00","dateModified":"2019-10-01T20:05:11+00:00","description":"Confira nossa entrevista com Thom\u00e1s Vlacic, aprovado no concurso d Tribunal Regional Federal da 4\u00ba Regi\u00e3o no cargo de Analista","breadcrumb":{"@id":"https:\/\/www.estrategiaconcursos.com.br\/blog\/entrevista-thomas-vlacic-aprovado-no-concurso-trf-4\/#breadcrumb"},"inLanguage":"pt-BR","potentialAction":[{"@type":"ReadAction","target":["https:\/\/www.estrategiaconcursos.com.br\/blog\/entrevista-thomas-vlacic-aprovado-no-concurso-trf-4\/"]}]},{"@type":"ImageObject","inLanguage":"pt-BR","@id":"https:\/\/www.estrategiaconcursos.com.br\/blog\/entrevista-thomas-vlacic-aprovado-no-concurso-trf-4\/#primaryimage","url":"https:\/\/dhg1h5j42swfq.cloudfront.net\/2019\/10\/01165938\/foto-2-11.jpg","contentUrl":"https:\/\/dhg1h5j42swfq.cloudfront.net\/2019\/10\/01165938\/foto-2-11.jpg","width":960,"height":540},{"@type":"BreadcrumbList","@id":"https:\/\/www.estrategiaconcursos.com.br\/blog\/entrevista-thomas-vlacic-aprovado-no-concurso-trf-4\/#breadcrumb","itemListElement":[{"@type":"ListItem","position":1,"name":"In\u00edcio","item":"https:\/\/www.estrategiaconcursos.com.br\/blog\/"},{"@type":"ListItem","position":2,"name":"ENTREVISTA: Thom\u00e1s Vlacic &#8211; Aprovado no concurso TRF 4 no cargo de Analista em 2\u00ba lugar na coloca\u00e7\u00e3o geral e 1\u00ba lugar na regi\u00e3o Central\/RS"}]},{"@type":"WebSite","@id":"https:\/\/www.estrategiaconcursos.com.br\/blog\/#website","url":"https:\/\/www.estrategiaconcursos.com.br\/blog\/","name":"Estrat\u00e9gia Concursos","description":"O blog da Estrat\u00e9gia Concursos traz not\u00edcias sobre concursos e artigos de professores oferecendo cursos para concursos (pdf + videaulas) no site.","publisher":{"@id":"https:\/\/www.estrategiaconcursos.com.br\/blog\/#organization"},"potentialAction":[{"@type":"SearchAction","target":{"@type":"EntryPoint","urlTemplate":"https:\/\/www.estrategiaconcursos.com.br\/blog\/?s={search_term_string}"},"query-input":{"@type":"PropertyValueSpecification","valueRequired":true,"valueName":"search_term_string"}}],"inLanguage":"pt-BR"},{"@type":"Organization","@id":"https:\/\/www.estrategiaconcursos.com.br\/blog\/#organization","name":"Estrat\u00e9gia Concursos","url":"https:\/\/www.estrategiaconcursos.com.br\/blog\/","logo":{"@type":"ImageObject","inLanguage":"pt-BR","@id":"https:\/\/www.estrategiaconcursos.com.br\/blog\/#\/schema\/logo\/image\/","url":"https:\/\/dhg1h5j42swfq.cloudfront.net\/2025\/06\/03203428\/logo_concursos-1.jpg","contentUrl":"https:\/\/dhg1h5j42swfq.cloudfront.net\/2025\/06\/03203428\/logo_concursos-1.jpg","width":230,"height":60,"caption":"Estrat\u00e9gia Concursos"},"image":{"@id":"https:\/\/www.estrategiaconcursos.com.br\/blog\/#\/schema\/logo\/image\/"},"sameAs":["https:\/\/x.com\/EstratConcursos"]},{"@type":"Person","@id":"https:\/\/www.estrategiaconcursos.com.br\/blog\/#\/schema\/person\/b4a388c97673c5f483d72185668afa1f","name":"Coordena\u00e7\u00e3o","image":{"@type":"ImageObject","inLanguage":"pt-BR","@id":"https:\/\/secure.gravatar.com\/avatar\/b720319e4c9a967eb58678d110f4fe35452fc5d5f97b202bac7b8acceb18c6ad?s=96&d=mm&r=g","url":"https:\/\/secure.gravatar.com\/avatar\/b720319e4c9a967eb58678d110f4fe35452fc5d5f97b202bac7b8acceb18c6ad?s=96&d=mm&r=g","contentUrl":"https:\/\/secure.gravatar.com\/avatar\/b720319e4c9a967eb58678d110f4fe35452fc5d5f97b202bac7b8acceb18c6ad?s=96&d=mm&r=g","caption":"Coordena\u00e7\u00e3o"},"sameAs":["https:\/\/www.facebook.com\/EstrategiaConcursos","https:\/\/x.com\/EstratConcursos"],"url":"https:\/\/www.estrategiaconcursos.com.br\/blog\/author\/estrategia2013\/"}]}},"_links":{"self":[{"href":"https:\/\/www.estrategiaconcursos.com.br\/blog\/wp-json\/wp\/v2\/posts\/428852","targetHints":{"allow":["GET"]}}],"collection":[{"href":"https:\/\/www.estrategiaconcursos.com.br\/blog\/wp-json\/wp\/v2\/posts"}],"about":[{"href":"https:\/\/www.estrategiaconcursos.com.br\/blog\/wp-json\/wp\/v2\/types\/post"}],"author":[{"embeddable":true,"href":"https:\/\/www.estrategiaconcursos.com.br\/blog\/wp-json\/wp\/v2\/users\/1"}],"replies":[{"embeddable":true,"href":"https:\/\/www.estrategiaconcursos.com.br\/blog\/wp-json\/wp\/v2\/comments?post=428852"}],"version-history":[{"count":2,"href":"https:\/\/www.estrategiaconcursos.com.br\/blog\/wp-json\/wp\/v2\/posts\/428852\/revisions"}],"predecessor-version":[{"id":428872,"href":"https:\/\/www.estrategiaconcursos.com.br\/blog\/wp-json\/wp\/v2\/posts\/428852\/revisions\/428872"}],"wp:featuredmedia":[{"embeddable":true,"href":"https:\/\/www.estrategiaconcursos.com.br\/blog\/wp-json\/wp\/v2\/media\/428859"}],"wp:attachment":[{"href":"https:\/\/www.estrategiaconcursos.com.br\/blog\/wp-json\/wp\/v2\/media?parent=428852"}],"wp:term":[{"taxonomy":"category","embeddable":true,"href":"https:\/\/www.estrategiaconcursos.com.br\/blog\/wp-json\/wp\/v2\/categories?post=428852"},{"taxonomy":"post_tag","embeddable":true,"href":"https:\/\/www.estrategiaconcursos.com.br\/blog\/wp-json\/wp\/v2\/tags?post=428852"},{"taxonomy":"tax_estado","embeddable":true,"href":"https:\/\/www.estrategiaconcursos.com.br\/blog\/wp-json\/wp\/v2\/tax_estado?post=428852"}],"curies":[{"name":"wp","href":"https:\/\/api.w.org\/{rel}","templated":true}]}}