{"id":428713,"date":"2019-10-01T17:40:19","date_gmt":"2019-10-01T20:40:19","guid":{"rendered":"https:\/\/www.estrategiaconcursos.com.br\/blog\/?p=428713"},"modified":"2019-10-30T08:57:39","modified_gmt":"2019-10-30T11:57:39","slug":"edital-guarda-municipal-de-gravatai-rs-vagas-para-nivel-medio","status":"publish","type":"post","link":"https:\/\/www.estrategiaconcursos.com.br\/blog\/edital-guarda-municipal-de-gravatai-rs-vagas-para-nivel-medio\/","title":{"rendered":"Edital Guarda Municipal de Gravata\u00ed (RS): inscri\u00e7\u00f5es encerradas!"},"content":{"rendered":"\n<p>O munic\u00edpio de<strong> Gravata\u00ed <\/strong>no estado do Rio Grande Sul, encerrou as inscri\u00e7\u00f5es do <strong>concurso<\/strong> p\u00fablico para o cargo de <strong>Guarda Municipal<\/strong>. S\u00e3o no total <strong>03 vagas<\/strong>. A banca organizadora respons\u00e1vel pelo certame \u00e9 a Legalle Concursos e Solu\u00e7\u00f5es Integradas.<\/p>\n\n\n\n<p>As inscri\u00e7\u00f5es ficaram abertas no <strong>per\u00edodo de 30 de setembro at\u00e9 29 de outubro de 2019<\/strong>, sendo o valor da <strong>taxa de inscri\u00e7\u00e3o<\/strong> de <strong>R$ 80,00<\/strong>. <\/p>\n\n\n\n<p>Para prestar o certame \u00e9 necess\u00e1rio ter <strong>Ensino M\u00e9dio Completo<\/strong> e <strong>Carteira de Habilita\u00e7\u00e3o na categoria B<\/strong>. A <strong>remunera\u00e7\u00e3o<\/strong> \u00e9 de <strong>R$2.145,81 <\/strong>para a carga hor\u00e1ria de 40 horas semanais.<\/p>\n\n\n\n<h3 class=\"wp-block-heading\">Principais datas:<\/h3>\n\n\n\n<p class=\"has-background has-very-light-gray-background-color\"><strong>Per\u00edodo de inscri\u00e7\u00f5es<\/strong> &#8211; 30\/09 a 29\/10\/2019 <br \/><strong>Solicita\u00e7\u00e3o de isen\u00e7\u00e3o da taxa de inscri\u00e7\u00e3o<\/strong> &#8211; 30\/09 a 07\/10\/2019 <br \/><strong>\u00daltimo dia para efetuar o pagamento do boleto<\/strong> &#8211; 30\/10\/2019<br \/><strong>Aplica\u00e7\u00e3o da Prova Te\u00f3rico-Objetiva<\/strong> &#8211; 01\/12\/2019<\/p>\n\n\n\n<h2 class=\"wp-block-heading\">Etapas do edital Guarda Municipal de Gravata\u00ed<\/h2>\n\n\n\n<p>O concurso Guarda de Gravata\u00ed ter\u00e1 o total de 4 etapas, designadas abaixo:<\/p>\n\n\n\n<p><strong>1\u00aa Etapa<\/strong>: Prova- te\u00f3rica objetiva (car\u00e1ter classificat\u00f3rio e eliminat\u00f3rio)<br \/><strong>2\u00aa Etapa<\/strong> &#8211; Exame de Aptid\u00e3o F\u00edsica (car\u00e1ter eliminat\u00f3rio)<br \/><strong>3\u00aa Etapa <\/strong>&#8211;  Avalia\u00e7\u00e3o Psicol\u00f3gica (car\u00e1ter eliminat\u00f3rio) <br \/><strong>4\u00aa Etapa<\/strong> &#8211; Curso de Forma\u00e7\u00e3o (car\u00e1ter eliminat\u00f3rio) <\/p>\n\n\n\n<h3 class=\"wp-block-heading\">Prova- te\u00f3rica objetiva<\/h3>\n\n\n\n<p>A <strong>avalia\u00e7\u00e3o objetiva <\/strong>do edital Guarda Municipal de Gravata\u00ed ser\u00e1 realizada no dia <strong>01 de dezembro de 2019<\/strong>. Os candidatos ter\u00e3o 4 horas para responder \u00e0s <strong>60 quest\u00f5es de m\u00faltipla escolha<\/strong>, composta cada uma de 5 alternativas com uma correta.<\/p>\n\n\n\n<p>Os locais e hor\u00e1rio da prova te\u00f3rico-objetiva ser\u00e3o divulgados em edital espec\u00edfico no dia 20 de novembro no site da Legalle Concursos. <\/p>\n\n\n\n<p>Ser\u00e3o considerados <strong>aprovados<\/strong> os candidatos que alcan\u00e7arem <strong>50 pontos<\/strong> ou mais na nota da prova te\u00f3rico-objetiva, do total de 100 pontos,<strong> n\u00e3o zerando em nenhuma mat\u00e9ria<\/strong>. <\/p>\n\n\n\n<p>Confira abaixo as disciplinas cobradas e a quantidade de quest\u00f5es na avalia\u00e7\u00e3o objetiva.<\/p>\n\n\n\n<table class=\"wp-block-table has-subtle-pale-blue-background-color has-fixed-layout has-background is-style-stripes\"><tbody><tr><td><strong>Disciplinas<\/strong><\/td><td><strong>N\u00famero de Quest\u00f5es<\/strong><\/td><td><strong>Valor<\/strong><\/td><\/tr><tr><td>L\u00edngua Portuguesa <\/td><td>16<\/td><td>1,5<\/td><\/tr><tr><td>Matem\u00e1tica<\/td><td>8<\/td><td>1,5<\/td><\/tr><tr><td>Inform\u00e1tica<\/td><td>8<\/td><td>1,5<\/td><\/tr><tr><td>Legisla\u00e7\u00e3o Municipal<\/td><td>8<\/td><td>1,5<\/td><\/tr><tr><td>Conhecimentos Espec\u00edficos<\/td><td>20<\/td><td>2,0<\/td><\/tr><tr><td>Total<\/td><td>60<\/td><td><\/td><\/tr><\/tbody><\/table>\n\n\n\n<p><\/p>\n\n\n\n<h3 class=\"wp-block-heading\">Teste de Aptid\u00e3o F\u00edsica<\/h3>\n\n\n\n<p>S\u00f3 participar\u00e3o da Avalia\u00e7\u00e3o de Aptid\u00e3o F\u00edsica os candidatos aprovados na Prova Objetiva, obedecida a ordem de classifica\u00e7\u00e3o. Os convocados dever\u00e3o apresentar no dia do exame o Atestado M\u00e9dico emitido preferencialmente por um m\u00e9dico com especialidade em Cardiologia ou Medicina Esportiva, datado de no m\u00e1ximo 30 dias anteriores \u00e0 data da convoca\u00e7\u00e3o. <\/p>\n\n\n\n<p>O Exame de Aptid\u00e3o F\u00edsica consistir\u00e1 de 3 testes conforme sequ\u00eancia descrita abaixo:  <\/p>\n\n\n\n<table class=\"wp-block-table has-subtle-pale-blue-background-color has-fixed-layout has-background is-style-stripes\"><tbody><tr><td>Teste de Corrida (para sexo masculino e feminino) <\/td><\/tr><tr><td>Teste De Flex\u00e3o de Bra\u00e7os sob barra fixa (para sexo masculino e feminino) <\/td><\/tr><tr><td>Teste Abdominal (para sexo masculino e feminino) <\/td><\/tr><\/tbody><\/table>\n\n\n\n<p><\/p>\n\n\n\n<h3 class=\"wp-block-heading\"> Avalia\u00e7\u00e3o Psicol\u00f3gica<\/h3>\n\n\n\n<p>Os candidatos aprovados no Teste de Aptid\u00e3o F\u00edsica passaram por Avalia\u00e7\u00e3o Psicol\u00f3gica, que consiste em medidas psicom\u00e9tricas para mensurar habilidades espec\u00edficas. Portanto, aten\u00e7\u00e3o e capacidade cognitiva, bem como caracter\u00edsticas de estrutura de personalidade, que s\u00e3o indicadores que permitem ao psic\u00f3logo avaliar, em termos de probabilidade, o potencial latente apresentado pelo candidato em quest\u00e3o.<\/p>\n\n\n\n<p>A avalia\u00e7\u00e3o psicol\u00f3gica ser\u00e1 feita por meio de aplica\u00e7\u00e3o coletiva da bateria de testes psicol\u00f3gicos e ser\u00e1 realizada por uma junta de profissionais psic\u00f3logos, devidamente registrados no Conselho Regional de Psicologia e designados pela Legalle Concursos. <\/p>\n\n\n\n<h3 class=\"wp-block-heading\">Curso de Forma\u00e7\u00e3o<\/h3>\n\n\n\n<p>O candidato aprovado no Concurso Guarda Municipal de Gravata\u00ed dever\u00e1 obter a aprova\u00e7\u00e3o no Curso de Forma\u00e7\u00e3o para ser empossado no cargo p\u00fablico. O curso seguir\u00e1 a Matriz Curricular Nacional para Guardas Municipais da Secretaria Nacional de Seguran\u00e7a P\u00fablica &#8211; SENASP.  <\/p>\n\n\n\n<p>A realiza\u00e7\u00e3o do conte\u00fado se dar\u00e1 a crit\u00e9rio da Administra\u00e7\u00e3o Municipal, de forma presencial, podendo conter m\u00f3dulos do sistema EAD da SENASP, ap\u00f3s a homologa\u00e7\u00e3o do resultado do certame. <\/p>\n\n\n\n<h2 class=\"wp-block-heading\" id=\"edital-estrategico\">Concurso Guarda Municipal de Gravata\u00ed: Edital Estrat\u00e9gico<\/h2>\n\n\n\n<p>Para ajudar a refor\u00e7ar sua prepara\u00e7\u00e3o, a equipe de professores do Estrat\u00e9gia Concursos desenvolveu o&nbsp;<strong>Edital Estrat\u00e9gico<\/strong>. Nada mais \u00e9 do que planilhas personalizadas, focadas no edital do concurso, com recursos para ajud\u00e1-los no registro das diferentes tarefas de estudo: teoria, revis\u00e3o e exerc\u00edcios. <\/p>\n\n\n\n<p><em>Abaixo voc\u00ea encontra o link de download gratuito:<\/em><\/p>\n\n\n\n<p style=\"text-align:center\" class=\"has-background has-very-light-gray-background-color\"><a href=\"https:\/\/drive.google.com\/open?id=0B9ZvqIbaLYTFUERZeDVvcm5EMXd3QUVyY1V0Tk1RY3BTZy00\"><strong>Edital Estrat\u00e9gico Guarda Municipal de Gravata\u00ed<\/strong><\/a><\/p>\n\n\n\n<p><strong>IMPORTANTE<\/strong>: Ao clicar no link acima, ser\u00e1 aberta uma janela do Google Drive que tentar\u00e1 carregar a visualiza\u00e7\u00e3o da planilha no seu navegador. N\u00e3o h\u00e1 necessidade de esperar essa visualiza\u00e7\u00e3o (talvez at\u00e9 nem carregue, j\u00e1 que os arquivos s\u00e3o pesados).<\/p>\n\n\n\n<p>Fa\u00e7a o download clicando na seta para baixo no canto superior direito da janela do Google Drive que vai ser aberta ao clicar nos links acima.<\/p>\n\n\n\n<p>Todos os arquivos foram testados em diferentes computadores e celulares e est\u00e3o ok. Talvez alguma incompatibilidade (ou mensagem de erro, como \u201carquivo inv\u00e1lido\u201d) ocorra em virtude do seu pr\u00f3prio computador ou do tamanho dos arquivos que possuem mais conte\u00fado.<\/p>\n\n\n\n<hr class=\"wp-block-separator\"\/>\n\n\n\n<p style=\"font-size:23px;text-align:center\" class=\"has-background has-luminous-vivid-amber-background-color\"><a href=\"https:\/\/www.estrategiaconcursos.com.br\/cursosPorConcurso\/prefeitura-municipal-de-gravatai-rs-guarda-civil-municipal\/\" target=\"_blank\" rel=\"noreferrer noopener\">Curso Guarda Municipal de Gravata\u00ed RS<\/a><\/p>\n\n\n\n<p style=\"text-align:center\"><em><strong>Assinatura Anual Ilimitada*<\/strong><\/em><\/p>\n\n\n\n<p><em>Prepare-se com o melhor material e com quem mais aprova em&nbsp;Concursos P\u00fablicos de todo o pa\u00eds. Assine agora a nossa Assinatura Anual e tenha acesso ilimitado a todos os nossos cursos.<\/em><\/p>\n\n\n\n<p style=\"text-align:center\" class=\"has-background has-light-green-cyan-background-color\"><strong>ASSINE AGORA<\/strong>&nbsp;\u2013&nbsp;<a rel=\"noreferrer noopener\" href=\"https:\/\/www.estrategiaconcursos.com.br\/assinaturas\" target=\"_blank\"><strong>Assinatura Ilimitada<\/strong><\/a><\/p>\n\n\n\n<p style=\"text-align:center\"><strong><em>Fique por dentro dos concursos vigentes:<\/em><\/strong><\/p>\n\n\n\n<p style=\"text-align:center\" class=\"has-background has-pale-cyan-blue-background-color\"><strong><a href=\"https:\/\/www.estrategiaconcursos.com.br\/blog\/concursos-abertos\/\" target=\"_blank\" rel=\"noreferrer noopener\">CONCURSOS ABERTOS<\/a><\/strong><\/p>\n\n\n\n<p style=\"text-align:center\" class=\"has-background has-pale-cyan-blue-background-color\"><strong><a href=\"https:\/\/www.estrategiaconcursos.com.br\/blog\/concursos-2019\/\" target=\"_blank\" rel=\"noreferrer noopener\">CONCURSOS 2019<\/a><\/strong><\/p>\n\n\n\n<p style=\"text-align:center\" class=\"has-background has-pale-cyan-blue-background-color\"><strong><a href=\"https:\/\/www.estrategiaconcursos.com.br\/blog\/concursos-2020\/\" target=\"_blank\" rel=\"noreferrer noopener\">CONCURSOS&nbsp;2020<\/a><\/strong><\/p>\n\n\n\n<figure class=\"wp-block-image\"><img loading=\"lazy\" decoding=\"async\" width=\"300\" height=\"102\" src=\"https:\/\/dhg1h5j42swfq.cloudfront.net\/2017\/03\/28152500\/coruja-ficha-tecnica-300x102.png\" alt=\"Ficha t\u00e9cnica do concurso Rio Preto.\" class=\"wp-image-68542\"\/><\/figure>\n\n\n\n<p class=\"has-medium-font-size\"><strong>Informa\u00e7\u00f5es sobre o&nbsp;Edital Guarda Municipal de Gravata\u00ed (RS)<\/strong><\/p>\n\n\n\n<p>\u25ba<strong>Inscri\u00e7\u00f5es<\/strong>: 30\/09 a 29\/10\/2019  <br \/>\u25ba<strong>Vagas<\/strong>: 03<br \/>\u25ba<strong>Cargos<\/strong>: Guarda Municipal<br \/>\u25ba<strong>Banca<\/strong>: Legalle Concursos.  <br \/>\u25ba<strong>Escolaridade<\/strong>: N\u00edvel m\u00e9dio <br \/>\u25ba<strong>Prova Objetiva<\/strong>: 01 de dezembro<br \/>\u25ba<strong>Edital<\/strong>:&nbsp;<a rel=\"noreferrer noopener\" aria-label=\"Guarda Municipal de Gravata\u00ed (abre numa nova aba)\" href=\"https:\/\/dhg1h5j42swfq.cloudfront.net\/2019\/10\/01171944\/edital-guarda-municipal-de-gravata%C3%AD-RS.pdf\" target=\"_blank\">Guarda Municipal de Gravata\u00ed<\/a><\/p>\n","protected":false},"excerpt":{"rendered":"<p>O munic\u00edpio de Gravata\u00ed no estado do Rio Grande Sul, encerrou as inscri\u00e7\u00f5es do concurso p\u00fablico para o cargo de Guarda Municipal. S\u00e3o no total 03 vagas. A banca organizadora respons\u00e1vel pelo certame \u00e9 a Legalle Concursos e Solu\u00e7\u00f5es Integradas. As inscri\u00e7\u00f5es ficaram abertas no per\u00edodo de 30 de setembro at\u00e9 29 de outubro de [&hellip;]<\/p>\n","protected":false},"author":214,"featured_media":428902,"comment_status":"open","ping_status":"closed","sticky":false,"template":"","format":"standard","meta":{"post_tipo":"article","footnotes":""},"categories":[1],"tags":[],"tax_estado":[],"class_list":["post-428713","post","type-post","status-publish","format-standard","has-post-thumbnail","hentry","category-cursos-e-concursos"],"acf":[],"yoast_head":"<!-- This site is optimized with the Yoast SEO Premium plugin v27.2 (Yoast SEO v27.2) - https:\/\/yoast.com\/product\/yoast-seo-premium-wordpress\/ -->\n<title>Edital Guarda Municipal de Gravata\u00ed (RS): inscri\u00e7\u00f5es encerradas!<\/title>\n<meta name=\"robots\" content=\"index, follow, max-snippet:-1, max-image-preview:large, max-video-preview:-1\" \/>\n<link rel=\"canonical\" href=\"https:\/\/www.estrategiaconcursos.com.br\/blog\/edital-guarda-municipal-de-gravatai-rs-vagas-para-nivel-medio\/\" \/>\n<meta property=\"og:locale\" content=\"pt_BR\" \/>\n<meta property=\"og:type\" content=\"article\" \/>\n<meta property=\"og:title\" content=\"Edital Guarda Municipal de Gravata\u00ed (RS): inscri\u00e7\u00f5es encerradas!\" \/>\n<meta property=\"og:description\" content=\"O munic\u00edpio de Gravata\u00ed no estado do Rio Grande Sul, encerrou as inscri\u00e7\u00f5es do concurso p\u00fablico para o cargo de Guarda Municipal. S\u00e3o no total 03 vagas. A banca organizadora respons\u00e1vel pelo certame \u00e9 a Legalle Concursos e Solu\u00e7\u00f5es Integradas. As inscri\u00e7\u00f5es ficaram abertas no per\u00edodo de 30 de setembro at\u00e9 29 de outubro de [&hellip;]\" \/>\n<meta property=\"og:url\" content=\"https:\/\/www.estrategiaconcursos.com.br\/blog\/edital-guarda-municipal-de-gravatai-rs-vagas-para-nivel-medio\/\" \/>\n<meta property=\"og:site_name\" content=\"Estrat\u00e9gia Concursos\" \/>\n<meta property=\"article:published_time\" content=\"2019-10-01T20:40:19+00:00\" \/>\n<meta property=\"article:modified_time\" content=\"2019-10-30T11:57:39+00:00\" \/>\n<meta property=\"og:image\" content=\"https:\/\/dhg1h5j42swfq.cloudfront.net\/2019\/10\/01173144\/concurso-guarda-municipal-de-gravata%C3%AD-RS.jpg\" \/>\n\t<meta property=\"og:image:width\" content=\"800\" \/>\n\t<meta property=\"og:image:height\" content=\"535\" \/>\n\t<meta property=\"og:image:type\" content=\"image\/jpeg\" \/>\n<meta name=\"author\" content=\"D\u00e9cio Terror Filho\" \/>\n<meta name=\"twitter:card\" content=\"summary_large_image\" \/>\n<meta name=\"twitter:creator\" content=\"@EstratConcursos\" \/>\n<meta name=\"twitter:site\" content=\"@EstratConcursos\" \/>\n<meta name=\"twitter:label1\" content=\"Escrito por\" \/>\n\t<meta name=\"twitter:data1\" content=\"D\u00e9cio Terror Filho\" \/>\n\t<meta name=\"twitter:label2\" content=\"Est. tempo de leitura\" \/>\n\t<meta name=\"twitter:data2\" content=\"5 minutos\" \/>\n<script type=\"application\/ld+json\" class=\"yoast-schema-graph\">{\"@context\":\"https:\/\/schema.org\",\"@graph\":[{\"@type\":\"NewsArticle\",\"@id\":\"https:\/\/www.estrategiaconcursos.com.br\/blog\/edital-guarda-municipal-de-gravatai-rs-vagas-para-nivel-medio\/#article\",\"isPartOf\":{\"@id\":\"https:\/\/www.estrategiaconcursos.com.br\/blog\/edital-guarda-municipal-de-gravatai-rs-vagas-para-nivel-medio\/\"},\"author\":{\"name\":\"D\u00e9cio Terror Filho\",\"@id\":\"https:\/\/www.estrategiaconcursos.com.br\/blog\/#\/schema\/person\/e8165364027a31208914fc77c3314727\"},\"headline\":\"Edital Guarda Municipal de Gravata\u00ed (RS): inscri\u00e7\u00f5es encerradas!\",\"datePublished\":\"2019-10-01T20:40:19+00:00\",\"dateModified\":\"2019-10-30T11:57:39+00:00\",\"mainEntityOfPage\":{\"@id\":\"https:\/\/www.estrategiaconcursos.com.br\/blog\/edital-guarda-municipal-de-gravatai-rs-vagas-para-nivel-medio\/\"},\"wordCount\":934,\"commentCount\":0,\"publisher\":{\"@id\":\"https:\/\/www.estrategiaconcursos.com.br\/blog\/#organization\"},\"image\":{\"@id\":\"https:\/\/www.estrategiaconcursos.com.br\/blog\/edital-guarda-municipal-de-gravatai-rs-vagas-para-nivel-medio\/#primaryimage\"},\"thumbnailUrl\":\"https:\/\/dhg1h5j42swfq.cloudfront.net\/2019\/10\/01173144\/concurso-guarda-municipal-de-gravata%C3%AD-RS.jpg\",\"articleSection\":[\"Concursos P\u00fablicos\"],\"inLanguage\":\"pt-BR\",\"potentialAction\":[{\"@type\":\"CommentAction\",\"name\":\"Comment\",\"target\":[\"https:\/\/www.estrategiaconcursos.com.br\/blog\/edital-guarda-municipal-de-gravatai-rs-vagas-para-nivel-medio\/#respond\"]}],\"copyrightYear\":\"2019\",\"copyrightHolder\":{\"@id\":\"https:\/\/www.estrategiaconcursos.com.br\/blog\/#organization\"}},{\"@type\":\"WebPage\",\"@id\":\"https:\/\/www.estrategiaconcursos.com.br\/blog\/edital-guarda-municipal-de-gravatai-rs-vagas-para-nivel-medio\/\",\"url\":\"https:\/\/www.estrategiaconcursos.com.br\/blog\/edital-guarda-municipal-de-gravatai-rs-vagas-para-nivel-medio\/\",\"name\":\"Edital Guarda Municipal de Gravata\u00ed (RS): inscri\u00e7\u00f5es encerradas!\",\"isPartOf\":{\"@id\":\"https:\/\/www.estrategiaconcursos.com.br\/blog\/#website\"},\"primaryImageOfPage\":{\"@id\":\"https:\/\/www.estrategiaconcursos.com.br\/blog\/edital-guarda-municipal-de-gravatai-rs-vagas-para-nivel-medio\/#primaryimage\"},\"image\":{\"@id\":\"https:\/\/www.estrategiaconcursos.com.br\/blog\/edital-guarda-municipal-de-gravatai-rs-vagas-para-nivel-medio\/#primaryimage\"},\"thumbnailUrl\":\"https:\/\/dhg1h5j42swfq.cloudfront.net\/2019\/10\/01173144\/concurso-guarda-municipal-de-gravata%C3%AD-RS.jpg\",\"datePublished\":\"2019-10-01T20:40:19+00:00\",\"dateModified\":\"2019-10-30T11:57:39+00:00\",\"breadcrumb\":{\"@id\":\"https:\/\/www.estrategiaconcursos.com.br\/blog\/edital-guarda-municipal-de-gravatai-rs-vagas-para-nivel-medio\/#breadcrumb\"},\"inLanguage\":\"pt-BR\",\"potentialAction\":[{\"@type\":\"ReadAction\",\"target\":[\"https:\/\/www.estrategiaconcursos.com.br\/blog\/edital-guarda-municipal-de-gravatai-rs-vagas-para-nivel-medio\/\"]}]},{\"@type\":\"ImageObject\",\"inLanguage\":\"pt-BR\",\"@id\":\"https:\/\/www.estrategiaconcursos.com.br\/blog\/edital-guarda-municipal-de-gravatai-rs-vagas-para-nivel-medio\/#primaryimage\",\"url\":\"https:\/\/dhg1h5j42swfq.cloudfront.net\/2019\/10\/01173144\/concurso-guarda-municipal-de-gravata%C3%AD-RS.jpg\",\"contentUrl\":\"https:\/\/dhg1h5j42swfq.cloudfront.net\/2019\/10\/01173144\/concurso-guarda-municipal-de-gravata%C3%AD-RS.jpg\",\"width\":800,\"height\":535,\"caption\":\"concurso guarda municipal de gravata\u00ed RS\"},{\"@type\":\"BreadcrumbList\",\"@id\":\"https:\/\/www.estrategiaconcursos.com.br\/blog\/edital-guarda-municipal-de-gravatai-rs-vagas-para-nivel-medio\/#breadcrumb\",\"itemListElement\":[{\"@type\":\"ListItem\",\"position\":1,\"name\":\"In\u00edcio\",\"item\":\"https:\/\/www.estrategiaconcursos.com.br\/blog\/\"},{\"@type\":\"ListItem\",\"position\":2,\"name\":\"Edital Guarda Municipal de Gravata\u00ed (RS): inscri\u00e7\u00f5es encerradas!\"}]},{\"@type\":\"WebSite\",\"@id\":\"https:\/\/www.estrategiaconcursos.com.br\/blog\/#website\",\"url\":\"https:\/\/www.estrategiaconcursos.com.br\/blog\/\",\"name\":\"Estrat\u00e9gia Concursos\",\"description\":\"O blog da Estrat\u00e9gia Concursos traz not\u00edcias sobre concursos e artigos de professores oferecendo cursos para concursos (pdf + videaulas) no site.\",\"publisher\":{\"@id\":\"https:\/\/www.estrategiaconcursos.com.br\/blog\/#organization\"},\"potentialAction\":[{\"@type\":\"SearchAction\",\"target\":{\"@type\":\"EntryPoint\",\"urlTemplate\":\"https:\/\/www.estrategiaconcursos.com.br\/blog\/?s={search_term_string}\"},\"query-input\":{\"@type\":\"PropertyValueSpecification\",\"valueRequired\":true,\"valueName\":\"search_term_string\"}}],\"inLanguage\":\"pt-BR\"},{\"@type\":\"Organization\",\"@id\":\"https:\/\/www.estrategiaconcursos.com.br\/blog\/#organization\",\"name\":\"Estrat\u00e9gia Concursos\",\"url\":\"https:\/\/www.estrategiaconcursos.com.br\/blog\/\",\"logo\":{\"@type\":\"ImageObject\",\"inLanguage\":\"pt-BR\",\"@id\":\"https:\/\/www.estrategiaconcursos.com.br\/blog\/#\/schema\/logo\/image\/\",\"url\":\"https:\/\/dhg1h5j42swfq.cloudfront.net\/2025\/06\/03203428\/logo_concursos-1.jpg\",\"contentUrl\":\"https:\/\/dhg1h5j42swfq.cloudfront.net\/2025\/06\/03203428\/logo_concursos-1.jpg\",\"width\":230,\"height\":60,\"caption\":\"Estrat\u00e9gia Concursos\"},\"image\":{\"@id\":\"https:\/\/www.estrategiaconcursos.com.br\/blog\/#\/schema\/logo\/image\/\"},\"sameAs\":[\"https:\/\/x.com\/EstratConcursos\"]},{\"@type\":\"Person\",\"@id\":\"https:\/\/www.estrategiaconcursos.com.br\/blog\/#\/schema\/person\/e8165364027a31208914fc77c3314727\",\"name\":\"D\u00e9cio Terror Filho\",\"image\":{\"@type\":\"ImageObject\",\"inLanguage\":\"pt-BR\",\"@id\":\"https:\/\/secure.gravatar.com\/avatar\/a5b78e734de7c6482e965926e78344deb81abbc34282a3c9536cbb1a59728a37?s=96&d=mm&r=g\",\"url\":\"https:\/\/secure.gravatar.com\/avatar\/a5b78e734de7c6482e965926e78344deb81abbc34282a3c9536cbb1a59728a37?s=96&d=mm&r=g\",\"contentUrl\":\"https:\/\/secure.gravatar.com\/avatar\/a5b78e734de7c6482e965926e78344deb81abbc34282a3c9536cbb1a59728a37?s=96&d=mm&r=g\",\"caption\":\"D\u00e9cio Terror Filho\"},\"url\":\"https:\/\/www.estrategiaconcursos.com.br\/blog\/author\/contatoterrorportugues-com-br\/\"}]}<\/script>\n<!-- \/ Yoast SEO Premium plugin. -->","yoast_head_json":{"title":"Edital Guarda Municipal de Gravata\u00ed (RS): inscri\u00e7\u00f5es encerradas!","robots":{"index":"index","follow":"follow","max-snippet":"max-snippet:-1","max-image-preview":"max-image-preview:large","max-video-preview":"max-video-preview:-1"},"canonical":"https:\/\/www.estrategiaconcursos.com.br\/blog\/edital-guarda-municipal-de-gravatai-rs-vagas-para-nivel-medio\/","og_locale":"pt_BR","og_type":"article","og_title":"Edital Guarda Municipal de Gravata\u00ed (RS): inscri\u00e7\u00f5es encerradas!","og_description":"O munic\u00edpio de Gravata\u00ed no estado do Rio Grande Sul, encerrou as inscri\u00e7\u00f5es do concurso p\u00fablico para o cargo de Guarda Municipal. S\u00e3o no total 03 vagas. A banca organizadora respons\u00e1vel pelo certame \u00e9 a Legalle Concursos e Solu\u00e7\u00f5es Integradas. As inscri\u00e7\u00f5es ficaram abertas no per\u00edodo de 30 de setembro at\u00e9 29 de outubro de [&hellip;]","og_url":"https:\/\/www.estrategiaconcursos.com.br\/blog\/edital-guarda-municipal-de-gravatai-rs-vagas-para-nivel-medio\/","og_site_name":"Estrat\u00e9gia Concursos","article_published_time":"2019-10-01T20:40:19+00:00","article_modified_time":"2019-10-30T11:57:39+00:00","og_image":[{"width":800,"height":535,"url":"https:\/\/dhg1h5j42swfq.cloudfront.net\/2019\/10\/01173144\/concurso-guarda-municipal-de-gravata%C3%AD-RS.jpg","type":"image\/jpeg"}],"author":"D\u00e9cio Terror Filho","twitter_card":"summary_large_image","twitter_creator":"@EstratConcursos","twitter_site":"@EstratConcursos","twitter_misc":{"Escrito por":"D\u00e9cio Terror Filho","Est. tempo de leitura":"5 minutos"},"schema":{"@context":"https:\/\/schema.org","@graph":[{"@type":"NewsArticle","@id":"https:\/\/www.estrategiaconcursos.com.br\/blog\/edital-guarda-municipal-de-gravatai-rs-vagas-para-nivel-medio\/#article","isPartOf":{"@id":"https:\/\/www.estrategiaconcursos.com.br\/blog\/edital-guarda-municipal-de-gravatai-rs-vagas-para-nivel-medio\/"},"author":{"name":"D\u00e9cio Terror Filho","@id":"https:\/\/www.estrategiaconcursos.com.br\/blog\/#\/schema\/person\/e8165364027a31208914fc77c3314727"},"headline":"Edital Guarda Municipal de Gravata\u00ed (RS): inscri\u00e7\u00f5es encerradas!","datePublished":"2019-10-01T20:40:19+00:00","dateModified":"2019-10-30T11:57:39+00:00","mainEntityOfPage":{"@id":"https:\/\/www.estrategiaconcursos.com.br\/blog\/edital-guarda-municipal-de-gravatai-rs-vagas-para-nivel-medio\/"},"wordCount":934,"commentCount":0,"publisher":{"@id":"https:\/\/www.estrategiaconcursos.com.br\/blog\/#organization"},"image":{"@id":"https:\/\/www.estrategiaconcursos.com.br\/blog\/edital-guarda-municipal-de-gravatai-rs-vagas-para-nivel-medio\/#primaryimage"},"thumbnailUrl":"https:\/\/dhg1h5j42swfq.cloudfront.net\/2019\/10\/01173144\/concurso-guarda-municipal-de-gravata%C3%AD-RS.jpg","articleSection":["Concursos P\u00fablicos"],"inLanguage":"pt-BR","potentialAction":[{"@type":"CommentAction","name":"Comment","target":["https:\/\/www.estrategiaconcursos.com.br\/blog\/edital-guarda-municipal-de-gravatai-rs-vagas-para-nivel-medio\/#respond"]}],"copyrightYear":"2019","copyrightHolder":{"@id":"https:\/\/www.estrategiaconcursos.com.br\/blog\/#organization"}},{"@type":"WebPage","@id":"https:\/\/www.estrategiaconcursos.com.br\/blog\/edital-guarda-municipal-de-gravatai-rs-vagas-para-nivel-medio\/","url":"https:\/\/www.estrategiaconcursos.com.br\/blog\/edital-guarda-municipal-de-gravatai-rs-vagas-para-nivel-medio\/","name":"Edital Guarda Municipal de Gravata\u00ed (RS): inscri\u00e7\u00f5es encerradas!","isPartOf":{"@id":"https:\/\/www.estrategiaconcursos.com.br\/blog\/#website"},"primaryImageOfPage":{"@id":"https:\/\/www.estrategiaconcursos.com.br\/blog\/edital-guarda-municipal-de-gravatai-rs-vagas-para-nivel-medio\/#primaryimage"},"image":{"@id":"https:\/\/www.estrategiaconcursos.com.br\/blog\/edital-guarda-municipal-de-gravatai-rs-vagas-para-nivel-medio\/#primaryimage"},"thumbnailUrl":"https:\/\/dhg1h5j42swfq.cloudfront.net\/2019\/10\/01173144\/concurso-guarda-municipal-de-gravata%C3%AD-RS.jpg","datePublished":"2019-10-01T20:40:19+00:00","dateModified":"2019-10-30T11:57:39+00:00","breadcrumb":{"@id":"https:\/\/www.estrategiaconcursos.com.br\/blog\/edital-guarda-municipal-de-gravatai-rs-vagas-para-nivel-medio\/#breadcrumb"},"inLanguage":"pt-BR","potentialAction":[{"@type":"ReadAction","target":["https:\/\/www.estrategiaconcursos.com.br\/blog\/edital-guarda-municipal-de-gravatai-rs-vagas-para-nivel-medio\/"]}]},{"@type":"ImageObject","inLanguage":"pt-BR","@id":"https:\/\/www.estrategiaconcursos.com.br\/blog\/edital-guarda-municipal-de-gravatai-rs-vagas-para-nivel-medio\/#primaryimage","url":"https:\/\/dhg1h5j42swfq.cloudfront.net\/2019\/10\/01173144\/concurso-guarda-municipal-de-gravata%C3%AD-RS.jpg","contentUrl":"https:\/\/dhg1h5j42swfq.cloudfront.net\/2019\/10\/01173144\/concurso-guarda-municipal-de-gravata%C3%AD-RS.jpg","width":800,"height":535,"caption":"concurso guarda municipal de gravata\u00ed RS"},{"@type":"BreadcrumbList","@id":"https:\/\/www.estrategiaconcursos.com.br\/blog\/edital-guarda-municipal-de-gravatai-rs-vagas-para-nivel-medio\/#breadcrumb","itemListElement":[{"@type":"ListItem","position":1,"name":"In\u00edcio","item":"https:\/\/www.estrategiaconcursos.com.br\/blog\/"},{"@type":"ListItem","position":2,"name":"Edital Guarda Municipal de Gravata\u00ed (RS): inscri\u00e7\u00f5es encerradas!"}]},{"@type":"WebSite","@id":"https:\/\/www.estrategiaconcursos.com.br\/blog\/#website","url":"https:\/\/www.estrategiaconcursos.com.br\/blog\/","name":"Estrat\u00e9gia Concursos","description":"O blog da Estrat\u00e9gia Concursos traz not\u00edcias sobre concursos e artigos de professores oferecendo cursos para concursos (pdf + videaulas) no site.","publisher":{"@id":"https:\/\/www.estrategiaconcursos.com.br\/blog\/#organization"},"potentialAction":[{"@type":"SearchAction","target":{"@type":"EntryPoint","urlTemplate":"https:\/\/www.estrategiaconcursos.com.br\/blog\/?s={search_term_string}"},"query-input":{"@type":"PropertyValueSpecification","valueRequired":true,"valueName":"search_term_string"}}],"inLanguage":"pt-BR"},{"@type":"Organization","@id":"https:\/\/www.estrategiaconcursos.com.br\/blog\/#organization","name":"Estrat\u00e9gia Concursos","url":"https:\/\/www.estrategiaconcursos.com.br\/blog\/","logo":{"@type":"ImageObject","inLanguage":"pt-BR","@id":"https:\/\/www.estrategiaconcursos.com.br\/blog\/#\/schema\/logo\/image\/","url":"https:\/\/dhg1h5j42swfq.cloudfront.net\/2025\/06\/03203428\/logo_concursos-1.jpg","contentUrl":"https:\/\/dhg1h5j42swfq.cloudfront.net\/2025\/06\/03203428\/logo_concursos-1.jpg","width":230,"height":60,"caption":"Estrat\u00e9gia Concursos"},"image":{"@id":"https:\/\/www.estrategiaconcursos.com.br\/blog\/#\/schema\/logo\/image\/"},"sameAs":["https:\/\/x.com\/EstratConcursos"]},{"@type":"Person","@id":"https:\/\/www.estrategiaconcursos.com.br\/blog\/#\/schema\/person\/e8165364027a31208914fc77c3314727","name":"D\u00e9cio Terror Filho","image":{"@type":"ImageObject","inLanguage":"pt-BR","@id":"https:\/\/secure.gravatar.com\/avatar\/a5b78e734de7c6482e965926e78344deb81abbc34282a3c9536cbb1a59728a37?s=96&d=mm&r=g","url":"https:\/\/secure.gravatar.com\/avatar\/a5b78e734de7c6482e965926e78344deb81abbc34282a3c9536cbb1a59728a37?s=96&d=mm&r=g","contentUrl":"https:\/\/secure.gravatar.com\/avatar\/a5b78e734de7c6482e965926e78344deb81abbc34282a3c9536cbb1a59728a37?s=96&d=mm&r=g","caption":"D\u00e9cio Terror Filho"},"url":"https:\/\/www.estrategiaconcursos.com.br\/blog\/author\/contatoterrorportugues-com-br\/"}]}},"_links":{"self":[{"href":"https:\/\/www.estrategiaconcursos.com.br\/blog\/wp-json\/wp\/v2\/posts\/428713","targetHints":{"allow":["GET"]}}],"collection":[{"href":"https:\/\/www.estrategiaconcursos.com.br\/blog\/wp-json\/wp\/v2\/posts"}],"about":[{"href":"https:\/\/www.estrategiaconcursos.com.br\/blog\/wp-json\/wp\/v2\/types\/post"}],"author":[{"embeddable":true,"href":"https:\/\/www.estrategiaconcursos.com.br\/blog\/wp-json\/wp\/v2\/users\/214"}],"replies":[{"embeddable":true,"href":"https:\/\/www.estrategiaconcursos.com.br\/blog\/wp-json\/wp\/v2\/comments?post=428713"}],"version-history":[{"count":12,"href":"https:\/\/www.estrategiaconcursos.com.br\/blog\/wp-json\/wp\/v2\/posts\/428713\/revisions"}],"predecessor-version":[{"id":441793,"href":"https:\/\/www.estrategiaconcursos.com.br\/blog\/wp-json\/wp\/v2\/posts\/428713\/revisions\/441793"}],"wp:featuredmedia":[{"embeddable":true,"href":"https:\/\/www.estrategiaconcursos.com.br\/blog\/wp-json\/wp\/v2\/media\/428902"}],"wp:attachment":[{"href":"https:\/\/www.estrategiaconcursos.com.br\/blog\/wp-json\/wp\/v2\/media?parent=428713"}],"wp:term":[{"taxonomy":"category","embeddable":true,"href":"https:\/\/www.estrategiaconcursos.com.br\/blog\/wp-json\/wp\/v2\/categories?post=428713"},{"taxonomy":"post_tag","embeddable":true,"href":"https:\/\/www.estrategiaconcursos.com.br\/blog\/wp-json\/wp\/v2\/tags?post=428713"},{"taxonomy":"tax_estado","embeddable":true,"href":"https:\/\/www.estrategiaconcursos.com.br\/blog\/wp-json\/wp\/v2\/tax_estado?post=428713"}],"curies":[{"name":"wp","href":"https:\/\/api.w.org\/{rel}","templated":true}]}}