{"id":428326,"date":"2019-10-01T02:37:35","date_gmt":"2019-10-01T05:37:35","guid":{"rendered":"https:\/\/www.estrategiaconcursos.com.br\/blog\/?p=428326"},"modified":"2019-10-14T22:51:50","modified_gmt":"2019-10-15T01:51:50","slug":"mensagem-aos-assinantes-015-as-geracoes-de-concurseiros","status":"publish","type":"post","link":"https:\/\/www.estrategiaconcursos.com.br\/blog\/mensagem-aos-assinantes-015-as-geracoes-de-concurseiros\/","title":{"rendered":"Mensagem aos Assinantes 15: As gera\u00e7\u00f5es de concurseiros"},"content":{"rendered":"\n<p>Ol\u00e1, pessoal! Tudo joia?<\/p>\n\n\n\n<p>Aqui \u00e9 o <strong>Ricardo Vale<\/strong>, Diretor Pedag\u00f3gico do Estrat\u00e9gia Concursos.<\/p>\n\n\n\n<p>\u00c9 sempre muito bom estar aqui com voc\u00eas. Esta j\u00e1 \u00e9 a nossa d\u00e9cima quinta Mensagem aos Assinantes.  Tenho usado esse espa\u00e7o como uma forma de <strong>comunica\u00e7\u00e3o semanal<\/strong> com voc\u00eas, nossos alunos. <\/p>\n\n\n\n<p>Gosto muito de interagir com voc\u00eas, recebendo <strong>sugest\u00f5es, elogios e cr\u00edticas<\/strong>. S\u00e3o essas ideias que movimentam a m\u00e1quina do Estrat\u00e9gia Concursos. J\u00e1 conseguimos implementar v\u00e1rias novidades e ainda implementaremos v\u00e1rias outras. <\/p>\n\n\n\n<p>N\u00e3o gosto de estragar surpresas&#8230; Mas muita coisa ainda ir\u00e1 acontecer agora em 2019! <\/p>\n\n\n\n<p>Hoje, quero come\u00e7ar respondendo perguntas dos assinantes! :) <\/p>\n\n\n\n<h2 class=\"wp-block-heading\">Resposta aos assinantes<\/h2>\n\n\n\n<div class=\"wp-block-image\"><figure class=\"aligncenter is-resized\"><img loading=\"lazy\" decoding=\"async\" src=\"https:\/\/dhg1h5j42swfq.cloudfront.net\/2019\/10\/01011053\/Captura-de-Tela-2019-10-01-a%CC%80s-01.10.32.png\" alt=\"\" class=\"wp-image-428347\" width=\"348\" height=\"348\" srcset=\"https:\/\/dhg1h5j42swfq.cloudfront.net\/2019\/10\/01011053\/Captura-de-Tela-2019-10-01-a%CC%80s-01.10.32.png 616w, https:\/\/dhg1h5j42swfq.cloudfront.net\/2019\/10\/01011053\/Captura-de-Tela-2019-10-01-a%CC%80s-01.10.32.png 150w, https:\/\/dhg1h5j42swfq.cloudfront.net\/2019\/10\/01011053\/Captura-de-Tela-2019-10-01-a%CC%80s-01.10.32.png 300w, https:\/\/dhg1h5j42swfq.cloudfront.net\/2019\/10\/01011053\/Captura-de-Tela-2019-10-01-a%CC%80s-01.10.32.png 610w\" sizes=\"auto, (max-width: 348px) 100vw, 348px\" \/><\/figure><\/div>\n\n\n\n<p>A <strong>Melissa <\/strong>perguntou das camisas e das canecas do Estrat\u00e9gia!! rsrs&#8230; <\/p>\n\n\n\n<div class=\"wp-block-image\"><figure class=\"aligncenter is-resized\"><img loading=\"lazy\" decoding=\"async\" src=\"https:\/\/dhg1h5j42swfq.cloudfront.net\/2019\/10\/01011023\/Captura-de-Tela-2019-10-01-a%CC%80s-01.09.42.png\" alt=\"\" class=\"wp-image-428346\" width=\"763\" height=\"200\" srcset=\"https:\/\/dhg1h5j42swfq.cloudfront.net\/2019\/10\/01011023\/Captura-de-Tela-2019-10-01-a%CC%80s-01.09.42.png 1542w, https:\/\/dhg1h5j42swfq.cloudfront.net\/2019\/10\/01011023\/Captura-de-Tela-2019-10-01-a%CC%80s-01.09.42.png 300w, https:\/\/dhg1h5j42swfq.cloudfront.net\/2019\/10\/01011023\/Captura-de-Tela-2019-10-01-a%CC%80s-01.09.42.png 768w, https:\/\/dhg1h5j42swfq.cloudfront.net\/2019\/10\/01011023\/Captura-de-Tela-2019-10-01-a%CC%80s-01.09.42.png 1024w, https:\/\/dhg1h5j42swfq.cloudfront.net\/2019\/10\/01011023\/Captura-de-Tela-2019-10-01-a%CC%80s-01.09.42.png 610w\" sizes=\"auto, (max-width: 763px) 100vw, 763px\" \/><\/figure><\/div>\n\n\n\n<p><strong>Resposta:<\/strong> Melissa, muito obrigado pelo carinho! Fico impressionado de ver como voc\u00eas gostam da caneca da Corujinha!! :) Olha, estamos fazendo alguns sorteios especiais pra voc\u00eas!! Tenho uma ideia de criar uma loja na qual os assinantes possam adquirir as camisas e a caneca do Estrat\u00e9gia! :) Acho que seria sucesso! :)<\/p>\n\n\n\n<p>&#8230;.<\/p>\n\n\n\n<p>A <strong>Let\u00edcia<\/strong> falou que seria muito legal a cria\u00e7\u00e3o de um chat para que os alunos se comuniquem! :) <\/p>\n\n\n\n<div class=\"wp-block-image\"><figure class=\"aligncenter is-resized\"><img loading=\"lazy\" decoding=\"async\" src=\"https:\/\/dhg1h5j42swfq.cloudfront.net\/2019\/10\/01011449\/Captura-de-Tela-2019-10-01-a%CC%80s-01.14.28.png\" alt=\"\" class=\"wp-image-428349\" width=\"770\" height=\"184\" srcset=\"https:\/\/dhg1h5j42swfq.cloudfront.net\/2019\/10\/01011449\/Captura-de-Tela-2019-10-01-a%CC%80s-01.14.28.png 1560w, https:\/\/dhg1h5j42swfq.cloudfront.net\/2019\/10\/01011449\/Captura-de-Tela-2019-10-01-a%CC%80s-01.14.28.png 300w, https:\/\/dhg1h5j42swfq.cloudfront.net\/2019\/10\/01011449\/Captura-de-Tela-2019-10-01-a%CC%80s-01.14.28.png 768w, https:\/\/dhg1h5j42swfq.cloudfront.net\/2019\/10\/01011449\/Captura-de-Tela-2019-10-01-a%CC%80s-01.14.28.png 1024w, https:\/\/dhg1h5j42swfq.cloudfront.net\/2019\/10\/01011449\/Captura-de-Tela-2019-10-01-a%CC%80s-01.14.28.png 610w\" sizes=\"auto, (max-width: 770px) 100vw, 770px\" \/><\/figure><\/div>\n\n\n\n<p><strong>Resposta: <\/strong>Acho uma ideia sensacional, Let\u00edcia. Creio que \u00e9 algo a se pensar para o final de 2020. Temos buscado fazer os coment\u00e1rios do maior n\u00famero poss\u00edvel de provas. Em v\u00e1rias delas, fazemos transmiss\u00f5es ao vivo pelo YouTube. Quando isso n\u00e3o \u00e9 poss\u00edvel, comentamos a prova em nosso Blog, em artigos elaborados pelos professores. Pretendemos ampliar o n\u00famero de transmiss\u00f5es do Gabarito Extraoficial! :)<\/p>\n\n\n\n<p>&#8230;<\/p>\n\n\n\n<p>A <strong>L\u00edlian<\/strong> ficou chateada por n\u00e3o poder participar do aul\u00e3o de v\u00e9spera TJ\/AM!<\/p>\n\n\n\n<div class=\"wp-block-image\"><figure class=\"aligncenter is-resized\"><img loading=\"lazy\" decoding=\"async\" src=\"https:\/\/dhg1h5j42swfq.cloudfront.net\/2019\/10\/01012020\/Captura-de-Tela-2019-10-01-a%CC%80s-01.19.41.png\" alt=\"\" class=\"wp-image-428350\" width=\"778\" height=\"174\" srcset=\"https:\/\/dhg1h5j42swfq.cloudfront.net\/2019\/10\/01012020\/Captura-de-Tela-2019-10-01-a%CC%80s-01.19.41.png 1550w, https:\/\/dhg1h5j42swfq.cloudfront.net\/2019\/10\/01012020\/Captura-de-Tela-2019-10-01-a%CC%80s-01.19.41.png 300w, https:\/\/dhg1h5j42swfq.cloudfront.net\/2019\/10\/01012020\/Captura-de-Tela-2019-10-01-a%CC%80s-01.19.41.png 768w, https:\/\/dhg1h5j42swfq.cloudfront.net\/2019\/10\/01012020\/Captura-de-Tela-2019-10-01-a%CC%80s-01.19.41.png 1024w, https:\/\/dhg1h5j42swfq.cloudfront.net\/2019\/10\/01012020\/Captura-de-Tela-2019-10-01-a%CC%80s-01.19.41.png 610w\" sizes=\"auto, (max-width: 778px) 100vw, 778px\" \/><\/figure><\/div>\n\n\n\n<p><strong>Resposta:<\/strong> L\u00edlian, tudo joia? Para o TJ\/AM, faremos <strong>dois aul\u00f5es presenciais<\/strong>, cada um com <strong>2.000 pessoas<\/strong>. Infelizmente, n\u00e3o havia como termos um local maior para esses eventos! As vagas do aul\u00e3o de s\u00e1bado se esgotaram rapidamente. No aul\u00e3o de sexta-feira, ainda temos as \u00faltimas vagas dispon\u00edveis. <\/p>\n\n\n\n<p>&#8230;<\/p>\n\n\n\n<p>A <strong>M\u00e1rcia <\/strong>tem uma rotina di\u00e1ria muito pesada. Ela trabalha e tem filhas pequenas e, por isso, s\u00f3 consegue estudar 4 (quatro) horas por dia. Est\u00e1 sentindo dificuldades em avan\u00e7ar nos estudos.<\/p>\n\n\n\n<div class=\"wp-block-image\"><figure class=\"aligncenter is-resized\"><img loading=\"lazy\" decoding=\"async\" src=\"https:\/\/dhg1h5j42swfq.cloudfront.net\/2019\/10\/01012356\/Captura-de-Tela-2019-10-01-a%CC%80s-01.23.14.png\" alt=\"\" class=\"wp-image-428351\" width=\"790\" height=\"142\" srcset=\"https:\/\/dhg1h5j42swfq.cloudfront.net\/2019\/10\/01012356\/Captura-de-Tela-2019-10-01-a%CC%80s-01.23.14.png 1554w, https:\/\/dhg1h5j42swfq.cloudfront.net\/2019\/10\/01012356\/Captura-de-Tela-2019-10-01-a%CC%80s-01.23.14.png 300w, https:\/\/dhg1h5j42swfq.cloudfront.net\/2019\/10\/01012356\/Captura-de-Tela-2019-10-01-a%CC%80s-01.23.14.png 768w, https:\/\/dhg1h5j42swfq.cloudfront.net\/2019\/10\/01012356\/Captura-de-Tela-2019-10-01-a%CC%80s-01.23.14.png 1024w, https:\/\/dhg1h5j42swfq.cloudfront.net\/2019\/10\/01012356\/Captura-de-Tela-2019-10-01-a%CC%80s-01.23.14.png 610w\" sizes=\"auto, (max-width: 790px) 100vw, 790px\" \/><\/figure><\/div>\n\n\n\n<p><strong>Resposta<\/strong>: M\u00e1rcia, tudo joia? Ter uma rotina de estudos de 4h por dia \u00e9 muito bom!! \u00c9 importante, todavia, que voc\u00ea use esse tempo com qualidade.<\/p>\n\n\n\n<p>N\u00e3o precisa cumprir as tarefas da Trilha em uma semana. Cada pessoa ter\u00e1 o seu ritmo. Tente seguir a <strong><em>sequ\u00eancia<\/em><\/strong> de tarefas da Trilha <strong><em>sem se preocupar tanto assim com o tempo <\/em><\/strong>que est\u00e1 levando para conclui-las. <\/p>\n\n\n\n<p>Na Trilha Estrat\u00e9gica, o mais importante \u00e9 o caminho (e n\u00e3o a velocidade!)<\/p>\n\n\n\n<p>&#8230;.<\/p>\n\n\n\n<p>O <strong>Renato<\/strong> est\u00e1 perguntando para qual \u00e1rea se preparar em 2020. <\/p>\n\n\n\n<div class=\"wp-block-image\"><figure class=\"aligncenter is-resized\"><img loading=\"lazy\" decoding=\"async\" src=\"https:\/\/dhg1h5j42swfq.cloudfront.net\/2019\/10\/01013559\/Captura-de-Tela-2019-10-01-a%CC%80s-01.35.41.png\" alt=\"\" class=\"wp-image-428353\" width=\"806\" height=\"75\" srcset=\"https:\/\/dhg1h5j42swfq.cloudfront.net\/2019\/10\/01013559\/Captura-de-Tela-2019-10-01-a%CC%80s-01.35.41.png 1576w, https:\/\/dhg1h5j42swfq.cloudfront.net\/2019\/10\/01013559\/Captura-de-Tela-2019-10-01-a%CC%80s-01.35.41.png 300w, https:\/\/dhg1h5j42swfq.cloudfront.net\/2019\/10\/01013559\/Captura-de-Tela-2019-10-01-a%CC%80s-01.35.41.png 768w, https:\/\/dhg1h5j42swfq.cloudfront.net\/2019\/10\/01013559\/Captura-de-Tela-2019-10-01-a%CC%80s-01.35.41.png 1024w, https:\/\/dhg1h5j42swfq.cloudfront.net\/2019\/10\/01013559\/Captura-de-Tela-2019-10-01-a%CC%80s-01.35.41.png 610w\" sizes=\"auto, (max-width: 806px) 100vw, 806px\" \/><\/figure><\/div>\n\n\n\n<p><strong>Resposta:<\/strong> Renato, tudo joia? Na minha opini\u00e3o, essa \u00e9 uma pergunta fac\u00edlima de ser respondida. A melhor de todas as \u00e1reas para 2019\/2020 \u00e9, sem d\u00favida nenhuma, a <strong>\u00c1rea Policial<\/strong>. O concurso da PCDF ser\u00e1 o maior concurso da d\u00e9cada, com mais de 2000 vagas no total, para Escriv\u00e3o e Agente. \u00c9 fundamental come\u00e7ar logo a sua prepara\u00e7\u00e3o! <\/p>\n\n\n\n<p>Deixo, inclusive, essa dica para alunos que est\u00e3o pensando em \u00c1rea Fiscal, Controle e Tribunais. Considerem fazer o concurso da PCDF e conquistar logo a vaga no servi\u00e7o p\u00fablico.<\/p>\n\n\n\n<h2 class=\"wp-block-heading\">As gera\u00e7\u00f5es de &#8220;concurseiros&#8221;<\/h2>\n\n\n\n<p>Ser professor \u00e9 uma grande b\u00ean\u00e7\u00e3o divina. Nossa rotina \u00e9 bastante pesada, mas \u00e9 muito recompensador ver a alegria de nossos alunos.<\/p>\n\n\n\n<p>Tenho 36 anos, mas parece que foi ontem que comecei a dar aulas. Em 8 anos de Estrat\u00e9gia, j\u00e1 passaram por aqui diversas gera\u00e7\u00f5es de concurseiros. <\/p>\n\n\n\n<p>Passeando pelo Instagram, olha a foto que eu encontrei, de <strong>6 anos atr\u00e1s<\/strong> :) Nem a minha pequena Sofia tinha nascido \u00e0 \u00e9poca!! <\/p>\n\n\n\n<div class=\"wp-block-image\"><figure class=\"aligncenter is-resized\"><img loading=\"lazy\" decoding=\"async\" src=\"https:\/\/dhg1h5j42swfq.cloudfront.net\/2019\/10\/01020405\/Captura-de-Tela-2019-10-01-a%CC%80s-01.44.49.png\" alt=\"\" class=\"wp-image-428354\" width=\"461\" height=\"461\" srcset=\"https:\/\/dhg1h5j42swfq.cloudfront.net\/2019\/10\/01020405\/Captura-de-Tela-2019-10-01-a%CC%80s-01.44.49.png 1198w, https:\/\/dhg1h5j42swfq.cloudfront.net\/2019\/10\/01020405\/Captura-de-Tela-2019-10-01-a%CC%80s-01.44.49.png 150w, https:\/\/dhg1h5j42swfq.cloudfront.net\/2019\/10\/01020405\/Captura-de-Tela-2019-10-01-a%CC%80s-01.44.49.png 300w, https:\/\/dhg1h5j42swfq.cloudfront.net\/2019\/10\/01020405\/Captura-de-Tela-2019-10-01-a%CC%80s-01.44.49.png 768w, https:\/\/dhg1h5j42swfq.cloudfront.net\/2019\/10\/01020405\/Captura-de-Tela-2019-10-01-a%CC%80s-01.44.49.png 1024w, https:\/\/dhg1h5j42swfq.cloudfront.net\/2019\/10\/01020405\/Captura-de-Tela-2019-10-01-a%CC%80s-01.44.49.png 610w\" sizes=\"auto, (max-width: 461px) 100vw, 461px\" \/><figcaption>N\u00e1dia Carolina gr\u00e1vida. Eu, com cara de guri! Thomas e N\u00fabia tamb\u00e9m aparecendo na foto!<\/figcaption><\/figure><\/div>\n\n\n\n<p>O concurso da RFB 2012 <strong>revelou talentos fant\u00e1sticos<\/strong> para o mundo dos concursos, como o Thomas Jorgensen, o F\u00e1bio Dutra e a N\u00fabia Oliveira. Gera\u00e7\u00e3o de ouro!! :) <\/p>\n\n\n\n<p><strong>E outras gera\u00e7\u00f5es n\u00e3o param de chegar<\/strong>! :) O mundo dos concursos continua revelando talentos geniais! E eu me sinto muito feliz por ter contato com pessoas t\u00e3o brilhantes assim!! :) <\/p>\n\n\n\n<div class=\"wp-block-image\"><figure class=\"aligncenter is-resized\"><img loading=\"lazy\" decoding=\"async\" src=\"https:\/\/dhg1h5j42swfq.cloudfront.net\/2019\/10\/01020855\/Captura-de-Tela-2019-10-01-a%CC%80s-02.08.12.png\" alt=\"\" class=\"wp-image-428355\" width=\"453\" height=\"383\" srcset=\"https:\/\/dhg1h5j42swfq.cloudfront.net\/2019\/10\/01020855\/Captura-de-Tela-2019-10-01-a%CC%80s-02.08.12.png 1204w, https:\/\/dhg1h5j42swfq.cloudfront.net\/2019\/10\/01020855\/Captura-de-Tela-2019-10-01-a%CC%80s-02.08.12.png 300w, https:\/\/dhg1h5j42swfq.cloudfront.net\/2019\/10\/01020855\/Captura-de-Tela-2019-10-01-a%CC%80s-02.08.12.png 768w, https:\/\/dhg1h5j42swfq.cloudfront.net\/2019\/10\/01020855\/Captura-de-Tela-2019-10-01-a%CC%80s-02.08.12.png 1024w, https:\/\/dhg1h5j42swfq.cloudfront.net\/2019\/10\/01020855\/Captura-de-Tela-2019-10-01-a%CC%80s-02.08.12.png 610w\" sizes=\"auto, (max-width: 453px) 100vw, 453px\" \/><figcaption>Laura (SEFAZ\/SC) , Daniela (SEFAZ\/SC), Silvana (SEFAZ\/SP) e La\u00eds (Delegada PC\/SP)<\/figcaption><\/figure><\/div>\n\n\n\n<figure class=\"wp-block-image\"><img decoding=\"async\" src=\"https:\/\/dhg1h5j42swfq.cloudfront.net\/2019\/10\/01021205\/Captura-de-Tela-2019-10-01-a%CC%80s-02.11.34.png\" alt=\"\" class=\"wp-image-428356\"\/><figcaption>Victor Tanaka (ISS Guarulhos)<\/figcaption><\/figure>\n\n\n\n<div class=\"wp-block-image\"><figure class=\"aligncenter is-resized\"><img loading=\"lazy\" decoding=\"async\" src=\"https:\/\/dhg1h5j42swfq.cloudfront.net\/2019\/10\/01021516\/Captura-de-Tela-2019-10-01-a%CC%80s-00.57.111.png\" alt=\"\" class=\"wp-image-428357\" width=\"495\" height=\"333\" srcset=\"https:\/\/dhg1h5j42swfq.cloudfront.net\/2019\/10\/01021516\/Captura-de-Tela-2019-10-01-a%CC%80s-00.57.111.png 1200w, https:\/\/dhg1h5j42swfq.cloudfront.net\/2019\/10\/01021516\/Captura-de-Tela-2019-10-01-a%CC%80s-00.57.111.png 300w, https:\/\/dhg1h5j42swfq.cloudfront.net\/2019\/10\/01021516\/Captura-de-Tela-2019-10-01-a%CC%80s-00.57.111.png 768w, https:\/\/dhg1h5j42swfq.cloudfront.net\/2019\/10\/01021516\/Captura-de-Tela-2019-10-01-a%CC%80s-00.57.111.png 1024w, https:\/\/dhg1h5j42swfq.cloudfront.net\/2019\/10\/01021516\/Captura-de-Tela-2019-10-01-a%CC%80s-00.57.111.png 610w\" sizes=\"auto, (max-width: 495px) 100vw, 495px\" \/><figcaption>Ana Fl\u00e1via (TRF 4a Regi\u00e3o)<\/figcaption><\/figure><\/div>\n\n\n\n<p>Para um professor, <strong>a maior felicidade do mundo<\/strong> \u00e9 ver que os seus alunos conquistaram os seus objetivos!! :) N\u00e3o h\u00e1 recompensa maior do que essa. <\/p>\n\n\n\n<p><strong>\u00c9 uma jornada dura<\/strong>. Na maior parte das vezes, a caminhada \u00e9 longa e cheia de incertezas. <\/p>\n\n\n\n<p>\u00c9 preciso paci\u00eancia e humildade. <strong>Paci\u00eancia<\/strong> para compreender que s\u00e3o pequenos passos di\u00e1rios que ir\u00e3o te levar ao seu objetivo final. <strong>Humildade <\/strong>para identificar e vencer suas limita\u00e7\u00f5es. <\/p>\n\n\n\n<p>Saiba que estamos sempre por aqui, acompanhando voc\u00eas, mesmo que \u00e0 dist\u00e2ncia. S\u00e3o 2 horas e 30 minutos da madrugada e eu vou encerrando esse texto. <\/p>\n\n\n\n<p>Sei que h\u00e1 <strong>milhares de concurseiros<\/strong> que a essa hora ainda est\u00e3o junto comigo, sonhando em mudar a sua realidade e de sua fam\u00edlia.  <\/p>\n\n\n\n<p>Gostaria de lhes deixar uma \u00faltima mensagem. Nada muito rebuscado. <strong>Apenas algo que vem do cora\u00e7\u00e3o<\/strong>: <em>&#8220;Dediquem-se ao m\u00e1ximo! Pode n\u00e3o parecer, mas Ele est\u00e1 vendo todo o seu esfor\u00e7o!&#8221;<\/em><\/p>\n\n\n\n<p>&#8230;.<\/p>\n\n\n\n<p>Abra\u00e7os,<\/p>\n\n\n\n<p><strong>Ricardo Vale<\/strong><\/p>\n\n\n\n<p><em><strong>&#8220;O segredo do sucesso \u00e9 a const\u00e2ncia no objetivo&#8221;<\/strong><\/em><\/p>\n\n\n\n<p><strong>INSTAGRAM<\/strong>: <a href=\"https:\/\/www.instagram.com\/profricardovale\/\">@profricardovale<\/a><\/p>\n","protected":false},"excerpt":{"rendered":"<p>Ol\u00e1, pessoal! Tudo joia? Aqui \u00e9 o Ricardo Vale, Diretor Pedag\u00f3gico do Estrat\u00e9gia Concursos. \u00c9 sempre muito bom estar aqui com voc\u00eas. Esta j\u00e1 \u00e9 a nossa d\u00e9cima quinta Mensagem aos Assinantes. Tenho usado esse espa\u00e7o como uma forma de comunica\u00e7\u00e3o semanal com voc\u00eas, nossos alunos. Gosto muito de interagir com voc\u00eas, recebendo sugest\u00f5es, elogios [&hellip;]<\/p>\n","protected":false},"author":26,"featured_media":0,"comment_status":"open","ping_status":"closed","sticky":false,"template":"","format":"standard","meta":{"post_tipo":"article","footnotes":""},"categories":[1],"tags":[],"tax_estado":[],"class_list":["post-428326","post","type-post","status-publish","format-standard","hentry","category-cursos-e-concursos"],"acf":[],"yoast_head":"<!-- This site is optimized with the Yoast SEO Premium plugin v27.2 (Yoast SEO v27.2) - https:\/\/yoast.com\/product\/yoast-seo-premium-wordpress\/ -->\n<title>Mensagem aos Assinantes 15: As gera\u00e7\u00f5es de concurseiros<\/title>\n<meta name=\"robots\" content=\"index, follow, max-snippet:-1, max-image-preview:large, max-video-preview:-1\" \/>\n<link rel=\"canonical\" href=\"https:\/\/www.estrategiaconcursos.com.br\/blog\/mensagem-aos-assinantes-015-as-geracoes-de-concurseiros\/\" \/>\n<meta property=\"og:locale\" content=\"pt_BR\" \/>\n<meta property=\"og:type\" content=\"article\" \/>\n<meta property=\"og:title\" content=\"Mensagem aos Assinantes 15: As gera\u00e7\u00f5es de concurseiros\" \/>\n<meta property=\"og:description\" content=\"Ol\u00e1, pessoal! Tudo joia? Aqui \u00e9 o Ricardo Vale, Diretor Pedag\u00f3gico do Estrat\u00e9gia Concursos. \u00c9 sempre muito bom estar aqui com voc\u00eas. Esta j\u00e1 \u00e9 a nossa d\u00e9cima quinta Mensagem aos Assinantes. Tenho usado esse espa\u00e7o como uma forma de comunica\u00e7\u00e3o semanal com voc\u00eas, nossos alunos. Gosto muito de interagir com voc\u00eas, recebendo sugest\u00f5es, elogios [&hellip;]\" \/>\n<meta property=\"og:url\" content=\"https:\/\/www.estrategiaconcursos.com.br\/blog\/mensagem-aos-assinantes-015-as-geracoes-de-concurseiros\/\" \/>\n<meta property=\"og:site_name\" content=\"Estrat\u00e9gia Concursos\" \/>\n<meta property=\"article:author\" content=\"https:\/\/www.facebook.com\/rvale01\" \/>\n<meta property=\"article:published_time\" content=\"2019-10-01T05:37:35+00:00\" \/>\n<meta property=\"article:modified_time\" content=\"2019-10-15T01:51:50+00:00\" \/>\n<meta name=\"author\" content=\"Ricardo Vale\" \/>\n<meta name=\"twitter:card\" content=\"summary_large_image\" \/>\n<meta name=\"twitter:creator\" content=\"@https:\/\/twitter.com\/EstratConcursos\" \/>\n<meta name=\"twitter:site\" content=\"@EstratConcursos\" \/>\n<meta name=\"twitter:label1\" content=\"Escrito por\" \/>\n\t<meta name=\"twitter:data1\" content=\"Ricardo Vale\" \/>\n\t<meta name=\"twitter:label2\" content=\"Est. tempo de leitura\" \/>\n\t<meta name=\"twitter:data2\" content=\"5 minutos\" \/>\n<script type=\"application\/ld+json\" class=\"yoast-schema-graph\">{\"@context\":\"https:\/\/schema.org\",\"@graph\":[{\"@type\":\"NewsArticle\",\"@id\":\"https:\/\/www.estrategiaconcursos.com.br\/blog\/mensagem-aos-assinantes-015-as-geracoes-de-concurseiros\/#article\",\"isPartOf\":{\"@id\":\"https:\/\/www.estrategiaconcursos.com.br\/blog\/mensagem-aos-assinantes-015-as-geracoes-de-concurseiros\/\"},\"author\":{\"name\":\"Ricardo Vale\",\"@id\":\"https:\/\/www.estrategiaconcursos.com.br\/blog\/#\/schema\/person\/c32e47dba2159cafe7796a9569a6ff7e\"},\"headline\":\"Mensagem aos Assinantes 15: As gera\u00e7\u00f5es de concurseiros\",\"datePublished\":\"2019-10-01T05:37:35+00:00\",\"dateModified\":\"2019-10-15T01:51:50+00:00\",\"mainEntityOfPage\":{\"@id\":\"https:\/\/www.estrategiaconcursos.com.br\/blog\/mensagem-aos-assinantes-015-as-geracoes-de-concurseiros\/\"},\"wordCount\":915,\"commentCount\":28,\"publisher\":{\"@id\":\"https:\/\/www.estrategiaconcursos.com.br\/blog\/#organization\"},\"articleSection\":[\"Concursos P\u00fablicos\"],\"inLanguage\":\"pt-BR\",\"potentialAction\":[{\"@type\":\"CommentAction\",\"name\":\"Comment\",\"target\":[\"https:\/\/www.estrategiaconcursos.com.br\/blog\/mensagem-aos-assinantes-015-as-geracoes-de-concurseiros\/#respond\"]}],\"copyrightYear\":\"2019\",\"copyrightHolder\":{\"@id\":\"https:\/\/www.estrategiaconcursos.com.br\/blog\/#organization\"}},{\"@type\":\"WebPage\",\"@id\":\"https:\/\/www.estrategiaconcursos.com.br\/blog\/mensagem-aos-assinantes-015-as-geracoes-de-concurseiros\/\",\"url\":\"https:\/\/www.estrategiaconcursos.com.br\/blog\/mensagem-aos-assinantes-015-as-geracoes-de-concurseiros\/\",\"name\":\"Mensagem aos Assinantes 15: As gera\u00e7\u00f5es de concurseiros\",\"isPartOf\":{\"@id\":\"https:\/\/www.estrategiaconcursos.com.br\/blog\/#website\"},\"datePublished\":\"2019-10-01T05:37:35+00:00\",\"dateModified\":\"2019-10-15T01:51:50+00:00\",\"breadcrumb\":{\"@id\":\"https:\/\/www.estrategiaconcursos.com.br\/blog\/mensagem-aos-assinantes-015-as-geracoes-de-concurseiros\/#breadcrumb\"},\"inLanguage\":\"pt-BR\",\"potentialAction\":[{\"@type\":\"ReadAction\",\"target\":[\"https:\/\/www.estrategiaconcursos.com.br\/blog\/mensagem-aos-assinantes-015-as-geracoes-de-concurseiros\/\"]}]},{\"@type\":\"BreadcrumbList\",\"@id\":\"https:\/\/www.estrategiaconcursos.com.br\/blog\/mensagem-aos-assinantes-015-as-geracoes-de-concurseiros\/#breadcrumb\",\"itemListElement\":[{\"@type\":\"ListItem\",\"position\":1,\"name\":\"In\u00edcio\",\"item\":\"https:\/\/www.estrategiaconcursos.com.br\/blog\/\"},{\"@type\":\"ListItem\",\"position\":2,\"name\":\"Mensagem aos Assinantes 15: As gera\u00e7\u00f5es de concurseiros\"}]},{\"@type\":\"WebSite\",\"@id\":\"https:\/\/www.estrategiaconcursos.com.br\/blog\/#website\",\"url\":\"https:\/\/www.estrategiaconcursos.com.br\/blog\/\",\"name\":\"Estrat\u00e9gia Concursos\",\"description\":\"O blog da Estrat\u00e9gia Concursos traz not\u00edcias sobre concursos e artigos de professores oferecendo cursos para concursos (pdf + videaulas) no site.\",\"publisher\":{\"@id\":\"https:\/\/www.estrategiaconcursos.com.br\/blog\/#organization\"},\"potentialAction\":[{\"@type\":\"SearchAction\",\"target\":{\"@type\":\"EntryPoint\",\"urlTemplate\":\"https:\/\/www.estrategiaconcursos.com.br\/blog\/?s={search_term_string}\"},\"query-input\":{\"@type\":\"PropertyValueSpecification\",\"valueRequired\":true,\"valueName\":\"search_term_string\"}}],\"inLanguage\":\"pt-BR\"},{\"@type\":\"Organization\",\"@id\":\"https:\/\/www.estrategiaconcursos.com.br\/blog\/#organization\",\"name\":\"Estrat\u00e9gia Concursos\",\"url\":\"https:\/\/www.estrategiaconcursos.com.br\/blog\/\",\"logo\":{\"@type\":\"ImageObject\",\"inLanguage\":\"pt-BR\",\"@id\":\"https:\/\/www.estrategiaconcursos.com.br\/blog\/#\/schema\/logo\/image\/\",\"url\":\"https:\/\/dhg1h5j42swfq.cloudfront.net\/2025\/06\/03203428\/logo_concursos-1.jpg\",\"contentUrl\":\"https:\/\/dhg1h5j42swfq.cloudfront.net\/2025\/06\/03203428\/logo_concursos-1.jpg\",\"width\":230,\"height\":60,\"caption\":\"Estrat\u00e9gia Concursos\"},\"image\":{\"@id\":\"https:\/\/www.estrategiaconcursos.com.br\/blog\/#\/schema\/logo\/image\/\"},\"sameAs\":[\"https:\/\/x.com\/EstratConcursos\"]},{\"@type\":\"Person\",\"@id\":\"https:\/\/www.estrategiaconcursos.com.br\/blog\/#\/schema\/person\/c32e47dba2159cafe7796a9569a6ff7e\",\"name\":\"Ricardo Vale\",\"image\":{\"@type\":\"ImageObject\",\"inLanguage\":\"pt-BR\",\"@id\":\"https:\/\/secure.gravatar.com\/avatar\/e5a5658c798bb49dd53314263f59f38c192d73370fb65839a372c2ae9027be74?s=96&d=mm&r=g\",\"url\":\"https:\/\/secure.gravatar.com\/avatar\/e5a5658c798bb49dd53314263f59f38c192d73370fb65839a372c2ae9027be74?s=96&d=mm&r=g\",\"contentUrl\":\"https:\/\/secure.gravatar.com\/avatar\/e5a5658c798bb49dd53314263f59f38c192d73370fb65839a372c2ae9027be74?s=96&d=mm&r=g\",\"caption\":\"Ricardo Vale\"},\"sameAs\":[\"https:\/\/www.facebook.com\/rvale01\",\"https:\/\/x.com\/https:\/\/twitter.com\/EstratConcursos\"],\"url\":\"https:\/\/www.estrategiaconcursos.com.br\/blog\/author\/ricardovaleestrategiaconcursos-com-br\/\"}]}<\/script>\n<!-- \/ Yoast SEO Premium plugin. -->","yoast_head_json":{"title":"Mensagem aos Assinantes 15: As gera\u00e7\u00f5es de concurseiros","robots":{"index":"index","follow":"follow","max-snippet":"max-snippet:-1","max-image-preview":"max-image-preview:large","max-video-preview":"max-video-preview:-1"},"canonical":"https:\/\/www.estrategiaconcursos.com.br\/blog\/mensagem-aos-assinantes-015-as-geracoes-de-concurseiros\/","og_locale":"pt_BR","og_type":"article","og_title":"Mensagem aos Assinantes 15: As gera\u00e7\u00f5es de concurseiros","og_description":"Ol\u00e1, pessoal! Tudo joia? Aqui \u00e9 o Ricardo Vale, Diretor Pedag\u00f3gico do Estrat\u00e9gia Concursos. \u00c9 sempre muito bom estar aqui com voc\u00eas. Esta j\u00e1 \u00e9 a nossa d\u00e9cima quinta Mensagem aos Assinantes. Tenho usado esse espa\u00e7o como uma forma de comunica\u00e7\u00e3o semanal com voc\u00eas, nossos alunos. Gosto muito de interagir com voc\u00eas, recebendo sugest\u00f5es, elogios [&hellip;]","og_url":"https:\/\/www.estrategiaconcursos.com.br\/blog\/mensagem-aos-assinantes-015-as-geracoes-de-concurseiros\/","og_site_name":"Estrat\u00e9gia Concursos","article_author":"https:\/\/www.facebook.com\/rvale01","article_published_time":"2019-10-01T05:37:35+00:00","article_modified_time":"2019-10-15T01:51:50+00:00","author":"Ricardo Vale","twitter_card":"summary_large_image","twitter_creator":"@https:\/\/twitter.com\/EstratConcursos","twitter_site":"@EstratConcursos","twitter_misc":{"Escrito por":"Ricardo Vale","Est. tempo de leitura":"5 minutos"},"schema":{"@context":"https:\/\/schema.org","@graph":[{"@type":"NewsArticle","@id":"https:\/\/www.estrategiaconcursos.com.br\/blog\/mensagem-aos-assinantes-015-as-geracoes-de-concurseiros\/#article","isPartOf":{"@id":"https:\/\/www.estrategiaconcursos.com.br\/blog\/mensagem-aos-assinantes-015-as-geracoes-de-concurseiros\/"},"author":{"name":"Ricardo Vale","@id":"https:\/\/www.estrategiaconcursos.com.br\/blog\/#\/schema\/person\/c32e47dba2159cafe7796a9569a6ff7e"},"headline":"Mensagem aos Assinantes 15: As gera\u00e7\u00f5es de concurseiros","datePublished":"2019-10-01T05:37:35+00:00","dateModified":"2019-10-15T01:51:50+00:00","mainEntityOfPage":{"@id":"https:\/\/www.estrategiaconcursos.com.br\/blog\/mensagem-aos-assinantes-015-as-geracoes-de-concurseiros\/"},"wordCount":915,"commentCount":28,"publisher":{"@id":"https:\/\/www.estrategiaconcursos.com.br\/blog\/#organization"},"articleSection":["Concursos P\u00fablicos"],"inLanguage":"pt-BR","potentialAction":[{"@type":"CommentAction","name":"Comment","target":["https:\/\/www.estrategiaconcursos.com.br\/blog\/mensagem-aos-assinantes-015-as-geracoes-de-concurseiros\/#respond"]}],"copyrightYear":"2019","copyrightHolder":{"@id":"https:\/\/www.estrategiaconcursos.com.br\/blog\/#organization"}},{"@type":"WebPage","@id":"https:\/\/www.estrategiaconcursos.com.br\/blog\/mensagem-aos-assinantes-015-as-geracoes-de-concurseiros\/","url":"https:\/\/www.estrategiaconcursos.com.br\/blog\/mensagem-aos-assinantes-015-as-geracoes-de-concurseiros\/","name":"Mensagem aos Assinantes 15: As gera\u00e7\u00f5es de concurseiros","isPartOf":{"@id":"https:\/\/www.estrategiaconcursos.com.br\/blog\/#website"},"datePublished":"2019-10-01T05:37:35+00:00","dateModified":"2019-10-15T01:51:50+00:00","breadcrumb":{"@id":"https:\/\/www.estrategiaconcursos.com.br\/blog\/mensagem-aos-assinantes-015-as-geracoes-de-concurseiros\/#breadcrumb"},"inLanguage":"pt-BR","potentialAction":[{"@type":"ReadAction","target":["https:\/\/www.estrategiaconcursos.com.br\/blog\/mensagem-aos-assinantes-015-as-geracoes-de-concurseiros\/"]}]},{"@type":"BreadcrumbList","@id":"https:\/\/www.estrategiaconcursos.com.br\/blog\/mensagem-aos-assinantes-015-as-geracoes-de-concurseiros\/#breadcrumb","itemListElement":[{"@type":"ListItem","position":1,"name":"In\u00edcio","item":"https:\/\/www.estrategiaconcursos.com.br\/blog\/"},{"@type":"ListItem","position":2,"name":"Mensagem aos Assinantes 15: As gera\u00e7\u00f5es de concurseiros"}]},{"@type":"WebSite","@id":"https:\/\/www.estrategiaconcursos.com.br\/blog\/#website","url":"https:\/\/www.estrategiaconcursos.com.br\/blog\/","name":"Estrat\u00e9gia Concursos","description":"O blog da Estrat\u00e9gia Concursos traz not\u00edcias sobre concursos e artigos de professores oferecendo cursos para concursos (pdf + videaulas) no site.","publisher":{"@id":"https:\/\/www.estrategiaconcursos.com.br\/blog\/#organization"},"potentialAction":[{"@type":"SearchAction","target":{"@type":"EntryPoint","urlTemplate":"https:\/\/www.estrategiaconcursos.com.br\/blog\/?s={search_term_string}"},"query-input":{"@type":"PropertyValueSpecification","valueRequired":true,"valueName":"search_term_string"}}],"inLanguage":"pt-BR"},{"@type":"Organization","@id":"https:\/\/www.estrategiaconcursos.com.br\/blog\/#organization","name":"Estrat\u00e9gia Concursos","url":"https:\/\/www.estrategiaconcursos.com.br\/blog\/","logo":{"@type":"ImageObject","inLanguage":"pt-BR","@id":"https:\/\/www.estrategiaconcursos.com.br\/blog\/#\/schema\/logo\/image\/","url":"https:\/\/dhg1h5j42swfq.cloudfront.net\/2025\/06\/03203428\/logo_concursos-1.jpg","contentUrl":"https:\/\/dhg1h5j42swfq.cloudfront.net\/2025\/06\/03203428\/logo_concursos-1.jpg","width":230,"height":60,"caption":"Estrat\u00e9gia Concursos"},"image":{"@id":"https:\/\/www.estrategiaconcursos.com.br\/blog\/#\/schema\/logo\/image\/"},"sameAs":["https:\/\/x.com\/EstratConcursos"]},{"@type":"Person","@id":"https:\/\/www.estrategiaconcursos.com.br\/blog\/#\/schema\/person\/c32e47dba2159cafe7796a9569a6ff7e","name":"Ricardo Vale","image":{"@type":"ImageObject","inLanguage":"pt-BR","@id":"https:\/\/secure.gravatar.com\/avatar\/e5a5658c798bb49dd53314263f59f38c192d73370fb65839a372c2ae9027be74?s=96&d=mm&r=g","url":"https:\/\/secure.gravatar.com\/avatar\/e5a5658c798bb49dd53314263f59f38c192d73370fb65839a372c2ae9027be74?s=96&d=mm&r=g","contentUrl":"https:\/\/secure.gravatar.com\/avatar\/e5a5658c798bb49dd53314263f59f38c192d73370fb65839a372c2ae9027be74?s=96&d=mm&r=g","caption":"Ricardo Vale"},"sameAs":["https:\/\/www.facebook.com\/rvale01","https:\/\/x.com\/https:\/\/twitter.com\/EstratConcursos"],"url":"https:\/\/www.estrategiaconcursos.com.br\/blog\/author\/ricardovaleestrategiaconcursos-com-br\/"}]}},"_links":{"self":[{"href":"https:\/\/www.estrategiaconcursos.com.br\/blog\/wp-json\/wp\/v2\/posts\/428326","targetHints":{"allow":["GET"]}}],"collection":[{"href":"https:\/\/www.estrategiaconcursos.com.br\/blog\/wp-json\/wp\/v2\/posts"}],"about":[{"href":"https:\/\/www.estrategiaconcursos.com.br\/blog\/wp-json\/wp\/v2\/types\/post"}],"author":[{"embeddable":true,"href":"https:\/\/www.estrategiaconcursos.com.br\/blog\/wp-json\/wp\/v2\/users\/26"}],"replies":[{"embeddable":true,"href":"https:\/\/www.estrategiaconcursos.com.br\/blog\/wp-json\/wp\/v2\/comments?post=428326"}],"version-history":[{"count":8,"href":"https:\/\/www.estrategiaconcursos.com.br\/blog\/wp-json\/wp\/v2\/posts\/428326\/revisions"}],"predecessor-version":[{"id":428367,"href":"https:\/\/www.estrategiaconcursos.com.br\/blog\/wp-json\/wp\/v2\/posts\/428326\/revisions\/428367"}],"wp:attachment":[{"href":"https:\/\/www.estrategiaconcursos.com.br\/blog\/wp-json\/wp\/v2\/media?parent=428326"}],"wp:term":[{"taxonomy":"category","embeddable":true,"href":"https:\/\/www.estrategiaconcursos.com.br\/blog\/wp-json\/wp\/v2\/categories?post=428326"},{"taxonomy":"post_tag","embeddable":true,"href":"https:\/\/www.estrategiaconcursos.com.br\/blog\/wp-json\/wp\/v2\/tags?post=428326"},{"taxonomy":"tax_estado","embeddable":true,"href":"https:\/\/www.estrategiaconcursos.com.br\/blog\/wp-json\/wp\/v2\/tax_estado?post=428326"}],"curies":[{"name":"wp","href":"https:\/\/api.w.org\/{rel}","templated":true}]}}