{"id":425923,"date":"2019-09-26T14:53:51","date_gmt":"2019-09-26T17:53:51","guid":{"rendered":"https:\/\/www.estrategiaconcursos.com.br\/blog\/?p=425923"},"modified":"2019-09-26T15:19:42","modified_gmt":"2019-09-26T18:19:42","slug":"portugues-tj-pr-sem-recurso","status":"publish","type":"post","link":"https:\/\/www.estrategiaconcursos.com.br\/blog\/portugues-tj-pr-sem-recurso\/","title":{"rendered":"Portugu\u00eas TJ PR &#8211; sem recurso"},"content":{"rendered":"\n<p>Ol\u00e1, pessoal!<\/p>\n\n\n\n<p>S\u00f3 hoje tive acesso ao gabarito preliminar da banca.<\/p>\n\n\n\n<p>Uma prova que apresenta 3 textos para 20 quest\u00f5es naturalmente \u00e9 pesada. Por isso ela n\u00e3o foi simples, e aprofundou bastante na interpreta\u00e7\u00e3o.<\/p>\n\n\n\n<p>Veja a prova em que me baseio <a href=\"https:\/\/dhg1h5j42swfq.cloudfront.net\/2019\/09\/26141537\/cespe-2019-TJPR-prova1.pdf\" target=\"_blank\" rel=\"noreferrer noopener\" aria-label=\"aqui (abre numa nova aba)\">aqui<\/a>.<\/p>\n\n\n\n<p>Veja o gabarito <a rel=\"noreferrer noopener\" aria-label=\"aqui (abre numa nova aba)\" href=\"https:\/\/dhg1h5j42swfq.cloudfront.net\/2019\/09\/26141635\/cespe-2019-TJPR-gabaritopreliminar1.pdf\" target=\"_blank\">aqui<\/a>.<\/p>\n\n\n\n<p>Ap\u00f3s a an\u00e1lise detalhada de cada quest\u00e3o, n\u00e3o percebi motiva\u00e7\u00e3o para recurso.<\/p>\n\n\n\n<p>Observando a prova <a rel=\"noreferrer noopener\" aria-label=\"anexa (abre numa nova aba)\" href=\"https:\/\/dhg1h5j42swfq.cloudfront.net\/2019\/09\/26141537\/cespe-2019-TJPR-prova1.pdf\" target=\"_blank\">anexa<\/a>, algumas quest\u00f5es foram mais diretas, como a 3 (conectivo), 4 (interpreta\u00e7\u00e3o), 5 (reescrita: valor de oposi\u00e7\u00e3o entre os segmentos), 7 (recurso anaf\u00f3rico do pronome &#8220;isso&#8221;), 10 (palavra denotativa), 11 (texto dissertativo-argumentativo, o qual expressa uma opini\u00e3o),  12 (interpreta\u00e7\u00e3o literal), 14 (conectivos), 15 (recurso anaf\u00f3rico do pronome &#8220;isso&#8221;), 16 (pontua\u00e7\u00e3o), 17 (reg\u00eancia: &#8220;onde&#8221; = &#8220;em que&#8221;), 18 (interpreta\u00e7\u00e3o literal), 19 (interpreta\u00e7\u00e3o literal), 20 (sem\u00e2ntica: advento=aparecimento). <\/p>\n\n\n\n<p>Vamos a algumas quest\u00f5es que geraram d\u00favida:<\/p>\n\n\n\n<p><\/p>\n\n\n\n<p><strong>1<\/strong>. A no\u00e7\u00e3o de leitura abordada ao longo do texto 1A1-I aproxima-se,<br \/> sobretudo, daquela de<br \/><strong> A<\/strong> dom\u00ednio da linguagem verbal.<br \/><strong> B<\/strong> atua\u00e7\u00e3o na realidade social.<br \/><strong> C<\/strong> constru\u00e7\u00e3o de conceitos e teorias.<br \/><strong> D<\/strong> entendimento de estruturas gramaticais.<br \/><strong> E<\/strong> interpreta\u00e7\u00e3o de objetos e processos.<\/p>\n\n\n\n<p>Muita gente ficou na d\u00favida entre (B) &#8220;atua\u00e7\u00e3o na realidade social&#8221; e (E) &#8220;interpreta\u00e7\u00e3o de objetos e processo&#8221;.<\/p>\n\n\n\n<p>Havemos de perceber que, ao longo do texto, fala-se da percep\u00e7\u00e3o, da compreens\u00e3o que temos ao lermos as informa\u00e7\u00f5es. \u00c9 fato que, ao fim do texto, o autor diz que &#8220;\u00c9 preciso ler, interpretar e <strong>fazer alguma coisa com a interpreta\u00e7\u00e3o<\/strong>&#8220;. Assim, devemos agir, atuar na realidade social, <strong>ap\u00f3s a interpreta\u00e7\u00e3o<\/strong>. Por isso n\u00e3o cabe a alternativa (B), mas, sim, <strong>a alternativa (E)<\/strong>. A a\u00e7\u00e3o na realidade \u00e9 uma consequ\u00eancia da leitura, n\u00e3o \u00e9 a no\u00e7\u00e3o de leitura.<\/p>\n\n\n\n<p>Portanto, percebo que realmente s\u00f3 cabe a alternativa (E) como resposta.<\/p>\n\n\n\n<p><strong>2.<\/strong> Ao afirmar que o astr\u00f4nomo e o ge\u00f3grafo leem, respectivamente,<br \/> estrelas e terrenos, o autor sugere que esses profissionais<br \/><strong> A<\/strong> estudam a configura\u00e7\u00e3o desses elementos para descobrir dados<br \/> acerca das origens de tais elementos e das transforma\u00e7\u00f5es por<br \/> que tenham passado.<br \/><strong> B<\/strong> procuram vest\u00edgios de hist\u00f3rias escritas por povos remotos na<br \/> superf\u00edcie desses elementos.<br \/><strong> C<\/strong> deixam-se levar pela imagina\u00e7\u00e3o e fantasiam hist\u00f3rias<br \/> maravilhosas que poderiam ter efetivamente acontecido nesses<br \/> lugares.<br \/><strong> D<\/strong> analisam o aspecto dessas forma\u00e7\u00f5es de modo a obter<br \/> previs\u00f5es a respeito do mundo e dos seres humanos.<br \/><strong> E<\/strong> encaram tais superf\u00edcies como sinais gr\u00e1ficos a serem<br \/> decodificados ou traduzidos.<\/p>\n\n\n\n<p>Eliminamos rapidamente as alternativas (B) e (C), pois realmente extrapolam as informa\u00e7\u00f5es do texto.<\/p>\n\n\n\n<p>Note que a alternativa (A) \u00e9 a correta, pois, ao afirmar que &#8220;O astr\u00f4nomo l\u00ea o c\u00e9u, l\u00ea a epopeia das estrelas&#8221; e que &#8220;Que epopeias o ge\u00f3grafo l\u00ea nas camadas acumuladas em um simples terreno&#8221;, entendemos que s\u00e3o estudiosos desses elementos, portanto, o verbo &#8220;estudam&#8221; na alternativa \u00e9 adequado. Al\u00e9m disso, podemos entender do texto que eles estudam a configura\u00e7\u00e3o desses elementos para descobrir dados acerca das origens de tais elementos e das transforma\u00e7\u00f5es por  que tenham passado.<\/p>\n\n\n\n<p>A alternativa (B) restringe-se ao astr\u00f4nomo, pois a leitura de um terreno por um ge\u00f3grafo n\u00e3o necessariamente seria para obter previs\u00f5es a respeito do mundo e dos seres humanos. Mas note que a quest\u00e3o faz afirma\u00e7\u00e3o sobre &#8220;astr\u00f4nomo&#8221; e &#8220;ge\u00f3grafo&#8221;.<\/p>\n\n\n\n<p>A alternativa (E) est\u00e1 errada, por ser muito literal. Eles n\u00e3o leem sinais gr\u00e1ficos, mas elementos em busca de dados.<\/p>\n\n\n\n<p><strong>6. <\/strong>Infere-se do texto 1A1-II que o autor escreve, de modo metaf\u00f3rico,<br \/> sobre a ideia de fim de mundos a partir de<br \/><strong> A<\/strong> um desastre natural.<br \/><strong> B<\/strong> uma mudan\u00e7a de esta\u00e7\u00e3o.<br \/><strong> C<\/strong> uma guerra mundial.<br \/><strong> D<\/strong> uma previs\u00e3o astrol\u00f3gica.<br \/><strong> E<\/strong> um an\u00fancio feito por cientistas.<\/p>\n\n\n\n<p>Muitos alunos informaram que marcaram a alternativa (C), pois o autor faz men\u00e7\u00e3o, em boa parte do seu texto, \u00e0 1\u00aa Guerra Mundial. Por\u00e9m, devemos notar que a quest\u00e3o pede a infer\u00eancia do texto, de que o autor escreve, de modo metaf\u00f3rico, sobre a ideia de <strong>fim de mundos a partir de<\/strong>.<\/p>\n\n\n\n<p>Observe a express\u00e3o &#8220;fim de mundos&#8221; (plural). A guerra n\u00e3o foi o fim de mundos, metaforicamente, foi o fim de uma situa\u00e7\u00e3o, de uma era, de um mundo.<\/p>\n\n\n\n<p>Al\u00e9m disso, note a express\u00e3o de origem &#8220;a partir de&#8221;. Assim, devemos encontrar a men\u00e7\u00e3o a tal express\u00e3o e notamos, no primeiro par\u00e1grafo, o seguinte:<\/p>\n\n\n\n<p>&#8220;N\u00e3o se sabe ainda se o mundo acabou realmente no s\u00e1bado, <strong>como fora anunciado<\/strong>.&#8221;<\/p>\n\n\n\n<p>Assim, partiu-se do princ\u00edpio de que o mundo acabaria, conforme fora anunciado por algu\u00e9m.<\/p>\n\n\n\n<p>No terceiro par\u00e1grafo, o autor continua da seguinte forma:<\/p>\n\n\n\n<p>&#8220;\u00c9 poss\u00edvel que <strong>a previs\u00e3o dos astr\u00f3logos<\/strong> indianos n\u00e3o tivesse base, e que o mundo atual dure muitos anos.&#8221;<\/p>\n\n\n\n<p>Note o emprego do artigo &#8220;a&#8221; diante de &#8220;previs\u00e3o&#8221;. Assim, foi uma previs\u00e3o anteriormente inserida no texto. A\u00ed est\u00e1 o vest\u00edgio que nos remete \u00e0 <strong>alternativa (D): uma previs\u00e3o astrol\u00f3gica<\/strong>.<\/p>\n\n\n\n<p><strong>8<\/strong>. No primeiro par\u00e1grafo do texto 1A1-II, o trecho \u201cMuitas vezes o<br \/> mundo acaba em sil\u00eancio, ou fazendo um barulho leve de folha\u201d<br \/> (l. 4 e 5) constitui<br \/> <strong>A<\/strong> um argumento que refor\u00e7a a informa\u00e7\u00e3o expressa no per\u00edodo<br \/> imediatamente anterior.<br \/> <strong>B<\/strong> uma afirma\u00e7\u00e3o que resume as ideias expressas no per\u00edodo<br \/> seguinte.<br \/> <strong>C<\/strong> uma condi\u00e7\u00e3o para que ocorra o que \u00e9 expresso no per\u00edodo<br \/> seguinte.<br \/> <strong>D<\/strong> uma informa\u00e7\u00e3o que expressa a finalidade do que se afirma no<br \/> per\u00edodo imediatamente anterior.<br \/><strong> E<\/strong> um fato que contraria a ideia expressa no per\u00edodo<br \/> imediatamente anterior.<\/p>\n\n\n\n<p>No trecho &#8220;A falta de sinais estrondosos e vis\u00edveis n\u00e3o \u00e9 prova bastante da continua\u00e7\u00e3o. <strong>Muitas vezes o mundo acaba em sil\u00eancio, ou fazendo um barulho leve de folha<\/strong>. Tempos depois \u00e9 que se percebe, mas j\u00e1 ent\u00e3o vivemos em outro mundo, com sua estrutura e seus regulamentos pr\u00f3prios.&#8221;, notamos que a frase em negrito explica a anterior, tanto assim que podemos inserir a conjun\u00e7\u00e3o &#8220;pois&#8221; entre elas. Assim, \u00e9 um argumento que refor\u00e7a a informa\u00e7\u00e3o expressa no per\u00edodo imediatamente anterior  e a alternativa (A) \u00e9 mesmo a correta.<\/p>\n\n\n\n<p><strong>9. <\/strong>O texto 1A1-II \u00e9 uma cr\u00f4nica, g\u00eanero que se caracteriza como texto<br \/> de cunho pessoal, em que se imprimem opini\u00f5es e vis\u00f5es de mundo<br \/> do autor. Considerando-se essa informa\u00e7\u00e3o, \u00e9 correto afirmar que,<br \/> no segundo par\u00e1grafo do texto, o autor posiciona-se ao afirmar que<br \/> <strong>A<\/strong> alguns h\u00e1bitos e conceitos anteriores \u00e0 guerra pareciam<br \/> eternos.<br \/><strong> B<\/strong> a Primeira Guerra Mundial foi um acontecimento europeu.<br \/> <strong>C<\/strong> pessoas que assistiram \u00e0 morte do mundo em 1914 ainda<br \/> estavam vivas \u00e0quela \u00e9poca.<br \/> <strong>D<\/strong> a guerra acabou com a belle \u00e9poque e os h\u00e1bitos vitorianos.<br \/> <strong>E<\/strong> a servid\u00e3o civil feminina era uma quest\u00e3o que ainda perdurava<br \/> \u00e0quela \u00e9poca.<\/p>\n\n\n\n<p> Note que a quest\u00e3o pede a alternativa que apresenta o posicionamento do autor, justamente para explorar o conte\u00fado program\u00e1tico da diferen\u00e7a entre fato e opini\u00e3o. <\/p>\n\n\n\n<p>A alternativa (A) est\u00e1 errada, pois fica n\u00edtido que a afirma\u00e7\u00e3o &#8220;mundo que  parecia eterno&#8221; (linhas 12 e 13) n\u00e3o \u00e9 o posicionamento do autor, mas de pessoas que pensavam assim. O pr\u00f3prio contexto nos mostra que n\u00e3o \u00e9 uma opini\u00e3o do autor.<\/p>\n\n\n\n<p>A alternativa (B) est\u00e1 errada, pois a Primeira Guerra foi mundial, n\u00e3o s\u00f3 na Europa. Al\u00e9m disso, n\u00e3o h\u00e1 a\u00ed uma opini\u00e3o.<\/p>\n\n\n\n<p>A alternativa (C) est\u00e1 errada, pois n\u00e3o h\u00e1 opini\u00e3o.<\/p>\n\n\n\n<p>A alternativa (D) est\u00e1 errada, pois n\u00e3o h\u00e1 opini\u00e3o.<\/p>\n\n\n\n<p>A alternativa (E) \u00e9 a correta, pois expressa a opini\u00e3o do autor. Note que a frase &#8220;Peda\u00e7os dele andam por a\u00ed, vagando, como o colonialismo, a opress\u00e3o de grupos financeiros, <strong>a servid\u00e3o civil da mulher<\/strong>, mas pertencem a um contexto liquidado, rabo de lagartixa vibrando depois que o corpo foi abatido.&#8221; transmite a opini\u00e3o do autor, incluindo a\u00ed a servid\u00e3o civil da mulher.<\/p>\n\n\n\n<p>13. De acordo com o texto 1A2-I, a conviv\u00eancia em sociedade \u00e9<br \/>\nA pautada na \u00e9tica.<br \/>\nB oposta \u00e0 \u00e9tica.<br \/>\nC produto da \u00e9tica.<br \/>\nD obst\u00e1culo \u00e0 \u00e9tica.<br \/>\nE dissoci\u00e1vel da \u00e9tica.<\/p>\n\n\n\n<p> Alguns alunos ficaram na d\u00favida entre as alternativas (A) e (C). Vamos ao trecho do texto que elucida isso:<\/p>\n\n\n\n<p>&#8220;At\u00e9 o s\u00e9culo VI a.C., ethos (em grego arcaico) significava morada do humano, o lugar onde n\u00f3s vivemos juntos. Depois, os gregos passaram a chamar isso de oikos, o que chamamos de ecologia. Se moramos juntos, temos de conviver bem. Os latinos traduziram isso por \u201cmoral\u201d  \u2014 morada, moradia \u2014 ou \u201ch\u00e1bito\u201d \u2014 habita\u00e7\u00e3o. \u00c9 onde vivemos juntos. Portanto, a \u00e9tica relaciona-se com a nossa conviv\u00eancia. <strong>N\u00e3o existe ser humano que tenha s\u00f3 viv\u00eancia; tudo para n\u00f3s \u00e9 conviv\u00eancia<\/strong>.&#8221;<\/p>\n\n\n\n<p> Dessa forma entendemos que a conviv\u00eancia \u00e9 fator da \u00e9tica, e n\u00e3o o contr\u00e1rio. S\u00f3 h\u00e1 \u00e9tica por causa da conviv\u00eancia. Assim, n\u00e3o cabe a alternativa (C), pois a \u00e9tica \u00e9 produto da conviv\u00eancia, e n\u00e3o a conviv\u00eancia ser produto da \u00e9tica.<\/p>\n\n\n\n<p>Assim, a alternativa (A) \u00e9 a correta: <strong>a conviv\u00eancia em sociedade \u00e9 pautada na \u00e9tica.<\/strong> <\/p>\n\n\n\n<p>Bom, meus amigos!<\/p>\n\n\n\n<p>Esta \u00e9 a minha vis\u00e3o, ap\u00f3s uma an\u00e1lise bem detalhada da prova com o gabarito preliminar. <\/p>\n\n\n\n<p>Espero ter ajudado!<\/p>\n\n\n\n<p>Vou comentar adiante esta prova na \u00edntegra, mas quis colocar aqui minhas considera\u00e7\u00f5es por n\u00e3o entender possibilidade de recurso.<\/p>\n\n\n\n<p>Grande abra\u00e7o!<\/p>\n\n\n\n<p>D\u00e9cio Terror<\/p>\n","protected":false},"excerpt":{"rendered":"<p>Ol\u00e1, pessoal! S\u00f3 hoje tive acesso ao gabarito preliminar da banca. Uma prova que apresenta 3 textos para 20 quest\u00f5es naturalmente \u00e9 pesada. Por isso ela n\u00e3o foi simples, e aprofundou bastante na interpreta\u00e7\u00e3o. Veja a prova em que me baseio aqui. Veja o gabarito aqui. Ap\u00f3s a an\u00e1lise detalhada de cada quest\u00e3o, n\u00e3o percebi [&hellip;]<\/p>\n","protected":false},"author":214,"featured_media":0,"comment_status":"open","ping_status":"closed","sticky":false,"template":"","format":"standard","meta":{"post_tipo":"article","footnotes":""},"categories":[1],"tags":[],"tax_estado":[],"class_list":["post-425923","post","type-post","status-publish","format-standard","hentry","category-cursos-e-concursos"],"acf":[],"yoast_head":"<!-- This site is optimized with the Yoast SEO Premium plugin v27.2 (Yoast SEO v27.2) - https:\/\/yoast.com\/product\/yoast-seo-premium-wordpress\/ -->\n<title>Portugu\u00eas TJ PR - sem recurso<\/title>\n<meta name=\"robots\" content=\"index, follow, max-snippet:-1, max-image-preview:large, max-video-preview:-1\" \/>\n<link rel=\"canonical\" href=\"https:\/\/www.estrategiaconcursos.com.br\/blog\/portugues-tj-pr-sem-recurso\/\" \/>\n<meta property=\"og:locale\" content=\"pt_BR\" \/>\n<meta property=\"og:type\" content=\"article\" \/>\n<meta property=\"og:title\" content=\"Portugu\u00eas TJ PR - sem recurso\" \/>\n<meta property=\"og:description\" content=\"Ol\u00e1, pessoal! S\u00f3 hoje tive acesso ao gabarito preliminar da banca. Uma prova que apresenta 3 textos para 20 quest\u00f5es naturalmente \u00e9 pesada. Por isso ela n\u00e3o foi simples, e aprofundou bastante na interpreta\u00e7\u00e3o. Veja a prova em que me baseio aqui. Veja o gabarito aqui. Ap\u00f3s a an\u00e1lise detalhada de cada quest\u00e3o, n\u00e3o percebi [&hellip;]\" \/>\n<meta property=\"og:url\" content=\"https:\/\/www.estrategiaconcursos.com.br\/blog\/portugues-tj-pr-sem-recurso\/\" \/>\n<meta property=\"og:site_name\" content=\"Estrat\u00e9gia Concursos\" \/>\n<meta property=\"article:published_time\" content=\"2019-09-26T17:53:51+00:00\" \/>\n<meta property=\"article:modified_time\" content=\"2019-09-26T18:19:42+00:00\" \/>\n<meta name=\"author\" content=\"D\u00e9cio Terror Filho\" \/>\n<meta name=\"twitter:card\" content=\"summary_large_image\" \/>\n<meta name=\"twitter:creator\" content=\"@EstratConcursos\" \/>\n<meta name=\"twitter:site\" content=\"@EstratConcursos\" \/>\n<meta name=\"twitter:label1\" content=\"Escrito por\" \/>\n\t<meta name=\"twitter:data1\" content=\"D\u00e9cio Terror Filho\" \/>\n\t<meta name=\"twitter:label2\" content=\"Est. tempo de leitura\" \/>\n\t<meta name=\"twitter:data2\" content=\"8 minutos\" \/>\n<script type=\"application\/ld+json\" class=\"yoast-schema-graph\">{\"@context\":\"https:\/\/schema.org\",\"@graph\":[{\"@type\":\"NewsArticle\",\"@id\":\"https:\/\/www.estrategiaconcursos.com.br\/blog\/portugues-tj-pr-sem-recurso\/#article\",\"isPartOf\":{\"@id\":\"https:\/\/www.estrategiaconcursos.com.br\/blog\/portugues-tj-pr-sem-recurso\/\"},\"author\":{\"name\":\"D\u00e9cio Terror Filho\",\"@id\":\"https:\/\/www.estrategiaconcursos.com.br\/blog\/#\/schema\/person\/e8165364027a31208914fc77c3314727\"},\"headline\":\"Portugu\u00eas TJ PR &#8211; sem recurso\",\"datePublished\":\"2019-09-26T17:53:51+00:00\",\"dateModified\":\"2019-09-26T18:19:42+00:00\",\"mainEntityOfPage\":{\"@id\":\"https:\/\/www.estrategiaconcursos.com.br\/blog\/portugues-tj-pr-sem-recurso\/\"},\"wordCount\":1601,\"commentCount\":1,\"publisher\":{\"@id\":\"https:\/\/www.estrategiaconcursos.com.br\/blog\/#organization\"},\"articleSection\":[\"Concursos P\u00fablicos\"],\"inLanguage\":\"pt-BR\",\"potentialAction\":[{\"@type\":\"CommentAction\",\"name\":\"Comment\",\"target\":[\"https:\/\/www.estrategiaconcursos.com.br\/blog\/portugues-tj-pr-sem-recurso\/#respond\"]}],\"copyrightYear\":\"2019\",\"copyrightHolder\":{\"@id\":\"https:\/\/www.estrategiaconcursos.com.br\/blog\/#organization\"}},{\"@type\":\"WebPage\",\"@id\":\"https:\/\/www.estrategiaconcursos.com.br\/blog\/portugues-tj-pr-sem-recurso\/\",\"url\":\"https:\/\/www.estrategiaconcursos.com.br\/blog\/portugues-tj-pr-sem-recurso\/\",\"name\":\"Portugu\u00eas TJ PR - sem recurso\",\"isPartOf\":{\"@id\":\"https:\/\/www.estrategiaconcursos.com.br\/blog\/#website\"},\"datePublished\":\"2019-09-26T17:53:51+00:00\",\"dateModified\":\"2019-09-26T18:19:42+00:00\",\"breadcrumb\":{\"@id\":\"https:\/\/www.estrategiaconcursos.com.br\/blog\/portugues-tj-pr-sem-recurso\/#breadcrumb\"},\"inLanguage\":\"pt-BR\",\"potentialAction\":[{\"@type\":\"ReadAction\",\"target\":[\"https:\/\/www.estrategiaconcursos.com.br\/blog\/portugues-tj-pr-sem-recurso\/\"]}]},{\"@type\":\"BreadcrumbList\",\"@id\":\"https:\/\/www.estrategiaconcursos.com.br\/blog\/portugues-tj-pr-sem-recurso\/#breadcrumb\",\"itemListElement\":[{\"@type\":\"ListItem\",\"position\":1,\"name\":\"In\u00edcio\",\"item\":\"https:\/\/www.estrategiaconcursos.com.br\/blog\/\"},{\"@type\":\"ListItem\",\"position\":2,\"name\":\"Portugu\u00eas TJ PR &#8211; sem recurso\"}]},{\"@type\":\"WebSite\",\"@id\":\"https:\/\/www.estrategiaconcursos.com.br\/blog\/#website\",\"url\":\"https:\/\/www.estrategiaconcursos.com.br\/blog\/\",\"name\":\"Estrat\u00e9gia Concursos\",\"description\":\"O blog da Estrat\u00e9gia Concursos traz not\u00edcias sobre concursos e artigos de professores oferecendo cursos para concursos (pdf + videaulas) no site.\",\"publisher\":{\"@id\":\"https:\/\/www.estrategiaconcursos.com.br\/blog\/#organization\"},\"potentialAction\":[{\"@type\":\"SearchAction\",\"target\":{\"@type\":\"EntryPoint\",\"urlTemplate\":\"https:\/\/www.estrategiaconcursos.com.br\/blog\/?s={search_term_string}\"},\"query-input\":{\"@type\":\"PropertyValueSpecification\",\"valueRequired\":true,\"valueName\":\"search_term_string\"}}],\"inLanguage\":\"pt-BR\"},{\"@type\":\"Organization\",\"@id\":\"https:\/\/www.estrategiaconcursos.com.br\/blog\/#organization\",\"name\":\"Estrat\u00e9gia Concursos\",\"url\":\"https:\/\/www.estrategiaconcursos.com.br\/blog\/\",\"logo\":{\"@type\":\"ImageObject\",\"inLanguage\":\"pt-BR\",\"@id\":\"https:\/\/www.estrategiaconcursos.com.br\/blog\/#\/schema\/logo\/image\/\",\"url\":\"https:\/\/dhg1h5j42swfq.cloudfront.net\/2025\/06\/03203428\/logo_concursos-1.jpg\",\"contentUrl\":\"https:\/\/dhg1h5j42swfq.cloudfront.net\/2025\/06\/03203428\/logo_concursos-1.jpg\",\"width\":230,\"height\":60,\"caption\":\"Estrat\u00e9gia Concursos\"},\"image\":{\"@id\":\"https:\/\/www.estrategiaconcursos.com.br\/blog\/#\/schema\/logo\/image\/\"},\"sameAs\":[\"https:\/\/x.com\/EstratConcursos\"]},{\"@type\":\"Person\",\"@id\":\"https:\/\/www.estrategiaconcursos.com.br\/blog\/#\/schema\/person\/e8165364027a31208914fc77c3314727\",\"name\":\"D\u00e9cio Terror Filho\",\"image\":{\"@type\":\"ImageObject\",\"inLanguage\":\"pt-BR\",\"@id\":\"https:\/\/secure.gravatar.com\/avatar\/a5b78e734de7c6482e965926e78344deb81abbc34282a3c9536cbb1a59728a37?s=96&d=mm&r=g\",\"url\":\"https:\/\/secure.gravatar.com\/avatar\/a5b78e734de7c6482e965926e78344deb81abbc34282a3c9536cbb1a59728a37?s=96&d=mm&r=g\",\"contentUrl\":\"https:\/\/secure.gravatar.com\/avatar\/a5b78e734de7c6482e965926e78344deb81abbc34282a3c9536cbb1a59728a37?s=96&d=mm&r=g\",\"caption\":\"D\u00e9cio Terror Filho\"},\"url\":\"https:\/\/www.estrategiaconcursos.com.br\/blog\/author\/contatoterrorportugues-com-br\/\"}]}<\/script>\n<!-- \/ Yoast SEO Premium plugin. -->","yoast_head_json":{"title":"Portugu\u00eas TJ PR - sem recurso","robots":{"index":"index","follow":"follow","max-snippet":"max-snippet:-1","max-image-preview":"max-image-preview:large","max-video-preview":"max-video-preview:-1"},"canonical":"https:\/\/www.estrategiaconcursos.com.br\/blog\/portugues-tj-pr-sem-recurso\/","og_locale":"pt_BR","og_type":"article","og_title":"Portugu\u00eas TJ PR - sem recurso","og_description":"Ol\u00e1, pessoal! S\u00f3 hoje tive acesso ao gabarito preliminar da banca. Uma prova que apresenta 3 textos para 20 quest\u00f5es naturalmente \u00e9 pesada. Por isso ela n\u00e3o foi simples, e aprofundou bastante na interpreta\u00e7\u00e3o. Veja a prova em que me baseio aqui. Veja o gabarito aqui. Ap\u00f3s a an\u00e1lise detalhada de cada quest\u00e3o, n\u00e3o percebi [&hellip;]","og_url":"https:\/\/www.estrategiaconcursos.com.br\/blog\/portugues-tj-pr-sem-recurso\/","og_site_name":"Estrat\u00e9gia Concursos","article_published_time":"2019-09-26T17:53:51+00:00","article_modified_time":"2019-09-26T18:19:42+00:00","author":"D\u00e9cio Terror Filho","twitter_card":"summary_large_image","twitter_creator":"@EstratConcursos","twitter_site":"@EstratConcursos","twitter_misc":{"Escrito por":"D\u00e9cio Terror Filho","Est. tempo de leitura":"8 minutos"},"schema":{"@context":"https:\/\/schema.org","@graph":[{"@type":"NewsArticle","@id":"https:\/\/www.estrategiaconcursos.com.br\/blog\/portugues-tj-pr-sem-recurso\/#article","isPartOf":{"@id":"https:\/\/www.estrategiaconcursos.com.br\/blog\/portugues-tj-pr-sem-recurso\/"},"author":{"name":"D\u00e9cio Terror Filho","@id":"https:\/\/www.estrategiaconcursos.com.br\/blog\/#\/schema\/person\/e8165364027a31208914fc77c3314727"},"headline":"Portugu\u00eas TJ PR &#8211; sem recurso","datePublished":"2019-09-26T17:53:51+00:00","dateModified":"2019-09-26T18:19:42+00:00","mainEntityOfPage":{"@id":"https:\/\/www.estrategiaconcursos.com.br\/blog\/portugues-tj-pr-sem-recurso\/"},"wordCount":1601,"commentCount":1,"publisher":{"@id":"https:\/\/www.estrategiaconcursos.com.br\/blog\/#organization"},"articleSection":["Concursos P\u00fablicos"],"inLanguage":"pt-BR","potentialAction":[{"@type":"CommentAction","name":"Comment","target":["https:\/\/www.estrategiaconcursos.com.br\/blog\/portugues-tj-pr-sem-recurso\/#respond"]}],"copyrightYear":"2019","copyrightHolder":{"@id":"https:\/\/www.estrategiaconcursos.com.br\/blog\/#organization"}},{"@type":"WebPage","@id":"https:\/\/www.estrategiaconcursos.com.br\/blog\/portugues-tj-pr-sem-recurso\/","url":"https:\/\/www.estrategiaconcursos.com.br\/blog\/portugues-tj-pr-sem-recurso\/","name":"Portugu\u00eas TJ PR - sem recurso","isPartOf":{"@id":"https:\/\/www.estrategiaconcursos.com.br\/blog\/#website"},"datePublished":"2019-09-26T17:53:51+00:00","dateModified":"2019-09-26T18:19:42+00:00","breadcrumb":{"@id":"https:\/\/www.estrategiaconcursos.com.br\/blog\/portugues-tj-pr-sem-recurso\/#breadcrumb"},"inLanguage":"pt-BR","potentialAction":[{"@type":"ReadAction","target":["https:\/\/www.estrategiaconcursos.com.br\/blog\/portugues-tj-pr-sem-recurso\/"]}]},{"@type":"BreadcrumbList","@id":"https:\/\/www.estrategiaconcursos.com.br\/blog\/portugues-tj-pr-sem-recurso\/#breadcrumb","itemListElement":[{"@type":"ListItem","position":1,"name":"In\u00edcio","item":"https:\/\/www.estrategiaconcursos.com.br\/blog\/"},{"@type":"ListItem","position":2,"name":"Portugu\u00eas TJ PR &#8211; sem recurso"}]},{"@type":"WebSite","@id":"https:\/\/www.estrategiaconcursos.com.br\/blog\/#website","url":"https:\/\/www.estrategiaconcursos.com.br\/blog\/","name":"Estrat\u00e9gia Concursos","description":"O blog da Estrat\u00e9gia Concursos traz not\u00edcias sobre concursos e artigos de professores oferecendo cursos para concursos (pdf + videaulas) no site.","publisher":{"@id":"https:\/\/www.estrategiaconcursos.com.br\/blog\/#organization"},"potentialAction":[{"@type":"SearchAction","target":{"@type":"EntryPoint","urlTemplate":"https:\/\/www.estrategiaconcursos.com.br\/blog\/?s={search_term_string}"},"query-input":{"@type":"PropertyValueSpecification","valueRequired":true,"valueName":"search_term_string"}}],"inLanguage":"pt-BR"},{"@type":"Organization","@id":"https:\/\/www.estrategiaconcursos.com.br\/blog\/#organization","name":"Estrat\u00e9gia Concursos","url":"https:\/\/www.estrategiaconcursos.com.br\/blog\/","logo":{"@type":"ImageObject","inLanguage":"pt-BR","@id":"https:\/\/www.estrategiaconcursos.com.br\/blog\/#\/schema\/logo\/image\/","url":"https:\/\/dhg1h5j42swfq.cloudfront.net\/2025\/06\/03203428\/logo_concursos-1.jpg","contentUrl":"https:\/\/dhg1h5j42swfq.cloudfront.net\/2025\/06\/03203428\/logo_concursos-1.jpg","width":230,"height":60,"caption":"Estrat\u00e9gia Concursos"},"image":{"@id":"https:\/\/www.estrategiaconcursos.com.br\/blog\/#\/schema\/logo\/image\/"},"sameAs":["https:\/\/x.com\/EstratConcursos"]},{"@type":"Person","@id":"https:\/\/www.estrategiaconcursos.com.br\/blog\/#\/schema\/person\/e8165364027a31208914fc77c3314727","name":"D\u00e9cio Terror Filho","image":{"@type":"ImageObject","inLanguage":"pt-BR","@id":"https:\/\/secure.gravatar.com\/avatar\/a5b78e734de7c6482e965926e78344deb81abbc34282a3c9536cbb1a59728a37?s=96&d=mm&r=g","url":"https:\/\/secure.gravatar.com\/avatar\/a5b78e734de7c6482e965926e78344deb81abbc34282a3c9536cbb1a59728a37?s=96&d=mm&r=g","contentUrl":"https:\/\/secure.gravatar.com\/avatar\/a5b78e734de7c6482e965926e78344deb81abbc34282a3c9536cbb1a59728a37?s=96&d=mm&r=g","caption":"D\u00e9cio Terror Filho"},"url":"https:\/\/www.estrategiaconcursos.com.br\/blog\/author\/contatoterrorportugues-com-br\/"}]}},"_links":{"self":[{"href":"https:\/\/www.estrategiaconcursos.com.br\/blog\/wp-json\/wp\/v2\/posts\/425923","targetHints":{"allow":["GET"]}}],"collection":[{"href":"https:\/\/www.estrategiaconcursos.com.br\/blog\/wp-json\/wp\/v2\/posts"}],"about":[{"href":"https:\/\/www.estrategiaconcursos.com.br\/blog\/wp-json\/wp\/v2\/types\/post"}],"author":[{"embeddable":true,"href":"https:\/\/www.estrategiaconcursos.com.br\/blog\/wp-json\/wp\/v2\/users\/214"}],"replies":[{"embeddable":true,"href":"https:\/\/www.estrategiaconcursos.com.br\/blog\/wp-json\/wp\/v2\/comments?post=425923"}],"version-history":[{"count":10,"href":"https:\/\/www.estrategiaconcursos.com.br\/blog\/wp-json\/wp\/v2\/posts\/425923\/revisions"}],"predecessor-version":[{"id":425983,"href":"https:\/\/www.estrategiaconcursos.com.br\/blog\/wp-json\/wp\/v2\/posts\/425923\/revisions\/425983"}],"wp:attachment":[{"href":"https:\/\/www.estrategiaconcursos.com.br\/blog\/wp-json\/wp\/v2\/media?parent=425923"}],"wp:term":[{"taxonomy":"category","embeddable":true,"href":"https:\/\/www.estrategiaconcursos.com.br\/blog\/wp-json\/wp\/v2\/categories?post=425923"},{"taxonomy":"post_tag","embeddable":true,"href":"https:\/\/www.estrategiaconcursos.com.br\/blog\/wp-json\/wp\/v2\/tags?post=425923"},{"taxonomy":"tax_estado","embeddable":true,"href":"https:\/\/www.estrategiaconcursos.com.br\/blog\/wp-json\/wp\/v2\/tax_estado?post=425923"}],"curies":[{"name":"wp","href":"https:\/\/api.w.org\/{rel}","templated":true}]}}