{"id":425002,"date":"2026-03-06T10:31:00","date_gmt":"2026-03-06T13:31:00","guid":{"rendered":"https:\/\/www.estrategiaconcursos.com.br\/blog\/?p=425002"},"modified":"2026-04-17T16:35:51","modified_gmt":"2026-04-17T19:35:51","slug":"concurso-seduc-to","status":"publish","type":"post","link":"https:\/\/www.estrategiaconcursos.com.br\/blog\/concurso-seduc-to\/","title":{"rendered":"Concurso SEDUC TO: edital de 2023 prorrogado at\u00e9 2027!"},"content":{"rendered":"\n<p>A <strong><a href=\"https:\/\/www.estrategiaconcursos.com.br\/cursosPorConcurso\/secretaria-de-estado-da-educacao-de-tocantins-seduc-to\/\" target=\"_blank\" rel=\"noreferrer noopener\">Secretaria da Educa\u00e7\u00e3o do Estado de Tocantins<\/a><\/strong> informou para a equipe do Estrat\u00e9gia Concursos que ir\u00e1 aderir \u00e0 Prova Nacional Docente para seus pr\u00f3ximos editais e sele\u00e7\u00f5es.<\/p>\n\n\n\n<p>Apesar da informa\u00e7\u00e3o positiva para novas sele\u00e7\u00f5es, n\u00e3o h\u00e1 previs\u00e3o de novo edital, visto que o concurso de 2023 foi <a href=\"https:\/\/www.to.gov.br\/secom\/noticias\/governador-laurez-moreira-prorroga-concurso-da-educacao-por-dois-anos-e-reforca-compromisso-com-a-valorizacao-do-servico-publico-no-tocantins\/7fk0vw3110h2\">recentemente prorrogado por mais 2 anos<\/a>, ficando v\u00e1lido at\u00e9 outubro de 2027.<\/p>\n\n\n\n<p>Desde a homologa\u00e7\u00e3o foram realizadas9 chamadas de aprovados e mais de 4.430 profissionais foram convocados.<\/p>\n\n\n\n<p>Veja o resultado final que registrou mais de 37 mil inscri\u00e7\u00f5es.<\/p>\n\n\n\n<ul class=\"wp-block-list\">\n<li><a href=\"https:\/\/dhg1h5j42swfq.cloudfront.net\/2023\/11\/30184521\/edital-no-01-034-2023-resultado-final-dos-aprovados.pdf\" target=\"_blank\" rel=\"noreferrer noopener nofollow\">Edital n\u00ba 1 &#8211; Professor Regente, Coordenador Pedag\u00f3gico e Orientador Educacional<\/a>;<\/li>\n\n\n\n<li><a href=\"https:\/\/dhg1h5j42swfq.cloudfront.net\/2023\/11\/30184513\/edital-no-02-021-resultado-final-dos-aprovados-indigenas-assinado.pdf\" target=\"_blank\" rel=\"noreferrer noopener nofollow\">Edital n\u00ba 2 &#8211; Professor Regente, na Educa\u00e7\u00e3o Ind\u00edgena<\/a>;<\/li>\n\n\n\n<li><a href=\"https:\/\/dhg1h5j42swfq.cloudfront.net\/2023\/11\/30184516\/edital-no-03-017-2023-resultado-final-dos-aprovados-coordenador-assinado.pdf\" target=\"_blank\" rel=\"noreferrer noopener nofollow\">Edital n\u00ba 3 &#8211; Coordenador Pedag\u00f3gico e Orientador Educacional, na Educa\u00e7\u00e3o Ind\u00edgena<\/a>.<\/li>\n<\/ul>\n\n\n\n<p>Foram ofertadas 5.248 vagas de n\u00edvel superior, distribu\u00eddas entre os cargos da \u00e1rea da Educa\u00e7\u00e3o, com sal\u00e1rio inicial de R$ 4.826,20.<\/p>\n\n\n\n<p>Confira todos os detalhes ao longo do artigo!<\/p>\n\n\n\n<ul class=\"wp-block-list has-pale-ocean-gradient-background has-background\">\n<li><strong>Concurso SEDUC TO<\/strong><\/li>\n\n\n\n<li><strong>Status:<\/strong>&nbsp;resultado final \/ prorrogado<\/li>\n\n\n\n<li><strong>Banca:&nbsp;<\/strong><a href=\"https:\/\/conhecimento.fgv.br\/concursos\/secad.to\">FGV<\/a><\/li>\n\n\n\n<li><strong>Vagas<\/strong>:&nbsp;5.164<\/li>\n\n\n\n<li><strong>Sal\u00e1rio inicial:<\/strong>&nbsp;R$ 4.826,20 conforme edital | at\u00e9 R$ 15 mil conforme transpar\u00eancia<\/li>\n\n\n\n<li><strong>Editais<\/strong>: <a href=\"https:\/\/dhg1h5j42swfq.cloudfront.net\/2023\/02\/09211338\/editais-seduc-to.pdf\" target=\"_blank\" rel=\"noreferrer noopener nofollow\">Seduc TO-2023<\/a><\/li>\n<\/ul>\n\n\n\n<ul class=\"wp-block-list has-pale-ocean-gradient-background has-background\">\n<li><strong>Concurso SEDUC TO<\/strong> &#8211; <strong>Ind\u00edgena <\/strong><\/li>\n\n\n\n<li><strong>Status:<\/strong> resultado final \/ prorrogado<\/li>\n\n\n\n<li><strong style=\"background-color: initial; color: initial;\">Banca:<\/strong> <a href=\"https:\/\/conhecimento.fgv.br\/concursos\/secad.to\">FGV<\/a><\/li>\n\n\n\n<li><strong>Vagas:<\/strong> 78<\/li>\n\n\n\n<li><strong>Cargo<\/strong>: professor <\/li>\n\n\n\n<li><strong>Sal\u00e1rio inicial:<\/strong> R$ 4.826,20<\/li>\n\n\n\n<li><strong>Editais<\/strong>: <a href=\"https:\/\/dhg1h5j42swfq.cloudfront.net\/2023\/03\/17205931\/seducto.pdf\" target=\"_blank\" rel=\"noreferrer noopener nofollow\">SEDUC TO 2023<\/a><\/li>\n<\/ul>\n\n\n\n<div class=\"col-sm\">\n      <div class=\"banner-estrategia\" id=\"box-assinatura\">\n        <h3 class=\"titulo-assinatura\">Cursos para SEDUC TO<\/h3>\n        <p class=\"subtitulo-assinatura\">Conhe\u00e7a os cursos<\/p>\n        <div class=\"box-botao\">\n          <a class=\"btn-assinatura\" target=\"_blank\" href=\"https:\/\/www.estrategiaconcursos.com.br\/cursosPorConcurso\/secretaria-de-estado-da-educacao-de-tocantins-seduc-to\/\" role=\"button\" rel=\"noopener noreferrer\">Conhe\u00e7a mais<\/a>\n        <\/div>\n      <\/div>\n      <p class=\"texto-auxiliar\">Prepare-se com o melhor material e com quem mais aprova em Concursos P\u00fablicos em todo o pa\u00eds.<\/p>\n    <\/div>\n\n\n\n<ul class=\"wp-block-list\">\n<li><a href=\"#atual\"><strong>Situa\u00e7\u00e3o atual do concurso<\/strong><\/a>\n\n\n\n\n\n\n\n\n\n\n\n\n\n\n\n\n\n\n\n\n\n\n\n\n<ul class=\"wp-block-list\">\n<li><a href=\"#cargos\"><strong>Cargos e vagas<\/strong><\/a><\/li>\n<\/ul>\n\n\n\n<ul class=\"wp-block-list\">\n<li><a href=\"#etapas\"><strong>Etapas e provas<\/strong><\/a><\/li>\n<\/ul>\n<\/li>\n\n\n\n<li><a href=\"#carreira\"><strong>Carreira<\/strong><\/a>\n<ul class=\"wp-block-list\">\n<li><a href=\"#requisitos\"><strong>Requisitos <\/strong><\/a><\/li>\n\n\n\n<li><a href=\"#sal\u00e1rio\"><strong>Sal\u00e1rios e Benef\u00edcios<\/strong><\/a><\/li>\n\n\n\n<li><a href=\"#vagas\"><strong>N\u00famero de vagas do \u00faltimo concurso<\/strong><\/a><\/li>\n<\/ul>\n<\/li>\n\n\n\n<li><a href=\"#\u00faltimo-concurso\"><strong>\u00daltimo concurso SEDUC TO<\/strong><\/a><\/li>\n\n\n\n<li><a href=\"#provas\"><strong>Etapas de  provas<\/strong><\/a>\n<ul class=\"wp-block-list\">\n<li><a href=\"#objetiva\"><strong>Prova Objetiva<\/strong><\/a><\/li>\n\n\n\n<li><a href=\"#reda\u00e7\u00e3o\"><strong>Reda\u00e7\u00e3o<\/strong><\/a><\/li>\n\n\n\n<li><a href=\"#t\u00edtulo\"><strong>Avalia\u00e7\u00e3o de T\u00edtulos<\/strong><\/a><\/li>\n<\/ul>\n<\/li>\n\n\n\n<li><a href=\"#cursos\"><strong>Cursos<\/strong><\/a><\/li>\n\n\n\n<li><a href=\"#ficha\"><strong>Ficha T\u00e9cnica<\/strong><\/a><\/li>\n<\/ul>\n\n\n\n<h2 class=\"wp-block-heading\" id=\"atual\">Concurso SEDUC TO: Situa\u00e7\u00e3o atual <\/h2>\n\n\n\n<h3 class=\"wp-block-heading\" id=\"cargos\">Cargos e vagas<\/h3>\n\n\n\n<figure class=\"wp-block-table is-style-stripes\"><table><thead><tr><th class=\"has-text-align-center\" data-align=\"center\">CARGOS<\/th><th class=\"has-text-align-center\" data-align=\"center\">VAGAS<\/th><\/tr><\/thead><tbody><tr><td class=\"has-text-align-center\" data-align=\"center\">Professor Regente<\/td><td class=\"has-text-align-center\" data-align=\"center\">4.508<\/td><\/tr><tr><td class=\"has-text-align-center\" data-align=\"center\">Professor &#8211; Coordenador Pedag\u00f3gico<\/td><td class=\"has-text-align-center\" data-align=\"center\">249<\/td><\/tr><tr><td class=\"has-text-align-center\" data-align=\"center\">Professor &#8211; Orientador Educacional<\/td><td class=\"has-text-align-center\" data-align=\"center\">264<\/td><\/tr><tr><td class=\"has-text-align-center\" data-align=\"center\">Professor da Educa\u00e7\u00e3o B\u00e1sica <br \/>na Educa\u00e7\u00e3o Ind\u00edgena<\/td><td class=\"has-text-align-center\" data-align=\"center\">143<\/td><\/tr><\/tbody><\/table><\/figure>\n\n\n\n<p>As vagas atendem 137 munic\u00edpios do Estado, com exce\u00e7\u00e3o de Monte Santo e Chapada da Areia, que ainda n\u00e3o possuem escolas estaduais.<\/p>\n\n\n\n<h3 class=\"wp-block-heading\">Cargos e vagas ind\u00edgenas <\/h3>\n\n\n\n<figure class=\"wp-block-table is-style-stripes\"><table><thead><tr><th class=\"has-text-align-center\" data-align=\"center\">CARGOS<\/th><th class=\"has-text-align-center\" data-align=\"center\">VAGAS<\/th><\/tr><\/thead><tbody><tr><td class=\"has-text-align-center\" data-align=\"center\">Professor da Educa\u00e7\u00e3o B\u00e1sica &#8211; Coordenador Pedag\u00f3gico<\/td><td class=\"has-text-align-center\" data-align=\"center\">53<\/td><\/tr><tr><td class=\"has-text-align-center\" data-align=\"center\">Professor da Educa\u00e7\u00e3o B\u00e1sica &#8211; Orientador Educacional<\/td><td class=\"has-text-align-center\" data-align=\"center\">25<\/td><\/tr><\/tbody><\/table><\/figure>\n\n\n\n<h3 class=\"wp-block-heading\">Sal\u00e1rios<\/h3>\n\n\n\n<p>Segundo o edital, o vencimento inicial \u00e9 de <strong>R$ 4.826,20<\/strong> para as oportunidades distribu\u00eddas entre os cargos de professor regente, coordenador pedag\u00f3gico, orientador educacional e professor regente na educa\u00e7\u00e3o ind\u00edgena.<\/p>\n\n\n\n<p>No entanto, a estrutura remunerat\u00f3ria da Secretaria apresenta valores acima do apresentado no edital e com grandes possibilidades de progress\u00e3o na carreira. Veja:<\/p>\n\n\n\n<p><strong>Professor de Educa\u00e7\u00e3o B\u00e1sica I<\/strong><\/p>\n\n\n\n<figure class=\"wp-block-table is-style-stripes\"><table class=\"has-very-light-gray-to-cyan-bluish-gray-gradient-background has-background has-fixed-layout\"><thead><tr><th class=\"has-text-align-center\" data-align=\"center\">Refer\u00eancia<\/th><th class=\"has-text-align-center\" data-align=\"center\">Valor<\/th><\/tr><\/thead><tbody><tr><td class=\"has-text-align-center\" data-align=\"center\">A<\/td><td class=\"has-text-align-center\" data-align=\"center\">R$&nbsp;3.881,44<\/td><\/tr><tr><td class=\"has-text-align-center\" data-align=\"center\">B<\/td><td class=\"has-text-align-center\" data-align=\"center\">R$&nbsp;4.037,07<\/td><\/tr><tr><td class=\"has-text-align-center\" data-align=\"center\">C<\/td><td class=\"has-text-align-center\" data-align=\"center\">R$&nbsp;4.200,40<\/td><\/tr><tr><td class=\"has-text-align-center\" data-align=\"center\">D<\/td><td class=\"has-text-align-center\" data-align=\"center\">R$&nbsp;4.369,51<\/td><\/tr><tr><td class=\"has-text-align-center\" data-align=\"center\">E<\/td><td class=\"has-text-align-center\" data-align=\"center\">R$&nbsp;4.544,35<\/td><\/tr><tr><td class=\"has-text-align-center\" data-align=\"center\">F<\/td><td class=\"has-text-align-center\" data-align=\"center\">R$&nbsp;4.726,89<\/td><\/tr><tr><td class=\"has-text-align-center\" data-align=\"center\">G<\/td><td class=\"has-text-align-center\" data-align=\"center\">R$&nbsp;4.917,13<\/td><\/tr><tr><td class=\"has-text-align-center\" data-align=\"center\">H<\/td><td class=\"has-text-align-center\" data-align=\"center\">R$&nbsp;5.115,03<\/td><\/tr><tr><td class=\"has-text-align-center\" data-align=\"center\">I<\/td><td class=\"has-text-align-center\" data-align=\"center\">R$&nbsp;5.320,64<\/td><\/tr><tr><td class=\"has-text-align-center\" data-align=\"center\">J<\/td><td class=\"has-text-align-center\" data-align=\"center\">R$&nbsp;5.533,93<\/td><\/tr><\/tbody><\/table><figcaption class=\"wp-element-caption\">Concurso SEDUC TO: sal\u00e1rios<\/figcaption><\/figure>\n\n\n\n<p><strong>Professor de Educa\u00e7\u00e3o B\u00e1sica II<\/strong><\/p>\n\n\n\n<figure class=\"wp-block-table is-style-stripes\"><table class=\"has-very-light-gray-to-cyan-bluish-gray-gradient-background has-background has-fixed-layout\"><thead><tr><th class=\"has-text-align-center\" data-align=\"center\">Refer\u00eancia<\/th><th class=\"has-text-align-center\" data-align=\"center\">Valor<\/th><\/tr><\/thead><tbody><tr><td class=\"has-text-align-center\" data-align=\"center\">A<\/td><td class=\"has-text-align-center\" data-align=\"center\">R$&nbsp;4.200,40<\/td><\/tr><tr><td class=\"has-text-align-center\" data-align=\"center\">B<\/td><td class=\"has-text-align-center\" data-align=\"center\">R$&nbsp;4.369,51<\/td><\/tr><tr><td class=\"has-text-align-center\" data-align=\"center\">C<\/td><td class=\"has-text-align-center\" data-align=\"center\">R$&nbsp;4.544,35<\/td><\/tr><tr><td class=\"has-text-align-center\" data-align=\"center\">D<\/td><td class=\"has-text-align-center\" data-align=\"center\">R$&nbsp;4.726,89<\/td><\/tr><tr><td class=\"has-text-align-center\" data-align=\"center\">E<\/td><td class=\"has-text-align-center\" data-align=\"center\">R$&nbsp;4.917,13<\/td><\/tr><tr><td class=\"has-text-align-center\" data-align=\"center\">F<\/td><td class=\"has-text-align-center\" data-align=\"center\">R$&nbsp;5.115,03<\/td><\/tr><tr><td class=\"has-text-align-center\" data-align=\"center\">G<\/td><td class=\"has-text-align-center\" data-align=\"center\">R$&nbsp;5.320,64<\/td><\/tr><tr><td class=\"has-text-align-center\" data-align=\"center\">H<\/td><td class=\"has-text-align-center\" data-align=\"center\">R$&nbsp;5.533,93<\/td><\/tr><tr><td class=\"has-text-align-center\" data-align=\"center\">I<\/td><td class=\"has-text-align-center\" data-align=\"center\">R$&nbsp;5.756,83<\/td><\/tr><tr><td class=\"has-text-align-center\" data-align=\"center\">J<\/td><td class=\"has-text-align-center\" data-align=\"center\">R$&nbsp;5.987,40<\/td><\/tr><\/tbody><\/table><figcaption class=\"wp-element-caption\">Concurso SEDUC TO: sal\u00e1rios<\/figcaption><\/figure>\n\n\n\n<p><strong>Professor de Educa\u00e7\u00e3o B\u00e1sica III<\/strong><\/p>\n\n\n\n<figure class=\"wp-block-table is-style-stripes\"><table class=\"has-very-light-gray-to-cyan-bluish-gray-gradient-background has-background has-fixed-layout\"><thead><tr><th class=\"has-text-align-center\" data-align=\"center\">Refer\u00eancia<\/th><th class=\"has-text-align-center\" data-align=\"center\">Valor<\/th><\/tr><\/thead><tbody><tr><td class=\"has-text-align-center\" data-align=\"center\">A<\/td><td class=\"has-text-align-center\" data-align=\"center\">R$&nbsp;4.544,35<\/td><\/tr><tr><td class=\"has-text-align-center\" data-align=\"center\">B<\/td><td class=\"has-text-align-center\" data-align=\"center\">R$&nbsp;4.726,89<\/td><\/tr><tr><td class=\"has-text-align-center\" data-align=\"center\">C<\/td><td class=\"has-text-align-center\" data-align=\"center\">R$&nbsp;4.917,13<\/td><\/tr><tr><td class=\"has-text-align-center\" data-align=\"center\">D<\/td><td class=\"has-text-align-center\" data-align=\"center\">R$&nbsp;5.115,03<\/td><\/tr><tr><td class=\"has-text-align-center\" data-align=\"center\">E<\/td><td class=\"has-text-align-center\" data-align=\"center\">R$&nbsp;5.320,64<\/td><\/tr><tr><td class=\"has-text-align-center\" data-align=\"center\">F<\/td><td class=\"has-text-align-center\" data-align=\"center\">R$&nbsp;5.533,93<\/td><\/tr><tr><td class=\"has-text-align-center\" data-align=\"center\">G<\/td><td class=\"has-text-align-center\" data-align=\"center\">R$&nbsp;5.756,83<\/td><\/tr><tr><td class=\"has-text-align-center\" data-align=\"center\">H<\/td><td class=\"has-text-align-center\" data-align=\"center\">R$&nbsp;5.987,40<\/td><\/tr><tr><td class=\"has-text-align-center\" data-align=\"center\">I<\/td><td class=\"has-text-align-center\" data-align=\"center\">R$&nbsp;6.227,58<\/td><\/tr><tr><td class=\"has-text-align-center\" data-align=\"center\">J<\/td><td class=\"has-text-align-center\" data-align=\"center\">R$&nbsp;6.477,38<\/td><\/tr><\/tbody><\/table><figcaption class=\"wp-element-caption\">Concurso SEDUC TO: remunera\u00e7\u00e3o <\/figcaption><\/figure>\n\n\n\n<p><strong>Professor de Educa\u00e7\u00e3o B\u00e1sica IV<\/strong><\/p>\n\n\n\n<figure class=\"wp-block-table is-style-stripes\"><table class=\"has-very-light-gray-to-cyan-bluish-gray-gradient-background has-background has-fixed-layout\"><thead><tr><th class=\"has-text-align-center\" data-align=\"center\">Refer\u00eancia<\/th><th class=\"has-text-align-center\" data-align=\"center\">Valor<\/th><\/tr><\/thead><tbody><tr><td class=\"has-text-align-center\" data-align=\"center\">A<\/td><td class=\"has-text-align-center\" data-align=\"center\">R$&nbsp;4.917,13<\/td><\/tr><tr><td class=\"has-text-align-center\" data-align=\"center\">B<\/td><td class=\"has-text-align-center\" data-align=\"center\">R$&nbsp;5.115,03<\/td><\/tr><tr><td class=\"has-text-align-center\" data-align=\"center\">C<\/td><td class=\"has-text-align-center\" data-align=\"center\">R$&nbsp;5.320,64<\/td><\/tr><tr><td class=\"has-text-align-center\" data-align=\"center\">D<\/td><td class=\"has-text-align-center\" data-align=\"center\">R$&nbsp;5.533,93<\/td><\/tr><tr><td class=\"has-text-align-center\" data-align=\"center\">E<\/td><td class=\"has-text-align-center\" data-align=\"center\">R$&nbsp;5.756,83<\/td><\/tr><tr><td class=\"has-text-align-center\" data-align=\"center\">F<\/td><td class=\"has-text-align-center\" data-align=\"center\">R$&nbsp;5.987,40<\/td><\/tr><tr><td class=\"has-text-align-center\" data-align=\"center\">G<\/td><td class=\"has-text-align-center\" data-align=\"center\">R$&nbsp;6.227,58<\/td><\/tr><tr><td class=\"has-text-align-center\" data-align=\"center\">H<\/td><td class=\"has-text-align-center\" data-align=\"center\">R$&nbsp;6.477,38<\/td><\/tr><tr><td class=\"has-text-align-center\" data-align=\"center\">I<\/td><td class=\"has-text-align-center\" data-align=\"center\">R$&nbsp;6.736,79<\/td><\/tr><tr><td class=\"has-text-align-center\" data-align=\"center\">J<\/td><td class=\"has-text-align-center\" data-align=\"center\">R$&nbsp;7.007,72<\/td><\/tr><\/tbody><\/table><figcaption class=\"wp-element-caption\">Concurso SEDUC TO: remunera\u00e7\u00e3o <\/figcaption><\/figure>\n\n\n\n<p><a href=\"https:\/\/www.estrategiaconcursos.com.br\/blog\/concurso-seduc-to-salarios\/\" target=\"_blank\" rel=\"noreferrer noopener\">Veja aqui detalhes do contracheque de servidores efetivos da Seduc TO!<\/a><\/p>\n\n\n\n<h3 class=\"wp-block-heading\" id=\"mp\">Etapas e provas<\/h3>\n\n\n\n<p>O concurso SEDUC TO foi realizado mediante aplica\u00e7\u00e3o das seguintes etapas abaixo:<\/p>\n\n\n\n<ul class=\"wp-block-list\">\n<li><strong>Prova objetiva<\/strong>, de car\u00e1ter eliminat\u00f3rio e classificat\u00f3rio;<\/li>\n\n\n\n<li><strong>Prova discursiva<\/strong>, de car\u00e1ter eliminat\u00f3rio e classificat\u00f3rio; e<\/li>\n\n\n\n<li><strong>Prova de t\u00edtulos<\/strong>, de car\u00e1ter classificat\u00f3rio.<\/li>\n<\/ul>\n\n\n\n<p>As provas foram realizadas em sete munic\u00edpios tocantinenses, sendo: Aragua\u00edna, Araguatins, Arraias, Gurupi, Miracema do Tocantins, Palmas e Para\u00edso do Tocantins.<\/p>\n\n\n\n<h4 class=\"wp-block-heading\">Provas Objetivas<\/h4>\n\n\n\n<p>A Prova Objetiva foi composta por 60 quest\u00f5es de m\u00faltipla escolha, com 5 alternativas e apenas uma considerada a correta.<\/p>\n\n\n\n<p>Do total de quest\u00f5es, a divis\u00e3o se deu da seguinte forma: 20 de Conhecimentos B\u00e1sicos e 40 de Conhecimentos Espec\u00edficos, com as seguintes disciplinas:<\/p>\n\n\n\n<ul class=\"wp-block-list\">\n<li>L\u00edngua Portuguesa &#8211; 6 quest\u00f5es;<\/li>\n\n\n\n<li>Metodologia de Ensino e Legisla\u00e7\u00e3o Educacional &#8211; 8 quest\u00f5es;<\/li>\n\n\n\n<li>Hist\u00f3ria e Geografia do Tocantins: 3 quest\u00f5es;<\/li>\n\n\n\n<li>Matem\u00e1tica &#8211; 3 quest\u00f5es; e<\/li>\n\n\n\n<li>Conhecimentos Espec\u00edficos &#8211; 40 quest\u00f5es.<\/li>\n<\/ul>\n\n\n\n<h4 class=\"wp-block-heading\">Provas Discursivas<\/h4>\n\n\n\n<p><strong><span style=\"text-decoration: underline;\">Professor de Educa\u00e7\u00e3o B\u00e1sica<\/span><\/strong><\/p>\n\n\n\n<p>A prova discursiva do concurso SEDUC TO constou de 1 (uma) Reda\u00e7\u00e3o, que valer\u00e1 o total de 30 (trinta) pontos.<\/p>\n\n\n\n<p>A Reda\u00e7\u00e3o teve que ser redigida em g\u00eanero dissertativo argumentativo, com n\u00famero m\u00ednimo de 20 (vinte) e m\u00e1ximo de 30 (trinta) linhas.<\/p>\n\n\n\n<h4 class=\"wp-block-heading\">Avalia\u00e7\u00e3o de T\u00edtulos<\/h4>\n\n\n\n<p>Os candidatos aprovados na Prova Objetiva foram convocados para envio dos t\u00edtulos. No entanto, s\u00f3 foram analisados os t\u00edtulos dos candidatos aprovados na prova de Reda\u00e7\u00e3o.<\/p>\n\n\n\n<p>Al\u00e9m disso, foi \u00f4nus do candidato produzir prova documental id\u00f4nea de cada t\u00edtulo, n\u00e3o se admitindo a concess\u00e3o de dila\u00e7\u00e3o de prazo para esse fim.<\/p>\n\n\n\n<p>Essa avalia\u00e7\u00e3o valeu, no m\u00e1ximo, 4 pontos, ainda que a soma dos valores dos t\u00edtulos apresentados pudesse superar esse valor.<\/p>\n\n\n\n<h3 class=\"wp-block-heading\">Etapas e provas ind\u00edgenas <\/h3>\n\n\n\n<p>A sele\u00e7\u00e3o dos candidatos inscritos no edital SEDUC TO se deu mediante aplica\u00e7\u00e3o das seguintes etapas:<\/p>\n\n\n\n<ul class=\"wp-block-list\">\n<li>Prova objetiva \u2013 eliminat\u00f3rio e classificat\u00f3rio;<\/li>\n\n\n\n<li>Prova discursiva \u2013 eliminat\u00f3rio e classificat\u00f3rio;<\/li>\n\n\n\n<li>Prova de t\u00edtulos \u2013 classificat\u00f3rio.<\/li>\n<\/ul>\n\n\n\n<p>A Prova Objetiva de m\u00faltipla escolha e a Prova Escrita Discursiva, ambas de car\u00e1ter eliminat\u00f3rio e classificat\u00f3rio, para o cargo de Professor da Educa\u00e7\u00e3o B\u00e1sica, foram realizadas em Aragua\u00edna,<br \/>Araguatins, Gurupi, Miracema do Tocantins e Para\u00edso do Tocantins, Palmas e Arraias, em 11 de junho de 2023. <\/p>\n\n\n\n<h4 class=\"wp-block-heading\" id=\"objetiva\">Provas Objetivas<\/h4>\n\n\n\n<p>Para o cargo de Professor da Educa\u00e7\u00e3o B\u00e1sica, para o exerc\u00edcio da fun\u00e7\u00e3o de Coordenador Pedag\u00f3gico e Orientador Educacional Educa\u00e7\u00e3o Ind\u00edgena, a Prova Objetiva foi composta por 60 (sessenta) quest\u00f5es de m\u00faltipla escolha, numeradas sequencialmente, com 05 (cinco) alternativas e apenas uma resposta correta.<\/p>\n\n\n\n<p>Cada quest\u00e3o de m\u00faltipla escolha valeu 1 ponto, sendo 60 (sessenta) a pontua\u00e7\u00e3o m\u00e1xima obtida na Prova Objetiva. Foram aplicadas 60 (sessenta) quest\u00f5es objetivas, sendo 20 (vinte) de Conhecimentos B\u00e1sicos e 40 (quarenta) de Conhecimentos Espec\u00edficos.<\/p>\n\n\n\n<h4 class=\"wp-block-heading\" id=\"h-prova-discursiva\">Prova Discursiva<\/h4>\n\n\n\n<p>A Prova Escrita Discursiva para o cargo de Professor da Educa\u00e7\u00e3o B\u00e1sica, para o exerc\u00edcio da fun\u00e7\u00e3o de Coordenador Pedag\u00f3gico e Orientador Educacional &#8211; Educa\u00e7\u00e3o Ind\u00edgena constou de 1 (uma) Reda\u00e7\u00e3o,<br \/>que valer\u00e1 30 (trinta) pontos.<\/p>\n\n\n\n<p>A Reda\u00e7\u00e3o teve que ser redigida em g\u00eanero dissertativo argumentativo, com n\u00famero m\u00ednimo de 20 (vinte) e m\u00e1ximo de 30 (trinta) linhas.<\/p>\n\n\n\n<h4 class=\"wp-block-heading\" id=\"titulos\">Avalia\u00e7\u00e3o de T\u00edtulos<\/h4>\n\n\n\n<p>Os candidatos aprovados na Prova Objetiva foram convocados para envio dos t\u00edtulos. No entanto, s\u00f3 foram analisados os t\u00edtulos dos candidatos aprovados na prova de Reda\u00e7\u00e3o.<\/p>\n\n\n\n<p>Foi \u00f4nus do candidato produzir prova documental id\u00f4nea de cada t\u00edtulo, n\u00e3o se admitindo a concess\u00e3o de dila\u00e7\u00e3o de prazo para esse fim.<\/p>\n\n\n\n<p>Essa avalia\u00e7\u00e3o valeu, no m\u00e1ximo, 4 (quatro) pontos, ainda que a soma dos valores dos t\u00edtulos apresentados pudesse superar esse valor.<\/p>\n\n\n\n<h2 class=\"wp-block-heading\" id=\"carreira\">Carreira na SEDUC TO<\/h2>\n\n\n\n<h3 class=\"wp-block-heading\" id=\"requisitos\">Requisitos<\/h3>\n\n\n\n<p>O cargo tinha como requisito m\u00ednimo a forma\u00e7\u00e3o em n\u00edvel superior. No entanto, cada \u00e1rea exigia uma forma\u00e7\u00e3o espec\u00edfica. Confira abaixo todos os requisitos, juntamente com as \u00e1reas de atua\u00e7\u00e3o:<\/p>\n\n\n\n<p><strong>Concurso SEDUC TO &#8211;<\/strong> <strong>Especialidade:<\/strong> Professor de Arte<br \/><strong>\u00c1rea de atua\u00e7\u00e3o:<\/strong> Ensino Fundamental 6\u00ba ao 9\u00ba ano, Ensino M\u00e9dio e respectivas modalidades.<br \/><strong>Requisitos:<\/strong> Licenciatura Plena em Educa\u00e7\u00e3o Art\u00edstica ou \u00e1rea afim, com Forma\u00e7\u00e3o Pedag\u00f3gica para Docentes, em conformidade com a Resolu\u00e7\u00e3o CNE n\u00ba 2\/97.<\/p>\n\n\n\n<p><strong>Concurso SEDUC TO &#8211; Especialidade:<\/strong> Professor de Biologia<br \/><strong>\u00c1rea de atua\u00e7\u00e3o:<\/strong> Ensino Fundamental 6\u00ba ao 9\u00ba ano, Ensino M\u00e9dio e respectivas modalidades. <br \/><strong>Requisitos:<\/strong> Diploma, devidamente registrado, de conclus\u00e3o de curso de licenciatura plena em Biologia ou de licenciatura plena em Ci\u00eancias F\u00edsicas e Biol\u00f3gicas ou de licenciatura plena em Hist\u00f3ria Natural ou bacharelado com Forma\u00e7\u00e3o Pedag\u00f3gica para Docentes em Biologia, em conformidade a com Resolu\u00e7\u00e3o CNE n\u00ba 2\/97. <\/p>\n\n\n\n<p><strong>Concurso SEDUC TO &#8211;<\/strong> <strong>Especialidade:<\/strong> Professor de Educa\u00e7\u00e3o F\u00edsica<br \/><strong>\u00c1rea de atua\u00e7\u00e3o:<\/strong> Diploma, devidamente registrado, de conclus\u00e3o de curso de licenciatura plena em Educa\u00e7\u00e3o F\u00edsica. <br \/><strong>Requisitos:<\/strong> Ensino Fundamental 6\u00ba ao 9\u00ba ano, Ensino M\u00e9dio e respectivas modalidades. <\/p>\n\n\n\n<p><strong>Concurso SEDUC TO &#8211;<\/strong> <strong>Especialidade:<\/strong> Professor de Filosofia<br \/><strong>\u00c1rea de atua\u00e7\u00e3o:<\/strong> Ensino M\u00e9dio e respectivas modalidades. <br \/><strong>Requisitos:<\/strong> Diploma, devidamente registrado, de conclus\u00e3o de curso de licenciatura plena em Filosofia ou Bacharelado com Forma\u00e7\u00e3o Pedag\u00f3gica para Docentes em Filosofia, em conformidade com a Resolu\u00e7\u00e3o CNE n\u00ba 2\/97. <\/p>\n\n\n\n<p><strong>Concurso SEDUC TO &#8211;<\/strong> <strong>Especialidade:<\/strong> Professor de F\u00edsica<br \/><strong>\u00c1rea de atua\u00e7\u00e3o:<\/strong> Ensino M\u00e9dio e respectivas modalidades. <br \/><strong>Requisitos:<\/strong> Diploma, devidamente registrado, de conclus\u00e3o de curso de Licenciatura Plena em F\u00edsica ou Licenciatura em Ci\u00eancias, com habilita\u00e7\u00e3o em F\u00edsica, ou Bacharelado com Forma\u00e7\u00e3o Pedag\u00f3gica para Docentes em F\u00edsica, em conformidade com a Resolu\u00e7\u00e3o CNE n\u00ba 2\/97. <\/p>\n\n\n\n<p><strong>Concurso SEDUC TO &#8211;<\/strong> <strong>Especialidade:<\/strong> Professor de Geografia<br \/><strong>\u00c1rea de atua\u00e7\u00e3o:<\/strong> Ensino M\u00e9dio e respectivas modalidades. <br \/><strong>Requisitos:<\/strong> Diploma, devidamente registrado, de conclus\u00e3o de curso de licenciatura plena em Geografia ou Estudos Sociais com habilita\u00e7\u00e3o em Geografia ou Bacharelado com Forma\u00e7\u00e3o Pedag\u00f3gica para Docentes em Geografia, em conformidade com a Resolu\u00e7\u00e3o CNE n\u00ba 2\/97. <\/p>\n\n\n\n<p><strong>Concurso SEDUC TO &#8211;<\/strong> <strong>Especialidade:<\/strong> Professor de Hist\u00f3ria<br \/><strong>\u00c1rea de atua\u00e7\u00e3o:<\/strong> Ensino Fundamental 6\u00ba ao 9\u00ba ano, Ensino M\u00e9dio e respectivas modalidades. <br \/><strong>Requisitos:<\/strong> Diploma, devidamente registrado, de conclus\u00e3o de curso de licenciatura plena em Hist\u00f3ria ou Estudos Sociais ou Filosofia com habilita\u00e7\u00e3o em Hist\u00f3ria ou Bacharelado com Forma\u00e7\u00e3o Pedag\u00f3gica para Docentes em Hist\u00f3ria, em conformidade com a Resolu\u00e7\u00e3o CNE n\u00ba 2\/97. <\/p>\n\n\n\n<p><strong>Concurso SEDUC TO &#8211;<\/strong> <strong>Especialidade:<\/strong> Professor de L\u00edngua Estrangeira &#8211; Espanhol<br \/><strong>\u00c1rea de atua\u00e7\u00e3o:<\/strong> Ensino M\u00e9dio e respectivas modalidades. <br \/><strong>Requisitos:<\/strong> Diploma, devidamente registrado, de conclus\u00e3o de curso de Licenciatura Plena em Letras (Espanhol), com habilita\u00e7\u00e3o em L\u00edngua Espanhola e Literatura. <\/p>\n\n\n\n<p><strong>Concurso SEDUC TO &#8211;<\/strong> <strong>Especialidade:<\/strong> Professor de L\u00edngua Estrangera &#8211; Ingl\u00eas<br \/><strong>\u00c1rea de atua\u00e7\u00e3o:<\/strong> Ensino M\u00e9dio e respectivas modalidades. <br \/><strong>Requisitos:<\/strong> Diploma, devidamente registrado, de conclus\u00e3o de curso de Licenciatura Plena em Letras (Ingl\u00eas), com habilita\u00e7\u00e3o em L\u00edngua Inglesa e Literatura. <\/p>\n\n\n\n<p><strong>Concurso SEDUC TO &#8211; Especialidade:<\/strong> Professor de L\u00edngua Portuguesa<br \/><strong>\u00c1rea de atua\u00e7\u00e3o:<\/strong> Ensino Fundamental 6\u00ba ao 9\u00ba ano, Ensino M\u00e9dio e respectivas modalidades. <br \/><strong>Requisitos:<\/strong> Diploma, devidamente registrado, de conclus\u00e3o de curso de licenciatura plena em Letras, com habilita\u00e7\u00e3o em L\u00edngua Portuguesa. <\/p>\n\n\n\n<p><strong>Concurso SEDUC TO &#8211;<\/strong> <strong>Especialidade:<\/strong> Professor de Matem\u00e1tica<br \/><strong>\u00c1rea de atua\u00e7\u00e3o:<\/strong> Ensino Fundamental 6\u00ba ao 9\u00ba ano, Ensino M\u00e9dio e respectivas modalidades. <br \/><strong>Requisitos:<\/strong> Diploma, devidamente registrado, de conclus\u00e3o de curso de licenciatura plena em Matem\u00e1tica ou licenciatura plena em F\u00edsica, com habilita\u00e7\u00e3o em Matem\u00e1tica ou licenciatura plena em Ci\u00eancias F\u00edsicas e Biol\u00f3gicas, com habilita\u00e7\u00e3o em Matem\u00e1tica ou licenciatura plena em Qu\u00edmica, com habilita\u00e7\u00e3o em Matem\u00e1tica.<\/p>\n\n\n\n<p><strong>Concurso SEDUC TO &#8211;<\/strong> <strong>Especialidade:<\/strong> Professor de Qu\u00edmica<br \/><strong>\u00c1rea de atua\u00e7\u00e3o:<\/strong> Ensino M\u00e9dio e respectivas modalidades. <br \/><strong>Requisitos:<\/strong> Diploma, devidamente registrado, de conclus\u00e3o de curso de Licenciatura Plena em Qu\u00edmica ou Licenciatura em Ci\u00eancias, com habilita\u00e7\u00e3o em Qu\u00edmica ou Bacharelado com Forma\u00e7\u00e3o Pedag\u00f3gica para Docentes em Qu\u00edmica, em conformidade com a Resolu\u00e7\u00e3o CNE n\u00ba 2\/97. <\/p>\n\n\n\n<p><strong>Concurso SEDUC TO &#8211; Especialidade:<\/strong> Professor de Sociologia<br \/><strong>\u00c1rea de atua\u00e7\u00e3o:<\/strong> Ensino M\u00e9dio e respectivas modalidades. <br \/><strong>Requisitos:<\/strong> Diploma, devidamente registrado, de conclus\u00e3o de curso de licenciatura plena em Sociologia ou licenciatura plena em Ci\u00eancias Sociais, com habilita\u00e7\u00e3o em Sociologia ou Bacharelado com Forma\u00e7\u00e3o Pedag\u00f3gica para Docentes em Sociologia, em conformidade com a Resolu\u00e7\u00e3o CNE n\u00ba 2\/97. <\/p>\n\n\n\n<p><strong>Concurso SEDUC TO &#8211;<\/strong> <strong>Especialidade<\/strong>: Professor dos anos iniciais do ensino fundamental<br \/><strong>\u00c1rea de atua\u00e7\u00e3o:<\/strong> Ensino Fundamental 1\u00ba ao 5\u00ba ano e respectivas modalidades. <br \/><strong>Requisitos:<\/strong> Diploma, devidamente registrado, de conclus\u00e3o de curso de licenciatura plena em Pedagogia com habilita\u00e7\u00e3o em Magist\u00e9rio para os anos iniciais do ensino fundamental ou Normal Superior.  <\/p>\n\n\n\n<p><strong>Concurso SEDUC TO &#8211;<\/strong> <strong>Especialidade:<\/strong> Professor Instrutor de Libras<br \/><strong>\u00c1rea de atua\u00e7\u00e3o:<\/strong> Ensino Fundamental, Ensino M\u00e9dio e respectivas modalidades. <br \/><strong>Requisitos:<\/strong> Diploma, devidamente registrado, de conclus\u00e3o de curso de Licenciatura Plena em qualquer \u00e1rea da Educa\u00e7\u00e3o, com os seguintes requisitos: cursos espec\u00edficos ministrados por institui\u00e7\u00f5es reconhecidas; aprova\u00e7\u00e3o no Exame de Profici\u00eancia para Interpreta\u00e7\u00e3o em LIBRAS, do MEC (PROLIBRAS). <\/p>\n\n\n\n<p><strong>Concurso SEDUC TO &#8211;<\/strong> <strong>Especialidade:<\/strong> Professor Int\u00e9rprete de Libras<br \/><strong>\u00c1rea de atua\u00e7\u00e3o:<\/strong> Ensino Fundamental, Ensino M\u00e9dio e respectivas modalidades. <br \/><strong>Requisitos:<\/strong> Diploma, devidamente registrado, de conclus\u00e3o de curso de Licenciatura Plena em qualquer \u00e1rea da Educa\u00e7\u00e3o com os seguintes requisitos: cursos espec\u00edficos ministrados por institui\u00e7\u00f5es reconhecidas; aprova\u00e7\u00e3o no Exame de Profici\u00eancia para Interpreta\u00e7\u00e3o em LIBRAS do MEC (PROLIBRAS). <\/p>\n\n\n\n<h3 class=\"wp-block-heading\" id=\"salarios-e-beneficios\">Sal\u00e1rios e benef\u00edcios<\/h3>\n\n\n\n<p>As remunera\u00e7\u00f5es foram divididas por especialidades e de acordo com a \u00e1rea de atua\u00e7\u00e3o, como voc\u00ea pode conferir abaixo:<\/p>\n\n\n\n<p>Cargos com atua\u00e7\u00e3o no 6\u00ba ao 9\u00ba ano do Ensino Fundamental e no Ensino M\u00e9dio e suas respectivas modalidades: <strong>R$1.090,80 &#8211; 20 horas semanais<\/strong><\/p>\n\n\n\n<p>Cargos com atua\u00e7\u00e3o no 1\u00ba ao 5\u00ba ano do Ensino Fundamental e respectivas modalidades: <strong>R$1.636,20 &#8211; 30 horas semanais<\/strong><\/p>\n\n\n\n<p id=\"sal\u00e1rio\">Caso houvesse a necessidade de altera\u00e7\u00e3o na jornada de trabalho, o servidor seria remunerado de acordo com o n\u00famero de horas a mais que foram cumpridas, tendo como limite uma jornada de <strong>40 horas semanais<\/strong> e sal\u00e1rio de<strong> R$2.181,60<\/strong>. <\/p>\n\n\n\n<h3 class=\"wp-block-heading\" id=\"vagas\">N\u00famero de vagas do \u00faltimo concurso<\/h3>\n\n\n\n<p>Confira abaixo o quantitativo de vagas referente \u00e0 cada especialidade:<\/p>\n\n\n\n<ul class=\"wp-block-list\">\n<li><strong>Professor de Arte:<\/strong> 171 vagas<\/li>\n\n\n\n<li><strong>Professor de Biologia:<\/strong> 147 vagas<\/li>\n\n\n\n<li><strong>Professor de Educa\u00e7\u00e3o F\u00edsica:<\/strong> 204 vagas<\/li>\n\n\n\n<li><strong>Professor de F\u00edsica:<\/strong> 76 vagas<\/li>\n\n\n\n<li><strong>Professor de Filosofia:<\/strong> 9 vagas<\/li>\n\n\n\n<li><strong>Professor de Geografia: <\/strong>120 vagas<\/li>\n\n\n\n<li><strong>Professor de Hist\u00f3ria:<\/strong> 99 vagas<\/li>\n\n\n\n<li><strong>Professor de Espanhol<\/strong>: 12 vagas<\/li>\n\n\n\n<li><strong>Professor de Ingl\u00eas:<\/strong> 127 vagas<\/li>\n\n\n\n<li><strong>Professor de Matem\u00e1tica:<\/strong> 266 vagas<\/li>\n\n\n\n<li><strong>Professor de Qu\u00edmica: <\/strong>64 vagas<\/li>\n\n\n\n<li><strong>Professor de Sociologia:<\/strong> 12 vagas<\/li>\n\n\n\n<li><strong>Professor dos anos iniciais do ensino fundamental:<\/strong> 421 vagas<\/li>\n\n\n\n<li><strong>Professor instrutor de libras: <\/strong>19 vagas<\/li>\n\n\n\n<li><strong>Professor int\u00e9rprete de libras<\/strong>: 66 vagas<\/li>\n<\/ul>\n\n\n\n<h2 class=\"wp-block-heading\" id=\"\u00faltimo-concurso\">\u00daltimo concurso SEDUC TO<\/h2>\n\n\n\n<p>O \u00faltimo concurso SEDUC TO promovido pela Secretaria de Educa\u00e7\u00e3o de Tocantins aconteceu no ano de 2009. Na ocasi\u00e3o, foram ofertadas 1.823 vagas para o cargo de Professor da Educa\u00e7\u00e3o B\u00e1sica, que contou com diversas especialidades.<\/p>\n\n\n\n<h2 class=\"wp-block-heading\" id=\"provas\">Concurso SEDUC TO: Etapas de Provas<\/h2>\n\n\n\n<p>O concurso foi dividido em tr\u00eas etapas de avalia\u00e7\u00e3o. A primeira era composta por uma prova objetiva de 50 quest\u00f5es, cada uma com cinco alternativas poss\u00edveis. As disciplinas cobradas foram:<\/p>\n\n\n\n<h3 class=\"wp-block-heading\" id=\"objetiva\">Prova Objetiva<\/h3>\n\n\n\n<ul class=\"wp-block-list\">\n<li><strong>L\u00edngua Portuguesa<\/strong> &#8211; 10 quest\u00f5es; <\/li>\n\n\n\n<li><strong>Conhecimentos Gerais<\/strong> &#8211; 10 quest\u00f5es;<\/li>\n\n\n\n<li><strong>Conhecimentos Espec\u00edficos<\/strong> &#8211; 30 quest\u00f5es.<\/li>\n<\/ul>\n\n\n\n<h3 class=\"wp-block-heading\" id=\"reda\u00e7\u00e3o\">Reda\u00e7\u00e3o<\/h3>\n\n\n\n<p>A segunda etapa foi composta por uma prova de reda\u00e7\u00e3o de no m\u00ednimo 30 linhas e no m\u00e1ximo 35 linhas no valor m\u00e1ximo de 50 pontos. Foram avaliados os elementos de Linguagem, Estrutura\u00e7\u00e3o dos par\u00e1grafos e Coes\u00e3o Textual.<\/p>\n\n\n\n<h3 class=\"wp-block-heading\" id=\"t\u00edtulo\">Avalia\u00e7\u00e3o de T\u00edtulos<\/h3>\n\n\n\n<p> A terceira etapa foi composta por uma avalia\u00e7\u00e3o de t\u00edtulos, que teve sua pontua\u00e7\u00e3o organizada da seguinte maneira:<\/p>\n\n\n\n<ul class=\"wp-block-list\">\n<li>Diploma registrado ou certificado\/declara\u00e7\u00e3o de conclus\u00e3o de curso de doutorado, na \u00e1rea espec\u00edfica da educa\u00e7\u00e3o, acompanhado do hist\u00f3rico escolar &#8211; Valor M\u00e1ximo 3,0 pontos<\/li>\n<\/ul>\n\n\n\n<ul class=\"wp-block-list\">\n<li>Diploma registrado ou certificado\/declara\u00e7\u00e3o de conclus\u00e3o de mestrado, na \u00e1rea espec\u00edfica da educa\u00e7\u00e3o, acompanhado do hist\u00f3rico escolar &#8211; Valor m\u00e1ximo: 2,0 pontos<\/li>\n<\/ul>\n\n\n\n<ul class=\"wp-block-list\">\n<li>Certificado ou declara\u00e7\u00e3o de conclus\u00e3o de curso de p\u00f3s-gradua\u00e7\u00e3o, na \u00e1rea espec\u00edfica da educa\u00e7\u00e3o, com carga hor\u00e1ria m\u00ednima de 360 horas, acompanhado do hist\u00f3rico escolar &#8211; Valor m\u00e1ximo: 1 ponto<\/li>\n\n\n\n<li>Exerc\u00edcio de atividade profissional exclusivamente na doc\u00eancia em sala de aula na Administra\u00e7\u00e3o P\u00fablica ou na iniciativa privada, em cargo de professor &#8211; Valor m\u00e1ximo 2 pontos<\/li>\n<\/ul>\n\n\n\n<h2 class=\"wp-block-heading has-text-align-center\" id=\"h-quer-saber-tudo-sobre-concursos-previstos-confira-nossos-artigos\">Quer saber tudo sobre concursos previstos?<br \/>Confira nossos artigos!<\/h2>\n\n\n\n<ul class=\"wp-block-list\">\n<li><a href=\"https:\/\/www.estrategiaconcursos.com.br\/blog\/concursos-abertos\/\" target=\"_blank\" rel=\"noreferrer noopener\">Concursos abertos<\/a><\/li>\n\n\n\n<li><a href=\"https:\/\/www.estrategiaconcursos.com.br\/blog\/concursos-educacao-2022\/\" target=\"_blank\" rel=\"noreferrer noopener\">Concursos educa\u00e7\u00e3o<\/a><\/li>\n\n\n\n<li><a href=\"https:\/\/www.estrategiaconcursos.com.br\/blog\/concursos-2026\/\">Concursos 2026<\/a><\/li>\n<\/ul>\n\n\n\n<h2 class=\"wp-block-heading has-text-align-center\" id=\"cursos\"><strong><em>Quer estudar para o Concurso SEDUC TO?<\/em><\/strong><\/h2>\n\n\n\n<p class=\"has-text-align-center\"><em>Gostou desta oportunidade e deseja come\u00e7ar se preparar agora mesmo? Ent\u00e3o, confira os nossos cursos e comece a estudar:<\/em><\/p>\n\n\n\n<div class=\"col-sm\">\n      <div class=\"banner-estrategia\" id=\"box-assinatura\">\n        <h3 class=\"titulo-assinatura\">Cursos para SEDUC TO<\/h3>\n        <p class=\"subtitulo-assinatura\">Conhe\u00e7a os cursos<\/p>\n        <div class=\"box-botao\">\n          <a class=\"btn-assinatura\" target=\"_blank\" href=\"https:\/\/www.estrategiaconcursos.com.br\/cursosPorConcurso\/secretaria-de-estado-da-educacao-de-tocantins-seduc-to\/\" role=\"button\" rel=\"noopener noreferrer\">Conhe\u00e7a mais<\/a>\n        <\/div>\n      <\/div>\n      <p class=\"texto-auxiliar\">Prepare-se com o melhor material e com quem mais aprova em Concursos P\u00fablicos em todo o pa\u00eds.<\/p>\n    <\/div>\n\n\n\n<div class=\"container\" id=\"boxes\">\n  <div class=\"row\">\n\n    <div class=\"col-sm\">\n      <div class=\"estrategia\" id=\"box-assinatura\">\n        <h3 class=\"titulo-assinatura\">Assinatura Concursos<\/h3>\n        <p class=\"subtitulo-assinatura\">Assinatura de 1 ano ou 2 anos<\/p>\n        <div class=\"box-botao\">\n          <a class=\"btn-assinatura\" target=\"_blank\" href=\"https:\/\/www.estrategiaconcursos.com.br\/assinaturas\/\" role=\"button\" rel=\"noopener noreferrer\">ASSINE AGORA<\/a>\n        <\/div>\n      <\/div>\n     \n    <\/div><\/div><\/div>\n\n\n\n<figure class=\"wp-block-image size-large is-resized\"><img loading=\"lazy\" decoding=\"async\" width=\"1024\" height=\"632\" src=\"https:\/\/dhg1h5j42swfq.cloudfront.net\/2021\/04\/05171352\/ficha-tecnica-33-1024x632.png\" alt=\"concurso SEDUC TO ficha t\u00e9cnica\" class=\"wp-image-707823\" style=\"width:183px;height:auto\" srcset=\"https:\/\/dhg1h5j42swfq.cloudfront.net\/2021\/04\/05171352\/ficha-tecnica-33-1024x632.png 1024w, https:\/\/dhg1h5j42swfq.cloudfront.net\/2021\/04\/05171352\/ficha-tecnica-33-300x185.png 300w, https:\/\/dhg1h5j42swfq.cloudfront.net\/2021\/04\/05171352\/ficha-tecnica-33-768x474.png 768w, https:\/\/dhg1h5j42swfq.cloudfront.net\/2021\/04\/05171352\/ficha-tecnica-33-1536x948.png 1536w, https:\/\/dhg1h5j42swfq.cloudfront.net\/2021\/04\/05171352\/ficha-tecnica-33-610x377.png 610w, https:\/\/dhg1h5j42swfq.cloudfront.net\/2021\/04\/05171352\/ficha-tecnica-33.png 1571w\" sizes=\"auto, (max-width: 1024px) 100vw, 1024px\" \/><\/figure>\n\n\n\n<h3 class=\"wp-block-heading\" id=\"ficha\">Informa\u00e7\u00f5es sobre o concurso da SEDUC TO<\/h3>\n\n\n\n<p>\u25ba<strong>Provas<\/strong>: <s>11\/06\/2023<\/s><br \/>\u25ba<strong>Vagas<\/strong>: 5.164<br \/>\u25ba<strong>Cargo<\/strong>: Professor de Educa\u00e7\u00e3o B\u00e1sica<br \/>\u25ba<strong>Banca<\/strong>: FGV<br \/>\u25ba<strong>Escolaridade<\/strong>: N\u00edvel superior<br \/>\u25ba<strong>Edital<\/strong>:&nbsp;<a href=\"https:\/\/dhg1h5j42swfq.cloudfront.net\/2023\/02\/09211338\/editais-seduc-to.pdf\" target=\"_blank\" rel=\"noreferrer noopener nofollow\">Seduc TO-2023<\/a><\/p>\n\n\n\n<h3 class=\"wp-block-heading\" id=\"block-ba1614b5-988b-41ef-892d-f4c9f7e9dd42\">Informa\u00e7\u00f5es do edital SEDUC TO ind\u00edgena <\/h3>\n\n\n\n<ul class=\"wp-block-list\">\n<li><strong>Provas<\/strong>: <s>11\/06\/2023<\/s><\/li>\n\n\n\n<li><strong>Vagas<\/strong>: 78<\/li>\n\n\n\n<li><strong>Cargos<\/strong>: professor <\/li>\n\n\n\n<li><strong>Banca<\/strong>: FGV<\/li>\n\n\n\n<li><strong>Escolaridade<\/strong>: superior <\/li>\n\n\n\n<li><strong>Edital<\/strong>:&nbsp;<a href=\"https:\/\/dhg1h5j42swfq.cloudfront.net\/2023\/03\/17205931\/seducto.pdf\" target=\"_blank\" rel=\"noreferrer noopener nofollow\">SEDUC TO 2023<\/a><\/li>\n<\/ul>\n","protected":false},"excerpt":{"rendered":"<p>A Secretaria da Educa\u00e7\u00e3o do Estado de Tocantins informou para a equipe do Estrat\u00e9gia Concursos que ir\u00e1 aderir \u00e0 Prova Nacional Docente para seus pr\u00f3ximos editais e sele\u00e7\u00f5es. Apesar da informa\u00e7\u00e3o positiva para novas sele\u00e7\u00f5es, n\u00e3o h\u00e1 previs\u00e3o de novo edital, visto que o concurso de 2023 foi recentemente prorrogado por mais 2 anos, ficando [&hellip;]<\/p>\n","protected":false},"author":1,"featured_media":1005057,"comment_status":"open","ping_status":"closed","sticky":false,"template":"","format":"standard","meta":{"post_tipo":"news_page","footnotes":""},"categories":[3766,220219],"tags":[],"tax_estado":[219990],"class_list":["post-425002","post","type-post","status-publish","format-standard","has-post-thumbnail","hentry","category-educacional","category-noticias","tax_estado-to"],"acf":[],"yoast_head":"<!-- This site is optimized with the Yoast SEO Premium plugin v27.2 (Yoast SEO v27.2) - https:\/\/yoast.com\/product\/yoast-seo-premium-wordpress\/ -->\n<title>Concurso SEDUC TO: edital de 2023 prorrogado at\u00e9 2027!<\/title>\n<meta name=\"description\" content=\"Concurso SEDUC TO: \u00daltimo edital foi publicado em 2023 e teve validade prorrogada at\u00e9 2027. Confira tudo sobre a sele\u00e7\u00e3o!\" \/>\n<meta name=\"robots\" content=\"index, follow, max-snippet:-1, max-image-preview:large, max-video-preview:-1\" \/>\n<link rel=\"canonical\" href=\"https:\/\/www.estrategiaconcursos.com.br\/blog\/concurso-seduc-to\/\" \/>\n<meta property=\"og:locale\" content=\"pt_BR\" \/>\n<meta property=\"og:type\" content=\"article\" \/>\n<meta property=\"og:title\" content=\"Concurso SEDUC TO: edital de 2023 prorrogado at\u00e9 2027!\" \/>\n<meta property=\"og:description\" content=\"Concurso SEDUC TO: \u00daltimo edital foi publicado em 2023 e teve validade prorrogada at\u00e9 2027. Confira tudo sobre a sele\u00e7\u00e3o!\" \/>\n<meta property=\"og:url\" content=\"https:\/\/www.estrategiaconcursos.com.br\/blog\/concurso-seduc-to\/\" \/>\n<meta property=\"og:site_name\" content=\"Estrat\u00e9gia Concursos\" \/>\n<meta property=\"article:author\" content=\"https:\/\/www.facebook.com\/EstrategiaConcursos\" \/>\n<meta property=\"article:published_time\" content=\"2026-03-06T13:31:00+00:00\" \/>\n<meta property=\"article:modified_time\" content=\"2026-04-17T19:35:51+00:00\" \/>\n<meta property=\"og:image\" content=\"https:\/\/dhg1h5j42swfq.cloudfront.net\/2022\/04\/08135613\/concurso_seduc_to-1.jpeg\" \/>\n\t<meta property=\"og:image:width\" content=\"768\" \/>\n\t<meta property=\"og:image:height\" content=\"432\" \/>\n\t<meta property=\"og:image:type\" content=\"image\/jpeg\" \/>\n<meta name=\"author\" content=\"Coordena\u00e7\u00e3o\" \/>\n<meta name=\"twitter:card\" content=\"summary_large_image\" \/>\n<meta name=\"twitter:creator\" content=\"@EstratConcursos\" \/>\n<meta name=\"twitter:site\" content=\"@EstratConcursos\" \/>\n<meta name=\"twitter:label1\" content=\"Escrito por\" \/>\n\t<meta name=\"twitter:data1\" content=\"Coordena\u00e7\u00e3o\" \/>\n\t<meta name=\"twitter:label2\" content=\"Est. tempo de leitura\" \/>\n\t<meta name=\"twitter:data2\" content=\"11 minutos\" \/>\n<script type=\"application\/ld+json\" class=\"yoast-schema-graph\">{\"@context\":\"https:\/\/schema.org\",\"@graph\":[{\"@type\":\"NewsArticle\",\"@id\":\"https:\/\/www.estrategiaconcursos.com.br\/blog\/concurso-seduc-to\/#article\",\"isPartOf\":{\"@id\":\"https:\/\/www.estrategiaconcursos.com.br\/blog\/concurso-seduc-to\/\"},\"author\":{\"name\":\"Coordena\u00e7\u00e3o\",\"@id\":\"https:\/\/www.estrategiaconcursos.com.br\/blog\/#\/schema\/person\/b4a388c97673c5f483d72185668afa1f\"},\"headline\":\"Concurso SEDUC TO: edital de 2023 prorrogado at\u00e9 2027!\",\"datePublished\":\"2026-03-06T13:31:00+00:00\",\"dateModified\":\"2026-04-17T19:35:51+00:00\",\"mainEntityOfPage\":{\"@id\":\"https:\/\/www.estrategiaconcursos.com.br\/blog\/concurso-seduc-to\/\"},\"wordCount\":2863,\"commentCount\":0,\"publisher\":{\"@id\":\"https:\/\/www.estrategiaconcursos.com.br\/blog\/#organization\"},\"image\":{\"@id\":\"https:\/\/www.estrategiaconcursos.com.br\/blog\/concurso-seduc-to\/#primaryimage\"},\"thumbnailUrl\":\"https:\/\/dhg1h5j42swfq.cloudfront.net\/2022\/04\/08135613\/concurso_seduc_to-1.jpeg\",\"articleSection\":[\"Educa\u00e7\u00e3o\",\"\u00daltimas not\u00edcias\"],\"inLanguage\":\"pt-BR\",\"potentialAction\":[{\"@type\":\"CommentAction\",\"name\":\"Comment\",\"target\":[\"https:\/\/www.estrategiaconcursos.com.br\/blog\/concurso-seduc-to\/#respond\"]}],\"copyrightYear\":\"2026\",\"copyrightHolder\":{\"@id\":\"https:\/\/www.estrategiaconcursos.com.br\/blog\/#organization\"}},{\"@type\":\"WebPage\",\"@id\":\"https:\/\/www.estrategiaconcursos.com.br\/blog\/concurso-seduc-to\/\",\"url\":\"https:\/\/www.estrategiaconcursos.com.br\/blog\/concurso-seduc-to\/\",\"name\":\"Concurso SEDUC TO: edital de 2023 prorrogado at\u00e9 2027!\",\"isPartOf\":{\"@id\":\"https:\/\/www.estrategiaconcursos.com.br\/blog\/#website\"},\"primaryImageOfPage\":{\"@id\":\"https:\/\/www.estrategiaconcursos.com.br\/blog\/concurso-seduc-to\/#primaryimage\"},\"image\":{\"@id\":\"https:\/\/www.estrategiaconcursos.com.br\/blog\/concurso-seduc-to\/#primaryimage\"},\"thumbnailUrl\":\"https:\/\/dhg1h5j42swfq.cloudfront.net\/2022\/04\/08135613\/concurso_seduc_to-1.jpeg\",\"datePublished\":\"2026-03-06T13:31:00+00:00\",\"dateModified\":\"2026-04-17T19:35:51+00:00\",\"description\":\"Concurso SEDUC TO: \u00daltimo edital foi publicado em 2023 e teve validade prorrogada at\u00e9 2027. Confira tudo sobre a sele\u00e7\u00e3o!\",\"breadcrumb\":{\"@id\":\"https:\/\/www.estrategiaconcursos.com.br\/blog\/concurso-seduc-to\/#breadcrumb\"},\"inLanguage\":\"pt-BR\",\"potentialAction\":[{\"@type\":\"ReadAction\",\"target\":[\"https:\/\/www.estrategiaconcursos.com.br\/blog\/concurso-seduc-to\/\"]}]},{\"@type\":\"ImageObject\",\"inLanguage\":\"pt-BR\",\"@id\":\"https:\/\/www.estrategiaconcursos.com.br\/blog\/concurso-seduc-to\/#primaryimage\",\"url\":\"https:\/\/dhg1h5j42swfq.cloudfront.net\/2022\/04\/08135613\/concurso_seduc_to-1.jpeg\",\"contentUrl\":\"https:\/\/dhg1h5j42swfq.cloudfront.net\/2022\/04\/08135613\/concurso_seduc_to-1.jpeg\",\"width\":768,\"height\":432,\"caption\":\"Seduc TO pnd\"},{\"@type\":\"BreadcrumbList\",\"@id\":\"https:\/\/www.estrategiaconcursos.com.br\/blog\/concurso-seduc-to\/#breadcrumb\",\"itemListElement\":[{\"@type\":\"ListItem\",\"position\":1,\"name\":\"In\u00edcio\",\"item\":\"https:\/\/www.estrategiaconcursos.com.br\/blog\/\"},{\"@type\":\"ListItem\",\"position\":2,\"name\":\"Concurso SEDUC TO: edital de 2023 prorrogado at\u00e9 2027!\"}]},{\"@type\":\"WebSite\",\"@id\":\"https:\/\/www.estrategiaconcursos.com.br\/blog\/#website\",\"url\":\"https:\/\/www.estrategiaconcursos.com.br\/blog\/\",\"name\":\"Estrat\u00e9gia Concursos\",\"description\":\"O blog da Estrat\u00e9gia Concursos traz not\u00edcias sobre concursos e artigos de professores oferecendo cursos para concursos (pdf + videaulas) no site.\",\"publisher\":{\"@id\":\"https:\/\/www.estrategiaconcursos.com.br\/blog\/#organization\"},\"potentialAction\":[{\"@type\":\"SearchAction\",\"target\":{\"@type\":\"EntryPoint\",\"urlTemplate\":\"https:\/\/www.estrategiaconcursos.com.br\/blog\/?s={search_term_string}\"},\"query-input\":{\"@type\":\"PropertyValueSpecification\",\"valueRequired\":true,\"valueName\":\"search_term_string\"}}],\"inLanguage\":\"pt-BR\"},{\"@type\":\"Organization\",\"@id\":\"https:\/\/www.estrategiaconcursos.com.br\/blog\/#organization\",\"name\":\"Estrat\u00e9gia Concursos\",\"url\":\"https:\/\/www.estrategiaconcursos.com.br\/blog\/\",\"logo\":{\"@type\":\"ImageObject\",\"inLanguage\":\"pt-BR\",\"@id\":\"https:\/\/www.estrategiaconcursos.com.br\/blog\/#\/schema\/logo\/image\/\",\"url\":\"https:\/\/dhg1h5j42swfq.cloudfront.net\/2025\/06\/03203428\/logo_concursos-1.jpg\",\"contentUrl\":\"https:\/\/dhg1h5j42swfq.cloudfront.net\/2025\/06\/03203428\/logo_concursos-1.jpg\",\"width\":230,\"height\":60,\"caption\":\"Estrat\u00e9gia Concursos\"},\"image\":{\"@id\":\"https:\/\/www.estrategiaconcursos.com.br\/blog\/#\/schema\/logo\/image\/\"},\"sameAs\":[\"https:\/\/x.com\/EstratConcursos\"]},{\"@type\":\"Person\",\"@id\":\"https:\/\/www.estrategiaconcursos.com.br\/blog\/#\/schema\/person\/b4a388c97673c5f483d72185668afa1f\",\"name\":\"Coordena\u00e7\u00e3o\",\"image\":{\"@type\":\"ImageObject\",\"inLanguage\":\"pt-BR\",\"@id\":\"https:\/\/secure.gravatar.com\/avatar\/b720319e4c9a967eb58678d110f4fe35452fc5d5f97b202bac7b8acceb18c6ad?s=96&d=mm&r=g\",\"url\":\"https:\/\/secure.gravatar.com\/avatar\/b720319e4c9a967eb58678d110f4fe35452fc5d5f97b202bac7b8acceb18c6ad?s=96&d=mm&r=g\",\"contentUrl\":\"https:\/\/secure.gravatar.com\/avatar\/b720319e4c9a967eb58678d110f4fe35452fc5d5f97b202bac7b8acceb18c6ad?s=96&d=mm&r=g\",\"caption\":\"Coordena\u00e7\u00e3o\"},\"sameAs\":[\"https:\/\/www.facebook.com\/EstrategiaConcursos\",\"https:\/\/x.com\/EstratConcursos\"],\"url\":\"https:\/\/www.estrategiaconcursos.com.br\/blog\/author\/estrategia2013\/\"}]}<\/script>\n<!-- \/ Yoast SEO Premium plugin. -->","yoast_head_json":{"title":"Concurso SEDUC TO: edital de 2023 prorrogado at\u00e9 2027!","description":"Concurso SEDUC TO: \u00daltimo edital foi publicado em 2023 e teve validade prorrogada at\u00e9 2027. Confira tudo sobre a sele\u00e7\u00e3o!","robots":{"index":"index","follow":"follow","max-snippet":"max-snippet:-1","max-image-preview":"max-image-preview:large","max-video-preview":"max-video-preview:-1"},"canonical":"https:\/\/www.estrategiaconcursos.com.br\/blog\/concurso-seduc-to\/","og_locale":"pt_BR","og_type":"article","og_title":"Concurso SEDUC TO: edital de 2023 prorrogado at\u00e9 2027!","og_description":"Concurso SEDUC TO: \u00daltimo edital foi publicado em 2023 e teve validade prorrogada at\u00e9 2027. Confira tudo sobre a sele\u00e7\u00e3o!","og_url":"https:\/\/www.estrategiaconcursos.com.br\/blog\/concurso-seduc-to\/","og_site_name":"Estrat\u00e9gia Concursos","article_author":"https:\/\/www.facebook.com\/EstrategiaConcursos","article_published_time":"2026-03-06T13:31:00+00:00","article_modified_time":"2026-04-17T19:35:51+00:00","og_image":[{"width":768,"height":432,"url":"https:\/\/dhg1h5j42swfq.cloudfront.net\/2022\/04\/08135613\/concurso_seduc_to-1.jpeg","type":"image\/jpeg"}],"author":"Coordena\u00e7\u00e3o","twitter_card":"summary_large_image","twitter_creator":"@EstratConcursos","twitter_site":"@EstratConcursos","twitter_misc":{"Escrito por":"Coordena\u00e7\u00e3o","Est. tempo de leitura":"11 minutos"},"schema":{"@context":"https:\/\/schema.org","@graph":[{"@type":"NewsArticle","@id":"https:\/\/www.estrategiaconcursos.com.br\/blog\/concurso-seduc-to\/#article","isPartOf":{"@id":"https:\/\/www.estrategiaconcursos.com.br\/blog\/concurso-seduc-to\/"},"author":{"name":"Coordena\u00e7\u00e3o","@id":"https:\/\/www.estrategiaconcursos.com.br\/blog\/#\/schema\/person\/b4a388c97673c5f483d72185668afa1f"},"headline":"Concurso SEDUC TO: edital de 2023 prorrogado at\u00e9 2027!","datePublished":"2026-03-06T13:31:00+00:00","dateModified":"2026-04-17T19:35:51+00:00","mainEntityOfPage":{"@id":"https:\/\/www.estrategiaconcursos.com.br\/blog\/concurso-seduc-to\/"},"wordCount":2863,"commentCount":0,"publisher":{"@id":"https:\/\/www.estrategiaconcursos.com.br\/blog\/#organization"},"image":{"@id":"https:\/\/www.estrategiaconcursos.com.br\/blog\/concurso-seduc-to\/#primaryimage"},"thumbnailUrl":"https:\/\/dhg1h5j42swfq.cloudfront.net\/2022\/04\/08135613\/concurso_seduc_to-1.jpeg","articleSection":["Educa\u00e7\u00e3o","\u00daltimas not\u00edcias"],"inLanguage":"pt-BR","potentialAction":[{"@type":"CommentAction","name":"Comment","target":["https:\/\/www.estrategiaconcursos.com.br\/blog\/concurso-seduc-to\/#respond"]}],"copyrightYear":"2026","copyrightHolder":{"@id":"https:\/\/www.estrategiaconcursos.com.br\/blog\/#organization"}},{"@type":"WebPage","@id":"https:\/\/www.estrategiaconcursos.com.br\/blog\/concurso-seduc-to\/","url":"https:\/\/www.estrategiaconcursos.com.br\/blog\/concurso-seduc-to\/","name":"Concurso SEDUC TO: edital de 2023 prorrogado at\u00e9 2027!","isPartOf":{"@id":"https:\/\/www.estrategiaconcursos.com.br\/blog\/#website"},"primaryImageOfPage":{"@id":"https:\/\/www.estrategiaconcursos.com.br\/blog\/concurso-seduc-to\/#primaryimage"},"image":{"@id":"https:\/\/www.estrategiaconcursos.com.br\/blog\/concurso-seduc-to\/#primaryimage"},"thumbnailUrl":"https:\/\/dhg1h5j42swfq.cloudfront.net\/2022\/04\/08135613\/concurso_seduc_to-1.jpeg","datePublished":"2026-03-06T13:31:00+00:00","dateModified":"2026-04-17T19:35:51+00:00","description":"Concurso SEDUC TO: \u00daltimo edital foi publicado em 2023 e teve validade prorrogada at\u00e9 2027. Confira tudo sobre a sele\u00e7\u00e3o!","breadcrumb":{"@id":"https:\/\/www.estrategiaconcursos.com.br\/blog\/concurso-seduc-to\/#breadcrumb"},"inLanguage":"pt-BR","potentialAction":[{"@type":"ReadAction","target":["https:\/\/www.estrategiaconcursos.com.br\/blog\/concurso-seduc-to\/"]}]},{"@type":"ImageObject","inLanguage":"pt-BR","@id":"https:\/\/www.estrategiaconcursos.com.br\/blog\/concurso-seduc-to\/#primaryimage","url":"https:\/\/dhg1h5j42swfq.cloudfront.net\/2022\/04\/08135613\/concurso_seduc_to-1.jpeg","contentUrl":"https:\/\/dhg1h5j42swfq.cloudfront.net\/2022\/04\/08135613\/concurso_seduc_to-1.jpeg","width":768,"height":432,"caption":"Seduc TO pnd"},{"@type":"BreadcrumbList","@id":"https:\/\/www.estrategiaconcursos.com.br\/blog\/concurso-seduc-to\/#breadcrumb","itemListElement":[{"@type":"ListItem","position":1,"name":"In\u00edcio","item":"https:\/\/www.estrategiaconcursos.com.br\/blog\/"},{"@type":"ListItem","position":2,"name":"Concurso SEDUC TO: edital de 2023 prorrogado at\u00e9 2027!"}]},{"@type":"WebSite","@id":"https:\/\/www.estrategiaconcursos.com.br\/blog\/#website","url":"https:\/\/www.estrategiaconcursos.com.br\/blog\/","name":"Estrat\u00e9gia Concursos","description":"O blog da Estrat\u00e9gia Concursos traz not\u00edcias sobre concursos e artigos de professores oferecendo cursos para concursos (pdf + videaulas) no site.","publisher":{"@id":"https:\/\/www.estrategiaconcursos.com.br\/blog\/#organization"},"potentialAction":[{"@type":"SearchAction","target":{"@type":"EntryPoint","urlTemplate":"https:\/\/www.estrategiaconcursos.com.br\/blog\/?s={search_term_string}"},"query-input":{"@type":"PropertyValueSpecification","valueRequired":true,"valueName":"search_term_string"}}],"inLanguage":"pt-BR"},{"@type":"Organization","@id":"https:\/\/www.estrategiaconcursos.com.br\/blog\/#organization","name":"Estrat\u00e9gia Concursos","url":"https:\/\/www.estrategiaconcursos.com.br\/blog\/","logo":{"@type":"ImageObject","inLanguage":"pt-BR","@id":"https:\/\/www.estrategiaconcursos.com.br\/blog\/#\/schema\/logo\/image\/","url":"https:\/\/dhg1h5j42swfq.cloudfront.net\/2025\/06\/03203428\/logo_concursos-1.jpg","contentUrl":"https:\/\/dhg1h5j42swfq.cloudfront.net\/2025\/06\/03203428\/logo_concursos-1.jpg","width":230,"height":60,"caption":"Estrat\u00e9gia Concursos"},"image":{"@id":"https:\/\/www.estrategiaconcursos.com.br\/blog\/#\/schema\/logo\/image\/"},"sameAs":["https:\/\/x.com\/EstratConcursos"]},{"@type":"Person","@id":"https:\/\/www.estrategiaconcursos.com.br\/blog\/#\/schema\/person\/b4a388c97673c5f483d72185668afa1f","name":"Coordena\u00e7\u00e3o","image":{"@type":"ImageObject","inLanguage":"pt-BR","@id":"https:\/\/secure.gravatar.com\/avatar\/b720319e4c9a967eb58678d110f4fe35452fc5d5f97b202bac7b8acceb18c6ad?s=96&d=mm&r=g","url":"https:\/\/secure.gravatar.com\/avatar\/b720319e4c9a967eb58678d110f4fe35452fc5d5f97b202bac7b8acceb18c6ad?s=96&d=mm&r=g","contentUrl":"https:\/\/secure.gravatar.com\/avatar\/b720319e4c9a967eb58678d110f4fe35452fc5d5f97b202bac7b8acceb18c6ad?s=96&d=mm&r=g","caption":"Coordena\u00e7\u00e3o"},"sameAs":["https:\/\/www.facebook.com\/EstrategiaConcursos","https:\/\/x.com\/EstratConcursos"],"url":"https:\/\/www.estrategiaconcursos.com.br\/blog\/author\/estrategia2013\/"}]}},"_links":{"self":[{"href":"https:\/\/www.estrategiaconcursos.com.br\/blog\/wp-json\/wp\/v2\/posts\/425002","targetHints":{"allow":["GET"]}}],"collection":[{"href":"https:\/\/www.estrategiaconcursos.com.br\/blog\/wp-json\/wp\/v2\/posts"}],"about":[{"href":"https:\/\/www.estrategiaconcursos.com.br\/blog\/wp-json\/wp\/v2\/types\/post"}],"author":[{"embeddable":true,"href":"https:\/\/www.estrategiaconcursos.com.br\/blog\/wp-json\/wp\/v2\/users\/1"}],"replies":[{"embeddable":true,"href":"https:\/\/www.estrategiaconcursos.com.br\/blog\/wp-json\/wp\/v2\/comments?post=425002"}],"version-history":[{"count":105,"href":"https:\/\/www.estrategiaconcursos.com.br\/blog\/wp-json\/wp\/v2\/posts\/425002\/revisions"}],"predecessor-version":[{"id":1755443,"href":"https:\/\/www.estrategiaconcursos.com.br\/blog\/wp-json\/wp\/v2\/posts\/425002\/revisions\/1755443"}],"wp:featuredmedia":[{"embeddable":true,"href":"https:\/\/www.estrategiaconcursos.com.br\/blog\/wp-json\/wp\/v2\/media\/1005057"}],"wp:attachment":[{"href":"https:\/\/www.estrategiaconcursos.com.br\/blog\/wp-json\/wp\/v2\/media?parent=425002"}],"wp:term":[{"taxonomy":"category","embeddable":true,"href":"https:\/\/www.estrategiaconcursos.com.br\/blog\/wp-json\/wp\/v2\/categories?post=425002"},{"taxonomy":"post_tag","embeddable":true,"href":"https:\/\/www.estrategiaconcursos.com.br\/blog\/wp-json\/wp\/v2\/tags?post=425002"},{"taxonomy":"tax_estado","embeddable":true,"href":"https:\/\/www.estrategiaconcursos.com.br\/blog\/wp-json\/wp\/v2\/tax_estado?post=425002"}],"curies":[{"name":"wp","href":"https:\/\/api.w.org\/{rel}","templated":true}]}}