{"id":424753,"date":"2019-10-07T02:00:51","date_gmt":"2019-10-07T05:00:51","guid":{"rendered":"https:\/\/www.estrategiaconcursos.com.br\/blog\/?p=424753"},"modified":"2019-10-07T09:26:17","modified_gmt":"2019-10-07T12:26:17","slug":"concurso-crn9-orgao-encerra-inscricoes","status":"publish","type":"post","link":"https:\/\/www.estrategiaconcursos.com.br\/blog\/concurso-crn9-orgao-encerra-inscricoes\/","title":{"rendered":"Concurso CRN9: \u00f3rg\u00e3o encerra as inscri\u00e7\u00f5es do certame"},"content":{"rendered":"\n<p>Foram encerradas a inscri\u00e7\u00f5es para o concurso p\u00fablico do <strong><em>Conselho Regional de Nutricionistas da 9\u00b0 Regi\u00e3o<\/em><\/strong>. <\/p>\n\n\n\n<p>Vale lembrar que o certame visa ofertar\u00a0<em>2 vagas imediatas e 558 para cadastro de reserva<\/em>,  \u00f3rg\u00e3o exige que os candidatos possuam n\u00edveis de forma\u00e7\u00e3o\u00a0<strong><em>fundamental, m\u00e9dio e superior<\/em><\/strong>. <strong><em>A<\/em><\/strong>\u00a0<em><strong>prova do certame ser\u00e1 realizada no dia 27 de outubro<\/strong><\/em>. <\/p>\n\n\n\n<h2 class=\"wp-block-heading\" id=\"vagas\">Distribui\u00e7\u00e3o das vagas do concurso CRN9<\/h2>\n\n\n\n<h4 class=\"wp-block-heading\"><em>N\u00edvel fundamental<\/em><\/h4>\n\n\n\n<ul class=\"wp-block-list\"><li>25 CR: Auxiliar Operacional (R$ 1.383,00 + benef\u00edcios)<\/li><\/ul>\n\n\n\n<h4 class=\"wp-block-heading\"><em>N\u00edvel M\u00e9dio<\/em><\/h4>\n\n\n\n<ul class=\"wp-block-list\"><li>1 vaga + 154 CR: Assistente Administrativo (R$ 2.369,00 + benef\u00edcios)<\/li><li>50 CR: Auxiliar Administrativo (R$ 1.662,00 + benef\u00edcios)<\/li><\/ul>\n\n\n\n<h4 class=\"wp-block-heading\"><em>N\u00edvel M\u00e9dio\/T\u00e9cnico<\/em><\/h4>\n\n\n\n<ul class=\"wp-block-list\"><li>25 CR: Auxiliar de Contabilidade (R$ 1.662,00 + benef\u00edcios)<\/li><li>50 CR: Assistente T\u00e9cnico em Nutri\u00e7\u00e3o e Diet\u00e9tica (R$ 2.369,00 + benef\u00edcios)<\/li><li>25 CR: Assistente de Inform\u00e1tica (R$ 2.931,00 + benef\u00edcios)<\/li><\/ul>\n\n\n\n<h4 class=\"wp-block-heading\"><em>N\u00edvel Superior<\/em><\/h4>\n\n\n\n<ul class=\"wp-block-list\"><li>25 CR: Nutricionista Assistente T\u00e9cnico (R$ 4.022,20 + benef\u00edcios)<\/li><li>1 vaga + 204 CR: Nutricionista Fiscal (R$ 4.732,00 + benef\u00edcios)<\/li><\/ul>\n\n\n\n<p><strong><em>Quer saber mais sobre o certame? Clique no link abaixo e fique por dentro de tudo!<\/em><\/strong><\/p>\n\n\n\n<p style=\"font-size:23px;text-align:center\" class=\"has-background has-pale-cyan-blue-background-color\"><em><strong>Mais informa\u00e7\u00f5es: <\/strong><\/em><a rel=\"noreferrer noopener\" href=\"https:\/\/www.estrategiaconcursos.com.br\/blog\/concurso-crn-9-mg\/\" target=\"_blank\"><em><strong>Concurso CRN9<\/strong><\/em><\/a><em><strong> <\/strong><\/em><\/p>\n\n\n\n<p style=\"text-align:center\"><em><strong>Quer estudar para Concurso CRN9 (MG)?<\/strong><\/em><\/p>\n\n\n\n<p style=\"text-align:center\"><em><strong>Gostou desta oportunidade e deseja come\u00e7ar se preparar agora mesmo? Ent\u00e3o, confira os nossos cursos e comece a estudar para CRN9 (MG):<\/strong><\/em><\/p>\n\n\n\n<p style=\"font-size:23px;text-align:center\" class=\"has-background has-luminous-vivid-amber-background-color\"><a href=\"https:\/\/www.estrategiaconcursos.com.br\/cursos\/concurso\/\" target=\"_blank\" rel=\"noreferrer noopener\">Curso CRN 9 (MG)<\/a><\/p>\n\n\n\n<p style=\"text-align:center\"><em><strong>Assinatura Anual Ilimitada*<\/strong><\/em><\/p>\n\n\n\n<p style=\"text-align:center\"><em>Prepare-se com o melhor material e com quem mais aprova em Concursos P\u00fablicos em todo o pa\u00eds. Assine agora a nossa Assinatura Anual e tenha acesso ilimitado* a todos os nossos cursos.<\/em><\/p>\n\n\n\n<p style=\"font-size:23px;text-align:center\" class=\"has-background has-light-green-cyan-background-color\"><strong>ASSINE AGORA<\/strong>&nbsp;\u2013&nbsp;<a rel=\"noreferrer noopener\" href=\"https:\/\/www.estrategiaconcursos.com.br\/assinaturas\" target=\"_blank\"><strong>Assinatura Ilimitada<\/strong><\/a><\/p>\n\n\n\n<p style=\"font-size:23px;text-align:center\" class=\"has-background has-pale-cyan-blue-background-color\"><strong><a href=\"https:\/\/www.estrategiaconcursos.com.br\/blog\/concursos-abertos\/\">CONCURSOS ABERTOS<\/a><\/strong><\/p>\n\n\n\n<p style=\"font-size:23px;text-align:center\" class=\"has-background has-pale-cyan-blue-background-color\"><a href=\"https:\/\/www.estrategiaconcursos.com.br\/blog\/concursos-2019\/\"><strong>CONCURSOS 2019<\/strong><\/a><\/p>\n\n\n\n<p style=\"font-size:23px;text-align:center\" class=\"has-background has-pale-cyan-blue-background-color\"><a href=\"https:\/\/www.estrategiaconcursos.com.br\/blog\/concursos-2020\/\"><strong>CONCURSOS<\/strong><\/a><strong><a href=\"https:\/\/www.estrategiaconcursos.com.br\/blog\/concursos-2020\/\">&nbsp;2020<\/a><\/strong><\/p>\n","protected":false},"excerpt":{"rendered":"<p>Foram encerradas a inscri\u00e7\u00f5es para o concurso p\u00fablico do Conselho Regional de Nutricionistas da 9\u00b0 Regi\u00e3o. Vale lembrar que o certame visa ofertar\u00a02 vagas imediatas e 558 para cadastro de reserva, \u00f3rg\u00e3o exige que os candidatos possuam n\u00edveis de forma\u00e7\u00e3o\u00a0fundamental, m\u00e9dio e superior. A\u00a0prova do certame ser\u00e1 realizada no dia 27 de outubro. Distribui\u00e7\u00e3o das [&hellip;]<\/p>\n","protected":false},"author":221,"featured_media":382329,"comment_status":"open","ping_status":"closed","sticky":false,"template":"","format":"standard","meta":{"post_tipo":"article","footnotes":""},"categories":[1],"tags":[],"tax_estado":[],"class_list":["post-424753","post","type-post","status-publish","format-standard","has-post-thumbnail","hentry","category-cursos-e-concursos"],"acf":[],"yoast_head":"<!-- This site is optimized with the Yoast SEO Premium plugin v27.2 (Yoast SEO v27.2) - https:\/\/yoast.com\/product\/yoast-seo-premium-wordpress\/ -->\n<title>Concurso CRN9: \u00f3rg\u00e3o encerra as inscri\u00e7\u00f5es do certame<\/title>\n<meta name=\"robots\" content=\"index, follow, max-snippet:-1, max-image-preview:large, max-video-preview:-1\" \/>\n<link rel=\"canonical\" href=\"https:\/\/www.estrategiaconcursos.com.br\/blog\/concurso-crn9-orgao-encerra-inscricoes\/\" \/>\n<meta property=\"og:locale\" content=\"pt_BR\" \/>\n<meta property=\"og:type\" content=\"article\" \/>\n<meta property=\"og:title\" content=\"Concurso CRN9: \u00f3rg\u00e3o encerra as inscri\u00e7\u00f5es do certame\" \/>\n<meta property=\"og:description\" content=\"Foram encerradas a inscri\u00e7\u00f5es para o concurso p\u00fablico do Conselho Regional de Nutricionistas da 9\u00b0 Regi\u00e3o. Vale lembrar que o certame visa ofertar\u00a02 vagas imediatas e 558 para cadastro de reserva, \u00f3rg\u00e3o exige que os candidatos possuam n\u00edveis de forma\u00e7\u00e3o\u00a0fundamental, m\u00e9dio e superior. A\u00a0prova do certame ser\u00e1 realizada no dia 27 de outubro. Distribui\u00e7\u00e3o das [&hellip;]\" \/>\n<meta property=\"og:url\" content=\"https:\/\/www.estrategiaconcursos.com.br\/blog\/concurso-crn9-orgao-encerra-inscricoes\/\" \/>\n<meta property=\"og:site_name\" content=\"Estrat\u00e9gia Concursos\" \/>\n<meta property=\"article:published_time\" content=\"2019-10-07T05:00:51+00:00\" \/>\n<meta property=\"article:modified_time\" content=\"2019-10-07T12:26:17+00:00\" \/>\n<meta property=\"og:image\" content=\"https:\/\/dhg1h5j42swfq.cloudfront.net\/2019\/06\/03113827\/crn-9.png\" \/>\n\t<meta property=\"og:image:width\" content=\"775\" \/>\n\t<meta property=\"og:image:height\" content=\"483\" \/>\n\t<meta property=\"og:image:type\" content=\"image\/png\" \/>\n<meta name=\"author\" content=\"Tulio Lages\" \/>\n<meta name=\"twitter:card\" content=\"summary_large_image\" \/>\n<meta name=\"twitter:creator\" content=\"@EstratConcursos\" \/>\n<meta name=\"twitter:site\" content=\"@EstratConcursos\" \/>\n<meta name=\"twitter:label1\" content=\"Escrito por\" \/>\n\t<meta name=\"twitter:data1\" content=\"Tulio Lages\" \/>\n\t<meta name=\"twitter:label2\" content=\"Est. tempo de leitura\" \/>\n\t<meta name=\"twitter:data2\" content=\"1 minuto\" \/>\n<script type=\"application\/ld+json\" class=\"yoast-schema-graph\">{\"@context\":\"https:\/\/schema.org\",\"@graph\":[{\"@type\":\"NewsArticle\",\"@id\":\"https:\/\/www.estrategiaconcursos.com.br\/blog\/concurso-crn9-orgao-encerra-inscricoes\/#article\",\"isPartOf\":{\"@id\":\"https:\/\/www.estrategiaconcursos.com.br\/blog\/concurso-crn9-orgao-encerra-inscricoes\/\"},\"author\":{\"name\":\"Tulio Lages\",\"@id\":\"https:\/\/www.estrategiaconcursos.com.br\/blog\/#\/schema\/person\/80581c41357e3666d4b56f2db6910639\"},\"headline\":\"Concurso CRN9: \u00f3rg\u00e3o encerra as inscri\u00e7\u00f5es do certame\",\"datePublished\":\"2019-10-07T05:00:51+00:00\",\"dateModified\":\"2019-10-07T12:26:17+00:00\",\"mainEntityOfPage\":{\"@id\":\"https:\/\/www.estrategiaconcursos.com.br\/blog\/concurso-crn9-orgao-encerra-inscricoes\/\"},\"wordCount\":256,\"commentCount\":0,\"publisher\":{\"@id\":\"https:\/\/www.estrategiaconcursos.com.br\/blog\/#organization\"},\"image\":{\"@id\":\"https:\/\/www.estrategiaconcursos.com.br\/blog\/concurso-crn9-orgao-encerra-inscricoes\/#primaryimage\"},\"thumbnailUrl\":\"https:\/\/dhg1h5j42swfq.cloudfront.net\/2019\/06\/03113827\/crn-9.png\",\"articleSection\":[\"Concursos P\u00fablicos\"],\"inLanguage\":\"pt-BR\",\"potentialAction\":[{\"@type\":\"CommentAction\",\"name\":\"Comment\",\"target\":[\"https:\/\/www.estrategiaconcursos.com.br\/blog\/concurso-crn9-orgao-encerra-inscricoes\/#respond\"]}],\"copyrightYear\":\"2019\",\"copyrightHolder\":{\"@id\":\"https:\/\/www.estrategiaconcursos.com.br\/blog\/#organization\"}},{\"@type\":\"WebPage\",\"@id\":\"https:\/\/www.estrategiaconcursos.com.br\/blog\/concurso-crn9-orgao-encerra-inscricoes\/\",\"url\":\"https:\/\/www.estrategiaconcursos.com.br\/blog\/concurso-crn9-orgao-encerra-inscricoes\/\",\"name\":\"Concurso CRN9: \u00f3rg\u00e3o encerra as inscri\u00e7\u00f5es do certame\",\"isPartOf\":{\"@id\":\"https:\/\/www.estrategiaconcursos.com.br\/blog\/#website\"},\"primaryImageOfPage\":{\"@id\":\"https:\/\/www.estrategiaconcursos.com.br\/blog\/concurso-crn9-orgao-encerra-inscricoes\/#primaryimage\"},\"image\":{\"@id\":\"https:\/\/www.estrategiaconcursos.com.br\/blog\/concurso-crn9-orgao-encerra-inscricoes\/#primaryimage\"},\"thumbnailUrl\":\"https:\/\/dhg1h5j42swfq.cloudfront.net\/2019\/06\/03113827\/crn-9.png\",\"datePublished\":\"2019-10-07T05:00:51+00:00\",\"dateModified\":\"2019-10-07T12:26:17+00:00\",\"breadcrumb\":{\"@id\":\"https:\/\/www.estrategiaconcursos.com.br\/blog\/concurso-crn9-orgao-encerra-inscricoes\/#breadcrumb\"},\"inLanguage\":\"pt-BR\",\"potentialAction\":[{\"@type\":\"ReadAction\",\"target\":[\"https:\/\/www.estrategiaconcursos.com.br\/blog\/concurso-crn9-orgao-encerra-inscricoes\/\"]}]},{\"@type\":\"ImageObject\",\"inLanguage\":\"pt-BR\",\"@id\":\"https:\/\/www.estrategiaconcursos.com.br\/blog\/concurso-crn9-orgao-encerra-inscricoes\/#primaryimage\",\"url\":\"https:\/\/dhg1h5j42swfq.cloudfront.net\/2019\/06\/03113827\/crn-9.png\",\"contentUrl\":\"https:\/\/dhg1h5j42swfq.cloudfront.net\/2019\/06\/03113827\/crn-9.png\",\"width\":775,\"height\":483,\"caption\":\"concurso crn9\"},{\"@type\":\"BreadcrumbList\",\"@id\":\"https:\/\/www.estrategiaconcursos.com.br\/blog\/concurso-crn9-orgao-encerra-inscricoes\/#breadcrumb\",\"itemListElement\":[{\"@type\":\"ListItem\",\"position\":1,\"name\":\"In\u00edcio\",\"item\":\"https:\/\/www.estrategiaconcursos.com.br\/blog\/\"},{\"@type\":\"ListItem\",\"position\":2,\"name\":\"Concurso CRN9: \u00f3rg\u00e3o encerra as inscri\u00e7\u00f5es do certame\"}]},{\"@type\":\"WebSite\",\"@id\":\"https:\/\/www.estrategiaconcursos.com.br\/blog\/#website\",\"url\":\"https:\/\/www.estrategiaconcursos.com.br\/blog\/\",\"name\":\"Estrat\u00e9gia Concursos\",\"description\":\"O blog da Estrat\u00e9gia Concursos traz not\u00edcias sobre concursos e artigos de professores oferecendo cursos para concursos (pdf + videaulas) no site.\",\"publisher\":{\"@id\":\"https:\/\/www.estrategiaconcursos.com.br\/blog\/#organization\"},\"potentialAction\":[{\"@type\":\"SearchAction\",\"target\":{\"@type\":\"EntryPoint\",\"urlTemplate\":\"https:\/\/www.estrategiaconcursos.com.br\/blog\/?s={search_term_string}\"},\"query-input\":{\"@type\":\"PropertyValueSpecification\",\"valueRequired\":true,\"valueName\":\"search_term_string\"}}],\"inLanguage\":\"pt-BR\"},{\"@type\":\"Organization\",\"@id\":\"https:\/\/www.estrategiaconcursos.com.br\/blog\/#organization\",\"name\":\"Estrat\u00e9gia Concursos\",\"url\":\"https:\/\/www.estrategiaconcursos.com.br\/blog\/\",\"logo\":{\"@type\":\"ImageObject\",\"inLanguage\":\"pt-BR\",\"@id\":\"https:\/\/www.estrategiaconcursos.com.br\/blog\/#\/schema\/logo\/image\/\",\"url\":\"https:\/\/dhg1h5j42swfq.cloudfront.net\/2025\/06\/03203428\/logo_concursos-1.jpg\",\"contentUrl\":\"https:\/\/dhg1h5j42swfq.cloudfront.net\/2025\/06\/03203428\/logo_concursos-1.jpg\",\"width\":230,\"height\":60,\"caption\":\"Estrat\u00e9gia Concursos\"},\"image\":{\"@id\":\"https:\/\/www.estrategiaconcursos.com.br\/blog\/#\/schema\/logo\/image\/\"},\"sameAs\":[\"https:\/\/x.com\/EstratConcursos\"]},{\"@type\":\"Person\",\"@id\":\"https:\/\/www.estrategiaconcursos.com.br\/blog\/#\/schema\/person\/80581c41357e3666d4b56f2db6910639\",\"name\":\"Tulio Lages\",\"image\":{\"@type\":\"ImageObject\",\"inLanguage\":\"pt-BR\",\"@id\":\"https:\/\/secure.gravatar.com\/avatar\/d24e31d7062c4ca48f968843d2bcad20a2ba1a5cf087b6f34171db005b925941?s=96&d=mm&r=g\",\"url\":\"https:\/\/secure.gravatar.com\/avatar\/d24e31d7062c4ca48f968843d2bcad20a2ba1a5cf087b6f34171db005b925941?s=96&d=mm&r=g\",\"contentUrl\":\"https:\/\/secure.gravatar.com\/avatar\/d24e31d7062c4ca48f968843d2bcad20a2ba1a5cf087b6f34171db005b925941?s=96&d=mm&r=g\",\"caption\":\"Tulio Lages\"},\"url\":\"https:\/\/www.estrategiaconcursos.com.br\/blog\/author\/tuliolagesestrategiaconcursos-com-br\/\"}]}<\/script>\n<!-- \/ Yoast SEO Premium plugin. -->","yoast_head_json":{"title":"Concurso CRN9: \u00f3rg\u00e3o encerra as inscri\u00e7\u00f5es do certame","robots":{"index":"index","follow":"follow","max-snippet":"max-snippet:-1","max-image-preview":"max-image-preview:large","max-video-preview":"max-video-preview:-1"},"canonical":"https:\/\/www.estrategiaconcursos.com.br\/blog\/concurso-crn9-orgao-encerra-inscricoes\/","og_locale":"pt_BR","og_type":"article","og_title":"Concurso CRN9: \u00f3rg\u00e3o encerra as inscri\u00e7\u00f5es do certame","og_description":"Foram encerradas a inscri\u00e7\u00f5es para o concurso p\u00fablico do Conselho Regional de Nutricionistas da 9\u00b0 Regi\u00e3o. Vale lembrar que o certame visa ofertar\u00a02 vagas imediatas e 558 para cadastro de reserva, \u00f3rg\u00e3o exige que os candidatos possuam n\u00edveis de forma\u00e7\u00e3o\u00a0fundamental, m\u00e9dio e superior. A\u00a0prova do certame ser\u00e1 realizada no dia 27 de outubro. Distribui\u00e7\u00e3o das [&hellip;]","og_url":"https:\/\/www.estrategiaconcursos.com.br\/blog\/concurso-crn9-orgao-encerra-inscricoes\/","og_site_name":"Estrat\u00e9gia Concursos","article_published_time":"2019-10-07T05:00:51+00:00","article_modified_time":"2019-10-07T12:26:17+00:00","og_image":[{"width":775,"height":483,"url":"https:\/\/dhg1h5j42swfq.cloudfront.net\/2019\/06\/03113827\/crn-9.png","type":"image\/png"}],"author":"Tulio Lages","twitter_card":"summary_large_image","twitter_creator":"@EstratConcursos","twitter_site":"@EstratConcursos","twitter_misc":{"Escrito por":"Tulio Lages","Est. tempo de leitura":"1 minuto"},"schema":{"@context":"https:\/\/schema.org","@graph":[{"@type":"NewsArticle","@id":"https:\/\/www.estrategiaconcursos.com.br\/blog\/concurso-crn9-orgao-encerra-inscricoes\/#article","isPartOf":{"@id":"https:\/\/www.estrategiaconcursos.com.br\/blog\/concurso-crn9-orgao-encerra-inscricoes\/"},"author":{"name":"Tulio Lages","@id":"https:\/\/www.estrategiaconcursos.com.br\/blog\/#\/schema\/person\/80581c41357e3666d4b56f2db6910639"},"headline":"Concurso CRN9: \u00f3rg\u00e3o encerra as inscri\u00e7\u00f5es do certame","datePublished":"2019-10-07T05:00:51+00:00","dateModified":"2019-10-07T12:26:17+00:00","mainEntityOfPage":{"@id":"https:\/\/www.estrategiaconcursos.com.br\/blog\/concurso-crn9-orgao-encerra-inscricoes\/"},"wordCount":256,"commentCount":0,"publisher":{"@id":"https:\/\/www.estrategiaconcursos.com.br\/blog\/#organization"},"image":{"@id":"https:\/\/www.estrategiaconcursos.com.br\/blog\/concurso-crn9-orgao-encerra-inscricoes\/#primaryimage"},"thumbnailUrl":"https:\/\/dhg1h5j42swfq.cloudfront.net\/2019\/06\/03113827\/crn-9.png","articleSection":["Concursos P\u00fablicos"],"inLanguage":"pt-BR","potentialAction":[{"@type":"CommentAction","name":"Comment","target":["https:\/\/www.estrategiaconcursos.com.br\/blog\/concurso-crn9-orgao-encerra-inscricoes\/#respond"]}],"copyrightYear":"2019","copyrightHolder":{"@id":"https:\/\/www.estrategiaconcursos.com.br\/blog\/#organization"}},{"@type":"WebPage","@id":"https:\/\/www.estrategiaconcursos.com.br\/blog\/concurso-crn9-orgao-encerra-inscricoes\/","url":"https:\/\/www.estrategiaconcursos.com.br\/blog\/concurso-crn9-orgao-encerra-inscricoes\/","name":"Concurso CRN9: \u00f3rg\u00e3o encerra as inscri\u00e7\u00f5es do certame","isPartOf":{"@id":"https:\/\/www.estrategiaconcursos.com.br\/blog\/#website"},"primaryImageOfPage":{"@id":"https:\/\/www.estrategiaconcursos.com.br\/blog\/concurso-crn9-orgao-encerra-inscricoes\/#primaryimage"},"image":{"@id":"https:\/\/www.estrategiaconcursos.com.br\/blog\/concurso-crn9-orgao-encerra-inscricoes\/#primaryimage"},"thumbnailUrl":"https:\/\/dhg1h5j42swfq.cloudfront.net\/2019\/06\/03113827\/crn-9.png","datePublished":"2019-10-07T05:00:51+00:00","dateModified":"2019-10-07T12:26:17+00:00","breadcrumb":{"@id":"https:\/\/www.estrategiaconcursos.com.br\/blog\/concurso-crn9-orgao-encerra-inscricoes\/#breadcrumb"},"inLanguage":"pt-BR","potentialAction":[{"@type":"ReadAction","target":["https:\/\/www.estrategiaconcursos.com.br\/blog\/concurso-crn9-orgao-encerra-inscricoes\/"]}]},{"@type":"ImageObject","inLanguage":"pt-BR","@id":"https:\/\/www.estrategiaconcursos.com.br\/blog\/concurso-crn9-orgao-encerra-inscricoes\/#primaryimage","url":"https:\/\/dhg1h5j42swfq.cloudfront.net\/2019\/06\/03113827\/crn-9.png","contentUrl":"https:\/\/dhg1h5j42swfq.cloudfront.net\/2019\/06\/03113827\/crn-9.png","width":775,"height":483,"caption":"concurso crn9"},{"@type":"BreadcrumbList","@id":"https:\/\/www.estrategiaconcursos.com.br\/blog\/concurso-crn9-orgao-encerra-inscricoes\/#breadcrumb","itemListElement":[{"@type":"ListItem","position":1,"name":"In\u00edcio","item":"https:\/\/www.estrategiaconcursos.com.br\/blog\/"},{"@type":"ListItem","position":2,"name":"Concurso CRN9: \u00f3rg\u00e3o encerra as inscri\u00e7\u00f5es do certame"}]},{"@type":"WebSite","@id":"https:\/\/www.estrategiaconcursos.com.br\/blog\/#website","url":"https:\/\/www.estrategiaconcursos.com.br\/blog\/","name":"Estrat\u00e9gia Concursos","description":"O blog da Estrat\u00e9gia Concursos traz not\u00edcias sobre concursos e artigos de professores oferecendo cursos para concursos (pdf + videaulas) no site.","publisher":{"@id":"https:\/\/www.estrategiaconcursos.com.br\/blog\/#organization"},"potentialAction":[{"@type":"SearchAction","target":{"@type":"EntryPoint","urlTemplate":"https:\/\/www.estrategiaconcursos.com.br\/blog\/?s={search_term_string}"},"query-input":{"@type":"PropertyValueSpecification","valueRequired":true,"valueName":"search_term_string"}}],"inLanguage":"pt-BR"},{"@type":"Organization","@id":"https:\/\/www.estrategiaconcursos.com.br\/blog\/#organization","name":"Estrat\u00e9gia Concursos","url":"https:\/\/www.estrategiaconcursos.com.br\/blog\/","logo":{"@type":"ImageObject","inLanguage":"pt-BR","@id":"https:\/\/www.estrategiaconcursos.com.br\/blog\/#\/schema\/logo\/image\/","url":"https:\/\/dhg1h5j42swfq.cloudfront.net\/2025\/06\/03203428\/logo_concursos-1.jpg","contentUrl":"https:\/\/dhg1h5j42swfq.cloudfront.net\/2025\/06\/03203428\/logo_concursos-1.jpg","width":230,"height":60,"caption":"Estrat\u00e9gia Concursos"},"image":{"@id":"https:\/\/www.estrategiaconcursos.com.br\/blog\/#\/schema\/logo\/image\/"},"sameAs":["https:\/\/x.com\/EstratConcursos"]},{"@type":"Person","@id":"https:\/\/www.estrategiaconcursos.com.br\/blog\/#\/schema\/person\/80581c41357e3666d4b56f2db6910639","name":"Tulio Lages","image":{"@type":"ImageObject","inLanguage":"pt-BR","@id":"https:\/\/secure.gravatar.com\/avatar\/d24e31d7062c4ca48f968843d2bcad20a2ba1a5cf087b6f34171db005b925941?s=96&d=mm&r=g","url":"https:\/\/secure.gravatar.com\/avatar\/d24e31d7062c4ca48f968843d2bcad20a2ba1a5cf087b6f34171db005b925941?s=96&d=mm&r=g","contentUrl":"https:\/\/secure.gravatar.com\/avatar\/d24e31d7062c4ca48f968843d2bcad20a2ba1a5cf087b6f34171db005b925941?s=96&d=mm&r=g","caption":"Tulio Lages"},"url":"https:\/\/www.estrategiaconcursos.com.br\/blog\/author\/tuliolagesestrategiaconcursos-com-br\/"}]}},"_links":{"self":[{"href":"https:\/\/www.estrategiaconcursos.com.br\/blog\/wp-json\/wp\/v2\/posts\/424753","targetHints":{"allow":["GET"]}}],"collection":[{"href":"https:\/\/www.estrategiaconcursos.com.br\/blog\/wp-json\/wp\/v2\/posts"}],"about":[{"href":"https:\/\/www.estrategiaconcursos.com.br\/blog\/wp-json\/wp\/v2\/types\/post"}],"author":[{"embeddable":true,"href":"https:\/\/www.estrategiaconcursos.com.br\/blog\/wp-json\/wp\/v2\/users\/221"}],"replies":[{"embeddable":true,"href":"https:\/\/www.estrategiaconcursos.com.br\/blog\/wp-json\/wp\/v2\/comments?post=424753"}],"version-history":[{"count":3,"href":"https:\/\/www.estrategiaconcursos.com.br\/blog\/wp-json\/wp\/v2\/posts\/424753\/revisions"}],"predecessor-version":[{"id":430860,"href":"https:\/\/www.estrategiaconcursos.com.br\/blog\/wp-json\/wp\/v2\/posts\/424753\/revisions\/430860"}],"wp:featuredmedia":[{"embeddable":true,"href":"https:\/\/www.estrategiaconcursos.com.br\/blog\/wp-json\/wp\/v2\/media\/382329"}],"wp:attachment":[{"href":"https:\/\/www.estrategiaconcursos.com.br\/blog\/wp-json\/wp\/v2\/media?parent=424753"}],"wp:term":[{"taxonomy":"category","embeddable":true,"href":"https:\/\/www.estrategiaconcursos.com.br\/blog\/wp-json\/wp\/v2\/categories?post=424753"},{"taxonomy":"post_tag","embeddable":true,"href":"https:\/\/www.estrategiaconcursos.com.br\/blog\/wp-json\/wp\/v2\/tags?post=424753"},{"taxonomy":"tax_estado","embeddable":true,"href":"https:\/\/www.estrategiaconcursos.com.br\/blog\/wp-json\/wp\/v2\/tax_estado?post=424753"}],"curies":[{"name":"wp","href":"https:\/\/api.w.org\/{rel}","templated":true}]}}