{"id":424696,"date":"2019-09-23T18:40:09","date_gmt":"2019-09-23T21:40:09","guid":{"rendered":"https:\/\/www.estrategiaconcursos.com.br\/blog\/?p=424696"},"modified":"2019-11-08T16:34:36","modified_gmt":"2019-11-08T19:34:36","slug":"comentarios-as-questoes-de-direito-processual-civil-da-prova-do-tj-pr","status":"publish","type":"post","link":"https:\/\/www.estrategiaconcursos.com.br\/blog\/comentarios-as-questoes-de-direito-processual-civil-da-prova-do-tj-pr\/","title":{"rendered":"Coment\u00e1rios \u00e0s Quest\u00f5es de Direito Processual Civil da prova do TJ-PR"},"content":{"rendered":"\n<p>Ol\u00e1! Analisamos as quest\u00f5es de Direito Processual Civil aplicadas na prova deste final de semana do TJ-PR. Verificamos as quest\u00f5es e entendemos que n\u00e3o cabe recurso em uma an\u00e1lise preliminar. N\u00e3o obstante, caso voc\u00ea fique em d\u00favida, por favor, no contate:<\/p>\n\n\n\n<p>INSTAGRAM:&nbsp;<a href=\"https:\/\/www.instagram.com\/proftorques\/\">https:\/\/www.instagram.com\/proftorques\/<\/a><\/p>\n\n\n\n<p>FACEBOOK:\u00a0<a href=\"https:\/\/www.facebook.com\/dpcparaconcursos\/\">https:\/\/www.facebook.com\/dpcparaconcursos\/ <\/a><\/p>\n\n\n\n<p>E-MAIL:&nbsp;<a href=\"mailto:rst.estrategia@gmail.com\">rst.estrategia@gmail.com<\/a><\/p>\n\n\n\n<p>Vamos \u00e0s quest\u00f5es?!<\/p>\n\n\n\n<p>Vale ressaltar, que a quest\u00e3o 49 n\u00e3o \u00e9 de Direito Processual Civil.<\/p>\n\n\n\n<p>&#8212;<\/p>\n\n\n\n<p><strong>47. CESPE\/TJ-PR\/2019<\/strong><\/p>\n\n\n\n<p>O C\u00f3digo de Processo Civil (CPC) estabelece que os atos\nprocessuais <\/p>\n\n\n\n<p>a) Sejam registrados\neletronicamente em padr\u00f5es fechados, para se assegurar a sua confidencialidade.<\/p>\n\n\n\n<p>b) Independam de forma determinada, salvo quando a lei\nexpressamente a exigir.<\/p>\n\n\n\n<p>c) Sejam nulos se n\u00e3o obedecerem \u00e0 forma determinada em\nlei, ainda que atinjam sua finalidade essencial.<\/p>\n\n\n\n<p>d) Sigam prazos legais, sendo vedada a estipula\u00e7\u00e3o de\ncalend\u00e1rio por acordo entre o juiz e as partes em processos espec\u00edficos.<\/p>\n\n\n\n<p>e) Corram em segredo de justi\u00e7a, como regra geral.<\/p>\n\n\n\n<p><strong>Coment\u00e1rios<\/strong><\/p>\n\n\n\n<p>A <strong>alternativa A<\/strong> est\u00e1 incorreta. O art. 195 do CPC\nprev\u00ea que o registro de ato processual eletr\u00f4nico dever\u00e1 ser feito em padr\u00f5es <strong>abertos<\/strong>,\nestando incorreta a afirma\u00e7\u00e3o no sentido de que os registros seguem padr\u00e3o\nfechado. Confira:<\/p>\n\n\n\n<blockquote class=\"wp-block-quote is-layout-flow wp-block-quote-is-layout-flow\"><p><em>Art. 195. O registro de ato processual eletr\u00f4nico dever\u00e1 ser feito em <strong>padr\u00f5es abertos<\/strong>, que atender\u00e3o aos requisitos de autenticidade, integridade, temporalidade, n\u00e3o rep\u00fadio, conserva\u00e7\u00e3o e, nos casos que tramitem em segredo de justi\u00e7a, confidencialidade, observada a infraestrutura de chaves p\u00fablicas unificada nacionalmente, nos termos da lei.<\/em><\/p><\/blockquote>\n\n\n\n<p>A <strong>alternativa B <\/strong>\u00e9\na correta e gabarito da quest\u00e3o. A assertiva est\u00e1 de acordo com o art. 188 do\nCPC: \u201c<strong><em>os atos e os termos\nprocessuais independem de forma determinada, salvo quando a lei expressamente a\nexigir<\/em><\/strong><em>, considerando-se v\u00e1lidos os que, realizados de outro modo,\nlhe preencham a finalidade essencial\u201d<\/em>. <\/p>\n\n\n\n<p>A <strong>alternativa C<\/strong> est\u00e1 incorreta. Quanto \u00e0s nulidades,\nem homenagem ao princ\u00edpio da instrumentalidade das formas, estabeleceu o art.\n277 do CPC, que mesmo <em>quando a lei prescrever determinada forma, <strong>o juiz\nconsiderar\u00e1 v\u00e1lido o ato <\/strong>se, realizado de outro modo, lhe alcan\u00e7ar a\nfinalidade<\/em>. Portanto, n\u00e3o seria caso de nulidade como registrado na\nassertiva.<\/p>\n\n\n\n<p>A <strong>alternativa D<\/strong> est\u00e1 incorreta, pois o &nbsp;art. 191 do CPC, de forma inovadora, estipulou\na possibilidade de ser estipulado calend\u00e1rio processual de comum acordo entre o\njuiz e as partes.<\/p>\n\n\n\n<p>A <strong>alternativa E<\/strong>, por fim, est\u00e1 incorreta.\nDiversamente do que cont\u00e9m na assertiva, a publicidade processual \u00e9 a regra e o\nsegredo de justi\u00e7a configura exce\u00e7\u00e3o. Veja o que disp\u00f5e o art. 189 do CPC:<\/p>\n\n\n\n<blockquote class=\"wp-block-quote is-layout-flow wp-block-quote-is-layout-flow\"><p><em>Art. 189. Os atos processuais <strong>s\u00e3o p\u00fablicos<\/strong>, <strong>todavia tramitam em segredo de justi\u00e7a os processos<\/strong>:<\/em><\/p><p><em>I &#8211; em que o exija o interesse p\u00fablico ou social;<\/em><\/p><p><em>II &#8211; que versem sobre casamento, separa\u00e7\u00e3o de corpos, div\u00f3rcio, separa\u00e7\u00e3o, uni\u00e3o est\u00e1vel, filia\u00e7\u00e3o, alimentos e guarda de crian\u00e7as e adolescentes;<\/em><\/p><p><em>III &#8211; em que constem dados protegidos pelo direito constitucional \u00e0 intimidade;<\/em><\/p><p><em>IV &#8211; que versem sobre arbitragem, inclusive sobre cumprimento de carta arbitral, desde que a confidencialidade estipulada na arbitragem seja comprovada perante o ju\u00edzo.<\/em><\/p><\/blockquote>\n\n\n\n<p>Al\u00e9m disso, \u00e9 poss\u00edvel extrair essa interpreta\u00e7\u00e3o de outros\ndispositivos do CPC (arts. 8\u00ba, &nbsp;11, 26,\nIII e 194) e tamb\u00e9m do art. 5\u00ba, LX, da CF.<\/p>\n\n\n\n<p>Logo, a <strong>alternativa B<\/strong>\nest\u00e1 correta e \u00e9 o gabarito da quest\u00e3o.<\/p>\n\n\n\n<p><strong>48. CESPE\/TJ-PR\/2019<\/strong><\/p>\n\n\n\n<p>De acordo com a Lei n\u00ba 9.099\/95, os juizados especiais\nc\u00edveis t\u00eam compet\u00eancia para julgar <\/p>\n\n\n\n<p>a) A\u00e7\u00f5es de interesse da fazenda p\u00fablica.<\/p>\n\n\n\n<p>b) A\u00e7\u00f5es c\u00edveis, desde que o valor da causa n\u00e3o exceda\nvinte sal\u00e1rios-m\u00ednimos.<\/p>\n\n\n\n<p>c) A\u00e7\u00f5es de despejo para uso pr\u00f3prio.<\/p>\n\n\n\n<p>d) A\u00e7\u00f5es possess\u00f3rias sobre bens im\u00f3veis, independente do\nvalor da causa.<\/p>\n\n\n\n<p>e) A\u00e7\u00f5es de natureza alimentar.<\/p>\n\n\n\n<p><strong>Coment\u00e1rios<\/strong><\/p>\n\n\n\n<p>A <strong>alternativa A<\/strong> est\u00e1 incorreta. O art. 3\u00ba, \u00a7 2\u00ba, da\nLei n\u00ba 9.099\/95 apresenta determina\u00e7\u00e3o expressa de exclus\u00e3o da compet\u00eancia dos\njuizados para conhecer de <strong>causas envolvendo a fazenda p\u00fablica<\/strong>. Ademais,\nos Juizados Especiais da Fazenda P\u00fablica s\u00e3o regidos pela Lei 12.153\/09.<\/p>\n\n\n\n<p>&nbsp;A <strong>alternativa B<\/strong>&nbsp; est\u00e1 incorreta. O limite estipulado pelo art.\n3\u00ba, inciso I, da Lei n\u00ba 9.099\/95 \u00e9 de <strong>quarenta vezes o sal\u00e1rio m\u00ednimo<\/strong>, o\nque torna a alternativa falsa. Vale salientar que o <strong>valor de\nat\u00e9 vinte sal\u00e1rios m\u00ednimos<\/strong> serve para facultar a assist\u00eancia de advogado,\numa vez que ultrapassado esse limite, a assist\u00eancia ser\u00e1 obrigat\u00f3ria, conforme\ndisp\u00f5e o art. 9\u00ba da Lei n\u00ba 9.099\/95.<\/p>\n\n\n\n<p>A <strong>alternativa C <\/strong>est\u00e1\ncorreta e \u00e9 o gabarito da quest\u00e3o. Ainda no art. 3\u00ba, da Lei n\u00ba 9.099\/95, agora\nno inciso III, h\u00e1 autoriza\u00e7\u00e3o legal para que <strong>a\u00e7\u00e3o de despejo para uso\npr\u00f3prio<\/strong> seja conhecida no \u00e2mbito dos juizados especiais. <\/p>\n\n\n\n<p>A <strong>alternativa D<\/strong> est\u00e1 incorreta, de acordo art. 3\u00ba,\ninciso IV, da Lei n\u00ba 9.099\/95, para que a\u00e7\u00f5es possess\u00f3rias tramitem no \u00e2mbito\ndos juizados especiais, deve ser observado a limita\u00e7\u00e3o de <strong>quarenta vezes o\nsal\u00e1rio m\u00ednimo<\/strong> contida no inciso I do mesmo artigo, o que contraria a\nafirma\u00e7\u00e3o da assertiva.<\/p>\n\n\n\n<p>A <strong>alternativa E<\/strong>, por fim, est\u00e1 incorreta, pois o\nart. 3\u00ba, \u00a7 2\u00ba, da Lei n\u00ba 9.099\/95 veda, tamb\u00e9m, a possibilidade de tramita\u00e7\u00e3o\nde <strong>causas de natureza alimentar<\/strong> no \u00e2mbito dos juizados especiais.<\/p>\n\n\n\n<p>Logo, a <strong>alternativa C<\/strong>\nest\u00e1 correta e \u00e9 o gabarito da quest\u00e3o.<\/p>\n\n\n\n<p><strong>50. CESPE\/TJ-PR\/2019<\/strong><\/p>\n\n\n\n<p>Julgue os seguintes itens, acerca de cita\u00e7\u00e3o,\nconsiderando o disposto no CPC.<\/p>\n\n\n\n<p>I- Cita\u00e7\u00e3o \u00e9 o ato pelo qual o r\u00e9u, o executado ou o\ninteressado s\u00e3o convocados para integrar a rela\u00e7\u00e3o processual.<\/p>\n\n\n\n<p>II- A cita\u00e7\u00e3o do r\u00e9u \u00e9 indispens\u00e1vel para a validade do\nprocesso, ainda que haja improced\u00eancia liminar do pedido.<\/p>\n\n\n\n<p>III- Sendo nula a cita\u00e7\u00e3o, o comparecimento espont\u00e2neo do\nr\u00e9u suprir\u00e1 a falha e determinar\u00e1 o in\u00edcio do prazo para contesta\u00e7\u00e3o.&nbsp; <\/p>\n\n\n\n<p>Assinale a op\u00e7\u00e3o correta.<\/p>\n\n\n\n<p>a) Apenas o item I est\u00e1 certo.<\/p>\n\n\n\n<p>b) Apenas o item II est\u00e1 certo.<\/p>\n\n\n\n<p>c) Apenas os itens I e III est\u00e3o certos. <\/p>\n\n\n\n<p>d) Apenas os itens II e III est\u00e3o certos.<\/p>\n\n\n\n<p>e) Todos os itens est\u00e3o certos.<\/p>\n\n\n\n<p><strong>Coment\u00e1rios<\/strong><\/p>\n\n\n\n<p>O <strong>item I<\/strong> est\u00e1 correto. A assertiva\nreproduz o conte\u00fado do art. 238, do CPC, que prev\u00ea que a <strong><em>cita\u00e7\u00e3o \u00e9 o ato\npelo qual s\u00e3o convocados o r\u00e9u, o executado ou o interessado para integrar a\nrela\u00e7\u00e3o processual<\/em><\/strong>. <\/p>\n\n\n\n<blockquote class=\"wp-block-quote is-layout-flow wp-block-quote-is-layout-flow\"><p><em>Art. 238. Cita\u00e7\u00e3o \u00e9 o ato pelo qual s\u00e3o convocados o r\u00e9u, o executado ou o interessado para integrar a rela\u00e7\u00e3o processual.<\/em><\/p><\/blockquote>\n\n\n\n<p>O <strong>item II<\/strong> est\u00e1 incorreto. A cita\u00e7\u00e3o, como regra, \u00e9 realmente\nindispens\u00e1vel para a validade do processo. No entanto, essa regra comporta\nexce\u00e7\u00f5es, como no caso de <strong>improced\u00eancia liminar<\/strong>, o que se extrai da\nparte final do art. 239, caput, do CPC. Portanto, equivoca-se a assertiva ao\nafirmar que, em casos de improced\u00eancia liminar, a cita\u00e7\u00e3o do r\u00e9u \u00e9\nindispens\u00e1vel para a validade do processo.<\/p>\n\n\n\n<blockquote class=\"wp-block-quote is-layout-flow wp-block-quote-is-layout-flow\"><p><em>Art. 239. Para a validade do processo \u00e9 indispens\u00e1vel a cita\u00e7\u00e3o do r\u00e9u ou do executado, <strong>ressalvadas as hip\u00f3teses<\/strong> de indeferimento da peti\u00e7\u00e3o inicial ou de <strong>improced\u00eancia liminar do pedido<\/strong>.<\/em><\/p><\/blockquote>\n\n\n\n<p>O <strong>item III<\/strong> est\u00e1 correto. A assertiva\nreproduz o conte\u00fado do art. 239, \u00a7 1\u00ba, do CPC, na medida em que prev\u00ea que <strong><em>o\ncomparecimento espont\u00e2neo do r\u00e9u ou do executado supre a falta ou a nulidade da\ncita\u00e7\u00e3o, fluindo a partir desta data o prazo para apresenta\u00e7\u00e3o de contesta\u00e7\u00e3o<\/em><\/strong>.<\/p>\n\n\n\n<blockquote class=\"wp-block-quote is-layout-flow wp-block-quote-is-layout-flow\"><p><em>Art. 239. Para a validade do processo \u00e9 indispens\u00e1vel a cita\u00e7\u00e3o do r\u00e9u ou do executado, ressalvadas as hip\u00f3teses de indeferimento da peti\u00e7\u00e3o inicial ou de improced\u00eancia liminar do pedido.<\/em><\/p><p><em>\u00a7 1\u00ba <strong>O comparecimento espont\u00e2neo do r\u00e9u ou do executado supre a falta ou a nulidade da cita\u00e7\u00e3o, fluindo a partir desta data o prazo para apresenta\u00e7\u00e3o de contesta\u00e7\u00e3o ou de embargos \u00e0 execu\u00e7\u00e3o<\/strong>.<\/em><\/p><\/blockquote>\n\n\n\n<p>Dessa forma, considerando que est\u00e3o corretos os itens I e III, a <strong>alternativa C<\/strong> \u00e9 o gabarito da quest\u00e3o.<\/p>\n\n\n\n<p>&#8212;<\/p>\n\n\n\n<p>\u00c9 isso.<\/p>\n\n\n\n<p>Bons estudos!<\/p>\n","protected":false},"excerpt":{"rendered":"<p>Ol\u00e1! Analisamos as quest\u00f5es de Direito Processual Civil aplicadas na prova deste final de semana do TJ-PR. Verificamos as quest\u00f5es e entendemos que n\u00e3o cabe recurso em uma an\u00e1lise preliminar. N\u00e3o obstante, caso voc\u00ea fique em d\u00favida, por favor, no contate: INSTAGRAM:&nbsp;https:\/\/www.instagram.com\/proftorques\/ FACEBOOK:\u00a0https:\/\/www.facebook.com\/dpcparaconcursos\/ E-MAIL:&nbsp;rst.estrategia@gmail.com Vamos \u00e0s quest\u00f5es?! Vale ressaltar, que a quest\u00e3o 49 n\u00e3o \u00e9 [&hellip;]<\/p>\n","protected":false},"author":180,"featured_media":0,"comment_status":"open","ping_status":"closed","sticky":false,"template":"","format":"standard","meta":{"post_tipo":"article","footnotes":""},"categories":[1,1984],"tags":[3127,1182,867,312],"tax_estado":[],"class_list":["post-424696","post","type-post","status-publish","format-standard","hentry","category-cursos-e-concursos","category-tribunais","tag-dpc","tag-processo-civil","tag-prova-comentada","tag-tj-pr"],"acf":[],"yoast_head":"<!-- This site is optimized with the Yoast SEO Premium plugin v27.2 (Yoast SEO v27.2) - https:\/\/yoast.com\/product\/yoast-seo-premium-wordpress\/ -->\n<title>Coment\u00e1rios \u00e0s Quest\u00f5es de Direito Processual Civil da prova do TJ-PR<\/title>\n<meta name=\"robots\" content=\"index, follow, max-snippet:-1, max-image-preview:large, max-video-preview:-1\" \/>\n<link rel=\"canonical\" href=\"https:\/\/www.estrategiaconcursos.com.br\/blog\/comentarios-as-questoes-de-direito-processual-civil-da-prova-do-tj-pr\/\" \/>\n<meta property=\"og:locale\" content=\"pt_BR\" \/>\n<meta property=\"og:type\" content=\"article\" \/>\n<meta property=\"og:title\" content=\"Coment\u00e1rios \u00e0s Quest\u00f5es de Direito Processual Civil da prova do TJ-PR\" \/>\n<meta property=\"og:description\" content=\"Ol\u00e1! Analisamos as quest\u00f5es de Direito Processual Civil aplicadas na prova deste final de semana do TJ-PR. Verificamos as quest\u00f5es e entendemos que n\u00e3o cabe recurso em uma an\u00e1lise preliminar. N\u00e3o obstante, caso voc\u00ea fique em d\u00favida, por favor, no contate: INSTAGRAM:&nbsp;https:\/\/www.instagram.com\/proftorques\/ FACEBOOK:\u00a0https:\/\/www.facebook.com\/dpcparaconcursos\/ E-MAIL:&nbsp;rst.estrategia@gmail.com Vamos \u00e0s quest\u00f5es?! Vale ressaltar, que a quest\u00e3o 49 n\u00e3o \u00e9 [&hellip;]\" \/>\n<meta property=\"og:url\" content=\"https:\/\/www.estrategiaconcursos.com.br\/blog\/comentarios-as-questoes-de-direito-processual-civil-da-prova-do-tj-pr\/\" \/>\n<meta property=\"og:site_name\" content=\"Estrat\u00e9gia Concursos\" \/>\n<meta property=\"article:author\" content=\"https:\/\/www.facebook.com\/ricardo.s.torques\" \/>\n<meta property=\"article:published_time\" content=\"2019-09-23T21:40:09+00:00\" \/>\n<meta property=\"article:modified_time\" content=\"2019-11-08T19:34:36+00:00\" \/>\n<meta name=\"author\" content=\"Ricardo Torques\" \/>\n<meta name=\"twitter:card\" content=\"summary_large_image\" \/>\n<meta name=\"twitter:creator\" content=\"@EstratConcursos\" \/>\n<meta name=\"twitter:site\" content=\"@EstratConcursos\" \/>\n<meta name=\"twitter:label1\" content=\"Escrito por\" \/>\n\t<meta name=\"twitter:data1\" content=\"Ricardo Torques\" \/>\n\t<meta name=\"twitter:label2\" content=\"Est. tempo de leitura\" \/>\n\t<meta name=\"twitter:data2\" content=\"7 minutos\" \/>\n<script type=\"application\/ld+json\" class=\"yoast-schema-graph\">{\"@context\":\"https:\/\/schema.org\",\"@graph\":[{\"@type\":\"NewsArticle\",\"@id\":\"https:\/\/www.estrategiaconcursos.com.br\/blog\/comentarios-as-questoes-de-direito-processual-civil-da-prova-do-tj-pr\/#article\",\"isPartOf\":{\"@id\":\"https:\/\/www.estrategiaconcursos.com.br\/blog\/comentarios-as-questoes-de-direito-processual-civil-da-prova-do-tj-pr\/\"},\"author\":{\"name\":\"Ricardo Torques\",\"@id\":\"https:\/\/www.estrategiaconcursos.com.br\/blog\/#\/schema\/person\/aa39cf5ddb518e5bdce27c35788405e2\"},\"headline\":\"Coment\u00e1rios \u00e0s Quest\u00f5es de Direito Processual Civil da prova do TJ-PR\",\"datePublished\":\"2019-09-23T21:40:09+00:00\",\"dateModified\":\"2019-11-08T19:34:36+00:00\",\"mainEntityOfPage\":{\"@id\":\"https:\/\/www.estrategiaconcursos.com.br\/blog\/comentarios-as-questoes-de-direito-processual-civil-da-prova-do-tj-pr\/\"},\"wordCount\":1378,\"commentCount\":1,\"publisher\":{\"@id\":\"https:\/\/www.estrategiaconcursos.com.br\/blog\/#organization\"},\"keywords\":[\"DPC\",\"Processo Civil\",\"prova comentada\",\"TJ-PR\"],\"articleSection\":[\"Concursos P\u00fablicos\",\"Tribunais\"],\"inLanguage\":\"pt-BR\",\"potentialAction\":[{\"@type\":\"CommentAction\",\"name\":\"Comment\",\"target\":[\"https:\/\/www.estrategiaconcursos.com.br\/blog\/comentarios-as-questoes-de-direito-processual-civil-da-prova-do-tj-pr\/#respond\"]}],\"copyrightYear\":\"2019\",\"copyrightHolder\":{\"@id\":\"https:\/\/www.estrategiaconcursos.com.br\/blog\/#organization\"}},{\"@type\":\"WebPage\",\"@id\":\"https:\/\/www.estrategiaconcursos.com.br\/blog\/comentarios-as-questoes-de-direito-processual-civil-da-prova-do-tj-pr\/\",\"url\":\"https:\/\/www.estrategiaconcursos.com.br\/blog\/comentarios-as-questoes-de-direito-processual-civil-da-prova-do-tj-pr\/\",\"name\":\"Coment\u00e1rios \u00e0s Quest\u00f5es de Direito Processual Civil da prova do TJ-PR\",\"isPartOf\":{\"@id\":\"https:\/\/www.estrategiaconcursos.com.br\/blog\/#website\"},\"datePublished\":\"2019-09-23T21:40:09+00:00\",\"dateModified\":\"2019-11-08T19:34:36+00:00\",\"breadcrumb\":{\"@id\":\"https:\/\/www.estrategiaconcursos.com.br\/blog\/comentarios-as-questoes-de-direito-processual-civil-da-prova-do-tj-pr\/#breadcrumb\"},\"inLanguage\":\"pt-BR\",\"potentialAction\":[{\"@type\":\"ReadAction\",\"target\":[\"https:\/\/www.estrategiaconcursos.com.br\/blog\/comentarios-as-questoes-de-direito-processual-civil-da-prova-do-tj-pr\/\"]}]},{\"@type\":\"BreadcrumbList\",\"@id\":\"https:\/\/www.estrategiaconcursos.com.br\/blog\/comentarios-as-questoes-de-direito-processual-civil-da-prova-do-tj-pr\/#breadcrumb\",\"itemListElement\":[{\"@type\":\"ListItem\",\"position\":1,\"name\":\"In\u00edcio\",\"item\":\"https:\/\/www.estrategiaconcursos.com.br\/blog\/\"},{\"@type\":\"ListItem\",\"position\":2,\"name\":\"Coment\u00e1rios \u00e0s Quest\u00f5es de Direito Processual Civil da prova do TJ-PR\"}]},{\"@type\":\"WebSite\",\"@id\":\"https:\/\/www.estrategiaconcursos.com.br\/blog\/#website\",\"url\":\"https:\/\/www.estrategiaconcursos.com.br\/blog\/\",\"name\":\"Estrat\u00e9gia Concursos\",\"description\":\"O blog da Estrat\u00e9gia Concursos traz not\u00edcias sobre concursos e artigos de professores oferecendo cursos para concursos (pdf + videaulas) no site.\",\"publisher\":{\"@id\":\"https:\/\/www.estrategiaconcursos.com.br\/blog\/#organization\"},\"potentialAction\":[{\"@type\":\"SearchAction\",\"target\":{\"@type\":\"EntryPoint\",\"urlTemplate\":\"https:\/\/www.estrategiaconcursos.com.br\/blog\/?s={search_term_string}\"},\"query-input\":{\"@type\":\"PropertyValueSpecification\",\"valueRequired\":true,\"valueName\":\"search_term_string\"}}],\"inLanguage\":\"pt-BR\"},{\"@type\":\"Organization\",\"@id\":\"https:\/\/www.estrategiaconcursos.com.br\/blog\/#organization\",\"name\":\"Estrat\u00e9gia Concursos\",\"url\":\"https:\/\/www.estrategiaconcursos.com.br\/blog\/\",\"logo\":{\"@type\":\"ImageObject\",\"inLanguage\":\"pt-BR\",\"@id\":\"https:\/\/www.estrategiaconcursos.com.br\/blog\/#\/schema\/logo\/image\/\",\"url\":\"https:\/\/dhg1h5j42swfq.cloudfront.net\/2025\/06\/03203428\/logo_concursos-1.jpg\",\"contentUrl\":\"https:\/\/dhg1h5j42swfq.cloudfront.net\/2025\/06\/03203428\/logo_concursos-1.jpg\",\"width\":230,\"height\":60,\"caption\":\"Estrat\u00e9gia Concursos\"},\"image\":{\"@id\":\"https:\/\/www.estrategiaconcursos.com.br\/blog\/#\/schema\/logo\/image\/\"},\"sameAs\":[\"https:\/\/x.com\/EstratConcursos\"]},{\"@type\":\"Person\",\"@id\":\"https:\/\/www.estrategiaconcursos.com.br\/blog\/#\/schema\/person\/aa39cf5ddb518e5bdce27c35788405e2\",\"name\":\"Ricardo Torques\",\"image\":{\"@type\":\"ImageObject\",\"inLanguage\":\"pt-BR\",\"@id\":\"https:\/\/secure.gravatar.com\/avatar\/ce9ac6c3cff25fe86d15ed568ebc64d1724baf5c0693133bcb1f6073f712f92a?s=96&d=mm&r=g\",\"url\":\"https:\/\/secure.gravatar.com\/avatar\/ce9ac6c3cff25fe86d15ed568ebc64d1724baf5c0693133bcb1f6073f712f92a?s=96&d=mm&r=g\",\"contentUrl\":\"https:\/\/secure.gravatar.com\/avatar\/ce9ac6c3cff25fe86d15ed568ebc64d1724baf5c0693133bcb1f6073f712f92a?s=96&d=mm&r=g\",\"caption\":\"Ricardo Torques\"},\"sameAs\":[\"https:\/\/www.facebook.com\/ricardo.s.torques\"],\"url\":\"https:\/\/www.estrategiaconcursos.com.br\/blog\/author\/ricardotorquesestrategiaconcursos-com-br\/\"}]}<\/script>\n<!-- \/ Yoast SEO Premium plugin. -->","yoast_head_json":{"title":"Coment\u00e1rios \u00e0s Quest\u00f5es de Direito Processual Civil da prova do TJ-PR","robots":{"index":"index","follow":"follow","max-snippet":"max-snippet:-1","max-image-preview":"max-image-preview:large","max-video-preview":"max-video-preview:-1"},"canonical":"https:\/\/www.estrategiaconcursos.com.br\/blog\/comentarios-as-questoes-de-direito-processual-civil-da-prova-do-tj-pr\/","og_locale":"pt_BR","og_type":"article","og_title":"Coment\u00e1rios \u00e0s Quest\u00f5es de Direito Processual Civil da prova do TJ-PR","og_description":"Ol\u00e1! Analisamos as quest\u00f5es de Direito Processual Civil aplicadas na prova deste final de semana do TJ-PR. Verificamos as quest\u00f5es e entendemos que n\u00e3o cabe recurso em uma an\u00e1lise preliminar. N\u00e3o obstante, caso voc\u00ea fique em d\u00favida, por favor, no contate: INSTAGRAM:&nbsp;https:\/\/www.instagram.com\/proftorques\/ FACEBOOK:\u00a0https:\/\/www.facebook.com\/dpcparaconcursos\/ E-MAIL:&nbsp;rst.estrategia@gmail.com Vamos \u00e0s quest\u00f5es?! Vale ressaltar, que a quest\u00e3o 49 n\u00e3o \u00e9 [&hellip;]","og_url":"https:\/\/www.estrategiaconcursos.com.br\/blog\/comentarios-as-questoes-de-direito-processual-civil-da-prova-do-tj-pr\/","og_site_name":"Estrat\u00e9gia Concursos","article_author":"https:\/\/www.facebook.com\/ricardo.s.torques","article_published_time":"2019-09-23T21:40:09+00:00","article_modified_time":"2019-11-08T19:34:36+00:00","author":"Ricardo Torques","twitter_card":"summary_large_image","twitter_creator":"@EstratConcursos","twitter_site":"@EstratConcursos","twitter_misc":{"Escrito por":"Ricardo Torques","Est. tempo de leitura":"7 minutos"},"schema":{"@context":"https:\/\/schema.org","@graph":[{"@type":"NewsArticle","@id":"https:\/\/www.estrategiaconcursos.com.br\/blog\/comentarios-as-questoes-de-direito-processual-civil-da-prova-do-tj-pr\/#article","isPartOf":{"@id":"https:\/\/www.estrategiaconcursos.com.br\/blog\/comentarios-as-questoes-de-direito-processual-civil-da-prova-do-tj-pr\/"},"author":{"name":"Ricardo Torques","@id":"https:\/\/www.estrategiaconcursos.com.br\/blog\/#\/schema\/person\/aa39cf5ddb518e5bdce27c35788405e2"},"headline":"Coment\u00e1rios \u00e0s Quest\u00f5es de Direito Processual Civil da prova do TJ-PR","datePublished":"2019-09-23T21:40:09+00:00","dateModified":"2019-11-08T19:34:36+00:00","mainEntityOfPage":{"@id":"https:\/\/www.estrategiaconcursos.com.br\/blog\/comentarios-as-questoes-de-direito-processual-civil-da-prova-do-tj-pr\/"},"wordCount":1378,"commentCount":1,"publisher":{"@id":"https:\/\/www.estrategiaconcursos.com.br\/blog\/#organization"},"keywords":["DPC","Processo Civil","prova comentada","TJ-PR"],"articleSection":["Concursos P\u00fablicos","Tribunais"],"inLanguage":"pt-BR","potentialAction":[{"@type":"CommentAction","name":"Comment","target":["https:\/\/www.estrategiaconcursos.com.br\/blog\/comentarios-as-questoes-de-direito-processual-civil-da-prova-do-tj-pr\/#respond"]}],"copyrightYear":"2019","copyrightHolder":{"@id":"https:\/\/www.estrategiaconcursos.com.br\/blog\/#organization"}},{"@type":"WebPage","@id":"https:\/\/www.estrategiaconcursos.com.br\/blog\/comentarios-as-questoes-de-direito-processual-civil-da-prova-do-tj-pr\/","url":"https:\/\/www.estrategiaconcursos.com.br\/blog\/comentarios-as-questoes-de-direito-processual-civil-da-prova-do-tj-pr\/","name":"Coment\u00e1rios \u00e0s Quest\u00f5es de Direito Processual Civil da prova do TJ-PR","isPartOf":{"@id":"https:\/\/www.estrategiaconcursos.com.br\/blog\/#website"},"datePublished":"2019-09-23T21:40:09+00:00","dateModified":"2019-11-08T19:34:36+00:00","breadcrumb":{"@id":"https:\/\/www.estrategiaconcursos.com.br\/blog\/comentarios-as-questoes-de-direito-processual-civil-da-prova-do-tj-pr\/#breadcrumb"},"inLanguage":"pt-BR","potentialAction":[{"@type":"ReadAction","target":["https:\/\/www.estrategiaconcursos.com.br\/blog\/comentarios-as-questoes-de-direito-processual-civil-da-prova-do-tj-pr\/"]}]},{"@type":"BreadcrumbList","@id":"https:\/\/www.estrategiaconcursos.com.br\/blog\/comentarios-as-questoes-de-direito-processual-civil-da-prova-do-tj-pr\/#breadcrumb","itemListElement":[{"@type":"ListItem","position":1,"name":"In\u00edcio","item":"https:\/\/www.estrategiaconcursos.com.br\/blog\/"},{"@type":"ListItem","position":2,"name":"Coment\u00e1rios \u00e0s Quest\u00f5es de Direito Processual Civil da prova do TJ-PR"}]},{"@type":"WebSite","@id":"https:\/\/www.estrategiaconcursos.com.br\/blog\/#website","url":"https:\/\/www.estrategiaconcursos.com.br\/blog\/","name":"Estrat\u00e9gia Concursos","description":"O blog da Estrat\u00e9gia Concursos traz not\u00edcias sobre concursos e artigos de professores oferecendo cursos para concursos (pdf + videaulas) no site.","publisher":{"@id":"https:\/\/www.estrategiaconcursos.com.br\/blog\/#organization"},"potentialAction":[{"@type":"SearchAction","target":{"@type":"EntryPoint","urlTemplate":"https:\/\/www.estrategiaconcursos.com.br\/blog\/?s={search_term_string}"},"query-input":{"@type":"PropertyValueSpecification","valueRequired":true,"valueName":"search_term_string"}}],"inLanguage":"pt-BR"},{"@type":"Organization","@id":"https:\/\/www.estrategiaconcursos.com.br\/blog\/#organization","name":"Estrat\u00e9gia Concursos","url":"https:\/\/www.estrategiaconcursos.com.br\/blog\/","logo":{"@type":"ImageObject","inLanguage":"pt-BR","@id":"https:\/\/www.estrategiaconcursos.com.br\/blog\/#\/schema\/logo\/image\/","url":"https:\/\/dhg1h5j42swfq.cloudfront.net\/2025\/06\/03203428\/logo_concursos-1.jpg","contentUrl":"https:\/\/dhg1h5j42swfq.cloudfront.net\/2025\/06\/03203428\/logo_concursos-1.jpg","width":230,"height":60,"caption":"Estrat\u00e9gia Concursos"},"image":{"@id":"https:\/\/www.estrategiaconcursos.com.br\/blog\/#\/schema\/logo\/image\/"},"sameAs":["https:\/\/x.com\/EstratConcursos"]},{"@type":"Person","@id":"https:\/\/www.estrategiaconcursos.com.br\/blog\/#\/schema\/person\/aa39cf5ddb518e5bdce27c35788405e2","name":"Ricardo Torques","image":{"@type":"ImageObject","inLanguage":"pt-BR","@id":"https:\/\/secure.gravatar.com\/avatar\/ce9ac6c3cff25fe86d15ed568ebc64d1724baf5c0693133bcb1f6073f712f92a?s=96&d=mm&r=g","url":"https:\/\/secure.gravatar.com\/avatar\/ce9ac6c3cff25fe86d15ed568ebc64d1724baf5c0693133bcb1f6073f712f92a?s=96&d=mm&r=g","contentUrl":"https:\/\/secure.gravatar.com\/avatar\/ce9ac6c3cff25fe86d15ed568ebc64d1724baf5c0693133bcb1f6073f712f92a?s=96&d=mm&r=g","caption":"Ricardo Torques"},"sameAs":["https:\/\/www.facebook.com\/ricardo.s.torques"],"url":"https:\/\/www.estrategiaconcursos.com.br\/blog\/author\/ricardotorquesestrategiaconcursos-com-br\/"}]}},"_links":{"self":[{"href":"https:\/\/www.estrategiaconcursos.com.br\/blog\/wp-json\/wp\/v2\/posts\/424696","targetHints":{"allow":["GET"]}}],"collection":[{"href":"https:\/\/www.estrategiaconcursos.com.br\/blog\/wp-json\/wp\/v2\/posts"}],"about":[{"href":"https:\/\/www.estrategiaconcursos.com.br\/blog\/wp-json\/wp\/v2\/types\/post"}],"author":[{"embeddable":true,"href":"https:\/\/www.estrategiaconcursos.com.br\/blog\/wp-json\/wp\/v2\/users\/180"}],"replies":[{"embeddable":true,"href":"https:\/\/www.estrategiaconcursos.com.br\/blog\/wp-json\/wp\/v2\/comments?post=424696"}],"version-history":[{"count":1,"href":"https:\/\/www.estrategiaconcursos.com.br\/blog\/wp-json\/wp\/v2\/posts\/424696\/revisions"}],"predecessor-version":[{"id":424701,"href":"https:\/\/www.estrategiaconcursos.com.br\/blog\/wp-json\/wp\/v2\/posts\/424696\/revisions\/424701"}],"wp:attachment":[{"href":"https:\/\/www.estrategiaconcursos.com.br\/blog\/wp-json\/wp\/v2\/media?parent=424696"}],"wp:term":[{"taxonomy":"category","embeddable":true,"href":"https:\/\/www.estrategiaconcursos.com.br\/blog\/wp-json\/wp\/v2\/categories?post=424696"},{"taxonomy":"post_tag","embeddable":true,"href":"https:\/\/www.estrategiaconcursos.com.br\/blog\/wp-json\/wp\/v2\/tags?post=424696"},{"taxonomy":"tax_estado","embeddable":true,"href":"https:\/\/www.estrategiaconcursos.com.br\/blog\/wp-json\/wp\/v2\/tax_estado?post=424696"}],"curies":[{"name":"wp","href":"https:\/\/api.w.org\/{rel}","templated":true}]}}