{"id":424382,"date":"2019-09-23T10:21:02","date_gmt":"2019-09-23T13:21:02","guid":{"rendered":"https:\/\/www.estrategiaconcursos.com.br\/blog\/?p=424382"},"modified":"2023-07-24T16:53:57","modified_gmt":"2023-07-24T19:53:57","slug":"concurso-prefeitura-de-vassouras-rj","status":"publish","type":"post","link":"https:\/\/www.estrategiaconcursos.com.br\/blog\/concurso-prefeitura-de-vassouras-rj\/","title":{"rendered":"Concurso Prefeitura de Vassouras RJ: publicado edital com diversas vagas"},"content":{"rendered":"\n<p>Foi publicado no Di\u00e1rio Oficial desta segunda-feira, 23 de setembro, o edital do concurso Prefeitura de Vassouras, munic\u00edpio do Estado do Rio de Janeiro. S\u00e3o ofertadas <strong>238 vagas para diversos cargos<\/strong> de n\u00edvel fundamental, m\u00e9dio, t\u00e9cnico e superior. <\/p>\n\n\n\n<p>Os candidatos interessados em participar do certame, devem se <em>inscrever <\/em>no per\u00edodo de <strong>25 de setembro a 14 de outubro<\/strong>, atrav\u00e9s do site da banca organizadora, o&nbsp;Instituto Brasileiro de Administra\u00e7\u00e3o Municipal (IBAM). Os valores das inscri\u00e7\u00f5es s\u00e3o os dispostos abaixo: <\/p>\n\n\n\n<ul class=\"wp-block-list\">\n<li><strong>N\u00edvel Fundamental<\/strong>: R$ 40,00<\/li>\n\n\n\n<li><strong>N\u00edvel M\u00e9dio e T\u00e9cnico<\/strong>: R$ 60,00<\/li>\n\n\n\n<li><strong>N\u00edvel Superior<\/strong>: R$ 80,00<\/li>\n<\/ul>\n\n\n\n<ul class=\"wp-block-list\">\n<li><strong><em><a href=\"#principais-datas\">Principais datas<\/a><\/em><\/strong><\/li>\n\n\n\n<li><strong><em><a href=\"#cargos-vagas\">Cargos e vagas<\/a><\/em><\/strong><\/li>\n\n\n\n<li><strong><em><a href=\"#etapas-provas\">Etapas e provas<\/a><\/em><\/strong><\/li>\n\n\n\n<li><strong><em><a href=\"#cursos-assinatura\">Cursos e Assinatura ilimitada<\/a><\/em><\/strong><\/li>\n\n\n\n<li><strong><em><a href=\"#ficha-tecnica\">Ficha t\u00e9cnica<\/a><\/em><\/strong><\/li>\n<\/ul>\n\n\n\n<h2 class=\"wp-block-heading\" id=\"principais-datas\">Principais datas do concurso Prefeitura de Vassouras<\/h2>\n\n\n\n<p class=\"has-very-light-gray-background-color has-background\"><strong>Inscri\u00e7\u00f5es<\/strong>: 25 de setembro a 14 de outubro<br \/><strong>Isen\u00e7\u00e3o da taxa<\/strong>: 25 a 27 de setembro<br \/><strong>\u00daltimo dia para pagamento<\/strong>: 15 de outubro<br \/><strong>Prova<\/strong>: 17 de novembro<\/p>\n\n\n\n<h2 class=\"wp-block-heading\" id=\"cargos-vagas\">Cargos e vagas do concurso Prefeitura de Vassouras<\/h2>\n\n\n\n<p>O concurso Prefeitura de Vassouras oferta, ao todo, 238 vagas para diversos cargos de n\u00edvel fundamental, m\u00e9dio, t\u00e9cnico e superior. Confira abaixo os cargos ofertados, juntamente com suas respectivas vagas e remunera\u00e7\u00f5es:<\/p>\n\n\n\n<h3 class=\"wp-block-heading\">N\u00edvel fundamental<\/h3>\n\n\n\n<figure class=\"wp-block-table is-style-stripes\"><table class=\"has-subtle-pale-blue-background-color has-background has-fixed-layout\"><tbody><tr><td><strong>CARGO<\/strong><\/td><td><strong>VAGAS<\/strong><\/td><td><strong>REMUNERA\u00c7\u00c3O<\/strong><\/td><\/tr><tr><td> Merendeira <\/td><td>15<\/td><td> R$ 1.145,94 <\/td><\/tr><tr><td> Auxiliar de Servi\u00e7os Gerais <\/td><td>10<\/td><td> R$ 1.047,90 <\/td><\/tr><tr><td> Motorista <\/td><td>4<\/td><td> R$ 1.302,02 <\/td><\/tr><tr><td> Porteiro <\/td><td>8<\/td><td> R$ 1.151,78 <\/td><\/tr><tr><td> Vigia <\/td><td>5<\/td><td> R$ 1.151,78 <\/td><\/tr><\/tbody><\/table><\/figure>\n\n\n\n<h3 class=\"wp-block-heading\"><br \/>N\u00edvel m\u00e9dio<\/h3>\n\n\n\n<figure class=\"wp-block-table is-style-stripes\"><table class=\"has-subtle-pale-blue-background-color has-background has-fixed-layout\"><tbody><tr><td><strong>CARGO<\/strong><\/td><td><strong>VAGAS<\/strong><\/td><td><strong>REMUNERA\u00c7\u00c3O<\/strong><\/td><\/tr><tr><td> Agente Administrativo <\/td><td>4<\/td><td> R$ 1.151,78 <\/td><\/tr><tr><td> Agente de Tr\u00e2nsito <\/td><td>3<\/td><td> R$ 1.251,95 <\/td><\/tr><tr><td> Agente de Turismo <\/td><td>2<\/td><td> R$ 1.151,78 <\/td><\/tr><tr><td> Atendente de Farm\u00e1cia <\/td><td>2<\/td><td> R$ 1.047,90 <\/td><\/tr><tr><td> Auxiliar Administrativo  <\/td><td>7<\/td><td> R$ 1.047,90 <\/td><\/tr><tr><td> Auxiliar de Creche<\/td><td>10<\/td><td> R$ 1.393,64 <\/td><\/tr><tr><td> Bombeiro Civil  <\/td><td>2<\/td><td> R$ 1.375,00 <\/td><\/tr><tr><td> Cuidador de Crian\u00e7as e Adolescentes <\/td><td>2<\/td><td> R$ 1.047,90 <\/td><\/tr><tr><td> Guarda Municipal <\/td><td>2<\/td><td> R$ 1.502,32 <\/td><\/tr><tr><td> Seguran\u00e7a <\/td><td>2<\/td><td> R$ 1.251,95 <\/td><\/tr><\/tbody><\/table><\/figure>\n\n\n\n<h3 class=\"wp-block-heading\"><br \/>N\u00edvel t\u00e9cnico<\/h3>\n\n\n\n<figure class=\"wp-block-table is-style-stripes\"><table class=\"has-subtle-pale-blue-background-color has-background has-fixed-layout\"><tbody><tr><td><strong>CARGO<\/strong><\/td><td><strong>VAGAS<\/strong><\/td><td><strong>REMUNERA\u00c7\u00c3O<\/strong><\/td><\/tr><tr><td> T\u00e9cnico de Enfermagem <\/td><td>3<\/td><td> R$ 1.251,95 <\/td><\/tr><tr><td> T\u00e9cnico em Contabilidade <\/td><td>3<\/td><td> R$ 1.251,95 <\/td><\/tr><\/tbody><\/table><\/figure>\n\n\n\n<h3 class=\"wp-block-heading\"><br \/>Magist\u00e9rio de n\u00edvel m\u00e9dio<\/h3>\n\n\n\n<figure class=\"wp-block-table is-style-stripes\"><table class=\"has-subtle-pale-blue-background-color has-background has-fixed-layout\"><tbody><tr><td><strong>CARGO<\/strong><\/td><td><strong>VAGAS<\/strong><\/td><td><strong>REMUNERA\u00c7\u00c3O<\/strong><\/td><\/tr><tr><td>  Mediador Educacional <\/td><td>19<\/td><td> R$ 1.206,62 <\/td><\/tr><tr><td>  Professor de Educa\u00e7\u00e3o Infantil e Anos Iniciais do Ensino Fundamental (1\u00ba ao 5\u00ba ano)  <\/td><td>40<\/td><td> R$ 1.745,97 <\/td><\/tr><\/tbody><\/table><\/figure>\n\n\n\n<h3 class=\"wp-block-heading\"><br \/>N\u00edvel superior<\/h3>\n\n\n\n<figure class=\"wp-block-table is-style-stripes\"><table class=\"has-subtle-pale-blue-background-color has-background has-fixed-layout\"><tbody><tr><td><strong>CARGO<\/strong><\/td><td><strong>VAGAS<\/strong><\/td><td><strong>REMUNERA\u00c7\u00c3O<\/strong><\/td><\/tr><tr><td> Arquiteto <\/td><td>2<\/td><td> R$ 2.954,57 <\/td><\/tr><tr><td> Assistente Social <\/td><td>6<\/td><td> R$ 2.053,19 <\/td><\/tr><tr><td> Auditor de Tributos Fiscais <\/td><td>3<\/td><td> R$ 3.221,40 + produtividade<\/td><\/tr><tr><td> Cirurgi\u00e3o-Dentista <\/td><td>2<\/td><td> R$ 2.053,19 <\/td><\/tr><tr><td> Contador <\/td><td>3<\/td><td> R$ 2.053,19 <\/td><\/tr><tr><td> Enfermeiro <\/td><td>2<\/td><td> R$ 2.053,19 <\/td><\/tr><tr><td> Enfermeiro Regulador <\/td><td>3<\/td><td> R$ 2.053,19 <\/td><\/tr><tr><td> Engenheiro Civil <\/td><td>2<\/td><td> R$ 2.954,57 <\/td><\/tr><tr><td> Engenheiro El\u00e9trico <\/td><td>1<\/td><td> R$ 2.954,57 <\/td><\/tr><tr><td> Farmac\u00eautico <\/td><td>2<\/td><td> R$ 2.053,19 <\/td><\/tr><tr><td> Fisioterapeuta <\/td><td>4<\/td><td> R$ 2.053,19 <\/td><\/tr><tr><td> Fonoaudi\u00f3logo <\/td><td>3<\/td><td> R$ 2.053,19 <\/td><\/tr><tr><td> M\u00e9dico Angiologista <\/td><td>2<\/td><td> R$ 2.053,19 <\/td><\/tr><tr><td> M\u00e9dico Cardiologista <\/td><td>3<\/td><td> R$ 2.053,19 <\/td><\/tr><tr><td> M\u00e9dico Cl\u00ednico Geral (atua\u00e7\u00e3o em Estrat\u00e9gia de Sa\u00fade da Fam\u00edlia) <\/td><td>5<\/td><td> R$ 2.053,19 + R$ 5.750,00 de gratifica\u00e7\u00e3o<\/td><\/tr><tr><td> M\u00e9dico Cl\u00ednico Geral (atua\u00e7\u00e3o em Aten\u00e7\u00e3o Domiciliar) <\/td><td>2<\/td><td> R$ 2.053,19 <\/td><\/tr><tr><td> M\u00e9dico Intervencionista &#8211; Cl\u00ednico Geral <\/td><td>4<\/td><td> R$ 2.053,19 <\/td><\/tr><tr><td> M\u00e9dico Intervencionista &#8211; Regulador<\/td><td>4<\/td><td> R$ 2.053,19 <\/td><\/tr><tr><td> M\u00e9dico Neurologista <\/td><td>2<\/td><td> R$ 2.053,19 <\/td><\/tr><tr><td> M\u00e9dico Neurologista Infantil <\/td><td>2<\/td><td> R$ 2.053,19 <\/td><\/tr><tr><td> M\u00e9dico Oftalmologista <\/td><td>2<\/td><td> R$ 2.053,19 <\/td><\/tr><tr><td> M\u00e9dico Ortopedista <\/td><td>1<\/td><td> R$ 2.053,19 <\/td><\/tr><tr><td> M\u00e9dico Pneumologista <\/td><td>2<\/td><td> R$ 2.053,19 <\/td><\/tr><tr><td> M\u00e9dico Psiquiatra <\/td><td>2<\/td><td> R$ 2.053,19 <\/td><\/tr><tr><td> M\u00e9dico Psiquiatra Infantil <\/td><td>2<\/td><td> R$ 2.053,19 <\/td><\/tr><tr><td> M\u00e9dico Ultrassonografista <\/td><td>2<\/td><td> R$ 2.053,19 <\/td><\/tr><tr><td> M\u00e9dico Urologista <\/td><td>2<\/td><td> R$ 2.053,19 <\/td><\/tr><tr><td> Pedagogo <\/td><td>7<\/td><td> R$ 1.964,19 <\/td><\/tr><tr><td> Professor de 6\u00ba ao 9\u00ba ano &#8211; Hist\u00f3ria <\/td><td>3<\/td><td> R$ 1.964,19 <\/td><\/tr><tr><td> Professor de 6\u00ba ao 9\u00ba ano &#8211; Portugu\u00eas <\/td><td>4<\/td><td> R$ 1.964,19 <\/td><\/tr><tr><td> Psic\u00f3logo <\/td><td>7<\/td><td> R$ 2.053,19 <\/td><\/tr><tr><td> Psicopedagogo <\/td><td>2<\/td><td> R$ 1.964,19 <\/td><\/tr><tr><td> T\u00e9cnico de N\u00edvel Superior em Direito <\/td><td>1<\/td><td> R$ 2.053,19 <\/td><\/tr><tr><td> Terapeuta Ocupacional <\/td><td>1<\/td><td> R$ 2.053,19 <\/td><\/tr><\/tbody><\/table><\/figure>\n\n\n\n<h2 class=\"wp-block-heading\" id=\"etapas-provas\">Etapa e provas do concurso Prefeitura de Vassouras<\/h2>\n\n\n\n<p>As provas objetivas ser\u00e3o realizadas no dia <strong>17 de novembro<\/strong>, em dois per\u00edodos, com dura\u00e7\u00e3o de 3 horas: <\/p>\n\n\n\n<ul class=\"wp-block-list\">\n<li><strong>Manh\u00e3 &#8211; 9h<\/strong>: ser\u00e1 para os cargos de Ensino Superior e Ensino Fundamental Completo<\/li>\n\n\n\n<li><strong>Tarde &#8211; 15h<\/strong>: ser\u00e1 para os cargos de Ensino M\u00e9dio, Curso T\u00e9cnico, Forma\u00e7\u00e3o Magist\u00e9rio de N\u00edvel M\u00e9dio e Ensino Fundamental Incompleto<\/li>\n<\/ul>\n\n\n\n<p>A prova ser\u00e1 de car\u00e1ter eliminat\u00f3rio e classificat\u00f3rio e constituir\u00e3o de quest\u00f5es objetivas de m\u00faltipla escolha. Vale ressaltar que os exames ser\u00e3o realizados na cidade de Vassouras e caso necess\u00e1rio em Munic\u00edpios vizinhos, nos locais especificados pela organiza\u00e7\u00e3o do Concurso P\u00fablico. <\/p>\n\n\n\n<h3 class=\"wp-block-heading\">Prova Objetiva<\/h3>\n\n\n\n<ul class=\"wp-block-list\">\n<li><strong>Assistente Social; Cirurgi\u00e3o-Dentista; Enfermeiros; Farmac\u00eautico; Fisioterapeuta; Fonoaudi\u00f3logo; M\u00e9dico (todos); Psic\u00f3logo; Terapeuta Ocupacional:<\/strong>\n<ul class=\"wp-block-list\">\n<li><em>Conhecimentos Espec\u00edficos &#8211; 20<\/em><\/li>\n\n\n\n<li><em>Legisla\u00e7\u00e3o do SUS &#8211; 10<\/em><\/li>\n\n\n\n<li><em>Portugu\u00eas &#8211; 10 <\/em><\/li>\n<\/ul>\n<\/li>\n<\/ul>\n\n\n\n<ul class=\"wp-block-list\">\n<li><strong>Arquiteto; Auditor de Tributos Fiscais; Contador; Engenheiro Civil; Engenheiro El\u00e9trico; T\u00e9cnico de N\u00edvel Superior em Direito:<\/strong>\n<ul class=\"wp-block-list\">\n<li><em>Conhecimentos Espec\u00edficos &#8211; 20<\/em><\/li>\n\n\n\n<li><em>Legisla\u00e7\u00e3o Municipal &#8211; 10<\/em><\/li>\n\n\n\n<li><em>Portugu\u00eas &#8211; 10 <\/em><\/li>\n<\/ul>\n<\/li>\n<\/ul>\n\n\n\n<ul class=\"wp-block-list\">\n<li><strong>Pedagogo; Professor<\/strong><strong>de 6\u00ba ao 9\u00ba ano; Psicopedagogo:<\/strong>\n<ul class=\"wp-block-list\">\n<li><em>Conhecimentos Espec\u00edficos &#8211; 20 <\/em><\/li>\n\n\n\n<li><em>Legisla\u00e7\u00e3o Educacional &#8211; 10<\/em><\/li>\n\n\n\n<li><em>Portugu\u00eas &#8211; 10 <\/em><\/li>\n<\/ul>\n<\/li>\n<\/ul>\n\n\n\n<ul class=\"wp-block-list\">\n<li><strong>Agente Administrativo; Agente de Tr\u00e2nsito; Atendente de Farm\u00e1cia; Auxiliar Administrativo; T\u00e9cnico em Contabilidade:<\/strong>\n<ul class=\"wp-block-list\">\n<li><em>Conhecimentos Espec\u00edficos &#8211; 20 <\/em><\/li>\n\n\n\n<li><em>No\u00e7\u00f5es de Inform\u00e1tica &#8211; 10 <\/em><\/li>\n\n\n\n<li><em>Portugu\u00eas &#8211; 10 <\/em><\/li>\n<\/ul>\n<\/li>\n<\/ul>\n\n\n\n<ul class=\"wp-block-list\">\n<li><strong>Agente de Turismo; Auxiliar de Creche; Bombeiro Civil; Cuidador de Crian\u00e7as e Adolescentes; Guarda Municipal; Seguran\u00e7a:<\/strong>\n<ul class=\"wp-block-list\">\n<li><em>Conhecimentos Espec\u00edficos &#8211; 20 <\/em><\/li>\n\n\n\n<li><em>Legisla\u00e7\u00e3o Municipal &#8211; 10 <\/em><\/li>\n\n\n\n<li><em>Portugu\u00eas &#8211; 10 <\/em><\/li>\n<\/ul>\n<\/li>\n<\/ul>\n\n\n\n<ul class=\"wp-block-list\">\n<li>T\u00e9cnico de Enfermagem:\n<ul class=\"wp-block-list\">\n<li><em>Conhecimentos Espec\u00edficos &#8211; 20 <\/em><\/li>\n\n\n\n<li><em>Legisla\u00e7\u00e3o do SUS &#8211; 10<\/em><\/li>\n\n\n\n<li><em>Portugu\u00eas &#8211; 10 <\/em><\/li>\n<\/ul>\n<\/li>\n<\/ul>\n\n\n\n<ul class=\"wp-block-list\">\n<li><strong>Professor de Educa\u00e7\u00e3o Infantil e Anos Iniciais do Ensino Fundamental (1\u00ba ao 5\u00ba ano):<\/strong>\n<ul class=\"wp-block-list\">\n<li><em>Conhecimentos Espec\u00edficos &#8211; 20<\/em><\/li>\n\n\n\n<li><em>Legisla\u00e7\u00e3o Educacional &#8211; 10 <\/em><\/li>\n\n\n\n<li><em>Portugu\u00eas &#8211; 10 <\/em><\/li>\n<\/ul>\n<\/li>\n<\/ul>\n\n\n\n<ul class=\"wp-block-list\">\n<li><strong>Mediador Educacional:<\/strong>\n<ul class=\"wp-block-list\">\n<li><em>Conhecimentos Espec\u00edficos &#8211; 20<\/em><\/li>\n\n\n\n<li><em>Legisla\u00e7\u00e3o sobre Educa\u00e7\u00e3o Inclusiva &#8211; 10 <\/em><\/li>\n\n\n\n<li><em>Portugu\u00eas &#8211; 10 <\/em><\/li>\n<\/ul>\n<\/li>\n<\/ul>\n\n\n\n<ul class=\"wp-block-list\">\n<li><strong>Auxiliar de Servi\u00e7os Gerais; Merendeira; Motorista; Porteiro; Vigia:<\/strong>\n<ul class=\"wp-block-list\">\n<li><em>Conhecimentos Espec\u00edficos &#8211; 10 <\/em><\/li>\n\n\n\n<li><em>Matem\u00e1tica &#8211; 10 <\/em><\/li>\n\n\n\n<li><em>Portugu\u00eas &#8211; 10<\/em><\/li>\n<\/ul>\n<\/li>\n<\/ul>\n\n\n\n<h3 class=\"wp-block-heading\">Prova de T\u00edtulos<\/h3>\n\n\n\n<p>A prova de T\u00edtulos ser\u00e1 para todos os cargos de Ensino Superior e Magist\u00e9rio. Ser\u00e3o atribu\u00eddos pontos aos t\u00edtulos, apresentados pelos candidatos aprovados nas provas objetivas, que ser\u00e3o adicionados ao total de pontos obtidos nas demais provas. <\/p>\n\n\n\n<h4 class=\"wp-block-heading\"><strong><em>a) para o cargo de Professor de Educa\u00e7\u00e3o Infantil e Anos Iniciais do Ensino Fundamental (1\u00ba ao 5\u00ba ano):<\/em><\/strong><\/h4>\n\n\n\n<ul class=\"wp-block-list\">\n<li>Cursos de <strong>aperfei\u00e7oamento na \u00e1rea da Educacional<\/strong>, com m\u00ednimo de 120 horas\/aula por curso, mediante apresenta\u00e7\u00e3o de certificado de conclus\u00e3o e\/ou hist\u00f3rico escolar: 01 ponto, podendo apresentar at\u00e9 02 certificados<\/li>\n\n\n\n<li>Certificado de conclus\u00e3o de curso de <strong>gradua\u00e7\u00e3o na \u00e1rea de forma\u00e7\u00e3o profissional<\/strong>, mediante apresenta\u00e7\u00e3o de c\u00f3pia do certificado de conclus\u00e3o e\/ou hist\u00f3rico escolar: 02 pontos, podendo apresentar 01 certificado<\/li>\n\n\n\n<li>Curso de <strong>Especializa\u00e7\u00e3o em P\u00f3s-Gradua\u00e7\u00e3o<\/strong> com o m\u00ednimo de 360 horas\/aula, desde que n\u00e3o seja requisito exigido para provimento e guarde rela\u00e7\u00e3o direta com as atribui\u00e7\u00f5es do cargo para o qual o candidato prestar\u00e1 prova, mediante apresenta\u00e7\u00e3o de c\u00f3pia do certificado ou diploma de conclus\u00e3o e\/ou hist\u00f3rico escolar: 03 pontos, podendo apresentar at\u00e9 02 certificados<\/li>\n<\/ul>\n\n\n\n<h4 class=\"wp-block-heading\"><em> b) para os cargos de Ensino Superior:<\/em><\/h4>\n\n\n\n<ul class=\"wp-block-list\">\n<li>Cursos de <strong>aperfei\u00e7oamento<\/strong>, com no m\u00ednimo 120 horas\/aula por curso, desde que guardem rela\u00e7\u00e3o direta com as atribui\u00e7\u00f5es do cargo para o qual o candidato prestar\u00e1 prova, mediante apresenta\u00e7\u00e3o de certificado de conclus\u00e3o e\/ou hist\u00f3rico escolar: 01 ponto, podendo apresentar at\u00e9 02 certificados<\/li>\n\n\n\n<li>Curso de <strong>Especializa\u00e7\u00e3o em P\u00f3s-Gradua\u00e7\u00e3o<\/strong> com o m\u00ednimo de 360 horas\/aula, desde que n\u00e3o seja requisito exigido para provimento e guarde rela\u00e7\u00e3o direta com as atribui\u00e7\u00f5es do cargo para o qual o candidato prestar\u00e1 prova, mediante apresenta\u00e7\u00e3o de c\u00f3pia do certificado ou diploma de conclus\u00e3o e\/ou hist\u00f3rico escolar: 03 pontos, podendo apresentar at\u00e9 02 certificados<\/li>\n\n\n\n<li><strong>Mestrado<\/strong>: reconhecido pelo MEC \u2013 Minist\u00e9rio da Educa\u00e7\u00e3o, desde que guarde rela\u00e7\u00e3o direta com o cargo para o qual o candidato prestar\u00e1 prova, mediante apresenta\u00e7\u00e3o de c\u00f3pia do certificado ou diploma de conclus\u00e3o e T\u00edtulo de Mestre: 06 pontos, podendo apresentar 01 certificado<\/li>\n\n\n\n<li><strong>Doutorado<\/strong>: reconhecido pelo MEC \u2013 Minist\u00e9rio da Educa\u00e7\u00e3o, desde que guarde rela\u00e7\u00e3o direta com as atribui\u00e7\u00f5es do cargo para o qual o candidato prestar\u00e1 prova, mediante apresenta\u00e7\u00e3o de c\u00f3pia do certificado ou diploma de conclus\u00e3o e T\u00edtulo de Doutor: 12  pontos, podendo apresentar 01 certificado. <\/li>\n<\/ul>\n\n\n\n<h3 class=\"wp-block-heading\">Prova Pr\u00e1tica <\/h3>\n\n\n\n<p>As Provas Pr\u00e1ticas ser\u00e3o para os cargos de Motorista e Merendeira, aos candidatos que tenham sido aprovados nas provas objetivas e classificados nas propor\u00e7\u00f5es a seguir: <\/p>\n\n\n\n<ul class=\"wp-block-list\">\n<li>at\u00e9 a 30\u00aa coloca\u00e7\u00e3o para o cargo de Motorista, mais os empatados na \u00faltima nota considerada para este fim<\/li>\n\n\n\n<li>at\u00e9 a 64\u00aa coloca\u00e7\u00e3o para o cargo de Merendeira, mais os empatados na \u00faltima nota considerada para este fim<\/li>\n<\/ul>\n\n\n\n<p>A convoca\u00e7\u00e3o dos candidatos para realiza\u00e7\u00e3o das provas pr\u00e1ticas, est\u00e3o previstas para os dias <strong>18 e 19 de janeiro de 2020<\/strong>.<\/p>\n\n\n\n<h3 class=\"wp-block-heading\">Prova de Aptid\u00e3o F\u00edsica <\/h3>\n\n\n\n<p>A Prova de Aptid\u00e3o F\u00edsica \u00e9 destinada ao cargo de Guarda Municipal e deve ser aplicada aos candidatos que tenham sido aprovados nas provas objetivas e classificados at\u00e9 a 30\u00aa coloca\u00e7\u00e3o. A prova de aptid\u00e3o f\u00edsica ter\u00e1 car\u00e1ter exclusivamente eliminat\u00f3rio.<\/p>\n\n\n\n<p>A convoca\u00e7\u00e3o dos candidatos para realiza\u00e7\u00e3o est\u00e1 prevista para os dias <strong>18 e 19 de janeiro de 2020<\/strong>. A prova constar\u00e1 dos seguintes testes: <\/p>\n\n\n\n<figure class=\"wp-block-table is-style-stripes\"><table class=\"has-subtle-pale-blue-background-color has-background has-fixed-layout\"><tbody><tr><td><strong>TESTE<\/strong><\/td><td><strong>FEMININO<\/strong><\/td><td><strong>MASCULINO<\/strong><\/td><\/tr><tr><td> Corrida de 2.400 metros <\/td><td> m\u00e1ximo de 20 minutos <\/td><td> m\u00e1ximo de 15 minutos <\/td><\/tr><tr><td> Flex\u00e3o abdominal &#8211; 1 minuto<\/td><td> 18 repeti\u00e7\u00f5es <\/td><td>  24 repeti\u00e7\u00f5es <\/td><\/tr><tr><td>Flex\u00e3o de bra\u00e7os  1 minuto<\/td><td> 10 repeti\u00e7\u00f5es <\/td><td> 18 repeti\u00e7\u00f5es <\/td><\/tr><\/tbody><\/table><\/figure>\n\n\n\n<p><\/p>\n\n\n\n<hr class=\"wp-block-separator has-css-opacity\"\/>\n\n\n\n<h2 class=\"wp-block-heading has-text-align-center\" id=\"cursos-assinatura\">Quer estudar para o concurso Prefeitura de Vassouras?<\/h2>\n\n\n\n<p class=\"has-text-align-center\"><em>Gostou desta oportunidade e deseja come\u00e7ar se preparar agora mesmo? Ent\u00e3o, confira os nossos cursos e comece a estudar para Prefeitura de Vassouras:<\/em><\/p>\n\n\n\n<p class=\"has-text-align-center has-light-green-cyan-background-color has-background\" style=\"font-size:clamp(14.642px, 0.915rem + ((1vw - 3.2px) * 0.721), 22px);px\"><strong><a href=\"https:\/\/www.estrategiaconcursos.com.br\/cursosPorConcurso\/prefeitura-municipal-de-vassouras-rj\/\" target=\"_blank\" rel=\"noreferrer noopener\" aria-label=\"CURSO PREFEITURA DE VASSOURAS\n (abre numa nova aba)\">CURSO PREFEITURA DE VASSOURAS<\/a><\/strong><a href=\"https:\/\/www.estrategiaconcursos.com.br\/cursosPorConcurso\/prefeitura-municipal-de-vassouras-rj\/\" target=\"_blank\" rel=\"noreferrer noopener\" aria-label=\"CURSO PREFEITURA DE VASSOURAS\n (abre numa nova aba)\"><br \/><\/a><strong><a rel=\"noreferrer noopener\" aria-label=\"CURSO GUARDA MUNICIPAL VASSOURAS (abre numa nova aba)\" href=\"https:\/\/www.estrategiaconcursos.com.br\/cursosPorConcurso\/prefeitura-municipal-de-vassouras-rj-guarda-civil-municipal\/\" target=\"_blank\">CURSO GUARDA MUNICIPAL VASSOURAS<\/a><\/strong><\/p>\n\n\n\n<p class=\"has-text-align-center has-medium-font-size\"><em><strong>Assinatura Anual Ilimitada*<\/strong><\/em><\/p>\n\n\n\n<p class=\"has-text-align-center\"><em>Prepare-se com o melhor material e com quem mais aprova em Concursos P\u00fablicos em todo o pa\u00eds. Assine agora a nossa Assinatura Anual e tenha acesso ilimitado* a todos os nossos cursos.<\/em><\/p>\n\n\n\n<p class=\"has-text-align-center has-luminous-vivid-amber-background-color has-background\" style=\"font-size:clamp(14.642px, 0.915rem + ((1vw - 3.2px) * 0.721), 22px);px\"><strong>ASSINE AGORA<\/strong>&nbsp;\u2013&nbsp;<a rel=\"noreferrer noopener\" href=\"https:\/\/www.estrategiaconcursos.com.br\/assinaturas\" target=\"_blank\"><strong>Assinatura Ilimitada<\/strong><\/a><\/p>\n\n\n\n<p class=\"has-text-align-center has-medium-font-size\"><em><strong>Fique por dentro de todos os concursos<\/strong><\/em><\/p>\n\n\n\n<p class=\"has-text-align-center has-pale-cyan-blue-background-color has-background\" style=\"font-size:clamp(14.642px, 0.915rem + ((1vw - 3.2px) * 0.721), 22px);px\"><a aria-label=\"Concursos abertos (abre numa nova aba)\" href=\"https:\/\/www.estrategiaconcursos.com.br\/blog\/concursos-abertos\/\" target=\"_blank\" rel=\"noreferrer noopener\"><strong>Concursos abertos<\/strong><\/a><\/p>\n\n\n\n<figure class=\"wp-block-image\"><img loading=\"lazy\" decoding=\"async\" width=\"300\" height=\"102\" src=\"https:\/\/dhg1h5j42swfq.cloudfront.net\/2017\/03\/28152500\/coruja-ficha-tecnica-300x102.png\" alt=\"Ficha t\u00e9cnica concurso Prefeitura de Vassouras RJ\" class=\"wp-image-68542\"\/><\/figure>\n\n\n\n<h3 class=\"wp-block-heading\" id=\"ficha-tecnica\"><strong>Informa\u00e7\u00f5es sobre o concurso Prefeitura de Vassouras<\/strong><\/h3>\n\n\n\n<p>\u25ba<strong>Inscri\u00e7\u00f5es<\/strong>: 25\/09 a 14\/10<br \/>\u25ba<strong>Prova<\/strong>: 17\/11<br \/>\u25ba<strong>Vagas<\/strong>: 238<br \/>\u25ba<strong>Cargos<\/strong>: Diversos<br \/>\u25ba<strong>Banca<\/strong>: Ibam<br \/>\u25ba<strong>Escolaridade<\/strong>: N\u00edvel fundamental, m\u00e9dio\/t\u00e9cnico e superior<br \/>\u25ba<strong>Edital<\/strong>: <strong><a rel=\"noreferrer noopener\" aria-label=\"Prefeitura de Vassouras (abre numa nova aba)\" href=\"https:\/\/dhg1h5j42swfq.cloudfront.net\/2019\/09\/23101948\/PREFEITURA-VASSOURAS.pdf\" target=\"_blank\">Edital Prefeitura de Vassouras<\/a><\/strong> | <strong><a rel=\"noreferrer noopener\" aria-label=\"Cargos e vagas (abre numa nova aba)\" href=\"http:\/\/www.ibam-concursos.org.br\/documento\/anx1-pmv19-3.pdf\" target=\"_blank\">Cargos e vagas<\/a><\/strong> | <strong><a rel=\"noreferrer noopener\" aria-label=\"Conte\u00fado Program\u00e1tico (abre numa nova aba)\" href=\"http:\/\/www.ibam-concursos.org.br\/documento\/ANX3-PMV19-2.PDF\" target=\"_blank\">Conte\u00fado Program\u00e1tico<\/a><\/strong> | <\/p>\n\n\n\n<p><em>Ascom Estrat\u00e9gia<br \/>ascomestrategia@gmail.com<\/em><\/p>\n","protected":false},"excerpt":{"rendered":"<p>Foi publicado no Di\u00e1rio Oficial desta segunda-feira, 23 de setembro, o edital do concurso Prefeitura de Vassouras, munic\u00edpio do Estado do Rio de Janeiro. S\u00e3o ofertadas 238 vagas para diversos cargos de n\u00edvel fundamental, m\u00e9dio, t\u00e9cnico e superior. Os candidatos interessados em participar do certame, devem se inscrever no per\u00edodo de 25 de setembro a [&hellip;]<\/p>\n","protected":false},"author":1,"featured_media":379507,"comment_status":"open","ping_status":"closed","sticky":false,"template":"","format":"standard","meta":{"post_tipo":"news","footnotes":""},"categories":[1],"tags":[],"tax_estado":[],"class_list":["post-424382","post","type-post","status-publish","format-standard","has-post-thumbnail","hentry","category-cursos-e-concursos"],"acf":[],"yoast_head":"<!-- This site is optimized with the Yoast SEO Premium plugin v27.2 (Yoast SEO v27.2) - https:\/\/yoast.com\/product\/yoast-seo-premium-wordpress\/ -->\n<title>Concurso Prefeitura de Vassouras RJ: publicado edital com diversas vagas<\/title>\n<meta name=\"description\" content=\"Concurso Prefeitura de Vassouras: Publicado edital com 238 vagas para todos os n\u00edveis e remunera\u00e7\u00f5es de at\u00e9 R$ 8 mil. Confira!\" \/>\n<meta name=\"robots\" content=\"index, follow, max-snippet:-1, max-image-preview:large, max-video-preview:-1\" \/>\n<link rel=\"canonical\" href=\"https:\/\/www.estrategiaconcursos.com.br\/blog\/concurso-prefeitura-de-vassouras-rj\/\" \/>\n<meta property=\"og:locale\" content=\"pt_BR\" \/>\n<meta property=\"og:type\" content=\"article\" \/>\n<meta property=\"og:title\" content=\"Concurso Prefeitura de Vassouras RJ: publicado edital com diversas vagas\" \/>\n<meta property=\"og:description\" content=\"Concurso Prefeitura de Vassouras: Publicado edital com 238 vagas para todos os n\u00edveis e remunera\u00e7\u00f5es de at\u00e9 R$ 8 mil. Confira!\" \/>\n<meta property=\"og:url\" content=\"https:\/\/www.estrategiaconcursos.com.br\/blog\/concurso-prefeitura-de-vassouras-rj\/\" \/>\n<meta property=\"og:site_name\" content=\"Estrat\u00e9gia Concursos\" \/>\n<meta property=\"article:author\" content=\"https:\/\/www.facebook.com\/EstrategiaConcursos\" \/>\n<meta property=\"article:published_time\" content=\"2019-09-23T13:21:02+00:00\" \/>\n<meta property=\"article:modified_time\" content=\"2023-07-24T19:53:57+00:00\" \/>\n<meta property=\"og:image\" content=\"https:\/\/dhg1h5j42swfq.cloudfront.net\/2019\/05\/28172918\/saiu-edital.jpg\" \/>\n\t<meta property=\"og:image:width\" content=\"1024\" \/>\n\t<meta property=\"og:image:height\" content=\"536\" \/>\n\t<meta property=\"og:image:type\" content=\"image\/jpeg\" \/>\n<meta name=\"author\" content=\"Coordena\u00e7\u00e3o\" \/>\n<meta name=\"twitter:card\" content=\"summary_large_image\" \/>\n<meta name=\"twitter:creator\" content=\"@EstratConcursos\" \/>\n<meta name=\"twitter:site\" content=\"@EstratConcursos\" \/>\n<meta name=\"twitter:label1\" content=\"Escrito por\" \/>\n\t<meta name=\"twitter:data1\" content=\"Coordena\u00e7\u00e3o\" \/>\n\t<meta name=\"twitter:label2\" content=\"Est. tempo de leitura\" \/>\n\t<meta name=\"twitter:data2\" content=\"8 minutos\" \/>\n<script type=\"application\/ld+json\" class=\"yoast-schema-graph\">{\"@context\":\"https:\/\/schema.org\",\"@graph\":[{\"@type\":\"NewsArticle\",\"@id\":\"https:\/\/www.estrategiaconcursos.com.br\/blog\/concurso-prefeitura-de-vassouras-rj\/#article\",\"isPartOf\":{\"@id\":\"https:\/\/www.estrategiaconcursos.com.br\/blog\/concurso-prefeitura-de-vassouras-rj\/\"},\"author\":{\"name\":\"Coordena\u00e7\u00e3o\",\"@id\":\"https:\/\/www.estrategiaconcursos.com.br\/blog\/#\/schema\/person\/b4a388c97673c5f483d72185668afa1f\"},\"headline\":\"Concurso Prefeitura de Vassouras RJ: publicado edital com diversas vagas\",\"datePublished\":\"2019-09-23T13:21:02+00:00\",\"dateModified\":\"2023-07-24T19:53:57+00:00\",\"mainEntityOfPage\":{\"@id\":\"https:\/\/www.estrategiaconcursos.com.br\/blog\/concurso-prefeitura-de-vassouras-rj\/\"},\"wordCount\":1571,\"commentCount\":0,\"publisher\":{\"@id\":\"https:\/\/www.estrategiaconcursos.com.br\/blog\/#organization\"},\"image\":{\"@id\":\"https:\/\/www.estrategiaconcursos.com.br\/blog\/concurso-prefeitura-de-vassouras-rj\/#primaryimage\"},\"thumbnailUrl\":\"https:\/\/dhg1h5j42swfq.cloudfront.net\/2019\/05\/28172918\/saiu-edital.jpg\",\"articleSection\":[\"Concursos P\u00fablicos\"],\"inLanguage\":\"pt-BR\",\"potentialAction\":[{\"@type\":\"CommentAction\",\"name\":\"Comment\",\"target\":[\"https:\/\/www.estrategiaconcursos.com.br\/blog\/concurso-prefeitura-de-vassouras-rj\/#respond\"]}],\"copyrightYear\":\"2019\",\"copyrightHolder\":{\"@id\":\"https:\/\/www.estrategiaconcursos.com.br\/blog\/#organization\"}},{\"@type\":\"WebPage\",\"@id\":\"https:\/\/www.estrategiaconcursos.com.br\/blog\/concurso-prefeitura-de-vassouras-rj\/\",\"url\":\"https:\/\/www.estrategiaconcursos.com.br\/blog\/concurso-prefeitura-de-vassouras-rj\/\",\"name\":\"Concurso Prefeitura de Vassouras RJ: publicado edital com diversas vagas\",\"isPartOf\":{\"@id\":\"https:\/\/www.estrategiaconcursos.com.br\/blog\/#website\"},\"primaryImageOfPage\":{\"@id\":\"https:\/\/www.estrategiaconcursos.com.br\/blog\/concurso-prefeitura-de-vassouras-rj\/#primaryimage\"},\"image\":{\"@id\":\"https:\/\/www.estrategiaconcursos.com.br\/blog\/concurso-prefeitura-de-vassouras-rj\/#primaryimage\"},\"thumbnailUrl\":\"https:\/\/dhg1h5j42swfq.cloudfront.net\/2019\/05\/28172918\/saiu-edital.jpg\",\"datePublished\":\"2019-09-23T13:21:02+00:00\",\"dateModified\":\"2023-07-24T19:53:57+00:00\",\"description\":\"Concurso Prefeitura de Vassouras: Publicado edital com 238 vagas para todos os n\u00edveis e remunera\u00e7\u00f5es de at\u00e9 R$ 8 mil. Confira!\",\"breadcrumb\":{\"@id\":\"https:\/\/www.estrategiaconcursos.com.br\/blog\/concurso-prefeitura-de-vassouras-rj\/#breadcrumb\"},\"inLanguage\":\"pt-BR\",\"potentialAction\":[{\"@type\":\"ReadAction\",\"target\":[\"https:\/\/www.estrategiaconcursos.com.br\/blog\/concurso-prefeitura-de-vassouras-rj\/\"]}]},{\"@type\":\"ImageObject\",\"inLanguage\":\"pt-BR\",\"@id\":\"https:\/\/www.estrategiaconcursos.com.br\/blog\/concurso-prefeitura-de-vassouras-rj\/#primaryimage\",\"url\":\"https:\/\/dhg1h5j42swfq.cloudfront.net\/2019\/05\/28172918\/saiu-edital.jpg\",\"contentUrl\":\"https:\/\/dhg1h5j42swfq.cloudfront.net\/2019\/05\/28172918\/saiu-edital.jpg\",\"width\":1024,\"height\":536,\"caption\":\"concurso cremese\"},{\"@type\":\"BreadcrumbList\",\"@id\":\"https:\/\/www.estrategiaconcursos.com.br\/blog\/concurso-prefeitura-de-vassouras-rj\/#breadcrumb\",\"itemListElement\":[{\"@type\":\"ListItem\",\"position\":1,\"name\":\"In\u00edcio\",\"item\":\"https:\/\/www.estrategiaconcursos.com.br\/blog\/\"},{\"@type\":\"ListItem\",\"position\":2,\"name\":\"Concurso Prefeitura de Vassouras RJ: publicado edital com diversas vagas\"}]},{\"@type\":\"WebSite\",\"@id\":\"https:\/\/www.estrategiaconcursos.com.br\/blog\/#website\",\"url\":\"https:\/\/www.estrategiaconcursos.com.br\/blog\/\",\"name\":\"Estrat\u00e9gia Concursos\",\"description\":\"O blog da Estrat\u00e9gia Concursos traz not\u00edcias sobre concursos e artigos de professores oferecendo cursos para concursos (pdf + videaulas) no site.\",\"publisher\":{\"@id\":\"https:\/\/www.estrategiaconcursos.com.br\/blog\/#organization\"},\"potentialAction\":[{\"@type\":\"SearchAction\",\"target\":{\"@type\":\"EntryPoint\",\"urlTemplate\":\"https:\/\/www.estrategiaconcursos.com.br\/blog\/?s={search_term_string}\"},\"query-input\":{\"@type\":\"PropertyValueSpecification\",\"valueRequired\":true,\"valueName\":\"search_term_string\"}}],\"inLanguage\":\"pt-BR\"},{\"@type\":\"Organization\",\"@id\":\"https:\/\/www.estrategiaconcursos.com.br\/blog\/#organization\",\"name\":\"Estrat\u00e9gia Concursos\",\"url\":\"https:\/\/www.estrategiaconcursos.com.br\/blog\/\",\"logo\":{\"@type\":\"ImageObject\",\"inLanguage\":\"pt-BR\",\"@id\":\"https:\/\/www.estrategiaconcursos.com.br\/blog\/#\/schema\/logo\/image\/\",\"url\":\"https:\/\/dhg1h5j42swfq.cloudfront.net\/2025\/06\/03203428\/logo_concursos-1.jpg\",\"contentUrl\":\"https:\/\/dhg1h5j42swfq.cloudfront.net\/2025\/06\/03203428\/logo_concursos-1.jpg\",\"width\":230,\"height\":60,\"caption\":\"Estrat\u00e9gia Concursos\"},\"image\":{\"@id\":\"https:\/\/www.estrategiaconcursos.com.br\/blog\/#\/schema\/logo\/image\/\"},\"sameAs\":[\"https:\/\/x.com\/EstratConcursos\"]},{\"@type\":\"Person\",\"@id\":\"https:\/\/www.estrategiaconcursos.com.br\/blog\/#\/schema\/person\/b4a388c97673c5f483d72185668afa1f\",\"name\":\"Coordena\u00e7\u00e3o\",\"image\":{\"@type\":\"ImageObject\",\"inLanguage\":\"pt-BR\",\"@id\":\"https:\/\/secure.gravatar.com\/avatar\/b720319e4c9a967eb58678d110f4fe35452fc5d5f97b202bac7b8acceb18c6ad?s=96&d=mm&r=g\",\"url\":\"https:\/\/secure.gravatar.com\/avatar\/b720319e4c9a967eb58678d110f4fe35452fc5d5f97b202bac7b8acceb18c6ad?s=96&d=mm&r=g\",\"contentUrl\":\"https:\/\/secure.gravatar.com\/avatar\/b720319e4c9a967eb58678d110f4fe35452fc5d5f97b202bac7b8acceb18c6ad?s=96&d=mm&r=g\",\"caption\":\"Coordena\u00e7\u00e3o\"},\"sameAs\":[\"https:\/\/www.facebook.com\/EstrategiaConcursos\",\"https:\/\/x.com\/EstratConcursos\"],\"url\":\"https:\/\/www.estrategiaconcursos.com.br\/blog\/author\/estrategia2013\/\"}]}<\/script>\n<!-- \/ Yoast SEO Premium plugin. -->","yoast_head_json":{"title":"Concurso Prefeitura de Vassouras RJ: publicado edital com diversas vagas","description":"Concurso Prefeitura de Vassouras: Publicado edital com 238 vagas para todos os n\u00edveis e remunera\u00e7\u00f5es de at\u00e9 R$ 8 mil. Confira!","robots":{"index":"index","follow":"follow","max-snippet":"max-snippet:-1","max-image-preview":"max-image-preview:large","max-video-preview":"max-video-preview:-1"},"canonical":"https:\/\/www.estrategiaconcursos.com.br\/blog\/concurso-prefeitura-de-vassouras-rj\/","og_locale":"pt_BR","og_type":"article","og_title":"Concurso Prefeitura de Vassouras RJ: publicado edital com diversas vagas","og_description":"Concurso Prefeitura de Vassouras: Publicado edital com 238 vagas para todos os n\u00edveis e remunera\u00e7\u00f5es de at\u00e9 R$ 8 mil. Confira!","og_url":"https:\/\/www.estrategiaconcursos.com.br\/blog\/concurso-prefeitura-de-vassouras-rj\/","og_site_name":"Estrat\u00e9gia Concursos","article_author":"https:\/\/www.facebook.com\/EstrategiaConcursos","article_published_time":"2019-09-23T13:21:02+00:00","article_modified_time":"2023-07-24T19:53:57+00:00","og_image":[{"width":1024,"height":536,"url":"https:\/\/dhg1h5j42swfq.cloudfront.net\/2019\/05\/28172918\/saiu-edital.jpg","type":"image\/jpeg"}],"author":"Coordena\u00e7\u00e3o","twitter_card":"summary_large_image","twitter_creator":"@EstratConcursos","twitter_site":"@EstratConcursos","twitter_misc":{"Escrito por":"Coordena\u00e7\u00e3o","Est. tempo de leitura":"8 minutos"},"schema":{"@context":"https:\/\/schema.org","@graph":[{"@type":"NewsArticle","@id":"https:\/\/www.estrategiaconcursos.com.br\/blog\/concurso-prefeitura-de-vassouras-rj\/#article","isPartOf":{"@id":"https:\/\/www.estrategiaconcursos.com.br\/blog\/concurso-prefeitura-de-vassouras-rj\/"},"author":{"name":"Coordena\u00e7\u00e3o","@id":"https:\/\/www.estrategiaconcursos.com.br\/blog\/#\/schema\/person\/b4a388c97673c5f483d72185668afa1f"},"headline":"Concurso Prefeitura de Vassouras RJ: publicado edital com diversas vagas","datePublished":"2019-09-23T13:21:02+00:00","dateModified":"2023-07-24T19:53:57+00:00","mainEntityOfPage":{"@id":"https:\/\/www.estrategiaconcursos.com.br\/blog\/concurso-prefeitura-de-vassouras-rj\/"},"wordCount":1571,"commentCount":0,"publisher":{"@id":"https:\/\/www.estrategiaconcursos.com.br\/blog\/#organization"},"image":{"@id":"https:\/\/www.estrategiaconcursos.com.br\/blog\/concurso-prefeitura-de-vassouras-rj\/#primaryimage"},"thumbnailUrl":"https:\/\/dhg1h5j42swfq.cloudfront.net\/2019\/05\/28172918\/saiu-edital.jpg","articleSection":["Concursos P\u00fablicos"],"inLanguage":"pt-BR","potentialAction":[{"@type":"CommentAction","name":"Comment","target":["https:\/\/www.estrategiaconcursos.com.br\/blog\/concurso-prefeitura-de-vassouras-rj\/#respond"]}],"copyrightYear":"2019","copyrightHolder":{"@id":"https:\/\/www.estrategiaconcursos.com.br\/blog\/#organization"}},{"@type":"WebPage","@id":"https:\/\/www.estrategiaconcursos.com.br\/blog\/concurso-prefeitura-de-vassouras-rj\/","url":"https:\/\/www.estrategiaconcursos.com.br\/blog\/concurso-prefeitura-de-vassouras-rj\/","name":"Concurso Prefeitura de Vassouras RJ: publicado edital com diversas vagas","isPartOf":{"@id":"https:\/\/www.estrategiaconcursos.com.br\/blog\/#website"},"primaryImageOfPage":{"@id":"https:\/\/www.estrategiaconcursos.com.br\/blog\/concurso-prefeitura-de-vassouras-rj\/#primaryimage"},"image":{"@id":"https:\/\/www.estrategiaconcursos.com.br\/blog\/concurso-prefeitura-de-vassouras-rj\/#primaryimage"},"thumbnailUrl":"https:\/\/dhg1h5j42swfq.cloudfront.net\/2019\/05\/28172918\/saiu-edital.jpg","datePublished":"2019-09-23T13:21:02+00:00","dateModified":"2023-07-24T19:53:57+00:00","description":"Concurso Prefeitura de Vassouras: Publicado edital com 238 vagas para todos os n\u00edveis e remunera\u00e7\u00f5es de at\u00e9 R$ 8 mil. Confira!","breadcrumb":{"@id":"https:\/\/www.estrategiaconcursos.com.br\/blog\/concurso-prefeitura-de-vassouras-rj\/#breadcrumb"},"inLanguage":"pt-BR","potentialAction":[{"@type":"ReadAction","target":["https:\/\/www.estrategiaconcursos.com.br\/blog\/concurso-prefeitura-de-vassouras-rj\/"]}]},{"@type":"ImageObject","inLanguage":"pt-BR","@id":"https:\/\/www.estrategiaconcursos.com.br\/blog\/concurso-prefeitura-de-vassouras-rj\/#primaryimage","url":"https:\/\/dhg1h5j42swfq.cloudfront.net\/2019\/05\/28172918\/saiu-edital.jpg","contentUrl":"https:\/\/dhg1h5j42swfq.cloudfront.net\/2019\/05\/28172918\/saiu-edital.jpg","width":1024,"height":536,"caption":"concurso cremese"},{"@type":"BreadcrumbList","@id":"https:\/\/www.estrategiaconcursos.com.br\/blog\/concurso-prefeitura-de-vassouras-rj\/#breadcrumb","itemListElement":[{"@type":"ListItem","position":1,"name":"In\u00edcio","item":"https:\/\/www.estrategiaconcursos.com.br\/blog\/"},{"@type":"ListItem","position":2,"name":"Concurso Prefeitura de Vassouras RJ: publicado edital com diversas vagas"}]},{"@type":"WebSite","@id":"https:\/\/www.estrategiaconcursos.com.br\/blog\/#website","url":"https:\/\/www.estrategiaconcursos.com.br\/blog\/","name":"Estrat\u00e9gia Concursos","description":"O blog da Estrat\u00e9gia Concursos traz not\u00edcias sobre concursos e artigos de professores oferecendo cursos para concursos (pdf + videaulas) no site.","publisher":{"@id":"https:\/\/www.estrategiaconcursos.com.br\/blog\/#organization"},"potentialAction":[{"@type":"SearchAction","target":{"@type":"EntryPoint","urlTemplate":"https:\/\/www.estrategiaconcursos.com.br\/blog\/?s={search_term_string}"},"query-input":{"@type":"PropertyValueSpecification","valueRequired":true,"valueName":"search_term_string"}}],"inLanguage":"pt-BR"},{"@type":"Organization","@id":"https:\/\/www.estrategiaconcursos.com.br\/blog\/#organization","name":"Estrat\u00e9gia Concursos","url":"https:\/\/www.estrategiaconcursos.com.br\/blog\/","logo":{"@type":"ImageObject","inLanguage":"pt-BR","@id":"https:\/\/www.estrategiaconcursos.com.br\/blog\/#\/schema\/logo\/image\/","url":"https:\/\/dhg1h5j42swfq.cloudfront.net\/2025\/06\/03203428\/logo_concursos-1.jpg","contentUrl":"https:\/\/dhg1h5j42swfq.cloudfront.net\/2025\/06\/03203428\/logo_concursos-1.jpg","width":230,"height":60,"caption":"Estrat\u00e9gia Concursos"},"image":{"@id":"https:\/\/www.estrategiaconcursos.com.br\/blog\/#\/schema\/logo\/image\/"},"sameAs":["https:\/\/x.com\/EstratConcursos"]},{"@type":"Person","@id":"https:\/\/www.estrategiaconcursos.com.br\/blog\/#\/schema\/person\/b4a388c97673c5f483d72185668afa1f","name":"Coordena\u00e7\u00e3o","image":{"@type":"ImageObject","inLanguage":"pt-BR","@id":"https:\/\/secure.gravatar.com\/avatar\/b720319e4c9a967eb58678d110f4fe35452fc5d5f97b202bac7b8acceb18c6ad?s=96&d=mm&r=g","url":"https:\/\/secure.gravatar.com\/avatar\/b720319e4c9a967eb58678d110f4fe35452fc5d5f97b202bac7b8acceb18c6ad?s=96&d=mm&r=g","contentUrl":"https:\/\/secure.gravatar.com\/avatar\/b720319e4c9a967eb58678d110f4fe35452fc5d5f97b202bac7b8acceb18c6ad?s=96&d=mm&r=g","caption":"Coordena\u00e7\u00e3o"},"sameAs":["https:\/\/www.facebook.com\/EstrategiaConcursos","https:\/\/x.com\/EstratConcursos"],"url":"https:\/\/www.estrategiaconcursos.com.br\/blog\/author\/estrategia2013\/"}]}},"_links":{"self":[{"href":"https:\/\/www.estrategiaconcursos.com.br\/blog\/wp-json\/wp\/v2\/posts\/424382","targetHints":{"allow":["GET"]}}],"collection":[{"href":"https:\/\/www.estrategiaconcursos.com.br\/blog\/wp-json\/wp\/v2\/posts"}],"about":[{"href":"https:\/\/www.estrategiaconcursos.com.br\/blog\/wp-json\/wp\/v2\/types\/post"}],"author":[{"embeddable":true,"href":"https:\/\/www.estrategiaconcursos.com.br\/blog\/wp-json\/wp\/v2\/users\/1"}],"replies":[{"embeddable":true,"href":"https:\/\/www.estrategiaconcursos.com.br\/blog\/wp-json\/wp\/v2\/comments?post=424382"}],"version-history":[{"count":11,"href":"https:\/\/www.estrategiaconcursos.com.br\/blog\/wp-json\/wp\/v2\/posts\/424382\/revisions"}],"predecessor-version":[{"id":1253987,"href":"https:\/\/www.estrategiaconcursos.com.br\/blog\/wp-json\/wp\/v2\/posts\/424382\/revisions\/1253987"}],"wp:featuredmedia":[{"embeddable":true,"href":"https:\/\/www.estrategiaconcursos.com.br\/blog\/wp-json\/wp\/v2\/media\/379507"}],"wp:attachment":[{"href":"https:\/\/www.estrategiaconcursos.com.br\/blog\/wp-json\/wp\/v2\/media?parent=424382"}],"wp:term":[{"taxonomy":"category","embeddable":true,"href":"https:\/\/www.estrategiaconcursos.com.br\/blog\/wp-json\/wp\/v2\/categories?post=424382"},{"taxonomy":"post_tag","embeddable":true,"href":"https:\/\/www.estrategiaconcursos.com.br\/blog\/wp-json\/wp\/v2\/tags?post=424382"},{"taxonomy":"tax_estado","embeddable":true,"href":"https:\/\/www.estrategiaconcursos.com.br\/blog\/wp-json\/wp\/v2\/tax_estado?post=424382"}],"curies":[{"name":"wp","href":"https:\/\/api.w.org\/{rel}","templated":true}]}}