{"id":424347,"date":"2019-09-22T22:40:04","date_gmt":"2019-09-23T01:40:04","guid":{"rendered":"https:\/\/www.estrategiaconcursos.com.br\/blog\/?p=424347"},"modified":"2019-11-08T16:34:36","modified_gmt":"2019-11-08T19:34:36","slug":"comentario-a-prova-de-atualidades-do-tj-pr-atualidades","status":"publish","type":"post","link":"https:\/\/www.estrategiaconcursos.com.br\/blog\/comentario-a-prova-de-atualidades-do-tj-pr-atualidades\/","title":{"rendered":"Coment\u00e1rios \u00e0 prova de Atualidades do TJ-PR"},"content":{"rendered":"<p>Ol\u00e1 pessoal,<\/p>\n<p>Segue o meu gabarito extraoficial de Atualidades. Confira se a ordem das quest\u00f5es da prova que voc\u00ea fez \u00e9 a mesma da prova que estou comentando.<\/p>\n<p>*****<\/p>\n<p>56 \u2013 Manifesta\u00e7\u00f5es relevantes para a mem\u00f3ria, identidade e forma\u00e7\u00e3o da sociedade podem ser registradas e protegidas como patrim\u00f4nio cultural imaterial. No estado do Paran\u00e1, integram essa categoria de patrim\u00f4nio<br \/>\na) o caf\u00e9 e o chimarr\u00e3o produzidos no interior do estado.<br \/>\nb) as reservas de mata atl\u00e2ntica e a Ilha do Mel.<br \/>\nc) as cataratas do Igua\u00e7u, na tr\u00edplice fronteira.<br \/>\nd) o barreado e a cacha\u00e7a morretiana do litoral paranaense.<br \/>\ne) o Largo da Ordem e o centro hist\u00f3rico de Curitiba.<\/p>\n<p><strong>Coment\u00e1rios:<\/strong><\/p>\n<p>A quest\u00e3o perguntava sobre o que integrava o patrim\u00f4nio cultural imaterial do Paran\u00e1. Esta categoria de patrim\u00f4nio abrange as express\u00f5es culturais e as tradi\u00e7\u00f5es que um grupo de indiv\u00edduos preserva em respeito da sua ancestralidade, para as gera\u00e7\u00f5es futuras. S\u00e3o exemplos de patrim\u00f4nio imaterial: os saberes, os modos de fazer, as formas de express\u00e3o, celebra\u00e7\u00f5es, as festas e dan\u00e7as populares, lendas, m\u00fasicas, costumes e outras tradi\u00e7\u00f5es. Assim, o candidato j\u00e1 poderia eliminar o que era patrim\u00f4nio material e natural como as reservas da Mata Atl\u00e2ntica e as Cataratas do Igua\u00e7u (natural) e o Largo da Ordem e o centro hist\u00f3rico de Curitiba (material). O caf\u00e9 n\u00e3o \u00e9 origin\u00e1rio do Paran\u00e1, no Brasil, come\u00e7ou a ser cultivado na regi\u00e3o Sudeste.<\/p>\n<p><strong>O gabarito \u00e9 a letra D \u2013 o barreado e a cacha\u00e7a morretiana do litoral paranaense.<\/strong><\/p>\n<p>57 &#8211; As migra\u00e7\u00f5es constituem um fen\u00f4meno de escalas diversas, desde o local at\u00e9 o global, que t\u00eam provocado transforma\u00e7\u00f5es no Brasil e no mundo. No que se refere ao estado do Paran\u00e1, esse fen\u00f4meno tem-se caracterizado pela<br \/>\na) presen\u00e7a de homens estrangeiros, principais v\u00edtimas do tr\u00e1fico de pessoas, na atividade rural n\u00e3o modernizada.<br \/>\nb) ilegalidade nos n\u00facleos urbanos de baixa densidade demogr\u00e1fica na regi\u00e3o da fronteira, como Foz do Igua\u00e7u.<br \/>\nc) atra\u00e7\u00e3o de imigrantes pelos postos de trabalho nos polos industriais durante a recente crise econ\u00f4mica brasileira.<br \/>\nd) prote\u00e7\u00e3o aos povos e comunidades tradicionais, como os migrantes japoneses, alem\u00e3es e italianos.<br \/>\ne) presen\u00e7a de refugiados e trabalhadores vindos da Am\u00e9rica Latina, do Oriente M\u00e9dio e da \u00c1frica.<\/p>\n<p><strong>Coment\u00e1rios:<\/strong><\/p>\n<p>Nos \u00faltimos anos, o Brasil tem recebido muitos imigrantes e refugiados de pa\u00edses vindo da Am\u00e9rica Latina, do Oriente M\u00e9dio e da \u00c1frica. Esses imigrantes se distribuem em diferentes estados do Brasil, sendo um deles o Paran\u00e1. S\u00e3o refugiados e trabalhadores que fogem de situa\u00e7\u00f5es de conflitos b\u00e9licos, de crises pol\u00edticas, de cat\u00e1strofes naturais e de crises econ\u00f4micas e sociais ou vindo de pa\u00edses pobres buscando trabalho e uma renda e vida melhor no Brasil, tais como os venezuelanos, haitianos, s\u00edrios, senegaleses, nigerianos, entre outros.<\/p>\n<p><strong>Gabarito: E<\/strong><\/p>\n<p>58 &#8211; O governo do estado do Paran\u00e1 e a Organiza\u00e7\u00e3o para Coopera\u00e7\u00e3o e Desenvolvimento Econ\u00f4mico (OCDE) come\u00e7aram a trabalhar em conjunto para acelerar a implementa\u00e7\u00e3o dos 17 Objetivos de Desenvolvimento Sustent\u00e1vel (ODS) propostos pela Organiza\u00e7\u00e3o das Na\u00e7\u00f5es Unidas (ONU) para a Agenda 2030. Esses objetivos buscam efetivar as conquistas dos direitos humanos e alcan\u00e7ar a igualdade de g\u00eanero e foram moldados para ser integrados e indivis\u00edveis, a partir de tr\u00eas dimens\u00f5es do desenvolvimento sustent\u00e1vel: a econ\u00f4mica, a social e a ambiental.<br \/>\nInternet: \u2039www.aen.pr.gov.br\u203a (com adapta\u00e7\u00f5es).<br \/>\nA estrat\u00e9gia adotada atualmente no estado do Paran\u00e1 para atingir esses objetivos consiste em<br \/>\na) seguir as decis\u00f5es do governo federal no \u00e2mbito da OCDE, uma vez que o Brasil \u00e9 membro fundador dessa organiza\u00e7\u00e3o.<br \/>\nb) estruturar o plano governamental em torno dos ODS e integrar os munic\u00edpios ao desenvolvimento sustent\u00e1vel.<br \/>\nc) tornar o estado membro da OCDE a fim de influenciar no processo de avalia\u00e7\u00e3o dos ODS.<br \/>\nd) desenvolver pol\u00edticas p\u00fablicas independentes da mensura\u00e7\u00e3o dos indicadores socioecon\u00f4micos.<br \/>\ne) elaborar um pacto de responsabilidade para, a partir da pr\u00f3xima d\u00e9cada, acelerar o processo de integra\u00e7\u00e3o aos ODS.<\/p>\n<p><strong>Coment\u00e1rios:<\/strong><\/p>\n<p>O Brasil n\u00e3o \u00e9 membro da OCDE, o nosso pa\u00eds quer se tornar membro da Organiza\u00e7\u00e3o para Coopera\u00e7\u00e3o e Desenvolvimento Econ\u00f4mico, que \u00e9 composta somente por pa\u00edses, n\u00e3o por estados subnacionais, como o Paran\u00e1. Assim o candidato j\u00e1 poderia eliminar as alternativas \u201ca\u201d e \u201cc\u201d.<\/p>\n<p>A alternativa \u201cd\u201d t\u00eam um erro l\u00f3gico, n\u00e3o \u00e9 adequado desenvolver uma pol\u00edtica p\u00fablica como o ODS sem a mensura\u00e7\u00e3o por indicadores socioecon\u00f4micos. Se n\u00e3o houver mensura\u00e7\u00e3o, como vai se verificar se est\u00e3o sendo atingidas as metas dos Objetivos do Desenvolvimento Sustent\u00e1vel? N\u00e3o t\u00eam sentido.<\/p>\n<p>Os Objetivos do Desenvolvimento Sustent\u00e1vel foram lan\u00e7ados pela ONU em 2015. S\u00e3o 17 objetivos que englobam 169 metas em uma Agenda que vai de 2016 a 2030. Eles buscam efetivar as conquistas dos direitos humanos, alcan\u00e7ar a igualdade de g\u00eanero e foram moldados para serem integrados e indivis\u00edveis, a partir de tr\u00eas dimens\u00f5es do desenvolvimento sustent\u00e1vel: a econ\u00f4mica, a social e a ambiental.<\/p>\n<p>O Paran\u00e1 \u00e9 pioneiro na implementa\u00e7\u00e3o regional da Agenda 2030, sendo o \u00fanico estado brasileiro a trabalhar em coopera\u00e7\u00e3o com a Organiza\u00e7\u00e3o para Coopera\u00e7\u00e3o e Desenvolvimento Econ\u00f4mico (OCDE) para concretizar a miss\u00e3o de dirimir desigualdades e integrar crescimento econ\u00f4mico com respeito ao meio ambiente. Come\u00e7ou a trabalhar na implementa\u00e7\u00e3o regional dos ODS em 2016.<\/p>\n<p>Tamb\u00e9m \u00e9 pioneiro no envolvimento das cidades com os ODS, com 249 dos 399 munic\u00edpios e 16 das 19 associa\u00e7\u00f5es regionais municipais j\u00e1 pactuados com o Conselho Estadual de Desenvolvimento Econ\u00f4mico e Social (Cedes).<\/p>\n<p><strong>Gabarito: B<\/strong><\/p>\n<p>59 &#8211; O Paran\u00e1 \u00e9 o primeiro estado do Brasil a receber autonomia para administrar contratos de explora\u00e7\u00e3o de \u00e1reas dos portos organizados. Com a medida, a gest\u00e3o dos arrendamentos de instala\u00e7\u00f5es portu\u00e1rias, que antes era decidida pela Secretaria Nacional de Portos, passa a ser controlada pela empresa p\u00fablica Portos do Paran\u00e1. O arrendamento consiste de um contrato de cess\u00e3o de \u00e1rea para explora\u00e7\u00e3o privada da atividade portu\u00e1ria. O processo prev\u00ea a realiza\u00e7\u00e3o de editais de concorr\u00eancia, leil\u00e3o na Bolsa de Valores de S\u00e3o Paulo, gest\u00e3o dos contratos e a fiscaliza\u00e7\u00e3o da execu\u00e7\u00e3o desses contratos.<br \/>\nInternet: \u2039www.aen.pr.gov.br\u203a (com adapta\u00e7\u00f5es).<br \/>\nA receita gerada nos processos licitat\u00f3rios referidos nesse texto ser\u00e1 de propriedade<br \/>\na) da empresa p\u00fablica Portos do Paran\u00e1.<br \/>\nb) da Uni\u00e3o.<br \/>\nc) do estado do Paran\u00e1.<br \/>\nd) da Secretaria Nacional de Portos.<br \/>\ne) dos munic\u00edpios portu\u00e1rios.<\/p>\n<p><strong>Coment\u00e1rios:<\/strong><\/p>\n<p>O Paran\u00e1 foi o primeiro estado do Brasil a receber autonomia para administrar contratos de explora\u00e7\u00e3o de \u00e1reas dos portos organizados. Com a medida, a gest\u00e3o dos arrendamentos de instala\u00e7\u00f5es portu\u00e1rias, que antes eram definidos pela Secretaria Nacional de Portos, passaram a ser controlados pela empresa p\u00fablica Portos do Paran\u00e1. Com a descentraliza\u00e7\u00e3o, esses recursos \u2013 que antes ficavam no Tesouro da Uni\u00e3o, v\u00e3o para o caixa da empresa p\u00fablica paranaense.<\/p>\n<p><strong>Gabarito: A<\/strong><\/p>\n<p>60 &#8211; Em reuni\u00e3o ministerial realizada em Bruxelas, em junho de 2019, foi conclu\u00edda a negocia\u00e7\u00e3o da parte comercial do Acordo de Associa\u00e7\u00e3o. Segundo estimativas do Minist\u00e9rio da Economia, esse acordo incrementar\u00e1 o PIB brasileiro em US$ 87,5 bilh\u00f5es em 15 anos, podendo chegar a US$ 125 bilh\u00f5es se consideradas a redu\u00e7\u00e3o das barreiras n\u00e3o tarif\u00e1rias e o incremento esperado na produtividade total dos fatores de produ\u00e7\u00e3o. O aumento de investimentos no Brasil, no mesmo per\u00edodo, ser\u00e1 da ordem de US$ 113 bilh\u00f5es. Com rela\u00e7\u00e3o ao com\u00e9rcio bilateral, as exporta\u00e7\u00f5es brasileiras apresentar\u00e3o ganhos de quase US$ 100 bilh\u00f5es at\u00e9 2035.<br \/>\nInternet: &lt;www.itamaraty.gov.br (com adapta\u00e7\u00f5es)<br \/>\nO texto anterior descreve proje\u00e7\u00f5es de resultados do acordo de livre-com\u00e9rcio negociado entre o<br \/>\na) Brasil e os Estados Unidos da Am\u00e9rica.<br \/>\nb) Brasil e a China.<br \/>\nc) MERCOSUL e os Estados Unidos da Am\u00e9rica,<br \/>\nd) MERCOSUL e a Uni\u00e3o Europeia.<br \/>\ne) Brasil, a Uni\u00e3o Europeia e a China.<\/p>\n<p><strong>Coment\u00e1rios:<\/strong><\/p>\n<p>Quest\u00e3o f\u00e1cil, que se refere ao recente an\u00fancio da assinatura do Acordo de Livre Com\u00e9rcio entre o MERCOSUL e a Uni\u00e3o Europeia.<\/p>\n<p><strong>Gabarito: D<\/strong><\/p>\n<p><strong>*****<\/strong><\/p>\n<p>O Cebraspe\/Cespe \u00e9 uma banca que atua nacionalmente na organiza\u00e7\u00e3o de concursos p\u00fablicos. Mesmo em concursos estaduais, em Atualidades, geralmente 80% das quest\u00f5es vem de t\u00f3picos nacionais e internacionais. Nesta prova de Atualidades, o examinador do Cespe inovou, com 80% das quest\u00f5es da disciplina vindo de temas estaduais.<\/p>\n<p>As bancas tamb\u00e9m costumam ter o IPARDES como a principal fonte das quest\u00f5es sobre o estado. Mais uma inova\u00e7\u00e3o do examinador, que utilizou como fonte principal a Ag\u00eancia de Not\u00edcias do Paran\u00e1.<\/p>\n<p>Inova\u00e7\u00f5es para prestarmos aten\u00e7\u00e3o com rela\u00e7\u00e3o \u00e0 pr\u00f3ximos concursos do estado que podem ser realizados pelo Cebraspe\/Cespe.<\/p>\n<p>Pelas peculiaridades desta prova, ela n\u00e3o foi dif\u00edcil s\u00f3 para voc\u00ea, ela estava dif\u00edcil para todos os candidatos.<\/p>\n<p>Sucesso no concurso!<\/p>\n<p>Professor Leandro Signori<\/p>\n","protected":false},"excerpt":{"rendered":"<p>Ol\u00e1 pessoal, Segue o meu gabarito extraoficial de Atualidades. Confira se a ordem das quest\u00f5es da prova que voc\u00ea fez \u00e9 a mesma da prova que estou comentando. ***** 56 \u2013 Manifesta\u00e7\u00f5es relevantes para a mem\u00f3ria, identidade e forma\u00e7\u00e3o da sociedade podem ser registradas e protegidas como patrim\u00f4nio cultural imaterial. No estado do Paran\u00e1, integram [&hellip;]<\/p>\n","protected":false},"author":306,"featured_media":0,"comment_status":"open","ping_status":"closed","sticky":false,"template":"","format":"standard","meta":{"post_tipo":"article","footnotes":""},"categories":[1,1984],"tags":[],"tax_estado":[],"class_list":["post-424347","post","type-post","status-publish","format-standard","hentry","category-cursos-e-concursos","category-tribunais"],"acf":[],"yoast_head":"<!-- This site is optimized with the Yoast SEO Premium plugin v27.2 (Yoast SEO v27.2) - https:\/\/yoast.com\/product\/yoast-seo-premium-wordpress\/ -->\n<title>Coment\u00e1rios \u00e0 prova de Atualidades do TJ-PR<\/title>\n<meta name=\"robots\" content=\"index, follow, max-snippet:-1, max-image-preview:large, max-video-preview:-1\" \/>\n<link rel=\"canonical\" href=\"https:\/\/www.estrategiaconcursos.com.br\/blog\/comentario-a-prova-de-atualidades-do-tj-pr-atualidades\/\" \/>\n<meta property=\"og:locale\" content=\"pt_BR\" \/>\n<meta property=\"og:type\" content=\"article\" \/>\n<meta property=\"og:title\" content=\"Coment\u00e1rios \u00e0 prova de Atualidades do TJ-PR\" \/>\n<meta property=\"og:description\" content=\"Ol\u00e1 pessoal, Segue o meu gabarito extraoficial de Atualidades. Confira se a ordem das quest\u00f5es da prova que voc\u00ea fez \u00e9 a mesma da prova que estou comentando. ***** 56 \u2013 Manifesta\u00e7\u00f5es relevantes para a mem\u00f3ria, identidade e forma\u00e7\u00e3o da sociedade podem ser registradas e protegidas como patrim\u00f4nio cultural imaterial. No estado do Paran\u00e1, integram [&hellip;]\" \/>\n<meta property=\"og:url\" content=\"https:\/\/www.estrategiaconcursos.com.br\/blog\/comentario-a-prova-de-atualidades-do-tj-pr-atualidades\/\" \/>\n<meta property=\"og:site_name\" content=\"Estrat\u00e9gia Concursos\" \/>\n<meta property=\"article:author\" content=\"https:\/\/www.facebook.com\/leandrosignoriatualidades\/\" \/>\n<meta property=\"article:published_time\" content=\"2019-09-23T01:40:04+00:00\" \/>\n<meta property=\"article:modified_time\" content=\"2019-11-08T19:34:36+00:00\" \/>\n<meta name=\"author\" content=\"Leandro Signori\" \/>\n<meta name=\"twitter:card\" content=\"summary_large_image\" \/>\n<meta name=\"twitter:creator\" content=\"@EstratConcursos\" \/>\n<meta name=\"twitter:site\" content=\"@EstratConcursos\" \/>\n<meta name=\"twitter:label1\" content=\"Escrito por\" \/>\n\t<meta name=\"twitter:data1\" content=\"Leandro Signori\" \/>\n\t<meta name=\"twitter:label2\" content=\"Est. tempo de leitura\" \/>\n\t<meta name=\"twitter:data2\" content=\"8 minutos\" \/>\n<script type=\"application\/ld+json\" class=\"yoast-schema-graph\">{\"@context\":\"https:\/\/schema.org\",\"@graph\":[{\"@type\":\"NewsArticle\",\"@id\":\"https:\/\/www.estrategiaconcursos.com.br\/blog\/comentario-a-prova-de-atualidades-do-tj-pr-atualidades\/#article\",\"isPartOf\":{\"@id\":\"https:\/\/www.estrategiaconcursos.com.br\/blog\/comentario-a-prova-de-atualidades-do-tj-pr-atualidades\/\"},\"author\":{\"name\":\"Leandro Signori\",\"@id\":\"https:\/\/www.estrategiaconcursos.com.br\/blog\/#\/schema\/person\/d2e7d78de4b9d6ba51cc24fd558a7f42\"},\"headline\":\"Coment\u00e1rios \u00e0 prova de Atualidades do TJ-PR\",\"datePublished\":\"2019-09-23T01:40:04+00:00\",\"dateModified\":\"2019-11-08T19:34:36+00:00\",\"mainEntityOfPage\":{\"@id\":\"https:\/\/www.estrategiaconcursos.com.br\/blog\/comentario-a-prova-de-atualidades-do-tj-pr-atualidades\/\"},\"wordCount\":1586,\"commentCount\":7,\"publisher\":{\"@id\":\"https:\/\/www.estrategiaconcursos.com.br\/blog\/#organization\"},\"articleSection\":[\"Concursos P\u00fablicos\",\"Tribunais\"],\"inLanguage\":\"pt-BR\",\"potentialAction\":[{\"@type\":\"CommentAction\",\"name\":\"Comment\",\"target\":[\"https:\/\/www.estrategiaconcursos.com.br\/blog\/comentario-a-prova-de-atualidades-do-tj-pr-atualidades\/#respond\"]}],\"copyrightYear\":\"2019\",\"copyrightHolder\":{\"@id\":\"https:\/\/www.estrategiaconcursos.com.br\/blog\/#organization\"}},{\"@type\":\"WebPage\",\"@id\":\"https:\/\/www.estrategiaconcursos.com.br\/blog\/comentario-a-prova-de-atualidades-do-tj-pr-atualidades\/\",\"url\":\"https:\/\/www.estrategiaconcursos.com.br\/blog\/comentario-a-prova-de-atualidades-do-tj-pr-atualidades\/\",\"name\":\"Coment\u00e1rios \u00e0 prova de Atualidades do TJ-PR\",\"isPartOf\":{\"@id\":\"https:\/\/www.estrategiaconcursos.com.br\/blog\/#website\"},\"datePublished\":\"2019-09-23T01:40:04+00:00\",\"dateModified\":\"2019-11-08T19:34:36+00:00\",\"breadcrumb\":{\"@id\":\"https:\/\/www.estrategiaconcursos.com.br\/blog\/comentario-a-prova-de-atualidades-do-tj-pr-atualidades\/#breadcrumb\"},\"inLanguage\":\"pt-BR\",\"potentialAction\":[{\"@type\":\"ReadAction\",\"target\":[\"https:\/\/www.estrategiaconcursos.com.br\/blog\/comentario-a-prova-de-atualidades-do-tj-pr-atualidades\/\"]}]},{\"@type\":\"BreadcrumbList\",\"@id\":\"https:\/\/www.estrategiaconcursos.com.br\/blog\/comentario-a-prova-de-atualidades-do-tj-pr-atualidades\/#breadcrumb\",\"itemListElement\":[{\"@type\":\"ListItem\",\"position\":1,\"name\":\"In\u00edcio\",\"item\":\"https:\/\/www.estrategiaconcursos.com.br\/blog\/\"},{\"@type\":\"ListItem\",\"position\":2,\"name\":\"Coment\u00e1rios \u00e0 prova de Atualidades do TJ-PR\"}]},{\"@type\":\"WebSite\",\"@id\":\"https:\/\/www.estrategiaconcursos.com.br\/blog\/#website\",\"url\":\"https:\/\/www.estrategiaconcursos.com.br\/blog\/\",\"name\":\"Estrat\u00e9gia Concursos\",\"description\":\"O blog da Estrat\u00e9gia Concursos traz not\u00edcias sobre concursos e artigos de professores oferecendo cursos para concursos (pdf + videaulas) no site.\",\"publisher\":{\"@id\":\"https:\/\/www.estrategiaconcursos.com.br\/blog\/#organization\"},\"potentialAction\":[{\"@type\":\"SearchAction\",\"target\":{\"@type\":\"EntryPoint\",\"urlTemplate\":\"https:\/\/www.estrategiaconcursos.com.br\/blog\/?s={search_term_string}\"},\"query-input\":{\"@type\":\"PropertyValueSpecification\",\"valueRequired\":true,\"valueName\":\"search_term_string\"}}],\"inLanguage\":\"pt-BR\"},{\"@type\":\"Organization\",\"@id\":\"https:\/\/www.estrategiaconcursos.com.br\/blog\/#organization\",\"name\":\"Estrat\u00e9gia Concursos\",\"url\":\"https:\/\/www.estrategiaconcursos.com.br\/blog\/\",\"logo\":{\"@type\":\"ImageObject\",\"inLanguage\":\"pt-BR\",\"@id\":\"https:\/\/www.estrategiaconcursos.com.br\/blog\/#\/schema\/logo\/image\/\",\"url\":\"https:\/\/dhg1h5j42swfq.cloudfront.net\/2025\/06\/03203428\/logo_concursos-1.jpg\",\"contentUrl\":\"https:\/\/dhg1h5j42swfq.cloudfront.net\/2025\/06\/03203428\/logo_concursos-1.jpg\",\"width\":230,\"height\":60,\"caption\":\"Estrat\u00e9gia Concursos\"},\"image\":{\"@id\":\"https:\/\/www.estrategiaconcursos.com.br\/blog\/#\/schema\/logo\/image\/\"},\"sameAs\":[\"https:\/\/x.com\/EstratConcursos\"]},{\"@type\":\"Person\",\"@id\":\"https:\/\/www.estrategiaconcursos.com.br\/blog\/#\/schema\/person\/d2e7d78de4b9d6ba51cc24fd558a7f42\",\"name\":\"Leandro Signori\",\"image\":{\"@type\":\"ImageObject\",\"inLanguage\":\"pt-BR\",\"@id\":\"https:\/\/secure.gravatar.com\/avatar\/aa2ef98e93764dcf1758f52d2792d4b3e4089ee25bc520608dde62ad802ae541?s=96&d=mm&r=g\",\"url\":\"https:\/\/secure.gravatar.com\/avatar\/aa2ef98e93764dcf1758f52d2792d4b3e4089ee25bc520608dde62ad802ae541?s=96&d=mm&r=g\",\"contentUrl\":\"https:\/\/secure.gravatar.com\/avatar\/aa2ef98e93764dcf1758f52d2792d4b3e4089ee25bc520608dde62ad802ae541?s=96&d=mm&r=g\",\"caption\":\"Leandro Signori\"},\"description\":\"Licenciado em Geografia pela Universidade Federal do Rio Grande do Sul (UFRGS) e Bacharel em Geografia pela Uniceub (Bras\u00edlia). Como servidor p\u00fablico, foi funcion\u00e1rio da Prefeitura de S\u00e3o Leopoldo (RS), Prefeitura de Porto Alegre (RS), Companhia Riograndense de Saneamento (Corsan) e Minist\u00e9rio da Integra\u00e7\u00e3o Nacional. \u00c9 professor de Geografia para o ensino m\u00e9dio na rede particular de ensino. Leciona as disciplinas de Atualidades, Conhecimentos Gerais, Geografia, Realidade Brasileira e Hist\u00f3ria, em cursos on line e presenciais preparat\u00f3rios para concursos p\u00fablicos.\",\"sameAs\":[\"https:\/\/www.facebook.com\/leandrosignoriatualidades\/\"],\"url\":\"https:\/\/www.estrategiaconcursos.com.br\/blog\/author\/leandroestrategiaconcursos-com-br\/\"}]}<\/script>\n<!-- \/ Yoast SEO Premium plugin. -->","yoast_head_json":{"title":"Coment\u00e1rios \u00e0 prova de Atualidades do TJ-PR","robots":{"index":"index","follow":"follow","max-snippet":"max-snippet:-1","max-image-preview":"max-image-preview:large","max-video-preview":"max-video-preview:-1"},"canonical":"https:\/\/www.estrategiaconcursos.com.br\/blog\/comentario-a-prova-de-atualidades-do-tj-pr-atualidades\/","og_locale":"pt_BR","og_type":"article","og_title":"Coment\u00e1rios \u00e0 prova de Atualidades do TJ-PR","og_description":"Ol\u00e1 pessoal, Segue o meu gabarito extraoficial de Atualidades. Confira se a ordem das quest\u00f5es da prova que voc\u00ea fez \u00e9 a mesma da prova que estou comentando. ***** 56 \u2013 Manifesta\u00e7\u00f5es relevantes para a mem\u00f3ria, identidade e forma\u00e7\u00e3o da sociedade podem ser registradas e protegidas como patrim\u00f4nio cultural imaterial. No estado do Paran\u00e1, integram [&hellip;]","og_url":"https:\/\/www.estrategiaconcursos.com.br\/blog\/comentario-a-prova-de-atualidades-do-tj-pr-atualidades\/","og_site_name":"Estrat\u00e9gia Concursos","article_author":"https:\/\/www.facebook.com\/leandrosignoriatualidades\/","article_published_time":"2019-09-23T01:40:04+00:00","article_modified_time":"2019-11-08T19:34:36+00:00","author":"Leandro Signori","twitter_card":"summary_large_image","twitter_creator":"@EstratConcursos","twitter_site":"@EstratConcursos","twitter_misc":{"Escrito por":"Leandro Signori","Est. tempo de leitura":"8 minutos"},"schema":{"@context":"https:\/\/schema.org","@graph":[{"@type":"NewsArticle","@id":"https:\/\/www.estrategiaconcursos.com.br\/blog\/comentario-a-prova-de-atualidades-do-tj-pr-atualidades\/#article","isPartOf":{"@id":"https:\/\/www.estrategiaconcursos.com.br\/blog\/comentario-a-prova-de-atualidades-do-tj-pr-atualidades\/"},"author":{"name":"Leandro Signori","@id":"https:\/\/www.estrategiaconcursos.com.br\/blog\/#\/schema\/person\/d2e7d78de4b9d6ba51cc24fd558a7f42"},"headline":"Coment\u00e1rios \u00e0 prova de Atualidades do TJ-PR","datePublished":"2019-09-23T01:40:04+00:00","dateModified":"2019-11-08T19:34:36+00:00","mainEntityOfPage":{"@id":"https:\/\/www.estrategiaconcursos.com.br\/blog\/comentario-a-prova-de-atualidades-do-tj-pr-atualidades\/"},"wordCount":1586,"commentCount":7,"publisher":{"@id":"https:\/\/www.estrategiaconcursos.com.br\/blog\/#organization"},"articleSection":["Concursos P\u00fablicos","Tribunais"],"inLanguage":"pt-BR","potentialAction":[{"@type":"CommentAction","name":"Comment","target":["https:\/\/www.estrategiaconcursos.com.br\/blog\/comentario-a-prova-de-atualidades-do-tj-pr-atualidades\/#respond"]}],"copyrightYear":"2019","copyrightHolder":{"@id":"https:\/\/www.estrategiaconcursos.com.br\/blog\/#organization"}},{"@type":"WebPage","@id":"https:\/\/www.estrategiaconcursos.com.br\/blog\/comentario-a-prova-de-atualidades-do-tj-pr-atualidades\/","url":"https:\/\/www.estrategiaconcursos.com.br\/blog\/comentario-a-prova-de-atualidades-do-tj-pr-atualidades\/","name":"Coment\u00e1rios \u00e0 prova de Atualidades do TJ-PR","isPartOf":{"@id":"https:\/\/www.estrategiaconcursos.com.br\/blog\/#website"},"datePublished":"2019-09-23T01:40:04+00:00","dateModified":"2019-11-08T19:34:36+00:00","breadcrumb":{"@id":"https:\/\/www.estrategiaconcursos.com.br\/blog\/comentario-a-prova-de-atualidades-do-tj-pr-atualidades\/#breadcrumb"},"inLanguage":"pt-BR","potentialAction":[{"@type":"ReadAction","target":["https:\/\/www.estrategiaconcursos.com.br\/blog\/comentario-a-prova-de-atualidades-do-tj-pr-atualidades\/"]}]},{"@type":"BreadcrumbList","@id":"https:\/\/www.estrategiaconcursos.com.br\/blog\/comentario-a-prova-de-atualidades-do-tj-pr-atualidades\/#breadcrumb","itemListElement":[{"@type":"ListItem","position":1,"name":"In\u00edcio","item":"https:\/\/www.estrategiaconcursos.com.br\/blog\/"},{"@type":"ListItem","position":2,"name":"Coment\u00e1rios \u00e0 prova de Atualidades do TJ-PR"}]},{"@type":"WebSite","@id":"https:\/\/www.estrategiaconcursos.com.br\/blog\/#website","url":"https:\/\/www.estrategiaconcursos.com.br\/blog\/","name":"Estrat\u00e9gia Concursos","description":"O blog da Estrat\u00e9gia Concursos traz not\u00edcias sobre concursos e artigos de professores oferecendo cursos para concursos (pdf + videaulas) no site.","publisher":{"@id":"https:\/\/www.estrategiaconcursos.com.br\/blog\/#organization"},"potentialAction":[{"@type":"SearchAction","target":{"@type":"EntryPoint","urlTemplate":"https:\/\/www.estrategiaconcursos.com.br\/blog\/?s={search_term_string}"},"query-input":{"@type":"PropertyValueSpecification","valueRequired":true,"valueName":"search_term_string"}}],"inLanguage":"pt-BR"},{"@type":"Organization","@id":"https:\/\/www.estrategiaconcursos.com.br\/blog\/#organization","name":"Estrat\u00e9gia Concursos","url":"https:\/\/www.estrategiaconcursos.com.br\/blog\/","logo":{"@type":"ImageObject","inLanguage":"pt-BR","@id":"https:\/\/www.estrategiaconcursos.com.br\/blog\/#\/schema\/logo\/image\/","url":"https:\/\/dhg1h5j42swfq.cloudfront.net\/2025\/06\/03203428\/logo_concursos-1.jpg","contentUrl":"https:\/\/dhg1h5j42swfq.cloudfront.net\/2025\/06\/03203428\/logo_concursos-1.jpg","width":230,"height":60,"caption":"Estrat\u00e9gia Concursos"},"image":{"@id":"https:\/\/www.estrategiaconcursos.com.br\/blog\/#\/schema\/logo\/image\/"},"sameAs":["https:\/\/x.com\/EstratConcursos"]},{"@type":"Person","@id":"https:\/\/www.estrategiaconcursos.com.br\/blog\/#\/schema\/person\/d2e7d78de4b9d6ba51cc24fd558a7f42","name":"Leandro Signori","image":{"@type":"ImageObject","inLanguage":"pt-BR","@id":"https:\/\/secure.gravatar.com\/avatar\/aa2ef98e93764dcf1758f52d2792d4b3e4089ee25bc520608dde62ad802ae541?s=96&d=mm&r=g","url":"https:\/\/secure.gravatar.com\/avatar\/aa2ef98e93764dcf1758f52d2792d4b3e4089ee25bc520608dde62ad802ae541?s=96&d=mm&r=g","contentUrl":"https:\/\/secure.gravatar.com\/avatar\/aa2ef98e93764dcf1758f52d2792d4b3e4089ee25bc520608dde62ad802ae541?s=96&d=mm&r=g","caption":"Leandro Signori"},"description":"Licenciado em Geografia pela Universidade Federal do Rio Grande do Sul (UFRGS) e Bacharel em Geografia pela Uniceub (Bras\u00edlia). Como servidor p\u00fablico, foi funcion\u00e1rio da Prefeitura de S\u00e3o Leopoldo (RS), Prefeitura de Porto Alegre (RS), Companhia Riograndense de Saneamento (Corsan) e Minist\u00e9rio da Integra\u00e7\u00e3o Nacional. \u00c9 professor de Geografia para o ensino m\u00e9dio na rede particular de ensino. Leciona as disciplinas de Atualidades, Conhecimentos Gerais, Geografia, Realidade Brasileira e Hist\u00f3ria, em cursos on line e presenciais preparat\u00f3rios para concursos p\u00fablicos.","sameAs":["https:\/\/www.facebook.com\/leandrosignoriatualidades\/"],"url":"https:\/\/www.estrategiaconcursos.com.br\/blog\/author\/leandroestrategiaconcursos-com-br\/"}]}},"_links":{"self":[{"href":"https:\/\/www.estrategiaconcursos.com.br\/blog\/wp-json\/wp\/v2\/posts\/424347","targetHints":{"allow":["GET"]}}],"collection":[{"href":"https:\/\/www.estrategiaconcursos.com.br\/blog\/wp-json\/wp\/v2\/posts"}],"about":[{"href":"https:\/\/www.estrategiaconcursos.com.br\/blog\/wp-json\/wp\/v2\/types\/post"}],"author":[{"embeddable":true,"href":"https:\/\/www.estrategiaconcursos.com.br\/blog\/wp-json\/wp\/v2\/users\/306"}],"replies":[{"embeddable":true,"href":"https:\/\/www.estrategiaconcursos.com.br\/blog\/wp-json\/wp\/v2\/comments?post=424347"}],"version-history":[{"count":7,"href":"https:\/\/www.estrategiaconcursos.com.br\/blog\/wp-json\/wp\/v2\/posts\/424347\/revisions"}],"predecessor-version":[{"id":424358,"href":"https:\/\/www.estrategiaconcursos.com.br\/blog\/wp-json\/wp\/v2\/posts\/424347\/revisions\/424358"}],"wp:attachment":[{"href":"https:\/\/www.estrategiaconcursos.com.br\/blog\/wp-json\/wp\/v2\/media?parent=424347"}],"wp:term":[{"taxonomy":"category","embeddable":true,"href":"https:\/\/www.estrategiaconcursos.com.br\/blog\/wp-json\/wp\/v2\/categories?post=424347"},{"taxonomy":"post_tag","embeddable":true,"href":"https:\/\/www.estrategiaconcursos.com.br\/blog\/wp-json\/wp\/v2\/tags?post=424347"},{"taxonomy":"tax_estado","embeddable":true,"href":"https:\/\/www.estrategiaconcursos.com.br\/blog\/wp-json\/wp\/v2\/tax_estado?post=424347"}],"curies":[{"name":"wp","href":"https:\/\/api.w.org\/{rel}","templated":true}]}}