{"id":424315,"date":"2019-09-22T20:48:06","date_gmt":"2019-09-22T23:48:06","guid":{"rendered":"https:\/\/www.estrategiaconcursos.com.br\/blog\/?p=424315"},"modified":"2019-11-08T16:38:08","modified_gmt":"2019-11-08T19:38:08","slug":"tj-pr-gabarito-extraoficial-legislacoes-institucionais","status":"publish","type":"post","link":"https:\/\/www.estrategiaconcursos.com.br\/blog\/tj-pr-gabarito-extraoficial-legislacoes-institucionais\/","title":{"rendered":"TJ PR Gabarito Extraoficial \u2013 Legisla\u00e7\u00f5es Institucionais"},"content":{"rendered":"\n<p>Fala, pessoal! <\/p>\n\n\n\n<p>Segue nossos coment\u00e1rios sobre a prova do TJ PR ocorrida no dia 22 de setembro (gabarito extraoficial TJ PR)<\/p>\n\n\n\n<p><strong>A prova veio como esperado. <\/strong>Quest\u00f5es f\u00e1ceis e abordando o texto de lei.<\/p>\n\n\n\n<div class=\"wp-block-image\"><figure class=\"aligncenter is-resized\"><img loading=\"lazy\" decoding=\"async\" src=\"https:\/\/dhg1h5j42swfq.cloudfront.net\/2019\/09\/22204009\/Captura-de-Tela-2019-09-22-%C3%A0s-20.13.50.png\" alt=\"\" class=\"wp-image-424316\" width=\"329\" height=\"194\" srcset=\"https:\/\/dhg1h5j42swfq.cloudfront.net\/2019\/09\/22204009\/Captura-de-Tela-2019-09-22-%C3%A0s-20.13.50.png 376w, https:\/\/dhg1h5j42swfq.cloudfront.net\/2019\/09\/22204009\/Captura-de-Tela-2019-09-22-%C3%A0s-20.13.50.png 300w\" sizes=\"auto, (max-width: 329px) 100vw, 329px\" \/><\/figure><\/div>\n\n\n\n<p>GABARITO <strong>LETRA E<\/strong><\/p>\n\n\n\n<p><strong>O retorno do demitido \u00e9 a REINTEGRA\u00c7\u00c3O.<\/strong><\/p>\n\n\n\n<div class=\"wp-block-image\"><figure class=\"aligncenter is-resized\"><img loading=\"lazy\" decoding=\"async\" src=\"https:\/\/dhg1h5j42swfq.cloudfront.net\/2019\/09\/22204728\/Captura-de-Tela-2019-09-22-%C3%A0s-20.46.49.png\" alt=\"\" class=\"wp-image-424328\" width=\"422\" height=\"250\" srcset=\"https:\/\/dhg1h5j42swfq.cloudfront.net\/2019\/09\/22204728\/Captura-de-Tela-2019-09-22-%C3%A0s-20.46.49.png 1042w, https:\/\/dhg1h5j42swfq.cloudfront.net\/2019\/09\/22204728\/Captura-de-Tela-2019-09-22-%C3%A0s-20.46.49.png 300w, https:\/\/dhg1h5j42swfq.cloudfront.net\/2019\/09\/22204728\/Captura-de-Tela-2019-09-22-%C3%A0s-20.46.49.png 768w, https:\/\/dhg1h5j42swfq.cloudfront.net\/2019\/09\/22204728\/Captura-de-Tela-2019-09-22-%C3%A0s-20.46.49.png 1024w, https:\/\/dhg1h5j42swfq.cloudfront.net\/2019\/09\/22204728\/Captura-de-Tela-2019-09-22-%C3%A0s-20.46.49.png 610w\" sizes=\"auto, (max-width: 422px) 100vw, 422px\" \/><\/figure><\/div>\n\n\n\n<p><br \/><\/p>\n\n\n\n<p><\/p>\n\n\n\n<div class=\"wp-block-image\"><figure class=\"aligncenter is-resized\"><img loading=\"lazy\" decoding=\"async\" src=\"https:\/\/dhg1h5j42swfq.cloudfront.net\/2019\/09\/22204054\/Captura-de-Tela-2019-09-22-%C3%A0s-20.13.55.png\" alt=\"\" class=\"wp-image-424317\" width=\"335\" height=\"198\" srcset=\"https:\/\/dhg1h5j42swfq.cloudfront.net\/2019\/09\/22204054\/Captura-de-Tela-2019-09-22-%C3%A0s-20.13.55.png 381w, https:\/\/dhg1h5j42swfq.cloudfront.net\/2019\/09\/22204054\/Captura-de-Tela-2019-09-22-%C3%A0s-20.13.55.png 300w\" sizes=\"auto, (max-width: 335px) 100vw, 335px\" \/><\/figure><\/div>\n\n\n\n<p><strong>GABARITO LETRA E<\/strong><\/p>\n\n\n\n<p>Provimento \u00e9 ato de car\u00e1ter <strong>normativo, <\/strong>cuja finalidade \u00e9 <strong>esclarecer e orientar a execu\u00e7\u00e3o dos servi\u00e7os <\/strong>judiciais e extrajudiciais em geral. Quando emanado para alterar o C\u00f3digo de Normas, dever\u00e1 indicar expressamente a norma alterada, a fim de preservar a sistematiza\u00e7\u00e3o e a numera\u00e7\u00e3o existentes.<\/p>\n\n\n\n<div class=\"wp-block-image\"><figure class=\"aligncenter is-resized\"><img loading=\"lazy\" decoding=\"async\" src=\"https:\/\/dhg1h5j42swfq.cloudfront.net\/2019\/09\/22204123\/Captura-de-Tela-2019-09-22-%C3%A0s-20.41.13.png\" alt=\"\" class=\"wp-image-424318\" width=\"411\" height=\"191\" srcset=\"https:\/\/dhg1h5j42swfq.cloudfront.net\/2019\/09\/22204123\/Captura-de-Tela-2019-09-22-%C3%A0s-20.41.13.png 1050w, https:\/\/dhg1h5j42swfq.cloudfront.net\/2019\/09\/22204123\/Captura-de-Tela-2019-09-22-%C3%A0s-20.41.13.png 300w, https:\/\/dhg1h5j42swfq.cloudfront.net\/2019\/09\/22204123\/Captura-de-Tela-2019-09-22-%C3%A0s-20.41.13.png 768w, https:\/\/dhg1h5j42swfq.cloudfront.net\/2019\/09\/22204123\/Captura-de-Tela-2019-09-22-%C3%A0s-20.41.13.png 1024w, https:\/\/dhg1h5j42swfq.cloudfront.net\/2019\/09\/22204123\/Captura-de-Tela-2019-09-22-%C3%A0s-20.41.13.png 610w\" sizes=\"auto, (max-width: 411px) 100vw, 411px\" \/><\/figure><\/div>\n\n\n\n<p><\/p>\n\n\n\n<div class=\"wp-block-image\"><figure class=\"aligncenter is-resized\"><img loading=\"lazy\" decoding=\"async\" src=\"https:\/\/dhg1h5j42swfq.cloudfront.net\/2019\/09\/22204134\/q.png\" alt=\"\" class=\"wp-image-424319\" width=\"359\" height=\"356\" srcset=\"https:\/\/dhg1h5j42swfq.cloudfront.net\/2019\/09\/22204134\/q.png 384w, https:\/\/dhg1h5j42swfq.cloudfront.net\/2019\/09\/22204134\/q.png 150w, https:\/\/dhg1h5j42swfq.cloudfront.net\/2019\/09\/22204134\/q.png 300w\" sizes=\"auto, (max-width: 359px) 100vw, 359px\" \/><\/figure><\/div>\n\n\n\n<p><strong>GABARITO LETRA B<\/strong><\/p>\n\n\n\n<p>Vejamos os itens:<\/p>\n\n\n\n<p><strong>ALTERNATIVA I \u2013 Errada<\/strong>. \u00c9 o Regimento que faz isso.<\/p>\n\n\n\n<p><em>Art. 1\u00ba. Este Regimento disp\u00f5e sobre o funcionamento do Tribunal de Justi\u00e7a, estabelece a compet\u00eancia de seus \u00f3rg\u00e3os, regula a instru\u00e7\u00e3o e julgamento das a\u00e7\u00f5es origin\u00e1rias e dos recursos que lhe s\u00e3o atribu\u00eddos e institui a disciplina de seus servi\u00e7os.<\/em><\/p>\n\n\n\n<p><strong>ALTERNATIVA II \u2013 Errada. <\/strong>A quest\u00e3o pede sobre o regulamento, mas se voc\u00ea lembrar das aulas regimento, ver\u00e1 que o Presidente n\u00e3o tem essa prerrogativa :p. Ali\u00e1s, o regulamento n\u00e3o trata das compet\u00eancias dos membros da c\u00fapula diretiva.<\/p>\n\n\n\n<p><strong>ALTERNATIVA III \u2013 Correta;<\/strong><\/p>\n\n\n\n<p><em>Art. 1\u00ba. Este C\u00f3digo disp\u00f5e sobre a Organiza\u00e7\u00e3o e Divis\u00e3o Judici\u00e1rias do Estado do Paran\u00e1 e disciplina a constitui\u00e7\u00e3o, a estrutura, as atribui\u00e7\u00f5es e a compet\u00eancia do Tribunal de Justi\u00e7a, de Ju\u00edzes e dos Servi\u00e7os Auxiliares, observados os princ\u00edpios constitucionais que os regem.<\/em><\/p>\n\n\n\n<p><em>\u00a0\u00a7\u00a02\u00ba. Al\u00e9m dos princ\u00edpios referidos no par\u00e1grafo anterior, tamb\u00e9m se aplicam \u00e0 presente lei, os seguintes:\u00a0<\/em><\/p>\n\n\n\n<p><em>VIII \u2013 modicidade das custas e emolumentos.<\/em><\/p>\n\n\n\n<p><br \/><\/p>\n\n\n\n<div class=\"wp-block-image\"><figure class=\"aligncenter is-resized\"><img loading=\"lazy\" decoding=\"async\" src=\"https:\/\/dhg1h5j42swfq.cloudfront.net\/2019\/09\/22204928\/Captura-de-Tela-2019-09-22-%C3%A0s-20.14.081.png\" alt=\"\" class=\"wp-image-424337\" width=\"325\" height=\"352\" srcset=\"https:\/\/dhg1h5j42swfq.cloudfront.net\/2019\/09\/22204928\/Captura-de-Tela-2019-09-22-%C3%A0s-20.14.081.png 372w, https:\/\/dhg1h5j42swfq.cloudfront.net\/2019\/09\/22204928\/Captura-de-Tela-2019-09-22-%C3%A0s-20.14.081.png 277w, https:\/\/dhg1h5j42swfq.cloudfront.net\/2019\/09\/22204928\/Captura-de-Tela-2019-09-22-%C3%A0s-20.14.081.png 120w\" sizes=\"auto, (max-width: 325px) 100vw, 325px\" \/><\/figure><\/div>\n\n\n\n<p><strong>GABARITO LETRA A<\/strong><\/p>\n\n\n\n<p>A quest\u00e3o pode confundi-lo entre as letras A e D, MAS preste aten\u00e7\u00e3o ao enunciado&#8230;a quest\u00e3o quer saber do quinto constitucional. Era s\u00f3 lembrar desse esquema:<\/p>\n\n\n\n<p><br \/><\/p>\n\n\n\n<figure class=\"wp-block-image\"><img decoding=\"async\" src=\"https:\/\/dhg1h5j42swfq.cloudfront.net\/2019\/09\/22204757\/Captura-de-Tela-2019-09-22-%C3%A0s-20.43.152.png\" alt=\"\" class=\"wp-image-424329\" \/><\/figure>\n\n\n\n<div class=\"wp-block-image\"><figure class=\"aligncenter is-resized\"><img loading=\"lazy\" decoding=\"async\" src=\"https:\/\/dhg1h5j42swfq.cloudfront.net\/2019\/09\/22204359\/Captura-de-Tela-2019-09-22-%C3%A0s-20.14.251.png\" alt=\"\" class=\"wp-image-424323\" width=\"324\" height=\"199\" srcset=\"https:\/\/dhg1h5j42swfq.cloudfront.net\/2019\/09\/22204359\/Captura-de-Tela-2019-09-22-%C3%A0s-20.14.251.png 378w, https:\/\/dhg1h5j42swfq.cloudfront.net\/2019\/09\/22204359\/Captura-de-Tela-2019-09-22-%C3%A0s-20.14.251.png 300w\" sizes=\"auto, (max-width: 324px) 100vw, 324px\" \/><\/figure><\/div>\n\n\n\n<div class=\"wp-block-file\"><a href=\"https:\/\/www.estrategiaconcursos.com.br\/blog\/wp-content\/uploads\/2019\/09\/Captura-de-Tela-2019-09-22-\u00e0s-20.43.15-1024x437.png\"><strong>GABARITO: Letra C.<\/strong><br \/> O \u00f3rg\u00e3o que tem 25 membros e que exerce fun\u00e7\u00f5es delegadas pelo Tribunal Pleno \u00e9 o \u00d3RG\u00c3O ESPECIAL.<br \/><br \/> <\/a><a href=\"https:\/\/www.estrategiaconcursos.com.br\/blog\/wp-content\/uploads\/2019\/09\/Captura-de-Tela-2019-09-22-\u00e0s-20.43.15-1024x437.png\" class=\"wp-block-file__button\" download><\/a><\/div>\n\n\n\n<div class=\"wp-block-image\"><figure class=\"aligncenter is-resized\"><img loading=\"lazy\" decoding=\"async\" src=\"https:\/\/dhg1h5j42swfq.cloudfront.net\/2019\/09\/22204628\/Captura-de-Tela-2019-09-22-%C3%A0s-20.46.09.png\" alt=\"\" class=\"wp-image-424326\" width=\"453\" height=\"398\" srcset=\"https:\/\/dhg1h5j42swfq.cloudfront.net\/2019\/09\/22204628\/Captura-de-Tela-2019-09-22-%C3%A0s-20.46.09.png 1212w, https:\/\/dhg1h5j42swfq.cloudfront.net\/2019\/09\/22204628\/Captura-de-Tela-2019-09-22-%C3%A0s-20.46.09.png 300w, https:\/\/dhg1h5j42swfq.cloudfront.net\/2019\/09\/22204628\/Captura-de-Tela-2019-09-22-%C3%A0s-20.46.09.png 768w, https:\/\/dhg1h5j42swfq.cloudfront.net\/2019\/09\/22204628\/Captura-de-Tela-2019-09-22-%C3%A0s-20.46.09.png 1024w, https:\/\/dhg1h5j42swfq.cloudfront.net\/2019\/09\/22204628\/Captura-de-Tela-2019-09-22-%C3%A0s-20.46.09.png 610w\" sizes=\"auto, (max-width: 453px) 100vw, 453px\" \/><\/figure><\/div>\n","protected":false},"excerpt":{"rendered":"<p>Fala, pessoal! Segue nossos coment\u00e1rios sobre a prova do TJ PR ocorrida no dia 22 de setembro (gabarito extraoficial TJ PR) A prova veio como esperado. Quest\u00f5es f\u00e1ceis e abordando o texto de lei. GABARITO LETRA E O retorno do demitido \u00e9 a REINTEGRA\u00c7\u00c3O. GABARITO LETRA E Provimento \u00e9 ato de car\u00e1ter normativo, cuja finalidade [&hellip;]<\/p>\n","protected":false},"author":388,"featured_media":0,"comment_status":"open","ping_status":"closed","sticky":false,"template":"","format":"standard","meta":{"post_tipo":"article","footnotes":""},"categories":[1],"tags":[],"tax_estado":[],"class_list":["post-424315","post","type-post","status-publish","format-standard","hentry","category-cursos-e-concursos"],"acf":[],"yoast_head":"<!-- This site is optimized with the Yoast SEO Premium plugin v27.2 (Yoast SEO v27.2) - https:\/\/yoast.com\/product\/yoast-seo-premium-wordpress\/ -->\n<title>TJ PR Gabarito Extraoficial \u2013 Legisla\u00e7\u00f5es Institucionais<\/title>\n<meta name=\"robots\" content=\"index, follow, max-snippet:-1, max-image-preview:large, max-video-preview:-1\" \/>\n<link rel=\"canonical\" href=\"https:\/\/www.estrategiaconcursos.com.br\/blog\/tj-pr-gabarito-extraoficial-legislacoes-institucionais\/\" \/>\n<meta property=\"og:locale\" content=\"pt_BR\" \/>\n<meta property=\"og:type\" content=\"article\" \/>\n<meta property=\"og:title\" content=\"TJ PR Gabarito Extraoficial \u2013 Legisla\u00e7\u00f5es Institucionais\" \/>\n<meta property=\"og:description\" content=\"Fala, pessoal! Segue nossos coment\u00e1rios sobre a prova do TJ PR ocorrida no dia 22 de setembro (gabarito extraoficial TJ PR) A prova veio como esperado. Quest\u00f5es f\u00e1ceis e abordando o texto de lei. GABARITO LETRA E O retorno do demitido \u00e9 a REINTEGRA\u00c7\u00c3O. GABARITO LETRA E Provimento \u00e9 ato de car\u00e1ter normativo, cuja finalidade [&hellip;]\" \/>\n<meta property=\"og:url\" content=\"https:\/\/www.estrategiaconcursos.com.br\/blog\/tj-pr-gabarito-extraoficial-legislacoes-institucionais\/\" \/>\n<meta property=\"og:site_name\" content=\"Estrat\u00e9gia Concursos\" \/>\n<meta property=\"article:published_time\" content=\"2019-09-22T23:48:06+00:00\" \/>\n<meta property=\"article:modified_time\" content=\"2019-11-08T19:38:08+00:00\" \/>\n<meta property=\"og:image\" content=\"https:\/\/www.estrategiaconcursos.com.br\/blog\/wp-content\/uploads\/2019\/09\/q.png\" \/>\n<meta name=\"author\" content=\"Tiago Zanolla\" \/>\n<meta name=\"twitter:card\" content=\"summary_large_image\" \/>\n<meta name=\"twitter:creator\" content=\"@EstratConcursos\" \/>\n<meta name=\"twitter:site\" content=\"@EstratConcursos\" \/>\n<meta name=\"twitter:label1\" content=\"Escrito por\" \/>\n\t<meta name=\"twitter:data1\" content=\"Tiago Zanolla\" \/>\n\t<meta name=\"twitter:label2\" content=\"Est. tempo de leitura\" \/>\n\t<meta name=\"twitter:data2\" content=\"2 minutos\" \/>\n<script type=\"application\/ld+json\" class=\"yoast-schema-graph\">{\"@context\":\"https:\/\/schema.org\",\"@graph\":[{\"@type\":\"NewsArticle\",\"@id\":\"https:\/\/www.estrategiaconcursos.com.br\/blog\/tj-pr-gabarito-extraoficial-legislacoes-institucionais\/#article\",\"isPartOf\":{\"@id\":\"https:\/\/www.estrategiaconcursos.com.br\/blog\/tj-pr-gabarito-extraoficial-legislacoes-institucionais\/\"},\"author\":{\"name\":\"Tiago Zanolla\",\"@id\":\"https:\/\/www.estrategiaconcursos.com.br\/blog\/#\/schema\/person\/1509739fd92a40c9b52116de04a90310\"},\"headline\":\"TJ PR Gabarito Extraoficial \u2013 Legisla\u00e7\u00f5es Institucionais\",\"datePublished\":\"2019-09-22T23:48:06+00:00\",\"dateModified\":\"2019-11-08T19:38:08+00:00\",\"mainEntityOfPage\":{\"@id\":\"https:\/\/www.estrategiaconcursos.com.br\/blog\/tj-pr-gabarito-extraoficial-legislacoes-institucionais\/\"},\"wordCount\":347,\"commentCount\":8,\"publisher\":{\"@id\":\"https:\/\/www.estrategiaconcursos.com.br\/blog\/#organization\"},\"image\":{\"@id\":\"https:\/\/www.estrategiaconcursos.com.br\/blog\/tj-pr-gabarito-extraoficial-legislacoes-institucionais\/#primaryimage\"},\"thumbnailUrl\":\"https:\/\/www.estrategiaconcursos.com.br\/blog\/wp-content\/uploads\/2019\/09\/q.png\",\"articleSection\":[\"Concursos P\u00fablicos\"],\"inLanguage\":\"pt-BR\",\"potentialAction\":[{\"@type\":\"CommentAction\",\"name\":\"Comment\",\"target\":[\"https:\/\/www.estrategiaconcursos.com.br\/blog\/tj-pr-gabarito-extraoficial-legislacoes-institucionais\/#respond\"]}],\"copyrightYear\":\"2019\",\"copyrightHolder\":{\"@id\":\"https:\/\/www.estrategiaconcursos.com.br\/blog\/#organization\"}},{\"@type\":\"WebPage\",\"@id\":\"https:\/\/www.estrategiaconcursos.com.br\/blog\/tj-pr-gabarito-extraoficial-legislacoes-institucionais\/\",\"url\":\"https:\/\/www.estrategiaconcursos.com.br\/blog\/tj-pr-gabarito-extraoficial-legislacoes-institucionais\/\",\"name\":\"TJ PR Gabarito Extraoficial \u2013 Legisla\u00e7\u00f5es Institucionais\",\"isPartOf\":{\"@id\":\"https:\/\/www.estrategiaconcursos.com.br\/blog\/#website\"},\"primaryImageOfPage\":{\"@id\":\"https:\/\/www.estrategiaconcursos.com.br\/blog\/tj-pr-gabarito-extraoficial-legislacoes-institucionais\/#primaryimage\"},\"image\":{\"@id\":\"https:\/\/www.estrategiaconcursos.com.br\/blog\/tj-pr-gabarito-extraoficial-legislacoes-institucionais\/#primaryimage\"},\"thumbnailUrl\":\"https:\/\/www.estrategiaconcursos.com.br\/blog\/wp-content\/uploads\/2019\/09\/q.png\",\"datePublished\":\"2019-09-22T23:48:06+00:00\",\"dateModified\":\"2019-11-08T19:38:08+00:00\",\"breadcrumb\":{\"@id\":\"https:\/\/www.estrategiaconcursos.com.br\/blog\/tj-pr-gabarito-extraoficial-legislacoes-institucionais\/#breadcrumb\"},\"inLanguage\":\"pt-BR\",\"potentialAction\":[{\"@type\":\"ReadAction\",\"target\":[\"https:\/\/www.estrategiaconcursos.com.br\/blog\/tj-pr-gabarito-extraoficial-legislacoes-institucionais\/\"]}]},{\"@type\":\"ImageObject\",\"inLanguage\":\"pt-BR\",\"@id\":\"https:\/\/www.estrategiaconcursos.com.br\/blog\/tj-pr-gabarito-extraoficial-legislacoes-institucionais\/#primaryimage\",\"url\":\"https:\/\/dhg1h5j42swfq.cloudfront.net\/2019\/09\/22204134\/q.png\",\"contentUrl\":\"https:\/\/dhg1h5j42swfq.cloudfront.net\/2019\/09\/22204134\/q.png\",\"width\":384,\"height\":381},{\"@type\":\"BreadcrumbList\",\"@id\":\"https:\/\/www.estrategiaconcursos.com.br\/blog\/tj-pr-gabarito-extraoficial-legislacoes-institucionais\/#breadcrumb\",\"itemListElement\":[{\"@type\":\"ListItem\",\"position\":1,\"name\":\"In\u00edcio\",\"item\":\"https:\/\/www.estrategiaconcursos.com.br\/blog\/\"},{\"@type\":\"ListItem\",\"position\":2,\"name\":\"TJ PR Gabarito Extraoficial \u2013 Legisla\u00e7\u00f5es Institucionais\"}]},{\"@type\":\"WebSite\",\"@id\":\"https:\/\/www.estrategiaconcursos.com.br\/blog\/#website\",\"url\":\"https:\/\/www.estrategiaconcursos.com.br\/blog\/\",\"name\":\"Estrat\u00e9gia Concursos\",\"description\":\"O blog da Estrat\u00e9gia Concursos traz not\u00edcias sobre concursos e artigos de professores oferecendo cursos para concursos (pdf + videaulas) no site.\",\"publisher\":{\"@id\":\"https:\/\/www.estrategiaconcursos.com.br\/blog\/#organization\"},\"potentialAction\":[{\"@type\":\"SearchAction\",\"target\":{\"@type\":\"EntryPoint\",\"urlTemplate\":\"https:\/\/www.estrategiaconcursos.com.br\/blog\/?s={search_term_string}\"},\"query-input\":{\"@type\":\"PropertyValueSpecification\",\"valueRequired\":true,\"valueName\":\"search_term_string\"}}],\"inLanguage\":\"pt-BR\"},{\"@type\":\"Organization\",\"@id\":\"https:\/\/www.estrategiaconcursos.com.br\/blog\/#organization\",\"name\":\"Estrat\u00e9gia Concursos\",\"url\":\"https:\/\/www.estrategiaconcursos.com.br\/blog\/\",\"logo\":{\"@type\":\"ImageObject\",\"inLanguage\":\"pt-BR\",\"@id\":\"https:\/\/www.estrategiaconcursos.com.br\/blog\/#\/schema\/logo\/image\/\",\"url\":\"https:\/\/dhg1h5j42swfq.cloudfront.net\/2025\/06\/03203428\/logo_concursos-1.jpg\",\"contentUrl\":\"https:\/\/dhg1h5j42swfq.cloudfront.net\/2025\/06\/03203428\/logo_concursos-1.jpg\",\"width\":230,\"height\":60,\"caption\":\"Estrat\u00e9gia Concursos\"},\"image\":{\"@id\":\"https:\/\/www.estrategiaconcursos.com.br\/blog\/#\/schema\/logo\/image\/\"},\"sameAs\":[\"https:\/\/x.com\/EstratConcursos\"]},{\"@type\":\"Person\",\"@id\":\"https:\/\/www.estrategiaconcursos.com.br\/blog\/#\/schema\/person\/1509739fd92a40c9b52116de04a90310\",\"name\":\"Tiago Zanolla\",\"image\":{\"@type\":\"ImageObject\",\"inLanguage\":\"pt-BR\",\"@id\":\"https:\/\/secure.gravatar.com\/avatar\/e647cb200c21008603a1760df42f3f713d32dd977761568b5689c47f0b1747ee?s=96&d=mm&r=g\",\"url\":\"https:\/\/secure.gravatar.com\/avatar\/e647cb200c21008603a1760df42f3f713d32dd977761568b5689c47f0b1747ee?s=96&d=mm&r=g\",\"contentUrl\":\"https:\/\/secure.gravatar.com\/avatar\/e647cb200c21008603a1760df42f3f713d32dd977761568b5689c47f0b1747ee?s=96&d=mm&r=g\",\"caption\":\"Tiago Zanolla\"},\"url\":\"https:\/\/www.estrategiaconcursos.com.br\/blog\/author\/zanolla-estrategiagmail-com\/\"}]}<\/script>\n<!-- \/ Yoast SEO Premium plugin. -->","yoast_head_json":{"title":"TJ PR Gabarito Extraoficial \u2013 Legisla\u00e7\u00f5es Institucionais","robots":{"index":"index","follow":"follow","max-snippet":"max-snippet:-1","max-image-preview":"max-image-preview:large","max-video-preview":"max-video-preview:-1"},"canonical":"https:\/\/www.estrategiaconcursos.com.br\/blog\/tj-pr-gabarito-extraoficial-legislacoes-institucionais\/","og_locale":"pt_BR","og_type":"article","og_title":"TJ PR Gabarito Extraoficial \u2013 Legisla\u00e7\u00f5es Institucionais","og_description":"Fala, pessoal! Segue nossos coment\u00e1rios sobre a prova do TJ PR ocorrida no dia 22 de setembro (gabarito extraoficial TJ PR) A prova veio como esperado. Quest\u00f5es f\u00e1ceis e abordando o texto de lei. GABARITO LETRA E O retorno do demitido \u00e9 a REINTEGRA\u00c7\u00c3O. GABARITO LETRA E Provimento \u00e9 ato de car\u00e1ter normativo, cuja finalidade [&hellip;]","og_url":"https:\/\/www.estrategiaconcursos.com.br\/blog\/tj-pr-gabarito-extraoficial-legislacoes-institucionais\/","og_site_name":"Estrat\u00e9gia Concursos","article_published_time":"2019-09-22T23:48:06+00:00","article_modified_time":"2019-11-08T19:38:08+00:00","og_image":[{"url":"https:\/\/www.estrategiaconcursos.com.br\/blog\/wp-content\/uploads\/2019\/09\/q.png","type":"","width":"","height":""}],"author":"Tiago Zanolla","twitter_card":"summary_large_image","twitter_creator":"@EstratConcursos","twitter_site":"@EstratConcursos","twitter_misc":{"Escrito por":"Tiago Zanolla","Est. tempo de leitura":"2 minutos"},"schema":{"@context":"https:\/\/schema.org","@graph":[{"@type":"NewsArticle","@id":"https:\/\/www.estrategiaconcursos.com.br\/blog\/tj-pr-gabarito-extraoficial-legislacoes-institucionais\/#article","isPartOf":{"@id":"https:\/\/www.estrategiaconcursos.com.br\/blog\/tj-pr-gabarito-extraoficial-legislacoes-institucionais\/"},"author":{"name":"Tiago Zanolla","@id":"https:\/\/www.estrategiaconcursos.com.br\/blog\/#\/schema\/person\/1509739fd92a40c9b52116de04a90310"},"headline":"TJ PR Gabarito Extraoficial \u2013 Legisla\u00e7\u00f5es Institucionais","datePublished":"2019-09-22T23:48:06+00:00","dateModified":"2019-11-08T19:38:08+00:00","mainEntityOfPage":{"@id":"https:\/\/www.estrategiaconcursos.com.br\/blog\/tj-pr-gabarito-extraoficial-legislacoes-institucionais\/"},"wordCount":347,"commentCount":8,"publisher":{"@id":"https:\/\/www.estrategiaconcursos.com.br\/blog\/#organization"},"image":{"@id":"https:\/\/www.estrategiaconcursos.com.br\/blog\/tj-pr-gabarito-extraoficial-legislacoes-institucionais\/#primaryimage"},"thumbnailUrl":"https:\/\/www.estrategiaconcursos.com.br\/blog\/wp-content\/uploads\/2019\/09\/q.png","articleSection":["Concursos P\u00fablicos"],"inLanguage":"pt-BR","potentialAction":[{"@type":"CommentAction","name":"Comment","target":["https:\/\/www.estrategiaconcursos.com.br\/blog\/tj-pr-gabarito-extraoficial-legislacoes-institucionais\/#respond"]}],"copyrightYear":"2019","copyrightHolder":{"@id":"https:\/\/www.estrategiaconcursos.com.br\/blog\/#organization"}},{"@type":"WebPage","@id":"https:\/\/www.estrategiaconcursos.com.br\/blog\/tj-pr-gabarito-extraoficial-legislacoes-institucionais\/","url":"https:\/\/www.estrategiaconcursos.com.br\/blog\/tj-pr-gabarito-extraoficial-legislacoes-institucionais\/","name":"TJ PR Gabarito Extraoficial \u2013 Legisla\u00e7\u00f5es Institucionais","isPartOf":{"@id":"https:\/\/www.estrategiaconcursos.com.br\/blog\/#website"},"primaryImageOfPage":{"@id":"https:\/\/www.estrategiaconcursos.com.br\/blog\/tj-pr-gabarito-extraoficial-legislacoes-institucionais\/#primaryimage"},"image":{"@id":"https:\/\/www.estrategiaconcursos.com.br\/blog\/tj-pr-gabarito-extraoficial-legislacoes-institucionais\/#primaryimage"},"thumbnailUrl":"https:\/\/www.estrategiaconcursos.com.br\/blog\/wp-content\/uploads\/2019\/09\/q.png","datePublished":"2019-09-22T23:48:06+00:00","dateModified":"2019-11-08T19:38:08+00:00","breadcrumb":{"@id":"https:\/\/www.estrategiaconcursos.com.br\/blog\/tj-pr-gabarito-extraoficial-legislacoes-institucionais\/#breadcrumb"},"inLanguage":"pt-BR","potentialAction":[{"@type":"ReadAction","target":["https:\/\/www.estrategiaconcursos.com.br\/blog\/tj-pr-gabarito-extraoficial-legislacoes-institucionais\/"]}]},{"@type":"ImageObject","inLanguage":"pt-BR","@id":"https:\/\/www.estrategiaconcursos.com.br\/blog\/tj-pr-gabarito-extraoficial-legislacoes-institucionais\/#primaryimage","url":"https:\/\/dhg1h5j42swfq.cloudfront.net\/2019\/09\/22204134\/q.png","contentUrl":"https:\/\/dhg1h5j42swfq.cloudfront.net\/2019\/09\/22204134\/q.png","width":384,"height":381},{"@type":"BreadcrumbList","@id":"https:\/\/www.estrategiaconcursos.com.br\/blog\/tj-pr-gabarito-extraoficial-legislacoes-institucionais\/#breadcrumb","itemListElement":[{"@type":"ListItem","position":1,"name":"In\u00edcio","item":"https:\/\/www.estrategiaconcursos.com.br\/blog\/"},{"@type":"ListItem","position":2,"name":"TJ PR Gabarito Extraoficial \u2013 Legisla\u00e7\u00f5es Institucionais"}]},{"@type":"WebSite","@id":"https:\/\/www.estrategiaconcursos.com.br\/blog\/#website","url":"https:\/\/www.estrategiaconcursos.com.br\/blog\/","name":"Estrat\u00e9gia Concursos","description":"O blog da Estrat\u00e9gia Concursos traz not\u00edcias sobre concursos e artigos de professores oferecendo cursos para concursos (pdf + videaulas) no site.","publisher":{"@id":"https:\/\/www.estrategiaconcursos.com.br\/blog\/#organization"},"potentialAction":[{"@type":"SearchAction","target":{"@type":"EntryPoint","urlTemplate":"https:\/\/www.estrategiaconcursos.com.br\/blog\/?s={search_term_string}"},"query-input":{"@type":"PropertyValueSpecification","valueRequired":true,"valueName":"search_term_string"}}],"inLanguage":"pt-BR"},{"@type":"Organization","@id":"https:\/\/www.estrategiaconcursos.com.br\/blog\/#organization","name":"Estrat\u00e9gia Concursos","url":"https:\/\/www.estrategiaconcursos.com.br\/blog\/","logo":{"@type":"ImageObject","inLanguage":"pt-BR","@id":"https:\/\/www.estrategiaconcursos.com.br\/blog\/#\/schema\/logo\/image\/","url":"https:\/\/dhg1h5j42swfq.cloudfront.net\/2025\/06\/03203428\/logo_concursos-1.jpg","contentUrl":"https:\/\/dhg1h5j42swfq.cloudfront.net\/2025\/06\/03203428\/logo_concursos-1.jpg","width":230,"height":60,"caption":"Estrat\u00e9gia Concursos"},"image":{"@id":"https:\/\/www.estrategiaconcursos.com.br\/blog\/#\/schema\/logo\/image\/"},"sameAs":["https:\/\/x.com\/EstratConcursos"]},{"@type":"Person","@id":"https:\/\/www.estrategiaconcursos.com.br\/blog\/#\/schema\/person\/1509739fd92a40c9b52116de04a90310","name":"Tiago Zanolla","image":{"@type":"ImageObject","inLanguage":"pt-BR","@id":"https:\/\/secure.gravatar.com\/avatar\/e647cb200c21008603a1760df42f3f713d32dd977761568b5689c47f0b1747ee?s=96&d=mm&r=g","url":"https:\/\/secure.gravatar.com\/avatar\/e647cb200c21008603a1760df42f3f713d32dd977761568b5689c47f0b1747ee?s=96&d=mm&r=g","contentUrl":"https:\/\/secure.gravatar.com\/avatar\/e647cb200c21008603a1760df42f3f713d32dd977761568b5689c47f0b1747ee?s=96&d=mm&r=g","caption":"Tiago Zanolla"},"url":"https:\/\/www.estrategiaconcursos.com.br\/blog\/author\/zanolla-estrategiagmail-com\/"}]}},"_links":{"self":[{"href":"https:\/\/www.estrategiaconcursos.com.br\/blog\/wp-json\/wp\/v2\/posts\/424315","targetHints":{"allow":["GET"]}}],"collection":[{"href":"https:\/\/www.estrategiaconcursos.com.br\/blog\/wp-json\/wp\/v2\/posts"}],"about":[{"href":"https:\/\/www.estrategiaconcursos.com.br\/blog\/wp-json\/wp\/v2\/types\/post"}],"author":[{"embeddable":true,"href":"https:\/\/www.estrategiaconcursos.com.br\/blog\/wp-json\/wp\/v2\/users\/388"}],"replies":[{"embeddable":true,"href":"https:\/\/www.estrategiaconcursos.com.br\/blog\/wp-json\/wp\/v2\/comments?post=424315"}],"version-history":[{"count":7,"href":"https:\/\/www.estrategiaconcursos.com.br\/blog\/wp-json\/wp\/v2\/posts\/424315\/revisions"}],"predecessor-version":[{"id":424341,"href":"https:\/\/www.estrategiaconcursos.com.br\/blog\/wp-json\/wp\/v2\/posts\/424315\/revisions\/424341"}],"wp:attachment":[{"href":"https:\/\/www.estrategiaconcursos.com.br\/blog\/wp-json\/wp\/v2\/media?parent=424315"}],"wp:term":[{"taxonomy":"category","embeddable":true,"href":"https:\/\/www.estrategiaconcursos.com.br\/blog\/wp-json\/wp\/v2\/categories?post=424315"},{"taxonomy":"post_tag","embeddable":true,"href":"https:\/\/www.estrategiaconcursos.com.br\/blog\/wp-json\/wp\/v2\/tags?post=424315"},{"taxonomy":"tax_estado","embeddable":true,"href":"https:\/\/www.estrategiaconcursos.com.br\/blog\/wp-json\/wp\/v2\/tax_estado?post=424315"}],"curies":[{"name":"wp","href":"https:\/\/api.w.org\/{rel}","templated":true}]}}