{"id":424163,"date":"2019-09-23T19:00:53","date_gmt":"2019-09-23T22:00:53","guid":{"rendered":"https:\/\/www.estrategiaconcursos.com.br\/blog\/?p=424163"},"modified":"2023-06-20T13:58:00","modified_gmt":"2023-06-20T16:58:00","slug":"concurso-sefaz-df-prova-discursiva","status":"publish","type":"post","link":"https:\/\/www.estrategiaconcursos.com.br\/blog\/concurso-sefaz-df-prova-discursiva\/","title":{"rendered":"Concurso Sefaz DF: o que voc\u00ea precisa saber sobre a prova discursiva"},"content":{"rendered":"\n<p>Voc\u00ea que almeja se tornar <strong>Auditor Fiscal da Receita do Distrito Federal<\/strong> j\u00e1 deve saber que, recentemente, foi publicado o t\u00e3o aguardado edital do concurso para Secretaria da Fazenda do Estado.<\/p>\n\n\n\n<p>O edital trouxe um conte\u00fado program\u00e1tico bastante extenso e, com isso, um grande desafio: <em><strong>a prova discursiva<\/strong><\/em>. Sim, al\u00e9m das provas objetivas previstas para o dia 02 de fevereiro de 2020, teremos uma segunda etapa composta por uma prova discursiva, prevista para o dia <em>12 de abril de 2020<\/em>.<\/p>\n\n\n\n<p>Sem d\u00favidas, esta segunda etapa \u00e9 temida por muitos concurseiros, inclusive para os que j\u00e1 se preparam h\u00e1 muito tempo para certames da \u00e1rea fiscal. Ela abordar\u00e1 os assuntos previstos nos Conhecimentos Espec\u00edficos, sendo constitu\u00edda de 2 quest\u00f5es com no m\u00ednimo 10 linhas e uma disserta\u00e7\u00e3o de no m\u00ednimo 30 linhas.<\/p>\n\n\n\n<p class=\"has-text-align-center has-very-light-gray-background-color has-background\" style=\"font-size:clamp(14.642px, 0.915rem + ((1vw - 3.2px) * 0.721), 22px);px\"><strong>Saiba mais: <a href=\"https:\/\/www.estrategiaconcursos.com.br\/blog\/concurso-sefaz-df-auditor\/\" target=\"_blank\" rel=\"noreferrer noopener\" aria-label=\"Concurso Sefaz DF (abre numa nova aba)\">Concurso Sefaz DF<\/a><\/strong><\/p>\n\n\n\n<p>Parece assustador, n\u00e3o acha? Mas para desmistificarmos o tema e trazermos todos os detalhes sobre a prova discursiva, faremos uma <em><span style=\"text-decoration: underline;\">transmiss\u00e3o gratuita<\/span><\/em> nesta <strong>ter\u00e7a-feira, 24 de setembro, \u00e0s 19h<\/strong>.<\/p>\n\n\n\n<p>O evento contar\u00e1 com a presen\u00e7a dos <em><strong>professores Carlos Roberto e M\u00e1rcio Damasceno<\/strong><\/em>. E trar\u00e1 tudo o que voc\u00ea deve fazer para obter um bom desempenho na prova discursiva. <\/p>\n\n\n\n<p>Se preocupe com a <a href=\"https:\/\/youtu.be\/_eMDN6L8BnA\" target=\"_blank\" rel=\"noreferrer noopener\">prova discursiva do concurso Sefaz DF<\/a> agora, pois se deixar o tempo passar, poder\u00e1 ser tarde demais. Aproveite esse evento gratuito e saia na frente dos seus concorrentes. <\/p>\n\n\n\n<hr class=\"wp-block-separator has-css-opacity\"\/>\n\n\n\n<p class=\"has-text-align-center has-light-green-cyan-background-color has-background\" style=\"font-size:clamp(14.642px, 0.915rem + ((1vw - 3.2px) * 0.721), 22px);px\"><a rel=\"noreferrer noopener\" href=\"https:\/\/www.estrategiaconcursos.com.br\/cursosPorConcurso\/sefaz-df-279\/\" target=\"_blank\"><strong>CURSO SEFAZ DF<\/strong><\/a><\/p>\n\n\n\n<p class=\"has-text-align-center has-medium-font-size\"><em><strong>Assinatura Anual Ilimitada*<\/strong><\/em><\/p>\n\n\n\n<p class=\"has-text-align-center\"><em>Prepare-se com o melhor material e com quem mais aprova em Concursos P\u00fablicos em todo o pa\u00eds. Assine agora a nossa Assinatura Anual e tenha acesso ilimitado* a todos os nossos cursos.<\/em><\/p>\n\n\n\n<p class=\"has-text-align-center has-luminous-vivid-amber-background-color has-background\" style=\"font-size:clamp(14.642px, 0.915rem + ((1vw - 3.2px) * 0.721), 22px);px\"><strong>ASSINE AGORA<\/strong>&nbsp;\u2013&nbsp;<a rel=\"noreferrer noopener\" href=\"https:\/\/www.estrategiaconcursos.com.br\/assinaturas\" target=\"_blank\"><strong>Assinatura Ilimitada<\/strong><\/a><\/p>\n\n\n\n<p class=\"has-text-align-center has-medium-font-size\"><strong><em>Fique por dentro de todos os concursos<\/em><\/strong><\/p>\n\n\n\n<p class=\"has-text-align-center has-pale-cyan-blue-background-color has-background\" style=\"font-size:clamp(14.642px, 0.915rem + ((1vw - 3.2px) * 0.721), 22px);px\"><a aria-label=\"CONCURSOS ABERTOS (abre numa nova aba)\" href=\"https:\/\/www.estrategiaconcursos.com.br\/blog\/concursos-abertos\/\" target=\"_blank\" rel=\"noreferrer noopener\"><strong>CONCURSOS ABERTOS<\/strong><\/a><\/p>\n","protected":false},"excerpt":{"rendered":"<p>Voc\u00ea que almeja se tornar Auditor Fiscal da Receita do Distrito Federal j\u00e1 deve saber que, recentemente, foi publicado o t\u00e3o aguardado edital do concurso para Secretaria da Fazenda do Estado. O edital trouxe um conte\u00fado program\u00e1tico bastante extenso e, com isso, um grande desafio: a prova discursiva. Sim, al\u00e9m das provas objetivas previstas para [&hellip;]<\/p>\n","protected":false},"author":611,"featured_media":424626,"comment_status":"open","ping_status":"closed","sticky":false,"template":"","format":"standard","meta":{"post_tipo":"article","footnotes":""},"categories":[1],"tags":[],"tax_estado":[],"class_list":["post-424163","post","type-post","status-publish","format-standard","has-post-thumbnail","hentry","category-cursos-e-concursos"],"acf":[],"yoast_head":"<!-- This site is optimized with the Yoast SEO Premium plugin v27.2 (Yoast SEO v27.2) - https:\/\/yoast.com\/product\/yoast-seo-premium-wordpress\/ -->\n<title>Concurso Sefaz DF: o que voc\u00ea precisa saber sobre a prova discursiva<\/title>\n<meta name=\"robots\" content=\"index, follow, max-snippet:-1, max-image-preview:large, max-video-preview:-1\" \/>\n<link rel=\"canonical\" href=\"https:\/\/www.estrategiaconcursos.com.br\/blog\/concurso-sefaz-df-prova-discursiva\/\" \/>\n<meta property=\"og:locale\" content=\"pt_BR\" \/>\n<meta property=\"og:type\" content=\"article\" \/>\n<meta property=\"og:title\" content=\"Concurso Sefaz DF: o que voc\u00ea precisa saber sobre a prova discursiva\" \/>\n<meta property=\"og:description\" content=\"Voc\u00ea que almeja se tornar Auditor Fiscal da Receita do Distrito Federal j\u00e1 deve saber que, recentemente, foi publicado o t\u00e3o aguardado edital do concurso para Secretaria da Fazenda do Estado. O edital trouxe um conte\u00fado program\u00e1tico bastante extenso e, com isso, um grande desafio: a prova discursiva. Sim, al\u00e9m das provas objetivas previstas para [&hellip;]\" \/>\n<meta property=\"og:url\" content=\"https:\/\/www.estrategiaconcursos.com.br\/blog\/concurso-sefaz-df-prova-discursiva\/\" \/>\n<meta property=\"og:site_name\" content=\"Estrat\u00e9gia Concursos\" \/>\n<meta property=\"article:published_time\" content=\"2019-09-23T22:00:53+00:00\" \/>\n<meta property=\"article:modified_time\" content=\"2023-06-20T16:58:00+00:00\" \/>\n<meta property=\"og:image\" content=\"https:\/\/dhg1h5j42swfq.cloudfront.net\/2019\/09\/23160543\/YTB-SEFAZ-DF.jpg\" \/>\n\t<meta property=\"og:image:width\" content=\"1280\" \/>\n\t<meta property=\"og:image:height\" content=\"720\" \/>\n\t<meta property=\"og:image:type\" content=\"image\/jpeg\" \/>\n<meta name=\"author\" content=\"Marcio Damasceno\" \/>\n<meta name=\"twitter:card\" content=\"summary_large_image\" \/>\n<meta name=\"twitter:creator\" content=\"@EstratConcursos\" \/>\n<meta name=\"twitter:site\" content=\"@EstratConcursos\" \/>\n<meta name=\"twitter:label1\" content=\"Escrito por\" \/>\n\t<meta name=\"twitter:data1\" content=\"Marcio Damasceno\" \/>\n\t<meta name=\"twitter:label2\" content=\"Est. tempo de leitura\" \/>\n\t<meta name=\"twitter:data2\" content=\"1 minuto\" \/>\n<script type=\"application\/ld+json\" class=\"yoast-schema-graph\">{\"@context\":\"https:\/\/schema.org\",\"@graph\":[{\"@type\":\"NewsArticle\",\"@id\":\"https:\/\/www.estrategiaconcursos.com.br\/blog\/concurso-sefaz-df-prova-discursiva\/#article\",\"isPartOf\":{\"@id\":\"https:\/\/www.estrategiaconcursos.com.br\/blog\/concurso-sefaz-df-prova-discursiva\/\"},\"author\":{\"name\":\"Marcio Damasceno\",\"@id\":\"https:\/\/www.estrategiaconcursos.com.br\/blog\/#\/schema\/person\/93fb122910b3b72b3ba17b9d67315bef\"},\"headline\":\"Concurso Sefaz DF: o que voc\u00ea precisa saber sobre a prova discursiva\",\"datePublished\":\"2019-09-23T22:00:53+00:00\",\"dateModified\":\"2023-06-20T16:58:00+00:00\",\"mainEntityOfPage\":{\"@id\":\"https:\/\/www.estrategiaconcursos.com.br\/blog\/concurso-sefaz-df-prova-discursiva\/\"},\"wordCount\":300,\"commentCount\":0,\"publisher\":{\"@id\":\"https:\/\/www.estrategiaconcursos.com.br\/blog\/#organization\"},\"image\":{\"@id\":\"https:\/\/www.estrategiaconcursos.com.br\/blog\/concurso-sefaz-df-prova-discursiva\/#primaryimage\"},\"thumbnailUrl\":\"https:\/\/dhg1h5j42swfq.cloudfront.net\/2019\/09\/23160543\/YTB-SEFAZ-DF.jpg\",\"articleSection\":[\"Concursos P\u00fablicos\"],\"inLanguage\":\"pt-BR\",\"potentialAction\":[{\"@type\":\"CommentAction\",\"name\":\"Comment\",\"target\":[\"https:\/\/www.estrategiaconcursos.com.br\/blog\/concurso-sefaz-df-prova-discursiva\/#respond\"]}],\"copyrightYear\":\"2019\",\"copyrightHolder\":{\"@id\":\"https:\/\/www.estrategiaconcursos.com.br\/blog\/#organization\"}},{\"@type\":\"WebPage\",\"@id\":\"https:\/\/www.estrategiaconcursos.com.br\/blog\/concurso-sefaz-df-prova-discursiva\/\",\"url\":\"https:\/\/www.estrategiaconcursos.com.br\/blog\/concurso-sefaz-df-prova-discursiva\/\",\"name\":\"Concurso Sefaz DF: o que voc\u00ea precisa saber sobre a prova discursiva\",\"isPartOf\":{\"@id\":\"https:\/\/www.estrategiaconcursos.com.br\/blog\/#website\"},\"primaryImageOfPage\":{\"@id\":\"https:\/\/www.estrategiaconcursos.com.br\/blog\/concurso-sefaz-df-prova-discursiva\/#primaryimage\"},\"image\":{\"@id\":\"https:\/\/www.estrategiaconcursos.com.br\/blog\/concurso-sefaz-df-prova-discursiva\/#primaryimage\"},\"thumbnailUrl\":\"https:\/\/dhg1h5j42swfq.cloudfront.net\/2019\/09\/23160543\/YTB-SEFAZ-DF.jpg\",\"datePublished\":\"2019-09-23T22:00:53+00:00\",\"dateModified\":\"2023-06-20T16:58:00+00:00\",\"breadcrumb\":{\"@id\":\"https:\/\/www.estrategiaconcursos.com.br\/blog\/concurso-sefaz-df-prova-discursiva\/#breadcrumb\"},\"inLanguage\":\"pt-BR\",\"potentialAction\":[{\"@type\":\"ReadAction\",\"target\":[\"https:\/\/www.estrategiaconcursos.com.br\/blog\/concurso-sefaz-df-prova-discursiva\/\"]}]},{\"@type\":\"ImageObject\",\"inLanguage\":\"pt-BR\",\"@id\":\"https:\/\/www.estrategiaconcursos.com.br\/blog\/concurso-sefaz-df-prova-discursiva\/#primaryimage\",\"url\":\"https:\/\/dhg1h5j42swfq.cloudfront.net\/2019\/09\/23160543\/YTB-SEFAZ-DF.jpg\",\"contentUrl\":\"https:\/\/dhg1h5j42swfq.cloudfront.net\/2019\/09\/23160543\/YTB-SEFAZ-DF.jpg\",\"width\":1280,\"height\":720},{\"@type\":\"BreadcrumbList\",\"@id\":\"https:\/\/www.estrategiaconcursos.com.br\/blog\/concurso-sefaz-df-prova-discursiva\/#breadcrumb\",\"itemListElement\":[{\"@type\":\"ListItem\",\"position\":1,\"name\":\"In\u00edcio\",\"item\":\"https:\/\/www.estrategiaconcursos.com.br\/blog\/\"},{\"@type\":\"ListItem\",\"position\":2,\"name\":\"Concurso Sefaz DF: o que voc\u00ea precisa saber sobre a prova discursiva\"}]},{\"@type\":\"WebSite\",\"@id\":\"https:\/\/www.estrategiaconcursos.com.br\/blog\/#website\",\"url\":\"https:\/\/www.estrategiaconcursos.com.br\/blog\/\",\"name\":\"Estrat\u00e9gia Concursos\",\"description\":\"O blog da Estrat\u00e9gia Concursos traz not\u00edcias sobre concursos e artigos de professores oferecendo cursos para concursos (pdf + videaulas) no site.\",\"publisher\":{\"@id\":\"https:\/\/www.estrategiaconcursos.com.br\/blog\/#organization\"},\"potentialAction\":[{\"@type\":\"SearchAction\",\"target\":{\"@type\":\"EntryPoint\",\"urlTemplate\":\"https:\/\/www.estrategiaconcursos.com.br\/blog\/?s={search_term_string}\"},\"query-input\":{\"@type\":\"PropertyValueSpecification\",\"valueRequired\":true,\"valueName\":\"search_term_string\"}}],\"inLanguage\":\"pt-BR\"},{\"@type\":\"Organization\",\"@id\":\"https:\/\/www.estrategiaconcursos.com.br\/blog\/#organization\",\"name\":\"Estrat\u00e9gia Concursos\",\"url\":\"https:\/\/www.estrategiaconcursos.com.br\/blog\/\",\"logo\":{\"@type\":\"ImageObject\",\"inLanguage\":\"pt-BR\",\"@id\":\"https:\/\/www.estrategiaconcursos.com.br\/blog\/#\/schema\/logo\/image\/\",\"url\":\"https:\/\/dhg1h5j42swfq.cloudfront.net\/2025\/06\/03203428\/logo_concursos-1.jpg\",\"contentUrl\":\"https:\/\/dhg1h5j42swfq.cloudfront.net\/2025\/06\/03203428\/logo_concursos-1.jpg\",\"width\":230,\"height\":60,\"caption\":\"Estrat\u00e9gia Concursos\"},\"image\":{\"@id\":\"https:\/\/www.estrategiaconcursos.com.br\/blog\/#\/schema\/logo\/image\/\"},\"sameAs\":[\"https:\/\/x.com\/EstratConcursos\"]},{\"@type\":\"Person\",\"@id\":\"https:\/\/www.estrategiaconcursos.com.br\/blog\/#\/schema\/person\/93fb122910b3b72b3ba17b9d67315bef\",\"name\":\"Marcio Damasceno\",\"image\":{\"@type\":\"ImageObject\",\"inLanguage\":\"pt-BR\",\"@id\":\"https:\/\/secure.gravatar.com\/avatar\/239ef2e5a61ef0a51d0076c851c83d2b59ad4685169911ccb9f9bf306edf074e?s=96&d=mm&r=g\",\"url\":\"https:\/\/secure.gravatar.com\/avatar\/239ef2e5a61ef0a51d0076c851c83d2b59ad4685169911ccb9f9bf306edf074e?s=96&d=mm&r=g\",\"contentUrl\":\"https:\/\/secure.gravatar.com\/avatar\/239ef2e5a61ef0a51d0076c851c83d2b59ad4685169911ccb9f9bf306edf074e?s=96&d=mm&r=g\",\"caption\":\"Marcio Damasceno\"},\"url\":\"https:\/\/www.estrategiaconcursos.com.br\/blog\/author\/marciodamascenoestrategiaconcursos-com-br\/\"}]}<\/script>\n<!-- \/ Yoast SEO Premium plugin. -->","yoast_head_json":{"title":"Concurso Sefaz DF: o que voc\u00ea precisa saber sobre a prova discursiva","robots":{"index":"index","follow":"follow","max-snippet":"max-snippet:-1","max-image-preview":"max-image-preview:large","max-video-preview":"max-video-preview:-1"},"canonical":"https:\/\/www.estrategiaconcursos.com.br\/blog\/concurso-sefaz-df-prova-discursiva\/","og_locale":"pt_BR","og_type":"article","og_title":"Concurso Sefaz DF: o que voc\u00ea precisa saber sobre a prova discursiva","og_description":"Voc\u00ea que almeja se tornar Auditor Fiscal da Receita do Distrito Federal j\u00e1 deve saber que, recentemente, foi publicado o t\u00e3o aguardado edital do concurso para Secretaria da Fazenda do Estado. O edital trouxe um conte\u00fado program\u00e1tico bastante extenso e, com isso, um grande desafio: a prova discursiva. Sim, al\u00e9m das provas objetivas previstas para [&hellip;]","og_url":"https:\/\/www.estrategiaconcursos.com.br\/blog\/concurso-sefaz-df-prova-discursiva\/","og_site_name":"Estrat\u00e9gia Concursos","article_published_time":"2019-09-23T22:00:53+00:00","article_modified_time":"2023-06-20T16:58:00+00:00","og_image":[{"width":1280,"height":720,"url":"https:\/\/dhg1h5j42swfq.cloudfront.net\/2019\/09\/23160543\/YTB-SEFAZ-DF.jpg","type":"image\/jpeg"}],"author":"Marcio Damasceno","twitter_card":"summary_large_image","twitter_creator":"@EstratConcursos","twitter_site":"@EstratConcursos","twitter_misc":{"Escrito por":"Marcio Damasceno","Est. tempo de leitura":"1 minuto"},"schema":{"@context":"https:\/\/schema.org","@graph":[{"@type":"NewsArticle","@id":"https:\/\/www.estrategiaconcursos.com.br\/blog\/concurso-sefaz-df-prova-discursiva\/#article","isPartOf":{"@id":"https:\/\/www.estrategiaconcursos.com.br\/blog\/concurso-sefaz-df-prova-discursiva\/"},"author":{"name":"Marcio Damasceno","@id":"https:\/\/www.estrategiaconcursos.com.br\/blog\/#\/schema\/person\/93fb122910b3b72b3ba17b9d67315bef"},"headline":"Concurso Sefaz DF: o que voc\u00ea precisa saber sobre a prova discursiva","datePublished":"2019-09-23T22:00:53+00:00","dateModified":"2023-06-20T16:58:00+00:00","mainEntityOfPage":{"@id":"https:\/\/www.estrategiaconcursos.com.br\/blog\/concurso-sefaz-df-prova-discursiva\/"},"wordCount":300,"commentCount":0,"publisher":{"@id":"https:\/\/www.estrategiaconcursos.com.br\/blog\/#organization"},"image":{"@id":"https:\/\/www.estrategiaconcursos.com.br\/blog\/concurso-sefaz-df-prova-discursiva\/#primaryimage"},"thumbnailUrl":"https:\/\/dhg1h5j42swfq.cloudfront.net\/2019\/09\/23160543\/YTB-SEFAZ-DF.jpg","articleSection":["Concursos P\u00fablicos"],"inLanguage":"pt-BR","potentialAction":[{"@type":"CommentAction","name":"Comment","target":["https:\/\/www.estrategiaconcursos.com.br\/blog\/concurso-sefaz-df-prova-discursiva\/#respond"]}],"copyrightYear":"2019","copyrightHolder":{"@id":"https:\/\/www.estrategiaconcursos.com.br\/blog\/#organization"}},{"@type":"WebPage","@id":"https:\/\/www.estrategiaconcursos.com.br\/blog\/concurso-sefaz-df-prova-discursiva\/","url":"https:\/\/www.estrategiaconcursos.com.br\/blog\/concurso-sefaz-df-prova-discursiva\/","name":"Concurso Sefaz DF: o que voc\u00ea precisa saber sobre a prova discursiva","isPartOf":{"@id":"https:\/\/www.estrategiaconcursos.com.br\/blog\/#website"},"primaryImageOfPage":{"@id":"https:\/\/www.estrategiaconcursos.com.br\/blog\/concurso-sefaz-df-prova-discursiva\/#primaryimage"},"image":{"@id":"https:\/\/www.estrategiaconcursos.com.br\/blog\/concurso-sefaz-df-prova-discursiva\/#primaryimage"},"thumbnailUrl":"https:\/\/dhg1h5j42swfq.cloudfront.net\/2019\/09\/23160543\/YTB-SEFAZ-DF.jpg","datePublished":"2019-09-23T22:00:53+00:00","dateModified":"2023-06-20T16:58:00+00:00","breadcrumb":{"@id":"https:\/\/www.estrategiaconcursos.com.br\/blog\/concurso-sefaz-df-prova-discursiva\/#breadcrumb"},"inLanguage":"pt-BR","potentialAction":[{"@type":"ReadAction","target":["https:\/\/www.estrategiaconcursos.com.br\/blog\/concurso-sefaz-df-prova-discursiva\/"]}]},{"@type":"ImageObject","inLanguage":"pt-BR","@id":"https:\/\/www.estrategiaconcursos.com.br\/blog\/concurso-sefaz-df-prova-discursiva\/#primaryimage","url":"https:\/\/dhg1h5j42swfq.cloudfront.net\/2019\/09\/23160543\/YTB-SEFAZ-DF.jpg","contentUrl":"https:\/\/dhg1h5j42swfq.cloudfront.net\/2019\/09\/23160543\/YTB-SEFAZ-DF.jpg","width":1280,"height":720},{"@type":"BreadcrumbList","@id":"https:\/\/www.estrategiaconcursos.com.br\/blog\/concurso-sefaz-df-prova-discursiva\/#breadcrumb","itemListElement":[{"@type":"ListItem","position":1,"name":"In\u00edcio","item":"https:\/\/www.estrategiaconcursos.com.br\/blog\/"},{"@type":"ListItem","position":2,"name":"Concurso Sefaz DF: o que voc\u00ea precisa saber sobre a prova discursiva"}]},{"@type":"WebSite","@id":"https:\/\/www.estrategiaconcursos.com.br\/blog\/#website","url":"https:\/\/www.estrategiaconcursos.com.br\/blog\/","name":"Estrat\u00e9gia Concursos","description":"O blog da Estrat\u00e9gia Concursos traz not\u00edcias sobre concursos e artigos de professores oferecendo cursos para concursos (pdf + videaulas) no site.","publisher":{"@id":"https:\/\/www.estrategiaconcursos.com.br\/blog\/#organization"},"potentialAction":[{"@type":"SearchAction","target":{"@type":"EntryPoint","urlTemplate":"https:\/\/www.estrategiaconcursos.com.br\/blog\/?s={search_term_string}"},"query-input":{"@type":"PropertyValueSpecification","valueRequired":true,"valueName":"search_term_string"}}],"inLanguage":"pt-BR"},{"@type":"Organization","@id":"https:\/\/www.estrategiaconcursos.com.br\/blog\/#organization","name":"Estrat\u00e9gia Concursos","url":"https:\/\/www.estrategiaconcursos.com.br\/blog\/","logo":{"@type":"ImageObject","inLanguage":"pt-BR","@id":"https:\/\/www.estrategiaconcursos.com.br\/blog\/#\/schema\/logo\/image\/","url":"https:\/\/dhg1h5j42swfq.cloudfront.net\/2025\/06\/03203428\/logo_concursos-1.jpg","contentUrl":"https:\/\/dhg1h5j42swfq.cloudfront.net\/2025\/06\/03203428\/logo_concursos-1.jpg","width":230,"height":60,"caption":"Estrat\u00e9gia Concursos"},"image":{"@id":"https:\/\/www.estrategiaconcursos.com.br\/blog\/#\/schema\/logo\/image\/"},"sameAs":["https:\/\/x.com\/EstratConcursos"]},{"@type":"Person","@id":"https:\/\/www.estrategiaconcursos.com.br\/blog\/#\/schema\/person\/93fb122910b3b72b3ba17b9d67315bef","name":"Marcio Damasceno","image":{"@type":"ImageObject","inLanguage":"pt-BR","@id":"https:\/\/secure.gravatar.com\/avatar\/239ef2e5a61ef0a51d0076c851c83d2b59ad4685169911ccb9f9bf306edf074e?s=96&d=mm&r=g","url":"https:\/\/secure.gravatar.com\/avatar\/239ef2e5a61ef0a51d0076c851c83d2b59ad4685169911ccb9f9bf306edf074e?s=96&d=mm&r=g","contentUrl":"https:\/\/secure.gravatar.com\/avatar\/239ef2e5a61ef0a51d0076c851c83d2b59ad4685169911ccb9f9bf306edf074e?s=96&d=mm&r=g","caption":"Marcio Damasceno"},"url":"https:\/\/www.estrategiaconcursos.com.br\/blog\/author\/marciodamascenoestrategiaconcursos-com-br\/"}]}},"_links":{"self":[{"href":"https:\/\/www.estrategiaconcursos.com.br\/blog\/wp-json\/wp\/v2\/posts\/424163","targetHints":{"allow":["GET"]}}],"collection":[{"href":"https:\/\/www.estrategiaconcursos.com.br\/blog\/wp-json\/wp\/v2\/posts"}],"about":[{"href":"https:\/\/www.estrategiaconcursos.com.br\/blog\/wp-json\/wp\/v2\/types\/post"}],"author":[{"embeddable":true,"href":"https:\/\/www.estrategiaconcursos.com.br\/blog\/wp-json\/wp\/v2\/users\/611"}],"replies":[{"embeddable":true,"href":"https:\/\/www.estrategiaconcursos.com.br\/blog\/wp-json\/wp\/v2\/comments?post=424163"}],"version-history":[{"count":5,"href":"https:\/\/www.estrategiaconcursos.com.br\/blog\/wp-json\/wp\/v2\/posts\/424163\/revisions"}],"predecessor-version":[{"id":1235678,"href":"https:\/\/www.estrategiaconcursos.com.br\/blog\/wp-json\/wp\/v2\/posts\/424163\/revisions\/1235678"}],"wp:featuredmedia":[{"embeddable":true,"href":"https:\/\/www.estrategiaconcursos.com.br\/blog\/wp-json\/wp\/v2\/media\/424626"}],"wp:attachment":[{"href":"https:\/\/www.estrategiaconcursos.com.br\/blog\/wp-json\/wp\/v2\/media?parent=424163"}],"wp:term":[{"taxonomy":"category","embeddable":true,"href":"https:\/\/www.estrategiaconcursos.com.br\/blog\/wp-json\/wp\/v2\/categories?post=424163"},{"taxonomy":"post_tag","embeddable":true,"href":"https:\/\/www.estrategiaconcursos.com.br\/blog\/wp-json\/wp\/v2\/tags?post=424163"},{"taxonomy":"tax_estado","embeddable":true,"href":"https:\/\/www.estrategiaconcursos.com.br\/blog\/wp-json\/wp\/v2\/tax_estado?post=424163"}],"curies":[{"name":"wp","href":"https:\/\/api.w.org\/{rel}","templated":true}]}}