{"id":42413,"date":"2016-07-03T20:06:47","date_gmt":"2016-07-03T23:06:47","guid":{"rendered":"http:\/\/www.estrategiaconcursos.com.br\/blog\/?p=42413"},"modified":"2016-07-03T20:06:47","modified_gmt":"2016-07-03T23:06:47","slug":"o-brexit-vai-despencar-nas-provas-de-atualidades","status":"publish","type":"post","link":"https:\/\/www.estrategiaconcursos.com.br\/blog\/o-brexit-vai-despencar-nas-provas-de-atualidades\/","title":{"rendered":"O \u201cBrexit\u201d vai despencar nas provas de Atualidades"},"content":{"rendered":"<p style=\"text-align: justify\">Ol\u00e1 Galera do Estrat\u00e9gia Concursos,<\/p>\n<p style=\"text-align: justify\">Nos \u00faltimos dias, a m\u00eddia tem noticiado intensamente a decis\u00e3o dos brit\u00e2nicos de sair da Uni\u00e3o Europeia. Esta sa\u00edda est\u00e1 sendo chamada de <span style=\"color: #0000ff\"><strong>\u201cBrexit\u201d<\/strong><\/span>.<\/p>\n<p style=\"text-align: justify\">N\u00e3o ser\u00e1 imediatamente, a sa\u00edda poder\u00e1 levar at\u00e9 dois anos. Muita \u00e1gua ainda vai passar pela Mancha (canal que separa a ilha dos brit\u00e2nicos da Europa francesa). Hehehe &#8230; gostou do trocadilho?<\/p>\n<p style=\"text-align: justify\">Uma coisa, posso dizer para voc\u00eas. Enquanto este processo de sa\u00edda estiver em andamento, o tema vai despencar nas provas de Atualidades.<\/p>\n<p style=\"text-align: justify\">Para voc\u00ea entender o que est\u00e1 acontecendo, trago as informa\u00e7\u00f5es a seguir:<\/p>\n<p style=\"text-align: justify\">A Uni\u00e3o Europeia (UE) representa o est\u00e1gio mais avan\u00e7ado do processo de forma\u00e7\u00e3o de blocos econ\u00f4micos no contexto da globaliza\u00e7\u00e3o. Constitui-se em uma <span style=\"color: #ff0000\"><strong>uni\u00e3o econ\u00f4mica e monet\u00e1ria<\/strong><\/span>, com 28 pa\u00edses membros.<\/p>\n<p style=\"text-align: justify\">As suas origens remontam a<span style=\"color: #ff0000\"><strong> Comunidade Europeia do Carv\u00e3o e do A\u00e7o (CECA)<\/strong><\/span>, criada em 1951, pela Alemanha Ocidental (na \u00e9poca, a atual Alemanha estava dividida em Alemanha Ocidental e Alemanha Oriental), Fran\u00e7a, It\u00e1lia, B\u00e9lgica, Holanda e Luxemburgo. Em 1957, esses pa\u00edses criaram a <strong><span style=\"color: #ff0000\">Comunidade Econ\u00f4mica Europeia (CEE)<\/span><\/strong>. Nos anos que se seguiram, o territ\u00f3rio da UE foi aumentando de dimens\u00e3o atrav\u00e9s da ades\u00e3o de novos Estados membros, ao mesmo tempo que aumentava a sua esfera de influ\u00eancia atrav\u00e9s da inclus\u00e3o de novas compet\u00eancias pol\u00edticas. O Tratado de Maastricht instituiu a Uni\u00e3o Europeia com o nome atual em 1993.<\/p>\n<p style=\"text-align: justify\">O <span style=\"color: #ff0000\"><strong>Euro<\/strong><\/span>, moeda \u00fanica do bloco, n\u00e3o \u00e9 adotada por todos os pa\u00edses. O <span style=\"color: #0000ff\"><strong>Reino Unido<\/strong><\/span> <span style=\"color: #ff0000\"><strong>N\u00c3O<\/strong><\/span> faz parte da Zona do Euro, a sua moeda \u00e9 a libra esterlina.<\/p>\n<p style=\"text-align: justify\">A livre circula\u00e7\u00e3o de pessoas ocorre no <span style=\"color: #ff0000\"><strong>Espa\u00e7o Schengen<\/strong><\/span>, n\u00e3o em todos os pa\u00edses-membros. Comp\u00f5e essa zona 22 Estados-membros e 4 estados n\u00e3o membros da UE. Nele foram abolidos os controles de passaporte. Na pr\u00e1tica, no interior do Espa\u00e7o Schengen, os cidad\u00e3os da Uni\u00e3o Europeia, assim como os nacionais de terceiros pa\u00edses, podem viajar livremente sem ter que se submeter a controles nas fronteiras.<\/p>\n<p style=\"text-align: justify\">A crise econ\u00f4mica mundial de 2008, trouxe enormes desafios \u00e0 integridade do bloco econ\u00f4mico. A Gr\u00e9cia, envolvida em uma grave crise econ\u00f4mica, amea\u00e7ou sair da Uni\u00e3o Europeia. O grande afluxo de migrantes vindo da \u00c1frica e da \u00c1sia, a partir de 2014, em dire\u00e7\u00e3o \u00e0 Europa tamb\u00e9m tenciona as rela\u00e7\u00f5es internas. V\u00e1rios pa\u00edses resistem a receber e dar asilo \u00e0 parcela desses migrantes.<\/p>\n<p style=\"text-align: justify\">Neste ambiente de crise \u2013 econ\u00f4mica e migrat\u00f3ria &#8211; cresceu o discurso de partidos euroc\u00e9ticos, com resist\u00eancias a v\u00e1rias das pol\u00edticas comuns do bloco. Alguns defendem a sa\u00edda de seus pa\u00edses do bloco. S\u00e3o partidos de extrema esquerda e direita. Em v\u00e1rios pa\u00edses europeus, a extrema direita cresce nas elei\u00e7\u00f5es parlamentares e presidenciais.<\/p>\n<p style=\"text-align: justify\">O <span style=\"color: #0000ff\"><strong>Reino Unido<\/strong> <\/span>\u00e9 um dos pa\u00edses onde a perman\u00eancia no bloco \u00e9 fortemente questionada. \u00c9 um pa\u00eds formado por quatro pa\u00edses: Inglaterra, Esc\u00f3cia, Pa\u00eds de Gales e Irlanda do Norte. Os brit\u00e2nicos \u2013 como s\u00e3o chamados &#8211; n\u00e3o fizeram parte das origens da Uni\u00e3o Europeia. Foi somente em 1973 que o Reino Unido ingressou na Comunidade Econ\u00f4mica Europeia (CEE). Dois anos depois, em 1975, renegociou as condi\u00e7\u00f5es de participa\u00e7\u00e3o e realizou um referendo sobre a perman\u00eancia na CEE. Na \u00e9poca, os brit\u00e2nicos votaram por continuar na Comunidade Econ\u00f4mica.<\/p>\n<p style=\"text-align: justify\">Quatro d\u00e9cadas ap\u00f3s o referendo, no \u00faltimo dia 23 de junho, em um <span style=\"color: #0000ff\"><strong>plebiscito<\/strong><\/span>, os brit\u00e2nicos decidiram <strong><span style=\"color: #0000ff\">SAIR<\/span> <\/strong>da Uni\u00e3o Europeia, o que est\u00e1 sendo chamado de <span style=\"color: #0000ff\"><strong>\u201cBrexit\u201d<\/strong><\/span>. \u00c9 uma abrevia\u00e7\u00e3o das palavras \u201cBritish\u201d (brit\u00e2nico, em ingl\u00eas) e \u201cexit\u201d (sa\u00edda).<\/p>\n<p style=\"text-align: justify\">Na vota\u00e7\u00e3o, os eleitores tinham de responder a apenas uma pergunta: &#8220;Deve o Reino Unido permanecer como membro da Uni\u00e3o Europeia ou sair da Uni\u00e3o Europeia? 52% dos eleitores votaram por sair, 48% por permanecer.<\/p>\n<p style=\"text-align: justify\">A vit\u00f3ria apertada do sair mostrou um pa\u00eds dividido, o que j\u00e1 estava demonstrado na campanha do plebiscito. O partido Conservador, que est\u00e1 no poder, do primeiro-ministro David Cameron, teve defensores das duas posi\u00e7\u00f5es \u2013 sair e permanecer na Uni\u00e3o Europeia. J\u00e1 no Partido Trabalhista, a defesa do permanecer foi amplamente majorit\u00e1ria. A vit\u00f3ria do sair tamb\u00e9m fortaleceu os nacionalistas brit\u00e2nicos, cujo principal expoente \u00e9 o UKIP \u2013 Partido da Independ\u00eancia do Reino Unido, do l\u00edder Nigel Farage.<\/p>\n<p style=\"text-align: justify\">O voto por sair foi majorit\u00e1rio no Pa\u00eds de Gales e no interior da Inglaterra, nos redutos eleitorais do Partido Trabalhista, nas regi\u00f5es mais pobres e nas zonas industriais. Em Londres, Esc\u00f3cia e Irlanda do Norte, o voto por permanecer foi majorit\u00e1rio. Os mais velhos votaram pela sa\u00edda, os mais jovens por permanecer.<\/p>\n<p style=\"text-align: justify\">Os defensores da sa\u00edda alegaram que o crescimento da Uni\u00e3o Europeia diminuiu a import\u00e2ncia e a soberania brit\u00e2nica. O pa\u00eds tem que seguir regula\u00e7\u00f5es nas \u00e1reas de economia, pol\u00edtica, migra\u00e7\u00f5es, entre outras, decididas pelo bloco econ\u00f4mico. N\u00e3o pode tomar decis\u00f5es diferentes. Contudo, h\u00e1 que se dizer que n\u00e3o existe imposi\u00e7\u00e3o da Uni\u00e3o Europeia. Todos os acordos, tratados e conven\u00e7\u00f5es s\u00e3o decididos por todos os pa\u00edses membros, precisam da concord\u00e2ncia de todos.<\/p>\n<p style=\"text-align: justify\">O Reino Unido tamb\u00e9m enviaria mais dinheiro para a Uni\u00e3o Europeia do que recebe de volta em investimentos. Saindo, sobraria mais dinheiro para ser investido no pa\u00eds.<\/p>\n<p style=\"text-align: justify\">A quest\u00e3o da migra\u00e7\u00e3o de cidad\u00e3os europeus ao Reino Unido foi um dos temas pol\u00eamicos. Tr\u00eas milh\u00f5es de migrantes de pa\u00edses do bloco do leste europeu, residem e trabalham no pa\u00eds. O argumento utilizado pelos defensores da sa\u00edda \u00e9 de que esses migrantes tiram o emprego dos brit\u00e2nicos e tem acesso ao sistema de seguridade social, prejudicando a qualidade dos servi\u00e7os para os nacionais.<\/p>\n<p style=\"text-align: justify\">Os defensores da perman\u00eancia argumentaram que sair do bloco vai trazer preju\u00edzos econ\u00f4micos, como a exig\u00eancia de novas tarifas, regula\u00e7\u00f5es e acordos comerciais. Exemplo: O Reino Unido ter\u00e1 que fazer acordos comerciais com cada pa\u00eds ou blocos econ\u00f4micos separadamente, inclusive com a Uni\u00e3o Europeia.<\/p>\n<p style=\"text-align: justify\">A vit\u00f3ria do sair, levou a ren\u00fancia de David Cameron. Um novo primeiro-ministro conservador ser\u00e1 escolhido. A Esc\u00f3cia quer permanecer na Uni\u00e3o Europeia e j\u00e1 se movimenta pela realiza\u00e7\u00e3o de um novo plebiscito por sua independ\u00eancia. Em 2014, um plebiscito acabou decidindo pela perman\u00eancia dos escoceses no Reino Unido, e um dos argumentos principais da campanha contra a independ\u00eancia era o acesso \u00e0 Uni\u00e3o Europeia via Reino Unido.<\/p>\n<p style=\"text-align: justify\">A sa\u00edda do Reino Unido n\u00e3o ser\u00e1 autom\u00e1tica. Vai demorar at\u00e9 dois anos, ap\u00f3s a notifica\u00e7\u00e3o \u00e0 Uni\u00e3o Europeia de que pretende sair do bloco. David Cameron j\u00e1 disse que caber\u00e1 ao novo primeiro-ministro encaminhar a notifica\u00e7\u00e3o.<\/p>\n<p style=\"text-align: justify\">A sa\u00edda do Reino Unido alimenta temores sobre a estabilidade e o futuro da Uni\u00e3o Europeia. Politicamente, os partidos nacionalistas crescem em v\u00e1rios pa\u00edses. Uma de suas bandeiras \u00e9 a sa\u00edda ou maior soberania nacional sobre a regula\u00e7\u00e3o europeia. A sa\u00edda dos brit\u00e2nicos serviria como mais um est\u00edmulo para a defesa dessas ideias nos seus pa\u00edses.<\/p>\n<p style=\"text-align: justify\">Galera, est\u00e1 a\u00ed a informa\u00e7\u00e3o. Agora \u00e9 com voc\u00eas, acompanhem pela imprensa os desdobramentos do \u201cBrexit\u201d. Al\u00e9m dos fatos pontuais, procurem compreender o contexto e vincula\u00e7\u00e3o hist\u00f3rica dos fatos.<\/p>\n<p style=\"text-align: justify\">Sigam-me no Facebook: <a href=\"https:\/\/www.facebook.com\/leandrosignoriatualidades\/\">https:\/\/www.facebook.com\/leandrosignoriatualidades\/<\/a><\/p>\n<p style=\"text-align: justify\">Abra\u00e7os,<\/p>\n<p style=\"text-align: justify\">Prof. Leandro Signori<\/p>\n","protected":false},"excerpt":{"rendered":"<p>Ol\u00e1 Galera do Estrat\u00e9gia Concursos, Nos \u00faltimos dias, a m\u00eddia tem noticiado intensamente a decis\u00e3o dos brit\u00e2nicos de sair da Uni\u00e3o Europeia. Esta sa\u00edda est\u00e1 sendo chamada de \u201cBrexit\u201d. N\u00e3o ser\u00e1 imediatamente, a sa\u00edda poder\u00e1 levar at\u00e9 dois anos. Muita \u00e1gua ainda vai passar pela Mancha (canal que separa a ilha dos brit\u00e2nicos da Europa [&hellip;]<\/p>\n","protected":false},"author":306,"featured_media":0,"comment_status":"open","ping_status":"open","sticky":false,"template":"","format":"standard","meta":{"post_tipo":"article","footnotes":""},"categories":[1,1988],"tags":[],"tax_estado":[],"class_list":["post-42413","post","type-post","status-publish","format-standard","hentry","category-cursos-e-concursos","category-policia"],"acf":[],"yoast_head":"<!-- This site is optimized with the Yoast SEO Premium plugin v27.2 (Yoast SEO v27.2) - https:\/\/yoast.com\/product\/yoast-seo-premium-wordpress\/ -->\n<title>O \u201cBrexit\u201d vai despencar nas provas de Atualidades<\/title>\n<meta name=\"robots\" content=\"index, follow, max-snippet:-1, max-image-preview:large, max-video-preview:-1\" \/>\n<link rel=\"canonical\" href=\"https:\/\/www.estrategiaconcursos.com.br\/blog\/o-brexit-vai-despencar-nas-provas-de-atualidades\/\" \/>\n<meta property=\"og:locale\" content=\"pt_BR\" \/>\n<meta property=\"og:type\" content=\"article\" \/>\n<meta property=\"og:title\" content=\"O \u201cBrexit\u201d vai despencar nas provas de Atualidades\" \/>\n<meta property=\"og:description\" content=\"Ol\u00e1 Galera do Estrat\u00e9gia Concursos, Nos \u00faltimos dias, a m\u00eddia tem noticiado intensamente a decis\u00e3o dos brit\u00e2nicos de sair da Uni\u00e3o Europeia. Esta sa\u00edda est\u00e1 sendo chamada de \u201cBrexit\u201d. N\u00e3o ser\u00e1 imediatamente, a sa\u00edda poder\u00e1 levar at\u00e9 dois anos. Muita \u00e1gua ainda vai passar pela Mancha (canal que separa a ilha dos brit\u00e2nicos da Europa [&hellip;]\" \/>\n<meta property=\"og:url\" content=\"https:\/\/www.estrategiaconcursos.com.br\/blog\/o-brexit-vai-despencar-nas-provas-de-atualidades\/\" \/>\n<meta property=\"og:site_name\" content=\"Estrat\u00e9gia Concursos\" \/>\n<meta property=\"article:author\" content=\"https:\/\/www.facebook.com\/leandrosignoriatualidades\/\" \/>\n<meta property=\"article:published_time\" content=\"2016-07-03T23:06:47+00:00\" \/>\n<meta name=\"author\" content=\"Leandro Signori\" \/>\n<meta name=\"twitter:card\" content=\"summary_large_image\" \/>\n<meta name=\"twitter:creator\" content=\"@EstratConcursos\" \/>\n<meta name=\"twitter:site\" content=\"@EstratConcursos\" \/>\n<meta name=\"twitter:label1\" content=\"Escrito por\" \/>\n\t<meta name=\"twitter:data1\" content=\"Leandro Signori\" \/>\n\t<meta name=\"twitter:label2\" content=\"Est. tempo de leitura\" \/>\n\t<meta name=\"twitter:data2\" content=\"6 minutos\" \/>\n<script type=\"application\/ld+json\" class=\"yoast-schema-graph\">{\"@context\":\"https:\/\/schema.org\",\"@graph\":[{\"@type\":\"NewsArticle\",\"@id\":\"https:\/\/www.estrategiaconcursos.com.br\/blog\/o-brexit-vai-despencar-nas-provas-de-atualidades\/#article\",\"isPartOf\":{\"@id\":\"https:\/\/www.estrategiaconcursos.com.br\/blog\/o-brexit-vai-despencar-nas-provas-de-atualidades\/\"},\"author\":{\"name\":\"Leandro Signori\",\"@id\":\"https:\/\/www.estrategiaconcursos.com.br\/blog\/#\/schema\/person\/d2e7d78de4b9d6ba51cc24fd558a7f42\"},\"headline\":\"O \u201cBrexit\u201d vai despencar nas provas de Atualidades\",\"datePublished\":\"2016-07-03T23:06:47+00:00\",\"mainEntityOfPage\":{\"@id\":\"https:\/\/www.estrategiaconcursos.com.br\/blog\/o-brexit-vai-despencar-nas-provas-de-atualidades\/\"},\"wordCount\":1303,\"commentCount\":10,\"publisher\":{\"@id\":\"https:\/\/www.estrategiaconcursos.com.br\/blog\/#organization\"},\"articleSection\":[\"Concursos P\u00fablicos\",\"Policial (Agente, Escriv\u00e3o e Investigador)\"],\"inLanguage\":\"pt-BR\",\"potentialAction\":[{\"@type\":\"CommentAction\",\"name\":\"Comment\",\"target\":[\"https:\/\/www.estrategiaconcursos.com.br\/blog\/o-brexit-vai-despencar-nas-provas-de-atualidades\/#respond\"]}],\"copyrightYear\":\"2016\",\"copyrightHolder\":{\"@id\":\"https:\/\/www.estrategiaconcursos.com.br\/blog\/#organization\"}},{\"@type\":\"WebPage\",\"@id\":\"https:\/\/www.estrategiaconcursos.com.br\/blog\/o-brexit-vai-despencar-nas-provas-de-atualidades\/\",\"url\":\"https:\/\/www.estrategiaconcursos.com.br\/blog\/o-brexit-vai-despencar-nas-provas-de-atualidades\/\",\"name\":\"O \u201cBrexit\u201d vai despencar nas provas de Atualidades\",\"isPartOf\":{\"@id\":\"https:\/\/www.estrategiaconcursos.com.br\/blog\/#website\"},\"datePublished\":\"2016-07-03T23:06:47+00:00\",\"breadcrumb\":{\"@id\":\"https:\/\/www.estrategiaconcursos.com.br\/blog\/o-brexit-vai-despencar-nas-provas-de-atualidades\/#breadcrumb\"},\"inLanguage\":\"pt-BR\",\"potentialAction\":[{\"@type\":\"ReadAction\",\"target\":[\"https:\/\/www.estrategiaconcursos.com.br\/blog\/o-brexit-vai-despencar-nas-provas-de-atualidades\/\"]}]},{\"@type\":\"BreadcrumbList\",\"@id\":\"https:\/\/www.estrategiaconcursos.com.br\/blog\/o-brexit-vai-despencar-nas-provas-de-atualidades\/#breadcrumb\",\"itemListElement\":[{\"@type\":\"ListItem\",\"position\":1,\"name\":\"In\u00edcio\",\"item\":\"https:\/\/www.estrategiaconcursos.com.br\/blog\/\"},{\"@type\":\"ListItem\",\"position\":2,\"name\":\"O \u201cBrexit\u201d vai despencar nas provas de Atualidades\"}]},{\"@type\":\"WebSite\",\"@id\":\"https:\/\/www.estrategiaconcursos.com.br\/blog\/#website\",\"url\":\"https:\/\/www.estrategiaconcursos.com.br\/blog\/\",\"name\":\"Estrat\u00e9gia Concursos\",\"description\":\"O blog da Estrat\u00e9gia Concursos traz not\u00edcias sobre concursos e artigos de professores oferecendo cursos para concursos (pdf + videaulas) no site.\",\"publisher\":{\"@id\":\"https:\/\/www.estrategiaconcursos.com.br\/blog\/#organization\"},\"potentialAction\":[{\"@type\":\"SearchAction\",\"target\":{\"@type\":\"EntryPoint\",\"urlTemplate\":\"https:\/\/www.estrategiaconcursos.com.br\/blog\/?s={search_term_string}\"},\"query-input\":{\"@type\":\"PropertyValueSpecification\",\"valueRequired\":true,\"valueName\":\"search_term_string\"}}],\"inLanguage\":\"pt-BR\"},{\"@type\":\"Organization\",\"@id\":\"https:\/\/www.estrategiaconcursos.com.br\/blog\/#organization\",\"name\":\"Estrat\u00e9gia Concursos\",\"url\":\"https:\/\/www.estrategiaconcursos.com.br\/blog\/\",\"logo\":{\"@type\":\"ImageObject\",\"inLanguage\":\"pt-BR\",\"@id\":\"https:\/\/www.estrategiaconcursos.com.br\/blog\/#\/schema\/logo\/image\/\",\"url\":\"https:\/\/dhg1h5j42swfq.cloudfront.net\/2025\/06\/03203428\/logo_concursos-1.jpg\",\"contentUrl\":\"https:\/\/dhg1h5j42swfq.cloudfront.net\/2025\/06\/03203428\/logo_concursos-1.jpg\",\"width\":230,\"height\":60,\"caption\":\"Estrat\u00e9gia Concursos\"},\"image\":{\"@id\":\"https:\/\/www.estrategiaconcursos.com.br\/blog\/#\/schema\/logo\/image\/\"},\"sameAs\":[\"https:\/\/x.com\/EstratConcursos\"]},{\"@type\":\"Person\",\"@id\":\"https:\/\/www.estrategiaconcursos.com.br\/blog\/#\/schema\/person\/d2e7d78de4b9d6ba51cc24fd558a7f42\",\"name\":\"Leandro Signori\",\"image\":{\"@type\":\"ImageObject\",\"inLanguage\":\"pt-BR\",\"@id\":\"https:\/\/secure.gravatar.com\/avatar\/aa2ef98e93764dcf1758f52d2792d4b3e4089ee25bc520608dde62ad802ae541?s=96&d=mm&r=g\",\"url\":\"https:\/\/secure.gravatar.com\/avatar\/aa2ef98e93764dcf1758f52d2792d4b3e4089ee25bc520608dde62ad802ae541?s=96&d=mm&r=g\",\"contentUrl\":\"https:\/\/secure.gravatar.com\/avatar\/aa2ef98e93764dcf1758f52d2792d4b3e4089ee25bc520608dde62ad802ae541?s=96&d=mm&r=g\",\"caption\":\"Leandro Signori\"},\"description\":\"Licenciado em Geografia pela Universidade Federal do Rio Grande do Sul (UFRGS) e Bacharel em Geografia pela Uniceub (Bras\u00edlia). Como servidor p\u00fablico, foi funcion\u00e1rio da Prefeitura de S\u00e3o Leopoldo (RS), Prefeitura de Porto Alegre (RS), Companhia Riograndense de Saneamento (Corsan) e Minist\u00e9rio da Integra\u00e7\u00e3o Nacional. \u00c9 professor de Geografia para o ensino m\u00e9dio na rede particular de ensino. Leciona as disciplinas de Atualidades, Conhecimentos Gerais, Geografia, Realidade Brasileira e Hist\u00f3ria, em cursos on line e presenciais preparat\u00f3rios para concursos p\u00fablicos.\",\"sameAs\":[\"https:\/\/www.facebook.com\/leandrosignoriatualidades\/\"],\"url\":\"https:\/\/www.estrategiaconcursos.com.br\/blog\/author\/leandroestrategiaconcursos-com-br\/\"}]}<\/script>\n<!-- \/ Yoast SEO Premium plugin. -->","yoast_head_json":{"title":"O \u201cBrexit\u201d vai despencar nas provas de Atualidades","robots":{"index":"index","follow":"follow","max-snippet":"max-snippet:-1","max-image-preview":"max-image-preview:large","max-video-preview":"max-video-preview:-1"},"canonical":"https:\/\/www.estrategiaconcursos.com.br\/blog\/o-brexit-vai-despencar-nas-provas-de-atualidades\/","og_locale":"pt_BR","og_type":"article","og_title":"O \u201cBrexit\u201d vai despencar nas provas de Atualidades","og_description":"Ol\u00e1 Galera do Estrat\u00e9gia Concursos, Nos \u00faltimos dias, a m\u00eddia tem noticiado intensamente a decis\u00e3o dos brit\u00e2nicos de sair da Uni\u00e3o Europeia. Esta sa\u00edda est\u00e1 sendo chamada de \u201cBrexit\u201d. N\u00e3o ser\u00e1 imediatamente, a sa\u00edda poder\u00e1 levar at\u00e9 dois anos. Muita \u00e1gua ainda vai passar pela Mancha (canal que separa a ilha dos brit\u00e2nicos da Europa [&hellip;]","og_url":"https:\/\/www.estrategiaconcursos.com.br\/blog\/o-brexit-vai-despencar-nas-provas-de-atualidades\/","og_site_name":"Estrat\u00e9gia Concursos","article_author":"https:\/\/www.facebook.com\/leandrosignoriatualidades\/","article_published_time":"2016-07-03T23:06:47+00:00","author":"Leandro Signori","twitter_card":"summary_large_image","twitter_creator":"@EstratConcursos","twitter_site":"@EstratConcursos","twitter_misc":{"Escrito por":"Leandro Signori","Est. tempo de leitura":"6 minutos"},"schema":{"@context":"https:\/\/schema.org","@graph":[{"@type":"NewsArticle","@id":"https:\/\/www.estrategiaconcursos.com.br\/blog\/o-brexit-vai-despencar-nas-provas-de-atualidades\/#article","isPartOf":{"@id":"https:\/\/www.estrategiaconcursos.com.br\/blog\/o-brexit-vai-despencar-nas-provas-de-atualidades\/"},"author":{"name":"Leandro Signori","@id":"https:\/\/www.estrategiaconcursos.com.br\/blog\/#\/schema\/person\/d2e7d78de4b9d6ba51cc24fd558a7f42"},"headline":"O \u201cBrexit\u201d vai despencar nas provas de Atualidades","datePublished":"2016-07-03T23:06:47+00:00","mainEntityOfPage":{"@id":"https:\/\/www.estrategiaconcursos.com.br\/blog\/o-brexit-vai-despencar-nas-provas-de-atualidades\/"},"wordCount":1303,"commentCount":10,"publisher":{"@id":"https:\/\/www.estrategiaconcursos.com.br\/blog\/#organization"},"articleSection":["Concursos P\u00fablicos","Policial (Agente, Escriv\u00e3o e Investigador)"],"inLanguage":"pt-BR","potentialAction":[{"@type":"CommentAction","name":"Comment","target":["https:\/\/www.estrategiaconcursos.com.br\/blog\/o-brexit-vai-despencar-nas-provas-de-atualidades\/#respond"]}],"copyrightYear":"2016","copyrightHolder":{"@id":"https:\/\/www.estrategiaconcursos.com.br\/blog\/#organization"}},{"@type":"WebPage","@id":"https:\/\/www.estrategiaconcursos.com.br\/blog\/o-brexit-vai-despencar-nas-provas-de-atualidades\/","url":"https:\/\/www.estrategiaconcursos.com.br\/blog\/o-brexit-vai-despencar-nas-provas-de-atualidades\/","name":"O \u201cBrexit\u201d vai despencar nas provas de Atualidades","isPartOf":{"@id":"https:\/\/www.estrategiaconcursos.com.br\/blog\/#website"},"datePublished":"2016-07-03T23:06:47+00:00","breadcrumb":{"@id":"https:\/\/www.estrategiaconcursos.com.br\/blog\/o-brexit-vai-despencar-nas-provas-de-atualidades\/#breadcrumb"},"inLanguage":"pt-BR","potentialAction":[{"@type":"ReadAction","target":["https:\/\/www.estrategiaconcursos.com.br\/blog\/o-brexit-vai-despencar-nas-provas-de-atualidades\/"]}]},{"@type":"BreadcrumbList","@id":"https:\/\/www.estrategiaconcursos.com.br\/blog\/o-brexit-vai-despencar-nas-provas-de-atualidades\/#breadcrumb","itemListElement":[{"@type":"ListItem","position":1,"name":"In\u00edcio","item":"https:\/\/www.estrategiaconcursos.com.br\/blog\/"},{"@type":"ListItem","position":2,"name":"O \u201cBrexit\u201d vai despencar nas provas de Atualidades"}]},{"@type":"WebSite","@id":"https:\/\/www.estrategiaconcursos.com.br\/blog\/#website","url":"https:\/\/www.estrategiaconcursos.com.br\/blog\/","name":"Estrat\u00e9gia Concursos","description":"O blog da Estrat\u00e9gia Concursos traz not\u00edcias sobre concursos e artigos de professores oferecendo cursos para concursos (pdf + videaulas) no site.","publisher":{"@id":"https:\/\/www.estrategiaconcursos.com.br\/blog\/#organization"},"potentialAction":[{"@type":"SearchAction","target":{"@type":"EntryPoint","urlTemplate":"https:\/\/www.estrategiaconcursos.com.br\/blog\/?s={search_term_string}"},"query-input":{"@type":"PropertyValueSpecification","valueRequired":true,"valueName":"search_term_string"}}],"inLanguage":"pt-BR"},{"@type":"Organization","@id":"https:\/\/www.estrategiaconcursos.com.br\/blog\/#organization","name":"Estrat\u00e9gia Concursos","url":"https:\/\/www.estrategiaconcursos.com.br\/blog\/","logo":{"@type":"ImageObject","inLanguage":"pt-BR","@id":"https:\/\/www.estrategiaconcursos.com.br\/blog\/#\/schema\/logo\/image\/","url":"https:\/\/dhg1h5j42swfq.cloudfront.net\/2025\/06\/03203428\/logo_concursos-1.jpg","contentUrl":"https:\/\/dhg1h5j42swfq.cloudfront.net\/2025\/06\/03203428\/logo_concursos-1.jpg","width":230,"height":60,"caption":"Estrat\u00e9gia Concursos"},"image":{"@id":"https:\/\/www.estrategiaconcursos.com.br\/blog\/#\/schema\/logo\/image\/"},"sameAs":["https:\/\/x.com\/EstratConcursos"]},{"@type":"Person","@id":"https:\/\/www.estrategiaconcursos.com.br\/blog\/#\/schema\/person\/d2e7d78de4b9d6ba51cc24fd558a7f42","name":"Leandro Signori","image":{"@type":"ImageObject","inLanguage":"pt-BR","@id":"https:\/\/secure.gravatar.com\/avatar\/aa2ef98e93764dcf1758f52d2792d4b3e4089ee25bc520608dde62ad802ae541?s=96&d=mm&r=g","url":"https:\/\/secure.gravatar.com\/avatar\/aa2ef98e93764dcf1758f52d2792d4b3e4089ee25bc520608dde62ad802ae541?s=96&d=mm&r=g","contentUrl":"https:\/\/secure.gravatar.com\/avatar\/aa2ef98e93764dcf1758f52d2792d4b3e4089ee25bc520608dde62ad802ae541?s=96&d=mm&r=g","caption":"Leandro Signori"},"description":"Licenciado em Geografia pela Universidade Federal do Rio Grande do Sul (UFRGS) e Bacharel em Geografia pela Uniceub (Bras\u00edlia). Como servidor p\u00fablico, foi funcion\u00e1rio da Prefeitura de S\u00e3o Leopoldo (RS), Prefeitura de Porto Alegre (RS), Companhia Riograndense de Saneamento (Corsan) e Minist\u00e9rio da Integra\u00e7\u00e3o Nacional. \u00c9 professor de Geografia para o ensino m\u00e9dio na rede particular de ensino. Leciona as disciplinas de Atualidades, Conhecimentos Gerais, Geografia, Realidade Brasileira e Hist\u00f3ria, em cursos on line e presenciais preparat\u00f3rios para concursos p\u00fablicos.","sameAs":["https:\/\/www.facebook.com\/leandrosignoriatualidades\/"],"url":"https:\/\/www.estrategiaconcursos.com.br\/blog\/author\/leandroestrategiaconcursos-com-br\/"}]}},"_links":{"self":[{"href":"https:\/\/www.estrategiaconcursos.com.br\/blog\/wp-json\/wp\/v2\/posts\/42413","targetHints":{"allow":["GET"]}}],"collection":[{"href":"https:\/\/www.estrategiaconcursos.com.br\/blog\/wp-json\/wp\/v2\/posts"}],"about":[{"href":"https:\/\/www.estrategiaconcursos.com.br\/blog\/wp-json\/wp\/v2\/types\/post"}],"author":[{"embeddable":true,"href":"https:\/\/www.estrategiaconcursos.com.br\/blog\/wp-json\/wp\/v2\/users\/306"}],"replies":[{"embeddable":true,"href":"https:\/\/www.estrategiaconcursos.com.br\/blog\/wp-json\/wp\/v2\/comments?post=42413"}],"version-history":[{"count":3,"href":"https:\/\/www.estrategiaconcursos.com.br\/blog\/wp-json\/wp\/v2\/posts\/42413\/revisions"}],"predecessor-version":[{"id":42832,"href":"https:\/\/www.estrategiaconcursos.com.br\/blog\/wp-json\/wp\/v2\/posts\/42413\/revisions\/42832"}],"wp:attachment":[{"href":"https:\/\/www.estrategiaconcursos.com.br\/blog\/wp-json\/wp\/v2\/media?parent=42413"}],"wp:term":[{"taxonomy":"category","embeddable":true,"href":"https:\/\/www.estrategiaconcursos.com.br\/blog\/wp-json\/wp\/v2\/categories?post=42413"},{"taxonomy":"post_tag","embeddable":true,"href":"https:\/\/www.estrategiaconcursos.com.br\/blog\/wp-json\/wp\/v2\/tags?post=42413"},{"taxonomy":"tax_estado","embeddable":true,"href":"https:\/\/www.estrategiaconcursos.com.br\/blog\/wp-json\/wp\/v2\/tax_estado?post=42413"}],"curies":[{"name":"wp","href":"https:\/\/api.w.org\/{rel}","templated":true}]}}