{"id":422283,"date":"2019-09-26T08:00:49","date_gmt":"2019-09-26T11:00:49","guid":{"rendered":"https:\/\/www.estrategiaconcursos.com.br\/blog\/?p=422283"},"modified":"2023-06-22T14:27:16","modified_gmt":"2023-06-22T17:27:16","slug":"descubra-como-conciliar-os-estudos-para-sefaz-df-e-tce-rj","status":"publish","type":"post","link":"https:\/\/www.estrategiaconcursos.com.br\/blog\/descubra-como-conciliar-os-estudos-para-sefaz-df-e-tce-rj\/","title":{"rendered":"Descubra como conciliar os estudos para SEFAZ DF e TCE RJ"},"content":{"rendered":"\n<p>Enfim, saiu o t\u00e3o aguardado concurso da <strong>Secretaria da Fazenda do Distrito Federal<\/strong> (Sefaz DF). O que antes era lenda, agora virou pura realidade. Ser\u00e3o oferecidas 120 vagas, sendo 40 imediatas e 80 para cadastro de reserva, para o cargo de Auditor Fiscal da Receita do Estado, com uma remunera\u00e7\u00e3o inicial de R$ 14.970,00. <\/p>\n\n\n\n<p>Com certeza est\u00e1 \u00e9 uma das melhores oportunidades do ano e, tamb\u00e9m, uma das mais aguardadas. Por\u00e9m, n\u00e3o temos somente esse concurso no horizonte. Outro certame muito aguardado por concurseiros(as) da \u00e1rea Fiscal e de Controle, \u00e9 o do <strong>Tribunal de Contas do Estado do Rio de Janeiro<\/strong> (TCE-RJ).<\/p>\n\n\n\n<p>Com uma remunera\u00e7\u00e3o inicial que pode ultrapassar os R$ 14.000,00, o \u00f3rg\u00e3o teve o Cebraspe definido como banca organizadora do seu pr\u00f3ximo concurso, que deve ofertar 40 vagas para o cargo de Analista de Controle Externo. Com isso, o edital pode sair a qualquer momento.<\/p>\n\n\n\n<p class=\"has-text-align-center has-very-light-gray-background-color has-background\" style=\"font-size:clamp(14.642px, 0.915rem + ((1vw - 3.2px) * 0.721), 22px);px\"><strong>Saiba mais: <\/strong><a rel=\"noreferrer noopener\" aria-label=\"Concurso Sefaz DF (abre numa nova aba)\" href=\"https:\/\/estrategiaconcursos.com.br\/blog\/concurso-sefaz-df-auditor\/\" target=\"_blank\"><strong>Concurso Sefaz DF<\/strong><\/a><\/p>\n\n\n\n<p class=\"has-text-align-center has-very-light-gray-background-color has-background\" style=\"font-size:clamp(14.642px, 0.915rem + ((1vw - 3.2px) * 0.721), 22px);px\"><strong>Saiba mais: <\/strong><a rel=\"noreferrer noopener\" aria-label=\"Concurso TCE RJ (abre numa nova aba)\" href=\"https:\/\/www.estrategiaconcursos.com.br\/blog\/concurso-tce-rj\/\" target=\"_blank\"><strong>Concurso TCE RJ<\/strong><\/a><\/p>\n\n\n\n<p>Com dois certames como esses previstos para acontecerem a curto prazo, uma pergunta fica no ar: <em>&#8220;Seria poss\u00edvel conciliar os estudos da SEFAZ-DF e TCE-RJ?&#8221;<\/em> A resposta \u00e9 <strong>SIM<\/strong>.<\/p>\n\n\n\n<p>Quer saber como? Ent\u00e3o acompanhe a nossa <span style=\"text-decoration: underline;\">transmiss\u00e3o gratuita<\/span> nesta <strong>quinta-feira, 26 de setembro, \u00e0s 19h<\/strong>! Nela, Eduardo Gon\u00e7alves e Renan Fineto contar\u00e3o o segredo para fazer uma adapta\u00e7\u00e3o saud\u00e1vel em seus estudos e aproveitar ao m\u00e1ximo essas excelentes oportunidades nas duas \u00e1reas!<\/p>\n\n\n\n<hr class=\"wp-block-separator has-css-opacity\"\/>\n\n\n\n<p class=\"has-text-align-center has-light-green-cyan-background-color has-background\" style=\"font-size:clamp(14.642px, 0.915rem + ((1vw - 3.2px) * 0.721), 22px);px\"><a rel=\"noreferrer noopener\" aria-label=\"CURSOS SEFAZ DF (abre numa nova aba)\" href=\"https:\/\/www.estrategiaconcursos.com.br\/cursosPorConcurso\/sefaz-df-279\/\" target=\"_blank\"><strong>CURSOS SEFAZ DF<\/strong><\/a><\/p>\n\n\n\n<p class=\"has-text-align-center has-light-green-cyan-background-color has-background\" style=\"font-size:clamp(14.642px, 0.915rem + ((1vw - 3.2px) * 0.721), 22px);px\"><a rel=\"noreferrer noopener\" aria-label=\"CURSOS TCE RJ (abre numa nova aba)\" href=\"https:\/\/www.estrategiaconcursos.com.br\/cursosPorConcurso\/tce-rj-60\/\" target=\"_blank\"><strong>CURSOS TCE RJ<\/strong><\/a><\/p>\n\n\n\n<p class=\"has-text-align-center has-medium-font-size\"><em><strong>Assinatura Anual Ilimitada*<\/strong><\/em><\/p>\n\n\n\n<p class=\"has-text-align-center\"><em>Prepare-se com o melhor material e com quem mais aprova em&nbsp;Concursos P\u00fablicos de todo o pa\u00eds. Assine agora a nossa Assinatura Anual e tenha acesso ilimitado a todos os nossos cursos.<\/em><\/p>\n\n\n\n<p class=\"has-text-align-center has-luminous-vivid-amber-background-color has-background\" style=\"font-size:clamp(14.642px, 0.915rem + ((1vw - 3.2px) * 0.721), 22px);px\"><strong>ASSINE AGORA<\/strong>&nbsp;\u2013&nbsp;<a rel=\"noreferrer noopener\" href=\"https:\/\/www.estrategiaconcursos.com.br\/assinaturas\" target=\"_blank\"><strong>Assinatura Ilimitada<\/strong><\/a><\/p>\n\n\n\n<p class=\"has-text-align-center has-medium-font-size\"><strong><em>Fique por dentro dos concursos vigentes<\/em><\/strong><\/p>\n\n\n\n<p class=\"has-text-align-center has-pale-cyan-blue-background-color has-background\" style=\"font-size:clamp(14.642px, 0.915rem + ((1vw - 3.2px) * 0.721), 22px);px\"><a href=\"https:\/\/www.estrategiaconcursos.com.br\/blog\/concursos-abertos\/\" target=\"_blank\" rel=\"noreferrer noopener\"><strong>CONCURSOS ABERTOS<\/strong><\/a><\/p>\n","protected":false},"excerpt":{"rendered":"<p>Enfim, saiu o t\u00e3o aguardado concurso da Secretaria da Fazenda do Distrito Federal (Sefaz DF). O que antes era lenda, agora virou pura realidade. Ser\u00e3o oferecidas 120 vagas, sendo 40 imediatas e 80 para cadastro de reserva, para o cargo de Auditor Fiscal da Receita do Estado, com uma remunera\u00e7\u00e3o inicial de R$ 14.970,00. Com [&hellip;]<\/p>\n","protected":false},"author":988,"featured_media":422285,"comment_status":"open","ping_status":"closed","sticky":false,"template":"","format":"standard","meta":{"post_tipo":"article","footnotes":""},"categories":[1],"tags":[],"tax_estado":[],"class_list":["post-422283","post","type-post","status-publish","format-standard","has-post-thumbnail","hentry","category-cursos-e-concursos"],"acf":[],"yoast_head":"<!-- This site is optimized with the Yoast SEO Premium plugin v27.2 (Yoast SEO v27.2) - https:\/\/yoast.com\/product\/yoast-seo-premium-wordpress\/ -->\n<title>Descubra como conciliar os estudos para SEFAZ DF e TCE RJ<\/title>\n<meta name=\"robots\" content=\"index, follow, max-snippet:-1, max-image-preview:large, max-video-preview:-1\" \/>\n<link rel=\"canonical\" href=\"https:\/\/www.estrategiaconcursos.com.br\/blog\/descubra-como-conciliar-os-estudos-para-sefaz-df-e-tce-rj\/\" \/>\n<meta property=\"og:locale\" content=\"pt_BR\" \/>\n<meta property=\"og:type\" content=\"article\" \/>\n<meta property=\"og:title\" content=\"Descubra como conciliar os estudos para SEFAZ DF e TCE RJ\" \/>\n<meta property=\"og:description\" content=\"Enfim, saiu o t\u00e3o aguardado concurso da Secretaria da Fazenda do Distrito Federal (Sefaz DF). O que antes era lenda, agora virou pura realidade. Ser\u00e3o oferecidas 120 vagas, sendo 40 imediatas e 80 para cadastro de reserva, para o cargo de Auditor Fiscal da Receita do Estado, com uma remunera\u00e7\u00e3o inicial de R$ 14.970,00. Com [&hellip;]\" \/>\n<meta property=\"og:url\" content=\"https:\/\/www.estrategiaconcursos.com.br\/blog\/descubra-como-conciliar-os-estudos-para-sefaz-df-e-tce-rj\/\" \/>\n<meta property=\"og:site_name\" content=\"Estrat\u00e9gia Concursos\" \/>\n<meta property=\"article:published_time\" content=\"2019-09-26T11:00:49+00:00\" \/>\n<meta property=\"article:modified_time\" content=\"2023-06-22T17:27:16+00:00\" \/>\n<meta property=\"og:image\" content=\"https:\/\/dhg1h5j42swfq.cloudfront.net\/2019\/09\/20133319\/YTB_estudos.jpg\" \/>\n\t<meta property=\"og:image:width\" content=\"1280\" \/>\n\t<meta property=\"og:image:height\" content=\"720\" \/>\n\t<meta property=\"og:image:type\" content=\"image\/jpeg\" \/>\n<meta name=\"author\" content=\"Renan Peron Fineto\" \/>\n<meta name=\"twitter:card\" content=\"summary_large_image\" \/>\n<meta name=\"twitter:creator\" content=\"@EstratConcursos\" \/>\n<meta name=\"twitter:site\" content=\"@EstratConcursos\" \/>\n<meta name=\"twitter:label1\" content=\"Escrito por\" \/>\n\t<meta name=\"twitter:data1\" content=\"Renan Peron Fineto\" \/>\n\t<meta name=\"twitter:label2\" content=\"Est. tempo de leitura\" \/>\n\t<meta name=\"twitter:data2\" content=\"1 minuto\" \/>\n<script type=\"application\/ld+json\" class=\"yoast-schema-graph\">{\"@context\":\"https:\/\/schema.org\",\"@graph\":[{\"@type\":\"NewsArticle\",\"@id\":\"https:\/\/www.estrategiaconcursos.com.br\/blog\/descubra-como-conciliar-os-estudos-para-sefaz-df-e-tce-rj\/#article\",\"isPartOf\":{\"@id\":\"https:\/\/www.estrategiaconcursos.com.br\/blog\/descubra-como-conciliar-os-estudos-para-sefaz-df-e-tce-rj\/\"},\"author\":{\"name\":\"Renan Peron Fineto\",\"@id\":\"https:\/\/www.estrategiaconcursos.com.br\/blog\/#\/schema\/person\/c202feb1c8b5926df6eeb176a8d31c1f\"},\"headline\":\"Descubra como conciliar os estudos para SEFAZ DF e TCE RJ\",\"datePublished\":\"2019-09-26T11:00:49+00:00\",\"dateModified\":\"2023-06-22T17:27:16+00:00\",\"mainEntityOfPage\":{\"@id\":\"https:\/\/www.estrategiaconcursos.com.br\/blog\/descubra-como-conciliar-os-estudos-para-sefaz-df-e-tce-rj\/\"},\"wordCount\":307,\"commentCount\":0,\"publisher\":{\"@id\":\"https:\/\/www.estrategiaconcursos.com.br\/blog\/#organization\"},\"image\":{\"@id\":\"https:\/\/www.estrategiaconcursos.com.br\/blog\/descubra-como-conciliar-os-estudos-para-sefaz-df-e-tce-rj\/#primaryimage\"},\"thumbnailUrl\":\"https:\/\/dhg1h5j42swfq.cloudfront.net\/2019\/09\/20133319\/YTB_estudos.jpg\",\"articleSection\":[\"Concursos P\u00fablicos\"],\"inLanguage\":\"pt-BR\",\"potentialAction\":[{\"@type\":\"CommentAction\",\"name\":\"Comment\",\"target\":[\"https:\/\/www.estrategiaconcursos.com.br\/blog\/descubra-como-conciliar-os-estudos-para-sefaz-df-e-tce-rj\/#respond\"]}],\"copyrightYear\":\"2019\",\"copyrightHolder\":{\"@id\":\"https:\/\/www.estrategiaconcursos.com.br\/blog\/#organization\"}},{\"@type\":\"WebPage\",\"@id\":\"https:\/\/www.estrategiaconcursos.com.br\/blog\/descubra-como-conciliar-os-estudos-para-sefaz-df-e-tce-rj\/\",\"url\":\"https:\/\/www.estrategiaconcursos.com.br\/blog\/descubra-como-conciliar-os-estudos-para-sefaz-df-e-tce-rj\/\",\"name\":\"Descubra como conciliar os estudos para SEFAZ DF e TCE RJ\",\"isPartOf\":{\"@id\":\"https:\/\/www.estrategiaconcursos.com.br\/blog\/#website\"},\"primaryImageOfPage\":{\"@id\":\"https:\/\/www.estrategiaconcursos.com.br\/blog\/descubra-como-conciliar-os-estudos-para-sefaz-df-e-tce-rj\/#primaryimage\"},\"image\":{\"@id\":\"https:\/\/www.estrategiaconcursos.com.br\/blog\/descubra-como-conciliar-os-estudos-para-sefaz-df-e-tce-rj\/#primaryimage\"},\"thumbnailUrl\":\"https:\/\/dhg1h5j42swfq.cloudfront.net\/2019\/09\/20133319\/YTB_estudos.jpg\",\"datePublished\":\"2019-09-26T11:00:49+00:00\",\"dateModified\":\"2023-06-22T17:27:16+00:00\",\"breadcrumb\":{\"@id\":\"https:\/\/www.estrategiaconcursos.com.br\/blog\/descubra-como-conciliar-os-estudos-para-sefaz-df-e-tce-rj\/#breadcrumb\"},\"inLanguage\":\"pt-BR\",\"potentialAction\":[{\"@type\":\"ReadAction\",\"target\":[\"https:\/\/www.estrategiaconcursos.com.br\/blog\/descubra-como-conciliar-os-estudos-para-sefaz-df-e-tce-rj\/\"]}]},{\"@type\":\"ImageObject\",\"inLanguage\":\"pt-BR\",\"@id\":\"https:\/\/www.estrategiaconcursos.com.br\/blog\/descubra-como-conciliar-os-estudos-para-sefaz-df-e-tce-rj\/#primaryimage\",\"url\":\"https:\/\/dhg1h5j42swfq.cloudfront.net\/2019\/09\/20133319\/YTB_estudos.jpg\",\"contentUrl\":\"https:\/\/dhg1h5j42swfq.cloudfront.net\/2019\/09\/20133319\/YTB_estudos.jpg\",\"width\":1280,\"height\":720},{\"@type\":\"BreadcrumbList\",\"@id\":\"https:\/\/www.estrategiaconcursos.com.br\/blog\/descubra-como-conciliar-os-estudos-para-sefaz-df-e-tce-rj\/#breadcrumb\",\"itemListElement\":[{\"@type\":\"ListItem\",\"position\":1,\"name\":\"In\u00edcio\",\"item\":\"https:\/\/www.estrategiaconcursos.com.br\/blog\/\"},{\"@type\":\"ListItem\",\"position\":2,\"name\":\"Descubra como conciliar os estudos para SEFAZ DF e TCE RJ\"}]},{\"@type\":\"WebSite\",\"@id\":\"https:\/\/www.estrategiaconcursos.com.br\/blog\/#website\",\"url\":\"https:\/\/www.estrategiaconcursos.com.br\/blog\/\",\"name\":\"Estrat\u00e9gia Concursos\",\"description\":\"O blog da Estrat\u00e9gia Concursos traz not\u00edcias sobre concursos e artigos de professores oferecendo cursos para concursos (pdf + videaulas) no site.\",\"publisher\":{\"@id\":\"https:\/\/www.estrategiaconcursos.com.br\/blog\/#organization\"},\"potentialAction\":[{\"@type\":\"SearchAction\",\"target\":{\"@type\":\"EntryPoint\",\"urlTemplate\":\"https:\/\/www.estrategiaconcursos.com.br\/blog\/?s={search_term_string}\"},\"query-input\":{\"@type\":\"PropertyValueSpecification\",\"valueRequired\":true,\"valueName\":\"search_term_string\"}}],\"inLanguage\":\"pt-BR\"},{\"@type\":\"Organization\",\"@id\":\"https:\/\/www.estrategiaconcursos.com.br\/blog\/#organization\",\"name\":\"Estrat\u00e9gia Concursos\",\"url\":\"https:\/\/www.estrategiaconcursos.com.br\/blog\/\",\"logo\":{\"@type\":\"ImageObject\",\"inLanguage\":\"pt-BR\",\"@id\":\"https:\/\/www.estrategiaconcursos.com.br\/blog\/#\/schema\/logo\/image\/\",\"url\":\"https:\/\/dhg1h5j42swfq.cloudfront.net\/2025\/06\/03203428\/logo_concursos-1.jpg\",\"contentUrl\":\"https:\/\/dhg1h5j42swfq.cloudfront.net\/2025\/06\/03203428\/logo_concursos-1.jpg\",\"width\":230,\"height\":60,\"caption\":\"Estrat\u00e9gia Concursos\"},\"image\":{\"@id\":\"https:\/\/www.estrategiaconcursos.com.br\/blog\/#\/schema\/logo\/image\/\"},\"sameAs\":[\"https:\/\/x.com\/EstratConcursos\"]},{\"@type\":\"Person\",\"@id\":\"https:\/\/www.estrategiaconcursos.com.br\/blog\/#\/schema\/person\/c202feb1c8b5926df6eeb176a8d31c1f\",\"name\":\"Renan Peron Fineto\",\"image\":{\"@type\":\"ImageObject\",\"inLanguage\":\"pt-BR\",\"@id\":\"https:\/\/secure.gravatar.com\/avatar\/6f45a57598e79d990d68f8b5ada03b18faea6854fafc5e5e17504755e3242146?s=96&d=mm&r=g\",\"url\":\"https:\/\/secure.gravatar.com\/avatar\/6f45a57598e79d990d68f8b5ada03b18faea6854fafc5e5e17504755e3242146?s=96&d=mm&r=g\",\"contentUrl\":\"https:\/\/secure.gravatar.com\/avatar\/6f45a57598e79d990d68f8b5ada03b18faea6854fafc5e5e17504755e3242146?s=96&d=mm&r=g\",\"caption\":\"Renan Peron Fineto\"},\"url\":\"https:\/\/www.estrategiaconcursos.com.br\/blog\/author\/renanpfinetogmail-com\/\"}]}<\/script>\n<!-- \/ Yoast SEO Premium plugin. -->","yoast_head_json":{"title":"Descubra como conciliar os estudos para SEFAZ DF e TCE RJ","robots":{"index":"index","follow":"follow","max-snippet":"max-snippet:-1","max-image-preview":"max-image-preview:large","max-video-preview":"max-video-preview:-1"},"canonical":"https:\/\/www.estrategiaconcursos.com.br\/blog\/descubra-como-conciliar-os-estudos-para-sefaz-df-e-tce-rj\/","og_locale":"pt_BR","og_type":"article","og_title":"Descubra como conciliar os estudos para SEFAZ DF e TCE RJ","og_description":"Enfim, saiu o t\u00e3o aguardado concurso da Secretaria da Fazenda do Distrito Federal (Sefaz DF). O que antes era lenda, agora virou pura realidade. Ser\u00e3o oferecidas 120 vagas, sendo 40 imediatas e 80 para cadastro de reserva, para o cargo de Auditor Fiscal da Receita do Estado, com uma remunera\u00e7\u00e3o inicial de R$ 14.970,00. Com [&hellip;]","og_url":"https:\/\/www.estrategiaconcursos.com.br\/blog\/descubra-como-conciliar-os-estudos-para-sefaz-df-e-tce-rj\/","og_site_name":"Estrat\u00e9gia Concursos","article_published_time":"2019-09-26T11:00:49+00:00","article_modified_time":"2023-06-22T17:27:16+00:00","og_image":[{"width":1280,"height":720,"url":"https:\/\/dhg1h5j42swfq.cloudfront.net\/2019\/09\/20133319\/YTB_estudos.jpg","type":"image\/jpeg"}],"author":"Renan Peron Fineto","twitter_card":"summary_large_image","twitter_creator":"@EstratConcursos","twitter_site":"@EstratConcursos","twitter_misc":{"Escrito por":"Renan Peron Fineto","Est. tempo de leitura":"1 minuto"},"schema":{"@context":"https:\/\/schema.org","@graph":[{"@type":"NewsArticle","@id":"https:\/\/www.estrategiaconcursos.com.br\/blog\/descubra-como-conciliar-os-estudos-para-sefaz-df-e-tce-rj\/#article","isPartOf":{"@id":"https:\/\/www.estrategiaconcursos.com.br\/blog\/descubra-como-conciliar-os-estudos-para-sefaz-df-e-tce-rj\/"},"author":{"name":"Renan Peron Fineto","@id":"https:\/\/www.estrategiaconcursos.com.br\/blog\/#\/schema\/person\/c202feb1c8b5926df6eeb176a8d31c1f"},"headline":"Descubra como conciliar os estudos para SEFAZ DF e TCE RJ","datePublished":"2019-09-26T11:00:49+00:00","dateModified":"2023-06-22T17:27:16+00:00","mainEntityOfPage":{"@id":"https:\/\/www.estrategiaconcursos.com.br\/blog\/descubra-como-conciliar-os-estudos-para-sefaz-df-e-tce-rj\/"},"wordCount":307,"commentCount":0,"publisher":{"@id":"https:\/\/www.estrategiaconcursos.com.br\/blog\/#organization"},"image":{"@id":"https:\/\/www.estrategiaconcursos.com.br\/blog\/descubra-como-conciliar-os-estudos-para-sefaz-df-e-tce-rj\/#primaryimage"},"thumbnailUrl":"https:\/\/dhg1h5j42swfq.cloudfront.net\/2019\/09\/20133319\/YTB_estudos.jpg","articleSection":["Concursos P\u00fablicos"],"inLanguage":"pt-BR","potentialAction":[{"@type":"CommentAction","name":"Comment","target":["https:\/\/www.estrategiaconcursos.com.br\/blog\/descubra-como-conciliar-os-estudos-para-sefaz-df-e-tce-rj\/#respond"]}],"copyrightYear":"2019","copyrightHolder":{"@id":"https:\/\/www.estrategiaconcursos.com.br\/blog\/#organization"}},{"@type":"WebPage","@id":"https:\/\/www.estrategiaconcursos.com.br\/blog\/descubra-como-conciliar-os-estudos-para-sefaz-df-e-tce-rj\/","url":"https:\/\/www.estrategiaconcursos.com.br\/blog\/descubra-como-conciliar-os-estudos-para-sefaz-df-e-tce-rj\/","name":"Descubra como conciliar os estudos para SEFAZ DF e TCE RJ","isPartOf":{"@id":"https:\/\/www.estrategiaconcursos.com.br\/blog\/#website"},"primaryImageOfPage":{"@id":"https:\/\/www.estrategiaconcursos.com.br\/blog\/descubra-como-conciliar-os-estudos-para-sefaz-df-e-tce-rj\/#primaryimage"},"image":{"@id":"https:\/\/www.estrategiaconcursos.com.br\/blog\/descubra-como-conciliar-os-estudos-para-sefaz-df-e-tce-rj\/#primaryimage"},"thumbnailUrl":"https:\/\/dhg1h5j42swfq.cloudfront.net\/2019\/09\/20133319\/YTB_estudos.jpg","datePublished":"2019-09-26T11:00:49+00:00","dateModified":"2023-06-22T17:27:16+00:00","breadcrumb":{"@id":"https:\/\/www.estrategiaconcursos.com.br\/blog\/descubra-como-conciliar-os-estudos-para-sefaz-df-e-tce-rj\/#breadcrumb"},"inLanguage":"pt-BR","potentialAction":[{"@type":"ReadAction","target":["https:\/\/www.estrategiaconcursos.com.br\/blog\/descubra-como-conciliar-os-estudos-para-sefaz-df-e-tce-rj\/"]}]},{"@type":"ImageObject","inLanguage":"pt-BR","@id":"https:\/\/www.estrategiaconcursos.com.br\/blog\/descubra-como-conciliar-os-estudos-para-sefaz-df-e-tce-rj\/#primaryimage","url":"https:\/\/dhg1h5j42swfq.cloudfront.net\/2019\/09\/20133319\/YTB_estudos.jpg","contentUrl":"https:\/\/dhg1h5j42swfq.cloudfront.net\/2019\/09\/20133319\/YTB_estudos.jpg","width":1280,"height":720},{"@type":"BreadcrumbList","@id":"https:\/\/www.estrategiaconcursos.com.br\/blog\/descubra-como-conciliar-os-estudos-para-sefaz-df-e-tce-rj\/#breadcrumb","itemListElement":[{"@type":"ListItem","position":1,"name":"In\u00edcio","item":"https:\/\/www.estrategiaconcursos.com.br\/blog\/"},{"@type":"ListItem","position":2,"name":"Descubra como conciliar os estudos para SEFAZ DF e TCE RJ"}]},{"@type":"WebSite","@id":"https:\/\/www.estrategiaconcursos.com.br\/blog\/#website","url":"https:\/\/www.estrategiaconcursos.com.br\/blog\/","name":"Estrat\u00e9gia Concursos","description":"O blog da Estrat\u00e9gia Concursos traz not\u00edcias sobre concursos e artigos de professores oferecendo cursos para concursos (pdf + videaulas) no site.","publisher":{"@id":"https:\/\/www.estrategiaconcursos.com.br\/blog\/#organization"},"potentialAction":[{"@type":"SearchAction","target":{"@type":"EntryPoint","urlTemplate":"https:\/\/www.estrategiaconcursos.com.br\/blog\/?s={search_term_string}"},"query-input":{"@type":"PropertyValueSpecification","valueRequired":true,"valueName":"search_term_string"}}],"inLanguage":"pt-BR"},{"@type":"Organization","@id":"https:\/\/www.estrategiaconcursos.com.br\/blog\/#organization","name":"Estrat\u00e9gia Concursos","url":"https:\/\/www.estrategiaconcursos.com.br\/blog\/","logo":{"@type":"ImageObject","inLanguage":"pt-BR","@id":"https:\/\/www.estrategiaconcursos.com.br\/blog\/#\/schema\/logo\/image\/","url":"https:\/\/dhg1h5j42swfq.cloudfront.net\/2025\/06\/03203428\/logo_concursos-1.jpg","contentUrl":"https:\/\/dhg1h5j42swfq.cloudfront.net\/2025\/06\/03203428\/logo_concursos-1.jpg","width":230,"height":60,"caption":"Estrat\u00e9gia Concursos"},"image":{"@id":"https:\/\/www.estrategiaconcursos.com.br\/blog\/#\/schema\/logo\/image\/"},"sameAs":["https:\/\/x.com\/EstratConcursos"]},{"@type":"Person","@id":"https:\/\/www.estrategiaconcursos.com.br\/blog\/#\/schema\/person\/c202feb1c8b5926df6eeb176a8d31c1f","name":"Renan Peron Fineto","image":{"@type":"ImageObject","inLanguage":"pt-BR","@id":"https:\/\/secure.gravatar.com\/avatar\/6f45a57598e79d990d68f8b5ada03b18faea6854fafc5e5e17504755e3242146?s=96&d=mm&r=g","url":"https:\/\/secure.gravatar.com\/avatar\/6f45a57598e79d990d68f8b5ada03b18faea6854fafc5e5e17504755e3242146?s=96&d=mm&r=g","contentUrl":"https:\/\/secure.gravatar.com\/avatar\/6f45a57598e79d990d68f8b5ada03b18faea6854fafc5e5e17504755e3242146?s=96&d=mm&r=g","caption":"Renan Peron Fineto"},"url":"https:\/\/www.estrategiaconcursos.com.br\/blog\/author\/renanpfinetogmail-com\/"}]}},"_links":{"self":[{"href":"https:\/\/www.estrategiaconcursos.com.br\/blog\/wp-json\/wp\/v2\/posts\/422283","targetHints":{"allow":["GET"]}}],"collection":[{"href":"https:\/\/www.estrategiaconcursos.com.br\/blog\/wp-json\/wp\/v2\/posts"}],"about":[{"href":"https:\/\/www.estrategiaconcursos.com.br\/blog\/wp-json\/wp\/v2\/types\/post"}],"author":[{"embeddable":true,"href":"https:\/\/www.estrategiaconcursos.com.br\/blog\/wp-json\/wp\/v2\/users\/988"}],"replies":[{"embeddable":true,"href":"https:\/\/www.estrategiaconcursos.com.br\/blog\/wp-json\/wp\/v2\/comments?post=422283"}],"version-history":[{"count":7,"href":"https:\/\/www.estrategiaconcursos.com.br\/blog\/wp-json\/wp\/v2\/posts\/422283\/revisions"}],"predecessor-version":[{"id":1237313,"href":"https:\/\/www.estrategiaconcursos.com.br\/blog\/wp-json\/wp\/v2\/posts\/422283\/revisions\/1237313"}],"wp:featuredmedia":[{"embeddable":true,"href":"https:\/\/www.estrategiaconcursos.com.br\/blog\/wp-json\/wp\/v2\/media\/422285"}],"wp:attachment":[{"href":"https:\/\/www.estrategiaconcursos.com.br\/blog\/wp-json\/wp\/v2\/media?parent=422283"}],"wp:term":[{"taxonomy":"category","embeddable":true,"href":"https:\/\/www.estrategiaconcursos.com.br\/blog\/wp-json\/wp\/v2\/categories?post=422283"},{"taxonomy":"post_tag","embeddable":true,"href":"https:\/\/www.estrategiaconcursos.com.br\/blog\/wp-json\/wp\/v2\/tags?post=422283"},{"taxonomy":"tax_estado","embeddable":true,"href":"https:\/\/www.estrategiaconcursos.com.br\/blog\/wp-json\/wp\/v2\/tax_estado?post=422283"}],"curies":[{"name":"wp","href":"https:\/\/api.w.org\/{rel}","templated":true}]}}