{"id":42223,"date":"2014-09-23T05:30:34","date_gmt":"2014-09-23T08:30:34","guid":{"rendered":"http:\/\/www.estrategiaconcursos.com.br\/blog\/?p=42223"},"modified":"2022-10-24T18:32:24","modified_gmt":"2022-10-24T21:32:24","slug":"edital-trt-20-se-analise-completa","status":"publish","type":"post","link":"https:\/\/www.estrategiaconcursos.com.br\/blog\/edital-trt-20-se-analise-completa\/","title":{"rendered":"Edital TRT 20 (SE): publicado! Veja a an\u00e1lise completa!"},"content":{"rendered":"<p style=\"text-align: justify;\"><em><strong>Edital TRT 20 (SE) &#8211; publicado o edital!<\/strong><\/em><\/p>\n<p style=\"text-align: justify;\">Ol\u00e1 pessoal! O edital do <strong>Tribunal Regional do Trabalho da 20\u00aa Regi\u00e3o<\/strong> \/ Sergipe (edital TRT 20 SE) \u00a0foi publicado 21 de Setembro.<\/p>\n<p style=\"text-align: justify;\">Como anunciado em outras oportunidades, o certame\u00a0ser\u00e1 realizado pela Funda\u00e7\u00e3o Carlos Chagas (FCC). As inscri\u00e7\u00f5es podem ser realizadas pelo <strong><a href=\"http:\/\/www.concursosfcc.com.br\/\" target=\"_blank\" rel=\"noopener\">site da\u00a0FCC<\/a><\/strong>\u00a0de 26 de setembro a 26 de outubro.\u00a0A taxa \u00e9 de\u00a0R$110 para os cargos de n\u00edvel superior e R$90 para os cargos de n\u00edvel m\u00e9dio. As provas ser\u00e3o realizadas em 04 de dezembro de 2016 pela manh\u00e3, para os cargos de n\u00edvel m\u00e9dio, e \u00e0 tarde, para os cargos de n\u00edvel superior.<\/p>\n<p style=\"text-align: justify;\">Para o cargo de Analista Judici\u00e1rio, que exige n\u00edvel superior, ser\u00e3o oferecidas vagas e cadastro de reserva nas seguintes\u00a0\u00e1reas:<\/p>\n<ul style=\"text-align: justify;\">\n<li>Administrativa<\/li>\n<li>Judici\u00e1ria<\/li>\n<li>Oficial de Justi\u00e7a<\/li>\n<li>Contabilidade<\/li>\n<li>Estat\u00edstica<\/li>\n<li>Comunica\u00e7\u00e3o Social<\/li>\n<li>Enfermagem<\/li>\n<li>Engenharia Civil<\/li>\n<li>Fisioterapia<\/li>\n<li>Medicina do Trabalho<\/li>\n<li>Odontologia<\/li>\n<\/ul>\n<p style=\"text-align: justify;\">J\u00e1 para o cargo de T\u00e9cnico Judici\u00e1rio, que exige n\u00edvel m\u00e9dio, o certame selecionar\u00e1 candidatos nas seguintes \u00e1reas:<\/p>\n<ul style=\"text-align: justify;\">\n<li style=\"text-align: justify;\">Administrativa<\/li>\n<li style=\"text-align: justify;\">Enfermagem<\/li>\n<li style=\"text-align: justify;\">Tecnologia da Informa\u00e7\u00e3o<\/li>\n<\/ul>\n<h3 style=\"text-align: justify;\"><strong>EDITAL\u00a0\u00a0TRT 20<\/strong><\/h3>\n<p style=\"text-align: justify;\">Para os cargos de Analista Judici\u00e1rio, as provas ser\u00e3o compostas por 20 quest\u00f5es sobre Conhecimentos Gerais e 40 sobre Conhecimentos Espec\u00edficos. Veja abaixo o conte\u00fado previsto para algumas \u00e1reas:<\/p>\n<p style=\"text-align: justify;\"><img loading=\"lazy\" decoding=\"async\" class=\"aligncenter wp-image-50107 size-full\" src=\"https:\/\/dhg1h5j42swfq.cloudfront.net\/2016\/09\/21011238\/TRT20.png\" alt=\"edital TRT 20\" width=\"932\" height=\"445\" srcset=\"https:\/\/dhg1h5j42swfq.cloudfront.net\/2016\/09\/21011238\/TRT20.png 932w, https:\/\/dhg1h5j42swfq.cloudfront.net\/2016\/09\/21011238\/TRT20.png 300w, https:\/\/dhg1h5j42swfq.cloudfront.net\/2016\/09\/21011238\/TRT20.png 768w, https:\/\/dhg1h5j42swfq.cloudfront.net\/2016\/09\/21011238\/TRT20.png 500w\" sizes=\"auto, (max-width: 932px) 100vw, 932px\" \/><\/p>\n<p style=\"text-align: justify;\">J\u00e1 as provas para os cargos de T\u00e9cnico ter\u00e3o a seguinte composi\u00e7\u00e3o:<\/p>\n<p style=\"text-align: justify;\"><img loading=\"lazy\" decoding=\"async\" class=\"aligncenter wp-image-50108 size-full\" src=\"https:\/\/dhg1h5j42swfq.cloudfront.net\/2016\/09\/21011409\/trt201.png\" alt=\"edital TRT 20 t\u00e9cnico\" width=\"929\" height=\"231\" srcset=\"https:\/\/dhg1h5j42swfq.cloudfront.net\/2016\/09\/21011409\/trt201.png 929w, https:\/\/dhg1h5j42swfq.cloudfront.net\/2016\/09\/21011409\/trt201.png 300w, https:\/\/dhg1h5j42swfq.cloudfront.net\/2016\/09\/21011409\/trt201.png 768w, https:\/\/dhg1h5j42swfq.cloudfront.net\/2016\/09\/21011409\/trt201.png 500w\" sizes=\"auto, (max-width: 929px) 100vw, 929px\" \/><\/p>\n<p style=\"text-align: justify;\">Al\u00e9m disso, os cargos ter\u00e3o provas discursivas, tanto os de n\u00edvel m\u00e9dio quanto superior.<\/p>\n<p style=\"text-align: justify;\">O \u00faltimo edital TRT 20\u00aa Regi\u00e3o foi de\u00a02011 e contou com\u00a0mais de <strong>22.000 candidatos<\/strong>.\u00a0A exemplo do edital de 2016, em 2011 havia poucas vagas e o preenchimento de cadastro de reserva, como \u00e9 de praxe nos tribunais. Contudo, o n\u00famero de candidatos foi muito grande. Para exemplificar, a candidata classificada na 81\u00aa posi\u00e7\u00e3o para T\u00e9cnico Judici\u00e1rio da \u00c1rea Administrativa (TJAA) foi nomeada, embora o edital previsse apenas 3 vagas para este cargo, o que corresponde a 27 vezes mais o n\u00famero do edital. No caso do Analista Judici\u00e1rio da \u00c1rea Judici\u00e1ria, embora o edital previsse apenas cadastro de reserva, a 26\u00aa colocada da classifica\u00e7\u00e3o geral foi nomeada.<\/p>\n<p style=\"text-align: justify;\">Portanto, n\u00e3o se balize pelas vagas do edital, elas enganam!!<\/p>\n<p>Veja, abaixo, as mat\u00e9rias para os principais cargos.<\/p>\n<p><span style=\"color: #000080;\"><strong>AJAJ (incluindo Oficial de Justi\u00e7a)<\/strong><\/span><\/p>\n<p><strong>Conhecimentos b\u00e1sicos<\/strong><\/p>\n<ul>\n<li>Portugu\u00eas<\/li>\n<li>No\u00e7\u00f5es de Inform\u00e1tica<\/li>\n<li>Racioc\u00ednio L\u00f3gico-matem\u00e1tico<\/li>\n<\/ul>\n<p><strong>Conhecimentos espec\u00edficos<\/strong><\/p>\n<ul>\n<li>Direito constitucional<\/li>\n<li>Direito administrativo<\/li>\n<li>Direito do trabalho<\/li>\n<li>Direito processual do trabalho<\/li>\n<li>Direito civil<\/li>\n<li>Direito processual civil<\/li>\n<li>No\u00e7\u00f5es sobre direitos da pessoa com defici\u00eancia<\/li>\n<\/ul>\n<p><strong><span style=\"color: #000080;\">AJAA<\/span><\/strong><\/p>\n<p><strong>Conhecimentos b\u00e1sicos<\/strong><\/p>\n<ul>\n<li>Portugu\u00eas<\/li>\n<li>No\u00e7\u00f5es de inform\u00e1tica<\/li>\n<li>Racioc\u00ednio l\u00f3gico-matem\u00e1tico<\/li>\n<\/ul>\n<p><strong>Conhecimentos espec\u00edficos<\/strong><\/p>\n<ul>\n<li>Direito constitucional<\/li>\n<li>Direito administrativo<\/li>\n<li>No\u00e7\u00f5es de Administra\u00e7\u00e3o P\u00fablica<\/li>\n<li>No\u00e7\u00f5es sobre direitos das pessoas com defici\u00eancia<\/li>\n<\/ul>\n<p><span style=\"color: #000080;\"><strong>TJAA<\/strong><\/span><\/p>\n<p><strong>Conhecimentos b\u00e1sicos<\/strong><\/p>\n<ul>\n<li>Portugu\u00eas<\/li>\n<li>No\u00e7\u00f5es de inform\u00e1tica<\/li>\n<li>Racioc\u00ednio l\u00f3gico-matem\u00e1tico<\/li>\n<\/ul>\n<p><strong>Conhecimentos espec\u00edficos<\/strong><\/p>\n<ul>\n<li>No\u00e7\u00f5es de direito constitucional<\/li>\n<li>No\u00e7\u00f5es de direito administrativo<\/li>\n<li>No\u00e7\u00f5es de direito do trabalho<\/li>\n<li>No\u00e7\u00f5es de direito processual do trabalho<\/li>\n<li>No\u00e7\u00f5es sobre direito das pessoas com defici\u00eancia<\/li>\n<\/ul>\n<p style=\"text-align: justify;\">Quer saber mais sobre as carreiras de tribunais? Veja, abaixo, alguns artigos escritos pelo professor Fabr\u00edcio R\u00eago, os quais j\u00e1 mostram, inclusive, remunera\u00e7\u00f5es atualizadas para o Judici\u00e1rio da Uni\u00e3o, estrutura da qual faz parte o TRT 20.<\/p>\n<blockquote class=\"wp-embedded-content\" data-secret=\"Wd1XyGIwkI\"><p><a href=\"https:\/\/www.estrategiaconcursos.com.br\/blog\/oficial-de-justica\/\">Oficial de Justi\u00e7a: conhe\u00e7a minha carreira!<\/a><\/p><\/blockquote>\n<p><iframe loading=\"lazy\" class=\"wp-embedded-content\" sandbox=\"allow-scripts\" security=\"restricted\" style=\"position: absolute; clip: rect(1px, 1px, 1px, 1px);\" title=\"&#8220;Oficial de Justi\u00e7a: conhe\u00e7a minha carreira!&#8221; &#8212; Estrat\u00e9gia Concursos\" src=\"https:\/\/www.estrategiaconcursos.com.br\/blog\/oficial-de-justica\/embed\/#?secret=D4hTqilpNz#?secret=Wd1XyGIwkI\" data-secret=\"Wd1XyGIwkI\" width=\"500\" height=\"282\" frameborder=\"0\" marginwidth=\"0\" marginheight=\"0\" scrolling=\"no\"><\/iframe><\/p>\n<blockquote class=\"wp-embedded-content\" data-secret=\"INYgX0AV65\"><p><a href=\"https:\/\/www.estrategiaconcursos.com.br\/blog\/analista-judiciario\/\">Analista Judici\u00e1rio: conhe\u00e7a minha carreira!<\/a><\/p><\/blockquote>\n<p><iframe loading=\"lazy\" class=\"wp-embedded-content\" sandbox=\"allow-scripts\" security=\"restricted\" style=\"position: absolute; clip: rect(1px, 1px, 1px, 1px);\" title=\"&#8220;Analista Judici\u00e1rio: conhe\u00e7a minha carreira!&#8221; &#8212; Estrat\u00e9gia Concursos\" src=\"https:\/\/www.estrategiaconcursos.com.br\/blog\/analista-judiciario\/embed\/#?secret=HrZn9Tu2TM#?secret=INYgX0AV65\" data-secret=\"INYgX0AV65\" width=\"500\" height=\"282\" frameborder=\"0\" marginwidth=\"0\" marginheight=\"0\" scrolling=\"no\"><\/iframe><\/p>\n<blockquote class=\"wp-embedded-content\" data-secret=\"fi6XEP5WgC\"><p><a href=\"https:\/\/www.estrategiaconcursos.com.br\/blog\/concursos-tribunais\/\">Concursos Tribunais: mais de 9,2 mil vagas previstas para 2024<\/a><\/p><\/blockquote>\n<p><iframe loading=\"lazy\" class=\"wp-embedded-content\" sandbox=\"allow-scripts\" security=\"restricted\" style=\"position: absolute; clip: rect(1px, 1px, 1px, 1px);\" title=\"&#8220;Concursos Tribunais: mais de 9,2 mil vagas previstas para 2024&#8221; &#8212; Estrat\u00e9gia Concursos\" src=\"https:\/\/www.estrategiaconcursos.com.br\/blog\/concursos-tribunais\/embed\/#?secret=bO9sakxMf4#?secret=fi6XEP5WgC\" data-secret=\"fi6XEP5WgC\" width=\"500\" height=\"282\" frameborder=\"0\" marginwidth=\"0\" marginheight=\"0\" scrolling=\"no\"><\/iframe><\/p>\n<p style=\"text-align: justify;\"><span style=\"color: #008000;\"><em>O Estrat\u00e9gia Concursos j\u00e1 lan\u00e7ou cursos focados no edital TRT 20. Nossos cursos cont\u00eam o conte\u00fado completo que ser\u00e1 cobrado na sua prova. S\u00e3o PDF\u00b4s e videoaulas, al\u00e9m de um f\u00f3rum de d\u00favidas exclusivo na \u00e1rea do aluno para voc\u00ea esclarecer pontos com seus professores. Confiamos tanto na qualidade da nossa equipe e dos nossos materiais que n\u00f3s temos uma pol\u00edtica de satisfa\u00e7\u00e3o garantida ou seu dinheiro de volta, em at\u00e9 30 dias e sem burocracia.<\/em> <em>Voc\u00ea n\u00e3o tem nada a perder, conhe\u00e7a nossos cursos!<\/em><\/span><\/p>\n<p style=\"text-align: justify;\"><strong><a style=\"color: #ff0000; text-decoration: underline;\" href=\"https:\/\/www.estrategiaconcursos.com.br\/cursosPorConcurso\/trt-20-regiao-sergipe\/\" target=\"_blank\" rel=\"noopener\">Conhe\u00e7a os nossos cursos completos para o TRT 20 (SE) clicando aqui.<\/a><\/strong><\/p>\n<p style=\"text-align: justify;\">Convido voc\u00eas a conhecerem os mapas mentais para o TRT 20:<\/p>\n<blockquote class=\"wp-embedded-content\" data-secret=\"xFcmETmjdR\"><p><a href=\"https:\/\/www.estrategiaconcursos.com.br\/blog\/mapas-mentais-trt-20\/\">Mapas mentais TRT 20 &#8211; Sergipe &#8211; mais uma novidade!<\/a><\/p><\/blockquote>\n<p><iframe loading=\"lazy\" class=\"wp-embedded-content\" sandbox=\"allow-scripts\" security=\"restricted\" style=\"position: absolute; clip: rect(1px, 1px, 1px, 1px);\" title=\"&#8220;Mapas mentais TRT 20 &#8211; Sergipe &#8211; mais uma novidade!&#8221; &#8212; Estrat\u00e9gia Concursos\" src=\"https:\/\/www.estrategiaconcursos.com.br\/blog\/mapas-mentais-trt-20\/embed\/#?secret=5jQLLrh2gI#?secret=xFcmETmjdR\" data-secret=\"xFcmETmjdR\" width=\"500\" height=\"282\" frameborder=\"0\" marginwidth=\"0\" marginheight=\"0\" scrolling=\"no\"><\/iframe><\/p>\n<p style=\"text-align: justify;\">Acesse, abaixo, o edital:<\/p>\n<p><strong><a href=\"https:\/\/dhg1h5j42swfq.cloudfront.net\/2016\/09\/21183251\/trt20_edital_abertura_20_09_2016_revisado_fcc_para_dou.pdf\">TRT 20 &#8211; Edital 2016<\/a><\/strong><\/p>\n<p style=\"text-align: justify;\"><strong>Veja abaixo\u00a0TUDO o que j\u00e1 sab\u00edamos sobre o concurso TRT 20.\u00a0Se voc\u00ea pretende se preparar para este certame, \u00e9 bom que tenha em m\u00e3os essas informa\u00e7\u00f5es tamb\u00e9m, que certamente v\u00e3o auxiliar no seu planejamento. Vamos l\u00e1?<\/strong><\/p>\n<p style=\"text-align: justify;\"><strong>1) A banca que vai organizar o edital do\u00a0TRT 20 de 2016 ser\u00e1 a Funda\u00e7\u00e3o Carlos Chagas (FCC)<\/strong><\/p>\n<p style=\"text-align: justify;\">No dia 16 de setembro, foi publicado no Di\u00e1rio Oficial da Uni\u00e3o, o Extrato de Dispensa de Licita\u00e7\u00e3o para a contrata\u00e7\u00e3o da Funda\u00e7\u00e3o Carlos Chagas (FCC) como banca organizadora do pr\u00f3ximo concurso TRT 20. A assinatura do contrato \u00e9 mais um passo rumo ao pr\u00f3ximo certame. Veja o Extrato de Dispensa na \u00edntegra:<\/p>\n<p style=\"text-align: justify;\"><img loading=\"lazy\" decoding=\"async\" class=\"alignnone wp-image-49680\" src=\"https:\/\/dhg1h5j42swfq.cloudfront.net\/2016\/09\/16095240\/trt-20.png\" alt=\"Concurso trt 20\" width=\"450\" height=\"339\" srcset=\"https:\/\/dhg1h5j42swfq.cloudfront.net\/2016\/09\/16095240\/trt-20.png 682w, https:\/\/dhg1h5j42swfq.cloudfront.net\/2016\/09\/16095240\/trt-20.png 300w, https:\/\/dhg1h5j42swfq.cloudfront.net\/2016\/09\/16095240\/trt-20.png 398w\" sizes=\"auto, (max-width: 450px) 100vw, 450px\" \/><\/p>\n<p style=\"text-align: justify;\"><span style=\"color: #000000;\">Apesar de ter sido publicado oficialmente dia 16, o contrato com a banca organizadora Funda\u00e7\u00e3o Carlos Chagas\u00a0foi assinado no dia 6 de setembro.<\/span><\/p>\n<p style=\"text-align: justify;\"><span style=\"color: #000000;\">A expectativa\u00a0\u00e9 de que o edital seja publicado nos pr\u00f3ximos meses e embora n\u00e3o haja nenhum cronograma, em breve a FCC ir\u00e1 realizar a entrega do edital. <\/span><\/p>\n<p style=\"text-align: justify;\"><span style=\"color: #000000;\">De acordo com a Assessoria de Comunica\u00e7\u00e3o do TRT 20, a comiss\u00e3o do concurso est\u00e1 trabalhando para agilizar a publica\u00e7\u00e3o, devido ao interesse de realizar a sele\u00e7\u00e3o o quanto antes.<\/span><\/p>\n<p style=\"text-align: justify;\">Veja a nota informativa do Tribunal Regional do Trabalho da 20\u00aa regi\u00e3o (publicada no dia 16) sobre o andamento dos trabalhos para a execu\u00e7\u00e3o do pr\u00f3ximo concurso:<\/p>\n<p style=\"text-align: justify;\"><img loading=\"lazy\" decoding=\"async\" class=\"alignnone wp-image-49777 size-full\" src=\"https:\/\/dhg1h5j42swfq.cloudfront.net\/2016\/09\/17080635\/concurso-trt-20.jpg\" alt=\"concurso trt 20\" width=\"960\" height=\"418\" srcset=\"https:\/\/dhg1h5j42swfq.cloudfront.net\/2016\/09\/17080635\/concurso-trt-20.jpg 960w, https:\/\/dhg1h5j42swfq.cloudfront.net\/2016\/09\/17080635\/concurso-trt-20.jpg 300w, https:\/\/dhg1h5j42swfq.cloudfront.net\/2016\/09\/17080635\/concurso-trt-20.jpg 768w, https:\/\/dhg1h5j42swfq.cloudfront.net\/2016\/09\/17080635\/concurso-trt-20.jpg 500w\" sizes=\"auto, (max-width: 960px) 100vw, 960px\" \/><\/p>\n<p style=\"text-align: justify;\">Recapitulando o hist\u00f3rico deste concurso:<\/p>\n<ul style=\"text-align: justify;\">\n<li style=\"text-align: justify;\">no final de Mar\u00e7o\/2016 foi autorizada a abertura do novo concurso p\u00fablico do TRT 20, tendo em vista que o \u00faltimo concurso teve seu prazo de validade expirado em Janeiro\/2016. Trata-se desta resolu\u00e7\u00e3o:<\/li>\n<\/ul>\n<p style=\"text-align: justify;\"><a href=\"https:\/\/dhg1h5j42swfq.cloudfront.net\/2016\/06\/26220028\/autorizaconcurso.png\" rel=\"attachment wp-att-42228\"><img loading=\"lazy\" decoding=\"async\" class=\"aligncenter size-medium wp-image-42228\" src=\"https:\/\/dhg1h5j42swfq.cloudfront.net\/2016\/06\/26220028\/autorizaconcurso.png\" alt=\"edital TRT 20 SE\" width=\"300\" height=\"141\" srcset=\"https:\/\/dhg1h5j42swfq.cloudfront.net\/2016\/06\/26220028\/autorizaconcurso.png 491w, https:\/\/dhg1h5j42swfq.cloudfront.net\/2016\/06\/26220028\/autorizaconcurso.png 300w\" sizes=\"auto, (max-width: 300px) 100vw, 300px\" \/><\/a><\/p>\n<ul style=\"text-align: justify;\">\n<li style=\"text-align: justify;\">Em 08\/Abril foi formada a Comiss\u00e3o do novo concurso. Esta comiss\u00e3o finalizou o projeto b\u00e1sico do concurso, que foi aprovado pelo Desembargador Presidente do TRT 20 em 15\/Junho.<\/li>\n<\/ul>\n<p style=\"text-align: justify;\"><strong>2) Os cargos que ser\u00e3o contemplados no pr\u00f3ximo concurso<\/strong><\/p>\n<p style=\"text-align: justify;\">De acordo com o Projeto B\u00e1sico assinado pelo presidente do TRT 20, o pr\u00f3ximo edital oferecer\u00e1 vagas para os cargos de:<\/p>\n<ul style=\"text-align: justify;\">\n<li>Oficial de Justi\u00e7a (graduados em Direito)<\/li>\n<li>Analista Judici\u00e1rio &#8211; \u00c1rea Judici\u00e1ria (graduados em Direito)<\/li>\n<li>Analista Judici\u00e1rio &#8211; \u00c1rea Administrativa (qualquer gradua\u00e7\u00e3o superior)<\/li>\n<li>Analistas das \u00e1reas de Contabilidade, Estat\u00edstica, Comunica\u00e7\u00e3o Social, Enfermagem, Engenharia Civil, Fisioterapia, Medicina do Trabalho, Odontologia (cada um com forma\u00e7\u00e3o superior na respectiva \u00e1rea)<\/li>\n<li>T\u00e9cnico Judici\u00e1rio &#8211; \u00c1rea Administrativa (n\u00edvel m\u00e9dio)<\/li>\n<li>T\u00e9cnico Judici\u00e1rio &#8211; Seguran\u00e7a (n\u00edvel m\u00e9dio e CNH categoria D ou E), Enfermagem (n\u00edvel m\u00e9dio e curso t\u00e9cnico de enfermagem), Tecnologia da Informa\u00e7\u00e3o (n\u00edvel m\u00e9dio e curso de programa\u00e7\u00e3o).<\/li>\n<\/ul>\n<p style=\"text-align: justify;\"><strong>3) Os sal\u00e1rios iniciais<\/strong><\/p>\n<p style=\"text-align: justify;\">Para o cargo de Oficial de Justi\u00e7a, a remunera\u00e7\u00e3o inicial \u00e9 de R$ 11.822,75. Para os demais cargos de n\u00edvel superior (Analista), o valor \u00e9 de R$10.120, e para os cargos de n\u00edvel m\u00e9dio (T\u00e9cnico) a remunera\u00e7\u00e3o inicial \u00e9 de R$ 6.168. Nesta remunera\u00e7\u00e3o j\u00e1 est\u00e3o inclu\u00eddos o vencimento, a gratifica\u00e7\u00e3o de atividade judici\u00e1ria (GAJ), gratifica\u00e7\u00e3o de atividade externa (que explica a diferen\u00e7a para o cargo de Oficial de Justi\u00e7a), vantagens individuais e o reajuste salarial dos servidores do Poder Judici\u00e1rio at\u00e9 novembro\/2016.<\/p>\n<p style=\"text-align: justify;\"><strong>4) Todos os cargos ter\u00e3o provas objetivas e tamb\u00e9m provas discursivas<\/strong><\/p>\n<p style=\"text-align: justify;\">\u00c9 isso mesmo!<strong>\u00a0<\/strong>A \u00fanica exce\u00e7\u00e3o \u00e9 o T\u00e9cnico com especializa\u00e7\u00e3o em Seguran\u00e7a, que ter\u00e1 prova Pr\u00e1tica no lugar da Discursiva. Todos os demais cargos ter\u00e3o provas objetivas e discursivas.<\/p>\n<p style=\"text-align: justify;\">As provas objetivas ter\u00e3o 20 quest\u00f5es de Conhecimentos Gerais, 40 de Conhecimentos Espec\u00edficos. J\u00e1 as provas discursivas variam conforme o cargo. Veja:<\/p>\n<ul style=\"text-align: justify;\">\n<li>T\u00e9cnico Judici\u00e1rio &#8211; \u00c1rea Administrativa: disserta\u00e7\u00e3o sobre tema de interesse geral;<\/li>\n<li>Analista Judici\u00e1rio &#8211; \u00c1rea Administrativa: disserta\u00e7\u00e3o sobre tema de interesse geral;<\/li>\n<li>Demais Analistas (inclusive o da \u00c1rea Judici\u00e1ria): 2 estudos de caso a serem respondidos em at\u00e9 20 linhas, sobre os temas de conhecimentos espec\u00edficos;<\/li>\n<\/ul>\n<p style=\"text-align: justify;\">As provas objetivas e discursivas ser\u00e3o eliminat\u00f3rias e classificat\u00f3rias, ou seja: n\u00e3o basta fazer o m\u00ednimo para n\u00e3o ser eliminado, \u00e9 preciso mandar bem em todas as provas.<\/p>\n<p style=\"text-align: justify;\"><strong><a style=\"color: #ff0000; text-decoration: underline;\" href=\"https:\/\/www.estrategiaconcursos.com.br\/cursosPorConcurso\/trt-20-regiao-sergipe\/\" target=\"_blank\" rel=\"noopener\">Conhe\u00e7a os nossos cursos completos para o TRT 20 (SE) clicando aqui.<\/a><\/strong><\/p>\n<p style=\"text-align: justify;\"><strong>5) As mat\u00e9rias que ser\u00e3o cobradas nas provas de Conhecimentos Gerais<\/strong><\/p>\n<p style=\"text-align: justify;\">O projeto b\u00e1sico definiu quais s\u00e3o as mat\u00e9rias a serem cobradas nas provas de conhecimentos gerais. Veja a seguir:<\/p>\n<ul style=\"text-align: justify;\">\n<li><strong>T\u00e9cnico Judici\u00e1rio (\u00c1rea Administrativa):<\/strong> Portugu\u00eas, Inform\u00e1tica e Racioc\u00ednio L\u00f3gico.<\/li>\n<li><strong>Analista Judici\u00e1rio (\u00c1rea Administrativa, \u00c1rea Judici\u00e1ria, Oficial de Justi\u00e7a):<\/strong> Portugu\u00eas, Inform\u00e1tica e Racioc\u00ednio L\u00f3gico.<\/li>\n<li><strong>Demais cargos:<\/strong> Portugu\u00eas, Inform\u00e1tica, Direito Administrativo.<\/li>\n<\/ul>\n<p style=\"text-align: justify;\">Repare que RACIOC\u00cdNIO L\u00d3GICO \u00e9 uma grande novidade. Essa mat\u00e9ria n\u00e3o havia sido cobrada no concurso de 2011 do TRT 20. Mas, a exemplo de\u00a0diversos concursos de TRT recentes (como o TRT\/4 2015, TRT\/9 2015, TRT\/14 2016), ser\u00e1 exigida para os principais cargos no concurso de 2016.<\/p>\n<p style=\"text-align: justify;\"><strong>6) Ser\u00e1 poss\u00edvel\u00a0concorrer tanto para T\u00e9cnico como para Analista<\/strong><\/p>\n<p style=\"text-align: justify;\">As provas de T\u00e9cnico e Analista ocorrer\u00e3o em turnos diferentes: de manh\u00e3 ser\u00e3o\u00a0as provas para os cargos com um n\u00edvel de forma\u00e7\u00e3o (m\u00e9dio ou superior), e de tarde ser\u00e3o as provas para os cargos com o outro n\u00edvel de forma\u00e7\u00e3o. Assim, caso voc\u00ea pretenda prestar para Analista e para T\u00e9cnico, trate de j\u00e1 preparar o seu cronograma de estudos para abarcar as mat\u00e9rias de ambos os cargos!<\/p>\n<p style=\"text-align: justify;\"><span style=\"color: #008000;\"><em>Voc\u00ea j\u00e1 conhece o Informativo Estrat\u00e9gico? Veja essa novidade que preparamos para voc\u00eas: informativos do STF e STJ comentados pela equipe de professores do Estrat\u00e9gia.<\/em><\/span><\/p>\n<p style=\"text-align: justify;\"><a href=\"https:\/\/www.estrategiaconcursos.com.br\/blog\/informativo-stj\/\">Informativo STJ<\/a><\/p>\n<p style=\"text-align: justify;\"><a href=\"https:\/\/www.estrategiaconcursos.com.br\/blog\/informativo-stf\/\">Informativo STF<\/a><\/p>\n<p style=\"text-align: justify;\"><strong><span style=\"color: #ff0000;\">Seja meu seguidor o INSTAGRAM e acompanhe todas as novidades em primeira m\u00e3o! Basta clicar na figura:<\/span><\/strong><\/p>\n<p style=\"text-align: justify;\"><a href=\"http:\/\/www.instagram.com\/profarthurlima\" target=\"_blank\" rel=\"noopener\"><img loading=\"lazy\" decoding=\"async\" class=\"wp-image-45743 size-medium aligncenter\" src=\"https:\/\/dhg1h5j42swfq.cloudfront.net\/2016\/08\/08104857\/instagram.jpeg\" alt=\"instagram\" width=\"300\" height=\"219\" srcset=\"https:\/\/dhg1h5j42swfq.cloudfront.net\/2016\/08\/08104857\/instagram.jpeg 880w, https:\/\/dhg1h5j42swfq.cloudfront.net\/2016\/08\/08104857\/instagram.jpeg 300w, https:\/\/dhg1h5j42swfq.cloudfront.net\/2016\/08\/08104857\/instagram.jpeg 768w, https:\/\/dhg1h5j42swfq.cloudfront.net\/2016\/08\/08104857\/instagram.jpeg 411w\" sizes=\"auto, (max-width: 300px) 100vw, 300px\" \/><\/a><\/p>\n<p style=\"text-align: justify;\"><strong>7) Quantidade de provas discursivas que ser\u00e3o corrigidas<\/strong><\/p>\n<p style=\"text-align: justify;\">Veja na tabela abaixo as quantidades de provas discursivas que ser\u00e3o corrigidas para cada cargo. Ou seja, voc\u00ea precisa ficar dentro dessas posi\u00e7\u00f5es nas provas objetivas, para ter direito \u00e0 corre\u00e7\u00e3o da sua prova discursiva:<\/p>\n<p style=\"text-align: justify;\"><a href=\"https:\/\/dhg1h5j42swfq.cloudfront.net\/2016\/06\/26224404\/classificados.png\" rel=\"attachment wp-att-42229\"><img loading=\"lazy\" decoding=\"async\" class=\"aligncenter size-medium wp-image-42229\" src=\"https:\/\/dhg1h5j42swfq.cloudfront.net\/2016\/06\/26224404\/classificados.png\" alt=\"edital TRT 20 SE\" width=\"300\" height=\"165\" srcset=\"https:\/\/dhg1h5j42swfq.cloudfront.net\/2016\/06\/26224404\/classificados.png 710w, https:\/\/dhg1h5j42swfq.cloudfront.net\/2016\/06\/26224404\/classificados.png 300w, https:\/\/dhg1h5j42swfq.cloudfront.net\/2016\/06\/26224404\/classificados.png 500w\" sizes=\"auto, (max-width: 300px) 100vw, 300px\" \/><\/a><\/p>\n<p style=\"text-align: justify;\">Para os candidatos com defici\u00eancia, vale dizer que ser\u00e3o corrigidas todas as provas discursivas daqueles que tiverem sido habilitados nas provas objetivas (isto \u00e9, feito a nota m\u00ednima).<\/p>\n<p style=\"text-align: justify;\"><strong><a style=\"color: #ff0000; text-decoration: underline;\" href=\"https:\/\/www.estrategiaconcursos.com.br\/cursosPorConcurso\/trt-20-regiao-sergipe\/\" target=\"_blank\" rel=\"noopener\">Conhe\u00e7a os nossos cursos completos para o TRT 20 (SE) clicando aqui.<\/a><\/strong><\/p>\n<p style=\"text-align: justify;\"><strong>8) O concurso ter\u00e1 validade de 2 anos, prorrog\u00e1vel por\u00a0mais 2 anos<\/strong><\/p>\n<p style=\"text-align: justify;\">Assim como ocorreu no concurso de 2011, este concurso deve permitir a nomea\u00e7\u00e3o de candidatos ao longo dos pr\u00f3ximos 4 anos. Assim, certamente ser\u00e3o chamados muito mais candidatos do que aquelas vagas previstas no edital. Esta \u00e9 a tradi\u00e7\u00e3o nos concursos de Tribunais.<\/p>\n<p style=\"text-align: justify;\">No \u00faltimo concurso do TRT 20, nenhum cargo tinha vaga, com exce\u00e7\u00e3o do T\u00e9cnico Judici\u00e1rio &#8211; \u00c1rea Administrativa, que tinha apenas 3 vagas. O restante era para forma\u00e7\u00e3o de cadastro de reserva.\u00a0Veja a classifica\u00e7\u00e3o do \u00faltimo nomeado em cada cargo do \u00faltimo concurso:<\/p>\n<ul style=\"text-align: justify;\">\n<li>T\u00e9cnico Judici\u00e1rio &#8211; \u00c1rea Administrativa: 81\u00aa<\/li>\n<li>Analista Judici\u00e1rio &#8211; \u00c1rea Judici\u00e1ria: 26\u00aa<\/li>\n<li>Oficial de Justi\u00e7a: 5\u00aa<\/li>\n<\/ul>\n<p style=\"text-align: justify;\">Portanto, n\u00e3o se iluda com as vagas presentes no edital! Os tribunais tem tradi\u00e7\u00e3o de chamar bem mais candidatos, devido ao grande n\u00famero de vac\u00e2ncias que ocorrem ao longo dos anos!<\/p>\n<p style=\"text-align: justify;\">***********************************************************************<\/p>\n<p style=\"text-align: justify;\">Essas s\u00e3o as informa\u00e7\u00f5es que temos at\u00e9 agora. Repare que este concurso deve ser bastante concorrido: o TRT 20 espera um total de 42.000 candidatos. Este n\u00famero \u00e9 quase o dobro da quantidade de inscritos em 2011 (22.000). S\u00e3o esperados 15.000 candidatos para os cargos de n\u00edvel superior e 27.000 para os cargos de n\u00edvel m\u00e9dio. Portanto, se voc\u00ea quer ser aprovado, precisar\u00e1 estudar com muita disciplina, planejamento e objetividade. E precisar\u00e1 usar materiais de qualidade, focados no seu edital e na sua banca. O Estrat\u00e9gia Concursos j\u00e1 lan\u00e7ou cursos para todos os cargos! Os cursos s\u00e3o em v\u00eddeo e tamb\u00e9m em PDF, e cont\u00e9m centenas quest\u00f5es (todas elas resolvidas pelo professor), dando especial aten\u00e7\u00e3o \u00e0s quest\u00f5es da banca FCC. <span style=\"text-decoration: underline;\"><span style=\"color: #ff0000;\"><strong><a style=\"color: #ff0000; text-decoration: underline;\" href=\"https:\/\/www.estrategiaconcursos.com.br\/cursosPorConcurso\/trt-20-regiao-sergipe\/\" target=\"_blank\" rel=\"noopener\">Conhe\u00e7a as aulas demonstrativas dos nossos cursos para o TRT 20 (SE) clicando aqui.<\/a><\/strong><\/span><\/span><\/p>\n<p style=\"text-align: justify;\">Fico por aqui. Qualquer d\u00favida entre em contato comigo.<\/p>\n<p style=\"text-align: justify;\"><a href=\"https:\/\/dhg1h5j42swfq.cloudfront.net\/2016\/08\/22104607\/Edital_trt20_final.pdf\">Edital_TRT 20<\/a><\/p>\n<p style=\"text-align: justify;\">Sauda\u00e7\u00f5es,<\/p>\n<p style=\"text-align: justify;\">Prof. Arthur Lima<\/p>\n<p style=\"text-align: justify;\"><span style=\"color: #0000ff;\"><strong><em>Curta minha p\u00e1gina no Facebook:\u00a0<\/em><span style=\"text-decoration: underline;\"><a style=\"color: #0000ff; text-decoration: underline;\" href=\"http:\/\/www.facebook.com\/ProfArthurLima\" target=\"_blank\" rel=\"noopener\">www.facebook.com\/ProfArthurLima<\/a><\/span><\/strong><\/span><\/p>\n","protected":false},"excerpt":{"rendered":"<p>Edital TRT 20 (SE) &#8211; publicado o edital! Ol\u00e1 pessoal! O edital do Tribunal Regional do Trabalho da 20\u00aa Regi\u00e3o \/ Sergipe (edital TRT 20 SE) \u00a0foi publicado 21 de Setembro. Como anunciado em outras oportunidades, o certame\u00a0ser\u00e1 realizado pela Funda\u00e7\u00e3o Carlos Chagas (FCC). As inscri\u00e7\u00f5es podem ser realizadas pelo site da\u00a0FCC\u00a0de 26 de setembro [&hellip;]<\/p>\n","protected":false},"author":48,"featured_media":42230,"comment_status":"open","ping_status":"open","sticky":false,"template":"","format":"standard","meta":{"post_tipo":"article","footnotes":""},"categories":[1,1984],"tags":[48,1535,1902],"tax_estado":[],"class_list":["post-42223","post","type-post","status-publish","format-standard","has-post-thumbnail","hentry","category-cursos-e-concursos","category-tribunais","tag-edital","tag-trt-20","tag-trt-se"],"acf":[],"yoast_head":"<!-- This site is optimized with the Yoast SEO Premium plugin v27.2 (Yoast SEO v27.2) - https:\/\/yoast.com\/product\/yoast-seo-premium-wordpress\/ -->\n<title>Edital TRT 20 (SE): publicado! Veja a an\u00e1lise completa!<\/title>\n<meta name=\"description\" content=\"Edital TRT 20: an\u00e1lise completa do certame 2016!\" \/>\n<meta name=\"robots\" content=\"index, follow, max-snippet:-1, max-image-preview:large, max-video-preview:-1\" \/>\n<link rel=\"canonical\" href=\"https:\/\/www.estrategiaconcursos.com.br\/blog\/edital-trt-20-se-analise-completa\/\" \/>\n<meta property=\"og:locale\" content=\"pt_BR\" \/>\n<meta property=\"og:type\" content=\"article\" \/>\n<meta property=\"og:title\" content=\"Edital TRT 20 (SE): publicado! Veja a an\u00e1lise completa!\" \/>\n<meta property=\"og:description\" content=\"Edital TRT 20: an\u00e1lise completa do certame 2016!\" \/>\n<meta property=\"og:url\" content=\"https:\/\/www.estrategiaconcursos.com.br\/blog\/edital-trt-20-se-analise-completa\/\" \/>\n<meta property=\"og:site_name\" content=\"Estrat\u00e9gia Concursos\" \/>\n<meta property=\"article:published_time\" content=\"2014-09-23T08:30:34+00:00\" \/>\n<meta property=\"article:modified_time\" content=\"2022-10-24T21:32:24+00:00\" \/>\n<meta property=\"og:image\" content=\"https:\/\/dhg1h5j42swfq.cloudfront.net\/2016\/06\/26231042\/TRT-20.jpg\" \/>\n\t<meta property=\"og:image:width\" content=\"1050\" \/>\n\t<meta property=\"og:image:height\" content=\"525\" \/>\n\t<meta property=\"og:image:type\" content=\"image\/jpeg\" \/>\n<meta name=\"author\" content=\"Coordena\u00e7\u00e3o\" \/>\n<meta name=\"twitter:card\" content=\"summary_large_image\" \/>\n<meta name=\"twitter:creator\" content=\"@EstratConcursos\" \/>\n<meta name=\"twitter:site\" content=\"@EstratConcursos\" \/>\n<meta name=\"twitter:label1\" content=\"Escrito por\" \/>\n\t<meta name=\"twitter:data1\" content=\"Coordena\u00e7\u00e3o\" \/>\n\t<meta name=\"twitter:label2\" content=\"Est. tempo de leitura\" \/>\n\t<meta name=\"twitter:data2\" content=\"10 minutos\" \/>\n<script type=\"application\/ld+json\" class=\"yoast-schema-graph\">{\"@context\":\"https:\/\/schema.org\",\"@graph\":[{\"@type\":\"NewsArticle\",\"@id\":\"https:\/\/www.estrategiaconcursos.com.br\/blog\/edital-trt-20-se-analise-completa\/#article\",\"isPartOf\":{\"@id\":\"https:\/\/www.estrategiaconcursos.com.br\/blog\/edital-trt-20-se-analise-completa\/\"},\"author\":{\"name\":\"Coordena\u00e7\u00e3o\",\"@id\":\"https:\/\/www.estrategiaconcursos.com.br\/blog\/#\/schema\/person\/cdad40b5818eb228a838461fcd656da7\"},\"headline\":\"Edital TRT 20 (SE): publicado! Veja a an\u00e1lise completa!\",\"datePublished\":\"2014-09-23T08:30:34+00:00\",\"dateModified\":\"2022-10-24T21:32:24+00:00\",\"mainEntityOfPage\":{\"@id\":\"https:\/\/www.estrategiaconcursos.com.br\/blog\/edital-trt-20-se-analise-completa\/\"},\"wordCount\":2094,\"commentCount\":2,\"publisher\":{\"@id\":\"https:\/\/www.estrategiaconcursos.com.br\/blog\/#organization\"},\"image\":{\"@id\":\"https:\/\/www.estrategiaconcursos.com.br\/blog\/edital-trt-20-se-analise-completa\/#primaryimage\"},\"thumbnailUrl\":\"https:\/\/dhg1h5j42swfq.cloudfront.net\/2016\/06\/26231042\/TRT-20.jpg\",\"keywords\":[\"edital\",\"TRT 20\",\"TRT SE\"],\"articleSection\":[\"Concursos P\u00fablicos\",\"Tribunais\"],\"inLanguage\":\"pt-BR\",\"potentialAction\":[{\"@type\":\"CommentAction\",\"name\":\"Comment\",\"target\":[\"https:\/\/www.estrategiaconcursos.com.br\/blog\/edital-trt-20-se-analise-completa\/#respond\"]}],\"copyrightYear\":\"2014\",\"copyrightHolder\":{\"@id\":\"https:\/\/www.estrategiaconcursos.com.br\/blog\/#organization\"}},{\"@type\":\"WebPage\",\"@id\":\"https:\/\/www.estrategiaconcursos.com.br\/blog\/edital-trt-20-se-analise-completa\/\",\"url\":\"https:\/\/www.estrategiaconcursos.com.br\/blog\/edital-trt-20-se-analise-completa\/\",\"name\":\"Edital TRT 20 (SE): publicado! Veja a an\u00e1lise completa!\",\"isPartOf\":{\"@id\":\"https:\/\/www.estrategiaconcursos.com.br\/blog\/#website\"},\"primaryImageOfPage\":{\"@id\":\"https:\/\/www.estrategiaconcursos.com.br\/blog\/edital-trt-20-se-analise-completa\/#primaryimage\"},\"image\":{\"@id\":\"https:\/\/www.estrategiaconcursos.com.br\/blog\/edital-trt-20-se-analise-completa\/#primaryimage\"},\"thumbnailUrl\":\"https:\/\/dhg1h5j42swfq.cloudfront.net\/2016\/06\/26231042\/TRT-20.jpg\",\"datePublished\":\"2014-09-23T08:30:34+00:00\",\"dateModified\":\"2022-10-24T21:32:24+00:00\",\"description\":\"Edital TRT 20: an\u00e1lise completa do certame 2016!\",\"breadcrumb\":{\"@id\":\"https:\/\/www.estrategiaconcursos.com.br\/blog\/edital-trt-20-se-analise-completa\/#breadcrumb\"},\"inLanguage\":\"pt-BR\",\"potentialAction\":[{\"@type\":\"ReadAction\",\"target\":[\"https:\/\/www.estrategiaconcursos.com.br\/blog\/edital-trt-20-se-analise-completa\/\"]}]},{\"@type\":\"ImageObject\",\"inLanguage\":\"pt-BR\",\"@id\":\"https:\/\/www.estrategiaconcursos.com.br\/blog\/edital-trt-20-se-analise-completa\/#primaryimage\",\"url\":\"https:\/\/dhg1h5j42swfq.cloudfront.net\/2016\/06\/26231042\/TRT-20.jpg\",\"contentUrl\":\"https:\/\/dhg1h5j42swfq.cloudfront.net\/2016\/06\/26231042\/TRT-20.jpg\",\"width\":1050,\"height\":525},{\"@type\":\"BreadcrumbList\",\"@id\":\"https:\/\/www.estrategiaconcursos.com.br\/blog\/edital-trt-20-se-analise-completa\/#breadcrumb\",\"itemListElement\":[{\"@type\":\"ListItem\",\"position\":1,\"name\":\"In\u00edcio\",\"item\":\"https:\/\/www.estrategiaconcursos.com.br\/blog\/\"},{\"@type\":\"ListItem\",\"position\":2,\"name\":\"Edital TRT 20 (SE): publicado! Veja a an\u00e1lise completa!\"}]},{\"@type\":\"WebSite\",\"@id\":\"https:\/\/www.estrategiaconcursos.com.br\/blog\/#website\",\"url\":\"https:\/\/www.estrategiaconcursos.com.br\/blog\/\",\"name\":\"Estrat\u00e9gia Concursos\",\"description\":\"O blog da Estrat\u00e9gia Concursos traz not\u00edcias sobre concursos e artigos de professores oferecendo cursos para concursos (pdf + videaulas) no site.\",\"publisher\":{\"@id\":\"https:\/\/www.estrategiaconcursos.com.br\/blog\/#organization\"},\"potentialAction\":[{\"@type\":\"SearchAction\",\"target\":{\"@type\":\"EntryPoint\",\"urlTemplate\":\"https:\/\/www.estrategiaconcursos.com.br\/blog\/?s={search_term_string}\"},\"query-input\":{\"@type\":\"PropertyValueSpecification\",\"valueRequired\":true,\"valueName\":\"search_term_string\"}}],\"inLanguage\":\"pt-BR\"},{\"@type\":\"Organization\",\"@id\":\"https:\/\/www.estrategiaconcursos.com.br\/blog\/#organization\",\"name\":\"Estrat\u00e9gia Concursos\",\"url\":\"https:\/\/www.estrategiaconcursos.com.br\/blog\/\",\"logo\":{\"@type\":\"ImageObject\",\"inLanguage\":\"pt-BR\",\"@id\":\"https:\/\/www.estrategiaconcursos.com.br\/blog\/#\/schema\/logo\/image\/\",\"url\":\"https:\/\/dhg1h5j42swfq.cloudfront.net\/2025\/06\/03203428\/logo_concursos-1.jpg\",\"contentUrl\":\"https:\/\/dhg1h5j42swfq.cloudfront.net\/2025\/06\/03203428\/logo_concursos-1.jpg\",\"width\":230,\"height\":60,\"caption\":\"Estrat\u00e9gia Concursos\"},\"image\":{\"@id\":\"https:\/\/www.estrategiaconcursos.com.br\/blog\/#\/schema\/logo\/image\/\"},\"sameAs\":[\"https:\/\/x.com\/EstratConcursos\"]},{\"@type\":\"Person\",\"@id\":\"https:\/\/www.estrategiaconcursos.com.br\/blog\/#\/schema\/person\/cdad40b5818eb228a838461fcd656da7\",\"name\":\"Coordena\u00e7\u00e3o\",\"image\":{\"@type\":\"ImageObject\",\"inLanguage\":\"pt-BR\",\"@id\":\"https:\/\/secure.gravatar.com\/avatar\/a413b22da0f5009c634f6c4586a2dbe5207074fd5becd88db5183b8069ef25e4?s=96&d=mm&r=g\",\"url\":\"https:\/\/secure.gravatar.com\/avatar\/a413b22da0f5009c634f6c4586a2dbe5207074fd5becd88db5183b8069ef25e4?s=96&d=mm&r=g\",\"contentUrl\":\"https:\/\/secure.gravatar.com\/avatar\/a413b22da0f5009c634f6c4586a2dbe5207074fd5becd88db5183b8069ef25e4?s=96&d=mm&r=g\",\"caption\":\"Coordena\u00e7\u00e3o\"},\"url\":\"https:\/\/www.estrategiaconcursos.com.br\/blog\/author\/contatoestrategiaconcursos-com-br\/\"}]}<\/script>\n<!-- \/ Yoast SEO Premium plugin. -->","yoast_head_json":{"title":"Edital TRT 20 (SE): publicado! Veja a an\u00e1lise completa!","description":"Edital TRT 20: an\u00e1lise completa do certame 2016!","robots":{"index":"index","follow":"follow","max-snippet":"max-snippet:-1","max-image-preview":"max-image-preview:large","max-video-preview":"max-video-preview:-1"},"canonical":"https:\/\/www.estrategiaconcursos.com.br\/blog\/edital-trt-20-se-analise-completa\/","og_locale":"pt_BR","og_type":"article","og_title":"Edital TRT 20 (SE): publicado! Veja a an\u00e1lise completa!","og_description":"Edital TRT 20: an\u00e1lise completa do certame 2016!","og_url":"https:\/\/www.estrategiaconcursos.com.br\/blog\/edital-trt-20-se-analise-completa\/","og_site_name":"Estrat\u00e9gia Concursos","article_published_time":"2014-09-23T08:30:34+00:00","article_modified_time":"2022-10-24T21:32:24+00:00","og_image":[{"width":1050,"height":525,"url":"https:\/\/dhg1h5j42swfq.cloudfront.net\/2016\/06\/26231042\/TRT-20.jpg","type":"image\/jpeg"}],"author":"Coordena\u00e7\u00e3o","twitter_card":"summary_large_image","twitter_creator":"@EstratConcursos","twitter_site":"@EstratConcursos","twitter_misc":{"Escrito por":"Coordena\u00e7\u00e3o","Est. tempo de leitura":"10 minutos"},"schema":{"@context":"https:\/\/schema.org","@graph":[{"@type":"NewsArticle","@id":"https:\/\/www.estrategiaconcursos.com.br\/blog\/edital-trt-20-se-analise-completa\/#article","isPartOf":{"@id":"https:\/\/www.estrategiaconcursos.com.br\/blog\/edital-trt-20-se-analise-completa\/"},"author":{"name":"Coordena\u00e7\u00e3o","@id":"https:\/\/www.estrategiaconcursos.com.br\/blog\/#\/schema\/person\/cdad40b5818eb228a838461fcd656da7"},"headline":"Edital TRT 20 (SE): publicado! Veja a an\u00e1lise completa!","datePublished":"2014-09-23T08:30:34+00:00","dateModified":"2022-10-24T21:32:24+00:00","mainEntityOfPage":{"@id":"https:\/\/www.estrategiaconcursos.com.br\/blog\/edital-trt-20-se-analise-completa\/"},"wordCount":2094,"commentCount":2,"publisher":{"@id":"https:\/\/www.estrategiaconcursos.com.br\/blog\/#organization"},"image":{"@id":"https:\/\/www.estrategiaconcursos.com.br\/blog\/edital-trt-20-se-analise-completa\/#primaryimage"},"thumbnailUrl":"https:\/\/dhg1h5j42swfq.cloudfront.net\/2016\/06\/26231042\/TRT-20.jpg","keywords":["edital","TRT 20","TRT SE"],"articleSection":["Concursos P\u00fablicos","Tribunais"],"inLanguage":"pt-BR","potentialAction":[{"@type":"CommentAction","name":"Comment","target":["https:\/\/www.estrategiaconcursos.com.br\/blog\/edital-trt-20-se-analise-completa\/#respond"]}],"copyrightYear":"2014","copyrightHolder":{"@id":"https:\/\/www.estrategiaconcursos.com.br\/blog\/#organization"}},{"@type":"WebPage","@id":"https:\/\/www.estrategiaconcursos.com.br\/blog\/edital-trt-20-se-analise-completa\/","url":"https:\/\/www.estrategiaconcursos.com.br\/blog\/edital-trt-20-se-analise-completa\/","name":"Edital TRT 20 (SE): publicado! Veja a an\u00e1lise completa!","isPartOf":{"@id":"https:\/\/www.estrategiaconcursos.com.br\/blog\/#website"},"primaryImageOfPage":{"@id":"https:\/\/www.estrategiaconcursos.com.br\/blog\/edital-trt-20-se-analise-completa\/#primaryimage"},"image":{"@id":"https:\/\/www.estrategiaconcursos.com.br\/blog\/edital-trt-20-se-analise-completa\/#primaryimage"},"thumbnailUrl":"https:\/\/dhg1h5j42swfq.cloudfront.net\/2016\/06\/26231042\/TRT-20.jpg","datePublished":"2014-09-23T08:30:34+00:00","dateModified":"2022-10-24T21:32:24+00:00","description":"Edital TRT 20: an\u00e1lise completa do certame 2016!","breadcrumb":{"@id":"https:\/\/www.estrategiaconcursos.com.br\/blog\/edital-trt-20-se-analise-completa\/#breadcrumb"},"inLanguage":"pt-BR","potentialAction":[{"@type":"ReadAction","target":["https:\/\/www.estrategiaconcursos.com.br\/blog\/edital-trt-20-se-analise-completa\/"]}]},{"@type":"ImageObject","inLanguage":"pt-BR","@id":"https:\/\/www.estrategiaconcursos.com.br\/blog\/edital-trt-20-se-analise-completa\/#primaryimage","url":"https:\/\/dhg1h5j42swfq.cloudfront.net\/2016\/06\/26231042\/TRT-20.jpg","contentUrl":"https:\/\/dhg1h5j42swfq.cloudfront.net\/2016\/06\/26231042\/TRT-20.jpg","width":1050,"height":525},{"@type":"BreadcrumbList","@id":"https:\/\/www.estrategiaconcursos.com.br\/blog\/edital-trt-20-se-analise-completa\/#breadcrumb","itemListElement":[{"@type":"ListItem","position":1,"name":"In\u00edcio","item":"https:\/\/www.estrategiaconcursos.com.br\/blog\/"},{"@type":"ListItem","position":2,"name":"Edital TRT 20 (SE): publicado! Veja a an\u00e1lise completa!"}]},{"@type":"WebSite","@id":"https:\/\/www.estrategiaconcursos.com.br\/blog\/#website","url":"https:\/\/www.estrategiaconcursos.com.br\/blog\/","name":"Estrat\u00e9gia Concursos","description":"O blog da Estrat\u00e9gia Concursos traz not\u00edcias sobre concursos e artigos de professores oferecendo cursos para concursos (pdf + videaulas) no site.","publisher":{"@id":"https:\/\/www.estrategiaconcursos.com.br\/blog\/#organization"},"potentialAction":[{"@type":"SearchAction","target":{"@type":"EntryPoint","urlTemplate":"https:\/\/www.estrategiaconcursos.com.br\/blog\/?s={search_term_string}"},"query-input":{"@type":"PropertyValueSpecification","valueRequired":true,"valueName":"search_term_string"}}],"inLanguage":"pt-BR"},{"@type":"Organization","@id":"https:\/\/www.estrategiaconcursos.com.br\/blog\/#organization","name":"Estrat\u00e9gia Concursos","url":"https:\/\/www.estrategiaconcursos.com.br\/blog\/","logo":{"@type":"ImageObject","inLanguage":"pt-BR","@id":"https:\/\/www.estrategiaconcursos.com.br\/blog\/#\/schema\/logo\/image\/","url":"https:\/\/dhg1h5j42swfq.cloudfront.net\/2025\/06\/03203428\/logo_concursos-1.jpg","contentUrl":"https:\/\/dhg1h5j42swfq.cloudfront.net\/2025\/06\/03203428\/logo_concursos-1.jpg","width":230,"height":60,"caption":"Estrat\u00e9gia Concursos"},"image":{"@id":"https:\/\/www.estrategiaconcursos.com.br\/blog\/#\/schema\/logo\/image\/"},"sameAs":["https:\/\/x.com\/EstratConcursos"]},{"@type":"Person","@id":"https:\/\/www.estrategiaconcursos.com.br\/blog\/#\/schema\/person\/cdad40b5818eb228a838461fcd656da7","name":"Coordena\u00e7\u00e3o","image":{"@type":"ImageObject","inLanguage":"pt-BR","@id":"https:\/\/secure.gravatar.com\/avatar\/a413b22da0f5009c634f6c4586a2dbe5207074fd5becd88db5183b8069ef25e4?s=96&d=mm&r=g","url":"https:\/\/secure.gravatar.com\/avatar\/a413b22da0f5009c634f6c4586a2dbe5207074fd5becd88db5183b8069ef25e4?s=96&d=mm&r=g","contentUrl":"https:\/\/secure.gravatar.com\/avatar\/a413b22da0f5009c634f6c4586a2dbe5207074fd5becd88db5183b8069ef25e4?s=96&d=mm&r=g","caption":"Coordena\u00e7\u00e3o"},"url":"https:\/\/www.estrategiaconcursos.com.br\/blog\/author\/contatoestrategiaconcursos-com-br\/"}]}},"_links":{"self":[{"href":"https:\/\/www.estrategiaconcursos.com.br\/blog\/wp-json\/wp\/v2\/posts\/42223","targetHints":{"allow":["GET"]}}],"collection":[{"href":"https:\/\/www.estrategiaconcursos.com.br\/blog\/wp-json\/wp\/v2\/posts"}],"about":[{"href":"https:\/\/www.estrategiaconcursos.com.br\/blog\/wp-json\/wp\/v2\/types\/post"}],"author":[{"embeddable":true,"href":"https:\/\/www.estrategiaconcursos.com.br\/blog\/wp-json\/wp\/v2\/users\/48"}],"replies":[{"embeddable":true,"href":"https:\/\/www.estrategiaconcursos.com.br\/blog\/wp-json\/wp\/v2\/comments?post=42223"}],"version-history":[{"count":15,"href":"https:\/\/www.estrategiaconcursos.com.br\/blog\/wp-json\/wp\/v2\/posts\/42223\/revisions"}],"predecessor-version":[{"id":1114989,"href":"https:\/\/www.estrategiaconcursos.com.br\/blog\/wp-json\/wp\/v2\/posts\/42223\/revisions\/1114989"}],"wp:featuredmedia":[{"embeddable":true,"href":"https:\/\/www.estrategiaconcursos.com.br\/blog\/wp-json\/wp\/v2\/media\/42230"}],"wp:attachment":[{"href":"https:\/\/www.estrategiaconcursos.com.br\/blog\/wp-json\/wp\/v2\/media?parent=42223"}],"wp:term":[{"taxonomy":"category","embeddable":true,"href":"https:\/\/www.estrategiaconcursos.com.br\/blog\/wp-json\/wp\/v2\/categories?post=42223"},{"taxonomy":"post_tag","embeddable":true,"href":"https:\/\/www.estrategiaconcursos.com.br\/blog\/wp-json\/wp\/v2\/tags?post=42223"},{"taxonomy":"tax_estado","embeddable":true,"href":"https:\/\/www.estrategiaconcursos.com.br\/blog\/wp-json\/wp\/v2\/tax_estado?post=42223"}],"curies":[{"name":"wp","href":"https:\/\/api.w.org\/{rel}","templated":true}]}}