{"id":422082,"date":"2019-09-23T00:00:11","date_gmt":"2019-09-23T03:00:11","guid":{"rendered":"https:\/\/www.estrategiaconcursos.com.br\/blog\/?p=422082"},"modified":"2019-11-08T17:37:43","modified_gmt":"2019-11-08T20:37:43","slug":"edital-prefeitura-cabreuva","status":"publish","type":"post","link":"https:\/\/www.estrategiaconcursos.com.br\/blog\/edital-prefeitura-cabreuva\/","title":{"rendered":"Concurso Prefeitura Cabre\u00fava: inscri\u00e7\u00f5es abertas; vagas para todos os n\u00edveis"},"content":{"rendered":"\n<p>Foi publicado o <strong>edital do concurso Prefeitura Cabre\u00fava<\/strong>, munic\u00edpio localizado no Estado de S\u00e3o Paulo. Sob organiza\u00e7\u00e3o do Instituto Mais, s\u00e3o ofertadas <strong>56 vagas<\/strong> para diversos cargos, com abrang\u00eancia de <em>n\u00edvel fundamental, m\u00e9dio, t\u00e9cnico e superior<\/em>.<\/p>\n\n\n\n<p>Os interessados em participar do certame, devem realizar as <em>inscri\u00e7\u00f5es <\/em>entre os dias <strong>23 de setembro e 25 de outubro<\/strong>, acessando o site da banca organizadora. Os valores da taxa foram determinados de acordo com o grau de escolaridade:<\/p>\n\n\n\n<ul class=\"wp-block-list\"><li><strong>Ensino Fundamental<\/strong>: <em>R$ 44,00<\/em><\/li><li><strong>Ensino M\u00e9dio e T\u00e9cnico<\/strong>: <em>R$ 56,00<\/em><\/li><li><strong>Ensino Superior<\/strong>: <em>R$ 69,00<\/em><\/li><\/ul>\n\n\n\n<p>Acompanhe este artigo e fique por dentro dos principais detalhes e informa\u00e7\u00f5es do concurso da Prefeitura de Cabre\u00fava. Confira os t\u00f3picos:<\/p>\n\n\n\n<ul class=\"wp-block-list\"><li><strong><em><a href=\"#principais-datas\">Principais datas<\/a><\/em><\/strong><\/li><li><strong><em><a href=\"#cargos-vagas\">Cargos e vagas<\/a><\/em><\/strong><\/li><li><strong><em><a href=\"#etapas-provas\">Etapas e provas<\/a><\/em><\/strong><\/li><li><strong><em><a href=\"#cursos-assinatura\">Cursos e assinatura ilimitada<\/a><\/em><\/strong><\/li><li><strong><em><a href=\"#ficha-tecnica\">Ficha t\u00e9cnica<\/a><\/em><\/strong><\/li><\/ul>\n\n\n\n<h2 class=\"wp-block-heading\" id=\"principais-datas\">Principais datas do concurso Prefeitura Cabre\u00fava<\/h2>\n\n\n\n<p class=\"has-background has-very-light-gray-background-color\"><strong>Inscri\u00e7\u00f5es<\/strong>: 23 de setembro a 25 de outubro<br \/><strong>Isen\u00e7\u00e3o da taxa<\/strong>: n\u00e3o haver\u00e1<br \/><strong>\u00daltimo dia para pagamento<\/strong>: 28 de outubro<br \/><strong>Provas<\/strong>: 01 de dezembro<\/p>\n\n\n\n<h2 class=\"wp-block-heading\" id=\"cargos-vagas\">Cargos e vagas do concurso Prefeitura Cabre\u00fava <\/h2>\n\n\n\n<h3 class=\"wp-block-heading\">N\u00edvel fundamental<\/h3>\n\n\n\n<table class=\"wp-block-table has-subtle-pale-blue-background-color has-fixed-layout has-background is-style-stripes\"><tbody><tr><td><strong>CARGO<\/strong><\/td><td><strong>VAGAS<\/strong><\/td><td><strong>REMUNERA\u00c7\u00c3O<\/strong><\/td><\/tr><tr><td> ELETRICISTA DE AUTO <\/td><td>1<\/td><td> R$ 1.426,23 <\/td><\/tr><tr><td> MEC\u00c2NICO DIESEL <\/td><td>1<\/td><td> R$ 1.578,26 <\/td><\/tr><tr><td> MOTORISTA II<\/td><td>5<\/td><td> R$ 1.814,89 <\/td><\/tr><tr><td> SERRALHEIRO <\/td><td>1<\/td><td> R$ 1.426,23 <\/td><\/tr><tr><td> INSPETOR DE ALUNOS <\/td><td>1<\/td><td> R$ 1.078,49 <\/td><\/tr><tr><td> MEC\u00c2NICO <\/td><td>1<\/td><td> R$ 1.578,26 <\/td><\/tr><\/tbody><\/table>\n\n\n\n<h3 class=\"wp-block-heading\"><br \/>N\u00edvel m\u00e9dio<\/h3>\n\n\n\n<table class=\"wp-block-table has-subtle-pale-blue-background-color has-fixed-layout has-background is-style-stripes\"><tbody><tr><td><strong>CARGO<\/strong><\/td><td><strong>VAGAS<\/strong><\/td><td><strong>REMUNERA\u00c7\u00c3O<\/strong><\/td><\/tr><tr><td> AGENTE DE FISCALIZA\u00c7\u00c3O <\/td><td>1<\/td><td> R$ 2.097,33 <\/td><\/tr><tr><td> AUXILIAR DE CONSULT\u00d3RIO ODONTOL\u00d3GICO <\/td><td>1<\/td><td> R$ 1.426,23 <\/td><\/tr><tr><td> AUXILIAR DE FARM\u00c1CIA <\/td><td>2<\/td><td> R$ 1.578,26 <\/td><\/tr><tr><td> VIGIA <\/td><td>5<\/td><td> R$ 1.078,49 <\/td><\/tr><\/tbody><\/table>\n\n\n\n<h3 class=\"wp-block-heading\"><br \/>N\u00edvel t\u00e9cnico<\/h3>\n\n\n\n<table class=\"wp-block-table has-subtle-pale-blue-background-color has-fixed-layout has-background is-style-stripes\"><tbody><tr><td><strong>CARGO<\/strong><\/td><td><strong>VAGAS<\/strong><\/td><td><strong>REMUNERA\u00c7\u00c3O<\/strong><\/td><\/tr><tr><td> AGENTE FISCAL DE OBRAS <\/td><td>2<\/td><td> R$ 2.097,33 <\/td><\/tr><tr><td> AUXILIAR DE ENFERMAGEM DO TRABALHO <\/td><td>1<\/td><td> R$ 1.814,89 <\/td><\/tr><tr><td> T\u00c9CNICO EM ENFERMAGEM <\/td><td>1<\/td><td> R$ 1.814,89 <\/td><\/tr><tr><td> T\u00c9CNICO EM INFORM\u00c1TICA <\/td><td>1<\/td><td> R$ 1.814,89 <\/td><\/tr><\/tbody><\/table>\n\n\n\n<h3 class=\"wp-block-heading\"><br \/>N\u00edvel superior<\/h3>\n\n\n\n<table class=\"wp-block-table has-subtle-pale-blue-background-color has-fixed-layout has-background is-style-stripes\"><tbody><tr><td><strong>CARGO<\/strong><\/td><td><strong>VAGAS<\/strong><\/td><td><strong>REMUNERA\u00c7\u00c3O<\/strong><\/td><\/tr><tr><td> ASSISTENTE SOCIAL <\/td><td>1<\/td><td> R$ 3.798,54 <\/td><\/tr><tr><td> BI\u00d3LOGO <\/td><td>1<\/td><td> R$ 3.262,55 <\/td><\/tr><tr><td> CONTADOR <\/td><td>1<\/td><td> R$ 6.820,14 <\/td><\/tr><tr><td> CONTROLADOR <\/td><td>1<\/td><td> R$ 7.830,20 <\/td><\/tr><tr><td> CORREGEDOR <\/td><td>1<\/td><td> R$ 6.820,14 <\/td><\/tr><tr><td> ENGENHEIRO DE SEGURAN\u00c7A DO TRABALHO <\/td><td>1<\/td><td> R$ 2.717,50 <\/td><\/tr><tr><td> M\u00c9DICO DO TRABALHO <\/td><td>1<\/td><td> R$ 5.220,13\/ <\/td><\/tr><tr><td> M\u00c9DICO II  <\/td><td>14<\/td><td> R$ 2.088,05 <\/td><\/tr><tr><td> M\u00c9DICO PLANTONISTA I \u2013 DIA <\/td><td>1<\/td><td> R$ 860,36\/ 12 horas por plant\u00e3o <\/td><\/tr><tr><td> M\u00c9DICO PLANTONISTA I \u2013 DIA \u2013 PEDIATRA <\/td><td>1<\/td><td> R$ 860,36\/ 12 horas por plant\u00e3o<\/td><\/tr><tr><td> M\u00c9DICO PLANTONISTA II \u2013 NOITE <\/td><td>1<\/td><td> R$ 941,71\/ 12 horas por plant\u00e3o <\/td><\/tr><tr><td> M\u00c9DICO PLANTONISTA II \u2013 NOITE \u2013 PEDIATRA <\/td><td>1<\/td><td> R$ 941,71\/ 12 horas por plant\u00e3o <\/td><\/tr><tr><td> ORIENTADOR SOCIAL <\/td><td>1<\/td><td> R$ 3.798,54<\/td><\/tr><tr><td> OUVIDOR <\/td><td>1<\/td><td> R$ 3.798,54<\/td><\/tr><tr><td> PROFESSOR DE DESENVOLVIMENTO INFANTIL <\/td><td>3<\/td><td> R$ 2.634,47 <\/td><\/tr><tr><td> PSIC\u00d3LOGO <\/td><td>1<\/td><td> R$ 5.435,04 <\/td><\/tr><tr><td> SUPERVISOR DE ENSINO <\/td><td>1<\/td><td> R$ 4.776,40 <\/td><\/tr><\/tbody><\/table>\n\n\n\n<p><br \/><strong>As especialidades do cargo de M\u00e9dico II s\u00e3o:<\/strong><\/p>\n\n\n\n<div class=\"wp-block-columns has-2-columns is-layout-flex wp-container-core-columns-is-layout-28f84493 wp-block-columns-is-layout-flex\">\n<div class=\"wp-block-column is-layout-flow wp-block-column-is-layout-flow\">\n<p>\u2022 CARDIOLOGISTA<br \/>\u2022 CL\u00cdNICO GERAL<br \/>\u2022 ENDOCRINOLOGISTA<br \/>\u2022 GASTROENTEROLOGISTA<br \/>\u2022 GINECOLOGISTA<br \/>\u2022 NEUROLOGISTA ADULTO<br \/>\u2022 NEUROLOGISTA INFANTIL<\/p>\n<\/div>\n\n\n\n<div class=\"wp-block-column is-layout-flow wp-block-column-is-layout-flow\">\n<p>\u2022 OFTALMOLOGISTA<br \/>\u2022 ORTOPEDISTA<br \/>\u2022 PEDIATRA<br \/>\u2022 PSIQUIATRA<br \/>\u2022 REUMATOLOGISTA<br \/>\u2022 UROLOGISTA<br \/>\u2022 VASCULAR<\/p>\n<\/div>\n<\/div>\n\n\n\n<h2 class=\"wp-block-heading\" id=\"etapas-provas\">Etapas e provas do concurso Prefeitura Cabre\u00fava <\/h2>\n\n\n\n<p>O concurso Prefeitura Cabre\u00fava constar\u00e1 de Prova Objetiva para todos os cargos e Prova Dissertativa, Prova de T\u00edtulos, Teste de Aptid\u00e3o F\u00edsica e Prova Pr\u00e1tica, a depender do cargo.<\/p>\n\n\n\n<p>A <strong>aplica\u00e7\u00e3o da Prova Objetiva<\/strong>, juntamente da Dissertativa e entrega dos T\u00edtulos, est\u00e1 prevista para <strong>01 de dezembro<\/strong>. As <em>demais provas<\/em> est\u00e3o previstas para acontecer em <strong>01 e\/ou 02 de fevereiro de 2020<\/strong>.<\/p>\n\n\n\n<p>A Prova Objetiva, de car\u00e1ter eliminat\u00f3rio e classificat\u00f3rio, ser\u00e1 composta de quest\u00f5es de m\u00faltipla escolha, com 04 alternativas cada, que ter\u00e1 uma \u00fanica resposta correta. Ser\u00e1 avaliada na escala de 0 a 100 pontos.<\/p>\n\n\n\n<ul class=\"wp-block-list\"><li><strong>Eletricista de Auto, Mec\u00e2nico Diesel, Serralheiro, Mec\u00e2nico e Motorista II:<\/strong><ul><li>Prova Objetiva<\/li><li>Prova Pr\u00e1tica<\/li><\/ul><\/li><\/ul>\n\n\n\n<ul class=\"wp-block-list\"><li><strong>Inspetor de Alunos, Agente de Fiscaliza\u00e7\u00e3o, Agente Fiscal de Obras, Auxiliar de Consult\u00f3rio Odontol\u00f3gico, Auxiliar de Enfermagem do Trabalho, Auxiliar de Farm\u00e1cia, T\u00e9cnico em Enfermagem e T\u00e9cnico em Inform\u00e1tica:<\/strong><ul><li>Prova Objetiva<\/li><\/ul><\/li><\/ul>\n\n\n\n<ul class=\"wp-block-list\"><li><strong>Vigia:<\/strong><ul><li>Prova Objetiva<\/li><li>Exame Antropom\u00e9trico e Teste de Aptid\u00e3o F\u00edsica <\/li><\/ul><\/li><\/ul>\n\n\n\n<ul class=\"wp-block-list\"><li><strong>Assistente Social, Bi\u00f3logo, Contador, Engenheiro De Seguran\u00e7a Do Trabalho, Orientador Social, Psic\u00f3logo, Ouvidor e M\u00e9dico (Todos):<\/strong><ul><li>Prova Objetiva<\/li><\/ul><\/li><\/ul>\n\n\n\n<ul class=\"wp-block-list\"><li><strong>Controlador e Corregedor:<\/strong><ul><li>Prova Objetiva <\/li><li>Prova Dissertativa<\/li><\/ul><\/li><\/ul>\n\n\n\n<ul class=\"wp-block-list\"><li><strong>Professor de Desenvolvimento Infantil e Supervisor de Ensino:<\/strong><ul><li>Prova Objetiva<\/li><li>Prova de T\u00edtulos<\/li><\/ul><\/li><\/ul>\n\n\n\n<h3 class=\"wp-block-heading\">Prova de T\u00edtulos<\/h3>\n\n\n\n<ul class=\"wp-block-list\"><li><strong>a) T\u00edtulo de Doutor<\/strong> na \u00e1rea da Educa\u00e7\u00e3o, obtido em institui\u00e7\u00e3o oficial reconhecida pelo Minist\u00e9rio da Educa\u00e7\u00e3o e Cultura, conclu\u00eddo at\u00e9 a data da apresenta\u00e7\u00e3o &#8211; 2,5 pontos<\/li><li><strong>b) T\u00edtulo de Mestre <\/strong>na \u00e1rea da Educa\u00e7\u00e3o, obtido em institui\u00e7\u00e3o oficial reconhecida pelo Minist\u00e9rio da Educa\u00e7\u00e3o e Cultura, conclu\u00eddo at\u00e9 a data da apresenta\u00e7\u00e3o &#8211; 1,5 pontos<\/li><li><strong>c) P\u00f3s-Gradua\u00e7\u00e3o <\/strong><em><strong>Lato Sensu<\/strong><\/em><strong> (Especializa\u00e7\u00e3o)<\/strong> na \u00e1rea da Educa\u00e7\u00e3o, realizado em institui\u00e7\u00e3o oficial reconhecida pelo Minist\u00e9rio da Educa\u00e7\u00e3o e Cultura, com carga hor\u00e1ria m\u00ednima de 360 horas, conclu\u00edda at\u00e9 a data de apresenta\u00e7\u00e3o &#8211; 0,5 pontos (unit\u00e1rio) e 1,0 ponto (m\u00e1ximo)<\/li><\/ul>\n\n\n\n<h3 class=\"wp-block-heading\">Exame Antropom\u00e9trico e Teste de Aptid\u00e3o F\u00edsica <\/h3>\n\n\n\n<p>O Exame Antropom\u00e9trico e o Teste de Aptid\u00e3o F\u00edsica ser\u00e3o realizados na cidade de Cabre\u00fava\/SP, na(s) data(s) prevista(s) de 01 e\/ou 02 de fevereiro de 2020, em hor\u00e1rio e local a serem informados por ocasi\u00e3o da divulga\u00e7\u00e3o do Resultado da Prova Objetiva.<\/p>\n\n\n\n<p>Antes do TAF ser\u00e1 realizado o Exame Antropom\u00e9trico do candidato. Aquele que n\u00e3o tiver a altura m\u00ednima exigida (Estatura M\u00ednima de 1,70m para sexo Masculino e 1,65m  para sexo Feminino), comprovado na realiza\u00e7\u00e3o do Exame Antropom\u00e9trico, n\u00e3o poder\u00e1 realizar o Teste de Aptid\u00e3o F\u00edsica e estar\u00e1 automaticamente eliminado do Concurso P\u00fablico. <\/p>\n\n\n\n<p>O Teste de Aptid\u00e3o F\u00edsica constar\u00e1 dos seguintes exerc\u00edcios: <\/p>\n\n\n\n<table class=\"wp-block-table has-subtle-pale-blue-background-color has-fixed-layout has-background is-style-stripes\"><tbody><tr><td><strong>TESTE<\/strong><\/td><td><strong>MASCULINO<\/strong><\/td><td><strong>FEMININO<\/strong><\/td><\/tr><tr><td>Abdominal &#8211; 1 minuto<\/td><td> 30 repeti\u00e7\u00f5es <\/td><td> 25 repeti\u00e7\u00f5es <\/td><\/tr><tr><td>Flex\u00e3o dos Bra\u00e7os &#8211; 1 minuto<\/td><td> 20 repeti\u00e7\u00f5es <\/td><td> 20 repeti\u00e7\u00f5es <\/td><\/tr><tr><td>Corrida em 12 minutos <\/td><td> 2.000 metros <\/td><td> 1.700 metros <\/td><\/tr><\/tbody><\/table>\n\n\n\n<p><\/p>\n\n\n\n<hr class=\"wp-block-separator\"\/>\n\n\n\n<h2 class=\"wp-block-heading\" style=\"text-align:center\" id=\"cursos-assinatura\"><br \/><strong><em>Quer estudar para o concurso Prefeitura Cabre\u00fava?<\/em><\/strong><\/h2>\n\n\n\n<p style=\"text-align:center\"><em>Gostou desta oportunidade e deseja come\u00e7ar se preparar agora mesmo? Ent\u00e3o, confira os nossos cursos e comece a estudar:<\/em><\/p>\n\n\n\n<p style=\"font-size:23px;text-align:center\" class=\"has-background has-light-green-cyan-background-color\"><strong><a href=\"https:\/\/www.estrategiaconcursos.com.br\/cursosPorConcurso\/prefeitura-municipal-de-cabreuva-sp\/\" target=\"_blank\" rel=\"noreferrer noopener\" aria-label=\"CURSOS CABRE\u00daVA (abre numa nova aba)\">CURSOS CABRE\u00daVA<\/a><\/strong><\/p>\n\n\n\n<p style=\"text-align:center\" class=\"has-medium-font-size\"><em><strong>Assinatura Anual Ilimitada*<\/strong><\/em><\/p>\n\n\n\n<p style=\"text-align:center\"><em>Prepare-se com o melhor material e com quem mais aprova em Concursos P\u00fablicos em todo o pa\u00eds. Assine agora a nossa Assinatura Anual e tenha acesso ilimitado* a todos os nossos cursos.<\/em><\/p>\n\n\n\n<p style=\"font-size:22px;text-align:center\" class=\"has-background has-luminous-vivid-amber-background-color\"><strong>ASSINE AGORA<\/strong>&nbsp;\u2013&nbsp;<strong><a href=\"https:\/\/www.estrategiaconcursos.com.br\/assinaturas\" target=\"_blank\" rel=\"noreferrer noopener\" aria-label=\"Assinatura Ilimitada (abre numa nova aba)\">Assinatura Ilimitada<\/a><\/strong><\/p>\n\n\n\n<p style=\"text-align:center\" class=\"has-medium-font-size\"><em><strong>Fique por dentro de todos os concursos<\/strong><\/em>:<\/p>\n\n\n\n<p style=\"font-size:24px;text-align:center\" class=\"has-background has-pale-cyan-blue-background-color\"><a rel=\"noreferrer noopener\" aria-label=\"Concursos abertos (abre numa nova aba)\" href=\"https:\/\/www.estrategiaconcursos.com.br\/blog\/concursos-abertos\/\" target=\"_blank\"><strong>Concursos abertos<\/strong><\/a><\/p>\n\n\n\n<p style=\"font-size:23px;text-align:center\" class=\"has-background has-pale-cyan-blue-background-color\"><a rel=\"noreferrer noopener\" aria-label=\"Concursos 2019 (abre numa nova aba)\" href=\"https:\/\/www.estrategiaconcursos.com.br\/blog\/concursos-2019\/\" target=\"_blank\"><strong>Concursos 2019<\/strong><\/a><\/p>\n\n\n\n<p style=\"font-size:23px;text-align:center\" class=\"has-background has-pale-cyan-blue-background-color\"><a rel=\"noreferrer noopener\" aria-label=\"Concursos 2020 (abre numa nova aba)\" href=\"https:\/\/www.estrategiaconcursos.com.br\/blog\/concursos-2020\/\" target=\"_blank\"><strong>Concursos 2020<\/strong><\/a><\/p>\n\n\n\n<figure class=\"wp-block-image\"><img loading=\"lazy\" decoding=\"async\" width=\"300\" height=\"102\" src=\"https:\/\/dhg1h5j42swfq.cloudfront.net\/2017\/03\/28152500\/coruja-ficha-tecnica-300x102.png\" alt=\"Ficha t\u00e9cnica do concurso Prefeitura Cabre\u00fava\" class=\"wp-image-68542\"\/><\/figure>\n\n\n\n<h3 class=\"wp-block-heading\" id=\"ficha-tecnica\"><strong>Informa\u00e7\u00f5es sobre o concurso Prefeitura Cabre\u00fava<\/strong><\/h3>\n\n\n\n<p>\u25ba<strong>Inscri\u00e7\u00f5es<\/strong>: 23\/09 a 25\/10<br \/>\u25ba<strong>Prova<\/strong>: 01\/12<br \/>\u25ba<strong>Vagas<\/strong>: 56<br \/>\u25ba<strong>Cargos<\/strong>: Diversos<br \/>\u25ba<strong>Banca<\/strong>: Instituto Mais<br \/>\u25ba<strong>Escolaridade<\/strong>: N\u00edvel fundamental, m\u00e9dio, t\u00e9cnico e superior<br \/>\u25ba<strong>Edital<\/strong>: <strong><span style=\"text-decoration: underline;\"><a href=\"https:\/\/www.institutomais.org.br\/ckfinder\/userfiles\/files\/Minuta_EDITAL_PM%20Cabre%c3%bava_Publica%c3%a7%c3%a3o_13-09-2019(1).pdf\" target=\"_blank\" rel=\"noreferrer noopener\" aria-label=\"Edital Cabre\u00fava (abre numa nova aba)\">Edital Cabre\u00fava<\/a><\/span><\/strong><\/p>\n\n\n\n<p><em>Ascom Estrat\u00e9gia<\/em><br \/>ascomestrategia@gmail.com<\/p>\n","protected":false},"excerpt":{"rendered":"<p>Foi publicado o edital do concurso Prefeitura Cabre\u00fava, munic\u00edpio localizado no Estado de S\u00e3o Paulo. Sob organiza\u00e7\u00e3o do Instituto Mais, s\u00e3o ofertadas 56 vagas para diversos cargos, com abrang\u00eancia de n\u00edvel fundamental, m\u00e9dio, t\u00e9cnico e superior. Os interessados em participar do certame, devem realizar as inscri\u00e7\u00f5es entre os dias 23 de setembro e 25 de [&hellip;]<\/p>\n","protected":false},"author":1,"featured_media":424425,"comment_status":"open","ping_status":"closed","sticky":false,"template":"","format":"standard","meta":{"post_tipo":"news","footnotes":""},"categories":[1],"tags":[],"tax_estado":[],"class_list":["post-422082","post","type-post","status-publish","format-standard","has-post-thumbnail","hentry","category-cursos-e-concursos"],"acf":[],"yoast_head":"<!-- This site is optimized with the Yoast SEO Premium plugin v27.2 (Yoast SEO v27.2) - https:\/\/yoast.com\/product\/yoast-seo-premium-wordpress\/ -->\n<title>Concurso Prefeitura Cabre\u00fava: inscri\u00e7\u00f5es abertas; vagas para todos os n\u00edveis<\/title>\n<meta name=\"description\" content=\"Concurso Prefeitura Cabre\u00fava-SP: Publicado edital com vagas para todos os n\u00edveis de escolaridade. Acesse e saiba mais detalhes!\" \/>\n<meta name=\"robots\" content=\"index, follow, max-snippet:-1, max-image-preview:large, max-video-preview:-1\" \/>\n<link rel=\"canonical\" href=\"https:\/\/www.estrategiaconcursos.com.br\/blog\/edital-prefeitura-cabreuva\/\" \/>\n<meta property=\"og:locale\" content=\"pt_BR\" \/>\n<meta property=\"og:type\" content=\"article\" \/>\n<meta property=\"og:title\" content=\"Concurso Prefeitura Cabre\u00fava: inscri\u00e7\u00f5es abertas; vagas para todos os n\u00edveis\" \/>\n<meta property=\"og:description\" content=\"Concurso Prefeitura Cabre\u00fava-SP: Publicado edital com vagas para todos os n\u00edveis de escolaridade. Acesse e saiba mais detalhes!\" \/>\n<meta property=\"og:url\" content=\"https:\/\/www.estrategiaconcursos.com.br\/blog\/edital-prefeitura-cabreuva\/\" \/>\n<meta property=\"og:site_name\" content=\"Estrat\u00e9gia Concursos\" \/>\n<meta property=\"article:author\" content=\"https:\/\/www.facebook.com\/EstrategiaConcursos\" \/>\n<meta property=\"article:published_time\" content=\"2019-09-23T03:00:11+00:00\" \/>\n<meta property=\"article:modified_time\" content=\"2019-11-08T20:37:43+00:00\" \/>\n<meta property=\"og:image\" content=\"https:\/\/dhg1h5j42swfq.cloudfront.net\/2019\/09\/23101927\/Prefeitura-de-Cabreu%CC%81va-SP.jpg\" \/>\n\t<meta property=\"og:image:width\" content=\"1200\" \/>\n\t<meta property=\"og:image:height\" content=\"628\" \/>\n\t<meta property=\"og:image:type\" content=\"image\/jpeg\" \/>\n<meta name=\"author\" content=\"Coordena\u00e7\u00e3o\" \/>\n<meta name=\"twitter:card\" content=\"summary_large_image\" \/>\n<meta name=\"twitter:creator\" content=\"@EstratConcursos\" \/>\n<meta name=\"twitter:site\" content=\"@EstratConcursos\" \/>\n<meta name=\"twitter:label1\" content=\"Escrito por\" \/>\n\t<meta name=\"twitter:data1\" content=\"Coordena\u00e7\u00e3o\" \/>\n\t<meta name=\"twitter:label2\" content=\"Est. tempo de leitura\" \/>\n\t<meta name=\"twitter:data2\" content=\"5 minutos\" \/>\n<script type=\"application\/ld+json\" class=\"yoast-schema-graph\">{\"@context\":\"https:\/\/schema.org\",\"@graph\":[{\"@type\":\"NewsArticle\",\"@id\":\"https:\/\/www.estrategiaconcursos.com.br\/blog\/edital-prefeitura-cabreuva\/#article\",\"isPartOf\":{\"@id\":\"https:\/\/www.estrategiaconcursos.com.br\/blog\/edital-prefeitura-cabreuva\/\"},\"author\":{\"name\":\"Coordena\u00e7\u00e3o\",\"@id\":\"https:\/\/www.estrategiaconcursos.com.br\/blog\/#\/schema\/person\/b4a388c97673c5f483d72185668afa1f\"},\"headline\":\"Concurso Prefeitura Cabre\u00fava: inscri\u00e7\u00f5es abertas; vagas para todos os n\u00edveis\",\"datePublished\":\"2019-09-23T03:00:11+00:00\",\"dateModified\":\"2019-11-08T20:37:43+00:00\",\"mainEntityOfPage\":{\"@id\":\"https:\/\/www.estrategiaconcursos.com.br\/blog\/edital-prefeitura-cabreuva\/\"},\"wordCount\":1021,\"commentCount\":0,\"publisher\":{\"@id\":\"https:\/\/www.estrategiaconcursos.com.br\/blog\/#organization\"},\"image\":{\"@id\":\"https:\/\/www.estrategiaconcursos.com.br\/blog\/edital-prefeitura-cabreuva\/#primaryimage\"},\"thumbnailUrl\":\"https:\/\/dhg1h5j42swfq.cloudfront.net\/2019\/09\/23101927\/Prefeitura-de-Cabreu%CC%81va-SP.jpg\",\"articleSection\":[\"Concursos P\u00fablicos\"],\"inLanguage\":\"pt-BR\",\"potentialAction\":[{\"@type\":\"CommentAction\",\"name\":\"Comment\",\"target\":[\"https:\/\/www.estrategiaconcursos.com.br\/blog\/edital-prefeitura-cabreuva\/#respond\"]}],\"copyrightYear\":\"2019\",\"copyrightHolder\":{\"@id\":\"https:\/\/www.estrategiaconcursos.com.br\/blog\/#organization\"}},{\"@type\":\"WebPage\",\"@id\":\"https:\/\/www.estrategiaconcursos.com.br\/blog\/edital-prefeitura-cabreuva\/\",\"url\":\"https:\/\/www.estrategiaconcursos.com.br\/blog\/edital-prefeitura-cabreuva\/\",\"name\":\"Concurso Prefeitura Cabre\u00fava: inscri\u00e7\u00f5es abertas; vagas para todos os n\u00edveis\",\"isPartOf\":{\"@id\":\"https:\/\/www.estrategiaconcursos.com.br\/blog\/#website\"},\"primaryImageOfPage\":{\"@id\":\"https:\/\/www.estrategiaconcursos.com.br\/blog\/edital-prefeitura-cabreuva\/#primaryimage\"},\"image\":{\"@id\":\"https:\/\/www.estrategiaconcursos.com.br\/blog\/edital-prefeitura-cabreuva\/#primaryimage\"},\"thumbnailUrl\":\"https:\/\/dhg1h5j42swfq.cloudfront.net\/2019\/09\/23101927\/Prefeitura-de-Cabreu%CC%81va-SP.jpg\",\"datePublished\":\"2019-09-23T03:00:11+00:00\",\"dateModified\":\"2019-11-08T20:37:43+00:00\",\"description\":\"Concurso Prefeitura Cabre\u00fava-SP: Publicado edital com vagas para todos os n\u00edveis de escolaridade. Acesse e saiba mais detalhes!\",\"breadcrumb\":{\"@id\":\"https:\/\/www.estrategiaconcursos.com.br\/blog\/edital-prefeitura-cabreuva\/#breadcrumb\"},\"inLanguage\":\"pt-BR\",\"potentialAction\":[{\"@type\":\"ReadAction\",\"target\":[\"https:\/\/www.estrategiaconcursos.com.br\/blog\/edital-prefeitura-cabreuva\/\"]}]},{\"@type\":\"ImageObject\",\"inLanguage\":\"pt-BR\",\"@id\":\"https:\/\/www.estrategiaconcursos.com.br\/blog\/edital-prefeitura-cabreuva\/#primaryimage\",\"url\":\"https:\/\/dhg1h5j42swfq.cloudfront.net\/2019\/09\/23101927\/Prefeitura-de-Cabreu%CC%81va-SP.jpg\",\"contentUrl\":\"https:\/\/dhg1h5j42swfq.cloudfront.net\/2019\/09\/23101927\/Prefeitura-de-Cabreu%CC%81va-SP.jpg\",\"width\":1200,\"height\":628},{\"@type\":\"BreadcrumbList\",\"@id\":\"https:\/\/www.estrategiaconcursos.com.br\/blog\/edital-prefeitura-cabreuva\/#breadcrumb\",\"itemListElement\":[{\"@type\":\"ListItem\",\"position\":1,\"name\":\"In\u00edcio\",\"item\":\"https:\/\/www.estrategiaconcursos.com.br\/blog\/\"},{\"@type\":\"ListItem\",\"position\":2,\"name\":\"Concurso Prefeitura Cabre\u00fava: inscri\u00e7\u00f5es abertas; vagas para todos os n\u00edveis\"}]},{\"@type\":\"WebSite\",\"@id\":\"https:\/\/www.estrategiaconcursos.com.br\/blog\/#website\",\"url\":\"https:\/\/www.estrategiaconcursos.com.br\/blog\/\",\"name\":\"Estrat\u00e9gia Concursos\",\"description\":\"O blog da Estrat\u00e9gia Concursos traz not\u00edcias sobre concursos e artigos de professores oferecendo cursos para concursos (pdf + videaulas) no site.\",\"publisher\":{\"@id\":\"https:\/\/www.estrategiaconcursos.com.br\/blog\/#organization\"},\"potentialAction\":[{\"@type\":\"SearchAction\",\"target\":{\"@type\":\"EntryPoint\",\"urlTemplate\":\"https:\/\/www.estrategiaconcursos.com.br\/blog\/?s={search_term_string}\"},\"query-input\":{\"@type\":\"PropertyValueSpecification\",\"valueRequired\":true,\"valueName\":\"search_term_string\"}}],\"inLanguage\":\"pt-BR\"},{\"@type\":\"Organization\",\"@id\":\"https:\/\/www.estrategiaconcursos.com.br\/blog\/#organization\",\"name\":\"Estrat\u00e9gia Concursos\",\"url\":\"https:\/\/www.estrategiaconcursos.com.br\/blog\/\",\"logo\":{\"@type\":\"ImageObject\",\"inLanguage\":\"pt-BR\",\"@id\":\"https:\/\/www.estrategiaconcursos.com.br\/blog\/#\/schema\/logo\/image\/\",\"url\":\"https:\/\/dhg1h5j42swfq.cloudfront.net\/2025\/06\/03203428\/logo_concursos-1.jpg\",\"contentUrl\":\"https:\/\/dhg1h5j42swfq.cloudfront.net\/2025\/06\/03203428\/logo_concursos-1.jpg\",\"width\":230,\"height\":60,\"caption\":\"Estrat\u00e9gia Concursos\"},\"image\":{\"@id\":\"https:\/\/www.estrategiaconcursos.com.br\/blog\/#\/schema\/logo\/image\/\"},\"sameAs\":[\"https:\/\/x.com\/EstratConcursos\"]},{\"@type\":\"Person\",\"@id\":\"https:\/\/www.estrategiaconcursos.com.br\/blog\/#\/schema\/person\/b4a388c97673c5f483d72185668afa1f\",\"name\":\"Coordena\u00e7\u00e3o\",\"image\":{\"@type\":\"ImageObject\",\"inLanguage\":\"pt-BR\",\"@id\":\"https:\/\/secure.gravatar.com\/avatar\/b720319e4c9a967eb58678d110f4fe35452fc5d5f97b202bac7b8acceb18c6ad?s=96&d=mm&r=g\",\"url\":\"https:\/\/secure.gravatar.com\/avatar\/b720319e4c9a967eb58678d110f4fe35452fc5d5f97b202bac7b8acceb18c6ad?s=96&d=mm&r=g\",\"contentUrl\":\"https:\/\/secure.gravatar.com\/avatar\/b720319e4c9a967eb58678d110f4fe35452fc5d5f97b202bac7b8acceb18c6ad?s=96&d=mm&r=g\",\"caption\":\"Coordena\u00e7\u00e3o\"},\"sameAs\":[\"https:\/\/www.facebook.com\/EstrategiaConcursos\",\"https:\/\/x.com\/EstratConcursos\"],\"url\":\"https:\/\/www.estrategiaconcursos.com.br\/blog\/author\/estrategia2013\/\"}]}<\/script>\n<!-- \/ Yoast SEO Premium plugin. -->","yoast_head_json":{"title":"Concurso Prefeitura Cabre\u00fava: inscri\u00e7\u00f5es abertas; vagas para todos os n\u00edveis","description":"Concurso Prefeitura Cabre\u00fava-SP: Publicado edital com vagas para todos os n\u00edveis de escolaridade. Acesse e saiba mais detalhes!","robots":{"index":"index","follow":"follow","max-snippet":"max-snippet:-1","max-image-preview":"max-image-preview:large","max-video-preview":"max-video-preview:-1"},"canonical":"https:\/\/www.estrategiaconcursos.com.br\/blog\/edital-prefeitura-cabreuva\/","og_locale":"pt_BR","og_type":"article","og_title":"Concurso Prefeitura Cabre\u00fava: inscri\u00e7\u00f5es abertas; vagas para todos os n\u00edveis","og_description":"Concurso Prefeitura Cabre\u00fava-SP: Publicado edital com vagas para todos os n\u00edveis de escolaridade. Acesse e saiba mais detalhes!","og_url":"https:\/\/www.estrategiaconcursos.com.br\/blog\/edital-prefeitura-cabreuva\/","og_site_name":"Estrat\u00e9gia Concursos","article_author":"https:\/\/www.facebook.com\/EstrategiaConcursos","article_published_time":"2019-09-23T03:00:11+00:00","article_modified_time":"2019-11-08T20:37:43+00:00","og_image":[{"width":1200,"height":628,"url":"https:\/\/dhg1h5j42swfq.cloudfront.net\/2019\/09\/23101927\/Prefeitura-de-Cabreu%CC%81va-SP.jpg","type":"image\/jpeg"}],"author":"Coordena\u00e7\u00e3o","twitter_card":"summary_large_image","twitter_creator":"@EstratConcursos","twitter_site":"@EstratConcursos","twitter_misc":{"Escrito por":"Coordena\u00e7\u00e3o","Est. tempo de leitura":"5 minutos"},"schema":{"@context":"https:\/\/schema.org","@graph":[{"@type":"NewsArticle","@id":"https:\/\/www.estrategiaconcursos.com.br\/blog\/edital-prefeitura-cabreuva\/#article","isPartOf":{"@id":"https:\/\/www.estrategiaconcursos.com.br\/blog\/edital-prefeitura-cabreuva\/"},"author":{"name":"Coordena\u00e7\u00e3o","@id":"https:\/\/www.estrategiaconcursos.com.br\/blog\/#\/schema\/person\/b4a388c97673c5f483d72185668afa1f"},"headline":"Concurso Prefeitura Cabre\u00fava: inscri\u00e7\u00f5es abertas; vagas para todos os n\u00edveis","datePublished":"2019-09-23T03:00:11+00:00","dateModified":"2019-11-08T20:37:43+00:00","mainEntityOfPage":{"@id":"https:\/\/www.estrategiaconcursos.com.br\/blog\/edital-prefeitura-cabreuva\/"},"wordCount":1021,"commentCount":0,"publisher":{"@id":"https:\/\/www.estrategiaconcursos.com.br\/blog\/#organization"},"image":{"@id":"https:\/\/www.estrategiaconcursos.com.br\/blog\/edital-prefeitura-cabreuva\/#primaryimage"},"thumbnailUrl":"https:\/\/dhg1h5j42swfq.cloudfront.net\/2019\/09\/23101927\/Prefeitura-de-Cabreu%CC%81va-SP.jpg","articleSection":["Concursos P\u00fablicos"],"inLanguage":"pt-BR","potentialAction":[{"@type":"CommentAction","name":"Comment","target":["https:\/\/www.estrategiaconcursos.com.br\/blog\/edital-prefeitura-cabreuva\/#respond"]}],"copyrightYear":"2019","copyrightHolder":{"@id":"https:\/\/www.estrategiaconcursos.com.br\/blog\/#organization"}},{"@type":"WebPage","@id":"https:\/\/www.estrategiaconcursos.com.br\/blog\/edital-prefeitura-cabreuva\/","url":"https:\/\/www.estrategiaconcursos.com.br\/blog\/edital-prefeitura-cabreuva\/","name":"Concurso Prefeitura Cabre\u00fava: inscri\u00e7\u00f5es abertas; vagas para todos os n\u00edveis","isPartOf":{"@id":"https:\/\/www.estrategiaconcursos.com.br\/blog\/#website"},"primaryImageOfPage":{"@id":"https:\/\/www.estrategiaconcursos.com.br\/blog\/edital-prefeitura-cabreuva\/#primaryimage"},"image":{"@id":"https:\/\/www.estrategiaconcursos.com.br\/blog\/edital-prefeitura-cabreuva\/#primaryimage"},"thumbnailUrl":"https:\/\/dhg1h5j42swfq.cloudfront.net\/2019\/09\/23101927\/Prefeitura-de-Cabreu%CC%81va-SP.jpg","datePublished":"2019-09-23T03:00:11+00:00","dateModified":"2019-11-08T20:37:43+00:00","description":"Concurso Prefeitura Cabre\u00fava-SP: Publicado edital com vagas para todos os n\u00edveis de escolaridade. Acesse e saiba mais detalhes!","breadcrumb":{"@id":"https:\/\/www.estrategiaconcursos.com.br\/blog\/edital-prefeitura-cabreuva\/#breadcrumb"},"inLanguage":"pt-BR","potentialAction":[{"@type":"ReadAction","target":["https:\/\/www.estrategiaconcursos.com.br\/blog\/edital-prefeitura-cabreuva\/"]}]},{"@type":"ImageObject","inLanguage":"pt-BR","@id":"https:\/\/www.estrategiaconcursos.com.br\/blog\/edital-prefeitura-cabreuva\/#primaryimage","url":"https:\/\/dhg1h5j42swfq.cloudfront.net\/2019\/09\/23101927\/Prefeitura-de-Cabreu%CC%81va-SP.jpg","contentUrl":"https:\/\/dhg1h5j42swfq.cloudfront.net\/2019\/09\/23101927\/Prefeitura-de-Cabreu%CC%81va-SP.jpg","width":1200,"height":628},{"@type":"BreadcrumbList","@id":"https:\/\/www.estrategiaconcursos.com.br\/blog\/edital-prefeitura-cabreuva\/#breadcrumb","itemListElement":[{"@type":"ListItem","position":1,"name":"In\u00edcio","item":"https:\/\/www.estrategiaconcursos.com.br\/blog\/"},{"@type":"ListItem","position":2,"name":"Concurso Prefeitura Cabre\u00fava: inscri\u00e7\u00f5es abertas; vagas para todos os n\u00edveis"}]},{"@type":"WebSite","@id":"https:\/\/www.estrategiaconcursos.com.br\/blog\/#website","url":"https:\/\/www.estrategiaconcursos.com.br\/blog\/","name":"Estrat\u00e9gia Concursos","description":"O blog da Estrat\u00e9gia Concursos traz not\u00edcias sobre concursos e artigos de professores oferecendo cursos para concursos (pdf + videaulas) no site.","publisher":{"@id":"https:\/\/www.estrategiaconcursos.com.br\/blog\/#organization"},"potentialAction":[{"@type":"SearchAction","target":{"@type":"EntryPoint","urlTemplate":"https:\/\/www.estrategiaconcursos.com.br\/blog\/?s={search_term_string}"},"query-input":{"@type":"PropertyValueSpecification","valueRequired":true,"valueName":"search_term_string"}}],"inLanguage":"pt-BR"},{"@type":"Organization","@id":"https:\/\/www.estrategiaconcursos.com.br\/blog\/#organization","name":"Estrat\u00e9gia Concursos","url":"https:\/\/www.estrategiaconcursos.com.br\/blog\/","logo":{"@type":"ImageObject","inLanguage":"pt-BR","@id":"https:\/\/www.estrategiaconcursos.com.br\/blog\/#\/schema\/logo\/image\/","url":"https:\/\/dhg1h5j42swfq.cloudfront.net\/2025\/06\/03203428\/logo_concursos-1.jpg","contentUrl":"https:\/\/dhg1h5j42swfq.cloudfront.net\/2025\/06\/03203428\/logo_concursos-1.jpg","width":230,"height":60,"caption":"Estrat\u00e9gia Concursos"},"image":{"@id":"https:\/\/www.estrategiaconcursos.com.br\/blog\/#\/schema\/logo\/image\/"},"sameAs":["https:\/\/x.com\/EstratConcursos"]},{"@type":"Person","@id":"https:\/\/www.estrategiaconcursos.com.br\/blog\/#\/schema\/person\/b4a388c97673c5f483d72185668afa1f","name":"Coordena\u00e7\u00e3o","image":{"@type":"ImageObject","inLanguage":"pt-BR","@id":"https:\/\/secure.gravatar.com\/avatar\/b720319e4c9a967eb58678d110f4fe35452fc5d5f97b202bac7b8acceb18c6ad?s=96&d=mm&r=g","url":"https:\/\/secure.gravatar.com\/avatar\/b720319e4c9a967eb58678d110f4fe35452fc5d5f97b202bac7b8acceb18c6ad?s=96&d=mm&r=g","contentUrl":"https:\/\/secure.gravatar.com\/avatar\/b720319e4c9a967eb58678d110f4fe35452fc5d5f97b202bac7b8acceb18c6ad?s=96&d=mm&r=g","caption":"Coordena\u00e7\u00e3o"},"sameAs":["https:\/\/www.facebook.com\/EstrategiaConcursos","https:\/\/x.com\/EstratConcursos"],"url":"https:\/\/www.estrategiaconcursos.com.br\/blog\/author\/estrategia2013\/"}]}},"_links":{"self":[{"href":"https:\/\/www.estrategiaconcursos.com.br\/blog\/wp-json\/wp\/v2\/posts\/422082","targetHints":{"allow":["GET"]}}],"collection":[{"href":"https:\/\/www.estrategiaconcursos.com.br\/blog\/wp-json\/wp\/v2\/posts"}],"about":[{"href":"https:\/\/www.estrategiaconcursos.com.br\/blog\/wp-json\/wp\/v2\/types\/post"}],"author":[{"embeddable":true,"href":"https:\/\/www.estrategiaconcursos.com.br\/blog\/wp-json\/wp\/v2\/users\/1"}],"replies":[{"embeddable":true,"href":"https:\/\/www.estrategiaconcursos.com.br\/blog\/wp-json\/wp\/v2\/comments?post=422082"}],"version-history":[{"count":12,"href":"https:\/\/www.estrategiaconcursos.com.br\/blog\/wp-json\/wp\/v2\/posts\/422082\/revisions"}],"predecessor-version":[{"id":972421,"href":"https:\/\/www.estrategiaconcursos.com.br\/blog\/wp-json\/wp\/v2\/posts\/422082\/revisions\/972421"}],"wp:featuredmedia":[{"embeddable":true,"href":"https:\/\/www.estrategiaconcursos.com.br\/blog\/wp-json\/wp\/v2\/media\/424425"}],"wp:attachment":[{"href":"https:\/\/www.estrategiaconcursos.com.br\/blog\/wp-json\/wp\/v2\/media?parent=422082"}],"wp:term":[{"taxonomy":"category","embeddable":true,"href":"https:\/\/www.estrategiaconcursos.com.br\/blog\/wp-json\/wp\/v2\/categories?post=422082"},{"taxonomy":"post_tag","embeddable":true,"href":"https:\/\/www.estrategiaconcursos.com.br\/blog\/wp-json\/wp\/v2\/tags?post=422082"},{"taxonomy":"tax_estado","embeddable":true,"href":"https:\/\/www.estrategiaconcursos.com.br\/blog\/wp-json\/wp\/v2\/tax_estado?post=422082"}],"curies":[{"name":"wp","href":"https:\/\/api.w.org\/{rel}","templated":true}]}}