{"id":422080,"date":"2026-01-23T15:52:00","date_gmt":"2026-01-23T18:52:00","guid":{"rendered":"https:\/\/www.estrategiaconcursos.com.br\/blog\/?p=422080"},"modified":"2026-04-20T16:19:47","modified_gmt":"2026-04-20T19:19:47","slug":"concurso-ifap","status":"publish","type":"post","link":"https:\/\/www.estrategiaconcursos.com.br\/blog\/concurso-ifap\/","title":{"rendered":"Concurso IFAP: homologado; confira os aprovados!"},"content":{"rendered":"\n<p>O resultado do <strong>concurso IFAP (<a href=\"https:\/\/www.estrategiaconcursos.com.br\/cursosPorConcurso\/instituto-federal-do-amapa-ifap\/\" target=\"_blank\" rel=\"noreferrer noopener\">Instituto Federal de Educa\u00e7\u00e3o, Ci\u00eancia e Tecnologia do Amap\u00e1<\/a><\/strong>) est\u00e1 oficialmente <strong>homologado<\/strong>, confira os aprovados:<\/p>\n\n\n\n<ul class=\"wp-block-list\">\n<li><a href=\"https:\/\/dhg1h5j42swfq.cloudfront.net\/2025\/01\/23154553\/resultado-ifap.pdf\" target=\"_blank\" rel=\"noreferrer noopener\">Concurso IFAP homologa\u00e7\u00e3o do resultado final.<\/a><\/li>\n<\/ul>\n\n\n\n<p>O edital ofertou<strong> 37 vagas imediatas <\/strong>mais forma\u00e7\u00e3o de cadastro de reserva para <strong>cargos de n\u00edveis m\u00e9dio, t\u00e9cnico e superior.<\/strong> As remunera\u00e7\u00f5es iniciais variam de <strong>R$ 2.120,13 a R$ 4.556,92<\/strong>.<\/p>\n\n\n\n<p>Os candidatos devidamente inscritos foram avaliados por <strong>provas objetivas <\/strong>no dia <strong>01 de dezembro de 2024. <\/strong><\/p>\n\n\n\n<p>Confira mais detalhes no artigo:<\/p>\n\n\n\n<ul style=\"background:linear-gradient(285deg,rgb(202,248,128) 0%,rgb(113,206,126) 100%)\" class=\"wp-block-list has-background\">\n<li><strong>Concurso IFAP &#8211; TAE<\/strong><\/li>\n\n\n\n<li><strong>Status:<\/strong> resultados homologados<\/li>\n\n\n\n<li><strong>Banca:<\/strong> <a href=\"http:\/\/www.fundatec.org.br.\" target=\"_blank\" rel=\"noreferrer noopener\">FUNDATEC<\/a><\/li>\n\n\n\n<li><strong>Vagas:<\/strong> 37 + CR<\/li>\n\n\n\n<li><strong>Sal\u00e1rio inicial:<\/strong> at\u00e9 R$ 4.556,92<\/li>\n\n\n\n<li><strong>Edital:<\/strong> <strong><a href=\"https:\/\/dhg1h5j42swfq.cloudfront.net\/2024\/09\/13094722\/ifap-edital.pdf\" target=\"_blank\" rel=\"noreferrer noopener nofollow\">IFAP 2024<\/a><\/strong><\/li>\n<\/ul>\n\n\n\n<p>O IFAP tem edital vigente para o cargo de professor. S\u00e3o <strong>42 vagas imediatas<\/strong>, al\u00e9m de forma\u00e7\u00e3o de cadastro de reserva, para cargos efetivos da carreira de <strong>Professor de Ensino B\u00e1sico, T\u00e9cnico e Tecnol\u00f3gico do Instituto<\/strong>, de n\u00edvel superior de escolaridade, com sal\u00e1rio inicial de <strong>R$ 5.362,69<\/strong> (titula\u00e7\u00e3o m\u00ednima).<\/p>\n\n\n\n<p>Os interessados em participar da sele\u00e7\u00e3o puderam se candidatar atrav\u00e9s do site da banca organizadora, IDECAN, at\u00e9 12 de fevereiro de 2024, ao custo de R$ 130,00.<\/p>\n\n\n\n<p>Segundo o edital, os candidatos foram avaliados por provas objetivas no dia 17 de mar\u00e7o de 2024. Confira mais informa\u00e7\u00f5es no decorrer do artigo!<\/p>\n\n\n\n<ul style=\"background:linear-gradient(285deg,rgb(202,248,128) 0%,rgb(113,206,126) 100%)\" class=\"wp-block-list has-background\">\n<li><strong>Concurso IFAP &#8211; Professor<\/strong><\/li>\n\n\n\n<li><strong>Status:<\/strong> provas realizadas<\/li>\n\n\n\n<li><strong>Banca:<\/strong> IDECAN<\/li>\n\n\n\n<li><strong>Vagas:<\/strong> 42 + CR<\/li>\n\n\n\n<li><strong>Sal\u00e1rio inicial:<\/strong> R$ 5.362,69<\/li>\n\n\n\n<li><strong>Edital:<\/strong> <strong><a href=\"https:\/\/dhg1h5j42swfq.cloudfront.net\/2024\/02\/07100138\/edital-de-abertura-ifap.pdf\" target=\"_blank\" rel=\"noreferrer noopener nofollow\">IFAP 2024<\/a><\/strong><\/li>\n<\/ul>\n\n\n\n<p>Acompanhe os t\u00f3picos abaixo e n\u00e3o perca nenhum detalhe:<\/p>\n\n\n\n<ul class=\"wp-block-list\">\n<li><a href=\"#situa\u00e7\u00e3o-atual\">Situa\u00e7\u00e3o atual<\/a>\n<ul class=\"wp-block-list\">\n<li><a href=\"#datas\">Principais datas<\/a><\/li>\n<\/ul>\n<\/li>\n\n\n\n<li><a href=\"#cargos-vagas\">Cargos e vagas<\/a><\/li>\n\n\n\n<li><a href=\"#h-salarios-e-beneficios\">Sal\u00e1rios e benef\u00edcios<\/a><\/li>\n\n\n\n<li><a href=\"#etapas\">Etapas e provas<\/a><\/li>\n\n\n\n<li><a href=\"#h-ultimo-concurso\">\u00daltimo concurso<\/a>\n<ul class=\"wp-block-list\">\n<li><a href=\"#vagas\">Cargos e vagas<\/a><\/li>\n\n\n\n<li><a href=\"#provas-\u00faltimo-concurso\">Etapas e provas<\/a><\/li>\n<\/ul>\n<\/li>\n\n\n\n<li><a href=\"#cursos-assinatura\">Cursos e assinaturas<\/a><\/li>\n\n\n\n<li><a href=\"#FICHA\">Ficha t\u00e9cnica<\/a><\/li>\n<\/ul>\n\n\n\n<div class=\"container\" id=\"boxes\">\n  <div class=\"row\">\n\n    <div class=\"col-sm\">\n      <div class=\"banner-estrategia\" id=\"box-assinatura\">\n        <h3 class=\"titulo-assinatura\">Cursos para concursos<\/h3>\n        <p class=\"subtitulo-assinatura\">Conhe\u00e7a os cursos<\/p>\n        <div class=\"box-botao\">\n          <a class=\"btn-assinatura\" target=\"_blank\" href=\"https:\/\/www.estrategiaconcursos.com.br\/cursosPorConcurso\/instituto-federal-do-amapa-ifap\/\" role=\"button\" rel=\"noopener noreferrer\">Conhe\u00e7a mais<\/a>\n        <\/div>\n      <\/div>\n     \n    <\/div>\n\n  <\/div>\n<\/div>\n\n\n\n<h2 class=\"wp-block-heading\" id=\"situa\u00e7\u00e3o-atual\">Concurso IFAP: situa\u00e7\u00e3o atual<\/h2>\n\n\n\n<h3 class=\"wp-block-heading\" id=\"h-tae\">TAE<\/h3>\n\n\n\n<h4 class=\"wp-block-heading\" id=\"h-resultados-homologados\">Resultados Homologados<\/h4>\n\n\n\n<p>O IFAP divulgou a homologa\u00e7\u00e3o do resultado final do seu concurso para servidores. Com isso, os aprovados j\u00e1 podem ser convocados!<\/p>\n\n\n\n<ul class=\"wp-block-list\">\n<li><a href=\"https:\/\/dhg1h5j42swfq.cloudfront.net\/2025\/01\/23154553\/resultado-ifap.pdf\" target=\"_blank\" rel=\"noreferrer noopener\">Concurso IFAP homologa\u00e7\u00e3o do resultado final.<\/a><\/li>\n<\/ul>\n\n\n\n<h3 class=\"wp-block-heading\" id=\"cargos-vagas\">Cargos e vagas<\/h3>\n\n\n\n<h4 class=\"wp-block-heading\" id=\"h-tae-0\">TAE<\/h4>\n\n\n\n<h4 class=\"wp-block-heading\" id=\"h-nivel-tecnico\">N\u00cdVEL T\u00c9CNICO <\/h4>\n\n\n\n<ul class=\"wp-block-list\">\n<li>T\u00e9cnico em Contabilidade (1+CR), <\/li>\n\n\n\n<li>T\u00e9cnico em Tecnologia da Informa\u00e7\u00e3o (2+CR), <\/li>\n\n\n\n<li>T\u00e9cnico em Laborat\u00f3rio-\u00e1rea &#8211; Qu\u00edmica (1+CR), <\/li>\n\n\n\n<li>T\u00e9cnico em Laborat\u00f3rio-\u00e1rea -Ci\u00eancias (1+CR) e <\/li>\n\n\n\n<li>T\u00e9cnico em Laborat\u00f3rio-\u00e1rea -Inform\u00e1tica (2+CR).<\/li>\n<\/ul>\n\n\n\n<h4 class=\"wp-block-heading\" id=\"h-nivel-superior\">N\u00cdVEL SUPERIOR <\/h4>\n\n\n\n<ul class=\"wp-block-list\">\n<li>Administrador (3+CR), <\/li>\n\n\n\n<li>Assistente Social (1+CR), <\/li>\n\n\n\n<li>Bibliotec\u00e1rio-Documentalista (1+ CR), <\/li>\n\n\n\n<li>Contador (2+ CR), <\/li>\n\n\n\n<li>Engenheiro-\u00e1rea &#8211; Civil (3+ CR), <\/li>\n\n\n\n<li>M\u00e9dico-\u00e1rea &#8211; Medicina do Trabalho (2+ CR), <\/li>\n\n\n\n<li>Nutricionista-habilita\u00e7\u00e3o (1+CR), <\/li>\n\n\n\n<li>Pedagogo-\u00e1rea (5+CR), <\/li>\n\n\n\n<li>Psic\u00f3logo-\u00e1rea (1+CR), <\/li>\n\n\n\n<li>T\u00e9cnico em Assuntos Educacionais (2+ CR), <\/li>\n\n\n\n<li>Tecn\u00f3logo Forma\u00e7\u00e3o\/\u00c1rea Produ\u00e7\u00e3o Audiovisual (1+ CR) e <\/li>\n\n\n\n<li>Engenheiro Agr\u00f4nomo (1+ CR).<\/li>\n<\/ul>\n\n\n\n<h4 class=\"wp-block-heading\" id=\"superior\">N\u00edvel superior &#8211; Professor do Ensino B\u00e1sico, T\u00e9cnico e Tecnol\u00f3gico (Professor EBTT)<\/h4>\n\n\n\n<figure class=\"wp-block-table is-style-stripes\"><table class=\"has-very-light-gray-to-cyan-bluish-gray-gradient-background has-background has-fixed-layout\"><thead><tr><th class=\"has-text-align-center\" data-align=\"center\">CARGOS<\/th><th class=\"has-text-align-center\" data-align=\"center\">VAGAS<\/th><th class=\"has-text-align-center\" data-align=\"center\">SAL\u00c1RIO (titula\u00e7\u00e3o m\u00ednima)<\/th><\/tr><\/thead><tbody><tr><td class=\"has-text-align-center\" data-align=\"center\">AGROIND\u00daSTRIA<\/td><td class=\"has-text-align-center\" data-align=\"center\">1 + CR<\/td><td class=\"has-text-align-center\" data-align=\"center\">R$ 5.362,69<\/td><\/tr><tr><td class=\"has-text-align-center\" data-align=\"center\">AGRONOMIA<\/td><td class=\"has-text-align-center\" data-align=\"center\">3 + CR<\/td><td class=\"has-text-align-center\" data-align=\"center\">R$ 5.362,69<\/td><\/tr><tr><td class=\"has-text-align-center\" data-align=\"center\">ARTES<\/td><td class=\"has-text-align-center\" data-align=\"center\">2 + CR<\/td><td class=\"has-text-align-center\" data-align=\"center\">R$ 5.362,69<\/td><\/tr><tr><td class=\"has-text-align-center\" data-align=\"center\">BIOLOGIA<\/td><td class=\"has-text-align-center\" data-align=\"center\">2 + CR<\/td><td class=\"has-text-align-center\" data-align=\"center\">R$ 5.362,69<\/td><\/tr><tr><td class=\"has-text-align-center\" data-align=\"center\">COMUNICA\u00c7\u00c3O<\/td><td class=\"has-text-align-center\" data-align=\"center\"> 1 + CR<\/td><td class=\"has-text-align-center\" data-align=\"center\">R$ 5.362,69<\/td><\/tr><tr><td class=\"has-text-align-center\" data-align=\"center\">CONSTRU\u00c7\u00c3O CIVIL<\/td><td class=\"has-text-align-center\" data-align=\"center\">1 + CR<\/td><td class=\"has-text-align-center\" data-align=\"center\">R$ 5.362,69<\/td><\/tr><tr><td class=\"has-text-align-center\" data-align=\"center\">DIREITO<\/td><td class=\"has-text-align-center\" data-align=\"center\">1 + CR<\/td><td class=\"has-text-align-center\" data-align=\"center\">R$ 5.362,69<\/td><\/tr><tr><td class=\"has-text-align-center\" data-align=\"center\">EDUCA\u00c7\u00c3O<\/td><td class=\"has-text-align-center\" data-align=\"center\">1 + CR<\/td><td class=\"has-text-align-center\" data-align=\"center\">R$ 5.362,69<\/td><\/tr><tr><td class=\"has-text-align-center\" data-align=\"center\">EDUCA\u00c7\u00c3O ESPECIAL E INCLUSIVA<\/td><td class=\"has-text-align-center\" data-align=\"center\">1 + CR<\/td><td class=\"has-text-align-center\" data-align=\"center\">R$ 5.362,69<\/td><\/tr><tr><td class=\"has-text-align-center\" data-align=\"center\">EDUCA\u00c7\u00c3O F\u00cdSICA<\/td><td class=\"has-text-align-center\" data-align=\"center\">1 + CR<\/td><td class=\"has-text-align-center\" data-align=\"center\">R$ 5.362,69<\/td><\/tr><tr><td class=\"has-text-align-center\" data-align=\"center\">ENGENHARIA AGR\u00cdCOLA<\/td><td class=\"has-text-align-center\" data-align=\"center\">1 + CR<\/td><td class=\"has-text-align-center\" data-align=\"center\">R$ 5.362,69<\/td><\/tr><tr><td class=\"has-text-align-center\" data-align=\"center\">ENGENHARIA FLORESTAL<\/td><td class=\"has-text-align-center\" data-align=\"center\">2 + CR<\/td><td class=\"has-text-align-center\" data-align=\"center\">R$ 5.362,69<\/td><\/tr><tr><td class=\"has-text-align-center\" data-align=\"center\">FILOSOFIA<\/td><td class=\"has-text-align-center\" data-align=\"center\">2 + CR<\/td><td class=\"has-text-align-center\" data-align=\"center\">R$ 5.362,69<\/td><\/tr><tr><td class=\"has-text-align-center\" data-align=\"center\">F\u00cdSICA<\/td><td class=\"has-text-align-center\" data-align=\"center\">3 + CR<\/td><td class=\"has-text-align-center\" data-align=\"center\">R$ 5.362,69<\/td><\/tr><tr><td class=\"has-text-align-center\" data-align=\"center\">GEOGRAFIA<\/td><td class=\"has-text-align-center\" data-align=\"center\">1 + CR<\/td><td class=\"has-text-align-center\" data-align=\"center\">R$ 5.362,69<\/td><\/tr><tr><td class=\"has-text-align-center\" data-align=\"center\">GEOPROCESSAMENTO<\/td><td class=\"has-text-align-center\" data-align=\"center\">1 + CR<\/td><td class=\"has-text-align-center\" data-align=\"center\">R$ 5.362,69<\/td><\/tr><tr><td class=\"has-text-align-center\" data-align=\"center\">GEST\u00c3O \u2013 ADMINISTRA\u00c7\u00c3O<\/td><td class=\"has-text-align-center\" data-align=\"center\">4 + CR<\/td><td class=\"has-text-align-center\" data-align=\"center\">R$ 5.362,69<\/td><\/tr><tr><td class=\"has-text-align-center\" data-align=\"center\">GEST\u00c3O \u2013 CONTABILIDADE<\/td><td class=\"has-text-align-center\" data-align=\"center\">1 + CR<\/td><td class=\"has-text-align-center\" data-align=\"center\">R$ 5.362,69<\/td><\/tr><tr><td class=\"has-text-align-center\" data-align=\"center\">GEST\u00c3O \u2013 ECONOMIA<\/td><td class=\"has-text-align-center\" data-align=\"center\">1 + CR<\/td><td class=\"has-text-align-center\" data-align=\"center\">R$ 5.362,69<\/td><\/tr><tr><td class=\"has-text-align-center\" data-align=\"center\">HIST\u00d3RIA<\/td><td class=\"has-text-align-center\" data-align=\"center\">1 + CR<\/td><td class=\"has-text-align-center\" data-align=\"center\">R$ 5.362,69<\/td><\/tr><tr><td class=\"has-text-align-center\" data-align=\"center\">INFORM\u00c1TICA<\/td><td class=\"has-text-align-center\" data-align=\"center\">2 + CR<\/td><td class=\"has-text-align-center\" data-align=\"center\">R$ 5.362,69<\/td><\/tr><tr><td class=\"has-text-align-center\" data-align=\"center\">L\u00cdNGUA INGLESA<\/td><td class=\"has-text-align-center\" data-align=\"center\">1 + CR<\/td><td class=\"has-text-align-center\" data-align=\"center\">R$ 5.362,69<\/td><\/tr><tr><td class=\"has-text-align-center\" data-align=\"center\">L\u00cdNGUA PORTUGUESA<\/td><td class=\"has-text-align-center\" data-align=\"center\">1 + CR<\/td><td class=\"has-text-align-center\" data-align=\"center\">R$ 5.362,69<\/td><\/tr><tr><td class=\"has-text-align-center\" data-align=\"center\">MATEM\u00c1TICA<\/td><td class=\"has-text-align-center\" data-align=\"center\">1 + CR<\/td><td class=\"has-text-align-center\" data-align=\"center\">R$ 5.362,69<\/td><\/tr><tr><td class=\"has-text-align-center\" data-align=\"center\">MEIO AMBIENTE<\/td><td class=\"has-text-align-center\" data-align=\"center\">1 + CR<\/td><td class=\"has-text-align-center\" data-align=\"center\">R$ 5.362,69<\/td><\/tr><tr><td class=\"has-text-align-center\" data-align=\"center\">MINERA\u00c7\u00c3O<\/td><td class=\"has-text-align-center\" data-align=\"center\">1 + CR<\/td><td class=\"has-text-align-center\" data-align=\"center\">R$ 5.362,69<\/td><\/tr><tr><td class=\"has-text-align-center\" data-align=\"center\">QU\u00cdMICA<\/td><td class=\"has-text-align-center\" data-align=\"center\">3 + CR<\/td><td class=\"has-text-align-center\" data-align=\"center\">R$ 5.362,69<\/td><\/tr><tr><td class=\"has-text-align-center\" data-align=\"center\">SOCIOLOGIA<\/td><td class=\"has-text-align-center\" data-align=\"center\">1 + CR<\/td><td class=\"has-text-align-center\" data-align=\"center\">R$ 5.362,69<\/td><\/tr><\/tbody><\/table><figcaption class=\"wp-element-caption\">Cargos, vagas e sal\u00e1rios<\/figcaption><\/figure>\n\n\n\n<h2 class=\"wp-block-heading\" id=\"h-concurso-ifap-salarios-e-beneficios\">Concurso IFAP: sal\u00e1rios e benef\u00edcios<\/h2>\n\n\n\n<h3 class=\"wp-block-heading\" id=\"h-tae-1\">TAE<\/h3>\n\n\n\n<p>Os sal\u00e1rios oferecidos s\u00e3o de&nbsp;<strong>R$ 2.120,13<\/strong>&nbsp;para o cargo de Assistente de Aluno,&nbsp;<strong>R$ 2.667,19<\/strong>&nbsp;para cargos de n\u00edvel m\u00e9dio\/t\u00e9cnico e de&nbsp;<strong>R$ 4.556,92<\/strong>&nbsp;para n\u00edvel superior, mais os seguintes benef\u00edcios: <\/p>\n\n\n\n<ul class=\"wp-block-list\">\n<li>Aux\u00edlio Alimenta\u00e7\u00e3o no valor de R$ 1.000,00.<\/li>\n\n\n\n<li>Aux\u00edlio transporte na forma da legisla\u00e7\u00e3o vigente.<\/li>\n\n\n\n<li>Aux\u00edlio sa\u00fade na forma da legisla\u00e7\u00e3o vigente.<\/li>\n\n\n\n<li>Progress\u00e3o por m\u00e9rito e por capacita\u00e7\u00e3o.<\/li>\n\n\n\n<li>Incentivo a qualifica\u00e7\u00e3o.<\/li>\n<\/ul>\n\n\n\n<p>A gratifica\u00e7\u00e3o de titula\u00e7\u00e3o varia de 10% a 75%, conforme rela\u00e7\u00e3o direta ou indireta com a \u00e1rea de conhecimento do cargo.<\/p>\n\n\n\n<h3 class=\"wp-block-heading\" id=\"h-professor\">Professor<\/h3>\n\n\n\n<p>A remunera\u00e7\u00e3o ser\u00e1 a constante da tabela de vencimentos do Plano de Carreira de Magist\u00e9rio do Ensino B\u00e1sico, T\u00e9cnico e Tecnol\u00f3gico, nas Classes e N\u00edveis Iniciais, sendo:<\/p>\n\n\n\n<figure class=\"wp-block-table is-style-stripes\"><table class=\"has-very-light-gray-to-cyan-bluish-gray-gradient-background has-background has-fixed-layout\"><thead><tr><th class=\"has-text-align-center\" data-align=\"center\">Titula\u00e7\u00e3o<\/th><th class=\"has-text-align-center\" data-align=\"center\">Vencimento b\u00e1sico<\/th><th class=\"has-text-align-center\" data-align=\"center\">Retribui\u00e7\u00e3o por titula\u00e7\u00e3o<\/th><th class=\"has-text-align-center\" data-align=\"center\">TOTAL<\/th><\/tr><\/thead><tbody><tr><td class=\"has-text-align-center\" data-align=\"center\">Aperfei\u00e7oamento<\/td><td class=\"has-text-align-center\" data-align=\"center\">R$ 4.875,18<\/td><td class=\"has-text-align-center\" data-align=\"center\">R$ 487,51<\/td><td class=\"has-text-align-center\" data-align=\"center\">R$ 5.362,69<\/td><\/tr><tr><td class=\"has-text-align-center\" data-align=\"center\">Especializa\u00e7\u00e3o ou RSC-I + Gradua\u00e7\u00e3o<\/td><td class=\"has-text-align-center\" data-align=\"center\">R$ 4.875,18<\/td><td class=\"has-text-align-center\" data-align=\"center\">R$ 975,04<\/td><td class=\"has-text-align-center\" data-align=\"center\">R$ 5.850,22<\/td><\/tr><tr><td class=\"has-text-align-center\" data-align=\"center\">Mestrado ou RSC-II + Especializa\u00e7\u00e3o<\/td><td class=\"has-text-align-center\" data-align=\"center\">R$ 4.875,18<\/td><td class=\"has-text-align-center\" data-align=\"center\">R$ 2.437,59<\/td><td class=\"has-text-align-center\" data-align=\"center\">R$ 7.312,77<\/td><\/tr><tr><td class=\"has-text-align-center\" data-align=\"center\">Doutorado ou RSC-III + Mestrado<\/td><td class=\"has-text-align-center\" data-align=\"center\">R$ 4.875,18<\/td><td class=\"has-text-align-center\" data-align=\"center\">R$ 5.606,46<\/td><td class=\"has-text-align-center\" data-align=\"center\">R$ 10.481,64<\/td><\/tr><\/tbody><\/table><figcaption class=\"wp-element-caption\">Tabela de remunera\u00e7\u00e3o inicial do cargo.<\/figcaption><\/figure>\n\n\n\n<p>Poder\u00e1 compor, tamb\u00e9m, a remunera\u00e7\u00e3o do servidor pertencente ao plano de carreira e cargos dos Docentes EBTT verbas indenizat\u00f3rias, tais como:<\/p>\n\n\n\n<ul class=\"wp-block-list\">\n<li>Aux\u00edlio Alimenta\u00e7\u00e3o;<\/li>\n\n\n\n<li>Aux\u00edlio Transporte;<\/li>\n\n\n\n<li>Retribui\u00e7\u00e3o por Titula\u00e7\u00e3o;<\/li>\n\n\n\n<li>Ressarcimento \u00e0 Sa\u00fade Suplementar;<\/li>\n\n\n\n<li>Aux\u00edlio Creche;<\/li>\n<\/ul>\n\n\n\n<h2 class=\"wp-block-heading\" id=\"etapas\">Etapas e provas do Concurso IFAP<\/h2>\n\n\n\n<h3 class=\"wp-block-heading\" id=\"h-tae-2\">TAE<\/h3>\n\n\n\n<p>O concurso constar\u00e1 apenas de prova objetiva com 60&nbsp;quest\u00f5es&nbsp;de m\u00faltipla escolha para todos os cargos: <\/p>\n\n\n\n<ul class=\"wp-block-list\">\n<li>06 quest\u00f5es de l\u00edngua portuguesa;<\/li>\n\n\n\n<li>06 quest\u00f5es de no\u00e7\u00f5es de inform\u00e1tica;<\/li>\n\n\n\n<li>06 quest\u00f5es de racioc\u00ednio l\u00f3gico;<\/li>\n\n\n\n<li>06 quest\u00f5es de legisla\u00e7\u00e3o;<\/li>\n\n\n\n<li>06 quest\u00f5es de hist\u00f3ria e geografia do Amap\u00e1;<\/li>\n\n\n\n<li>30 quest\u00f5es de conhecimentos espec\u00edficos.<\/li>\n<\/ul>\n\n\n\n<p>A prova ter\u00e1 dura\u00e7\u00e3o de 03h30min e ser\u00e1 aplicada na cidade de Macap\u00e1-AP no dia 01 de dezembro de 2024.<\/p>\n\n\n\n<h3 class=\"wp-block-heading\" id=\"h-professor-0\">Professor<\/h3>\n\n\n\n<p>Os candidatos foram avaliados pelas seguintes etapas e provas<\/p>\n\n\n\n<ul class=\"wp-block-list\">\n<li>exame de habilidades e conhecimentos, mediante aplica\u00e7\u00e3o de <strong>provas objetivas<\/strong> de m\u00faltipla escolha, de car\u00e1ter eliminat\u00f3rio e classificat\u00f3rio, aplicado a todos os cargos;<\/li>\n\n\n\n<li><strong>prova de desempenho did\u00e1tico<\/strong>, de car\u00e1ter eliminat\u00f3rio e classificat\u00f3rio, aplicada a todos os cargos;<\/li>\n\n\n\n<li><strong>prova de t\u00edtulos<\/strong>, de car\u00e1ter classificat\u00f3rio, aplicada a todos os cargos;<\/li>\n\n\n\n<li>avalia\u00e7\u00e3o biopsicossocial aplicada aos candidatos inscritos na condi\u00e7\u00e3o de pessoa com defici\u00eancia e que optaram por concorrer \u00e0s vagas reservadas \u00e0s pessoas com defici\u00eancia;<\/li>\n\n\n\n<li>procedimento de heteroidentifica\u00e7\u00e3o aplicado aos candidatos que se autodeclararam negros e optaram por concorrer \u00e0s vagas reservadas \u00e0s pessoas negras, no ato de inscri\u00e7\u00e3o no concurso.<\/li>\n<\/ul>\n\n\n\n<p>As provas objetivas foram aplicadas no dia <strong>17 de mar\u00e7o de 2024<\/strong>, e foram realizadas nas cidades de Macap\u00e1 e Santana, ambas localizadas no Estado do Amap\u00e1, no turno da tarde.<\/p>\n\n\n\n<h4 class=\"wp-block-heading\" id=\"objetiva\">Provas Objetivas<\/h4>\n\n\n\n<p>As provas objetivas constaram de 50 quest\u00f5es, com pesos diferenciados entre as \u00e1reas de conhecimento. A etapa foi do tipo m\u00faltipla escolha, com 5 alternativas e uma \u00fanica alternativa com a resposta correta.<\/p>\n\n\n\n<p>Confira abaixo a estrutura da prova!<\/p>\n\n\n\n<ul class=\"wp-block-list\">\n<li>Conhecimentos Gerais\n<ul class=\"wp-block-list\">\n<li>L\u00edngua Portuguesa &#8211; 10 quest\u00f5es;<\/li>\n\n\n\n<li>Conhecimentos Educacionais &#8211; 10 quest\u00f5es;<\/li>\n\n\n\n<li>Legisla\u00e7\u00e3o e \u00c9tica na Administra\u00e7\u00e3o P\u00fablica &#8211; 10 quest\u00f5es;<\/li>\n<\/ul>\n<\/li>\n\n\n\n<li>Conhecimentos Espec\u00edficos &#8211; 20 quest\u00f5es.<\/li>\n<\/ul>\n\n\n\n<h4 class=\"wp-block-heading\" id=\"discursiva\">Prova de desempenho did\u00e1tico<\/h4>\n\n\n\n<p>Foram convocados para a Prova de Desempenho Did\u00e1tico, de car\u00e1ter eliminat\u00f3rio e classificat\u00f3rio, os<br \/>candidatos aprovados e classificados na prova objetiva.<\/p>\n\n\n\n<p>A etapa consistiu em uma aula, sobre o tema indicado para cada \u00e1rea\/sub\u00e1rea objeto da sele\u00e7\u00e3o, perante banca examinadora, e deveria ter dura\u00e7\u00e3o de no m\u00ednimo 35 e no m\u00e1ximo 40 minutos.<\/p>\n\n\n\n<h4 class=\"wp-block-heading\" id=\"titulos\">Avalia\u00e7\u00e3o de T\u00edtulos<\/h4>\n\n\n\n<p>Foram convocados para a Prova de T\u00edtulos, de car\u00e1ter exclusivamente classificat\u00f3rio, os candidatos convocados para a Prova de Desempenho Did\u00e1tico.<\/p>\n\n\n\n<p>A Prova de T\u00edtulos consistiu na an\u00e1lise dos t\u00edtulos apresentados pelos candidatos, conforme consta <strong><a href=\"https:\/\/dhg1h5j42swfq.cloudfront.net\/2024\/02\/07104104\/etapa-de-avalicao-de-titulos-ifap-1.pdf\" target=\"_blank\" rel=\"noreferrer noopener nofollow\">AQUI<\/a><\/strong>.<\/p>\n\n\n\n<hr class=\"wp-block-separator has-alpha-channel-opacity\"\/>\n\n\n\n<h2 class=\"wp-block-heading\" id=\"h-ultimo-concurso-ifap\">\u00daltimo concurso IFAP<\/h2>\n\n\n\n<p>O \u00faltimo concurso IFAP, realizado em 2019 e in\u00edcio de 2020, tamb\u00e9m ofertou 1<strong>4 vagas para os cargos de professor do ensino b\u00e1sico, t\u00e9cnico e tecnol\u00f3gico.<\/strong><\/p>\n\n\n\n<h3 class=\"wp-block-heading\" id=\"vagas\">Cargos e vagas<\/h3>\n\n\n\n<ul class=\"wp-block-list\">\n<li>Agroind\u00fastria &#8211; (1 vaga); <\/li>\n\n\n\n<li>Agr\u00edcola &#8211; (1 vaga);<\/li>\n\n\n\n<li>Educa\u00e7\u00e3o Especial e Inclusiva &#8211; (1 vaga);<\/li>\n\n\n\n<li>Educa\u00e7\u00e3o F\u00edsica &#8211; (1 vaga);<\/li>\n\n\n\n<li>F\u00edsica &#8211; (1 vaga);<\/li>\n\n\n\n<li>Matem\u00e1tica &#8211; (1 vaga);<\/li>\n\n\n\n<li>Geografia &#8211; (1 vaga);<\/li>\n\n\n\n<li>Inform\u00e1tica  &#8211; (1 vaga);<\/li>\n\n\n\n<li>Gest\u00e3o &#8211; (1 vaga);<\/li>\n\n\n\n<li>Veterin\u00e1ria 1 &#8211; (1 vaga);<\/li>\n\n\n\n<li>Veterin\u00e1ria 2 &#8211; (1 vaga);<\/li>\n\n\n\n<li>Letras &#8211; (1 vaga);<\/li>\n\n\n\n<li>Publicidade &#8211; (1 vaga);<\/li>\n\n\n\n<li>Letras-Espanhol &#8211; (1 vaga).<\/li>\n<\/ul>\n\n\n\n<h3 class=\"wp-block-heading\" id=\"remunera\u00e7\u00e3o\">Remunera\u00e7\u00e3o <\/h3>\n\n\n\n<p>Os candidatos que forem aprovados no certame foram submetidos ao regime de 40  horas semanais determinado pela Lei 12.772\/2012, que rege a carreira do Magist\u00e9rio do Ensino B\u00e1sico, T\u00e9cnico e Tecnol\u00f3gico.<\/p>\n\n\n\n<p>O ingresso de candidatos aprovados no concurso para o cargo de Professor de Ensino B\u00e1sico, T\u00e9cnico e Tecnol\u00f3gico refere-se no n\u00edvel 1, Classe DI, conforme a Lei n\u00ba 12.772\/2012.<\/p>\n\n\n\n<p>Confira abaixo:<\/p>\n\n\n\n<figure class=\"wp-block-table is-style-stripes\"><table class=\"has-background\" style=\"background-color:#e7f5fe\"><tbody><tr><td class=\"has-text-align-center\" data-align=\"center\">Titula\u00e7\u00e3o<\/td><td class=\"has-text-align-center\" data-align=\"center\">Vencimento b\u00e1sico (R$)<\/td><td class=\"has-text-align-center\" data-align=\"center\">Retribui\u00e7\u00e3o por titula\u00e7\u00e3o (R$)<\/td><td class=\"has-text-align-center\" data-align=\"center\">Aux\u00edlio-alimenta\u00e7\u00e3o (R$)<\/td><td class=\"has-text-align-center\" data-align=\"center\">Total (R$)<\/td><\/tr><tr><td class=\"has-text-align-center\" data-align=\"center\">Gradua\u00e7\u00e3o<\/td><td class=\"has-text-align-center\" data-align=\"center\">4.472,64<\/td><td class=\"has-text-align-center\" data-align=\"center\">&#8212;<\/td><td class=\"has-text-align-center\" data-align=\"center\">458,00<\/td><td class=\"has-text-align-center\" data-align=\"center\">4.930,64<\/td><\/tr><tr><td class=\"has-text-align-center\" data-align=\"center\">Aperfei\u00e7oamento<\/td><td class=\"has-text-align-center\" data-align=\"center\">4.472,64<\/td><td class=\"has-text-align-center\" data-align=\"center\">447,26<\/td><td class=\"has-text-align-center\" data-align=\"center\">458,00<\/td><td class=\"has-text-align-center\" data-align=\"center\">5.377,90<\/td><\/tr><tr><td class=\"has-text-align-center\" data-align=\"center\">Especializa\u00e7\u00e3o<\/td><td class=\"has-text-align-center\" data-align=\"center\">4.472,64<\/td><td class=\"has-text-align-center\" data-align=\"center\">894,53<\/td><td class=\"has-text-align-center\" data-align=\"center\">458,00<\/td><td class=\"has-text-align-center\" data-align=\"center\">5.825,17<\/td><\/tr><tr><td class=\"has-text-align-center\" data-align=\"center\">Mestrado<\/td><td class=\"has-text-align-center\" data-align=\"center\">4.472,64<\/td><td class=\"has-text-align-center\" data-align=\"center\">2.236,32<\/td><td class=\"has-text-align-center\" data-align=\"center\">458,00<\/td><td class=\"has-text-align-center\" data-align=\"center\">7.166,96<\/td><\/tr><tr><td class=\"has-text-align-center\" data-align=\"center\">Doutorado<\/td><td class=\"has-text-align-center\" data-align=\"center\">4.472,64<\/td><td class=\"has-text-align-center\" data-align=\"center\">5.143,54<\/td><td class=\"has-text-align-center\" data-align=\"center\">458,00<\/td><td class=\"has-text-align-center\" data-align=\"center\">10.074,18<\/td><\/tr><\/tbody><\/table><figcaption class=\"wp-element-caption\">Tabela remunerat\u00f3ria<\/figcaption><\/figure>\n\n\n\n<h2 class=\"wp-block-heading\" id=\"provas-\u00faltimo-concurso\">Etapas de provas do \u00faltimo concurso IFAP<\/h2>\n\n\n\n<h3 class=\"wp-block-heading\">Prova Objetiva <\/h3>\n\n\n\n<p>A prova objetiva do certame, de car\u00e1ter eliminat\u00f3rio e classificat\u00f3rio, foi aplicada aos candidatos de todas as \u00e1reas. O exame foi composto de 30 quest\u00f5es do tipo m\u00faltipla escolha, sendo que cada quest\u00e3o conteve 5 op\u00e7\u00f5es de resposta e somente uma correta, comum a todas as \u00e1reas.<\/p>\n\n\n\n<p>A prova foi aplicada no dia 26 de janeiro de 2020.<\/p>\n\n\n\n<p>Confira abaixo as disciplinas e quest\u00f5es do certame:<\/p>\n\n\n\n<ul class=\"wp-block-list\">\n<li><em>Legisla\u00e7\u00e3o educacional e dos Institutos Federais &#8211; <strong>15 quest\u00f5es<\/strong><\/em><\/li>\n\n\n\n<li><em>Legisla\u00e7\u00e3o do regime jur\u00eddico dos servidores da Uni\u00e3o &#8211; <strong>10 quest\u00f5es<\/strong><\/em><\/li>\n\n\n\n<li><em>Legisla\u00e7\u00e3o da carreira do Magist\u00e9rio EBTT &#8211; <strong>5 quest\u00f5es<\/strong><\/em><\/li>\n<\/ul>\n\n\n\n<p>Vale lembrar aos concurseiros que foi reprovado e eliminado do concurso o candidato que obteve nota abaixo de 6,0 pontos na prova objetiva.<\/p>\n\n\n\n<p>As provas objetivas e discursivas foram realizadas nas cidades de Macap\u00e1-AP e Santana-AP. Os locais de prova foram divulgados no portal online da banca organizadora, o IFAP.  <\/p>\n\n\n\n<h3 class=\"wp-block-heading\">Prova Discursiva <\/h3>\n\n\n\n<p>A prova discursiva avaliou a capacidade do candidato de expor com clareza, concis\u00e3o, precis\u00e3o, coer\u00eancia e objetividade assuntos relacionados \u00e0 \u00e1rea para a qual concorre, al\u00e9m de demonstrar a capacidade de organiza\u00e7\u00e3o do texto, de an\u00e1lise e s\u00edntese dos fatos e ideias examinadas e conhecimento t\u00e9cnico. <\/p>\n\n\n\n<p>Para a \u00e1rea de letras &#8211; espanhol, a prova discursiva foi elaborada na l\u00edngua correspondente ao respectivo c\u00f3digo lingu\u00edstico.  <\/p>\n\n\n\n<p>Avalia\u00e7\u00e3o da prova discursiva pelo avaliador de L\u00edngua Portuguesa: <\/p>\n\n\n\n<figure class=\"wp-block-table is-style-stripes\"><table class=\"has-background has-fixed-layout\" style=\"background-color:#e7f5fe\"><tbody><tr><td class=\"has-text-align-center\" data-align=\"center\">Quesito<\/td><td class=\"has-text-align-center\" data-align=\"center\">Descri\u00e7\u00e3o<\/td><td class=\"has-text-align-center\" data-align=\"center\">Pontua\u00e7\u00e3o M\u00e1xima<\/td><\/tr><tr><td class=\"has-text-align-center\" data-align=\"center\">Adequa\u00e7\u00e3o ao g\u00eanero textual solicitado<\/td><td class=\"has-text-align-center\" data-align=\"center\">O texto apresenta introdu\u00e7\u00e3o, desenvolvimento e conclus\u00e3o adequados ao g\u00eanero. O texto \u00e9 em prosa, cont\u00e9m par\u00e1grafos estruturas e desenvolvidos, com recuo.<\/td><td class=\"has-text-align-center\" data-align=\"center\">1,0<\/td><\/tr><tr><td class=\"has-text-align-center\" data-align=\"center\">Adequa\u00e7\u00e3o \u00e0 situa\u00e7\u00e3o comunicativa<\/td><td class=\"has-text-align-center\" data-align=\"center\">Formalidade, clareza e adequa\u00e7\u00e3o do texto ao p\u00fablico leitor.<\/td><td class=\"has-text-align-center\" data-align=\"center\">1,0<\/td><\/tr><tr><td class=\"has-text-align-center\" data-align=\"center\">Coes\u00e3o, coer\u00eancia e concord\u00e2ncia<\/td><td class=\"has-text-align-center\" data-align=\"center\">Utiliza\u00e7\u00e3o adequada dos conectivos para estabelecer o nexo e a rela\u00e7\u00e3o no contexto esperado. Adequa\u00e7\u00e3o dos modalizadores \u00e0 exposi\u00e7\u00e3o e operadores argumentativos comumente empregados em disserta\u00e7\u00f5es com coer\u00eancia. Concord\u00e2ncia: 1) Verbal: adequa\u00e7\u00e3o conforme<\/td><td class=\"has-text-align-center\" data-align=\"center\">3,0<\/td><\/tr><tr><td class=\"has-text-align-center\" data-align=\"center\"><\/td><td class=\"has-text-align-center\" data-align=\"center\">as regras de uso da norma padr\u00e3o da l\u00edngua portuguesa;2) Nominal: adequa\u00e7\u00e3o de acordo com as regras da norma padr\u00e3o da l\u00edngua portuguesa.<\/td><td class=\"has-text-align-center\" data-align=\"center\"><\/td><\/tr><tr><td class=\"has-text-align-center\" data-align=\"center\">Conte\u00fado<\/td><td class=\"has-text-align-center\" data-align=\"center\">Adequa\u00e7\u00e3o do texto ao tema sorteado, sem fugas do tema. Demonstra\u00e7\u00e3o de conhecimento, seguran\u00e7a e dom\u00ednio do tema.<\/td><td class=\"has-text-align-center\" data-align=\"center\">3,0<\/td><\/tr><tr><td class=\"has-text-align-center\" data-align=\"center\">Acentua\u00e7\u00e3o gr\u00e1fica, pontua\u00e7\u00e3o e ortografia<\/td><td class=\"has-text-align-center\" data-align=\"center\">Utiliza\u00e7\u00e3o correta da acentua\u00e7\u00e3o. Dom\u00ednio b\u00e1sico do uso dos sinais de pontua\u00e7\u00e3o. Utiliza\u00e7\u00e3o da pontua\u00e7\u00e3o adequada. Grafia das palavras em conformidade com a norma padr\u00e3o da l\u00edngua portuguesa, de acordo com o \u00faltimo acordo ortogr\u00e1fico.<\/td><td class=\"has-text-align-center\" data-align=\"center\">1,0<\/td><\/tr><tr><td class=\"has-text-align-center\" data-align=\"center\">Legibilidade<\/td><td class=\"has-text-align-center\" data-align=\"center\">Utiliza\u00e7\u00e3o de letra leg\u00edvel na escrita.<\/td><td class=\"has-text-align-center\" data-align=\"center\">1,0<\/td><\/tr><\/tbody><\/table><\/figure>\n\n\n\n<p> Avalia\u00e7\u00e3o da prova discursiva pelos especialistas da \u00e1rea: <\/p>\n\n\n\n<figure class=\"wp-block-table is-style-stripes\"><table class=\"has-background has-fixed-layout\" style=\"background-color:#e7f5fe\"><tbody><tr><td class=\"has-text-align-center\" data-align=\"center\">Quesito<\/td><td class=\"has-text-align-center\" data-align=\"center\">Descri\u00e7\u00e3o<\/td><td class=\"has-text-align-center\" data-align=\"center\">Pontua\u00e7\u00e3o M\u00e1xima<\/td><\/tr><tr><td class=\"has-text-align-center\" data-align=\"center\">Dom\u00ednio e abrang\u00eancia do conte\u00fado<\/td><td class=\"has-text-align-center\" data-align=\"center\">Conhecimento e compreens\u00e3o dos conceitos e princ\u00edpios do tema exposto. Aplica\u00e7\u00e3o e rela\u00e7\u00e3o dos conceitos e princ\u00edpios. Contextualiza\u00e7\u00e3o do conte\u00fado no qual foi produzido e rela\u00e7\u00e3o com o conhecimento atual. Abordagem de quest\u00f5es relevantes e atualizadas acerca do conte\u00fado. Abrang\u00eancia e clareza na abordagem do tema.<\/td><td class=\"has-text-align-center\" data-align=\"center\">2 pontos<\/td><\/tr><tr><td class=\"has-text-align-center\" data-align=\"center\">Utiliza\u00e7\u00e3o da terminologia t\u00e9cnico-cient\u00edfica<\/td><td class=\"has-text-align-center\" data-align=\"center\">Utiliza\u00e7\u00e3o de vocabul\u00e1rio t\u00e9cnico correto e atualizado sobre o tema. Apresenta\u00e7\u00e3o de qualidade e rigor na utiliza\u00e7\u00e3o da terminologia t\u00e9cnico-cient\u00edfica. Utiliza\u00e7\u00e3o de exemplos coerentes, conforme a especificidade t\u00e9cnico-cient\u00edfica do tema abordado.<\/td><td class=\"has-text-align-center\" data-align=\"center\">6 pontos<\/td><\/tr><tr><td class=\"has-text-align-center\" data-align=\"center\">Atualidade te\u00f3rica e bibliogr\u00e1fica<\/td><td class=\"has-text-align-center\" data-align=\"center\">Desenvolvimento do texto com base em fundamentos te\u00f3ricos. Emprego de bibliografia pertinente e atualizada a respeito do tema.<\/td><td class=\"has-text-align-center\" data-align=\"center\">2 pontos<\/td><\/tr><\/tbody><\/table><\/figure>\n\n\n\n<h3 class=\"wp-block-heading\">Prova de Desempenho Did\u00e1tico<\/h3>\n\n\n\n<p>A prova de desempenho did\u00e1tico consistiu em uma aula expositiva, desenvolvida sobre um tema previamente sorteado, no tempo m\u00ednimo de 30 minutos e m\u00e1ximo de 40 minutos. O exame valeu 10,0 pontos.<strong><em> <\/em><\/strong><\/p>\n\n\n\n<p>Confira abaixo os crit\u00e9rios de avalia\u00e7\u00e3o que foram usados no certame:<\/p>\n\n\n\n<p> Avalia\u00e7\u00e3o da prova de desempenho did\u00e1tico pelo avaliador pedagogo: <\/p>\n\n\n\n<figure class=\"wp-block-table is-style-stripes\"><table class=\"has-background has-fixed-layout\" style=\"background-color:#e7f5fe\"><tbody><tr><td class=\"has-text-align-center\" data-align=\"center\">Quesito<\/td><td class=\"has-text-align-center\" data-align=\"center\">Descri\u00e7\u00e3o<\/td><td class=\"has-text-align-center\" data-align=\"center\">Pontua\u00e7\u00e3o M\u00e1xima<\/td><\/tr><tr><td class=\"has-text-align-center\" data-align=\"center\"><\/td><td class=\"has-text-align-center\" data-align=\"center\">Composi\u00e7\u00e3o do plano: identifica\u00e7\u00e3o, objetivos, conte\u00fados, procedimentos metodol\u00f3gicos, recursos did\u00e1ticos, avalia\u00e7\u00e3o e refer\u00eancias. Qualidade do material impresso: ortografia, layout, tipografia e impress\u00e3o. Coer\u00eancia e clareza dos objetivos.<\/td><td class=\"has-text-align-center\" data-align=\"center\"><\/td><\/tr><tr><td class=\"has-text-align-center\" data-align=\"center\">Plano de Aula<\/td><td class=\"has-text-align-center\" data-align=\"center\">Detalhamento dos conte\u00fados. Coer\u00eancia entre objetivos e conte\u00fados planejados. Detalhamento dos procedimentos metodol\u00f3gicos a serem utilizados. Descri\u00e7\u00e3o dos recursos did\u00e1ticos coerente com os procedimentos metodol\u00f3gicos. Descri\u00e7\u00e3o dos<\/td><td class=\"has-text-align-center\" data-align=\"center\">3,0<\/td><\/tr><tr><td class=\"has-text-align-center\" data-align=\"center\"><\/td><td class=\"has-text-align-center\" data-align=\"center\">procedimentos de avalia\u00e7\u00e3o da aprendizagem correlatos com objetivos e conte\u00fados planejados. Apresenta\u00e7\u00e3o das refer\u00eancias segundo as normas da ABNT<\/td><td class=\"has-text-align-center\" data-align=\"center\"><\/td><\/tr><tr><td class=\"has-text-align-center\" data-align=\"center\"><\/td><td class=\"has-text-align-center\" data-align=\"center\">Clareza na exposi\u00e7\u00e3o da aula. Contextualiza\u00e7\u00e3o do tema. Organiza\u00e7\u00e3o dos conte\u00fados: sele\u00e7\u00e3o, sequ\u00eancia l\u00f3gica, atualidade e adequa\u00e7\u00e3o \u00e0 s\u00e9rie e ao curso. Clareza, dom\u00ednio e seguran\u00e7a na exposi\u00e7\u00e3o dos<\/td><td class=\"has-text-align-center\" data-align=\"center\"><\/td><\/tr><tr><td class=\"has-text-align-center\" data-align=\"center\">Desenvolvimento da aula<\/td><td class=\"has-text-align-center\" data-align=\"center\">conte\u00fados. Motiva\u00e7\u00e3o e criatividade no desenvolvimento da aula. Articula\u00e7\u00e3o te\u00f3rica pr\u00e1tica. Coer\u00eancia entre o plano e o desenvolvimento da aula. Organiza\u00e7\u00e3o e emprego apropriado dos recursos did\u00e1ticos. Gest\u00e3o do tempo da aula. Utiliza\u00e7\u00e3o de<\/td><td class=\"has-text-align-center\" data-align=\"center\">5,0<\/td><\/tr><tr><td class=\"has-text-align-center\" data-align=\"center\"><\/td><td class=\"has-text-align-center\" data-align=\"center\">estrat\u00e9gias e instrumentos avaliativos para verifica\u00e7\u00e3o da aprendizagem em conformidade com objetivos planejados e conte\u00fados da aula. Adequa\u00e7\u00e3o da linguagem t\u00e9cnica para o n\u00edvel, forma e modalidade do curso.<\/td><td class=\"has-text-align-center\" data-align=\"center\"><\/td><\/tr><tr><td class=\"has-text-align-center\" data-align=\"center\">Postura profissional docente<\/td><td class=\"has-text-align-center\" data-align=\"center\">Clareza na comunica\u00e7\u00e3o. Adequa\u00e7\u00e3o da linguagem \u00e0 situa\u00e7\u00e3o comunicativa de sala de aula. Apresenta\u00e7\u00e3o pessoal e postura em sala. Organiza\u00e7\u00e3o do ambiente. Espontaneidade e autocontrole<\/td><td class=\"has-text-align-center\" data-align=\"center\">2,0<\/td><\/tr><\/tbody><\/table><\/figure>\n\n\n\n<p> Avalia\u00e7\u00e3o da prova de desempenho did\u00e1tico pelos especialistas da \u00e1rea: <\/p>\n\n\n\n<figure class=\"wp-block-table is-style-stripes\"><table class=\"has-background has-fixed-layout\" style=\"background-color:#e7f5fe\"><tbody><tr><td class=\"has-text-align-center\" data-align=\"center\">Quesito<\/td><td class=\"has-text-align-center\" data-align=\"center\">Descri\u00e7\u00e3o<\/td><td class=\"has-text-align-center\" data-align=\"center\">Pontua\u00e7\u00e3o M\u00e1xima<\/td><\/tr><tr><td class=\"has-text-align-center\" data-align=\"center\">Introdu\u00e7\u00e3o<\/td><td class=\"has-text-align-center\" data-align=\"center\">Apresenta\u00e7\u00e3o do tema e dos objetivos a serem alcan\u00e7ados na aula.<\/td><td class=\"has-text-align-center\" data-align=\"center\">1,0<\/td><\/tr><tr><td class=\"has-text-align-center\" data-align=\"center\">Conte\u00fado<\/td><td class=\"has-text-align-center\" data-align=\"center\">Seguran\u00e7a e dom\u00ednio na transmiss\u00e3o do conte\u00fado. Apresenta\u00e7\u00e3o de conhecimento atualizado sobre o tema. Aplica\u00e7\u00e3o de metodologia de ensino. Distribui\u00e7\u00e3o e controle do tempo de aula. Utiliza\u00e7\u00e3o de recursos did\u00e1ticos.<\/td><td class=\"has-text-align-center\" data-align=\"center\">3,0<\/td><\/tr><tr><td class=\"has-text-align-center\" data-align=\"center\">Vocabul\u00e1rio<\/td><td class=\"has-text-align-center\" data-align=\"center\">Utiliza\u00e7\u00e3o de linguagem de acordo com o n\u00edvel do p\u00fablico-alvo e de vocabul\u00e1rio t\u00e9cnico adequado ao tema.<\/td><td class=\"has-text-align-center\" data-align=\"center\">2,0<\/td><\/tr><tr><td class=\"has-text-align-center\" data-align=\"center\">Aprendizagem<\/td><td class=\"has-text-align-center\" data-align=\"center\">Avalia\u00e7\u00e3o da aprendizagem. Recomenda\u00e7\u00e3o de exerc\u00edcios para fixa\u00e7\u00e3o do conte\u00fado. Realiza\u00e7\u00e3o de revis\u00e3o dos pontos chaves da aula.<\/td><td class=\"has-text-align-center\" data-align=\"center\">3,0<\/td><\/tr><tr><td class=\"has-text-align-center\" data-align=\"center\">Bibliografia<\/td><td class=\"has-text-align-center\" data-align=\"center\">Indica\u00e7\u00e3o ou refer\u00eancia a bibliografia utilizada.<\/td><td class=\"has-text-align-center\" data-align=\"center\">1,0<\/td><\/tr><\/tbody><\/table><\/figure>\n\n\n\n<h3 class=\"wp-block-heading\">Prova de T\u00edtulos<\/h3>\n\n\n\n<p>Os candidatos convocados para a realiza\u00e7\u00e3o da prova de desempenho did\u00e1tico entregaram os documentos a serem considerados para a prova de t\u00edtulos no mesmo dia e local.<\/p>\n\n\n\n<h2 class=\"wp-block-heading has-text-align-center\" id=\"h-quer-saber-tudo-sobre-concursos-previstos-confira-nossos-artigos\">Quer saber tudo sobre concursos previstos?<br \/>Confira  nossos artigos!<\/h2>\n\n\n\n<ul class=\"wp-block-list\">\n<li><a href=\"https:\/\/www.estrategiaconcursos.com.br\/blog\/concursos-abertos\/\" target=\"_blank\" rel=\"noreferrer noopener\">Concursos abertos<\/a><\/li>\n\n\n\n<li><a href=\"https:\/\/www.estrategiaconcursos.com.br\/blog\/concursos-educacao\/\">Concursos educa\u00e7\u00e3o<\/a><\/li>\n\n\n\n<li><a href=\"https:\/\/www.estrategiaconcursos.com.br\/blog\/concursos-2025\" target=\"_blank\" rel=\"noreferrer noopener\">Concursos 2025<\/a><\/li>\n<\/ul>\n\n\n\n<h2 class=\"wp-block-heading has-text-align-center\" id=\"cursos-assinatura\"><em>Quer estudar para o concurso IFAP?<\/em><\/h2>\n\n\n\n<div class=\"container\" id=\"boxes\">\n  <div class=\"row\">\n\n    <div class=\"col-sm\">\n      <div class=\"banner-estrategia\" id=\"box-assinatura\">\n        <h3 class=\"titulo-assinatura\">Cursos para concursos<\/h3>\n        <p class=\"subtitulo-assinatura\">Conhe\u00e7a os cursos<\/p>\n        <div class=\"box-botao\">\n          <a class=\"btn-assinatura\" target=\"_blank\" href=\"https:\/\/www.estrategiaconcursos.com.br\/cursosPorConcurso\/instituto-federal-do-amapa-ifap\/\" role=\"button\" rel=\"noopener noreferrer\">Conhe\u00e7a mais<\/a>\n        <\/div>\n      <\/div>\n     \n    <\/div>\n\n  <\/div>\n<\/div>\n\n\n\n<div class=\"container\" id=\"boxes\">\n  <div class=\"row\">\n\n    <div class=\"col-sm\">\n      <div class=\"estrategia\" id=\"box-assinatura\">\n        <h3 class=\"titulo-assinatura\">Assinatura Concursos<\/h3>\n        <p class=\"subtitulo-assinatura\">Assinatura de 1 ano ou 2 anos<\/p>\n        <div class=\"box-botao\">\n          <a class=\"btn-assinatura\" target=\"_blank\" href=\"https:\/\/www.estrategiaconcursos.com.br\/assinaturas\/\" role=\"button\" rel=\"noopener noreferrer\">ASSINE AGORA<\/a>\n        <\/div>\n      <\/div><\/div><\/div><\/div>\n\n\n\n<figure class=\"wp-block-image size-large is-resized\"><img loading=\"lazy\" decoding=\"async\" width=\"1024\" height=\"632\" src=\"https:\/\/dhg1h5j42swfq.cloudfront.net\/2025\/06\/27101122\/ficha-tecnica-1-1024x632.png\" alt=\"Ficha t\u00e9cnica do concurso IFAP\" class=\"wp-image-702728\" style=\"width:269px;height:166px\" srcset=\"https:\/\/dhg1h5j42swfq.cloudfront.net\/2025\/06\/27101122\/ficha-tecnica-1-1024x632.png 1024w, https:\/\/dhg1h5j42swfq.cloudfront.net\/2025\/06\/27101122\/ficha-tecnica-1-300x185.png 300w, https:\/\/dhg1h5j42swfq.cloudfront.net\/2025\/06\/27101122\/ficha-tecnica-1-768x474.png 768w, https:\/\/dhg1h5j42swfq.cloudfront.net\/2025\/06\/27101122\/ficha-tecnica-1-1536x948.png 1536w, https:\/\/dhg1h5j42swfq.cloudfront.net\/2025\/06\/27101122\/ficha-tecnica-1-610x377.png 610w, https:\/\/dhg1h5j42swfq.cloudfront.net\/2025\/06\/27101122\/ficha-tecnica-1.png 1571w\" sizes=\"auto, (max-width: 1024px) 100vw, 1024px\" \/><\/figure>\n\n\n\n<p id=\"FICHA\"><strong>Informa\u00e7\u00f5es do concurso IFAP &#8211; TAE<\/strong><\/p>\n\n\n\n<ul class=\"wp-block-list\">\n<li><strong>Data da prova:&nbsp;<\/strong><s>01\/12\/24<\/s><\/li>\n\n\n\n<li><strong>Vagas:&nbsp;<\/strong>37 + CR <\/li>\n\n\n\n<li><strong>Lota\u00e7\u00f5es:&nbsp;<\/strong>Amap\u00e1<\/li>\n\n\n\n<li><strong>Requisito:&nbsp;<\/strong>m\u00e9dio, t\u00e9cnico e superior <\/li>\n\n\n\n<li><strong>Banca:&nbsp;<\/strong>FUNDATEC<\/li>\n\n\n\n<li><strong>Edital:<\/strong> <strong><a href=\"https:\/\/dhg1h5j42swfq.cloudfront.net\/2024\/09\/13094722\/ifap-edital.pdf\" target=\"_blank\" rel=\"noreferrer noopener nofollow\">IFAP 2024<\/a><\/strong><\/li>\n<\/ul>\n","protected":false},"excerpt":{"rendered":"<p>O resultado do concurso IFAP (Instituto Federal de Educa\u00e7\u00e3o, Ci\u00eancia e Tecnologia do Amap\u00e1) est\u00e1 oficialmente homologado, confira os aprovados: O edital ofertou 37 vagas imediatas mais forma\u00e7\u00e3o de cadastro de reserva para cargos de n\u00edveis m\u00e9dio, t\u00e9cnico e superior. As remunera\u00e7\u00f5es iniciais variam de R$ 2.120,13 a R$ 4.556,92. Os candidatos devidamente inscritos foram [&hellip;]<\/p>\n","protected":false},"author":1,"featured_media":1090639,"comment_status":"open","ping_status":"closed","sticky":false,"template":"","format":"standard","meta":{"post_tipo":"news_page","footnotes":""},"categories":[3766],"tags":[],"tax_estado":[219967],"class_list":["post-422080","post","type-post","status-publish","format-standard","has-post-thumbnail","hentry","category-educacional","tax_estado-ap"],"acf":[],"yoast_head":"<!-- This site is optimized with the Yoast SEO Premium plugin v27.2 (Yoast SEO v27.2) - https:\/\/yoast.com\/product\/yoast-seo-premium-wordpress\/ -->\n<title>Concurso IFAP: homologado; confira os aprovados!<\/title>\n<meta name=\"description\" content=\"Concurso IFAP: resultados homologados do edital com vagas para TAE. Foram ofertadas 37 vagas + CR e iniciais de at\u00e9 R$4,5 mil.\" \/>\n<meta name=\"robots\" content=\"index, follow, max-snippet:-1, max-image-preview:large, max-video-preview:-1\" \/>\n<link rel=\"canonical\" href=\"https:\/\/www.estrategiaconcursos.com.br\/blog\/concurso-ifap\/\" \/>\n<meta property=\"og:locale\" content=\"pt_BR\" \/>\n<meta property=\"og:type\" content=\"article\" \/>\n<meta property=\"og:title\" content=\"Concurso IFAP: homologado; confira os aprovados!\" \/>\n<meta property=\"og:description\" content=\"Concurso IFAP: resultados homologados do edital com vagas para TAE. Foram ofertadas 37 vagas + CR e iniciais de at\u00e9 R$4,5 mil.\" \/>\n<meta property=\"og:url\" content=\"https:\/\/www.estrategiaconcursos.com.br\/blog\/concurso-ifap\/\" \/>\n<meta property=\"og:site_name\" content=\"Estrat\u00e9gia Concursos\" \/>\n<meta property=\"article:author\" content=\"https:\/\/www.facebook.com\/EstrategiaConcursos\" \/>\n<meta property=\"article:published_time\" content=\"2026-01-23T18:52:00+00:00\" \/>\n<meta property=\"article:modified_time\" content=\"2026-04-20T19:19:47+00:00\" \/>\n<meta property=\"og:image\" content=\"https:\/\/dhg1h5j42swfq.cloudfront.net\/2022\/09\/06185737\/concursos_educacao.jpg\" \/>\n\t<meta property=\"og:image:width\" content=\"768\" \/>\n\t<meta property=\"og:image:height\" content=\"432\" \/>\n\t<meta property=\"og:image:type\" content=\"image\/jpeg\" \/>\n<meta name=\"author\" content=\"Coordena\u00e7\u00e3o\" \/>\n<meta name=\"twitter:card\" content=\"summary_large_image\" \/>\n<meta name=\"twitter:creator\" content=\"@EstratConcursos\" \/>\n<meta name=\"twitter:site\" content=\"@EstratConcursos\" \/>\n<meta name=\"twitter:label1\" content=\"Escrito por\" \/>\n\t<meta name=\"twitter:data1\" content=\"Coordena\u00e7\u00e3o\" \/>\n\t<meta name=\"twitter:label2\" content=\"Est. tempo de leitura\" \/>\n\t<meta name=\"twitter:data2\" content=\"13 minutos\" \/>\n<script type=\"application\/ld+json\" class=\"yoast-schema-graph\">{\"@context\":\"https:\/\/schema.org\",\"@graph\":[{\"@type\":\"NewsArticle\",\"@id\":\"https:\/\/www.estrategiaconcursos.com.br\/blog\/concurso-ifap\/#article\",\"isPartOf\":{\"@id\":\"https:\/\/www.estrategiaconcursos.com.br\/blog\/concurso-ifap\/\"},\"author\":{\"name\":\"Coordena\u00e7\u00e3o\",\"@id\":\"https:\/\/www.estrategiaconcursos.com.br\/blog\/#\/schema\/person\/b4a388c97673c5f483d72185668afa1f\"},\"headline\":\"Concurso IFAP: homologado; confira os aprovados!\",\"datePublished\":\"2026-01-23T18:52:00+00:00\",\"dateModified\":\"2026-04-20T19:19:47+00:00\",\"mainEntityOfPage\":{\"@id\":\"https:\/\/www.estrategiaconcursos.com.br\/blog\/concurso-ifap\/\"},\"wordCount\":2606,\"commentCount\":0,\"publisher\":{\"@id\":\"https:\/\/www.estrategiaconcursos.com.br\/blog\/#organization\"},\"image\":{\"@id\":\"https:\/\/www.estrategiaconcursos.com.br\/blog\/concurso-ifap\/#primaryimage\"},\"thumbnailUrl\":\"https:\/\/dhg1h5j42swfq.cloudfront.net\/2022\/09\/06185737\/concursos_educacao.jpg\",\"articleSection\":[\"Educa\u00e7\u00e3o\"],\"inLanguage\":\"pt-BR\",\"potentialAction\":[{\"@type\":\"CommentAction\",\"name\":\"Comment\",\"target\":[\"https:\/\/www.estrategiaconcursos.com.br\/blog\/concurso-ifap\/#respond\"]}],\"copyrightYear\":\"2026\",\"copyrightHolder\":{\"@id\":\"https:\/\/www.estrategiaconcursos.com.br\/blog\/#organization\"}},{\"@type\":\"WebPage\",\"@id\":\"https:\/\/www.estrategiaconcursos.com.br\/blog\/concurso-ifap\/\",\"url\":\"https:\/\/www.estrategiaconcursos.com.br\/blog\/concurso-ifap\/\",\"name\":\"Concurso IFAP: homologado; confira os aprovados!\",\"isPartOf\":{\"@id\":\"https:\/\/www.estrategiaconcursos.com.br\/blog\/#website\"},\"primaryImageOfPage\":{\"@id\":\"https:\/\/www.estrategiaconcursos.com.br\/blog\/concurso-ifap\/#primaryimage\"},\"image\":{\"@id\":\"https:\/\/www.estrategiaconcursos.com.br\/blog\/concurso-ifap\/#primaryimage\"},\"thumbnailUrl\":\"https:\/\/dhg1h5j42swfq.cloudfront.net\/2022\/09\/06185737\/concursos_educacao.jpg\",\"datePublished\":\"2026-01-23T18:52:00+00:00\",\"dateModified\":\"2026-04-20T19:19:47+00:00\",\"description\":\"Concurso IFAP: resultados homologados do edital com vagas para TAE. Foram ofertadas 37 vagas + CR e iniciais de at\u00e9 R$4,5 mil.\",\"breadcrumb\":{\"@id\":\"https:\/\/www.estrategiaconcursos.com.br\/blog\/concurso-ifap\/#breadcrumb\"},\"inLanguage\":\"pt-BR\",\"potentialAction\":[{\"@type\":\"ReadAction\",\"target\":[\"https:\/\/www.estrategiaconcursos.com.br\/blog\/concurso-ifap\/\"]}]},{\"@type\":\"ImageObject\",\"inLanguage\":\"pt-BR\",\"@id\":\"https:\/\/www.estrategiaconcursos.com.br\/blog\/concurso-ifap\/#primaryimage\",\"url\":\"https:\/\/dhg1h5j42swfq.cloudfront.net\/2022\/09\/06185737\/concursos_educacao.jpg\",\"contentUrl\":\"https:\/\/dhg1h5j42swfq.cloudfront.net\/2022\/09\/06185737\/concursos_educacao.jpg\",\"width\":768,\"height\":432,\"caption\":\"Concurso SME Indaial SP\"},{\"@type\":\"BreadcrumbList\",\"@id\":\"https:\/\/www.estrategiaconcursos.com.br\/blog\/concurso-ifap\/#breadcrumb\",\"itemListElement\":[{\"@type\":\"ListItem\",\"position\":1,\"name\":\"In\u00edcio\",\"item\":\"https:\/\/www.estrategiaconcursos.com.br\/blog\/\"},{\"@type\":\"ListItem\",\"position\":2,\"name\":\"Concurso IFAP: homologado; confira os aprovados!\"}]},{\"@type\":\"WebSite\",\"@id\":\"https:\/\/www.estrategiaconcursos.com.br\/blog\/#website\",\"url\":\"https:\/\/www.estrategiaconcursos.com.br\/blog\/\",\"name\":\"Estrat\u00e9gia Concursos\",\"description\":\"O blog da Estrat\u00e9gia Concursos traz not\u00edcias sobre concursos e artigos de professores oferecendo cursos para concursos (pdf + videaulas) no site.\",\"publisher\":{\"@id\":\"https:\/\/www.estrategiaconcursos.com.br\/blog\/#organization\"},\"potentialAction\":[{\"@type\":\"SearchAction\",\"target\":{\"@type\":\"EntryPoint\",\"urlTemplate\":\"https:\/\/www.estrategiaconcursos.com.br\/blog\/?s={search_term_string}\"},\"query-input\":{\"@type\":\"PropertyValueSpecification\",\"valueRequired\":true,\"valueName\":\"search_term_string\"}}],\"inLanguage\":\"pt-BR\"},{\"@type\":\"Organization\",\"@id\":\"https:\/\/www.estrategiaconcursos.com.br\/blog\/#organization\",\"name\":\"Estrat\u00e9gia Concursos\",\"url\":\"https:\/\/www.estrategiaconcursos.com.br\/blog\/\",\"logo\":{\"@type\":\"ImageObject\",\"inLanguage\":\"pt-BR\",\"@id\":\"https:\/\/www.estrategiaconcursos.com.br\/blog\/#\/schema\/logo\/image\/\",\"url\":\"https:\/\/dhg1h5j42swfq.cloudfront.net\/2025\/06\/03203428\/logo_concursos-1.jpg\",\"contentUrl\":\"https:\/\/dhg1h5j42swfq.cloudfront.net\/2025\/06\/03203428\/logo_concursos-1.jpg\",\"width\":230,\"height\":60,\"caption\":\"Estrat\u00e9gia Concursos\"},\"image\":{\"@id\":\"https:\/\/www.estrategiaconcursos.com.br\/blog\/#\/schema\/logo\/image\/\"},\"sameAs\":[\"https:\/\/x.com\/EstratConcursos\"]},{\"@type\":\"Person\",\"@id\":\"https:\/\/www.estrategiaconcursos.com.br\/blog\/#\/schema\/person\/b4a388c97673c5f483d72185668afa1f\",\"name\":\"Coordena\u00e7\u00e3o\",\"image\":{\"@type\":\"ImageObject\",\"inLanguage\":\"pt-BR\",\"@id\":\"https:\/\/secure.gravatar.com\/avatar\/b720319e4c9a967eb58678d110f4fe35452fc5d5f97b202bac7b8acceb18c6ad?s=96&d=mm&r=g\",\"url\":\"https:\/\/secure.gravatar.com\/avatar\/b720319e4c9a967eb58678d110f4fe35452fc5d5f97b202bac7b8acceb18c6ad?s=96&d=mm&r=g\",\"contentUrl\":\"https:\/\/secure.gravatar.com\/avatar\/b720319e4c9a967eb58678d110f4fe35452fc5d5f97b202bac7b8acceb18c6ad?s=96&d=mm&r=g\",\"caption\":\"Coordena\u00e7\u00e3o\"},\"sameAs\":[\"https:\/\/www.facebook.com\/EstrategiaConcursos\",\"https:\/\/x.com\/EstratConcursos\"],\"url\":\"https:\/\/www.estrategiaconcursos.com.br\/blog\/author\/estrategia2013\/\"}]}<\/script>\n<!-- \/ Yoast SEO Premium plugin. -->","yoast_head_json":{"title":"Concurso IFAP: homologado; confira os aprovados!","description":"Concurso IFAP: resultados homologados do edital com vagas para TAE. Foram ofertadas 37 vagas + CR e iniciais de at\u00e9 R$4,5 mil.","robots":{"index":"index","follow":"follow","max-snippet":"max-snippet:-1","max-image-preview":"max-image-preview:large","max-video-preview":"max-video-preview:-1"},"canonical":"https:\/\/www.estrategiaconcursos.com.br\/blog\/concurso-ifap\/","og_locale":"pt_BR","og_type":"article","og_title":"Concurso IFAP: homologado; confira os aprovados!","og_description":"Concurso IFAP: resultados homologados do edital com vagas para TAE. Foram ofertadas 37 vagas + CR e iniciais de at\u00e9 R$4,5 mil.","og_url":"https:\/\/www.estrategiaconcursos.com.br\/blog\/concurso-ifap\/","og_site_name":"Estrat\u00e9gia Concursos","article_author":"https:\/\/www.facebook.com\/EstrategiaConcursos","article_published_time":"2026-01-23T18:52:00+00:00","article_modified_time":"2026-04-20T19:19:47+00:00","og_image":[{"width":768,"height":432,"url":"https:\/\/dhg1h5j42swfq.cloudfront.net\/2022\/09\/06185737\/concursos_educacao.jpg","type":"image\/jpeg"}],"author":"Coordena\u00e7\u00e3o","twitter_card":"summary_large_image","twitter_creator":"@EstratConcursos","twitter_site":"@EstratConcursos","twitter_misc":{"Escrito por":"Coordena\u00e7\u00e3o","Est. tempo de leitura":"13 minutos"},"schema":{"@context":"https:\/\/schema.org","@graph":[{"@type":"NewsArticle","@id":"https:\/\/www.estrategiaconcursos.com.br\/blog\/concurso-ifap\/#article","isPartOf":{"@id":"https:\/\/www.estrategiaconcursos.com.br\/blog\/concurso-ifap\/"},"author":{"name":"Coordena\u00e7\u00e3o","@id":"https:\/\/www.estrategiaconcursos.com.br\/blog\/#\/schema\/person\/b4a388c97673c5f483d72185668afa1f"},"headline":"Concurso IFAP: homologado; confira os aprovados!","datePublished":"2026-01-23T18:52:00+00:00","dateModified":"2026-04-20T19:19:47+00:00","mainEntityOfPage":{"@id":"https:\/\/www.estrategiaconcursos.com.br\/blog\/concurso-ifap\/"},"wordCount":2606,"commentCount":0,"publisher":{"@id":"https:\/\/www.estrategiaconcursos.com.br\/blog\/#organization"},"image":{"@id":"https:\/\/www.estrategiaconcursos.com.br\/blog\/concurso-ifap\/#primaryimage"},"thumbnailUrl":"https:\/\/dhg1h5j42swfq.cloudfront.net\/2022\/09\/06185737\/concursos_educacao.jpg","articleSection":["Educa\u00e7\u00e3o"],"inLanguage":"pt-BR","potentialAction":[{"@type":"CommentAction","name":"Comment","target":["https:\/\/www.estrategiaconcursos.com.br\/blog\/concurso-ifap\/#respond"]}],"copyrightYear":"2026","copyrightHolder":{"@id":"https:\/\/www.estrategiaconcursos.com.br\/blog\/#organization"}},{"@type":"WebPage","@id":"https:\/\/www.estrategiaconcursos.com.br\/blog\/concurso-ifap\/","url":"https:\/\/www.estrategiaconcursos.com.br\/blog\/concurso-ifap\/","name":"Concurso IFAP: homologado; confira os aprovados!","isPartOf":{"@id":"https:\/\/www.estrategiaconcursos.com.br\/blog\/#website"},"primaryImageOfPage":{"@id":"https:\/\/www.estrategiaconcursos.com.br\/blog\/concurso-ifap\/#primaryimage"},"image":{"@id":"https:\/\/www.estrategiaconcursos.com.br\/blog\/concurso-ifap\/#primaryimage"},"thumbnailUrl":"https:\/\/dhg1h5j42swfq.cloudfront.net\/2022\/09\/06185737\/concursos_educacao.jpg","datePublished":"2026-01-23T18:52:00+00:00","dateModified":"2026-04-20T19:19:47+00:00","description":"Concurso IFAP: resultados homologados do edital com vagas para TAE. Foram ofertadas 37 vagas + CR e iniciais de at\u00e9 R$4,5 mil.","breadcrumb":{"@id":"https:\/\/www.estrategiaconcursos.com.br\/blog\/concurso-ifap\/#breadcrumb"},"inLanguage":"pt-BR","potentialAction":[{"@type":"ReadAction","target":["https:\/\/www.estrategiaconcursos.com.br\/blog\/concurso-ifap\/"]}]},{"@type":"ImageObject","inLanguage":"pt-BR","@id":"https:\/\/www.estrategiaconcursos.com.br\/blog\/concurso-ifap\/#primaryimage","url":"https:\/\/dhg1h5j42swfq.cloudfront.net\/2022\/09\/06185737\/concursos_educacao.jpg","contentUrl":"https:\/\/dhg1h5j42swfq.cloudfront.net\/2022\/09\/06185737\/concursos_educacao.jpg","width":768,"height":432,"caption":"Concurso SME Indaial SP"},{"@type":"BreadcrumbList","@id":"https:\/\/www.estrategiaconcursos.com.br\/blog\/concurso-ifap\/#breadcrumb","itemListElement":[{"@type":"ListItem","position":1,"name":"In\u00edcio","item":"https:\/\/www.estrategiaconcursos.com.br\/blog\/"},{"@type":"ListItem","position":2,"name":"Concurso IFAP: homologado; confira os aprovados!"}]},{"@type":"WebSite","@id":"https:\/\/www.estrategiaconcursos.com.br\/blog\/#website","url":"https:\/\/www.estrategiaconcursos.com.br\/blog\/","name":"Estrat\u00e9gia Concursos","description":"O blog da Estrat\u00e9gia Concursos traz not\u00edcias sobre concursos e artigos de professores oferecendo cursos para concursos (pdf + videaulas) no site.","publisher":{"@id":"https:\/\/www.estrategiaconcursos.com.br\/blog\/#organization"},"potentialAction":[{"@type":"SearchAction","target":{"@type":"EntryPoint","urlTemplate":"https:\/\/www.estrategiaconcursos.com.br\/blog\/?s={search_term_string}"},"query-input":{"@type":"PropertyValueSpecification","valueRequired":true,"valueName":"search_term_string"}}],"inLanguage":"pt-BR"},{"@type":"Organization","@id":"https:\/\/www.estrategiaconcursos.com.br\/blog\/#organization","name":"Estrat\u00e9gia Concursos","url":"https:\/\/www.estrategiaconcursos.com.br\/blog\/","logo":{"@type":"ImageObject","inLanguage":"pt-BR","@id":"https:\/\/www.estrategiaconcursos.com.br\/blog\/#\/schema\/logo\/image\/","url":"https:\/\/dhg1h5j42swfq.cloudfront.net\/2025\/06\/03203428\/logo_concursos-1.jpg","contentUrl":"https:\/\/dhg1h5j42swfq.cloudfront.net\/2025\/06\/03203428\/logo_concursos-1.jpg","width":230,"height":60,"caption":"Estrat\u00e9gia Concursos"},"image":{"@id":"https:\/\/www.estrategiaconcursos.com.br\/blog\/#\/schema\/logo\/image\/"},"sameAs":["https:\/\/x.com\/EstratConcursos"]},{"@type":"Person","@id":"https:\/\/www.estrategiaconcursos.com.br\/blog\/#\/schema\/person\/b4a388c97673c5f483d72185668afa1f","name":"Coordena\u00e7\u00e3o","image":{"@type":"ImageObject","inLanguage":"pt-BR","@id":"https:\/\/secure.gravatar.com\/avatar\/b720319e4c9a967eb58678d110f4fe35452fc5d5f97b202bac7b8acceb18c6ad?s=96&d=mm&r=g","url":"https:\/\/secure.gravatar.com\/avatar\/b720319e4c9a967eb58678d110f4fe35452fc5d5f97b202bac7b8acceb18c6ad?s=96&d=mm&r=g","contentUrl":"https:\/\/secure.gravatar.com\/avatar\/b720319e4c9a967eb58678d110f4fe35452fc5d5f97b202bac7b8acceb18c6ad?s=96&d=mm&r=g","caption":"Coordena\u00e7\u00e3o"},"sameAs":["https:\/\/www.facebook.com\/EstrategiaConcursos","https:\/\/x.com\/EstratConcursos"],"url":"https:\/\/www.estrategiaconcursos.com.br\/blog\/author\/estrategia2013\/"}]}},"_links":{"self":[{"href":"https:\/\/www.estrategiaconcursos.com.br\/blog\/wp-json\/wp\/v2\/posts\/422080","targetHints":{"allow":["GET"]}}],"collection":[{"href":"https:\/\/www.estrategiaconcursos.com.br\/blog\/wp-json\/wp\/v2\/posts"}],"about":[{"href":"https:\/\/www.estrategiaconcursos.com.br\/blog\/wp-json\/wp\/v2\/types\/post"}],"author":[{"embeddable":true,"href":"https:\/\/www.estrategiaconcursos.com.br\/blog\/wp-json\/wp\/v2\/users\/1"}],"replies":[{"embeddable":true,"href":"https:\/\/www.estrategiaconcursos.com.br\/blog\/wp-json\/wp\/v2\/comments?post=422080"}],"version-history":[{"count":41,"href":"https:\/\/www.estrategiaconcursos.com.br\/blog\/wp-json\/wp\/v2\/posts\/422080\/revisions"}],"predecessor-version":[{"id":1755913,"href":"https:\/\/www.estrategiaconcursos.com.br\/blog\/wp-json\/wp\/v2\/posts\/422080\/revisions\/1755913"}],"wp:featuredmedia":[{"embeddable":true,"href":"https:\/\/www.estrategiaconcursos.com.br\/blog\/wp-json\/wp\/v2\/media\/1090639"}],"wp:attachment":[{"href":"https:\/\/www.estrategiaconcursos.com.br\/blog\/wp-json\/wp\/v2\/media?parent=422080"}],"wp:term":[{"taxonomy":"category","embeddable":true,"href":"https:\/\/www.estrategiaconcursos.com.br\/blog\/wp-json\/wp\/v2\/categories?post=422080"},{"taxonomy":"post_tag","embeddable":true,"href":"https:\/\/www.estrategiaconcursos.com.br\/blog\/wp-json\/wp\/v2\/tags?post=422080"},{"taxonomy":"tax_estado","embeddable":true,"href":"https:\/\/www.estrategiaconcursos.com.br\/blog\/wp-json\/wp\/v2\/tax_estado?post=422080"}],"curies":[{"name":"wp","href":"https:\/\/api.w.org\/{rel}","templated":true}]}}