{"id":422025,"date":"2019-09-22T21:59:27","date_gmt":"2019-09-23T00:59:27","guid":{"rendered":"https:\/\/www.estrategiaconcursos.com.br\/blog\/?p=422025"},"modified":"2023-06-21T11:23:41","modified_gmt":"2023-06-21T14:23:41","slug":"concursos-legislativos-carreiras-federais-e-perspectivas-2020","status":"publish","type":"post","link":"https:\/\/www.estrategiaconcursos.com.br\/blog\/concursos-legislativos-carreiras-federais-e-perspectivas-2020\/","title":{"rendered":"Concursos legislativos: conhe\u00e7a as carreiras federais e as perspectivas para 2020"},"content":{"rendered":"\n<p>Ol\u00e1 pessoal, tudo bem?<\/p>\n\n\n\n<p>Neste artigo, iremos falar sobre as carreiras no <strong>Senado Federal <\/strong>e na <strong>C\u00e2mara dos Deputados <\/strong>e as perspectivas de concurso para o ano de <strong>2020<\/strong>. S\u00e3o dois temas de extrema relev\u00e2ncia e que geram algumas d\u00favidas entre os concurseiros. Ent\u00e3o, vamos l\u00e1<\/p>\n\n\n\n<p> Neste artigo voc\u00ea encontrar\u00e1 informa\u00e7\u00f5es como: <\/p>\n\n\n\n<ol class=\"wp-block-list\">\n<li><strong><em>\u00daltimas informa\u00e7\u00f5es dos concursos legislativos<\/em><\/strong><\/li>\n\n\n\n<li><strong><em>Conhecendo uma casa legislativa<\/em><\/strong><\/li>\n\n\n\n<li><strong><em>Conhecendo a carreira na C\u00e2mara dos Deputados e as expectativas para 2020 <\/em><\/strong><\/li>\n\n\n\n<li><strong><em>Conhecendo a carreira no Senado Federal e as expectativas para 2020 <\/em><\/strong><\/li>\n\n\n\n<li><strong><em>Assinatura legislativo<br \/><\/em><\/strong><br \/><\/li>\n<\/ol>\n\n\n\n<h3 class=\"wp-block-heading\" id=\"h-1-ultimas-informacoes-dos-concursos-legislativos\">1. \u00daltimas informa\u00e7\u00f5es dos concursos legislativos:<\/h3>\n\n\n\n<p>O &nbsp;<strong>concurso Senado Federal<\/strong>&nbsp;foi autorizado dia 3 de outubro, com&nbsp;<strong>40 vagas<\/strong>&nbsp;para cargos de N\u00edvel M\u00e9dio e Superior. O ato autorizativo publicado no Di\u00e1rio Oficial da Uni\u00e3o e \u00e9 assinado pelo Presidente da Casa, Davi Alcolumbre. <\/p>\n\n\n\n<p>O certame visa o preenchimento de vagas imediatas e cadastro de reserva e ter\u00e1 oportunidades para T\u00e9cnico Legislativo (Policial Legislativo), Advogado e Analista Legislativo. <\/p>\n\n\n\n<p><\/p>\n\n\n\n<h3 class=\"wp-block-heading\" id=\"h-2-conhecendo-uma-casa-legislativa\"><strong>2. Conhecendo uma casa legislativa<\/strong><\/h3>\n\n\n\n<p>Antes de conversarmos sobre o funcionamento de uma casa de leis, vamos dar uma olhada na forma como a Constitui\u00e7\u00e3o Federal aborda o Poder Legislativo. <\/p>\n\n\n\n<p>Segundo o Art. 44, CF\/88, \u201c<em>O Poder Legislativo \u00e9 exercido pelo Congresso Nacional, que se comp\u00f5e da C\u00e2mara dos Deputados e do Senado Federal\u201d<\/em>. No Art. 45, CF\/88, \u201c<em>A C\u00e2mara dos Deputados comp\u00f5e-se de representantes do povo, eleitos, pelo sistema proporcional, em cada Estado, em cada Territ\u00f3rio e no Distrito Federal\u201d<\/em>. E no Art. 46, CF\/88, \u201c<em>O Senado Federal comp\u00f5e-se de representantes dos Estados e do Distrito Federal, eleitos segundo o princ\u00edpio majorit\u00e1rio\u201d<\/em>.<\/p>\n\n\n\n<p>Para entendermos o funcionamento de uma casa legislativa, temos que ter em mente que ela exerce duas fun\u00e7\u00f5es essenciais: <strong>elaborar leis<\/strong> e <strong>fiscalizar a aplica\u00e7\u00e3o dos recursos p\u00fablicos<\/strong>. Al\u00e9m disso, uma casa de leis conta com uma estrutura interna de funcion\u00e1rios e de materiais que precisam ser administrados.<\/p>\n\n\n\n<p>Assim, eu costumo dividir uma casa legislativa, grosso modo, em dois setores: <strong>o de apoio ao Plen\u00e1rio e o administrativo<\/strong>. Esta divis\u00e3o tem por finalidade facilitar o entendimento do seu funcionamento, dos cargos, al\u00e9m de servir para qualquer casa legislativa.<\/p>\n\n\n\n<p>O <strong>setor de apoio ao Plen\u00e1rio<\/strong> corresponde a todos os cargos ligados \u00e0s principais atividades legislativas ditas no par\u00e1grafo anterior: elaborar leis e fiscalizar a aplica\u00e7\u00e3o dos recursos p\u00fablicos. &nbsp;<\/p>\n\n\n\n<ul class=\"wp-block-list\">\n<li><span style=\"text-decoration: underline\">Exemplo<\/span>: Para que haja a discuss\u00e3o e vota\u00e7\u00e3o de um projeto de lei, \u00e9 necess\u00e1rio um conjunto diversificado de cargos para viabilizar esta atividade: o operador de som com o seu conhecimento t\u00e9cnico, permitindo que haja o debate\/discurso do projeto de lei e a coleta do \u00e1udio para que seja transcrito; o taqu\u00edgrafo para realizar o apanhamento, a transcri\u00e7\u00e3o inicial do discurso e enviar para o redator\/revisor fazer as corre\u00e7\u00f5es do texto; o setor de inform\u00e1tica para que o pol\u00edtico registre o seu voto, al\u00e9m de viabilizar a exibi\u00e7\u00e3o de v\u00eddeos durante a Sess\u00e3o; o consultor legislativo para assessoria durante o processo legislativo ou dentro das comiss\u00f5es, fazendo uma an\u00e1lise da constitucionalidade e da quest\u00e3o or\u00e7ament\u00e1ria; a pol\u00edcia legislativa para garantir a seguran\u00e7a; e muitos outros cargos que permitem a execu\u00e7\u00e3o destas duas fun\u00e7\u00f5es primordiais. <\/li>\n<\/ul>\n\n\n\n<p>J\u00e1 o <strong>setor administrativo <\/strong>n\u00e3o est\u00e1 atrelado diretamente \u00e0s atividades do Plen\u00e1rio. Por\u00e9m, \u00e9 de fundamental import\u00e2ncia para que a Casa de Leis funcione. <\/p>\n\n\n\n<ul class=\"wp-block-list\">\n<li><span style=\"text-decoration: underline\">Exemplo<\/span>: Para que o \u00f3rg\u00e3o funcione, \u00e9 necess\u00e1rio o setor de pagamentos para que os funcion\u00e1rios recebam, para que a Casa realize uma determinada compra. O setor de pessoal para administrar as quest\u00f5es correlacionadas a recursos humanos. O setor de material e patrim\u00f4nio, no que tange \u00e0 administra\u00e7\u00e3o dos bens do \u00f3rg\u00e3o. E outros setores de fundamental import\u00e2ncia para o funcionamento interno da Casa. <\/li>\n<\/ul>\n\n\n\n<p>\n\nFeita essa breve an\u00e1lise, vamos conhecer as carreiras de cada uma das casas legislativas federais. \n\n<\/p>\n\n\n\n<h3 class=\"wp-block-heading\" id=\"h-3-conhecendo-a-carreira-na-camara-dos-deputados-e-as-expectativas-para-2020\"><strong>3. Conhecendo a carreira na C\u00e2mara dos Deputados e as expectativas para 2020<\/strong><\/h3>\n\n\n\n<p>O quadro efetivo de funcion\u00e1rios da <strong>C\u00e2mara dos Deputados <\/strong>\u00e9 dividido em analista legislativo (n\u00edvel superior) e t\u00e9cnico legislativo, sendo este \u00faltimo de forma\u00e7\u00e3o de n\u00edvel m\u00e9dio, podendo ser exigido um curso t\u00e9cnico, dependendo do cargo. <\/p>\n\n\n\n<p class=\"has-text-align-center has-vivid-cyan-blue-color has-text-color\"><strong>BAIXAR <a href=\"https:\/\/www2.camara.leg.br\/transparencia\/recursos-humanos\/servidores\/quantitativos\/posicao-atual\/copy_of_cargos-ocupados-e-vagos-por-categoria-funcional\">Quadro de funcion\u00e1rios da C\u00e2mara dos Deputados<\/a><\/strong><\/p>\n\n\n\n<p>Conforme conceituamos anteriormente, os cargos, tanto de n\u00edvel superior quanto m\u00e9dio, s\u00e3o divididos em apoio ao Plen\u00e1rio ou administrativo. Os <strong>setores administrativos<\/strong>, em geral, seguem a rotina da Casa, de segunda a sexta-feira no hor\u00e1rio de expediente. J\u00e1 os <strong>setores de apoio ao Plen\u00e1rio <\/strong>possuem a peculiaridade de estar \u00e0 disposi\u00e7\u00e3o, podendo ser solicitado fora do hor\u00e1rio habitual para apoiar uma convoca\u00e7\u00e3o extraordin\u00e1ria.<\/p>\n\n\n\n<p>A expectativa para concurso em 2020 \u00e9 muito boa, em virtude dos seguintes fatores: <\/p>\n\n\n\n<ul class=\"wp-block-list\">\n<li>a) A PLOA de 2020 est\u00e1 autorizando <strong>77 vagas para a C\u00e2mara dos Deputados<\/strong>.<\/li>\n<\/ul>\n\n\n\n<p class=\"has-text-align-center has-vivid-cyan-blue-color has-text-color\"><strong>BAIXAR <a href=\"https:\/\/dhg1h5j42swfq.cloudfront.net\/2019\/08\/30184414\/Anexo-V-PLOA-.pdf\">Anexo V da PLOA 2020<\/a><\/strong><\/p>\n\n\n\n<ul class=\"wp-block-list\">\n<li> b) A vac\u00e2ncia no quadro de pessoal, onde temos 286 cargos vagos para analista legislativo e 506 cargos vagos para t\u00e9cnico legislativo.  <\/li>\n<\/ul>\n\n\n\n<p class=\"has-text-align-center has-vivid-cyan-blue-color has-text-color\"><strong>BAIXAR <a href=\"https:\/\/www2.camara.leg.br\/transparencia\/recursos-humanos\/servidores\/quantitativos\/posicao-atual\/copy_of_cargos-ocupados-e-vagos-por-categoria-funcional\">Quadro de Pessoal da C\u00e2mara dos Deputados<\/a><\/strong><\/p>\n\n\n\n<ul class=\"wp-block-list\">\n<li>c) Os \u00faltimos dois concursos foram realizados em 2012 e 2014, h\u00e1 oito e seis anos, respectivamente, n\u00e3o contemplando todos os cargos.<\/li>\n<\/ul>\n\n\n\n<ul class=\"wp-block-list\">\n<li>d) O elevado n\u00famero de funcion\u00e1rios no patamar mais alto da carreira (classe especial\/padr\u00e3o 10) \u2013 1.019 cargos de n\u00edvel superior e 723 cargos de n\u00edvel m\u00e9dio \u2013 o que gerar\u00e1, num futuro pr\u00f3ximo, uma quantidade maior de vac\u00e2ncia.  <\/li>\n<\/ul>\n\n\n\n<p class=\"has-text-align-center has-vivid-cyan-blue-color has-text-color\"><strong>BAIXAR <a href=\"https:\/\/www2.camara.leg.br\/transparencia\/recursos-humanos\/servidores\/quantitativos\/posicao-atual\/cargo-efetivo-aposentados-instituidores-de-pensao-e-pensionistas-30-04-2019\">Quadro de Quantitativo de Pessoal por classes<\/a><\/strong><\/p>\n\n\n\n<h3 class=\"wp-block-heading\" id=\"h-4-conhecendo-a-carreira-no-senado-federal-e-as-expectativas-para-2020\"><strong>4. Conhecendo a carreira no Senado Federal e as expectativas para 2020<\/strong><\/h3>\n\n\n\n<p>As categorias das carreiras do <strong>Senado Federal <\/strong>s\u00e3o divididas em: Advogado, Analista Legislativo, Consultor Legislativo e T\u00e9cnico Legislativo. Os cargos de Auxiliar Legislativo e Secret\u00e1rio Parlamentar ser\u00e3o extintos quando vagarem. <\/p>\n\n\n\n<p class=\"has-text-align-center has-vivid-cyan-blue-color has-text-color\"><strong>BAIXAR <a href=\"http:\/\/www.senado.leg.br\/transparencia\/LAI\/secrh\/quadro_efetivos.pdf\">Quadro de Pessoal do Senado Federal<\/a><\/strong><\/p>\n\n\n\n<p>O que diferencia em rela\u00e7\u00e3o \u00e0 C\u00e2mara dos Deputados, \u00e9 que, no caso desta \u00faltima, o cargo de consultor est\u00e1 dentro de analista legislativo, n\u00e3o h\u00e1 o cargo de advogado e, em alguns cargos, existe a diferen\u00e7a na exig\u00eancia de escolaridade em cargos de mesma natureza.&nbsp; Como na C\u00e2mara dos Deputados, no Senado Federal tamb\u00e9m temos a divis\u00e3o de setores de apoio ao Plen\u00e1rio e a parte administrativa.<\/p>\n\n\n\n<p>Em\nrela\u00e7\u00e3o a expectativa de concurso para o Senado Federal, temos os seguintes\nfatores que favorecem a realiza\u00e7\u00e3o do certame:<\/p>\n\n\n\n<ul class=\"wp-block-list\">\n<li>a) A PLOA de 2020 autorizando no or\u00e7amento a  realiza\u00e7\u00e3o para <strong>40 cargos<\/strong>.  <\/li>\n<\/ul>\n\n\n\n<p class=\"has-text-align-center has-vivid-cyan-blue-color has-text-color\"><strong>BAIXAR <a href=\"https:\/\/dhg1h5j42swfq.cloudfront.net\/2019\/08\/30184414\/Anexo-V-PLOA-.pdf\">Anexo V da PLOA 2020<\/a><\/strong><\/p>\n\n\n\n<ul class=\"wp-block-list\">\n<li>b) No quadro de pessoal podemos observar uma grande quantidade de cargos vagos \u2013 5 para advogado, 52 para consultor legislativo, 568 para analista legislativo e 788 para t\u00e9cnico legislativo \u2013 sendo um total de 1.413 cargos. <\/li>\n<\/ul>\n\n\n\n<p class=\"has-text-align-center has-vivid-cyan-blue-color has-text-color\"><strong>BAIXAR <a href=\"http:\/\/www.senado.leg.br\/transparencia\/LAI\/secrh\/quadro_efetivos.pdf\">Quadro de Pessoal do Senado Federal<\/a><\/strong><\/p>\n\n\n\n<ul class=\"wp-block-list\">\n<li>c) O \u00faltimo concurso ter sido em 2012, h\u00e1 oito anos.<\/li>\n<\/ul>\n\n\n\n<p>Para finalizar, sabemos que a vac\u00e2ncia, a autoriza\u00e7\u00e3o or\u00e7ament\u00e1ria e o fato da realiza\u00e7\u00e3o do concurso ter sido h\u00e1 um tempo n\u00e3o garantem a realiza\u00e7\u00e3o de um novo certame. O que podemos ter certeza \u00e9 que, al\u00e9m do prazer e orgulho que voc\u00eas ter\u00e3o em fazer parte de uma dessas institui\u00e7\u00f5es de refer\u00eancia, dentro de uma casa legislativa:<\/p>\n\n\n\n<ul class=\"wp-block-list\">\n<li>a) H\u00e1 um dinamismo de rotina devido \u00e0s diversas atividades que s\u00e3o executadas, o que permite  estar por dentro de discuss\u00f5es de temas de \u00e2mbito internacional e  nacional.<\/li>\n\n\n\n<li>b) H\u00e1 espa\u00e7o para uma gama de profiss\u00f5es, em virtude da necessidade da Casa para preencher os setores de apoio ao Plen\u00e1rio e administrativo, o que gera uma ramifica\u00e7\u00e3o dos cargos. <\/li>\n<\/ul>\n\n\n\n<p> Esperamos ter dirimido as suas d\u00favidas e contribu\u00eddo para sua decis\u00e3o! Conte sempre conosco. <\/p>\n\n\n\n<h3 class=\"wp-block-heading has-text-align-center\" id=\"h-5-assinatura-anual-ilimitada\">5. <em><strong>Assinatura Anual Ilimitada<\/strong><\/em> <\/h3>\n\n\n\n<p><br \/><em>Prepare-se com o melhor material e com quem mais aprova em Concursos P\u00fablicos em todo o pa\u00eds. Assine agora a nossa Assinatura Anual e tenha acesso ilimitado* a todos os nossos cursos.<\/em> <\/p>\n\n\n\n<p class=\"has-text-align-center has-light-green-cyan-background-color has-text-color has-background\" style=\"color:#0630e5;font-size:clamp(16.293px, 1.018rem + ((1vw - 3.2px) * 0.854), 25px);px\"><strong>ASSINE AGORA &#8211; <\/strong><a href=\"https:\/\/www.estrategiaconcursos.com.br\/assinaturas\/\">Assinatura ilimitada<\/a><\/p>\n\n\n\n<p class=\"has-text-align-center has-pale-cyan-blue-background-color has-text-color has-background\" style=\"color:#0608e5;font-size:clamp(16.293px, 1.018rem + ((1vw - 3.2px) * 0.854), 25px);px\"><a href=\"https:\/\/www.estrategiaconcursos.com.br\/blog\/concursos-abertos\/\">CONCURSOS ABERTOS<\/a><\/p>\n","protected":false},"excerpt":{"rendered":"<p>Ol\u00e1 pessoal, tudo bem? Neste artigo, iremos falar sobre as carreiras no Senado Federal e na C\u00e2mara dos Deputados e as perspectivas de concurso para o ano de 2020. S\u00e3o dois temas de extrema relev\u00e2ncia e que geram algumas d\u00favidas entre os concurseiros. Ent\u00e3o, vamos l\u00e1 Neste artigo voc\u00ea encontrar\u00e1 informa\u00e7\u00f5es como: 1. \u00daltimas informa\u00e7\u00f5es [&hellip;]<\/p>\n","protected":false},"author":626,"featured_media":0,"comment_status":"open","ping_status":"closed","sticky":false,"template":"","format":"standard","meta":{"post_tipo":"article","footnotes":""},"categories":[1],"tags":[],"tax_estado":[],"class_list":["post-422025","post","type-post","status-publish","format-standard","hentry","category-cursos-e-concursos"],"acf":[],"yoast_head":"<!-- This site is optimized with the Yoast SEO Premium plugin v27.2 (Yoast SEO v27.2) - https:\/\/yoast.com\/product\/yoast-seo-premium-wordpress\/ -->\n<title>Concursos legislativos: conhe\u00e7a as carreiras federais e as perspectivas para 2020<\/title>\n<meta name=\"robots\" content=\"index, follow, max-snippet:-1, max-image-preview:large, max-video-preview:-1\" \/>\n<link rel=\"canonical\" href=\"https:\/\/www.estrategiaconcursos.com.br\/blog\/concursos-legislativos-carreiras-federais-e-perspectivas-2020\/\" \/>\n<meta property=\"og:locale\" content=\"pt_BR\" \/>\n<meta property=\"og:type\" content=\"article\" \/>\n<meta property=\"og:title\" content=\"Concursos legislativos: conhe\u00e7a as carreiras federais e as perspectivas para 2020\" \/>\n<meta property=\"og:description\" content=\"Ol\u00e1 pessoal, tudo bem? Neste artigo, iremos falar sobre as carreiras no Senado Federal e na C\u00e2mara dos Deputados e as perspectivas de concurso para o ano de 2020. S\u00e3o dois temas de extrema relev\u00e2ncia e que geram algumas d\u00favidas entre os concurseiros. Ent\u00e3o, vamos l\u00e1 Neste artigo voc\u00ea encontrar\u00e1 informa\u00e7\u00f5es como: 1. \u00daltimas informa\u00e7\u00f5es [&hellip;]\" \/>\n<meta property=\"og:url\" content=\"https:\/\/www.estrategiaconcursos.com.br\/blog\/concursos-legislativos-carreiras-federais-e-perspectivas-2020\/\" \/>\n<meta property=\"og:site_name\" content=\"Estrat\u00e9gia Concursos\" \/>\n<meta property=\"article:published_time\" content=\"2019-09-23T00:59:27+00:00\" \/>\n<meta property=\"article:modified_time\" content=\"2023-06-21T14:23:41+00:00\" \/>\n<meta name=\"author\" content=\"Igor Lima de Freitas\" \/>\n<meta name=\"twitter:card\" content=\"summary_large_image\" \/>\n<meta name=\"twitter:creator\" content=\"@EstratConcursos\" \/>\n<meta name=\"twitter:site\" content=\"@EstratConcursos\" \/>\n<meta name=\"twitter:label1\" content=\"Escrito por\" \/>\n\t<meta name=\"twitter:data1\" content=\"Igor Lima de Freitas\" \/>\n\t<meta name=\"twitter:label2\" content=\"Est. tempo de leitura\" \/>\n\t<meta name=\"twitter:data2\" content=\"7 minutos\" \/>\n<script type=\"application\/ld+json\" class=\"yoast-schema-graph\">{\"@context\":\"https:\/\/schema.org\",\"@graph\":[{\"@type\":\"NewsArticle\",\"@id\":\"https:\/\/www.estrategiaconcursos.com.br\/blog\/concursos-legislativos-carreiras-federais-e-perspectivas-2020\/#article\",\"isPartOf\":{\"@id\":\"https:\/\/www.estrategiaconcursos.com.br\/blog\/concursos-legislativos-carreiras-federais-e-perspectivas-2020\/\"},\"author\":{\"name\":\"Igor Lima de Freitas\",\"@id\":\"https:\/\/www.estrategiaconcursos.com.br\/blog\/#\/schema\/person\/1487d2b47adf846aa7da7eaea68212e2\"},\"headline\":\"Concursos legislativos: conhe\u00e7a as carreiras federais e as perspectivas para 2020\",\"datePublished\":\"2019-09-23T00:59:27+00:00\",\"dateModified\":\"2023-06-21T14:23:41+00:00\",\"mainEntityOfPage\":{\"@id\":\"https:\/\/www.estrategiaconcursos.com.br\/blog\/concursos-legislativos-carreiras-federais-e-perspectivas-2020\/\"},\"wordCount\":1364,\"commentCount\":0,\"publisher\":{\"@id\":\"https:\/\/www.estrategiaconcursos.com.br\/blog\/#organization\"},\"articleSection\":[\"Concursos P\u00fablicos\"],\"inLanguage\":\"pt-BR\",\"potentialAction\":[{\"@type\":\"CommentAction\",\"name\":\"Comment\",\"target\":[\"https:\/\/www.estrategiaconcursos.com.br\/blog\/concursos-legislativos-carreiras-federais-e-perspectivas-2020\/#respond\"]}],\"copyrightYear\":\"2019\",\"copyrightHolder\":{\"@id\":\"https:\/\/www.estrategiaconcursos.com.br\/blog\/#organization\"}},{\"@type\":\"WebPage\",\"@id\":\"https:\/\/www.estrategiaconcursos.com.br\/blog\/concursos-legislativos-carreiras-federais-e-perspectivas-2020\/\",\"url\":\"https:\/\/www.estrategiaconcursos.com.br\/blog\/concursos-legislativos-carreiras-federais-e-perspectivas-2020\/\",\"name\":\"Concursos legislativos: conhe\u00e7a as carreiras federais e as perspectivas para 2020\",\"isPartOf\":{\"@id\":\"https:\/\/www.estrategiaconcursos.com.br\/blog\/#website\"},\"datePublished\":\"2019-09-23T00:59:27+00:00\",\"dateModified\":\"2023-06-21T14:23:41+00:00\",\"breadcrumb\":{\"@id\":\"https:\/\/www.estrategiaconcursos.com.br\/blog\/concursos-legislativos-carreiras-federais-e-perspectivas-2020\/#breadcrumb\"},\"inLanguage\":\"pt-BR\",\"potentialAction\":[{\"@type\":\"ReadAction\",\"target\":[\"https:\/\/www.estrategiaconcursos.com.br\/blog\/concursos-legislativos-carreiras-federais-e-perspectivas-2020\/\"]}]},{\"@type\":\"BreadcrumbList\",\"@id\":\"https:\/\/www.estrategiaconcursos.com.br\/blog\/concursos-legislativos-carreiras-federais-e-perspectivas-2020\/#breadcrumb\",\"itemListElement\":[{\"@type\":\"ListItem\",\"position\":1,\"name\":\"In\u00edcio\",\"item\":\"https:\/\/www.estrategiaconcursos.com.br\/blog\/\"},{\"@type\":\"ListItem\",\"position\":2,\"name\":\"Concursos legislativos: conhe\u00e7a as carreiras federais e as perspectivas para 2020\"}]},{\"@type\":\"WebSite\",\"@id\":\"https:\/\/www.estrategiaconcursos.com.br\/blog\/#website\",\"url\":\"https:\/\/www.estrategiaconcursos.com.br\/blog\/\",\"name\":\"Estrat\u00e9gia Concursos\",\"description\":\"O blog da Estrat\u00e9gia Concursos traz not\u00edcias sobre concursos e artigos de professores oferecendo cursos para concursos (pdf + videaulas) no site.\",\"publisher\":{\"@id\":\"https:\/\/www.estrategiaconcursos.com.br\/blog\/#organization\"},\"potentialAction\":[{\"@type\":\"SearchAction\",\"target\":{\"@type\":\"EntryPoint\",\"urlTemplate\":\"https:\/\/www.estrategiaconcursos.com.br\/blog\/?s={search_term_string}\"},\"query-input\":{\"@type\":\"PropertyValueSpecification\",\"valueRequired\":true,\"valueName\":\"search_term_string\"}}],\"inLanguage\":\"pt-BR\"},{\"@type\":\"Organization\",\"@id\":\"https:\/\/www.estrategiaconcursos.com.br\/blog\/#organization\",\"name\":\"Estrat\u00e9gia Concursos\",\"url\":\"https:\/\/www.estrategiaconcursos.com.br\/blog\/\",\"logo\":{\"@type\":\"ImageObject\",\"inLanguage\":\"pt-BR\",\"@id\":\"https:\/\/www.estrategiaconcursos.com.br\/blog\/#\/schema\/logo\/image\/\",\"url\":\"https:\/\/dhg1h5j42swfq.cloudfront.net\/2025\/06\/03203428\/logo_concursos-1.jpg\",\"contentUrl\":\"https:\/\/dhg1h5j42swfq.cloudfront.net\/2025\/06\/03203428\/logo_concursos-1.jpg\",\"width\":230,\"height\":60,\"caption\":\"Estrat\u00e9gia Concursos\"},\"image\":{\"@id\":\"https:\/\/www.estrategiaconcursos.com.br\/blog\/#\/schema\/logo\/image\/\"},\"sameAs\":[\"https:\/\/x.com\/EstratConcursos\"]},{\"@type\":\"Person\",\"@id\":\"https:\/\/www.estrategiaconcursos.com.br\/blog\/#\/schema\/person\/1487d2b47adf846aa7da7eaea68212e2\",\"name\":\"Igor Lima de Freitas\",\"image\":{\"@type\":\"ImageObject\",\"inLanguage\":\"pt-BR\",\"@id\":\"https:\/\/secure.gravatar.com\/avatar\/1d225d7bcd6b359c34873e67c7694efaee149e7d5bcc219b50bee4eec2858f5c?s=96&d=mm&r=g\",\"url\":\"https:\/\/secure.gravatar.com\/avatar\/1d225d7bcd6b359c34873e67c7694efaee149e7d5bcc219b50bee4eec2858f5c?s=96&d=mm&r=g\",\"contentUrl\":\"https:\/\/secure.gravatar.com\/avatar\/1d225d7bcd6b359c34873e67c7694efaee149e7d5bcc219b50bee4eec2858f5c?s=96&d=mm&r=g\",\"caption\":\"Igor Lima de Freitas\"},\"url\":\"https:\/\/www.estrategiaconcursos.com.br\/blog\/author\/igorlimaestrategiaconcursos-com-br\/\"}]}<\/script>\n<!-- \/ Yoast SEO Premium plugin. -->","yoast_head_json":{"title":"Concursos legislativos: conhe\u00e7a as carreiras federais e as perspectivas para 2020","robots":{"index":"index","follow":"follow","max-snippet":"max-snippet:-1","max-image-preview":"max-image-preview:large","max-video-preview":"max-video-preview:-1"},"canonical":"https:\/\/www.estrategiaconcursos.com.br\/blog\/concursos-legislativos-carreiras-federais-e-perspectivas-2020\/","og_locale":"pt_BR","og_type":"article","og_title":"Concursos legislativos: conhe\u00e7a as carreiras federais e as perspectivas para 2020","og_description":"Ol\u00e1 pessoal, tudo bem? Neste artigo, iremos falar sobre as carreiras no Senado Federal e na C\u00e2mara dos Deputados e as perspectivas de concurso para o ano de 2020. S\u00e3o dois temas de extrema relev\u00e2ncia e que geram algumas d\u00favidas entre os concurseiros. Ent\u00e3o, vamos l\u00e1 Neste artigo voc\u00ea encontrar\u00e1 informa\u00e7\u00f5es como: 1. \u00daltimas informa\u00e7\u00f5es [&hellip;]","og_url":"https:\/\/www.estrategiaconcursos.com.br\/blog\/concursos-legislativos-carreiras-federais-e-perspectivas-2020\/","og_site_name":"Estrat\u00e9gia Concursos","article_published_time":"2019-09-23T00:59:27+00:00","article_modified_time":"2023-06-21T14:23:41+00:00","author":"Igor Lima de Freitas","twitter_card":"summary_large_image","twitter_creator":"@EstratConcursos","twitter_site":"@EstratConcursos","twitter_misc":{"Escrito por":"Igor Lima de Freitas","Est. tempo de leitura":"7 minutos"},"schema":{"@context":"https:\/\/schema.org","@graph":[{"@type":"NewsArticle","@id":"https:\/\/www.estrategiaconcursos.com.br\/blog\/concursos-legislativos-carreiras-federais-e-perspectivas-2020\/#article","isPartOf":{"@id":"https:\/\/www.estrategiaconcursos.com.br\/blog\/concursos-legislativos-carreiras-federais-e-perspectivas-2020\/"},"author":{"name":"Igor Lima de Freitas","@id":"https:\/\/www.estrategiaconcursos.com.br\/blog\/#\/schema\/person\/1487d2b47adf846aa7da7eaea68212e2"},"headline":"Concursos legislativos: conhe\u00e7a as carreiras federais e as perspectivas para 2020","datePublished":"2019-09-23T00:59:27+00:00","dateModified":"2023-06-21T14:23:41+00:00","mainEntityOfPage":{"@id":"https:\/\/www.estrategiaconcursos.com.br\/blog\/concursos-legislativos-carreiras-federais-e-perspectivas-2020\/"},"wordCount":1364,"commentCount":0,"publisher":{"@id":"https:\/\/www.estrategiaconcursos.com.br\/blog\/#organization"},"articleSection":["Concursos P\u00fablicos"],"inLanguage":"pt-BR","potentialAction":[{"@type":"CommentAction","name":"Comment","target":["https:\/\/www.estrategiaconcursos.com.br\/blog\/concursos-legislativos-carreiras-federais-e-perspectivas-2020\/#respond"]}],"copyrightYear":"2019","copyrightHolder":{"@id":"https:\/\/www.estrategiaconcursos.com.br\/blog\/#organization"}},{"@type":"WebPage","@id":"https:\/\/www.estrategiaconcursos.com.br\/blog\/concursos-legislativos-carreiras-federais-e-perspectivas-2020\/","url":"https:\/\/www.estrategiaconcursos.com.br\/blog\/concursos-legislativos-carreiras-federais-e-perspectivas-2020\/","name":"Concursos legislativos: conhe\u00e7a as carreiras federais e as perspectivas para 2020","isPartOf":{"@id":"https:\/\/www.estrategiaconcursos.com.br\/blog\/#website"},"datePublished":"2019-09-23T00:59:27+00:00","dateModified":"2023-06-21T14:23:41+00:00","breadcrumb":{"@id":"https:\/\/www.estrategiaconcursos.com.br\/blog\/concursos-legislativos-carreiras-federais-e-perspectivas-2020\/#breadcrumb"},"inLanguage":"pt-BR","potentialAction":[{"@type":"ReadAction","target":["https:\/\/www.estrategiaconcursos.com.br\/blog\/concursos-legislativos-carreiras-federais-e-perspectivas-2020\/"]}]},{"@type":"BreadcrumbList","@id":"https:\/\/www.estrategiaconcursos.com.br\/blog\/concursos-legislativos-carreiras-federais-e-perspectivas-2020\/#breadcrumb","itemListElement":[{"@type":"ListItem","position":1,"name":"In\u00edcio","item":"https:\/\/www.estrategiaconcursos.com.br\/blog\/"},{"@type":"ListItem","position":2,"name":"Concursos legislativos: conhe\u00e7a as carreiras federais e as perspectivas para 2020"}]},{"@type":"WebSite","@id":"https:\/\/www.estrategiaconcursos.com.br\/blog\/#website","url":"https:\/\/www.estrategiaconcursos.com.br\/blog\/","name":"Estrat\u00e9gia Concursos","description":"O blog da Estrat\u00e9gia Concursos traz not\u00edcias sobre concursos e artigos de professores oferecendo cursos para concursos (pdf + videaulas) no site.","publisher":{"@id":"https:\/\/www.estrategiaconcursos.com.br\/blog\/#organization"},"potentialAction":[{"@type":"SearchAction","target":{"@type":"EntryPoint","urlTemplate":"https:\/\/www.estrategiaconcursos.com.br\/blog\/?s={search_term_string}"},"query-input":{"@type":"PropertyValueSpecification","valueRequired":true,"valueName":"search_term_string"}}],"inLanguage":"pt-BR"},{"@type":"Organization","@id":"https:\/\/www.estrategiaconcursos.com.br\/blog\/#organization","name":"Estrat\u00e9gia Concursos","url":"https:\/\/www.estrategiaconcursos.com.br\/blog\/","logo":{"@type":"ImageObject","inLanguage":"pt-BR","@id":"https:\/\/www.estrategiaconcursos.com.br\/blog\/#\/schema\/logo\/image\/","url":"https:\/\/dhg1h5j42swfq.cloudfront.net\/2025\/06\/03203428\/logo_concursos-1.jpg","contentUrl":"https:\/\/dhg1h5j42swfq.cloudfront.net\/2025\/06\/03203428\/logo_concursos-1.jpg","width":230,"height":60,"caption":"Estrat\u00e9gia Concursos"},"image":{"@id":"https:\/\/www.estrategiaconcursos.com.br\/blog\/#\/schema\/logo\/image\/"},"sameAs":["https:\/\/x.com\/EstratConcursos"]},{"@type":"Person","@id":"https:\/\/www.estrategiaconcursos.com.br\/blog\/#\/schema\/person\/1487d2b47adf846aa7da7eaea68212e2","name":"Igor Lima de Freitas","image":{"@type":"ImageObject","inLanguage":"pt-BR","@id":"https:\/\/secure.gravatar.com\/avatar\/1d225d7bcd6b359c34873e67c7694efaee149e7d5bcc219b50bee4eec2858f5c?s=96&d=mm&r=g","url":"https:\/\/secure.gravatar.com\/avatar\/1d225d7bcd6b359c34873e67c7694efaee149e7d5bcc219b50bee4eec2858f5c?s=96&d=mm&r=g","contentUrl":"https:\/\/secure.gravatar.com\/avatar\/1d225d7bcd6b359c34873e67c7694efaee149e7d5bcc219b50bee4eec2858f5c?s=96&d=mm&r=g","caption":"Igor Lima de Freitas"},"url":"https:\/\/www.estrategiaconcursos.com.br\/blog\/author\/igorlimaestrategiaconcursos-com-br\/"}]}},"_links":{"self":[{"href":"https:\/\/www.estrategiaconcursos.com.br\/blog\/wp-json\/wp\/v2\/posts\/422025","targetHints":{"allow":["GET"]}}],"collection":[{"href":"https:\/\/www.estrategiaconcursos.com.br\/blog\/wp-json\/wp\/v2\/posts"}],"about":[{"href":"https:\/\/www.estrategiaconcursos.com.br\/blog\/wp-json\/wp\/v2\/types\/post"}],"author":[{"embeddable":true,"href":"https:\/\/www.estrategiaconcursos.com.br\/blog\/wp-json\/wp\/v2\/users\/626"}],"replies":[{"embeddable":true,"href":"https:\/\/www.estrategiaconcursos.com.br\/blog\/wp-json\/wp\/v2\/comments?post=422025"}],"version-history":[{"count":14,"href":"https:\/\/www.estrategiaconcursos.com.br\/blog\/wp-json\/wp\/v2\/posts\/422025\/revisions"}],"predecessor-version":[{"id":1236327,"href":"https:\/\/www.estrategiaconcursos.com.br\/blog\/wp-json\/wp\/v2\/posts\/422025\/revisions\/1236327"}],"wp:attachment":[{"href":"https:\/\/www.estrategiaconcursos.com.br\/blog\/wp-json\/wp\/v2\/media?parent=422025"}],"wp:term":[{"taxonomy":"category","embeddable":true,"href":"https:\/\/www.estrategiaconcursos.com.br\/blog\/wp-json\/wp\/v2\/categories?post=422025"},{"taxonomy":"post_tag","embeddable":true,"href":"https:\/\/www.estrategiaconcursos.com.br\/blog\/wp-json\/wp\/v2\/tags?post=422025"},{"taxonomy":"tax_estado","embeddable":true,"href":"https:\/\/www.estrategiaconcursos.com.br\/blog\/wp-json\/wp\/v2\/tax_estado?post=422025"}],"curies":[{"name":"wp","href":"https:\/\/api.w.org\/{rel}","templated":true}]}}