{"id":421916,"date":"2019-09-22T14:00:17","date_gmt":"2019-09-22T17:00:17","guid":{"rendered":"https:\/\/www.estrategiaconcursos.com.br\/blog\/?p=421916"},"modified":"2023-06-20T13:58:52","modified_gmt":"2023-06-20T16:58:52","slug":"concurso-sefaz-df-revisao-acelerada-exclusiva-para-assinantes","status":"publish","type":"post","link":"https:\/\/www.estrategiaconcursos.com.br\/blog\/concurso-sefaz-df-revisao-acelerada-exclusiva-para-assinantes\/","title":{"rendered":"Concurso Sefaz DF: revis\u00e3o acelerada exclusiva para assinantes"},"content":{"rendered":"\n<p>A jornada de um concurseiro n\u00e3o \u00e9 nada f\u00e1cil, mas voc\u00ea pode ter certeza que a coruja sempre estar\u00e1 ao seu lado buscando meios para facilitar seus estudos. <\/p>\n\n\n\n<p>O aguardado edital do concurso da <strong>Secretaria da Fazenda do Distrito Federal<\/strong> para o cargo de Auditor Fiscal da Receita, foi publicado em 17 de setembro. O certame ser\u00e1 organizado pelo <strong>Cebraspe <\/strong>(antigo Cespe), sendo ofertadas <em>40 vagas imediatas e 80 para cadastro de reserva<\/em>. As provas objetivas est\u00e3o previstas para o dia 02 de fevereiro de 2020.<\/p>\n\n\n\n<p class=\"has-text-align-center has-very-light-gray-background-color has-background has-medium-font-size\"><strong>Saiba mais: <a href=\"https:\/\/www.estrategiaconcursos.com.br\/blog\/concurso-sefaz-df-auditor\/\" target=\"_blank\" rel=\"noreferrer noopener\" aria-label=\"Concurso Sefaz DF (abre numa nova aba)\">Concurso Sefaz DF<\/a><\/strong><\/p>\n\n\n\n<p>Esse \u00e9 um cargo extremamente atrativo, a remunera\u00e7\u00e3o inicial pode chegar a R$ 18.000,00 e, sem d\u00favidas, ser\u00e1 um concurso de elevado n\u00edvel. Muitos alunos podem ter se assustado pela quantidade de disciplinas previstas no edital. Foi pensando nisso que decidimos realizar um grande evento online <strong><em><span style=\"text-decoration: underline;\">exclusivo para assinantes<\/span><\/em><\/strong>. <\/p>\n\n\n\n<p>Teremos 2 semanas de <strong>revis\u00e3o acelerada para Sefaz DF<\/strong>, tendo por objetivo revisar os principais assuntos previstos no conte\u00fado program\u00e1tico. O evento ter\u00e1 in\u00edcio em <strong><em>23 de setembro at\u00e9 06 de outubro<\/em><\/strong>, ou seja, ser\u00e3o duas semanas inteiras com aulas focadas nesse certame. <\/p>\n\n\n\n<p>As aulas ser\u00e3o transmitidas diretamente na sua \u00e1rea de aluno. Confira o cronograma que ser\u00e1 ministrado e o time de feras que aguarda por voc\u00ea:<br \/><\/p>\n\n\n\n<figure class=\"wp-block-table is-style-stripes\"><table class=\"has-subtle-pale-blue-background-color has-background has-fixed-layout\"><tbody><tr><td><strong>DISCIPLINA<\/strong><\/td><td><strong>PROFESSOR<\/strong><\/td><td><strong>AULAS<\/strong><\/td><\/tr><tr><td>L\u00edngua Portuguesa<\/td><td>D\u00e9cio Terror<\/td><td>1<\/td><\/tr><tr><td>Matem\u00e1tica Financeira e Racioc\u00ednio L\u00f3gico<\/td><td>Brunno Lima<\/td><td>1<\/td><\/tr><tr><td>Direito Constitucional<\/td><td>Ricardo Vale<\/td><td>1<\/td><\/tr><tr><td>Direito Administrativo<\/td><td>Herbert Almeida<\/td><td>1<\/td><\/tr><tr><td>Legisla\u00e7\u00e3o Tribut\u00e1ria Estadual<\/td><td>Eduardo da Rocha<\/td><td>1<\/td><\/tr><tr><td>Legisla\u00e7\u00e3o Municipal<\/td><td>Wagner Damazio<\/td><td>1<\/td><\/tr><tr><td>Direito Tribut\u00e1rio<\/td><td>F\u00e1bio Dutra<\/td><td>1<\/td><\/tr><tr><td>Estat\u00edstica<\/td><td>Carlos Henrique<\/td><td>1<\/td><\/tr><tr><td>Contabilidade P\u00fablica<\/td><td>Gilmar Possati<\/td><td>2<\/td><\/tr><tr><td>Contabilidade Geral<\/td><td>Marcondes Fortaleza<\/td><td>2<\/td><\/tr><tr><td>Direito Civil<\/td><td>Paulo Sousa<\/td><td>1<\/td><\/tr><tr><td>Direito Empresarial<\/td><td>Alessandro Sanchez<\/td><td>1<\/td><\/tr><tr><td>Direito Penal<\/td><td>Renan Ara\u00fajo <\/td><td>1<\/td><\/tr><tr><td>Economia e Finan\u00e7as P\u00fablicas<\/td><td>Celso Natale<\/td><td>2<\/td><\/tr><tr><td>Tecnologia da Informa\u00e7\u00e3o<\/td><td>Thiago Cavalcanti<\/td><td>2<\/td><\/tr><tr><td>Auditoria Fiscal do ICMS e ISS<\/td><td>Guilherme Santana<\/td><td>1<\/td><\/tr><tr><td>Contabilidade de Custos<\/td><td>Luciano Rosa<\/td><td>1<\/td><\/tr><tr><td>Direito Financeiro e Or\u00e7amento P\u00fablico<\/td><td>S\u00e9rgio Mendes<\/td><td>2<\/td><\/tr><tr><td>Lei Org\u00e2nica do DF<\/td><td>Rosenval Junior<\/td><td>1<\/td><\/tr><tr><td>Inform\u00e1tica<\/td><td>Renato da Costa<\/td><td>1<\/td><\/tr><tr><td>Conhecimentos sobre o Distrito Federal<\/td><td>Leandro Signori<\/td><td>1<\/td><\/tr><\/tbody><\/table><\/figure>\n\n\n\n<p><\/p>\n\n\n\n<hr class=\"wp-block-separator has-css-opacity\"\/>\n\n\n\n<h3 class=\"wp-block-heading has-text-align-center\" id=\"h-quer-estudar-para-concurso-sefaz-df\"><strong><em>Quer estudar para Concurso Sefaz DF?<\/em><\/strong><\/h3>\n\n\n\n<p class=\"has-text-align-center\"><em>Gostou desta oportunidade e deseja come\u00e7ar se preparar agora mesmo? Ent\u00e3o, confira os nossos cursos e comece a estudar para Sefaz DF:<\/em><\/p>\n\n\n\n<p class=\"has-text-align-center has-light-green-cyan-background-color has-background\" style=\"font-size:clamp(14.642px, 0.915rem + ((1vw - 3.2px) * 0.721), 22px);px\"><a rel=\"noreferrer noopener\" aria-label=\"CURSO SEFAZ DF (abre numa nova aba)\" href=\"https:\/\/www.estrategiaconcursos.com.br\/cursosPorConcurso\/sefaz-df-279\/\" target=\"_blank\"><strong>CURSO SEFAZ DF<\/strong><\/a><\/p>\n\n\n\n<p class=\"has-text-align-center has-medium-font-size\"><em><strong>Assinatura Anual Ilimitada*<\/strong><\/em><\/p>\n\n\n\n<p class=\"has-text-align-center\"><em>Prepare-se com o melhor material e com quem mais aprova em Concursos P\u00fablicos em todo o pa\u00eds. Assine agora a nossa Assinatura Anual e tenha acesso ilimitado* a todos os nossos cursos.<\/em><\/p>\n\n\n\n<p class=\"has-text-align-center has-luminous-vivid-amber-background-color has-background\" style=\"font-size:clamp(14.642px, 0.915rem + ((1vw - 3.2px) * 0.721), 22px);px\"><strong>ASSINE AGORA<\/strong>&nbsp;\u2013&nbsp;<a rel=\"noreferrer noopener\" href=\"https:\/\/www.estrategiaconcursos.com.br\/assinaturas\" target=\"_blank\"><strong>Assinatura Ilimitada<\/strong><\/a><\/p>\n\n\n\n<p class=\"has-text-align-center\" style=\"font-size:clamp(16.293px, 1.018rem + ((1vw - 3.2px) * 0.854), 25px);px\"><strong><em>Fique por dentro de todos os concursos<\/em><\/strong><\/p>\n\n\n\n<p class=\"has-text-align-center has-pale-cyan-blue-background-color has-background\" style=\"font-size:clamp(14.642px, 0.915rem + ((1vw - 3.2px) * 0.721), 22px);px\"><a aria-label=\"CONCURSOS ABERTOS (abre numa nova aba)\" href=\"https:\/\/www.estrategiaconcursos.com.br\/blog\/concursos-abertos\/\" target=\"_blank\" rel=\"noreferrer noopener\"><strong>CONCURSOS ABERTOS<\/strong><\/a><\/p>\n","protected":false},"excerpt":{"rendered":"<p>A jornada de um concurseiro n\u00e3o \u00e9 nada f\u00e1cil, mas voc\u00ea pode ter certeza que a coruja sempre estar\u00e1 ao seu lado buscando meios para facilitar seus estudos. O aguardado edital do concurso da Secretaria da Fazenda do Distrito Federal para o cargo de Auditor Fiscal da Receita, foi publicado em 17 de setembro. O [&hellip;]<\/p>\n","protected":false},"author":150,"featured_media":421918,"comment_status":"open","ping_status":"closed","sticky":false,"template":"","format":"standard","meta":{"post_tipo":"article","footnotes":""},"categories":[1],"tags":[],"tax_estado":[],"class_list":["post-421916","post","type-post","status-publish","format-standard","has-post-thumbnail","hentry","category-cursos-e-concursos"],"acf":[],"yoast_head":"<!-- This site is optimized with the Yoast SEO Premium plugin v27.2 (Yoast SEO v27.2) - https:\/\/yoast.com\/product\/yoast-seo-premium-wordpress\/ -->\n<title>Concurso Sefaz DF: revis\u00e3o acelerada exclusiva para assinantes<\/title>\n<meta name=\"robots\" content=\"index, follow, max-snippet:-1, max-image-preview:large, max-video-preview:-1\" \/>\n<link rel=\"canonical\" href=\"https:\/\/www.estrategiaconcursos.com.br\/blog\/concurso-sefaz-df-revisao-acelerada-exclusiva-para-assinantes\/\" \/>\n<meta property=\"og:locale\" content=\"pt_BR\" \/>\n<meta property=\"og:type\" content=\"article\" \/>\n<meta property=\"og:title\" content=\"Concurso Sefaz DF: revis\u00e3o acelerada exclusiva para assinantes\" \/>\n<meta property=\"og:description\" content=\"A jornada de um concurseiro n\u00e3o \u00e9 nada f\u00e1cil, mas voc\u00ea pode ter certeza que a coruja sempre estar\u00e1 ao seu lado buscando meios para facilitar seus estudos. O aguardado edital do concurso da Secretaria da Fazenda do Distrito Federal para o cargo de Auditor Fiscal da Receita, foi publicado em 17 de setembro. O [&hellip;]\" \/>\n<meta property=\"og:url\" content=\"https:\/\/www.estrategiaconcursos.com.br\/blog\/concurso-sefaz-df-revisao-acelerada-exclusiva-para-assinantes\/\" \/>\n<meta property=\"og:site_name\" content=\"Estrat\u00e9gia Concursos\" \/>\n<meta property=\"article:published_time\" content=\"2019-09-22T17:00:17+00:00\" \/>\n<meta property=\"article:modified_time\" content=\"2023-06-20T16:58:52+00:00\" \/>\n<meta property=\"og:image\" content=\"https:\/\/dhg1h5j42swfq.cloudfront.net\/2019\/09\/19153911\/YTB_SEFAZ_DF.jpg\" \/>\n\t<meta property=\"og:image:width\" content=\"1280\" \/>\n\t<meta property=\"og:image:height\" content=\"720\" \/>\n\t<meta property=\"og:image:type\" content=\"image\/jpeg\" \/>\n<meta name=\"author\" content=\"F\u00e1bio Dutra\" \/>\n<meta name=\"twitter:card\" content=\"summary_large_image\" \/>\n<meta name=\"twitter:creator\" content=\"@EstratConcursos\" \/>\n<meta name=\"twitter:site\" content=\"@EstratConcursos\" \/>\n<meta name=\"twitter:label1\" content=\"Escrito por\" \/>\n\t<meta name=\"twitter:data1\" content=\"F\u00e1bio Dutra\" \/>\n\t<meta name=\"twitter:label2\" content=\"Est. tempo de leitura\" \/>\n\t<meta name=\"twitter:data2\" content=\"2 minutos\" \/>\n<script type=\"application\/ld+json\" class=\"yoast-schema-graph\">{\"@context\":\"https:\/\/schema.org\",\"@graph\":[{\"@type\":\"NewsArticle\",\"@id\":\"https:\/\/www.estrategiaconcursos.com.br\/blog\/concurso-sefaz-df-revisao-acelerada-exclusiva-para-assinantes\/#article\",\"isPartOf\":{\"@id\":\"https:\/\/www.estrategiaconcursos.com.br\/blog\/concurso-sefaz-df-revisao-acelerada-exclusiva-para-assinantes\/\"},\"author\":{\"name\":\"F\u00e1bio Dutra\",\"@id\":\"https:\/\/www.estrategiaconcursos.com.br\/blog\/#\/schema\/person\/c6615b1e72eae70edca73ea5362ead63\"},\"headline\":\"Concurso Sefaz DF: revis\u00e3o acelerada exclusiva para assinantes\",\"datePublished\":\"2019-09-22T17:00:17+00:00\",\"dateModified\":\"2023-06-20T16:58:52+00:00\",\"mainEntityOfPage\":{\"@id\":\"https:\/\/www.estrategiaconcursos.com.br\/blog\/concurso-sefaz-df-revisao-acelerada-exclusiva-para-assinantes\/\"},\"wordCount\":431,\"commentCount\":0,\"publisher\":{\"@id\":\"https:\/\/www.estrategiaconcursos.com.br\/blog\/#organization\"},\"image\":{\"@id\":\"https:\/\/www.estrategiaconcursos.com.br\/blog\/concurso-sefaz-df-revisao-acelerada-exclusiva-para-assinantes\/#primaryimage\"},\"thumbnailUrl\":\"https:\/\/dhg1h5j42swfq.cloudfront.net\/2019\/09\/19153911\/YTB_SEFAZ_DF.jpg\",\"articleSection\":[\"Concursos P\u00fablicos\"],\"inLanguage\":\"pt-BR\",\"potentialAction\":[{\"@type\":\"CommentAction\",\"name\":\"Comment\",\"target\":[\"https:\/\/www.estrategiaconcursos.com.br\/blog\/concurso-sefaz-df-revisao-acelerada-exclusiva-para-assinantes\/#respond\"]}],\"copyrightYear\":\"2019\",\"copyrightHolder\":{\"@id\":\"https:\/\/www.estrategiaconcursos.com.br\/blog\/#organization\"}},{\"@type\":\"WebPage\",\"@id\":\"https:\/\/www.estrategiaconcursos.com.br\/blog\/concurso-sefaz-df-revisao-acelerada-exclusiva-para-assinantes\/\",\"url\":\"https:\/\/www.estrategiaconcursos.com.br\/blog\/concurso-sefaz-df-revisao-acelerada-exclusiva-para-assinantes\/\",\"name\":\"Concurso Sefaz DF: revis\u00e3o acelerada exclusiva para assinantes\",\"isPartOf\":{\"@id\":\"https:\/\/www.estrategiaconcursos.com.br\/blog\/#website\"},\"primaryImageOfPage\":{\"@id\":\"https:\/\/www.estrategiaconcursos.com.br\/blog\/concurso-sefaz-df-revisao-acelerada-exclusiva-para-assinantes\/#primaryimage\"},\"image\":{\"@id\":\"https:\/\/www.estrategiaconcursos.com.br\/blog\/concurso-sefaz-df-revisao-acelerada-exclusiva-para-assinantes\/#primaryimage\"},\"thumbnailUrl\":\"https:\/\/dhg1h5j42swfq.cloudfront.net\/2019\/09\/19153911\/YTB_SEFAZ_DF.jpg\",\"datePublished\":\"2019-09-22T17:00:17+00:00\",\"dateModified\":\"2023-06-20T16:58:52+00:00\",\"breadcrumb\":{\"@id\":\"https:\/\/www.estrategiaconcursos.com.br\/blog\/concurso-sefaz-df-revisao-acelerada-exclusiva-para-assinantes\/#breadcrumb\"},\"inLanguage\":\"pt-BR\",\"potentialAction\":[{\"@type\":\"ReadAction\",\"target\":[\"https:\/\/www.estrategiaconcursos.com.br\/blog\/concurso-sefaz-df-revisao-acelerada-exclusiva-para-assinantes\/\"]}]},{\"@type\":\"ImageObject\",\"inLanguage\":\"pt-BR\",\"@id\":\"https:\/\/www.estrategiaconcursos.com.br\/blog\/concurso-sefaz-df-revisao-acelerada-exclusiva-para-assinantes\/#primaryimage\",\"url\":\"https:\/\/dhg1h5j42swfq.cloudfront.net\/2019\/09\/19153911\/YTB_SEFAZ_DF.jpg\",\"contentUrl\":\"https:\/\/dhg1h5j42swfq.cloudfront.net\/2019\/09\/19153911\/YTB_SEFAZ_DF.jpg\",\"width\":1280,\"height\":720},{\"@type\":\"BreadcrumbList\",\"@id\":\"https:\/\/www.estrategiaconcursos.com.br\/blog\/concurso-sefaz-df-revisao-acelerada-exclusiva-para-assinantes\/#breadcrumb\",\"itemListElement\":[{\"@type\":\"ListItem\",\"position\":1,\"name\":\"In\u00edcio\",\"item\":\"https:\/\/www.estrategiaconcursos.com.br\/blog\/\"},{\"@type\":\"ListItem\",\"position\":2,\"name\":\"Concurso Sefaz DF: revis\u00e3o acelerada exclusiva para assinantes\"}]},{\"@type\":\"WebSite\",\"@id\":\"https:\/\/www.estrategiaconcursos.com.br\/blog\/#website\",\"url\":\"https:\/\/www.estrategiaconcursos.com.br\/blog\/\",\"name\":\"Estrat\u00e9gia Concursos\",\"description\":\"O blog da Estrat\u00e9gia Concursos traz not\u00edcias sobre concursos e artigos de professores oferecendo cursos para concursos (pdf + videaulas) no site.\",\"publisher\":{\"@id\":\"https:\/\/www.estrategiaconcursos.com.br\/blog\/#organization\"},\"potentialAction\":[{\"@type\":\"SearchAction\",\"target\":{\"@type\":\"EntryPoint\",\"urlTemplate\":\"https:\/\/www.estrategiaconcursos.com.br\/blog\/?s={search_term_string}\"},\"query-input\":{\"@type\":\"PropertyValueSpecification\",\"valueRequired\":true,\"valueName\":\"search_term_string\"}}],\"inLanguage\":\"pt-BR\"},{\"@type\":\"Organization\",\"@id\":\"https:\/\/www.estrategiaconcursos.com.br\/blog\/#organization\",\"name\":\"Estrat\u00e9gia Concursos\",\"url\":\"https:\/\/www.estrategiaconcursos.com.br\/blog\/\",\"logo\":{\"@type\":\"ImageObject\",\"inLanguage\":\"pt-BR\",\"@id\":\"https:\/\/www.estrategiaconcursos.com.br\/blog\/#\/schema\/logo\/image\/\",\"url\":\"https:\/\/dhg1h5j42swfq.cloudfront.net\/2025\/06\/03203428\/logo_concursos-1.jpg\",\"contentUrl\":\"https:\/\/dhg1h5j42swfq.cloudfront.net\/2025\/06\/03203428\/logo_concursos-1.jpg\",\"width\":230,\"height\":60,\"caption\":\"Estrat\u00e9gia Concursos\"},\"image\":{\"@id\":\"https:\/\/www.estrategiaconcursos.com.br\/blog\/#\/schema\/logo\/image\/\"},\"sameAs\":[\"https:\/\/x.com\/EstratConcursos\"]},{\"@type\":\"Person\",\"@id\":\"https:\/\/www.estrategiaconcursos.com.br\/blog\/#\/schema\/person\/c6615b1e72eae70edca73ea5362ead63\",\"name\":\"F\u00e1bio Dutra\",\"image\":{\"@type\":\"ImageObject\",\"inLanguage\":\"pt-BR\",\"@id\":\"https:\/\/secure.gravatar.com\/avatar\/2fb4b2715a33320653086a45a7174528e6836e078753b587b59cb70f7b453819?s=96&d=mm&r=g\",\"url\":\"https:\/\/secure.gravatar.com\/avatar\/2fb4b2715a33320653086a45a7174528e6836e078753b587b59cb70f7b453819?s=96&d=mm&r=g\",\"contentUrl\":\"https:\/\/secure.gravatar.com\/avatar\/2fb4b2715a33320653086a45a7174528e6836e078753b587b59cb70f7b453819?s=96&d=mm&r=g\",\"caption\":\"F\u00e1bio Dutra\"},\"url\":\"https:\/\/www.estrategiaconcursos.com.br\/blog\/author\/fabiodutraestrategiaconcursos-com-br\/\"}]}<\/script>\n<!-- \/ Yoast SEO Premium plugin. -->","yoast_head_json":{"title":"Concurso Sefaz DF: revis\u00e3o acelerada exclusiva para assinantes","robots":{"index":"index","follow":"follow","max-snippet":"max-snippet:-1","max-image-preview":"max-image-preview:large","max-video-preview":"max-video-preview:-1"},"canonical":"https:\/\/www.estrategiaconcursos.com.br\/blog\/concurso-sefaz-df-revisao-acelerada-exclusiva-para-assinantes\/","og_locale":"pt_BR","og_type":"article","og_title":"Concurso Sefaz DF: revis\u00e3o acelerada exclusiva para assinantes","og_description":"A jornada de um concurseiro n\u00e3o \u00e9 nada f\u00e1cil, mas voc\u00ea pode ter certeza que a coruja sempre estar\u00e1 ao seu lado buscando meios para facilitar seus estudos. O aguardado edital do concurso da Secretaria da Fazenda do Distrito Federal para o cargo de Auditor Fiscal da Receita, foi publicado em 17 de setembro. O [&hellip;]","og_url":"https:\/\/www.estrategiaconcursos.com.br\/blog\/concurso-sefaz-df-revisao-acelerada-exclusiva-para-assinantes\/","og_site_name":"Estrat\u00e9gia Concursos","article_published_time":"2019-09-22T17:00:17+00:00","article_modified_time":"2023-06-20T16:58:52+00:00","og_image":[{"width":1280,"height":720,"url":"https:\/\/dhg1h5j42swfq.cloudfront.net\/2019\/09\/19153911\/YTB_SEFAZ_DF.jpg","type":"image\/jpeg"}],"author":"F\u00e1bio Dutra","twitter_card":"summary_large_image","twitter_creator":"@EstratConcursos","twitter_site":"@EstratConcursos","twitter_misc":{"Escrito por":"F\u00e1bio Dutra","Est. tempo de leitura":"2 minutos"},"schema":{"@context":"https:\/\/schema.org","@graph":[{"@type":"NewsArticle","@id":"https:\/\/www.estrategiaconcursos.com.br\/blog\/concurso-sefaz-df-revisao-acelerada-exclusiva-para-assinantes\/#article","isPartOf":{"@id":"https:\/\/www.estrategiaconcursos.com.br\/blog\/concurso-sefaz-df-revisao-acelerada-exclusiva-para-assinantes\/"},"author":{"name":"F\u00e1bio Dutra","@id":"https:\/\/www.estrategiaconcursos.com.br\/blog\/#\/schema\/person\/c6615b1e72eae70edca73ea5362ead63"},"headline":"Concurso Sefaz DF: revis\u00e3o acelerada exclusiva para assinantes","datePublished":"2019-09-22T17:00:17+00:00","dateModified":"2023-06-20T16:58:52+00:00","mainEntityOfPage":{"@id":"https:\/\/www.estrategiaconcursos.com.br\/blog\/concurso-sefaz-df-revisao-acelerada-exclusiva-para-assinantes\/"},"wordCount":431,"commentCount":0,"publisher":{"@id":"https:\/\/www.estrategiaconcursos.com.br\/blog\/#organization"},"image":{"@id":"https:\/\/www.estrategiaconcursos.com.br\/blog\/concurso-sefaz-df-revisao-acelerada-exclusiva-para-assinantes\/#primaryimage"},"thumbnailUrl":"https:\/\/dhg1h5j42swfq.cloudfront.net\/2019\/09\/19153911\/YTB_SEFAZ_DF.jpg","articleSection":["Concursos P\u00fablicos"],"inLanguage":"pt-BR","potentialAction":[{"@type":"CommentAction","name":"Comment","target":["https:\/\/www.estrategiaconcursos.com.br\/blog\/concurso-sefaz-df-revisao-acelerada-exclusiva-para-assinantes\/#respond"]}],"copyrightYear":"2019","copyrightHolder":{"@id":"https:\/\/www.estrategiaconcursos.com.br\/blog\/#organization"}},{"@type":"WebPage","@id":"https:\/\/www.estrategiaconcursos.com.br\/blog\/concurso-sefaz-df-revisao-acelerada-exclusiva-para-assinantes\/","url":"https:\/\/www.estrategiaconcursos.com.br\/blog\/concurso-sefaz-df-revisao-acelerada-exclusiva-para-assinantes\/","name":"Concurso Sefaz DF: revis\u00e3o acelerada exclusiva para assinantes","isPartOf":{"@id":"https:\/\/www.estrategiaconcursos.com.br\/blog\/#website"},"primaryImageOfPage":{"@id":"https:\/\/www.estrategiaconcursos.com.br\/blog\/concurso-sefaz-df-revisao-acelerada-exclusiva-para-assinantes\/#primaryimage"},"image":{"@id":"https:\/\/www.estrategiaconcursos.com.br\/blog\/concurso-sefaz-df-revisao-acelerada-exclusiva-para-assinantes\/#primaryimage"},"thumbnailUrl":"https:\/\/dhg1h5j42swfq.cloudfront.net\/2019\/09\/19153911\/YTB_SEFAZ_DF.jpg","datePublished":"2019-09-22T17:00:17+00:00","dateModified":"2023-06-20T16:58:52+00:00","breadcrumb":{"@id":"https:\/\/www.estrategiaconcursos.com.br\/blog\/concurso-sefaz-df-revisao-acelerada-exclusiva-para-assinantes\/#breadcrumb"},"inLanguage":"pt-BR","potentialAction":[{"@type":"ReadAction","target":["https:\/\/www.estrategiaconcursos.com.br\/blog\/concurso-sefaz-df-revisao-acelerada-exclusiva-para-assinantes\/"]}]},{"@type":"ImageObject","inLanguage":"pt-BR","@id":"https:\/\/www.estrategiaconcursos.com.br\/blog\/concurso-sefaz-df-revisao-acelerada-exclusiva-para-assinantes\/#primaryimage","url":"https:\/\/dhg1h5j42swfq.cloudfront.net\/2019\/09\/19153911\/YTB_SEFAZ_DF.jpg","contentUrl":"https:\/\/dhg1h5j42swfq.cloudfront.net\/2019\/09\/19153911\/YTB_SEFAZ_DF.jpg","width":1280,"height":720},{"@type":"BreadcrumbList","@id":"https:\/\/www.estrategiaconcursos.com.br\/blog\/concurso-sefaz-df-revisao-acelerada-exclusiva-para-assinantes\/#breadcrumb","itemListElement":[{"@type":"ListItem","position":1,"name":"In\u00edcio","item":"https:\/\/www.estrategiaconcursos.com.br\/blog\/"},{"@type":"ListItem","position":2,"name":"Concurso Sefaz DF: revis\u00e3o acelerada exclusiva para assinantes"}]},{"@type":"WebSite","@id":"https:\/\/www.estrategiaconcursos.com.br\/blog\/#website","url":"https:\/\/www.estrategiaconcursos.com.br\/blog\/","name":"Estrat\u00e9gia Concursos","description":"O blog da Estrat\u00e9gia Concursos traz not\u00edcias sobre concursos e artigos de professores oferecendo cursos para concursos (pdf + videaulas) no site.","publisher":{"@id":"https:\/\/www.estrategiaconcursos.com.br\/blog\/#organization"},"potentialAction":[{"@type":"SearchAction","target":{"@type":"EntryPoint","urlTemplate":"https:\/\/www.estrategiaconcursos.com.br\/blog\/?s={search_term_string}"},"query-input":{"@type":"PropertyValueSpecification","valueRequired":true,"valueName":"search_term_string"}}],"inLanguage":"pt-BR"},{"@type":"Organization","@id":"https:\/\/www.estrategiaconcursos.com.br\/blog\/#organization","name":"Estrat\u00e9gia Concursos","url":"https:\/\/www.estrategiaconcursos.com.br\/blog\/","logo":{"@type":"ImageObject","inLanguage":"pt-BR","@id":"https:\/\/www.estrategiaconcursos.com.br\/blog\/#\/schema\/logo\/image\/","url":"https:\/\/dhg1h5j42swfq.cloudfront.net\/2025\/06\/03203428\/logo_concursos-1.jpg","contentUrl":"https:\/\/dhg1h5j42swfq.cloudfront.net\/2025\/06\/03203428\/logo_concursos-1.jpg","width":230,"height":60,"caption":"Estrat\u00e9gia Concursos"},"image":{"@id":"https:\/\/www.estrategiaconcursos.com.br\/blog\/#\/schema\/logo\/image\/"},"sameAs":["https:\/\/x.com\/EstratConcursos"]},{"@type":"Person","@id":"https:\/\/www.estrategiaconcursos.com.br\/blog\/#\/schema\/person\/c6615b1e72eae70edca73ea5362ead63","name":"F\u00e1bio Dutra","image":{"@type":"ImageObject","inLanguage":"pt-BR","@id":"https:\/\/secure.gravatar.com\/avatar\/2fb4b2715a33320653086a45a7174528e6836e078753b587b59cb70f7b453819?s=96&d=mm&r=g","url":"https:\/\/secure.gravatar.com\/avatar\/2fb4b2715a33320653086a45a7174528e6836e078753b587b59cb70f7b453819?s=96&d=mm&r=g","contentUrl":"https:\/\/secure.gravatar.com\/avatar\/2fb4b2715a33320653086a45a7174528e6836e078753b587b59cb70f7b453819?s=96&d=mm&r=g","caption":"F\u00e1bio Dutra"},"url":"https:\/\/www.estrategiaconcursos.com.br\/blog\/author\/fabiodutraestrategiaconcursos-com-br\/"}]}},"_links":{"self":[{"href":"https:\/\/www.estrategiaconcursos.com.br\/blog\/wp-json\/wp\/v2\/posts\/421916","targetHints":{"allow":["GET"]}}],"collection":[{"href":"https:\/\/www.estrategiaconcursos.com.br\/blog\/wp-json\/wp\/v2\/posts"}],"about":[{"href":"https:\/\/www.estrategiaconcursos.com.br\/blog\/wp-json\/wp\/v2\/types\/post"}],"author":[{"embeddable":true,"href":"https:\/\/www.estrategiaconcursos.com.br\/blog\/wp-json\/wp\/v2\/users\/150"}],"replies":[{"embeddable":true,"href":"https:\/\/www.estrategiaconcursos.com.br\/blog\/wp-json\/wp\/v2\/comments?post=421916"}],"version-history":[{"count":10,"href":"https:\/\/www.estrategiaconcursos.com.br\/blog\/wp-json\/wp\/v2\/posts\/421916\/revisions"}],"predecessor-version":[{"id":1235679,"href":"https:\/\/www.estrategiaconcursos.com.br\/blog\/wp-json\/wp\/v2\/posts\/421916\/revisions\/1235679"}],"wp:featuredmedia":[{"embeddable":true,"href":"https:\/\/www.estrategiaconcursos.com.br\/blog\/wp-json\/wp\/v2\/media\/421918"}],"wp:attachment":[{"href":"https:\/\/www.estrategiaconcursos.com.br\/blog\/wp-json\/wp\/v2\/media?parent=421916"}],"wp:term":[{"taxonomy":"category","embeddable":true,"href":"https:\/\/www.estrategiaconcursos.com.br\/blog\/wp-json\/wp\/v2\/categories?post=421916"},{"taxonomy":"post_tag","embeddable":true,"href":"https:\/\/www.estrategiaconcursos.com.br\/blog\/wp-json\/wp\/v2\/tags?post=421916"},{"taxonomy":"tax_estado","embeddable":true,"href":"https:\/\/www.estrategiaconcursos.com.br\/blog\/wp-json\/wp\/v2\/tax_estado?post=421916"}],"curies":[{"name":"wp","href":"https:\/\/api.w.org\/{rel}","templated":true}]}}