{"id":420904,"date":"2019-09-23T06:38:41","date_gmt":"2019-09-23T09:38:41","guid":{"rendered":"https:\/\/www.estrategiaconcursos.com.br\/blog\/?p=420904"},"modified":"2020-08-11T11:56:03","modified_gmt":"2020-08-11T14:56:03","slug":"remuneracao-sefaz-df-qual-o-efetivo-salario-inicial","status":"publish","type":"post","link":"https:\/\/www.estrategiaconcursos.com.br\/blog\/remuneracao-sefaz-df-qual-o-efetivo-salario-inicial\/","title":{"rendered":"REMUNERA\u00c7\u00c3O SEFAZ DF: Qual o efetivo sal\u00e1rio inicial?"},"content":{"rendered":"\n<p>Fala Pessoal! Hoje traremos as possibilidades de ganhos no in\u00edcio e no final da carreira fiscal do Distrito Federal (DF). Temos certeza de que, com as informa\u00e7\u00f5es que apresentaremos neste artigo, voc\u00ea ter\u00e1 mais motiva\u00e7\u00e3o para estudar. O Estrat\u00e9gia pesquisou as gratifica\u00e7\u00f5es, vantagens e adicionais recebidos pelos auditores fiscais do DF.<\/p>\n\n\n\n<p>A<strong> remunera\u00e7\u00e3o b\u00e1sica inicial<\/strong> da carreira \u00e9 de aproximadamente <strong>R$ 15 mil<\/strong> e pode chegar a mais de R$ 22 mil para o servidor no \u00faltimo n\u00edvel. Um per\u00edodo de aproximadamente 15 anos de exerc\u00edcio. Al\u00e9m do vencimento b\u00e1sico, a estrutura remunerat\u00f3ria prevista nesta n\u00e3o impede a percep\u00e7\u00e3o de outras vantagens, gratifica\u00e7\u00f5es e adicionais previstos em leis espec\u00edficas, como:<\/p>\n\n\n\n<p>\u2013 Indeniza\u00e7\u00e3o de transporte (<a rel=\"noreferrer noopener\" aria-label=\" (abre numa nova aba)\" href=\"http:\/\/www.fazenda.df.gov.br\/aplicacoes\/legislacao\/legislacao\/TelaSaidaDocumento.cfm?txtNumero=111&amp;txtAno=2012&amp;txtTipo=7&amp;txtParte=.\" target=\"_blank\">Portaria n\u00ba 111\/2012<\/a>)<\/p>\n\n\n\n<p>\u2013 Gratifica\u00e7\u00e3o de qualifica\u00e7\u00e3o GTIT (<a href=\"http:\/\/www.fazenda.df.gov.br\/aplicacoes\/legislacao\/legislacao\/TelaSaidaDocumento.cfm?txtNumero=4426&amp;txtAno=2009&amp;txtTipo=5&amp;txtParte=.\">Lei n\u00ba. 4.426<\/a>) <\/p>\n\n\n\n<p>\u2013 Adicional de Qualifica\u00e7\u00e3o \u2013 AQ (Lei n\u00ba. 4.426) <\/p>\n\n\n\n<p>Com esses adicionais, a <strong>remunera\u00e7\u00e3o m\u00e9dia inicial<\/strong> est\u00e1 em torno de <strong>R$ 18 mil<\/strong>!<\/p>\n\n\n\n<p><strong><em>Al\u00e9m disso, \u00e9 pl<\/em><\/strong><em style=\"font-weight: bold\">enamente poss\u00edvel observar um Auditor Fiscal do Distrito Federal recebendo remunera\u00e7\u00f5es l\u00edquidas pr\u00f3ximas de R$ 30.000,00 (trinta mil reais). <\/em>Nesses valores mais altos, o Estrat\u00e9gia identificou que existem adicionais por assumir um cargo em comiss\u00e3o ou uma fun\u00e7\u00e3o de confian\u00e7a, al\u00e9m de adicionais por tempo de servi\u00e7o. <\/p>\n\n\n\n<p>Voc\u00ea pode conferir esses valores no <a rel=\"noreferrer noopener\" aria-label=\"portal da transpar\u00eancia neste link (abre numa nova aba)\" href=\"http:\/\/www.transparencia.df.gov.br\/\" target=\"_blank\">portal da transpar\u00eancia neste link<\/a><\/p>\n\n\n\n<p>DICAS para preenchimento no <strong>Portal da Transpar\u00eancia do Distrito Federal:<\/strong><\/p>\n\n\n\n<ol class=\"wp-block-list\"><li>Clique no \u00edcone: FILTRAR<\/li><li> \u00d3rg\u00e3o: SECRETARIA DE ESTADO DE ECONOMIA DO DISTRITO FEDERAL <\/li><li>Cargo: AUDITOR-FISCAL DA RECEITA DF <\/li><li>Clique em pesquisar.<\/li><\/ol>\n\n\n\n<p>A seguir, apresentaremos a tabela de remunera\u00e7\u00e3o de acordo com a classe e o padr\u00e3o. Posteriormente, o detalhamento de cada adicional previsto em lei espec\u00edfica, e dois espelhos de contracheque.<\/p>\n\n\n\n<h3 class=\"wp-block-heading\">Remunera\u00e7\u00e3o b\u00e1sica<\/h3>\n\n\n\n<p>O vencimento do cargo de Auditor-Fiscal da Receita do Distrito Federal observar\u00e1 os \u00edndices previstos na seguinte Tabela de Vencimento (atualizada em 01.01.2015):<\/p>\n\n\n\n<figure class=\"wp-block-image\"><img loading=\"lazy\" decoding=\"async\" width=\"749\" height=\"594\" src=\"https:\/\/dhg1h5j42swfq.cloudfront.net\/2016\/11\/03133128\/vencimento-atualizado.png\" alt=\"vencimento-atualizado\" class=\"wp-image-54030\" srcset=\"https:\/\/dhg1h5j42swfq.cloudfront.net\/2016\/11\/03133128\/vencimento-atualizado.png 749w, https:\/\/dhg1h5j42swfq.cloudfront.net\/2016\/11\/03133128\/vencimento-atualizado.png 300w, https:\/\/dhg1h5j42swfq.cloudfront.net\/2016\/11\/03133128\/vencimento-atualizado.png 378w\" sizes=\"auto, (max-width: 749px) 100vw, 749px\" \/><figcaption>Concurso SEFAZ DF: estrutura remunerat\u00f3ria<\/figcaption><\/figure>\n\n\n\n<h3 class=\"wp-block-heading\">Indeniza\u00e7\u00e3o de Transporte<\/h3>\n\n\n\n<p>A regulamenta\u00e7\u00e3o desse adicional foi realizada pela Portaria n\u00ba 111\/2012 . <\/p>\n\n\n\n<p><strong>Nota! <\/strong> A indeniza\u00e7\u00e3o \u00e9 devida aos ocupantes do cargo de Auditor-Fiscal da Receita do Distrito Federal desde que o <strong>ve\u00edculo pr\u00f3prio<\/strong> seja utilizado para o desempenho de suas fun\u00e7\u00f5es.<\/p>\n\n\n\n<p><span style=\"text-decoration: underline;\">Como \u00e9 feito o pagamento desse adicional?<\/span> <\/p>\n\n\n\n<p>A indeniza\u00e7\u00e3o pelo uso de ve\u00edculo pr\u00f3prio ser\u00e1 paga por deslocamento, mediante a aplica\u00e7\u00e3o da seguinte f\u00f3rmula: <strong>I = QD x DMP x CTKM<\/strong><\/p>\n\n\n\n<p>onde:<\/p>\n\n\n\n<p>I = valor da indeniza\u00e7\u00e3o;<\/p>\n\n\n\n<p>QD = quantidade de deslocamentos (limite mensal de 22 deslocamentos);<\/p>\n\n\n\n<p>DMP = dist\u00e2ncia m\u00e9dia percorrida por deslocamento, que corresponde a&nbsp;67,90 km;<\/p>\n\n\n\n<p>CTKM = custo total por quil\u00f4metro rodado, que corresponde a R$&nbsp;1,426 (um real, quatrocentos e vinte seis mil\u00e9simos de reais).<\/p>\n\n\n\n<p>Dessa forma, o valor m\u00e1ximo pode chegar a <strong>R$ 2.130,16.<\/strong> Como possui car\u00e1ter indenizat\u00f3rio, n\u00e3o h\u00e1 incid\u00eancia do imposto de renda. <\/p>\n\n\n\n<h3 class=\"wp-block-heading\">Gratifica\u00e7\u00e3o de qualifica\u00e7\u00e3o &#8211; GTIT <\/h3>\n\n\n\n<p>\u00c9 muito bacana ser aprovado num concurso que incentiva a evolu\u00e7\u00e3o do quadro de servidores p\u00fablicos. No caso da SEFAZ DF, se voc\u00ea for portador de t\u00edtulos, diplomas ou certificados adicionais obtidos mediante conclus\u00e3o de cursos de Ensino M\u00e9dio, Gradua\u00e7\u00e3o, P\u00f3s-Gradua\u00e7\u00e3o Lato&nbsp;sensu, Mestrado ou Doutorado, poder\u00e1 fazer jus a <strong>GTIT<\/strong>. <\/p>\n\n\n\n<p><strong>Nota!<\/strong> Se o t\u00edtulo ou certificado for requisito para ingresso no cargo, ent\u00e3o n\u00e3o h\u00e1 o que se falar em gratifica\u00e7\u00e3o.<\/p>\n\n\n\n<p>Destaca-se tamb\u00e9m que a vantagem s\u00f3 ser\u00e1 devida ao servidor p\u00fablico se a p\u00f3s-gradua\u00e7\u00e3o Lato sensu, Mestrado ou Doutorado forem reconhecidos pelo Minist\u00e9rio da Educa\u00e7\u00e3o.<\/p>\n\n\n\n<p>E quanto voc\u00ea, futuro auditor fiscal, receber\u00e1 de <strong>GTIT<\/strong>? <\/p>\n\n\n\n<p>De acordo com a Lei n\u00ba. 4.426, a <strong>GTIT<\/strong> ter\u00e1 como base de c\u00e1lculo o valor de refer\u00eancia de R$ 2.800,00 (dois mil e oitocentos reais) e ser\u00e1 calculada pelo multiplica\u00e7\u00e3o dessa base de c\u00e1lculo pelos respectivos percentuais, conforme disposto abaixo:<\/p>\n\n\n\n<figure class=\"wp-block-table aligncenter is-style-stripes\"><table class=\"has-subtle-pale-blue-background-color has-fixed-layout has-background\"><tbody><tr><td><strong>T\u00cdTULO<\/strong><\/td><td><strong>PERCENTUAL <\/strong><\/td><\/tr><tr><td> Segundo diploma de curso superior em n\u00edvel de <br \/>gradua\u00e7\u00e3o <\/td><td>10%<\/td><\/tr><tr><td> Certificado de curso de p\u00f3s-gradua\u00e7\u00e3o lato sensu <br \/>(incluindo MBA), com carga hor\u00e1ria m\u00ednima de 360h <\/td><td>15%<\/td><\/tr><tr><td>Diploma de mestrado<\/td><td>20%<\/td><\/tr><tr><td>Diploma de doutorado<\/td><td>30%<\/td><\/tr><\/tbody><\/table><\/figure>\n\n\n\n<p>Olha que interessante, o cargo j\u00e1 exige n\u00edvel superior, assim, voc\u00ea n\u00e3o ter\u00e1 qualquer vantagem na primeira gradua\u00e7\u00e3o. Por\u00e9m, o inciso IV da supracitada lei estabelece que aqueles servidores que tiverem uma <strong>segunda gradua\u00e7\u00e3o<\/strong> receber\u00e3o <strong>10%<\/strong> da base de c\u00e1lculo.<\/p>\n\n\n\n<p><strong>Nota!<\/strong> N\u00e3o h\u00e1 acumula\u00e7\u00e3o de <strong>GTIT<\/strong>. Voc\u00ea receber\u00e1 aquela que possuir maior valor. <\/p>\n\n\n\n<p><strong>Nota! <\/strong> Os <strong>cursos de extens\u00e3o e os sequenciais<\/strong>, apesar de serem considerados superiores conforme artigo 44 da Lei n\u00ba 9.394\/96, n\u00e3o s\u00e3o cursos de gradua\u00e7\u00e3o; portanto, <strong>n\u00e3o podem ser considerados para a concess\u00e3o da GTIT.<\/strong> <\/p>\n\n\n\n<p>Os <strong>cursos tecnol\u00f3gicos (ou de tecn\u00f3logos) <\/strong>conforme a Resolu\u00e7\u00e3o CNE\/CP n\u00ba 3, de 18 de dezembro de 2002, <strong>s\u00e3o considerados de gradua\u00e7\u00e3o.<\/strong> \u201cOs cursos superiores de tecnologia s\u00e3o cursos de gradua\u00e7\u00e3o, com caracter\u00edsticas especiais, e obedecer\u00e3o \u00e0s diretrizes contidas no Parecer CNE\/CES 436\/2001 e conduzir\u00e3o \u00e0 obten\u00e7\u00e3o de diploma de tecn\u00f3logo.\u201d Para melhor entendimento, os cursos considerados de gradua\u00e7\u00e3o s\u00e3o: os bacharelados, as licenciaturas e os tecn\u00f3logos. <\/p>\n\n\n\n<h3 class=\"wp-block-heading\">Adicional de Qualifica\u00e7\u00e3o \u2013 AQ <\/h3>\n\n\n\n<p>Esse adicional \u00e9 devido aos portadores de certificados obtidos mediante conclus\u00e3o de <strong>cursos de capacita\u00e7\u00e3o e desenvolvimento<\/strong>.<\/p>\n\n\n\n<p>Assim como o GTIT, a base de c\u00e1lculo (valor de refer\u00eancia) \u00e9 de R$ 2.800,00 (dois mil e oitocentos reais) e ser\u00e1 devido ao servidor que possuir certificados de capacita\u00e7\u00e3o conforme disposto abaixo, desde que guardem pertin\u00eancia com as atribui\u00e7\u00f5es do cargo ocupado ou da unidade de lota\u00e7\u00e3o e exerc\u00edcio:<\/p>\n\n\n\n<figure class=\"wp-block-table aligncenter is-style-stripes\"><table class=\"has-subtle-pale-blue-background-color has-fixed-layout has-background\"><tbody><tr><td><strong>CARGA HOR\u00c1RIA TOTAL M\u00cdNIMA<\/strong><\/td><td><strong>PERCENTUAL<\/strong><\/td><\/tr><tr><td>60h<\/td><td>2%<\/td><\/tr><tr><td>90h<\/td><td>3%<\/td><\/tr><tr><td>120h<\/td><td>4%<\/td><\/tr><\/tbody><\/table><\/figure>\n\n\n\n<p><strong>Nota!<\/strong> O Adicional de qualifica\u00e7\u00e3o tamb\u00e9m n\u00e3o poder\u00e1 ser objeto de acumula\u00e7\u00e3o com outro AQ. <\/p>\n\n\n\n<p>Outra informa\u00e7\u00e3o interessante \u00e9 que as cargas hor\u00e1rias dos certificados <strong>poder\u00e3o ser somadas <\/strong>para atingir a carga hor\u00e1ria total m\u00ednima para fazer jus ao Adicional de Qualifica\u00e7\u00e3o. Por\u00e9m, cada certificado precisa ter, como carga hor\u00e1ria m\u00ednima, pelo menos 8 horas. <\/p>\n\n\n\n<p>Animados? Use os contracheques abaixo para aumentar sua inspira\u00e7\u00e3o! Eles foram retirados do Portal da Transpar\u00eancia do Distrito Federal no modelo resumido e detalhado. <\/p>\n\n\n\n<p>EXEMPLO 1:<\/p>\n\n\n\n<figure class=\"wp-block-image is-resized\"><img loading=\"lazy\" decoding=\"async\" src=\"https:\/\/dhg1h5j42swfq.cloudfront.net\/2019\/09\/19092552\/ESPELHO-CONTRA-CHEQUE-A.png\" alt=\"\" class=\"wp-image-421704\" width=\"504\" height=\"586\" srcset=\"https:\/\/dhg1h5j42swfq.cloudfront.net\/2019\/09\/19092552\/ESPELHO-CONTRA-CHEQUE-A.png 599w, https:\/\/dhg1h5j42swfq.cloudfront.net\/2019\/09\/19092552\/ESPELHO-CONTRA-CHEQUE-A.png 258w\" sizes=\"auto, (max-width: 504px) 100vw, 504px\" \/><figcaption>EXEMPLO 1 &#8211; SIMPLIFICADO<\/figcaption><\/figure>\n\n\n\n<figure class=\"wp-block-image is-resized\"><img loading=\"lazy\" decoding=\"async\" src=\"https:\/\/dhg1h5j42swfq.cloudfront.net\/2019\/09\/19092622\/ESPELHO-CONTRA-CHEQUE-B.png\" alt=\"\" class=\"wp-image-421705\" width=\"776\" height=\"226\" srcset=\"https:\/\/dhg1h5j42swfq.cloudfront.net\/2019\/09\/19092622\/ESPELHO-CONTRA-CHEQUE-B.png 1849w, https:\/\/dhg1h5j42swfq.cloudfront.net\/2019\/09\/19092622\/ESPELHO-CONTRA-CHEQUE-B.png 300w, https:\/\/dhg1h5j42swfq.cloudfront.net\/2019\/09\/19092622\/ESPELHO-CONTRA-CHEQUE-B.png 768w, https:\/\/dhg1h5j42swfq.cloudfront.net\/2019\/09\/19092622\/ESPELHO-CONTRA-CHEQUE-B.png 1024w, https:\/\/dhg1h5j42swfq.cloudfront.net\/2019\/09\/19092622\/ESPELHO-CONTRA-CHEQUE-B.png 610w\" sizes=\"auto, (max-width: 776px) 100vw, 776px\" \/><figcaption>EXEMPLO 1 &#8211; DETALHADO<\/figcaption><\/figure>\n\n\n\n<figure class=\"wp-block-image is-resized\"><img loading=\"lazy\" decoding=\"async\" src=\"https:\/\/dhg1h5j42swfq.cloudfront.net\/2019\/09\/19092649\/ESPELHO-CONTRA-CHEQUE-0.png\" alt=\"\" class=\"wp-image-421706\" width=\"468\" height=\"543\" srcset=\"https:\/\/dhg1h5j42swfq.cloudfront.net\/2019\/09\/19092649\/ESPELHO-CONTRA-CHEQUE-0.png 603w, https:\/\/dhg1h5j42swfq.cloudfront.net\/2019\/09\/19092649\/ESPELHO-CONTRA-CHEQUE-0.png 258w\" sizes=\"auto, (max-width: 468px) 100vw, 468px\" \/><figcaption>EXEMPLO 2 &#8211; SIMPLIFICADO<\/figcaption><\/figure>\n\n\n\n<figure class=\"wp-block-image is-resized\"><img loading=\"lazy\" decoding=\"async\" src=\"https:\/\/dhg1h5j42swfq.cloudfront.net\/2019\/09\/19092711\/ESPELHO-CONTRA-CHEQUE-1.png\" alt=\"\" class=\"wp-image-421707\" width=\"780\" height=\"289\" srcset=\"https:\/\/dhg1h5j42swfq.cloudfront.net\/2019\/09\/19092711\/ESPELHO-CONTRA-CHEQUE-1.png 1833w, https:\/\/dhg1h5j42swfq.cloudfront.net\/2019\/09\/19092711\/ESPELHO-CONTRA-CHEQUE-1.png 300w, https:\/\/dhg1h5j42swfq.cloudfront.net\/2019\/09\/19092711\/ESPELHO-CONTRA-CHEQUE-1.png 768w, https:\/\/dhg1h5j42swfq.cloudfront.net\/2019\/09\/19092711\/ESPELHO-CONTRA-CHEQUE-1.png 1024w, https:\/\/dhg1h5j42swfq.cloudfront.net\/2019\/09\/19092711\/ESPELHO-CONTRA-CHEQUE-1.png 610w\" sizes=\"auto, (max-width: 780px) 100vw, 780px\" \/><figcaption>EXEMPLO 2 &#8211; DETALHADO<\/figcaption><\/figure>\n\n\n\n<p class=\"has-background has-text-align-center has-medium-font-size has-very-light-gray-background-color\"><strong>Quer saber mais detalhes do concurso SEFAZ DF? <\/strong><a rel=\"noreferrer noopener\" aria-label=\" (abre numa nova aba)\" href=\"https:\/\/www.estrategiaconcursos.com.br\/blog\/concurso-sefaz-df-auditor\/\" target=\"_blank\"><strong>Confira aqui<\/strong><\/a><\/p>\n\n\n\n<p style=\"font-size:22px\" class=\"has-background has-text-align-center has-luminous-vivid-amber-background-color\"><a rel=\"noreferrer noopener\" aria-label=\"ASSINATURA ILIMITADA (abre numa nova aba)\" href=\"https:\/\/www.estrategiaconcursos.com.br\/assinaturas\/\" target=\"_blank\"><strong>ASSINATURA ILIMITADA<\/strong><\/a><\/p>\n\n\n\n<p style=\"font-size:22px\" class=\"has-background has-text-align-center has-pale-cyan-blue-background-color\"><a rel=\"noreferrer noopener\" aria-label=\"CONCURSOS 2019 (abre numa nova aba)\" href=\"https:\/\/www.estrategiaconcursos.com.br\/blog\/concursos-2019\/\" target=\"_blank\"><strong>CONCURSOS 2019<\/strong><\/a><\/p>\n\n\n\n<p style=\"font-size:22px\" class=\"has-background has-text-align-center has-pale-cyan-blue-background-color\"><a rel=\"noreferrer noopener\" aria-label=\"CONCURSOS 2020 (abre numa nova aba)\" href=\"https:\/\/www.estrategiaconcursos.com.br\/blog\/concursos-2020\/\" target=\"_blank\"><strong>CONCURSOS 2020<\/strong><\/a><\/p>\n\n\n\n<p style=\"font-size:22px\" class=\"has-background has-text-align-center has-pale-cyan-blue-background-color\"><a rel=\"noreferrer noopener\" aria-label=\"CONCURSOS ABERTOS (abre numa nova aba)\" href=\"https:\/\/www.estrategiaconcursos.com.br\/blog\/concursos-abertos\/\" target=\"_blank\"><strong>CONCURSOS ABERTOS<\/strong><\/a><\/p>\n","protected":false},"excerpt":{"rendered":"<p>Fala Pessoal! Hoje traremos as possibilidades de ganhos no in\u00edcio e no final da carreira fiscal do Distrito Federal (DF). Temos certeza de que, com as informa\u00e7\u00f5es que apresentaremos neste artigo, voc\u00ea ter\u00e1 mais motiva\u00e7\u00e3o para estudar. O Estrat\u00e9gia pesquisou as gratifica\u00e7\u00f5es, vantagens e adicionais recebidos pelos auditores fiscais do DF. A remunera\u00e7\u00e3o b\u00e1sica inicial [&hellip;]<\/p>\n","protected":false},"author":1,"featured_media":147072,"comment_status":"open","ping_status":"closed","sticky":false,"template":"","format":"standard","meta":{"post_tipo":"news","footnotes":""},"categories":[1],"tags":[],"tax_estado":[],"class_list":["post-420904","post","type-post","status-publish","format-standard","has-post-thumbnail","hentry","category-cursos-e-concursos"],"acf":[],"yoast_head":"<!-- This site is optimized with the Yoast SEO Premium plugin v27.2 (Yoast SEO v27.2) - https:\/\/yoast.com\/product\/yoast-seo-premium-wordpress\/ -->\n<title>REMUNERA\u00c7\u00c3O SEFAZ DF: Qual o efetivo sal\u00e1rio inicial?<\/title>\n<meta name=\"robots\" content=\"index, follow, max-snippet:-1, max-image-preview:large, max-video-preview:-1\" \/>\n<link rel=\"canonical\" href=\"https:\/\/www.estrategiaconcursos.com.br\/blog\/remuneracao-sefaz-df-qual-o-efetivo-salario-inicial\/\" \/>\n<meta property=\"og:locale\" content=\"pt_BR\" \/>\n<meta property=\"og:type\" content=\"article\" \/>\n<meta property=\"og:title\" content=\"REMUNERA\u00c7\u00c3O SEFAZ DF: Qual o efetivo sal\u00e1rio inicial?\" \/>\n<meta property=\"og:description\" content=\"Fala Pessoal! Hoje traremos as possibilidades de ganhos no in\u00edcio e no final da carreira fiscal do Distrito Federal (DF). Temos certeza de que, com as informa\u00e7\u00f5es que apresentaremos neste artigo, voc\u00ea ter\u00e1 mais motiva\u00e7\u00e3o para estudar. O Estrat\u00e9gia pesquisou as gratifica\u00e7\u00f5es, vantagens e adicionais recebidos pelos auditores fiscais do DF. A remunera\u00e7\u00e3o b\u00e1sica inicial [&hellip;]\" \/>\n<meta property=\"og:url\" content=\"https:\/\/www.estrategiaconcursos.com.br\/blog\/remuneracao-sefaz-df-qual-o-efetivo-salario-inicial\/\" \/>\n<meta property=\"og:site_name\" content=\"Estrat\u00e9gia Concursos\" \/>\n<meta property=\"article:author\" content=\"https:\/\/www.facebook.com\/EstrategiaConcursos\" \/>\n<meta property=\"article:published_time\" content=\"2019-09-23T09:38:41+00:00\" \/>\n<meta property=\"article:modified_time\" content=\"2020-08-11T14:56:03+00:00\" \/>\n<meta property=\"og:image\" content=\"https:\/\/dhg1h5j42swfq.cloudfront.net\/2018\/10\/16115133\/concurso-sefaz-df.jpg\" \/>\n\t<meta property=\"og:image:width\" content=\"1200\" \/>\n\t<meta property=\"og:image:height\" content=\"628\" \/>\n\t<meta property=\"og:image:type\" content=\"image\/jpeg\" \/>\n<meta name=\"author\" content=\"Coordena\u00e7\u00e3o\" \/>\n<meta name=\"twitter:card\" content=\"summary_large_image\" \/>\n<meta name=\"twitter:creator\" content=\"@EstratConcursos\" \/>\n<meta name=\"twitter:site\" content=\"@EstratConcursos\" \/>\n<meta name=\"twitter:label1\" content=\"Escrito por\" \/>\n\t<meta name=\"twitter:data1\" content=\"Coordena\u00e7\u00e3o\" \/>\n\t<meta name=\"twitter:label2\" content=\"Est. tempo de leitura\" \/>\n\t<meta name=\"twitter:data2\" content=\"5 minutos\" \/>\n<script type=\"application\/ld+json\" class=\"yoast-schema-graph\">{\"@context\":\"https:\/\/schema.org\",\"@graph\":[{\"@type\":\"NewsArticle\",\"@id\":\"https:\/\/www.estrategiaconcursos.com.br\/blog\/remuneracao-sefaz-df-qual-o-efetivo-salario-inicial\/#article\",\"isPartOf\":{\"@id\":\"https:\/\/www.estrategiaconcursos.com.br\/blog\/remuneracao-sefaz-df-qual-o-efetivo-salario-inicial\/\"},\"author\":{\"name\":\"Coordena\u00e7\u00e3o\",\"@id\":\"https:\/\/www.estrategiaconcursos.com.br\/blog\/#\/schema\/person\/b4a388c97673c5f483d72185668afa1f\"},\"headline\":\"REMUNERA\u00c7\u00c3O SEFAZ DF: Qual o efetivo sal\u00e1rio inicial?\",\"datePublished\":\"2019-09-23T09:38:41+00:00\",\"dateModified\":\"2020-08-11T14:56:03+00:00\",\"mainEntityOfPage\":{\"@id\":\"https:\/\/www.estrategiaconcursos.com.br\/blog\/remuneracao-sefaz-df-qual-o-efetivo-salario-inicial\/\"},\"wordCount\":1094,\"commentCount\":2,\"publisher\":{\"@id\":\"https:\/\/www.estrategiaconcursos.com.br\/blog\/#organization\"},\"image\":{\"@id\":\"https:\/\/www.estrategiaconcursos.com.br\/blog\/remuneracao-sefaz-df-qual-o-efetivo-salario-inicial\/#primaryimage\"},\"thumbnailUrl\":\"https:\/\/dhg1h5j42swfq.cloudfront.net\/2018\/10\/16115133\/concurso-sefaz-df.jpg\",\"articleSection\":[\"Concursos P\u00fablicos\"],\"inLanguage\":\"pt-BR\",\"potentialAction\":[{\"@type\":\"CommentAction\",\"name\":\"Comment\",\"target\":[\"https:\/\/www.estrategiaconcursos.com.br\/blog\/remuneracao-sefaz-df-qual-o-efetivo-salario-inicial\/#respond\"]}],\"copyrightYear\":\"2019\",\"copyrightHolder\":{\"@id\":\"https:\/\/www.estrategiaconcursos.com.br\/blog\/#organization\"}},{\"@type\":\"WebPage\",\"@id\":\"https:\/\/www.estrategiaconcursos.com.br\/blog\/remuneracao-sefaz-df-qual-o-efetivo-salario-inicial\/\",\"url\":\"https:\/\/www.estrategiaconcursos.com.br\/blog\/remuneracao-sefaz-df-qual-o-efetivo-salario-inicial\/\",\"name\":\"REMUNERA\u00c7\u00c3O SEFAZ DF: Qual o efetivo sal\u00e1rio inicial?\",\"isPartOf\":{\"@id\":\"https:\/\/www.estrategiaconcursos.com.br\/blog\/#website\"},\"primaryImageOfPage\":{\"@id\":\"https:\/\/www.estrategiaconcursos.com.br\/blog\/remuneracao-sefaz-df-qual-o-efetivo-salario-inicial\/#primaryimage\"},\"image\":{\"@id\":\"https:\/\/www.estrategiaconcursos.com.br\/blog\/remuneracao-sefaz-df-qual-o-efetivo-salario-inicial\/#primaryimage\"},\"thumbnailUrl\":\"https:\/\/dhg1h5j42swfq.cloudfront.net\/2018\/10\/16115133\/concurso-sefaz-df.jpg\",\"datePublished\":\"2019-09-23T09:38:41+00:00\",\"dateModified\":\"2020-08-11T14:56:03+00:00\",\"breadcrumb\":{\"@id\":\"https:\/\/www.estrategiaconcursos.com.br\/blog\/remuneracao-sefaz-df-qual-o-efetivo-salario-inicial\/#breadcrumb\"},\"inLanguage\":\"pt-BR\",\"potentialAction\":[{\"@type\":\"ReadAction\",\"target\":[\"https:\/\/www.estrategiaconcursos.com.br\/blog\/remuneracao-sefaz-df-qual-o-efetivo-salario-inicial\/\"]}]},{\"@type\":\"ImageObject\",\"inLanguage\":\"pt-BR\",\"@id\":\"https:\/\/www.estrategiaconcursos.com.br\/blog\/remuneracao-sefaz-df-qual-o-efetivo-salario-inicial\/#primaryimage\",\"url\":\"https:\/\/dhg1h5j42swfq.cloudfront.net\/2018\/10\/16115133\/concurso-sefaz-df.jpg\",\"contentUrl\":\"https:\/\/dhg1h5j42swfq.cloudfront.net\/2018\/10\/16115133\/concurso-sefaz-df.jpg\",\"width\":1200,\"height\":628,\"caption\":\"SEFAZ DF\"},{\"@type\":\"BreadcrumbList\",\"@id\":\"https:\/\/www.estrategiaconcursos.com.br\/blog\/remuneracao-sefaz-df-qual-o-efetivo-salario-inicial\/#breadcrumb\",\"itemListElement\":[{\"@type\":\"ListItem\",\"position\":1,\"name\":\"In\u00edcio\",\"item\":\"https:\/\/www.estrategiaconcursos.com.br\/blog\/\"},{\"@type\":\"ListItem\",\"position\":2,\"name\":\"REMUNERA\u00c7\u00c3O SEFAZ DF: Qual o efetivo sal\u00e1rio inicial?\"}]},{\"@type\":\"WebSite\",\"@id\":\"https:\/\/www.estrategiaconcursos.com.br\/blog\/#website\",\"url\":\"https:\/\/www.estrategiaconcursos.com.br\/blog\/\",\"name\":\"Estrat\u00e9gia Concursos\",\"description\":\"O blog da Estrat\u00e9gia Concursos traz not\u00edcias sobre concursos e artigos de professores oferecendo cursos para concursos (pdf + videaulas) no site.\",\"publisher\":{\"@id\":\"https:\/\/www.estrategiaconcursos.com.br\/blog\/#organization\"},\"potentialAction\":[{\"@type\":\"SearchAction\",\"target\":{\"@type\":\"EntryPoint\",\"urlTemplate\":\"https:\/\/www.estrategiaconcursos.com.br\/blog\/?s={search_term_string}\"},\"query-input\":{\"@type\":\"PropertyValueSpecification\",\"valueRequired\":true,\"valueName\":\"search_term_string\"}}],\"inLanguage\":\"pt-BR\"},{\"@type\":\"Organization\",\"@id\":\"https:\/\/www.estrategiaconcursos.com.br\/blog\/#organization\",\"name\":\"Estrat\u00e9gia Concursos\",\"url\":\"https:\/\/www.estrategiaconcursos.com.br\/blog\/\",\"logo\":{\"@type\":\"ImageObject\",\"inLanguage\":\"pt-BR\",\"@id\":\"https:\/\/www.estrategiaconcursos.com.br\/blog\/#\/schema\/logo\/image\/\",\"url\":\"https:\/\/dhg1h5j42swfq.cloudfront.net\/2025\/06\/03203428\/logo_concursos-1.jpg\",\"contentUrl\":\"https:\/\/dhg1h5j42swfq.cloudfront.net\/2025\/06\/03203428\/logo_concursos-1.jpg\",\"width\":230,\"height\":60,\"caption\":\"Estrat\u00e9gia Concursos\"},\"image\":{\"@id\":\"https:\/\/www.estrategiaconcursos.com.br\/blog\/#\/schema\/logo\/image\/\"},\"sameAs\":[\"https:\/\/x.com\/EstratConcursos\"]},{\"@type\":\"Person\",\"@id\":\"https:\/\/www.estrategiaconcursos.com.br\/blog\/#\/schema\/person\/b4a388c97673c5f483d72185668afa1f\",\"name\":\"Coordena\u00e7\u00e3o\",\"image\":{\"@type\":\"ImageObject\",\"inLanguage\":\"pt-BR\",\"@id\":\"https:\/\/secure.gravatar.com\/avatar\/b720319e4c9a967eb58678d110f4fe35452fc5d5f97b202bac7b8acceb18c6ad?s=96&d=mm&r=g\",\"url\":\"https:\/\/secure.gravatar.com\/avatar\/b720319e4c9a967eb58678d110f4fe35452fc5d5f97b202bac7b8acceb18c6ad?s=96&d=mm&r=g\",\"contentUrl\":\"https:\/\/secure.gravatar.com\/avatar\/b720319e4c9a967eb58678d110f4fe35452fc5d5f97b202bac7b8acceb18c6ad?s=96&d=mm&r=g\",\"caption\":\"Coordena\u00e7\u00e3o\"},\"sameAs\":[\"https:\/\/www.facebook.com\/EstrategiaConcursos\",\"https:\/\/x.com\/EstratConcursos\"],\"url\":\"https:\/\/www.estrategiaconcursos.com.br\/blog\/author\/estrategia2013\/\"}]}<\/script>\n<!-- \/ Yoast SEO Premium plugin. -->","yoast_head_json":{"title":"REMUNERA\u00c7\u00c3O SEFAZ DF: Qual o efetivo sal\u00e1rio inicial?","robots":{"index":"index","follow":"follow","max-snippet":"max-snippet:-1","max-image-preview":"max-image-preview:large","max-video-preview":"max-video-preview:-1"},"canonical":"https:\/\/www.estrategiaconcursos.com.br\/blog\/remuneracao-sefaz-df-qual-o-efetivo-salario-inicial\/","og_locale":"pt_BR","og_type":"article","og_title":"REMUNERA\u00c7\u00c3O SEFAZ DF: Qual o efetivo sal\u00e1rio inicial?","og_description":"Fala Pessoal! Hoje traremos as possibilidades de ganhos no in\u00edcio e no final da carreira fiscal do Distrito Federal (DF). Temos certeza de que, com as informa\u00e7\u00f5es que apresentaremos neste artigo, voc\u00ea ter\u00e1 mais motiva\u00e7\u00e3o para estudar. O Estrat\u00e9gia pesquisou as gratifica\u00e7\u00f5es, vantagens e adicionais recebidos pelos auditores fiscais do DF. A remunera\u00e7\u00e3o b\u00e1sica inicial [&hellip;]","og_url":"https:\/\/www.estrategiaconcursos.com.br\/blog\/remuneracao-sefaz-df-qual-o-efetivo-salario-inicial\/","og_site_name":"Estrat\u00e9gia Concursos","article_author":"https:\/\/www.facebook.com\/EstrategiaConcursos","article_published_time":"2019-09-23T09:38:41+00:00","article_modified_time":"2020-08-11T14:56:03+00:00","og_image":[{"width":1200,"height":628,"url":"https:\/\/dhg1h5j42swfq.cloudfront.net\/2018\/10\/16115133\/concurso-sefaz-df.jpg","type":"image\/jpeg"}],"author":"Coordena\u00e7\u00e3o","twitter_card":"summary_large_image","twitter_creator":"@EstratConcursos","twitter_site":"@EstratConcursos","twitter_misc":{"Escrito por":"Coordena\u00e7\u00e3o","Est. tempo de leitura":"5 minutos"},"schema":{"@context":"https:\/\/schema.org","@graph":[{"@type":"NewsArticle","@id":"https:\/\/www.estrategiaconcursos.com.br\/blog\/remuneracao-sefaz-df-qual-o-efetivo-salario-inicial\/#article","isPartOf":{"@id":"https:\/\/www.estrategiaconcursos.com.br\/blog\/remuneracao-sefaz-df-qual-o-efetivo-salario-inicial\/"},"author":{"name":"Coordena\u00e7\u00e3o","@id":"https:\/\/www.estrategiaconcursos.com.br\/blog\/#\/schema\/person\/b4a388c97673c5f483d72185668afa1f"},"headline":"REMUNERA\u00c7\u00c3O SEFAZ DF: Qual o efetivo sal\u00e1rio inicial?","datePublished":"2019-09-23T09:38:41+00:00","dateModified":"2020-08-11T14:56:03+00:00","mainEntityOfPage":{"@id":"https:\/\/www.estrategiaconcursos.com.br\/blog\/remuneracao-sefaz-df-qual-o-efetivo-salario-inicial\/"},"wordCount":1094,"commentCount":2,"publisher":{"@id":"https:\/\/www.estrategiaconcursos.com.br\/blog\/#organization"},"image":{"@id":"https:\/\/www.estrategiaconcursos.com.br\/blog\/remuneracao-sefaz-df-qual-o-efetivo-salario-inicial\/#primaryimage"},"thumbnailUrl":"https:\/\/dhg1h5j42swfq.cloudfront.net\/2018\/10\/16115133\/concurso-sefaz-df.jpg","articleSection":["Concursos P\u00fablicos"],"inLanguage":"pt-BR","potentialAction":[{"@type":"CommentAction","name":"Comment","target":["https:\/\/www.estrategiaconcursos.com.br\/blog\/remuneracao-sefaz-df-qual-o-efetivo-salario-inicial\/#respond"]}],"copyrightYear":"2019","copyrightHolder":{"@id":"https:\/\/www.estrategiaconcursos.com.br\/blog\/#organization"}},{"@type":"WebPage","@id":"https:\/\/www.estrategiaconcursos.com.br\/blog\/remuneracao-sefaz-df-qual-o-efetivo-salario-inicial\/","url":"https:\/\/www.estrategiaconcursos.com.br\/blog\/remuneracao-sefaz-df-qual-o-efetivo-salario-inicial\/","name":"REMUNERA\u00c7\u00c3O SEFAZ DF: Qual o efetivo sal\u00e1rio inicial?","isPartOf":{"@id":"https:\/\/www.estrategiaconcursos.com.br\/blog\/#website"},"primaryImageOfPage":{"@id":"https:\/\/www.estrategiaconcursos.com.br\/blog\/remuneracao-sefaz-df-qual-o-efetivo-salario-inicial\/#primaryimage"},"image":{"@id":"https:\/\/www.estrategiaconcursos.com.br\/blog\/remuneracao-sefaz-df-qual-o-efetivo-salario-inicial\/#primaryimage"},"thumbnailUrl":"https:\/\/dhg1h5j42swfq.cloudfront.net\/2018\/10\/16115133\/concurso-sefaz-df.jpg","datePublished":"2019-09-23T09:38:41+00:00","dateModified":"2020-08-11T14:56:03+00:00","breadcrumb":{"@id":"https:\/\/www.estrategiaconcursos.com.br\/blog\/remuneracao-sefaz-df-qual-o-efetivo-salario-inicial\/#breadcrumb"},"inLanguage":"pt-BR","potentialAction":[{"@type":"ReadAction","target":["https:\/\/www.estrategiaconcursos.com.br\/blog\/remuneracao-sefaz-df-qual-o-efetivo-salario-inicial\/"]}]},{"@type":"ImageObject","inLanguage":"pt-BR","@id":"https:\/\/www.estrategiaconcursos.com.br\/blog\/remuneracao-sefaz-df-qual-o-efetivo-salario-inicial\/#primaryimage","url":"https:\/\/dhg1h5j42swfq.cloudfront.net\/2018\/10\/16115133\/concurso-sefaz-df.jpg","contentUrl":"https:\/\/dhg1h5j42swfq.cloudfront.net\/2018\/10\/16115133\/concurso-sefaz-df.jpg","width":1200,"height":628,"caption":"SEFAZ DF"},{"@type":"BreadcrumbList","@id":"https:\/\/www.estrategiaconcursos.com.br\/blog\/remuneracao-sefaz-df-qual-o-efetivo-salario-inicial\/#breadcrumb","itemListElement":[{"@type":"ListItem","position":1,"name":"In\u00edcio","item":"https:\/\/www.estrategiaconcursos.com.br\/blog\/"},{"@type":"ListItem","position":2,"name":"REMUNERA\u00c7\u00c3O SEFAZ DF: Qual o efetivo sal\u00e1rio inicial?"}]},{"@type":"WebSite","@id":"https:\/\/www.estrategiaconcursos.com.br\/blog\/#website","url":"https:\/\/www.estrategiaconcursos.com.br\/blog\/","name":"Estrat\u00e9gia Concursos","description":"O blog da Estrat\u00e9gia Concursos traz not\u00edcias sobre concursos e artigos de professores oferecendo cursos para concursos (pdf + videaulas) no site.","publisher":{"@id":"https:\/\/www.estrategiaconcursos.com.br\/blog\/#organization"},"potentialAction":[{"@type":"SearchAction","target":{"@type":"EntryPoint","urlTemplate":"https:\/\/www.estrategiaconcursos.com.br\/blog\/?s={search_term_string}"},"query-input":{"@type":"PropertyValueSpecification","valueRequired":true,"valueName":"search_term_string"}}],"inLanguage":"pt-BR"},{"@type":"Organization","@id":"https:\/\/www.estrategiaconcursos.com.br\/blog\/#organization","name":"Estrat\u00e9gia Concursos","url":"https:\/\/www.estrategiaconcursos.com.br\/blog\/","logo":{"@type":"ImageObject","inLanguage":"pt-BR","@id":"https:\/\/www.estrategiaconcursos.com.br\/blog\/#\/schema\/logo\/image\/","url":"https:\/\/dhg1h5j42swfq.cloudfront.net\/2025\/06\/03203428\/logo_concursos-1.jpg","contentUrl":"https:\/\/dhg1h5j42swfq.cloudfront.net\/2025\/06\/03203428\/logo_concursos-1.jpg","width":230,"height":60,"caption":"Estrat\u00e9gia Concursos"},"image":{"@id":"https:\/\/www.estrategiaconcursos.com.br\/blog\/#\/schema\/logo\/image\/"},"sameAs":["https:\/\/x.com\/EstratConcursos"]},{"@type":"Person","@id":"https:\/\/www.estrategiaconcursos.com.br\/blog\/#\/schema\/person\/b4a388c97673c5f483d72185668afa1f","name":"Coordena\u00e7\u00e3o","image":{"@type":"ImageObject","inLanguage":"pt-BR","@id":"https:\/\/secure.gravatar.com\/avatar\/b720319e4c9a967eb58678d110f4fe35452fc5d5f97b202bac7b8acceb18c6ad?s=96&d=mm&r=g","url":"https:\/\/secure.gravatar.com\/avatar\/b720319e4c9a967eb58678d110f4fe35452fc5d5f97b202bac7b8acceb18c6ad?s=96&d=mm&r=g","contentUrl":"https:\/\/secure.gravatar.com\/avatar\/b720319e4c9a967eb58678d110f4fe35452fc5d5f97b202bac7b8acceb18c6ad?s=96&d=mm&r=g","caption":"Coordena\u00e7\u00e3o"},"sameAs":["https:\/\/www.facebook.com\/EstrategiaConcursos","https:\/\/x.com\/EstratConcursos"],"url":"https:\/\/www.estrategiaconcursos.com.br\/blog\/author\/estrategia2013\/"}]}},"_links":{"self":[{"href":"https:\/\/www.estrategiaconcursos.com.br\/blog\/wp-json\/wp\/v2\/posts\/420904","targetHints":{"allow":["GET"]}}],"collection":[{"href":"https:\/\/www.estrategiaconcursos.com.br\/blog\/wp-json\/wp\/v2\/posts"}],"about":[{"href":"https:\/\/www.estrategiaconcursos.com.br\/blog\/wp-json\/wp\/v2\/types\/post"}],"author":[{"embeddable":true,"href":"https:\/\/www.estrategiaconcursos.com.br\/blog\/wp-json\/wp\/v2\/users\/1"}],"replies":[{"embeddable":true,"href":"https:\/\/www.estrategiaconcursos.com.br\/blog\/wp-json\/wp\/v2\/comments?post=420904"}],"version-history":[{"count":37,"href":"https:\/\/www.estrategiaconcursos.com.br\/blog\/wp-json\/wp\/v2\/posts\/420904\/revisions"}],"predecessor-version":[{"id":554139,"href":"https:\/\/www.estrategiaconcursos.com.br\/blog\/wp-json\/wp\/v2\/posts\/420904\/revisions\/554139"}],"wp:featuredmedia":[{"embeddable":true,"href":"https:\/\/www.estrategiaconcursos.com.br\/blog\/wp-json\/wp\/v2\/media\/147072"}],"wp:attachment":[{"href":"https:\/\/www.estrategiaconcursos.com.br\/blog\/wp-json\/wp\/v2\/media?parent=420904"}],"wp:term":[{"taxonomy":"category","embeddable":true,"href":"https:\/\/www.estrategiaconcursos.com.br\/blog\/wp-json\/wp\/v2\/categories?post=420904"},{"taxonomy":"post_tag","embeddable":true,"href":"https:\/\/www.estrategiaconcursos.com.br\/blog\/wp-json\/wp\/v2\/tags?post=420904"},{"taxonomy":"tax_estado","embeddable":true,"href":"https:\/\/www.estrategiaconcursos.com.br\/blog\/wp-json\/wp\/v2\/tax_estado?post=420904"}],"curies":[{"name":"wp","href":"https:\/\/api.w.org\/{rel}","templated":true}]}}