{"id":42090,"date":"2016-06-24T12:10:20","date_gmt":"2016-06-24T15:10:20","guid":{"rendered":"http:\/\/www.estrategiaconcursos.com.br\/blog\/?p=42090"},"modified":"2016-06-24T12:13:41","modified_gmt":"2016-06-24T15:13:41","slug":"saiuuuuuuu-tcepr","status":"publish","type":"post","link":"https:\/\/www.estrategiaconcursos.com.br\/blog\/saiuuuuuuu-tcepr\/","title":{"rendered":"Saiuuuuuuu o edital do Tribunal de Contas do Paran\u00e1!!!!!!"},"content":{"rendered":"<p style=\"text-align: justify\"><a href=\"https:\/\/dhg1h5j42swfq.cloudfront.net\/2016\/06\/13181930\/edital-tce-pr-1.jpg\" rel=\"attachment wp-att-41280\"><img loading=\"lazy\" decoding=\"async\" class=\"size-medium wp-image-41280 alignleft\" src=\"https:\/\/dhg1h5j42swfq.cloudfront.net\/2016\/06\/13181930\/edital-tce-pr-1-300x225.jpg\" alt=\"edital tce pr 1\" width=\"300\" height=\"225\" \/><\/a>\u00c9 dada a largada rumo \u00e0 posse no Tribunal de Contas do Paran\u00e1!!!!<\/p>\n<p style=\"text-align: justify\">Saiu o edital do Tribunal de Contas do Paran\u00e1 e eu estou aqui para trazer as novidades sobre esse excelente concurso!!!!<\/p>\n<p style=\"text-align: justify\">Primeiramente, gostaria de falar que em Janeiro eu fiz um artigo sobre esse concurso, alertando aos concurseiros de plant\u00e3o que essa oportunidade n\u00e3o poderia ser deixada de lado. (<a href=\"http:\/\/www.estrategiaconcursos.com.br\/blog\/analista-tcepr-comissao-do-concurso-e-edital-em-2016\/\">clique aqui<\/a>)<\/p>\n<p style=\"text-align: justify\">Vamos ao edital de Analista de de Controle Externo do Tribunal de Contas do Paran\u00e1?<\/p>\n<p style=\"text-align: justify\">Essas s\u00e3o as vagas para esse concurso:<\/p>\n<p><a href=\"https:\/\/dhg1h5j42swfq.cloudfront.net\/2016\/06\/24113631\/Vagas-tce.png\" rel=\"attachment wp-att-42091\"><img loading=\"lazy\" decoding=\"async\" class=\"alignnone wp-image-42091 aligncenter\" src=\"https:\/\/dhg1h5j42swfq.cloudfront.net\/2016\/06\/24113631\/Vagas-tce.png\" alt=\"Vagas tce\" width=\"500\" height=\"381\" srcset=\"https:\/\/dhg1h5j42swfq.cloudfront.net\/2016\/06\/24113631\/Vagas-tce.png 683w, https:\/\/dhg1h5j42swfq.cloudfront.net\/2016\/06\/24113631\/Vagas-tce.png 300w, https:\/\/dhg1h5j42swfq.cloudfront.net\/2016\/06\/24113631\/Vagas-tce.png 393w\" sizes=\"auto, (max-width: 500px) 100vw, 500px\" \/><\/a><\/p>\n<p style=\"text-align: justify\">Caso voc\u00ea tenha visto o edital anterior, esse nos trouxe mais \u00e1reas!<\/p>\n<p style=\"text-align: justify\">Vamos aos requisitos de cada \u00e1rea:<\/p>\n<p style=\"text-align: justify\"><strong>Administra\u00e7\u00e3o:<\/strong> N\u00edvel Superior em Administra\u00e7\u00e3o<\/p>\n<p style=\"text-align: justify\"><strong>Arquitetura<\/strong>:\u00a0N\u00edvel Superior em\u00a0Arquitetura<\/p>\n<p style=\"text-align: justify\"><strong>Atuarial<\/strong>: N\u00edvel Superior em Ci\u00eancias Atuariais e\u00a0Instituto Brasileiro de Atu\u00e1ria (IBA)<\/p>\n<p style=\"text-align: justify\"><strong>Comunica\u00e7\u00e3o Social<\/strong>: N\u00edvel Superior em Comunica\u00e7\u00e3o Social e registro em \u00f3rg\u00e3o de classe.<\/p>\n<p style=\"text-align: justify\"><strong>Cont\u00e1bil<\/strong>: N\u00edvel Superior em Ci\u00eancias Cont\u00e1beis e registro em \u00f3rg\u00e3o de classe<\/p>\n<p style=\"text-align: justify\"><strong>Engenharia Civil<\/strong>:\u00a0N\u00edvel Superior em Engenharia Civil\u00a0e registro em \u00f3rg\u00e3o de classe<\/p>\n<p style=\"text-align: justify\"><strong>Engenharia El\u00e9trica<\/strong>:\u00a0N\u00edvel Superior em Engenharia El\u00e9trica\u00a0e registro em \u00f3rg\u00e3o de classe<\/p>\n<p style=\"text-align: justify\"><strong>Tecnologia da Informa\u00e7\u00e3o<\/strong>:\u00a0N\u00edvel Superior na \u00e1rea de Tecnologia da Informa\u00e7\u00e3o.<\/p>\n<p style=\"text-align: justify\"><strong>Jur\u00eddica<\/strong>: N\u00edvel Superior em Direito e registro em \u00f3rg\u00e3o de classe.<\/p>\n<p style=\"text-align: justify\"><span style=\"text-decoration: underline\"><strong>PROVAS<\/strong><\/span>:<\/p>\n<p><a href=\"https:\/\/dhg1h5j42swfq.cloudfront.net\/2016\/06\/24114833\/Provas.png\" rel=\"attachment wp-att-42096\"><img loading=\"lazy\" decoding=\"async\" class=\"alignnone wp-image-42096 size-full aligncenter\" src=\"https:\/\/dhg1h5j42swfq.cloudfront.net\/2016\/06\/24114833\/Provas.png\" alt=\"Provas\" width=\"682\" height=\"106\" srcset=\"https:\/\/dhg1h5j42swfq.cloudfront.net\/2016\/06\/24114833\/Provas.png 682w, https:\/\/dhg1h5j42swfq.cloudfront.net\/2016\/06\/24114833\/Provas.png 300w, https:\/\/dhg1h5j42swfq.cloudfront.net\/2016\/06\/24114833\/Provas.png 500w\" sizes=\"auto, (max-width: 682px) 100vw, 682px\" \/><\/a><\/p>\n<p style=\"text-align: justify\">Portanto, teremos uma prova bem dif\u00edcil: 4 DISCURSIVAS E 1 PARECER!!!!<\/p>\n<p style=\"text-align: justify\">As provas objetivas ter\u00e3o a dura\u00e7\u00e3o de 5 horas e ser\u00e3o aplicadas na <strong>data prov\u00e1vel de 11 de setembro de 2016, no turno da manh\u00e3.<\/strong><\/p>\n<p style=\"text-align: justify\">As provas discursivas ter\u00e3o a dura\u00e7\u00e3o total de 4 horas e 30 minutos e ser\u00e3o aplicadas na <strong>data prov\u00e1vel de 11 de setembro de 2016, no turno da tarde.<\/strong><\/p>\n<p style=\"text-align: justify\">Ent\u00e3o teremos prova objetiva e prova discursiva no mesmo dia!! Esteja preparado para a maratona dia 11 de setembro.<\/p>\n<p style=\"text-align: justify\">Normalmente as provas do CESPE possuem penalidades para quem erra a quest\u00e3o, e com esse concurso n\u00e3o ser\u00e1 diferente.<\/p>\n<p style=\"text-align: justify\"><span style=\"color: #0000ff\"><strong>Cada quest\u00e3o vale 1 ponto, se voc\u00ea acertar!!<\/strong><\/span><\/p>\n<p style=\"text-align: justify\"><span style=\"color: #ff0000\"><strong><span style=\"text-decoration: underline\">Se voc\u00ea errar, ser\u00e1 descontado 0,25 pontos dos seus acertos, ou seja, a cada 4 quest\u00f5es erradas, voc\u00ea ter\u00e1 1 ponto negativo!!<\/span><\/strong><\/span><\/p>\n<p style=\"text-align: justify\"><span style=\"text-decoration: underline\"><strong>PROVAS DISCURSIVAS E PARECER:<\/strong><\/span><\/p>\n<p style=\"text-align: justify\">Para a corre\u00e7\u00e3o das provas discursivas e do parecer, ser\u00e3o corrigidos os textos dos classificados at\u00e9 as seguintes posi\u00e7\u00f5es:<\/p>\n<p><a href=\"https:\/\/dhg1h5j42swfq.cloudfront.net\/2016\/06\/24115639\/discursivas.png\" rel=\"attachment wp-att-42099\"><img loading=\"lazy\" decoding=\"async\" class=\"alignnone wp-image-42099 aligncenter\" src=\"https:\/\/dhg1h5j42swfq.cloudfront.net\/2016\/06\/24115639\/discursivas.png\" alt=\"discursivas\" width=\"450\" height=\"231\" srcset=\"https:\/\/dhg1h5j42swfq.cloudfront.net\/2016\/06\/24115639\/discursivas.png 682w, https:\/\/dhg1h5j42swfq.cloudfront.net\/2016\/06\/24115639\/discursivas.png 300w, https:\/\/dhg1h5j42swfq.cloudfront.net\/2016\/06\/24115639\/discursivas.png 500w\" sizes=\"auto, (max-width: 450px) 100vw, 450px\" \/><\/a><\/p>\n<p style=\"text-align: justify\">As quest\u00f5es da<strong> prova discursiva (P3) valer\u00e3o 5,00 pontos cada, totalizando 20,00 pontos.\u00a0<\/strong>Ser\u00e1 eliminado do concurso p\u00fablico o candidato que obtiver NPD3 &lt; 10,00 pontos.<\/p>\n<p style=\"text-align: justify\">O parecer da prova discursiva (P4) valer\u00e1 20,00 pontos. Ser\u00e1 eliminado do concurso p\u00fablico o candidato que obtiver NPD4 &lt; 10,00.<\/p>\n<p style=\"text-align: justify\">Ent\u00e3o voc\u00ea n\u00e3o pode tirar menos de 50% da nota nas discursivas e no parecer.<\/p>\n<p style=\"text-align: justify\"><span style=\"text-decoration: underline\"><strong>CONTE\u00daDO DA PROVA.<\/strong><\/span><\/p>\n<p style=\"text-align: justify\">Dentro de <strong>CONHECIMENTOS GERAIS<\/strong>, que s\u00e3o comuns para todos os cargos, temos as seguintes mat\u00e9rias:<\/p>\n<p style=\"text-align: justify\"><strong>Portugu\u00eas<\/strong><\/p>\n<p style=\"text-align: justify\"><strong>No\u00e7\u00f5es de Controle Externo<\/strong><\/p>\n<p style=\"text-align: justify\"><strong>No\u00e7\u00f5es de Administra\u00e7\u00e3o Financeira e Or\u00e7ament\u00e1ria<\/strong><\/p>\n<p style=\"text-align: justify\"><strong>No\u00e7\u00f5es de Direito Administrativo<\/strong><\/p>\n<p style=\"text-align: justify\"><strong>No\u00e7\u00f5es de Direito Constitucional<\/strong><\/p>\n<p style=\"text-align: justify\"><strong>Matem\u00e1tica Financeira<\/strong><\/p>\n<p style=\"text-align: justify\"><strong>No\u00e7\u00f5es de Estat\u00edstica<\/strong><\/p>\n<p style=\"text-align: justify\">J\u00e1 conhecimentos espec\u00edficos, depende de cada \u00e1rea!!!<\/p>\n<p style=\"text-align: justify\"><span style=\"text-decoration: underline\"><strong>REMUNERA\u00c7\u00c3O<\/strong><\/span><\/p>\n<p style=\"text-align: justify\">A remunera\u00e7\u00e3o \u00e9 bem atraente: R$\u00a016.326,43!!<\/p>\n<p style=\"text-align: justify\">Ent\u00e3o \u00e9 isso pessoal!<\/p>\n<p style=\"text-align: justify\">O Estrat\u00e9gia Concursos j\u00e1 lan\u00e7ou cursos para esse excelente concurso, e se eu fosse voc\u00ea, n\u00e3o ficaria de fora!<\/p>\n<p style=\"text-align: justify\">Olha s\u00f3 os cursos que j\u00e1 foram lan\u00e7ado:<\/p>\n<p style=\"text-align: justify\"><a href=\"https:\/\/www.estrategiaconcursos.com.br\/cursosPorConcurso\/tce-pr-analista-de-controle-externo\/\">Cursos para Analista de Controle Externo do Tribunal de Contas do Paran\u00e1<\/a><\/p>\n<p style=\"text-align: justify\">Ahhhh, caso voc\u00ea queira ver o edital basta <a href=\"http:\/\/www.cespe.unb.br\/concursos\/TCE_PR_16_ANALISTA\/arquivos\/ED_1_2016_TCE_PR_ANALISTA_16_EDITAL_DE_ABERTURA.PDF\">clicar aqui\u00a0<\/a><\/p>\n<p style=\"text-align: justify\">Bons estudos!!!<\/p>\n<p style=\"text-align: justify\"><a href=\"https:\/\/dhg1h5j42swfq.cloudfront.net\/2016\/06\/13152730\/Prof-Vin%C3%ADcius-escura1.png\" rel=\"attachment wp-att-41270\"><img loading=\"lazy\" decoding=\"async\" class=\"alignnone size-medium wp-image-41270\" src=\"https:\/\/dhg1h5j42swfq.cloudfront.net\/2016\/06\/13152730\/Prof-Vin%C3%ADcius-escura1-300x129.png\" alt=\"Prof Vin\u00edcius escura\" width=\"300\" height=\"129\" srcset=\"https:\/\/dhg1h5j42swfq.cloudfront.net\/2016\/06\/13152730\/Prof-Vin%C3%ADcius-escura1.png 300w, https:\/\/dhg1h5j42swfq.cloudfront.net\/2016\/06\/13152730\/Prof-Vin%C3%ADcius-escura1.png 768w, https:\/\/dhg1h5j42swfq.cloudfront.net\/2016\/06\/13152730\/Prof-Vin%C3%ADcius-escura1.png 1024w, https:\/\/dhg1h5j42swfq.cloudfront.net\/2016\/06\/13152730\/Prof-Vin%C3%ADcius-escura1.png 500w\" sizes=\"auto, (max-width: 300px) 100vw, 300px\" \/><\/a><\/p>\n<p style=\"text-align: justify\">\n","protected":false},"excerpt":{"rendered":"<p>\u00c9 dada a largada rumo \u00e0 posse no Tribunal de Contas do Paran\u00e1!!!! Saiu o edital do Tribunal de Contas do Paran\u00e1 e eu estou aqui para trazer as novidades sobre esse excelente concurso!!!! Primeiramente, gostaria de falar que em Janeiro eu fiz um artigo sobre esse concurso, alertando aos concurseiros de plant\u00e3o que essa [&hellip;]<\/p>\n","protected":false},"author":212,"featured_media":0,"comment_status":"open","ping_status":"open","sticky":false,"template":"","format":"standard","meta":{"post_tipo":"article","footnotes":""},"categories":[1],"tags":[],"tax_estado":[],"class_list":["post-42090","post","type-post","status-publish","format-standard","hentry","category-cursos-e-concursos"],"acf":[],"yoast_head":"<!-- This site is optimized with the Yoast SEO Premium plugin v27.2 (Yoast SEO v27.2) - https:\/\/yoast.com\/product\/yoast-seo-premium-wordpress\/ -->\n<title>Saiuuuuuuu o edital do Tribunal de Contas do Paran\u00e1!!!!!!<\/title>\n<meta name=\"robots\" content=\"index, follow, max-snippet:-1, max-image-preview:large, max-video-preview:-1\" \/>\n<link rel=\"canonical\" href=\"https:\/\/www.estrategiaconcursos.com.br\/blog\/saiuuuuuuu-tcepr\/\" \/>\n<meta property=\"og:locale\" content=\"pt_BR\" \/>\n<meta property=\"og:type\" content=\"article\" \/>\n<meta property=\"og:title\" content=\"Saiuuuuuuu o edital do Tribunal de Contas do Paran\u00e1!!!!!!\" \/>\n<meta property=\"og:description\" content=\"\u00c9 dada a largada rumo \u00e0 posse no Tribunal de Contas do Paran\u00e1!!!! Saiu o edital do Tribunal de Contas do Paran\u00e1 e eu estou aqui para trazer as novidades sobre esse excelente concurso!!!! Primeiramente, gostaria de falar que em Janeiro eu fiz um artigo sobre esse concurso, alertando aos concurseiros de plant\u00e3o que essa [&hellip;]\" \/>\n<meta property=\"og:url\" content=\"https:\/\/www.estrategiaconcursos.com.br\/blog\/saiuuuuuuu-tcepr\/\" \/>\n<meta property=\"og:site_name\" content=\"Estrat\u00e9gia Concursos\" \/>\n<meta property=\"article:published_time\" content=\"2016-06-24T15:10:20+00:00\" \/>\n<meta property=\"article:modified_time\" content=\"2016-06-24T15:13:41+00:00\" \/>\n<meta property=\"og:image\" content=\"https:\/\/dhg1h5j42swfq.cloudfront.net\/2016\/06\/13181930\/edital-tce-pr-1-300x225.jpg\" \/>\n<meta name=\"author\" content=\"Equipe AFO e Direito Financeiro Estrat\u00e9gia Concursos\" \/>\n<meta name=\"twitter:card\" content=\"summary_large_image\" \/>\n<meta name=\"twitter:creator\" content=\"@EstratConcursos\" \/>\n<meta name=\"twitter:site\" content=\"@EstratConcursos\" \/>\n<meta name=\"twitter:label1\" content=\"Escrito por\" \/>\n\t<meta name=\"twitter:data1\" content=\"Equipe AFO e Direito Financeiro Estrat\u00e9gia Concursos\" \/>\n\t<meta name=\"twitter:label2\" content=\"Est. tempo de leitura\" \/>\n\t<meta name=\"twitter:data2\" content=\"3 minutos\" \/>\n<script type=\"application\/ld+json\" class=\"yoast-schema-graph\">{\"@context\":\"https:\/\/schema.org\",\"@graph\":[{\"@type\":\"NewsArticle\",\"@id\":\"https:\/\/www.estrategiaconcursos.com.br\/blog\/saiuuuuuuu-tcepr\/#article\",\"isPartOf\":{\"@id\":\"https:\/\/www.estrategiaconcursos.com.br\/blog\/saiuuuuuuu-tcepr\/\"},\"author\":{\"name\":\"Equipe AFO e Direito Financeiro Estrat\u00e9gia Concursos\",\"@id\":\"https:\/\/www.estrategiaconcursos.com.br\/blog\/#\/schema\/person\/77a2892ad782f0107fe53568a4b21468\"},\"headline\":\"Saiuuuuuuu o edital do Tribunal de Contas do Paran\u00e1!!!!!!\",\"datePublished\":\"2016-06-24T15:10:20+00:00\",\"dateModified\":\"2016-06-24T15:13:41+00:00\",\"mainEntityOfPage\":{\"@id\":\"https:\/\/www.estrategiaconcursos.com.br\/blog\/saiuuuuuuu-tcepr\/\"},\"wordCount\":590,\"commentCount\":49,\"publisher\":{\"@id\":\"https:\/\/www.estrategiaconcursos.com.br\/blog\/#organization\"},\"image\":{\"@id\":\"https:\/\/www.estrategiaconcursos.com.br\/blog\/saiuuuuuuu-tcepr\/#primaryimage\"},\"thumbnailUrl\":\"https:\/\/dhg1h5j42swfq.cloudfront.net\/2016\/06\/13181930\/edital-tce-pr-1-300x225.jpg\",\"articleSection\":[\"Concursos P\u00fablicos\"],\"inLanguage\":\"pt-BR\",\"potentialAction\":[{\"@type\":\"CommentAction\",\"name\":\"Comment\",\"target\":[\"https:\/\/www.estrategiaconcursos.com.br\/blog\/saiuuuuuuu-tcepr\/#respond\"]}],\"copyrightYear\":\"2016\",\"copyrightHolder\":{\"@id\":\"https:\/\/www.estrategiaconcursos.com.br\/blog\/#organization\"}},{\"@type\":\"WebPage\",\"@id\":\"https:\/\/www.estrategiaconcursos.com.br\/blog\/saiuuuuuuu-tcepr\/\",\"url\":\"https:\/\/www.estrategiaconcursos.com.br\/blog\/saiuuuuuuu-tcepr\/\",\"name\":\"Saiuuuuuuu o edital do Tribunal de Contas do Paran\u00e1!!!!!!\",\"isPartOf\":{\"@id\":\"https:\/\/www.estrategiaconcursos.com.br\/blog\/#website\"},\"primaryImageOfPage\":{\"@id\":\"https:\/\/www.estrategiaconcursos.com.br\/blog\/saiuuuuuuu-tcepr\/#primaryimage\"},\"image\":{\"@id\":\"https:\/\/www.estrategiaconcursos.com.br\/blog\/saiuuuuuuu-tcepr\/#primaryimage\"},\"thumbnailUrl\":\"https:\/\/dhg1h5j42swfq.cloudfront.net\/2016\/06\/13181930\/edital-tce-pr-1-300x225.jpg\",\"datePublished\":\"2016-06-24T15:10:20+00:00\",\"dateModified\":\"2016-06-24T15:13:41+00:00\",\"breadcrumb\":{\"@id\":\"https:\/\/www.estrategiaconcursos.com.br\/blog\/saiuuuuuuu-tcepr\/#breadcrumb\"},\"inLanguage\":\"pt-BR\",\"potentialAction\":[{\"@type\":\"ReadAction\",\"target\":[\"https:\/\/www.estrategiaconcursos.com.br\/blog\/saiuuuuuuu-tcepr\/\"]}]},{\"@type\":\"ImageObject\",\"inLanguage\":\"pt-BR\",\"@id\":\"https:\/\/www.estrategiaconcursos.com.br\/blog\/saiuuuuuuu-tcepr\/#primaryimage\",\"url\":\"https:\/\/dhg1h5j42swfq.cloudfront.net\/2016\/06\/13181930\/edital-tce-pr-1-300x225.jpg\",\"contentUrl\":\"https:\/\/dhg1h5j42swfq.cloudfront.net\/2016\/06\/13181930\/edital-tce-pr-1-300x225.jpg\"},{\"@type\":\"BreadcrumbList\",\"@id\":\"https:\/\/www.estrategiaconcursos.com.br\/blog\/saiuuuuuuu-tcepr\/#breadcrumb\",\"itemListElement\":[{\"@type\":\"ListItem\",\"position\":1,\"name\":\"In\u00edcio\",\"item\":\"https:\/\/www.estrategiaconcursos.com.br\/blog\/\"},{\"@type\":\"ListItem\",\"position\":2,\"name\":\"Saiuuuuuuu o edital do Tribunal de Contas do Paran\u00e1!!!!!!\"}]},{\"@type\":\"WebSite\",\"@id\":\"https:\/\/www.estrategiaconcursos.com.br\/blog\/#website\",\"url\":\"https:\/\/www.estrategiaconcursos.com.br\/blog\/\",\"name\":\"Estrat\u00e9gia Concursos\",\"description\":\"O blog da Estrat\u00e9gia Concursos traz not\u00edcias sobre concursos e artigos de professores oferecendo cursos para concursos (pdf + videaulas) no site.\",\"publisher\":{\"@id\":\"https:\/\/www.estrategiaconcursos.com.br\/blog\/#organization\"},\"potentialAction\":[{\"@type\":\"SearchAction\",\"target\":{\"@type\":\"EntryPoint\",\"urlTemplate\":\"https:\/\/www.estrategiaconcursos.com.br\/blog\/?s={search_term_string}\"},\"query-input\":{\"@type\":\"PropertyValueSpecification\",\"valueRequired\":true,\"valueName\":\"search_term_string\"}}],\"inLanguage\":\"pt-BR\"},{\"@type\":\"Organization\",\"@id\":\"https:\/\/www.estrategiaconcursos.com.br\/blog\/#organization\",\"name\":\"Estrat\u00e9gia Concursos\",\"url\":\"https:\/\/www.estrategiaconcursos.com.br\/blog\/\",\"logo\":{\"@type\":\"ImageObject\",\"inLanguage\":\"pt-BR\",\"@id\":\"https:\/\/www.estrategiaconcursos.com.br\/blog\/#\/schema\/logo\/image\/\",\"url\":\"https:\/\/dhg1h5j42swfq.cloudfront.net\/2025\/06\/03203428\/logo_concursos-1.jpg\",\"contentUrl\":\"https:\/\/dhg1h5j42swfq.cloudfront.net\/2025\/06\/03203428\/logo_concursos-1.jpg\",\"width\":230,\"height\":60,\"caption\":\"Estrat\u00e9gia Concursos\"},\"image\":{\"@id\":\"https:\/\/www.estrategiaconcursos.com.br\/blog\/#\/schema\/logo\/image\/\"},\"sameAs\":[\"https:\/\/x.com\/EstratConcursos\"]},{\"@type\":\"Person\",\"@id\":\"https:\/\/www.estrategiaconcursos.com.br\/blog\/#\/schema\/person\/77a2892ad782f0107fe53568a4b21468\",\"name\":\"Equipe AFO e Direito Financeiro Estrat\u00e9gia Concursos\",\"image\":{\"@type\":\"ImageObject\",\"inLanguage\":\"pt-BR\",\"@id\":\"https:\/\/secure.gravatar.com\/avatar\/d41138c46db8615c04f3f4bacb65c20fd12675ce069a35a91c19fb13ad0747b7?s=96&d=mm&r=g\",\"url\":\"https:\/\/secure.gravatar.com\/avatar\/d41138c46db8615c04f3f4bacb65c20fd12675ce069a35a91c19fb13ad0747b7?s=96&d=mm&r=g\",\"contentUrl\":\"https:\/\/secure.gravatar.com\/avatar\/d41138c46db8615c04f3f4bacb65c20fd12675ce069a35a91c19fb13ad0747b7?s=96&d=mm&r=g\",\"caption\":\"Equipe AFO e Direito Financeiro Estrat\u00e9gia Concursos\"},\"url\":\"https:\/\/www.estrategiaconcursos.com.br\/blog\/author\/vinicius_nascimento1987hotmail-com\/\"}]}<\/script>\n<!-- \/ Yoast SEO Premium plugin. -->","yoast_head_json":{"title":"Saiuuuuuuu o edital do Tribunal de Contas do Paran\u00e1!!!!!!","robots":{"index":"index","follow":"follow","max-snippet":"max-snippet:-1","max-image-preview":"max-image-preview:large","max-video-preview":"max-video-preview:-1"},"canonical":"https:\/\/www.estrategiaconcursos.com.br\/blog\/saiuuuuuuu-tcepr\/","og_locale":"pt_BR","og_type":"article","og_title":"Saiuuuuuuu o edital do Tribunal de Contas do Paran\u00e1!!!!!!","og_description":"\u00c9 dada a largada rumo \u00e0 posse no Tribunal de Contas do Paran\u00e1!!!! Saiu o edital do Tribunal de Contas do Paran\u00e1 e eu estou aqui para trazer as novidades sobre esse excelente concurso!!!! Primeiramente, gostaria de falar que em Janeiro eu fiz um artigo sobre esse concurso, alertando aos concurseiros de plant\u00e3o que essa [&hellip;]","og_url":"https:\/\/www.estrategiaconcursos.com.br\/blog\/saiuuuuuuu-tcepr\/","og_site_name":"Estrat\u00e9gia Concursos","article_published_time":"2016-06-24T15:10:20+00:00","article_modified_time":"2016-06-24T15:13:41+00:00","og_image":[{"url":"https:\/\/dhg1h5j42swfq.cloudfront.net\/2016\/06\/13181930\/edital-tce-pr-1-300x225.jpg","type":"","width":"","height":""}],"author":"Equipe AFO e Direito Financeiro Estrat\u00e9gia Concursos","twitter_card":"summary_large_image","twitter_creator":"@EstratConcursos","twitter_site":"@EstratConcursos","twitter_misc":{"Escrito por":"Equipe AFO e Direito Financeiro Estrat\u00e9gia Concursos","Est. tempo de leitura":"3 minutos"},"schema":{"@context":"https:\/\/schema.org","@graph":[{"@type":"NewsArticle","@id":"https:\/\/www.estrategiaconcursos.com.br\/blog\/saiuuuuuuu-tcepr\/#article","isPartOf":{"@id":"https:\/\/www.estrategiaconcursos.com.br\/blog\/saiuuuuuuu-tcepr\/"},"author":{"name":"Equipe AFO e Direito Financeiro Estrat\u00e9gia Concursos","@id":"https:\/\/www.estrategiaconcursos.com.br\/blog\/#\/schema\/person\/77a2892ad782f0107fe53568a4b21468"},"headline":"Saiuuuuuuu o edital do Tribunal de Contas do Paran\u00e1!!!!!!","datePublished":"2016-06-24T15:10:20+00:00","dateModified":"2016-06-24T15:13:41+00:00","mainEntityOfPage":{"@id":"https:\/\/www.estrategiaconcursos.com.br\/blog\/saiuuuuuuu-tcepr\/"},"wordCount":590,"commentCount":49,"publisher":{"@id":"https:\/\/www.estrategiaconcursos.com.br\/blog\/#organization"},"image":{"@id":"https:\/\/www.estrategiaconcursos.com.br\/blog\/saiuuuuuuu-tcepr\/#primaryimage"},"thumbnailUrl":"https:\/\/dhg1h5j42swfq.cloudfront.net\/2016\/06\/13181930\/edital-tce-pr-1-300x225.jpg","articleSection":["Concursos P\u00fablicos"],"inLanguage":"pt-BR","potentialAction":[{"@type":"CommentAction","name":"Comment","target":["https:\/\/www.estrategiaconcursos.com.br\/blog\/saiuuuuuuu-tcepr\/#respond"]}],"copyrightYear":"2016","copyrightHolder":{"@id":"https:\/\/www.estrategiaconcursos.com.br\/blog\/#organization"}},{"@type":"WebPage","@id":"https:\/\/www.estrategiaconcursos.com.br\/blog\/saiuuuuuuu-tcepr\/","url":"https:\/\/www.estrategiaconcursos.com.br\/blog\/saiuuuuuuu-tcepr\/","name":"Saiuuuuuuu o edital do Tribunal de Contas do Paran\u00e1!!!!!!","isPartOf":{"@id":"https:\/\/www.estrategiaconcursos.com.br\/blog\/#website"},"primaryImageOfPage":{"@id":"https:\/\/www.estrategiaconcursos.com.br\/blog\/saiuuuuuuu-tcepr\/#primaryimage"},"image":{"@id":"https:\/\/www.estrategiaconcursos.com.br\/blog\/saiuuuuuuu-tcepr\/#primaryimage"},"thumbnailUrl":"https:\/\/dhg1h5j42swfq.cloudfront.net\/2016\/06\/13181930\/edital-tce-pr-1-300x225.jpg","datePublished":"2016-06-24T15:10:20+00:00","dateModified":"2016-06-24T15:13:41+00:00","breadcrumb":{"@id":"https:\/\/www.estrategiaconcursos.com.br\/blog\/saiuuuuuuu-tcepr\/#breadcrumb"},"inLanguage":"pt-BR","potentialAction":[{"@type":"ReadAction","target":["https:\/\/www.estrategiaconcursos.com.br\/blog\/saiuuuuuuu-tcepr\/"]}]},{"@type":"ImageObject","inLanguage":"pt-BR","@id":"https:\/\/www.estrategiaconcursos.com.br\/blog\/saiuuuuuuu-tcepr\/#primaryimage","url":"https:\/\/dhg1h5j42swfq.cloudfront.net\/2016\/06\/13181930\/edital-tce-pr-1-300x225.jpg","contentUrl":"https:\/\/dhg1h5j42swfq.cloudfront.net\/2016\/06\/13181930\/edital-tce-pr-1-300x225.jpg"},{"@type":"BreadcrumbList","@id":"https:\/\/www.estrategiaconcursos.com.br\/blog\/saiuuuuuuu-tcepr\/#breadcrumb","itemListElement":[{"@type":"ListItem","position":1,"name":"In\u00edcio","item":"https:\/\/www.estrategiaconcursos.com.br\/blog\/"},{"@type":"ListItem","position":2,"name":"Saiuuuuuuu o edital do Tribunal de Contas do Paran\u00e1!!!!!!"}]},{"@type":"WebSite","@id":"https:\/\/www.estrategiaconcursos.com.br\/blog\/#website","url":"https:\/\/www.estrategiaconcursos.com.br\/blog\/","name":"Estrat\u00e9gia Concursos","description":"O blog da Estrat\u00e9gia Concursos traz not\u00edcias sobre concursos e artigos de professores oferecendo cursos para concursos (pdf + videaulas) no site.","publisher":{"@id":"https:\/\/www.estrategiaconcursos.com.br\/blog\/#organization"},"potentialAction":[{"@type":"SearchAction","target":{"@type":"EntryPoint","urlTemplate":"https:\/\/www.estrategiaconcursos.com.br\/blog\/?s={search_term_string}"},"query-input":{"@type":"PropertyValueSpecification","valueRequired":true,"valueName":"search_term_string"}}],"inLanguage":"pt-BR"},{"@type":"Organization","@id":"https:\/\/www.estrategiaconcursos.com.br\/blog\/#organization","name":"Estrat\u00e9gia Concursos","url":"https:\/\/www.estrategiaconcursos.com.br\/blog\/","logo":{"@type":"ImageObject","inLanguage":"pt-BR","@id":"https:\/\/www.estrategiaconcursos.com.br\/blog\/#\/schema\/logo\/image\/","url":"https:\/\/dhg1h5j42swfq.cloudfront.net\/2025\/06\/03203428\/logo_concursos-1.jpg","contentUrl":"https:\/\/dhg1h5j42swfq.cloudfront.net\/2025\/06\/03203428\/logo_concursos-1.jpg","width":230,"height":60,"caption":"Estrat\u00e9gia Concursos"},"image":{"@id":"https:\/\/www.estrategiaconcursos.com.br\/blog\/#\/schema\/logo\/image\/"},"sameAs":["https:\/\/x.com\/EstratConcursos"]},{"@type":"Person","@id":"https:\/\/www.estrategiaconcursos.com.br\/blog\/#\/schema\/person\/77a2892ad782f0107fe53568a4b21468","name":"Equipe AFO e Direito Financeiro Estrat\u00e9gia Concursos","image":{"@type":"ImageObject","inLanguage":"pt-BR","@id":"https:\/\/secure.gravatar.com\/avatar\/d41138c46db8615c04f3f4bacb65c20fd12675ce069a35a91c19fb13ad0747b7?s=96&d=mm&r=g","url":"https:\/\/secure.gravatar.com\/avatar\/d41138c46db8615c04f3f4bacb65c20fd12675ce069a35a91c19fb13ad0747b7?s=96&d=mm&r=g","contentUrl":"https:\/\/secure.gravatar.com\/avatar\/d41138c46db8615c04f3f4bacb65c20fd12675ce069a35a91c19fb13ad0747b7?s=96&d=mm&r=g","caption":"Equipe AFO e Direito Financeiro Estrat\u00e9gia Concursos"},"url":"https:\/\/www.estrategiaconcursos.com.br\/blog\/author\/vinicius_nascimento1987hotmail-com\/"}]}},"_links":{"self":[{"href":"https:\/\/www.estrategiaconcursos.com.br\/blog\/wp-json\/wp\/v2\/posts\/42090","targetHints":{"allow":["GET"]}}],"collection":[{"href":"https:\/\/www.estrategiaconcursos.com.br\/blog\/wp-json\/wp\/v2\/posts"}],"about":[{"href":"https:\/\/www.estrategiaconcursos.com.br\/blog\/wp-json\/wp\/v2\/types\/post"}],"author":[{"embeddable":true,"href":"https:\/\/www.estrategiaconcursos.com.br\/blog\/wp-json\/wp\/v2\/users\/212"}],"replies":[{"embeddable":true,"href":"https:\/\/www.estrategiaconcursos.com.br\/blog\/wp-json\/wp\/v2\/comments?post=42090"}],"version-history":[{"count":10,"href":"https:\/\/www.estrategiaconcursos.com.br\/blog\/wp-json\/wp\/v2\/posts\/42090\/revisions"}],"predecessor-version":[{"id":42106,"href":"https:\/\/www.estrategiaconcursos.com.br\/blog\/wp-json\/wp\/v2\/posts\/42090\/revisions\/42106"}],"wp:attachment":[{"href":"https:\/\/www.estrategiaconcursos.com.br\/blog\/wp-json\/wp\/v2\/media?parent=42090"}],"wp:term":[{"taxonomy":"category","embeddable":true,"href":"https:\/\/www.estrategiaconcursos.com.br\/blog\/wp-json\/wp\/v2\/categories?post=42090"},{"taxonomy":"post_tag","embeddable":true,"href":"https:\/\/www.estrategiaconcursos.com.br\/blog\/wp-json\/wp\/v2\/tags?post=42090"},{"taxonomy":"tax_estado","embeddable":true,"href":"https:\/\/www.estrategiaconcursos.com.br\/blog\/wp-json\/wp\/v2\/tax_estado?post=42090"}],"curies":[{"name":"wp","href":"https:\/\/api.w.org\/{rel}","templated":true}]}}