{"id":42088,"date":"2016-06-24T10:35:32","date_gmt":"2016-06-24T13:35:32","guid":{"rendered":"http:\/\/www.estrategiaconcursos.com.br\/blog\/?p=42088"},"modified":"2016-06-25T18:07:33","modified_gmt":"2016-06-25T21:07:33","slug":"recurso-de-idiomas-anac-atencao-para-os-prazos","status":"publish","type":"post","link":"https:\/\/www.estrategiaconcursos.com.br\/blog\/recurso-de-idiomas-anac-atencao-para-os-prazos\/","title":{"rendered":"Recurso de Idiomas ANAC \u2013 Aten\u00e7\u00e3o para os prazos!"},"content":{"rendered":"<p>Ol\u00e1, pessoal!<\/p>\n<p>Tudo bem?<\/p>\n<p>A Esaf divulgou o cronograma prov\u00e1vel do concurso da ANAC e agendou, para o pr\u00f3ximo dia 27 (segunda-feira), a publica\u00e7\u00e3o do resultado provis\u00f3rio das provas discursivas para os cargos de n\u00edvel superior.<\/p>\n<p>Em primeiro lugar, quero parabenizar quem chegou at\u00e9 a essa fase do concurso. Voc\u00eas est\u00e3o no caminho certo!<\/p>\n<p>Sobre a etapa de recursos, eu a considero como se fosse uma das provas do concurso, pois os examinadores se equivocam muito nas corre\u00e7\u00f5es. Vou contar um exemplo para voc\u00eas. No concurso de Consultor Legislativo da C\u00e2mara dos Deputados (2014), eu estava em 5\u00b0 lugar no resultado provis\u00f3rio das provas discursivas (o edital s\u00f3 oferecia 2 vagas). Resolvi, ent\u00e3o, interpor recurso contra esse resultado. Eu mesma analisei as minhas reda\u00e7\u00f5es (disserta\u00e7\u00e3o, discurso, minuta de proposi\u00e7\u00e3o e parecer) e elaborei os respectivos recursos. Gra\u00e7as a eles,\u00a0<strong>consegui 11 pontos e saltei do 5\u00b0 para o 2\u00b0 lugar<\/strong>\u00a0e, assim, fiquei dentro das vagas previstas no edital.<\/p>\n<p>Por isso, recomendo aos meus alunos sempre recorrerem de suas notas nas discursivas.<\/p>\n<p>Portanto, para aqueles que necessitam formular recursos de idioma para a ANAC, coloco-me \u00e0 disposi\u00e7\u00e3o para ajud\u00e1-los. Podem contar comigo! Na Aula Demonstrativa (link abaixo), temos mais detalhes.<\/p>\n<p><strong>Recursos de idioma para ANAC (Todos os cargos)<\/strong><\/p>\n<p><a href=\"https:\/\/d3eaq9o21rgr1g.cloudfront.net\/aula-temp\/104558\/95578650678\/curso-14877-aula-00-v2.pdf?Expires=1466899622&amp;Signature=cKSVHBIghIWrsxDyuvtamxc7LyvOVyc3lSzkrPTRqIMgtYeANxKqBKYcx8qg29A4xrnzQQu2ovC94iGv0qmK4XAQwkxQHaynWZJuVhYd9iPg8L6DsXiC45Oz~vvp~QQNqghldGph9aWJHnP3Ifj6Zu7l~Mnc2YI5FaDcfzmtRtg_&amp;Key-Pair-Id=APKAIKHUAVWTIL5FVANA\">Aula Demonstrativa<\/a><\/p>\n<p>Abra\u00e7os,<\/p>\n<p>Professora Ludimila<\/p>\n<p>lpl.professora@gmail.com<\/p>\n<p>&nbsp;<\/p>\n","protected":false},"excerpt":{"rendered":"<p>Ol\u00e1, pessoal! Tudo bem? A Esaf divulgou o cronograma prov\u00e1vel do concurso da ANAC e agendou, para o pr\u00f3ximo dia 27 (segunda-feira), a publica\u00e7\u00e3o do resultado provis\u00f3rio das provas discursivas para os cargos de n\u00edvel superior. Em primeiro lugar, quero parabenizar quem chegou at\u00e9 a essa fase do concurso. Voc\u00eas est\u00e3o no caminho certo! Sobre [&hellip;]<\/p>\n","protected":false},"author":172,"featured_media":0,"comment_status":"open","ping_status":"open","sticky":false,"template":"","format":"standard","meta":{"post_tipo":"article","footnotes":""},"categories":[1],"tags":[],"tax_estado":[],"class_list":["post-42088","post","type-post","status-publish","format-standard","hentry","category-cursos-e-concursos"],"acf":[],"yoast_head":"<!-- This site is optimized with the Yoast SEO Premium plugin v27.2 (Yoast SEO v27.2) - https:\/\/yoast.com\/product\/yoast-seo-premium-wordpress\/ -->\n<title>Recurso de Idiomas ANAC \u2013 Aten\u00e7\u00e3o para os prazos!<\/title>\n<meta name=\"robots\" content=\"index, follow, max-snippet:-1, max-image-preview:large, max-video-preview:-1\" \/>\n<link rel=\"canonical\" href=\"https:\/\/www.estrategiaconcursos.com.br\/blog\/recurso-de-idiomas-anac-atencao-para-os-prazos\/\" \/>\n<meta property=\"og:locale\" content=\"pt_BR\" \/>\n<meta property=\"og:type\" content=\"article\" \/>\n<meta property=\"og:title\" content=\"Recurso de Idiomas ANAC \u2013 Aten\u00e7\u00e3o para os prazos!\" \/>\n<meta property=\"og:description\" content=\"Ol\u00e1, pessoal! Tudo bem? A Esaf divulgou o cronograma prov\u00e1vel do concurso da ANAC e agendou, para o pr\u00f3ximo dia 27 (segunda-feira), a publica\u00e7\u00e3o do resultado provis\u00f3rio das provas discursivas para os cargos de n\u00edvel superior. Em primeiro lugar, quero parabenizar quem chegou at\u00e9 a essa fase do concurso. Voc\u00eas est\u00e3o no caminho certo! Sobre [&hellip;]\" \/>\n<meta property=\"og:url\" content=\"https:\/\/www.estrategiaconcursos.com.br\/blog\/recurso-de-idiomas-anac-atencao-para-os-prazos\/\" \/>\n<meta property=\"og:site_name\" content=\"Estrat\u00e9gia Concursos\" \/>\n<meta property=\"article:published_time\" content=\"2016-06-24T13:35:32+00:00\" \/>\n<meta property=\"article:modified_time\" content=\"2016-06-25T21:07:33+00:00\" \/>\n<meta name=\"author\" content=\"Ludimila Lamounier\" \/>\n<meta name=\"twitter:card\" content=\"summary_large_image\" \/>\n<meta name=\"twitter:creator\" content=\"@EstratConcursos\" \/>\n<meta name=\"twitter:site\" content=\"@EstratConcursos\" \/>\n<meta name=\"twitter:label1\" content=\"Escrito por\" \/>\n\t<meta name=\"twitter:data1\" content=\"Ludimila Lamounier\" \/>\n\t<meta name=\"twitter:label2\" content=\"Est. tempo de leitura\" \/>\n\t<meta name=\"twitter:data2\" content=\"1 minuto\" \/>\n<script type=\"application\/ld+json\" class=\"yoast-schema-graph\">{\"@context\":\"https:\/\/schema.org\",\"@graph\":[{\"@type\":\"NewsArticle\",\"@id\":\"https:\/\/www.estrategiaconcursos.com.br\/blog\/recurso-de-idiomas-anac-atencao-para-os-prazos\/#article\",\"isPartOf\":{\"@id\":\"https:\/\/www.estrategiaconcursos.com.br\/blog\/recurso-de-idiomas-anac-atencao-para-os-prazos\/\"},\"author\":{\"name\":\"Ludimila Lamounier\",\"@id\":\"https:\/\/www.estrategiaconcursos.com.br\/blog\/#\/schema\/person\/b4b4016a4b8b90b3cd88e745a31a08d8\"},\"headline\":\"Recurso de Idiomas ANAC \u2013 Aten\u00e7\u00e3o para os prazos!\",\"datePublished\":\"2016-06-24T13:35:32+00:00\",\"dateModified\":\"2016-06-25T21:07:33+00:00\",\"mainEntityOfPage\":{\"@id\":\"https:\/\/www.estrategiaconcursos.com.br\/blog\/recurso-de-idiomas-anac-atencao-para-os-prazos\/\"},\"wordCount\":238,\"commentCount\":0,\"publisher\":{\"@id\":\"https:\/\/www.estrategiaconcursos.com.br\/blog\/#organization\"},\"articleSection\":[\"Concursos P\u00fablicos\"],\"inLanguage\":\"pt-BR\",\"potentialAction\":[{\"@type\":\"CommentAction\",\"name\":\"Comment\",\"target\":[\"https:\/\/www.estrategiaconcursos.com.br\/blog\/recurso-de-idiomas-anac-atencao-para-os-prazos\/#respond\"]}],\"copyrightYear\":\"2016\",\"copyrightHolder\":{\"@id\":\"https:\/\/www.estrategiaconcursos.com.br\/blog\/#organization\"}},{\"@type\":\"WebPage\",\"@id\":\"https:\/\/www.estrategiaconcursos.com.br\/blog\/recurso-de-idiomas-anac-atencao-para-os-prazos\/\",\"url\":\"https:\/\/www.estrategiaconcursos.com.br\/blog\/recurso-de-idiomas-anac-atencao-para-os-prazos\/\",\"name\":\"Recurso de Idiomas ANAC \u2013 Aten\u00e7\u00e3o para os prazos!\",\"isPartOf\":{\"@id\":\"https:\/\/www.estrategiaconcursos.com.br\/blog\/#website\"},\"datePublished\":\"2016-06-24T13:35:32+00:00\",\"dateModified\":\"2016-06-25T21:07:33+00:00\",\"breadcrumb\":{\"@id\":\"https:\/\/www.estrategiaconcursos.com.br\/blog\/recurso-de-idiomas-anac-atencao-para-os-prazos\/#breadcrumb\"},\"inLanguage\":\"pt-BR\",\"potentialAction\":[{\"@type\":\"ReadAction\",\"target\":[\"https:\/\/www.estrategiaconcursos.com.br\/blog\/recurso-de-idiomas-anac-atencao-para-os-prazos\/\"]}]},{\"@type\":\"BreadcrumbList\",\"@id\":\"https:\/\/www.estrategiaconcursos.com.br\/blog\/recurso-de-idiomas-anac-atencao-para-os-prazos\/#breadcrumb\",\"itemListElement\":[{\"@type\":\"ListItem\",\"position\":1,\"name\":\"In\u00edcio\",\"item\":\"https:\/\/www.estrategiaconcursos.com.br\/blog\/\"},{\"@type\":\"ListItem\",\"position\":2,\"name\":\"Recurso de Idiomas ANAC \u2013 Aten\u00e7\u00e3o para os prazos!\"}]},{\"@type\":\"WebSite\",\"@id\":\"https:\/\/www.estrategiaconcursos.com.br\/blog\/#website\",\"url\":\"https:\/\/www.estrategiaconcursos.com.br\/blog\/\",\"name\":\"Estrat\u00e9gia Concursos\",\"description\":\"O blog da Estrat\u00e9gia Concursos traz not\u00edcias sobre concursos e artigos de professores oferecendo cursos para concursos (pdf + videaulas) no site.\",\"publisher\":{\"@id\":\"https:\/\/www.estrategiaconcursos.com.br\/blog\/#organization\"},\"potentialAction\":[{\"@type\":\"SearchAction\",\"target\":{\"@type\":\"EntryPoint\",\"urlTemplate\":\"https:\/\/www.estrategiaconcursos.com.br\/blog\/?s={search_term_string}\"},\"query-input\":{\"@type\":\"PropertyValueSpecification\",\"valueRequired\":true,\"valueName\":\"search_term_string\"}}],\"inLanguage\":\"pt-BR\"},{\"@type\":\"Organization\",\"@id\":\"https:\/\/www.estrategiaconcursos.com.br\/blog\/#organization\",\"name\":\"Estrat\u00e9gia Concursos\",\"url\":\"https:\/\/www.estrategiaconcursos.com.br\/blog\/\",\"logo\":{\"@type\":\"ImageObject\",\"inLanguage\":\"pt-BR\",\"@id\":\"https:\/\/www.estrategiaconcursos.com.br\/blog\/#\/schema\/logo\/image\/\",\"url\":\"https:\/\/dhg1h5j42swfq.cloudfront.net\/2025\/06\/03203428\/logo_concursos-1.jpg\",\"contentUrl\":\"https:\/\/dhg1h5j42swfq.cloudfront.net\/2025\/06\/03203428\/logo_concursos-1.jpg\",\"width\":230,\"height\":60,\"caption\":\"Estrat\u00e9gia Concursos\"},\"image\":{\"@id\":\"https:\/\/www.estrategiaconcursos.com.br\/blog\/#\/schema\/logo\/image\/\"},\"sameAs\":[\"https:\/\/x.com\/EstratConcursos\"]},{\"@type\":\"Person\",\"@id\":\"https:\/\/www.estrategiaconcursos.com.br\/blog\/#\/schema\/person\/b4b4016a4b8b90b3cd88e745a31a08d8\",\"name\":\"Ludimila Lamounier\",\"image\":{\"@type\":\"ImageObject\",\"inLanguage\":\"pt-BR\",\"@id\":\"https:\/\/secure.gravatar.com\/avatar\/6a65684d0a8f67a5ea4895fd5140364da8ce4d1b8b1d5e2f99bfa33c901c1ebd?s=96&d=mm&r=g\",\"url\":\"https:\/\/secure.gravatar.com\/avatar\/6a65684d0a8f67a5ea4895fd5140364da8ce4d1b8b1d5e2f99bfa33c901c1ebd?s=96&d=mm&r=g\",\"contentUrl\":\"https:\/\/secure.gravatar.com\/avatar\/6a65684d0a8f67a5ea4895fd5140364da8ce4d1b8b1d5e2f99bfa33c901c1ebd?s=96&d=mm&r=g\",\"caption\":\"Ludimila Lamounier\"},\"url\":\"https:\/\/www.estrategiaconcursos.com.br\/blog\/author\/ludimilaestrategiaconcursos-com-br\/\"}]}<\/script>\n<!-- \/ Yoast SEO Premium plugin. -->","yoast_head_json":{"title":"Recurso de Idiomas ANAC \u2013 Aten\u00e7\u00e3o para os prazos!","robots":{"index":"index","follow":"follow","max-snippet":"max-snippet:-1","max-image-preview":"max-image-preview:large","max-video-preview":"max-video-preview:-1"},"canonical":"https:\/\/www.estrategiaconcursos.com.br\/blog\/recurso-de-idiomas-anac-atencao-para-os-prazos\/","og_locale":"pt_BR","og_type":"article","og_title":"Recurso de Idiomas ANAC \u2013 Aten\u00e7\u00e3o para os prazos!","og_description":"Ol\u00e1, pessoal! Tudo bem? A Esaf divulgou o cronograma prov\u00e1vel do concurso da ANAC e agendou, para o pr\u00f3ximo dia 27 (segunda-feira), a publica\u00e7\u00e3o do resultado provis\u00f3rio das provas discursivas para os cargos de n\u00edvel superior. Em primeiro lugar, quero parabenizar quem chegou at\u00e9 a essa fase do concurso. Voc\u00eas est\u00e3o no caminho certo! Sobre [&hellip;]","og_url":"https:\/\/www.estrategiaconcursos.com.br\/blog\/recurso-de-idiomas-anac-atencao-para-os-prazos\/","og_site_name":"Estrat\u00e9gia Concursos","article_published_time":"2016-06-24T13:35:32+00:00","article_modified_time":"2016-06-25T21:07:33+00:00","author":"Ludimila Lamounier","twitter_card":"summary_large_image","twitter_creator":"@EstratConcursos","twitter_site":"@EstratConcursos","twitter_misc":{"Escrito por":"Ludimila Lamounier","Est. tempo de leitura":"1 minuto"},"schema":{"@context":"https:\/\/schema.org","@graph":[{"@type":"NewsArticle","@id":"https:\/\/www.estrategiaconcursos.com.br\/blog\/recurso-de-idiomas-anac-atencao-para-os-prazos\/#article","isPartOf":{"@id":"https:\/\/www.estrategiaconcursos.com.br\/blog\/recurso-de-idiomas-anac-atencao-para-os-prazos\/"},"author":{"name":"Ludimila Lamounier","@id":"https:\/\/www.estrategiaconcursos.com.br\/blog\/#\/schema\/person\/b4b4016a4b8b90b3cd88e745a31a08d8"},"headline":"Recurso de Idiomas ANAC \u2013 Aten\u00e7\u00e3o para os prazos!","datePublished":"2016-06-24T13:35:32+00:00","dateModified":"2016-06-25T21:07:33+00:00","mainEntityOfPage":{"@id":"https:\/\/www.estrategiaconcursos.com.br\/blog\/recurso-de-idiomas-anac-atencao-para-os-prazos\/"},"wordCount":238,"commentCount":0,"publisher":{"@id":"https:\/\/www.estrategiaconcursos.com.br\/blog\/#organization"},"articleSection":["Concursos P\u00fablicos"],"inLanguage":"pt-BR","potentialAction":[{"@type":"CommentAction","name":"Comment","target":["https:\/\/www.estrategiaconcursos.com.br\/blog\/recurso-de-idiomas-anac-atencao-para-os-prazos\/#respond"]}],"copyrightYear":"2016","copyrightHolder":{"@id":"https:\/\/www.estrategiaconcursos.com.br\/blog\/#organization"}},{"@type":"WebPage","@id":"https:\/\/www.estrategiaconcursos.com.br\/blog\/recurso-de-idiomas-anac-atencao-para-os-prazos\/","url":"https:\/\/www.estrategiaconcursos.com.br\/blog\/recurso-de-idiomas-anac-atencao-para-os-prazos\/","name":"Recurso de Idiomas ANAC \u2013 Aten\u00e7\u00e3o para os prazos!","isPartOf":{"@id":"https:\/\/www.estrategiaconcursos.com.br\/blog\/#website"},"datePublished":"2016-06-24T13:35:32+00:00","dateModified":"2016-06-25T21:07:33+00:00","breadcrumb":{"@id":"https:\/\/www.estrategiaconcursos.com.br\/blog\/recurso-de-idiomas-anac-atencao-para-os-prazos\/#breadcrumb"},"inLanguage":"pt-BR","potentialAction":[{"@type":"ReadAction","target":["https:\/\/www.estrategiaconcursos.com.br\/blog\/recurso-de-idiomas-anac-atencao-para-os-prazos\/"]}]},{"@type":"BreadcrumbList","@id":"https:\/\/www.estrategiaconcursos.com.br\/blog\/recurso-de-idiomas-anac-atencao-para-os-prazos\/#breadcrumb","itemListElement":[{"@type":"ListItem","position":1,"name":"In\u00edcio","item":"https:\/\/www.estrategiaconcursos.com.br\/blog\/"},{"@type":"ListItem","position":2,"name":"Recurso de Idiomas ANAC \u2013 Aten\u00e7\u00e3o para os prazos!"}]},{"@type":"WebSite","@id":"https:\/\/www.estrategiaconcursos.com.br\/blog\/#website","url":"https:\/\/www.estrategiaconcursos.com.br\/blog\/","name":"Estrat\u00e9gia Concursos","description":"O blog da Estrat\u00e9gia Concursos traz not\u00edcias sobre concursos e artigos de professores oferecendo cursos para concursos (pdf + videaulas) no site.","publisher":{"@id":"https:\/\/www.estrategiaconcursos.com.br\/blog\/#organization"},"potentialAction":[{"@type":"SearchAction","target":{"@type":"EntryPoint","urlTemplate":"https:\/\/www.estrategiaconcursos.com.br\/blog\/?s={search_term_string}"},"query-input":{"@type":"PropertyValueSpecification","valueRequired":true,"valueName":"search_term_string"}}],"inLanguage":"pt-BR"},{"@type":"Organization","@id":"https:\/\/www.estrategiaconcursos.com.br\/blog\/#organization","name":"Estrat\u00e9gia Concursos","url":"https:\/\/www.estrategiaconcursos.com.br\/blog\/","logo":{"@type":"ImageObject","inLanguage":"pt-BR","@id":"https:\/\/www.estrategiaconcursos.com.br\/blog\/#\/schema\/logo\/image\/","url":"https:\/\/dhg1h5j42swfq.cloudfront.net\/2025\/06\/03203428\/logo_concursos-1.jpg","contentUrl":"https:\/\/dhg1h5j42swfq.cloudfront.net\/2025\/06\/03203428\/logo_concursos-1.jpg","width":230,"height":60,"caption":"Estrat\u00e9gia Concursos"},"image":{"@id":"https:\/\/www.estrategiaconcursos.com.br\/blog\/#\/schema\/logo\/image\/"},"sameAs":["https:\/\/x.com\/EstratConcursos"]},{"@type":"Person","@id":"https:\/\/www.estrategiaconcursos.com.br\/blog\/#\/schema\/person\/b4b4016a4b8b90b3cd88e745a31a08d8","name":"Ludimila Lamounier","image":{"@type":"ImageObject","inLanguage":"pt-BR","@id":"https:\/\/secure.gravatar.com\/avatar\/6a65684d0a8f67a5ea4895fd5140364da8ce4d1b8b1d5e2f99bfa33c901c1ebd?s=96&d=mm&r=g","url":"https:\/\/secure.gravatar.com\/avatar\/6a65684d0a8f67a5ea4895fd5140364da8ce4d1b8b1d5e2f99bfa33c901c1ebd?s=96&d=mm&r=g","contentUrl":"https:\/\/secure.gravatar.com\/avatar\/6a65684d0a8f67a5ea4895fd5140364da8ce4d1b8b1d5e2f99bfa33c901c1ebd?s=96&d=mm&r=g","caption":"Ludimila Lamounier"},"url":"https:\/\/www.estrategiaconcursos.com.br\/blog\/author\/ludimilaestrategiaconcursos-com-br\/"}]}},"_links":{"self":[{"href":"https:\/\/www.estrategiaconcursos.com.br\/blog\/wp-json\/wp\/v2\/posts\/42088","targetHints":{"allow":["GET"]}}],"collection":[{"href":"https:\/\/www.estrategiaconcursos.com.br\/blog\/wp-json\/wp\/v2\/posts"}],"about":[{"href":"https:\/\/www.estrategiaconcursos.com.br\/blog\/wp-json\/wp\/v2\/types\/post"}],"author":[{"embeddable":true,"href":"https:\/\/www.estrategiaconcursos.com.br\/blog\/wp-json\/wp\/v2\/users\/172"}],"replies":[{"embeddable":true,"href":"https:\/\/www.estrategiaconcursos.com.br\/blog\/wp-json\/wp\/v2\/comments?post=42088"}],"version-history":[{"count":2,"href":"https:\/\/www.estrategiaconcursos.com.br\/blog\/wp-json\/wp\/v2\/posts\/42088\/revisions"}],"predecessor-version":[{"id":42155,"href":"https:\/\/www.estrategiaconcursos.com.br\/blog\/wp-json\/wp\/v2\/posts\/42088\/revisions\/42155"}],"wp:attachment":[{"href":"https:\/\/www.estrategiaconcursos.com.br\/blog\/wp-json\/wp\/v2\/media?parent=42088"}],"wp:term":[{"taxonomy":"category","embeddable":true,"href":"https:\/\/www.estrategiaconcursos.com.br\/blog\/wp-json\/wp\/v2\/categories?post=42088"},{"taxonomy":"post_tag","embeddable":true,"href":"https:\/\/www.estrategiaconcursos.com.br\/blog\/wp-json\/wp\/v2\/tags?post=42088"},{"taxonomy":"tax_estado","embeddable":true,"href":"https:\/\/www.estrategiaconcursos.com.br\/blog\/wp-json\/wp\/v2\/tax_estado?post=42088"}],"curies":[{"name":"wp","href":"https:\/\/api.w.org\/{rel}","templated":true}]}}