{"id":420273,"date":"2019-09-16T11:08:56","date_gmt":"2019-09-16T14:08:56","guid":{"rendered":"https:\/\/www.estrategiaconcursos.com.br\/blog\/?p=420273"},"modified":"2019-09-16T13:53:25","modified_gmt":"2019-09-16T16:53:25","slug":"prova-objetiva-do-concurso-camara-de-maua-sp-e-cancelada","status":"publish","type":"post","link":"https:\/\/www.estrategiaconcursos.com.br\/blog\/prova-objetiva-do-concurso-camara-de-maua-sp-e-cancelada\/","title":{"rendered":"Concurso C\u00e2mara de Mau\u00e1: Prova Objetiva do certame \u00e9 cancelada"},"content":{"rendered":"\n<p>A prova objetiva do Concurso C\u00e2mara de Mau\u00e1 que seria realizada no domingo passado, 15 de setembro, foi cancelada. Segundo nota divulgada pela Vunesp, banca organizadora do certame, houve um incidente com uma das equipes de aplica\u00e7\u00e3o da avalia\u00e7\u00e3o no percurso para o local do exame.<\/p>\n\n\n\n<p>As provas foram suspensas e ser\u00e3o efetuadas em uma nova data que ainda n\u00e3o foi divulgada. O concurso da C\u00e2mara de Mau\u00e1, munic\u00edpio localizado no estado de S\u00e3o Paulo, oferta 46 vagas para cargos de n\u00edvel fundamental, m\u00e9dio e superior. <\/p>\n\n\n\n<p>A avalia\u00e7\u00e3o objetiva, com nova data a ser definida, ser\u00e1 composta de quest\u00f5es de m\u00faltipla escolha com 50, 60 e 80 quest\u00f5es a depender do cargo ao qual o candidato optou. <\/p>\n\n\n\n<p>Acompanhe a seguir os cargos oferecidos e as respectivas remunera\u00e7\u00f5es.<\/p>\n\n\n\n<h3 class=\"wp-block-heading\">N\u00edvel Fundamental<\/h3>\n\n\n\n<p><strong><em>Auxiliar de Jardinagem&nbsp;<\/em><\/strong><em>\u2013 R$ 2.090,10 \u2013 1 vaga<\/em><br \/><strong><em>Auxiliar de Limpeza<\/em><\/strong><em>&nbsp;\u2013 R$ 2.016,43 \u2013 2 vagas<\/em><\/p>\n\n\n\n<h3 class=\"wp-block-heading\">N\u00edvel M\u00e9dio<\/h3>\n\n\n\n<p><strong><em>Almoxarife<\/em><\/strong><em>&nbsp;\u2013 R$ 3.285,18 \u2013 1 vaga<br \/><\/em><strong><em>Assistente Legislativo das Comiss\u00f5es&nbsp;<\/em><\/strong><em>\u2013 R$ 3.587,99 \u2013 1 vaga<br \/><\/em><strong><em>Assistente Legislativo de Imprensa<\/em><\/strong><em>&nbsp;\u2013 R$ 3.285,18 \u2013 1 vaga<br \/><\/em><strong><em>Assistente Legislativo em Reda\u00e7\u00e3o<\/em><\/strong><em>&nbsp;\u2013 R$ 3.285,18 \u2013 1 vaga<br \/><\/em><strong><em>Motorista Legislativo<\/em><\/strong><em>&nbsp;\u2013 R$ 2.993,12 \u2013 2 vagas \u2013&nbsp;<\/em><strong><em>Carteira Nacional de Habilita\u00e7\u00e3o, Categoria \u201cB<\/em><\/strong><em>\u201d<br \/><\/em><strong><em>Oficial Legislativo<\/em><\/strong><em>&nbsp;\u2013 R$ 3.030,10 \u2013 31 vagas<br \/><\/em><strong><em>Taqu\u00edgrafo<\/em><\/strong><em>&nbsp;\u2013 R$ 4.494,16 \u2013 1 vaga<br \/><\/em><strong><em>T\u00e9cnico em Manuten\u00e7\u00e3o<\/em><\/strong><em>&nbsp;\u2013 R$ 2.766,59 \u2013 1 vaga<\/em><br \/><strong><em>T\u00e9cnico em Suporte de Inform\u00e1tica<\/em><\/strong><em>&nbsp;\u2013 R$ 3.956,00 \u2013 1 vaga<\/em><\/p>\n\n\n\n<h3 class=\"wp-block-heading\">N\u00edvel Superior<\/h3>\n\n\n\n<p><strong><em>Contador Legislativo<\/em><\/strong><em>&nbsp;\u2013 R$ 6.612,54 \u2013 1 vaga \u2013&nbsp;<\/em><strong><em>Registro no Conselho Regional de Contabilidade \u2013 CRC<\/em><\/strong><strong><em>Procurador Legislativo<\/em><\/strong><em>&nbsp;\u2013 R$ 7.575,93 \u2013 1 vaga<\/em>&nbsp;\u2013&nbsp;<em><strong>Registro na Ordem dos Advogados do Brasil \u2013 OAB<\/strong><\/em><\/p>\n\n\n\n<p>Ap\u00f3s a Prova Objetiva ainda ser\u00e1 realizada para os cargos de Motorista Legislativo, de Taqu\u00edgrafo e de T\u00e9cnico em Manuten\u00e7\u00e3o a Prova Pr\u00e1tica que possui car\u00e1ter eliminat\u00f3rio e classificat\u00f3rio, O objetivo \u00e9 avaliar o grau de conhecimento e as habilidades do candidato por meio de demonstra\u00e7\u00e3o pr\u00e1tica das atividades a serem desempenhadas no exerc\u00edcio do respectivo cargo. <\/p>\n\n\n\n<p>Para mais informa\u00e7\u00f5es sobre o concurso, acesse o artigo abaixo.<\/p>\n\n\n\n<p style=\"text-align:center\" class=\"has-background has-medium-font-size has-light-green-cyan-background-color\"><a href=\"https:\/\/www.estrategiaconcursos.com.br\/blog\/concurso-camara-municipal-de-maua\/\">C\u00e2mara de Mau\u00e1<\/a><\/p>\n\n\n\n<p style=\"text-align:center\"><strong><em>Quer estudar para Concurso C\u00e2mara Municipal de Mau\u00e1?<\/em><\/strong><\/p>\n\n\n\n<p style=\"text-align:center\"><em><strong>Gostou desta oportunidade e deseja come\u00e7ar se preparar agora mesmo? Ent\u00e3o, confira os nossos cursos e comece a estudar para C\u00e2mara Municipal de Mau\u00e1:<\/strong><\/em><\/p>\n\n\n\n<p style=\"text-align:center\" class=\"has-background has-luminous-vivid-amber-background-color\"><a rel=\"noreferrer noopener\" href=\"https:\/\/www.estrategiaconcursos.com.br\/cursos\/concurso\/\" target=\"_blank\"><strong><em>Curso para concurso<\/em><\/strong><\/a><\/p>\n\n\n\n<p><em><strong>Assinatura Anual Ilimitada*<\/strong><\/em><\/p>\n\n\n\n<p style=\"text-align:center\"><em>Prepare-se com o melhor material e com quem mais aprova em&nbsp;Concursos P\u00fablicos de todo o pa\u00eds. Assine agora a nossa Assinatura Anual e tenha acesso ilimitado* a todos os nossos cursos.<\/em><\/p>\n\n\n\n<p style=\"text-align:center\" class=\"has-background has-light-green-cyan-background-color\"><strong>ASSINE AGORA \u2013&nbsp;<\/strong><a rel=\"noreferrer noopener\" href=\"https:\/\/www.estrategiaconcursos.com.br\/assinaturas\/\" target=\"_blank\"><strong>Assinatura Ilimitada<\/strong><\/a><\/p>\n\n\n\n<figure class=\"wp-block-image\"><img loading=\"lazy\" decoding=\"async\" width=\"300\" height=\"102\" src=\"https:\/\/dhg1h5j42swfq.cloudfront.net\/2019\/05\/29143052\/coruja-ficha-tecnica-300x1025.png\" alt=\"\" class=\"wp-image-380136\"\/><\/figure>\n\n\n\n<p><strong>Informa\u00e7\u00f5es do concurso C\u00e2mara de Mau\u00e1<\/strong><br \/>\u25ba<strong>Data prevista<\/strong>: a definir.<br \/>\u25ba<strong>Vagas:<\/strong>&nbsp;46 vagas<br \/>\u25ba<strong>Cargos<\/strong>: diversos&nbsp;<br \/>\u25ba<strong>Banca:<\/strong>&nbsp; Vunesp<br \/>\u25ba<strong>Escolaridade<\/strong>: Fundamental, M\u00e9dio e Superior<br \/>\u25ba<strong>Edital<\/strong>:&nbsp;<a rel=\"noreferrer noopener\" href=\"https:\/\/dhg1h5j42swfq.cloudfront.net\/2019\/06\/10105749\/Edital-C%C3%A2mara-de-Mau%C3%A1.pdf\" target=\"_blank\">Edital C\u00e2mara Municipal de Mau\u00e1<\/a><\/p>\n","protected":false},"excerpt":{"rendered":"<p>A prova objetiva do Concurso C\u00e2mara de Mau\u00e1 que seria realizada no domingo passado, 15 de setembro, foi cancelada. Segundo nota divulgada pela Vunesp, banca organizadora do certame, houve um incidente com uma das equipes de aplica\u00e7\u00e3o da avalia\u00e7\u00e3o no percurso para o local do exame. As provas foram suspensas e ser\u00e3o efetuadas em uma [&hellip;]<\/p>\n","protected":false},"author":73,"featured_media":420298,"comment_status":"open","ping_status":"closed","sticky":false,"template":"","format":"standard","meta":{"post_tipo":"article","footnotes":""},"categories":[1],"tags":[],"tax_estado":[],"class_list":["post-420273","post","type-post","status-publish","format-standard","has-post-thumbnail","hentry","category-cursos-e-concursos"],"acf":[],"yoast_head":"<!-- This site is optimized with the Yoast SEO Premium plugin v27.2 (Yoast SEO v27.2) - https:\/\/yoast.com\/product\/yoast-seo-premium-wordpress\/ -->\n<title>Concurso C\u00e2mara de Mau\u00e1: Prova Objetiva do certame \u00e9 cancelada<\/title>\n<meta name=\"robots\" content=\"index, follow, max-snippet:-1, max-image-preview:large, max-video-preview:-1\" \/>\n<link rel=\"canonical\" href=\"https:\/\/www.estrategiaconcursos.com.br\/blog\/prova-objetiva-do-concurso-camara-de-maua-sp-e-cancelada\/\" \/>\n<meta property=\"og:locale\" content=\"pt_BR\" \/>\n<meta property=\"og:type\" content=\"article\" \/>\n<meta property=\"og:title\" content=\"Concurso C\u00e2mara de Mau\u00e1: Prova Objetiva do certame \u00e9 cancelada\" \/>\n<meta property=\"og:description\" content=\"A prova objetiva do Concurso C\u00e2mara de Mau\u00e1 que seria realizada no domingo passado, 15 de setembro, foi cancelada. Segundo nota divulgada pela Vunesp, banca organizadora do certame, houve um incidente com uma das equipes de aplica\u00e7\u00e3o da avalia\u00e7\u00e3o no percurso para o local do exame. As provas foram suspensas e ser\u00e3o efetuadas em uma [&hellip;]\" \/>\n<meta property=\"og:url\" content=\"https:\/\/www.estrategiaconcursos.com.br\/blog\/prova-objetiva-do-concurso-camara-de-maua-sp-e-cancelada\/\" \/>\n<meta property=\"og:site_name\" content=\"Estrat\u00e9gia Concursos\" \/>\n<meta property=\"article:author\" content=\"https:\/\/www.facebook.com\/rosenvaljr\" \/>\n<meta property=\"article:published_time\" content=\"2019-09-16T14:08:56+00:00\" \/>\n<meta property=\"article:modified_time\" content=\"2019-09-16T16:53:25+00:00\" \/>\n<meta property=\"og:image\" content=\"https:\/\/dhg1h5j42swfq.cloudfront.net\/2019\/09\/16110824\/C%C3%A2mara-Mau%C3%A11.jpg\" \/>\n\t<meta property=\"og:image:width\" content=\"1024\" \/>\n\t<meta property=\"og:image:height\" content=\"683\" \/>\n\t<meta property=\"og:image:type\" content=\"image\/jpeg\" \/>\n<meta name=\"author\" content=\"Rosenval J\u00fanior\" \/>\n<meta name=\"twitter:card\" content=\"summary_large_image\" \/>\n<meta name=\"twitter:creator\" content=\"@EstratConcursos\" \/>\n<meta name=\"twitter:site\" content=\"@EstratConcursos\" \/>\n<meta name=\"twitter:label1\" content=\"Escrito por\" \/>\n\t<meta name=\"twitter:data1\" content=\"Rosenval J\u00fanior\" \/>\n\t<meta name=\"twitter:label2\" content=\"Est. tempo de leitura\" \/>\n\t<meta name=\"twitter:data2\" content=\"2 minutos\" \/>\n<script type=\"application\/ld+json\" class=\"yoast-schema-graph\">{\"@context\":\"https:\/\/schema.org\",\"@graph\":[{\"@type\":\"NewsArticle\",\"@id\":\"https:\/\/www.estrategiaconcursos.com.br\/blog\/prova-objetiva-do-concurso-camara-de-maua-sp-e-cancelada\/#article\",\"isPartOf\":{\"@id\":\"https:\/\/www.estrategiaconcursos.com.br\/blog\/prova-objetiva-do-concurso-camara-de-maua-sp-e-cancelada\/\"},\"author\":{\"name\":\"Rosenval J\u00fanior\",\"@id\":\"https:\/\/www.estrategiaconcursos.com.br\/blog\/#\/schema\/person\/3489eb8fb39ff11193689cf7762b03b0\"},\"headline\":\"Concurso C\u00e2mara de Mau\u00e1: Prova Objetiva do certame \u00e9 cancelada\",\"datePublished\":\"2019-09-16T14:08:56+00:00\",\"dateModified\":\"2019-09-16T16:53:25+00:00\",\"mainEntityOfPage\":{\"@id\":\"https:\/\/www.estrategiaconcursos.com.br\/blog\/prova-objetiva-do-concurso-camara-de-maua-sp-e-cancelada\/\"},\"wordCount\":464,\"commentCount\":1,\"publisher\":{\"@id\":\"https:\/\/www.estrategiaconcursos.com.br\/blog\/#organization\"},\"image\":{\"@id\":\"https:\/\/www.estrategiaconcursos.com.br\/blog\/prova-objetiva-do-concurso-camara-de-maua-sp-e-cancelada\/#primaryimage\"},\"thumbnailUrl\":\"https:\/\/dhg1h5j42swfq.cloudfront.net\/2019\/09\/16110824\/C%C3%A2mara-Mau%C3%A11.jpg\",\"articleSection\":[\"Concursos P\u00fablicos\"],\"inLanguage\":\"pt-BR\",\"potentialAction\":[{\"@type\":\"CommentAction\",\"name\":\"Comment\",\"target\":[\"https:\/\/www.estrategiaconcursos.com.br\/blog\/prova-objetiva-do-concurso-camara-de-maua-sp-e-cancelada\/#respond\"]}],\"copyrightYear\":\"2019\",\"copyrightHolder\":{\"@id\":\"https:\/\/www.estrategiaconcursos.com.br\/blog\/#organization\"}},{\"@type\":\"WebPage\",\"@id\":\"https:\/\/www.estrategiaconcursos.com.br\/blog\/prova-objetiva-do-concurso-camara-de-maua-sp-e-cancelada\/\",\"url\":\"https:\/\/www.estrategiaconcursos.com.br\/blog\/prova-objetiva-do-concurso-camara-de-maua-sp-e-cancelada\/\",\"name\":\"Concurso C\u00e2mara de Mau\u00e1: Prova Objetiva do certame \u00e9 cancelada\",\"isPartOf\":{\"@id\":\"https:\/\/www.estrategiaconcursos.com.br\/blog\/#website\"},\"primaryImageOfPage\":{\"@id\":\"https:\/\/www.estrategiaconcursos.com.br\/blog\/prova-objetiva-do-concurso-camara-de-maua-sp-e-cancelada\/#primaryimage\"},\"image\":{\"@id\":\"https:\/\/www.estrategiaconcursos.com.br\/blog\/prova-objetiva-do-concurso-camara-de-maua-sp-e-cancelada\/#primaryimage\"},\"thumbnailUrl\":\"https:\/\/dhg1h5j42swfq.cloudfront.net\/2019\/09\/16110824\/C%C3%A2mara-Mau%C3%A11.jpg\",\"datePublished\":\"2019-09-16T14:08:56+00:00\",\"dateModified\":\"2019-09-16T16:53:25+00:00\",\"breadcrumb\":{\"@id\":\"https:\/\/www.estrategiaconcursos.com.br\/blog\/prova-objetiva-do-concurso-camara-de-maua-sp-e-cancelada\/#breadcrumb\"},\"inLanguage\":\"pt-BR\",\"potentialAction\":[{\"@type\":\"ReadAction\",\"target\":[\"https:\/\/www.estrategiaconcursos.com.br\/blog\/prova-objetiva-do-concurso-camara-de-maua-sp-e-cancelada\/\"]}]},{\"@type\":\"ImageObject\",\"inLanguage\":\"pt-BR\",\"@id\":\"https:\/\/www.estrategiaconcursos.com.br\/blog\/prova-objetiva-do-concurso-camara-de-maua-sp-e-cancelada\/#primaryimage\",\"url\":\"https:\/\/dhg1h5j42swfq.cloudfront.net\/2019\/09\/16110824\/C%C3%A2mara-Mau%C3%A11.jpg\",\"contentUrl\":\"https:\/\/dhg1h5j42swfq.cloudfront.net\/2019\/09\/16110824\/C%C3%A2mara-Mau%C3%A11.jpg\",\"width\":1024,\"height\":683,\"caption\":\"concurso C\u00e2mara de Mau\u00e1\"},{\"@type\":\"BreadcrumbList\",\"@id\":\"https:\/\/www.estrategiaconcursos.com.br\/blog\/prova-objetiva-do-concurso-camara-de-maua-sp-e-cancelada\/#breadcrumb\",\"itemListElement\":[{\"@type\":\"ListItem\",\"position\":1,\"name\":\"In\u00edcio\",\"item\":\"https:\/\/www.estrategiaconcursos.com.br\/blog\/\"},{\"@type\":\"ListItem\",\"position\":2,\"name\":\"Concurso C\u00e2mara de Mau\u00e1: Prova Objetiva do certame \u00e9 cancelada\"}]},{\"@type\":\"WebSite\",\"@id\":\"https:\/\/www.estrategiaconcursos.com.br\/blog\/#website\",\"url\":\"https:\/\/www.estrategiaconcursos.com.br\/blog\/\",\"name\":\"Estrat\u00e9gia Concursos\",\"description\":\"O blog da Estrat\u00e9gia Concursos traz not\u00edcias sobre concursos e artigos de professores oferecendo cursos para concursos (pdf + videaulas) no site.\",\"publisher\":{\"@id\":\"https:\/\/www.estrategiaconcursos.com.br\/blog\/#organization\"},\"potentialAction\":[{\"@type\":\"SearchAction\",\"target\":{\"@type\":\"EntryPoint\",\"urlTemplate\":\"https:\/\/www.estrategiaconcursos.com.br\/blog\/?s={search_term_string}\"},\"query-input\":{\"@type\":\"PropertyValueSpecification\",\"valueRequired\":true,\"valueName\":\"search_term_string\"}}],\"inLanguage\":\"pt-BR\"},{\"@type\":\"Organization\",\"@id\":\"https:\/\/www.estrategiaconcursos.com.br\/blog\/#organization\",\"name\":\"Estrat\u00e9gia Concursos\",\"url\":\"https:\/\/www.estrategiaconcursos.com.br\/blog\/\",\"logo\":{\"@type\":\"ImageObject\",\"inLanguage\":\"pt-BR\",\"@id\":\"https:\/\/www.estrategiaconcursos.com.br\/blog\/#\/schema\/logo\/image\/\",\"url\":\"https:\/\/dhg1h5j42swfq.cloudfront.net\/2025\/06\/03203428\/logo_concursos-1.jpg\",\"contentUrl\":\"https:\/\/dhg1h5j42swfq.cloudfront.net\/2025\/06\/03203428\/logo_concursos-1.jpg\",\"width\":230,\"height\":60,\"caption\":\"Estrat\u00e9gia Concursos\"},\"image\":{\"@id\":\"https:\/\/www.estrategiaconcursos.com.br\/blog\/#\/schema\/logo\/image\/\"},\"sameAs\":[\"https:\/\/x.com\/EstratConcursos\"]},{\"@type\":\"Person\",\"@id\":\"https:\/\/www.estrategiaconcursos.com.br\/blog\/#\/schema\/person\/3489eb8fb39ff11193689cf7762b03b0\",\"name\":\"Rosenval J\u00fanior\",\"image\":{\"@type\":\"ImageObject\",\"inLanguage\":\"pt-BR\",\"@id\":\"https:\/\/secure.gravatar.com\/avatar\/dc38e7bcadccb99c8a28b35b027bdc6b8b6a65ee938a25ed335e3e31eed462e0?s=96&d=mm&r=g\",\"url\":\"https:\/\/secure.gravatar.com\/avatar\/dc38e7bcadccb99c8a28b35b027bdc6b8b6a65ee938a25ed335e3e31eed462e0?s=96&d=mm&r=g\",\"contentUrl\":\"https:\/\/secure.gravatar.com\/avatar\/dc38e7bcadccb99c8a28b35b027bdc6b8b6a65ee938a25ed335e3e31eed462e0?s=96&d=mm&r=g\",\"caption\":\"Rosenval J\u00fanior\"},\"description\":\"Graduado pela Universidade Federal de Vi\u00e7osa - UFV. P\u00f3s-graduado em Direito Ambiental. Graduado tamb\u00e9m em Gest\u00e3o Ambiental, com tr\u00eas especializa\u00e7\u00f5es na \u00e1rea ambiental. Mestrando em Engenharia Ambiental. Servidor p\u00fablico do Minist\u00e9rio da Justi\u00e7a e professor de Direito Ambiental, Meio Ambiente, Direito Agr\u00e1rio e Direito Urban\u00edstico para concursos p\u00fablicos. Professor de Direito Ambiental para o Exame de Ordem. Aprovado em 15 concursos p\u00fablicos na \u00e1rea de Meio Ambiente como Analista Ambiental do Instituto Brasileiro do Meio Ambiente e dos Recursos Naturais Renov\u00e1veis - IBAMA; Analista Pericial - Especialidade Engenharia Florestal do Minist\u00e9rio P\u00fablico da Uni\u00e3o - MPU; Analista de Infraestrutura - \u00c1rea de Especializa\u00e7\u00e3o Ambiental do Departamento Nacional de Infraestrutura de Transportes - DNIT; Especialista em Regula\u00e7\u00e3o - \u00c1rea Engenharia Ambiental e Engenharia Florestal, com \u00eanfase em Meio Ambiente da Ag\u00eancia Nacional de Transportes Terrestres - ANTT; Consultor Legislativo em Meio Ambiente e Direito Ambiental, Organiza\u00e7\u00e3o Territorial, Desenvolvimento Urbano e Regional da C\u00e2mara dos Deputados; entre outros. Autor do livro \\\"Direito Ambiental para Concursos e Exame de Ordem\\\", Editora Juru\u00e1. Iniciou sua carreira no servi\u00e7o p\u00fablico federal em 2006, quando obteve aprova\u00e7\u00e3o em 1\u00b0 lugar para o cargo de engenheiro florestal da Casa Civil da Presid\u00eancia da Rep\u00fablica\/Arquivo Nacional. Alguns concursos em que foi aprovado: 1\u00b0 lugar para Analista do Minist\u00e9rio P\u00fablico de MG; 1\u00ba lugar para Engenheiro da Casa Civil da Presid\u00eancia da Rep\u00fablica; 1\u00b0 lugar para T\u00e9cnico em Recursos Naturais \u2013 n\u00edvel II \u2013 \u00c1rea Engenharia Florestal do IDAF; 2\u00b0 lugar para Analista Pericial do Minist\u00e9rio P\u00fablico da Uni\u00e3o - MPU; 2\u00b0 lugar para Analista em Reforma e Desenvolvimento Agr\u00e1rio do INCRA; 7\u00ba lugar Engenheiro J\u00fanior da Caixa Econ\u00f4mica Federal; 10\u00ba lugar para Analista Ambiental do Instituto Estadual de Florestas - IEF\/MG; 6\u00ba lugar para Analista de Infraestrutura (\u00c1rea de Especializa\u00e7\u00e3o Ambiental) do Departamento Nacional de Infraestrutura de Transportes \u2013 DNIT (Prova objetiva e discursiva); 2\u00b0 lugar para Perito Criminal da Pol\u00edcia Civil do Estado do Rio de Janeiro \u2013PCERJ (Resultado na Prova objetiva, TAF, Avalia\u00e7\u00e3o M\u00e9dica, e Psicot\u00e9cnico); 10\u00ba lugar para Perito Criminal da Pol\u00edcia Federal \u2013 DPF \u2013 \u00c1rea 9 (Resultado definitivo na prova objetiva e discursiva); 2\u00b0 lugar para Analista Ambiental do Instituto Brasileiro do Meio Ambiente e dos Recursos Naturais Renov\u00e1veis \u2013 IBAMA (Prova objetiva e discursiva); 1\u00b0 lugar para Especialista em Regula\u00e7\u00e3o Engenharia Ambiental e Engenharia Florestal (com \u00eanfase em meio ambiente) da Ag\u00eancia Nacional de Transportes Terrestres - ANTT (Resultado da prova objetiva, discursiva e de t\u00edtulos); 10\u00ba lugar para Consultor Legislativo em Meio Ambiente e Direito Ambiental, Organiza\u00e7\u00e3o Territorial, Desenvolvimento Urbano e Regional da C\u00e2mara dos Deputados. (Resultado da prova objetiva, discursiva e de t\u00edtulos) Entre em contato comigo pelo facebook e pelo Youtube. Basta colocar na busca: Rosenval J\u00fanior. Ou copiar e colar o endere\u00e7o: www.facebook.com\/rosenvaljr Acesse o meu site e saiba mais: www.aprendadireitoambiental.com.br\",\"sameAs\":[\"http:\/\/www.aprendadireitoambiental.com.br\",\"https:\/\/www.facebook.com\/rosenvaljr\"],\"url\":\"https:\/\/www.estrategiaconcursos.com.br\/blog\/author\/rosenvaljuniorestrategiaconcursos-com-br\/\"}]}<\/script>\n<!-- \/ Yoast SEO Premium plugin. -->","yoast_head_json":{"title":"Concurso C\u00e2mara de Mau\u00e1: Prova Objetiva do certame \u00e9 cancelada","robots":{"index":"index","follow":"follow","max-snippet":"max-snippet:-1","max-image-preview":"max-image-preview:large","max-video-preview":"max-video-preview:-1"},"canonical":"https:\/\/www.estrategiaconcursos.com.br\/blog\/prova-objetiva-do-concurso-camara-de-maua-sp-e-cancelada\/","og_locale":"pt_BR","og_type":"article","og_title":"Concurso C\u00e2mara de Mau\u00e1: Prova Objetiva do certame \u00e9 cancelada","og_description":"A prova objetiva do Concurso C\u00e2mara de Mau\u00e1 que seria realizada no domingo passado, 15 de setembro, foi cancelada. Segundo nota divulgada pela Vunesp, banca organizadora do certame, houve um incidente com uma das equipes de aplica\u00e7\u00e3o da avalia\u00e7\u00e3o no percurso para o local do exame. As provas foram suspensas e ser\u00e3o efetuadas em uma [&hellip;]","og_url":"https:\/\/www.estrategiaconcursos.com.br\/blog\/prova-objetiva-do-concurso-camara-de-maua-sp-e-cancelada\/","og_site_name":"Estrat\u00e9gia Concursos","article_author":"https:\/\/www.facebook.com\/rosenvaljr","article_published_time":"2019-09-16T14:08:56+00:00","article_modified_time":"2019-09-16T16:53:25+00:00","og_image":[{"width":1024,"height":683,"url":"https:\/\/dhg1h5j42swfq.cloudfront.net\/2019\/09\/16110824\/C%C3%A2mara-Mau%C3%A11.jpg","type":"image\/jpeg"}],"author":"Rosenval J\u00fanior","twitter_card":"summary_large_image","twitter_creator":"@EstratConcursos","twitter_site":"@EstratConcursos","twitter_misc":{"Escrito por":"Rosenval J\u00fanior","Est. tempo de leitura":"2 minutos"},"schema":{"@context":"https:\/\/schema.org","@graph":[{"@type":"NewsArticle","@id":"https:\/\/www.estrategiaconcursos.com.br\/blog\/prova-objetiva-do-concurso-camara-de-maua-sp-e-cancelada\/#article","isPartOf":{"@id":"https:\/\/www.estrategiaconcursos.com.br\/blog\/prova-objetiva-do-concurso-camara-de-maua-sp-e-cancelada\/"},"author":{"name":"Rosenval J\u00fanior","@id":"https:\/\/www.estrategiaconcursos.com.br\/blog\/#\/schema\/person\/3489eb8fb39ff11193689cf7762b03b0"},"headline":"Concurso C\u00e2mara de Mau\u00e1: Prova Objetiva do certame \u00e9 cancelada","datePublished":"2019-09-16T14:08:56+00:00","dateModified":"2019-09-16T16:53:25+00:00","mainEntityOfPage":{"@id":"https:\/\/www.estrategiaconcursos.com.br\/blog\/prova-objetiva-do-concurso-camara-de-maua-sp-e-cancelada\/"},"wordCount":464,"commentCount":1,"publisher":{"@id":"https:\/\/www.estrategiaconcursos.com.br\/blog\/#organization"},"image":{"@id":"https:\/\/www.estrategiaconcursos.com.br\/blog\/prova-objetiva-do-concurso-camara-de-maua-sp-e-cancelada\/#primaryimage"},"thumbnailUrl":"https:\/\/dhg1h5j42swfq.cloudfront.net\/2019\/09\/16110824\/C%C3%A2mara-Mau%C3%A11.jpg","articleSection":["Concursos P\u00fablicos"],"inLanguage":"pt-BR","potentialAction":[{"@type":"CommentAction","name":"Comment","target":["https:\/\/www.estrategiaconcursos.com.br\/blog\/prova-objetiva-do-concurso-camara-de-maua-sp-e-cancelada\/#respond"]}],"copyrightYear":"2019","copyrightHolder":{"@id":"https:\/\/www.estrategiaconcursos.com.br\/blog\/#organization"}},{"@type":"WebPage","@id":"https:\/\/www.estrategiaconcursos.com.br\/blog\/prova-objetiva-do-concurso-camara-de-maua-sp-e-cancelada\/","url":"https:\/\/www.estrategiaconcursos.com.br\/blog\/prova-objetiva-do-concurso-camara-de-maua-sp-e-cancelada\/","name":"Concurso C\u00e2mara de Mau\u00e1: Prova Objetiva do certame \u00e9 cancelada","isPartOf":{"@id":"https:\/\/www.estrategiaconcursos.com.br\/blog\/#website"},"primaryImageOfPage":{"@id":"https:\/\/www.estrategiaconcursos.com.br\/blog\/prova-objetiva-do-concurso-camara-de-maua-sp-e-cancelada\/#primaryimage"},"image":{"@id":"https:\/\/www.estrategiaconcursos.com.br\/blog\/prova-objetiva-do-concurso-camara-de-maua-sp-e-cancelada\/#primaryimage"},"thumbnailUrl":"https:\/\/dhg1h5j42swfq.cloudfront.net\/2019\/09\/16110824\/C%C3%A2mara-Mau%C3%A11.jpg","datePublished":"2019-09-16T14:08:56+00:00","dateModified":"2019-09-16T16:53:25+00:00","breadcrumb":{"@id":"https:\/\/www.estrategiaconcursos.com.br\/blog\/prova-objetiva-do-concurso-camara-de-maua-sp-e-cancelada\/#breadcrumb"},"inLanguage":"pt-BR","potentialAction":[{"@type":"ReadAction","target":["https:\/\/www.estrategiaconcursos.com.br\/blog\/prova-objetiva-do-concurso-camara-de-maua-sp-e-cancelada\/"]}]},{"@type":"ImageObject","inLanguage":"pt-BR","@id":"https:\/\/www.estrategiaconcursos.com.br\/blog\/prova-objetiva-do-concurso-camara-de-maua-sp-e-cancelada\/#primaryimage","url":"https:\/\/dhg1h5j42swfq.cloudfront.net\/2019\/09\/16110824\/C%C3%A2mara-Mau%C3%A11.jpg","contentUrl":"https:\/\/dhg1h5j42swfq.cloudfront.net\/2019\/09\/16110824\/C%C3%A2mara-Mau%C3%A11.jpg","width":1024,"height":683,"caption":"concurso C\u00e2mara de Mau\u00e1"},{"@type":"BreadcrumbList","@id":"https:\/\/www.estrategiaconcursos.com.br\/blog\/prova-objetiva-do-concurso-camara-de-maua-sp-e-cancelada\/#breadcrumb","itemListElement":[{"@type":"ListItem","position":1,"name":"In\u00edcio","item":"https:\/\/www.estrategiaconcursos.com.br\/blog\/"},{"@type":"ListItem","position":2,"name":"Concurso C\u00e2mara de Mau\u00e1: Prova Objetiva do certame \u00e9 cancelada"}]},{"@type":"WebSite","@id":"https:\/\/www.estrategiaconcursos.com.br\/blog\/#website","url":"https:\/\/www.estrategiaconcursos.com.br\/blog\/","name":"Estrat\u00e9gia Concursos","description":"O blog da Estrat\u00e9gia Concursos traz not\u00edcias sobre concursos e artigos de professores oferecendo cursos para concursos (pdf + videaulas) no site.","publisher":{"@id":"https:\/\/www.estrategiaconcursos.com.br\/blog\/#organization"},"potentialAction":[{"@type":"SearchAction","target":{"@type":"EntryPoint","urlTemplate":"https:\/\/www.estrategiaconcursos.com.br\/blog\/?s={search_term_string}"},"query-input":{"@type":"PropertyValueSpecification","valueRequired":true,"valueName":"search_term_string"}}],"inLanguage":"pt-BR"},{"@type":"Organization","@id":"https:\/\/www.estrategiaconcursos.com.br\/blog\/#organization","name":"Estrat\u00e9gia Concursos","url":"https:\/\/www.estrategiaconcursos.com.br\/blog\/","logo":{"@type":"ImageObject","inLanguage":"pt-BR","@id":"https:\/\/www.estrategiaconcursos.com.br\/blog\/#\/schema\/logo\/image\/","url":"https:\/\/dhg1h5j42swfq.cloudfront.net\/2025\/06\/03203428\/logo_concursos-1.jpg","contentUrl":"https:\/\/dhg1h5j42swfq.cloudfront.net\/2025\/06\/03203428\/logo_concursos-1.jpg","width":230,"height":60,"caption":"Estrat\u00e9gia Concursos"},"image":{"@id":"https:\/\/www.estrategiaconcursos.com.br\/blog\/#\/schema\/logo\/image\/"},"sameAs":["https:\/\/x.com\/EstratConcursos"]},{"@type":"Person","@id":"https:\/\/www.estrategiaconcursos.com.br\/blog\/#\/schema\/person\/3489eb8fb39ff11193689cf7762b03b0","name":"Rosenval J\u00fanior","image":{"@type":"ImageObject","inLanguage":"pt-BR","@id":"https:\/\/secure.gravatar.com\/avatar\/dc38e7bcadccb99c8a28b35b027bdc6b8b6a65ee938a25ed335e3e31eed462e0?s=96&d=mm&r=g","url":"https:\/\/secure.gravatar.com\/avatar\/dc38e7bcadccb99c8a28b35b027bdc6b8b6a65ee938a25ed335e3e31eed462e0?s=96&d=mm&r=g","contentUrl":"https:\/\/secure.gravatar.com\/avatar\/dc38e7bcadccb99c8a28b35b027bdc6b8b6a65ee938a25ed335e3e31eed462e0?s=96&d=mm&r=g","caption":"Rosenval J\u00fanior"},"description":"Graduado pela Universidade Federal de Vi\u00e7osa - UFV. P\u00f3s-graduado em Direito Ambiental. Graduado tamb\u00e9m em Gest\u00e3o Ambiental, com tr\u00eas especializa\u00e7\u00f5es na \u00e1rea ambiental. Mestrando em Engenharia Ambiental. Servidor p\u00fablico do Minist\u00e9rio da Justi\u00e7a e professor de Direito Ambiental, Meio Ambiente, Direito Agr\u00e1rio e Direito Urban\u00edstico para concursos p\u00fablicos. Professor de Direito Ambiental para o Exame de Ordem. Aprovado em 15 concursos p\u00fablicos na \u00e1rea de Meio Ambiente como Analista Ambiental do Instituto Brasileiro do Meio Ambiente e dos Recursos Naturais Renov\u00e1veis - IBAMA; Analista Pericial - Especialidade Engenharia Florestal do Minist\u00e9rio P\u00fablico da Uni\u00e3o - MPU; Analista de Infraestrutura - \u00c1rea de Especializa\u00e7\u00e3o Ambiental do Departamento Nacional de Infraestrutura de Transportes - DNIT; Especialista em Regula\u00e7\u00e3o - \u00c1rea Engenharia Ambiental e Engenharia Florestal, com \u00eanfase em Meio Ambiente da Ag\u00eancia Nacional de Transportes Terrestres - ANTT; Consultor Legislativo em Meio Ambiente e Direito Ambiental, Organiza\u00e7\u00e3o Territorial, Desenvolvimento Urbano e Regional da C\u00e2mara dos Deputados; entre outros. Autor do livro \"Direito Ambiental para Concursos e Exame de Ordem\", Editora Juru\u00e1. Iniciou sua carreira no servi\u00e7o p\u00fablico federal em 2006, quando obteve aprova\u00e7\u00e3o em 1\u00b0 lugar para o cargo de engenheiro florestal da Casa Civil da Presid\u00eancia da Rep\u00fablica\/Arquivo Nacional. Alguns concursos em que foi aprovado: 1\u00b0 lugar para Analista do Minist\u00e9rio P\u00fablico de MG; 1\u00ba lugar para Engenheiro da Casa Civil da Presid\u00eancia da Rep\u00fablica; 1\u00b0 lugar para T\u00e9cnico em Recursos Naturais \u2013 n\u00edvel II \u2013 \u00c1rea Engenharia Florestal do IDAF; 2\u00b0 lugar para Analista Pericial do Minist\u00e9rio P\u00fablico da Uni\u00e3o - MPU; 2\u00b0 lugar para Analista em Reforma e Desenvolvimento Agr\u00e1rio do INCRA; 7\u00ba lugar Engenheiro J\u00fanior da Caixa Econ\u00f4mica Federal; 10\u00ba lugar para Analista Ambiental do Instituto Estadual de Florestas - IEF\/MG; 6\u00ba lugar para Analista de Infraestrutura (\u00c1rea de Especializa\u00e7\u00e3o Ambiental) do Departamento Nacional de Infraestrutura de Transportes \u2013 DNIT (Prova objetiva e discursiva); 2\u00b0 lugar para Perito Criminal da Pol\u00edcia Civil do Estado do Rio de Janeiro \u2013PCERJ (Resultado na Prova objetiva, TAF, Avalia\u00e7\u00e3o M\u00e9dica, e Psicot\u00e9cnico); 10\u00ba lugar para Perito Criminal da Pol\u00edcia Federal \u2013 DPF \u2013 \u00c1rea 9 (Resultado definitivo na prova objetiva e discursiva); 2\u00b0 lugar para Analista Ambiental do Instituto Brasileiro do Meio Ambiente e dos Recursos Naturais Renov\u00e1veis \u2013 IBAMA (Prova objetiva e discursiva); 1\u00b0 lugar para Especialista em Regula\u00e7\u00e3o Engenharia Ambiental e Engenharia Florestal (com \u00eanfase em meio ambiente) da Ag\u00eancia Nacional de Transportes Terrestres - ANTT (Resultado da prova objetiva, discursiva e de t\u00edtulos); 10\u00ba lugar para Consultor Legislativo em Meio Ambiente e Direito Ambiental, Organiza\u00e7\u00e3o Territorial, Desenvolvimento Urbano e Regional da C\u00e2mara dos Deputados. (Resultado da prova objetiva, discursiva e de t\u00edtulos) Entre em contato comigo pelo facebook e pelo Youtube. Basta colocar na busca: Rosenval J\u00fanior. Ou copiar e colar o endere\u00e7o: www.facebook.com\/rosenvaljr Acesse o meu site e saiba mais: www.aprendadireitoambiental.com.br","sameAs":["http:\/\/www.aprendadireitoambiental.com.br","https:\/\/www.facebook.com\/rosenvaljr"],"url":"https:\/\/www.estrategiaconcursos.com.br\/blog\/author\/rosenvaljuniorestrategiaconcursos-com-br\/"}]}},"_links":{"self":[{"href":"https:\/\/www.estrategiaconcursos.com.br\/blog\/wp-json\/wp\/v2\/posts\/420273","targetHints":{"allow":["GET"]}}],"collection":[{"href":"https:\/\/www.estrategiaconcursos.com.br\/blog\/wp-json\/wp\/v2\/posts"}],"about":[{"href":"https:\/\/www.estrategiaconcursos.com.br\/blog\/wp-json\/wp\/v2\/types\/post"}],"author":[{"embeddable":true,"href":"https:\/\/www.estrategiaconcursos.com.br\/blog\/wp-json\/wp\/v2\/users\/73"}],"replies":[{"embeddable":true,"href":"https:\/\/www.estrategiaconcursos.com.br\/blog\/wp-json\/wp\/v2\/comments?post=420273"}],"version-history":[{"count":3,"href":"https:\/\/www.estrategiaconcursos.com.br\/blog\/wp-json\/wp\/v2\/posts\/420273\/revisions"}],"predecessor-version":[{"id":420404,"href":"https:\/\/www.estrategiaconcursos.com.br\/blog\/wp-json\/wp\/v2\/posts\/420273\/revisions\/420404"}],"wp:featuredmedia":[{"embeddable":true,"href":"https:\/\/www.estrategiaconcursos.com.br\/blog\/wp-json\/wp\/v2\/media\/420298"}],"wp:attachment":[{"href":"https:\/\/www.estrategiaconcursos.com.br\/blog\/wp-json\/wp\/v2\/media?parent=420273"}],"wp:term":[{"taxonomy":"category","embeddable":true,"href":"https:\/\/www.estrategiaconcursos.com.br\/blog\/wp-json\/wp\/v2\/categories?post=420273"},{"taxonomy":"post_tag","embeddable":true,"href":"https:\/\/www.estrategiaconcursos.com.br\/blog\/wp-json\/wp\/v2\/tags?post=420273"},{"taxonomy":"tax_estado","embeddable":true,"href":"https:\/\/www.estrategiaconcursos.com.br\/blog\/wp-json\/wp\/v2\/tax_estado?post=420273"}],"curies":[{"name":"wp","href":"https:\/\/api.w.org\/{rel}","templated":true}]}}