{"id":420110,"date":"2019-09-15T22:26:14","date_gmt":"2019-09-16T01:26:14","guid":{"rendered":"https:\/\/www.estrategiaconcursos.com.br\/blog\/?p=420110"},"modified":"2023-09-13T10:38:31","modified_gmt":"2023-09-13T13:38:31","slug":"comentarios-aos-temas-de-redacao-do-concurso-do-tj-ce-2019","status":"publish","type":"post","link":"https:\/\/www.estrategiaconcursos.com.br\/blog\/comentarios-aos-temas-de-redacao-do-concurso-do-tj-ce-2019\/","title":{"rendered":"Coment\u00e1rios aos temas de reda\u00e7\u00e3o do concurso do TJ-CE 2019"},"content":{"rendered":"\n<p>Ol\u00e1, pessoal! Tudo em paz?<\/p>\n\n\n\n<p>Hoje, tivemos duas provas de reda\u00e7\u00e3o no concurso do TJ-CE. Uma deu trabalho, n\u00e3o \u00e9 mesmo? J\u00e1 a outra foi mais tranquila.<\/p>\n\n\n\n<p>Vamos dar uma conferida nos dois textos motivadores para, posteriormente, comentar as possibilidades argumentativas.<\/p>\n\n\n\n<figure class=\"wp-block-image\"><img loading=\"lazy\" decoding=\"async\" width=\"478\" height=\"465\" src=\"https:\/\/dhg1h5j42swfq.cloudfront.net\/2019\/09\/15222123\/image90.png\" alt=\"\" class=\"wp-image-420111\" srcset=\"https:\/\/dhg1h5j42swfq.cloudfront.net\/2019\/09\/15222123\/image90.png 478w, https:\/\/dhg1h5j42swfq.cloudfront.net\/2019\/09\/15222123\/image90.png 300w\" sizes=\"auto, (max-width: 478px) 100vw, 478px\" \/><\/figure>\n\n\n\n<figure class=\"wp-block-image\"><img loading=\"lazy\" decoding=\"async\" width=\"631\" height=\"411\" src=\"https:\/\/dhg1h5j42swfq.cloudfront.net\/2019\/09\/15222204\/image91.png\" alt=\"\" class=\"wp-image-420112\" srcset=\"https:\/\/dhg1h5j42swfq.cloudfront.net\/2019\/09\/15222204\/image91.png 631w, https:\/\/dhg1h5j42swfq.cloudfront.net\/2019\/09\/15222204\/image91.png 300w, https:\/\/dhg1h5j42swfq.cloudfront.net\/2019\/09\/15222204\/image91.png 610w\" sizes=\"auto, (max-width: 631px) 100vw, 631px\" \/><\/figure>\n\n\n<p><!--StartFragment--><\/p>\n\n\n<p><strong>Redes Sociais<\/strong><\/p>\n\n\n\n<p><strong>Instagram:<\/strong> profraphaelreis<\/p>\n\n\n\n<p><strong>YouTube:<\/strong> professor Raphael Reis<\/p>\n\n\n\n<p>Telegram: t.me\/profraphaelreis <\/p>\n\n\n\n<p>Site: www.professorraphaelreis.com.br<\/p>\n\n\n\n<p><strong>Nossos cursos:<\/strong><\/p>\n\n\n\n<p><a href=\"https:\/\/www.estrategiaconcursos.com.br\/curso\/ciencias-humanas-para-redacao-2019\/\">Ci\u00eancias Humanas para Reda\u00e7\u00e3o<\/a><\/p>\n\n\n\n<p><a href=\"https:\/\/www.estrategiaconcursos.com.br\/curso\/redacao-p-tj-ma-tecnico-judiciario-todas-as-areas-3-correcoes-por-aluno-pos-edital\/\">TJMA<\/a> <\/p>\n\n\n\n<p>T<a href=\"https:\/\/www.estrategiaconcursos.com.br\/curso\/curso-de-redacao-p-trf-3-regiao-tecnico-jud-administrativa-6-correcoes-por-aluno-2019\/\">RF-3<\/a><\/p>\n\n\n\n<p><a href=\"https:\/\/www.estrategiaconcursos.com.br\/curso\/redacao-p-ale-sp-todos-os-cargos-com-correcao\/\">ALE-SP<\/a><\/p>\n\n\n\n<p><a href=\"https:\/\/www.estrategiaconcursos.com.br\/blog\/author\/profraphaelreisgmail-com\/\">Artigos publicados no Estrat\u00e9gia<\/a><\/p>\n\n\n<p><!--EndFragment--><\/p>","protected":false},"excerpt":{"rendered":"<p>Ol\u00e1, pessoal! Tudo em paz? Hoje, tivemos duas provas de reda\u00e7\u00e3o no concurso do TJ-CE. Uma deu trabalho, n\u00e3o \u00e9 mesmo? J\u00e1 a outra foi mais tranquila. Vamos dar uma conferida nos dois textos motivadores para, posteriormente, comentar as possibilidades argumentativas. Redes Sociais Instagram: profraphaelreis YouTube: professor Raphael Reis Telegram: t.me\/profraphaelreis Site: www.professorraphaelreis.com.br Nossos cursos: [&hellip;]<\/p>\n","protected":false},"author":384,"featured_media":0,"comment_status":"open","ping_status":"closed","sticky":false,"template":"","format":"standard","meta":{"post_tipo":"article","footnotes":""},"categories":[1,1984],"tags":[],"tax_estado":[],"class_list":["post-420110","post","type-post","status-publish","format-standard","hentry","category-cursos-e-concursos","category-tribunais"],"acf":[],"yoast_head":"<!-- This site is optimized with the Yoast SEO Premium plugin v27.2 (Yoast SEO v27.2) - https:\/\/yoast.com\/product\/yoast-seo-premium-wordpress\/ -->\n<title>Coment\u00e1rios aos temas de reda\u00e7\u00e3o do concurso do TJ-CE 2019<\/title>\n<meta name=\"robots\" content=\"index, follow, max-snippet:-1, max-image-preview:large, max-video-preview:-1\" \/>\n<link rel=\"canonical\" href=\"https:\/\/www.estrategiaconcursos.com.br\/blog\/comentarios-aos-temas-de-redacao-do-concurso-do-tj-ce-2019\/\" \/>\n<meta property=\"og:locale\" content=\"pt_BR\" \/>\n<meta property=\"og:type\" content=\"article\" \/>\n<meta property=\"og:title\" content=\"Coment\u00e1rios aos temas de reda\u00e7\u00e3o do concurso do TJ-CE 2019\" \/>\n<meta property=\"og:description\" content=\"Ol\u00e1, pessoal! Tudo em paz? Hoje, tivemos duas provas de reda\u00e7\u00e3o no concurso do TJ-CE. Uma deu trabalho, n\u00e3o \u00e9 mesmo? J\u00e1 a outra foi mais tranquila. Vamos dar uma conferida nos dois textos motivadores para, posteriormente, comentar as possibilidades argumentativas. Redes Sociais Instagram: profraphaelreis YouTube: professor Raphael Reis Telegram: t.me\/profraphaelreis Site: www.professorraphaelreis.com.br Nossos cursos: [&hellip;]\" \/>\n<meta property=\"og:url\" content=\"https:\/\/www.estrategiaconcursos.com.br\/blog\/comentarios-aos-temas-de-redacao-do-concurso-do-tj-ce-2019\/\" \/>\n<meta property=\"og:site_name\" content=\"Estrat\u00e9gia Concursos\" \/>\n<meta property=\"article:published_time\" content=\"2019-09-16T01:26:14+00:00\" \/>\n<meta property=\"article:modified_time\" content=\"2023-09-13T13:38:31+00:00\" \/>\n<meta property=\"og:image\" content=\"https:\/\/www.estrategiaconcursos.com.br\/blog\/wp-content\/uploads\/2019\/09\/image90.png\" \/>\n<meta name=\"author\" content=\"Raphael de Oliveira Reis\" \/>\n<meta name=\"twitter:card\" content=\"summary_large_image\" \/>\n<meta name=\"twitter:creator\" content=\"@EstratConcursos\" \/>\n<meta name=\"twitter:site\" content=\"@EstratConcursos\" \/>\n<meta name=\"twitter:label1\" content=\"Escrito por\" \/>\n\t<meta name=\"twitter:data1\" content=\"Raphael de Oliveira Reis\" \/>\n<script type=\"application\/ld+json\" class=\"yoast-schema-graph\">{\"@context\":\"https:\/\/schema.org\",\"@graph\":[{\"@type\":\"NewsArticle\",\"@id\":\"https:\/\/www.estrategiaconcursos.com.br\/blog\/comentarios-aos-temas-de-redacao-do-concurso-do-tj-ce-2019\/#article\",\"isPartOf\":{\"@id\":\"https:\/\/www.estrategiaconcursos.com.br\/blog\/comentarios-aos-temas-de-redacao-do-concurso-do-tj-ce-2019\/\"},\"author\":{\"name\":\"Raphael de Oliveira Reis\",\"@id\":\"https:\/\/www.estrategiaconcursos.com.br\/blog\/#\/schema\/person\/b49a1a49e5ef8a9f8d3268e74404a911\"},\"headline\":\"Coment\u00e1rios aos temas de reda\u00e7\u00e3o do concurso do TJ-CE 2019\",\"datePublished\":\"2019-09-16T01:26:14+00:00\",\"dateModified\":\"2023-09-13T13:38:31+00:00\",\"mainEntityOfPage\":{\"@id\":\"https:\/\/www.estrategiaconcursos.com.br\/blog\/comentarios-aos-temas-de-redacao-do-concurso-do-tj-ce-2019\/\"},\"wordCount\":86,\"commentCount\":0,\"publisher\":{\"@id\":\"https:\/\/www.estrategiaconcursos.com.br\/blog\/#organization\"},\"image\":{\"@id\":\"https:\/\/www.estrategiaconcursos.com.br\/blog\/comentarios-aos-temas-de-redacao-do-concurso-do-tj-ce-2019\/#primaryimage\"},\"thumbnailUrl\":\"https:\/\/www.estrategiaconcursos.com.br\/blog\/wp-content\/uploads\/2019\/09\/image90.png\",\"articleSection\":[\"Concursos P\u00fablicos\",\"Tribunais\"],\"inLanguage\":\"pt-BR\",\"potentialAction\":[{\"@type\":\"CommentAction\",\"name\":\"Comment\",\"target\":[\"https:\/\/www.estrategiaconcursos.com.br\/blog\/comentarios-aos-temas-de-redacao-do-concurso-do-tj-ce-2019\/#respond\"]}],\"copyrightYear\":\"2019\",\"copyrightHolder\":{\"@id\":\"https:\/\/www.estrategiaconcursos.com.br\/blog\/#organization\"}},{\"@type\":\"WebPage\",\"@id\":\"https:\/\/www.estrategiaconcursos.com.br\/blog\/comentarios-aos-temas-de-redacao-do-concurso-do-tj-ce-2019\/\",\"url\":\"https:\/\/www.estrategiaconcursos.com.br\/blog\/comentarios-aos-temas-de-redacao-do-concurso-do-tj-ce-2019\/\",\"name\":\"Coment\u00e1rios aos temas de reda\u00e7\u00e3o do concurso do TJ-CE 2019\",\"isPartOf\":{\"@id\":\"https:\/\/www.estrategiaconcursos.com.br\/blog\/#website\"},\"primaryImageOfPage\":{\"@id\":\"https:\/\/www.estrategiaconcursos.com.br\/blog\/comentarios-aos-temas-de-redacao-do-concurso-do-tj-ce-2019\/#primaryimage\"},\"image\":{\"@id\":\"https:\/\/www.estrategiaconcursos.com.br\/blog\/comentarios-aos-temas-de-redacao-do-concurso-do-tj-ce-2019\/#primaryimage\"},\"thumbnailUrl\":\"https:\/\/www.estrategiaconcursos.com.br\/blog\/wp-content\/uploads\/2019\/09\/image90.png\",\"datePublished\":\"2019-09-16T01:26:14+00:00\",\"dateModified\":\"2023-09-13T13:38:31+00:00\",\"breadcrumb\":{\"@id\":\"https:\/\/www.estrategiaconcursos.com.br\/blog\/comentarios-aos-temas-de-redacao-do-concurso-do-tj-ce-2019\/#breadcrumb\"},\"inLanguage\":\"pt-BR\",\"potentialAction\":[{\"@type\":\"ReadAction\",\"target\":[\"https:\/\/www.estrategiaconcursos.com.br\/blog\/comentarios-aos-temas-de-redacao-do-concurso-do-tj-ce-2019\/\"]}]},{\"@type\":\"ImageObject\",\"inLanguage\":\"pt-BR\",\"@id\":\"https:\/\/www.estrategiaconcursos.com.br\/blog\/comentarios-aos-temas-de-redacao-do-concurso-do-tj-ce-2019\/#primaryimage\",\"url\":\"https:\/\/dhg1h5j42swfq.cloudfront.net\/2019\/09\/15222123\/image90.png\",\"contentUrl\":\"https:\/\/dhg1h5j42swfq.cloudfront.net\/2019\/09\/15222123\/image90.png\",\"width\":478,\"height\":465},{\"@type\":\"BreadcrumbList\",\"@id\":\"https:\/\/www.estrategiaconcursos.com.br\/blog\/comentarios-aos-temas-de-redacao-do-concurso-do-tj-ce-2019\/#breadcrumb\",\"itemListElement\":[{\"@type\":\"ListItem\",\"position\":1,\"name\":\"In\u00edcio\",\"item\":\"https:\/\/www.estrategiaconcursos.com.br\/blog\/\"},{\"@type\":\"ListItem\",\"position\":2,\"name\":\"Coment\u00e1rios aos temas de reda\u00e7\u00e3o do concurso do TJ-CE 2019\"}]},{\"@type\":\"WebSite\",\"@id\":\"https:\/\/www.estrategiaconcursos.com.br\/blog\/#website\",\"url\":\"https:\/\/www.estrategiaconcursos.com.br\/blog\/\",\"name\":\"Estrat\u00e9gia Concursos\",\"description\":\"O blog da Estrat\u00e9gia Concursos traz not\u00edcias sobre concursos e artigos de professores oferecendo cursos para concursos (pdf + videaulas) no site.\",\"publisher\":{\"@id\":\"https:\/\/www.estrategiaconcursos.com.br\/blog\/#organization\"},\"potentialAction\":[{\"@type\":\"SearchAction\",\"target\":{\"@type\":\"EntryPoint\",\"urlTemplate\":\"https:\/\/www.estrategiaconcursos.com.br\/blog\/?s={search_term_string}\"},\"query-input\":{\"@type\":\"PropertyValueSpecification\",\"valueRequired\":true,\"valueName\":\"search_term_string\"}}],\"inLanguage\":\"pt-BR\"},{\"@type\":\"Organization\",\"@id\":\"https:\/\/www.estrategiaconcursos.com.br\/blog\/#organization\",\"name\":\"Estrat\u00e9gia Concursos\",\"url\":\"https:\/\/www.estrategiaconcursos.com.br\/blog\/\",\"logo\":{\"@type\":\"ImageObject\",\"inLanguage\":\"pt-BR\",\"@id\":\"https:\/\/www.estrategiaconcursos.com.br\/blog\/#\/schema\/logo\/image\/\",\"url\":\"https:\/\/dhg1h5j42swfq.cloudfront.net\/2025\/06\/03203428\/logo_concursos-1.jpg\",\"contentUrl\":\"https:\/\/dhg1h5j42swfq.cloudfront.net\/2025\/06\/03203428\/logo_concursos-1.jpg\",\"width\":230,\"height\":60,\"caption\":\"Estrat\u00e9gia Concursos\"},\"image\":{\"@id\":\"https:\/\/www.estrategiaconcursos.com.br\/blog\/#\/schema\/logo\/image\/\"},\"sameAs\":[\"https:\/\/x.com\/EstratConcursos\"]},{\"@type\":\"Person\",\"@id\":\"https:\/\/www.estrategiaconcursos.com.br\/blog\/#\/schema\/person\/b49a1a49e5ef8a9f8d3268e74404a911\",\"name\":\"Raphael de Oliveira Reis\",\"image\":{\"@type\":\"ImageObject\",\"inLanguage\":\"pt-BR\",\"@id\":\"https:\/\/secure.gravatar.com\/avatar\/b1c5789180fc7bfb5103ec006c301370c02393e37aa13c55f6d72f05fcc76b3b?s=96&d=mm&r=g\",\"url\":\"https:\/\/secure.gravatar.com\/avatar\/b1c5789180fc7bfb5103ec006c301370c02393e37aa13c55f6d72f05fcc76b3b?s=96&d=mm&r=g\",\"contentUrl\":\"https:\/\/secure.gravatar.com\/avatar\/b1c5789180fc7bfb5103ec006c301370c02393e37aa13c55f6d72f05fcc76b3b?s=96&d=mm&r=g\",\"caption\":\"Raphael de Oliveira Reis\"},\"url\":\"https:\/\/www.estrategiaconcursos.com.br\/blog\/author\/profraphaelreisgmail-com\/\"}]}<\/script>\n<!-- \/ Yoast SEO Premium plugin. -->","yoast_head_json":{"title":"Coment\u00e1rios aos temas de reda\u00e7\u00e3o do concurso do TJ-CE 2019","robots":{"index":"index","follow":"follow","max-snippet":"max-snippet:-1","max-image-preview":"max-image-preview:large","max-video-preview":"max-video-preview:-1"},"canonical":"https:\/\/www.estrategiaconcursos.com.br\/blog\/comentarios-aos-temas-de-redacao-do-concurso-do-tj-ce-2019\/","og_locale":"pt_BR","og_type":"article","og_title":"Coment\u00e1rios aos temas de reda\u00e7\u00e3o do concurso do TJ-CE 2019","og_description":"Ol\u00e1, pessoal! Tudo em paz? Hoje, tivemos duas provas de reda\u00e7\u00e3o no concurso do TJ-CE. Uma deu trabalho, n\u00e3o \u00e9 mesmo? J\u00e1 a outra foi mais tranquila. Vamos dar uma conferida nos dois textos motivadores para, posteriormente, comentar as possibilidades argumentativas. Redes Sociais Instagram: profraphaelreis YouTube: professor Raphael Reis Telegram: t.me\/profraphaelreis Site: www.professorraphaelreis.com.br Nossos cursos: [&hellip;]","og_url":"https:\/\/www.estrategiaconcursos.com.br\/blog\/comentarios-aos-temas-de-redacao-do-concurso-do-tj-ce-2019\/","og_site_name":"Estrat\u00e9gia Concursos","article_published_time":"2019-09-16T01:26:14+00:00","article_modified_time":"2023-09-13T13:38:31+00:00","og_image":[{"url":"https:\/\/www.estrategiaconcursos.com.br\/blog\/wp-content\/uploads\/2019\/09\/image90.png","type":"","width":"","height":""}],"author":"Raphael de Oliveira Reis","twitter_card":"summary_large_image","twitter_creator":"@EstratConcursos","twitter_site":"@EstratConcursos","twitter_misc":{"Escrito por":"Raphael de Oliveira Reis"},"schema":{"@context":"https:\/\/schema.org","@graph":[{"@type":"NewsArticle","@id":"https:\/\/www.estrategiaconcursos.com.br\/blog\/comentarios-aos-temas-de-redacao-do-concurso-do-tj-ce-2019\/#article","isPartOf":{"@id":"https:\/\/www.estrategiaconcursos.com.br\/blog\/comentarios-aos-temas-de-redacao-do-concurso-do-tj-ce-2019\/"},"author":{"name":"Raphael de Oliveira Reis","@id":"https:\/\/www.estrategiaconcursos.com.br\/blog\/#\/schema\/person\/b49a1a49e5ef8a9f8d3268e74404a911"},"headline":"Coment\u00e1rios aos temas de reda\u00e7\u00e3o do concurso do TJ-CE 2019","datePublished":"2019-09-16T01:26:14+00:00","dateModified":"2023-09-13T13:38:31+00:00","mainEntityOfPage":{"@id":"https:\/\/www.estrategiaconcursos.com.br\/blog\/comentarios-aos-temas-de-redacao-do-concurso-do-tj-ce-2019\/"},"wordCount":86,"commentCount":0,"publisher":{"@id":"https:\/\/www.estrategiaconcursos.com.br\/blog\/#organization"},"image":{"@id":"https:\/\/www.estrategiaconcursos.com.br\/blog\/comentarios-aos-temas-de-redacao-do-concurso-do-tj-ce-2019\/#primaryimage"},"thumbnailUrl":"https:\/\/www.estrategiaconcursos.com.br\/blog\/wp-content\/uploads\/2019\/09\/image90.png","articleSection":["Concursos P\u00fablicos","Tribunais"],"inLanguage":"pt-BR","potentialAction":[{"@type":"CommentAction","name":"Comment","target":["https:\/\/www.estrategiaconcursos.com.br\/blog\/comentarios-aos-temas-de-redacao-do-concurso-do-tj-ce-2019\/#respond"]}],"copyrightYear":"2019","copyrightHolder":{"@id":"https:\/\/www.estrategiaconcursos.com.br\/blog\/#organization"}},{"@type":"WebPage","@id":"https:\/\/www.estrategiaconcursos.com.br\/blog\/comentarios-aos-temas-de-redacao-do-concurso-do-tj-ce-2019\/","url":"https:\/\/www.estrategiaconcursos.com.br\/blog\/comentarios-aos-temas-de-redacao-do-concurso-do-tj-ce-2019\/","name":"Coment\u00e1rios aos temas de reda\u00e7\u00e3o do concurso do TJ-CE 2019","isPartOf":{"@id":"https:\/\/www.estrategiaconcursos.com.br\/blog\/#website"},"primaryImageOfPage":{"@id":"https:\/\/www.estrategiaconcursos.com.br\/blog\/comentarios-aos-temas-de-redacao-do-concurso-do-tj-ce-2019\/#primaryimage"},"image":{"@id":"https:\/\/www.estrategiaconcursos.com.br\/blog\/comentarios-aos-temas-de-redacao-do-concurso-do-tj-ce-2019\/#primaryimage"},"thumbnailUrl":"https:\/\/www.estrategiaconcursos.com.br\/blog\/wp-content\/uploads\/2019\/09\/image90.png","datePublished":"2019-09-16T01:26:14+00:00","dateModified":"2023-09-13T13:38:31+00:00","breadcrumb":{"@id":"https:\/\/www.estrategiaconcursos.com.br\/blog\/comentarios-aos-temas-de-redacao-do-concurso-do-tj-ce-2019\/#breadcrumb"},"inLanguage":"pt-BR","potentialAction":[{"@type":"ReadAction","target":["https:\/\/www.estrategiaconcursos.com.br\/blog\/comentarios-aos-temas-de-redacao-do-concurso-do-tj-ce-2019\/"]}]},{"@type":"ImageObject","inLanguage":"pt-BR","@id":"https:\/\/www.estrategiaconcursos.com.br\/blog\/comentarios-aos-temas-de-redacao-do-concurso-do-tj-ce-2019\/#primaryimage","url":"https:\/\/dhg1h5j42swfq.cloudfront.net\/2019\/09\/15222123\/image90.png","contentUrl":"https:\/\/dhg1h5j42swfq.cloudfront.net\/2019\/09\/15222123\/image90.png","width":478,"height":465},{"@type":"BreadcrumbList","@id":"https:\/\/www.estrategiaconcursos.com.br\/blog\/comentarios-aos-temas-de-redacao-do-concurso-do-tj-ce-2019\/#breadcrumb","itemListElement":[{"@type":"ListItem","position":1,"name":"In\u00edcio","item":"https:\/\/www.estrategiaconcursos.com.br\/blog\/"},{"@type":"ListItem","position":2,"name":"Coment\u00e1rios aos temas de reda\u00e7\u00e3o do concurso do TJ-CE 2019"}]},{"@type":"WebSite","@id":"https:\/\/www.estrategiaconcursos.com.br\/blog\/#website","url":"https:\/\/www.estrategiaconcursos.com.br\/blog\/","name":"Estrat\u00e9gia Concursos","description":"O blog da Estrat\u00e9gia Concursos traz not\u00edcias sobre concursos e artigos de professores oferecendo cursos para concursos (pdf + videaulas) no site.","publisher":{"@id":"https:\/\/www.estrategiaconcursos.com.br\/blog\/#organization"},"potentialAction":[{"@type":"SearchAction","target":{"@type":"EntryPoint","urlTemplate":"https:\/\/www.estrategiaconcursos.com.br\/blog\/?s={search_term_string}"},"query-input":{"@type":"PropertyValueSpecification","valueRequired":true,"valueName":"search_term_string"}}],"inLanguage":"pt-BR"},{"@type":"Organization","@id":"https:\/\/www.estrategiaconcursos.com.br\/blog\/#organization","name":"Estrat\u00e9gia Concursos","url":"https:\/\/www.estrategiaconcursos.com.br\/blog\/","logo":{"@type":"ImageObject","inLanguage":"pt-BR","@id":"https:\/\/www.estrategiaconcursos.com.br\/blog\/#\/schema\/logo\/image\/","url":"https:\/\/dhg1h5j42swfq.cloudfront.net\/2025\/06\/03203428\/logo_concursos-1.jpg","contentUrl":"https:\/\/dhg1h5j42swfq.cloudfront.net\/2025\/06\/03203428\/logo_concursos-1.jpg","width":230,"height":60,"caption":"Estrat\u00e9gia Concursos"},"image":{"@id":"https:\/\/www.estrategiaconcursos.com.br\/blog\/#\/schema\/logo\/image\/"},"sameAs":["https:\/\/x.com\/EstratConcursos"]},{"@type":"Person","@id":"https:\/\/www.estrategiaconcursos.com.br\/blog\/#\/schema\/person\/b49a1a49e5ef8a9f8d3268e74404a911","name":"Raphael de Oliveira Reis","image":{"@type":"ImageObject","inLanguage":"pt-BR","@id":"https:\/\/secure.gravatar.com\/avatar\/b1c5789180fc7bfb5103ec006c301370c02393e37aa13c55f6d72f05fcc76b3b?s=96&d=mm&r=g","url":"https:\/\/secure.gravatar.com\/avatar\/b1c5789180fc7bfb5103ec006c301370c02393e37aa13c55f6d72f05fcc76b3b?s=96&d=mm&r=g","contentUrl":"https:\/\/secure.gravatar.com\/avatar\/b1c5789180fc7bfb5103ec006c301370c02393e37aa13c55f6d72f05fcc76b3b?s=96&d=mm&r=g","caption":"Raphael de Oliveira Reis"},"url":"https:\/\/www.estrategiaconcursos.com.br\/blog\/author\/profraphaelreisgmail-com\/"}]}},"_links":{"self":[{"href":"https:\/\/www.estrategiaconcursos.com.br\/blog\/wp-json\/wp\/v2\/posts\/420110","targetHints":{"allow":["GET"]}}],"collection":[{"href":"https:\/\/www.estrategiaconcursos.com.br\/blog\/wp-json\/wp\/v2\/posts"}],"about":[{"href":"https:\/\/www.estrategiaconcursos.com.br\/blog\/wp-json\/wp\/v2\/types\/post"}],"author":[{"embeddable":true,"href":"https:\/\/www.estrategiaconcursos.com.br\/blog\/wp-json\/wp\/v2\/users\/384"}],"replies":[{"embeddable":true,"href":"https:\/\/www.estrategiaconcursos.com.br\/blog\/wp-json\/wp\/v2\/comments?post=420110"}],"version-history":[{"count":4,"href":"https:\/\/www.estrategiaconcursos.com.br\/blog\/wp-json\/wp\/v2\/posts\/420110\/revisions"}],"predecessor-version":[{"id":1276507,"href":"https:\/\/www.estrategiaconcursos.com.br\/blog\/wp-json\/wp\/v2\/posts\/420110\/revisions\/1276507"}],"wp:attachment":[{"href":"https:\/\/www.estrategiaconcursos.com.br\/blog\/wp-json\/wp\/v2\/media?parent=420110"}],"wp:term":[{"taxonomy":"category","embeddable":true,"href":"https:\/\/www.estrategiaconcursos.com.br\/blog\/wp-json\/wp\/v2\/categories?post=420110"},{"taxonomy":"post_tag","embeddable":true,"href":"https:\/\/www.estrategiaconcursos.com.br\/blog\/wp-json\/wp\/v2\/tags?post=420110"},{"taxonomy":"tax_estado","embeddable":true,"href":"https:\/\/www.estrategiaconcursos.com.br\/blog\/wp-json\/wp\/v2\/tax_estado?post=420110"}],"curies":[{"name":"wp","href":"https:\/\/api.w.org\/{rel}","templated":true}]}}