{"id":420022,"date":"2019-09-15T16:23:45","date_gmt":"2019-09-15T19:23:45","guid":{"rendered":"https:\/\/www.estrategiaconcursos.com.br\/blog\/?p=420022"},"modified":"2022-11-30T16:30:51","modified_gmt":"2022-11-30T19:30:51","slug":"gabarito-tj-ce-direito-processual-penal-extraoficial","status":"publish","type":"post","link":"https:\/\/www.estrategiaconcursos.com.br\/blog\/gabarito-tj-ce-direito-processual-penal-extraoficial\/","title":{"rendered":"GABARITO TJ CE &#8211; Direito Processual Penal (extraoficial)"},"content":{"rendered":"\n<p class=\"has-text-align-center\">GABARITO TJ CE<\/p>\n\n\n\n<p>Ol\u00e1, pessoal<\/p>\n\n\n\n<p class=\"has-text-align-left\">Para quem n\u00e3o me conhece ainda, meu nome \u00e9 <strong>Renan Araujo<\/strong> e sou professor aqui no Estrat\u00e9gia Concursos, lecionando as mat\u00e9rias de Direito Penal e Processual Penal.<\/p>\n\n\n\n<p>Antes de prosseguir, <strong>convido voc\u00ea a me seguir no INSTAGRAM<\/strong>:<strong>&nbsp;<a href=\"http:\/\/www.instagram.com\/profrenanaraujo\/?hl=pt-br\">Instagram do Prof. Renan Araujo<\/a><\/strong><\/p>\n\n\n\n<p>Neste artigo vamos comentar as quest\u00f5es de <strong>Direit Processual Penal<\/strong> que foram cobradas pela Banca <strong>FGV<\/strong> no <strong>concurso do TJ CE, para o cargo de T\u00c9CNICO JUDICI\u00c1RIO.<\/strong><\/p>\n\n\n\n<p>V\u00e1rias das quest\u00f5es foram trabalhadas no aul\u00e3o presencial ontem, em Fortaleza, e tantas outras foram trabalhadas na Hora da Verdade, quinta-feira, no Youtube!!<\/p>\n\n\n\n<p>Vamos aos coment\u00e1rios:<\/p>\n\n\n\n<figure class=\"wp-block-image\"><img loading=\"lazy\" decoding=\"async\" width=\"437\" height=\"470\" src=\"https:\/\/dhg1h5j42swfq.cloudfront.net\/2019\/09\/15161814\/TJCE-Q61.png\" alt=\"\" class=\"wp-image-420023\" srcset=\"https:\/\/dhg1h5j42swfq.cloudfront.net\/2019\/09\/15161814\/TJCE-Q61.png 437w, https:\/\/dhg1h5j42swfq.cloudfront.net\/2019\/09\/15161814\/TJCE-Q61.png 279w, https:\/\/dhg1h5j42swfq.cloudfront.net\/2019\/09\/15161814\/TJCE-Q61.png 120w\" sizes=\"auto, (max-width: 437px) 100vw, 437px\" \/><\/figure>\n\n\n\n<p><strong>61. (FGV \u2013 2019 \u2013 TJ CE \u2013 T\u00c9CNICO JUDICI\u00c1RIO)<\/strong><\/p>\n\n\n\n<p><strong>COMENT\u00c1RIOS<\/strong><\/p>\n\n\n\n<p>a)\nERRADA: Item errado, pois a aus\u00eancia de advogado quando da lavratura do APF n\u00e3o\ngera invalidade do procedimento, desde que assegurado ao preso o direito de se\nfazer acompanhado por seu patrono.<\/p>\n\n\n\n<p>b)\nCORRETA: Item correto, pois pelo princ\u00edpio da veda\u00e7\u00e3o \u00e0 autoincrimina\u00e7\u00e3o (nemo\ntenetur se detegere) o agente n\u00e3o pode ser obrigado a participar ativamente da\nprodu\u00e7\u00e3o de prova contr\u00e1ria aos seus interesses.<\/p>\n\n\n\n<p>c)\nERRADA: Item errado, pois a pris\u00e3o preventiva \u00e9 uma pris\u00e3o CAUTELAR, motivo\npelo qual pode ser decretada antes do tr\u00e2nsito em julgado, eis que n\u00e3o se trata\nde cumprimento de pena.<\/p>\n\n\n\n<p>d)\nERRADA: Item errado, pois o direito ao sil\u00eancio n\u00e3o se aplica \u00e0s testemunhas.<\/p>\n\n\n\n<p>e)\nERRADA: Item errado, pois a pris\u00e3o ilegal dever\u00e1 ser RELAXADA, e aquela que n\u00e3o\nfor mais necess\u00e1ria dever\u00e1 ser revogada.<\/p>\n\n\n\n<p><strong>GABARITO: Letra B<\/strong><\/p>\n\n\n\n<figure class=\"wp-block-image\"><img loading=\"lazy\" decoding=\"async\" width=\"533\" height=\"537\" src=\"https:\/\/dhg1h5j42swfq.cloudfront.net\/2019\/09\/15161836\/TJCE-Q62.png\" alt=\"\" class=\"wp-image-420024\" srcset=\"https:\/\/dhg1h5j42swfq.cloudfront.net\/2019\/09\/15161836\/TJCE-Q62.png 533w, https:\/\/dhg1h5j42swfq.cloudfront.net\/2019\/09\/15161836\/TJCE-Q62.png 150w, https:\/\/dhg1h5j42swfq.cloudfront.net\/2019\/09\/15161836\/TJCE-Q62.png 298w\" sizes=\"auto, (max-width: 533px) 100vw, 533px\" \/><\/figure>\n\n\n\n<p><strong>62. (FGV \u2013 2019 \u2013 TJ CE \u2013 T\u00c9CNICO JUDICI\u00c1RIO)<\/strong><\/p>\n\n\n\n<p><strong>COMENT\u00c1RIOS<\/strong><\/p>\n\n\n\n<p>Aqui\nvigora o princ\u00edpio da oportunidade, por se tratar de a\u00e7\u00e3o penal privada, motivo\npelo qual Hugo pode decidir se vai ou n\u00e3o ajuizar a queixa-crime.<\/p>\n\n\n\n<p><strong>GABARITO: Letra E<\/strong><\/p>\n\n\n\n<figure class=\"wp-block-image\"><img loading=\"lazy\" decoding=\"async\" width=\"538\" height=\"654\" src=\"https:\/\/dhg1h5j42swfq.cloudfront.net\/2019\/09\/15161903\/TJCE-Q63.png\" alt=\"\" class=\"wp-image-420025\" srcset=\"https:\/\/dhg1h5j42swfq.cloudfront.net\/2019\/09\/15161903\/TJCE-Q63.png 538w, https:\/\/dhg1h5j42swfq.cloudfront.net\/2019\/09\/15161903\/TJCE-Q63.png 247w\" sizes=\"auto, (max-width: 538px) 100vw, 538px\" \/><\/figure>\n\n\n\n<p><strong>63. (FGV \u2013 2019 \u2013 TJ CE \u2013 T\u00c9CNICO JUDICI\u00c1RIO)<\/strong><\/p>\n\n\n\n<p><strong>COMENT\u00c1RIOS<\/strong><\/p>\n\n\n\n<p>A\nsubstitui\u00e7\u00e3o, aqui, ser\u00e1 cab\u00edvel apenas para Ant\u00f4nio, Jo\u00e3o e Larissa, na forma\ndo art. 318, I, V e VII do CPP:<\/p>\n\n\n\n<p>Art. 318.&nbsp; Poder\u00e1 o\njuiz substituir a pris\u00e3o preventiva pela domiciliar quando o agente for:&nbsp;&nbsp;&nbsp;&nbsp;&nbsp;&nbsp;&nbsp;&nbsp; (Reda\u00e7\u00e3o dada pela Lei n\u00ba 12.403, de\n2011).<\/p>\n\n\n\n<p>I &#8211; maior de 80 (oitenta) anos;&nbsp;&nbsp;&nbsp;&nbsp;&nbsp;&nbsp;&nbsp;&nbsp;&nbsp; (Inclu\u00eddo pela Lei n\u00ba 12.403, de 2011).<\/p>\n\n\n\n<p>(&#8230;)<\/p>\n\n\n\n<p>V &#8211; mulher com filho de at\u00e9 12 (doze) anos de idade\nincompletos;&nbsp;&nbsp;&nbsp;&nbsp;&nbsp;&nbsp;&nbsp;&nbsp;&nbsp;&nbsp; (Inclu\u00eddo pela Lei\nn\u00ba 13.257, de 2016)<\/p>\n\n\n\n<p>VI &#8211; homem, caso seja o \u00fanico respons\u00e1vel pelos cuidados\ndo filho de at\u00e9 12 (doze) anos de idade incompletos.&nbsp;&nbsp;&nbsp;&nbsp;&nbsp;&nbsp;&nbsp;&nbsp;&nbsp;&nbsp; (Inclu\u00eddo pela Lei n\u00ba 13.257, de\n2016)<\/p>\n\n\n\n<p>Clara,\npor sua vez, n\u00e3o ter\u00e1 direito \u00e0 substitui\u00e7\u00e3o, eis que tem filho com 12 anos\nCOMPLETOS (deveria ser 12 anos INCOMPLETOS).<\/p>\n\n\n\n<p><strong>GABARITO: Letra B<\/strong><\/p>\n\n\n\n<figure class=\"wp-block-image\"><img loading=\"lazy\" decoding=\"async\" width=\"475\" height=\"797\" src=\"https:\/\/dhg1h5j42swfq.cloudfront.net\/2019\/09\/15161924\/TJCE-Q64.png\" alt=\"\" class=\"wp-image-420026\" srcset=\"https:\/\/dhg1h5j42swfq.cloudfront.net\/2019\/09\/15161924\/TJCE-Q64.png 475w, https:\/\/dhg1h5j42swfq.cloudfront.net\/2019\/09\/15161924\/TJCE-Q64.png 179w\" sizes=\"auto, (max-width: 475px) 100vw, 475px\" \/><\/figure>\n\n\n\n<p><strong>64. (FGV \u2013 2019 \u2013 TJ CE \u2013 T\u00c9CNICO JUDICI\u00c1RIO)<\/strong><\/p>\n\n\n\n<p><strong>COMENT\u00c1RIOS<\/strong><\/p>\n\n\n\n<p>A\npris\u00e3o tempor\u00e1ria n\u00e3o poderia ter sido decretada \u201cde of\u00edcio\u201d pelo Juiz, somente\na requerimento do MP ou por representa\u00e7\u00e3o da autoridade policial, motivo pelo\nqual a decreta\u00e7\u00e3o, neste caso, foi inv\u00e1lida, conforme art. 2\u00ba da Lei 7.960\/89:<\/p>\n\n\n\n<p>Art. 2\u00b0 A pris\u00e3o tempor\u00e1ria ser\u00e1 decretada pelo Juiz, em\nface da representa\u00e7\u00e3o da autoridade policial ou de requerimento do Minist\u00e9rio\nP\u00fablico, e ter\u00e1 o prazo de 5 (cinco) dias, prorrog\u00e1vel por igual per\u00edodo em\ncaso de extrema e comprovada necessidade.<\/p>\n\n\n\n<p>\u00a7 1\u00b0 Na hip\u00f3tese de representa\u00e7\u00e3o da autoridade policial,\no Juiz, antes de decidir, ouvir\u00e1 o Minist\u00e9rio P\u00fablico.<\/p>\n\n\n\n<p><strong>GABARITO: Letra C<\/strong><\/p>\n\n\n\n<figure class=\"wp-block-image\"><img loading=\"lazy\" decoding=\"async\" width=\"485\" height=\"532\" src=\"https:\/\/dhg1h5j42swfq.cloudfront.net\/2019\/09\/15161947\/TJCE-Q65.png\" alt=\"\" class=\"wp-image-420027\" srcset=\"https:\/\/dhg1h5j42swfq.cloudfront.net\/2019\/09\/15161947\/TJCE-Q65.png 485w, https:\/\/dhg1h5j42swfq.cloudfront.net\/2019\/09\/15161947\/TJCE-Q65.png 273w\" sizes=\"auto, (max-width: 485px) 100vw, 485px\" \/><\/figure>\n\n\n\n<p><strong>65. (FGV \u2013 2019 \u2013 TJ CE \u2013 T\u00c9CNICO JUDICI\u00c1RIO)<\/strong><\/p>\n\n\n\n<p><strong>COMENT\u00c1RIOS<\/strong><\/p>\n\n\n\n<p>A\nalternativa correta \u00e9 a letra D, eis que, na forma do art. 514 do CPP, o r\u00e9u dever\u00e1\nser NOTIFICADO para apresentar resposta preliminar escrita, no prazo de 15\ndias. S\u00f3 ent\u00e3o o Juiz decidir\u00e1 se recebe ou n\u00e3o a den\u00fancia e, recebendo,\ndeterminar\u00e1 a cita\u00e7\u00e3o para apresentar resposta \u00e0 acusa\u00e7\u00e3o em 10 dias:<\/p>\n\n\n\n<p>Art. 514.&nbsp; Nos\ncrimes afian\u00e7\u00e1veis, estando a den\u00fancia ou queixa em devida forma, o juiz\nmandar\u00e1 autu\u00e1-la e ordenar\u00e1 a notifica\u00e7\u00e3o do acusado, para responder por\nescrito, dentro do prazo de quinze dias.<\/p>\n\n\n\n<p><strong>GABARITO: Letra D<\/strong><\/p>\n\n\n\n<figure class=\"wp-block-image\"><img loading=\"lazy\" decoding=\"async\" width=\"505\" height=\"776\" src=\"https:\/\/dhg1h5j42swfq.cloudfront.net\/2019\/09\/15162011\/TJCE-Q66.png\" alt=\"\" class=\"wp-image-420028\" srcset=\"https:\/\/dhg1h5j42swfq.cloudfront.net\/2019\/09\/15162011\/TJCE-Q66.png 505w, https:\/\/dhg1h5j42swfq.cloudfront.net\/2019\/09\/15162011\/TJCE-Q66.png 195w\" sizes=\"auto, (max-width: 505px) 100vw, 505px\" \/><\/figure>\n\n\n\n<p><\/p>\n\n\n\n<p><strong>66. (FGV \u2013 2019 \u2013 TJ CE \u2013 T\u00c9CNICO JUDICI\u00c1RIO)<\/strong><\/p>\n\n\n\n<p><strong>COMENT\u00c1RIOS<\/strong><\/p>\n\n\n\n<p>No\ncaso, por se tratar de legitimidade concorrente, podendo o ofendido optar por\najuizar queixa-crime ou oferecer representa\u00e7\u00e3o para que o MP aju\u00edze den\u00fancia, o\nIP n\u00e3o poderia ter sido instaurado ex officio, eis que n\u00e3o se trata de a\u00e7\u00e3o\npenal p\u00fablica incondicionada, sendo indispens\u00e1vel a manifesta\u00e7\u00e3o do ofendido no\nsentido de desejar a persecu\u00e7\u00e3o penal, conforme art. 5\u00ba, \u00a7\u00a74\u00ba e 5\u00ba do CPP.<\/p>\n\n\n\n<p>As\ndemais est\u00e3o erradas, eis que o prazo do IP n\u00e3o foi incorreto, eis que poderia\nterminar em at\u00e9 30 dias. Ademais, eventual queixa-crime a ser ajuizada pelo\nofendido deveria ser oferecida em 06 meses, a contar da ci\u00eancia da autoria, n\u00e3o\nda data dos fatos, conforme art. 38 do CPP. Por fim, o delegado de pol\u00edcia n\u00e3o\npoderia, em hip\u00f3tese alguma, mandar arquivar os autos do IP, na forma do art.\n17 do CPP.<\/p>\n\n\n\n<p><strong>GABARITO: Letra C<\/strong><\/p>\n\n\n\n<figure class=\"wp-block-image\"><img loading=\"lazy\" decoding=\"async\" width=\"468\" height=\"652\" src=\"https:\/\/dhg1h5j42swfq.cloudfront.net\/2019\/09\/15162034\/TJCE-Q67.png\" alt=\"\" class=\"wp-image-420029\" srcset=\"https:\/\/dhg1h5j42swfq.cloudfront.net\/2019\/09\/15162034\/TJCE-Q67.png 468w, https:\/\/dhg1h5j42swfq.cloudfront.net\/2019\/09\/15162034\/TJCE-Q67.png 215w\" sizes=\"auto, (max-width: 468px) 100vw, 468px\" \/><\/figure>\n\n\n\n<p><strong>67. (FGV \u2013 2019 \u2013 TJ CE \u2013 T\u00c9CNICO JUDICI\u00c1RIO)<\/strong><\/p>\n\n\n\n<p><strong>COMENT\u00c1RIOS<\/strong><\/p>\n\n\n\n<p>Neste\ncaso, tendo havido in\u00e9rcia por parte do MP, surge para a v\u00edtima o direito de\najuizar a\u00e7\u00e3o penal privada subsidi\u00e1ria da p\u00fablica, nos termos do art. 29 do\nCPP:<\/p>\n\n\n\n<p>Art. 29.&nbsp; Ser\u00e1\nadmitida a\u00e7\u00e3o privada nos crimes de a\u00e7\u00e3o p\u00fablica, se esta n\u00e3o for intentada no\nprazo legal, cabendo ao Minist\u00e9rio P\u00fablico aditar a queixa, repudi\u00e1-la e\noferecer den\u00fancia substitutiva, intervir em todos os termos do processo,\nfornecer elementos de prova, interpor recurso e, a todo tempo, no caso de\nneglig\u00eancia do querelante, retomar a a\u00e7\u00e3o como parte principal.<\/p>\n\n\n\n<p><strong>GABARITO: Letra D<\/strong><\/p>\n\n\n\n<figure class=\"wp-block-image\"><img loading=\"lazy\" decoding=\"async\" width=\"540\" height=\"658\" src=\"https:\/\/dhg1h5j42swfq.cloudfront.net\/2019\/09\/15162056\/TJCE-Q68.png\" alt=\"\" class=\"wp-image-420030\" srcset=\"https:\/\/dhg1h5j42swfq.cloudfront.net\/2019\/09\/15162056\/TJCE-Q68.png 540w, https:\/\/dhg1h5j42swfq.cloudfront.net\/2019\/09\/15162056\/TJCE-Q68.png 246w\" sizes=\"auto, (max-width: 540px) 100vw, 540px\" \/><\/figure>\n\n\n\n<p><strong>68. (FGV \u2013 2019 \u2013 TJ CE \u2013 T\u00c9CNICO JUDICI\u00c1RIO)<\/strong><\/p>\n\n\n\n<p><strong>COMENT\u00c1RIOS<\/strong><\/p>\n\n\n\n<p>O\nmanejo do HC aqui \u00e9 incab\u00edvel, eis que se trata de infra\u00e7\u00e3o punida apenas com\npena de multa, conforme s\u00famula 693 do STF:<\/p>\n\n\n\n<p><strong>S\u00famula 693 do STF<\/strong><\/p>\n\n\n\n<p>N\u00e3o cabe habeas corpus\ncontra decis\u00e3o condenat\u00f3ria a pena de multa, ou relativo a processo em curso\npor infra\u00e7\u00e3o penal a que a pena pecuni\u00e1ria seja a \u00fanica cominada. <\/p>\n\n\n\n<p><strong>GABARITO: Letra C<\/strong><\/p>\n\n\n\n<figure class=\"wp-block-image\"><img loading=\"lazy\" decoding=\"async\" width=\"560\" height=\"638\" src=\"https:\/\/dhg1h5j42swfq.cloudfront.net\/2019\/09\/15162119\/TJCE-Q69.png\" alt=\"\" class=\"wp-image-420031\" srcset=\"https:\/\/dhg1h5j42swfq.cloudfront.net\/2019\/09\/15162119\/TJCE-Q69.png 560w, https:\/\/dhg1h5j42swfq.cloudfront.net\/2019\/09\/15162119\/TJCE-Q69.png 263w\" sizes=\"auto, (max-width: 560px) 100vw, 560px\" \/><\/figure>\n\n\n\n<p><strong>69. (FGV \u2013 2019 \u2013 TJ CE \u2013 T\u00c9CNICO JUDICI\u00c1RIO)<\/strong><\/p>\n\n\n\n<p><strong>COMENT\u00c1RIOS<\/strong><\/p>\n\n\n\n<p>A\npris\u00e3o tempor\u00e1ria aqui n\u00e3o \u00e9 cab\u00edvel, eis que n\u00e3o se trata de um crime que\nadmite pris\u00e3o tempor\u00e1ria. Tamb\u00e9m n\u00e3o cabe pris\u00e3o preventiva, eis que a pena m\u00e1xima\nn\u00e3o ultrapassa 04 anos e a infratora n\u00e3o \u00e9 reincidente em crime doloso, na\nforma do art. 313, I e II do CPP.<\/p>\n\n\n\n<p>Todavia,\n\u00e9 cab\u00edvel a aplica\u00e7\u00e3o de medida cautelar diversa da pris\u00e3o, estando correta a\nletra B.<\/p>\n\n\n\n<p>A\nletra A est\u00e1 errada, eis que o recolhimento domiciliar noturno tem previs\u00e3o\nlegal, art. 319, V do CPP.<\/p>\n\n\n\n<p>A\nletra C est\u00e1 errada, eis que a medida cautelar de interna\u00e7\u00e3o provis\u00f3ria s\u00f3 \u00e9\ncab\u00edvel nas hip\u00f3teses de crimes praticados com viol\u00eancia ou grave amea\u00e7a,\nquando os peritos conclu\u00edrem ser inimput\u00e1vel ou semi-imput\u00e1vel (art. 26 do CP)\ne caso haja risco de reitera\u00e7\u00e3o.&nbsp;&nbsp; <\/p>\n\n\n\n<p><strong>GABARITO: Letra B<\/strong><\/p>\n\n\n\n<figure class=\"wp-block-image\"><img loading=\"lazy\" decoding=\"async\" width=\"515\" height=\"591\" src=\"https:\/\/dhg1h5j42swfq.cloudfront.net\/2019\/09\/15162138\/TJCE-Q70.png\" alt=\"\" class=\"wp-image-420032\" srcset=\"https:\/\/dhg1h5j42swfq.cloudfront.net\/2019\/09\/15162138\/TJCE-Q70.png 515w, https:\/\/dhg1h5j42swfq.cloudfront.net\/2019\/09\/15162138\/TJCE-Q70.png 261w\" sizes=\"auto, (max-width: 515px) 100vw, 515px\" \/><\/figure>\n\n\n\n<p><strong>70. (FGV \u2013 2019 \u2013 TJ CE \u2013 T\u00c9CNICO JUDICI\u00c1RIO)<\/strong><\/p>\n\n\n\n<p><strong>COMENT\u00c1RIOS<\/strong><\/p>\n\n\n\n<p>a)\nCORRETA: Item correto, pois a reprodu\u00e7\u00e3o simulada dos fatos \u00e9 cab\u00edvel, na forma\ndo art. 7\u00ba do CPP, mas o infrator n\u00e3o \u00e9 obrigado a participar, pelo princ\u00edpio\nda veda\u00e7\u00e3o \u00e0 autoincrimina\u00e7\u00e3o.<\/p>\n\n\n\n<p>b)\nERRADA: Item errado, pois \u00e9 direito do defensor ter acesso amplo aos elementos\nde prova j\u00e1 documentados nos autos, e que digam respeito ao direito de defesa,\nna forma da s\u00famula vinculante 14.<\/p>\n\n\n\n<p>c)\nERRADA: Item errado, pois o ofendido e o indiciado poder\u00e3o requerer a realiza\u00e7\u00e3o\nde qualquer dilig\u00eancia, que ser\u00e1 realizada, ou n\u00e3o, a crit\u00e9rio da autoridade,\nna forma do art. 14 do CPP.<\/p>\n\n\n\n<p>d)\nERRADA: Item errado, pois o arquivamento do IP por falta de base para a den\u00fancia\nn\u00e3o faz coisa julgada material, sendo poss\u00edvel a retomada futura das investiga\u00e7\u00f5es,\ndesde que haja not\u00edcia de prova nova, na forma do art. 18 do CPP.<\/p>\n\n\n\n<p>e)\nERRADA: Item errado, pois a incomunicabilidade n\u00e3o \u00e9 mais cab\u00edvel, n\u00e3o tendo sido\nrecepcionada pela CF-88.<\/p>\n\n\n\n<p><strong>GABARITO: Letra A<\/strong><\/p>\n\n\n\n<p>&nbsp;__________________<\/p>\n\n\n\n<p>Se voc\u00ea quer conhecer mais do meu trabalho aqui no Estrat\u00e9gia Concursos, <a href=\"https:\/\/www.estrategiaconcursos.com.br\/cursosPorProfessor\/renan-araujo-3209\/\">clique aqui<\/a> e baixe, gratuitamente, as aulas demonstrativas dos meus cursos.<\/p>\n\n\n\n<p><strong>Bons estudos!<\/strong><\/p>\n\n\n\n<p><strong>Prof. Renan Araujo<\/strong><\/p>\n\n\n\n<p><strong>E-mail:\u00a0profrenanaraujo@gmail.com<\/strong><\/p>\n\n\n\n<p><strong>Facebook:&nbsp;<\/strong><a href=\"http:\/\/www.facebook.com\/profrenanaraujoestrategia\"><strong>www.facebook.com\/profrenanaraujoestrategia<\/strong><\/a><\/p>\n\n\n\n<p><strong>Instagram:&nbsp;<\/strong><a href=\"http:\/\/www.instagram.com\/profrenanaraujo\/?hl=pt-br\"><strong>www.instagram.com\/profrenanaraujo\/?hl=pt-br<\/strong><\/a><\/p>\n\n\n\n<p><strong>Youtube:&nbsp;<\/strong><a href=\"http:\/\/www.youtube.com\/channel\/UClIFS2cyREWT35OELN8wcFQ\"><strong>www.youtube.com\/channel\/UClIFS2cyREWT35OELN8wcFQ<\/strong><\/a><\/p>\n","protected":false},"excerpt":{"rendered":"<p>GABARITO TJ CE Ol\u00e1, pessoal Para quem n\u00e3o me conhece ainda, meu nome \u00e9 Renan Araujo e sou professor aqui no Estrat\u00e9gia Concursos, lecionando as mat\u00e9rias de Direito Penal e Processual Penal. Antes de prosseguir, convido voc\u00ea a me seguir no INSTAGRAM:&nbsp;Instagram do Prof. Renan Araujo Neste artigo vamos comentar as quest\u00f5es de Direit Processual [&hellip;]<\/p>\n","protected":false},"author":39,"featured_media":0,"comment_status":"open","ping_status":"closed","sticky":false,"template":"","format":"standard","meta":{"post_tipo":"article","footnotes":""},"categories":[1],"tags":[],"tax_estado":[],"class_list":["post-420022","post","type-post","status-publish","format-standard","hentry","category-cursos-e-concursos"],"acf":[],"yoast_head":"<!-- This site is optimized with the Yoast SEO Premium plugin v27.2 (Yoast SEO v27.2) - https:\/\/yoast.com\/product\/yoast-seo-premium-wordpress\/ -->\n<title>GABARITO TJ CE - Direito Processual Penal (extraoficial)<\/title>\n<meta name=\"robots\" content=\"index, follow, max-snippet:-1, max-image-preview:large, max-video-preview:-1\" \/>\n<link rel=\"canonical\" href=\"https:\/\/www.estrategiaconcursos.com.br\/blog\/gabarito-tj-ce-direito-processual-penal-extraoficial\/\" \/>\n<meta property=\"og:locale\" content=\"pt_BR\" \/>\n<meta property=\"og:type\" content=\"article\" \/>\n<meta property=\"og:title\" content=\"GABARITO TJ CE - Direito Processual Penal (extraoficial)\" \/>\n<meta property=\"og:description\" content=\"GABARITO TJ CE Ol\u00e1, pessoal Para quem n\u00e3o me conhece ainda, meu nome \u00e9 Renan Araujo e sou professor aqui no Estrat\u00e9gia Concursos, lecionando as mat\u00e9rias de Direito Penal e Processual Penal. Antes de prosseguir, convido voc\u00ea a me seguir no INSTAGRAM:&nbsp;Instagram do Prof. Renan Araujo Neste artigo vamos comentar as quest\u00f5es de Direit Processual [&hellip;]\" \/>\n<meta property=\"og:url\" content=\"https:\/\/www.estrategiaconcursos.com.br\/blog\/gabarito-tj-ce-direito-processual-penal-extraoficial\/\" \/>\n<meta property=\"og:site_name\" content=\"Estrat\u00e9gia Concursos\" \/>\n<meta property=\"article:published_time\" content=\"2019-09-15T19:23:45+00:00\" \/>\n<meta property=\"article:modified_time\" content=\"2022-11-30T19:30:51+00:00\" \/>\n<meta property=\"og:image\" content=\"https:\/\/www.estrategiaconcursos.com.br\/blog\/wp-content\/uploads\/2019\/09\/TJCE-Q61.png\" \/>\n<meta name=\"author\" content=\"Renan Araujo\" \/>\n<meta name=\"twitter:card\" content=\"summary_large_image\" \/>\n<meta name=\"twitter:creator\" content=\"@EstratConcursos\" \/>\n<meta name=\"twitter:site\" content=\"@EstratConcursos\" \/>\n<meta name=\"twitter:label1\" content=\"Escrito por\" \/>\n\t<meta name=\"twitter:data1\" content=\"Renan Araujo\" \/>\n\t<meta name=\"twitter:label2\" content=\"Est. tempo de leitura\" \/>\n\t<meta name=\"twitter:data2\" content=\"7 minutos\" \/>\n<script type=\"application\/ld+json\" class=\"yoast-schema-graph\">{\"@context\":\"https:\/\/schema.org\",\"@graph\":[{\"@type\":\"NewsArticle\",\"@id\":\"https:\/\/www.estrategiaconcursos.com.br\/blog\/gabarito-tj-ce-direito-processual-penal-extraoficial\/#article\",\"isPartOf\":{\"@id\":\"https:\/\/www.estrategiaconcursos.com.br\/blog\/gabarito-tj-ce-direito-processual-penal-extraoficial\/\"},\"author\":{\"name\":\"Renan Araujo\",\"@id\":\"https:\/\/www.estrategiaconcursos.com.br\/blog\/#\/schema\/person\/1a7a7af72da82939a6308b2ee292162b\"},\"headline\":\"GABARITO TJ CE &#8211; Direito Processual Penal (extraoficial)\",\"datePublished\":\"2019-09-15T19:23:45+00:00\",\"dateModified\":\"2022-11-30T19:30:51+00:00\",\"mainEntityOfPage\":{\"@id\":\"https:\/\/www.estrategiaconcursos.com.br\/blog\/gabarito-tj-ce-direito-processual-penal-extraoficial\/\"},\"wordCount\":1474,\"commentCount\":0,\"publisher\":{\"@id\":\"https:\/\/www.estrategiaconcursos.com.br\/blog\/#organization\"},\"image\":{\"@id\":\"https:\/\/www.estrategiaconcursos.com.br\/blog\/gabarito-tj-ce-direito-processual-penal-extraoficial\/#primaryimage\"},\"thumbnailUrl\":\"https:\/\/www.estrategiaconcursos.com.br\/blog\/wp-content\/uploads\/2019\/09\/TJCE-Q61.png\",\"articleSection\":[\"Concursos P\u00fablicos\"],\"inLanguage\":\"pt-BR\",\"potentialAction\":[{\"@type\":\"CommentAction\",\"name\":\"Comment\",\"target\":[\"https:\/\/www.estrategiaconcursos.com.br\/blog\/gabarito-tj-ce-direito-processual-penal-extraoficial\/#respond\"]}],\"copyrightYear\":\"2019\",\"copyrightHolder\":{\"@id\":\"https:\/\/www.estrategiaconcursos.com.br\/blog\/#organization\"}},{\"@type\":\"WebPage\",\"@id\":\"https:\/\/www.estrategiaconcursos.com.br\/blog\/gabarito-tj-ce-direito-processual-penal-extraoficial\/\",\"url\":\"https:\/\/www.estrategiaconcursos.com.br\/blog\/gabarito-tj-ce-direito-processual-penal-extraoficial\/\",\"name\":\"GABARITO TJ CE - Direito Processual Penal (extraoficial)\",\"isPartOf\":{\"@id\":\"https:\/\/www.estrategiaconcursos.com.br\/blog\/#website\"},\"primaryImageOfPage\":{\"@id\":\"https:\/\/www.estrategiaconcursos.com.br\/blog\/gabarito-tj-ce-direito-processual-penal-extraoficial\/#primaryimage\"},\"image\":{\"@id\":\"https:\/\/www.estrategiaconcursos.com.br\/blog\/gabarito-tj-ce-direito-processual-penal-extraoficial\/#primaryimage\"},\"thumbnailUrl\":\"https:\/\/www.estrategiaconcursos.com.br\/blog\/wp-content\/uploads\/2019\/09\/TJCE-Q61.png\",\"datePublished\":\"2019-09-15T19:23:45+00:00\",\"dateModified\":\"2022-11-30T19:30:51+00:00\",\"breadcrumb\":{\"@id\":\"https:\/\/www.estrategiaconcursos.com.br\/blog\/gabarito-tj-ce-direito-processual-penal-extraoficial\/#breadcrumb\"},\"inLanguage\":\"pt-BR\",\"potentialAction\":[{\"@type\":\"ReadAction\",\"target\":[\"https:\/\/www.estrategiaconcursos.com.br\/blog\/gabarito-tj-ce-direito-processual-penal-extraoficial\/\"]}]},{\"@type\":\"ImageObject\",\"inLanguage\":\"pt-BR\",\"@id\":\"https:\/\/www.estrategiaconcursos.com.br\/blog\/gabarito-tj-ce-direito-processual-penal-extraoficial\/#primaryimage\",\"url\":\"https:\/\/dhg1h5j42swfq.cloudfront.net\/2019\/09\/15161814\/TJCE-Q61.png\",\"contentUrl\":\"https:\/\/dhg1h5j42swfq.cloudfront.net\/2019\/09\/15161814\/TJCE-Q61.png\",\"width\":437,\"height\":470},{\"@type\":\"BreadcrumbList\",\"@id\":\"https:\/\/www.estrategiaconcursos.com.br\/blog\/gabarito-tj-ce-direito-processual-penal-extraoficial\/#breadcrumb\",\"itemListElement\":[{\"@type\":\"ListItem\",\"position\":1,\"name\":\"In\u00edcio\",\"item\":\"https:\/\/www.estrategiaconcursos.com.br\/blog\/\"},{\"@type\":\"ListItem\",\"position\":2,\"name\":\"GABARITO TJ CE &#8211; Direito Processual Penal (extraoficial)\"}]},{\"@type\":\"WebSite\",\"@id\":\"https:\/\/www.estrategiaconcursos.com.br\/blog\/#website\",\"url\":\"https:\/\/www.estrategiaconcursos.com.br\/blog\/\",\"name\":\"Estrat\u00e9gia Concursos\",\"description\":\"O blog da Estrat\u00e9gia Concursos traz not\u00edcias sobre concursos e artigos de professores oferecendo cursos para concursos (pdf + videaulas) no site.\",\"publisher\":{\"@id\":\"https:\/\/www.estrategiaconcursos.com.br\/blog\/#organization\"},\"potentialAction\":[{\"@type\":\"SearchAction\",\"target\":{\"@type\":\"EntryPoint\",\"urlTemplate\":\"https:\/\/www.estrategiaconcursos.com.br\/blog\/?s={search_term_string}\"},\"query-input\":{\"@type\":\"PropertyValueSpecification\",\"valueRequired\":true,\"valueName\":\"search_term_string\"}}],\"inLanguage\":\"pt-BR\"},{\"@type\":\"Organization\",\"@id\":\"https:\/\/www.estrategiaconcursos.com.br\/blog\/#organization\",\"name\":\"Estrat\u00e9gia Concursos\",\"url\":\"https:\/\/www.estrategiaconcursos.com.br\/blog\/\",\"logo\":{\"@type\":\"ImageObject\",\"inLanguage\":\"pt-BR\",\"@id\":\"https:\/\/www.estrategiaconcursos.com.br\/blog\/#\/schema\/logo\/image\/\",\"url\":\"https:\/\/dhg1h5j42swfq.cloudfront.net\/2025\/06\/03203428\/logo_concursos-1.jpg\",\"contentUrl\":\"https:\/\/dhg1h5j42swfq.cloudfront.net\/2025\/06\/03203428\/logo_concursos-1.jpg\",\"width\":230,\"height\":60,\"caption\":\"Estrat\u00e9gia Concursos\"},\"image\":{\"@id\":\"https:\/\/www.estrategiaconcursos.com.br\/blog\/#\/schema\/logo\/image\/\"},\"sameAs\":[\"https:\/\/x.com\/EstratConcursos\"]},{\"@type\":\"Person\",\"@id\":\"https:\/\/www.estrategiaconcursos.com.br\/blog\/#\/schema\/person\/1a7a7af72da82939a6308b2ee292162b\",\"name\":\"Renan Araujo\",\"image\":{\"@type\":\"ImageObject\",\"inLanguage\":\"pt-BR\",\"@id\":\"https:\/\/secure.gravatar.com\/avatar\/ca6cb9ba5a547fbe93c05c63d6103dff6c2566555a601f1efb8590a69fb9ed76?s=96&d=mm&r=g\",\"url\":\"https:\/\/secure.gravatar.com\/avatar\/ca6cb9ba5a547fbe93c05c63d6103dff6c2566555a601f1efb8590a69fb9ed76?s=96&d=mm&r=g\",\"contentUrl\":\"https:\/\/secure.gravatar.com\/avatar\/ca6cb9ba5a547fbe93c05c63d6103dff6c2566555a601f1efb8590a69fb9ed76?s=96&d=mm&r=g\",\"caption\":\"Renan Araujo\"},\"url\":\"https:\/\/www.estrategiaconcursos.com.br\/blog\/author\/renanaraujoestrategiaconcursos-com-br\/\"}]}<\/script>\n<!-- \/ Yoast SEO Premium plugin. -->","yoast_head_json":{"title":"GABARITO TJ CE - Direito Processual Penal (extraoficial)","robots":{"index":"index","follow":"follow","max-snippet":"max-snippet:-1","max-image-preview":"max-image-preview:large","max-video-preview":"max-video-preview:-1"},"canonical":"https:\/\/www.estrategiaconcursos.com.br\/blog\/gabarito-tj-ce-direito-processual-penal-extraoficial\/","og_locale":"pt_BR","og_type":"article","og_title":"GABARITO TJ CE - Direito Processual Penal (extraoficial)","og_description":"GABARITO TJ CE Ol\u00e1, pessoal Para quem n\u00e3o me conhece ainda, meu nome \u00e9 Renan Araujo e sou professor aqui no Estrat\u00e9gia Concursos, lecionando as mat\u00e9rias de Direito Penal e Processual Penal. Antes de prosseguir, convido voc\u00ea a me seguir no INSTAGRAM:&nbsp;Instagram do Prof. Renan Araujo Neste artigo vamos comentar as quest\u00f5es de Direit Processual [&hellip;]","og_url":"https:\/\/www.estrategiaconcursos.com.br\/blog\/gabarito-tj-ce-direito-processual-penal-extraoficial\/","og_site_name":"Estrat\u00e9gia Concursos","article_published_time":"2019-09-15T19:23:45+00:00","article_modified_time":"2022-11-30T19:30:51+00:00","og_image":[{"url":"https:\/\/www.estrategiaconcursos.com.br\/blog\/wp-content\/uploads\/2019\/09\/TJCE-Q61.png","type":"","width":"","height":""}],"author":"Renan Araujo","twitter_card":"summary_large_image","twitter_creator":"@EstratConcursos","twitter_site":"@EstratConcursos","twitter_misc":{"Escrito por":"Renan Araujo","Est. tempo de leitura":"7 minutos"},"schema":{"@context":"https:\/\/schema.org","@graph":[{"@type":"NewsArticle","@id":"https:\/\/www.estrategiaconcursos.com.br\/blog\/gabarito-tj-ce-direito-processual-penal-extraoficial\/#article","isPartOf":{"@id":"https:\/\/www.estrategiaconcursos.com.br\/blog\/gabarito-tj-ce-direito-processual-penal-extraoficial\/"},"author":{"name":"Renan Araujo","@id":"https:\/\/www.estrategiaconcursos.com.br\/blog\/#\/schema\/person\/1a7a7af72da82939a6308b2ee292162b"},"headline":"GABARITO TJ CE &#8211; Direito Processual Penal (extraoficial)","datePublished":"2019-09-15T19:23:45+00:00","dateModified":"2022-11-30T19:30:51+00:00","mainEntityOfPage":{"@id":"https:\/\/www.estrategiaconcursos.com.br\/blog\/gabarito-tj-ce-direito-processual-penal-extraoficial\/"},"wordCount":1474,"commentCount":0,"publisher":{"@id":"https:\/\/www.estrategiaconcursos.com.br\/blog\/#organization"},"image":{"@id":"https:\/\/www.estrategiaconcursos.com.br\/blog\/gabarito-tj-ce-direito-processual-penal-extraoficial\/#primaryimage"},"thumbnailUrl":"https:\/\/www.estrategiaconcursos.com.br\/blog\/wp-content\/uploads\/2019\/09\/TJCE-Q61.png","articleSection":["Concursos P\u00fablicos"],"inLanguage":"pt-BR","potentialAction":[{"@type":"CommentAction","name":"Comment","target":["https:\/\/www.estrategiaconcursos.com.br\/blog\/gabarito-tj-ce-direito-processual-penal-extraoficial\/#respond"]}],"copyrightYear":"2019","copyrightHolder":{"@id":"https:\/\/www.estrategiaconcursos.com.br\/blog\/#organization"}},{"@type":"WebPage","@id":"https:\/\/www.estrategiaconcursos.com.br\/blog\/gabarito-tj-ce-direito-processual-penal-extraoficial\/","url":"https:\/\/www.estrategiaconcursos.com.br\/blog\/gabarito-tj-ce-direito-processual-penal-extraoficial\/","name":"GABARITO TJ CE - Direito Processual Penal (extraoficial)","isPartOf":{"@id":"https:\/\/www.estrategiaconcursos.com.br\/blog\/#website"},"primaryImageOfPage":{"@id":"https:\/\/www.estrategiaconcursos.com.br\/blog\/gabarito-tj-ce-direito-processual-penal-extraoficial\/#primaryimage"},"image":{"@id":"https:\/\/www.estrategiaconcursos.com.br\/blog\/gabarito-tj-ce-direito-processual-penal-extraoficial\/#primaryimage"},"thumbnailUrl":"https:\/\/www.estrategiaconcursos.com.br\/blog\/wp-content\/uploads\/2019\/09\/TJCE-Q61.png","datePublished":"2019-09-15T19:23:45+00:00","dateModified":"2022-11-30T19:30:51+00:00","breadcrumb":{"@id":"https:\/\/www.estrategiaconcursos.com.br\/blog\/gabarito-tj-ce-direito-processual-penal-extraoficial\/#breadcrumb"},"inLanguage":"pt-BR","potentialAction":[{"@type":"ReadAction","target":["https:\/\/www.estrategiaconcursos.com.br\/blog\/gabarito-tj-ce-direito-processual-penal-extraoficial\/"]}]},{"@type":"ImageObject","inLanguage":"pt-BR","@id":"https:\/\/www.estrategiaconcursos.com.br\/blog\/gabarito-tj-ce-direito-processual-penal-extraoficial\/#primaryimage","url":"https:\/\/dhg1h5j42swfq.cloudfront.net\/2019\/09\/15161814\/TJCE-Q61.png","contentUrl":"https:\/\/dhg1h5j42swfq.cloudfront.net\/2019\/09\/15161814\/TJCE-Q61.png","width":437,"height":470},{"@type":"BreadcrumbList","@id":"https:\/\/www.estrategiaconcursos.com.br\/blog\/gabarito-tj-ce-direito-processual-penal-extraoficial\/#breadcrumb","itemListElement":[{"@type":"ListItem","position":1,"name":"In\u00edcio","item":"https:\/\/www.estrategiaconcursos.com.br\/blog\/"},{"@type":"ListItem","position":2,"name":"GABARITO TJ CE &#8211; Direito Processual Penal (extraoficial)"}]},{"@type":"WebSite","@id":"https:\/\/www.estrategiaconcursos.com.br\/blog\/#website","url":"https:\/\/www.estrategiaconcursos.com.br\/blog\/","name":"Estrat\u00e9gia Concursos","description":"O blog da Estrat\u00e9gia Concursos traz not\u00edcias sobre concursos e artigos de professores oferecendo cursos para concursos (pdf + videaulas) no site.","publisher":{"@id":"https:\/\/www.estrategiaconcursos.com.br\/blog\/#organization"},"potentialAction":[{"@type":"SearchAction","target":{"@type":"EntryPoint","urlTemplate":"https:\/\/www.estrategiaconcursos.com.br\/blog\/?s={search_term_string}"},"query-input":{"@type":"PropertyValueSpecification","valueRequired":true,"valueName":"search_term_string"}}],"inLanguage":"pt-BR"},{"@type":"Organization","@id":"https:\/\/www.estrategiaconcursos.com.br\/blog\/#organization","name":"Estrat\u00e9gia Concursos","url":"https:\/\/www.estrategiaconcursos.com.br\/blog\/","logo":{"@type":"ImageObject","inLanguage":"pt-BR","@id":"https:\/\/www.estrategiaconcursos.com.br\/blog\/#\/schema\/logo\/image\/","url":"https:\/\/dhg1h5j42swfq.cloudfront.net\/2025\/06\/03203428\/logo_concursos-1.jpg","contentUrl":"https:\/\/dhg1h5j42swfq.cloudfront.net\/2025\/06\/03203428\/logo_concursos-1.jpg","width":230,"height":60,"caption":"Estrat\u00e9gia Concursos"},"image":{"@id":"https:\/\/www.estrategiaconcursos.com.br\/blog\/#\/schema\/logo\/image\/"},"sameAs":["https:\/\/x.com\/EstratConcursos"]},{"@type":"Person","@id":"https:\/\/www.estrategiaconcursos.com.br\/blog\/#\/schema\/person\/1a7a7af72da82939a6308b2ee292162b","name":"Renan Araujo","image":{"@type":"ImageObject","inLanguage":"pt-BR","@id":"https:\/\/secure.gravatar.com\/avatar\/ca6cb9ba5a547fbe93c05c63d6103dff6c2566555a601f1efb8590a69fb9ed76?s=96&d=mm&r=g","url":"https:\/\/secure.gravatar.com\/avatar\/ca6cb9ba5a547fbe93c05c63d6103dff6c2566555a601f1efb8590a69fb9ed76?s=96&d=mm&r=g","contentUrl":"https:\/\/secure.gravatar.com\/avatar\/ca6cb9ba5a547fbe93c05c63d6103dff6c2566555a601f1efb8590a69fb9ed76?s=96&d=mm&r=g","caption":"Renan Araujo"},"url":"https:\/\/www.estrategiaconcursos.com.br\/blog\/author\/renanaraujoestrategiaconcursos-com-br\/"}]}},"_links":{"self":[{"href":"https:\/\/www.estrategiaconcursos.com.br\/blog\/wp-json\/wp\/v2\/posts\/420022","targetHints":{"allow":["GET"]}}],"collection":[{"href":"https:\/\/www.estrategiaconcursos.com.br\/blog\/wp-json\/wp\/v2\/posts"}],"about":[{"href":"https:\/\/www.estrategiaconcursos.com.br\/blog\/wp-json\/wp\/v2\/types\/post"}],"author":[{"embeddable":true,"href":"https:\/\/www.estrategiaconcursos.com.br\/blog\/wp-json\/wp\/v2\/users\/39"}],"replies":[{"embeddable":true,"href":"https:\/\/www.estrategiaconcursos.com.br\/blog\/wp-json\/wp\/v2\/comments?post=420022"}],"version-history":[{"count":2,"href":"https:\/\/www.estrategiaconcursos.com.br\/blog\/wp-json\/wp\/v2\/posts\/420022\/revisions"}],"predecessor-version":[{"id":1132273,"href":"https:\/\/www.estrategiaconcursos.com.br\/blog\/wp-json\/wp\/v2\/posts\/420022\/revisions\/1132273"}],"wp:attachment":[{"href":"https:\/\/www.estrategiaconcursos.com.br\/blog\/wp-json\/wp\/v2\/media?parent=420022"}],"wp:term":[{"taxonomy":"category","embeddable":true,"href":"https:\/\/www.estrategiaconcursos.com.br\/blog\/wp-json\/wp\/v2\/categories?post=420022"},{"taxonomy":"post_tag","embeddable":true,"href":"https:\/\/www.estrategiaconcursos.com.br\/blog\/wp-json\/wp\/v2\/tags?post=420022"},{"taxonomy":"tax_estado","embeddable":true,"href":"https:\/\/www.estrategiaconcursos.com.br\/blog\/wp-json\/wp\/v2\/tax_estado?post=420022"}],"curies":[{"name":"wp","href":"https:\/\/api.w.org\/{rel}","templated":true}]}}