{"id":419989,"date":"2019-09-15T20:46:33","date_gmt":"2019-09-15T23:46:33","guid":{"rendered":"https:\/\/www.estrategiaconcursos.com.br\/blog\/?p=419989"},"modified":"2019-11-08T16:38:03","modified_gmt":"2019-11-08T19:38:03","slug":"gabarito-direito-administrativo-tjce","status":"publish","type":"post","link":"https:\/\/www.estrategiaconcursos.com.br\/blog\/gabarito-direito-administrativo-tjce\/","title":{"rendered":"Gabarito Direito Administrativo TJCE (judici\u00e1ria e administrativa)"},"content":{"rendered":"\n<p>Ol\u00e1 pessoal! Neste artigo, vamos comentar as provas de Direito Administrativo TJCE, aplicadas pela FGV.<\/p>\n\n\n\n<p>Aqui, voc\u00ea vai encontrar as quest\u00f5es da \u00e1rea judici\u00e1ria e da \u00e1rea administrativa. Vamos come\u00e7ar pelas quest\u00f5es de T\u00e9cnico Judici\u00e1rio &#8211; \u00c1rea Administrativa, na sequ\u00eancia j\u00e1 teremos a prova da \u00c1rea Judici\u00e1ria.<\/p>\n\n\n\n<p><strong>Observa\u00e7\u00e3o: recebemos a prova por imagem, mas a resolu\u00e7\u00e3o est\u00e1 baixa. Ent\u00e3o, est\u00e1 um pouco complicado para fazer a leitura. Assim que os cadernos forem divulgados eu vou atualizar o artigo com as quest\u00f5es em texto.<\/strong><\/p>\n\n\n\n<h2 class=\"wp-block-heading\">T\u00e9cnico Judici\u00e1rio &#8211; \u00c1rea Administrativa<\/h2>\n\n\n<figure class=\"wp-block-embed-youtube wp-block-embed is-type-video is-provider-youtube wp-embed-aspect-16-9 wp-has-aspect-ratio\"><div class=\"lyte-wrapper\" style=\"width:853px;max-width:100%;margin:5px;\"><div class=\"lyMe\" id=\"WYL_MqOXCY-pdYc\"><div id=\"lyte_MqOXCY-pdYc\" data-src=\"\/\/i.ytimg.com\/vi\/MqOXCY-pdYc\/hqdefault.jpg\" class=\"pL\"><div class=\"tC\"><div class=\"tT\"><\/div><\/div><div class=\"play\"><\/div><div class=\"ctrl\"><div class=\"Lctrl\"><\/div><div class=\"Rctrl\"><\/div><\/div><\/div><noscript><a href=\"https:\/\/youtu.be\/MqOXCY-pdYc\" rel=\"nofollow\"><img loading=\"lazy\" decoding=\"async\" src=\"https:\/\/i.ytimg.com\/vi\/MqOXCY-pdYc\/0.jpg\" alt=\"YouTube video thumbnail\" width=\"853\" height=\"460\" \/><br \/>Assista a este v\u00eddeo no YouTube<\/a><\/noscript><\/div><\/div><div class=\"lL\" style=\"max-width:100%;width:853px;margin:5px;\"><\/div><figcaption><\/figcaption><\/figure>\n\n\n<p><\/p>\n\n\n\n<figure class=\"wp-block-image\"><img loading=\"lazy\" decoding=\"async\" width=\"430\" height=\"331\" src=\"https:\/\/dhg1h5j42swfq.cloudfront.net\/2019\/09\/15213924\/61.jpeg\" alt=\"\" class=\"wp-image-420088\" srcset=\"https:\/\/dhg1h5j42swfq.cloudfront.net\/2019\/09\/15213924\/61.jpeg 430w, https:\/\/dhg1h5j42swfq.cloudfront.net\/2019\/09\/15213924\/61.jpeg 300w\" sizes=\"auto, (max-width: 430px) 100vw, 430px\" \/><\/figure>\n\n\n\n<p><strong>Coment\u00e1rio:&nbsp;<\/strong>as autarquias s\u00e3o entidades administrativa de direito p\u00fablico. S\u00f3 com isso, podemos eliminar a letra A (tem personalidade jur\u00eddica) e a letra E (direito p\u00fablico). Al\u00e9m disso, a letra C est\u00e1 errada, poisas autarquias gozam do poder extroverso do Estado e podem cobrar taxas pelo exerc\u00edcio do poder de pol\u00edcia ou presta\u00e7\u00e3o de servi\u00e7os p\u00fablicos divis\u00edveis. A letra D, por sua vez, \u00e9 errada, pois em regra o regime de pessoal \u00e9 estatut\u00e1rio (de direito p\u00fablico).<\/p>\n\n\n\n<p>Sobre a letra B, que \u00e9 o gabarito. Elas n\u00e3o s\u00e3o subordinadas, mas apenas vinculadas ao ente instituidor para fins de tutela ou controle final\u00edstico.<\/p>\n\n\n\n<p><strong>Gabarito: alternativa B.<\/strong><\/p>\n\n\n\n<figure class=\"wp-block-image\"><img loading=\"lazy\" decoding=\"async\" width=\"445\" height=\"334\" src=\"https:\/\/dhg1h5j42swfq.cloudfront.net\/2019\/09\/15213933\/62.jpeg\" alt=\"\" class=\"wp-image-420089\" srcset=\"https:\/\/dhg1h5j42swfq.cloudfront.net\/2019\/09\/15213933\/62.jpeg 445w, https:\/\/dhg1h5j42swfq.cloudfront.net\/2019\/09\/15213933\/62.jpeg 300w\" sizes=\"auto, (max-width: 445px) 100vw, 445px\" \/><\/figure>\n\n\n\n<p><\/p>\n\n\n\n<p><strong>Coment\u00e1rio<\/strong>: a certid\u00e3o constitui um mero ato administrativo que apenas declara uma situa\u00e7\u00e3o pr\u00e9-existente. No caso, o servidor apenas declarou a data do protocolo. Tamb\u00e9m n\u00e3o h\u00e1 margem de liberdade, pois o servidor apenas vai dizer qual a data do protocolo, n\u00e3o podendo colocar na certid\u00e3o outra data que n\u00e3o aquela em que efetivamente o documento foi apresentado. Assim, \u00e9 um ato vinculado e declarat\u00f3rio.<\/p>\n\n\n\n<p><strong>Gabarito: alternativa C.<\/strong><\/p>\n\n\n\n<figure class=\"wp-block-image\"><img loading=\"lazy\" decoding=\"async\" width=\"297\" height=\"239\" src=\"https:\/\/dhg1h5j42swfq.cloudfront.net\/2019\/09\/15213943\/63.jpeg\" alt=\"\" class=\"wp-image-420090\" \/><\/figure>\n\n\n\n<p><\/p>\n\n\n\n<p><strong>Coment\u00e1rio<\/strong>: o item (1) descreve uma situa\u00e7\u00e3o em que o servi\u00e7o \u00e9 prestado mediante t\u00e9cnicas modernas. Isso se chama princ\u00edpio da atualidade ou da modernidade. J\u00e1 o item (2) trata da presta\u00e7\u00e3o do servi\u00e7o a um pre\u00e7o acess\u00edvel. Aqui, temos o princ\u00edpio da modicidade. Ele tamb\u00e9m envolve a remunera\u00e7\u00e3o justa ao prestador do servi\u00e7o. Com isso, o gabarito \u00e9 a letra B (atualidade e modicidade).<\/p>\n\n\n\n<p>O princ\u00edpio da continuidade diz que o servi\u00e7o n\u00e3o deve ser interrompido, exceto manuten\u00e7\u00e3o, emerg\u00eancia ou falta de pagamento de fatura; o princ\u00edpio da economicidade representa a minimiza\u00e7\u00e3o de custos. At\u00e9 poder\u00edamos dizer que ele \u00e9 ligado ao princ\u00edpio da modicidade, mas com pequenas diferen\u00e7as. Al\u00e9m disso, ele n\u00e3o se enquadraria no item (1) da quest\u00e3o. O princ\u00edpio da universalidade \/ generalidade refere-se \u00e0 presta\u00e7\u00e3o ao maior n\u00famero poss\u00edvel de usu\u00e1rios. Ele tamb\u00e9m n\u00e3o tem correla\u00e7\u00e3o com o item (1). J\u00e1 o princ\u00edpio da efici\u00eancia \u00e9 um princ\u00edpio geral do direito administrativo. At\u00e9 poder\u00edamos dizer que a efici\u00eancia pode permitir a modicidade, mas n\u00e3o podemos confundir um princ\u00edpio com o outro. Por fim, a competitividade \u00e9 um princ\u00edpio, em si, das licita\u00e7\u00f5es p\u00fablicas.<\/p>\n\n\n\n<p><strong>Gabarito: alternativa B.<\/strong><\/p>\n\n\n\n<p><\/p>\n\n\n\n<figure class=\"wp-block-image\"><img loading=\"lazy\" decoding=\"async\" width=\"300\" height=\"239\" src=\"https:\/\/dhg1h5j42swfq.cloudfront.net\/2019\/09\/15214148\/641.jpeg\" alt=\"\" class=\"wp-image-420096\" \/><\/figure>\n\n\n\n<p><strong>Coment\u00e1rio:&nbsp;<\/strong>a elabora\u00e7\u00e3o de um ato geral e abstrato para disciplinar um comando legal decorre do poder normativo. At\u00e9 poder\u00edamos pensar no poder hier\u00e1rquico, se estiv\u00e9ssemos pensando em um ato de efeitos internos, mas a quest\u00e3o n\u00e3o trata de uma rela\u00e7\u00e3o de hierarquia. Logo, dada a normatividade do ato, de fato o gabarito \u00e9 o poder normativo.<\/p>\n\n\n\n<p><strong>Gabarito: alternativa E.<\/strong><\/p>\n\n\n\n<figure class=\"wp-block-image\"><img loading=\"lazy\" decoding=\"async\" width=\"309\" height=\"366\" src=\"https:\/\/dhg1h5j42swfq.cloudfront.net\/2019\/09\/15214157\/651.jpeg\" alt=\"\" class=\"wp-image-420097\" srcset=\"https:\/\/dhg1h5j42swfq.cloudfront.net\/2019\/09\/15214157\/651.jpeg 309w, https:\/\/dhg1h5j42swfq.cloudfront.net\/2019\/09\/15214157\/651.jpeg 253w\" sizes=\"auto, (max-width: 309px) 100vw, 309px\" \/><\/figure>\n\n\n\n<p><\/p>\n\n\n\n<p><strong>Coment\u00e1rio:&nbsp;<\/strong>o caso da quest\u00e3o descrevia uma situa\u00e7\u00e3o de licita\u00e7\u00e3o dispens\u00e1vel, nos termos do art. 24, \u201cna contrata\u00e7\u00e3o de entidades privadas sem fins lucrativos, para a implementa\u00e7\u00e3o de cisternas ou outras tecnologias sociais de acesso \u00e0 \u00e1gua para consumo humano e produ\u00e7\u00e3o de alimentos, para beneficiar as fam\u00edlias rurais de baixa renda atingidas pela seca ou falta regular de \u00e1gua\u201d (Lei 8666, art. 24, XXXIII).<\/p>\n\n\n\n<p>Logo, a contrata\u00e7\u00e3o poder\u00e1 ocorrer por dispensa de licita\u00e7\u00e3o. Assim, o gabarito \u00e9 a letra A.<\/p>\n\n\n\n<p>A letra B est\u00e1 errada, pois n\u00e3o houve inviabilidade de competi\u00e7\u00e3o, logo n\u00e3o \u00e9 inexigibilidade. Al\u00e9m disso, as letras C, D e E mencionaram a licita\u00e7\u00e3o como obrigat\u00f3ria, mas como se trata de hip\u00f3tese de licita\u00e7\u00e3o dispens\u00e1vel, o procedimento licitat\u00f3rio \u00e9 facultativo.<\/p>\n\n\n\n<p><strong>Gabarito: alternativa A.<\/strong><\/p>\n\n\n\n<p><\/p>\n\n\n\n<figure class=\"wp-block-image\"><img loading=\"lazy\" decoding=\"async\" width=\"246\" height=\"229\" src=\"https:\/\/dhg1h5j42swfq.cloudfront.net\/2019\/09\/15214208\/661.jpeg\" alt=\"\" class=\"wp-image-420098\" \/><\/figure>\n\n\n\n<p><strong>Coment\u00e1rio<\/strong>: o limite da garantia de execu\u00e7\u00e3o, na forma do art. 56, \u00a7 2\u00ba, da Lei de Licita\u00e7\u00f5es e Contratos, \u00e9 de cinco por cento do valor do contrato e ter\u00e1 seu valor atualizado do contrato. Logo, o gabarito \u00e9 a letra B.<\/p>\n\n\n\n<p><strong>Gabarito: alternativa B.<\/strong><\/p>\n\n\n\n<figure class=\"wp-block-image\"><img loading=\"lazy\" decoding=\"async\" width=\"265\" height=\"232\" src=\"https:\/\/dhg1h5j42swfq.cloudfront.net\/2019\/09\/15214221\/671.jpeg\" alt=\"\" class=\"wp-image-420099\" \/><\/figure>\n\n\n\n<p><\/p>\n\n\n\n<p><strong>Coment\u00e1rio:&nbsp;<\/strong>a fiscaliza\u00e7\u00e3ocont\u00e1bil, financeira, or\u00e7ament\u00e1ria e patrimonial \u00e9 conhecida como \u201ccontrole externo\u201d no seu sentido estrito. A titularidade \u00e9 do Poder Legislativo, mas o controle \u00e9 exercido com o aux\u00edlio do tribunal de contas. No caso da quest\u00e3o, como estamos no estado do Cear\u00e1, a titularidade \u00e9 da Assembleia Legislativa, que exercer\u00e1 o controle com o aux\u00edlio do Tribunal de Contas do Estado.<\/p>\n\n\n\n<p><strong>Gabarito: alternativa D.<\/strong><\/p>\n\n\n\n<p><\/p>\n\n\n\n<figure class=\"wp-block-image\"><img loading=\"lazy\" decoding=\"async\" width=\"250\" height=\"218\" src=\"https:\/\/dhg1h5j42swfq.cloudfront.net\/2019\/09\/15214227\/68.jpeg\" alt=\"\" class=\"wp-image-420100\" \/><\/figure>\n\n\n\n<p><strong>Coment\u00e1rio:<\/strong><\/p>\n\n\n\n<p>a) isso mesmo! Segundo a Lei 9784\/99, um dos crit\u00e9rios do processo administrativo \u00e9 a \u201cproibi\u00e7\u00e3o de cobran\u00e7a de despesas processuais, ressalvadas as previstas em lei\u201d (Lei 9784, art. 2\u00ba, par\u00e1grafo \u00fanico, XI) \u2013 CORRETA;<\/p>\n\n\n\n<p>b) pelo contr\u00e1rio! Na verdade, \u00e9 \u201cvedada a ren\u00fancia total ou parcial de poderes ou compet\u00eancias, salvo autoriza\u00e7\u00e3o em lei\u201d (inc. II) \u2013 ERRADA;<\/p>\n\n\n\n<p>c) o sigilo \u00e9 permitido nas hip\u00f3teses admitidas na Constitui\u00e7\u00e3o Federal (inc. V) \u2013 ERRADA;<\/p>\n\n\n\n<p>d) a impuls\u00e3o do processo administrativo pode ocorrer de of\u00edcio (princ. da oficialidade) ou por provoca\u00e7\u00e3o do interessado (inc. XII) \u2013 ERRADA;<\/p>\n\n\n\n<p>e) na verdade, \u00e9 vedada a aplica\u00e7\u00e3o retroativa de nova interpreta\u00e7\u00e3o (inc. XIII) \u2013 ERRADA.<\/p>\n\n\n\n<p><strong>Gabarito: alternativa A.<\/strong><\/p>\n\n\n\n<figure class=\"wp-block-image\"><img loading=\"lazy\" decoding=\"async\" width=\"256\" height=\"324\" src=\"https:\/\/dhg1h5j42swfq.cloudfront.net\/2019\/09\/15214239\/69.jpeg\" alt=\"\" class=\"wp-image-420101\" srcset=\"https:\/\/dhg1h5j42swfq.cloudfront.net\/2019\/09\/15214239\/69.jpeg 256w, https:\/\/dhg1h5j42swfq.cloudfront.net\/2019\/09\/15214239\/69.jpeg 237w\" sizes=\"auto, (max-width: 256px) 100vw, 256px\" \/><\/figure>\n\n\n\n<p><\/p>\n\n\n\n<p><strong>Coment\u00e1rio:<\/strong>a quest\u00e3o trata da responsabilidade civil do Estado. Como o causador do dano \u00e9 um servidor p\u00fablico do Poder Judici\u00e1rio, a responsabilidade civil ser\u00e1 do estado do Cear\u00e1, que responder\u00e1 objetivamente, ou seja, independentemente de dolo ou culpa. Com isso, o gabarito \u00e9 a letra B.<\/p>\n\n\n\n<p>A letra A est\u00e1 errada, pois a responsabilidade e do estado do Cear\u00e1 e de forma objetiva. O erro na letra C \u00e9 que o Poder Judici\u00e1rio \u00e9 um \u00f3rg\u00e3o, logo quem responde \u00e9 a pessoa jur\u00eddica (o estado do Cear\u00e1). Por fim, as letras D e E est\u00e3o erradas, pois h\u00e1 sim responsabilidade.&nbsp;<\/p>\n\n\n\n<p><strong>Gabarito: alternativa B.<\/strong><\/p>\n\n\n\n<p><\/p>\n\n\n\n<figure class=\"wp-block-image\"><img loading=\"lazy\" decoding=\"async\" width=\"258\" height=\"358\" src=\"https:\/\/dhg1h5j42swfq.cloudfront.net\/2019\/09\/15214249\/70.jpeg\" alt=\"\" class=\"wp-image-420102\" srcset=\"https:\/\/dhg1h5j42swfq.cloudfront.net\/2019\/09\/15214249\/70.jpeg 258w, https:\/\/dhg1h5j42swfq.cloudfront.net\/2019\/09\/15214249\/70.jpeg 216w\" sizes=\"auto, (max-width: 258px) 100vw, 258px\" \/><\/figure>\n\n\n\n<p><strong>Coment\u00e1rio<\/strong>: Jo\u00e3o cometeu ato de improbidade que importa enriquecimento il\u00edcito, pois percebeu vantagem econ\u00f4mica para exercer suas atribui\u00e7\u00f5es de forma inadequada. Com isso, j\u00e1 podemos marcar as letras A e B como erradas. Al\u00e9m disso, as letras C e E preveem a aplica\u00e7\u00e3o da pena de \u201ccassa\u00e7\u00e3o dos direitos pol\u00edticos\u201d, mas esta penalidade n\u00e3o existe.<\/p>\n\n\n\n<p>Com isso, sobrou apenas a letra D, que \u00e9 o nosso gabarito. A alternativa prev\u00ea exatamente algumas das penalidades cab\u00edveis no caso de enriquecimento il\u00edcito.<\/p>\n\n\n\n<p><strong>Gabarito: alternativa D.<\/strong><\/p>\n\n\n\n<h2 class=\"wp-block-heading\">T\u00e9cnico Judici\u00e1rio &#8211; \u00c1rea Judici\u00e1ria<\/h2>\n\n\n<figure class=\"wp-block-embed-youtube wp-block-embed is-type-video is-provider-youtube wp-embed-aspect-16-9 wp-has-aspect-ratio\"><div class=\"lyte-wrapper\" style=\"width:853px;max-width:100%;margin:5px;\"><div class=\"lyMe\" id=\"WYL_A9jsPWvO-B0\"><div id=\"lyte_A9jsPWvO-B0\" data-src=\"\/\/i.ytimg.com\/vi\/A9jsPWvO-B0\/hqdefault.jpg\" class=\"pL\"><div class=\"tC\"><div class=\"tT\"><\/div><\/div><div class=\"play\"><\/div><div class=\"ctrl\"><div class=\"Lctrl\"><\/div><div class=\"Rctrl\"><\/div><\/div><\/div><noscript><a href=\"https:\/\/youtu.be\/A9jsPWvO-B0\" rel=\"nofollow\"><img loading=\"lazy\" decoding=\"async\" src=\"https:\/\/i.ytimg.com\/vi\/A9jsPWvO-B0\/0.jpg\" alt=\"YouTube video thumbnail\" width=\"853\" height=\"460\" \/><br \/>Assista a este v\u00eddeo no YouTube<\/a><\/noscript><\/div><\/div><div class=\"lL\" style=\"max-width:100%;width:853px;margin:5px;\"><\/div><figcaption><\/figcaption><\/figure>\n\n\n<p>Segue a corre\u00e7\u00e3o:<\/p>\n\n\n\n<figure class=\"wp-block-image\"><img loading=\"lazy\" decoding=\"async\" width=\"350\" height=\"428\" src=\"https:\/\/dhg1h5j42swfq.cloudfront.net\/2019\/09\/15154025\/41.jpeg\" alt=\"\" class=\"wp-image-419992\" srcset=\"https:\/\/dhg1h5j42swfq.cloudfront.net\/2019\/09\/15154025\/41.jpeg 350w, https:\/\/dhg1h5j42swfq.cloudfront.net\/2019\/09\/15154025\/41.jpeg 245w\" sizes=\"auto, (max-width: 350px) 100vw, 350px\" \/><\/figure>\n\n\n\n<p><strong>Coment\u00e1rio<\/strong>: desde 2011, no julgamento do RE 598.099, o STF tem jurisprud\u00eancia consolidada no sentido de que \u201co candidato aprovado em concurso p\u00fablico dentro do n\u00famero de vagas previsto no edital possui direito subjetivo \u00e0 nomea\u00e7\u00e3o\u201d.<\/p>\n\n\n\n<p>Nesse caso, o direito decorre justamente dos princ\u00edpios da boa-f\u00e9 e da seguran\u00e7a jur\u00eddica, uma vez que a previs\u00e3o das vagas no edital faz presumir a exist\u00eancia de necessidade da administra\u00e7\u00e3o. Com isso, o gabarito \u00e9 a letra D.<\/p>\n\n\n\n<p>A letra A est\u00e1 errada, pois h\u00e1 direito subjetivo \u00e0 nomea\u00e7\u00e3o. As letras B e C est\u00e3o erradas, pois a aprova\u00e7\u00e3o dentro das vagas do edital dispensa a necessidade de comprovar que houve preteri\u00e7\u00e3o na sua nomea\u00e7\u00e3o. Por fim, o erro na letra E \u00e9 que n\u00e3o existe direito subjetivo, em regra, para quem estiver classificado fora do n\u00famero de vagas do edital.<\/p>\n\n\n\n<p><strong>Gabarito: alternativa D.<\/strong><\/p>\n\n\n\n<p><\/p>\n\n\n\n<figure class=\"wp-block-image\"><img loading=\"lazy\" decoding=\"async\" width=\"380\" height=\"328\" src=\"https:\/\/dhg1h5j42swfq.cloudfront.net\/2019\/09\/15154150\/42.jpeg\" alt=\"\" class=\"wp-image-419993\" srcset=\"https:\/\/dhg1h5j42swfq.cloudfront.net\/2019\/09\/15154150\/42.jpeg 380w, https:\/\/dhg1h5j42swfq.cloudfront.net\/2019\/09\/15154150\/42.jpeg 300w\" sizes=\"auto, (max-width: 380px) 100vw, 380px\" \/><\/figure>\n\n\n\n<p><strong>Coment\u00e1rio<\/strong>: vimos ao longo do nosso curso e em nossas revis\u00f5es que o poder de pol\u00edcia comp\u00f5e-se de quatro fases: (i) ordem ou legisla\u00e7\u00e3o de pol\u00edcia; (ii) consentimento; (iii) fiscaliza\u00e7\u00e3o; (iv) san\u00e7\u00e3o.&nbsp;<\/p>\n\n\n\n<p>A ordem e a san\u00e7\u00e3o somente podem ser exercidas por entidades de direito p\u00fablico, enquanto o consentimento e a fiscaliza\u00e7\u00e3o podem ser exercidas por entidades de direito p\u00fablico ou de direito privado.<\/p>\n\n\n\n<p>Com isso, podemos notar que a fase e san\u00e7\u00e3o \u00e9 indeleg\u00e1vel \u00e0 pessoa jur\u00eddica de direito privado, justamente porque retrata o poder de imp\u00e9rio ou poder extroverso do Estado.<\/p>\n\n\n\n<p><strong>Gabarito: alternativa A.<\/strong><\/p>\n\n\n\n<p><\/p>\n\n\n\n<figure class=\"wp-block-image\"><img loading=\"lazy\" decoding=\"async\" width=\"446\" height=\"345\" src=\"https:\/\/dhg1h5j42swfq.cloudfront.net\/2019\/09\/15154200\/43.jpeg\" alt=\"\" class=\"wp-image-419994\" srcset=\"https:\/\/dhg1h5j42swfq.cloudfront.net\/2019\/09\/15154200\/43.jpeg 446w, https:\/\/dhg1h5j42swfq.cloudfront.net\/2019\/09\/15154200\/43.jpeg 300w\" sizes=\"auto, (max-width: 446px) 100vw, 446px\" \/><\/figure>\n\n\n\n<p><strong>Coment\u00e1rio<\/strong>: em rela\u00e7\u00e3o \u00e0 natureza do \u00f3rg\u00e3o controlador, o controle pode ser administrativo, legislativo ou judicial. O primeiro \u00e9 realizado pela administra\u00e7\u00e3o sobre os seus pr\u00f3prios atos, tendo como principal aplica\u00e7\u00e3o a autotutela, ou seja, a capacidade da administra\u00e7\u00e3o de analisar os seus atos e anular os ilegais ou revogar os inconvenientes e inoportunos. Nesse caso, j\u00e1 podemos marcar a letra C como nosso gabarito.<\/p>\n\n\n\n<p>Vejamos o erro das demais:<\/p>\n\n\n\n<p>a) no caso do controle legislativo, quem auxilia \u00e9 o Tribunal de Contas \u2013 ERRADA;<\/p>\n\n\n\n<p>b) em regra, o Judici\u00e1rio n\u00e3o pode invadir o m\u00e9rito do ato administrativo \u2013 ERRADA;<\/p>\n\n\n\n<p>d) e e) o controle externo, em sentido estrito, \u00e9 exercido pelo Legislativo, com o aux\u00edlio do Tribunal de Contas \u2013 ERRADAs.<\/p>\n\n\n\n<p><strong>Gabarito: alternativa C.<\/strong><\/p>\n\n\n\n<p><\/p>\n\n\n\n<figure class=\"wp-block-image\"><img loading=\"lazy\" decoding=\"async\" width=\"443\" height=\"371\" src=\"https:\/\/dhg1h5j42swfq.cloudfront.net\/2019\/09\/15154211\/44.jpeg\" alt=\"\" class=\"wp-image-419995\" srcset=\"https:\/\/dhg1h5j42swfq.cloudfront.net\/2019\/09\/15154211\/44.jpeg 443w, https:\/\/dhg1h5j42swfq.cloudfront.net\/2019\/09\/15154211\/44.jpeg 300w\" sizes=\"auto, (max-width: 443px) 100vw, 443px\" \/><\/figure>\n\n\n\n<p><strong>Coment\u00e1rio<\/strong>: tamb\u00e9m vimos em nossas aulas e na revis\u00e3o que a convalida\u00e7\u00e3o de um ato administrativo \u00e9 a corre\u00e7\u00e3o de um v\u00edcio sab\u00e1vel, ou seja, a corre\u00e7\u00e3o do v\u00edcio de forma ou de compet\u00eancia. Logo, a letra C \u00e9 o nosso gabarito.<\/p>\n\n\n\n<p>As letras A e E est\u00e3o incorretas, pois n\u00e3o \u00e9 o caso de desfazimento, mas sim de convalida\u00e7\u00e3o. O erro na letra B \u00e9 que n\u00e3o houve&nbsp;<strong>repristina\u00e7\u00e3o<\/strong>(retorno do primeiro ato em decorr\u00eancia do desfazimento de um segundo ato, que desfez o primeiro). Primeiro, n\u00e3o se admite repristina\u00e7\u00e3o t\u00e1cita no Brasil e, segundo, n\u00e3o houve qualquer desfazimento de ato.<\/p>\n\n\n\n<p>Por fim, a express\u00e3o retifica\u00e7\u00e3o costuma ser utilizada no sentido de corrigir algum erro. Por\u00e9m, n\u00e3o caberia essa alternativa por dois motivos: primeiro porque, no direito administrativo, \u00e9 mais usual a express\u00e3o ratifica\u00e7\u00e3o (com sentidos distintos a depender do autor); segundo porque o v\u00eddeo de motivo n\u00e3o \u00e9 pass\u00edvel de corre\u00e7\u00e3o, pois configura v\u00edcio insan\u00e1vel.<\/p>\n\n\n\n<p><strong>Gabarito: alternativa C.<\/strong><\/p>\n\n\n\n<p><\/p>\n\n\n\n<figure class=\"wp-block-image\"><img loading=\"lazy\" decoding=\"async\" width=\"527\" height=\"534\" src=\"https:\/\/dhg1h5j42swfq.cloudfront.net\/2019\/09\/15154226\/45.jpeg\" alt=\"\" class=\"wp-image-419997\" srcset=\"https:\/\/dhg1h5j42swfq.cloudfront.net\/2019\/09\/15154226\/45.jpeg 527w, https:\/\/dhg1h5j42swfq.cloudfront.net\/2019\/09\/15154226\/45.jpeg 296w\" sizes=\"auto, (max-width: 527px) 100vw, 527px\" \/><\/figure>\n\n\n\n<p><strong>Coment\u00e1rio<\/strong>: essa tamb\u00e9m foi mencionada na nossa revis\u00e3o. A Lei 8.666\/1993 prev\u00ea expressamente que \u00e9 dispens\u00e1vel a licita\u00e7\u00e3o para \u201cpara a constru\u00e7\u00e3o, a amplia\u00e7\u00e3o, a reforma e o aprimoramento de estabelecimentos penais, desde que configurada situa\u00e7\u00e3o de grave e iminente risco \u00e0 seguran\u00e7a p\u00fablica\u201d (art. 24, XXXV). Logo, o gabarito \u00e9 a letra E.<\/p>\n\n\n\n<p>As letras A, B e C est\u00e3o erradas, pois n\u00e3o existe obrigatoriedade de licitar, j\u00e1 que o procedimento \u00e9 dispens\u00e1vel, no caso do enunciado. Por fim, o erro na letra D \u00e9 que n\u00e3o \u00e9 caso de inexigibilidade, mas de dispensa.<\/p>\n\n\n\n<p><strong>Gabarito: alternativa E.<\/strong><\/p>\n\n\n\n<figure class=\"wp-block-image\"><img loading=\"lazy\" decoding=\"async\" width=\"394\" height=\"455\" src=\"https:\/\/dhg1h5j42swfq.cloudfront.net\/2019\/09\/15154251\/46.jpeg\" alt=\"\" class=\"wp-image-419998\" srcset=\"https:\/\/dhg1h5j42swfq.cloudfront.net\/2019\/09\/15154251\/46.jpeg 394w, https:\/\/dhg1h5j42swfq.cloudfront.net\/2019\/09\/15154251\/46.jpeg 260w\" sizes=\"auto, (max-width: 394px) 100vw, 394px\" \/><\/figure>\n\n\n\n<p><\/p>\n\n\n\n<p><strong>Coment\u00e1rio<\/strong>: os atos de improbidade configuram san\u00e7\u00e3o de natureza civil aplicada pelo Poder Judici\u00e1rio. Ademais, o art. 12 da Lei de Improbidade prev\u00ea que as san\u00e7\u00f5es ser\u00e3o aplic\u00e1veis de forma \u201cisolada ou cumulativamente, de acordo com a gravidade do fato\u201d sendo que o juiz \u201clevar\u00e1 em conta a extens\u00e3o do dano causado, assim como o proveito patrimonial obtido pelo agente\u201d.<\/p>\n\n\n\n<p>Com isso, o gabarito \u00e9 a letra B, pois cabe ao Judici\u00e1rio aplicar as penas, conforme a proporcionalidade, considerando a gravidade do fato, a extens\u00e3o do dano e o proveito patrimonial obtido pelo agente.<\/p>\n\n\n\n<p>As letras A, C e E est\u00e3o erradas, pois a san\u00e7\u00e3o de improbidade n\u00e3o \u00e9 imposta por autoridade administrativa. J\u00e1 a letra D est\u00e1 errada, pois n\u00e3o existe \u201ccassa\u00e7\u00e3o dos direitos pol\u00edticos\u201d.<\/p>\n\n\n\n<p><strong>Gabarito: alternativa B.<\/strong><\/p>\n\n\n\n<figure class=\"wp-block-image\"><img loading=\"lazy\" decoding=\"async\" width=\"474\" height=\"359\" src=\"https:\/\/dhg1h5j42swfq.cloudfront.net\/2019\/09\/15154306\/47.jpeg\" alt=\"\" class=\"wp-image-419999\" srcset=\"https:\/\/dhg1h5j42swfq.cloudfront.net\/2019\/09\/15154306\/47.jpeg 474w, https:\/\/dhg1h5j42swfq.cloudfront.net\/2019\/09\/15154306\/47.jpeg 300w\" sizes=\"auto, (max-width: 474px) 100vw, 474px\" \/><\/figure>\n\n\n\n<p><\/p>\n\n\n\n<p><strong>Coment\u00e1rio<\/strong>: segundo a Constitui\u00e7\u00e3o Federal as fun\u00e7\u00f5es de confian\u00e7a ser\u00e3o exercidas exclusivamente por servidores ocupantes de cargo efetivo (CF, art. 37, V). Logo, a Maria dever\u00e1 ser necessariamente servidora efetiva (letra A). N\u00e3o confunda \u201cfun\u00e7\u00e3o de confian\u00e7a\u201d com \u201ccargo em comiss\u00e3o\u201d. Este \u00faltimo seria de livre nomea\u00e7\u00e3o, mas n\u00e3o era o caso da quest\u00e3o.&nbsp;&nbsp;&nbsp;<\/p>\n\n\n\n<p><strong>Gabarito: alternativa A.<\/strong><\/p>\n\n\n\n<figure class=\"wp-block-image\"><img loading=\"lazy\" decoding=\"async\" width=\"490\" height=\"309\" src=\"https:\/\/dhg1h5j42swfq.cloudfront.net\/2019\/09\/15154324\/48.jpeg\" alt=\"\" class=\"wp-image-420000\" srcset=\"https:\/\/dhg1h5j42swfq.cloudfront.net\/2019\/09\/15154324\/48.jpeg 490w, https:\/\/dhg1h5j42swfq.cloudfront.net\/2019\/09\/15154324\/48.jpeg 300w\" sizes=\"auto, (max-width: 490px) 100vw, 490px\" \/><\/figure>\n\n\n\n<p><\/p>\n\n\n\n<p><strong>Coment\u00e1rio<\/strong>: essa foi certamente a quest\u00e3o mais pesada de direito administrativo. O STF entende que a inadimpl\u00eancia do ex-governante com as suas obriga\u00e7\u00f5es junto \u00e0 Uni\u00e3o n\u00e3o pode prejudicar as atividades do governante seguinte. Isso se chama \u201cprinc\u00edpio da intranscend\u00eancia subjetiva das san\u00e7\u00f5es\u201d.<\/p>\n\n\n\n<p>Um exemplo seria a falta de presta\u00e7\u00e3o de contas de um governante sobre um conv\u00eanio n\u00e3o poder\u00e1 ensejar a perman\u00eancia do \u201cnome\u201d do estado no cadastro de inadimplentes junto \u00e0 Uni\u00e3o durante o governo seguinte, de forma a inviabilizar a realiza\u00e7\u00e3o de pol\u00edticas p\u00fablicas.&nbsp;<\/p>\n\n\n\n<p>Portanto, o gabarito \u00e9 a letra D. Sobre o tema, veja o AC 2614\/PE, julgado em 23\/6\/2015.<\/p>\n\n\n\n<p><strong>Gabarito: alternativa D.<\/strong><\/p>\n\n\n\n<figure class=\"wp-block-image\"><img loading=\"lazy\" decoding=\"async\" width=\"367\" height=\"361\" src=\"https:\/\/dhg1h5j42swfq.cloudfront.net\/2019\/09\/15154332\/49.jpeg\" alt=\"\" class=\"wp-image-420001\" srcset=\"https:\/\/dhg1h5j42swfq.cloudfront.net\/2019\/09\/15154332\/49.jpeg 367w, https:\/\/dhg1h5j42swfq.cloudfront.net\/2019\/09\/15154332\/49.jpeg 300w\" sizes=\"auto, (max-width: 367px) 100vw, 367px\" \/><\/figure>\n\n\n\n<p><\/p>\n\n\n\n<p><strong>Coment\u00e1rio<\/strong>: a quest\u00e3o trata da responsabilidade civil do Estado. Nesse caso, como se tratava de servidor do TJ-CE, a responsabilidade civil ser\u00e1 do Estado, de forma objetiva, pautada na teoria do risco administrativo. Por\u00e9m, como houve culpa concorrente da v\u00edtima, a responsabilidade civil ser\u00e1 atenuada, na medida da culpabilidade dos envolvidos. Com isso, o gabarito ser\u00e1 a letra C: a a\u00e7\u00e3o ser\u00e1 procedente, respondendo o estado do Cear\u00e1 pelo ressarcimento, por\u00e9m de forma reduzida (atenuada), em virtude da culpa concorrente.<\/p>\n\n\n\n<p>Vejamos o erro nas alternativas:<\/p>\n\n\n\n<p>a) a culpa concorrente apenas atenua, mas n\u00e3o exclui, a responsabilidade \u2013 ERRADA;<\/p>\n\n\n\n<p>b) a responsabilidade civil do Estado \u00e9 objetiva, independentemente de dolo ou culpa do agente p\u00fablico \u2013 ERRADA;<\/p>\n\n\n\n<p>d) como vimos, a responsabilidade \u00e9 objetiva \u2013 ERRADA;<\/p>\n\n\n\n<p>e) al\u00e9m de a responsabilidade ser objetiva, quem responde \u00e9 o estado do Cear\u00e1, como pessoa jur\u00eddica \u2013 ERRADA.<\/p>\n\n\n\n<p><strong>Gabarito: alternativa C.<\/strong><\/p>\n\n\n\n<p><\/p>\n\n\n\n<figure class=\"wp-block-image\"><img loading=\"lazy\" decoding=\"async\" width=\"374\" height=\"428\" src=\"https:\/\/dhg1h5j42swfq.cloudfront.net\/2019\/09\/15154342\/50.jpeg\" alt=\"\" class=\"wp-image-420002\" srcset=\"https:\/\/dhg1h5j42swfq.cloudfront.net\/2019\/09\/15154342\/50.jpeg 374w, https:\/\/dhg1h5j42swfq.cloudfront.net\/2019\/09\/15154342\/50.jpeg 262w\" sizes=\"auto, (max-width: 374px) 100vw, 374px\" \/><\/figure>\n\n\n\n<p><strong>Coment\u00e1rio<\/strong>: como Jo\u00e3o recebeu propina, ele cometeu ato de improbidade que importa enriquecimento il\u00edcito, sendo que Maria, que concorreu para a consuma\u00e7\u00e3o do ato, responder\u00e1 juntamente com o agente p\u00fablico. Logo, o gabarito \u00e9 a letra A.<\/p>\n\n\n\n<p>Vejamos as outras alternativas:<\/p>\n\n\n\n<p>b) n\u00e3o precisa de dano para ocorrer o ato de improbidade e o terceiro que induz, concorre ou se beneficia tamb\u00e9m poder\u00e1 responder \u2013 ERRADA;<\/p>\n\n\n\n<p>c) vimos acima que Maria pode responder e que o ato importa enriquecimento il\u00edcito \u2013 ERRADA;<\/p>\n\n\n\n<p>d) j\u00e1 vimos que n\u00e3o precisa de dano ao er\u00e1rio \u2013 ERRADA;<\/p>\n\n\n\n<p>e) praticaram sim, pois o agente p\u00fablico percebeu vantagem patrimonial indevida, na forma do art. 9\u00ba da Lei de Improbidade. Vale lembrar que a lista de atos de improbidade \u00e9 exemplificativa \u2013 ERRADA.<\/p>\n\n\n\n<p><strong>Gabarito: alternativa A.<\/strong><\/p>\n\n\n\n<p><\/p>\n\n\n\n<p>\u00c9 issi a\u00ed, pessoal! Fechamos mais uma prova! Espero que o resultado tenha sido excelente!  No mais, continuamos firmados por aqui! Abra\u00e7os,<\/p>\n\n\n\n<p>Herbert Almeida<\/p>\n","protected":false},"excerpt":{"rendered":"<p>Ol\u00e1 pessoal! Neste artigo, vamos comentar as provas de Direito Administrativo TJCE, aplicadas pela FGV. Aqui, voc\u00ea vai encontrar as quest\u00f5es da \u00e1rea judici\u00e1ria e da \u00e1rea administrativa. Vamos come\u00e7ar pelas quest\u00f5es de T\u00e9cnico Judici\u00e1rio &#8211; \u00c1rea Administrativa, na sequ\u00eancia j\u00e1 teremos a prova da \u00c1rea Judici\u00e1ria. Observa\u00e7\u00e3o: recebemos a prova por imagem, mas a [&hellip;]<\/p>\n","protected":false},"author":129,"featured_media":0,"comment_status":"open","ping_status":"closed","sticky":false,"template":"","format":"standard","meta":{"post_tipo":"article","footnotes":""},"categories":[1],"tags":[],"tax_estado":[],"class_list":["post-419989","post","type-post","status-publish","format-standard","hentry","category-cursos-e-concursos"],"acf":[],"yoast_head":"<!-- This site is optimized with the Yoast SEO Premium plugin v27.2 (Yoast SEO v27.2) - https:\/\/yoast.com\/product\/yoast-seo-premium-wordpress\/ -->\n<title>Gabarito Direito Administrativo TJCE (judici\u00e1ria e administrativa)<\/title>\n<meta name=\"robots\" content=\"index, follow, max-snippet:-1, max-image-preview:large, max-video-preview:-1\" \/>\n<link rel=\"canonical\" href=\"https:\/\/www.estrategiaconcursos.com.br\/blog\/gabarito-direito-administrativo-tjce\/\" \/>\n<meta property=\"og:locale\" content=\"pt_BR\" \/>\n<meta property=\"og:type\" content=\"article\" \/>\n<meta property=\"og:title\" content=\"Gabarito Direito Administrativo TJCE (judici\u00e1ria e administrativa)\" \/>\n<meta property=\"og:description\" content=\"Ol\u00e1 pessoal! Neste artigo, vamos comentar as provas de Direito Administrativo TJCE, aplicadas pela FGV. Aqui, voc\u00ea vai encontrar as quest\u00f5es da \u00e1rea judici\u00e1ria e da \u00e1rea administrativa. Vamos come\u00e7ar pelas quest\u00f5es de T\u00e9cnico Judici\u00e1rio &#8211; \u00c1rea Administrativa, na sequ\u00eancia j\u00e1 teremos a prova da \u00c1rea Judici\u00e1ria. Observa\u00e7\u00e3o: recebemos a prova por imagem, mas a [&hellip;]\" \/>\n<meta property=\"og:url\" content=\"https:\/\/www.estrategiaconcursos.com.br\/blog\/gabarito-direito-administrativo-tjce\/\" \/>\n<meta property=\"og:site_name\" content=\"Estrat\u00e9gia Concursos\" \/>\n<meta property=\"article:published_time\" content=\"2019-09-15T23:46:33+00:00\" \/>\n<meta property=\"article:modified_time\" content=\"2019-11-08T19:38:03+00:00\" \/>\n<meta property=\"og:image\" content=\"https:\/\/www.estrategiaconcursos.com.br\/blog\/wp-content\/uploads\/2019\/09\/61.jpeg\" \/>\n<meta name=\"author\" content=\"Herbert Almeida\" \/>\n<meta name=\"twitter:card\" content=\"summary_large_image\" \/>\n<meta name=\"twitter:creator\" content=\"@EstratConcursos\" \/>\n<meta name=\"twitter:site\" content=\"@EstratConcursos\" \/>\n<meta name=\"twitter:label1\" content=\"Escrito por\" \/>\n\t<meta name=\"twitter:data1\" content=\"Herbert Almeida\" \/>\n\t<meta name=\"twitter:label2\" content=\"Est. tempo de leitura\" \/>\n\t<meta name=\"twitter:data2\" content=\"13 minutos\" \/>\n<script type=\"application\/ld+json\" class=\"yoast-schema-graph\">{\"@context\":\"https:\/\/schema.org\",\"@graph\":[{\"@type\":\"NewsArticle\",\"@id\":\"https:\/\/www.estrategiaconcursos.com.br\/blog\/gabarito-direito-administrativo-tjce\/#article\",\"isPartOf\":{\"@id\":\"https:\/\/www.estrategiaconcursos.com.br\/blog\/gabarito-direito-administrativo-tjce\/\"},\"author\":{\"name\":\"Herbert Almeida\",\"@id\":\"https:\/\/www.estrategiaconcursos.com.br\/blog\/#\/schema\/person\/59717c75350fa01aa0fd68a52a8d02e0\"},\"headline\":\"Gabarito Direito Administrativo TJCE (judici\u00e1ria e administrativa)\",\"datePublished\":\"2019-09-15T23:46:33+00:00\",\"dateModified\":\"2019-11-08T19:38:03+00:00\",\"mainEntityOfPage\":{\"@id\":\"https:\/\/www.estrategiaconcursos.com.br\/blog\/gabarito-direito-administrativo-tjce\/\"},\"wordCount\":2522,\"commentCount\":2,\"publisher\":{\"@id\":\"https:\/\/www.estrategiaconcursos.com.br\/blog\/#organization\"},\"image\":{\"@id\":\"https:\/\/www.estrategiaconcursos.com.br\/blog\/gabarito-direito-administrativo-tjce\/#primaryimage\"},\"thumbnailUrl\":\"https:\/\/www.estrategiaconcursos.com.br\/blog\/wp-content\/uploads\/2019\/09\/61.jpeg\",\"articleSection\":[\"Concursos P\u00fablicos\"],\"inLanguage\":\"pt-BR\",\"potentialAction\":[{\"@type\":\"CommentAction\",\"name\":\"Comment\",\"target\":[\"https:\/\/www.estrategiaconcursos.com.br\/blog\/gabarito-direito-administrativo-tjce\/#respond\"]}],\"copyrightYear\":\"2019\",\"copyrightHolder\":{\"@id\":\"https:\/\/www.estrategiaconcursos.com.br\/blog\/#organization\"}},{\"@type\":\"WebPage\",\"@id\":\"https:\/\/www.estrategiaconcursos.com.br\/blog\/gabarito-direito-administrativo-tjce\/\",\"url\":\"https:\/\/www.estrategiaconcursos.com.br\/blog\/gabarito-direito-administrativo-tjce\/\",\"name\":\"Gabarito Direito Administrativo TJCE (judici\u00e1ria e administrativa)\",\"isPartOf\":{\"@id\":\"https:\/\/www.estrategiaconcursos.com.br\/blog\/#website\"},\"primaryImageOfPage\":{\"@id\":\"https:\/\/www.estrategiaconcursos.com.br\/blog\/gabarito-direito-administrativo-tjce\/#primaryimage\"},\"image\":{\"@id\":\"https:\/\/www.estrategiaconcursos.com.br\/blog\/gabarito-direito-administrativo-tjce\/#primaryimage\"},\"thumbnailUrl\":\"https:\/\/www.estrategiaconcursos.com.br\/blog\/wp-content\/uploads\/2019\/09\/61.jpeg\",\"datePublished\":\"2019-09-15T23:46:33+00:00\",\"dateModified\":\"2019-11-08T19:38:03+00:00\",\"breadcrumb\":{\"@id\":\"https:\/\/www.estrategiaconcursos.com.br\/blog\/gabarito-direito-administrativo-tjce\/#breadcrumb\"},\"inLanguage\":\"pt-BR\",\"potentialAction\":[{\"@type\":\"ReadAction\",\"target\":[\"https:\/\/www.estrategiaconcursos.com.br\/blog\/gabarito-direito-administrativo-tjce\/\"]}]},{\"@type\":\"ImageObject\",\"inLanguage\":\"pt-BR\",\"@id\":\"https:\/\/www.estrategiaconcursos.com.br\/blog\/gabarito-direito-administrativo-tjce\/#primaryimage\",\"url\":\"https:\/\/dhg1h5j42swfq.cloudfront.net\/2019\/09\/15213924\/61.jpeg\",\"contentUrl\":\"https:\/\/dhg1h5j42swfq.cloudfront.net\/2019\/09\/15213924\/61.jpeg\",\"width\":430,\"height\":331},{\"@type\":\"BreadcrumbList\",\"@id\":\"https:\/\/www.estrategiaconcursos.com.br\/blog\/gabarito-direito-administrativo-tjce\/#breadcrumb\",\"itemListElement\":[{\"@type\":\"ListItem\",\"position\":1,\"name\":\"In\u00edcio\",\"item\":\"https:\/\/www.estrategiaconcursos.com.br\/blog\/\"},{\"@type\":\"ListItem\",\"position\":2,\"name\":\"Gabarito Direito Administrativo TJCE (judici\u00e1ria e administrativa)\"}]},{\"@type\":\"WebSite\",\"@id\":\"https:\/\/www.estrategiaconcursos.com.br\/blog\/#website\",\"url\":\"https:\/\/www.estrategiaconcursos.com.br\/blog\/\",\"name\":\"Estrat\u00e9gia Concursos\",\"description\":\"O blog da Estrat\u00e9gia Concursos traz not\u00edcias sobre concursos e artigos de professores oferecendo cursos para concursos (pdf + videaulas) no site.\",\"publisher\":{\"@id\":\"https:\/\/www.estrategiaconcursos.com.br\/blog\/#organization\"},\"potentialAction\":[{\"@type\":\"SearchAction\",\"target\":{\"@type\":\"EntryPoint\",\"urlTemplate\":\"https:\/\/www.estrategiaconcursos.com.br\/blog\/?s={search_term_string}\"},\"query-input\":{\"@type\":\"PropertyValueSpecification\",\"valueRequired\":true,\"valueName\":\"search_term_string\"}}],\"inLanguage\":\"pt-BR\"},{\"@type\":\"Organization\",\"@id\":\"https:\/\/www.estrategiaconcursos.com.br\/blog\/#organization\",\"name\":\"Estrat\u00e9gia Concursos\",\"url\":\"https:\/\/www.estrategiaconcursos.com.br\/blog\/\",\"logo\":{\"@type\":\"ImageObject\",\"inLanguage\":\"pt-BR\",\"@id\":\"https:\/\/www.estrategiaconcursos.com.br\/blog\/#\/schema\/logo\/image\/\",\"url\":\"https:\/\/dhg1h5j42swfq.cloudfront.net\/2025\/06\/03203428\/logo_concursos-1.jpg\",\"contentUrl\":\"https:\/\/dhg1h5j42swfq.cloudfront.net\/2025\/06\/03203428\/logo_concursos-1.jpg\",\"width\":230,\"height\":60,\"caption\":\"Estrat\u00e9gia Concursos\"},\"image\":{\"@id\":\"https:\/\/www.estrategiaconcursos.com.br\/blog\/#\/schema\/logo\/image\/\"},\"sameAs\":[\"https:\/\/x.com\/EstratConcursos\"]},{\"@type\":\"Person\",\"@id\":\"https:\/\/www.estrategiaconcursos.com.br\/blog\/#\/schema\/person\/59717c75350fa01aa0fd68a52a8d02e0\",\"name\":\"Herbert Almeida\",\"image\":{\"@type\":\"ImageObject\",\"inLanguage\":\"pt-BR\",\"@id\":\"https:\/\/secure.gravatar.com\/avatar\/b6461a43893c24d5fc91efc433971ffec025c84c0341129f4578034d77f9a536?s=96&d=mm&r=g\",\"url\":\"https:\/\/secure.gravatar.com\/avatar\/b6461a43893c24d5fc91efc433971ffec025c84c0341129f4578034d77f9a536?s=96&d=mm&r=g\",\"contentUrl\":\"https:\/\/secure.gravatar.com\/avatar\/b6461a43893c24d5fc91efc433971ffec025c84c0341129f4578034d77f9a536?s=96&d=mm&r=g\",\"caption\":\"Herbert Almeida\"},\"url\":\"https:\/\/www.estrategiaconcursos.com.br\/blog\/author\/herbertestrategiaconcursos-com-br\/\"}]}<\/script>\n<!-- \/ Yoast SEO Premium plugin. -->","yoast_head_json":{"title":"Gabarito Direito Administrativo TJCE (judici\u00e1ria e administrativa)","robots":{"index":"index","follow":"follow","max-snippet":"max-snippet:-1","max-image-preview":"max-image-preview:large","max-video-preview":"max-video-preview:-1"},"canonical":"https:\/\/www.estrategiaconcursos.com.br\/blog\/gabarito-direito-administrativo-tjce\/","og_locale":"pt_BR","og_type":"article","og_title":"Gabarito Direito Administrativo TJCE (judici\u00e1ria e administrativa)","og_description":"Ol\u00e1 pessoal! Neste artigo, vamos comentar as provas de Direito Administrativo TJCE, aplicadas pela FGV. Aqui, voc\u00ea vai encontrar as quest\u00f5es da \u00e1rea judici\u00e1ria e da \u00e1rea administrativa. Vamos come\u00e7ar pelas quest\u00f5es de T\u00e9cnico Judici\u00e1rio &#8211; \u00c1rea Administrativa, na sequ\u00eancia j\u00e1 teremos a prova da \u00c1rea Judici\u00e1ria. Observa\u00e7\u00e3o: recebemos a prova por imagem, mas a [&hellip;]","og_url":"https:\/\/www.estrategiaconcursos.com.br\/blog\/gabarito-direito-administrativo-tjce\/","og_site_name":"Estrat\u00e9gia Concursos","article_published_time":"2019-09-15T23:46:33+00:00","article_modified_time":"2019-11-08T19:38:03+00:00","og_image":[{"url":"https:\/\/www.estrategiaconcursos.com.br\/blog\/wp-content\/uploads\/2019\/09\/61.jpeg","type":"","width":"","height":""}],"author":"Herbert Almeida","twitter_card":"summary_large_image","twitter_creator":"@EstratConcursos","twitter_site":"@EstratConcursos","twitter_misc":{"Escrito por":"Herbert Almeida","Est. tempo de leitura":"13 minutos"},"schema":{"@context":"https:\/\/schema.org","@graph":[{"@type":"NewsArticle","@id":"https:\/\/www.estrategiaconcursos.com.br\/blog\/gabarito-direito-administrativo-tjce\/#article","isPartOf":{"@id":"https:\/\/www.estrategiaconcursos.com.br\/blog\/gabarito-direito-administrativo-tjce\/"},"author":{"name":"Herbert Almeida","@id":"https:\/\/www.estrategiaconcursos.com.br\/blog\/#\/schema\/person\/59717c75350fa01aa0fd68a52a8d02e0"},"headline":"Gabarito Direito Administrativo TJCE (judici\u00e1ria e administrativa)","datePublished":"2019-09-15T23:46:33+00:00","dateModified":"2019-11-08T19:38:03+00:00","mainEntityOfPage":{"@id":"https:\/\/www.estrategiaconcursos.com.br\/blog\/gabarito-direito-administrativo-tjce\/"},"wordCount":2522,"commentCount":2,"publisher":{"@id":"https:\/\/www.estrategiaconcursos.com.br\/blog\/#organization"},"image":{"@id":"https:\/\/www.estrategiaconcursos.com.br\/blog\/gabarito-direito-administrativo-tjce\/#primaryimage"},"thumbnailUrl":"https:\/\/www.estrategiaconcursos.com.br\/blog\/wp-content\/uploads\/2019\/09\/61.jpeg","articleSection":["Concursos P\u00fablicos"],"inLanguage":"pt-BR","potentialAction":[{"@type":"CommentAction","name":"Comment","target":["https:\/\/www.estrategiaconcursos.com.br\/blog\/gabarito-direito-administrativo-tjce\/#respond"]}],"copyrightYear":"2019","copyrightHolder":{"@id":"https:\/\/www.estrategiaconcursos.com.br\/blog\/#organization"}},{"@type":"WebPage","@id":"https:\/\/www.estrategiaconcursos.com.br\/blog\/gabarito-direito-administrativo-tjce\/","url":"https:\/\/www.estrategiaconcursos.com.br\/blog\/gabarito-direito-administrativo-tjce\/","name":"Gabarito Direito Administrativo TJCE (judici\u00e1ria e administrativa)","isPartOf":{"@id":"https:\/\/www.estrategiaconcursos.com.br\/blog\/#website"},"primaryImageOfPage":{"@id":"https:\/\/www.estrategiaconcursos.com.br\/blog\/gabarito-direito-administrativo-tjce\/#primaryimage"},"image":{"@id":"https:\/\/www.estrategiaconcursos.com.br\/blog\/gabarito-direito-administrativo-tjce\/#primaryimage"},"thumbnailUrl":"https:\/\/www.estrategiaconcursos.com.br\/blog\/wp-content\/uploads\/2019\/09\/61.jpeg","datePublished":"2019-09-15T23:46:33+00:00","dateModified":"2019-11-08T19:38:03+00:00","breadcrumb":{"@id":"https:\/\/www.estrategiaconcursos.com.br\/blog\/gabarito-direito-administrativo-tjce\/#breadcrumb"},"inLanguage":"pt-BR","potentialAction":[{"@type":"ReadAction","target":["https:\/\/www.estrategiaconcursos.com.br\/blog\/gabarito-direito-administrativo-tjce\/"]}]},{"@type":"ImageObject","inLanguage":"pt-BR","@id":"https:\/\/www.estrategiaconcursos.com.br\/blog\/gabarito-direito-administrativo-tjce\/#primaryimage","url":"https:\/\/dhg1h5j42swfq.cloudfront.net\/2019\/09\/15213924\/61.jpeg","contentUrl":"https:\/\/dhg1h5j42swfq.cloudfront.net\/2019\/09\/15213924\/61.jpeg","width":430,"height":331},{"@type":"BreadcrumbList","@id":"https:\/\/www.estrategiaconcursos.com.br\/blog\/gabarito-direito-administrativo-tjce\/#breadcrumb","itemListElement":[{"@type":"ListItem","position":1,"name":"In\u00edcio","item":"https:\/\/www.estrategiaconcursos.com.br\/blog\/"},{"@type":"ListItem","position":2,"name":"Gabarito Direito Administrativo TJCE (judici\u00e1ria e administrativa)"}]},{"@type":"WebSite","@id":"https:\/\/www.estrategiaconcursos.com.br\/blog\/#website","url":"https:\/\/www.estrategiaconcursos.com.br\/blog\/","name":"Estrat\u00e9gia Concursos","description":"O blog da Estrat\u00e9gia Concursos traz not\u00edcias sobre concursos e artigos de professores oferecendo cursos para concursos (pdf + videaulas) no site.","publisher":{"@id":"https:\/\/www.estrategiaconcursos.com.br\/blog\/#organization"},"potentialAction":[{"@type":"SearchAction","target":{"@type":"EntryPoint","urlTemplate":"https:\/\/www.estrategiaconcursos.com.br\/blog\/?s={search_term_string}"},"query-input":{"@type":"PropertyValueSpecification","valueRequired":true,"valueName":"search_term_string"}}],"inLanguage":"pt-BR"},{"@type":"Organization","@id":"https:\/\/www.estrategiaconcursos.com.br\/blog\/#organization","name":"Estrat\u00e9gia Concursos","url":"https:\/\/www.estrategiaconcursos.com.br\/blog\/","logo":{"@type":"ImageObject","inLanguage":"pt-BR","@id":"https:\/\/www.estrategiaconcursos.com.br\/blog\/#\/schema\/logo\/image\/","url":"https:\/\/dhg1h5j42swfq.cloudfront.net\/2025\/06\/03203428\/logo_concursos-1.jpg","contentUrl":"https:\/\/dhg1h5j42swfq.cloudfront.net\/2025\/06\/03203428\/logo_concursos-1.jpg","width":230,"height":60,"caption":"Estrat\u00e9gia Concursos"},"image":{"@id":"https:\/\/www.estrategiaconcursos.com.br\/blog\/#\/schema\/logo\/image\/"},"sameAs":["https:\/\/x.com\/EstratConcursos"]},{"@type":"Person","@id":"https:\/\/www.estrategiaconcursos.com.br\/blog\/#\/schema\/person\/59717c75350fa01aa0fd68a52a8d02e0","name":"Herbert Almeida","image":{"@type":"ImageObject","inLanguage":"pt-BR","@id":"https:\/\/secure.gravatar.com\/avatar\/b6461a43893c24d5fc91efc433971ffec025c84c0341129f4578034d77f9a536?s=96&d=mm&r=g","url":"https:\/\/secure.gravatar.com\/avatar\/b6461a43893c24d5fc91efc433971ffec025c84c0341129f4578034d77f9a536?s=96&d=mm&r=g","contentUrl":"https:\/\/secure.gravatar.com\/avatar\/b6461a43893c24d5fc91efc433971ffec025c84c0341129f4578034d77f9a536?s=96&d=mm&r=g","caption":"Herbert Almeida"},"url":"https:\/\/www.estrategiaconcursos.com.br\/blog\/author\/herbertestrategiaconcursos-com-br\/"}]}},"_links":{"self":[{"href":"https:\/\/www.estrategiaconcursos.com.br\/blog\/wp-json\/wp\/v2\/posts\/419989","targetHints":{"allow":["GET"]}}],"collection":[{"href":"https:\/\/www.estrategiaconcursos.com.br\/blog\/wp-json\/wp\/v2\/posts"}],"about":[{"href":"https:\/\/www.estrategiaconcursos.com.br\/blog\/wp-json\/wp\/v2\/types\/post"}],"author":[{"embeddable":true,"href":"https:\/\/www.estrategiaconcursos.com.br\/blog\/wp-json\/wp\/v2\/users\/129"}],"replies":[{"embeddable":true,"href":"https:\/\/www.estrategiaconcursos.com.br\/blog\/wp-json\/wp\/v2\/comments?post=419989"}],"version-history":[{"count":6,"href":"https:\/\/www.estrategiaconcursos.com.br\/blog\/wp-json\/wp\/v2\/posts\/419989\/revisions"}],"predecessor-version":[{"id":420108,"href":"https:\/\/www.estrategiaconcursos.com.br\/blog\/wp-json\/wp\/v2\/posts\/419989\/revisions\/420108"}],"wp:attachment":[{"href":"https:\/\/www.estrategiaconcursos.com.br\/blog\/wp-json\/wp\/v2\/media?parent=419989"}],"wp:term":[{"taxonomy":"category","embeddable":true,"href":"https:\/\/www.estrategiaconcursos.com.br\/blog\/wp-json\/wp\/v2\/categories?post=419989"},{"taxonomy":"post_tag","embeddable":true,"href":"https:\/\/www.estrategiaconcursos.com.br\/blog\/wp-json\/wp\/v2\/tags?post=419989"},{"taxonomy":"tax_estado","embeddable":true,"href":"https:\/\/www.estrategiaconcursos.com.br\/blog\/wp-json\/wp\/v2\/tax_estado?post=419989"}],"curies":[{"name":"wp","href":"https:\/\/api.w.org\/{rel}","templated":true}]}}