{"id":419831,"date":"2019-09-14T09:45:00","date_gmt":"2019-09-14T12:45:00","guid":{"rendered":"https:\/\/www.estrategiaconcursos.com.br\/blog\/?p=419831"},"modified":"2023-01-06T11:26:50","modified_gmt":"2023-01-06T14:26:50","slug":"edital-dpe-am","status":"publish","type":"post","link":"https:\/\/www.estrategiaconcursos.com.br\/blog\/edital-dpe-am\/","title":{"rendered":"Edital DPE AM: inscri\u00e7\u00f5es para certame que oferta vagas de R$ 6 mil se encerraram"},"content":{"rendered":"\n<p>As inscri\u00e7\u00f5es para o concurso da Defensoria P\u00fablica do Amazonas est\u00e3o oficialmente encerradas. Os candidatos devem ficar atentos \u00e0 data de prova que ser\u00e1 dia 15 de dezembro.<\/p>\n\n\n\n<p>Confira abaixo todas as informa\u00e7\u00f5es para voc\u00ea participar deste concurso p\u00fablico. <\/p>\n\n\n\n<h2 class=\"wp-block-heading\" id=\"principais\">Principais informa\u00e7\u00f5es do concurso DPE AM<\/h2>\n\n\n\n<p>Os candidatos interessados pelas vagas do certame, devem se<strong>&nbsp;inscrever<\/strong>&nbsp;no site da banca organizadora, a&nbsp;<em>Funda\u00e7\u00e3o Carlos Chagas<\/em> entre os dias,<strong>&nbsp;16 de setembro a 18 de outubro<\/strong> (prorrogado). Ap\u00f3s realizar a inscri\u00e7\u00e3o os concurseiros dever\u00e3o pagar uma taxa que varia conforme o grau de forma\u00e7\u00e3o.<em>&nbsp;Confira abaixo:<\/em><\/p>\n\n\n\n<ul class=\"wp-block-list\"><li><em>Analista Jur\u00eddico de Defensoria:<\/em><strong><em>&nbsp;R$ 110,00&nbsp;<\/em><\/strong><\/li><li><em>Assistente T\u00e9cnico de Defensoria:&nbsp;<\/em><strong><em>R$ 85,00<\/em><\/strong><\/li><\/ul>\n\n\n\n<p>Os candidatos que necessitarem da&nbsp;<strong><em>isen\u00e7\u00e3o da taxa de inscri\u00e7\u00e3o<\/em><\/strong>&nbsp;devem solicitar atrav\u00e9s do portal online da FCC entre os dias,&nbsp;<strong>16 a 20 de setembro<\/strong>. A&nbsp;<em>prova objetiva<\/em> ser\u00e1 aplicada no dia <strong>15 de dezembro<\/strong>. <\/p>\n\n\n\n<h3 class=\"wp-block-heading\">Principais Datas<\/h3>\n\n\n\n<p class=\"has-very-light-gray-background-color has-background\"><strong><em>Inscri\u00e7\u00f5es<\/em><\/strong><em>: 16 de setembro a <span style=\"text-decoration: underline;\">18 de outubro<\/span> (prorrogado)<br \/><\/em><strong><em>Isen\u00e7\u00e3o da taxa<\/em><\/strong><em>: 16 a 20 de setembro <br \/><\/em><strong><em>Prova objetiva<\/em><\/strong><em>: 15 de dezembro <\/em><\/p>\n\n\n\n<h2 class=\"wp-block-heading\">Edital Estrat\u00e9gico: baixe gratuitamente<\/h2>\n\n\n\n<p class=\"has-text-align-center has-very-light-gray-background-color has-background\" style=\"font-size:clamp(16.293px, 1.018rem + ((1vw - 3.2px) * 0.854), 25px);px\"><a rel=\"noreferrer noopener\" aria-label=\"Edital Estrat\u00e9gico DPE AM - Assistente T\u00e9cnico (abre numa nova aba)\" href=\"https:\/\/drive.google.com\/file\/d\/1G0BpRL4mN9n8laXz4hnls9AiWeF5h4Uz\/view?usp=sharing\" target=\"_blank\"><strong>Edital Estrat\u00e9gico DPE AM &#8211; Assistente T\u00e9cnico<\/strong><\/a><\/p>\n\n\n\n<p class=\"has-text-align-center has-very-light-gray-background-color has-background\" style=\"font-size:clamp(16.293px, 1.018rem + ((1vw - 3.2px) * 0.854), 25px);px\"><strong><a href=\"https:\/\/drive.google.com\/file\/d\/1IzeZx5wDCTPE7loeQPGkce_5Dgps2NCX\/view?usp=sharing\" target=\"_blank\" rel=\"noreferrer noopener\" aria-label=\"Edital Estrat\u00e9gico DPE AM:  Analista Jur\u00eddico (abre numa nova aba)\">Edital Estrat\u00e9gico DPE AM:  Analista Jur\u00eddico<\/a><\/strong><\/p>\n\n\n\n<h2 class=\"wp-block-heading\" id=\"cargos\">Cargos, vagas e Remunera\u00e7\u00f5es \u2013  <br \/>DPE AM<\/h2>\n\n\n\n<p> S\u00e3o oferecidas 10 vagas no total para cargos de n\u00edvel superior e m\u00e9dio. Essas vagas foram divididas em 5 vagas + CR para <em>Assistente T\u00e9cnico de Defensoria<\/em> e 5 vagas + CR para <em>Analista Jur\u00eddico de Defensoria<\/em>.<\/p>\n\n\n\n<p> Acompanhe abaixo a quantidade de vagas para cada cargo com suas respectivas remunera\u00e7\u00f5es. <\/p>\n\n\n\n<h4 class=\"wp-block-heading\">N\u00edvel Superior<\/h4>\n\n\n\n<figure class=\"wp-block-table is-style-stripes\"><table class=\"has-subtle-pale-blue-background-color has-background has-fixed-layout\"><tbody><tr><td><strong>Cargo<\/strong><\/td><td><strong>Munic\u00edpio de Atua\u00e7\u00e3o\/Prova<\/strong><\/td><td><strong>Total de&nbsp;<\/strong><strong>Vagas&nbsp;<sup>(1)<\/sup><\/strong><\/td><td><strong>N\u00ba de Vagas destinadas \u00e0<\/strong><strong>ampla concorr\u00eancia<\/strong><\/td><\/tr><tr><td>Analista Jur\u00eddico de Defensoria \u2013<strong>Especialidade \u2013 Ci\u00eancias Jur\u00eddicas<\/strong><\/td><td><strong>COARI<\/strong><\/td><td>1<\/td><td>1<\/td><\/tr><tr><td>Analista Jur\u00eddico de Defensoria \u2013&nbsp;<strong>Especialidade \u2013&nbsp;<\/strong><strong>Ci\u00eancias Jur\u00eddicas<\/strong><\/td><td><strong>EIRUNEP\u00c9<\/strong><\/td><td>Cadastro Reserva<\/td><td>Cadastro Reserva<\/td><\/tr><tr><td>Analista Jur\u00eddico de Defensoria \u2013&nbsp;<strong>Especialidade \u2013&nbsp;<\/strong><strong>Ci\u00eancias Jur\u00eddicas<\/strong><\/td><td><strong>IRANDUBA<\/strong><\/td><td>Cadastro Reserva<\/td><td>Cadastro Reserva<\/td><\/tr><tr><td>Analista Jur\u00eddico de Defensoria \u2013&nbsp;<strong>Especialidade \u2013&nbsp;<\/strong><strong>Ci\u00eancias Jur\u00eddicas<\/strong><\/td><td><strong>L\u00c1BREA<\/strong><\/td><td>1<\/td><td>1<\/td><\/tr><tr><td>Analista Jur\u00eddico de Defensoria \u2013&nbsp;<strong>Especialidade \u2013&nbsp;<\/strong><strong>Ci\u00eancias Jur\u00eddicas<\/strong><\/td><td><strong>MANACAPURU<\/strong><\/td><td>1<\/td><td>1<\/td><\/tr><tr><td>Analista Jur\u00eddico de Defensoria \u2013&nbsp;<strong>Especialidade \u2013&nbsp;<\/strong><strong>Ci\u00eancias Jur\u00eddicas<\/strong><\/td><td><strong>MAU\u00c9S<\/strong><\/td><td>1<\/td><td>1<\/td><\/tr><tr><td>Analista Jur\u00eddico de Defensoria \u2013&nbsp;<strong>Especialidade \u2013&nbsp;<\/strong><strong>Ci\u00eancias Jur\u00eddicas<\/strong><\/td><td><strong>S\u00c3O GABRIEL<\/strong><strong>DA<\/strong><strong>CACHOEIRA<\/strong><\/td><td>1<\/td><td>1<\/td><\/tr><\/tbody><\/table><\/figure>\n\n\n\n<p style=\"font-size:clamp(14.642px, 0.915rem + ((1vw - 3.2px) * 0.721), 22px);px\"><strong>N\u00edvel M\u00e9dio<\/strong><\/p>\n\n\n\n<figure class=\"wp-block-table is-style-stripes\"><table class=\"has-subtle-pale-blue-background-color has-background has-fixed-layout\"><tbody><tr><td><strong>Cargo<\/strong><\/td><td><strong>Munic\u00edpio de Atua\u00e7\u00e3o\/Prova<\/strong><\/td><td><strong>Total de Vagas&nbsp;<sup>(1)<\/sup><\/strong><\/td><td><strong>N\u00ba de Vagas destinadas \u00e0<\/strong><strong>ampla concorr\u00eancia<\/strong><\/td><\/tr><tr><td>Assistente T\u00e9cnico de Defensoria \u2013&nbsp;<strong>Assistente T\u00e9cnico Administrativo<\/strong><\/td><td><strong>COARI<\/strong><\/td><td>1<\/td><td>1<\/td><\/tr><tr><td>Assistente T\u00e9cnico de Defensoria \u2013&nbsp;<strong>Assistente T\u00e9cnico Administrativo<\/strong><\/td><td><strong>EIRUNEP\u00c9<\/strong><\/td><td>Cadastro Reserva<\/td><td>Cadastro Reserva<\/td><\/tr><tr><td>Assistente T\u00e9cnico de Defensoria \u2013&nbsp;<strong>Assistente T\u00e9cnico Administrativo<\/strong><\/td><td><strong>IRANDUBA<\/strong><\/td><td>Cadastro Reserva<\/td><td>Cadastro Reserva<\/td><\/tr><tr><td>Assistente T\u00e9cnico de Defensoria \u2013&nbsp;<strong>Assistente T\u00e9cnico Administrativo<\/strong><\/td><td><strong>L\u00c1BREA<\/strong><\/td><td>1<\/td><td>1<\/td><\/tr><tr><td>Assistente T\u00e9cnico de Defensoria \u2013&nbsp;<strong>Assistente T\u00e9cnico Administrativo<\/strong><\/td><td><strong>MANACAPURU<\/strong><\/td><td>1<\/td><td>1<\/td><\/tr><tr><td>Assistente T\u00e9cnico de Defensoria \u2013&nbsp;<strong>Assistente T\u00e9cnico Administrativo<\/strong><\/td><td><strong>MAU\u00c9S<\/strong><\/td><td>1<\/td><td>1<\/td><\/tr><tr><td>Assistente T\u00e9cnico de Defensoria \u2013&nbsp;<strong>Assistente T\u00e9cnico Administrativo<\/strong><\/td><td><strong>S\u00c3O GABRIEL DA CACHOEIRA<\/strong><\/td><td>1<\/td><td>1<\/td><\/tr><\/tbody><\/table><\/figure>\n\n\n\n<p>Ser\u00e3o ofertadas para os candidatos \u00e0s vagas de Assistente T\u00e9cnico de Defensoria, de n\u00edvel m\u00e9dio, a remunera\u00e7\u00e3o inicial de <strong>R$ 3.531,95.<\/strong><\/p>\n\n\n\n<p>J\u00e1 para candidatos de n\u00edvel superior s\u00e3o ofertadas vagas no cargo de Analista Jur\u00eddico de Defensoria em diversas especialidades, a remunera\u00e7\u00e3o ofertada inicial \u00e9 de <strong>R$ 6.000,00.<\/strong><\/p>\n\n\n\n<p>Os servidores tamb\u00e9m receber\u00e3o benef\u00edcios, aux\u00edlios e gratifica\u00e7\u00f5es previstas em regulamentos e leis.<\/p>\n\n\n\n<h2 class=\"wp-block-heading\" id=\"etapas\">Etapas do concurso DPE AM <\/h2>\n\n\n\n<p>Todos os candidatos ser\u00e3o avaliados por <strong>Prova Objetiva<\/strong>, composta por <strong>60 quest\u00f5es de m\u00faltipla escolha<\/strong>, sendo 20 de conhecimentos gerais e 40 de conhecimentos espec\u00edficos.<\/p>\n\n\n\n<p>Haver\u00e1 tamb\u00e9m Prova Discursiva de estudo de caso para o cargo de Analista Jur\u00eddico de Defensoria com Especialidade em Ci\u00eancias Jur\u00eddicas<\/p>\n\n\n\n<p>A aplica\u00e7\u00e3o da Prova Objetiva e da Prova Discursiva (Estudo de Caso) acontecer\u00e1 no dia <strong>15 de dezembro<\/strong> nas cidades de Coari, Eirunep\u00e9, Iranduba, L\u00e1brea, Manacapuru, Mau\u00e9s e S\u00e3o Gabriel da Cachoeira.<\/p>\n\n\n\n<p style=\"font-size:clamp(14.642px, 0.915rem + ((1vw - 3.2px) * 0.721), 22px);px\"><strong>Prova Objetiva<\/strong><\/p>\n\n\n\n<p>Para os cargo de <strong>Assistente T\u00e9cnico de Defensoria<\/strong> a prova ter\u00e1 dura\u00e7\u00e3o de 3 horas e ser\u00e1 aplicada durante o per\u00edodo da manh\u00e3. Abaixo est\u00e3o as disciplinas exigidas na prova: <\/p>\n\n\n\n<ul class=\"wp-block-list\"><li><strong><em>Conhecimentos Gerais<\/em><\/strong><em> (peso 1):<\/em><\/li><li><em>L\u00edngua Portuguesa \u2013 12 quest\u00f5es<\/em><\/li><li><em>Conhecimentos Jur\u00eddicos e Institucionais \u2013 8 quest\u00f5es<\/em><\/li><\/ul>\n\n\n\n<ul class=\"wp-block-list\"><li><strong><em>Conhecimentos Espec\u00edficos<\/em><\/strong><em> (peso 2):<\/em><\/li><li><em>No\u00e7\u00f5es de Direito Administrativo \u2013 15 quest\u00f5es<\/em><\/li><li><em>No\u00e7\u00f5es de Direito Constitucional \u2013 10 quest\u00f5es<\/em><\/li><li><em>No\u00e7\u00f5es de Administra\u00e7\u00e3o \u2013 15 quest\u00f5es<\/em><\/li><\/ul>\n\n\n\n<p>A prova para <strong>Analista Judici\u00e1rio de Defensoria<\/strong> ter\u00e1 4 horas de dura\u00e7\u00e3o e ser\u00e1 aplicada durante o per\u00edodo da tarde. Ser\u00e3o cobrados conhecimentos das seguintes disciplinas: <\/p>\n\n\n\n<ul class=\"wp-block-list\"><li><strong><em>Conhecimentos Gerais<\/em><\/strong><em> (peso 1):<\/em><\/li><li><em>L\u00edngua Portuguesa \u2013 12 quest\u00f5es<\/em><\/li><li><em>Conhecimentos Jur\u00eddicos e Institucionais \u2013 8 quest\u00f5es<\/em><\/li><\/ul>\n\n\n\n<ul class=\"wp-block-list\"><li><strong><em>Conhecimentos Espec\u00edficos <\/em><\/strong><em>(peso 3):<\/em><\/li><li><em>Direito Constitucional \u2013 5 quest\u00f5es<\/em><\/li><li><em>Direito Administrativo \u2013 3 quest\u00f5es<\/em><\/li><li><em>Direito Civil \u2013 5 quest\u00f5es<\/em><\/li><li><em>Direito Processual Civil \u2013 5 quest\u00f5es<\/em><\/li><li><em>Direito Penal \u2013 5 quest\u00f5es<\/em><\/li><li><em>Direito Processual Penal \u2013 5 quest\u00f5es<\/em><\/li><li><em>Direitos Humanos \u2013 7 quest\u00f5es<\/em><\/li><li><em>Direito da Crian\u00e7a e do Adolescente, do Idoso, da Pessoa com Defici\u00eancia e da Mulher \u2013 5 quest\u00f5es.<\/em><\/li><\/ul>\n\n\n\n<p>A <strong>Prova Discursiva<\/strong> para o cargo de Analista Jur\u00eddico de Defensoria com especialidade em Ci\u00eancias Jur\u00eddicas ser\u00e1 aplicada no mesmo dia e hor\u00e1rio das Provas Objetivas de Conhecimentos Gerais e Conhecimentos Espec\u00edficos.<\/p>\n\n\n\n<p>Somente ser\u00e3o corrigidas as Provas Discursivas-Estudo de Caso dos candidatos habilitados e mais bem classificados nas Provas Objetivas de Conhecimentos Gerais e Conhecimentos Espec\u00edficos.<\/p>\n\n\n\n<p>A Prova Discursiva constar\u00e1 com uma quest\u00e3o pr\u00e1tica, para a qual o candidato dever\u00e1 apresentar, por escrito em L\u00edngua Portuguesa, as solu\u00e7\u00f5es. O tema versar\u00e1 sobre conte\u00fado pertinente a Conhecimentos Espec\u00edficos.<\/p>\n\n\n\n<p>Al\u00e9m disso, dever\u00e3o ser rigorosamente observados os limites m\u00ednimo de 10 linhas e m\u00e1ximo de 20 linhas, sob pena de perda de pontos a serem atribu\u00eddos \u00e0 Prova. <\/p>\n\n\n\n<h2 class=\"wp-block-heading\">Aula Exclusiva: An\u00e1lise de Edital<\/h2>\n\n\n\n<p>O Estrat\u00e9gia concursos preparou uma aula especial para analisar o edital do DPE AM. Clique no link abaixo para assistir:<\/p>\n\n\n\n<figure class=\"wp-block-image\"><img loading=\"lazy\" decoding=\"async\" width=\"300\" height=\"102\" src=\"https:\/\/dhg1h5j42swfq.cloudfront.net\/2017\/03\/28152500\/coruja-ficha-tecnica-300x102.png\" alt=\"Ficha t\u00e9cnica concurso DPE AM \u00c1rea de apoio\" class=\"wp-image-68542\"\/><\/figure>\n\n\n\n<h4 class=\"wp-block-heading\" id=\"ficha-tecnica-dpe-am\"><strong>\u2666Informa\u00e7\u00f5es do concurso DPE AM<\/strong><\/h4>\n\n\n\n<p><br \/><strong>\u25baData prevista:&nbsp;<\/strong>15 dezembro<br \/><strong>\u25baVagas:&nbsp;<\/strong>10 vagas imediatas + CR<br \/><strong>\u25baCargos:<\/strong>&nbsp;Analista Jur\u00eddico e Assistente T\u00e9cnico<br \/><strong>\u25baLota\u00e7\u00f5es:&nbsp;<\/strong>Coari, Manacapuru, S\u00e3o Gabriel da Cachoeira, Mau\u00e9s e L\u00e1brea (AM)<br \/><strong>\u25baEscolaridade:&nbsp;<\/strong>N\u00edvel m\u00e9dio e superior<br \/><strong>\u25baBanca:<\/strong>&nbsp;FCC<br \/><strong>\u25baEdital:<\/strong>&nbsp;<a href=\"https:\/\/dhg1h5j42swfq.cloudfront.net\/2019\/09\/14084912\/Edital_DPE_AM_2019.pdf\">Edital DPE AM<\/a><\/p>\n","protected":false},"excerpt":{"rendered":"<p>As inscri\u00e7\u00f5es para o concurso da Defensoria P\u00fablica do Amazonas est\u00e3o oficialmente encerradas. Os candidatos devem ficar atentos \u00e0 data de prova que ser\u00e1 dia 15 de dezembro. Confira abaixo todas as informa\u00e7\u00f5es para voc\u00ea participar deste concurso p\u00fablico. Principais informa\u00e7\u00f5es do concurso DPE AM Os candidatos interessados pelas vagas do certame, devem se&nbsp;inscrever&nbsp;no site [&hellip;]<\/p>\n","protected":false},"author":93,"featured_media":379507,"comment_status":"open","ping_status":"closed","sticky":false,"template":"","format":"standard","meta":{"post_tipo":"article","footnotes":""},"categories":[1],"tags":[],"tax_estado":[],"class_list":["post-419831","post","type-post","status-publish","format-standard","has-post-thumbnail","hentry","category-cursos-e-concursos"],"acf":[],"yoast_head":"<!-- This site is optimized with the Yoast SEO Premium plugin v27.2 (Yoast SEO v27.2) - https:\/\/yoast.com\/product\/yoast-seo-premium-wordpress\/ -->\n<title>Edital DPE AM: inscri\u00e7\u00f5es para certame que oferta vagas de R$ 6 mil se encerraram<\/title>\n<meta name=\"robots\" content=\"index, follow, max-snippet:-1, max-image-preview:large, max-video-preview:-1\" \/>\n<link rel=\"canonical\" href=\"https:\/\/www.estrategiaconcursos.com.br\/blog\/edital-dpe-am\/\" \/>\n<meta property=\"og:locale\" content=\"pt_BR\" \/>\n<meta property=\"og:type\" content=\"article\" \/>\n<meta property=\"og:title\" content=\"Edital DPE AM: inscri\u00e7\u00f5es para certame que oferta vagas de R$ 6 mil se encerraram\" \/>\n<meta property=\"og:description\" content=\"As inscri\u00e7\u00f5es para o concurso da Defensoria P\u00fablica do Amazonas est\u00e3o oficialmente encerradas. Os candidatos devem ficar atentos \u00e0 data de prova que ser\u00e1 dia 15 de dezembro. Confira abaixo todas as informa\u00e7\u00f5es para voc\u00ea participar deste concurso p\u00fablico. Principais informa\u00e7\u00f5es do concurso DPE AM Os candidatos interessados pelas vagas do certame, devem se&nbsp;inscrever&nbsp;no site [&hellip;]\" \/>\n<meta property=\"og:url\" content=\"https:\/\/www.estrategiaconcursos.com.br\/blog\/edital-dpe-am\/\" \/>\n<meta property=\"og:site_name\" content=\"Estrat\u00e9gia Concursos\" \/>\n<meta property=\"article:published_time\" content=\"2019-09-14T12:45:00+00:00\" \/>\n<meta property=\"article:modified_time\" content=\"2023-01-06T14:26:50+00:00\" \/>\n<meta property=\"og:image\" content=\"https:\/\/dhg1h5j42swfq.cloudfront.net\/2019\/05\/28172918\/saiu-edital.jpg\" \/>\n\t<meta property=\"og:image:width\" content=\"1024\" \/>\n\t<meta property=\"og:image:height\" content=\"536\" \/>\n\t<meta property=\"og:image:type\" content=\"image\/jpeg\" \/>\n<meta name=\"author\" content=\"Vinicius Silva\" \/>\n<meta name=\"twitter:card\" content=\"summary_large_image\" \/>\n<meta name=\"twitter:creator\" content=\"@EstratConcursos\" \/>\n<meta name=\"twitter:site\" content=\"@EstratConcursos\" \/>\n<meta name=\"twitter:label1\" content=\"Escrito por\" \/>\n\t<meta name=\"twitter:data1\" content=\"Vinicius Silva\" \/>\n\t<meta name=\"twitter:label2\" content=\"Est. tempo de leitura\" \/>\n\t<meta name=\"twitter:data2\" content=\"5 minutos\" \/>\n<script type=\"application\/ld+json\" class=\"yoast-schema-graph\">{\"@context\":\"https:\/\/schema.org\",\"@graph\":[{\"@type\":\"NewsArticle\",\"@id\":\"https:\/\/www.estrategiaconcursos.com.br\/blog\/edital-dpe-am\/#article\",\"isPartOf\":{\"@id\":\"https:\/\/www.estrategiaconcursos.com.br\/blog\/edital-dpe-am\/\"},\"author\":{\"name\":\"Vinicius Silva\",\"@id\":\"https:\/\/www.estrategiaconcursos.com.br\/blog\/#\/schema\/person\/20030622a981f9a942ad6b3561fe4ca4\"},\"headline\":\"Edital DPE AM: inscri\u00e7\u00f5es para certame que oferta vagas de R$ 6 mil se encerraram\",\"datePublished\":\"2019-09-14T12:45:00+00:00\",\"dateModified\":\"2023-01-06T14:26:50+00:00\",\"mainEntityOfPage\":{\"@id\":\"https:\/\/www.estrategiaconcursos.com.br\/blog\/edital-dpe-am\/\"},\"wordCount\":1063,\"commentCount\":0,\"publisher\":{\"@id\":\"https:\/\/www.estrategiaconcursos.com.br\/blog\/#organization\"},\"image\":{\"@id\":\"https:\/\/www.estrategiaconcursos.com.br\/blog\/edital-dpe-am\/#primaryimage\"},\"thumbnailUrl\":\"https:\/\/dhg1h5j42swfq.cloudfront.net\/2019\/05\/28172918\/saiu-edital.jpg\",\"articleSection\":[\"Concursos P\u00fablicos\"],\"inLanguage\":\"pt-BR\",\"potentialAction\":[{\"@type\":\"CommentAction\",\"name\":\"Comment\",\"target\":[\"https:\/\/www.estrategiaconcursos.com.br\/blog\/edital-dpe-am\/#respond\"]}],\"copyrightYear\":\"2019\",\"copyrightHolder\":{\"@id\":\"https:\/\/www.estrategiaconcursos.com.br\/blog\/#organization\"}},{\"@type\":\"WebPage\",\"@id\":\"https:\/\/www.estrategiaconcursos.com.br\/blog\/edital-dpe-am\/\",\"url\":\"https:\/\/www.estrategiaconcursos.com.br\/blog\/edital-dpe-am\/\",\"name\":\"Edital DPE AM: inscri\u00e7\u00f5es para certame que oferta vagas de R$ 6 mil se encerraram\",\"isPartOf\":{\"@id\":\"https:\/\/www.estrategiaconcursos.com.br\/blog\/#website\"},\"primaryImageOfPage\":{\"@id\":\"https:\/\/www.estrategiaconcursos.com.br\/blog\/edital-dpe-am\/#primaryimage\"},\"image\":{\"@id\":\"https:\/\/www.estrategiaconcursos.com.br\/blog\/edital-dpe-am\/#primaryimage\"},\"thumbnailUrl\":\"https:\/\/dhg1h5j42swfq.cloudfront.net\/2019\/05\/28172918\/saiu-edital.jpg\",\"datePublished\":\"2019-09-14T12:45:00+00:00\",\"dateModified\":\"2023-01-06T14:26:50+00:00\",\"breadcrumb\":{\"@id\":\"https:\/\/www.estrategiaconcursos.com.br\/blog\/edital-dpe-am\/#breadcrumb\"},\"inLanguage\":\"pt-BR\",\"potentialAction\":[{\"@type\":\"ReadAction\",\"target\":[\"https:\/\/www.estrategiaconcursos.com.br\/blog\/edital-dpe-am\/\"]}]},{\"@type\":\"ImageObject\",\"inLanguage\":\"pt-BR\",\"@id\":\"https:\/\/www.estrategiaconcursos.com.br\/blog\/edital-dpe-am\/#primaryimage\",\"url\":\"https:\/\/dhg1h5j42swfq.cloudfront.net\/2019\/05\/28172918\/saiu-edital.jpg\",\"contentUrl\":\"https:\/\/dhg1h5j42swfq.cloudfront.net\/2019\/05\/28172918\/saiu-edital.jpg\",\"width\":1024,\"height\":536,\"caption\":\"concurso cremese\"},{\"@type\":\"BreadcrumbList\",\"@id\":\"https:\/\/www.estrategiaconcursos.com.br\/blog\/edital-dpe-am\/#breadcrumb\",\"itemListElement\":[{\"@type\":\"ListItem\",\"position\":1,\"name\":\"In\u00edcio\",\"item\":\"https:\/\/www.estrategiaconcursos.com.br\/blog\/\"},{\"@type\":\"ListItem\",\"position\":2,\"name\":\"Edital DPE AM: inscri\u00e7\u00f5es para certame que oferta vagas de R$ 6 mil se encerraram\"}]},{\"@type\":\"WebSite\",\"@id\":\"https:\/\/www.estrategiaconcursos.com.br\/blog\/#website\",\"url\":\"https:\/\/www.estrategiaconcursos.com.br\/blog\/\",\"name\":\"Estrat\u00e9gia Concursos\",\"description\":\"O blog da Estrat\u00e9gia Concursos traz not\u00edcias sobre concursos e artigos de professores oferecendo cursos para concursos (pdf + videaulas) no site.\",\"publisher\":{\"@id\":\"https:\/\/www.estrategiaconcursos.com.br\/blog\/#organization\"},\"potentialAction\":[{\"@type\":\"SearchAction\",\"target\":{\"@type\":\"EntryPoint\",\"urlTemplate\":\"https:\/\/www.estrategiaconcursos.com.br\/blog\/?s={search_term_string}\"},\"query-input\":{\"@type\":\"PropertyValueSpecification\",\"valueRequired\":true,\"valueName\":\"search_term_string\"}}],\"inLanguage\":\"pt-BR\"},{\"@type\":\"Organization\",\"@id\":\"https:\/\/www.estrategiaconcursos.com.br\/blog\/#organization\",\"name\":\"Estrat\u00e9gia Concursos\",\"url\":\"https:\/\/www.estrategiaconcursos.com.br\/blog\/\",\"logo\":{\"@type\":\"ImageObject\",\"inLanguage\":\"pt-BR\",\"@id\":\"https:\/\/www.estrategiaconcursos.com.br\/blog\/#\/schema\/logo\/image\/\",\"url\":\"https:\/\/dhg1h5j42swfq.cloudfront.net\/2025\/06\/03203428\/logo_concursos-1.jpg\",\"contentUrl\":\"https:\/\/dhg1h5j42swfq.cloudfront.net\/2025\/06\/03203428\/logo_concursos-1.jpg\",\"width\":230,\"height\":60,\"caption\":\"Estrat\u00e9gia Concursos\"},\"image\":{\"@id\":\"https:\/\/www.estrategiaconcursos.com.br\/blog\/#\/schema\/logo\/image\/\"},\"sameAs\":[\"https:\/\/x.com\/EstratConcursos\"]},{\"@type\":\"Person\",\"@id\":\"https:\/\/www.estrategiaconcursos.com.br\/blog\/#\/schema\/person\/20030622a981f9a942ad6b3561fe4ca4\",\"name\":\"Vinicius Silva\",\"image\":{\"@type\":\"ImageObject\",\"inLanguage\":\"pt-BR\",\"@id\":\"https:\/\/secure.gravatar.com\/avatar\/604d9670a4c7eea71feaa4381f3ae97e148292ac402671c5944aa67a3d127663?s=96&d=mm&r=g\",\"url\":\"https:\/\/secure.gravatar.com\/avatar\/604d9670a4c7eea71feaa4381f3ae97e148292ac402671c5944aa67a3d127663?s=96&d=mm&r=g\",\"contentUrl\":\"https:\/\/secure.gravatar.com\/avatar\/604d9670a4c7eea71feaa4381f3ae97e148292ac402671c5944aa67a3d127663?s=96&d=mm&r=g\",\"caption\":\"Vinicius Silva\"},\"url\":\"https:\/\/www.estrategiaconcursos.com.br\/blog\/author\/viniciussilvaestrategiaconcursos-com-br\/\"}]}<\/script>\n<!-- \/ Yoast SEO Premium plugin. -->","yoast_head_json":{"title":"Edital DPE AM: inscri\u00e7\u00f5es para certame que oferta vagas de R$ 6 mil se encerraram","robots":{"index":"index","follow":"follow","max-snippet":"max-snippet:-1","max-image-preview":"max-image-preview:large","max-video-preview":"max-video-preview:-1"},"canonical":"https:\/\/www.estrategiaconcursos.com.br\/blog\/edital-dpe-am\/","og_locale":"pt_BR","og_type":"article","og_title":"Edital DPE AM: inscri\u00e7\u00f5es para certame que oferta vagas de R$ 6 mil se encerraram","og_description":"As inscri\u00e7\u00f5es para o concurso da Defensoria P\u00fablica do Amazonas est\u00e3o oficialmente encerradas. Os candidatos devem ficar atentos \u00e0 data de prova que ser\u00e1 dia 15 de dezembro. Confira abaixo todas as informa\u00e7\u00f5es para voc\u00ea participar deste concurso p\u00fablico. Principais informa\u00e7\u00f5es do concurso DPE AM Os candidatos interessados pelas vagas do certame, devem se&nbsp;inscrever&nbsp;no site [&hellip;]","og_url":"https:\/\/www.estrategiaconcursos.com.br\/blog\/edital-dpe-am\/","og_site_name":"Estrat\u00e9gia Concursos","article_published_time":"2019-09-14T12:45:00+00:00","article_modified_time":"2023-01-06T14:26:50+00:00","og_image":[{"width":1024,"height":536,"url":"https:\/\/dhg1h5j42swfq.cloudfront.net\/2019\/05\/28172918\/saiu-edital.jpg","type":"image\/jpeg"}],"author":"Vinicius Silva","twitter_card":"summary_large_image","twitter_creator":"@EstratConcursos","twitter_site":"@EstratConcursos","twitter_misc":{"Escrito por":"Vinicius Silva","Est. tempo de leitura":"5 minutos"},"schema":{"@context":"https:\/\/schema.org","@graph":[{"@type":"NewsArticle","@id":"https:\/\/www.estrategiaconcursos.com.br\/blog\/edital-dpe-am\/#article","isPartOf":{"@id":"https:\/\/www.estrategiaconcursos.com.br\/blog\/edital-dpe-am\/"},"author":{"name":"Vinicius Silva","@id":"https:\/\/www.estrategiaconcursos.com.br\/blog\/#\/schema\/person\/20030622a981f9a942ad6b3561fe4ca4"},"headline":"Edital DPE AM: inscri\u00e7\u00f5es para certame que oferta vagas de R$ 6 mil se encerraram","datePublished":"2019-09-14T12:45:00+00:00","dateModified":"2023-01-06T14:26:50+00:00","mainEntityOfPage":{"@id":"https:\/\/www.estrategiaconcursos.com.br\/blog\/edital-dpe-am\/"},"wordCount":1063,"commentCount":0,"publisher":{"@id":"https:\/\/www.estrategiaconcursos.com.br\/blog\/#organization"},"image":{"@id":"https:\/\/www.estrategiaconcursos.com.br\/blog\/edital-dpe-am\/#primaryimage"},"thumbnailUrl":"https:\/\/dhg1h5j42swfq.cloudfront.net\/2019\/05\/28172918\/saiu-edital.jpg","articleSection":["Concursos P\u00fablicos"],"inLanguage":"pt-BR","potentialAction":[{"@type":"CommentAction","name":"Comment","target":["https:\/\/www.estrategiaconcursos.com.br\/blog\/edital-dpe-am\/#respond"]}],"copyrightYear":"2019","copyrightHolder":{"@id":"https:\/\/www.estrategiaconcursos.com.br\/blog\/#organization"}},{"@type":"WebPage","@id":"https:\/\/www.estrategiaconcursos.com.br\/blog\/edital-dpe-am\/","url":"https:\/\/www.estrategiaconcursos.com.br\/blog\/edital-dpe-am\/","name":"Edital DPE AM: inscri\u00e7\u00f5es para certame que oferta vagas de R$ 6 mil se encerraram","isPartOf":{"@id":"https:\/\/www.estrategiaconcursos.com.br\/blog\/#website"},"primaryImageOfPage":{"@id":"https:\/\/www.estrategiaconcursos.com.br\/blog\/edital-dpe-am\/#primaryimage"},"image":{"@id":"https:\/\/www.estrategiaconcursos.com.br\/blog\/edital-dpe-am\/#primaryimage"},"thumbnailUrl":"https:\/\/dhg1h5j42swfq.cloudfront.net\/2019\/05\/28172918\/saiu-edital.jpg","datePublished":"2019-09-14T12:45:00+00:00","dateModified":"2023-01-06T14:26:50+00:00","breadcrumb":{"@id":"https:\/\/www.estrategiaconcursos.com.br\/blog\/edital-dpe-am\/#breadcrumb"},"inLanguage":"pt-BR","potentialAction":[{"@type":"ReadAction","target":["https:\/\/www.estrategiaconcursos.com.br\/blog\/edital-dpe-am\/"]}]},{"@type":"ImageObject","inLanguage":"pt-BR","@id":"https:\/\/www.estrategiaconcursos.com.br\/blog\/edital-dpe-am\/#primaryimage","url":"https:\/\/dhg1h5j42swfq.cloudfront.net\/2019\/05\/28172918\/saiu-edital.jpg","contentUrl":"https:\/\/dhg1h5j42swfq.cloudfront.net\/2019\/05\/28172918\/saiu-edital.jpg","width":1024,"height":536,"caption":"concurso cremese"},{"@type":"BreadcrumbList","@id":"https:\/\/www.estrategiaconcursos.com.br\/blog\/edital-dpe-am\/#breadcrumb","itemListElement":[{"@type":"ListItem","position":1,"name":"In\u00edcio","item":"https:\/\/www.estrategiaconcursos.com.br\/blog\/"},{"@type":"ListItem","position":2,"name":"Edital DPE AM: inscri\u00e7\u00f5es para certame que oferta vagas de R$ 6 mil se encerraram"}]},{"@type":"WebSite","@id":"https:\/\/www.estrategiaconcursos.com.br\/blog\/#website","url":"https:\/\/www.estrategiaconcursos.com.br\/blog\/","name":"Estrat\u00e9gia Concursos","description":"O blog da Estrat\u00e9gia Concursos traz not\u00edcias sobre concursos e artigos de professores oferecendo cursos para concursos (pdf + videaulas) no site.","publisher":{"@id":"https:\/\/www.estrategiaconcursos.com.br\/blog\/#organization"},"potentialAction":[{"@type":"SearchAction","target":{"@type":"EntryPoint","urlTemplate":"https:\/\/www.estrategiaconcursos.com.br\/blog\/?s={search_term_string}"},"query-input":{"@type":"PropertyValueSpecification","valueRequired":true,"valueName":"search_term_string"}}],"inLanguage":"pt-BR"},{"@type":"Organization","@id":"https:\/\/www.estrategiaconcursos.com.br\/blog\/#organization","name":"Estrat\u00e9gia Concursos","url":"https:\/\/www.estrategiaconcursos.com.br\/blog\/","logo":{"@type":"ImageObject","inLanguage":"pt-BR","@id":"https:\/\/www.estrategiaconcursos.com.br\/blog\/#\/schema\/logo\/image\/","url":"https:\/\/dhg1h5j42swfq.cloudfront.net\/2025\/06\/03203428\/logo_concursos-1.jpg","contentUrl":"https:\/\/dhg1h5j42swfq.cloudfront.net\/2025\/06\/03203428\/logo_concursos-1.jpg","width":230,"height":60,"caption":"Estrat\u00e9gia Concursos"},"image":{"@id":"https:\/\/www.estrategiaconcursos.com.br\/blog\/#\/schema\/logo\/image\/"},"sameAs":["https:\/\/x.com\/EstratConcursos"]},{"@type":"Person","@id":"https:\/\/www.estrategiaconcursos.com.br\/blog\/#\/schema\/person\/20030622a981f9a942ad6b3561fe4ca4","name":"Vinicius Silva","image":{"@type":"ImageObject","inLanguage":"pt-BR","@id":"https:\/\/secure.gravatar.com\/avatar\/604d9670a4c7eea71feaa4381f3ae97e148292ac402671c5944aa67a3d127663?s=96&d=mm&r=g","url":"https:\/\/secure.gravatar.com\/avatar\/604d9670a4c7eea71feaa4381f3ae97e148292ac402671c5944aa67a3d127663?s=96&d=mm&r=g","contentUrl":"https:\/\/secure.gravatar.com\/avatar\/604d9670a4c7eea71feaa4381f3ae97e148292ac402671c5944aa67a3d127663?s=96&d=mm&r=g","caption":"Vinicius Silva"},"url":"https:\/\/www.estrategiaconcursos.com.br\/blog\/author\/viniciussilvaestrategiaconcursos-com-br\/"}]}},"_links":{"self":[{"href":"https:\/\/www.estrategiaconcursos.com.br\/blog\/wp-json\/wp\/v2\/posts\/419831","targetHints":{"allow":["GET"]}}],"collection":[{"href":"https:\/\/www.estrategiaconcursos.com.br\/blog\/wp-json\/wp\/v2\/posts"}],"about":[{"href":"https:\/\/www.estrategiaconcursos.com.br\/blog\/wp-json\/wp\/v2\/types\/post"}],"author":[{"embeddable":true,"href":"https:\/\/www.estrategiaconcursos.com.br\/blog\/wp-json\/wp\/v2\/users\/93"}],"replies":[{"embeddable":true,"href":"https:\/\/www.estrategiaconcursos.com.br\/blog\/wp-json\/wp\/v2\/comments?post=419831"}],"version-history":[{"count":26,"href":"https:\/\/www.estrategiaconcursos.com.br\/blog\/wp-json\/wp\/v2\/posts\/419831\/revisions"}],"predecessor-version":[{"id":1148505,"href":"https:\/\/www.estrategiaconcursos.com.br\/blog\/wp-json\/wp\/v2\/posts\/419831\/revisions\/1148505"}],"wp:featuredmedia":[{"embeddable":true,"href":"https:\/\/www.estrategiaconcursos.com.br\/blog\/wp-json\/wp\/v2\/media\/379507"}],"wp:attachment":[{"href":"https:\/\/www.estrategiaconcursos.com.br\/blog\/wp-json\/wp\/v2\/media?parent=419831"}],"wp:term":[{"taxonomy":"category","embeddable":true,"href":"https:\/\/www.estrategiaconcursos.com.br\/blog\/wp-json\/wp\/v2\/categories?post=419831"},{"taxonomy":"post_tag","embeddable":true,"href":"https:\/\/www.estrategiaconcursos.com.br\/blog\/wp-json\/wp\/v2\/tags?post=419831"},{"taxonomy":"tax_estado","embeddable":true,"href":"https:\/\/www.estrategiaconcursos.com.br\/blog\/wp-json\/wp\/v2\/tax_estado?post=419831"}],"curies":[{"name":"wp","href":"https:\/\/api.w.org\/{rel}","templated":true}]}}