{"id":419769,"date":"2019-09-13T20:12:26","date_gmt":"2019-09-13T23:12:26","guid":{"rendered":"https:\/\/www.estrategiaconcursos.com.br\/blog\/?p=419769"},"modified":"2019-09-13T20:12:29","modified_gmt":"2019-09-13T23:12:29","slug":"trilha-estrategica-para-o-mp-rj-pos-edital","status":"publish","type":"post","link":"https:\/\/www.estrategiaconcursos.com.br\/blog\/trilha-estrategica-para-o-mp-rj-pos-edital\/","title":{"rendered":"Trilha Estrat\u00e9gica para o MP-RJ (p\u00f3s-edital) !"},"content":{"rendered":"\n<p>Beleza, pessoal ?<\/p>\n\n\n\n<p>O concurso do MP-RJ est\u00e1 na \u00e1rea. Edital publicado, provas marcadas (24\/11)&#8230; N\u00e3o viu ainda ? D\u00e1 uma conferida nesse <strong><a href=\"https:\/\/www.estrategiaconcursos.com.br\/blog\/concurso-mp-rj\/\">link<\/a><\/strong> <strong>ou assistam o v\u00eddeo abaixo com a an\u00e1lise do edital:<\/strong><\/p>\n\n\n<figure class=\"wp-block-embed-youtube wp-block-embed is-type-video is-provider-youtube wp-embed-aspect-16-9 wp-has-aspect-ratio\"><div class=\"lyte-wrapper\" style=\"width:853px;max-width:100%;margin:5px;\"><div class=\"lyMe\" id=\"WYL_kgevRv_eUyQ\"><div id=\"lyte_kgevRv_eUyQ\" data-src=\"\/\/i.ytimg.com\/vi\/kgevRv_eUyQ\/hqdefault.jpg\" class=\"pL\"><div class=\"tC\"><div class=\"tT\"><\/div><\/div><div class=\"play\"><\/div><div class=\"ctrl\"><div class=\"Lctrl\"><\/div><div class=\"Rctrl\"><\/div><\/div><\/div><noscript><a href=\"https:\/\/youtu.be\/kgevRv_eUyQ\" rel=\"nofollow\"><img loading=\"lazy\" decoding=\"async\" src=\"https:\/\/i.ytimg.com\/vi\/kgevRv_eUyQ\/0.jpg\" alt=\"YouTube video thumbnail\" width=\"853\" height=\"460\" \/><br \/>Assista a este v\u00eddeo no YouTube<\/a><\/noscript><\/div><\/div><div class=\"lL\" style=\"max-width:100%;width:853px;margin:5px;\"><\/div><figcaption><\/figcaption><\/figure>\n\n\n<p>E esse momento p\u00f3s-edital (que ser\u00e1 bem curtinho) \u00e9 normal que o candidato ainda se pergunte: <strong><em>&#8220;ser\u00e1 que estudei tudo ?&#8221;, &#8220;o que devo estudar agora ?&#8221;, &#8220;o que priorizar em cada disciplina, nesse momento ?&#8221;<\/em><\/strong><\/p>\n\n\n\n<p>Portanto, venho comunicar o lan\u00e7amento da <strong>TRILHA ESTRAT\u00c9GICA para o MP-RJ (p\u00f3s-edital), para os cargos de Analista Processual e de Oficial do MP <em>no dia 16\/09<\/em> !!!<\/strong><\/p>\n\n\n\n<p>As <strong>TRILHAS ESTRAT\u00c9GICAS\u00a0<\/strong>foram criadas pelo Estrat\u00e9gia no in\u00edcio do presente ano e, desde ent\u00e3o, t\u00eam sido respons\u00e1vel por uma significativa melhora no rendimento dos alunos. Isso porque montamos um verdadeiro\u00a0<strong>passo-a-passo<\/strong> para o aluno conseguir estudar (inclusive revisando) todo o conte\u00fado at\u00e9 a data da prova.<\/p>\n\n\n\n<p>Vejam abaixo, alguns feedbacks que recebi dos alunos que acompanharam as Trilhas do ISS-Campo Grande e do ISS-Uberl\u00e2ndia (tamb\u00e9m p\u00f3s-edital):<\/p>\n\n\n\n<figure class=\"wp-block-image\"><img loading=\"lazy\" decoding=\"async\" width=\"1060\" height=\"111\" src=\"https:\/\/dhg1h5j42swfq.cloudfront.net\/2019\/07\/10184925\/Screen-Shot-2019-07-10-at-6.14.20-PM.png\" alt=\"\" class=\"wp-image-397539\" srcset=\"https:\/\/dhg1h5j42swfq.cloudfront.net\/2019\/07\/10184925\/Screen-Shot-2019-07-10-at-6.14.20-PM.png 1060w, https:\/\/dhg1h5j42swfq.cloudfront.net\/2019\/07\/10184925\/Screen-Shot-2019-07-10-at-6.14.20-PM.png 300w, https:\/\/dhg1h5j42swfq.cloudfront.net\/2019\/07\/10184925\/Screen-Shot-2019-07-10-at-6.14.20-PM.png 768w, https:\/\/dhg1h5j42swfq.cloudfront.net\/2019\/07\/10184925\/Screen-Shot-2019-07-10-at-6.14.20-PM.png 1024w, https:\/\/dhg1h5j42swfq.cloudfront.net\/2019\/07\/10184925\/Screen-Shot-2019-07-10-at-6.14.20-PM.png 610w\" sizes=\"auto, (max-width: 1060px) 100vw, 1060px\" \/><\/figure>\n\n\n\n<figure class=\"wp-block-image\"><img loading=\"lazy\" decoding=\"async\" width=\"1059\" height=\"114\" src=\"https:\/\/dhg1h5j42swfq.cloudfront.net\/2019\/07\/10184949\/Screen-Shot-2019-07-10-at-6.14.59-PM.png\" alt=\"\" class=\"wp-image-397540\" srcset=\"https:\/\/dhg1h5j42swfq.cloudfront.net\/2019\/07\/10184949\/Screen-Shot-2019-07-10-at-6.14.59-PM.png 1059w, https:\/\/dhg1h5j42swfq.cloudfront.net\/2019\/07\/10184949\/Screen-Shot-2019-07-10-at-6.14.59-PM.png 300w, https:\/\/dhg1h5j42swfq.cloudfront.net\/2019\/07\/10184949\/Screen-Shot-2019-07-10-at-6.14.59-PM.png 768w, https:\/\/dhg1h5j42swfq.cloudfront.net\/2019\/07\/10184949\/Screen-Shot-2019-07-10-at-6.14.59-PM.png 1024w, https:\/\/dhg1h5j42swfq.cloudfront.net\/2019\/07\/10184949\/Screen-Shot-2019-07-10-at-6.14.59-PM.png 610w\" sizes=\"auto, (max-width: 1059px) 100vw, 1059px\" \/><\/figure>\n\n\n\n<figure class=\"wp-block-image\"><img loading=\"lazy\" decoding=\"async\" width=\"1002\" height=\"37\" src=\"https:\/\/dhg1h5j42swfq.cloudfront.net\/2019\/07\/10185036\/Screen-Shot-2019-07-10-at-6.15.55-PM.png\" alt=\"\" class=\"wp-image-397542\" srcset=\"https:\/\/dhg1h5j42swfq.cloudfront.net\/2019\/07\/10185036\/Screen-Shot-2019-07-10-at-6.15.55-PM.png 1002w, https:\/\/dhg1h5j42swfq.cloudfront.net\/2019\/07\/10185036\/Screen-Shot-2019-07-10-at-6.15.55-PM.png 300w, https:\/\/dhg1h5j42swfq.cloudfront.net\/2019\/07\/10185036\/Screen-Shot-2019-07-10-at-6.15.55-PM.png 768w, https:\/\/dhg1h5j42swfq.cloudfront.net\/2019\/07\/10185036\/Screen-Shot-2019-07-10-at-6.15.55-PM.png 610w\" sizes=\"auto, (max-width: 1002px) 100vw, 1002px\" \/><\/figure>\n\n\n\n<figure class=\"wp-block-image\"><img loading=\"lazy\" decoding=\"async\" width=\"1058\" height=\"94\" src=\"https:\/\/dhg1h5j42swfq.cloudfront.net\/2019\/07\/13193914\/Screen-Shot-2019-09-13-at-7.23.34-PM.png\" alt=\"\" class=\"wp-image-419776\" srcset=\"https:\/\/dhg1h5j42swfq.cloudfront.net\/2019\/07\/13193914\/Screen-Shot-2019-09-13-at-7.23.34-PM.png 1058w, https:\/\/dhg1h5j42swfq.cloudfront.net\/2019\/07\/13193914\/Screen-Shot-2019-09-13-at-7.23.34-PM.png 300w, https:\/\/dhg1h5j42swfq.cloudfront.net\/2019\/07\/13193914\/Screen-Shot-2019-09-13-at-7.23.34-PM.png 768w, https:\/\/dhg1h5j42swfq.cloudfront.net\/2019\/07\/13193914\/Screen-Shot-2019-09-13-at-7.23.34-PM.png 1024w, https:\/\/dhg1h5j42swfq.cloudfront.net\/2019\/07\/13193914\/Screen-Shot-2019-09-13-at-7.23.34-PM.png 610w\" sizes=\"auto, (max-width: 1058px) 100vw, 1058px\" \/><\/figure>\n\n\n\n<p><strong>Como funcionar\u00e1 a Trilha Estrat\u00e9gica do MP-RJ ?<\/strong><\/p>\n\n\n\n<p>Os&nbsp;<strong><em>arquivos em pdf<\/em><\/strong>&nbsp;das Trilhas s\u00e3o elaborados e liberados, semanalmente, pelo organizador da trilha, por meio da \u00c1rea do Aluno que \u00e9 assinante ou que possui o Pacote Completo relacionado ao cargo\/concurso da respectiva Trilha (no caso, para os cargos de Analista Processual e Oficial do MP). Cada um desses arquivos trar\u00e1 orienta\u00e7\u00f5es que dever\u00e3o ser seguidas no decorrer de 1 (uma) semana de estudo.&nbsp;<\/p>\n\n\n\n<p>O\u00a0<strong><em>Telegram<\/em><\/strong>\u00a0\u00e9 a plataforma que vai permitir o contato do organizador da trilha com os alunos que a acompanham. Atrav\u00e9s do\u00a0<em>Telegram<\/em>, os alunos receber\u00e3o algumas dicas e v\u00eddeos sobre prepara\u00e7\u00e3o do coach organizador.<\/p>\n\n\n\n<p>Os links para os grupos das Trilhas do MP-RJ ser\u00e3o disponibilizados juntamente com as respectivas Trilhas 01 (e n\u00e3o com as Trilhas 00, demonstrativas, dispon\u00edveis gratuitamente a todos).<\/p>\n\n\n\n<p><strong>Como posso ter acesso \u00e0 Trilha Estrat\u00e9gica do MP-RJ ?<\/strong><\/p>\n\n\n\n<p>Basta ser <a href=\"https:\/\/www.estrategiaconcursos.com.br\/assinaturas\/?gclid=CjwKCAjwmZbpBRAGEiwADrmVXvugPy5NgV3zqpfgTvP8fV9NHu92erf1uZvmTTN9XkvAKJ8zJ_Wv2hoCq_4QAvD_BwE\"><strong>assinante<\/strong><\/a> do site ou aluno do <strong><a href=\"https:\/\/www.estrategiaconcursos.com.br\/curso\/pacote-completo-p-mp-rj-analista-processual-com-videoaulas-pos-edital\/\">Pacote Completo para o MP-RJ (analista processual)<\/a><\/strong> ou do <strong><a href=\"https:\/\/www.estrategiaconcursos.com.br\/curso\/pacote-completo-p-mp-rj-oficial-do-ministerio-publico-com-videoaulas-pos-edital\/\">Pacote Completo para o MP-RJ (oficial do MP)<\/a>.<\/strong><\/p>\n\n\n\n<p>A Assinatura Ilimitada d\u00e1 acesso a:<\/p>\n\n\n\n<ul class=\"wp-block-list\"><li><strong><em>mais de 10.000 cursos<\/em><\/strong>dos Pacotes Completos, incluindo pacotes da PC-DF, PRF, PF, INSS, Senado, C\u00e2mara, BACEN, MPU, TRF3, TRF4, Receita Federal, TCU etc;<\/li><li><strong><em>Passo Estrat\u00e9gico<\/em><\/strong>\u00a0(material de revis\u00e3o de an\u00e1lises estat\u00edsticas de provas);<\/li><li><strong><em>Monitorias<\/em><\/strong>;<\/li><li><strong><em>Trilhas Estrat\u00e9gicas<\/em><\/strong>;\u00a0<\/li><li><strong><em>Simulados<a href=\"https:\/\/www.estrategiaconcursos.com.br\/curso\/pacote-completo-p-mp-rj-oficial-do-ministerio-publico-com-videoaulas-pos-edital\/\"> <\/a>In\u00e9ditos<\/em><\/strong>\u00a0(exclusivos de assinantes);<\/li><li><strong><em>Cursos Exclusivos<\/em><\/strong>\u00a0(exclusivos de assinantes); e<\/li><li><strong><em>Descontos<\/em><\/strong>\u00a0diferenciados (no Coaching e P\u00f3s-Gradua\u00e7\u00e3o).<\/li><\/ul>\n\n\n\n<p>Desde j\u00e1, fico \u00e0 disposi\u00e7\u00e3o para eventuais d\u00favidas&#8230;<\/p>\n\n\n\n<p><strong>INSTAGRAM: @rafaelrochaestrategia<\/strong><\/p>\n\n\n\n<p>Bons estudos a todos !<\/p>\n\n\n\n<p><strong> <\/strong><\/p>\n","protected":false},"excerpt":{"rendered":"<p>Beleza, pessoal ? O concurso do MP-RJ est\u00e1 na \u00e1rea. Edital publicado, provas marcadas (24\/11)&#8230; N\u00e3o viu ainda ? D\u00e1 uma conferida nesse link ou assistam o v\u00eddeo abaixo com a an\u00e1lise do edital: E esse momento p\u00f3s-edital (que ser\u00e1 bem curtinho) \u00e9 normal que o candidato ainda se pergunte: &#8220;ser\u00e1 que estudei tudo ?&#8221;, [&hellip;]<\/p>\n","protected":false},"author":420,"featured_media":0,"comment_status":"open","ping_status":"closed","sticky":false,"template":"","format":"standard","meta":{"post_tipo":"article","footnotes":""},"categories":[1],"tags":[],"tax_estado":[],"class_list":["post-419769","post","type-post","status-publish","format-standard","hentry","category-cursos-e-concursos"],"acf":[],"yoast_head":"<!-- This site is optimized with the Yoast SEO Premium plugin v27.2 (Yoast SEO v27.2) - https:\/\/yoast.com\/product\/yoast-seo-premium-wordpress\/ -->\n<title>Trilha Estrat\u00e9gica para o MP-RJ (p\u00f3s-edital) !<\/title>\n<meta name=\"robots\" content=\"index, follow, max-snippet:-1, max-image-preview:large, max-video-preview:-1\" \/>\n<link rel=\"canonical\" href=\"https:\/\/www.estrategiaconcursos.com.br\/blog\/trilha-estrategica-para-o-mp-rj-pos-edital\/\" \/>\n<meta property=\"og:locale\" content=\"pt_BR\" \/>\n<meta property=\"og:type\" content=\"article\" \/>\n<meta property=\"og:title\" content=\"Trilha Estrat\u00e9gica para o MP-RJ (p\u00f3s-edital) !\" \/>\n<meta property=\"og:description\" content=\"Beleza, pessoal ? O concurso do MP-RJ est\u00e1 na \u00e1rea. Edital publicado, provas marcadas (24\/11)&#8230; N\u00e3o viu ainda ? D\u00e1 uma conferida nesse link ou assistam o v\u00eddeo abaixo com a an\u00e1lise do edital: E esse momento p\u00f3s-edital (que ser\u00e1 bem curtinho) \u00e9 normal que o candidato ainda se pergunte: &#8220;ser\u00e1 que estudei tudo ?&#8221;, [&hellip;]\" \/>\n<meta property=\"og:url\" content=\"https:\/\/www.estrategiaconcursos.com.br\/blog\/trilha-estrategica-para-o-mp-rj-pos-edital\/\" \/>\n<meta property=\"og:site_name\" content=\"Estrat\u00e9gia Concursos\" \/>\n<meta property=\"article:published_time\" content=\"2019-09-13T23:12:26+00:00\" \/>\n<meta property=\"article:modified_time\" content=\"2019-09-13T23:12:29+00:00\" \/>\n<meta property=\"og:image\" content=\"https:\/\/www.estrategiaconcursos.com.br\/blog\/wp-content\/uploads\/2019\/07\/Screen-Shot-2019-07-10-at-6.14.20-PM-1024x107.png\" \/>\n<meta name=\"author\" content=\"Rafael Rocha (Caverna)\" \/>\n<meta name=\"twitter:card\" content=\"summary_large_image\" \/>\n<meta name=\"twitter:creator\" content=\"@EstratConcursos\" \/>\n<meta name=\"twitter:site\" content=\"@EstratConcursos\" \/>\n<meta name=\"twitter:label1\" content=\"Escrito por\" \/>\n\t<meta name=\"twitter:data1\" content=\"Rafael Rocha (Caverna)\" \/>\n\t<meta name=\"twitter:label2\" content=\"Est. tempo de leitura\" \/>\n\t<meta name=\"twitter:data2\" content=\"2 minutos\" \/>\n<script type=\"application\/ld+json\" class=\"yoast-schema-graph\">{\"@context\":\"https:\/\/schema.org\",\"@graph\":[{\"@type\":\"NewsArticle\",\"@id\":\"https:\/\/www.estrategiaconcursos.com.br\/blog\/trilha-estrategica-para-o-mp-rj-pos-edital\/#article\",\"isPartOf\":{\"@id\":\"https:\/\/www.estrategiaconcursos.com.br\/blog\/trilha-estrategica-para-o-mp-rj-pos-edital\/\"},\"author\":{\"name\":\"Rafael Rocha (Caverna)\",\"@id\":\"https:\/\/www.estrategiaconcursos.com.br\/blog\/#\/schema\/person\/47109979be38ff2c64e984c8e96d4d5c\"},\"headline\":\"Trilha Estrat\u00e9gica para o MP-RJ (p\u00f3s-edital) !\",\"datePublished\":\"2019-09-13T23:12:26+00:00\",\"dateModified\":\"2019-09-13T23:12:29+00:00\",\"mainEntityOfPage\":{\"@id\":\"https:\/\/www.estrategiaconcursos.com.br\/blog\/trilha-estrategica-para-o-mp-rj-pos-edital\/\"},\"wordCount\":455,\"commentCount\":0,\"publisher\":{\"@id\":\"https:\/\/www.estrategiaconcursos.com.br\/blog\/#organization\"},\"image\":{\"@id\":\"https:\/\/www.estrategiaconcursos.com.br\/blog\/trilha-estrategica-para-o-mp-rj-pos-edital\/#primaryimage\"},\"thumbnailUrl\":\"https:\/\/www.estrategiaconcursos.com.br\/blog\/wp-content\/uploads\/2019\/07\/Screen-Shot-2019-07-10-at-6.14.20-PM-1024x107.png\",\"articleSection\":[\"Concursos P\u00fablicos\"],\"inLanguage\":\"pt-BR\",\"potentialAction\":[{\"@type\":\"CommentAction\",\"name\":\"Comment\",\"target\":[\"https:\/\/www.estrategiaconcursos.com.br\/blog\/trilha-estrategica-para-o-mp-rj-pos-edital\/#respond\"]}],\"copyrightYear\":\"2019\",\"copyrightHolder\":{\"@id\":\"https:\/\/www.estrategiaconcursos.com.br\/blog\/#organization\"}},{\"@type\":\"WebPage\",\"@id\":\"https:\/\/www.estrategiaconcursos.com.br\/blog\/trilha-estrategica-para-o-mp-rj-pos-edital\/\",\"url\":\"https:\/\/www.estrategiaconcursos.com.br\/blog\/trilha-estrategica-para-o-mp-rj-pos-edital\/\",\"name\":\"Trilha Estrat\u00e9gica para o MP-RJ (p\u00f3s-edital) !\",\"isPartOf\":{\"@id\":\"https:\/\/www.estrategiaconcursos.com.br\/blog\/#website\"},\"primaryImageOfPage\":{\"@id\":\"https:\/\/www.estrategiaconcursos.com.br\/blog\/trilha-estrategica-para-o-mp-rj-pos-edital\/#primaryimage\"},\"image\":{\"@id\":\"https:\/\/www.estrategiaconcursos.com.br\/blog\/trilha-estrategica-para-o-mp-rj-pos-edital\/#primaryimage\"},\"thumbnailUrl\":\"https:\/\/www.estrategiaconcursos.com.br\/blog\/wp-content\/uploads\/2019\/07\/Screen-Shot-2019-07-10-at-6.14.20-PM-1024x107.png\",\"datePublished\":\"2019-09-13T23:12:26+00:00\",\"dateModified\":\"2019-09-13T23:12:29+00:00\",\"breadcrumb\":{\"@id\":\"https:\/\/www.estrategiaconcursos.com.br\/blog\/trilha-estrategica-para-o-mp-rj-pos-edital\/#breadcrumb\"},\"inLanguage\":\"pt-BR\",\"potentialAction\":[{\"@type\":\"ReadAction\",\"target\":[\"https:\/\/www.estrategiaconcursos.com.br\/blog\/trilha-estrategica-para-o-mp-rj-pos-edital\/\"]}]},{\"@type\":\"ImageObject\",\"inLanguage\":\"pt-BR\",\"@id\":\"https:\/\/www.estrategiaconcursos.com.br\/blog\/trilha-estrategica-para-o-mp-rj-pos-edital\/#primaryimage\",\"url\":\"https:\/\/dhg1h5j42swfq.cloudfront.net\/2019\/07\/10184925\/Screen-Shot-2019-07-10-at-6.14.20-PM.png\",\"contentUrl\":\"https:\/\/dhg1h5j42swfq.cloudfront.net\/2019\/07\/10184925\/Screen-Shot-2019-07-10-at-6.14.20-PM.png\",\"width\":1060,\"height\":111},{\"@type\":\"BreadcrumbList\",\"@id\":\"https:\/\/www.estrategiaconcursos.com.br\/blog\/trilha-estrategica-para-o-mp-rj-pos-edital\/#breadcrumb\",\"itemListElement\":[{\"@type\":\"ListItem\",\"position\":1,\"name\":\"In\u00edcio\",\"item\":\"https:\/\/www.estrategiaconcursos.com.br\/blog\/\"},{\"@type\":\"ListItem\",\"position\":2,\"name\":\"Trilha Estrat\u00e9gica para o MP-RJ (p\u00f3s-edital) !\"}]},{\"@type\":\"WebSite\",\"@id\":\"https:\/\/www.estrategiaconcursos.com.br\/blog\/#website\",\"url\":\"https:\/\/www.estrategiaconcursos.com.br\/blog\/\",\"name\":\"Estrat\u00e9gia Concursos\",\"description\":\"O blog da Estrat\u00e9gia Concursos traz not\u00edcias sobre concursos e artigos de professores oferecendo cursos para concursos (pdf + videaulas) no site.\",\"publisher\":{\"@id\":\"https:\/\/www.estrategiaconcursos.com.br\/blog\/#organization\"},\"potentialAction\":[{\"@type\":\"SearchAction\",\"target\":{\"@type\":\"EntryPoint\",\"urlTemplate\":\"https:\/\/www.estrategiaconcursos.com.br\/blog\/?s={search_term_string}\"},\"query-input\":{\"@type\":\"PropertyValueSpecification\",\"valueRequired\":true,\"valueName\":\"search_term_string\"}}],\"inLanguage\":\"pt-BR\"},{\"@type\":\"Organization\",\"@id\":\"https:\/\/www.estrategiaconcursos.com.br\/blog\/#organization\",\"name\":\"Estrat\u00e9gia Concursos\",\"url\":\"https:\/\/www.estrategiaconcursos.com.br\/blog\/\",\"logo\":{\"@type\":\"ImageObject\",\"inLanguage\":\"pt-BR\",\"@id\":\"https:\/\/www.estrategiaconcursos.com.br\/blog\/#\/schema\/logo\/image\/\",\"url\":\"https:\/\/dhg1h5j42swfq.cloudfront.net\/2025\/06\/03203428\/logo_concursos-1.jpg\",\"contentUrl\":\"https:\/\/dhg1h5j42swfq.cloudfront.net\/2025\/06\/03203428\/logo_concursos-1.jpg\",\"width\":230,\"height\":60,\"caption\":\"Estrat\u00e9gia Concursos\"},\"image\":{\"@id\":\"https:\/\/www.estrategiaconcursos.com.br\/blog\/#\/schema\/logo\/image\/\"},\"sameAs\":[\"https:\/\/x.com\/EstratConcursos\"]},{\"@type\":\"Person\",\"@id\":\"https:\/\/www.estrategiaconcursos.com.br\/blog\/#\/schema\/person\/47109979be38ff2c64e984c8e96d4d5c\",\"name\":\"Rafael Rocha (Caverna)\",\"image\":{\"@type\":\"ImageObject\",\"inLanguage\":\"pt-BR\",\"@id\":\"https:\/\/secure.gravatar.com\/avatar\/c0f467cd7d1b3d17520db43090e5c1e2b6d5cc74b4fd0c7c714909124792b14f?s=96&d=mm&r=g\",\"url\":\"https:\/\/secure.gravatar.com\/avatar\/c0f467cd7d1b3d17520db43090e5c1e2b6d5cc74b4fd0c7c714909124792b14f?s=96&d=mm&r=g\",\"contentUrl\":\"https:\/\/secure.gravatar.com\/avatar\/c0f467cd7d1b3d17520db43090e5c1e2b6d5cc74b4fd0c7c714909124792b14f?s=96&d=mm&r=g\",\"caption\":\"Rafael Rocha (Caverna)\"},\"url\":\"https:\/\/www.estrategiaconcursos.com.br\/blog\/author\/coachrafaelrochaestrategiaconcursos-com-br\/\"}]}<\/script>\n<!-- \/ Yoast SEO Premium plugin. -->","yoast_head_json":{"title":"Trilha Estrat\u00e9gica para o MP-RJ (p\u00f3s-edital) !","robots":{"index":"index","follow":"follow","max-snippet":"max-snippet:-1","max-image-preview":"max-image-preview:large","max-video-preview":"max-video-preview:-1"},"canonical":"https:\/\/www.estrategiaconcursos.com.br\/blog\/trilha-estrategica-para-o-mp-rj-pos-edital\/","og_locale":"pt_BR","og_type":"article","og_title":"Trilha Estrat\u00e9gica para o MP-RJ (p\u00f3s-edital) !","og_description":"Beleza, pessoal ? O concurso do MP-RJ est\u00e1 na \u00e1rea. Edital publicado, provas marcadas (24\/11)&#8230; N\u00e3o viu ainda ? D\u00e1 uma conferida nesse link ou assistam o v\u00eddeo abaixo com a an\u00e1lise do edital: E esse momento p\u00f3s-edital (que ser\u00e1 bem curtinho) \u00e9 normal que o candidato ainda se pergunte: &#8220;ser\u00e1 que estudei tudo ?&#8221;, [&hellip;]","og_url":"https:\/\/www.estrategiaconcursos.com.br\/blog\/trilha-estrategica-para-o-mp-rj-pos-edital\/","og_site_name":"Estrat\u00e9gia Concursos","article_published_time":"2019-09-13T23:12:26+00:00","article_modified_time":"2019-09-13T23:12:29+00:00","og_image":[{"url":"https:\/\/www.estrategiaconcursos.com.br\/blog\/wp-content\/uploads\/2019\/07\/Screen-Shot-2019-07-10-at-6.14.20-PM-1024x107.png","type":"","width":"","height":""}],"author":"Rafael Rocha (Caverna)","twitter_card":"summary_large_image","twitter_creator":"@EstratConcursos","twitter_site":"@EstratConcursos","twitter_misc":{"Escrito por":"Rafael Rocha (Caverna)","Est. tempo de leitura":"2 minutos"},"schema":{"@context":"https:\/\/schema.org","@graph":[{"@type":"NewsArticle","@id":"https:\/\/www.estrategiaconcursos.com.br\/blog\/trilha-estrategica-para-o-mp-rj-pos-edital\/#article","isPartOf":{"@id":"https:\/\/www.estrategiaconcursos.com.br\/blog\/trilha-estrategica-para-o-mp-rj-pos-edital\/"},"author":{"name":"Rafael Rocha (Caverna)","@id":"https:\/\/www.estrategiaconcursos.com.br\/blog\/#\/schema\/person\/47109979be38ff2c64e984c8e96d4d5c"},"headline":"Trilha Estrat\u00e9gica para o MP-RJ (p\u00f3s-edital) !","datePublished":"2019-09-13T23:12:26+00:00","dateModified":"2019-09-13T23:12:29+00:00","mainEntityOfPage":{"@id":"https:\/\/www.estrategiaconcursos.com.br\/blog\/trilha-estrategica-para-o-mp-rj-pos-edital\/"},"wordCount":455,"commentCount":0,"publisher":{"@id":"https:\/\/www.estrategiaconcursos.com.br\/blog\/#organization"},"image":{"@id":"https:\/\/www.estrategiaconcursos.com.br\/blog\/trilha-estrategica-para-o-mp-rj-pos-edital\/#primaryimage"},"thumbnailUrl":"https:\/\/www.estrategiaconcursos.com.br\/blog\/wp-content\/uploads\/2019\/07\/Screen-Shot-2019-07-10-at-6.14.20-PM-1024x107.png","articleSection":["Concursos P\u00fablicos"],"inLanguage":"pt-BR","potentialAction":[{"@type":"CommentAction","name":"Comment","target":["https:\/\/www.estrategiaconcursos.com.br\/blog\/trilha-estrategica-para-o-mp-rj-pos-edital\/#respond"]}],"copyrightYear":"2019","copyrightHolder":{"@id":"https:\/\/www.estrategiaconcursos.com.br\/blog\/#organization"}},{"@type":"WebPage","@id":"https:\/\/www.estrategiaconcursos.com.br\/blog\/trilha-estrategica-para-o-mp-rj-pos-edital\/","url":"https:\/\/www.estrategiaconcursos.com.br\/blog\/trilha-estrategica-para-o-mp-rj-pos-edital\/","name":"Trilha Estrat\u00e9gica para o MP-RJ (p\u00f3s-edital) !","isPartOf":{"@id":"https:\/\/www.estrategiaconcursos.com.br\/blog\/#website"},"primaryImageOfPage":{"@id":"https:\/\/www.estrategiaconcursos.com.br\/blog\/trilha-estrategica-para-o-mp-rj-pos-edital\/#primaryimage"},"image":{"@id":"https:\/\/www.estrategiaconcursos.com.br\/blog\/trilha-estrategica-para-o-mp-rj-pos-edital\/#primaryimage"},"thumbnailUrl":"https:\/\/www.estrategiaconcursos.com.br\/blog\/wp-content\/uploads\/2019\/07\/Screen-Shot-2019-07-10-at-6.14.20-PM-1024x107.png","datePublished":"2019-09-13T23:12:26+00:00","dateModified":"2019-09-13T23:12:29+00:00","breadcrumb":{"@id":"https:\/\/www.estrategiaconcursos.com.br\/blog\/trilha-estrategica-para-o-mp-rj-pos-edital\/#breadcrumb"},"inLanguage":"pt-BR","potentialAction":[{"@type":"ReadAction","target":["https:\/\/www.estrategiaconcursos.com.br\/blog\/trilha-estrategica-para-o-mp-rj-pos-edital\/"]}]},{"@type":"ImageObject","inLanguage":"pt-BR","@id":"https:\/\/www.estrategiaconcursos.com.br\/blog\/trilha-estrategica-para-o-mp-rj-pos-edital\/#primaryimage","url":"https:\/\/dhg1h5j42swfq.cloudfront.net\/2019\/07\/10184925\/Screen-Shot-2019-07-10-at-6.14.20-PM.png","contentUrl":"https:\/\/dhg1h5j42swfq.cloudfront.net\/2019\/07\/10184925\/Screen-Shot-2019-07-10-at-6.14.20-PM.png","width":1060,"height":111},{"@type":"BreadcrumbList","@id":"https:\/\/www.estrategiaconcursos.com.br\/blog\/trilha-estrategica-para-o-mp-rj-pos-edital\/#breadcrumb","itemListElement":[{"@type":"ListItem","position":1,"name":"In\u00edcio","item":"https:\/\/www.estrategiaconcursos.com.br\/blog\/"},{"@type":"ListItem","position":2,"name":"Trilha Estrat\u00e9gica para o MP-RJ (p\u00f3s-edital) !"}]},{"@type":"WebSite","@id":"https:\/\/www.estrategiaconcursos.com.br\/blog\/#website","url":"https:\/\/www.estrategiaconcursos.com.br\/blog\/","name":"Estrat\u00e9gia Concursos","description":"O blog da Estrat\u00e9gia Concursos traz not\u00edcias sobre concursos e artigos de professores oferecendo cursos para concursos (pdf + videaulas) no site.","publisher":{"@id":"https:\/\/www.estrategiaconcursos.com.br\/blog\/#organization"},"potentialAction":[{"@type":"SearchAction","target":{"@type":"EntryPoint","urlTemplate":"https:\/\/www.estrategiaconcursos.com.br\/blog\/?s={search_term_string}"},"query-input":{"@type":"PropertyValueSpecification","valueRequired":true,"valueName":"search_term_string"}}],"inLanguage":"pt-BR"},{"@type":"Organization","@id":"https:\/\/www.estrategiaconcursos.com.br\/blog\/#organization","name":"Estrat\u00e9gia Concursos","url":"https:\/\/www.estrategiaconcursos.com.br\/blog\/","logo":{"@type":"ImageObject","inLanguage":"pt-BR","@id":"https:\/\/www.estrategiaconcursos.com.br\/blog\/#\/schema\/logo\/image\/","url":"https:\/\/dhg1h5j42swfq.cloudfront.net\/2025\/06\/03203428\/logo_concursos-1.jpg","contentUrl":"https:\/\/dhg1h5j42swfq.cloudfront.net\/2025\/06\/03203428\/logo_concursos-1.jpg","width":230,"height":60,"caption":"Estrat\u00e9gia Concursos"},"image":{"@id":"https:\/\/www.estrategiaconcursos.com.br\/blog\/#\/schema\/logo\/image\/"},"sameAs":["https:\/\/x.com\/EstratConcursos"]},{"@type":"Person","@id":"https:\/\/www.estrategiaconcursos.com.br\/blog\/#\/schema\/person\/47109979be38ff2c64e984c8e96d4d5c","name":"Rafael Rocha (Caverna)","image":{"@type":"ImageObject","inLanguage":"pt-BR","@id":"https:\/\/secure.gravatar.com\/avatar\/c0f467cd7d1b3d17520db43090e5c1e2b6d5cc74b4fd0c7c714909124792b14f?s=96&d=mm&r=g","url":"https:\/\/secure.gravatar.com\/avatar\/c0f467cd7d1b3d17520db43090e5c1e2b6d5cc74b4fd0c7c714909124792b14f?s=96&d=mm&r=g","contentUrl":"https:\/\/secure.gravatar.com\/avatar\/c0f467cd7d1b3d17520db43090e5c1e2b6d5cc74b4fd0c7c714909124792b14f?s=96&d=mm&r=g","caption":"Rafael Rocha (Caverna)"},"url":"https:\/\/www.estrategiaconcursos.com.br\/blog\/author\/coachrafaelrochaestrategiaconcursos-com-br\/"}]}},"_links":{"self":[{"href":"https:\/\/www.estrategiaconcursos.com.br\/blog\/wp-json\/wp\/v2\/posts\/419769","targetHints":{"allow":["GET"]}}],"collection":[{"href":"https:\/\/www.estrategiaconcursos.com.br\/blog\/wp-json\/wp\/v2\/posts"}],"about":[{"href":"https:\/\/www.estrategiaconcursos.com.br\/blog\/wp-json\/wp\/v2\/types\/post"}],"author":[{"embeddable":true,"href":"https:\/\/www.estrategiaconcursos.com.br\/blog\/wp-json\/wp\/v2\/users\/420"}],"replies":[{"embeddable":true,"href":"https:\/\/www.estrategiaconcursos.com.br\/blog\/wp-json\/wp\/v2\/comments?post=419769"}],"version-history":[{"count":2,"href":"https:\/\/www.estrategiaconcursos.com.br\/blog\/wp-json\/wp\/v2\/posts\/419769\/revisions"}],"predecessor-version":[{"id":736123,"href":"https:\/\/www.estrategiaconcursos.com.br\/blog\/wp-json\/wp\/v2\/posts\/419769\/revisions\/736123"}],"wp:attachment":[{"href":"https:\/\/www.estrategiaconcursos.com.br\/blog\/wp-json\/wp\/v2\/media?parent=419769"}],"wp:term":[{"taxonomy":"category","embeddable":true,"href":"https:\/\/www.estrategiaconcursos.com.br\/blog\/wp-json\/wp\/v2\/categories?post=419769"},{"taxonomy":"post_tag","embeddable":true,"href":"https:\/\/www.estrategiaconcursos.com.br\/blog\/wp-json\/wp\/v2\/tags?post=419769"},{"taxonomy":"tax_estado","embeddable":true,"href":"https:\/\/www.estrategiaconcursos.com.br\/blog\/wp-json\/wp\/v2\/tax_estado?post=419769"}],"curies":[{"name":"wp","href":"https:\/\/api.w.org\/{rel}","templated":true}]}}