{"id":419462,"date":"2019-09-13T07:57:28","date_gmt":"2019-09-13T10:57:28","guid":{"rendered":"https:\/\/www.estrategiaconcursos.com.br\/blog\/?p=419462"},"modified":"2022-09-06T16:27:50","modified_gmt":"2022-09-06T19:27:50","slug":"edital-mp-rj","status":"publish","type":"post","link":"https:\/\/www.estrategiaconcursos.com.br\/blog\/edital-mp-rj\/","title":{"rendered":"Edital MP RJ \u00e9 PUBLICADO; 18 vagas para N\u00edvel M\u00e9dio e Superior"},"content":{"rendered":"\n<h2 class=\"wp-block-heading\">Edital MP RJ prev\u00ea provas em novembro de 2019<\/h2>\n\n\n\n<p>Foi publicado nesta quinta-feira, 12 de setembro, o edital do concurso do Minist\u00e9rio P\u00fablico do Rio de Janeiro. O <strong>edital MP RJ<\/strong> oferta <strong>18 vagas<\/strong> para os cargos de T\u00e9cnico, Oficial e Analista do MP. As remunera\u00e7\u00f5es iniciais v\u00e3o de R$ 4,3 mil a R$ 7,3 mil.<\/p>\n\n\n\n<p>Os interessados poder\u00e3o se inscrever entre os dias <strong>16 de setembro<\/strong> e <strong>24 de outubro de 2019<\/strong>, exclusivamente pela internet, no portal da Funda\u00e7\u00e3o Get\u00falio Vargas (FGV), banca organizadora do certame. O valor da taxa de inscri\u00e7\u00e3o \u00e9 de R$ 95,00 para T\u00e9cnico e R$ 120,00 para Analista e pode ser pago at\u00e9 o dia 25 de outubro.<\/p>\n\n\n\n<p> As provas ser\u00e3o realizadas em <strong>24 de novembro de 2019<\/strong>, no Estado do Rio de Janeiro, nas seguintes cidades: Cabo Frio, Campos dos Goytacazes, Duque de Caxias, Itaperuna, Niter\u00f3i, Nova Friburgo, Nova Igua\u00e7u, Petr\u00f3polis, Rio de Janeiro, Teres\u00f3polis e Volta Redonda. <\/p>\n\n\n\n<figure class=\"wp-block-image aligncenter is-resized\"><img loading=\"lazy\" decoding=\"async\" src=\"https:\/\/dhg1h5j42swfq.cloudfront.net\/2019\/06\/12092101\/saiu-edital-1.jpg\" alt=\"saiu edital mp rj\" class=\"wp-image-419117\" width=\"417\" height=\"218\" srcset=\"https:\/\/dhg1h5j42swfq.cloudfront.net\/2019\/06\/12092101\/saiu-edital-1.jpg 1200w, https:\/\/dhg1h5j42swfq.cloudfront.net\/2019\/06\/12092101\/saiu-edital-1.jpg 300w, https:\/\/dhg1h5j42swfq.cloudfront.net\/2019\/06\/12092101\/saiu-edital-1.jpg 768w, https:\/\/dhg1h5j42swfq.cloudfront.net\/2019\/06\/12092101\/saiu-edital-1.jpg 1024w, https:\/\/dhg1h5j42swfq.cloudfront.net\/2019\/06\/12092101\/saiu-edital-1.jpg 610w\" sizes=\"auto, (max-width: 417px) 100vw, 417px\" \/><\/figure>\n\n\n\n<h2 class=\"wp-block-heading\">Edital MP RJ: principais datas<\/h2>\n\n\n\n<ul class=\"wp-block-list\"><li><strong>Inscri\u00e7\u00e3o: <\/strong> 16\/09 a 24\/10<\/li><li><strong>Isen\u00e7\u00e3o<\/strong> <strong> da taxa<\/strong>: 16 a 18\/19<\/li><li><strong>Pagamento da taxa<\/strong>: at\u00e9 25\/10<\/li><li><strong>Provas: <\/strong> 24\/11 <\/li><\/ul>\n\n\n<figure class=\"wp-block-embed-youtube wp-block-embed is-type-video is-provider-youtube wp-embed-aspect-16-9 wp-has-aspect-ratio\"><div class=\"lyte-wrapper\" style=\"width:853px;max-width:100%;margin:5px;\"><div class=\"lyMe\" id=\"WYL_kgevRv_eUyQ\"><div id=\"lyte_kgevRv_eUyQ\" data-src=\"\/\/i.ytimg.com\/vi\/kgevRv_eUyQ\/hqdefault.jpg\" class=\"pL\"><div class=\"tC\"><div class=\"tT\"><\/div><\/div><div class=\"play\"><\/div><div class=\"ctrl\"><div class=\"Lctrl\"><\/div><div class=\"Rctrl\"><\/div><\/div><\/div><noscript><a href=\"https:\/\/youtu.be\/kgevRv_eUyQ\" rel=\"nofollow\"><img loading=\"lazy\" decoding=\"async\" src=\"https:\/\/i.ytimg.com\/vi\/kgevRv_eUyQ\/0.jpg\" alt=\"YouTube video thumbnail\" width=\"853\" height=\"460\" \/><br \/>Assista a este v\u00eddeo no YouTube<\/a><\/noscript><\/div><\/div><div class=\"lL\" style=\"max-width:100%;width:853px;margin:5px;\"><\/div><figcaption><\/figcaption><\/figure>\n\n\n<h2 class=\"wp-block-heading\">Edital MP RJ: quadro de vagas<\/h2>\n\n\n\n<p><\/p>\n\n\n\n<figure class=\"wp-block-table is-style-stripes\"><table class=\"has-subtle-pale-blue-background-color has-background\"><tbody><tr><td>Cargo<\/td><td>Especialidade<\/td><td>Vencimento b\u00e1sico<\/td><td>AC<\/td><td>PcD<\/td><td>Negros<\/td><td>Hiposs.<\/td><td>Total<\/td><\/tr><tr><td>Analista do MP<\/td><td>Processual<\/td><td>R$ 7.139,16 <\/td><td>4<\/td><td>1<\/td><td>2<\/td><td>1<\/td><td>8<\/td><\/tr><tr><td>Analista do MP<\/td><td>Administrativa<\/td><td>R$ 7.139,16 <\/td><td>2<\/td><td>&#8211;<\/td><td>1<\/td><td>&#8211;<\/td><td>3<\/td><\/tr><tr><td>T\u00e9cnico do MP<\/td><td>Administrativa<\/td><td>R$ 4.382,84<\/td><td>3<\/td><td>1<\/td><td>1<\/td><td>1<\/td><td>6<\/td><\/tr><tr><td>Oficial do MP<\/td><td>&#8211;<\/td><td>R$ 4.382,84<\/td><td>1<\/td><td>&#8211;<\/td><td>&#8211;<\/td><td>&#8211;<\/td><td>1<\/td><\/tr><\/tbody><\/table><\/figure>\n\n\n\n<p><\/p>\n\n\n\n<h2 class=\"wp-block-heading\">Edital MP RJ: Requisitos<\/h2>\n\n\n\n<h4 class=\"wp-block-heading\"><strong>Analista do MP RJ (\u00c1rea Processual)<\/strong><\/h4>\n\n\n\n<ul class=\"wp-block-list\"><li>N\u00edvel Superior completo com forma\u00e7\u00e3o em Direito.  <\/li><\/ul>\n\n\n\n<h4 class=\"wp-block-heading\"><strong>Analista do MP RJ  (\u00c1rea Administrativa)<\/strong><\/h4>\n\n\n\n<ul class=\"wp-block-list\"><li>N\u00edvel Superior completo com forma\u00e7\u00e3o em Administra\u00e7\u00e3o \/ Ci\u00eancias Cont\u00e1beis \/ Economia ou Direito. <\/li><\/ul>\n\n\n\n<h4 class=\"wp-block-heading\"><strong>T\u00e9cnico do MP RJ<\/strong><\/h4>\n\n\n\n<ul class=\"wp-block-list\"><li>N\u00edvel M\u00e9dio completo, abrangido o curso profissional t\u00e9cnico. <\/li><\/ul>\n\n\n\n<h4 class=\"wp-block-heading\"><strong>Oficial do MP RJ<\/strong><\/h4>\n\n\n\n<ul class=\"wp-block-list\"><li>N\u00edvel M\u00e9dio completo, abrangido o curso profissional t\u00e9cnico. <\/li><\/ul>\n\n\n\n<h2 class=\"wp-block-heading\">Edital MP RJ: Provas<\/h2>\n\n\n\n<p>O edital MP RJ prev\u00ea que o concurso ter\u00e1 uma \u00fanica etapa, constitu\u00edda de uma prova objetiva com <strong>100 quest\u00f5es<\/strong> para os cargos de N\u00edvel Superior e <strong>80 quest\u00f5es <\/strong>para os cargos de N\u00edvel M\u00e9dio. <\/p>\n\n\n\n<p>As quest\u00f5es ser\u00e3o do tipo m\u00faltipla escolha com cinco alternativas, distribu\u00eddas em dois grupos de disciplinas. <\/p>\n\n\n\n<p>A prova de Analista do MP ser\u00e1 aplicada no per\u00edodo matutino, das 8h \u00e0s 13h. J\u00e1 a prova para os cargos de T\u00e9cnico e Oficial do MP RJ ter\u00e3o sua aplica\u00e7\u00e3o no per\u00edodo da tarde, das 15 \u00e0s 19h.<\/p>\n\n\n\n<p>Tem interesse em seguir carreira jur\u00eddica? Ent\u00e3o confira tamb\u00e9m o nosso artigo completo sobre o <a href=\"https:\/\/cj.estrategia.com\/portal\/concurso-mp-rj-promotor\/\" target=\"_blank\" rel=\"noreferrer noopener\">concurso MP RJ Promotor<\/a>. <\/p>\n\n\n\n<h4 class=\"wp-block-heading\">Prova objetiva &#8211; Analista (\u00c1rea Processual) &#8211; N\u00edvel Superior<\/h4>\n\n\n\n<figure class=\"wp-block-image\"><img loading=\"lazy\" decoding=\"async\" width=\"727\" height=\"358\" src=\"https:\/\/dhg1h5j42swfq.cloudfront.net\/2019\/09\/12212529\/image81.png\" alt=\"Edital MP RJ: prova de Analista - Processual\" class=\"wp-image-419464\" srcset=\"https:\/\/dhg1h5j42swfq.cloudfront.net\/2019\/09\/12212529\/image81.png 727w, https:\/\/dhg1h5j42swfq.cloudfront.net\/2019\/09\/12212529\/image81.png 300w, https:\/\/dhg1h5j42swfq.cloudfront.net\/2019\/09\/12212529\/image81.png 610w\" sizes=\"auto, (max-width: 727px) 100vw, 727px\" \/><figcaption>Edital MP RJ: prova de Analista &#8211; Processual<\/figcaption><\/figure>\n\n\n\n<h4 class=\"wp-block-heading\">Prova objetiva &#8211; Analista (\u00c1rea Administrativa) &#8211; N\u00edvel Superior<\/h4>\n\n\n\n<figure class=\"wp-block-image\"><img loading=\"lazy\" decoding=\"async\" width=\"727\" height=\"310\" src=\"https:\/\/dhg1h5j42swfq.cloudfront.net\/2019\/09\/12212355\/image80.png\" alt=\"Concurso MP RJ: prova de Analista - Administrativa\" class=\"wp-image-419463\" srcset=\"https:\/\/dhg1h5j42swfq.cloudfront.net\/2019\/09\/12212355\/image80.png 727w, https:\/\/dhg1h5j42swfq.cloudfront.net\/2019\/09\/12212355\/image80.png 300w, https:\/\/dhg1h5j42swfq.cloudfront.net\/2019\/09\/12212355\/image80.png 610w\" sizes=\"auto, (max-width: 727px) 100vw, 727px\" \/><figcaption>Edital MP RJ: prova de Analista &#8211; Administrativa<\/figcaption><\/figure>\n\n\n\n<h4 class=\"wp-block-heading\">Prova objetiva &#8211; T\u00e9cnico &#8211; N\u00edvel M\u00e9dio<\/h4>\n\n\n\n<figure class=\"wp-block-image\"><img loading=\"lazy\" decoding=\"async\" width=\"715\" height=\"249\" src=\"https:\/\/dhg1h5j42swfq.cloudfront.net\/2019\/09\/12212615\/image82.png\" alt=\"Edital MP RJ: prova de T\u00e9cnico\" class=\"wp-image-419465\" srcset=\"https:\/\/dhg1h5j42swfq.cloudfront.net\/2019\/09\/12212615\/image82.png 715w, https:\/\/dhg1h5j42swfq.cloudfront.net\/2019\/09\/12212615\/image82.png 300w, https:\/\/dhg1h5j42swfq.cloudfront.net\/2019\/09\/12212615\/image82.png 610w\" sizes=\"auto, (max-width: 715px) 100vw, 715px\" \/><figcaption>Edital MP RJ: prova de T\u00e9cnico<\/figcaption><\/figure>\n\n\n\n<h4 class=\"wp-block-heading\">Prova objetiva &#8211; Oficial &#8211; N\u00edvel M\u00e9dio<\/h4>\n\n\n\n<figure class=\"wp-block-image\"><img loading=\"lazy\" decoding=\"async\" width=\"726\" height=\"250\" src=\"https:\/\/dhg1h5j42swfq.cloudfront.net\/2019\/09\/12212752\/image83.png\" alt=\"\" class=\"wp-image-419466\" srcset=\"https:\/\/dhg1h5j42swfq.cloudfront.net\/2019\/09\/12212752\/image83.png 726w, https:\/\/dhg1h5j42swfq.cloudfront.net\/2019\/09\/12212752\/image83.png 300w, https:\/\/dhg1h5j42swfq.cloudfront.net\/2019\/09\/12212752\/image83.png 610w\" sizes=\"auto, (max-width: 726px) 100vw, 726px\" \/><\/figure>\n\n\n\n<h4 class=\"wp-block-heading\">Crit\u00e9rios para aprova\u00e7\u00e3o<\/h4>\n\n\n\n<p> Ser\u00e1 considerado aprovado na prova escrita objetiva o candidato que, cumulativamente: <\/p>\n\n\n\n<ul class=\"wp-block-list\"><li>n\u00e3o obtiver nota zero em qualquer disciplina; <\/li><li> acertar, no m\u00ednimo, 16 quest\u00f5es no Grupo I e acertar, no m\u00ednimo, 24 quest\u00f5es no Grupo II para Analista do Minist\u00e9rio P\u00fablico\u2013 \u00c1rea: Processual;  <\/li><li>acertar, no m\u00ednimo, 16 quest\u00f5es no Grupo I e acertar, no m\u00ednimo, 24 quest\u00f5es no Grupo II para Analista do Minist\u00e9rio P\u00fablico\u2013 \u00c1rea: Administrativa; <\/li><li>acertar, no m\u00ednimo, 16 quest\u00f5es no Grupo I e acertar, no m\u00ednimo, 16 quest\u00f5es no Grupo II para T\u00e9cnico do Minist\u00e9rio P\u00fablico \u2013 \u00c1rea: Administrativa; e <\/li><li>acertar, no m\u00ednimo, 16 quest\u00f5es no Grupo I e acertar, no m\u00ednimo, 16 quest\u00f5es no Grupo II para Oficial do Minist\u00e9rio P\u00fablico.<\/li><\/ul>\n\n\n\n<p class=\"has-text-align-center has-very-light-gray-background-color has-background\" style=\"font-size:clamp(16.293px, 1.018rem + ((1vw - 3.2px) * 0.854), 25px);px\"><strong><a href=\"https:\/\/www.estrategiaconcursos.com.br\/blog\/concurso-mp-rj\/\" target=\"_blank\" rel=\"noreferrer noopener\" aria-label=\"Clique aqui mais informa\u00e7\u00f5es sobre o concurso MP RJ (abre numa nova aba)\">Clique aqui mais informa\u00e7\u00f5es sobre o concurso MP RJ<\/a><\/strong><\/p>\n\n\n\n<h2 class=\"has-text-align-center wp-block-heading\" id=\"assinatura-e-cursos\">Estude para o concurso MP RJ com o Edital Estrat\u00e9gico!! <\/h2>\n\n\n\n<p>O <strong><em>Edital Estrat\u00e9gico<\/em><\/strong> s\u00e3o planilhas de estudos disponibilizadas gratuitamente com teoria, revis\u00e3o e exerc\u00edcios para voc\u00ea se aperfei\u00e7oar e planejar seus estudos.<strong><em> Clique nos links abaixo e comece seus estudos!  <\/em><\/strong><\/p>\n\n\n\n<p class=\"has-text-align-center has-very-light-gray-background-color has-background\" style=\"font-size:clamp(15.197px, 0.95rem + ((1vw - 3.2px) * 0.765), 23px);px\"><a rel=\"noreferrer noopener\" aria-label=\"T\u00e9cnico do Minist\u00e9rio P\u00fablico (abre numa nova aba)\" href=\"https:\/\/drive.google.com\/open?id=1QMxRoonOGF2lx20ypEltEvRTDz1MsF6A\" target=\"_blank\"><strong><em>T\u00e9cnico do Minist\u00e9rio P\u00fablico<\/em><\/strong><\/a><strong><em><br \/><\/em><\/strong><a rel=\"noreferrer noopener\" aria-label=\"Analista Administrativo (abre numa nova aba)\" href=\"https:\/\/drive.google.com\/open?id=1o_tcUWcTxWUyEisIVDfh9gzHtMstvK4y\" target=\"_blank\"><strong><em>Analista Administrativo<\/em><\/strong><\/a><strong><em><br \/><\/em><\/strong><a rel=\"noreferrer noopener\" aria-label=\"Analista Processual  (abre numa nova aba)\" href=\"https:\/\/drive.google.com\/open?id=1E64dopLJ6gia9FjsNhTWxN0OXgK1Krqa\" target=\"_blank\"><strong><em>Analista Processual <\/em><\/strong><\/a><strong><em><br \/><\/em><\/strong><a rel=\"noreferrer noopener\" aria-label=\"Oficial do Minist\u00e9rio P\u00fablico  (abre numa nova aba)\" href=\"https:\/\/drive.google.com\/open?id=1WIL-5AxPJ2X4eoqeQLm7Sat8DxCih_Dr\" target=\"_blank\"><strong><em>Oficial do Minist\u00e9rio P\u00fablico <\/em><\/strong><\/a><\/p>\n\n\n\n<p class=\"has-text-align-center has-light-green-cyan-background-color has-background\"><strong><span style=\"font-size: 18pt;\"><a href=\"https:\/\/www.estrategiaconcursos.com.br\/cursosPorConcurso\/mp-rj-365\/\" target=\"_blank\" rel=\"noreferrer noopener\" aria-label=\"CURSO MP RJ (abre numa nova aba)\">CURSO MP RJ<\/a><\/span><\/strong><\/p>\n\n\n\n<p class=\"has-text-align-center has-medium-font-size\"><em><strong>Assinatura Anual Ilimitada*<\/strong><\/em><\/p>\n\n\n\n<p class=\"has-text-align-center\"><em>Prepare-se com o melhor material e com quem mais aprova em Concursos P\u00fablicos em todo o pa\u00eds. Assine agora a nossa Assinatura Anual e tenha acesso ilimitado* a todos os nossos cursos.<\/em><\/p>\n\n\n\n<p class=\"has-text-align-center has-luminous-vivid-amber-background-color has-background\" style=\"font-size:clamp(14.642px, 0.915rem + ((1vw - 3.2px) * 0.721), 22px);px\"><strong>ASSINE AGORA<\/strong>&nbsp;\u2013&nbsp;<a rel=\"noreferrer noopener\" href=\"https:\/\/www.estrategiaconcursos.com.br\/assinaturas\" target=\"_blank\"><strong>Assinatura Ilimitada<\/strong><\/a><\/p>\n\n\n\n<p class=\"has-text-align-center\"><strong><em>Fique por dentro dos concursos vigentes:<\/em><\/strong><\/p>\n\n\n\n<p class=\"has-text-align-center has-pale-cyan-blue-background-color has-background\" style=\"font-size:clamp(15.197px, 0.95rem + ((1vw - 3.2px) * 0.765), 23px);px\"><strong><a href=\"https:\/\/www.estrategiaconcursos.com.br\/blog\/concursos-abertos\/\" target=\"_blank\" rel=\"noreferrer noopener\">CONCURSOS ABERTOS<\/a><\/strong><\/p>\n\n\n\n<figure class=\"wp-block-image\"><img loading=\"lazy\" decoding=\"async\" width=\"300\" height=\"102\" src=\"https:\/\/dhg1h5j42swfq.cloudfront.net\/2019\/06\/19170128\/coruja-ficha-tecnica.png\" alt=\"Ficha T\u00e9cnica Concurso MP RJ\" class=\"wp-image-389742\"\/><\/figure>\n\n\n\n<h3 class=\"wp-block-heading\" id=\"ficha-tecnica\"><strong>\u25baInforma\u00e7\u00f5es sobre o edital MP RJ<\/strong><\/h3>\n\n\n\n<p>\u25ba<strong>Data:<\/strong> 24\/11\/2019<br \/>\u25ba<strong>Vagas<\/strong> <strong>previstas<\/strong>: 18<br \/>\u25ba<strong>Cargos<\/strong>: Analista, T\u00e9cnico e Oficial<br \/>\u25ba<strong>Banca<\/strong>: FGV<br \/>\u25ba<strong>Escolaridade<\/strong>: N\u00edvel m\u00e9dio e superior<br \/>\u25ba<strong>Edital<\/strong>:&nbsp;<strong><a href=\"https:\/\/dhg1h5j42swfq.cloudfront.net\/2019\/09\/12213257\/Edital_MPRJ_2019.pdf\" target=\"_blank\" rel=\"noreferrer noopener\" aria-label=\" (abre numa nova aba)\">Edital MP RJ &#8211; 2019<\/a><\/strong><\/p>\n\n\n\n<p><em>Ascom Estrat\u00e9gia<\/em><br \/>ascomestrategia@gmail.com<\/p>\n","protected":false},"excerpt":{"rendered":"<p>Edital MP RJ prev\u00ea provas em novembro de 2019 Foi publicado nesta quinta-feira, 12 de setembro, o edital do concurso do Minist\u00e9rio P\u00fablico do Rio de Janeiro. O edital MP RJ oferta 18 vagas para os cargos de T\u00e9cnico, Oficial e Analista do MP. As remunera\u00e7\u00f5es iniciais v\u00e3o de R$ 4,3 mil a R$ 7,3 [&hellip;]<\/p>\n","protected":false},"author":1,"featured_media":419117,"comment_status":"open","ping_status":"closed","sticky":false,"template":"","format":"standard","meta":{"post_tipo":"news","footnotes":""},"categories":[1],"tags":[],"tax_estado":[],"class_list":["post-419462","post","type-post","status-publish","format-standard","has-post-thumbnail","hentry","category-cursos-e-concursos"],"acf":[],"yoast_head":"<!-- This site is optimized with the Yoast SEO Premium plugin v27.2 (Yoast SEO v27.2) - https:\/\/yoast.com\/product\/yoast-seo-premium-wordpress\/ -->\n<title>Edital MP RJ \u00e9 PUBLICADO; 18 vagas para N\u00edvel M\u00e9dio e Superior<\/title>\n<meta name=\"robots\" content=\"index, follow, max-snippet:-1, max-image-preview:large, max-video-preview:-1\" \/>\n<link rel=\"canonical\" href=\"https:\/\/www.estrategiaconcursos.com.br\/blog\/edital-mp-rj\/\" \/>\n<meta property=\"og:locale\" content=\"pt_BR\" \/>\n<meta property=\"og:type\" content=\"article\" \/>\n<meta property=\"og:title\" content=\"Edital MP RJ \u00e9 PUBLICADO; 18 vagas para N\u00edvel M\u00e9dio e Superior\" \/>\n<meta property=\"og:description\" content=\"Edital MP RJ prev\u00ea provas em novembro de 2019 Foi publicado nesta quinta-feira, 12 de setembro, o edital do concurso do Minist\u00e9rio P\u00fablico do Rio de Janeiro. O edital MP RJ oferta 18 vagas para os cargos de T\u00e9cnico, Oficial e Analista do MP. As remunera\u00e7\u00f5es iniciais v\u00e3o de R$ 4,3 mil a R$ 7,3 [&hellip;]\" \/>\n<meta property=\"og:url\" content=\"https:\/\/www.estrategiaconcursos.com.br\/blog\/edital-mp-rj\/\" \/>\n<meta property=\"og:site_name\" content=\"Estrat\u00e9gia Concursos\" \/>\n<meta property=\"article:author\" content=\"https:\/\/www.facebook.com\/EstrategiaConcursos\" \/>\n<meta property=\"article:published_time\" content=\"2019-09-13T10:57:28+00:00\" \/>\n<meta property=\"article:modified_time\" content=\"2022-09-06T19:27:50+00:00\" \/>\n<meta property=\"og:image\" content=\"https:\/\/dhg1h5j42swfq.cloudfront.net\/2019\/06\/12092101\/saiu-edital-1.jpg\" \/>\n\t<meta property=\"og:image:width\" content=\"1200\" \/>\n\t<meta property=\"og:image:height\" content=\"628\" \/>\n\t<meta property=\"og:image:type\" content=\"image\/jpeg\" \/>\n<meta name=\"author\" content=\"Coordena\u00e7\u00e3o\" \/>\n<meta name=\"twitter:card\" content=\"summary_large_image\" \/>\n<meta name=\"twitter:creator\" content=\"@EstratConcursos\" \/>\n<meta name=\"twitter:site\" content=\"@EstratConcursos\" \/>\n<meta name=\"twitter:label1\" content=\"Escrito por\" \/>\n\t<meta name=\"twitter:data1\" content=\"Coordena\u00e7\u00e3o\" \/>\n\t<meta name=\"twitter:label2\" content=\"Est. tempo de leitura\" \/>\n\t<meta name=\"twitter:data2\" content=\"4 minutos\" \/>\n<script type=\"application\/ld+json\" class=\"yoast-schema-graph\">{\"@context\":\"https:\/\/schema.org\",\"@graph\":[{\"@type\":\"NewsArticle\",\"@id\":\"https:\/\/www.estrategiaconcursos.com.br\/blog\/edital-mp-rj\/#article\",\"isPartOf\":{\"@id\":\"https:\/\/www.estrategiaconcursos.com.br\/blog\/edital-mp-rj\/\"},\"author\":{\"name\":\"Coordena\u00e7\u00e3o\",\"@id\":\"https:\/\/www.estrategiaconcursos.com.br\/blog\/#\/schema\/person\/b4a388c97673c5f483d72185668afa1f\"},\"headline\":\"Edital MP RJ \u00e9 PUBLICADO; 18 vagas para N\u00edvel M\u00e9dio e Superior\",\"datePublished\":\"2019-09-13T10:57:28+00:00\",\"dateModified\":\"2022-09-06T19:27:50+00:00\",\"mainEntityOfPage\":{\"@id\":\"https:\/\/www.estrategiaconcursos.com.br\/blog\/edital-mp-rj\/\"},\"wordCount\":799,\"commentCount\":1,\"publisher\":{\"@id\":\"https:\/\/www.estrategiaconcursos.com.br\/blog\/#organization\"},\"image\":{\"@id\":\"https:\/\/www.estrategiaconcursos.com.br\/blog\/edital-mp-rj\/#primaryimage\"},\"thumbnailUrl\":\"https:\/\/dhg1h5j42swfq.cloudfront.net\/2019\/06\/12092101\/saiu-edital-1.jpg\",\"articleSection\":[\"Concursos P\u00fablicos\"],\"inLanguage\":\"pt-BR\",\"potentialAction\":[{\"@type\":\"CommentAction\",\"name\":\"Comment\",\"target\":[\"https:\/\/www.estrategiaconcursos.com.br\/blog\/edital-mp-rj\/#respond\"]}],\"copyrightYear\":\"2019\",\"copyrightHolder\":{\"@id\":\"https:\/\/www.estrategiaconcursos.com.br\/blog\/#organization\"}},{\"@type\":\"WebPage\",\"@id\":\"https:\/\/www.estrategiaconcursos.com.br\/blog\/edital-mp-rj\/\",\"url\":\"https:\/\/www.estrategiaconcursos.com.br\/blog\/edital-mp-rj\/\",\"name\":\"Edital MP RJ \u00e9 PUBLICADO; 18 vagas para N\u00edvel M\u00e9dio e Superior\",\"isPartOf\":{\"@id\":\"https:\/\/www.estrategiaconcursos.com.br\/blog\/#website\"},\"primaryImageOfPage\":{\"@id\":\"https:\/\/www.estrategiaconcursos.com.br\/blog\/edital-mp-rj\/#primaryimage\"},\"image\":{\"@id\":\"https:\/\/www.estrategiaconcursos.com.br\/blog\/edital-mp-rj\/#primaryimage\"},\"thumbnailUrl\":\"https:\/\/dhg1h5j42swfq.cloudfront.net\/2019\/06\/12092101\/saiu-edital-1.jpg\",\"datePublished\":\"2019-09-13T10:57:28+00:00\",\"dateModified\":\"2022-09-06T19:27:50+00:00\",\"breadcrumb\":{\"@id\":\"https:\/\/www.estrategiaconcursos.com.br\/blog\/edital-mp-rj\/#breadcrumb\"},\"inLanguage\":\"pt-BR\",\"potentialAction\":[{\"@type\":\"ReadAction\",\"target\":[\"https:\/\/www.estrategiaconcursos.com.br\/blog\/edital-mp-rj\/\"]}]},{\"@type\":\"ImageObject\",\"inLanguage\":\"pt-BR\",\"@id\":\"https:\/\/www.estrategiaconcursos.com.br\/blog\/edital-mp-rj\/#primaryimage\",\"url\":\"https:\/\/dhg1h5j42swfq.cloudfront.net\/2019\/06\/12092101\/saiu-edital-1.jpg\",\"contentUrl\":\"https:\/\/dhg1h5j42swfq.cloudfront.net\/2019\/06\/12092101\/saiu-edital-1.jpg\",\"width\":1200,\"height\":628,\"caption\":\"concurso crea sc\"},{\"@type\":\"BreadcrumbList\",\"@id\":\"https:\/\/www.estrategiaconcursos.com.br\/blog\/edital-mp-rj\/#breadcrumb\",\"itemListElement\":[{\"@type\":\"ListItem\",\"position\":1,\"name\":\"In\u00edcio\",\"item\":\"https:\/\/www.estrategiaconcursos.com.br\/blog\/\"},{\"@type\":\"ListItem\",\"position\":2,\"name\":\"Edital MP RJ \u00e9 PUBLICADO; 18 vagas para N\u00edvel M\u00e9dio e Superior\"}]},{\"@type\":\"WebSite\",\"@id\":\"https:\/\/www.estrategiaconcursos.com.br\/blog\/#website\",\"url\":\"https:\/\/www.estrategiaconcursos.com.br\/blog\/\",\"name\":\"Estrat\u00e9gia Concursos\",\"description\":\"O blog da Estrat\u00e9gia Concursos traz not\u00edcias sobre concursos e artigos de professores oferecendo cursos para concursos (pdf + videaulas) no site.\",\"publisher\":{\"@id\":\"https:\/\/www.estrategiaconcursos.com.br\/blog\/#organization\"},\"potentialAction\":[{\"@type\":\"SearchAction\",\"target\":{\"@type\":\"EntryPoint\",\"urlTemplate\":\"https:\/\/www.estrategiaconcursos.com.br\/blog\/?s={search_term_string}\"},\"query-input\":{\"@type\":\"PropertyValueSpecification\",\"valueRequired\":true,\"valueName\":\"search_term_string\"}}],\"inLanguage\":\"pt-BR\"},{\"@type\":\"Organization\",\"@id\":\"https:\/\/www.estrategiaconcursos.com.br\/blog\/#organization\",\"name\":\"Estrat\u00e9gia Concursos\",\"url\":\"https:\/\/www.estrategiaconcursos.com.br\/blog\/\",\"logo\":{\"@type\":\"ImageObject\",\"inLanguage\":\"pt-BR\",\"@id\":\"https:\/\/www.estrategiaconcursos.com.br\/blog\/#\/schema\/logo\/image\/\",\"url\":\"https:\/\/dhg1h5j42swfq.cloudfront.net\/2025\/06\/03203428\/logo_concursos-1.jpg\",\"contentUrl\":\"https:\/\/dhg1h5j42swfq.cloudfront.net\/2025\/06\/03203428\/logo_concursos-1.jpg\",\"width\":230,\"height\":60,\"caption\":\"Estrat\u00e9gia Concursos\"},\"image\":{\"@id\":\"https:\/\/www.estrategiaconcursos.com.br\/blog\/#\/schema\/logo\/image\/\"},\"sameAs\":[\"https:\/\/x.com\/EstratConcursos\"]},{\"@type\":\"Person\",\"@id\":\"https:\/\/www.estrategiaconcursos.com.br\/blog\/#\/schema\/person\/b4a388c97673c5f483d72185668afa1f\",\"name\":\"Coordena\u00e7\u00e3o\",\"image\":{\"@type\":\"ImageObject\",\"inLanguage\":\"pt-BR\",\"@id\":\"https:\/\/secure.gravatar.com\/avatar\/b720319e4c9a967eb58678d110f4fe35452fc5d5f97b202bac7b8acceb18c6ad?s=96&d=mm&r=g\",\"url\":\"https:\/\/secure.gravatar.com\/avatar\/b720319e4c9a967eb58678d110f4fe35452fc5d5f97b202bac7b8acceb18c6ad?s=96&d=mm&r=g\",\"contentUrl\":\"https:\/\/secure.gravatar.com\/avatar\/b720319e4c9a967eb58678d110f4fe35452fc5d5f97b202bac7b8acceb18c6ad?s=96&d=mm&r=g\",\"caption\":\"Coordena\u00e7\u00e3o\"},\"sameAs\":[\"https:\/\/www.facebook.com\/EstrategiaConcursos\",\"https:\/\/x.com\/EstratConcursos\"],\"url\":\"https:\/\/www.estrategiaconcursos.com.br\/blog\/author\/estrategia2013\/\"}]}<\/script>\n<!-- \/ Yoast SEO Premium plugin. -->","yoast_head_json":{"title":"Edital MP RJ \u00e9 PUBLICADO; 18 vagas para N\u00edvel M\u00e9dio e Superior","robots":{"index":"index","follow":"follow","max-snippet":"max-snippet:-1","max-image-preview":"max-image-preview:large","max-video-preview":"max-video-preview:-1"},"canonical":"https:\/\/www.estrategiaconcursos.com.br\/blog\/edital-mp-rj\/","og_locale":"pt_BR","og_type":"article","og_title":"Edital MP RJ \u00e9 PUBLICADO; 18 vagas para N\u00edvel M\u00e9dio e Superior","og_description":"Edital MP RJ prev\u00ea provas em novembro de 2019 Foi publicado nesta quinta-feira, 12 de setembro, o edital do concurso do Minist\u00e9rio P\u00fablico do Rio de Janeiro. O edital MP RJ oferta 18 vagas para os cargos de T\u00e9cnico, Oficial e Analista do MP. As remunera\u00e7\u00f5es iniciais v\u00e3o de R$ 4,3 mil a R$ 7,3 [&hellip;]","og_url":"https:\/\/www.estrategiaconcursos.com.br\/blog\/edital-mp-rj\/","og_site_name":"Estrat\u00e9gia Concursos","article_author":"https:\/\/www.facebook.com\/EstrategiaConcursos","article_published_time":"2019-09-13T10:57:28+00:00","article_modified_time":"2022-09-06T19:27:50+00:00","og_image":[{"width":1200,"height":628,"url":"https:\/\/dhg1h5j42swfq.cloudfront.net\/2019\/06\/12092101\/saiu-edital-1.jpg","type":"image\/jpeg"}],"author":"Coordena\u00e7\u00e3o","twitter_card":"summary_large_image","twitter_creator":"@EstratConcursos","twitter_site":"@EstratConcursos","twitter_misc":{"Escrito por":"Coordena\u00e7\u00e3o","Est. tempo de leitura":"4 minutos"},"schema":{"@context":"https:\/\/schema.org","@graph":[{"@type":"NewsArticle","@id":"https:\/\/www.estrategiaconcursos.com.br\/blog\/edital-mp-rj\/#article","isPartOf":{"@id":"https:\/\/www.estrategiaconcursos.com.br\/blog\/edital-mp-rj\/"},"author":{"name":"Coordena\u00e7\u00e3o","@id":"https:\/\/www.estrategiaconcursos.com.br\/blog\/#\/schema\/person\/b4a388c97673c5f483d72185668afa1f"},"headline":"Edital MP RJ \u00e9 PUBLICADO; 18 vagas para N\u00edvel M\u00e9dio e Superior","datePublished":"2019-09-13T10:57:28+00:00","dateModified":"2022-09-06T19:27:50+00:00","mainEntityOfPage":{"@id":"https:\/\/www.estrategiaconcursos.com.br\/blog\/edital-mp-rj\/"},"wordCount":799,"commentCount":1,"publisher":{"@id":"https:\/\/www.estrategiaconcursos.com.br\/blog\/#organization"},"image":{"@id":"https:\/\/www.estrategiaconcursos.com.br\/blog\/edital-mp-rj\/#primaryimage"},"thumbnailUrl":"https:\/\/dhg1h5j42swfq.cloudfront.net\/2019\/06\/12092101\/saiu-edital-1.jpg","articleSection":["Concursos P\u00fablicos"],"inLanguage":"pt-BR","potentialAction":[{"@type":"CommentAction","name":"Comment","target":["https:\/\/www.estrategiaconcursos.com.br\/blog\/edital-mp-rj\/#respond"]}],"copyrightYear":"2019","copyrightHolder":{"@id":"https:\/\/www.estrategiaconcursos.com.br\/blog\/#organization"}},{"@type":"WebPage","@id":"https:\/\/www.estrategiaconcursos.com.br\/blog\/edital-mp-rj\/","url":"https:\/\/www.estrategiaconcursos.com.br\/blog\/edital-mp-rj\/","name":"Edital MP RJ \u00e9 PUBLICADO; 18 vagas para N\u00edvel M\u00e9dio e Superior","isPartOf":{"@id":"https:\/\/www.estrategiaconcursos.com.br\/blog\/#website"},"primaryImageOfPage":{"@id":"https:\/\/www.estrategiaconcursos.com.br\/blog\/edital-mp-rj\/#primaryimage"},"image":{"@id":"https:\/\/www.estrategiaconcursos.com.br\/blog\/edital-mp-rj\/#primaryimage"},"thumbnailUrl":"https:\/\/dhg1h5j42swfq.cloudfront.net\/2019\/06\/12092101\/saiu-edital-1.jpg","datePublished":"2019-09-13T10:57:28+00:00","dateModified":"2022-09-06T19:27:50+00:00","breadcrumb":{"@id":"https:\/\/www.estrategiaconcursos.com.br\/blog\/edital-mp-rj\/#breadcrumb"},"inLanguage":"pt-BR","potentialAction":[{"@type":"ReadAction","target":["https:\/\/www.estrategiaconcursos.com.br\/blog\/edital-mp-rj\/"]}]},{"@type":"ImageObject","inLanguage":"pt-BR","@id":"https:\/\/www.estrategiaconcursos.com.br\/blog\/edital-mp-rj\/#primaryimage","url":"https:\/\/dhg1h5j42swfq.cloudfront.net\/2019\/06\/12092101\/saiu-edital-1.jpg","contentUrl":"https:\/\/dhg1h5j42swfq.cloudfront.net\/2019\/06\/12092101\/saiu-edital-1.jpg","width":1200,"height":628,"caption":"concurso crea sc"},{"@type":"BreadcrumbList","@id":"https:\/\/www.estrategiaconcursos.com.br\/blog\/edital-mp-rj\/#breadcrumb","itemListElement":[{"@type":"ListItem","position":1,"name":"In\u00edcio","item":"https:\/\/www.estrategiaconcursos.com.br\/blog\/"},{"@type":"ListItem","position":2,"name":"Edital MP RJ \u00e9 PUBLICADO; 18 vagas para N\u00edvel M\u00e9dio e Superior"}]},{"@type":"WebSite","@id":"https:\/\/www.estrategiaconcursos.com.br\/blog\/#website","url":"https:\/\/www.estrategiaconcursos.com.br\/blog\/","name":"Estrat\u00e9gia Concursos","description":"O blog da Estrat\u00e9gia Concursos traz not\u00edcias sobre concursos e artigos de professores oferecendo cursos para concursos (pdf + videaulas) no site.","publisher":{"@id":"https:\/\/www.estrategiaconcursos.com.br\/blog\/#organization"},"potentialAction":[{"@type":"SearchAction","target":{"@type":"EntryPoint","urlTemplate":"https:\/\/www.estrategiaconcursos.com.br\/blog\/?s={search_term_string}"},"query-input":{"@type":"PropertyValueSpecification","valueRequired":true,"valueName":"search_term_string"}}],"inLanguage":"pt-BR"},{"@type":"Organization","@id":"https:\/\/www.estrategiaconcursos.com.br\/blog\/#organization","name":"Estrat\u00e9gia Concursos","url":"https:\/\/www.estrategiaconcursos.com.br\/blog\/","logo":{"@type":"ImageObject","inLanguage":"pt-BR","@id":"https:\/\/www.estrategiaconcursos.com.br\/blog\/#\/schema\/logo\/image\/","url":"https:\/\/dhg1h5j42swfq.cloudfront.net\/2025\/06\/03203428\/logo_concursos-1.jpg","contentUrl":"https:\/\/dhg1h5j42swfq.cloudfront.net\/2025\/06\/03203428\/logo_concursos-1.jpg","width":230,"height":60,"caption":"Estrat\u00e9gia Concursos"},"image":{"@id":"https:\/\/www.estrategiaconcursos.com.br\/blog\/#\/schema\/logo\/image\/"},"sameAs":["https:\/\/x.com\/EstratConcursos"]},{"@type":"Person","@id":"https:\/\/www.estrategiaconcursos.com.br\/blog\/#\/schema\/person\/b4a388c97673c5f483d72185668afa1f","name":"Coordena\u00e7\u00e3o","image":{"@type":"ImageObject","inLanguage":"pt-BR","@id":"https:\/\/secure.gravatar.com\/avatar\/b720319e4c9a967eb58678d110f4fe35452fc5d5f97b202bac7b8acceb18c6ad?s=96&d=mm&r=g","url":"https:\/\/secure.gravatar.com\/avatar\/b720319e4c9a967eb58678d110f4fe35452fc5d5f97b202bac7b8acceb18c6ad?s=96&d=mm&r=g","contentUrl":"https:\/\/secure.gravatar.com\/avatar\/b720319e4c9a967eb58678d110f4fe35452fc5d5f97b202bac7b8acceb18c6ad?s=96&d=mm&r=g","caption":"Coordena\u00e7\u00e3o"},"sameAs":["https:\/\/www.facebook.com\/EstrategiaConcursos","https:\/\/x.com\/EstratConcursos"],"url":"https:\/\/www.estrategiaconcursos.com.br\/blog\/author\/estrategia2013\/"}]}},"_links":{"self":[{"href":"https:\/\/www.estrategiaconcursos.com.br\/blog\/wp-json\/wp\/v2\/posts\/419462","targetHints":{"allow":["GET"]}}],"collection":[{"href":"https:\/\/www.estrategiaconcursos.com.br\/blog\/wp-json\/wp\/v2\/posts"}],"about":[{"href":"https:\/\/www.estrategiaconcursos.com.br\/blog\/wp-json\/wp\/v2\/types\/post"}],"author":[{"embeddable":true,"href":"https:\/\/www.estrategiaconcursos.com.br\/blog\/wp-json\/wp\/v2\/users\/1"}],"replies":[{"embeddable":true,"href":"https:\/\/www.estrategiaconcursos.com.br\/blog\/wp-json\/wp\/v2\/comments?post=419462"}],"version-history":[{"count":15,"href":"https:\/\/www.estrategiaconcursos.com.br\/blog\/wp-json\/wp\/v2\/posts\/419462\/revisions"}],"predecessor-version":[{"id":1090500,"href":"https:\/\/www.estrategiaconcursos.com.br\/blog\/wp-json\/wp\/v2\/posts\/419462\/revisions\/1090500"}],"wp:featuredmedia":[{"embeddable":true,"href":"https:\/\/www.estrategiaconcursos.com.br\/blog\/wp-json\/wp\/v2\/media\/419117"}],"wp:attachment":[{"href":"https:\/\/www.estrategiaconcursos.com.br\/blog\/wp-json\/wp\/v2\/media?parent=419462"}],"wp:term":[{"taxonomy":"category","embeddable":true,"href":"https:\/\/www.estrategiaconcursos.com.br\/blog\/wp-json\/wp\/v2\/categories?post=419462"},{"taxonomy":"post_tag","embeddable":true,"href":"https:\/\/www.estrategiaconcursos.com.br\/blog\/wp-json\/wp\/v2\/tags?post=419462"},{"taxonomy":"tax_estado","embeddable":true,"href":"https:\/\/www.estrategiaconcursos.com.br\/blog\/wp-json\/wp\/v2\/tax_estado?post=419462"}],"curies":[{"name":"wp","href":"https:\/\/api.w.org\/{rel}","templated":true}]}}