{"id":419100,"date":"2019-09-12T18:24:03","date_gmt":"2019-09-12T21:24:03","guid":{"rendered":"https:\/\/www.estrategiaconcursos.com.br\/blog\/?p=419100"},"modified":"2019-11-08T17:38:19","modified_gmt":"2019-11-08T20:38:19","slug":"concurso-prefeitura-de-governador-valadares-edital-resumido","status":"publish","type":"post","link":"https:\/\/www.estrategiaconcursos.com.br\/blog\/concurso-prefeitura-de-governador-valadares-edital-resumido\/","title":{"rendered":"Concurso Prefeitura de Governador Valadares: PUBLICADO edital resumido"},"content":{"rendered":"\n<h2 class=\"wp-block-heading\"><em>Edital completo deve sair a qualquer momento<\/em><\/h2>\n\n\n\n<p>Foi divulgado nesta quinta-feira, 12 de setembro, o edital resumido do concurso da Prefeitura de Governador Valadares, em Minas Gerais.<\/p>\n\n\n\n<p>O documento traz apenas a previs\u00e3o de abertura de inscri\u00e7\u00f5es do certame, que deve acontecer entre os dias <strong>18 de novembro a 18 de dezembro de 2019. <\/strong><\/p>\n\n\n\n<p>Lembrando que o processo dever\u00e1 ser feito atrav\u00e9s do site da banca, a empresa&nbsp;<strong>MSM Consultoria &amp; Projetos<\/strong> ou na pr\u00f3pria Prefeitura de Governador Valares, na Central de Atendimento ao Cidad\u00e3o.<\/p>\n\n\n\n<p>Al\u00e9m disso, a banca organizadora do certame j\u00e1 criou um espa\u00e7o em seu portal para anunciar o edital do concurso. Todas as demais informa\u00e7\u00f5es podem ser vistas a partir do dia 24 de setembro de 2019. <\/p>\n\n\n\n<p>O certame deve ofertar aos candidatos&nbsp;<strong>1.157 vagas<\/strong> para cargos de n\u00edvel fundamental, m\u00e9dio e superior. As provas acontecer\u00e3o no m\u00eas de fevereiro do pr\u00f3ximo ano e os resultados divulgados em mar\u00e7o, com nomea\u00e7\u00e3o a partir de 30 de maio de 2020.<\/p>\n\n\n\n<p>O valor <strong>taxa de inscri\u00e7\u00e3o<\/strong> tamb\u00e9m foi anunciado neste projeto b\u00e1sico, e deve variar de acordo com o grau de forma\u00e7\u00e3o do candidato. Confira abaixo:<\/p>\n\n\n\n<p><strong><em>N\u00edvel Fundamental<\/em><\/strong><em>&nbsp;\u2013 R$ 55,00&nbsp;<br \/><\/em><strong><em>N\u00edvel M\u00e9dio<\/em><\/strong><em>&nbsp;\u2013 R$ 75,00<br \/><\/em><strong><em>N\u00edvel Superior<\/em><\/strong><em>&nbsp;\u2013 R$ 120,00&nbsp;<\/em><\/p>\n\n\n\n<p>Com as novas not\u00edcias do concurso, a expectativa \u00e9 que o edital oficial seja publicado ainda neste m\u00eas. <\/p>\n\n\n\n<p style=\"font-size:25px;text-align:center\" class=\"has-background has-very-light-gray-background-color\"><strong><a href=\"https:\/\/dhg1h5j42swfq.cloudfront.net\/2019\/09\/12182234\/Edital-Resumido-Governador-Valadares.pdf\" target=\"_blank\" rel=\"noreferrer noopener\" aria-label=\"Baixe aqui o edital resumido da Prefeitura de Governador Valadares (abre numa nova aba)\">Baixe aqui o edital resumido da Prefeitura de Governador Valadares<\/a><\/strong><\/p>\n\n\n\n<h2 class=\"wp-block-heading\" style=\"text-align:center\" id=\"assinatura-e-cursos\">Quer estudar para o concurso?<\/h2>\n\n\n\n<p style=\"text-align:center\"><em>Gostou desta oportunidade e deseja come\u00e7ar se preparar agora mesmo? Ent\u00e3o, confira os nossos cursos e comece a estudar para o concurso Prefeitura de Governador Valares:<\/em><\/p>\n\n\n\n<p style=\"font-size:22px;text-align:center\"><strong><a href=\"https:\/\/www.estrategiaconcursos.com.br\/cursos\/concurso\/\" target=\"_blank\" rel=\"noreferrer noopener\" aria-label=\"CURSO para CONCURSO  (abre numa nova aba)\">CURSO para CONCURSO <\/a><\/strong><\/p>\n\n\n\n<p style=\"text-align:center\"><em><strong>Assinatura Anual Ilimitada*<\/strong><\/em><\/p>\n\n\n\n<p style=\"text-align:center\"><em>Prepare-se com o melhor material e com quem mais aprova em Concursos P\u00fablicos em todo o pa\u00eds. Assine agora a nossa Assinatura Anual e tenha acesso ilimitado* a todos os nossos cursos.<\/em><\/p>\n\n\n\n<p style=\"text-align:center\" class=\"has-background has-light-green-cyan-background-color\"><strong>ASSINE AGORA<\/strong>&nbsp;\u2013&nbsp;<a rel=\"noreferrer noopener\" href=\"https:\/\/www.estrategiaconcursos.com.br\/assinaturas\" target=\"_blank\"><strong>Assinatura Ilimitada<\/strong><\/a><\/p>\n\n\n\n<p style=\"text-align:center\"><strong><em>Fique por dentro dos concursos vigentes:<\/em><\/strong><\/p>\n\n\n\n<p style=\"font-size:22px;text-align:center\" class=\"has-background has-pale-cyan-blue-background-color\"><strong><a href=\"https:\/\/www.estrategiaconcursos.com.br\/blog\/concursos-abertos\/\" target=\"_blank\" rel=\"noreferrer noopener\">CONCURSOS ABERTOS<\/a><\/strong><\/p>\n\n\n\n<p style=\"font-size:22px;text-align:center\" class=\"has-background has-pale-cyan-blue-background-color\"><strong><a href=\"https:\/\/www.estrategiaconcursos.com.br\/blog\/concursos-2019\/\" target=\"_blank\" rel=\"noreferrer noopener\">CONCURSOS 2019<\/a><\/strong><\/p>\n\n\n\n<p style=\"font-size:22px;text-align:center\" class=\"has-background has-pale-cyan-blue-background-color\"><strong><a href=\"https:\/\/www.estrategiaconcursos.com.br\/blog\/concursos-2020\/\" target=\"_blank\" rel=\"noreferrer noopener\">CONCURSOS&nbsp;2020<\/a><\/strong><\/p>\n","protected":false},"excerpt":{"rendered":"<p>Edital completo deve sair a qualquer momento Foi divulgado nesta quinta-feira, 12 de setembro, o edital resumido do concurso da Prefeitura de Governador Valadares, em Minas Gerais. O documento traz apenas a previs\u00e3o de abertura de inscri\u00e7\u00f5es do certame, que deve acontecer entre os dias 18 de novembro a 18 de dezembro de 2019. Lembrando [&hellip;]<\/p>\n","protected":false},"author":129,"featured_media":0,"comment_status":"open","ping_status":"closed","sticky":false,"template":"","format":"standard","meta":{"post_tipo":"article","footnotes":""},"categories":[1],"tags":[],"tax_estado":[],"class_list":["post-419100","post","type-post","status-publish","format-standard","hentry","category-cursos-e-concursos"],"acf":[],"yoast_head":"<!-- This site is optimized with the Yoast SEO Premium plugin v27.2 (Yoast SEO v27.2) - https:\/\/yoast.com\/product\/yoast-seo-premium-wordpress\/ -->\n<title>Concurso Prefeitura de Governador Valadares: PUBLICADO edital resumido<\/title>\n<meta name=\"robots\" content=\"index, follow, max-snippet:-1, max-image-preview:large, max-video-preview:-1\" \/>\n<link rel=\"canonical\" href=\"https:\/\/www.estrategiaconcursos.com.br\/blog\/concurso-prefeitura-de-governador-valadares-edital-resumido\/\" \/>\n<meta property=\"og:locale\" content=\"pt_BR\" \/>\n<meta property=\"og:type\" content=\"article\" \/>\n<meta property=\"og:title\" content=\"Concurso Prefeitura de Governador Valadares: PUBLICADO edital resumido\" \/>\n<meta property=\"og:description\" content=\"Edital completo deve sair a qualquer momento Foi divulgado nesta quinta-feira, 12 de setembro, o edital resumido do concurso da Prefeitura de Governador Valadares, em Minas Gerais. O documento traz apenas a previs\u00e3o de abertura de inscri\u00e7\u00f5es do certame, que deve acontecer entre os dias 18 de novembro a 18 de dezembro de 2019. Lembrando [&hellip;]\" \/>\n<meta property=\"og:url\" content=\"https:\/\/www.estrategiaconcursos.com.br\/blog\/concurso-prefeitura-de-governador-valadares-edital-resumido\/\" \/>\n<meta property=\"og:site_name\" content=\"Estrat\u00e9gia Concursos\" \/>\n<meta property=\"article:published_time\" content=\"2019-09-12T21:24:03+00:00\" \/>\n<meta property=\"article:modified_time\" content=\"2019-11-08T20:38:19+00:00\" \/>\n<meta name=\"author\" content=\"Herbert Almeida\" \/>\n<meta name=\"twitter:card\" content=\"summary_large_image\" \/>\n<meta name=\"twitter:creator\" content=\"@EstratConcursos\" \/>\n<meta name=\"twitter:site\" content=\"@EstratConcursos\" \/>\n<meta name=\"twitter:label1\" content=\"Escrito por\" \/>\n\t<meta name=\"twitter:data1\" content=\"Herbert Almeida\" \/>\n\t<meta name=\"twitter:label2\" content=\"Est. tempo de leitura\" \/>\n\t<meta name=\"twitter:data2\" content=\"2 minutos\" \/>\n<script type=\"application\/ld+json\" class=\"yoast-schema-graph\">{\"@context\":\"https:\/\/schema.org\",\"@graph\":[{\"@type\":\"NewsArticle\",\"@id\":\"https:\/\/www.estrategiaconcursos.com.br\/blog\/concurso-prefeitura-de-governador-valadares-edital-resumido\/#article\",\"isPartOf\":{\"@id\":\"https:\/\/www.estrategiaconcursos.com.br\/blog\/concurso-prefeitura-de-governador-valadares-edital-resumido\/\"},\"author\":{\"name\":\"Herbert Almeida\",\"@id\":\"https:\/\/www.estrategiaconcursos.com.br\/blog\/#\/schema\/person\/59717c75350fa01aa0fd68a52a8d02e0\"},\"headline\":\"Concurso Prefeitura de Governador Valadares: PUBLICADO edital resumido\",\"datePublished\":\"2019-09-12T21:24:03+00:00\",\"dateModified\":\"2019-11-08T20:38:19+00:00\",\"mainEntityOfPage\":{\"@id\":\"https:\/\/www.estrategiaconcursos.com.br\/blog\/concurso-prefeitura-de-governador-valadares-edital-resumido\/\"},\"wordCount\":345,\"commentCount\":0,\"publisher\":{\"@id\":\"https:\/\/www.estrategiaconcursos.com.br\/blog\/#organization\"},\"articleSection\":[\"Concursos P\u00fablicos\"],\"inLanguage\":\"pt-BR\",\"potentialAction\":[{\"@type\":\"CommentAction\",\"name\":\"Comment\",\"target\":[\"https:\/\/www.estrategiaconcursos.com.br\/blog\/concurso-prefeitura-de-governador-valadares-edital-resumido\/#respond\"]}],\"copyrightYear\":\"2019\",\"copyrightHolder\":{\"@id\":\"https:\/\/www.estrategiaconcursos.com.br\/blog\/#organization\"}},{\"@type\":\"WebPage\",\"@id\":\"https:\/\/www.estrategiaconcursos.com.br\/blog\/concurso-prefeitura-de-governador-valadares-edital-resumido\/\",\"url\":\"https:\/\/www.estrategiaconcursos.com.br\/blog\/concurso-prefeitura-de-governador-valadares-edital-resumido\/\",\"name\":\"Concurso Prefeitura de Governador Valadares: PUBLICADO edital resumido\",\"isPartOf\":{\"@id\":\"https:\/\/www.estrategiaconcursos.com.br\/blog\/#website\"},\"datePublished\":\"2019-09-12T21:24:03+00:00\",\"dateModified\":\"2019-11-08T20:38:19+00:00\",\"breadcrumb\":{\"@id\":\"https:\/\/www.estrategiaconcursos.com.br\/blog\/concurso-prefeitura-de-governador-valadares-edital-resumido\/#breadcrumb\"},\"inLanguage\":\"pt-BR\",\"potentialAction\":[{\"@type\":\"ReadAction\",\"target\":[\"https:\/\/www.estrategiaconcursos.com.br\/blog\/concurso-prefeitura-de-governador-valadares-edital-resumido\/\"]}]},{\"@type\":\"BreadcrumbList\",\"@id\":\"https:\/\/www.estrategiaconcursos.com.br\/blog\/concurso-prefeitura-de-governador-valadares-edital-resumido\/#breadcrumb\",\"itemListElement\":[{\"@type\":\"ListItem\",\"position\":1,\"name\":\"In\u00edcio\",\"item\":\"https:\/\/www.estrategiaconcursos.com.br\/blog\/\"},{\"@type\":\"ListItem\",\"position\":2,\"name\":\"Concurso Prefeitura de Governador Valadares: PUBLICADO edital resumido\"}]},{\"@type\":\"WebSite\",\"@id\":\"https:\/\/www.estrategiaconcursos.com.br\/blog\/#website\",\"url\":\"https:\/\/www.estrategiaconcursos.com.br\/blog\/\",\"name\":\"Estrat\u00e9gia Concursos\",\"description\":\"O blog da Estrat\u00e9gia Concursos traz not\u00edcias sobre concursos e artigos de professores oferecendo cursos para concursos (pdf + videaulas) no site.\",\"publisher\":{\"@id\":\"https:\/\/www.estrategiaconcursos.com.br\/blog\/#organization\"},\"potentialAction\":[{\"@type\":\"SearchAction\",\"target\":{\"@type\":\"EntryPoint\",\"urlTemplate\":\"https:\/\/www.estrategiaconcursos.com.br\/blog\/?s={search_term_string}\"},\"query-input\":{\"@type\":\"PropertyValueSpecification\",\"valueRequired\":true,\"valueName\":\"search_term_string\"}}],\"inLanguage\":\"pt-BR\"},{\"@type\":\"Organization\",\"@id\":\"https:\/\/www.estrategiaconcursos.com.br\/blog\/#organization\",\"name\":\"Estrat\u00e9gia Concursos\",\"url\":\"https:\/\/www.estrategiaconcursos.com.br\/blog\/\",\"logo\":{\"@type\":\"ImageObject\",\"inLanguage\":\"pt-BR\",\"@id\":\"https:\/\/www.estrategiaconcursos.com.br\/blog\/#\/schema\/logo\/image\/\",\"url\":\"https:\/\/dhg1h5j42swfq.cloudfront.net\/2025\/06\/03203428\/logo_concursos-1.jpg\",\"contentUrl\":\"https:\/\/dhg1h5j42swfq.cloudfront.net\/2025\/06\/03203428\/logo_concursos-1.jpg\",\"width\":230,\"height\":60,\"caption\":\"Estrat\u00e9gia Concursos\"},\"image\":{\"@id\":\"https:\/\/www.estrategiaconcursos.com.br\/blog\/#\/schema\/logo\/image\/\"},\"sameAs\":[\"https:\/\/x.com\/EstratConcursos\"]},{\"@type\":\"Person\",\"@id\":\"https:\/\/www.estrategiaconcursos.com.br\/blog\/#\/schema\/person\/59717c75350fa01aa0fd68a52a8d02e0\",\"name\":\"Herbert Almeida\",\"image\":{\"@type\":\"ImageObject\",\"inLanguage\":\"pt-BR\",\"@id\":\"https:\/\/secure.gravatar.com\/avatar\/b6461a43893c24d5fc91efc433971ffec025c84c0341129f4578034d77f9a536?s=96&d=mm&r=g\",\"url\":\"https:\/\/secure.gravatar.com\/avatar\/b6461a43893c24d5fc91efc433971ffec025c84c0341129f4578034d77f9a536?s=96&d=mm&r=g\",\"contentUrl\":\"https:\/\/secure.gravatar.com\/avatar\/b6461a43893c24d5fc91efc433971ffec025c84c0341129f4578034d77f9a536?s=96&d=mm&r=g\",\"caption\":\"Herbert Almeida\"},\"url\":\"https:\/\/www.estrategiaconcursos.com.br\/blog\/author\/herbertestrategiaconcursos-com-br\/\"}]}<\/script>\n<!-- \/ Yoast SEO Premium plugin. -->","yoast_head_json":{"title":"Concurso Prefeitura de Governador Valadares: PUBLICADO edital resumido","robots":{"index":"index","follow":"follow","max-snippet":"max-snippet:-1","max-image-preview":"max-image-preview:large","max-video-preview":"max-video-preview:-1"},"canonical":"https:\/\/www.estrategiaconcursos.com.br\/blog\/concurso-prefeitura-de-governador-valadares-edital-resumido\/","og_locale":"pt_BR","og_type":"article","og_title":"Concurso Prefeitura de Governador Valadares: PUBLICADO edital resumido","og_description":"Edital completo deve sair a qualquer momento Foi divulgado nesta quinta-feira, 12 de setembro, o edital resumido do concurso da Prefeitura de Governador Valadares, em Minas Gerais. O documento traz apenas a previs\u00e3o de abertura de inscri\u00e7\u00f5es do certame, que deve acontecer entre os dias 18 de novembro a 18 de dezembro de 2019. Lembrando [&hellip;]","og_url":"https:\/\/www.estrategiaconcursos.com.br\/blog\/concurso-prefeitura-de-governador-valadares-edital-resumido\/","og_site_name":"Estrat\u00e9gia Concursos","article_published_time":"2019-09-12T21:24:03+00:00","article_modified_time":"2019-11-08T20:38:19+00:00","author":"Herbert Almeida","twitter_card":"summary_large_image","twitter_creator":"@EstratConcursos","twitter_site":"@EstratConcursos","twitter_misc":{"Escrito por":"Herbert Almeida","Est. tempo de leitura":"2 minutos"},"schema":{"@context":"https:\/\/schema.org","@graph":[{"@type":"NewsArticle","@id":"https:\/\/www.estrategiaconcursos.com.br\/blog\/concurso-prefeitura-de-governador-valadares-edital-resumido\/#article","isPartOf":{"@id":"https:\/\/www.estrategiaconcursos.com.br\/blog\/concurso-prefeitura-de-governador-valadares-edital-resumido\/"},"author":{"name":"Herbert Almeida","@id":"https:\/\/www.estrategiaconcursos.com.br\/blog\/#\/schema\/person\/59717c75350fa01aa0fd68a52a8d02e0"},"headline":"Concurso Prefeitura de Governador Valadares: PUBLICADO edital resumido","datePublished":"2019-09-12T21:24:03+00:00","dateModified":"2019-11-08T20:38:19+00:00","mainEntityOfPage":{"@id":"https:\/\/www.estrategiaconcursos.com.br\/blog\/concurso-prefeitura-de-governador-valadares-edital-resumido\/"},"wordCount":345,"commentCount":0,"publisher":{"@id":"https:\/\/www.estrategiaconcursos.com.br\/blog\/#organization"},"articleSection":["Concursos P\u00fablicos"],"inLanguage":"pt-BR","potentialAction":[{"@type":"CommentAction","name":"Comment","target":["https:\/\/www.estrategiaconcursos.com.br\/blog\/concurso-prefeitura-de-governador-valadares-edital-resumido\/#respond"]}],"copyrightYear":"2019","copyrightHolder":{"@id":"https:\/\/www.estrategiaconcursos.com.br\/blog\/#organization"}},{"@type":"WebPage","@id":"https:\/\/www.estrategiaconcursos.com.br\/blog\/concurso-prefeitura-de-governador-valadares-edital-resumido\/","url":"https:\/\/www.estrategiaconcursos.com.br\/blog\/concurso-prefeitura-de-governador-valadares-edital-resumido\/","name":"Concurso Prefeitura de Governador Valadares: PUBLICADO edital resumido","isPartOf":{"@id":"https:\/\/www.estrategiaconcursos.com.br\/blog\/#website"},"datePublished":"2019-09-12T21:24:03+00:00","dateModified":"2019-11-08T20:38:19+00:00","breadcrumb":{"@id":"https:\/\/www.estrategiaconcursos.com.br\/blog\/concurso-prefeitura-de-governador-valadares-edital-resumido\/#breadcrumb"},"inLanguage":"pt-BR","potentialAction":[{"@type":"ReadAction","target":["https:\/\/www.estrategiaconcursos.com.br\/blog\/concurso-prefeitura-de-governador-valadares-edital-resumido\/"]}]},{"@type":"BreadcrumbList","@id":"https:\/\/www.estrategiaconcursos.com.br\/blog\/concurso-prefeitura-de-governador-valadares-edital-resumido\/#breadcrumb","itemListElement":[{"@type":"ListItem","position":1,"name":"In\u00edcio","item":"https:\/\/www.estrategiaconcursos.com.br\/blog\/"},{"@type":"ListItem","position":2,"name":"Concurso Prefeitura de Governador Valadares: PUBLICADO edital resumido"}]},{"@type":"WebSite","@id":"https:\/\/www.estrategiaconcursos.com.br\/blog\/#website","url":"https:\/\/www.estrategiaconcursos.com.br\/blog\/","name":"Estrat\u00e9gia Concursos","description":"O blog da Estrat\u00e9gia Concursos traz not\u00edcias sobre concursos e artigos de professores oferecendo cursos para concursos (pdf + videaulas) no site.","publisher":{"@id":"https:\/\/www.estrategiaconcursos.com.br\/blog\/#organization"},"potentialAction":[{"@type":"SearchAction","target":{"@type":"EntryPoint","urlTemplate":"https:\/\/www.estrategiaconcursos.com.br\/blog\/?s={search_term_string}"},"query-input":{"@type":"PropertyValueSpecification","valueRequired":true,"valueName":"search_term_string"}}],"inLanguage":"pt-BR"},{"@type":"Organization","@id":"https:\/\/www.estrategiaconcursos.com.br\/blog\/#organization","name":"Estrat\u00e9gia Concursos","url":"https:\/\/www.estrategiaconcursos.com.br\/blog\/","logo":{"@type":"ImageObject","inLanguage":"pt-BR","@id":"https:\/\/www.estrategiaconcursos.com.br\/blog\/#\/schema\/logo\/image\/","url":"https:\/\/dhg1h5j42swfq.cloudfront.net\/2025\/06\/03203428\/logo_concursos-1.jpg","contentUrl":"https:\/\/dhg1h5j42swfq.cloudfront.net\/2025\/06\/03203428\/logo_concursos-1.jpg","width":230,"height":60,"caption":"Estrat\u00e9gia Concursos"},"image":{"@id":"https:\/\/www.estrategiaconcursos.com.br\/blog\/#\/schema\/logo\/image\/"},"sameAs":["https:\/\/x.com\/EstratConcursos"]},{"@type":"Person","@id":"https:\/\/www.estrategiaconcursos.com.br\/blog\/#\/schema\/person\/59717c75350fa01aa0fd68a52a8d02e0","name":"Herbert Almeida","image":{"@type":"ImageObject","inLanguage":"pt-BR","@id":"https:\/\/secure.gravatar.com\/avatar\/b6461a43893c24d5fc91efc433971ffec025c84c0341129f4578034d77f9a536?s=96&d=mm&r=g","url":"https:\/\/secure.gravatar.com\/avatar\/b6461a43893c24d5fc91efc433971ffec025c84c0341129f4578034d77f9a536?s=96&d=mm&r=g","contentUrl":"https:\/\/secure.gravatar.com\/avatar\/b6461a43893c24d5fc91efc433971ffec025c84c0341129f4578034d77f9a536?s=96&d=mm&r=g","caption":"Herbert Almeida"},"url":"https:\/\/www.estrategiaconcursos.com.br\/blog\/author\/herbertestrategiaconcursos-com-br\/"}]}},"_links":{"self":[{"href":"https:\/\/www.estrategiaconcursos.com.br\/blog\/wp-json\/wp\/v2\/posts\/419100","targetHints":{"allow":["GET"]}}],"collection":[{"href":"https:\/\/www.estrategiaconcursos.com.br\/blog\/wp-json\/wp\/v2\/posts"}],"about":[{"href":"https:\/\/www.estrategiaconcursos.com.br\/blog\/wp-json\/wp\/v2\/types\/post"}],"author":[{"embeddable":true,"href":"https:\/\/www.estrategiaconcursos.com.br\/blog\/wp-json\/wp\/v2\/users\/129"}],"replies":[{"embeddable":true,"href":"https:\/\/www.estrategiaconcursos.com.br\/blog\/wp-json\/wp\/v2\/comments?post=419100"}],"version-history":[{"count":12,"href":"https:\/\/www.estrategiaconcursos.com.br\/blog\/wp-json\/wp\/v2\/posts\/419100\/revisions"}],"predecessor-version":[{"id":419460,"href":"https:\/\/www.estrategiaconcursos.com.br\/blog\/wp-json\/wp\/v2\/posts\/419100\/revisions\/419460"}],"wp:attachment":[{"href":"https:\/\/www.estrategiaconcursos.com.br\/blog\/wp-json\/wp\/v2\/media?parent=419100"}],"wp:term":[{"taxonomy":"category","embeddable":true,"href":"https:\/\/www.estrategiaconcursos.com.br\/blog\/wp-json\/wp\/v2\/categories?post=419100"},{"taxonomy":"post_tag","embeddable":true,"href":"https:\/\/www.estrategiaconcursos.com.br\/blog\/wp-json\/wp\/v2\/tags?post=419100"},{"taxonomy":"tax_estado","embeddable":true,"href":"https:\/\/www.estrategiaconcursos.com.br\/blog\/wp-json\/wp\/v2\/tax_estado?post=419100"}],"curies":[{"name":"wp","href":"https:\/\/api.w.org\/{rel}","templated":true}]}}