{"id":41905,"date":"2016-06-23T19:23:32","date_gmt":"2016-06-23T22:23:32","guid":{"rendered":"http:\/\/www.estrategiaconcursos.com.br\/blog\/?p=41905"},"modified":"2016-07-22T18:17:06","modified_gmt":"2016-07-22T21:17:06","slug":"prova-de-portugues-para-perito-criminal-pc-pe-comentada","status":"publish","type":"post","link":"https:\/\/www.estrategiaconcursos.com.br\/blog\/prova-de-portugues-para-perito-criminal-pc-pe-comentada\/","title":{"rendered":"Prova de Portugu\u00eas para Perito Criminal &#8211; PC PE comentada!"},"content":{"rendered":"<p style=\"text-align: justify\">Ol\u00e1, amigos e alunos do Estrat\u00e9gia Concursos!!! Tudo certo?<\/p>\n<p style=\"text-align: justify\">Quero comentar com voc\u00eas a prova organizada pelo <strong>Cespe\/UnB<\/strong> para o cargo de Perito Criminal da Pol\u00edcia Cient\u00edfica de Pernambuco! Os textos n\u00e3o est\u00e3o aqui no artigo, apenas as quest\u00f5es. Voc\u00eas podem acessar a prova completa pelo link: <a href=\"http:\/\/www.cespe.unb.br\/concursos\/sds_pe_16_cientifica\/arquivos\/260SDSPE_CG1_01.PDF\" target=\"_blank\">PROVA<\/a><\/p>\n<p style=\"text-align: justify\">Vamos ao trabalho!<\/p>\n<p style=\"text-align: justify\"><strong>QUEST\u00c3O 1. <\/strong>No texto CG1A1AAA, a palavra<br \/>\nA. \u201carb\u00edtrio\u201d (L.12) foi empregada no sentido de vontade.<br \/>\nB. \u201cinusitado\u201d (L.2) foi empregada no sentido de corriqueiro.<br \/>\nC. \u2018extraordin\u00e1ria\u2019 (L.6) foi empregada no sentido de comezinha.<br \/>\nD. \u2018aterrador\u2019 (L.8) foi empregada no sentido de atenuador.<br \/>\nE. \u201cdilema\u201d (L.7) foi empregada no sentido de contradit\u00f3rio.<\/p>\n<p><span style=\"color: #000080\"><em>Coment\u00e1rio: a resposta correta para a quest\u00e3o \u00e9 a alternativa A, vejam:<\/em><\/span><\/p>\n<p><span style=\"color: #000080\"><em>A palavra \u201carb\u00edtrio\u201d foi empregada com sentido de vontade, como consta corretamente na letra A.<\/em><\/span><\/p>\n<p><span style=\"color: #000080\"><em>O erro da alternativa B \u00e9 que \u201cinusitado\u201d foi empregado no sentido literal, significando <strong>n\u00e3o usual<\/strong>, <strong>fora do comum<\/strong>, e \u201ccorriqueiro\u201d significa comum, ou seja, o contr\u00e1rio do que est\u00e1 no texto.<\/em><\/span><\/p>\n<p><span style=\"color: #000080\"><em>Em C, \u201cextraordin\u00e1rio\u201d significa tamb\u00e9m <strong>fora do comum<\/strong> e \u201ccomezinha\u201d significa simples, portanto, s\u00e3o significados diferentes, o que invalida a alternativa. <\/em><\/span><\/p>\n<p><span style=\"color: #000080\"><em>Na letra D, h\u00e1 erro porque \u201caterrador\u201d significa <strong>aterrorizador<\/strong> e \u201catenuador\u201d significa tornar menos denso. N\u00e3o h\u00e1 correspond\u00eancia quanto ao significado.<\/em><\/span><\/p>\n<p><span style=\"color: #000080\"><em>Em E, \u201cdilema\u201d \u00e9 a <strong>NECESSIDADE de DECIDIR entre op\u00e7\u00f5es contradit\u00f3rias<\/strong> e \u201ccontradit\u00f3rio\u201d \u00e9 o que tem <strong>sentido contr\u00e1rio<\/strong>.<\/em><\/span><\/p>\n<p style=\"text-align: justify\"><span style=\"color: #000080\"><em>Gabarito: A<\/em><\/span><\/p>\n<p style=\"text-align: justify\"><strong>QUEST\u00c3O 2.<\/strong> No texto CG1A1AAA, o sinal de dois-pontos empregado logo ap\u00f3s \u2018incontorn\u00e1vel\u2019 (l.8) introduz<br \/>\nA. uma express\u00e3o que o autor desejou real\u00e7ar.<br \/>\nB. uma enumera\u00e7\u00e3o.<br \/>\nC. uma cita\u00e7\u00e3o.<br \/>\nD. um esclarecimento acerca do que foi enunciado anteriormente no per\u00edodo.<br \/>\nE. uma exemplifica\u00e7\u00e3o.<\/p>\n<p style=\"text-align: justify\"><em><span style=\"color: #000080\">Coment\u00e1rio: o<\/span><\/em><em><span style=\"color: #000080\"> sinal de dois-pontos inicia um esclarecimento a respeito do dilema citado na ora\u00e7\u00e3o anterior. Trata-se de uma ora\u00e7\u00e3o apositiva.<\/span><\/em><br \/>\n<em><span style=\"color: #000080\"> Gabarito: D<\/span><\/em><\/p>\n<p style=\"text-align: justify\"><strong>QUEST\u00c3O 3.<\/strong> De acordo com o texto CG1A1AAA,<br \/>\nA. os tratados e os acordos mundiais s\u00e3o irrelevantes na busca da supera\u00e7\u00e3o da pr\u00e1tica da guerra.<br \/>\nB. os EUA mostram coer\u00eancia, pois praticam aquilo que prop\u00f5em para outras na\u00e7\u00f5es.<br \/>\nC. a guerra justifica-se pelo arb\u00edtrio das na\u00e7\u00f5es e suas doutrinas de \u201cautodefesa antecipada\u201d.<br \/>\nD. o descumprimento de regras mundiais passou a ser uma pr\u00e1tica adotada pelos EUA a partir dos governos de Reagan e Bush II.<br \/>\nE. a preocupa\u00e7\u00e3o manifestada no apelo de Bertrand Russell e de Albert Einstein, em meados do s\u00e9culo passado, era de cunho supranacional.<\/p>\n<p style=\"text-align: justify\"><span style=\"color: #000080\"><em>Coment\u00e1rio: a<\/em><\/span><span style=\"color: #000080\"><em>nalisando cada alternativa:<\/em><\/span><br \/>\n<span style=\"color: #000080\"><em> A \u2013 errada \u2013 os acordos e tratados s\u00e3o muito importantes para a supera\u00e7\u00e3o da guerra, por\u00e9m infere-se do texto que n\u00e3o s\u00e3o cumpridos por todos, como consta no trecho \u201c&#8230;os Estados Unidos da Am\u00e9rica (EUA) s\u00e3o implac\u00e1veis na imposi\u00e7\u00e3o do direito 16 internacional e de tratados e regras da ordem mundial aos outros pa\u00edses, mas rejeitam-nos como irrelevantes quando se trata de si mesmos.\u201d<\/em><\/span><br \/>\n<span style=\"color: #000080\"><em> B \u2013 errada &#8211; o mesmo trecho do texto destacado acima comprova que os Estados Unidos s\u00e3o incoerentes em rela\u00e7\u00e3o ao que prop\u00f5em e a suas a\u00e7\u00f5es.<\/em><\/span><br \/>\n<span style=\"color: #000080\"><em> C \u2013 errada \u2013 o texto cita que a pot\u00eancia mundial hegem\u00f4nica, no caso, Estados Unidos, age pelo seu arb\u00edtrio e por suas doutrinas de \u201cautodefesa antecipada\u201d. N\u00e3o h\u00e1 cita\u00e7\u00e3o relativa a outras na\u00e7\u00f5es.<\/em><\/span><br \/>\n<span style=\"color: #000080\"><em> D \u2013 errada \u2013 o texto n\u00e3o afirma que os EUA descumprem as regras, mas que eles as consideram irrelevantes para eles mesmos, como consta no trecho: \u201cos Estados Unidos da Am\u00e9rica (EUA) s\u00e3o implac\u00e1veis na imposi\u00e7\u00e3o do direito internacional e de tratados e regras da ordem mundial aos outros pa\u00edses, mas rejeitam-nos como irrelevantes quando se trata de si mesmos \u2014 uma pr\u00e1tica antiga, levada a limites inauditos pelos governos de Reagan e Bush II.\u201d<\/em><\/span><br \/>\n<span style=\"color: #000080\"><em> E \u2013 CORRETA \u2013 o apelo feito a todas as na\u00e7\u00f5es revelou uma preocupa\u00e7\u00e3o de cunho mundial.<\/em><\/span><br \/>\n<span style=\"color: #000080\"><em> Gabarito: E<\/em><\/span><\/p>\n<p style=\"text-align: justify\"><strong>QUEST\u00c3O 4.<\/strong> No texto CG1A1AAA, a forma pronominal<br \/>\nA. \u201cnos\u201d (L.17) retoma \u201coutros pa\u00edses\u201d (L.17).<br \/>\nB. \u2018consigo\u2019 (L.6) refere-se a \u2018membros\u2019 (L.5).<br \/>\nC. \u201clhes\u201d (L.3) refere-se a \u201cBertrand Russell e Albert Einstein\u201d (L.1).<br \/>\nD. \u201cse\u201d (L.4) refere-se a \u201cpovos do mundo\u201d (L.2).<br \/>\nE. \u2018cujo\u2019 (L.6) retoma \u2018membros de uma esp\u00e9cie\u2019 (L.5).<\/p>\n<p style=\"text-align: justify\"><span style=\"color: #000080\"><em>Coment\u00e1rio:<\/em><\/span><br \/>\n<span style=\"color: #000080\"><em> A \u2013 errada \u2013 o pronome \u201cnos\u201d retoma \u201ctratados e regras\u201d.<\/em><\/span><br \/>\n<span style=\"color: #000080\"><em> B \u2013 errada \u2013 \u201cconsigo\u201d faz refer\u00eancia a \u201cesp\u00e9cie biol\u00f3gica\u201d.<\/em><\/span><br \/>\n<span style=\"color: #000080\"><em> C \u2013 errada \u2013 \u201clhes\u201d refere-se a \u201cpovos do mundo\u201d.<\/em><\/span><br \/>\n<span style=\"color: #000080\"><em> D \u2013 CORRETA \u2013 o \u201cse\u201d no trecho \u201caos povos do mundo, pedindo-lhes que \u2018pusessem de lado\u2019 seus fortes sentimentos a respeito de uma s\u00e9rie de quest\u00f5es e se vissem \u2018exclusivamente como membros&#8230;\u2019\u201d faz refer\u00eancia a \u201cpovos do mundo\u201d.<\/em><\/span><br \/>\n<span style=\"color: #000080\"><em> E \u2013 errada \u2013 o \u201ccujo\u201d retoma e tem rela\u00e7\u00e3o de posse entre \u201cesp\u00e9cie biol\u00f3gica\u201d e \u201cdesaparecimento\u201d.<\/em><\/span><br \/>\n<span style=\"color: #000080\"><em> Gabarito: D<\/em><\/span><\/p>\n<p style=\"text-align: justify\"><strong>QUEST\u00c3O 5. <\/strong>Com rela\u00e7\u00e3o ao texto CG1A1BBB e \u00e0s ideias nele presentes, assinale a op\u00e7\u00e3o correta.<br \/>\nA. A maioria das crian\u00e7as do col\u00e9gio tinha prefer\u00eancia pelo candidato Lott.<br \/>\nB. O texto apresenta caracter\u00edsticas t\u00edpicas do g\u00eanero relato.<br \/>\nC. A vassoura representa, no texto, a candidatura de Lott.<br \/>\nD. O texto \u00e9 predominantemente argumentativo.<br \/>\nE. No texto, o narrador descreve as emo\u00e7\u00f5es que teve ao votar pela primeira vez em elei\u00e7\u00f5es oficiais.<\/p>\n<p style=\"text-align: justify\"><span style=\"color: #000080\"><em>Coment\u00e1rio: a alternativa A est\u00e1 incorreta porque somente o narrador tinha prefer\u00eancia por esse candidato, como pode ser confirmado no trecho: \u201cNa minha turma da quarta s\u00e9rie prim\u00e1ria, era a \u00fanica. 4 N\u00e3o me lembro que houvesse outras como ela entre os meus colegas da escola.\u201d.<\/em><\/span><br \/>\n<span style=\"color: #000080\"><em> A letra B est\u00e1 CORRETA. O texto \u00e9 uma hist\u00f3ria narrada em primeira pessoa, em que h\u00e1 a explana\u00e7\u00e3o de uma experi\u00eancia vivida pelo narrador. Trata-se, portanto, de um relato pessoal.<\/em><\/span><br \/>\n<span style=\"color: #000080\"><em> A letra C est\u00e1 errada porque, segundo o texto, a vassoura representa a candidatura de J\u00e2nio Quadros.<\/em><\/span><br \/>\n<span style=\"color: #000080\"><em> A letra D est\u00e1 errada, o texto n\u00e3o \u00e9 argumentativo e sim narrativo.<\/em><\/span><br \/>\n<span style=\"color: #000080\"><em> A afirmativa da letra E est\u00e1 errada, uma vez que o narrador estava na quarta s\u00e9rie prim\u00e1ria, como consta no primeiro par\u00e1grafo, ou seja, ainda n\u00e3o estava em idade de vota\u00e7\u00e3o.<\/em><\/span><br \/>\n<span style=\"color: #000080\"><em> Gabarito: B<\/em><\/span><\/p>\n<p style=\"text-align: justify\"><strong>QUEST\u00c3O 6.<\/strong> A corre\u00e7\u00e3o gramatical e os sentidos do texto CG1A1BBB seriam mantidos caso se substitu\u00edsse<br \/>\nA. o trecho \u201cque senti\u201d (L.10) por sentidas por mim.<br \/>\nB. a forma verbal \u201clembrasse\u201d (L.12) por lembrei.<br \/>\nC. a forma verbal \u201cmarcaria\u201d (L.15) por tinha marcado.<br \/>\nD. a forma verbal \u201cexplique\u201d (L.9) por explica.<br \/>\nE. a forma verbal \u201chouvesse\u201d (L.4) por existisse.<\/p>\n<p style=\"text-align: justify\"><span style=\"color: #000080\"><em>Coment\u00e1rio: a \u00fanica alternativa em que a substitui\u00e7\u00e3o proposta poderia ocorrer \u00e9 a letra A. No trecho \u201cat\u00e9 muito tempo depois da tristeza e perplexidade que senti na derrota de Lott\u201d, \u201cque senti\u201d pode ser substitu\u00eddo por \u201csentidas por mim\u201d sem que haja preju\u00edzo de sentido, uma vez que sentidas concordaria com \u201ctristeza e perplexidade\u201d.<\/em><\/span><br \/>\n<span style=\"color: #000080\"><em> Gabarito: A<\/em><\/span><\/p>\n<p style=\"text-align: justify\"><strong>QUEST\u00c3O 7.<\/strong> Seriam mantidos os sentidos e a corre\u00e7\u00e3o gramatical do texto CG1A1CCC caso a forma verbal \u201centrara\u201d (L.6) fosse substitu\u00edda por<br \/>\nA. entrava.<br \/>\nB. haveria entrado.<br \/>\nC. tinha entrado.<br \/>\nD. h\u00e1 de entrar.<br \/>\nE. entraria.<\/p>\n<p style=\"text-align: justify\"><span style=\"color: #000080\"><em>Coment\u00e1rio: substitui o termo \u201centrara\u201d, verbo conjugado na primeira pessoa do singular do pret\u00e9rito mais-que-perfeito simples, que consta no trecho \u201cGuylain Vignolles, esse, entrara na vida tendo como fardo o infeliz trocadilho&#8230;\u201d, sem altera\u00e7\u00e3o de sentido ou incorre\u00e7\u00e3o gramatical, a express\u00e3o \u201ctinha entrado\u201d, que \u00e9 o verbo entrar conjugado tamb\u00e9m na primeira pessoa do singular do pret\u00e9rito mais-que-perfeito, por\u00e9m composto.<\/em><\/span><br \/>\n<span style=\"color: #000080\"><em> Gabarito: C<\/em><\/span><\/p>\n<p style=\"text-align: justify\">QUEST\u00c3O 8. Na ora\u00e7\u00e3o em que \u00e9 empregado no texto CG1A1CCC, o termo \u201csurdos, mudos ou cegos\u201d (L.1) exerce a fun\u00e7\u00e3o de<br \/>\nA. predicativo do sujeito.<br \/>\nB. objeto direto.<br \/>\nC. adjunto adnominal.<br \/>\nD. sujeito.<br \/>\nE. adjunto adverbial.<\/p>\n<p style=\"text-align: justify\"><em><span style=\"color: #000080\">Coment\u00e1rio: ATEN\u00c7\u00c3O! Quando pensamos no verbo \u201cnascer\u201d, logo o classificamos como <strong>intransitivo<\/strong>. Sim, na maioria das vezes ele \u00e9. Mas, no caso em quest\u00e3o, na ora\u00e7\u00e3o \u201calguns nascem surdos, mudos ou cegos\u201d ele est\u00e1 <strong><u>sendo usado como verbo de liga\u00e7\u00e3o<\/u><\/strong>, indicando o estado permanente do sujeito. Seria o mesmo que dizer: Alguns <strong><u>s\u00e3o<\/u><\/strong> cegos, surdos ou mudos desde que nascem. Sendo assim, o gabarito da quest\u00e3o \u00e9 alternativa A: o termo \u201csurdos, mudos ou cegos\u201d \u00e9 predicativo do sujeito \u201calguns\u201d. GABARITO: A<\/span><\/em><\/p>\n<p style=\"text-align: justify\"><strong>QUEST\u00c3O 9.<\/strong> Para que o documento apresentado no texto CG1A2AAA atenda \u00e0s normas estabelecidas no Manual de Reda\u00e7\u00e3o da Presid\u00eancia da Rep\u00fablica (MRPR) para a reda\u00e7\u00e3o de comunica\u00e7\u00f5es oficiais, \u00e9 necess\u00e1rio, entre outras altera\u00e7\u00f5es,<br \/>\nA. inserir o termo Cordialmente como fecho da comunica\u00e7\u00e3o, imediatamente antes da indica\u00e7\u00e3o do signat\u00e1rio do documento.<br \/>\nB. alinhar \u00e0 esquerda a indica\u00e7\u00e3o do local e da data de emiss\u00e3o do expediente.<br \/>\nC. inserir o termo Senhor imediatamente antes da indica\u00e7\u00e3o do cargo do signat\u00e1rio \u2014 Delegado-Geral de Pol\u00edcia Civil do Estado XXX.<br \/>\nD. substituir Ilustr\u00edssima por Vossa Excel\u00eancia no campo em que constam as informa\u00e7\u00f5es relativas \u00e0 destinat\u00e1ria.<br \/>\nE. substituir Sua Excel\u00eancia por Vossa Excel\u00eancia no corpo do texto.<\/p>\n<p style=\"text-align: justify\"><span style=\"color: #000080\"><em>Coment\u00e1rio:<\/em><\/span><br \/>\n<span style=\"color: #000080\"><em> A \u2013 errada \u2013 em lugar de inserir \u201cCordialmente\u201d deveria ser inserido o termo Respeitosamente, uma vez que o destinat\u00e1rio \u00e9 uma autoridade de hierarquia superior \u00e0 do remetente.<\/em><\/span><br \/>\n<span style=\"color: #000080\"><em> B \u2013 errada \u2013 em um of\u00edcio, que segue a formata\u00e7\u00e3o do padr\u00e3o of\u00edcio, a data deve estar alinhada \u00e0 direita.<\/em><\/span><br \/>\n<span style=\"color: #000080\"><em> C \u2013 errada \u2013 n\u00e3o \u00e9 necess\u00e1rio vocativo ou pronome de tratamento na identifica\u00e7\u00e3o do signat\u00e1rio.<\/em><\/span><br \/>\n<span style=\"color: #000080\"><em> D \u2013 errada \u2013 o termo Ilustr\u00edssima deveria ser substitu\u00eddo por A Sua Excel\u00eancia.<\/em><\/span><br \/>\n<span style=\"color: #000080\"><em> E \u2013 CORRETA \u2013 a substitui\u00e7\u00e3o de Sua Excel\u00eancia por Vossa Excel\u00eancia seria correta.<\/em><\/span><br \/>\n<span style=\"color: #000080\"><em> Gabarito: E<\/em><\/span><\/p>\n<p style=\"text-align: justify\"><strong>QUEST\u00c3O 10.<\/strong> Com base no que disp\u00f5e o MRPR, assinale a op\u00e7\u00e3o que apresenta o vocativo adequado \u00e0 comunica\u00e7\u00e3o oficial apresentada no texto CG1A2AAA.<br \/>\nA. Dign\u00edssima Senhora Senadora,<br \/>\nB. Ilustre Senhora,<br \/>\nC. Senhora Senadora,<br \/>\nD. Vossa Excel\u00eancia a Senadora,<br \/>\nE. Excelent\u00edssima Senhora,<\/p>\n<p style=\"text-align: justify\"><span style=\"color: #000080\"><em>Coment\u00e1rio:<\/em><\/span><br \/>\n<span style=\"color: #000080\"><em> O vocativo indicado no MRPR para senadores \u00e9 Senhor (a), como consta na letra C.<\/em><\/span><br \/>\n<span style=\"color: #000080\"><em> Gabarito: C<\/em><\/span><\/p>\n<p style=\"text-align: justify\"><strong>QUEST\u00c3O 11.<\/strong> Infere-se das informa\u00e7\u00f5es presentes no documento apresentado no texto CG1A2AAA que esse documento \u00e9<br \/>\nA. uma exposi\u00e7\u00e3o de motivos.<br \/>\nB. um of\u00edcio.<br \/>\nC. um aviso.<br \/>\nD. um memorando.<br \/>\nE. uma mensagem.<\/p>\n<p style=\"text-align: justify\"><span style=\"color: #000080\"><em>Coment\u00e1rio:<\/em><\/span><br \/>\n<span style=\"color: #000080\"><em> O documento apresentado \u00e9 um of\u00edcio para encaminhamento de documentos em resposta a um of\u00edcio recebido.<\/em><\/span><br \/>\n<span style=\"color: #000080\"><em> Gabarito: B<\/em><\/span><\/p>\n<p style=\"text-align: justify\"><span style=\"color: #000080\"><strong>QUEST\u00c3O 12.<\/strong> <\/span>Conforme as normas estabelecidas pelo MRPR, no expediente apresentado no texto CG1A2AAA, deveria constar, obrigatoriamente,<br \/>\nA. a sigla relativa ao estado logo ap\u00f3s Cidade X, na identifica\u00e7\u00e3o do local de assinatura do expediente.<br \/>\nB. o endere\u00e7o do s\u00edtio virtual do Senado Federal no rodap\u00e9 do documento.<br \/>\nC. um par\u00e1grafo de desenvolvimento devidamente numerado.<br \/>\nD. o endere\u00e7o para o qual a comunica\u00e7\u00e3o ser\u00e1 remetida, abaixo da identifica\u00e7\u00e3o da destinat\u00e1ria.<br \/>\nE. o nome do signat\u00e1rio seguido de sua assinatura logo ap\u00f3s o termo Delegado-Geral de Pol\u00edcia Civil do Estado XXX.<\/p>\n<p style=\"text-align: justify\"><span style=\"color: #000080\"><em>Coment\u00e1rio:<\/em><\/span><br \/>\n<span style=\"color: #000080\"><em> A \u2013 errada \u2013 na identifica\u00e7\u00e3o de local e data n\u00e3o \u00e9 necess\u00e1rio inserir a sigla do estado.<\/em><\/span><br \/>\n<span style=\"color: #000080\"><em> B \u2013 errada \u2013 n\u00e3o \u00e9 necess\u00e1rio o endere\u00e7o do s\u00edtio eletr\u00f4nico.<\/em><\/span><br \/>\n<span style=\"color: #000080\"><em> C \u2013 errada \u2013 por se tratar de mero encaminhamento de documentos, n\u00e3o h\u00e1 par\u00e1grafo de desenvolvimento, portanto, n\u00e3o \u00e9 necess\u00e1rio numera\u00e7\u00e3o.<\/em><\/span><br \/>\n<span style=\"color: #000080\"><em> D \u2013 CORRETA \u2013 falta o endere\u00e7o do remetente.<\/em><\/span><br \/>\n<span style=\"color: #000080\"><em> E \u2013 errada \u2013 o nome do signat\u00e1rio e sua assinatura devem ser colocados acima do cargo.<\/em><\/span><br \/>\n<span style=\"color: #000080\"><em> Gabarito: D<\/em><\/span><\/p>\n<p style=\"text-align: justify\">Por hoje \u00e9 s\u00f3!!!<\/p>\n<p style=\"text-align: justify\">Qualquer d\u00favida: professorarafaelafreitas@gmail.com<\/p>\n<p style=\"text-align: justify\">Foi um prazer!<\/p>\n<p style=\"text-align: justify\">Abra\u00e7o,<\/p>\n<p style=\"text-align: justify\">Rafaela Freitas.<\/p>\n<p><a href=\"https:\/\/www.facebook.com\/palavreandocomrafafreitas\/?fref=ts\" target=\"_blank\">Facebook CLIQUE AQUI<\/a><\/p>\n","protected":false},"excerpt":{"rendered":"<p>Ol\u00e1, amigos e alunos do Estrat\u00e9gia Concursos!!! Tudo certo? Quero comentar com voc\u00eas a prova organizada pelo Cespe\/UnB para o cargo de Perito Criminal da Pol\u00edcia Cient\u00edfica de Pernambuco! Os textos n\u00e3o est\u00e3o aqui no artigo, apenas as quest\u00f5es. Voc\u00eas podem acessar a prova completa pelo link: PROVA Vamos ao trabalho! QUEST\u00c3O 1. No texto [&hellip;]<\/p>\n","protected":false},"author":190,"featured_media":0,"comment_status":"open","ping_status":"open","sticky":false,"template":"","format":"standard","meta":{"post_tipo":"article","footnotes":""},"categories":[1,1988],"tags":[1401,1894,640,853,1896,1895],"tax_estado":[],"class_list":["post-41905","post","type-post","status-publish","format-standard","hentry","category-cursos-e-concursos","category-policia","tag-concurso-policia-civil-go","tag-gabarito-portugues-pc-pe","tag-pc-pe","tag-perito-criminal","tag-policia-cientifica-pe","tag-portugues-comentada-pcpe"],"acf":[],"yoast_head":"<!-- This site is optimized with the Yoast SEO Premium plugin v27.2 (Yoast SEO v27.2) - https:\/\/yoast.com\/product\/yoast-seo-premium-wordpress\/ -->\n<title>Prova de Portugu\u00eas para Perito Criminal - PC PE comentada!<\/title>\n<meta name=\"robots\" content=\"index, follow, max-snippet:-1, max-image-preview:large, max-video-preview:-1\" \/>\n<link rel=\"canonical\" href=\"https:\/\/www.estrategiaconcursos.com.br\/blog\/prova-de-portugues-para-perito-criminal-pc-pe-comentada\/\" \/>\n<meta property=\"og:locale\" content=\"pt_BR\" \/>\n<meta property=\"og:type\" content=\"article\" \/>\n<meta property=\"og:title\" content=\"Prova de Portugu\u00eas para Perito Criminal - PC PE comentada!\" \/>\n<meta property=\"og:description\" content=\"Ol\u00e1, amigos e alunos do Estrat\u00e9gia Concursos!!! Tudo certo? Quero comentar com voc\u00eas a prova organizada pelo Cespe\/UnB para o cargo de Perito Criminal da Pol\u00edcia Cient\u00edfica de Pernambuco! Os textos n\u00e3o est\u00e3o aqui no artigo, apenas as quest\u00f5es. Voc\u00eas podem acessar a prova completa pelo link: PROVA Vamos ao trabalho! QUEST\u00c3O 1. No texto [&hellip;]\" \/>\n<meta property=\"og:url\" content=\"https:\/\/www.estrategiaconcursos.com.br\/blog\/prova-de-portugues-para-perito-criminal-pc-pe-comentada\/\" \/>\n<meta property=\"og:site_name\" content=\"Estrat\u00e9gia Concursos\" \/>\n<meta property=\"article:published_time\" content=\"2016-06-23T22:23:32+00:00\" \/>\n<meta property=\"article:modified_time\" content=\"2016-07-22T21:17:06+00:00\" \/>\n<meta name=\"author\" content=\"Rafaela Freitas\" \/>\n<meta name=\"twitter:card\" content=\"summary_large_image\" \/>\n<meta name=\"twitter:creator\" content=\"@EstratConcursos\" \/>\n<meta name=\"twitter:site\" content=\"@EstratConcursos\" \/>\n<meta name=\"twitter:label1\" content=\"Escrito por\" \/>\n\t<meta name=\"twitter:data1\" content=\"Rafaela Freitas\" \/>\n\t<meta name=\"twitter:label2\" content=\"Est. tempo de leitura\" \/>\n\t<meta name=\"twitter:data2\" content=\"10 minutos\" \/>\n<script type=\"application\/ld+json\" class=\"yoast-schema-graph\">{\"@context\":\"https:\/\/schema.org\",\"@graph\":[{\"@type\":\"NewsArticle\",\"@id\":\"https:\/\/www.estrategiaconcursos.com.br\/blog\/prova-de-portugues-para-perito-criminal-pc-pe-comentada\/#article\",\"isPartOf\":{\"@id\":\"https:\/\/www.estrategiaconcursos.com.br\/blog\/prova-de-portugues-para-perito-criminal-pc-pe-comentada\/\"},\"author\":{\"name\":\"Rafaela Freitas\",\"@id\":\"https:\/\/www.estrategiaconcursos.com.br\/blog\/#\/schema\/person\/b91f2c79fa09f992bd34e4182afb626c\"},\"headline\":\"Prova de Portugu\u00eas para Perito Criminal &#8211; PC PE comentada!\",\"datePublished\":\"2016-06-23T22:23:32+00:00\",\"dateModified\":\"2016-07-22T21:17:06+00:00\",\"mainEntityOfPage\":{\"@id\":\"https:\/\/www.estrategiaconcursos.com.br\/blog\/prova-de-portugues-para-perito-criminal-pc-pe-comentada\/\"},\"wordCount\":1995,\"commentCount\":1,\"publisher\":{\"@id\":\"https:\/\/www.estrategiaconcursos.com.br\/blog\/#organization\"},\"keywords\":[\"concurso Pol\u00edcia Civil GO\",\"GABARITO PORTUGU\u00caS PC PE\",\"PC-PE\",\"Perito criminal\",\"POLICIA CIENTIFICA PE\",\"PORTUGUES COMENTADA PCPE\"],\"articleSection\":[\"Concursos P\u00fablicos\",\"Policial (Agente, Escriv\u00e3o e Investigador)\"],\"inLanguage\":\"pt-BR\",\"potentialAction\":[{\"@type\":\"CommentAction\",\"name\":\"Comment\",\"target\":[\"https:\/\/www.estrategiaconcursos.com.br\/blog\/prova-de-portugues-para-perito-criminal-pc-pe-comentada\/#respond\"]}],\"copyrightYear\":\"2016\",\"copyrightHolder\":{\"@id\":\"https:\/\/www.estrategiaconcursos.com.br\/blog\/#organization\"}},{\"@type\":\"WebPage\",\"@id\":\"https:\/\/www.estrategiaconcursos.com.br\/blog\/prova-de-portugues-para-perito-criminal-pc-pe-comentada\/\",\"url\":\"https:\/\/www.estrategiaconcursos.com.br\/blog\/prova-de-portugues-para-perito-criminal-pc-pe-comentada\/\",\"name\":\"Prova de Portugu\u00eas para Perito Criminal - PC PE comentada!\",\"isPartOf\":{\"@id\":\"https:\/\/www.estrategiaconcursos.com.br\/blog\/#website\"},\"datePublished\":\"2016-06-23T22:23:32+00:00\",\"dateModified\":\"2016-07-22T21:17:06+00:00\",\"breadcrumb\":{\"@id\":\"https:\/\/www.estrategiaconcursos.com.br\/blog\/prova-de-portugues-para-perito-criminal-pc-pe-comentada\/#breadcrumb\"},\"inLanguage\":\"pt-BR\",\"potentialAction\":[{\"@type\":\"ReadAction\",\"target\":[\"https:\/\/www.estrategiaconcursos.com.br\/blog\/prova-de-portugues-para-perito-criminal-pc-pe-comentada\/\"]}]},{\"@type\":\"BreadcrumbList\",\"@id\":\"https:\/\/www.estrategiaconcursos.com.br\/blog\/prova-de-portugues-para-perito-criminal-pc-pe-comentada\/#breadcrumb\",\"itemListElement\":[{\"@type\":\"ListItem\",\"position\":1,\"name\":\"In\u00edcio\",\"item\":\"https:\/\/www.estrategiaconcursos.com.br\/blog\/\"},{\"@type\":\"ListItem\",\"position\":2,\"name\":\"Prova de Portugu\u00eas para Perito Criminal &#8211; PC PE comentada!\"}]},{\"@type\":\"WebSite\",\"@id\":\"https:\/\/www.estrategiaconcursos.com.br\/blog\/#website\",\"url\":\"https:\/\/www.estrategiaconcursos.com.br\/blog\/\",\"name\":\"Estrat\u00e9gia Concursos\",\"description\":\"O blog da Estrat\u00e9gia Concursos traz not\u00edcias sobre concursos e artigos de professores oferecendo cursos para concursos (pdf + videaulas) no site.\",\"publisher\":{\"@id\":\"https:\/\/www.estrategiaconcursos.com.br\/blog\/#organization\"},\"potentialAction\":[{\"@type\":\"SearchAction\",\"target\":{\"@type\":\"EntryPoint\",\"urlTemplate\":\"https:\/\/www.estrategiaconcursos.com.br\/blog\/?s={search_term_string}\"},\"query-input\":{\"@type\":\"PropertyValueSpecification\",\"valueRequired\":true,\"valueName\":\"search_term_string\"}}],\"inLanguage\":\"pt-BR\"},{\"@type\":\"Organization\",\"@id\":\"https:\/\/www.estrategiaconcursos.com.br\/blog\/#organization\",\"name\":\"Estrat\u00e9gia Concursos\",\"url\":\"https:\/\/www.estrategiaconcursos.com.br\/blog\/\",\"logo\":{\"@type\":\"ImageObject\",\"inLanguage\":\"pt-BR\",\"@id\":\"https:\/\/www.estrategiaconcursos.com.br\/blog\/#\/schema\/logo\/image\/\",\"url\":\"https:\/\/dhg1h5j42swfq.cloudfront.net\/2025\/06\/03203428\/logo_concursos-1.jpg\",\"contentUrl\":\"https:\/\/dhg1h5j42swfq.cloudfront.net\/2025\/06\/03203428\/logo_concursos-1.jpg\",\"width\":230,\"height\":60,\"caption\":\"Estrat\u00e9gia Concursos\"},\"image\":{\"@id\":\"https:\/\/www.estrategiaconcursos.com.br\/blog\/#\/schema\/logo\/image\/\"},\"sameAs\":[\"https:\/\/x.com\/EstratConcursos\"]},{\"@type\":\"Person\",\"@id\":\"https:\/\/www.estrategiaconcursos.com.br\/blog\/#\/schema\/person\/b91f2c79fa09f992bd34e4182afb626c\",\"name\":\"Rafaela Freitas\",\"image\":{\"@type\":\"ImageObject\",\"inLanguage\":\"pt-BR\",\"@id\":\"https:\/\/secure.gravatar.com\/avatar\/97ece78bdb320995d343d6c012a26475a2b8b6a591c52fbbd62c62640f68911e?s=96&d=mm&r=g\",\"url\":\"https:\/\/secure.gravatar.com\/avatar\/97ece78bdb320995d343d6c012a26475a2b8b6a591c52fbbd62c62640f68911e?s=96&d=mm&r=g\",\"contentUrl\":\"https:\/\/secure.gravatar.com\/avatar\/97ece78bdb320995d343d6c012a26475a2b8b6a591c52fbbd62c62640f68911e?s=96&d=mm&r=g\",\"caption\":\"Rafaela Freitas\"},\"url\":\"https:\/\/www.estrategiaconcursos.com.br\/blog\/author\/rafaelafreitasestrategiaconcursos-com-br\/\"}]}<\/script>\n<!-- \/ Yoast SEO Premium plugin. -->","yoast_head_json":{"title":"Prova de Portugu\u00eas para Perito Criminal - PC PE comentada!","robots":{"index":"index","follow":"follow","max-snippet":"max-snippet:-1","max-image-preview":"max-image-preview:large","max-video-preview":"max-video-preview:-1"},"canonical":"https:\/\/www.estrategiaconcursos.com.br\/blog\/prova-de-portugues-para-perito-criminal-pc-pe-comentada\/","og_locale":"pt_BR","og_type":"article","og_title":"Prova de Portugu\u00eas para Perito Criminal - PC PE comentada!","og_description":"Ol\u00e1, amigos e alunos do Estrat\u00e9gia Concursos!!! Tudo certo? Quero comentar com voc\u00eas a prova organizada pelo Cespe\/UnB para o cargo de Perito Criminal da Pol\u00edcia Cient\u00edfica de Pernambuco! Os textos n\u00e3o est\u00e3o aqui no artigo, apenas as quest\u00f5es. Voc\u00eas podem acessar a prova completa pelo link: PROVA Vamos ao trabalho! QUEST\u00c3O 1. No texto [&hellip;]","og_url":"https:\/\/www.estrategiaconcursos.com.br\/blog\/prova-de-portugues-para-perito-criminal-pc-pe-comentada\/","og_site_name":"Estrat\u00e9gia Concursos","article_published_time":"2016-06-23T22:23:32+00:00","article_modified_time":"2016-07-22T21:17:06+00:00","author":"Rafaela Freitas","twitter_card":"summary_large_image","twitter_creator":"@EstratConcursos","twitter_site":"@EstratConcursos","twitter_misc":{"Escrito por":"Rafaela Freitas","Est. tempo de leitura":"10 minutos"},"schema":{"@context":"https:\/\/schema.org","@graph":[{"@type":"NewsArticle","@id":"https:\/\/www.estrategiaconcursos.com.br\/blog\/prova-de-portugues-para-perito-criminal-pc-pe-comentada\/#article","isPartOf":{"@id":"https:\/\/www.estrategiaconcursos.com.br\/blog\/prova-de-portugues-para-perito-criminal-pc-pe-comentada\/"},"author":{"name":"Rafaela Freitas","@id":"https:\/\/www.estrategiaconcursos.com.br\/blog\/#\/schema\/person\/b91f2c79fa09f992bd34e4182afb626c"},"headline":"Prova de Portugu\u00eas para Perito Criminal &#8211; PC PE comentada!","datePublished":"2016-06-23T22:23:32+00:00","dateModified":"2016-07-22T21:17:06+00:00","mainEntityOfPage":{"@id":"https:\/\/www.estrategiaconcursos.com.br\/blog\/prova-de-portugues-para-perito-criminal-pc-pe-comentada\/"},"wordCount":1995,"commentCount":1,"publisher":{"@id":"https:\/\/www.estrategiaconcursos.com.br\/blog\/#organization"},"keywords":["concurso Pol\u00edcia Civil GO","GABARITO PORTUGU\u00caS PC PE","PC-PE","Perito criminal","POLICIA CIENTIFICA PE","PORTUGUES COMENTADA PCPE"],"articleSection":["Concursos P\u00fablicos","Policial (Agente, Escriv\u00e3o e Investigador)"],"inLanguage":"pt-BR","potentialAction":[{"@type":"CommentAction","name":"Comment","target":["https:\/\/www.estrategiaconcursos.com.br\/blog\/prova-de-portugues-para-perito-criminal-pc-pe-comentada\/#respond"]}],"copyrightYear":"2016","copyrightHolder":{"@id":"https:\/\/www.estrategiaconcursos.com.br\/blog\/#organization"}},{"@type":"WebPage","@id":"https:\/\/www.estrategiaconcursos.com.br\/blog\/prova-de-portugues-para-perito-criminal-pc-pe-comentada\/","url":"https:\/\/www.estrategiaconcursos.com.br\/blog\/prova-de-portugues-para-perito-criminal-pc-pe-comentada\/","name":"Prova de Portugu\u00eas para Perito Criminal - PC PE comentada!","isPartOf":{"@id":"https:\/\/www.estrategiaconcursos.com.br\/blog\/#website"},"datePublished":"2016-06-23T22:23:32+00:00","dateModified":"2016-07-22T21:17:06+00:00","breadcrumb":{"@id":"https:\/\/www.estrategiaconcursos.com.br\/blog\/prova-de-portugues-para-perito-criminal-pc-pe-comentada\/#breadcrumb"},"inLanguage":"pt-BR","potentialAction":[{"@type":"ReadAction","target":["https:\/\/www.estrategiaconcursos.com.br\/blog\/prova-de-portugues-para-perito-criminal-pc-pe-comentada\/"]}]},{"@type":"BreadcrumbList","@id":"https:\/\/www.estrategiaconcursos.com.br\/blog\/prova-de-portugues-para-perito-criminal-pc-pe-comentada\/#breadcrumb","itemListElement":[{"@type":"ListItem","position":1,"name":"In\u00edcio","item":"https:\/\/www.estrategiaconcursos.com.br\/blog\/"},{"@type":"ListItem","position":2,"name":"Prova de Portugu\u00eas para Perito Criminal &#8211; PC PE comentada!"}]},{"@type":"WebSite","@id":"https:\/\/www.estrategiaconcursos.com.br\/blog\/#website","url":"https:\/\/www.estrategiaconcursos.com.br\/blog\/","name":"Estrat\u00e9gia Concursos","description":"O blog da Estrat\u00e9gia Concursos traz not\u00edcias sobre concursos e artigos de professores oferecendo cursos para concursos (pdf + videaulas) no site.","publisher":{"@id":"https:\/\/www.estrategiaconcursos.com.br\/blog\/#organization"},"potentialAction":[{"@type":"SearchAction","target":{"@type":"EntryPoint","urlTemplate":"https:\/\/www.estrategiaconcursos.com.br\/blog\/?s={search_term_string}"},"query-input":{"@type":"PropertyValueSpecification","valueRequired":true,"valueName":"search_term_string"}}],"inLanguage":"pt-BR"},{"@type":"Organization","@id":"https:\/\/www.estrategiaconcursos.com.br\/blog\/#organization","name":"Estrat\u00e9gia Concursos","url":"https:\/\/www.estrategiaconcursos.com.br\/blog\/","logo":{"@type":"ImageObject","inLanguage":"pt-BR","@id":"https:\/\/www.estrategiaconcursos.com.br\/blog\/#\/schema\/logo\/image\/","url":"https:\/\/dhg1h5j42swfq.cloudfront.net\/2025\/06\/03203428\/logo_concursos-1.jpg","contentUrl":"https:\/\/dhg1h5j42swfq.cloudfront.net\/2025\/06\/03203428\/logo_concursos-1.jpg","width":230,"height":60,"caption":"Estrat\u00e9gia Concursos"},"image":{"@id":"https:\/\/www.estrategiaconcursos.com.br\/blog\/#\/schema\/logo\/image\/"},"sameAs":["https:\/\/x.com\/EstratConcursos"]},{"@type":"Person","@id":"https:\/\/www.estrategiaconcursos.com.br\/blog\/#\/schema\/person\/b91f2c79fa09f992bd34e4182afb626c","name":"Rafaela Freitas","image":{"@type":"ImageObject","inLanguage":"pt-BR","@id":"https:\/\/secure.gravatar.com\/avatar\/97ece78bdb320995d343d6c012a26475a2b8b6a591c52fbbd62c62640f68911e?s=96&d=mm&r=g","url":"https:\/\/secure.gravatar.com\/avatar\/97ece78bdb320995d343d6c012a26475a2b8b6a591c52fbbd62c62640f68911e?s=96&d=mm&r=g","contentUrl":"https:\/\/secure.gravatar.com\/avatar\/97ece78bdb320995d343d6c012a26475a2b8b6a591c52fbbd62c62640f68911e?s=96&d=mm&r=g","caption":"Rafaela Freitas"},"url":"https:\/\/www.estrategiaconcursos.com.br\/blog\/author\/rafaelafreitasestrategiaconcursos-com-br\/"}]}},"_links":{"self":[{"href":"https:\/\/www.estrategiaconcursos.com.br\/blog\/wp-json\/wp\/v2\/posts\/41905","targetHints":{"allow":["GET"]}}],"collection":[{"href":"https:\/\/www.estrategiaconcursos.com.br\/blog\/wp-json\/wp\/v2\/posts"}],"about":[{"href":"https:\/\/www.estrategiaconcursos.com.br\/blog\/wp-json\/wp\/v2\/types\/post"}],"author":[{"embeddable":true,"href":"https:\/\/www.estrategiaconcursos.com.br\/blog\/wp-json\/wp\/v2\/users\/190"}],"replies":[{"embeddable":true,"href":"https:\/\/www.estrategiaconcursos.com.br\/blog\/wp-json\/wp\/v2\/comments?post=41905"}],"version-history":[{"count":4,"href":"https:\/\/www.estrategiaconcursos.com.br\/blog\/wp-json\/wp\/v2\/posts\/41905\/revisions"}],"predecessor-version":[{"id":42067,"href":"https:\/\/www.estrategiaconcursos.com.br\/blog\/wp-json\/wp\/v2\/posts\/41905\/revisions\/42067"}],"wp:attachment":[{"href":"https:\/\/www.estrategiaconcursos.com.br\/blog\/wp-json\/wp\/v2\/media?parent=41905"}],"wp:term":[{"taxonomy":"category","embeddable":true,"href":"https:\/\/www.estrategiaconcursos.com.br\/blog\/wp-json\/wp\/v2\/categories?post=41905"},{"taxonomy":"post_tag","embeddable":true,"href":"https:\/\/www.estrategiaconcursos.com.br\/blog\/wp-json\/wp\/v2\/tags?post=41905"},{"taxonomy":"tax_estado","embeddable":true,"href":"https:\/\/www.estrategiaconcursos.com.br\/blog\/wp-json\/wp\/v2\/tax_estado?post=41905"}],"curies":[{"name":"wp","href":"https:\/\/api.w.org\/{rel}","templated":true}]}}