{"id":419028,"date":"2019-09-12T02:40:18","date_gmt":"2019-09-12T05:40:18","guid":{"rendered":"https:\/\/www.estrategiaconcursos.com.br\/blog\/?p=419028"},"modified":"2019-11-08T16:38:49","modified_gmt":"2019-11-08T19:38:49","slug":"gabarito-comentado-de-legislacao-tributaria-municipal-para-iss-campinas-agente-fiscal-tributario-com-recursos","status":"publish","type":"post","link":"https:\/\/www.estrategiaconcursos.com.br\/blog\/gabarito-comentado-de-legislacao-tributaria-municipal-para-iss-campinas-agente-fiscal-tributario-com-recursos\/","title":{"rendered":"Gabarito Comentado de Legisla\u00e7\u00e3o Tribut\u00e1ria Municipal para ISS Campinas (Agente Fiscal Tribut\u00e1rio) &#8211; COM RECURSOS"},"content":{"rendered":"<p>Ol\u00e1 amigos, tudo bem!?<\/p>\n<p>Para quem n\u00e3o me conhece, muito prazer! Meu nome \u00e9\u00a0<strong>Wagner Damazio<\/strong> e sou professor de <strong>Legisla\u00e7\u00e3o Tribut\u00e1ria Municipal<\/strong> no Estrat\u00e9gia Concursos e de Direito Administrativo\u00a0do Estrat\u00e9gia Carreira Jur\u00eddica.<\/p>\n<p>No \u00faltimo, domingo, dia 08 de setembro de 2019, ocorreu a aplica\u00e7\u00e3o da prova objetiva para ingresso \u00e0 carreira de <strong>Agente Fiscal Tribut\u00e1rio em Campinas<\/strong>.<\/p>\n<p>Foram 50 quest\u00f5es objetivas aplicadas pela Banca VUNESP, <strong>sendo 10 quest\u00f5es de Legisla\u00e7\u00e3o Tribut\u00e1ria Municipal (quest\u00f5es 41 a 50)<\/strong>.<\/p>\n<p>Nosso objetivo neste post \u00e9 comentar cada uma dessas quest\u00f5es de LTM, sobretudo apresentando suas fundamenta\u00e7\u00f5es.<\/p>\n<p>Antes, contudo, deixo a dica de que no meu perfil no Instagram voc\u00ea pode ter acesso a muito conte\u00fado gratuito de Legisla\u00e7\u00e3o Tribut\u00e1ria Municipal e de Direito Administrativo.<\/p>\n<p>Inclusive, voc\u00ea tem o\u00a0<strong>Curso de Direito Administrativo Gr\u00e1tis (em slides)<\/strong>\u00a0a sua disposi\u00e7\u00e3o.<\/p>\n<p>Portanto, para fazer\u00a0<em>download<\/em>\u00a0do material, acesse o meu perfil no Instagram:<\/p>\n<p><strong>@professorwagnerdamazio<\/strong>\u00a0e clique no link constante na bio.<\/p>\n<div class=\"wp-block-image\">\n<figure class=\"aligncenter is-resized\"><img loading=\"lazy\" decoding=\"async\" class=\"wp-image-371262 aligncenter\" src=\"https:\/\/dhg1h5j42swfq.cloudfront.net\/2019\/05\/05220049\/instagram-%40professorwagnerdamazio.png\" sizes=\"auto, (max-width: 298px) 100vw, 298px\" srcset=\"https:\/\/dhg1h5j42swfq.cloudfront.net\/2019\/05\/05220049\/instagram-%40professorwagnerdamazio.png 632w, https:\/\/dhg1h5j42swfq.cloudfront.net\/2019\/05\/05220049\/instagram-%40professorwagnerdamazio.png 300w, https:\/\/dhg1h5j42swfq.cloudfront.net\/2019\/05\/05220049\/instagram-%40professorwagnerdamazio.png 610w\" alt=\"\" width=\"298\" height=\"63\" \/><\/figure>\n<\/div>\n<p>Caso queira, acesse o post para saber mais sobre o\u00a0<strong>curso de Direito Administrativo Gr\u00e1tis (em slides)<\/strong>:<\/p>\n<p><a href=\"https:\/\/www.estrategiaconcursos.com.br\/blog\/sonhando-com-o-direito-administrativo-curso-em-slides-material-gratis-wagner-damazio\/\">https:\/\/www.estrategiaconcursos.com.br\/blog\/sonhando-com-o-direito-administrativo-curso-em-slides-material-gratis-wagner-damazio\/<\/a><\/p>\n<p>Vamos aos coment\u00e1rios da prova<span style=\"color: #ff6600;\"><strong> VERS\u00c3O 3 <\/strong><\/span>de Legisla\u00e7\u00e3o Tribut\u00e1ria Municipal para Agente Fiscal Tribut\u00e1rio!<\/p>\n<p><strong>Quest\u00e3o 41.<\/strong> Suponha que uma sociedade empres\u00e1ria celebre um contrato de promessa de compra e venda de um im\u00f3vel em que funciona um armaz\u00e9m e que, a partir da celebra\u00e7\u00e3o do neg\u00f3cio, assuma a sua posse e passe a exercer nele a sua atividade econ\u00f4mica. No referido contrato, consta a obriga\u00e7\u00e3o da promitente vendedora levar a registro a transfer\u00eancia a propriedade e efetuar a atualiza\u00e7\u00e3o do cadastro perante a Secretaria Municipal da Fazenda, o que n\u00e3o \u00e9 realizado at\u00e9 o momento da ocorr\u00eancia do fato gerador. Considerando a situa\u00e7\u00e3o hipot\u00e9tica e com base na Lei Municipal no 11.111\/01, que trata do Imposto sobre Propriedade Predial e Territorial Urbana (IPTU), assinale a alternativa correta.<\/p>\n<p>(A) Enquanto n\u00e3o realizada pelo contribuinte a atualiza\u00e7\u00e3o do cadastro, a Administra\u00e7\u00e3o tem o dever de lan\u00e7ar o tributo em face do promitente vendedor.<\/p>\n<p>(B) Caso a Administra\u00e7\u00e3o promova o lan\u00e7amento em face do promitente comprador e no curso do prazo decadencial seja realizada a atualiza\u00e7\u00e3o cadastral, a realiza\u00e7\u00e3o de lan\u00e7amento complementar importar\u00e1 no cancelamento do lan\u00e7amento anterior.<\/p>\n<p>(C) A atualiza\u00e7\u00e3o do cadastro ser\u00e1 dispensada caso o im\u00f3vel seja beneficiado por isen\u00e7\u00e3o, nos termos da legisla\u00e7\u00e3o municipal.<\/p>\n<p>(D) Caso o promitente comprador promova altera\u00e7\u00f5es na estrutura do im\u00f3vel que altere o seu valor venal ap\u00f3s o fato impon\u00edvel, tais mudan\u00e7as somente ser\u00e3o consideradas a partir do exerc\u00edcio em que introduzidas.<\/p>\n<p>(E) A Administra\u00e7\u00e3o n\u00e3o pode atualizar ex oficio o cadastro imobili\u00e1rio para inserir, na condi\u00e7\u00e3o de contribuinte, o promitente comprador.<\/p>\n<p><span style=\"color: #0000ff;\"><strong>Gabarito: Deve ser ANULADA<\/strong><\/span><\/p>\n<p>Coment\u00e1rios: De acordo com o art. <span style=\"font-size: inherit;\">5\u00ba da Lei n\u00ba 11.111\/01, contribuinte do IPTU e\u0301 o proprieta\u0301rio do imo\u0301vel, o titular do seu domi\u0301nio u\u0301til, ou <span style=\"color: #ff6600;\">o seu possuidor a qualquer ti\u0301tulo.<\/span><\/span><\/p>\n<div class=\"page\" title=\"Page 8\">\n<div class=\"section\">\n<div class=\"layoutArea\">\n<div class=\"column\">\n<p><span style=\"font-size: inherit;\">De acordo com o art. 6\u00ba-A da Lei n\u00ba 11.111\/01, s<\/span><span style=\"font-size: inherit;\">a\u0303o solidariamente responsa\u0301veis pelo cre\u0301dito tributa\u0301rio incidente sobre o imo\u0301vel o proprieta\u0301rio; o compromissa\u0301rio comprador e o contratante.\u00a0<\/span><\/p>\n<\/div>\n<\/div>\n<\/div>\n<\/div>\n<p>A pr\u00f3pria Lei do IPTU em Campinas define o que \u00e9 considerado compromiss\u00e1rio comprador e contratante:<\/p>\n<div class=\"page\" title=\"Page 8\">\n<div class=\"section\">\n<div class=\"layoutArea\">\n<div class=\"column\">\n<ul>\n<li>compromissa\u0301rio comprador: todo titular de instrumento pu\u0301blico ou particular de promessa de compra e venda ou de cessa\u0303o e promessa de cessa\u0303o deste, <span style=\"color: #ff6600;\">registrados no Carto\u0301rio de Registro de Imo\u0301veis<\/span>;<\/li>\n<\/ul>\n<div class=\"page\" title=\"Page 8\">\n<div class=\"section\">\n<div class=\"layoutArea\">\n<div class=\"column\">\n<ul>\n<li>contratante: todo aquele que possuir escritura de compra e venda <strong>ou contrato de compromisso de compra e venda<\/strong>, suas cesso\u0303es ou promessas de cesso\u0303es, <span style=\"color: #ff6600;\">desde que celebrados por instrumento pu\u0301blico ou contrato particular que a lei confira tal cara\u0301ter<\/span> e <span style=\"color: #ff6600;\">na\u0303o submetidos ao registro imobilia\u0301rio.<\/span><\/li>\n<\/ul>\n<\/div>\n<\/div>\n<p>Ademais, o art. 7\u00ba da aludida Lei estabelece que o<span style=\"font-size: inherit;\"> contribuinte e os responsa\u0301veis definidos nos arts. 5\u00ba, 5\u00ba-A, 6\u00ba e 6\u00ba-A devem promover sua inscric\u0327a\u0303o no Cadastro Imobilia\u0301rio da Secretaria Municipal de Financ\u0327as no prazo de 30 (trinta) dias da data de constituic\u0327a\u0303o da propriedade, domi\u0301nio u\u0301til ou posse do imo\u0301vel, mediante exibic\u0327a\u0303o a\u0300 repartic\u0327a\u0303o competente dos ti\u0301tulos aquisitivos correspondentes ou de outros documentos comprobato\u0301rios de sua titularidade, respeitadas as exige\u0302ncias definidas pela administrac\u0327a\u0303o tributa\u0301ria, <strong>sob pena de incorrer nas penalidades.<\/strong><\/span><\/p>\n<p>E, por fim , o art. 8\u00ba fixa que <span style=\"color: #ff6600;\">a <\/span><span style=\"font-size: inherit;\"><span style=\"color: #ff6600;\">Administrac\u0327a\u0303o podera\u0301<\/span>, mediante disponibilidade parcial ou total dos dados dos contribuintes ou responsa\u0301veis, <span style=\"color: #ff6600;\">promover, ex-offi\u0301cio, a inscric\u0327a\u0303o, as alterac\u0327o\u0303es de dados e o seu cancelamento, sem prejui\u0301zo das penalidades cabi\u0301veis<\/span>.<\/span><\/p>\n<p>Vamos agora analisar alternativa por alternativa:<\/p>\n<p>a) <span style=\"color: #ff6600;\">Incorreta<\/span> porque, tendo em vista a responsabilidade solid\u00e1ria, o Fisco n\u00e3o tem o <strong>dever<\/strong> de lan\u00e7ar o IPTU em nome do promitente vendedor. Ele <span style=\"color: #ff6600;\">pode<\/span> lan\u00e7ar o tributo em face de ambos ou um deles, conforme interesse da Administra\u00e7\u00e3o P\u00fablica.<\/p>\n<p>b) <span style=\"color: #ff6600;\">Incorreta<\/span> porque, tendo em vista a solidariedade, pode n\u00e3o haver necessidade de novo lan\u00e7amento (caso o IPTU tenha sido pago, o cr\u00e9dito tribut\u00e1rio estar\u00e1 extinto) e, ainda que haja, n\u00e3o necessariamente precisa cancelar o anterior (basta atualizar o cadastro de of\u00edcio). Nessa linha, \u00e9 o teor do art. 23 da Lei <span style=\"font-size: inherit;\">n\u00ba 11.111\/01 que afirma:<\/span><\/p>\n<div class=\"page\" title=\"Page 23\">\n<div class=\"section\">\n<div class=\"layoutArea\">\n<div class=\"column\">\n<p>Art. 23. Enquanto na\u0303o operada a decade\u0302ncia, podera\u0303o ser efetuados lanc\u0327amentos novos, substitutivos ou complementares e retificados os lanc\u0327amentos originais (&#8230;)<\/p>\n<div class=\"page\" title=\"Page 24\">\n<div class=\"section\">\n<div class=\"layoutArea\">\n<div class=\"column\">\n<p>\u00a7 3o Os lanc\u0327amentos complementares na\u0303o invalidam os lanc\u0327amentos complementados.<\/p>\n<\/div>\n<\/div>\n<\/div>\n<\/div>\n<\/div>\n<\/div>\n<\/div>\n<\/div>\n<p>c) <span style=\"color: #ff6600;\">Incorreta<\/span> porque, nos termos do \u00a72\u00ba do art. 7\u00ba da <span style=\"font-size: inherit;\">Lei n\u00ba 11.111\/01, o<\/span><span style=\"font-size: inherit;\">\u00a0reconhecimento de benefi\u0301cio que exonere o sujeito passivo da obrigac\u0327a\u0303o tributa\u0301ria principal na\u0303o o dispensa de promover a inscric\u0327a\u0303o e suas alterac\u0327o\u0303es e do cumprimento das demais obrigac\u0327o\u0303es acesso\u0301rias.<\/span><\/p>\n<p>d) <span style=\"color: #ff6600;\">Incorreta<\/span>. Conforme, art. 3\u00ba da Lei <span style=\"font-size: inherit;\">n\u00ba 11.111\/01,<\/span><span style=\"font-size: inherit;\"> considera-se ocorrido o fato imponi\u0301vel no dia 1 de janeiro de cada ano civil. <\/span><\/p>\n<p><span style=\"font-size: inherit;\">Ademais, de acordo com o \u00a71\u00ba do art. 20, p<\/span><span style=\"font-size: inherit;\">ara efeito de lanc\u0327amento do IPTU, quaisquer modificac\u0327o\u0303es introduzidas no imo\u0301vel, apo\u0301s operado o fato imponi\u0301vel, <span style=\"color: #ff6600;\">sera\u0303o consideradas somente a partir do exerci\u0301cio seguinte a\u0300quele em que introduzidas.<\/span><\/span><\/p>\n<p><span style=\"font-size: inherit;\">Assim, altera\u00e7\u00f5es org\u00e2nicas no im\u00f3vel (aumento ou diminui\u00e7\u00e3o de \u00e1rea constru\u00edda; desdobro; remembramento; etc) havidas ap\u00f3s a ocorr\u00eancia do fato gerador s\u00f3 ter\u00e3o efeitos tribut\u00e1rios no pr\u00f3ximo dia 1\u00ba de janeiro do ano seguinte (novo fato gerador).<\/span><\/p>\n<p>e) <span style=\"color: #ff6600;\">Incorreta<\/span> porque, de acordo com o art. 8\u00ba da <span style=\"font-size: inherit;\">Lei n\u00ba 11.111\/01, a Administra\u00e7\u00e3o pode sim atualizar o cadastro de of\u00edcio.<\/span><\/p>\n<p><span style=\"color: #0000ff;\">Portanto, n\u00e3o h\u00e1 resposta correta.<\/span><\/p>\n<p><strong>Quest\u00e3o 42.<\/strong> Nos termos da Lei Municipal no 11.111\/01, goza(m) de isen\u00e7\u00e3o de Imposto sobre Propriedade Predial e Territorial Urbana (IPTU)<\/p>\n<p>(A) os im\u00f3veis graciosamente cedidos para uso da Administra\u00e7\u00e3o P\u00fablica Direta municipal e suas Autarquias e Funda\u00e7\u00f5es, proporcionalmente ao tempo que perdurar a cess\u00e3o.<\/p>\n<p>(B) o im\u00f3vel que seja objeto de a\u00e7\u00e3o de desapropria\u00e7\u00e3o.<\/p>\n<p>(C) o im\u00f3vel tombado, devendo a isen\u00e7\u00e3o se estender sobre todo o bem, ainda que apenas parte dele esteja tombado.<\/p>\n<p>(D) o im\u00f3vel de aposentado ou pensionista, relativamente ao im\u00f3vel de uso estritamente residencial, do qual seja propriet\u00e1rio ou usufrutu\u00e1rio.<\/p>\n<p>(E) parte de im\u00f3vel pertencente a autarquia federal e que esteja sendo utilizado para a explora\u00e7\u00e3o de atividade econ\u00f4mica.<\/p>\n<p><span style=\"color: #0000ff;\"><strong>Gabarito: A e D (cabe recurso para aceitar as duas respostas ou anular a quest\u00e3o).<\/strong><\/span><\/p>\n<p><strong><span style=\"color: #0000ff;\">Correta a alternativa &#8220;a&#8221;<\/span><\/strong> que est\u00e1 em linha com o inciso IV do art. 4\u00ba da <span style=\"font-size: inherit;\">Lei n\u00ba 11.111\/01: s\u00e3o isentos <\/span><span style=\"font-size: inherit;\">os imo\u0301veis graciosamente cedidos para uso da Administrac\u0327a\u0303o Pu\u0301blica Direta municipal e suas Autarquias e Fundac\u0327o\u0303es, proporcionalmente ao tempo que perdurar a cessa\u0303o, observando-se (&#8230;)<\/span><\/p>\n<p><span style=\"color: #ff6600;\">Incorreta a alternativa &#8220;b&#8221;<\/span> porque o inciso VI do art. 4\u00ba j\u00e1 mencionado exige a ocupa\u00e7\u00e3o do im\u00f3vel pela Administra\u00e7\u00e3o e n\u00e3o apenas a a\u00e7\u00e3o de desapropria\u00e7\u00e3o: s\u00e3o isentas as <span style=\"font-size: inherit;\">a\u0301reas ocupadas pela Administrac\u0327a\u0303o Pu\u0301blica Direta Municipal e suas Autarquias e Fundac\u0327o\u0303es, objeto de futura desapropriac\u0327a\u0303o, desde o momento da efetiva ocupac\u0327a\u0303o, conforme atestado pelos o\u0301rga\u0303os competentes, ate\u0301 a imissa\u0303o na posse do imo\u0301vel desapropriado.<\/span><\/p>\n<p><span style=\"color: #ff6600;\">Incorreta a alternativa &#8220;c&#8221; <span style=\"color: #000000;\">porque o inciso VIII do art. 4\u00ba j\u00e1 mencionado exige que a isen\u00e7\u00e3o seja proporcional \u00e0 \u00e1rea tombada.<\/span><\/span><\/p>\n<div class=\"page\" title=\"Page 5\">\n<div class=\"section\">\n<div class=\"layoutArea\">\n<div class=\"column\">\n<p><span style=\"color: #ff6600;\"><span style=\"color: #0000ff;\"><strong>Correta a alternativa &#8220;d&#8221;<\/strong><\/span> <span style=\"color: #000000;\">porque o inciso I do art. 4\u00ba j\u00e1 mencionado afirma que s\u00e3o isentos <\/span><\/span><span style=\"font-size: inherit;\">os <strong>aposentados, os pensionistas<\/strong> e os beneficia\u0301rios do Amparo Social ao Idoso, do Amparo Social a\u0300 Pessoa Portadora de Deficie\u0302ncia e da Renda Mensal Vitali\u0301cia, <span style=\"color: #ff6600;\">relativamente ao imo\u0301vel integrante do seu patrimo\u0302nio classificado na categoria estritamente residencial<\/span> e onde efetivamente residam, condicionando-se a pessoa legalmente beneficiada ao atendimento do seguinte (&#8230;)<\/span><\/p>\n<p>Perceba que um dos requisitos \u00e9 o im\u00f3vel integrar o seu patrim\u00f4nio. Lembre-se que patrim\u00f4nio n\u00e3o encerra apenas o conceito de propriedade. Todo direito est\u00e1 dentro da esfera patrimonial. Assim, o direito do usufrutu\u00e1rio sobre um im\u00f3vel est\u00e1 dentro de sua esfera patrimonial. Nessa linha, inclusive, prev\u00ea o art. 1.394 do CC que &#8220;o\u00a0usufrutu\u00e1rio tem direito \u00e0 posse, uso, administra\u00e7\u00e3o e percep\u00e7\u00e3o dos frutos&#8221;.<\/p>\n<p>Logo, a isen\u00e7\u00e3o contempla tamb\u00e9m o titular do usufruto, por ser este um direito real que integra a esfera patrimonial do aposentado ou pensionista.<\/p>\n<p>E, importante ressaltar, o contribuinte do IPTU \u00e9 o propriet\u00e1rio, o detentor do dom\u00ednio \u00fatil e <span style=\"color: #ff6600;\">o possuidor a qualquer t\u00edtulo.<\/span><\/p>\n<p>Negar isso \u00e9 ir contra o pr\u00f3prio interesse do Fisco Municipal.<\/p>\n<p>Refor\u00e7o aqui, ainda, a nova orienta\u00e7\u00e3o jurisprudencial do STF nos julgamentos dos <strong>REs 594015\/SP, 601720\/RJ e 434251\/RJ.<\/strong><\/p>\n<p>Por fim, para que n\u00e3o faltem argumentos, a interpreta\u00e7\u00e3o acerca da isen\u00e7\u00e3o, nos termos do art. 111 do CTN, \u00e9 literal. Assim, a lei prescreve &#8220;im\u00f3vel integrante do seu patrim\u00f4nio classificado na categoria estritamente residencial&#8230;&#8221;. A Lei n\u00e3o diz im\u00f3vel de sua propriedade.\u00a0<\/p>\n<p><span style=\"color: #ff6600;\">Incorreta a alternativa &#8220;e&#8221; <span style=\"color: #000000;\">porque, havendo explora\u00e7\u00e3o de atividade econ\u00f4mica, o art. 2\u00ba-A prev\u00ea a incid\u00eancia do IPTU.<\/span><\/span><\/p>\n<\/div>\n<\/div>\n<\/div>\n<\/div>\n<\/div>\n<\/div>\n<\/div>\n<\/div>\n<\/div>\n<\/div>\n<p><strong>Quest\u00e3o 43.<\/strong> Com base no Decreto Municipal no 19.723\/2017, acerca do pedido de isen\u00e7\u00e3o de Imposto sobre Propriedade Predial e Territorial Urbana (IPTU), assinale a alternativa correta.<\/p>\n<p>(A) Os pedidos de isen\u00e7\u00e3o devem ser apresentados em cada exerc\u00edcio financeiro, a fim de permitir que a Administra\u00e7\u00e3o possa atestar se o contribuinte ostenta a condi\u00e7\u00e3o de isento.<\/p>\n<p>(B) Os pedidos de reconhecimento administrativo das isen\u00e7\u00f5es dever\u00e3o, em regra, ser requeridos no ano em curso para gozo no exerc\u00edcio seguinte.<\/p>\n<p>(C) A Administra\u00e7\u00e3o deve analisar o pedido de isen\u00e7\u00e3o tendo por base os documentos exigidos no Decreto, estando vedada a exig\u00eancia de elementos adicionais.<\/p>\n<p>(D) A autoridade fiscal dever\u00e1 sanear o pedido de isen\u00e7\u00e3o caso o contribuinte se omita em apresentar qualquer elemento indispens\u00e1vel ao seu conhecimento.<\/p>\n<p>(E) Nos casos das isen\u00e7\u00f5es que n\u00e3o recaiam sobre a totalidade da \u00e1rea do im\u00f3vel, para fins de c\u00e1lculo do tributo, a al\u00edquota, descontos e demais elementos quantitativos do c\u00e1lculo dever\u00e3o considerar o valor da \u00e1rea total do im\u00f3vel.<\/p>\n<p><strong>Gabarito: B<\/strong><\/p>\n<p><span style=\"color: #ff6600;\">Incorreta a alternativa &#8220;a&#8221;<\/span> porque, nos termos do art. 26 do Decreto n\u00ba 19.723\/2017, o<span style=\"font-size: inherit;\"> reconhecimento administrativo das isenc\u0327o\u0303es, i<span style=\"color: #ff6600;\">ndepende de renovac\u0327a\u0303o para os exerci\u0301cios futuros,<\/span> com excec\u0327a\u0303o da concessa\u0303o de isenc\u0327a\u0303o para os beneficia\u0301rios do Amparo Social ao Idoso, do Amparo Social a\u0300 Pessoa Portadora de Deficie\u0302ncia e da Renda Mensal Vitali\u0301cia, para os Imo\u0301veis Tombados e para as A\u0301reas de Protec\u0327a\u0303o Ambiental Permanentes, ou outro dispositivo legal em contra\u0301rio, sem prejui\u0301zo da verificac\u0327a\u0303o perio\u0301dica quanto a\u0300 manutenc\u0327a\u0303o das condic\u0327o\u0303es que o tenha motivado.<\/span><\/p>\n<p><span style=\"color: #000000;\"><span style=\"color: #0000ff;\">Correta a alternativa &#8220;b&#8221; <\/span>que est\u00e1 em linha com o art. 30 do Decreto n\u00ba 19.<\/span>723\/2017: &#8220;<span style=\"font-size: inherit;\">Os pedidos de reconhecimento administrativo das isenc\u0327o\u0303es de que trata o art. 4o da Lei no 11.111\/2001 devera\u0303o ser requeridos no ano em curso para gozo no exerci\u0301cio seguinte (&#8230;)&#8221;.<\/span><\/p>\n<p><span style=\"color: #ff6600;\">Incorreta a alternativa &#8220;c&#8221;<\/span> porque, nos termos dos arts. 24 e 25 do Decreto n\u00ba 19.723\/2017, documentos adicionais podem estar previstos em Instru\u00e7\u00e3o Normativa ou em outros atos normativos.<\/p>\n<p><span style=\"color: #ff6600;\">Incorreta a alternativa &#8220;d&#8221;<\/span> porque, nos termos do art. 24 do Decreto n\u00ba 19.723\/2017, sob pena de n\u00e3o conhecimento, o pedido dever\u00e1 estar devidamente instru\u00eddo.<\/p>\n<p><span style=\"color: #ff6600;\">Incorreta a alternativa &#8220;e&#8221;<\/span> porque, nos termos do art. 24 do Decreto n\u00ba 19.723\/2017, sob pena de n\u00e3o conhecimento, o pedido dever\u00e1 estar devidamente instru\u00eddo. Ou seja, a autoridade n\u00e3o deve sanear com elemento indispens\u00e1vel ao seu conhecimento. At\u00e9 poder\u00e1 faz\u00ea-lo a depender da situa\u00e7\u00e3o concreta que se apresente, mas n\u00e3o \u00e9 um dever dele e sim do requerente (interessado, devidamente legitimado).<\/p>\n<p><strong>Quest\u00e3o 44.<\/strong> Suponha que um indiv\u00edduo, como forma de consolidar a sua participa\u00e7\u00e3o em sociedade empres\u00e1ria, integralize um im\u00f3vel de valor correspondente ao valor nominal de suas a\u00e7\u00f5es. Dois anos e nove meses ap\u00f3s a opera\u00e7\u00e3o, os s\u00f3cios decidem extinguir a pessoa jur\u00eddica de maneira volunt\u00e1ria e, ap\u00f3s liquidadas as d\u00edvidas, o saldo remanescente do capital social \u00e9 dividido entre os membros da empresa. Considerando a situa\u00e7\u00e3o hipot\u00e9tica e com base na Lei Municipal no 12.391\/2005, que disciplina o regime do Imposto sobre a Transmiss\u00e3o Inter Vivos de Bens Im\u00f3veis e de Direitos Reais a eles Relativos \u2013 ITBI, assinale a alternativa correta.<\/p>\n<p>(A) Para que a opera\u00e7\u00e3o n\u00e3o esteja sujeita \u00e0 incid\u00eancia de ITBI, \u00e9 necess\u00e1rio apurar se 50% das receitas operacionais da pessoa jur\u00eddica, nos 2 (dois) anos anteriores e nos 3 (tr\u00eas) anos subsequentes \u00e0 aquisi\u00e7\u00e3o, decorrem de transa\u00e7\u00f5es de compra e venda de im\u00f3veis ou de direitos relativos a im\u00f3veis, loca\u00e7\u00e3o de bens im\u00f3veis ou arrendamento mercantil.<\/p>\n<p>(B) No presente caso, h\u00e1 incid\u00eancia de ITBI, estando dispensada a an\u00e1lise do tipo de atividade da empresa.<\/p>\n<p>(C) O tributo ser\u00e1 imediatamente exig\u00edvel caso a pessoa jur\u00eddica tenha por objetivo social atividade exclusivamente relacionada \u00e0 compra e venda de bens ou a direitos relativos a im\u00f3veis, a sua loca\u00e7\u00e3o ou arrendamento mercantil.<\/p>\n<p>(D) Ainda que a pessoa jur\u00eddica tenha sido constitu\u00edda um ano antes da integraliza\u00e7\u00e3o do im\u00f3vel, a sua extin\u00e7\u00e3o no prazo fixado no enunciado n\u00e3o torna existente a obriga\u00e7\u00e3o de pagar ITBI.<\/p>\n<p>(E) A opera\u00e7\u00e3o, independentemente do objeto da sociedade, n\u00e3o estar\u00e1 sujeita \u00e0 incid\u00eancia de ITBI.<\/p>\n<p><strong>Gabarito: C<\/strong><\/p>\n<p><span style=\"color: #ff6600;\">Incorreta a alternativa &#8220;a&#8221;<\/span> porque n\u00e3o existe per\u00edodo de c\u00e1lculo de preponder\u00e2ncia de 2 anos antes e 3 depois. Ou, nos termos do caput do art. 6\u00ba da Lei n\u00ba 12.391\/05, <span style=\"font-size: inherit;\">caracteriza-se a atividade preponderante quando mais de 50% (cinquenta por cento) da receita operacional da pessoa juri\u0301dica adquirente, nos 2 (dois) anos anteriores e nos 2 (dois) anos subsequentes a\u0300 aquisic\u0327a\u0303o, decorrer de transac\u0327o\u0303es decorrentes de compra e venda de imo\u0301veis ou de direitos relativos a imo\u0301veis, locac\u0327a\u0303o de bens imo\u0301veis ou arrendamento mercantil. Ou, nos termos do \u00a71\u00ba do aludido artigo, <strong>s<\/strong><\/span><span style=\"font-size: inherit;\"><strong>e a pessoa juri\u0301dica adquirente iniciar suas atividades apo\u0301s a aquisic\u0327a\u0303o<\/strong>, ou menos de 2 (dois) anos antes dela, apurar-se-a\u0301 a prepondera\u0302ncia levando-se em conta os 3 (tre\u0302s) primeiros anos seguintes a\u0300 data da aquisic\u0327a\u0303o.<\/span><\/p>\n<p>Assim, ainda que a quest\u00e3o n\u00e3o tenha informado h\u00e1 quanto tempo a pessoa jur\u00eddica adquirente estava em atividade (s\u00f3 falou da exist\u00eancia de 2 anos e nove meses ap\u00f3s a transmiss\u00e3o, mas n\u00e3o falou antes), fato \u00e9 que a alternativa &#8220;a&#8221; apresenta um per\u00edodo de an\u00e1lise inexistente.<\/p>\n<p><span style=\"color: #ff6600;\">Incorreta a alternativa &#8220;b&#8221;<\/span> porque se poderia afirmar que incidiria o ITBI no presente caso, sem an\u00e1lise de preponder\u00e2ncia, se houvesse\u00a0 a informa\u00e7\u00e3o de que a PJ estaria em atividade h\u00e1 menos de 2 anos ou se estivesse sendo constitu\u00edda no ato de integraliza\u00e7\u00e3o, nos termos do \u00a76\u00ba do art. 6\u00ba da Lei n\u00ba 12.391\/05.\u00a0<\/p>\n<p>Caso a empresa tivesse exist\u00eancia h\u00e1 mais de 2 anos da transmiss\u00e3o, poderia haver o c\u00e1lculo de preponder\u00e2ncia (2 anos antes e 2 depois da transmiss\u00e3o) e, n\u00e3o havendo preponder\u00e2ncia de receitas oriundas de atividades imobili\u00e1rias, n\u00e3o incidiria o ITBI.<\/p>\n<p><span style=\"color: #ff6600;\"><span style=\"color: #0000ff;\">Correta a alternativa &#8220;c&#8221;<\/span> <span style=\"color: #000000;\">que est\u00e1 em linha com o \u00a74\u00ba do art. 6\u00ba da Lei n\u00ba 12.391\/05: n<\/span><\/span><span style=\"font-size: inherit;\">a\u0303o se admite perquirir quanto a\u0300 prepondera\u0302ncia, sendo, de imediato, exigi\u0301vel o imposto, nos casos em que a pessoa juri\u0301dica <\/span><span style=\"font-size: inherit;\">adquirente tiver por objetivo social atividade exclusivamente relacionada a\u0300 compra e venda de bens ou a direitos relativos a imo\u0301veis, a sua locac\u0327a\u0303o ou arrendamento mercantil.<\/span><\/p>\n<p><span style=\"color: #ff6600;\">Incorreta a alternativa &#8220;d&#8221;<\/span> porque, se a empresa tivesse sido constitu\u00edda um ano antes da integraliza\u00e7\u00e3o, ent\u00e3o, o prazo para c\u00e1lculo de preponder\u00e2ncia seria de 3 anos ap\u00f3s a integraliza\u00e7\u00e3o. Assim, como ela teve exist\u00eancia por 2 anos e nove meses, ap\u00f3s a integraliza\u00e7\u00e3o, ent\u00e3o, nos termos do \u00a76\u00ba do art. 6\u00ba da Lei n\u00ba 12.391\/05, iria incidir o ITBI.<\/p>\n<p><span style=\"color: #ff6600;\">Incorreta a alternativa &#8220;e&#8221;<\/span> porque, nos termos do art. 6\u00ba da Lei n\u00ba 12.391\/05, a an\u00e1lise de incid\u00eancia ou n\u00e3o do ITBI, em regra, depende da preponder\u00e2ncia e do objeto social.<\/p>\n<p><strong>Quest\u00e3o 45.<\/strong> Nos termos da Lei Municipal no 12.391\/2005, o Imposto sobre a Transmiss\u00e3o Inter Vivos de Bens Im\u00f3veis e de Direitos Reais a eles Relativos \u2013 ITBI tem al\u00edquota de<\/p>\n<p>(A) 2,5% (dois v\u00edrgula cinco por cento).<\/p>\n<p>(B) 3,2% (tr\u00eas v\u00edrgula dois por cento).<\/p>\n<p>(C) 3,5% (tr\u00eas v\u00edrgula cinco por cento).<\/p>\n<p>(D) 3% (tr\u00eas por cento).<\/p>\n<p>(E) 2,7% (dois v\u00edrgula sete por cento).<\/p>\n<p><strong>Gabarito: E<\/strong><\/p>\n<p>De acordo com o art. 12 da Lei n\u00ba 12.391\/05, a al\u00edquota do ITBI em Campinas \u00e9 de 2,7%.<\/p>\n<p><strong>Quest\u00e3o 46.<\/strong> Acerca do Imposto Sobre Servi\u00e7os de Qualquer Natureza (ISS), com base na Lei Municipal no 12.392\/2005, assinale a alternativa correta.<\/p>\n<p>(A) Os servi\u00e7os p\u00fablicos objeto de concess\u00e3o e remunerados por tarifa est\u00e3o sujeitos ao ISS.<\/p>\n<p>(B) O imposto ser\u00e1 objeto de cobran\u00e7a, em regra, no local em que h\u00e1 a presta\u00e7\u00e3o do servi\u00e7o.<\/p>\n<p>(C) O ISS tem como fato gerador a realiza\u00e7\u00e3o de atividade prevista em item constante da lista anexa e que constitua atividade preponderante do contribuinte.<\/p>\n<p>(D) Os servi\u00e7os que produzem parte dos resultados no Brasil, caso tenham por base contrato firmado no exterior, constituem exporta\u00e7\u00e3o de servi\u00e7o.<\/p>\n<p>(E) Qualquer subs\u00eddio pode ser concedido somente caso decreto espec\u00edfico o autorize.<\/p>\n<p><strong>Gabarito: A<\/strong><\/p>\n<p><span style=\"color: #0000ff;\">Correta a alternativa &#8220;a&#8221;<\/span> que est\u00e1 em linha com o \u00a73\u00ba do art. 2\u00ba da Lei n\u00ba 12.392\/2005: o<span style=\"font-size: inherit;\"> ISS incide ainda sobre os servic\u0327os prestados mediante a utilizac\u0327a\u0303o de bens e servic\u0327os pu\u0301blicos explorados economicamente mediante autorizac\u0327a\u0303o, permissa\u0303o ou concessa\u0303o, com o pagamento de tarifa, prec\u0327o ou peda\u0301gio pelo usua\u0301rio final do servic\u0327o.<\/span><\/p>\n<p><span style=\"color: #ff6600;\">Incorreta a alternativa &#8220;b&#8221;<\/span> porque, de acordo com o art. 10 da Lei n\u00ba 12.392\/2005, o ISS, em regra, \u00e9 devido no local do estabelecimento prestador.<\/p>\n<p><span style=\"color: #ff6600;\">Incorreta a alternativa &#8220;c&#8221;<\/span> porque, de acordo com o art. 2\u00ba, caput, da Lei n\u00ba 12.392\/2005, o ISS <span style=\"font-size: inherit;\">tem como fato gerador a prestac\u0327a\u0303o de servic\u0327os, constantes da lista, <strong>ainda que esses na\u0303o se constituam como atividade preponderante do prestador.<\/strong><\/span><\/p>\n<p><span style=\"color: #ff6600;\">Incorreta a alternativa &#8220;d&#8221;<\/span> porque, de acordo com o art. 3\u00ba, par\u00e1grafo \u00fanico, da Lei n\u00ba 12.392\/2005, n\u00e3o se enquadra em exporta\u00e7\u00e3o de servi\u00e7os para o exterior do Pa\u00eds os <span style=\"font-size: inherit;\">servic\u0327os desenvolvidos no Brasil, cujo resultado aqui se verifique, ainda que o pagamento seja feito por residente no exterior.<\/span><\/p>\n<p><span style=\"color: #ff6600;\">Incorreta a alternativa &#8220;e&#8221;<\/span> porque, de acordo com o art. 4\u00ba, da Lei n\u00ba 12.392\/2005, exige-se lei espec\u00edfica de iniciativa do Poder Executivo.<\/p>\n<p><strong>Quest\u00e3o 47.<\/strong> A Administra\u00e7\u00e3o constata que uma empresa emite continuamente notas fiscais com a informa\u00e7\u00e3o de que suas atividades se enquadram em hip\u00f3tese de isen\u00e7\u00e3o e, com o objetivo de apurar a regularidade do caso, realiza uma autua\u00e7\u00e3o fiscal. Em seguida, a autoridade fazend\u00e1ria notifica a empresa para prestar esclarecimento sobre as opera\u00e7\u00f5es econ\u00f4micas, bem como fornecer livros cont\u00e1beis e documentos para avaliar a licitude das notas fiscais e das opera\u00e7\u00f5es econ\u00f4micas. Considerando a situa\u00e7\u00e3o exposta e com base na Lei Municipal no 12.392\/2005, assinale a alternativa correta.<\/p>\n<p>(A) Caso falte clareza nos documentos apresentados pela empresa, cabe \u00e0 Administra\u00e7\u00e3o comprovar que as situa\u00e7\u00f5es n\u00e3o se enquadram na hip\u00f3tese de isen\u00e7\u00e3o.<\/p>\n<p>(B) A pessoa jur\u00eddica isenta est\u00e1 dispensada de manter inscri\u00e7\u00e3o no Cadastro Municipal de Receitas Mobili\u00e1rias.<\/p>\n<p>(C) A falta de emiss\u00e3o, de escritura\u00e7\u00e3o ou de apresenta\u00e7\u00e3o de documento fiscal acarreta a aplica\u00e7\u00e3o de multa de 15 (quinze) Unidades Fiscais de Campinas \u2013 UFIC, para cada documento.<\/p>\n<p>(D) Caso os livros fiscais tenham sido extraviados, prevalece a declara\u00e7\u00e3o feita pelo contribuinte.<\/p>\n<p>(E) Caso a autoridade fiscal constate que a situa\u00e7\u00e3o n\u00e3o se enquadra em hip\u00f3tese de isen\u00e7\u00e3o, poder\u00e1 efetuar o arbitramento do tributo, considerando necessariamente como base de c\u00e1lculo valor estipulado pelo Auditor Fiscal, ainda que esse n\u00e3o corresponda ao valor do servi\u00e7o.<\/p>\n<p><strong>Gabarito: C<\/strong><\/p>\n<p><span style=\"color: #ff6600;\">Incorreta a alternativa &#8220;a&#8221;<\/span> porque o \u00f4nus da prova de que cumpre todos os requisitos para frui\u00e7\u00e3o da isen\u00e7\u00e3o \u00e9 do sujeito passivo (decorr\u00eancia, por exemplo, do art. 5\u00ba da Lei n\u00ba 12.392\/05).<\/p>\n<p><span style=\"color: #ff6600;\">Incorreta a alternativa &#8220;b&#8221;<\/span> porque, nos termos do art. 37 da Lei n\u00ba 12.392\/05, ainda que isenta, devem ser inscritos no Cadastro Municipal de Receitas Mobili\u00e1rias.\u00a0<\/p>\n<p><span style=\"color: #0000ff;\">Correta a alternativa &#8220;c&#8221;<\/span> que est\u00e1 em linha com o inciso I do art. 56 da Lei n\u00ba 12.392\/05.<\/p>\n<p><span style=\"color: #ff6600;\">Incorreta a alternativa &#8220;d&#8221;<\/span> porque, nos termos do art. 25 da Lei n\u00ba 12.392\/05, o extravio de livro \u00e9 fundamento para arbitramento da base de c\u00e1lculo do ISS.<\/p>\n<p><span style=\"color: #ff6600;\">Incorreta a alternativa &#8220;e&#8221;<\/span> porque, nos termos dos arts. 22 e 25 da Lei n\u00ba 12.392\/05, a base de c\u00e1lculo do ISS \u00e9 o pre\u00e7o do servi\u00e7o, bem como eventual arbitramento deve respeitar as situa\u00e7\u00f5es elencadas nos incisos do aludido art. 25.<\/p>\n<p><strong>Quest\u00e3o 48.<\/strong> Com base na Lei Municipal no 12.392\/2005, \u00e9 respons\u00e1vel solid\u00e1rio pelo Imposto Sobre Servi\u00e7os de Qualquer Natureza:<\/p>\n<p>(A) o tomador ou intermedi\u00e1rio do servi\u00e7o que n\u00e3o emitir nota fiscal.<\/p>\n<p>(B) o administrador judicial, pelo cr\u00e9dito tribut\u00e1rio devido pela sociedade empres\u00e1ria falida.<\/p>\n<p>(C) o s\u00f3cio remanescente ou seu esp\u00f3lio, pelo cr\u00e9dito tribut\u00e1rio da pessoa jur\u00eddica extinta, ainda que n\u00e3o continue a respectiva atividade.<\/p>\n<p>(D) o s\u00f3cio, no caso de liquida\u00e7\u00e3o de sociedade de pessoas, pelo cr\u00e9dito tribut\u00e1rio da sociedade.<\/p>\n<p>(E) a pessoa natural pelo cr\u00e9dito tribut\u00e1rio devido pelo alienante, quando venha a adquirir fundo de com\u00e9rcio, na hip\u00f3tese de continuidade por parte deste da explora\u00e7\u00e3o da atividade.<\/p>\n<p><strong>Gabarito: D<\/strong><\/p>\n<p><span style=\"color: #ff6600;\">Incorreta a alternativa &#8220;a&#8221; <span style=\"color: #000000;\">porque, nos termos do inciso I do art. 16 da Lei n\u00ba 12.392\/05, s\u00e3o solid\u00e1rios <\/span><\/span><span style=\"font-size: inherit;\">o tomador ou intermedia\u0301rio do servic\u0327o, quando o prestador do servic\u0327o:\u00a0<\/span><\/p>\n<p><span style=\"font-size: inherit;\"> a) na\u0303o comprovar inscric\u0327a\u0303o cadastral ativa no Cadastro Municipal de Receitas Mobilia\u0301rias;<\/span><\/p>\n<div class=\"page\" title=\"Page 9\">\n<div class=\"section\">\n<div class=\"layoutArea\">\n<div class=\"column\">\n<p>b) obrigado a\u0300 emissa\u0303o de nota fiscal, na\u0303o o fizer.<\/p>\n<p>Perceba que, no caso, a responsabilidade de emiss\u00e3o da nota \u00e9 do prestador. A responsabilidade solid\u00e1ria surge para o tomador se o prestador, obrigado, n\u00e3o emitir nota.<\/p>\n<p><span style=\"color: #ff6600;\">Incorreta a alternativa &#8220;b&#8221; <span style=\"color: #000000;\">porque, nos termos do inciso IX do art. 17 da Lei n\u00ba 12.392\/05, \u00e9 solid\u00e1rio <\/span><\/span><span style=\"font-size: inherit;\">o administrador judicial, pelo cre\u0301dito tributa\u0301rio devido pela massa falida ou pelo concordata\u0301rio.<\/span><\/p>\n<p><span style=\"color: #ff6600;\">Incorreta a alternativa &#8220;c&#8221; <span style=\"color: #000000;\">porque, nos termos do inciso VI do art. 17 da Lei n\u00ba 12.392\/05, \u00e9 solid\u00e1rio <\/span><\/span><span style=\"font-size: inherit;\">o so\u0301cio remanescente ou seu espo\u0301lio, pelo cre\u0301dito tributa\u0301rio da pessoa juri\u0301dica extinta, <strong>caso continue<\/strong> a respectiva atividade, sob a mesma ou outra raza\u0303o social ou sob firma individual.<\/span><\/p>\n<\/div>\n<div class=\"page\" title=\"Page 10\">\n<div class=\"section\">\n<div class=\"layoutArea\">\n<div class=\"column\">\n<p><span style=\"color: #ff6600;\"><span style=\"color: #0000ff;\">Correta a alternativa &#8220;d&#8221;<\/span> <\/span><span style=\"color: #ff6600;\"><span style=\"color: #000000;\">porque, nos termos do inciso VII do art. 17 da Lei n\u00ba 12.392\/05, \u00e9 solid\u00e1rio<\/span><\/span> so\u0301cio, no caso de liquidac\u0327a\u0303o de sociedade de pessoas, pelo cre\u0301dito tributa\u0301rio da sociedade.<\/p>\n<\/div>\n<\/div>\n<\/div>\n<\/div>\n<\/div>\n<\/div>\n<\/div>\n<p><span style=\"color: #ff6600;\">Incorreta a alternativa &#8220;e&#8221; <\/span>porque, nos termos do inciso I do art. 17 da Lei n\u00ba 12.392\/05, s\u00e3o solid\u00e1rios <span style=\"font-size: inherit;\">a pessoa natural ou juri\u0301dica, pelo cre\u0301dito tributa\u0301rio devido pelo alienante, quando venha a adquirir fundo de come\u0301rcio <\/span><span style=\"font-size: inherit;\">ou estabelecimento prestador de servic\u0327os, na hipo\u0301tese de <span style=\"color: #ff6600;\">cessac\u0327a\u0303o<\/span> por parte deste da explorac\u0327a\u0303o da atividade.<\/span><\/p>\n<p><strong>Quest\u00e3o 49.<\/strong> Acerca da Lei Municipal no 13.104\/2007, assinale a alternativa correta. <\/p>\n<p>(A) A restitui\u00e7\u00e3o ou compensa\u00e7\u00e3o total ou parcial de tributos d\u00e1 lugar a restituir ou compensar, na mesma propor\u00e7\u00e3o, os juros de mora e as penalidades pecuni\u00e1rias de qualquer natureza que tiverem sido indevidamente recolhidos. <br \/>(B) O sujeito passivo com d\u00e9bito de qualquer origem pode receber da Fazenda Municipal restitui\u00e7\u00e3o de tributo pago indevidamente. <br \/>(C) \u00c9 admitida a compensa\u00e7\u00e3o de d\u00e9bito inscrito na d\u00edvida ativa, de natureza n\u00e3o tribut\u00e1ria, com precat\u00f3rio. <br \/>(D) A compensa\u00e7\u00e3o e a restitui\u00e7\u00e3o devem ser precedidas, necessariamente, de pr\u00e9vio processo administrativo. <br \/>(E) A restitui\u00e7\u00e3o ou compensa\u00e7\u00e3o de tributos que comportem, por sua natureza, transfer\u00eancia do respectivo encargo financeiro somente ser\u00e1 feita a quem constar como respons\u00e1vel tribut\u00e1rio na respectiva legisla\u00e7\u00e3o.<\/p>\n<p><strong>Gabarito: C<\/strong><\/p>\n<p><span style=\"color: #ff6600;\">Incorreta a alternativa &#8220;a&#8221;<\/span> porque, nos termos do art. 46 da Lei n\u00ba 13.104\/07, a<span style=\"font-size: inherit;\">\u00a0restituic\u0327a\u0303o ou compensac\u0327a\u0303o total ou parcial de tributos, ale\u0301m da atualizac\u0327a\u0303o do valor a restituir ou compensar, da\u0301 lugar a restituir ou compensar na mesma proporc\u0327a\u0303o, os juros de mora e as penalidades pecunia\u0301rias que tiverem sido indevidamente recolhidos, <span style=\"color: #ff6600;\">salvo as referentes a\u0300s infrac\u0327o\u0303es de cara\u0301ter formal na\u0303o prejudicadas pela causa da restituic\u0327a\u0303o.<\/span><\/span><\/p>\n<p><span style=\"color: #ff6600;\">Incorreta a alternativa &#8220;b&#8221;<\/span> porque, nos termos do art. 43 da Lei n\u00ba 13.104\/07, o<span style=\"font-size: inherit;\"> sujeito passivo com de\u0301bito de qualquer origem na\u0303o pode receber da Fazenda Municipal quaisquer valores, cre\u0301ditos ou restituic\u0327a\u0303o.<\/span><\/p>\n<p><span style=\"color: #0000ff;\">Correta a alternativa &#8220;c&#8221;<\/span> porque, nos termos do art. 52 e 53 da Lei n\u00ba 13.104\/07, permite-se\u00a0<\/p>\n<div class=\"page\" title=\"Page 9\">\n<div class=\"section\">\n<div class=\"layoutArea\">\n<div class=\"column\">\n<p>Art. 52 \u00ad <span style=\"color: #0000ff;\">A compensac\u0327a\u0303o de de\u0301bitos inscritos na di\u0301vida ativa<\/span> tambe\u0301m podera\u0301 ser feita com cre\u0301ditos contra a Fazenda do Munici\u0301pio e suas Autarquias, oriundos de sentenc\u0327as judiciais, com <span style=\"color: #0000ff;\">precato\u0301rios<\/span> pendentes de pagamento, nos termos de normas regulamentadoras.<\/p>\n<p>Para\u0301grafo u\u0301nico . Podera\u0301 tambe\u0301m ser objeto da compensac\u0327a\u0303o deste artigo o cre\u0301dito proveniente de Cessa\u0303o de Cre\u0301dito entre particulares.<\/p>\n<p>Art. 53 \u00ad Para efeitos desta lei, entende\u00ad-se por:<\/p>\n<p>I \u00ad cre\u0301ditos contra a Fazenda do Munici\u0301pio e autarquias, os valores devidos por forc\u0327a de precato\u0301rio, expedido, processado e registrado pelo Tribunal competente;<\/p>\n<p>II \u00ad <span style=\"color: #0000ff;\">de\u0301bito inscrito na di\u0301vida ativa, aquele de natureza tributa\u0301ria ou na\u0303o tributa\u0301ria.<\/span><\/p>\n<p><span style=\"color: #ff6600;\">Incorreta a alternativa &#8220;d&#8221;<\/span> porque, nos termos do art. 51 da Lei n\u00ba 13.104\/07:<\/p>\n<div class=\"page\" title=\"Page 9\">\n<div class=\"section\">\n<div class=\"layoutArea\">\n<div class=\"column\">\n<p>Art. 51 \u00ad Para os casos em que a importa\u0302ncia a ser restitui\u0301da for menor que o custo processual e administrativo, o Diretor do Departamento de controle e arrecadac\u0327a\u0303o, podera\u0301 determinar seu aproveitamento em lanc\u0327amentos futuros, se houverem, conforme normas regulamentadoras.<\/p>\n<p>Para\u0301grafo u\u0301nico . No caso de na\u0303o haver lanc\u0327amento futuro, tais valores sera\u0303o restitui\u0301dos em procedimento simplificado a ser estabelecido pela Secretaria de Financ\u0327as.<\/p>\n<p><span style=\"color: #ff6600;\">Incorreta a alternativa &#8220;e&#8221;<\/span> porque, nos termos do art. 47 da Lei n\u00ba 13.104\/07:<\/p>\n<\/div>\n<\/div>\n<div class=\"page\" title=\"Page 9\">\n<div class=\"section\">\n<div class=\"layoutArea\">\n<div class=\"column\">\n<p>Art. 47 \u00ad A restituic\u0327a\u0303o ou compensac\u0327a\u0303o de tributos que comportem, por sua natureza, transfere\u0302ncia do respectivo encargo financeiro somente sera\u0301 feita a quem prove haver assumido referido encargo, ou, no caso de te\u0302\u00ad-lo transferido a terceiro, estar por este expressamente autorizado a recebe\u0302\u00ad-la.<\/p>\n<\/div>\n<\/div>\n<\/div>\n<\/div>\n<\/div>\n<\/div>\n<p><strong>Quest\u00e3o 50.<\/strong> Relativamente ao dep\u00f3sito volunt\u00e1rio e ao pagamento parcial de tributo, com base na Lei Municipal no 13.104\/2007, assinale a alternativa correta. <br \/>(A) O dep\u00f3sito pode ser realizado em qualquer fase do processo administrativo. <br \/>(B) O dep\u00f3sito volunt\u00e1rio parcial suspende a exigibilidade do cr\u00e9dito na extens\u00e3o do seu valor. <br \/>(C) O dep\u00f3sito parcial do cr\u00e9dito controverso n\u00e3o \u00e9 admitido. <br \/>(D) Os descontos, concedidos em lei espec\u00edfica para pagamento \u00e0 vista do tributo, ser\u00e3o aplicados aos dep\u00f3sitos administrativos. <br \/>(E) O dep\u00f3sito integral suspende a exigibilidade do cr\u00e9dito e impede a realiza\u00e7\u00e3o do lan\u00e7amento.<\/p>\n<p><strong>Gabarito: A<\/strong><\/p>\n<p><span style=\"color: #0000ff;\">Correta a alternativa &#8220;a&#8221;<\/span> que est\u00e1 em linha com o inciso III do art. 99 da Lei n\u00ba 13.104\/07.<\/p>\n<p><span style=\"color: #ff6600;\">Incorreta a alternativa &#8220;b&#8221;<\/span> porque, de acordo com o art. 100 da Lei n\u00ba 13.104\/07, o<span style=\"font-size: inherit;\">\u00a0depo\u0301sito volunta\u0301rio <strong>suspende a exigibilidade<\/strong> do cre\u0301dito tributa\u0301rio somente quando efetuado em seu montante <strong>integral<\/strong>.<\/span><\/p>\n<p><span style=\"color: #ff6600;\">Incorreta a alternativa &#8220;c&#8221;<\/span> porque, de acordo com o art. 98 da Lei n\u00ba 13.104\/07, a<span style=\"font-size: inherit;\">o sujeito passivo da obrigac\u0327a\u0303o tributa\u0301ria e\u0301 facultado depositar, em moeda corrente, o montante total ou parcial do cre\u0301dito tributa\u0301rio tido por controverso, em garantia de insta\u0302ncia administrativa.<\/span><\/p>\n<p><span style=\"color: #ff6600;\">Incorreta a alternativa &#8220;d&#8221;<\/span> porque, de acordo com o art. 98, par\u00e1grafo \u00fanico, da Lei n\u00ba 13.104\/07, <span style=\"font-size: inherit;\">eventuais descontos, concedidos em lei especifica para pagamento a\u0300 vista do tributo, <span style=\"color: #ff6600;\">na\u0303o<\/span> sera\u0303o aplicados aos depo\u0301sitos administrativos.<\/span><\/p>\n<p><span style=\"color: #ff6600;\">Incorreta a alternativa &#8220;e&#8221;<\/span> porque a suspens\u00e3o da exigibilidade do cr\u00e9dito tribut\u00e1rio n\u00e3o afasta a necessidade de constitui\u00e7\u00e3o do cr\u00e9dito tribut\u00e1rio para fins de se evitar o transcurso do lapso temporal decadencial.<\/p>\n<p>&#8212;&#8212;&#8212;<\/p>\n<\/div>\n<\/div>\n<\/div>\n<\/div>\n<p>Ent\u00e3o \u00e9 isso, caro concurseiro!<\/p>\n<p>Espero que voc\u00ea tenha ido muito bem na prova e que, em breve, esteja com seu nome no Di\u00e1rio Oficial.<\/p>\n<p style=\"text-align: center;\"><span style=\"color: #ff6600;\"><strong>Deus o ilumine sempre!<\/strong><\/span><\/p>\n<p style=\"text-align: center;\"><strong>Cordial abra\u00e7o<\/strong><\/p>\n<p style=\"text-align: center;\"><strong>Wagner Damazio<\/strong><\/p>\n","protected":false},"excerpt":{"rendered":"<p>Ol\u00e1 amigos, tudo bem!? Para quem n\u00e3o me conhece, muito prazer! Meu nome \u00e9\u00a0Wagner Damazio e sou professor de Legisla\u00e7\u00e3o Tribut\u00e1ria Municipal no Estrat\u00e9gia Concursos e de Direito Administrativo\u00a0do Estrat\u00e9gia Carreira Jur\u00eddica. No \u00faltimo, domingo, dia 08 de setembro de 2019, ocorreu a aplica\u00e7\u00e3o da prova objetiva para ingresso \u00e0 carreira de Agente Fiscal Tribut\u00e1rio [&hellip;]<\/p>\n","protected":false},"author":463,"featured_media":0,"comment_status":"open","ping_status":"closed","sticky":false,"template":"","format":"standard","meta":{"post_tipo":"article","footnotes":""},"categories":[1],"tags":[],"tax_estado":[],"class_list":["post-419028","post","type-post","status-publish","format-standard","hentry","category-cursos-e-concursos"],"acf":[],"yoast_head":"<!-- This site is optimized with the Yoast SEO Premium plugin v27.2 (Yoast SEO v27.2) - https:\/\/yoast.com\/product\/yoast-seo-premium-wordpress\/ -->\n<title>Gabarito Comentado de Legisla\u00e7\u00e3o Tribut\u00e1ria Municipal para ISS Campinas (Agente Fiscal Tribut\u00e1rio) - COM RECURSOS<\/title>\n<meta name=\"robots\" content=\"index, follow, max-snippet:-1, max-image-preview:large, max-video-preview:-1\" \/>\n<link rel=\"canonical\" href=\"https:\/\/www.estrategiaconcursos.com.br\/blog\/gabarito-comentado-de-legislacao-tributaria-municipal-para-iss-campinas-agente-fiscal-tributario-com-recursos\/\" \/>\n<meta property=\"og:locale\" content=\"pt_BR\" \/>\n<meta property=\"og:type\" content=\"article\" \/>\n<meta property=\"og:title\" content=\"Gabarito Comentado de Legisla\u00e7\u00e3o Tribut\u00e1ria Municipal para ISS Campinas (Agente Fiscal Tribut\u00e1rio) - COM RECURSOS\" \/>\n<meta property=\"og:description\" content=\"Ol\u00e1 amigos, tudo bem!? Para quem n\u00e3o me conhece, muito prazer! Meu nome \u00e9\u00a0Wagner Damazio e sou professor de Legisla\u00e7\u00e3o Tribut\u00e1ria Municipal no Estrat\u00e9gia Concursos e de Direito Administrativo\u00a0do Estrat\u00e9gia Carreira Jur\u00eddica. No \u00faltimo, domingo, dia 08 de setembro de 2019, ocorreu a aplica\u00e7\u00e3o da prova objetiva para ingresso \u00e0 carreira de Agente Fiscal Tribut\u00e1rio [&hellip;]\" \/>\n<meta property=\"og:url\" content=\"https:\/\/www.estrategiaconcursos.com.br\/blog\/gabarito-comentado-de-legislacao-tributaria-municipal-para-iss-campinas-agente-fiscal-tributario-com-recursos\/\" \/>\n<meta property=\"og:site_name\" content=\"Estrat\u00e9gia Concursos\" \/>\n<meta property=\"article:published_time\" content=\"2019-09-12T05:40:18+00:00\" \/>\n<meta property=\"article:modified_time\" content=\"2019-11-08T19:38:49+00:00\" \/>\n<meta property=\"og:image\" content=\"https:\/\/www.estrategiaconcursos.com.br\/blog\/wp-content\/uploads\/2019\/05\/instagram-@professorwagnerdamazio.png\" \/>\n<meta name=\"author\" content=\"Wagner Damazio\" \/>\n<meta name=\"twitter:card\" content=\"summary_large_image\" \/>\n<meta name=\"twitter:creator\" content=\"@EstratConcursos\" \/>\n<meta name=\"twitter:site\" content=\"@EstratConcursos\" \/>\n<meta name=\"twitter:label1\" content=\"Escrito por\" \/>\n\t<meta name=\"twitter:data1\" content=\"Wagner Damazio\" \/>\n\t<meta name=\"twitter:label2\" content=\"Est. tempo de leitura\" \/>\n\t<meta name=\"twitter:data2\" content=\"25 minutos\" \/>\n<script type=\"application\/ld+json\" class=\"yoast-schema-graph\">{\"@context\":\"https:\/\/schema.org\",\"@graph\":[{\"@type\":\"NewsArticle\",\"@id\":\"https:\/\/www.estrategiaconcursos.com.br\/blog\/gabarito-comentado-de-legislacao-tributaria-municipal-para-iss-campinas-agente-fiscal-tributario-com-recursos\/#article\",\"isPartOf\":{\"@id\":\"https:\/\/www.estrategiaconcursos.com.br\/blog\/gabarito-comentado-de-legislacao-tributaria-municipal-para-iss-campinas-agente-fiscal-tributario-com-recursos\/\"},\"author\":{\"name\":\"Wagner Damazio\",\"@id\":\"https:\/\/www.estrategiaconcursos.com.br\/blog\/#\/schema\/person\/f5b81e04c4522e78c0d896ba290e4cb0\"},\"headline\":\"Gabarito Comentado de Legisla\u00e7\u00e3o Tribut\u00e1ria Municipal para ISS Campinas (Agente Fiscal Tribut\u00e1rio) &#8211; COM RECURSOS\",\"datePublished\":\"2019-09-12T05:40:18+00:00\",\"dateModified\":\"2019-11-08T19:38:49+00:00\",\"mainEntityOfPage\":{\"@id\":\"https:\/\/www.estrategiaconcursos.com.br\/blog\/gabarito-comentado-de-legislacao-tributaria-municipal-para-iss-campinas-agente-fiscal-tributario-com-recursos\/\"},\"wordCount\":5070,\"commentCount\":1,\"publisher\":{\"@id\":\"https:\/\/www.estrategiaconcursos.com.br\/blog\/#organization\"},\"image\":{\"@id\":\"https:\/\/www.estrategiaconcursos.com.br\/blog\/gabarito-comentado-de-legislacao-tributaria-municipal-para-iss-campinas-agente-fiscal-tributario-com-recursos\/#primaryimage\"},\"thumbnailUrl\":\"https:\/\/www.estrategiaconcursos.com.br\/blog\/wp-content\/uploads\/2019\/05\/instagram-@professorwagnerdamazio.png\",\"articleSection\":[\"Concursos P\u00fablicos\"],\"inLanguage\":\"pt-BR\",\"potentialAction\":[{\"@type\":\"CommentAction\",\"name\":\"Comment\",\"target\":[\"https:\/\/www.estrategiaconcursos.com.br\/blog\/gabarito-comentado-de-legislacao-tributaria-municipal-para-iss-campinas-agente-fiscal-tributario-com-recursos\/#respond\"]}],\"copyrightYear\":\"2019\",\"copyrightHolder\":{\"@id\":\"https:\/\/www.estrategiaconcursos.com.br\/blog\/#organization\"}},{\"@type\":\"WebPage\",\"@id\":\"https:\/\/www.estrategiaconcursos.com.br\/blog\/gabarito-comentado-de-legislacao-tributaria-municipal-para-iss-campinas-agente-fiscal-tributario-com-recursos\/\",\"url\":\"https:\/\/www.estrategiaconcursos.com.br\/blog\/gabarito-comentado-de-legislacao-tributaria-municipal-para-iss-campinas-agente-fiscal-tributario-com-recursos\/\",\"name\":\"Gabarito Comentado de Legisla\u00e7\u00e3o Tribut\u00e1ria Municipal para ISS Campinas (Agente Fiscal Tribut\u00e1rio) - COM RECURSOS\",\"isPartOf\":{\"@id\":\"https:\/\/www.estrategiaconcursos.com.br\/blog\/#website\"},\"primaryImageOfPage\":{\"@id\":\"https:\/\/www.estrategiaconcursos.com.br\/blog\/gabarito-comentado-de-legislacao-tributaria-municipal-para-iss-campinas-agente-fiscal-tributario-com-recursos\/#primaryimage\"},\"image\":{\"@id\":\"https:\/\/www.estrategiaconcursos.com.br\/blog\/gabarito-comentado-de-legislacao-tributaria-municipal-para-iss-campinas-agente-fiscal-tributario-com-recursos\/#primaryimage\"},\"thumbnailUrl\":\"https:\/\/www.estrategiaconcursos.com.br\/blog\/wp-content\/uploads\/2019\/05\/instagram-@professorwagnerdamazio.png\",\"datePublished\":\"2019-09-12T05:40:18+00:00\",\"dateModified\":\"2019-11-08T19:38:49+00:00\",\"breadcrumb\":{\"@id\":\"https:\/\/www.estrategiaconcursos.com.br\/blog\/gabarito-comentado-de-legislacao-tributaria-municipal-para-iss-campinas-agente-fiscal-tributario-com-recursos\/#breadcrumb\"},\"inLanguage\":\"pt-BR\",\"potentialAction\":[{\"@type\":\"ReadAction\",\"target\":[\"https:\/\/www.estrategiaconcursos.com.br\/blog\/gabarito-comentado-de-legislacao-tributaria-municipal-para-iss-campinas-agente-fiscal-tributario-com-recursos\/\"]}]},{\"@type\":\"ImageObject\",\"inLanguage\":\"pt-BR\",\"@id\":\"https:\/\/www.estrategiaconcursos.com.br\/blog\/gabarito-comentado-de-legislacao-tributaria-municipal-para-iss-campinas-agente-fiscal-tributario-com-recursos\/#primaryimage\",\"url\":\"https:\/\/dhg1h5j42swfq.cloudfront.net\/2019\/05\/05220049\/instagram-%40professorwagnerdamazio.png\",\"contentUrl\":\"https:\/\/dhg1h5j42swfq.cloudfront.net\/2019\/05\/05220049\/instagram-%40professorwagnerdamazio.png\",\"width\":632,\"height\":134},{\"@type\":\"BreadcrumbList\",\"@id\":\"https:\/\/www.estrategiaconcursos.com.br\/blog\/gabarito-comentado-de-legislacao-tributaria-municipal-para-iss-campinas-agente-fiscal-tributario-com-recursos\/#breadcrumb\",\"itemListElement\":[{\"@type\":\"ListItem\",\"position\":1,\"name\":\"In\u00edcio\",\"item\":\"https:\/\/www.estrategiaconcursos.com.br\/blog\/\"},{\"@type\":\"ListItem\",\"position\":2,\"name\":\"Gabarito Comentado de Legisla\u00e7\u00e3o Tribut\u00e1ria Municipal para ISS Campinas (Agente Fiscal Tribut\u00e1rio) &#8211; COM RECURSOS\"}]},{\"@type\":\"WebSite\",\"@id\":\"https:\/\/www.estrategiaconcursos.com.br\/blog\/#website\",\"url\":\"https:\/\/www.estrategiaconcursos.com.br\/blog\/\",\"name\":\"Estrat\u00e9gia Concursos\",\"description\":\"O blog da Estrat\u00e9gia Concursos traz not\u00edcias sobre concursos e artigos de professores oferecendo cursos para concursos (pdf + videaulas) no site.\",\"publisher\":{\"@id\":\"https:\/\/www.estrategiaconcursos.com.br\/blog\/#organization\"},\"potentialAction\":[{\"@type\":\"SearchAction\",\"target\":{\"@type\":\"EntryPoint\",\"urlTemplate\":\"https:\/\/www.estrategiaconcursos.com.br\/blog\/?s={search_term_string}\"},\"query-input\":{\"@type\":\"PropertyValueSpecification\",\"valueRequired\":true,\"valueName\":\"search_term_string\"}}],\"inLanguage\":\"pt-BR\"},{\"@type\":\"Organization\",\"@id\":\"https:\/\/www.estrategiaconcursos.com.br\/blog\/#organization\",\"name\":\"Estrat\u00e9gia Concursos\",\"url\":\"https:\/\/www.estrategiaconcursos.com.br\/blog\/\",\"logo\":{\"@type\":\"ImageObject\",\"inLanguage\":\"pt-BR\",\"@id\":\"https:\/\/www.estrategiaconcursos.com.br\/blog\/#\/schema\/logo\/image\/\",\"url\":\"https:\/\/dhg1h5j42swfq.cloudfront.net\/2025\/06\/03203428\/logo_concursos-1.jpg\",\"contentUrl\":\"https:\/\/dhg1h5j42swfq.cloudfront.net\/2025\/06\/03203428\/logo_concursos-1.jpg\",\"width\":230,\"height\":60,\"caption\":\"Estrat\u00e9gia Concursos\"},\"image\":{\"@id\":\"https:\/\/www.estrategiaconcursos.com.br\/blog\/#\/schema\/logo\/image\/\"},\"sameAs\":[\"https:\/\/x.com\/EstratConcursos\"]},{\"@type\":\"Person\",\"@id\":\"https:\/\/www.estrategiaconcursos.com.br\/blog\/#\/schema\/person\/f5b81e04c4522e78c0d896ba290e4cb0\",\"name\":\"Wagner Damazio\",\"image\":{\"@type\":\"ImageObject\",\"inLanguage\":\"pt-BR\",\"@id\":\"https:\/\/secure.gravatar.com\/avatar\/5841b494cf624bcdfca728a4708ad21f8dd8e34657a98b9970e6136e633ae15a?s=96&d=mm&r=g\",\"url\":\"https:\/\/secure.gravatar.com\/avatar\/5841b494cf624bcdfca728a4708ad21f8dd8e34657a98b9970e6136e633ae15a?s=96&d=mm&r=g\",\"contentUrl\":\"https:\/\/secure.gravatar.com\/avatar\/5841b494cf624bcdfca728a4708ad21f8dd8e34657a98b9970e6136e633ae15a?s=96&d=mm&r=g\",\"caption\":\"Wagner Damazio\"},\"url\":\"https:\/\/www.estrategiaconcursos.com.br\/blog\/author\/wagnermatematicoyahoo-com-br\/\"}]}<\/script>\n<!-- \/ Yoast SEO Premium plugin. -->","yoast_head_json":{"title":"Gabarito Comentado de Legisla\u00e7\u00e3o Tribut\u00e1ria Municipal para ISS Campinas (Agente Fiscal Tribut\u00e1rio) - COM RECURSOS","robots":{"index":"index","follow":"follow","max-snippet":"max-snippet:-1","max-image-preview":"max-image-preview:large","max-video-preview":"max-video-preview:-1"},"canonical":"https:\/\/www.estrategiaconcursos.com.br\/blog\/gabarito-comentado-de-legislacao-tributaria-municipal-para-iss-campinas-agente-fiscal-tributario-com-recursos\/","og_locale":"pt_BR","og_type":"article","og_title":"Gabarito Comentado de Legisla\u00e7\u00e3o Tribut\u00e1ria Municipal para ISS Campinas (Agente Fiscal Tribut\u00e1rio) - COM RECURSOS","og_description":"Ol\u00e1 amigos, tudo bem!? Para quem n\u00e3o me conhece, muito prazer! Meu nome \u00e9\u00a0Wagner Damazio e sou professor de Legisla\u00e7\u00e3o Tribut\u00e1ria Municipal no Estrat\u00e9gia Concursos e de Direito Administrativo\u00a0do Estrat\u00e9gia Carreira Jur\u00eddica. No \u00faltimo, domingo, dia 08 de setembro de 2019, ocorreu a aplica\u00e7\u00e3o da prova objetiva para ingresso \u00e0 carreira de Agente Fiscal Tribut\u00e1rio [&hellip;]","og_url":"https:\/\/www.estrategiaconcursos.com.br\/blog\/gabarito-comentado-de-legislacao-tributaria-municipal-para-iss-campinas-agente-fiscal-tributario-com-recursos\/","og_site_name":"Estrat\u00e9gia Concursos","article_published_time":"2019-09-12T05:40:18+00:00","article_modified_time":"2019-11-08T19:38:49+00:00","og_image":[{"url":"https:\/\/www.estrategiaconcursos.com.br\/blog\/wp-content\/uploads\/2019\/05\/instagram-@professorwagnerdamazio.png","type":"","width":"","height":""}],"author":"Wagner Damazio","twitter_card":"summary_large_image","twitter_creator":"@EstratConcursos","twitter_site":"@EstratConcursos","twitter_misc":{"Escrito por":"Wagner Damazio","Est. tempo de leitura":"25 minutos"},"schema":{"@context":"https:\/\/schema.org","@graph":[{"@type":"NewsArticle","@id":"https:\/\/www.estrategiaconcursos.com.br\/blog\/gabarito-comentado-de-legislacao-tributaria-municipal-para-iss-campinas-agente-fiscal-tributario-com-recursos\/#article","isPartOf":{"@id":"https:\/\/www.estrategiaconcursos.com.br\/blog\/gabarito-comentado-de-legislacao-tributaria-municipal-para-iss-campinas-agente-fiscal-tributario-com-recursos\/"},"author":{"name":"Wagner Damazio","@id":"https:\/\/www.estrategiaconcursos.com.br\/blog\/#\/schema\/person\/f5b81e04c4522e78c0d896ba290e4cb0"},"headline":"Gabarito Comentado de Legisla\u00e7\u00e3o Tribut\u00e1ria Municipal para ISS Campinas (Agente Fiscal Tribut\u00e1rio) &#8211; COM RECURSOS","datePublished":"2019-09-12T05:40:18+00:00","dateModified":"2019-11-08T19:38:49+00:00","mainEntityOfPage":{"@id":"https:\/\/www.estrategiaconcursos.com.br\/blog\/gabarito-comentado-de-legislacao-tributaria-municipal-para-iss-campinas-agente-fiscal-tributario-com-recursos\/"},"wordCount":5070,"commentCount":1,"publisher":{"@id":"https:\/\/www.estrategiaconcursos.com.br\/blog\/#organization"},"image":{"@id":"https:\/\/www.estrategiaconcursos.com.br\/blog\/gabarito-comentado-de-legislacao-tributaria-municipal-para-iss-campinas-agente-fiscal-tributario-com-recursos\/#primaryimage"},"thumbnailUrl":"https:\/\/www.estrategiaconcursos.com.br\/blog\/wp-content\/uploads\/2019\/05\/instagram-@professorwagnerdamazio.png","articleSection":["Concursos P\u00fablicos"],"inLanguage":"pt-BR","potentialAction":[{"@type":"CommentAction","name":"Comment","target":["https:\/\/www.estrategiaconcursos.com.br\/blog\/gabarito-comentado-de-legislacao-tributaria-municipal-para-iss-campinas-agente-fiscal-tributario-com-recursos\/#respond"]}],"copyrightYear":"2019","copyrightHolder":{"@id":"https:\/\/www.estrategiaconcursos.com.br\/blog\/#organization"}},{"@type":"WebPage","@id":"https:\/\/www.estrategiaconcursos.com.br\/blog\/gabarito-comentado-de-legislacao-tributaria-municipal-para-iss-campinas-agente-fiscal-tributario-com-recursos\/","url":"https:\/\/www.estrategiaconcursos.com.br\/blog\/gabarito-comentado-de-legislacao-tributaria-municipal-para-iss-campinas-agente-fiscal-tributario-com-recursos\/","name":"Gabarito Comentado de Legisla\u00e7\u00e3o Tribut\u00e1ria Municipal para ISS Campinas (Agente Fiscal Tribut\u00e1rio) - COM RECURSOS","isPartOf":{"@id":"https:\/\/www.estrategiaconcursos.com.br\/blog\/#website"},"primaryImageOfPage":{"@id":"https:\/\/www.estrategiaconcursos.com.br\/blog\/gabarito-comentado-de-legislacao-tributaria-municipal-para-iss-campinas-agente-fiscal-tributario-com-recursos\/#primaryimage"},"image":{"@id":"https:\/\/www.estrategiaconcursos.com.br\/blog\/gabarito-comentado-de-legislacao-tributaria-municipal-para-iss-campinas-agente-fiscal-tributario-com-recursos\/#primaryimage"},"thumbnailUrl":"https:\/\/www.estrategiaconcursos.com.br\/blog\/wp-content\/uploads\/2019\/05\/instagram-@professorwagnerdamazio.png","datePublished":"2019-09-12T05:40:18+00:00","dateModified":"2019-11-08T19:38:49+00:00","breadcrumb":{"@id":"https:\/\/www.estrategiaconcursos.com.br\/blog\/gabarito-comentado-de-legislacao-tributaria-municipal-para-iss-campinas-agente-fiscal-tributario-com-recursos\/#breadcrumb"},"inLanguage":"pt-BR","potentialAction":[{"@type":"ReadAction","target":["https:\/\/www.estrategiaconcursos.com.br\/blog\/gabarito-comentado-de-legislacao-tributaria-municipal-para-iss-campinas-agente-fiscal-tributario-com-recursos\/"]}]},{"@type":"ImageObject","inLanguage":"pt-BR","@id":"https:\/\/www.estrategiaconcursos.com.br\/blog\/gabarito-comentado-de-legislacao-tributaria-municipal-para-iss-campinas-agente-fiscal-tributario-com-recursos\/#primaryimage","url":"https:\/\/dhg1h5j42swfq.cloudfront.net\/2019\/05\/05220049\/instagram-%40professorwagnerdamazio.png","contentUrl":"https:\/\/dhg1h5j42swfq.cloudfront.net\/2019\/05\/05220049\/instagram-%40professorwagnerdamazio.png","width":632,"height":134},{"@type":"BreadcrumbList","@id":"https:\/\/www.estrategiaconcursos.com.br\/blog\/gabarito-comentado-de-legislacao-tributaria-municipal-para-iss-campinas-agente-fiscal-tributario-com-recursos\/#breadcrumb","itemListElement":[{"@type":"ListItem","position":1,"name":"In\u00edcio","item":"https:\/\/www.estrategiaconcursos.com.br\/blog\/"},{"@type":"ListItem","position":2,"name":"Gabarito Comentado de Legisla\u00e7\u00e3o Tribut\u00e1ria Municipal para ISS Campinas (Agente Fiscal Tribut\u00e1rio) &#8211; COM RECURSOS"}]},{"@type":"WebSite","@id":"https:\/\/www.estrategiaconcursos.com.br\/blog\/#website","url":"https:\/\/www.estrategiaconcursos.com.br\/blog\/","name":"Estrat\u00e9gia Concursos","description":"O blog da Estrat\u00e9gia Concursos traz not\u00edcias sobre concursos e artigos de professores oferecendo cursos para concursos (pdf + videaulas) no site.","publisher":{"@id":"https:\/\/www.estrategiaconcursos.com.br\/blog\/#organization"},"potentialAction":[{"@type":"SearchAction","target":{"@type":"EntryPoint","urlTemplate":"https:\/\/www.estrategiaconcursos.com.br\/blog\/?s={search_term_string}"},"query-input":{"@type":"PropertyValueSpecification","valueRequired":true,"valueName":"search_term_string"}}],"inLanguage":"pt-BR"},{"@type":"Organization","@id":"https:\/\/www.estrategiaconcursos.com.br\/blog\/#organization","name":"Estrat\u00e9gia Concursos","url":"https:\/\/www.estrategiaconcursos.com.br\/blog\/","logo":{"@type":"ImageObject","inLanguage":"pt-BR","@id":"https:\/\/www.estrategiaconcursos.com.br\/blog\/#\/schema\/logo\/image\/","url":"https:\/\/dhg1h5j42swfq.cloudfront.net\/2025\/06\/03203428\/logo_concursos-1.jpg","contentUrl":"https:\/\/dhg1h5j42swfq.cloudfront.net\/2025\/06\/03203428\/logo_concursos-1.jpg","width":230,"height":60,"caption":"Estrat\u00e9gia Concursos"},"image":{"@id":"https:\/\/www.estrategiaconcursos.com.br\/blog\/#\/schema\/logo\/image\/"},"sameAs":["https:\/\/x.com\/EstratConcursos"]},{"@type":"Person","@id":"https:\/\/www.estrategiaconcursos.com.br\/blog\/#\/schema\/person\/f5b81e04c4522e78c0d896ba290e4cb0","name":"Wagner Damazio","image":{"@type":"ImageObject","inLanguage":"pt-BR","@id":"https:\/\/secure.gravatar.com\/avatar\/5841b494cf624bcdfca728a4708ad21f8dd8e34657a98b9970e6136e633ae15a?s=96&d=mm&r=g","url":"https:\/\/secure.gravatar.com\/avatar\/5841b494cf624bcdfca728a4708ad21f8dd8e34657a98b9970e6136e633ae15a?s=96&d=mm&r=g","contentUrl":"https:\/\/secure.gravatar.com\/avatar\/5841b494cf624bcdfca728a4708ad21f8dd8e34657a98b9970e6136e633ae15a?s=96&d=mm&r=g","caption":"Wagner Damazio"},"url":"https:\/\/www.estrategiaconcursos.com.br\/blog\/author\/wagnermatematicoyahoo-com-br\/"}]}},"_links":{"self":[{"href":"https:\/\/www.estrategiaconcursos.com.br\/blog\/wp-json\/wp\/v2\/posts\/419028","targetHints":{"allow":["GET"]}}],"collection":[{"href":"https:\/\/www.estrategiaconcursos.com.br\/blog\/wp-json\/wp\/v2\/posts"}],"about":[{"href":"https:\/\/www.estrategiaconcursos.com.br\/blog\/wp-json\/wp\/v2\/types\/post"}],"author":[{"embeddable":true,"href":"https:\/\/www.estrategiaconcursos.com.br\/blog\/wp-json\/wp\/v2\/users\/463"}],"replies":[{"embeddable":true,"href":"https:\/\/www.estrategiaconcursos.com.br\/blog\/wp-json\/wp\/v2\/comments?post=419028"}],"version-history":[{"count":20,"href":"https:\/\/www.estrategiaconcursos.com.br\/blog\/wp-json\/wp\/v2\/posts\/419028\/revisions"}],"predecessor-version":[{"id":419374,"href":"https:\/\/www.estrategiaconcursos.com.br\/blog\/wp-json\/wp\/v2\/posts\/419028\/revisions\/419374"}],"wp:attachment":[{"href":"https:\/\/www.estrategiaconcursos.com.br\/blog\/wp-json\/wp\/v2\/media?parent=419028"}],"wp:term":[{"taxonomy":"category","embeddable":true,"href":"https:\/\/www.estrategiaconcursos.com.br\/blog\/wp-json\/wp\/v2\/categories?post=419028"},{"taxonomy":"post_tag","embeddable":true,"href":"https:\/\/www.estrategiaconcursos.com.br\/blog\/wp-json\/wp\/v2\/tags?post=419028"},{"taxonomy":"tax_estado","embeddable":true,"href":"https:\/\/www.estrategiaconcursos.com.br\/blog\/wp-json\/wp\/v2\/tax_estado?post=419028"}],"curies":[{"name":"wp","href":"https:\/\/api.w.org\/{rel}","templated":true}]}}