{"id":419017,"date":"2019-09-11T19:52:20","date_gmt":"2019-09-11T22:52:20","guid":{"rendered":"https:\/\/www.estrategiaconcursos.com.br\/blog\/?p=419017"},"modified":"2019-11-08T17:38:19","modified_gmt":"2019-11-08T20:38:19","slug":"prefeitura-de-campinas-agente-fiscal-tributario-2019-prova-de-portugues-comentada","status":"publish","type":"post","link":"https:\/\/www.estrategiaconcursos.com.br\/blog\/prefeitura-de-campinas-agente-fiscal-tributario-2019-prova-de-portugues-comentada\/","title":{"rendered":"Prefeitura de Campinas &#8211; Agente Fiscal Tribut\u00e1rio 2019 \u2013 Prova de Portugu\u00eas Comentada."},"content":{"rendered":"\n<h1 class=\"wp-block-heading\"><\/h1>\n\n\n\n<p>Fala, pessoal! Tudo tranquilo? Segue o coment\u00e1rio da prova da prefeitura de Campinas, aplicada no \u00faltimo domingo pela Vunesp.<\/p>\n\n\n\n<figure class=\"wp-block-image\"><img loading=\"lazy\" decoding=\"async\" width=\"590\" height=\"77\" src=\"https:\/\/dhg1h5j42swfq.cloudfront.net\/2019\/09\/11195743\/image71.png\" alt=\"\" class=\"wp-image-419023\" srcset=\"https:\/\/dhg1h5j42swfq.cloudfront.net\/2019\/09\/11195743\/image71.png 590w, https:\/\/dhg1h5j42swfq.cloudfront.net\/2019\/09\/11195743\/image71.png 300w\" sizes=\"auto, (max-width: 590px) 100vw, 590px\" \/><\/figure>\n\n\n\n<p style=\"text-align:left\">Leia o texto para responder \u00e0s quest\u00f5es de n\u00fameros 01 a 05.<\/p>\n\n\n\n<p style=\"text-align:center\"><em>Redes\nantissociais<\/em><\/p>\n\n\n\n<p>          Para al\u00e9m do h\u00e1bito, as redes sociais se transformaram em paix\u00e3o. Toda paix\u00e3o nos torna cegos, incapazes de ver o que nos cerca com bom senso, para n\u00e3o dizer l\u00f3gica e racionalidade. Nesse momento de nossa experi\u00eancia com as redes sociais, conv\u00e9m prestar aten\u00e7\u00e3o no seu car\u00e1ter antissocial e psicopatol\u00f3gico. Ele \u00e9 cada vez mais evidente.<\/p>\n\n\n\n<p>          O que estava escondido, aquilo que ficava oculto nas microrrela\u00e7\u00f5es, no \u00e2mbito das casas e das fam\u00edlias, digamos que a neurose particular de cada um, tornou-se p\u00fablico. O termo neurose tem um car\u00e1ter gen\u00e9rico e serve para apontar algum sofrimento ps\u00edquico. H\u00e1 n\u00edveis de sofrimento e suportabilidade por parte das pessoas. Buscar apoio psicol\u00f3gico para amenizar neuroses faz parte do hist\u00f3rico de todas as linhagens da medicina ao longo do tempo. Ela encontra nas redes sociais o seu lugar, pois toda neurose \u00e9 um dist\u00farbio que envolve algum aspecto relacional. As nossas neuroses t\u00eam, inevitavelmente, rela\u00e7\u00e3o com o que somos em rela\u00e7\u00e3o a outros. Assim como \u00e9 o outro que nos perturba na neurose, \u00e9 tamb\u00e9m ele que pode nos curar. Contudo, h\u00e1 muita neurose n\u00e3o tratada e ela tamb\u00e9m procura seu lugar.<\/p>\n\n\n\n<p>          A rede social poderia ter se tornado um lugar terap\u00eautico para acolher as neuroses? Nesse sentido, poderia ser um lugar de apoio, um lugar que trouxesse alento e desenvolvimento emocional? Nas redes sociais, trata-se de conv\u00edvios em grupo. Poder\u00edamos pensar nelas no sentido potencial de terapias de grupo que fizessem bem a quem delas participa; no entanto, as redes sociais parecem mais favorecer uma esp\u00e9cie de \u201cenlouquecimento coletivo\u201d. Nesse sentido, o car\u00e1ter antissocial das redes precisa ser analisado.<\/p>\n\n\n\n<p style=\"text-align:right\">(Cult, junho de 2019)<\/p>\n\n\n\n<p>1- <strong>(VUNESP \/ PREF. CAMPINAS \/ AG. FISCAL TRIBUT\u00c1RIO \/ 2019) <\/strong><\/p>\n\n\n\n<p>De\nacordo com o texto, a experi\u00eancia vivida com as redes sociais permite que<\/p>\n\n\n\n<p>(A)\nas muitas linhagens da medicina encontrem nelas uma forma de amenizar os\nconflitos humanos familiares.<\/p>\n\n\n\n<p>(B)\nas neuroses nelas se instalem, manifestando o que ficava escondido no \u00e2mbito\ndas rela\u00e7\u00f5es em geral.<\/p>\n\n\n\n<p>(C)\nas contradi\u00e7\u00f5es de personalidade humana se evidenciem, j\u00e1 que n\u00e3o existe forma\nde tratar as neuroses.<\/p>\n\n\n\n<p>(D)\nas pessoas as usem com cautela, uma vez que \u00e9 de conhecimento geral o mal que\nelas podem causar.<\/p>\n\n\n\n<p>(E)\nas neuroses sejam tratadas cada vez mais de forma eficiente no meio digital,\ngra\u00e7as ao aspecto relacional.<\/p>\n\n\n\n<p>Coment\u00e1rios: <\/p>\n\n\n\n<p>As redes sociais tornaram p\u00fablicas as neuroses que\nestavam restritas ao \u00e2mbito privado. Veja no texto: <\/p>\n\n\n\n<p><em>O que estava escondido,\naquilo que ficava oculto nas microrrela\u00e7\u00f5es, no \u00e2mbito das casas e das\nfam\u00edlias, digamos que a neurose particular de cada um, tornou-se p\u00fablico.<\/em><\/p>\n\n\n\n<p><em>Ela encontra nas redes sociais\no seu lugar, pois toda neurose \u00e9 um dist\u00farbio que envolve algum aspecto\nrelacional.<\/em><\/p>\n\n\n\n<p>Gabarito letra B.<\/p>\n\n\n\n<p>Vejamos o problema das demais: <\/p>\n\n\n\n<p>A) Incorreto. As redes sociais parecem mais piorar neuroses\ndo que ajudar: <\/p>\n\n\n\n<p>as redes sociais parecem mais favorecer uma esp\u00e9cie de\n\u201cenlouquecimento coletivo<\/p>\n\n\n\n<p>C) Incorreto. As neuroses podem ser sim tratadas. <\/p>\n\n\n\n<p>D) Incorreto. Segundo o texto, n\u00e3o tem sido usada com\ncautela, pois h\u00e1 uma piora: uma esp\u00e9cie de enlouquecimento coletivo.<\/p>\n\n\n\n<p>E) Incorreto. N\u00e3o parece ser uma forma de tratamento eficiente: as redes sociais parecem mais favorecer uma esp\u00e9cie de \u201cenlouquecimento coletivo<\/p>\n\n\n\n<p>2- <strong>(VUNESP \/ PREF. CAMPINAS \/ AG. FISCAL TRIBUT\u00c1RIO \/ 2019) <\/strong><\/p>\n\n\n\n<p>No\ncontexto em que est\u00e3o empregados nas passagens \u201cToda paix\u00e3o nos torna <strong>cegos<\/strong>&#8230;\u201d\n(1\u00ba par\u00e1grafo), \u201cA busca por apoio psicol\u00f3gico para <strong>amenizar<\/strong>\nneuroses&#8230;\u201d (2\u00ba par\u00e1grafo), \u201c&#8230; que envolve algum aspecto <strong>relacional<\/strong>.\u201d\n(2\u00ba par\u00e1grafo) e \u201c&#8230; que trouxesse <strong>alento<\/strong> e desenvolvimento emocional?\u201d\n(3\u00ba par\u00e1grafo), os termos destacados significam, respectivamente:<\/p>\n\n\n\n<p>(A)\nsem discernimento; abrandar; de intera\u00e7\u00e3o; \u00e2nimo.<\/p>\n\n\n\n<p>(B)\nsem vis\u00e3o; mitigar; de aproxima\u00e7\u00e3o; mudan\u00e7a.<\/p>\n\n\n\n<p>(C)\nsem consci\u00eancia; extinguir; de oposi\u00e7\u00e3o; esperan\u00e7a.<\/p>\n\n\n\n<p>(D)\nsem controle; acirrar; de sobreposi\u00e7\u00e3o; prostra\u00e7\u00e3o.<\/p>\n\n\n\n<p>(E)\nsem clareza; potencializar; de liga\u00e7\u00e3o; conforto.<\/p>\n\n\n\n<p>Coment\u00e1rios: <\/p>\n\n\n\n<p>Quest\u00e3o direta de vocabul\u00e1rio. <\/p>\n\n\n\n<p>Em sentido figurado, \u201ccego\u201d \u00e9 aquele que n\u00e3o tem\ndiscernimento, n\u00e3o sabe \u201cver\u201d a diferen\u00e7a entre as situa\u00e7\u00f5es diferentes. Amenizar\n\u00e9 tornar mais ameno, mais suave, mais brando. O adjetivo \u201crelacional\u201d diz\nrespeito \u00e0 rela\u00e7\u00e3o entre uma pessoa com o outro, ou seja, a intera\u00e7\u00e3o. Alento \u00e9\nsin\u00f4nimo de consolo, \u00e2nimo, esperan\u00e7a. <\/p>\n\n\n\n<p>Gabarito letra A.<\/p>\n\n\n\n<p>3- <strong>(VUNESP \/ PREF. CAMPINAS \/ AG. FISCAL TRIBUT\u00c1RIO \/ 2019) <\/strong><\/p>\n\n\n\n<p>Leia a charge.<\/p>\n\n\n\n<figure class=\"wp-block-image\"><img loading=\"lazy\" decoding=\"async\" width=\"456\" height=\"321\" src=\"https:\/\/dhg1h5j42swfq.cloudfront.net\/2019\/09\/11195026\/image70.png\" alt=\"\" class=\"wp-image-419018\" srcset=\"https:\/\/dhg1h5j42swfq.cloudfront.net\/2019\/09\/11195026\/image70.png 456w, https:\/\/dhg1h5j42swfq.cloudfront.net\/2019\/09\/11195026\/image70.png 300w\" sizes=\"auto, (max-width: 456px) 100vw, 456px\" \/><\/figure>\n\n\n\n<p>A\npartir da leitura do texto e da charge, \u00e9 correto afirmar que<\/p>\n\n\n\n<p>(A)\nas rela\u00e7\u00f5es pessoais e familiares se fortalecem nas redes sociais.<\/p>\n\n\n\n<p>(B)\nas pessoas t\u00eam buscado apoio psicol\u00f3gico nas redes sociais.<\/p>\n\n\n\n<p>(C)\nas pessoas vivem confusas e desagregadas sem as redes sociais.<\/p>\n\n\n\n<p>(D)\nas redes sociais t\u00eam promovido certo enlouquecimento coletivo.<\/p>\n\n\n\n<p>(E)\nas redes sociais s\u00e3o lugares terap\u00eauticos para acolher as neuroses.<\/p>\n\n\n\n<p>Coment\u00e1rios: <\/p>\n\n\n\n<p>A quest\u00e3o retira sua resposta na pr\u00f3pria quest\u00e3o anterior.\nAs redes sociais, mais do que um ambiente saud\u00e1vel de tratamento de neuroses,\nt\u00eam se tornado um ambiente hostil que piora as neuroses. Nas palavras do texto\nanterior, h\u00e1 um \u201cenlouquecimento coletivo\u201d. Por isso, o estado descontrolado do\nm\u00e9dico \u00e9 comparado indiretamente \u00e0 \u201craiva\u201d canina. <\/p>\n\n\n\n<p>Gabarito letra D.<\/p>\n\n\n\n<p>4- <strong>(VUNESP \/ PREF. CAMPINAS \/ AG. FISCAL TRIBUT\u00c1RIO \/ 2019) <\/strong><\/p>\n\n\n\n<p>Assinale\na alternativa em que o primeiro pronome destacado tem um referente posposto a\nele, e o segundo expressa sentido gen\u00e9rico.<\/p>\n\n\n\n<p>(A)\nToda paix\u00e3o <strong>nos<\/strong> torna cegos&#8230; (1\u00ba par\u00e1grafo) \/ Nesse momento de <strong>nossa<\/strong>\nexperi\u00eancia com as redes sociais&#8230; (1\u00ba par\u00e1grafo)<\/p>\n\n\n\n<p>(B)\n<strong>Ele<\/strong> \u00e9 cada vez mais evidente. (1\u00ba par\u00e1grafo) \/ &#8230; <strong>aquilo<\/strong> que\nficava oculto nas microrrela\u00e7\u00f5es&#8230; (2\u00ba par\u00e1grafo)<\/p>\n\n\n\n<p>(C)\n&#8230; \u00e9 tamb\u00e9m <strong>ele<\/strong> que pode nos curar. (2\u00ba par\u00e1grafo) \/ &#8230; rela\u00e7\u00e3o com o\nque somos em rela\u00e7\u00e3o a <strong>outros<\/strong>. (2\u00ba par\u00e1grafo)<\/p>\n\n\n\n<p>(D)\n<strong>Ela<\/strong> encontra nas redes sociais o seu lugar&#8230; (2\u00ba par\u00e1grafo) \/ &#8230; e\nserve para apontar <strong>algum<\/strong> sofrimento ps\u00edquico. (2\u00ba par\u00e1grafo)<\/p>\n\n\n\n<p>(E)\n&#8230; e <strong>ela<\/strong> tamb\u00e9m procura seu lugar. (2\u00ba par\u00e1grafo) \/ &#8230; que fizesse bem\na <strong>quem<\/strong> delas participa&#8230; (3\u00ba par\u00e1grafo)<\/p>\n\n\n\n<p>Coment\u00e1rios: <\/p>\n\n\n\n<p>O sentido gen\u00e9rico est\u00e1 ligado aos pronomes indefinidos,\ncomo algum, nenhum, outros&#8230;<\/p>\n\n\n\n<p>Ent\u00e3o, a \u00fanica alternativa que traz o referente do pronome depois\ndo pr\u00f3prio pronome e n\u00e3o antes, como costuma ocorrer, \u00e9 a letra D: <\/p>\n\n\n\n<p><strong>Ela<\/strong> encontra nas redes sociais o seu\nlugar, pois toda <strong>neurose<\/strong> \u00e9 um dist\u00farbio que envolve <strong>algum<\/strong> aspecto relacional.<\/p>\n\n\n\n<p><strong>Ela (ela quem? A neurose, logo adiante na frase)<\/strong><\/p>\n\n\n\n<p><strong>Algum<\/strong>\n\u00e9 pronome indefinido e tem sentido gen\u00e9rico. <\/p>\n\n\n\n<p>Gabarito letra D.<\/p>\n\n\n\n<p>Vejamos os demais pronomes: <\/p>\n\n\n\n<p>(A) Toda paix\u00e3o <strong>nos<\/strong> torna cegos&#8230; (pessoal) \/ Nesse\nmomento de <strong>nossa<\/strong> experi\u00eancia com as redes sociais&#8230; (possessivo)<\/p>\n\n\n\n<p>(B) <strong>Ele<\/strong> \u00e9 cada vez mais evidente. (pessoal) \/ &#8230; <strong>aquilo<\/strong>\nque ficava oculto nas microrrela\u00e7\u00f5es&#8230; (demonstrativo)<\/p>\n\n\n\n<p>(C) &#8230; \u00e9 tamb\u00e9m <strong>ele<\/strong> que pode nos curar. (pessoal) \/ &#8230;\nrela\u00e7\u00e3o com o que somos em rela\u00e7\u00e3o a <strong>outros<\/strong>. (indefinido)<\/p>\n\n\n\n<p>(E) &#8230; e <strong>ela<\/strong> tamb\u00e9m procura seu lugar. (pessoal \u2013 retoma a neurose que apareceu antes na frase) \/ &#8230; que fizesse bem a <strong>quem<\/strong> delas participa&#8230; (indefinido)<\/p>\n\n\n\n<p>5- <strong>(VUNESP \/ PREF. CAMPINAS \/ AG. FISCAL TRIBUT\u00c1RIO \/ 2019) <\/strong><\/p>\n\n\n\n<p>Assinale\na alternativa que atende \u00e0 norma-padr\u00e3o quanto \u00e0 concord\u00e2ncia.<\/p>\n\n\n\n<p>(A)\nConv\u00eam que as pessoas estejam atentas aos aspectos antissocial e\npsicopatol\u00f3gico das redes sociais, pois eles s\u00e3o cada vez mais evidentes.<\/p>\n\n\n\n<p>(B)\nConv\u00e9m que as pessoas estejam atenta aos aspectos antissociais e\npsicopatol\u00f3gicos das redes sociais, pois eles s\u00e3o cada vez mais evidente.<\/p>\n\n\n\n<p>(C)\nConv\u00e9m que as pessoas estejam atentas aos aspectos antissocial e\npsicopatol\u00f3gico das redes sociais, pois eles s\u00e3o cada vez mais evidentes.<\/p>\n\n\n\n<p>(D)\nConv\u00eam que as pessoas estejam atenta aos aspectos antissociais e psicopatol\u00f3gico\ndas redes sociais, pois eles s\u00e3o cada vez mais evidentes.<\/p>\n\n\n\n<p>(E)\nConv\u00e9m que as pessoas estejam atentas aos aspectos antissocial e\npsicopatol\u00f3gico das redes sociais, pois eles s\u00e3o cada vez mais evidente. <\/p>\n\n\n\n<p>Coment\u00e1rios: <\/p>\n\n\n\n<p>O sujeito de \u201cconv\u00e9m\u201d \u00e9 oracional, ent\u00e3o o verbo fica no singular:\n<\/p>\n\n\n\n<p><em>Conv\u00e9m [que as pessoas\nestejam atentas aos aspectos antissocial e psicopatol\u00f3gico das redes sociais]<\/em><\/p>\n\n\n\n<p><em>Conv\u00e9m [ISTO]<\/em><\/p>\n\n\n\n<p><em>[ISTO] Conv\u00e9m<\/em><\/p>\n\n\n\n<p>Atentas concorda com \u201cpessoas\u201d. Gabarito letra C.<\/p>\n\n\n\n<p>6- <strong>(VUNESP \/ PREF. CAMPINAS \/ AG. FISCAL TRIBUT\u00c1RIO \/ 2019) <\/strong><\/p>\n\n\n\n<p>Por\nque um mecanismo que em tudo parece levar ____ conex\u00e3o entre pessoas e, por\nconseguinte, melhorar a vida humana \u00e9, ao mesmo tempo, produtor de sofrimento,\nfrustra\u00e7\u00e3o e viol\u00eancia? Uma hip\u00f3tese ____ ser considerada \u00e9 que o ambiente\ndigital, por natureza desumano, mais impede as rela\u00e7\u00f5es do que ____ favorece.\nCuidar da qualidade das rela\u00e7\u00f5es na \u00e9poca em que tudo vale pela quantidade \u00e9 um\ncaminho de cura contra ____ oferta venenosa da coletividade ____ qualquer\npre\u00e7o.<\/p>\n\n\n\n<p style=\"text-align:right\">(Cult,\njunho de 2019. Adaptado)<\/p>\n\n\n\n<p>De\nacordo com a norma-padr\u00e3o, as lacunas do texto<\/p>\n\n\n\n<p>devem\nser preenchidas, respectivamente, com:<\/p>\n\n\n\n<p>(A)\na &#8230; \u00e0 &#8230; \u00e0s &#8230; \u00e0 &#8230; a<\/p>\n\n\n\n<p>(B)\n\u00e0 &#8230; a &#8230; as &#8230; a &#8230; a<\/p>\n\n\n\n<p>(C)\na &#8230; a &#8230; a &#8230; \u00e0 &#8230; \u00e0<\/p>\n\n\n\n<p>(D)\n\u00e0 &#8230; \u00e0 &#8230; as &#8230; \u00e0 &#8230; \u00e0<\/p>\n\n\n\n<p>(E)\n\u00e0 &#8230; a &#8230; \u00e0s &#8230; a &#8230; a<\/p>\n\n\n\n<p>Coment\u00e1rios: <\/p>\n\n\n\n<p>Na primeira lacuna, temos: levar algo A algu\u00e9m: levar A + A\nconex\u00e3o entre as pessoas. Ocorre crase: levar \u00e0 conex\u00e3o&#8230;<\/p>\n\n\n\n<p>Na segunda, temos apenas preposi\u00e7\u00e3o: levar A ser considerada,\nn\u00e3o h\u00e1 crase antes de verbo. <\/p>\n\n\n\n<p>Na terceira, temos pronome obl\u00edquo \u201cas\u201d, substituindo \u201cas\nrela\u00e7\u00f5es\u201d. <\/p>\n\n\n\n<p>Na quarta, h\u00e1 apenas artigo feminino no singular, junto a \u201coferta\u201d.\n<\/p>\n\n\n\n<p>Na \u00faltima, temos a locu\u00e7\u00e3o \u201ca qualquer pre\u00e7o\u201d, em que h\u00e1\napenas a preposi\u00e7\u00e3o \u201ca\u201d. <\/p>\n\n\n\n<p>Gabarito letra B.<\/p>\n\n\n\n<p><\/p>\n","protected":false},"excerpt":{"rendered":"<p>Fala, pessoal! Tudo tranquilo? Segue o coment\u00e1rio da prova da prefeitura de Campinas, aplicada no \u00faltimo domingo pela Vunesp. Leia o texto para responder \u00e0s quest\u00f5es de n\u00fameros 01 a 05. Redes antissociais Para al\u00e9m do h\u00e1bito, as redes sociais se transformaram em paix\u00e3o. Toda paix\u00e3o nos torna cegos, incapazes de ver o que nos [&hellip;]<\/p>\n","protected":false},"author":1,"featured_media":0,"comment_status":"open","ping_status":"closed","sticky":false,"template":"","format":"standard","meta":{"post_tipo":"article","footnotes":""},"categories":[1],"tags":[],"tax_estado":[],"class_list":["post-419017","post","type-post","status-publish","format-standard","hentry","category-cursos-e-concursos"],"acf":[],"yoast_head":"<!-- This site is optimized with the Yoast SEO Premium plugin v27.2 (Yoast SEO v27.2) - https:\/\/yoast.com\/product\/yoast-seo-premium-wordpress\/ -->\n<title>Prefeitura de Campinas - Agente Fiscal Tribut\u00e1rio 2019 \u2013 Prova de Portugu\u00eas Comentada.<\/title>\n<meta name=\"robots\" content=\"index, follow, max-snippet:-1, max-image-preview:large, max-video-preview:-1\" \/>\n<link rel=\"canonical\" href=\"https:\/\/www.estrategiaconcursos.com.br\/blog\/prefeitura-de-campinas-agente-fiscal-tributario-2019-prova-de-portugues-comentada\/\" \/>\n<meta property=\"og:locale\" content=\"pt_BR\" \/>\n<meta property=\"og:type\" content=\"article\" \/>\n<meta property=\"og:title\" content=\"Prefeitura de Campinas - Agente Fiscal Tribut\u00e1rio 2019 \u2013 Prova de Portugu\u00eas Comentada.\" \/>\n<meta property=\"og:description\" content=\"Fala, pessoal! Tudo tranquilo? Segue o coment\u00e1rio da prova da prefeitura de Campinas, aplicada no \u00faltimo domingo pela Vunesp. Leia o texto para responder \u00e0s quest\u00f5es de n\u00fameros 01 a 05. Redes antissociais Para al\u00e9m do h\u00e1bito, as redes sociais se transformaram em paix\u00e3o. Toda paix\u00e3o nos torna cegos, incapazes de ver o que nos [&hellip;]\" \/>\n<meta property=\"og:url\" content=\"https:\/\/www.estrategiaconcursos.com.br\/blog\/prefeitura-de-campinas-agente-fiscal-tributario-2019-prova-de-portugues-comentada\/\" \/>\n<meta property=\"og:site_name\" content=\"Estrat\u00e9gia Concursos\" \/>\n<meta property=\"article:author\" content=\"https:\/\/www.facebook.com\/EstrategiaConcursos\" \/>\n<meta property=\"article:published_time\" content=\"2019-09-11T22:52:20+00:00\" \/>\n<meta property=\"article:modified_time\" content=\"2019-11-08T20:38:19+00:00\" \/>\n<meta property=\"og:image\" content=\"https:\/\/www.estrategiaconcursos.com.br\/blog\/wp-content\/uploads\/2019\/09\/image71.png\" \/>\n<meta name=\"author\" content=\"Coordena\u00e7\u00e3o\" \/>\n<meta name=\"twitter:card\" content=\"summary_large_image\" \/>\n<meta name=\"twitter:creator\" content=\"@EstratConcursos\" \/>\n<meta name=\"twitter:site\" content=\"@EstratConcursos\" \/>\n<meta name=\"twitter:label1\" content=\"Escrito por\" \/>\n\t<meta name=\"twitter:data1\" content=\"Coordena\u00e7\u00e3o\" \/>\n\t<meta name=\"twitter:label2\" content=\"Est. tempo de leitura\" \/>\n\t<meta name=\"twitter:data2\" content=\"8 minutos\" \/>\n<script type=\"application\/ld+json\" class=\"yoast-schema-graph\">{\"@context\":\"https:\/\/schema.org\",\"@graph\":[{\"@type\":\"NewsArticle\",\"@id\":\"https:\/\/www.estrategiaconcursos.com.br\/blog\/prefeitura-de-campinas-agente-fiscal-tributario-2019-prova-de-portugues-comentada\/#article\",\"isPartOf\":{\"@id\":\"https:\/\/www.estrategiaconcursos.com.br\/blog\/prefeitura-de-campinas-agente-fiscal-tributario-2019-prova-de-portugues-comentada\/\"},\"author\":{\"name\":\"Coordena\u00e7\u00e3o\",\"@id\":\"https:\/\/www.estrategiaconcursos.com.br\/blog\/#\/schema\/person\/b4a388c97673c5f483d72185668afa1f\"},\"headline\":\"Prefeitura de Campinas &#8211; Agente Fiscal Tribut\u00e1rio 2019 \u2013 Prova de Portugu\u00eas Comentada.\",\"datePublished\":\"2019-09-11T22:52:20+00:00\",\"dateModified\":\"2019-11-08T20:38:19+00:00\",\"mainEntityOfPage\":{\"@id\":\"https:\/\/www.estrategiaconcursos.com.br\/blog\/prefeitura-de-campinas-agente-fiscal-tributario-2019-prova-de-portugues-comentada\/\"},\"wordCount\":1615,\"commentCount\":0,\"publisher\":{\"@id\":\"https:\/\/www.estrategiaconcursos.com.br\/blog\/#organization\"},\"image\":{\"@id\":\"https:\/\/www.estrategiaconcursos.com.br\/blog\/prefeitura-de-campinas-agente-fiscal-tributario-2019-prova-de-portugues-comentada\/#primaryimage\"},\"thumbnailUrl\":\"https:\/\/www.estrategiaconcursos.com.br\/blog\/wp-content\/uploads\/2019\/09\/image71.png\",\"articleSection\":[\"Concursos P\u00fablicos\"],\"inLanguage\":\"pt-BR\",\"potentialAction\":[{\"@type\":\"CommentAction\",\"name\":\"Comment\",\"target\":[\"https:\/\/www.estrategiaconcursos.com.br\/blog\/prefeitura-de-campinas-agente-fiscal-tributario-2019-prova-de-portugues-comentada\/#respond\"]}],\"copyrightYear\":\"2019\",\"copyrightHolder\":{\"@id\":\"https:\/\/www.estrategiaconcursos.com.br\/blog\/#organization\"}},{\"@type\":\"WebPage\",\"@id\":\"https:\/\/www.estrategiaconcursos.com.br\/blog\/prefeitura-de-campinas-agente-fiscal-tributario-2019-prova-de-portugues-comentada\/\",\"url\":\"https:\/\/www.estrategiaconcursos.com.br\/blog\/prefeitura-de-campinas-agente-fiscal-tributario-2019-prova-de-portugues-comentada\/\",\"name\":\"Prefeitura de Campinas - Agente Fiscal Tribut\u00e1rio 2019 \u2013 Prova de Portugu\u00eas Comentada.\",\"isPartOf\":{\"@id\":\"https:\/\/www.estrategiaconcursos.com.br\/blog\/#website\"},\"primaryImageOfPage\":{\"@id\":\"https:\/\/www.estrategiaconcursos.com.br\/blog\/prefeitura-de-campinas-agente-fiscal-tributario-2019-prova-de-portugues-comentada\/#primaryimage\"},\"image\":{\"@id\":\"https:\/\/www.estrategiaconcursos.com.br\/blog\/prefeitura-de-campinas-agente-fiscal-tributario-2019-prova-de-portugues-comentada\/#primaryimage\"},\"thumbnailUrl\":\"https:\/\/www.estrategiaconcursos.com.br\/blog\/wp-content\/uploads\/2019\/09\/image71.png\",\"datePublished\":\"2019-09-11T22:52:20+00:00\",\"dateModified\":\"2019-11-08T20:38:19+00:00\",\"breadcrumb\":{\"@id\":\"https:\/\/www.estrategiaconcursos.com.br\/blog\/prefeitura-de-campinas-agente-fiscal-tributario-2019-prova-de-portugues-comentada\/#breadcrumb\"},\"inLanguage\":\"pt-BR\",\"potentialAction\":[{\"@type\":\"ReadAction\",\"target\":[\"https:\/\/www.estrategiaconcursos.com.br\/blog\/prefeitura-de-campinas-agente-fiscal-tributario-2019-prova-de-portugues-comentada\/\"]}]},{\"@type\":\"ImageObject\",\"inLanguage\":\"pt-BR\",\"@id\":\"https:\/\/www.estrategiaconcursos.com.br\/blog\/prefeitura-de-campinas-agente-fiscal-tributario-2019-prova-de-portugues-comentada\/#primaryimage\",\"url\":\"https:\/\/dhg1h5j42swfq.cloudfront.net\/2019\/09\/11195743\/image71.png\",\"contentUrl\":\"https:\/\/dhg1h5j42swfq.cloudfront.net\/2019\/09\/11195743\/image71.png\",\"width\":590,\"height\":77},{\"@type\":\"BreadcrumbList\",\"@id\":\"https:\/\/www.estrategiaconcursos.com.br\/blog\/prefeitura-de-campinas-agente-fiscal-tributario-2019-prova-de-portugues-comentada\/#breadcrumb\",\"itemListElement\":[{\"@type\":\"ListItem\",\"position\":1,\"name\":\"In\u00edcio\",\"item\":\"https:\/\/www.estrategiaconcursos.com.br\/blog\/\"},{\"@type\":\"ListItem\",\"position\":2,\"name\":\"Prefeitura de Campinas &#8211; Agente Fiscal Tribut\u00e1rio 2019 \u2013 Prova de Portugu\u00eas Comentada.\"}]},{\"@type\":\"WebSite\",\"@id\":\"https:\/\/www.estrategiaconcursos.com.br\/blog\/#website\",\"url\":\"https:\/\/www.estrategiaconcursos.com.br\/blog\/\",\"name\":\"Estrat\u00e9gia Concursos\",\"description\":\"O blog da Estrat\u00e9gia Concursos traz not\u00edcias sobre concursos e artigos de professores oferecendo cursos para concursos (pdf + videaulas) no site.\",\"publisher\":{\"@id\":\"https:\/\/www.estrategiaconcursos.com.br\/blog\/#organization\"},\"potentialAction\":[{\"@type\":\"SearchAction\",\"target\":{\"@type\":\"EntryPoint\",\"urlTemplate\":\"https:\/\/www.estrategiaconcursos.com.br\/blog\/?s={search_term_string}\"},\"query-input\":{\"@type\":\"PropertyValueSpecification\",\"valueRequired\":true,\"valueName\":\"search_term_string\"}}],\"inLanguage\":\"pt-BR\"},{\"@type\":\"Organization\",\"@id\":\"https:\/\/www.estrategiaconcursos.com.br\/blog\/#organization\",\"name\":\"Estrat\u00e9gia Concursos\",\"url\":\"https:\/\/www.estrategiaconcursos.com.br\/blog\/\",\"logo\":{\"@type\":\"ImageObject\",\"inLanguage\":\"pt-BR\",\"@id\":\"https:\/\/www.estrategiaconcursos.com.br\/blog\/#\/schema\/logo\/image\/\",\"url\":\"https:\/\/dhg1h5j42swfq.cloudfront.net\/2025\/06\/03203428\/logo_concursos-1.jpg\",\"contentUrl\":\"https:\/\/dhg1h5j42swfq.cloudfront.net\/2025\/06\/03203428\/logo_concursos-1.jpg\",\"width\":230,\"height\":60,\"caption\":\"Estrat\u00e9gia Concursos\"},\"image\":{\"@id\":\"https:\/\/www.estrategiaconcursos.com.br\/blog\/#\/schema\/logo\/image\/\"},\"sameAs\":[\"https:\/\/x.com\/EstratConcursos\"]},{\"@type\":\"Person\",\"@id\":\"https:\/\/www.estrategiaconcursos.com.br\/blog\/#\/schema\/person\/b4a388c97673c5f483d72185668afa1f\",\"name\":\"Coordena\u00e7\u00e3o\",\"image\":{\"@type\":\"ImageObject\",\"inLanguage\":\"pt-BR\",\"@id\":\"https:\/\/secure.gravatar.com\/avatar\/b720319e4c9a967eb58678d110f4fe35452fc5d5f97b202bac7b8acceb18c6ad?s=96&d=mm&r=g\",\"url\":\"https:\/\/secure.gravatar.com\/avatar\/b720319e4c9a967eb58678d110f4fe35452fc5d5f97b202bac7b8acceb18c6ad?s=96&d=mm&r=g\",\"contentUrl\":\"https:\/\/secure.gravatar.com\/avatar\/b720319e4c9a967eb58678d110f4fe35452fc5d5f97b202bac7b8acceb18c6ad?s=96&d=mm&r=g\",\"caption\":\"Coordena\u00e7\u00e3o\"},\"sameAs\":[\"https:\/\/www.facebook.com\/EstrategiaConcursos\",\"https:\/\/x.com\/EstratConcursos\"],\"url\":\"https:\/\/www.estrategiaconcursos.com.br\/blog\/author\/estrategia2013\/\"}]}<\/script>\n<!-- \/ Yoast SEO Premium plugin. -->","yoast_head_json":{"title":"Prefeitura de Campinas - Agente Fiscal Tribut\u00e1rio 2019 \u2013 Prova de Portugu\u00eas Comentada.","robots":{"index":"index","follow":"follow","max-snippet":"max-snippet:-1","max-image-preview":"max-image-preview:large","max-video-preview":"max-video-preview:-1"},"canonical":"https:\/\/www.estrategiaconcursos.com.br\/blog\/prefeitura-de-campinas-agente-fiscal-tributario-2019-prova-de-portugues-comentada\/","og_locale":"pt_BR","og_type":"article","og_title":"Prefeitura de Campinas - Agente Fiscal Tribut\u00e1rio 2019 \u2013 Prova de Portugu\u00eas Comentada.","og_description":"Fala, pessoal! Tudo tranquilo? Segue o coment\u00e1rio da prova da prefeitura de Campinas, aplicada no \u00faltimo domingo pela Vunesp. Leia o texto para responder \u00e0s quest\u00f5es de n\u00fameros 01 a 05. Redes antissociais Para al\u00e9m do h\u00e1bito, as redes sociais se transformaram em paix\u00e3o. Toda paix\u00e3o nos torna cegos, incapazes de ver o que nos [&hellip;]","og_url":"https:\/\/www.estrategiaconcursos.com.br\/blog\/prefeitura-de-campinas-agente-fiscal-tributario-2019-prova-de-portugues-comentada\/","og_site_name":"Estrat\u00e9gia Concursos","article_author":"https:\/\/www.facebook.com\/EstrategiaConcursos","article_published_time":"2019-09-11T22:52:20+00:00","article_modified_time":"2019-11-08T20:38:19+00:00","og_image":[{"url":"https:\/\/www.estrategiaconcursos.com.br\/blog\/wp-content\/uploads\/2019\/09\/image71.png","type":"","width":"","height":""}],"author":"Coordena\u00e7\u00e3o","twitter_card":"summary_large_image","twitter_creator":"@EstratConcursos","twitter_site":"@EstratConcursos","twitter_misc":{"Escrito por":"Coordena\u00e7\u00e3o","Est. tempo de leitura":"8 minutos"},"schema":{"@context":"https:\/\/schema.org","@graph":[{"@type":"NewsArticle","@id":"https:\/\/www.estrategiaconcursos.com.br\/blog\/prefeitura-de-campinas-agente-fiscal-tributario-2019-prova-de-portugues-comentada\/#article","isPartOf":{"@id":"https:\/\/www.estrategiaconcursos.com.br\/blog\/prefeitura-de-campinas-agente-fiscal-tributario-2019-prova-de-portugues-comentada\/"},"author":{"name":"Coordena\u00e7\u00e3o","@id":"https:\/\/www.estrategiaconcursos.com.br\/blog\/#\/schema\/person\/b4a388c97673c5f483d72185668afa1f"},"headline":"Prefeitura de Campinas &#8211; Agente Fiscal Tribut\u00e1rio 2019 \u2013 Prova de Portugu\u00eas Comentada.","datePublished":"2019-09-11T22:52:20+00:00","dateModified":"2019-11-08T20:38:19+00:00","mainEntityOfPage":{"@id":"https:\/\/www.estrategiaconcursos.com.br\/blog\/prefeitura-de-campinas-agente-fiscal-tributario-2019-prova-de-portugues-comentada\/"},"wordCount":1615,"commentCount":0,"publisher":{"@id":"https:\/\/www.estrategiaconcursos.com.br\/blog\/#organization"},"image":{"@id":"https:\/\/www.estrategiaconcursos.com.br\/blog\/prefeitura-de-campinas-agente-fiscal-tributario-2019-prova-de-portugues-comentada\/#primaryimage"},"thumbnailUrl":"https:\/\/www.estrategiaconcursos.com.br\/blog\/wp-content\/uploads\/2019\/09\/image71.png","articleSection":["Concursos P\u00fablicos"],"inLanguage":"pt-BR","potentialAction":[{"@type":"CommentAction","name":"Comment","target":["https:\/\/www.estrategiaconcursos.com.br\/blog\/prefeitura-de-campinas-agente-fiscal-tributario-2019-prova-de-portugues-comentada\/#respond"]}],"copyrightYear":"2019","copyrightHolder":{"@id":"https:\/\/www.estrategiaconcursos.com.br\/blog\/#organization"}},{"@type":"WebPage","@id":"https:\/\/www.estrategiaconcursos.com.br\/blog\/prefeitura-de-campinas-agente-fiscal-tributario-2019-prova-de-portugues-comentada\/","url":"https:\/\/www.estrategiaconcursos.com.br\/blog\/prefeitura-de-campinas-agente-fiscal-tributario-2019-prova-de-portugues-comentada\/","name":"Prefeitura de Campinas - Agente Fiscal Tribut\u00e1rio 2019 \u2013 Prova de Portugu\u00eas Comentada.","isPartOf":{"@id":"https:\/\/www.estrategiaconcursos.com.br\/blog\/#website"},"primaryImageOfPage":{"@id":"https:\/\/www.estrategiaconcursos.com.br\/blog\/prefeitura-de-campinas-agente-fiscal-tributario-2019-prova-de-portugues-comentada\/#primaryimage"},"image":{"@id":"https:\/\/www.estrategiaconcursos.com.br\/blog\/prefeitura-de-campinas-agente-fiscal-tributario-2019-prova-de-portugues-comentada\/#primaryimage"},"thumbnailUrl":"https:\/\/www.estrategiaconcursos.com.br\/blog\/wp-content\/uploads\/2019\/09\/image71.png","datePublished":"2019-09-11T22:52:20+00:00","dateModified":"2019-11-08T20:38:19+00:00","breadcrumb":{"@id":"https:\/\/www.estrategiaconcursos.com.br\/blog\/prefeitura-de-campinas-agente-fiscal-tributario-2019-prova-de-portugues-comentada\/#breadcrumb"},"inLanguage":"pt-BR","potentialAction":[{"@type":"ReadAction","target":["https:\/\/www.estrategiaconcursos.com.br\/blog\/prefeitura-de-campinas-agente-fiscal-tributario-2019-prova-de-portugues-comentada\/"]}]},{"@type":"ImageObject","inLanguage":"pt-BR","@id":"https:\/\/www.estrategiaconcursos.com.br\/blog\/prefeitura-de-campinas-agente-fiscal-tributario-2019-prova-de-portugues-comentada\/#primaryimage","url":"https:\/\/dhg1h5j42swfq.cloudfront.net\/2019\/09\/11195743\/image71.png","contentUrl":"https:\/\/dhg1h5j42swfq.cloudfront.net\/2019\/09\/11195743\/image71.png","width":590,"height":77},{"@type":"BreadcrumbList","@id":"https:\/\/www.estrategiaconcursos.com.br\/blog\/prefeitura-de-campinas-agente-fiscal-tributario-2019-prova-de-portugues-comentada\/#breadcrumb","itemListElement":[{"@type":"ListItem","position":1,"name":"In\u00edcio","item":"https:\/\/www.estrategiaconcursos.com.br\/blog\/"},{"@type":"ListItem","position":2,"name":"Prefeitura de Campinas &#8211; Agente Fiscal Tribut\u00e1rio 2019 \u2013 Prova de Portugu\u00eas Comentada."}]},{"@type":"WebSite","@id":"https:\/\/www.estrategiaconcursos.com.br\/blog\/#website","url":"https:\/\/www.estrategiaconcursos.com.br\/blog\/","name":"Estrat\u00e9gia Concursos","description":"O blog da Estrat\u00e9gia Concursos traz not\u00edcias sobre concursos e artigos de professores oferecendo cursos para concursos (pdf + videaulas) no site.","publisher":{"@id":"https:\/\/www.estrategiaconcursos.com.br\/blog\/#organization"},"potentialAction":[{"@type":"SearchAction","target":{"@type":"EntryPoint","urlTemplate":"https:\/\/www.estrategiaconcursos.com.br\/blog\/?s={search_term_string}"},"query-input":{"@type":"PropertyValueSpecification","valueRequired":true,"valueName":"search_term_string"}}],"inLanguage":"pt-BR"},{"@type":"Organization","@id":"https:\/\/www.estrategiaconcursos.com.br\/blog\/#organization","name":"Estrat\u00e9gia Concursos","url":"https:\/\/www.estrategiaconcursos.com.br\/blog\/","logo":{"@type":"ImageObject","inLanguage":"pt-BR","@id":"https:\/\/www.estrategiaconcursos.com.br\/blog\/#\/schema\/logo\/image\/","url":"https:\/\/dhg1h5j42swfq.cloudfront.net\/2025\/06\/03203428\/logo_concursos-1.jpg","contentUrl":"https:\/\/dhg1h5j42swfq.cloudfront.net\/2025\/06\/03203428\/logo_concursos-1.jpg","width":230,"height":60,"caption":"Estrat\u00e9gia Concursos"},"image":{"@id":"https:\/\/www.estrategiaconcursos.com.br\/blog\/#\/schema\/logo\/image\/"},"sameAs":["https:\/\/x.com\/EstratConcursos"]},{"@type":"Person","@id":"https:\/\/www.estrategiaconcursos.com.br\/blog\/#\/schema\/person\/b4a388c97673c5f483d72185668afa1f","name":"Coordena\u00e7\u00e3o","image":{"@type":"ImageObject","inLanguage":"pt-BR","@id":"https:\/\/secure.gravatar.com\/avatar\/b720319e4c9a967eb58678d110f4fe35452fc5d5f97b202bac7b8acceb18c6ad?s=96&d=mm&r=g","url":"https:\/\/secure.gravatar.com\/avatar\/b720319e4c9a967eb58678d110f4fe35452fc5d5f97b202bac7b8acceb18c6ad?s=96&d=mm&r=g","contentUrl":"https:\/\/secure.gravatar.com\/avatar\/b720319e4c9a967eb58678d110f4fe35452fc5d5f97b202bac7b8acceb18c6ad?s=96&d=mm&r=g","caption":"Coordena\u00e7\u00e3o"},"sameAs":["https:\/\/www.facebook.com\/EstrategiaConcursos","https:\/\/x.com\/EstratConcursos"],"url":"https:\/\/www.estrategiaconcursos.com.br\/blog\/author\/estrategia2013\/"}]}},"_links":{"self":[{"href":"https:\/\/www.estrategiaconcursos.com.br\/blog\/wp-json\/wp\/v2\/posts\/419017","targetHints":{"allow":["GET"]}}],"collection":[{"href":"https:\/\/www.estrategiaconcursos.com.br\/blog\/wp-json\/wp\/v2\/posts"}],"about":[{"href":"https:\/\/www.estrategiaconcursos.com.br\/blog\/wp-json\/wp\/v2\/types\/post"}],"author":[{"embeddable":true,"href":"https:\/\/www.estrategiaconcursos.com.br\/blog\/wp-json\/wp\/v2\/users\/1"}],"replies":[{"embeddable":true,"href":"https:\/\/www.estrategiaconcursos.com.br\/blog\/wp-json\/wp\/v2\/comments?post=419017"}],"version-history":[{"count":2,"href":"https:\/\/www.estrategiaconcursos.com.br\/blog\/wp-json\/wp\/v2\/posts\/419017\/revisions"}],"predecessor-version":[{"id":419024,"href":"https:\/\/www.estrategiaconcursos.com.br\/blog\/wp-json\/wp\/v2\/posts\/419017\/revisions\/419024"}],"wp:attachment":[{"href":"https:\/\/www.estrategiaconcursos.com.br\/blog\/wp-json\/wp\/v2\/media?parent=419017"}],"wp:term":[{"taxonomy":"category","embeddable":true,"href":"https:\/\/www.estrategiaconcursos.com.br\/blog\/wp-json\/wp\/v2\/categories?post=419017"},{"taxonomy":"post_tag","embeddable":true,"href":"https:\/\/www.estrategiaconcursos.com.br\/blog\/wp-json\/wp\/v2\/tags?post=419017"},{"taxonomy":"tax_estado","embeddable":true,"href":"https:\/\/www.estrategiaconcursos.com.br\/blog\/wp-json\/wp\/v2\/tax_estado?post=419017"}],"curies":[{"name":"wp","href":"https:\/\/api.w.org\/{rel}","templated":true}]}}