{"id":418927,"date":"2019-09-11T16:25:08","date_gmt":"2019-09-11T19:25:08","guid":{"rendered":"https:\/\/www.estrategiaconcursos.com.br\/blog\/?p=418927"},"modified":"2019-09-11T16:27:05","modified_gmt":"2019-09-11T19:27:05","slug":"passo-estrategico-confira-a-agenda-do-mes-de-setembro-e-participe","status":"publish","type":"post","link":"https:\/\/www.estrategiaconcursos.com.br\/blog\/passo-estrategico-confira-a-agenda-do-mes-de-setembro-e-participe\/","title":{"rendered":"Passo Estrat\u00e9gico: Confira a agenda do m\u00eas de setembro e participe!"},"content":{"rendered":"\n<p><strong>O que \u00e9 o Passo Estrat\u00e9gico?<\/strong><\/p>\n\n\n\n<p>O Passo Estrat\u00e9gico \u00e9 um m\u00e9todo de revis\u00e3o, que ajuda o aluno a aprimorar a reten\u00e7\u00e3o do conte\u00fado, com base naquilo que \u00e9 mais cobrado pela banca espec\u00edfica do concurso.<\/p>\n\n\n\n<p>Uma das coisas que mais acontecem na hora da prova \u00e9 errarmos quest\u00f5es simplesmente por esquecermos de um conceito ou um detalhe do conte\u00fado.<\/p>\n\n\n\n<p>Para evitar que isso aconte\u00e7a, faz-se necess\u00e1rio realizar in\u00fameras revis\u00f5es durante a prepara\u00e7\u00e3o. Como muita gente possui dificuldade em realizar boas revis\u00f5es, criamos a metodologia do Passo Estrat\u00e9gico!<\/p>\n\n\n\n<p style=\"text-align:center\" class=\"has-text-color has-background has-medium-font-size has-very-dark-gray-color has-luminous-vivid-amber-background-color\"><strong>Confira a agenda para setembro e participe<\/strong>!<\/p>\n\n\n\n<p class=\"has-background has-pale-cyan-blue-background-color\"><strong>Dia 11 &#8211; 19:00<\/strong><\/p>\n\n\n\n<p>Professor -Rafael Barbosa e convidado<br \/>C\u00e2mara de Fortaleza &#8211; Como Fazer Revis\u00f5es Eficientes<\/p>\n\n\n\n<p class=\"has-background has-pale-cyan-blue-background-color\"><strong>Dia 16 &#8211; 7:00<\/strong><\/p>\n\n\n\n<p>Professor &#8211; Murillo<br \/>PCDF e PCSP -Como realizar revis\u00f5es eficientes<\/p>\n\n\n\n<p class=\"has-background has-pale-cyan-blue-background-color\"><strong>Dia 16 &#8211; 19:00<\/strong><\/p>\n\n\n\n<p>Professor &#8211; Rafael Barbosa e convidado<br \/>Concurso ISS RJ &#8211; Como Utilizar o Passo Estrat\u00e9gico<\/p>\n\n\n\n<p class=\"has-background has-pale-cyan-blue-background-color\"><strong>Dia 17 &#8211; 7:00<\/strong><\/p>\n\n\n\n<p>Professor &#8211; T\u00falio Lages e convidado<br \/>Concurso TCU e TCDF &#8211; aprenda a realizar revis\u00f5es que aprovam<\/p>\n\n\n\n<p class=\"has-background has-pale-cyan-blue-background-color\"><strong>Dia 18 &#8211; 19:00<\/strong><\/p>\n\n\n\n<p style=\"text-align:left\">Professor &#8211; Rafael Barbosa e convidado<br \/>Exame de Sufici\u00eancia CFC &#8211; Como fazer revis\u00f5es de alto n\u00edvel<\/p>\n\n\n\n<p class=\"has-background has-pale-cyan-blue-background-color\"><strong>Dia 21 &#8211; 10:00<\/strong><\/p>\n\n\n\n<p>Professor &#8211; Alexandre Violato, e Luis Kayanoki<br \/>Concurso TCE RO e Seplag Porto Alegre: Estrat\u00e9gias de reta final e de execu\u00e7\u00e3o de prova<\/p>\n\n\n\n<p class=\"has-background has-pale-cyan-blue-background-color\"><strong>Dia 21 &#8211; 14:00<\/strong><\/p>\n\n\n\n<p>Professor &#8211; Alexandre Violato e Luis Kayanoki<br \/>\u00c1rea de Controle: Como revisar AFO, Controle Externo e Contabilidade P\u00fablica<\/p>\n\n\n\n<p style=\"text-align:center\" class=\"has-medium-font-size\"><strong>Participe e se inscreva!<\/strong><\/p>\n\n\n\n<div class=\"wp-block-image\"><figure class=\"aligncenter\"><a href=\"https:\/\/www.estrategiaconcursos.com.br\/gratis\/passo-estrategico\/\" target=\"_blank\" rel=\"noreferrer noopener\"><img decoding=\"async\" src=\"https:\/\/dhg1h5j42swfq.cloudfront.net\/2019\/09\/05134112\/Passo-estrat%C3%A9gico.jpg\" alt=\"\" class=\"wp-image-416960\"\/><\/a><\/figure><\/div>\n\n\n\n<p style=\"text-align:center\"><em><strong>Assinatura Anual Ilimitada*<\/strong><\/em><\/p>\n\n\n\n<p style=\"text-align:center\"><em>Prepare-se com o melhor material e com quem mais aprova em Concursos P\u00fablicos em todo o pa\u00eds. Assine agora a nossa Assinatura Anual e tenha acesso ilimitado* a todos os nossos cursos.<\/em><\/p>\n\n\n\n<p style=\"text-align:center\" class=\"has-background has-medium-font-size has-light-green-cyan-background-color\"><strong>ASSINE AGORA<\/strong>&nbsp;\u2013&nbsp;<a rel=\"noreferrer noopener\" href=\"https:\/\/www.estrategiaconcursos.com.br\/assinaturas\" target=\"_blank\"><strong>Assinatura Ilimitada<\/strong><\/a><\/p>\n\n\n\n<p style=\"text-align:center\" class=\"has-background has-medium-font-size has-pale-cyan-blue-background-color\"><strong><a href=\"https:\/\/www.estrategiaconcursos.com.br\/blog\/concursos-abertos\/\">CONCURSOS ABERTOS<\/a><\/strong><\/p>\n\n\n\n<p style=\"text-align:center\" class=\"has-background has-medium-font-size has-pale-cyan-blue-background-color\"><a href=\"https:\/\/www.estrategiaconcursos.com.br\/blog\/concursos-2019\/\"><strong>CONCURSOS 2019<\/strong><\/a><\/p>\n\n\n\n<p style=\"text-align:center\" class=\"has-background has-medium-font-size has-pale-cyan-blue-background-color\"><a href=\"https:\/\/www.estrategiaconcursos.com.br\/blog\/concursos-2020\/\"><strong>CONCURSOS<\/strong><\/a><strong><a href=\"https:\/\/www.estrategiaconcursos.com.br\/blog\/concursos-2020\/\">&nbsp;2020<\/a><\/strong><\/p>\n","protected":false},"excerpt":{"rendered":"<p>O que \u00e9 o Passo Estrat\u00e9gico? O Passo Estrat\u00e9gico \u00e9 um m\u00e9todo de revis\u00e3o, que ajuda o aluno a aprimorar a reten\u00e7\u00e3o do conte\u00fado, com base naquilo que \u00e9 mais cobrado pela banca espec\u00edfica do concurso. Uma das coisas que mais acontecem na hora da prova \u00e9 errarmos quest\u00f5es simplesmente por esquecermos de um conceito [&hellip;]<\/p>\n","protected":false},"author":221,"featured_media":0,"comment_status":"open","ping_status":"closed","sticky":false,"template":"","format":"standard","meta":{"post_tipo":"article","footnotes":""},"categories":[1],"tags":[],"tax_estado":[],"class_list":["post-418927","post","type-post","status-publish","format-standard","hentry","category-cursos-e-concursos"],"acf":[],"yoast_head":"<!-- This site is optimized with the Yoast SEO Premium plugin v27.2 (Yoast SEO v27.2) - https:\/\/yoast.com\/product\/yoast-seo-premium-wordpress\/ -->\n<title>Passo Estrat\u00e9gico: Confira a agenda do m\u00eas de setembro e participe!<\/title>\n<meta name=\"robots\" content=\"index, follow, max-snippet:-1, max-image-preview:large, max-video-preview:-1\" \/>\n<link rel=\"canonical\" href=\"https:\/\/www.estrategiaconcursos.com.br\/blog\/passo-estrategico-confira-a-agenda-do-mes-de-setembro-e-participe\/\" \/>\n<meta property=\"og:locale\" content=\"pt_BR\" \/>\n<meta property=\"og:type\" content=\"article\" \/>\n<meta property=\"og:title\" content=\"Passo Estrat\u00e9gico: Confira a agenda do m\u00eas de setembro e participe!\" \/>\n<meta property=\"og:description\" content=\"O que \u00e9 o Passo Estrat\u00e9gico? O Passo Estrat\u00e9gico \u00e9 um m\u00e9todo de revis\u00e3o, que ajuda o aluno a aprimorar a reten\u00e7\u00e3o do conte\u00fado, com base naquilo que \u00e9 mais cobrado pela banca espec\u00edfica do concurso. Uma das coisas que mais acontecem na hora da prova \u00e9 errarmos quest\u00f5es simplesmente por esquecermos de um conceito [&hellip;]\" \/>\n<meta property=\"og:url\" content=\"https:\/\/www.estrategiaconcursos.com.br\/blog\/passo-estrategico-confira-a-agenda-do-mes-de-setembro-e-participe\/\" \/>\n<meta property=\"og:site_name\" content=\"Estrat\u00e9gia Concursos\" \/>\n<meta property=\"article:published_time\" content=\"2019-09-11T19:25:08+00:00\" \/>\n<meta property=\"article:modified_time\" content=\"2019-09-11T19:27:05+00:00\" \/>\n<meta name=\"author\" content=\"Tulio Lages\" \/>\n<meta name=\"twitter:card\" content=\"summary_large_image\" \/>\n<meta name=\"twitter:creator\" content=\"@EstratConcursos\" \/>\n<meta name=\"twitter:site\" content=\"@EstratConcursos\" \/>\n<meta name=\"twitter:label1\" content=\"Escrito por\" \/>\n\t<meta name=\"twitter:data1\" content=\"Tulio Lages\" \/>\n\t<meta name=\"twitter:label2\" content=\"Est. tempo de leitura\" \/>\n\t<meta name=\"twitter:data2\" content=\"1 minuto\" \/>\n<script type=\"application\/ld+json\" class=\"yoast-schema-graph\">{\"@context\":\"https:\/\/schema.org\",\"@graph\":[{\"@type\":\"NewsArticle\",\"@id\":\"https:\/\/www.estrategiaconcursos.com.br\/blog\/passo-estrategico-confira-a-agenda-do-mes-de-setembro-e-participe\/#article\",\"isPartOf\":{\"@id\":\"https:\/\/www.estrategiaconcursos.com.br\/blog\/passo-estrategico-confira-a-agenda-do-mes-de-setembro-e-participe\/\"},\"author\":{\"name\":\"Tulio Lages\",\"@id\":\"https:\/\/www.estrategiaconcursos.com.br\/blog\/#\/schema\/person\/80581c41357e3666d4b56f2db6910639\"},\"headline\":\"Passo Estrat\u00e9gico: Confira a agenda do m\u00eas de setembro e participe!\",\"datePublished\":\"2019-09-11T19:25:08+00:00\",\"dateModified\":\"2019-09-11T19:27:05+00:00\",\"mainEntityOfPage\":{\"@id\":\"https:\/\/www.estrategiaconcursos.com.br\/blog\/passo-estrategico-confira-a-agenda-do-mes-de-setembro-e-participe\/\"},\"wordCount\":305,\"commentCount\":0,\"publisher\":{\"@id\":\"https:\/\/www.estrategiaconcursos.com.br\/blog\/#organization\"},\"articleSection\":[\"Concursos P\u00fablicos\"],\"inLanguage\":\"pt-BR\",\"potentialAction\":[{\"@type\":\"CommentAction\",\"name\":\"Comment\",\"target\":[\"https:\/\/www.estrategiaconcursos.com.br\/blog\/passo-estrategico-confira-a-agenda-do-mes-de-setembro-e-participe\/#respond\"]}],\"copyrightYear\":\"2019\",\"copyrightHolder\":{\"@id\":\"https:\/\/www.estrategiaconcursos.com.br\/blog\/#organization\"}},{\"@type\":\"WebPage\",\"@id\":\"https:\/\/www.estrategiaconcursos.com.br\/blog\/passo-estrategico-confira-a-agenda-do-mes-de-setembro-e-participe\/\",\"url\":\"https:\/\/www.estrategiaconcursos.com.br\/blog\/passo-estrategico-confira-a-agenda-do-mes-de-setembro-e-participe\/\",\"name\":\"Passo Estrat\u00e9gico: Confira a agenda do m\u00eas de setembro e participe!\",\"isPartOf\":{\"@id\":\"https:\/\/www.estrategiaconcursos.com.br\/blog\/#website\"},\"datePublished\":\"2019-09-11T19:25:08+00:00\",\"dateModified\":\"2019-09-11T19:27:05+00:00\",\"breadcrumb\":{\"@id\":\"https:\/\/www.estrategiaconcursos.com.br\/blog\/passo-estrategico-confira-a-agenda-do-mes-de-setembro-e-participe\/#breadcrumb\"},\"inLanguage\":\"pt-BR\",\"potentialAction\":[{\"@type\":\"ReadAction\",\"target\":[\"https:\/\/www.estrategiaconcursos.com.br\/blog\/passo-estrategico-confira-a-agenda-do-mes-de-setembro-e-participe\/\"]}]},{\"@type\":\"BreadcrumbList\",\"@id\":\"https:\/\/www.estrategiaconcursos.com.br\/blog\/passo-estrategico-confira-a-agenda-do-mes-de-setembro-e-participe\/#breadcrumb\",\"itemListElement\":[{\"@type\":\"ListItem\",\"position\":1,\"name\":\"In\u00edcio\",\"item\":\"https:\/\/www.estrategiaconcursos.com.br\/blog\/\"},{\"@type\":\"ListItem\",\"position\":2,\"name\":\"Passo Estrat\u00e9gico: Confira a agenda do m\u00eas de setembro e participe!\"}]},{\"@type\":\"WebSite\",\"@id\":\"https:\/\/www.estrategiaconcursos.com.br\/blog\/#website\",\"url\":\"https:\/\/www.estrategiaconcursos.com.br\/blog\/\",\"name\":\"Estrat\u00e9gia Concursos\",\"description\":\"O blog da Estrat\u00e9gia Concursos traz not\u00edcias sobre concursos e artigos de professores oferecendo cursos para concursos (pdf + videaulas) no site.\",\"publisher\":{\"@id\":\"https:\/\/www.estrategiaconcursos.com.br\/blog\/#organization\"},\"potentialAction\":[{\"@type\":\"SearchAction\",\"target\":{\"@type\":\"EntryPoint\",\"urlTemplate\":\"https:\/\/www.estrategiaconcursos.com.br\/blog\/?s={search_term_string}\"},\"query-input\":{\"@type\":\"PropertyValueSpecification\",\"valueRequired\":true,\"valueName\":\"search_term_string\"}}],\"inLanguage\":\"pt-BR\"},{\"@type\":\"Organization\",\"@id\":\"https:\/\/www.estrategiaconcursos.com.br\/blog\/#organization\",\"name\":\"Estrat\u00e9gia Concursos\",\"url\":\"https:\/\/www.estrategiaconcursos.com.br\/blog\/\",\"logo\":{\"@type\":\"ImageObject\",\"inLanguage\":\"pt-BR\",\"@id\":\"https:\/\/www.estrategiaconcursos.com.br\/blog\/#\/schema\/logo\/image\/\",\"url\":\"https:\/\/dhg1h5j42swfq.cloudfront.net\/2025\/06\/03203428\/logo_concursos-1.jpg\",\"contentUrl\":\"https:\/\/dhg1h5j42swfq.cloudfront.net\/2025\/06\/03203428\/logo_concursos-1.jpg\",\"width\":230,\"height\":60,\"caption\":\"Estrat\u00e9gia Concursos\"},\"image\":{\"@id\":\"https:\/\/www.estrategiaconcursos.com.br\/blog\/#\/schema\/logo\/image\/\"},\"sameAs\":[\"https:\/\/x.com\/EstratConcursos\"]},{\"@type\":\"Person\",\"@id\":\"https:\/\/www.estrategiaconcursos.com.br\/blog\/#\/schema\/person\/80581c41357e3666d4b56f2db6910639\",\"name\":\"Tulio Lages\",\"image\":{\"@type\":\"ImageObject\",\"inLanguage\":\"pt-BR\",\"@id\":\"https:\/\/secure.gravatar.com\/avatar\/d24e31d7062c4ca48f968843d2bcad20a2ba1a5cf087b6f34171db005b925941?s=96&d=mm&r=g\",\"url\":\"https:\/\/secure.gravatar.com\/avatar\/d24e31d7062c4ca48f968843d2bcad20a2ba1a5cf087b6f34171db005b925941?s=96&d=mm&r=g\",\"contentUrl\":\"https:\/\/secure.gravatar.com\/avatar\/d24e31d7062c4ca48f968843d2bcad20a2ba1a5cf087b6f34171db005b925941?s=96&d=mm&r=g\",\"caption\":\"Tulio Lages\"},\"url\":\"https:\/\/www.estrategiaconcursos.com.br\/blog\/author\/tuliolagesestrategiaconcursos-com-br\/\"}]}<\/script>\n<!-- \/ Yoast SEO Premium plugin. -->","yoast_head_json":{"title":"Passo Estrat\u00e9gico: Confira a agenda do m\u00eas de setembro e participe!","robots":{"index":"index","follow":"follow","max-snippet":"max-snippet:-1","max-image-preview":"max-image-preview:large","max-video-preview":"max-video-preview:-1"},"canonical":"https:\/\/www.estrategiaconcursos.com.br\/blog\/passo-estrategico-confira-a-agenda-do-mes-de-setembro-e-participe\/","og_locale":"pt_BR","og_type":"article","og_title":"Passo Estrat\u00e9gico: Confira a agenda do m\u00eas de setembro e participe!","og_description":"O que \u00e9 o Passo Estrat\u00e9gico? O Passo Estrat\u00e9gico \u00e9 um m\u00e9todo de revis\u00e3o, que ajuda o aluno a aprimorar a reten\u00e7\u00e3o do conte\u00fado, com base naquilo que \u00e9 mais cobrado pela banca espec\u00edfica do concurso. Uma das coisas que mais acontecem na hora da prova \u00e9 errarmos quest\u00f5es simplesmente por esquecermos de um conceito [&hellip;]","og_url":"https:\/\/www.estrategiaconcursos.com.br\/blog\/passo-estrategico-confira-a-agenda-do-mes-de-setembro-e-participe\/","og_site_name":"Estrat\u00e9gia Concursos","article_published_time":"2019-09-11T19:25:08+00:00","article_modified_time":"2019-09-11T19:27:05+00:00","author":"Tulio Lages","twitter_card":"summary_large_image","twitter_creator":"@EstratConcursos","twitter_site":"@EstratConcursos","twitter_misc":{"Escrito por":"Tulio Lages","Est. tempo de leitura":"1 minuto"},"schema":{"@context":"https:\/\/schema.org","@graph":[{"@type":"NewsArticle","@id":"https:\/\/www.estrategiaconcursos.com.br\/blog\/passo-estrategico-confira-a-agenda-do-mes-de-setembro-e-participe\/#article","isPartOf":{"@id":"https:\/\/www.estrategiaconcursos.com.br\/blog\/passo-estrategico-confira-a-agenda-do-mes-de-setembro-e-participe\/"},"author":{"name":"Tulio Lages","@id":"https:\/\/www.estrategiaconcursos.com.br\/blog\/#\/schema\/person\/80581c41357e3666d4b56f2db6910639"},"headline":"Passo Estrat\u00e9gico: Confira a agenda do m\u00eas de setembro e participe!","datePublished":"2019-09-11T19:25:08+00:00","dateModified":"2019-09-11T19:27:05+00:00","mainEntityOfPage":{"@id":"https:\/\/www.estrategiaconcursos.com.br\/blog\/passo-estrategico-confira-a-agenda-do-mes-de-setembro-e-participe\/"},"wordCount":305,"commentCount":0,"publisher":{"@id":"https:\/\/www.estrategiaconcursos.com.br\/blog\/#organization"},"articleSection":["Concursos P\u00fablicos"],"inLanguage":"pt-BR","potentialAction":[{"@type":"CommentAction","name":"Comment","target":["https:\/\/www.estrategiaconcursos.com.br\/blog\/passo-estrategico-confira-a-agenda-do-mes-de-setembro-e-participe\/#respond"]}],"copyrightYear":"2019","copyrightHolder":{"@id":"https:\/\/www.estrategiaconcursos.com.br\/blog\/#organization"}},{"@type":"WebPage","@id":"https:\/\/www.estrategiaconcursos.com.br\/blog\/passo-estrategico-confira-a-agenda-do-mes-de-setembro-e-participe\/","url":"https:\/\/www.estrategiaconcursos.com.br\/blog\/passo-estrategico-confira-a-agenda-do-mes-de-setembro-e-participe\/","name":"Passo Estrat\u00e9gico: Confira a agenda do m\u00eas de setembro e participe!","isPartOf":{"@id":"https:\/\/www.estrategiaconcursos.com.br\/blog\/#website"},"datePublished":"2019-09-11T19:25:08+00:00","dateModified":"2019-09-11T19:27:05+00:00","breadcrumb":{"@id":"https:\/\/www.estrategiaconcursos.com.br\/blog\/passo-estrategico-confira-a-agenda-do-mes-de-setembro-e-participe\/#breadcrumb"},"inLanguage":"pt-BR","potentialAction":[{"@type":"ReadAction","target":["https:\/\/www.estrategiaconcursos.com.br\/blog\/passo-estrategico-confira-a-agenda-do-mes-de-setembro-e-participe\/"]}]},{"@type":"BreadcrumbList","@id":"https:\/\/www.estrategiaconcursos.com.br\/blog\/passo-estrategico-confira-a-agenda-do-mes-de-setembro-e-participe\/#breadcrumb","itemListElement":[{"@type":"ListItem","position":1,"name":"In\u00edcio","item":"https:\/\/www.estrategiaconcursos.com.br\/blog\/"},{"@type":"ListItem","position":2,"name":"Passo Estrat\u00e9gico: Confira a agenda do m\u00eas de setembro e participe!"}]},{"@type":"WebSite","@id":"https:\/\/www.estrategiaconcursos.com.br\/blog\/#website","url":"https:\/\/www.estrategiaconcursos.com.br\/blog\/","name":"Estrat\u00e9gia Concursos","description":"O blog da Estrat\u00e9gia Concursos traz not\u00edcias sobre concursos e artigos de professores oferecendo cursos para concursos (pdf + videaulas) no site.","publisher":{"@id":"https:\/\/www.estrategiaconcursos.com.br\/blog\/#organization"},"potentialAction":[{"@type":"SearchAction","target":{"@type":"EntryPoint","urlTemplate":"https:\/\/www.estrategiaconcursos.com.br\/blog\/?s={search_term_string}"},"query-input":{"@type":"PropertyValueSpecification","valueRequired":true,"valueName":"search_term_string"}}],"inLanguage":"pt-BR"},{"@type":"Organization","@id":"https:\/\/www.estrategiaconcursos.com.br\/blog\/#organization","name":"Estrat\u00e9gia Concursos","url":"https:\/\/www.estrategiaconcursos.com.br\/blog\/","logo":{"@type":"ImageObject","inLanguage":"pt-BR","@id":"https:\/\/www.estrategiaconcursos.com.br\/blog\/#\/schema\/logo\/image\/","url":"https:\/\/dhg1h5j42swfq.cloudfront.net\/2025\/06\/03203428\/logo_concursos-1.jpg","contentUrl":"https:\/\/dhg1h5j42swfq.cloudfront.net\/2025\/06\/03203428\/logo_concursos-1.jpg","width":230,"height":60,"caption":"Estrat\u00e9gia Concursos"},"image":{"@id":"https:\/\/www.estrategiaconcursos.com.br\/blog\/#\/schema\/logo\/image\/"},"sameAs":["https:\/\/x.com\/EstratConcursos"]},{"@type":"Person","@id":"https:\/\/www.estrategiaconcursos.com.br\/blog\/#\/schema\/person\/80581c41357e3666d4b56f2db6910639","name":"Tulio Lages","image":{"@type":"ImageObject","inLanguage":"pt-BR","@id":"https:\/\/secure.gravatar.com\/avatar\/d24e31d7062c4ca48f968843d2bcad20a2ba1a5cf087b6f34171db005b925941?s=96&d=mm&r=g","url":"https:\/\/secure.gravatar.com\/avatar\/d24e31d7062c4ca48f968843d2bcad20a2ba1a5cf087b6f34171db005b925941?s=96&d=mm&r=g","contentUrl":"https:\/\/secure.gravatar.com\/avatar\/d24e31d7062c4ca48f968843d2bcad20a2ba1a5cf087b6f34171db005b925941?s=96&d=mm&r=g","caption":"Tulio Lages"},"url":"https:\/\/www.estrategiaconcursos.com.br\/blog\/author\/tuliolagesestrategiaconcursos-com-br\/"}]}},"_links":{"self":[{"href":"https:\/\/www.estrategiaconcursos.com.br\/blog\/wp-json\/wp\/v2\/posts\/418927","targetHints":{"allow":["GET"]}}],"collection":[{"href":"https:\/\/www.estrategiaconcursos.com.br\/blog\/wp-json\/wp\/v2\/posts"}],"about":[{"href":"https:\/\/www.estrategiaconcursos.com.br\/blog\/wp-json\/wp\/v2\/types\/post"}],"author":[{"embeddable":true,"href":"https:\/\/www.estrategiaconcursos.com.br\/blog\/wp-json\/wp\/v2\/users\/221"}],"replies":[{"embeddable":true,"href":"https:\/\/www.estrategiaconcursos.com.br\/blog\/wp-json\/wp\/v2\/comments?post=418927"}],"version-history":[{"count":4,"href":"https:\/\/www.estrategiaconcursos.com.br\/blog\/wp-json\/wp\/v2\/posts\/418927\/revisions"}],"predecessor-version":[{"id":418955,"href":"https:\/\/www.estrategiaconcursos.com.br\/blog\/wp-json\/wp\/v2\/posts\/418927\/revisions\/418955"}],"wp:attachment":[{"href":"https:\/\/www.estrategiaconcursos.com.br\/blog\/wp-json\/wp\/v2\/media?parent=418927"}],"wp:term":[{"taxonomy":"category","embeddable":true,"href":"https:\/\/www.estrategiaconcursos.com.br\/blog\/wp-json\/wp\/v2\/categories?post=418927"},{"taxonomy":"post_tag","embeddable":true,"href":"https:\/\/www.estrategiaconcursos.com.br\/blog\/wp-json\/wp\/v2\/tags?post=418927"},{"taxonomy":"tax_estado","embeddable":true,"href":"https:\/\/www.estrategiaconcursos.com.br\/blog\/wp-json\/wp\/v2\/tax_estado?post=418927"}],"curies":[{"name":"wp","href":"https:\/\/api.w.org\/{rel}","templated":true}]}}