{"id":418877,"date":"2019-09-11T15:15:43","date_gmt":"2019-09-11T18:15:43","guid":{"rendered":"https:\/\/www.estrategiaconcursos.com.br\/blog\/?p=418877"},"modified":"2019-09-11T15:24:01","modified_gmt":"2019-09-11T18:24:01","slug":"mpv-882-que-alterou-o-ctb-perdeu-a-validade","status":"publish","type":"post","link":"https:\/\/www.estrategiaconcursos.com.br\/blog\/mpv-882-que-alterou-o-ctb-perdeu-a-validade\/","title":{"rendered":"MPV 882 &#8211; que alterou o CTB, perdeu a validade!"},"content":{"rendered":"\n<p>Ol\u00e1, meus amigos!<\/p>\n\n\n\n<p>A MPV 882 que alterou a composi\u00e7\u00e3o do CONTRAN  perdeu a validade. Assim, esta regra abaixo n\u00e3o est\u00e1 mais valendo.<\/p>\n\n\n\n<p><em> \u201cArt. 10. O Conselho Nacional de Tr\u00e2nsito &#8211; Contran ter\u00e1 sede no Distrito Federal. \u00a7 4\u00ba O Contran ser\u00e1 composto pelos seguintes Ministros de Estado: I &#8211; da Infraestrutura, que o presidir\u00e1; II &#8211; da Justi\u00e7a e Seguran\u00e7a P\u00fablica; III &#8211; da Defesa; IV &#8211; das Rela\u00e7\u00f5es Exteriores; V &#8211; da Economia; VI &#8211; da Educa\u00e7\u00e3o; VII &#8211; da Sa\u00fade; VIII &#8211; da Ci\u00eancia, Tecnologia, Inova\u00e7\u00f5es e Comunica\u00e7\u00f5es; e IX &#8211; do Meio Ambiente. \u00a7 5\u00ba Em seus impedimentos e suas aus\u00eancias, os Ministros de Estado poder\u00e3o ser representados por servidor de n\u00edvel hier\u00e1rquico igual ou superior ao n\u00edvel 6 do Grupo-Dire\u00e7\u00e3o e Assessoramento Superiores &#8211; DAS ou, no caso do Minist\u00e9rio da Defesa, alternativamente, por oficial-general. \u00a7 6\u00ba Compete ao dirigente do \u00f3rg\u00e3o m\u00e1ximo executivo de tr\u00e2nsito da Uni\u00e3o a que se refere o 9\u00ba atuar como Secret\u00e1rio-Executivo do Contran. \u00a7 7\u00ba O qu\u00f3rum de vota\u00e7\u00e3o e de aprova\u00e7\u00e3o no Contran \u00e9 o de maioria absoluta.\u201d (NR) \u201cArt. 10-A. Ser\u00e3o convidados a participar das reuni\u00f5es do Contran, sem direito a voto, representantes de \u00f3rg\u00e3os e entidades setoriais respons\u00e1veis pelas propostas ou mat\u00e9rias em exame pelo Conselho.\u201d (NR) <\/em><\/p>\n\n\n\n<p>Pela regra, do Processo Legislativo, essa Medida Provis\u00f3ria n\u00e3o pode mais ser editada este ano, somente ano que vem. Mas a altera\u00e7\u00e3o pode acontecer  por uma nova lei ordin\u00e1ria, o que demoraria mais ainda. <\/p>\n\n\n\n<p>Ent\u00e3o, para os pr\u00f3ximos concursos, o que vale \u00e9 a regra antiga, a qual eu destaco abaixo!<\/p>\n\n\n\n<p>\u201c Art. 10.&nbsp; O Conselho\nNacional de Tr\u00e2nsito (Contran), com sede no Distrito Federal e presidido pelo\ndirigente do \u00f3rg\u00e3o m\u00e1ximo executivo de tr\u00e2nsito da Uni\u00e3o, tem a seguinte\ncomposi\u00e7\u00e3o:&nbsp;&nbsp;&nbsp;&nbsp;&nbsp;&nbsp;&nbsp;&nbsp;&nbsp;&nbsp;&nbsp;&nbsp; (Reda\u00e7\u00e3o dada\npela Lei n\u00ba 12.865, de 2013)<\/p>\n\n\n\n<p>&nbsp;&nbsp;&nbsp;&nbsp;&nbsp;&nbsp;&nbsp; III &#8211; um\nrepresentante do Minist\u00e9rio da Ci\u00eancia e Tecnologia;<\/p>\n\n\n\n<p>&nbsp;&nbsp;&nbsp;&nbsp;&nbsp;&nbsp;&nbsp; IV &#8211; um\nrepresentante do Minist\u00e9rio da Educa\u00e7\u00e3o e do Desporto;<\/p>\n\n\n\n<p>&nbsp;&nbsp;&nbsp;&nbsp;&nbsp;&nbsp;&nbsp; V &#8211; um\nrepresentante do Minist\u00e9rio do Ex\u00e9rcito;<\/p>\n\n\n\n<p>&nbsp;&nbsp;&nbsp;&nbsp;&nbsp;&nbsp;&nbsp; VI &#8211; um\nrepresentante do Minist\u00e9rio do Meio Ambiente e da Amaz\u00f4nia Legal;<\/p>\n\n\n\n<p>&nbsp;&nbsp;&nbsp;&nbsp;&nbsp;&nbsp;&nbsp; VII &#8211; um\nrepresentante do Minist\u00e9rio dos Transportes;<\/p>\n\n\n\n<p>&nbsp;&nbsp;&nbsp;&nbsp;&nbsp;&nbsp;&nbsp; XX &#8211; um\nrepresentante do minist\u00e9rio ou \u00f3rg\u00e3o coordenador m\u00e1ximo do Sistema Nacional de\nTr\u00e2nsito;<\/p>\n\n\n\n<p>&nbsp;&nbsp;&nbsp;&nbsp;&nbsp;&nbsp;&nbsp; XXII &#8211; um\nrepresentante do Minist\u00e9rio da Sa\u00fade.&nbsp;&nbsp;&nbsp;&nbsp;&nbsp;&nbsp;&nbsp;&nbsp;&nbsp;&nbsp;\n(Inclu\u00eddo pela Lei n\u00ba 9.602, de 1998)<\/p>\n\n\n\n<p>&nbsp;&nbsp;&nbsp;&nbsp;&nbsp;&nbsp;&nbsp; XXIII &#8211; 1 (um)\nrepresentante do Minist\u00e9rio da Justi\u00e7a.&nbsp;&nbsp;&nbsp;&nbsp;&nbsp;&nbsp;&nbsp;&nbsp;&nbsp;&nbsp; (Inclu\u00eddo pela Lei n\u00ba 11.705, de 2008)<\/p>\n\n\n\n<p>&nbsp;&nbsp;&nbsp;&nbsp;&nbsp;&nbsp;&nbsp; XXIV &#8211; 1 (um)\nrepresentante do Minist\u00e9rio do Desenvolvimento, Ind\u00fastria e Com\u00e9rcio\nExterior;&nbsp;&nbsp;&nbsp;&nbsp;&nbsp;&nbsp;&nbsp;&nbsp;&nbsp;&nbsp; (Inclu\u00eddo pela Lei n\u00ba\n12.865, de 2013)<\/p>\n\n\n\n<p>&nbsp;&nbsp;&nbsp;&nbsp;&nbsp;&nbsp;&nbsp; XXV &#8211; 1 (um) representante da Ag\u00eancia Nacional de Transportes Terrestres (ANTT).&nbsp;&nbsp;&nbsp;&nbsp;&nbsp;&nbsp;&nbsp;&nbsp;&nbsp;&nbsp; (Inclu\u00eddo pela Lei n\u00ba 12.865, de 2013)\u201d<\/p>\n\n\n\n<p><\/p>\n\n\n\n<p>Grande abra\u00e7o e bons estudos!<\/p>\n\n\n\n<p>Sigam o professor no instagram: @prof_herculano <\/p>\n","protected":false},"excerpt":{"rendered":"<p>Ol\u00e1, meus amigos! A MPV 882 que alterou a composi\u00e7\u00e3o do CONTRAN perdeu a validade. Assim, esta regra abaixo n\u00e3o est\u00e1 mais valendo. \u201cArt. 10. O Conselho Nacional de Tr\u00e2nsito &#8211; Contran ter\u00e1 sede no Distrito Federal. \u00a7 4\u00ba O Contran ser\u00e1 composto pelos seguintes Ministros de Estado: I &#8211; da Infraestrutura, que o presidir\u00e1; [&hellip;]<\/p>\n","protected":false},"author":86,"featured_media":0,"comment_status":"open","ping_status":"closed","sticky":false,"template":"","format":"standard","meta":{"post_tipo":"article","footnotes":""},"categories":[1],"tags":[],"tax_estado":[],"class_list":["post-418877","post","type-post","status-publish","format-standard","hentry","category-cursos-e-concursos"],"acf":[],"yoast_head":"<!-- This site is optimized with the Yoast SEO Premium plugin v27.2 (Yoast SEO v27.2) - https:\/\/yoast.com\/product\/yoast-seo-premium-wordpress\/ -->\n<title>MPV 882 - que alterou o CTB, perdeu a validade!<\/title>\n<meta name=\"robots\" content=\"index, follow, max-snippet:-1, max-image-preview:large, max-video-preview:-1\" \/>\n<link rel=\"canonical\" href=\"https:\/\/www.estrategiaconcursos.com.br\/blog\/mpv-882-que-alterou-o-ctb-perdeu-a-validade\/\" \/>\n<meta property=\"og:locale\" content=\"pt_BR\" \/>\n<meta property=\"og:type\" content=\"article\" \/>\n<meta property=\"og:title\" content=\"MPV 882 - que alterou o CTB, perdeu a validade!\" \/>\n<meta property=\"og:description\" content=\"Ol\u00e1, meus amigos! A MPV 882 que alterou a composi\u00e7\u00e3o do CONTRAN perdeu a validade. Assim, esta regra abaixo n\u00e3o est\u00e1 mais valendo. \u201cArt. 10. O Conselho Nacional de Tr\u00e2nsito &#8211; Contran ter\u00e1 sede no Distrito Federal. \u00a7 4\u00ba O Contran ser\u00e1 composto pelos seguintes Ministros de Estado: I &#8211; da Infraestrutura, que o presidir\u00e1; [&hellip;]\" \/>\n<meta property=\"og:url\" content=\"https:\/\/www.estrategiaconcursos.com.br\/blog\/mpv-882-que-alterou-o-ctb-perdeu-a-validade\/\" \/>\n<meta property=\"og:site_name\" content=\"Estrat\u00e9gia Concursos\" \/>\n<meta property=\"article:published_time\" content=\"2019-09-11T18:15:43+00:00\" \/>\n<meta property=\"article:modified_time\" content=\"2019-09-11T18:24:01+00:00\" \/>\n<meta name=\"author\" content=\"Alexandre Herculano\" \/>\n<meta name=\"twitter:card\" content=\"summary_large_image\" \/>\n<meta name=\"twitter:creator\" content=\"@EstratConcursos\" \/>\n<meta name=\"twitter:site\" content=\"@EstratConcursos\" \/>\n<meta name=\"twitter:label1\" content=\"Escrito por\" \/>\n\t<meta name=\"twitter:data1\" content=\"Alexandre Herculano\" \/>\n\t<meta name=\"twitter:label2\" content=\"Est. tempo de leitura\" \/>\n\t<meta name=\"twitter:data2\" content=\"3 minutos\" \/>\n<script type=\"application\/ld+json\" class=\"yoast-schema-graph\">{\"@context\":\"https:\/\/schema.org\",\"@graph\":[{\"@type\":\"NewsArticle\",\"@id\":\"https:\/\/www.estrategiaconcursos.com.br\/blog\/mpv-882-que-alterou-o-ctb-perdeu-a-validade\/#article\",\"isPartOf\":{\"@id\":\"https:\/\/www.estrategiaconcursos.com.br\/blog\/mpv-882-que-alterou-o-ctb-perdeu-a-validade\/\"},\"author\":{\"name\":\"Alexandre Herculano\",\"@id\":\"https:\/\/www.estrategiaconcursos.com.br\/blog\/#\/schema\/person\/edda4e500c7c5065d53cfab276ffa8dd\"},\"headline\":\"MPV 882 &#8211; que alterou o CTB, perdeu a validade!\",\"datePublished\":\"2019-09-11T18:15:43+00:00\",\"dateModified\":\"2019-09-11T18:24:01+00:00\",\"mainEntityOfPage\":{\"@id\":\"https:\/\/www.estrategiaconcursos.com.br\/blog\/mpv-882-que-alterou-o-ctb-perdeu-a-validade\/\"},\"wordCount\":621,\"commentCount\":0,\"publisher\":{\"@id\":\"https:\/\/www.estrategiaconcursos.com.br\/blog\/#organization\"},\"articleSection\":[\"Concursos P\u00fablicos\"],\"inLanguage\":\"pt-BR\",\"potentialAction\":[{\"@type\":\"CommentAction\",\"name\":\"Comment\",\"target\":[\"https:\/\/www.estrategiaconcursos.com.br\/blog\/mpv-882-que-alterou-o-ctb-perdeu-a-validade\/#respond\"]}],\"copyrightYear\":\"2019\",\"copyrightHolder\":{\"@id\":\"https:\/\/www.estrategiaconcursos.com.br\/blog\/#organization\"}},{\"@type\":\"WebPage\",\"@id\":\"https:\/\/www.estrategiaconcursos.com.br\/blog\/mpv-882-que-alterou-o-ctb-perdeu-a-validade\/\",\"url\":\"https:\/\/www.estrategiaconcursos.com.br\/blog\/mpv-882-que-alterou-o-ctb-perdeu-a-validade\/\",\"name\":\"MPV 882 - que alterou o CTB, perdeu a validade!\",\"isPartOf\":{\"@id\":\"https:\/\/www.estrategiaconcursos.com.br\/blog\/#website\"},\"datePublished\":\"2019-09-11T18:15:43+00:00\",\"dateModified\":\"2019-09-11T18:24:01+00:00\",\"breadcrumb\":{\"@id\":\"https:\/\/www.estrategiaconcursos.com.br\/blog\/mpv-882-que-alterou-o-ctb-perdeu-a-validade\/#breadcrumb\"},\"inLanguage\":\"pt-BR\",\"potentialAction\":[{\"@type\":\"ReadAction\",\"target\":[\"https:\/\/www.estrategiaconcursos.com.br\/blog\/mpv-882-que-alterou-o-ctb-perdeu-a-validade\/\"]}]},{\"@type\":\"BreadcrumbList\",\"@id\":\"https:\/\/www.estrategiaconcursos.com.br\/blog\/mpv-882-que-alterou-o-ctb-perdeu-a-validade\/#breadcrumb\",\"itemListElement\":[{\"@type\":\"ListItem\",\"position\":1,\"name\":\"In\u00edcio\",\"item\":\"https:\/\/www.estrategiaconcursos.com.br\/blog\/\"},{\"@type\":\"ListItem\",\"position\":2,\"name\":\"MPV 882 &#8211; que alterou o CTB, perdeu a validade!\"}]},{\"@type\":\"WebSite\",\"@id\":\"https:\/\/www.estrategiaconcursos.com.br\/blog\/#website\",\"url\":\"https:\/\/www.estrategiaconcursos.com.br\/blog\/\",\"name\":\"Estrat\u00e9gia Concursos\",\"description\":\"O blog da Estrat\u00e9gia Concursos traz not\u00edcias sobre concursos e artigos de professores oferecendo cursos para concursos (pdf + videaulas) no site.\",\"publisher\":{\"@id\":\"https:\/\/www.estrategiaconcursos.com.br\/blog\/#organization\"},\"potentialAction\":[{\"@type\":\"SearchAction\",\"target\":{\"@type\":\"EntryPoint\",\"urlTemplate\":\"https:\/\/www.estrategiaconcursos.com.br\/blog\/?s={search_term_string}\"},\"query-input\":{\"@type\":\"PropertyValueSpecification\",\"valueRequired\":true,\"valueName\":\"search_term_string\"}}],\"inLanguage\":\"pt-BR\"},{\"@type\":\"Organization\",\"@id\":\"https:\/\/www.estrategiaconcursos.com.br\/blog\/#organization\",\"name\":\"Estrat\u00e9gia Concursos\",\"url\":\"https:\/\/www.estrategiaconcursos.com.br\/blog\/\",\"logo\":{\"@type\":\"ImageObject\",\"inLanguage\":\"pt-BR\",\"@id\":\"https:\/\/www.estrategiaconcursos.com.br\/blog\/#\/schema\/logo\/image\/\",\"url\":\"https:\/\/dhg1h5j42swfq.cloudfront.net\/2025\/06\/03203428\/logo_concursos-1.jpg\",\"contentUrl\":\"https:\/\/dhg1h5j42swfq.cloudfront.net\/2025\/06\/03203428\/logo_concursos-1.jpg\",\"width\":230,\"height\":60,\"caption\":\"Estrat\u00e9gia Concursos\"},\"image\":{\"@id\":\"https:\/\/www.estrategiaconcursos.com.br\/blog\/#\/schema\/logo\/image\/\"},\"sameAs\":[\"https:\/\/x.com\/EstratConcursos\"]},{\"@type\":\"Person\",\"@id\":\"https:\/\/www.estrategiaconcursos.com.br\/blog\/#\/schema\/person\/edda4e500c7c5065d53cfab276ffa8dd\",\"name\":\"Alexandre Herculano\",\"image\":{\"@type\":\"ImageObject\",\"inLanguage\":\"pt-BR\",\"@id\":\"https:\/\/secure.gravatar.com\/avatar\/38cb0c33a42096a75e0d9cdd0d8f7413cf51bcfdd398eb7a35bdcd48e89060f8?s=96&d=mm&r=g\",\"url\":\"https:\/\/secure.gravatar.com\/avatar\/38cb0c33a42096a75e0d9cdd0d8f7413cf51bcfdd398eb7a35bdcd48e89060f8?s=96&d=mm&r=g\",\"contentUrl\":\"https:\/\/secure.gravatar.com\/avatar\/38cb0c33a42096a75e0d9cdd0d8f7413cf51bcfdd398eb7a35bdcd48e89060f8?s=96&d=mm&r=g\",\"caption\":\"Alexandre Herculano\"},\"url\":\"https:\/\/www.estrategiaconcursos.com.br\/blog\/author\/alexandreherculanoestrategiaconcursos-com-br\/\"}]}<\/script>\n<!-- \/ Yoast SEO Premium plugin. -->","yoast_head_json":{"title":"MPV 882 - que alterou o CTB, perdeu a validade!","robots":{"index":"index","follow":"follow","max-snippet":"max-snippet:-1","max-image-preview":"max-image-preview:large","max-video-preview":"max-video-preview:-1"},"canonical":"https:\/\/www.estrategiaconcursos.com.br\/blog\/mpv-882-que-alterou-o-ctb-perdeu-a-validade\/","og_locale":"pt_BR","og_type":"article","og_title":"MPV 882 - que alterou o CTB, perdeu a validade!","og_description":"Ol\u00e1, meus amigos! A MPV 882 que alterou a composi\u00e7\u00e3o do CONTRAN perdeu a validade. Assim, esta regra abaixo n\u00e3o est\u00e1 mais valendo. \u201cArt. 10. O Conselho Nacional de Tr\u00e2nsito &#8211; Contran ter\u00e1 sede no Distrito Federal. \u00a7 4\u00ba O Contran ser\u00e1 composto pelos seguintes Ministros de Estado: I &#8211; da Infraestrutura, que o presidir\u00e1; [&hellip;]","og_url":"https:\/\/www.estrategiaconcursos.com.br\/blog\/mpv-882-que-alterou-o-ctb-perdeu-a-validade\/","og_site_name":"Estrat\u00e9gia Concursos","article_published_time":"2019-09-11T18:15:43+00:00","article_modified_time":"2019-09-11T18:24:01+00:00","author":"Alexandre Herculano","twitter_card":"summary_large_image","twitter_creator":"@EstratConcursos","twitter_site":"@EstratConcursos","twitter_misc":{"Escrito por":"Alexandre Herculano","Est. tempo de leitura":"3 minutos"},"schema":{"@context":"https:\/\/schema.org","@graph":[{"@type":"NewsArticle","@id":"https:\/\/www.estrategiaconcursos.com.br\/blog\/mpv-882-que-alterou-o-ctb-perdeu-a-validade\/#article","isPartOf":{"@id":"https:\/\/www.estrategiaconcursos.com.br\/blog\/mpv-882-que-alterou-o-ctb-perdeu-a-validade\/"},"author":{"name":"Alexandre Herculano","@id":"https:\/\/www.estrategiaconcursos.com.br\/blog\/#\/schema\/person\/edda4e500c7c5065d53cfab276ffa8dd"},"headline":"MPV 882 &#8211; que alterou o CTB, perdeu a validade!","datePublished":"2019-09-11T18:15:43+00:00","dateModified":"2019-09-11T18:24:01+00:00","mainEntityOfPage":{"@id":"https:\/\/www.estrategiaconcursos.com.br\/blog\/mpv-882-que-alterou-o-ctb-perdeu-a-validade\/"},"wordCount":621,"commentCount":0,"publisher":{"@id":"https:\/\/www.estrategiaconcursos.com.br\/blog\/#organization"},"articleSection":["Concursos P\u00fablicos"],"inLanguage":"pt-BR","potentialAction":[{"@type":"CommentAction","name":"Comment","target":["https:\/\/www.estrategiaconcursos.com.br\/blog\/mpv-882-que-alterou-o-ctb-perdeu-a-validade\/#respond"]}],"copyrightYear":"2019","copyrightHolder":{"@id":"https:\/\/www.estrategiaconcursos.com.br\/blog\/#organization"}},{"@type":"WebPage","@id":"https:\/\/www.estrategiaconcursos.com.br\/blog\/mpv-882-que-alterou-o-ctb-perdeu-a-validade\/","url":"https:\/\/www.estrategiaconcursos.com.br\/blog\/mpv-882-que-alterou-o-ctb-perdeu-a-validade\/","name":"MPV 882 - que alterou o CTB, perdeu a validade!","isPartOf":{"@id":"https:\/\/www.estrategiaconcursos.com.br\/blog\/#website"},"datePublished":"2019-09-11T18:15:43+00:00","dateModified":"2019-09-11T18:24:01+00:00","breadcrumb":{"@id":"https:\/\/www.estrategiaconcursos.com.br\/blog\/mpv-882-que-alterou-o-ctb-perdeu-a-validade\/#breadcrumb"},"inLanguage":"pt-BR","potentialAction":[{"@type":"ReadAction","target":["https:\/\/www.estrategiaconcursos.com.br\/blog\/mpv-882-que-alterou-o-ctb-perdeu-a-validade\/"]}]},{"@type":"BreadcrumbList","@id":"https:\/\/www.estrategiaconcursos.com.br\/blog\/mpv-882-que-alterou-o-ctb-perdeu-a-validade\/#breadcrumb","itemListElement":[{"@type":"ListItem","position":1,"name":"In\u00edcio","item":"https:\/\/www.estrategiaconcursos.com.br\/blog\/"},{"@type":"ListItem","position":2,"name":"MPV 882 &#8211; que alterou o CTB, perdeu a validade!"}]},{"@type":"WebSite","@id":"https:\/\/www.estrategiaconcursos.com.br\/blog\/#website","url":"https:\/\/www.estrategiaconcursos.com.br\/blog\/","name":"Estrat\u00e9gia Concursos","description":"O blog da Estrat\u00e9gia Concursos traz not\u00edcias sobre concursos e artigos de professores oferecendo cursos para concursos (pdf + videaulas) no site.","publisher":{"@id":"https:\/\/www.estrategiaconcursos.com.br\/blog\/#organization"},"potentialAction":[{"@type":"SearchAction","target":{"@type":"EntryPoint","urlTemplate":"https:\/\/www.estrategiaconcursos.com.br\/blog\/?s={search_term_string}"},"query-input":{"@type":"PropertyValueSpecification","valueRequired":true,"valueName":"search_term_string"}}],"inLanguage":"pt-BR"},{"@type":"Organization","@id":"https:\/\/www.estrategiaconcursos.com.br\/blog\/#organization","name":"Estrat\u00e9gia Concursos","url":"https:\/\/www.estrategiaconcursos.com.br\/blog\/","logo":{"@type":"ImageObject","inLanguage":"pt-BR","@id":"https:\/\/www.estrategiaconcursos.com.br\/blog\/#\/schema\/logo\/image\/","url":"https:\/\/dhg1h5j42swfq.cloudfront.net\/2025\/06\/03203428\/logo_concursos-1.jpg","contentUrl":"https:\/\/dhg1h5j42swfq.cloudfront.net\/2025\/06\/03203428\/logo_concursos-1.jpg","width":230,"height":60,"caption":"Estrat\u00e9gia Concursos"},"image":{"@id":"https:\/\/www.estrategiaconcursos.com.br\/blog\/#\/schema\/logo\/image\/"},"sameAs":["https:\/\/x.com\/EstratConcursos"]},{"@type":"Person","@id":"https:\/\/www.estrategiaconcursos.com.br\/blog\/#\/schema\/person\/edda4e500c7c5065d53cfab276ffa8dd","name":"Alexandre Herculano","image":{"@type":"ImageObject","inLanguage":"pt-BR","@id":"https:\/\/secure.gravatar.com\/avatar\/38cb0c33a42096a75e0d9cdd0d8f7413cf51bcfdd398eb7a35bdcd48e89060f8?s=96&d=mm&r=g","url":"https:\/\/secure.gravatar.com\/avatar\/38cb0c33a42096a75e0d9cdd0d8f7413cf51bcfdd398eb7a35bdcd48e89060f8?s=96&d=mm&r=g","contentUrl":"https:\/\/secure.gravatar.com\/avatar\/38cb0c33a42096a75e0d9cdd0d8f7413cf51bcfdd398eb7a35bdcd48e89060f8?s=96&d=mm&r=g","caption":"Alexandre Herculano"},"url":"https:\/\/www.estrategiaconcursos.com.br\/blog\/author\/alexandreherculanoestrategiaconcursos-com-br\/"}]}},"_links":{"self":[{"href":"https:\/\/www.estrategiaconcursos.com.br\/blog\/wp-json\/wp\/v2\/posts\/418877","targetHints":{"allow":["GET"]}}],"collection":[{"href":"https:\/\/www.estrategiaconcursos.com.br\/blog\/wp-json\/wp\/v2\/posts"}],"about":[{"href":"https:\/\/www.estrategiaconcursos.com.br\/blog\/wp-json\/wp\/v2\/types\/post"}],"author":[{"embeddable":true,"href":"https:\/\/www.estrategiaconcursos.com.br\/blog\/wp-json\/wp\/v2\/users\/86"}],"replies":[{"embeddable":true,"href":"https:\/\/www.estrategiaconcursos.com.br\/blog\/wp-json\/wp\/v2\/comments?post=418877"}],"version-history":[{"count":3,"href":"https:\/\/www.estrategiaconcursos.com.br\/blog\/wp-json\/wp\/v2\/posts\/418877\/revisions"}],"predecessor-version":[{"id":418898,"href":"https:\/\/www.estrategiaconcursos.com.br\/blog\/wp-json\/wp\/v2\/posts\/418877\/revisions\/418898"}],"wp:attachment":[{"href":"https:\/\/www.estrategiaconcursos.com.br\/blog\/wp-json\/wp\/v2\/media?parent=418877"}],"wp:term":[{"taxonomy":"category","embeddable":true,"href":"https:\/\/www.estrategiaconcursos.com.br\/blog\/wp-json\/wp\/v2\/categories?post=418877"},{"taxonomy":"post_tag","embeddable":true,"href":"https:\/\/www.estrategiaconcursos.com.br\/blog\/wp-json\/wp\/v2\/tags?post=418877"},{"taxonomy":"tax_estado","embeddable":true,"href":"https:\/\/www.estrategiaconcursos.com.br\/blog\/wp-json\/wp\/v2\/tax_estado?post=418877"}],"curies":[{"name":"wp","href":"https:\/\/api.w.org\/{rel}","templated":true}]}}