{"id":418761,"date":"2019-09-16T00:00:36","date_gmt":"2019-09-16T03:00:36","guid":{"rendered":"https:\/\/www.estrategiaconcursos.com.br\/blog\/?p=418761"},"modified":"2023-10-19T17:38:28","modified_gmt":"2023-10-19T20:38:28","slug":"concurso-guarda-caieiras-sp","status":"publish","type":"post","link":"https:\/\/www.estrategiaconcursos.com.br\/blog\/concurso-guarda-caieiras-sp\/","title":{"rendered":"Concurso Guarda Caieiras SP: inscri\u00e7\u00f5es encerradas! certame oferta 70 vagas"},"content":{"rendered":"\n<p>O munic\u00edpio de Caieiras no Estado de S\u00e3o Paulo realizar\u00e1 um novo concurso p\u00fablico para o cargo de <strong>Guarda Municipal<\/strong>. O certame oferece <strong>70 vagas<\/strong>, sendo 14 para o sexo feminino e 56 para o sexo masculino. <\/p>\n\n\n\n<p>Neste artigo abordaremos todas as informa\u00e7\u00f5es necess\u00e1rias para voc\u00ea prestar este certame. Acompanhe os t\u00f3picos abaixo.<\/p>\n\n\n\n<h2 class=\"wp-block-heading\">Principais informa\u00e7\u00f5es do edital concurso Guarda Caieiras<\/h2>\n\n\n\n<p>O per\u00edodo de <strong>inscri\u00e7\u00f5es<\/strong> para o certame \u00e9 de <strong>16 de setembro at\u00e9 11 de outubro<\/strong> e devem ser efetuadas no site da banca organizadora, a <strong>RBO<\/strong> Assessoria P\u00fablica e Projetos Municipais. O valor da<strong> taxa de inscri\u00e7\u00e3o<\/strong> \u00e9 de <strong>R$30,00<\/strong>.  <\/p>\n\n\n\n<p>O boleto de inscri\u00e7\u00e3o poder\u00e1 ser pago at\u00e9 o dia 14 de outubro, lembrando que em caso de feriado ou evento os quais acarretem o fechamento de ag\u00eancias banc\u00e1rias na localidade em que se encontra o candidato, o boleto dever\u00e1 ser pago antecipadamente.<\/p>\n\n\n\n<h3 class=\"wp-block-heading\">Principais datas<\/h3>\n\n\n\n<p class=\"has-very-light-gray-background-color has-background\"><strong>Inscri\u00e7\u00f5es<\/strong>: 16 de setembro a 11 de outubro<br \/><strong>Prova Objetiva<\/strong>: 17 de novembro<\/p>\n\n\n\n<h2 class=\"wp-block-heading\">Vagas, remunera\u00e7\u00e3o e requisitos &#8211; concurso Guarda Caieiras<\/h2>\n\n\n\n<p>O concurso Guarda Caieiras ofertar\u00e1 <strong>70 vagas<\/strong>, sendo 14 para o sexo feminino, destas 01 vagas reservada \u00e0s pessoas com defici\u00eancia, as outras 56 vagas s\u00e3o destinadas para o sexo masculino, dentre essas 3 reservadas \u00e0s pessoas com defici\u00eancia. <\/p>\n\n\n\n<p>Para prestar o certame \u00e9 necess\u00e1rio obter diploma ou certificado de conclus\u00e3o de Ensino M\u00e9dio, al\u00e9m dos requisitos abaixo:<\/p>\n\n\n\n<ul class=\"wp-block-list\">\n<li>Possuir Carteira Nacional de Habilita\u00e7\u00e3o (CNH) Categoria &#8220;B&#8221;; <\/li>\n\n\n\n<li>Se do sexo feminino, ter altura m\u00ednima de 1,62m; <\/li>\n\n\n\n<li>Se do sexo masculino, ter altura m\u00ednima de 1,65m; <\/li>\n<\/ul>\n\n\n\n<p><em>No quadro abaixo descrevemos o quantitativo de vagas e remunera\u00e7\u00e3o<\/em>.<\/p>\n\n\n\n<figure class=\"wp-block-table is-style-stripes\"><table class=\"has-subtle-pale-green-background-color has-background has-fixed-layout\"><tbody><tr><td><strong>Cargo<\/strong><\/td><td><strong>Total de Vagas<\/strong><\/td><td><strong>Vagas destinadas \u00e0s pessoas com defici\u00eancia<\/strong><\/td><td><strong>Sal\u00e1rio Inicial<\/strong><\/td><td><strong>Carga Hor\u00e1ria<\/strong><\/td><\/tr><tr><td>Guarda Civil Municipal (Feminino) <\/td><td>14<\/td><td>01<\/td><td> R$ 1.528,81 <\/td><td> 12 x 36 horas semanais <\/td><\/tr><tr><td>Guarda Civil Municipal (Masculino) <\/td><td>56<\/td><td>03<\/td><td> R$ 1.528,81 <\/td><td> 12 x 36 horas semanais <\/td><\/tr><\/tbody><\/table><\/figure>\n\n\n\n<p>A jornada de trabalho dos integrantes da Guarda Civil Municipal de Caieiras ser\u00e1 no regime de Plant\u00e3o de 12 horas trabalhadas por 36 horas de descanso. No entanto, os servidores destacados para trabalharem na Administra\u00e7\u00e3o da Guarda Civil Municipal e outros Postos de Trabalho que atendem a Administra\u00e7\u00e3o Municipal em hor\u00e1rio de expediente adotar\u00e3o regime de 8 horas di\u00e1rias, de 2\u00aa \u00e0 6\u00aa feira.<\/p>\n\n\n\n<p>Para efeitos da modalidade 12&#215;36 horas, s\u00e1bados, domingos e feriados, ser\u00e3o considerados dias normais de servi\u00e7o.<\/p>\n\n\n\n<h2 class=\"wp-block-heading\">Etapas do concurso Guarda Caieiras<\/h2>\n\n\n\n<p>O certame \u00e9 composto das seguintes etapas:<\/p>\n\n\n\n<ul class=\"wp-block-list\">\n<li>Prova objetiva <\/li>\n\n\n\n<li>Prova Pr\u00e1tica<\/li>\n\n\n\n<li>aferi\u00e7\u00e3o de altura + teste de aptid\u00e3o f\u00edsica <\/li>\n\n\n\n<li>avalia\u00e7\u00e3o m\u00e9dica + <\/li>\n\n\n\n<li>investiga\u00e7\u00e3o social + <\/li>\n\n\n\n<li>avalia\u00e7\u00e3o psicol\u00f3gica <\/li>\n<\/ul>\n\n\n\n<h3 class=\"wp-block-heading\">Prova Objetiva<\/h3>\n\n\n\n<p>A prova objetiva ser\u00e1 realizada na cidade de Caieiras\/SP, na data prevista de 17 de novembro de 2019. Sendo composta de quest\u00f5es de Conhecimentos Gerais e Espec\u00edficos. Cada quest\u00e3o ter\u00e1 4 alternativas para escolha de uma correta. Os candidatos ter\u00e3o 3 horas para realizar a prova. <\/p>\n\n\n\n<p>A quantidade de quest\u00f5es seguir\u00e1 o quadro abaixo.<\/p>\n\n\n\n<figure class=\"wp-block-table is-style-stripes\"><table class=\"has-subtle-pale-blue-background-color has-background has-fixed-layout\"><tbody><tr><td><strong>Disciplinas<\/strong><\/td><td><strong>Quantidade de Quest\u00f5es<\/strong><\/td><\/tr><tr><td>Portugu\u00eas<\/td><td>15<\/td><\/tr><tr><td>Matem\u00e1tica<\/td><td>5<\/td><\/tr><tr><td>Conhecimentos Espec\u00edficos<\/td><td>20<\/td><\/tr><tr><td>Total<\/td><td>50<\/td><\/tr><\/tbody><\/table><\/figure>\n\n\n\n<p>A avalia\u00e7\u00e3o objetiva do concurso Guarda Caieiras ser\u00e1 analisada na escala de 0 a 100 pontos, portanto cada quest\u00e3o tem o valor de 2 pontos. Ser\u00e1 habilitado neste etapa o candidato que conseguir 50% de acertos, no m\u00ednimo. Aqueles que n\u00e3o atingirem essa pontua\u00e7\u00e3o ser\u00e3o eliminados do concurso.<\/p>\n\n\n\n<p>Al\u00e9m disso, s\u00f3 ser\u00e3o convocados para a Prova Pr\u00e1tica os candidatos que estiverem enquadrados nos crit\u00e9rios abaixo de classifica\u00e7\u00e3o.<\/p>\n\n\n\n<figure class=\"wp-block-table is-style-stripes\"><table class=\"has-subtle-light-gray-background-color has-background has-fixed-layout\"><tbody><tr><td><strong>Cargo<\/strong><\/td><td><strong>N\u00ba. de candidatos convocados (ampla concorr\u00eancia) <\/strong><\/td><td><strong>N\u00ba. de candidatos convocados (candidatos com defici\u00eancia) <\/strong><\/td><\/tr><tr><td>Guarda Civil Municipal (Feminino) <\/td><td>84<\/td><td>04<\/td><\/tr><tr><td>Guarda Civil Municipal (Masculino) <\/td><td>336<\/td><td>17<\/td><\/tr><\/tbody><\/table><\/figure>\n\n\n\n<h3 class=\"wp-block-heading\">Prova Pr\u00e1tica<\/h3>\n\n\n\n<p>A data e local da prova pr\u00e1tica ser\u00e3o divulgados atrav\u00e9s de edital de convoca\u00e7\u00e3o e publicados no site da RBO e no Di\u00e1rio Oficial de Caieiras. Esta etapa ter\u00e1 car\u00e1ter classificat\u00f3rio e eliminat\u00f3rio, sendo o valor m\u00e1ximo de 100 pontos. Ser\u00e1 considerado habilitado o candidato que obtiver total de pontos igual ou superior a 50. <\/p>\n\n\n\n<p>Seguem abaixo os crit\u00e9rios de avalia\u00e7\u00e3o da prova pr\u00e1tica do concurso Guarda Caieiras.<\/p>\n\n\n\n<figure class=\"wp-block-image\"><img decoding=\"async\" src=\"https:\/\/dhg1h5j42swfq.cloudfront.net\/2019\/09\/11113917\/prova-pr%C3%A1tica-do-concurso-guarda-caieiras.png\" alt=\"crit\u00e9rios de avalia\u00e7\u00e3o da prova pr\u00e1tica do concurso guarda caieiras\" class=\"wp-image-418806\"\/><\/figure>\n\n\n\n<h3 class=\"wp-block-heading\">Aferi\u00e7\u00e3o de altura e Teste de Aptid\u00e3o F\u00edsica (TAF)  <\/h3>\n\n\n\n<p>Esta etapa tem car\u00e1ter eliminat\u00f3rio, desse modo a pontua\u00e7\u00e3o final do Teste de Aptid\u00e3o F\u00edsica n\u00e3o ser\u00e1 considerada para somar-se \u00e0 pontua\u00e7\u00e3o da prova objetiva, sendo o candidato considerado apenas como APTO ou INAPTO.<\/p>\n\n\n\n<p>Cada avalia\u00e7\u00e3o ser\u00e1 pontuada numa escala de 0 a 100 pontos, totalizando pontua\u00e7\u00e3o m\u00e1xima de 300. pontos. Para ser considerado APTO no TAF, o candidato dever\u00e1 obter a pontua\u00e7\u00e3o m\u00ednima de 150 pontos na somat\u00f3ria total das avalia\u00e7\u00f5es.  Por isso, o candidato ter\u00e1 que obter a pontua\u00e7\u00e3o m\u00ednima de 20 pontos para cada exerc\u00edcio.<\/p>\n\n\n\n<p>Confira abaixo os exerc\u00edcios cobrados nesta fase:<\/p>\n\n\n\n<ul class=\"wp-block-list\">\n<li>Flex\u00e3o de bra\u00e7o para candidatos do sexo masculino;<\/li>\n\n\n\n<li>Flex\u00e3o de bra\u00e7o com apoio de frente para candidatas do sexo feminino;<\/li>\n\n\n\n<li>Abdominal;<\/li>\n\n\n\n<li>Corrida de 12 minutos.<\/li>\n<\/ul>\n\n\n\n<h3 class=\"wp-block-heading\">Avalia\u00e7\u00e3o M\u00e9dica<\/h3>\n\n\n\n<p>Na avalia\u00e7\u00e3o m\u00e9dica s\u00e3o solicitados uma lista de exames que passar\u00e3o por an\u00e1lise de uma conjunta m\u00e9dica. Os candidatos devem fazer os exames e apresenta-los com os respectivos laudos m\u00e9dicos no dia e local marcado em edital espec\u00edfico.<\/p>\n\n\n\n<p>Todos os exames e laudos previstos dever\u00e3o ter a data de emiss\u00e3o de at\u00e9 90 dias anteriores \u00e0 data estabelecida para a entrega. <\/p>\n\n\n\n<h3 class=\"wp-block-heading\">Investiga\u00e7\u00e3o Social<\/h3>\n\n\n\n<p>Os crit\u00e9rios e os documentos necess\u00e1rios para a realiza\u00e7\u00e3o da etapa de Investiga\u00e7\u00e3o Social ser\u00e3o divulgados por meio de Edital de Convoca\u00e7\u00e3o.<br \/>Entre os documentos s\u00e3o exigidas certid\u00f5es expedidas perante o Poder Judici\u00e1rio estadual, federal e distrital.<\/p>\n\n\n\n<p>O candidato tamb\u00e9m dever\u00e1 entregar um formul\u00e1rio preenchido (de pr\u00f3prio punho e leg\u00edvel) e assinado. O mesmo ser\u00e1 publicado no Jornal Oficial do Munic\u00edpio e divulgado no site da banca organizadora.<\/p>\n\n\n\n<h3 class=\"wp-block-heading\">Avalia\u00e7\u00e3o Psicol\u00f3gica<\/h3>\n\n\n\n<p>A Avalia\u00e7\u00e3o Psicol\u00f3gica do concurso Guarda Caieiras ser\u00e1 realizada por psic\u00f3logos credenciados pela Policia Federal. Esta fase consistir\u00e1 em uma bateria de instrumentos, validados pelo Conselho Regional de Psicologia e instru\u00e7\u00f5es normativas da Pol\u00edcia Federal, composta de invent\u00e1rios, m\u00f3dulo de informa\u00e7\u00f5es complementares testes projetivos, expressivos e entrevista psicol\u00f3gica.<\/p>\n\n\n\n<p>O objetivo \u00e9 aferir a estrutura de personalidade e sua din\u00e2mica intraps\u00edquica, averiguando-se: Autocr\u00edtica, psicopatologia, confian\u00e7a, conformidade, comportamento social, agressividade entre outros aspectos. <\/p>\n\n\n\n<p>O laudo de avalia\u00e7\u00e3o psicol\u00f3gica emitido para este fim dever\u00e1 ser conclusivo, a fim de fornecer o subs\u00eddio necess\u00e1rio \u00e0 autoridade competente, n\u00e3o cabendo nesta avalia\u00e7\u00e3o, por motivo de \u00e9tica e respeito ao sigilo, o laudo descritivo.<\/p>\n\n\n\n<h3 class=\"wp-block-heading\">Curso de Forma\u00e7\u00e3o de Guarda Municipal<\/h3>\n\n\n\n<p>Ap\u00f3s a homologa\u00e7\u00e3o da classifica\u00e7\u00e3o final do concurso Guarda Caieiras, os aprovados ser\u00e3o convocados para realizar a matr\u00edcula no Curso de Forma\u00e7\u00e3o e serem denominados como alunos.<\/p>\n\n\n\n<p>O curso ter\u00e1 dura\u00e7\u00e3o de 120 dias e os candidatos enquanto estiverem frequentando as aulas receber\u00e3o uma bolsa de estudos. <\/p>\n\n\n\n<p class=\"has-text-align-center has-luminous-vivid-amber-background-color has-background has-medium-font-size\"><em><strong><a href=\"https:\/\/www.estrategiaconcursos.com.br\/cursos\/concurso\/\" target=\"_blank\" rel=\"noreferrer noopener\">Cursos para concursos<\/a><\/strong><\/em><\/p>\n\n\n\n<div class=\"container\" id=\"boxes\">\n  <div class=\"row\">\n\n    <div class=\"col-sm\">\n      <div class=\"banner-guarda-gcm\" id=\"box-assinatura\">\n        <h3 class=\"titulo-assinatura\">Curso Guarda Caieiras SP<\/h3>\n        <p class=\"subtitulo-assinatura\">Estude conosco<\/p>\n        <div class=\"box-botao\">\n          <a class=\"btn-assinatura\" target=\"_blank\" href=\"https:\/\/www.estrategiaconcursos.com.br\/cursos\/\" role=\"button\" rel=\"noopener noreferrer\">Conhe\u00e7a os cursos<\/a>\n        <\/div>\n      <\/div>\n     \n    <\/div>\n\n  <\/div>\n<\/div>\n\n\n\n<p class=\"has-text-align-center\"><em><strong>Assinatura Anual Ilimitada*<\/strong><\/em><\/p>\n\n\n\n<p class=\"has-text-align-center\"><em>Prepare-se com o melhor material e com quem mais aprova em&nbsp;Concursos P\u00fablicos de todo o pa\u00eds. Assine agora a nossa Assinatura Anual e tenha acesso ilimitado a todos os nossos cursos.<\/em><\/p>\n\n\n\n<p class=\"has-text-align-center has-light-green-cyan-background-color has-background has-medium-font-size\"><strong>ASSINE AGORA<\/strong>&nbsp;\u2013&nbsp;<a rel=\"noreferrer noopener\" href=\"https:\/\/www.estrategiaconcursos.com.br\/assinaturas\" target=\"_blank\"><strong>Assinatura Ilimitada<\/strong><\/a><\/p>\n\n\n\n<p class=\"has-text-align-center\"><strong><em>Fique por dentro dos concursos vigentes:<\/em><\/strong><\/p>\n\n\n\n<p class=\"has-text-align-center has-background has-medium-font-size\" style=\"background-color:#8dd2fc87\"><strong><a href=\"https:\/\/www.estrategiaconcursos.com.br\/blog\/concursos-abertos\/\" target=\"_blank\" rel=\"noreferrer noopener\">CONCURSOS ABERTOS<\/a><\/strong><\/p>\n\n\n\n<figure class=\"wp-block-image\"><img loading=\"lazy\" decoding=\"async\" width=\"300\" height=\"102\" src=\"https:\/\/dhg1h5j42swfq.cloudfront.net\/2017\/03\/28152500\/coruja-ficha-tecnica-300x102.png\" alt=\"Ficha t\u00e9cnica do concurso Guarda Caieiras\" class=\"wp-image-68542\"\/><\/figure>\n\n\n\n<h3 class=\"wp-block-heading\" id=\"ficha-tecnica\"><strong>Informa\u00e7\u00f5es sobre <\/strong>o concurso Guarda Caieiras<\/h3>\n\n\n\n<p>\u25ba<strong>Inscri\u00e7\u00f5es<\/strong>: 16 de setembro a 11 de outubro <br \/>\u25ba<strong>Prova Objetiva<\/strong>: 17 de novembro <br \/>\u25ba<strong>Vagas<\/strong>: 70<br \/>\u25ba<strong>Cargos<\/strong>: Guarda Municipal<br \/>\u25ba<strong>Banca<\/strong>: RBO<br \/>\u25ba<strong>Escolaridade<\/strong>: N\u00edvel m\u00e9dio<br \/>\u25ba<strong>Edital<\/strong>:&nbsp;<a rel=\"noreferrer noopener\" aria-label=\"Guarda Municipal de Caieiras (abre numa nova aba)\" href=\"https:\/\/dhg1h5j42swfq.cloudfront.net\/2019\/09\/11141050\/Guarda_Caieiras.pdf\" target=\"_blank\"><strong>Guarda Municipal de Caieiras<\/strong><\/a><\/p>\n","protected":false},"excerpt":{"rendered":"<p>O munic\u00edpio de Caieiras no Estado de S\u00e3o Paulo realizar\u00e1 um novo concurso p\u00fablico para o cargo de Guarda Municipal. O certame oferece 70 vagas, sendo 14 para o sexo feminino e 56 para o sexo masculino. Neste artigo abordaremos todas as informa\u00e7\u00f5es necess\u00e1rias para voc\u00ea prestar este certame. Acompanhe os t\u00f3picos abaixo. Principais informa\u00e7\u00f5es [&hellip;]<\/p>\n","protected":false},"author":1,"featured_media":420352,"comment_status":"open","ping_status":"closed","sticky":false,"template":"","format":"standard","meta":{"post_tipo":"news","footnotes":""},"categories":[1],"tags":[],"tax_estado":[],"class_list":["post-418761","post","type-post","status-publish","format-standard","has-post-thumbnail","hentry","category-cursos-e-concursos"],"acf":[],"yoast_head":"<!-- This site is optimized with the Yoast SEO Premium plugin v27.2 (Yoast SEO v27.2) - https:\/\/yoast.com\/product\/yoast-seo-premium-wordpress\/ -->\n<title>Concurso Guarda Caieiras SP: inscri\u00e7\u00f5es encerradas! certame oferta 70 vagas<\/title>\n<meta name=\"description\" content=\"Concurso Guarda Caieiras: o munic\u00edpio de Caieiras ter\u00e1 um novo certame com 70 vagas para Guarda Municipal, as inscri\u00e7\u00f5es come\u00e7am no dia 16 de setembro.\" \/>\n<meta name=\"robots\" content=\"index, follow, max-snippet:-1, max-image-preview:large, max-video-preview:-1\" \/>\n<link rel=\"canonical\" href=\"https:\/\/www.estrategiaconcursos.com.br\/blog\/concurso-guarda-caieiras-sp\/\" \/>\n<meta property=\"og:locale\" content=\"pt_BR\" \/>\n<meta property=\"og:type\" content=\"article\" \/>\n<meta property=\"og:title\" content=\"Concurso Guarda Caieiras SP: inscri\u00e7\u00f5es encerradas! certame oferta 70 vagas\" \/>\n<meta property=\"og:description\" content=\"Concurso Guarda Caieiras: o munic\u00edpio de Caieiras ter\u00e1 um novo certame com 70 vagas para Guarda Municipal, as inscri\u00e7\u00f5es come\u00e7am no dia 16 de setembro.\" \/>\n<meta property=\"og:url\" content=\"https:\/\/www.estrategiaconcursos.com.br\/blog\/concurso-guarda-caieiras-sp\/\" \/>\n<meta property=\"og:site_name\" content=\"Estrat\u00e9gia Concursos\" \/>\n<meta property=\"article:author\" content=\"https:\/\/www.facebook.com\/EstrategiaConcursos\" \/>\n<meta property=\"article:published_time\" content=\"2019-09-16T03:00:36+00:00\" \/>\n<meta property=\"article:modified_time\" content=\"2023-10-19T20:38:28+00:00\" \/>\n<meta property=\"og:image\" content=\"https:\/\/dhg1h5j42swfq.cloudfront.net\/2019\/09\/16120248\/Guarda-Municipal-Caieiras.png\" \/>\n\t<meta property=\"og:image:width\" content=\"1200\" \/>\n\t<meta property=\"og:image:height\" content=\"628\" \/>\n\t<meta property=\"og:image:type\" content=\"image\/png\" \/>\n<meta name=\"author\" content=\"Coordena\u00e7\u00e3o\" \/>\n<meta name=\"twitter:card\" content=\"summary_large_image\" \/>\n<meta name=\"twitter:creator\" content=\"@EstratConcursos\" \/>\n<meta name=\"twitter:site\" content=\"@EstratConcursos\" \/>\n<meta name=\"twitter:label1\" content=\"Escrito por\" \/>\n\t<meta name=\"twitter:data1\" content=\"Coordena\u00e7\u00e3o\" \/>\n\t<meta name=\"twitter:label2\" content=\"Est. tempo de leitura\" \/>\n\t<meta name=\"twitter:data2\" content=\"6 minutos\" \/>\n<script type=\"application\/ld+json\" class=\"yoast-schema-graph\">{\"@context\":\"https:\/\/schema.org\",\"@graph\":[{\"@type\":\"NewsArticle\",\"@id\":\"https:\/\/www.estrategiaconcursos.com.br\/blog\/concurso-guarda-caieiras-sp\/#article\",\"isPartOf\":{\"@id\":\"https:\/\/www.estrategiaconcursos.com.br\/blog\/concurso-guarda-caieiras-sp\/\"},\"author\":{\"name\":\"Coordena\u00e7\u00e3o\",\"@id\":\"https:\/\/www.estrategiaconcursos.com.br\/blog\/#\/schema\/person\/b4a388c97673c5f483d72185668afa1f\"},\"headline\":\"Concurso Guarda Caieiras SP: inscri\u00e7\u00f5es encerradas! certame oferta 70 vagas\",\"datePublished\":\"2019-09-16T03:00:36+00:00\",\"dateModified\":\"2023-10-19T20:38:28+00:00\",\"mainEntityOfPage\":{\"@id\":\"https:\/\/www.estrategiaconcursos.com.br\/blog\/concurso-guarda-caieiras-sp\/\"},\"wordCount\":1279,\"commentCount\":6,\"publisher\":{\"@id\":\"https:\/\/www.estrategiaconcursos.com.br\/blog\/#organization\"},\"image\":{\"@id\":\"https:\/\/www.estrategiaconcursos.com.br\/blog\/concurso-guarda-caieiras-sp\/#primaryimage\"},\"thumbnailUrl\":\"https:\/\/dhg1h5j42swfq.cloudfront.net\/2019\/09\/16120248\/Guarda-Municipal-Caieiras.png\",\"articleSection\":[\"Concursos P\u00fablicos\"],\"inLanguage\":\"pt-BR\",\"potentialAction\":[{\"@type\":\"CommentAction\",\"name\":\"Comment\",\"target\":[\"https:\/\/www.estrategiaconcursos.com.br\/blog\/concurso-guarda-caieiras-sp\/#respond\"]}],\"copyrightYear\":\"2019\",\"copyrightHolder\":{\"@id\":\"https:\/\/www.estrategiaconcursos.com.br\/blog\/#organization\"}},{\"@type\":\"WebPage\",\"@id\":\"https:\/\/www.estrategiaconcursos.com.br\/blog\/concurso-guarda-caieiras-sp\/\",\"url\":\"https:\/\/www.estrategiaconcursos.com.br\/blog\/concurso-guarda-caieiras-sp\/\",\"name\":\"Concurso Guarda Caieiras SP: inscri\u00e7\u00f5es encerradas! certame oferta 70 vagas\",\"isPartOf\":{\"@id\":\"https:\/\/www.estrategiaconcursos.com.br\/blog\/#website\"},\"primaryImageOfPage\":{\"@id\":\"https:\/\/www.estrategiaconcursos.com.br\/blog\/concurso-guarda-caieiras-sp\/#primaryimage\"},\"image\":{\"@id\":\"https:\/\/www.estrategiaconcursos.com.br\/blog\/concurso-guarda-caieiras-sp\/#primaryimage\"},\"thumbnailUrl\":\"https:\/\/dhg1h5j42swfq.cloudfront.net\/2019\/09\/16120248\/Guarda-Municipal-Caieiras.png\",\"datePublished\":\"2019-09-16T03:00:36+00:00\",\"dateModified\":\"2023-10-19T20:38:28+00:00\",\"description\":\"Concurso Guarda Caieiras: o munic\u00edpio de Caieiras ter\u00e1 um novo certame com 70 vagas para Guarda Municipal, as inscri\u00e7\u00f5es come\u00e7am no dia 16 de setembro.\",\"breadcrumb\":{\"@id\":\"https:\/\/www.estrategiaconcursos.com.br\/blog\/concurso-guarda-caieiras-sp\/#breadcrumb\"},\"inLanguage\":\"pt-BR\",\"potentialAction\":[{\"@type\":\"ReadAction\",\"target\":[\"https:\/\/www.estrategiaconcursos.com.br\/blog\/concurso-guarda-caieiras-sp\/\"]}]},{\"@type\":\"ImageObject\",\"inLanguage\":\"pt-BR\",\"@id\":\"https:\/\/www.estrategiaconcursos.com.br\/blog\/concurso-guarda-caieiras-sp\/#primaryimage\",\"url\":\"https:\/\/dhg1h5j42swfq.cloudfront.net\/2019\/09\/16120248\/Guarda-Municipal-Caieiras.png\",\"contentUrl\":\"https:\/\/dhg1h5j42swfq.cloudfront.net\/2019\/09\/16120248\/Guarda-Municipal-Caieiras.png\",\"width\":1200,\"height\":628},{\"@type\":\"BreadcrumbList\",\"@id\":\"https:\/\/www.estrategiaconcursos.com.br\/blog\/concurso-guarda-caieiras-sp\/#breadcrumb\",\"itemListElement\":[{\"@type\":\"ListItem\",\"position\":1,\"name\":\"In\u00edcio\",\"item\":\"https:\/\/www.estrategiaconcursos.com.br\/blog\/\"},{\"@type\":\"ListItem\",\"position\":2,\"name\":\"Concurso Guarda Caieiras SP: inscri\u00e7\u00f5es encerradas! certame oferta 70 vagas\"}]},{\"@type\":\"WebSite\",\"@id\":\"https:\/\/www.estrategiaconcursos.com.br\/blog\/#website\",\"url\":\"https:\/\/www.estrategiaconcursos.com.br\/blog\/\",\"name\":\"Estrat\u00e9gia Concursos\",\"description\":\"O blog da Estrat\u00e9gia Concursos traz not\u00edcias sobre concursos e artigos de professores oferecendo cursos para concursos (pdf + videaulas) no site.\",\"publisher\":{\"@id\":\"https:\/\/www.estrategiaconcursos.com.br\/blog\/#organization\"},\"potentialAction\":[{\"@type\":\"SearchAction\",\"target\":{\"@type\":\"EntryPoint\",\"urlTemplate\":\"https:\/\/www.estrategiaconcursos.com.br\/blog\/?s={search_term_string}\"},\"query-input\":{\"@type\":\"PropertyValueSpecification\",\"valueRequired\":true,\"valueName\":\"search_term_string\"}}],\"inLanguage\":\"pt-BR\"},{\"@type\":\"Organization\",\"@id\":\"https:\/\/www.estrategiaconcursos.com.br\/blog\/#organization\",\"name\":\"Estrat\u00e9gia Concursos\",\"url\":\"https:\/\/www.estrategiaconcursos.com.br\/blog\/\",\"logo\":{\"@type\":\"ImageObject\",\"inLanguage\":\"pt-BR\",\"@id\":\"https:\/\/www.estrategiaconcursos.com.br\/blog\/#\/schema\/logo\/image\/\",\"url\":\"https:\/\/dhg1h5j42swfq.cloudfront.net\/2025\/06\/03203428\/logo_concursos-1.jpg\",\"contentUrl\":\"https:\/\/dhg1h5j42swfq.cloudfront.net\/2025\/06\/03203428\/logo_concursos-1.jpg\",\"width\":230,\"height\":60,\"caption\":\"Estrat\u00e9gia Concursos\"},\"image\":{\"@id\":\"https:\/\/www.estrategiaconcursos.com.br\/blog\/#\/schema\/logo\/image\/\"},\"sameAs\":[\"https:\/\/x.com\/EstratConcursos\"]},{\"@type\":\"Person\",\"@id\":\"https:\/\/www.estrategiaconcursos.com.br\/blog\/#\/schema\/person\/b4a388c97673c5f483d72185668afa1f\",\"name\":\"Coordena\u00e7\u00e3o\",\"image\":{\"@type\":\"ImageObject\",\"inLanguage\":\"pt-BR\",\"@id\":\"https:\/\/secure.gravatar.com\/avatar\/b720319e4c9a967eb58678d110f4fe35452fc5d5f97b202bac7b8acceb18c6ad?s=96&d=mm&r=g\",\"url\":\"https:\/\/secure.gravatar.com\/avatar\/b720319e4c9a967eb58678d110f4fe35452fc5d5f97b202bac7b8acceb18c6ad?s=96&d=mm&r=g\",\"contentUrl\":\"https:\/\/secure.gravatar.com\/avatar\/b720319e4c9a967eb58678d110f4fe35452fc5d5f97b202bac7b8acceb18c6ad?s=96&d=mm&r=g\",\"caption\":\"Coordena\u00e7\u00e3o\"},\"sameAs\":[\"https:\/\/www.facebook.com\/EstrategiaConcursos\",\"https:\/\/x.com\/EstratConcursos\"],\"url\":\"https:\/\/www.estrategiaconcursos.com.br\/blog\/author\/estrategia2013\/\"}]}<\/script>\n<!-- \/ Yoast SEO Premium plugin. -->","yoast_head_json":{"title":"Concurso Guarda Caieiras SP: inscri\u00e7\u00f5es encerradas! certame oferta 70 vagas","description":"Concurso Guarda Caieiras: o munic\u00edpio de Caieiras ter\u00e1 um novo certame com 70 vagas para Guarda Municipal, as inscri\u00e7\u00f5es come\u00e7am no dia 16 de setembro.","robots":{"index":"index","follow":"follow","max-snippet":"max-snippet:-1","max-image-preview":"max-image-preview:large","max-video-preview":"max-video-preview:-1"},"canonical":"https:\/\/www.estrategiaconcursos.com.br\/blog\/concurso-guarda-caieiras-sp\/","og_locale":"pt_BR","og_type":"article","og_title":"Concurso Guarda Caieiras SP: inscri\u00e7\u00f5es encerradas! certame oferta 70 vagas","og_description":"Concurso Guarda Caieiras: o munic\u00edpio de Caieiras ter\u00e1 um novo certame com 70 vagas para Guarda Municipal, as inscri\u00e7\u00f5es come\u00e7am no dia 16 de setembro.","og_url":"https:\/\/www.estrategiaconcursos.com.br\/blog\/concurso-guarda-caieiras-sp\/","og_site_name":"Estrat\u00e9gia Concursos","article_author":"https:\/\/www.facebook.com\/EstrategiaConcursos","article_published_time":"2019-09-16T03:00:36+00:00","article_modified_time":"2023-10-19T20:38:28+00:00","og_image":[{"width":1200,"height":628,"url":"https:\/\/dhg1h5j42swfq.cloudfront.net\/2019\/09\/16120248\/Guarda-Municipal-Caieiras.png","type":"image\/png"}],"author":"Coordena\u00e7\u00e3o","twitter_card":"summary_large_image","twitter_creator":"@EstratConcursos","twitter_site":"@EstratConcursos","twitter_misc":{"Escrito por":"Coordena\u00e7\u00e3o","Est. tempo de leitura":"6 minutos"},"schema":{"@context":"https:\/\/schema.org","@graph":[{"@type":"NewsArticle","@id":"https:\/\/www.estrategiaconcursos.com.br\/blog\/concurso-guarda-caieiras-sp\/#article","isPartOf":{"@id":"https:\/\/www.estrategiaconcursos.com.br\/blog\/concurso-guarda-caieiras-sp\/"},"author":{"name":"Coordena\u00e7\u00e3o","@id":"https:\/\/www.estrategiaconcursos.com.br\/blog\/#\/schema\/person\/b4a388c97673c5f483d72185668afa1f"},"headline":"Concurso Guarda Caieiras SP: inscri\u00e7\u00f5es encerradas! certame oferta 70 vagas","datePublished":"2019-09-16T03:00:36+00:00","dateModified":"2023-10-19T20:38:28+00:00","mainEntityOfPage":{"@id":"https:\/\/www.estrategiaconcursos.com.br\/blog\/concurso-guarda-caieiras-sp\/"},"wordCount":1279,"commentCount":6,"publisher":{"@id":"https:\/\/www.estrategiaconcursos.com.br\/blog\/#organization"},"image":{"@id":"https:\/\/www.estrategiaconcursos.com.br\/blog\/concurso-guarda-caieiras-sp\/#primaryimage"},"thumbnailUrl":"https:\/\/dhg1h5j42swfq.cloudfront.net\/2019\/09\/16120248\/Guarda-Municipal-Caieiras.png","articleSection":["Concursos P\u00fablicos"],"inLanguage":"pt-BR","potentialAction":[{"@type":"CommentAction","name":"Comment","target":["https:\/\/www.estrategiaconcursos.com.br\/blog\/concurso-guarda-caieiras-sp\/#respond"]}],"copyrightYear":"2019","copyrightHolder":{"@id":"https:\/\/www.estrategiaconcursos.com.br\/blog\/#organization"}},{"@type":"WebPage","@id":"https:\/\/www.estrategiaconcursos.com.br\/blog\/concurso-guarda-caieiras-sp\/","url":"https:\/\/www.estrategiaconcursos.com.br\/blog\/concurso-guarda-caieiras-sp\/","name":"Concurso Guarda Caieiras SP: inscri\u00e7\u00f5es encerradas! certame oferta 70 vagas","isPartOf":{"@id":"https:\/\/www.estrategiaconcursos.com.br\/blog\/#website"},"primaryImageOfPage":{"@id":"https:\/\/www.estrategiaconcursos.com.br\/blog\/concurso-guarda-caieiras-sp\/#primaryimage"},"image":{"@id":"https:\/\/www.estrategiaconcursos.com.br\/blog\/concurso-guarda-caieiras-sp\/#primaryimage"},"thumbnailUrl":"https:\/\/dhg1h5j42swfq.cloudfront.net\/2019\/09\/16120248\/Guarda-Municipal-Caieiras.png","datePublished":"2019-09-16T03:00:36+00:00","dateModified":"2023-10-19T20:38:28+00:00","description":"Concurso Guarda Caieiras: o munic\u00edpio de Caieiras ter\u00e1 um novo certame com 70 vagas para Guarda Municipal, as inscri\u00e7\u00f5es come\u00e7am no dia 16 de setembro.","breadcrumb":{"@id":"https:\/\/www.estrategiaconcursos.com.br\/blog\/concurso-guarda-caieiras-sp\/#breadcrumb"},"inLanguage":"pt-BR","potentialAction":[{"@type":"ReadAction","target":["https:\/\/www.estrategiaconcursos.com.br\/blog\/concurso-guarda-caieiras-sp\/"]}]},{"@type":"ImageObject","inLanguage":"pt-BR","@id":"https:\/\/www.estrategiaconcursos.com.br\/blog\/concurso-guarda-caieiras-sp\/#primaryimage","url":"https:\/\/dhg1h5j42swfq.cloudfront.net\/2019\/09\/16120248\/Guarda-Municipal-Caieiras.png","contentUrl":"https:\/\/dhg1h5j42swfq.cloudfront.net\/2019\/09\/16120248\/Guarda-Municipal-Caieiras.png","width":1200,"height":628},{"@type":"BreadcrumbList","@id":"https:\/\/www.estrategiaconcursos.com.br\/blog\/concurso-guarda-caieiras-sp\/#breadcrumb","itemListElement":[{"@type":"ListItem","position":1,"name":"In\u00edcio","item":"https:\/\/www.estrategiaconcursos.com.br\/blog\/"},{"@type":"ListItem","position":2,"name":"Concurso Guarda Caieiras SP: inscri\u00e7\u00f5es encerradas! certame oferta 70 vagas"}]},{"@type":"WebSite","@id":"https:\/\/www.estrategiaconcursos.com.br\/blog\/#website","url":"https:\/\/www.estrategiaconcursos.com.br\/blog\/","name":"Estrat\u00e9gia Concursos","description":"O blog da Estrat\u00e9gia Concursos traz not\u00edcias sobre concursos e artigos de professores oferecendo cursos para concursos (pdf + videaulas) no site.","publisher":{"@id":"https:\/\/www.estrategiaconcursos.com.br\/blog\/#organization"},"potentialAction":[{"@type":"SearchAction","target":{"@type":"EntryPoint","urlTemplate":"https:\/\/www.estrategiaconcursos.com.br\/blog\/?s={search_term_string}"},"query-input":{"@type":"PropertyValueSpecification","valueRequired":true,"valueName":"search_term_string"}}],"inLanguage":"pt-BR"},{"@type":"Organization","@id":"https:\/\/www.estrategiaconcursos.com.br\/blog\/#organization","name":"Estrat\u00e9gia Concursos","url":"https:\/\/www.estrategiaconcursos.com.br\/blog\/","logo":{"@type":"ImageObject","inLanguage":"pt-BR","@id":"https:\/\/www.estrategiaconcursos.com.br\/blog\/#\/schema\/logo\/image\/","url":"https:\/\/dhg1h5j42swfq.cloudfront.net\/2025\/06\/03203428\/logo_concursos-1.jpg","contentUrl":"https:\/\/dhg1h5j42swfq.cloudfront.net\/2025\/06\/03203428\/logo_concursos-1.jpg","width":230,"height":60,"caption":"Estrat\u00e9gia Concursos"},"image":{"@id":"https:\/\/www.estrategiaconcursos.com.br\/blog\/#\/schema\/logo\/image\/"},"sameAs":["https:\/\/x.com\/EstratConcursos"]},{"@type":"Person","@id":"https:\/\/www.estrategiaconcursos.com.br\/blog\/#\/schema\/person\/b4a388c97673c5f483d72185668afa1f","name":"Coordena\u00e7\u00e3o","image":{"@type":"ImageObject","inLanguage":"pt-BR","@id":"https:\/\/secure.gravatar.com\/avatar\/b720319e4c9a967eb58678d110f4fe35452fc5d5f97b202bac7b8acceb18c6ad?s=96&d=mm&r=g","url":"https:\/\/secure.gravatar.com\/avatar\/b720319e4c9a967eb58678d110f4fe35452fc5d5f97b202bac7b8acceb18c6ad?s=96&d=mm&r=g","contentUrl":"https:\/\/secure.gravatar.com\/avatar\/b720319e4c9a967eb58678d110f4fe35452fc5d5f97b202bac7b8acceb18c6ad?s=96&d=mm&r=g","caption":"Coordena\u00e7\u00e3o"},"sameAs":["https:\/\/www.facebook.com\/EstrategiaConcursos","https:\/\/x.com\/EstratConcursos"],"url":"https:\/\/www.estrategiaconcursos.com.br\/blog\/author\/estrategia2013\/"}]}},"_links":{"self":[{"href":"https:\/\/www.estrategiaconcursos.com.br\/blog\/wp-json\/wp\/v2\/posts\/418761","targetHints":{"allow":["GET"]}}],"collection":[{"href":"https:\/\/www.estrategiaconcursos.com.br\/blog\/wp-json\/wp\/v2\/posts"}],"about":[{"href":"https:\/\/www.estrategiaconcursos.com.br\/blog\/wp-json\/wp\/v2\/types\/post"}],"author":[{"embeddable":true,"href":"https:\/\/www.estrategiaconcursos.com.br\/blog\/wp-json\/wp\/v2\/users\/1"}],"replies":[{"embeddable":true,"href":"https:\/\/www.estrategiaconcursos.com.br\/blog\/wp-json\/wp\/v2\/comments?post=418761"}],"version-history":[{"count":11,"href":"https:\/\/www.estrategiaconcursos.com.br\/blog\/wp-json\/wp\/v2\/posts\/418761\/revisions"}],"predecessor-version":[{"id":1295151,"href":"https:\/\/www.estrategiaconcursos.com.br\/blog\/wp-json\/wp\/v2\/posts\/418761\/revisions\/1295151"}],"wp:featuredmedia":[{"embeddable":true,"href":"https:\/\/www.estrategiaconcursos.com.br\/blog\/wp-json\/wp\/v2\/media\/420352"}],"wp:attachment":[{"href":"https:\/\/www.estrategiaconcursos.com.br\/blog\/wp-json\/wp\/v2\/media?parent=418761"}],"wp:term":[{"taxonomy":"category","embeddable":true,"href":"https:\/\/www.estrategiaconcursos.com.br\/blog\/wp-json\/wp\/v2\/categories?post=418761"},{"taxonomy":"post_tag","embeddable":true,"href":"https:\/\/www.estrategiaconcursos.com.br\/blog\/wp-json\/wp\/v2\/tags?post=418761"},{"taxonomy":"tax_estado","embeddable":true,"href":"https:\/\/www.estrategiaconcursos.com.br\/blog\/wp-json\/wp\/v2\/tax_estado?post=418761"}],"curies":[{"name":"wp","href":"https:\/\/api.w.org\/{rel}","templated":true}]}}