{"id":418718,"date":"2025-12-23T12:04:00","date_gmt":"2025-12-23T15:04:00","guid":{"rendered":"https:\/\/www.estrategiaconcursos.com.br\/blog\/?p=418718"},"modified":"2026-02-06T13:19:47","modified_gmt":"2026-02-06T16:19:47","slug":"concurso-trf-6","status":"publish","type":"post","link":"https:\/\/www.estrategiaconcursos.com.br\/blog\/concurso-trf-6\/","title":{"rendered":"Concurso TRF 6: veja os novos sal\u00e1rios para 2026!"},"content":{"rendered":"<p><center><a id=\"cta-icon\" href=\"https:\/\/sndflw.com\/i\/trf6-grupo\" target=\"_blank\" style=\"background:#29a61a; display:inline-flex; align-items:center; padding:10px 15px; border-radius:6px; color:#fff; text-decoration:none; font-weight:500; font-size:15px;\"><img decoding=\"async\" src=\"https:\/\/dhg1h5j42swfq.cloudfront.net\/2023\/12\/07154107\/whatsapp_13851.png\" alt=\"\" style=\"width:20px; height:20px; margin-right:8px;\"><span>Acesse agora o Grupo de Estudos para o Concurso TRF 6<\/span><\/a><\/center><\/p>\n\n\n\n<p>A homologa\u00e7\u00e3o do concurso do <a href=\"https:\/\/www.estrategiaconcursos.com.br\/cursosPorConcurso\/trf-6-regiao-minas-gerais\/\">Tribunal Regional Federal da 6\u00aa Regi\u00e3o (TRF 6)<\/a> ocorreu no dia 31 de julho de 2025. Isso significa que ocorrer\u00e1, em breve, a convoca\u00e7\u00e3o dos aprovados.<\/p>\n\n\n\n<p>Ao todo, foram registradas <a href=\"https:\/\/www.estrategiaconcursos.com.br\/blog\/concurso-trf-6-inscritos\/\">53.683 inscri\u00e7\u00f5es<\/a>, sendo que 40.216 foram realizadas na categoria ampla concorr\u00eancia.<\/p>\n\n\n\n<p>As <strong>oportunidades foram em cadastro reserva para T\u00e9cnico e Analista Judici\u00e1rio, de n\u00edvel superior, <\/strong>e os sal\u00e1rios iniciais variam de <strong>R$ 8.529,67 a R$ 13.994,78<\/strong>, al\u00e9m de benef\u00edcios (valores do edital).<\/p>\n\n\n\n<p>Com a san\u00e7\u00e3o da&nbsp;<strong>Lei 15293\/25<\/strong>&nbsp;pelo governo federal, os servidores aprovados no concurso do&nbsp;<strong>TRF <\/strong>6&nbsp;contar\u00e3o com uma atualiza\u00e7\u00e3o salarial a partir de&nbsp;<strong>julho de 2026<\/strong>.&nbsp;<\/p>\n\n\n\n<p>O novo dispositivo legal prev\u00ea um&nbsp;<strong>reajuste de 8%<\/strong>&nbsp;sobre os vencimentos da Justi\u00e7a Federal. Dessa forma, os novos valores para a remunera\u00e7\u00e3o inicial ser\u00e3o estabelecidos da seguinte maneira:<\/p>\n\n\n\n<p>\u2022&nbsp;<strong>T\u00e9cnico Judici\u00e1rio:<\/strong>&nbsp;R$ 9.776,74.<\/p>\n\n\n\n<p>\u2022&nbsp;<strong>Analista Judici\u00e1rio:<\/strong>&nbsp;R$ 16.041,21.<\/p>\n\n\n\n<p>Veja todos os detalhes ao longo do artigo!<\/p>\n\n\n\n<ul class=\"wp-block-list has-blush-light-purple-gradient-background has-background\">\n<li><strong>Concurso TRF 6<\/strong><\/li>\n\n\n\n<li><strong>Status<\/strong>: homologado <\/li>\n\n\n\n<li><strong>Banca<\/strong>: <a href=\"https:\/\/www.cebraspe.org.br\" target=\"_blank\" rel=\"noreferrer noopener\">Cebraspe<\/a><\/li>\n\n\n\n<li><strong>Requisitos:<\/strong> n\u00edvel superior <\/li>\n\n\n\n<li><strong>Sal\u00e1rios:<\/strong> R$ 8.529,67 a R$ 13.994,78 (conforme edital)<\/li>\n\n\n\n<li><strong>Sal\u00e1rios a partir de Jul. de 2026:&nbsp;<\/strong>R$ 9.776,74 (T\u00e9cnico) \/ R$ 16.041,21 (Analista)<\/li>\n\n\n\n<li><strong>Vagas<\/strong>: CR<\/li>\n\n\n\n<li><strong>Edital<\/strong>: <a href=\"https:\/\/www.in.gov.br\/web\/dou\/-\/edital-n-1-trf-da-6-regiao-de-10-de-outubro-de-2024-589701777\" target=\"_blank\" rel=\"noreferrer noopener\">TRF 6 2024<\/a> \/ <a href=\"https:\/\/www.in.gov.br\/web\/dou\/-\/edital-n-2-trf-da-6-regiao-de-15-de-outubro-de-2024-590411781\" target=\"_blank\" rel=\"noreferrer noopener\">Retifica\u00e7\u00e3o<\/a><\/li>\n<\/ul>\n\n\n\n<p>A fim de te deixar sempre bem informado, elaboramos este artigo com as principais informa\u00e7\u00f5es e novidades sobre o&nbsp;<strong>concurso TRF 6<\/strong>. Acompanhe os t\u00f3picos abaixo e n\u00e3o perca nenhum detalhe:<\/p>\n\n\n\n<ul class=\"wp-block-list\">\n<li><a href=\"#atual\"><strong>Situa\u00e7\u00e3o atual do concurso<\/strong><\/a><\/li>\n\n\n\n<li><a href=\"#cargos-vagas-e-remuneracoes\"><strong>Cargos, vagas e remunera\u00e7\u00f5es<\/strong><\/a><\/li>\n\n\n\n<li><a href=\"#requisitos\"><strong>Requisitos<\/strong><\/a><\/li>\n\n\n\n<li><a href=\"#etapas-e-provas\"><strong>Etapas e provas<\/strong><\/a><\/li>\n\n\n\n<li><a href=\"#salarios\"><strong>Sal\u00e1rios<\/strong><\/a><\/li>\n\n\n\n<li><a href=\"#cargos-vagos\"><strong>Cargos vagos<\/strong><\/a><\/li>\n\n\n\n<li><a href=\"#jurisdicao-do-trf-6\"><strong>Jurisdi\u00e7\u00e3o do TRF 6<\/strong><\/a><\/li>\n\n\n\n<li><strong><a href=\"#curso\">Cursos e Assinaturas<\/a><\/strong><\/li>\n\n\n\n<li><strong><a href=\"#ficha\">Ficha T\u00e9cnica<\/a><\/strong><\/li>\n<\/ul>\n\n\n\n<div class=\"container\" id=\"boxes\">\n  <div class=\"row\">\n\n    <div class=\"col-sm\">\n      <div class=\"banner-tribunal\" id=\"box-assinatura\">\n        <h2 class=\"titulo-assinatura\">Curso TRF6<\/h2>\n        <p class=\"subtitulo-assinatura\">Conhe\u00e7a os cursos<\/p>\n        <div class=\"box-botao\">\n          <a class=\"btn-assinatura\" target=\"_blank\" href=\"https:\/\/www.estrategiaconcursos.com.br\/cursosPorConcurso\/trf-6-regiao-minas-gerais\/\" role=\"button\" rel=\"noopener noreferrer\">Conhe\u00e7a mais<\/a>\n        <\/div>\n      <\/div>\n      <p class=\"texto-auxiliar\">Prepare-se com o melhor material e com quem mais aprova em Concursos P\u00fablicos em todo o pa\u00eds.<\/p>\n    <\/div>\n\n  <\/div>\n<\/div>\n\n\n\n<h2 class=\"wp-block-heading\" id=\"atual\">Concurso TRF 6: situa\u00e7\u00e3o atual<\/h2>\n\n\n\n<h3 class=\"wp-block-heading\" id=\"h-salarios-e-adicionais-de-qualificacao-reajustados\">Sal\u00e1rios e adicionais de qualifica\u00e7\u00e3o reajustados<\/h3>\n\n\n\n<p>A Justi\u00e7a Federal teve o&nbsp;<a href=\"https:\/\/www.estrategiaconcursos.com.br\/blog\/lula-sancionou-reajuste-salarial-aos-servidores-para-2026\/\">reajuste salarial de 8%<\/a>&nbsp;para todas as carreiras sancionado pelo governo federal. Com isso, os sal\u00e1rios iniciais podem&nbsp;<strong>chegar a R$&nbsp;16.041,21<\/strong>, al\u00e9m de benef\u00edcios.<\/p>\n\n\n\n<p>O adicional de qualifica\u00e7\u00e3o tamb\u00e9m foi reajustado. Atualmente, um analista em final de carreira pode somar R$ 1.161,52 se tiver doutorado, por exemplo.&nbsp;<\/p>\n\n\n\n<p>Com a mudan\u00e7a, o valor vai para&nbsp;<strong>R$ 3.857,75<\/strong>&nbsp;a partir de 2026, considerando-se o reajuste de 8% a partir do pr\u00f3ximo ano, previsto na&nbsp;Lei 15.293, de 19 de dezembro de 2025.<\/p>\n\n\n\n<p>Tamb\u00e9m a partir de 2026, o mestrado valer\u00e1&nbsp;<strong>R$ 2.700,43 (contra os atuais R$ 929,21)<\/strong>. Essas duas qualifica\u00e7\u00f5es n\u00e3o podem ser acumuladas entre si e absorvem outras de valores menores.<\/p>\n\n\n\n<p>Com o reajuste, os vencimentos b\u00e1sicos iniciais para os cargos ficam com os seguintes valores a partir de julho de 2026:<\/p>\n\n\n\n<ul class=\"wp-block-list\">\n<li><strong>R$ 9.776,74 (T\u00e9cnico)&nbsp;<\/strong><\/li>\n\n\n\n<li><strong>R$ 16.041,21 (Analista)<\/strong><\/li>\n<\/ul>\n\n\n\n<p>Al\u00e9m do vencimento b\u00e1sico atualizado, os aprovados ter\u00e3o direito a benef\u00edcios como\u00a0<strong>aux\u00edlio pr\u00e9-escolar<\/strong>\u00a0no valor de\u00a0<strong><\/strong><strong>R$ 1.288,47<\/strong>, e\u00a0<strong>aux\u00edlio alimenta\u00e7\u00e3o<\/strong>\u00a0no valor de\u00a0<strong><\/strong><strong>R$ 1.860,51<\/strong>,\u00a0<strong>Aux\u00edlio-Natalidade<\/strong>\u00a0no valor de\u00a0<strong>R$718,58<\/strong>\u00a0e\u00a0<strong>Aux\u00edlio-Sa\u00fade\u00a0<\/strong>no valor de\u00a0<strong>R$579,39.<\/strong><\/p>\n\n\n\n<h3 class=\"wp-block-heading\" id=\"h-resultados\">Resultados<\/h3>\n\n\n\n<ul class=\"wp-block-list\">\n<li><a href=\"https:\/\/cdn.cebraspe.org.br\/concursos\/trf6_24\/arquivos\/ED_6_TRF6_24__RES_FINAL_OBJ_PROV_DISCURSIVA.PDF\">Resultado definitivo da objetiva e provis\u00f3rio discursiva<\/a>;<\/li>\n\n\n\n<li><a href=\"https:\/\/www.estrategiaconcursos.com.br\/blog\/concurso-trf-6-resultado-prova-discursiva\/\" target=\"_blank\" rel=\"noreferrer noopener\">Resultado definitivo da discursiva<\/a>;<\/li>\n\n\n\n<li><a href=\"https:\/\/cdn.cebraspe.org.br\/concursos\/TRF6_24\/arquivos\/Ed_11_TRF6_24__Res_final_hetero_taf_conv_desempate_ou_final_conc.pdf\">Resultado final do TAF<\/a>;<\/li>\n\n\n\n<li><a href=\"https:\/\/www.estrategiaconcursos.com.br\/blog\/concurso-trf6-resultado-desempate-de-notas\/\">Desempate de notas<\/a>;<\/li>\n\n\n\n<li><a href=\"https:\/\/dhg1h5j42swfq.cloudfront.net\/2025\/06\/13071422\/concurso-trf-6-resultado-final-no-concurso-publico.pdf\" target=\"_blank\" rel=\"noreferrer noopener\">Resultado Final do concurso<\/a>;<\/li>\n\n\n\n<li><a href=\"https:\/\/www.in.gov.br\/en\/web\/dou\/-\/edital-n-14-trf-da-6-regiao-de-30-de-julho-de-2025-645365080\" target=\"_blank\" rel=\"noreferrer noopener\">Homologa\u00e7\u00e3o<\/a>.<\/li>\n<\/ul>\n\n\n\n<h3 class=\"wp-block-heading\" id=\"h-demanda-de-inscritos\">Demanda de inscritos<\/h3>\n\n\n\n<p>O concurso do TRF 6 registrou <a href=\"https:\/\/www.estrategiaconcursos.com.br\/blog\/concurso-trf-6-inscritos\/\">53.683 inscri\u00e7\u00f5es<\/a>, sendo que 40.216 foram realizadas na categoria ampla concorr\u00eancia. As inscri\u00e7\u00f5es restantes, totalizando 13.467, est\u00e3o distribu\u00eddas entre pessoas com defici\u00eancia, com 2.258; candidatos negros, com 11.160 vagas; e ind\u00edgenas, com 49 inscritos.<\/p>\n\n\n\n<h2 class=\"wp-block-heading\" id=\"cargos-vagas\">Concurso TRF 6: cargos, vagas e remunera\u00e7\u00f5es<\/h2>\n\n\n\n<p>Abaixo est\u00e3o todos os detalhes dos cargos, vagas e sal\u00e1rios do edital TRF 6:<\/p>\n\n\n\n<h3 class=\"wp-block-heading\" id=\"h-tecnico\">T\u00e9cnico<\/h3>\n\n\n\n<figure class=\"wp-block-table is-style-stripes\"><table class=\"has-fixed-layout\"><thead><tr><th class=\"has-text-align-center\" data-align=\"center\">CARGOS<\/th><th class=\"has-text-align-center\" data-align=\"center\">VAGAS<\/th><th class=\"has-text-align-center\" data-align=\"center\">SAL\u00c1RIO<\/th><\/tr><\/thead><tbody><tr><td class=\"has-text-align-center\" data-align=\"center\">T\u00c9CNICO JUDICI\u00c1RIO &#8211; \u00c1REA: ADMINISTRATIVA &#8211; SEM ESPECIALIDADE<\/td><td class=\"has-text-align-center\" data-align=\"center\">CR<\/td><td class=\"has-text-align-center\" data-align=\"center\">&nbsp;R$ 8.529,67<\/td><\/tr><tr><td class=\"has-text-align-center\" data-align=\"center\">T\u00c9CNICO JUDICI\u00c1RIO &#8211; \u00c1REA: ADMINISTRATIVA &#8211; ESPECIALIDADE: AGENTE DA POL\u00cdCIA JUDICIAL<\/td><td class=\"has-text-align-center\" data-align=\"center\">CR<\/td><td class=\"has-text-align-center\" data-align=\"center\">&nbsp;R$ 8.529,67<\/td><\/tr><tr><td class=\"has-text-align-center\" data-align=\"center\">\u00c9CNICO JUDICI\u00c1RIO &#8211; \u00c1REA: APOIO ESPECIALIZADO &#8211; ESPECIALIDADE: CONTABILIDADE<\/td><td class=\"has-text-align-center\" data-align=\"center\">CR<\/td><td class=\"has-text-align-center\" data-align=\"center\">&nbsp;R$ 8.529,67<\/td><\/tr><tr><td class=\"has-text-align-center\" data-align=\"center\">T\u00c9CNICO JUDICI\u00c1RIO &#8211; \u00c1REA: APOIO ESPECIALIZADO &#8211; ESPECIALIDADE: DESENVOLVIMENTO DE SISTEMAS DE INFORMA\u00c7\u00c3O<\/td><td class=\"has-text-align-center\" data-align=\"center\">CR<\/td><td class=\"has-text-align-center\" data-align=\"center\">&nbsp;R$ 8.529,67<\/td><\/tr><tr><td class=\"has-text-align-center\" data-align=\"center\">T\u00c9CNICO JUDICI\u00c1RIO &#8211; \u00c1REA: APOIO ESPECIALIZADO &#8211; ESPECIALIDADE: SUPORTE T\u00c9CNICO<\/td><td class=\"has-text-align-center\" data-align=\"center\">CR<\/td><td class=\"has-text-align-center\" data-align=\"center\">&nbsp;R$ 8.529,67<\/td><\/tr><\/tbody><\/table><figcaption class=\"wp-element-caption\">Cargos, vagas e remunera\u00e7\u00f5es para T\u00e9cnico<\/figcaption><\/figure>\n\n\n\n<h3 class=\"wp-block-heading\" id=\"h-analista\">Analista <\/h3>\n\n\n\n<figure class=\"wp-block-table is-style-stripes\"><table class=\"has-fixed-layout\"><thead><tr><th class=\"has-text-align-center\" data-align=\"center\">CARGOS<\/th><th class=\"has-text-align-center\" data-align=\"center\">VAGAS<\/th><th class=\"has-text-align-center\" data-align=\"center\">SAL\u00c1RIO<\/th><\/tr><\/thead><tbody><tr><td class=\"has-text-align-center\" data-align=\"center\">&nbsp;ANALISTA JUDICI\u00c1RIO &#8211; \u00c1REA: ADMINISTRATIVA &#8211; SEM ESPECIALIDADE<\/td><td class=\"has-text-align-center\" data-align=\"center\">CR<\/td><td class=\"has-text-align-center\" data-align=\"center\">R$ 13.994,78&nbsp;<\/td><\/tr><tr><td class=\"has-text-align-center\" data-align=\"center\">ANALISTA JUDICI\u00c1RIO &#8211; \u00c1REA: APOIO ESPECIALIZADO &#8211; ESPECIALIDADE: AN\u00c1LISE DE DADOS<\/td><td class=\"has-text-align-center\" data-align=\"center\">CR<\/td><td class=\"has-text-align-center\" data-align=\"center\">R$ 13.994,78&nbsp;<\/td><\/tr><tr><td class=\"has-text-align-center\" data-align=\"center\">ANALISTA JUDICI\u00c1RIO &#8211; \u00c1REA: APOIO ESPECIALIZADO &#8211; ESPECIALIDADE: AN\u00c1LISE DE SISTEMAS DE INFORMA\u00c7\u00c3O<\/td><td class=\"has-text-align-center\" data-align=\"center\">CR<\/td><td class=\"has-text-align-center\" data-align=\"center\">R$ 13.994,78&nbsp;<\/td><\/tr><tr><td class=\"has-text-align-center\" data-align=\"center\">ANALISTA JUDICI\u00c1RIO &#8211; \u00c1REA: APOIO ESPECIALIZADO &#8211; ESPECIALIDADE: ARQUITETURA<\/td><td class=\"has-text-align-center\" data-align=\"center\">CR<\/td><td class=\"has-text-align-center\" data-align=\"center\">R$ 13.994,78&nbsp;<\/td><\/tr><tr><td class=\"has-text-align-center\" data-align=\"center\">ANALISTA JUDICI\u00c1RIO &#8211; \u00c1REA: APOIO ESPECIALIZADO &#8211; ESPECIALIDADE: ARQUIVOLOGIA<\/td><td class=\"has-text-align-center\" data-align=\"center\">CR<\/td><td class=\"has-text-align-center\" data-align=\"center\">R$ 13.994,78&nbsp;<\/td><\/tr><tr><td class=\"has-text-align-center\" data-align=\"center\">ANALISTA JUDICI\u00c1RIO &#8211; \u00c1REA: APOIO ESPECIALIZADO &#8211; ESPECIALIDADE: CONTABILIDADE<\/td><td class=\"has-text-align-center\" data-align=\"center\">CR<\/td><td class=\"has-text-align-center\" data-align=\"center\">R$ 13.994,78&nbsp;<\/td><\/tr><tr><td class=\"has-text-align-center\" data-align=\"center\">ANALISTA JUDICI\u00c1RIO &#8211; \u00c1REA: APOIO ESPECIALIZADO &#8211; ESPECIALIDADE: ENFERMAGEM<\/td><td class=\"has-text-align-center\" data-align=\"center\">CR<\/td><td class=\"has-text-align-center\" data-align=\"center\">R$ 13.994,78&nbsp;<\/td><\/tr><tr><td class=\"has-text-align-center\" data-align=\"center\">ANALISTA JUDICI\u00c1RIO &#8211; \u00c1REA: APOIO ESPECIALIZADO &#8211; ESPECIALIDADE: ENGENHARIA CIVIL<\/td><td class=\"has-text-align-center\" data-align=\"center\">CR<\/td><td class=\"has-text-align-center\" data-align=\"center\">R$ 13.994,78&nbsp;<\/td><\/tr><tr><td class=\"has-text-align-center\" data-align=\"center\">ANALISTA JUDICI\u00c1RIO &#8211; \u00c1REA: APOIO ESPECIALIZADO &#8211; ESPECIALIDADE: ENGENHARIA EL\u00c9TRICA<\/td><td class=\"has-text-align-center\" data-align=\"center\">CR<\/td><td class=\"has-text-align-center\" data-align=\"center\">R$ 13.994,78&nbsp;<\/td><\/tr><tr><td class=\"has-text-align-center\" data-align=\"center\">ANALISTA JUDICI\u00c1RIO &#8211; \u00c1REA: APOIO ESPECIALIZADO &#8211; ESPECIALIDADE: ENGENHARIA ELETR\u00d4NICA<\/td><td class=\"has-text-align-center\" data-align=\"center\">CR<\/td><td class=\"has-text-align-center\" data-align=\"center\">R$ 13.994,78&nbsp;<\/td><\/tr><tr><td class=\"has-text-align-center\" data-align=\"center\">ANALISTA JUDICI\u00c1RIO &#8211; \u00c1REA: APOIO ESPECIALIZADO &#8211; ESPECIALIDADE: ENGENHARIA MEC\u00c2NICA<\/td><td class=\"has-text-align-center\" data-align=\"center\">CR<\/td><td class=\"has-text-align-center\" data-align=\"center\">R$ 13.994,78&nbsp;<\/td><\/tr><tr><td class=\"has-text-align-center\" data-align=\"center\">&nbsp;ANALISTA JUDICI\u00c1RIO &#8211; \u00c1REA: APOIO ESPECIALIZADO &#8211; ESPECIALIDADE: ESTAT\u00cdSTICA<\/td><td class=\"has-text-align-center\" data-align=\"center\">CR<\/td><td class=\"has-text-align-center\" data-align=\"center\">R$ 13.994,78&nbsp;<\/td><\/tr><tr><td class=\"has-text-align-center\" data-align=\"center\">ANALISTA JUDICI\u00c1RIO &#8211; \u00c1REA: APOIO ESPECIALIZADO &#8211; ESPECIALIDADE: GOVERNAN\u00c7A E GEST\u00c3O DE TECNOLOGIA DA INFORMA\u00c7\u00c3O<\/td><td class=\"has-text-align-center\" data-align=\"center\">CR<\/td><td class=\"has-text-align-center\" data-align=\"center\">R$ 13.994,78&nbsp;<\/td><\/tr><tr><td class=\"has-text-align-center\" data-align=\"center\">&nbsp;ANALISTA JUDICI\u00c1RIO &#8211; \u00c1REA: APOIO ESPECIALIZADO &#8211; ESPECIALIDADE: MEDICINA (RAMO: CARDIOLOGIA)<\/td><td class=\"has-text-align-center\" data-align=\"center\">CR<\/td><td class=\"has-text-align-center\" data-align=\"center\">R$ 13.994,78&nbsp;<\/td><\/tr><tr><td class=\"has-text-align-center\" data-align=\"center\">ANALISTA JUDICI\u00c1RIO &#8211; \u00c1REA: APOIO ESPECIALIZADO &#8211; ESPECIALIDADE: MEDICINA (RAMO: CL\u00cdNICA GERAL)<\/td><td class=\"has-text-align-center\" data-align=\"center\">CR<\/td><td class=\"has-text-align-center\" data-align=\"center\">R$ 13.994,78&nbsp;<\/td><\/tr><tr><td class=\"has-text-align-center\" data-align=\"center\">ANALISTA JUDICI\u00c1RIO &#8211; \u00c1REA: APOIO ESPECIALIZADO &#8211; ESPECIALIDADE: MEDICINA (RAMO: MEDICINA DO TRABALHO)<\/td><td class=\"has-text-align-center\" data-align=\"center\">CR<\/td><td class=\"has-text-align-center\" data-align=\"center\">R$ 13.994,78&nbsp;<\/td><\/tr><tr><td class=\"has-text-align-center\" data-align=\"center\">ANALISTA JUDICI\u00c1RIO &#8211; \u00c1REA: APOIO ESPECIALIZADO &#8211; ESPECIALIDADE: MEDICINA (RAMO: ORTOPEDIA)<\/td><td class=\"has-text-align-center\" data-align=\"center\">CR<\/td><td class=\"has-text-align-center\" data-align=\"center\">R$ 13.994,78&nbsp;<\/td><\/tr><tr><td class=\"has-text-align-center\" data-align=\"center\">ANALISTA JUDICI\u00c1RIO &#8211; \u00c1REA: APOIO ESPECIALIZADO &#8211; ESPECIALIDADE: MEDICINA (RAMO: PSIQUIATRIA)<\/td><td class=\"has-text-align-center\" data-align=\"center\">CR<\/td><td class=\"has-text-align-center\" data-align=\"center\">R$ 13.994,78&nbsp;<\/td><\/tr><tr><td class=\"has-text-align-center\" data-align=\"center\">ANALISTA JUDICI\u00c1RIO &#8211; \u00c1REA: APOIO ESPECIALIZADO &#8211; ESPECIALIDADE: ODONTOLOGIA<\/td><td class=\"has-text-align-center\" data-align=\"center\">CR<\/td><td class=\"has-text-align-center\" data-align=\"center\">R$ 13.994,78&nbsp;<\/td><\/tr><tr><td class=\"has-text-align-center\" data-align=\"center\">NALISTA JUDICI\u00c1RIO &#8211; \u00c1REA: APOIO ESPECIALIZADO &#8211; ESPECIALIDADE: PSICOLOGIA<\/td><td class=\"has-text-align-center\" data-align=\"center\">CR<\/td><td class=\"has-text-align-center\" data-align=\"center\">R$ 13.994,78&nbsp;<\/td><\/tr><tr><td class=\"has-text-align-center\" data-align=\"center\">ANALISTA JUDICI\u00c1RIO &#8211; \u00c1REA: APOIO ESPECIALIZADO &#8211; ESPECIALIDADE: SERVI\u00c7O SOCIAL<\/td><td class=\"has-text-align-center\" data-align=\"center\">CR<\/td><td class=\"has-text-align-center\" data-align=\"center\">R$ 13.994,78&nbsp;<\/td><\/tr><tr><td class=\"has-text-align-center\" data-align=\"center\">ANALISTA JUDICI\u00c1RIO &#8211; \u00c1REA: APOIO ESPECIALIZADO &#8211; ESPECIALIDADE: TECNOLOGIA DA INFORMA\u00c7\u00c3O<\/td><td class=\"has-text-align-center\" data-align=\"center\">CR<\/td><td class=\"has-text-align-center\" data-align=\"center\">R$ 13.994,78&nbsp;<\/td><\/tr><tr><td class=\"has-text-align-center\" data-align=\"center\">ANALISTA JUDICI\u00c1RIO &#8211; \u00c1REA: JUDICI\u00c1RIA &#8211; SEM ESPECIALIDADE<\/td><td class=\"has-text-align-center\" data-align=\"center\">CR<\/td><td class=\"has-text-align-center\" data-align=\"center\">R$ 13.994,78&nbsp;<\/td><\/tr><\/tbody><\/table><figcaption class=\"wp-element-caption\">Cargos, vagas e remunera\u00e7\u00f5es para Analista<\/figcaption><\/figure>\n\n\n\n<p>Ressalta-se ainda que os Tribunais ainda pagar\u00e3o&nbsp;<strong>aux\u00edlio pr\u00e9-escolar<\/strong>&nbsp;no valor de&nbsp;<strong>R$ 1.178,82<\/strong>, e&nbsp;<strong>aux\u00edlio alimenta\u00e7\u00e3o<\/strong>&nbsp;no valor de&nbsp;<strong>R$ 1.393,10<\/strong>.&nbsp;<\/p>\n\n\n\n<h2 class=\"wp-block-heading\" id=\"h-concurso-trf-6-requisitos\">Concurso TRF 6: requisitos<\/h2>\n\n\n\n<p>Os candidatos devem atender aos seguintes requisitos:<\/p>\n\n\n\n<ul class=\"wp-block-list\">\n<li><strong>Analista Judici\u00e1rio \u2013 \u00c1rea: Administrativa \u2013 Sem Especialidade<\/strong>: Diploma de n\u00edvel superior em qualquer \u00e1rea de forma\u00e7\u00e3o.<\/li>\n\n\n\n<li><strong>Analista Judici\u00e1rio \u2013 \u00c1rea: Apoio Especializado \u2013 Especialidade: An\u00e1lise de Dados<\/strong>: N\u00edvel superior em Tecnologia da Informa\u00e7\u00e3o ou qualquer curso superior com p\u00f3s-gradua\u00e7\u00e3o na \u00e1rea de TI.<\/li>\n\n\n\n<li><strong>Analista Judici\u00e1rio \u2013 \u00c1rea: Apoio Especializado \u2013 Especialidade: An\u00e1lise de Sistemas de Informa\u00e7\u00e3o<\/strong>: diploma, devidamente registrado, de conclus\u00e3o de curso de n\u00edvel superior completo na \u00e1rea de Tecnologia da Informa\u00e7\u00e3o fornecido por institui\u00e7\u00e3o de ensino superior reconhecida pelo MEC; ou de n\u00edvel superior em qualquer \u00e1rea de forma\u00e7\u00e3o, acrescido de curso de p\u00f3s-gradua\u00e7\u00e3o em \u00e1rea de Tecnologia da Informa\u00e7\u00e3o, com no m\u00ednimo 360 horas, ambos fornecidos por institui\u00e7\u00e3o de ensino superior reconhecida pelo MEC..<\/li>\n\n\n\n<li><strong>Analista Judici\u00e1rio \u2013 \u00c1rea: Apoio Especializado \u2013 Especialidade: Arquitetura<\/strong>: Diploma de n\u00edvel superior em Arquitetura e registro no \u00f3rg\u00e3o de classe.<\/li>\n\n\n\n<li><strong>Analista Judici\u00e1rio \u2013 \u00c1rea: Apoio Especializado \u2013 Especialidade: Arquivologia<\/strong>: Diploma de n\u00edvel superior em Arquivologia e registro no \u00f3rg\u00e3o de classe.<\/li>\n\n\n\n<li><strong>Analista Judici\u00e1rio \u2013 \u00c1rea: Apoio Especializado \u2013 Especialidade: Contabilidade<\/strong>: Diploma de n\u00edvel superior em Ci\u00eancias Cont\u00e1beis e registro no \u00f3rg\u00e3o de classe.<\/li>\n\n\n\n<li><strong>Analista Judici\u00e1rio \u2013 \u00c1rea: Apoio Especializado \u2013 Especialidade: Enfermagem<\/strong>: Diploma de n\u00edvel superior em Enfermagem e registro no \u00f3rg\u00e3o de classe.<\/li>\n\n\n\n<li><strong>Analista Judici\u00e1rio \u2013 \u00c1rea: Apoio Especializado \u2013 Especialidade: Engenharia Civil<\/strong>: Diploma de n\u00edvel superior em Engenharia Civil e registro no \u00f3rg\u00e3o de classe.<\/li>\n\n\n\n<li><strong>Analista Judici\u00e1rio \u2013 \u00c1rea: Apoio Especializado \u2013 Especialidade: Engenharia El\u00e9trica<\/strong>: Diploma de n\u00edvel superior em Engenharia El\u00e9trica e registro no \u00f3rg\u00e3o de classe.<\/li>\n\n\n\n<li><strong>Analista Judici\u00e1rio \u2013 \u00c1rea: Apoio Especializado \u2013 Especialidade: Engenharia Eletr\u00f4nica<\/strong>: Diploma de n\u00edvel superior em Engenharia Eletr\u00f4nica e registro no \u00f3rg\u00e3o de classe.<\/li>\n\n\n\n<li><strong>Analista Judici\u00e1rio \u2013 \u00c1rea: Apoio Especializado \u2013 Especialidade: Engenharia Mec\u00e2nica<\/strong>: Diploma de n\u00edvel superior em Engenharia Mec\u00e2nica e registro no \u00f3rg\u00e3o de classe.<\/li>\n\n\n\n<li><strong>Analista Judici\u00e1rio \u2013 \u00c1rea: Apoio Especializado \u2013 Especialidade: Estat\u00edstica<\/strong>: Diploma de n\u00edvel superior em Estat\u00edstica e registro no \u00f3rg\u00e3o de classe.<\/li>\n\n\n\n<li><strong>Analista Judici\u00e1rio \u2013 \u00c1rea: Apoio Especializado \u2013 Especialidade: Governan\u00e7a e Gest\u00e3o de Tecnologia da Informa\u00e7\u00e3o<\/strong>: N\u00edvel superior em TI ou qualquer curso superior com p\u00f3s-gradua\u00e7\u00e3o em TI.<\/li>\n\n\n\n<li><strong>Analista Judici\u00e1rio \u2013 \u00c1rea: Apoio Especializado \u2013 Especialidade: Medicina (Cardiologia)<\/strong>: Diploma de Medicina com resid\u00eancia ou t\u00edtulo de especialista em Cardiologia.<\/li>\n\n\n\n<li><strong>Analista Judici\u00e1rio \u2013 \u00c1rea: Apoio Especializado \u2013 Especialidade: Medicina (Cl\u00ednica Geral)<\/strong>: Diploma de Medicina com resid\u00eancia ou t\u00edtulo de especialista em Cl\u00ednica M\u00e9dica.<\/li>\n\n\n\n<li><strong>Analista Judici\u00e1rio \u2013 \u00c1rea: Apoio Especializado \u2013 Especialidade: Medicina do Trabalho<\/strong>: Diploma de Medicina com resid\u00eancia ou t\u00edtulo de especialista em Medicina do Trabalho.<\/li>\n\n\n\n<li><strong>Analista Judici\u00e1rio \u2013 \u00c1rea: Apoio Especializado \u2013 Especialidade: Medicina (Ortopedia)<\/strong>: Diploma de Medicina com resid\u00eancia ou t\u00edtulo de especialista em Ortopedia.<\/li>\n\n\n\n<li><strong>Analista Judici\u00e1rio \u2013 \u00c1rea: Apoio Especializado \u2013 Especialidade: Medicina (Psiquiatria)<\/strong>: Diploma de Medicina com resid\u00eancia ou t\u00edtulo de especialista em Psiquiatria.<\/li>\n\n\n\n<li><strong>Analista Judici\u00e1rio \u2013 \u00c1rea: Apoio Especializado \u2013 Especialidade: Odontologia<\/strong>: Diploma de n\u00edvel superior em Odontologia e registro no \u00f3rg\u00e3o de classe.<\/li>\n\n\n\n<li><strong>Analista Judici\u00e1rio \u2013 \u00c1rea: Apoio Especializado \u2013 Especialidade: Psicologia<\/strong>: Diploma de n\u00edvel superior em Psicologia e registro no \u00f3rg\u00e3o de classe.<\/li>\n\n\n\n<li><strong>Analista Judici\u00e1rio \u2013 \u00c1rea: Apoio Especializado \u2013 Especialidade: Servi\u00e7o Social<\/strong>: Diploma de n\u00edvel superior em Servi\u00e7o Social e registro no \u00f3rg\u00e3o de classe.<\/li>\n\n\n\n<li><strong>Analista Judici\u00e1rio \u2013 \u00c1rea: Judici\u00e1ria \u2013 Sem Especialidade<\/strong>: Diploma de n\u00edvel superior em Direito.<\/li>\n\n\n\n<li><strong>T\u00e9cnico Judici\u00e1rio \u2013 \u00c1rea Administrativa \u2013 Sem especialidade:<\/strong> Diploma de conclus\u00e3o de curso de gradua\u00e7\u00e3o de n\u00edvel superior em qualquer \u00e1rea de forma\u00e7\u00e3o, fornecido por institui\u00e7\u00e3o de ensino superior reconhecida pelo MEC.<\/li>\n\n\n\n<li><strong>T\u00e9cnico Judici\u00e1rio \u2013 \u00c1rea Administrativa \u2013 Agente de Pol\u00edcia Judicial:<\/strong> Diploma de conclus\u00e3o de curso de n\u00edvel superior em qualquer \u00e1rea de forma\u00e7\u00e3o, fornecido por institui\u00e7\u00e3o de ensino superior reconhecida pelo MEC, e Carteira Nacional de Habilita\u00e7\u00e3o (CNH) \u2013 no m\u00ednimo categoria \u201cB\u201d.<\/li>\n\n\n\n<li><strong>T\u00e9cnico Judici\u00e1rio \u2013 \u00c1rea Apoio Especializado \u2013 Contabilidade:<\/strong> Diploma de conclus\u00e3o de curso de n\u00edvel superior em Contabilidade e registro no \u00f3rg\u00e3o de classe competente; ou n\u00edvel superior completo em qualquer \u00e1rea de forma\u00e7\u00e3o acad\u00eamica realizado em institui\u00e7\u00e3o de ensino superior reconhecida pelo MEC, acrescido de Curso T\u00e9cnico de Contabilidade, e registro no \u00f3rg\u00e3o de classe competente.<\/li>\n\n\n\n<li><strong>T\u00e9cnico Judici\u00e1rio \u2013 \u00c1rea Apoio Especializado \u2013 Desenvolvimento de Sistemas de Informa\u00e7\u00e3o:<\/strong> Diploma de conclus\u00e3o de curso de n\u00edvel superior completo em qualquer \u00e1rea de forma\u00e7\u00e3o, fornecido por institui\u00e7\u00e3o de ensino superior reconhecida pelo MEC, e habilita\u00e7\u00e3o espec\u00edfica em cursos de desenvolvimento de software, que somados apresentem carga-hor\u00e1ria m\u00ednima de 120 horas\/aula.<\/li>\n\n\n\n<li><strong>T\u00e9cnico Judici\u00e1rio -\u00c1rea Apoio Especializado \u2013 Suporte T\u00e9cnico:<\/strong> Diploma de conclus\u00e3o de curso de n\u00edvel superior completo em qualquer \u00e1rea de forma\u00e7\u00e3o, e habilita\u00e7\u00e3o espec\u00edfica em cursos de Tecnologia da Informa\u00e7\u00e3o em qualquer das seguintes \u00e1reas: tecnologias de rede, banco de dados, sistemas operacionais, seguran\u00e7a da informa\u00e7\u00e3o, tecnologias de colabora\u00e7\u00e3o e telecomunica\u00e7\u00f5es, que somados apresentem carga-hor\u00e1ria m\u00ednima de 120 horas\/aula.<\/li>\n<\/ul>\n\n\n\n<h2 class=\"wp-block-heading\" id=\"etapas\">Concurso TRF 6: etapas e provas<\/h2>\n\n\n\n<p>Sob organiza\u00e7\u00e3o da banca Cebraspe, os candidatos inscritos no edital do concurso TRF 6 foram avaliados por meio da aplica\u00e7\u00e3o das seguintes etapas:<\/p>\n\n\n\n<ul class=\"wp-block-list\">\n<li><strong>Prova Objetiva<\/strong> \u2013 eliminat\u00f3rio e classificat\u00f3rio;<\/li>\n\n\n\n<li><strong>Prova Discursiva<\/strong> \u2013 eliminat\u00f3rio e classificat\u00f3rio; e<\/li>\n\n\n\n<li><strong>Teste de Aptid\u00e3o F\u00edsica (TAF)<\/strong> para T\u00e9cnico &#8211; Agente de Pol\u00edcia Judicia l\u2013 eliminat\u00f3rio. <\/li>\n<\/ul>\n\n\n\n<h3 class=\"wp-block-heading\" id=\"objetiva\">Provas Objetivas<\/h3>\n\n\n\n<p>As fases do concurso est\u00e3o descritas nos quadros a seguir:<\/p>\n\n\n\n<p>EXCETO PARA O CARGO 25: T\u00c9CNICO JUDICI\u00c1RIO &#8211; \u00c1REA: ADMINISTRATIVA &#8211; ESPECIALIDADE: AGENTE DA POL\u00cdCIA JUDICIAL<\/p>\n\n\n\n<figure class=\"wp-block-table is-style-stripes\"><table class=\"has-fixed-layout\"><tbody><tr><td>PROVA\/TIPO<\/td><td>\u00c1REA DE CONHECIMENTO<\/td><td>N\u00daMERO DE ITENS\/QUEST\u00d5ES<\/td><td>CAR\u00c1TER<\/td><\/tr><tr><td>(<em>P<\/em>&nbsp;<sub>1<\/sub>&nbsp;) Objetiva<\/td><td>Conhecimentos gerais<\/td><td>50<\/td><td>Eliminat\u00f3rio e classificat\u00f3rio<\/td><\/tr><tr><td>(<em>P<\/em>&nbsp;<sub>2<\/sub>&nbsp;) Objetiva<\/td><td>Conhecimentos espec\u00edficos<\/td><td>70<\/td><td><\/td><\/tr><tr><td>(<em>P<\/em>&nbsp;<sub>3<\/sub>&nbsp;) Discursiva<\/td><td>&#8211;<\/td><td>&#8211;<\/td><td><\/td><\/tr><\/tbody><\/table><figcaption class=\"wp-element-caption\">Etapas e provas<\/figcaption><\/figure>\n\n\n\n<p>PARA O CARGO 25: T\u00c9CNICO JUDICI\u00c1RIO &#8211; \u00c1REA: ADMINISTRATIVA &#8211; ESPECIALIDADE: AGENTE DA POL\u00cdCIA JUDICIAL<\/p>\n\n\n\n<figure class=\"wp-block-table is-style-stripes\"><table class=\"has-fixed-layout\"><tbody><tr><td>PROVA\/TIPO<\/td><td>\u00c1REA DE CONHECIMENTO<\/td><td>N\u00daMERO DE ITENS<\/td><td>CAR\u00c1TER<\/td><\/tr><tr><td>(<em>P<\/em>&nbsp;<sub>1<\/sub>&nbsp;) Objetiva<\/td><td>Conhecimentos gerais<\/td><td>50<\/td><td>Eliminat\u00f3rio e classificat\u00f3rio<\/td><\/tr><tr><td>(<em>P<\/em>&nbsp;<sub>2<\/sub>&nbsp;) Objetiva<\/td><td>Conhecimentos espec\u00edficos<\/td><td>70<\/td><td><\/td><\/tr><tr><td>(<em>P<\/em>&nbsp;<sub>3<\/sub>&nbsp;) Discursiva<\/td><td>&#8211;<\/td><td>&#8211;<\/td><td><\/td><\/tr><tr><td>Teste de aptid\u00e3o f\u00edsica<\/td><td>&#8211;<\/td><td>&#8211;<\/td><td>Eliminat\u00f3rio<\/td><\/tr><\/tbody><\/table><figcaption class=\"wp-element-caption\">Etapas e provas<\/figcaption><\/figure>\n\n\n\n<p>As provas objetivas e a prova discursiva para os cargos 1 a 7, 12, 13, 19 a 21 e 22 de Analista Judici\u00e1rio tiveram a dura\u00e7\u00e3o de 4 horas e 30 minutos e ser\u00e3o aplicadas no turno da manh\u00e3.<\/p>\n\n\n\n<p>As provas objetivas e a prova discursiva para os cargos 8 a 11, 14 a 18 e 23 de Analista Judici\u00e1rio tiveram a dura\u00e7\u00e3o de 5 horas.<\/p>\n\n\n\n<p>As provas objetivas e a prova discursiva para os cargos de T\u00e9cnico Judici\u00e1rio tiveram a dura\u00e7\u00e3o de 4 horas e 30 minutos.<\/p>\n\n\n\n<h3 class=\"wp-block-heading\" id=\"discursiva\">Prova Discursiva<\/h3>\n\n\n\n<p>A prova discursiva para os cargos 1 a 7, 12, 13, 19 a 21 e 22 de Analista Judici\u00e1rio e para os cargos de T\u00e9cnico Judici\u00e1rio valeu 20,00 pontos e consistiu de uma reda\u00e7\u00e3o dissertativa, de at\u00e9 30 linhas, acerca de tema da atualidade comum a todas as \u00e1reas\/especialidades.<\/p>\n\n\n\n<p>A prova discursiva para os cargos 8 a 11, 14 a 18 e 23 de Analista Judici\u00e1rio valeu 30,00 pontos e consistiu de uma quest\u00e3o dissertativa, de at\u00e9 45 linhas, acerca de situa\u00e7\u00e3o problema relacionada a conhecimentos espec\u00edficos do cargo\/\u00e1rea\/especialidade.<\/p>\n\n\n\n<h3 class=\"wp-block-heading\" id=\"h-taf\">TAF <\/h3>\n\n\n\n<p>Ser\u00e3o convocados para o teste de aptid\u00e3o f\u00edsica todos os candidatos ao Cargo 25: T\u00e9cnico Judici\u00e1rio &#8211; \u00c1rea: Administrativa &#8211; Especialidade: Agente de Pol\u00edcia Judicial aprovados na prova discursiva.<\/p>\n\n\n\n<p>O candidato ser\u00e1 considerado apto ou inapto no teste de aptid\u00e3o f\u00edsica. O teste de aptid\u00e3o f\u00edsica consistir\u00e1 dos seguintes testes:<\/p>\n\n\n\n<ul class=\"wp-block-list\">\n<li>flex\u00e3o de bra\u00e7o na barra fixa (para os candidatos do sexo masculino) ou barra est\u00e1tica (candidatas do sexo feminino);<\/li>\n\n\n\n<li>flex\u00e3o abdominal; e<\/li>\n\n\n\n<li>corrida de 12 minutos.<\/li>\n<\/ul>\n\n\n\n<h2 class=\"wp-block-heading\" id=\"estrutura\">Como \u00e9 a estrutura do novo TRF 6?<\/h2>\n\n\n\n<h3 class=\"wp-block-heading\" id=\"cargos\">Cargos de servidores<\/h3>\n\n\n\n<figure class=\"wp-block-table is-style-stripes\"><table class=\"has-background has-fixed-layout\" style=\"background-color:#e7f5fe\"><tbody><tr><td class=\"has-text-align-center\" data-align=\"center\"><strong>Denomina\u00e7\u00e3o<\/strong><\/td><td class=\"has-text-align-center\" data-align=\"center\"><strong>1\u00ba Grau<\/strong><\/td><td class=\"has-text-align-center\" data-align=\"center\"><strong>2\u00ba Grau<\/strong><\/td><td class=\"has-text-align-center\" data-align=\"center\"><strong>Total<\/strong><\/td><\/tr><tr><td class=\"has-text-align-center\" data-align=\"center\"> Analista Judici\u00e1rio <\/td><td class=\"has-text-align-center\" data-align=\"center\">622<\/td><td class=\"has-text-align-center\" data-align=\"center\">199<\/td><td class=\"has-text-align-center\" data-align=\"center\">821<\/td><\/tr><tr><td class=\"has-text-align-center\" data-align=\"center\"> T\u00e9cnico Judici\u00e1rio <\/td><td class=\"has-text-align-center\" data-align=\"center\">903<\/td><td class=\"has-text-align-center\" data-align=\"center\">168<\/td><td class=\"has-text-align-center\" data-align=\"center\">1.071<\/td><\/tr><tr><td class=\"has-text-align-center\" data-align=\"center\"> Auxiliar Judici\u00e1rio  <\/td><td class=\"has-text-align-center\" data-align=\"center\">0<\/td><td class=\"has-text-align-center\" data-align=\"center\">10<\/td><td class=\"has-text-align-center\" data-align=\"center\">10<\/td><\/tr><tr><td class=\"has-text-align-center\" data-align=\"center\"><strong> Total <\/strong><\/td><td class=\"has-text-align-center\" data-align=\"center\">1.525<\/td><td class=\"has-text-align-center\" data-align=\"center\">377<\/td><td class=\"has-text-align-center\" data-align=\"center\">1.902<\/td><\/tr><\/tbody><\/table><figcaption class=\"wp-element-caption\">Distribui\u00e7\u00e3o dos cargos de servidores<\/figcaption><\/figure>\n\n\n\n<h3 class=\"wp-block-heading\" id=\"h-membros-da-magistratura\">Membros da Magistratura<\/h3>\n\n\n\n<figure class=\"wp-block-table is-style-stripes\"><table class=\"has-background has-fixed-layout\" style=\"background-color:#e7f5fe\"><tbody><tr><td class=\"has-text-align-center\" data-align=\"center\"><strong>Denomina\u00e7\u00e3o<\/strong><\/td><td><strong>1\u00ba Grau<\/strong><\/td><td><strong>2\u00ba Grau<\/strong><\/td><td><strong>Total<\/strong><\/td><\/tr><tr><td class=\"has-text-align-center\" data-align=\"center\"> Juiz de Tribunal Regional Federal  <\/td><td>&#8211;<\/td><td>18<\/td><td>18<\/td><\/tr><tr><td class=\"has-text-align-center\" data-align=\"center\"> Juiz Federal  <\/td><td>101<\/td><td>&#8211;<\/td><td>101<\/td><\/tr><tr><td class=\"has-text-align-center\" data-align=\"center\"> Juiz Federal Substituto <\/td><td>83<\/td><td>&#8211;<\/td><td>83<\/td><\/tr><tr><td class=\"has-text-align-center\" data-align=\"center\"><strong> Total <\/strong><\/td><td>184<\/td><td>18<\/td><td>202<\/td><\/tr><\/tbody><\/table><figcaption class=\"wp-element-caption\">Distribui\u00e7\u00e3o de cargos para Magistratura<\/figcaption><\/figure>\n\n\n\n<h2 class=\"wp-block-heading\" id=\"salarios\">Jurisdi\u00e7\u00e3o do TRF 6<\/h2>\n\n\n\n<p>O&nbsp;Tribunal Regional Federal da 6\u00aa Regi\u00e3o (TRF 6)&nbsp;tem jurisdi\u00e7\u00e3o sobre o estado de&nbsp;<strong>Minas Gerais<\/strong>.<\/p>\n\n\n\n<p>Ele foi criado para atender exclusivamente a essa unidade federativa, desmembrando-se do Tribunal Regional Federal da 1\u00aa Regi\u00e3o (TRF 1), que anteriormente tinha jurisdi\u00e7\u00e3o sobre Minas Gerais, al\u00e9m de outros estados.&nbsp;<\/p>\n\n\n\n<p><strong>Regi\u00e3o Central: <\/strong>TRF da 6\u00aa Regi\u00e3o (2\u00ba grau\/Belo Horizonte) e munic\u00edpios sedes das subse\u00e7\u00f5es judici\u00e1rias de Belo Horizonte, Divin\u00f3polis, Juiz de Fora, Ponte Nova, S\u00e3o Jo\u00e3o Del Rei, Sete Lagoas e Vi\u00e7osa;<\/p>\n\n\n\n<p><strong>Regi\u00e3o Sul:<\/strong> munic\u00edpios sedes das subse\u00e7\u00f5es judici\u00e1rias de Pouso Alegre, Lavras, Passos, Po\u00e7os de Caldas, S\u00e3o Sebasti\u00e3o do Para\u00edso e Varginha;<\/p>\n\n\n\n<p><strong>Regi\u00e3o Norte: <\/strong>munic\u00edpios sedes das subse\u00e7\u00f5es judici\u00e1rias de Montes Claros e Jana\u00faba;<\/p>\n\n\n\n<p><strong>Regi\u00e3o Leste: <\/strong>munic\u00edpios sedes das subse\u00e7\u00f5es judici\u00e1rias de Governador Valadares, Ipatinga, Manhua\u00e7u, Muria\u00e9 e Te\u00f3filo Otoni;<\/p>\n\n\n\n<p><strong>Regi\u00e3o Oeste: <\/strong>munic\u00edpios sedes das subse\u00e7\u00f5es judici\u00e1rias de Uberl\u00e2ndia, Uberaba, Ituiutaba, Paracatu, Una\u00ed e Patos de Minas.<\/p>\n\n\n\n<h2 class=\"wp-block-heading has-text-align-center\" id=\"h-quer-saber-tudo-sobre-concursos-previstos-confira-nossos-artigos\">Quer saber tudo sobre concursos previstos?<br \/>Confira nossos artigos!<\/h2>\n\n\n\n<ul class=\"wp-block-list\">\n<li><a href=\"https:\/\/www.estrategiaconcursos.com.br\/blog\/concursos-abertos\/\" target=\"_blank\" rel=\"noreferrer noopener\">Concursos abertos<\/a><\/li>\n\n\n\n<li><a href=\"https:\/\/www.estrategiaconcursos.com.br\/blog\/concursos-tribunais\/\">Concurso tribunais<\/a><\/li>\n\n\n\n<li><a href=\"https:\/\/www.estrategiaconcursos.com.br\/blog\/concursos-trf\/\">Concursos TRF<\/a><\/li>\n\n\n\n<li><a href=\"https:\/\/www.estrategiaconcursos.com.br\/blog\/concursos-2026\/\">Concursos 2026<\/a><\/li>\n<\/ul>\n\n\n\n<h2 class=\"wp-block-heading has-text-align-center\" id=\"curso\"><em>Como estudar para o concurso TRF 6?<\/em><\/h2>\n\n\n\n<p class=\"has-text-align-left\"><em>Gostou desta oportunidade e deseja come\u00e7ar se preparar agora mesmo? Ent\u00e3o, confira os nossos cursos e comece a estudar para o TRF6:<\/em><\/p>\n\n\n\n<div class=\"container\" id=\"boxes\">\n  <div class=\"row\">\n\n    <div class=\"col-sm\">\n      <div class=\"banner-tribunal\" id=\"box-assinatura\">\n        <h3 class=\"titulo-assinatura\">Curso TRF6<\/h3>\n        <p class=\"subtitulo-assinatura\">Conhe\u00e7a os cursos<\/p>\n        <div class=\"box-botao\">\n          <a class=\"btn-assinatura\" target=\"_blank\" href=\"https:\/\/www.estrategiaconcursos.com.br\/cursosPorConcurso\/trf-6-regiao-minas-gerais\/\" role=\"button\" rel=\"noopener noreferrer\">Conhe\u00e7a mais<\/a>\n        <\/div>\n      <\/div>\n      <p class=\"texto-auxiliar\">Prepare-se com o melhor material e com quem mais aprova em Concursos P\u00fablicos em todo o pa\u00eds.<\/p>\n    <\/div>\n\n  <\/div>\n<\/div>\n\n\n\n<div class=\"container\" id=\"boxes\">\n  <div class=\"row\">\n\n    <div class=\"col-sm\">\n      <div class=\"estrategia\" id=\"box-assinatura\">\n        <h3 class=\"titulo-assinatura\">Assinatura de Concursos<\/h3>\n        <p class=\"subtitulo-assinatura\">Assinatura de 1 ano ou 2 anos<\/p>\n        <div class=\"box-botao\">\n          <a class=\"btn-assinatura\" target=\"_blank\" href=\"https:\/\/www.estrategiaconcursos.com.br\/assinaturas\/\" role=\"button\" rel=\"noopener noreferrer\">ASSINE AGORA<\/a>\n        <\/div>\n      <\/div>\n     \n    <\/div><\/div><\/div>\n\n\n\n<figure class=\"wp-block-image size-large is-resized\"><img loading=\"lazy\" decoding=\"async\" width=\"1024\" height=\"632\" src=\"https:\/\/dhg1h5j42swfq.cloudfront.net\/2021\/04\/06113819\/ficha-tecnica-56-1024x632.png\" alt=\"Ficha do concurso TRF 6\" class=\"wp-image-708348\" style=\"aspect-ratio:1.6223776223776223;width:245px;height:auto\" srcset=\"https:\/\/dhg1h5j42swfq.cloudfront.net\/2021\/04\/06113819\/ficha-tecnica-56-1024x632.png 1024w, https:\/\/dhg1h5j42swfq.cloudfront.net\/2021\/04\/06113819\/ficha-tecnica-56-300x185.png 300w, https:\/\/dhg1h5j42swfq.cloudfront.net\/2021\/04\/06113819\/ficha-tecnica-56-768x474.png 768w, https:\/\/dhg1h5j42swfq.cloudfront.net\/2021\/04\/06113819\/ficha-tecnica-56-1536x948.png 1536w, https:\/\/dhg1h5j42swfq.cloudfront.net\/2021\/04\/06113819\/ficha-tecnica-56-610x377.png 610w, https:\/\/dhg1h5j42swfq.cloudfront.net\/2021\/04\/06113819\/ficha-tecnica-56.png 1571w\" sizes=\"auto, (max-width: 1024px) 100vw, 1024px\" \/><\/figure>\n\n\n\n<h4 class=\"wp-block-heading\" id=\"ficha\">Informa\u00e7\u00f5es do concurso TRF 6<\/h4>\n\n\n\n<ul class=\"wp-block-list\">\n<li><strong>Provas<\/strong>: <s>19\/01\/2025<\/s><\/li>\n\n\n\n<li><strong>Vagas<\/strong>: CR<\/li>\n\n\n\n<li><strong>Cargos<\/strong>: Analista e T\u00e9cnico <\/li>\n\n\n\n<li><strong>Banca<\/strong>: Cebraspe<\/li>\n\n\n\n<li><strong>Escolaridade<\/strong>: superior <\/li>\n\n\n\n<li><strong>Edital<\/strong>:&nbsp;<a href=\"https:\/\/www.in.gov.br\/web\/dou\/-\/edital-n-1-trf-da-6-regiao-de-10-de-outubro-de-2024-589701777\" target=\"_blank\" rel=\"noreferrer noopener\">TRF 6 2024<\/a><\/li>\n<\/ul>\n\n\n\n<p><\/p>\n","protected":false},"excerpt":{"rendered":"<p>A homologa\u00e7\u00e3o do concurso do Tribunal Regional Federal da 6\u00aa Regi\u00e3o (TRF 6) ocorreu no dia 31 de julho de 2025. Isso significa que ocorrer\u00e1, em breve, a convoca\u00e7\u00e3o dos aprovados. Ao todo, foram registradas 53.683 inscri\u00e7\u00f5es, sendo que 40.216 foram realizadas na categoria ampla concorr\u00eancia. As oportunidades foram em cadastro reserva para T\u00e9cnico e [&hellip;]<\/p>\n","protected":false},"author":1,"featured_media":1347125,"comment_status":"open","ping_status":"closed","sticky":false,"template":"","format":"standard","meta":{"post_tipo":"news_page","footnotes":""},"categories":[1984],"tags":[],"tax_estado":[219974],"class_list":["post-418718","post","type-post","status-publish","format-standard","has-post-thumbnail","hentry","category-tribunais","tax_estado-mg"],"acf":[],"yoast_head":"<!-- This site is optimized with the Yoast SEO Premium plugin v27.2 (Yoast SEO v27.2) - https:\/\/yoast.com\/product\/yoast-seo-premium-wordpress\/ -->\n<title>Concurso TRF 6: veja os novos sal\u00e1rios para 2026!<\/title>\n<meta name=\"description\" content=\"Concurso TRF 6: edital ofertou vagas em CR para T\u00e9cnico e Analista Judici\u00e1rio com remunera\u00e7\u00e3o de at\u00e9 R$13,9 mil. Resultado final dispon\u00edvel!\" \/>\n<meta name=\"robots\" content=\"index, follow, max-snippet:-1, max-image-preview:large, max-video-preview:-1\" \/>\n<link rel=\"canonical\" href=\"https:\/\/www.estrategiaconcursos.com.br\/blog\/concurso-trf-6\/\" \/>\n<meta property=\"og:locale\" content=\"pt_BR\" \/>\n<meta property=\"og:type\" content=\"article\" \/>\n<meta property=\"og:title\" content=\"Concurso TRF 6: veja os novos sal\u00e1rios para 2026!\" \/>\n<meta property=\"og:description\" content=\"Concurso TRF 6: edital ofertou vagas em CR para T\u00e9cnico e Analista Judici\u00e1rio com remunera\u00e7\u00e3o de at\u00e9 R$13,9 mil. Resultado final dispon\u00edvel!\" \/>\n<meta property=\"og:url\" content=\"https:\/\/www.estrategiaconcursos.com.br\/blog\/concurso-trf-6\/\" \/>\n<meta property=\"og:site_name\" content=\"Estrat\u00e9gia Concursos\" \/>\n<meta property=\"article:author\" content=\"https:\/\/www.facebook.com\/EstrategiaConcursos\" \/>\n<meta property=\"article:published_time\" content=\"2025-12-23T15:04:00+00:00\" \/>\n<meta property=\"article:modified_time\" content=\"2026-02-06T16:19:47+00:00\" \/>\n<meta property=\"og:image\" content=\"https:\/\/dhg1h5j42swfq.cloudfront.net\/2024\/02\/05111644\/trf-6.jpg\" \/>\n\t<meta property=\"og:image:width\" content=\"768\" \/>\n\t<meta property=\"og:image:height\" content=\"432\" \/>\n\t<meta property=\"og:image:type\" content=\"image\/jpeg\" \/>\n<meta name=\"author\" content=\"Coordena\u00e7\u00e3o\" \/>\n<meta name=\"twitter:card\" content=\"summary_large_image\" \/>\n<meta name=\"twitter:creator\" content=\"@EstratConcursos\" \/>\n<meta name=\"twitter:site\" content=\"@EstratConcursos\" \/>\n<meta name=\"twitter:label1\" content=\"Escrito por\" \/>\n\t<meta name=\"twitter:data1\" content=\"Coordena\u00e7\u00e3o\" \/>\n\t<meta name=\"twitter:label2\" content=\"Est. tempo de leitura\" \/>\n\t<meta name=\"twitter:data2\" content=\"3 minutos\" \/>\n<script type=\"application\/ld+json\" class=\"yoast-schema-graph\">{\"@context\":\"https:\/\/schema.org\",\"@graph\":[{\"@type\":\"NewsArticle\",\"@id\":\"https:\/\/www.estrategiaconcursos.com.br\/blog\/concurso-trf-6\/#article\",\"isPartOf\":{\"@id\":\"https:\/\/www.estrategiaconcursos.com.br\/blog\/concurso-trf-6\/\"},\"author\":{\"name\":\"Coordena\u00e7\u00e3o\",\"@id\":\"https:\/\/www.estrategiaconcursos.com.br\/blog\/#\/schema\/person\/b4a388c97673c5f483d72185668afa1f\"},\"headline\":\"Concurso TRF 6: veja os novos sal\u00e1rios para 2026!\",\"datePublished\":\"2025-12-23T15:04:00+00:00\",\"dateModified\":\"2026-02-06T16:19:47+00:00\",\"mainEntityOfPage\":{\"@id\":\"https:\/\/www.estrategiaconcursos.com.br\/blog\/concurso-trf-6\/\"},\"wordCount\":2806,\"commentCount\":3,\"publisher\":{\"@id\":\"https:\/\/www.estrategiaconcursos.com.br\/blog\/#organization\"},\"image\":{\"@id\":\"https:\/\/www.estrategiaconcursos.com.br\/blog\/concurso-trf-6\/#primaryimage\"},\"thumbnailUrl\":\"https:\/\/dhg1h5j42swfq.cloudfront.net\/2024\/02\/05111644\/trf-6.jpg\",\"articleSection\":[\"Tribunais\"],\"inLanguage\":\"pt-BR\",\"potentialAction\":[{\"@type\":\"CommentAction\",\"name\":\"Comment\",\"target\":[\"https:\/\/www.estrategiaconcursos.com.br\/blog\/concurso-trf-6\/#respond\"]}],\"copyrightYear\":\"2025\",\"copyrightHolder\":{\"@id\":\"https:\/\/www.estrategiaconcursos.com.br\/blog\/#organization\"}},{\"@type\":\"WebPage\",\"@id\":\"https:\/\/www.estrategiaconcursos.com.br\/blog\/concurso-trf-6\/\",\"url\":\"https:\/\/www.estrategiaconcursos.com.br\/blog\/concurso-trf-6\/\",\"name\":\"Concurso TRF 6: veja os novos sal\u00e1rios para 2026!\",\"isPartOf\":{\"@id\":\"https:\/\/www.estrategiaconcursos.com.br\/blog\/#website\"},\"primaryImageOfPage\":{\"@id\":\"https:\/\/www.estrategiaconcursos.com.br\/blog\/concurso-trf-6\/#primaryimage\"},\"image\":{\"@id\":\"https:\/\/www.estrategiaconcursos.com.br\/blog\/concurso-trf-6\/#primaryimage\"},\"thumbnailUrl\":\"https:\/\/dhg1h5j42swfq.cloudfront.net\/2024\/02\/05111644\/trf-6.jpg\",\"datePublished\":\"2025-12-23T15:04:00+00:00\",\"dateModified\":\"2026-02-06T16:19:47+00:00\",\"description\":\"Concurso TRF 6: edital ofertou vagas em CR para T\u00e9cnico e Analista Judici\u00e1rio com remunera\u00e7\u00e3o de at\u00e9 R$13,9 mil. Resultado final dispon\u00edvel!\",\"breadcrumb\":{\"@id\":\"https:\/\/www.estrategiaconcursos.com.br\/blog\/concurso-trf-6\/#breadcrumb\"},\"inLanguage\":\"pt-BR\",\"potentialAction\":[{\"@type\":\"ReadAction\",\"target\":[\"https:\/\/www.estrategiaconcursos.com.br\/blog\/concurso-trf-6\/\"]}]},{\"@type\":\"ImageObject\",\"inLanguage\":\"pt-BR\",\"@id\":\"https:\/\/www.estrategiaconcursos.com.br\/blog\/concurso-trf-6\/#primaryimage\",\"url\":\"https:\/\/dhg1h5j42swfq.cloudfront.net\/2024\/02\/05111644\/trf-6.jpg\",\"contentUrl\":\"https:\/\/dhg1h5j42swfq.cloudfront.net\/2024\/02\/05111644\/trf-6.jpg\",\"width\":768,\"height\":432,\"caption\":\"concurso TRF 6\"},{\"@type\":\"BreadcrumbList\",\"@id\":\"https:\/\/www.estrategiaconcursos.com.br\/blog\/concurso-trf-6\/#breadcrumb\",\"itemListElement\":[{\"@type\":\"ListItem\",\"position\":1,\"name\":\"In\u00edcio\",\"item\":\"https:\/\/www.estrategiaconcursos.com.br\/blog\/\"},{\"@type\":\"ListItem\",\"position\":2,\"name\":\"Concurso TRF 6: veja os novos sal\u00e1rios para 2026!\"}]},{\"@type\":\"WebSite\",\"@id\":\"https:\/\/www.estrategiaconcursos.com.br\/blog\/#website\",\"url\":\"https:\/\/www.estrategiaconcursos.com.br\/blog\/\",\"name\":\"Estrat\u00e9gia Concursos\",\"description\":\"O blog da Estrat\u00e9gia Concursos traz not\u00edcias sobre concursos e artigos de professores oferecendo cursos para concursos (pdf + videaulas) no site.\",\"publisher\":{\"@id\":\"https:\/\/www.estrategiaconcursos.com.br\/blog\/#organization\"},\"potentialAction\":[{\"@type\":\"SearchAction\",\"target\":{\"@type\":\"EntryPoint\",\"urlTemplate\":\"https:\/\/www.estrategiaconcursos.com.br\/blog\/?s={search_term_string}\"},\"query-input\":{\"@type\":\"PropertyValueSpecification\",\"valueRequired\":true,\"valueName\":\"search_term_string\"}}],\"inLanguage\":\"pt-BR\"},{\"@type\":\"Organization\",\"@id\":\"https:\/\/www.estrategiaconcursos.com.br\/blog\/#organization\",\"name\":\"Estrat\u00e9gia Concursos\",\"url\":\"https:\/\/www.estrategiaconcursos.com.br\/blog\/\",\"logo\":{\"@type\":\"ImageObject\",\"inLanguage\":\"pt-BR\",\"@id\":\"https:\/\/www.estrategiaconcursos.com.br\/blog\/#\/schema\/logo\/image\/\",\"url\":\"https:\/\/dhg1h5j42swfq.cloudfront.net\/2025\/06\/03203428\/logo_concursos-1.jpg\",\"contentUrl\":\"https:\/\/dhg1h5j42swfq.cloudfront.net\/2025\/06\/03203428\/logo_concursos-1.jpg\",\"width\":230,\"height\":60,\"caption\":\"Estrat\u00e9gia Concursos\"},\"image\":{\"@id\":\"https:\/\/www.estrategiaconcursos.com.br\/blog\/#\/schema\/logo\/image\/\"},\"sameAs\":[\"https:\/\/x.com\/EstratConcursos\"]},{\"@type\":\"Person\",\"@id\":\"https:\/\/www.estrategiaconcursos.com.br\/blog\/#\/schema\/person\/b4a388c97673c5f483d72185668afa1f\",\"name\":\"Coordena\u00e7\u00e3o\",\"image\":{\"@type\":\"ImageObject\",\"inLanguage\":\"pt-BR\",\"@id\":\"https:\/\/secure.gravatar.com\/avatar\/b720319e4c9a967eb58678d110f4fe35452fc5d5f97b202bac7b8acceb18c6ad?s=96&d=mm&r=g\",\"url\":\"https:\/\/secure.gravatar.com\/avatar\/b720319e4c9a967eb58678d110f4fe35452fc5d5f97b202bac7b8acceb18c6ad?s=96&d=mm&r=g\",\"contentUrl\":\"https:\/\/secure.gravatar.com\/avatar\/b720319e4c9a967eb58678d110f4fe35452fc5d5f97b202bac7b8acceb18c6ad?s=96&d=mm&r=g\",\"caption\":\"Coordena\u00e7\u00e3o\"},\"sameAs\":[\"https:\/\/www.facebook.com\/EstrategiaConcursos\",\"https:\/\/x.com\/EstratConcursos\"],\"url\":\"https:\/\/www.estrategiaconcursos.com.br\/blog\/author\/estrategia2013\/\"}]}<\/script>\n<!-- \/ Yoast SEO Premium plugin. -->","yoast_head_json":{"title":"Concurso TRF 6: veja os novos sal\u00e1rios para 2026!","description":"Concurso TRF 6: edital ofertou vagas em CR para T\u00e9cnico e Analista Judici\u00e1rio com remunera\u00e7\u00e3o de at\u00e9 R$13,9 mil. Resultado final dispon\u00edvel!","robots":{"index":"index","follow":"follow","max-snippet":"max-snippet:-1","max-image-preview":"max-image-preview:large","max-video-preview":"max-video-preview:-1"},"canonical":"https:\/\/www.estrategiaconcursos.com.br\/blog\/concurso-trf-6\/","og_locale":"pt_BR","og_type":"article","og_title":"Concurso TRF 6: veja os novos sal\u00e1rios para 2026!","og_description":"Concurso TRF 6: edital ofertou vagas em CR para T\u00e9cnico e Analista Judici\u00e1rio com remunera\u00e7\u00e3o de at\u00e9 R$13,9 mil. Resultado final dispon\u00edvel!","og_url":"https:\/\/www.estrategiaconcursos.com.br\/blog\/concurso-trf-6\/","og_site_name":"Estrat\u00e9gia Concursos","article_author":"https:\/\/www.facebook.com\/EstrategiaConcursos","article_published_time":"2025-12-23T15:04:00+00:00","article_modified_time":"2026-02-06T16:19:47+00:00","og_image":[{"width":768,"height":432,"url":"https:\/\/dhg1h5j42swfq.cloudfront.net\/2024\/02\/05111644\/trf-6.jpg","type":"image\/jpeg"}],"author":"Coordena\u00e7\u00e3o","twitter_card":"summary_large_image","twitter_creator":"@EstratConcursos","twitter_site":"@EstratConcursos","twitter_misc":{"Escrito por":"Coordena\u00e7\u00e3o","Est. tempo de leitura":"3 minutos"},"schema":{"@context":"https:\/\/schema.org","@graph":[{"@type":"NewsArticle","@id":"https:\/\/www.estrategiaconcursos.com.br\/blog\/concurso-trf-6\/#article","isPartOf":{"@id":"https:\/\/www.estrategiaconcursos.com.br\/blog\/concurso-trf-6\/"},"author":{"name":"Coordena\u00e7\u00e3o","@id":"https:\/\/www.estrategiaconcursos.com.br\/blog\/#\/schema\/person\/b4a388c97673c5f483d72185668afa1f"},"headline":"Concurso TRF 6: veja os novos sal\u00e1rios para 2026!","datePublished":"2025-12-23T15:04:00+00:00","dateModified":"2026-02-06T16:19:47+00:00","mainEntityOfPage":{"@id":"https:\/\/www.estrategiaconcursos.com.br\/blog\/concurso-trf-6\/"},"wordCount":2806,"commentCount":3,"publisher":{"@id":"https:\/\/www.estrategiaconcursos.com.br\/blog\/#organization"},"image":{"@id":"https:\/\/www.estrategiaconcursos.com.br\/blog\/concurso-trf-6\/#primaryimage"},"thumbnailUrl":"https:\/\/dhg1h5j42swfq.cloudfront.net\/2024\/02\/05111644\/trf-6.jpg","articleSection":["Tribunais"],"inLanguage":"pt-BR","potentialAction":[{"@type":"CommentAction","name":"Comment","target":["https:\/\/www.estrategiaconcursos.com.br\/blog\/concurso-trf-6\/#respond"]}],"copyrightYear":"2025","copyrightHolder":{"@id":"https:\/\/www.estrategiaconcursos.com.br\/blog\/#organization"}},{"@type":"WebPage","@id":"https:\/\/www.estrategiaconcursos.com.br\/blog\/concurso-trf-6\/","url":"https:\/\/www.estrategiaconcursos.com.br\/blog\/concurso-trf-6\/","name":"Concurso TRF 6: veja os novos sal\u00e1rios para 2026!","isPartOf":{"@id":"https:\/\/www.estrategiaconcursos.com.br\/blog\/#website"},"primaryImageOfPage":{"@id":"https:\/\/www.estrategiaconcursos.com.br\/blog\/concurso-trf-6\/#primaryimage"},"image":{"@id":"https:\/\/www.estrategiaconcursos.com.br\/blog\/concurso-trf-6\/#primaryimage"},"thumbnailUrl":"https:\/\/dhg1h5j42swfq.cloudfront.net\/2024\/02\/05111644\/trf-6.jpg","datePublished":"2025-12-23T15:04:00+00:00","dateModified":"2026-02-06T16:19:47+00:00","description":"Concurso TRF 6: edital ofertou vagas em CR para T\u00e9cnico e Analista Judici\u00e1rio com remunera\u00e7\u00e3o de at\u00e9 R$13,9 mil. Resultado final dispon\u00edvel!","breadcrumb":{"@id":"https:\/\/www.estrategiaconcursos.com.br\/blog\/concurso-trf-6\/#breadcrumb"},"inLanguage":"pt-BR","potentialAction":[{"@type":"ReadAction","target":["https:\/\/www.estrategiaconcursos.com.br\/blog\/concurso-trf-6\/"]}]},{"@type":"ImageObject","inLanguage":"pt-BR","@id":"https:\/\/www.estrategiaconcursos.com.br\/blog\/concurso-trf-6\/#primaryimage","url":"https:\/\/dhg1h5j42swfq.cloudfront.net\/2024\/02\/05111644\/trf-6.jpg","contentUrl":"https:\/\/dhg1h5j42swfq.cloudfront.net\/2024\/02\/05111644\/trf-6.jpg","width":768,"height":432,"caption":"concurso TRF 6"},{"@type":"BreadcrumbList","@id":"https:\/\/www.estrategiaconcursos.com.br\/blog\/concurso-trf-6\/#breadcrumb","itemListElement":[{"@type":"ListItem","position":1,"name":"In\u00edcio","item":"https:\/\/www.estrategiaconcursos.com.br\/blog\/"},{"@type":"ListItem","position":2,"name":"Concurso TRF 6: veja os novos sal\u00e1rios para 2026!"}]},{"@type":"WebSite","@id":"https:\/\/www.estrategiaconcursos.com.br\/blog\/#website","url":"https:\/\/www.estrategiaconcursos.com.br\/blog\/","name":"Estrat\u00e9gia Concursos","description":"O blog da Estrat\u00e9gia Concursos traz not\u00edcias sobre concursos e artigos de professores oferecendo cursos para concursos (pdf + videaulas) no site.","publisher":{"@id":"https:\/\/www.estrategiaconcursos.com.br\/blog\/#organization"},"potentialAction":[{"@type":"SearchAction","target":{"@type":"EntryPoint","urlTemplate":"https:\/\/www.estrategiaconcursos.com.br\/blog\/?s={search_term_string}"},"query-input":{"@type":"PropertyValueSpecification","valueRequired":true,"valueName":"search_term_string"}}],"inLanguage":"pt-BR"},{"@type":"Organization","@id":"https:\/\/www.estrategiaconcursos.com.br\/blog\/#organization","name":"Estrat\u00e9gia Concursos","url":"https:\/\/www.estrategiaconcursos.com.br\/blog\/","logo":{"@type":"ImageObject","inLanguage":"pt-BR","@id":"https:\/\/www.estrategiaconcursos.com.br\/blog\/#\/schema\/logo\/image\/","url":"https:\/\/dhg1h5j42swfq.cloudfront.net\/2025\/06\/03203428\/logo_concursos-1.jpg","contentUrl":"https:\/\/dhg1h5j42swfq.cloudfront.net\/2025\/06\/03203428\/logo_concursos-1.jpg","width":230,"height":60,"caption":"Estrat\u00e9gia Concursos"},"image":{"@id":"https:\/\/www.estrategiaconcursos.com.br\/blog\/#\/schema\/logo\/image\/"},"sameAs":["https:\/\/x.com\/EstratConcursos"]},{"@type":"Person","@id":"https:\/\/www.estrategiaconcursos.com.br\/blog\/#\/schema\/person\/b4a388c97673c5f483d72185668afa1f","name":"Coordena\u00e7\u00e3o","image":{"@type":"ImageObject","inLanguage":"pt-BR","@id":"https:\/\/secure.gravatar.com\/avatar\/b720319e4c9a967eb58678d110f4fe35452fc5d5f97b202bac7b8acceb18c6ad?s=96&d=mm&r=g","url":"https:\/\/secure.gravatar.com\/avatar\/b720319e4c9a967eb58678d110f4fe35452fc5d5f97b202bac7b8acceb18c6ad?s=96&d=mm&r=g","contentUrl":"https:\/\/secure.gravatar.com\/avatar\/b720319e4c9a967eb58678d110f4fe35452fc5d5f97b202bac7b8acceb18c6ad?s=96&d=mm&r=g","caption":"Coordena\u00e7\u00e3o"},"sameAs":["https:\/\/www.facebook.com\/EstrategiaConcursos","https:\/\/x.com\/EstratConcursos"],"url":"https:\/\/www.estrategiaconcursos.com.br\/blog\/author\/estrategia2013\/"}]}},"_links":{"self":[{"href":"https:\/\/www.estrategiaconcursos.com.br\/blog\/wp-json\/wp\/v2\/posts\/418718","targetHints":{"allow":["GET"]}}],"collection":[{"href":"https:\/\/www.estrategiaconcursos.com.br\/blog\/wp-json\/wp\/v2\/posts"}],"about":[{"href":"https:\/\/www.estrategiaconcursos.com.br\/blog\/wp-json\/wp\/v2\/types\/post"}],"author":[{"embeddable":true,"href":"https:\/\/www.estrategiaconcursos.com.br\/blog\/wp-json\/wp\/v2\/users\/1"}],"replies":[{"embeddable":true,"href":"https:\/\/www.estrategiaconcursos.com.br\/blog\/wp-json\/wp\/v2\/comments?post=418718"}],"version-history":[{"count":125,"href":"https:\/\/www.estrategiaconcursos.com.br\/blog\/wp-json\/wp\/v2\/posts\/418718\/revisions"}],"predecessor-version":[{"id":1711708,"href":"https:\/\/www.estrategiaconcursos.com.br\/blog\/wp-json\/wp\/v2\/posts\/418718\/revisions\/1711708"}],"wp:featuredmedia":[{"embeddable":true,"href":"https:\/\/www.estrategiaconcursos.com.br\/blog\/wp-json\/wp\/v2\/media\/1347125"}],"wp:attachment":[{"href":"https:\/\/www.estrategiaconcursos.com.br\/blog\/wp-json\/wp\/v2\/media?parent=418718"}],"wp:term":[{"taxonomy":"category","embeddable":true,"href":"https:\/\/www.estrategiaconcursos.com.br\/blog\/wp-json\/wp\/v2\/categories?post=418718"},{"taxonomy":"post_tag","embeddable":true,"href":"https:\/\/www.estrategiaconcursos.com.br\/blog\/wp-json\/wp\/v2\/tags?post=418718"},{"taxonomy":"tax_estado","embeddable":true,"href":"https:\/\/www.estrategiaconcursos.com.br\/blog\/wp-json\/wp\/v2\/tax_estado?post=418718"}],"curies":[{"name":"wp","href":"https:\/\/api.w.org\/{rel}","templated":true}]}}