{"id":418703,"date":"2019-09-17T08:50:46","date_gmt":"2019-09-17T11:50:46","guid":{"rendered":"https:\/\/www.estrategiaconcursos.com.br\/blog\/?p=418703"},"modified":"2019-10-29T08:52:07","modified_gmt":"2019-10-29T11:52:07","slug":"edital-camara-de-sao-miguel-arcanjo","status":"publish","type":"post","link":"https:\/\/www.estrategiaconcursos.com.br\/blog\/edital-camara-de-sao-miguel-arcanjo\/","title":{"rendered":"Edital C\u00e2mara de S\u00e3o Miguel Arcanjo: inscri\u00e7\u00f5es encerradas!"},"content":{"rendered":"\n<h2 class=\"wp-block-heading\"><em>S\u00e3o ofertadas vagas para N\u00edvel M\u00e9dio e Superior<\/em><\/h2>\n\n\n\n<p>Foi publicado nesta ter\u00e7a-feira, 10 de setembro, o edital da <strong>C\u00e2mara de S\u00e3o Miguel Arcanjo<\/strong>, \u00f3rg\u00e3o localizado no estado de S\u00e3o Paulo. O certame visa ofertar aos candidatos&nbsp;5<em> <\/em>vagas + Cadastro de Reserva pra n\u00edvel superior&nbsp;e n\u00edvel m\u00e9dio.<\/p>\n\n\n\n<h2 class=\"wp-block-heading\" id=\"principais\">Principais informa\u00e7\u00f5es do concurso  <br \/>C\u00e2mara S\u00e3o Miguel de Arcanjo <\/h2>\n\n\n\n<p>Os candidatos interessados pelas vagas do certame, devem se<strong>&nbsp;inscrever<\/strong>&nbsp;no site da banca organizadora, a&nbsp;<em>VUNESP <\/em>entre os dias<strong> 17 de setembro a 28 de outubro<\/strong>. Ap\u00f3s realizar a inscri\u00e7\u00e3o os concurseiros dever\u00e3o pagar uma taxa que varia conforme o grau de forma\u00e7\u00e3o.<em>&nbsp;Confira abaixo:<\/em><\/p>\n\n\n\n<p><strong>Taxas de inscri\u00e7\u00e3o:<\/strong><\/p>\n\n\n\n<ul class=\"wp-block-list\"><li>N\u00edvel M\u00e9dio \u2013 R$ 57,00<\/li><li>N\u00edvel Superior \u2013 R$ 83,00<\/li><\/ul>\n\n\n\n<p> A&nbsp;<em>prova objetiva<\/em>&nbsp;para&nbsp;<em>todos os n\u00edveis <\/em>ser\u00e1 efetuada no dia&nbsp;<strong>8 de dezembro<\/strong>.<\/p>\n\n\n\n<h3 class=\"wp-block-heading\">Principais Datas<\/h3>\n\n\n\n<p class=\"has-background has-very-light-gray-background-color\"><strong><em>Inscri\u00e7\u00f5es<\/em><\/strong><em>: 17 de setembro a 28 de outubro<br \/><\/em><strong><em>Prova objetiva<\/em><\/strong><em>: 8 de dezembro<\/em><\/p>\n\n\n\n<h2 class=\"wp-block-heading\" id=\"cargos\">Cargos, vagas e Remunera\u00e7\u00f5es \u2013 concurso C\u00e2mara S\u00e3o Miguel de Arcanjo<\/h2>\n\n\n\n<p>S\u00e3o oferecidas 5 vagas no total para cargos de n\u00edvel superior e m\u00e9dio. O cargo com mais vagas no concurso C\u00e2mara S\u00e3o Miguel de Arcanjo \u00e9 o de  Auxiliar de Diretoria. Para este cargo, aceitasse Ensino Superior Completo.<\/p>\n\n\n\n<p>Acompanhe abaixo a quantidade de vagas para cada cargo com suas respectivas remunera\u00e7\u00f5es.<\/p>\n\n\n\n<h4 class=\"wp-block-heading\">N\u00edvel M\u00e9dio<\/h4>\n\n\n\n<ul class=\"wp-block-list\"><li> Agente de Transporte e Apoio &#8211; (CR) &#8211; R$1.548,01 <\/li><li> Escritur\u00e1rio &#8211; (CR) &#8211; R$1.548,01  <\/li><\/ul>\n\n\n\n<h4 class=\"wp-block-heading\">N\u00edvel Superior<\/h4>\n\n\n\n<ul class=\"wp-block-list\"><li>Assistente de Comunica\u00e7\u00e3o &#8211; (1 vaga) &#8211; R$2.270,19 <\/li><li>Auxiliar de Diretoria &#8211; (2 vagas) &#8211;  R$2.267,32 <\/li><li>Contador &#8211; (1 vaga) &#8211;   R$3.203,33 <\/li><li>Procurador Legislativo &#8211; (1 vaga) &#8211;  R$3.203,33  <\/li><\/ul>\n\n\n\n<h2 class=\"wp-block-heading\" id=\"etapas\">Etapas do concurso C\u00e2mara S\u00e3o Miguel de Arcanjo <\/h2>\n\n\n\n<p>As etapas do concurso C\u00e2mara S\u00e3o Miguel de Arcanjo ser\u00e3o constitu\u00eddas de prova objetiva (para todos os cargos), Prova Pr\u00e1tico-Profissional (para o cargo de Procurador) e  Prova Pr\u00e1tica (para o cargo de Agente de Transporte e Apoio). A prova objetiva est\u00e1 marcada para o dia <strong>8 de dezembro<\/strong>.<\/p>\n\n\n\n<p style=\"font-size:22px\"><strong>Prova Objetiva <\/strong><\/p>\n\n\n\n<p>A prova objetiva ser\u00e1 realizada na data prov\u00e1vel de&nbsp;<strong>8 de dezembro de 2019<\/strong>, no turno da manh\u00e3. No mesmo dia, no turno da tarde, ser\u00e1 realizada a prova pr\u00e1tico-profissional para Procurador Legislativo.<\/p>\n\n\n\n<p>Os candidatos de n\u00edvel m\u00e9dio ir\u00e3o realizar uma prova objetiva composta por <strong>50 quest\u00f5es<\/strong>, com dura\u00e7\u00e3o de <strong>tr\u00eas horas<\/strong> totais. A prova objetiva para os candidatos de n\u00edvel superior ser\u00e1 composta por<strong> 60 quest\u00f5es,<\/strong> com dura\u00e7\u00e3o de at\u00e9 tr\u00eas horas e trinta minutos.<\/p>\n\n\n\n<p>A prova objetiva possui car\u00e1ter eliminat\u00f3rio e classificat\u00f3rio e valer\u00e1 100 pontos. Ser\u00e3o eliminados do concurso os candidatos com nota inferior a 50 pontos.<\/p>\n\n\n\n<p style=\"font-size:22px\"><strong>Prova Pr\u00e1tica<\/strong><\/p>\n\n\n\n<p>A prova pr\u00e1tica valer\u00e1 100 pontos, sendo exigida a nota m\u00ednima de 50 pontos para aprova\u00e7\u00e3o. A prova pr\u00e1tico-profissional valer\u00e1 60 pontos e a nota m\u00ednima para aprova\u00e7\u00e3o \u00e9 de 30 pontos.<\/p>\n\n\n\n<p>A nota final do candidato ser\u00e1 igual \u00e0 soma das notas de todas as provas, quando houver mais de uma.<\/p>\n\n\n\n<p style=\"font-size:22px\"><strong>Prova Pr\u00e1tico-Profissional<\/strong><\/p>\n\n\n\n<p> J\u00e1 a prova pr\u00e1tico-profissional, de car\u00e1ter eliminat\u00f3rio e classificat\u00f3rio, ser\u00e1 avaliada na escala de 0 a 60 pontos. Na corre\u00e7\u00e3o ser\u00e3o analisados o conhecimento t\u00e9cnico e a capacidade te\u00f3rico-pr\u00e1tica do candidato em desenvolver a pe\u00e7a apresentada, com clareza, coer\u00eancia e objetividade. Ser\u00e3o avaliadas, ainda, a organiza\u00e7\u00e3o, a an\u00e1lise e a s\u00edntese dos fatos examinados, assim como a corre\u00e7\u00e3o gramatical.<\/p>\n\n\n\n<h2 class=\"wp-block-heading\" style=\"text-align:center\" id=\"cursos-assinatura\"><strong><em>Quer estudar para Concurso<\/em><\/strong> <em>C\u00e2mara S\u00e3o Miguel de Arcanjo  <\/em><\/h2>\n\n\n\n<p style=\"text-align:center\"><em><strong>Gostou desta oportunidade e deseja come\u00e7ar se preparar agora mesmo? Ent\u00e3o, confira os nossos cursos e comece a estudar para Prefeitura de Queimados RJ:<\/strong><\/em><\/p>\n\n\n\n<p style=\"font-size:25px;text-align:center\" class=\"has-background has-luminous-vivid-amber-background-color\"><a rel=\"noreferrer noopener\" href=\"https:\/\/www.estrategiaconcursos.com.br\/cursos\/concurso\/\" target=\"_blank\"><strong><em>Curso para concurso<\/em><\/strong><\/a><\/p>\n\n\n\n<h3 class=\"wp-block-heading\" style=\"text-align:center\" id=\"assinatura\"><em><strong>Assinatura Anual Ilimitada*<\/strong><\/em><\/h3>\n\n\n\n<p style=\"text-align:center\"><em>Prepare-se com o melhor material e com quem mais aprova em Concursos P\u00fablicos em todo o pa\u00eds. Assine agora a nossa Assinatura Anual e tenha acesso ilimitado* a todos os nossos cursos.<\/em><\/p>\n\n\n\n<p style=\"font-size:25px;text-align:center\" class=\"has-background has-light-green-cyan-background-color\"><strong>ASSINE AGORA<\/strong>&nbsp;\u2013&nbsp;<a rel=\"noreferrer noopener\" href=\"https:\/\/www.estrategiaconcursos.com.br\/assinaturas\" target=\"_blank\">Assinatura Ilimitada<\/a><\/p>\n\n\n\n<p style=\"font-size:25px;text-align:center\" class=\"has-background has-pale-cyan-blue-background-color\"><strong><a href=\"https:\/\/www.estrategiaconcursos.com.br\/blog\/concursos-abertos\/\">CONCURSOS ABERTOS<\/a><\/strong><\/p>\n\n\n\n<p style=\"font-size:25px;text-align:center\" class=\"has-background has-pale-cyan-blue-background-color\"><a href=\"https:\/\/www.estrategiaconcursos.com.br\/blog\/concursos-2019\/\"><strong>CONCURSOS 2019<\/strong><\/a><\/p>\n\n\n\n<p style=\"font-size:25px;text-align:center\" class=\"has-background has-pale-cyan-blue-background-color\"><a href=\"https:\/\/www.estrategiaconcursos.com.br\/blog\/concursos-2020\/\"><strong>CONCURSOS<\/strong><\/a><strong><a href=\"https:\/\/www.estrategiaconcursos.com.br\/blog\/concursos-2020\/\">&nbsp;2020<\/a><\/strong><\/p>\n\n\n\n<figure class=\"wp-block-image\"><img loading=\"lazy\" decoding=\"async\" width=\"300\" height=\"102\" src=\"https:\/\/dhg1h5j42swfq.cloudfront.net\/2019\/05\/29143052\/coruja-ficha-tecnica-300x1025.png\" alt=\"Ficha t\u00e9cnica concurso PCDF\" class=\"wp-image-380136\"\/><\/figure>\n\n\n\n<h4 class=\"wp-block-heading\" id=\"ficha\"><strong>Informa\u00e7\u00f5es do pr\u00f3ximo concurso <\/strong>C\u00e2mara S\u00e3o Miguel de Arcanjo <\/h4>\n\n\n\n<p>\u25ba<strong>Data prevista<\/strong>:  8 de dezembro  <br \/>\u25ba<strong>Vagas<\/strong>: 5 + CR<br \/>\u25ba<strong>Cargos<\/strong>:Diversos<br \/>\u25ba<strong>Banca<\/strong>:  Vunesp<br \/>\u25ba<strong>Escolaridade<\/strong>: N\u00edvel superior e M\u00e9dio<\/p>\n","protected":false},"excerpt":{"rendered":"<p>S\u00e3o ofertadas vagas para N\u00edvel M\u00e9dio e Superior Foi publicado nesta ter\u00e7a-feira, 10 de setembro, o edital da C\u00e2mara de S\u00e3o Miguel Arcanjo, \u00f3rg\u00e3o localizado no estado de S\u00e3o Paulo. O certame visa ofertar aos candidatos&nbsp;5 vagas + Cadastro de Reserva pra n\u00edvel superior&nbsp;e n\u00edvel m\u00e9dio. Principais informa\u00e7\u00f5es do concurso C\u00e2mara S\u00e3o Miguel de Arcanjo [&hellip;]<\/p>\n","protected":false},"author":306,"featured_media":0,"comment_status":"open","ping_status":"closed","sticky":false,"template":"","format":"standard","meta":{"post_tipo":"article","footnotes":""},"categories":[1],"tags":[],"tax_estado":[],"class_list":["post-418703","post","type-post","status-publish","format-standard","hentry","category-cursos-e-concursos"],"acf":[],"yoast_head":"<!-- This site is optimized with the Yoast SEO Premium plugin v27.2 (Yoast SEO v27.2) - https:\/\/yoast.com\/product\/yoast-seo-premium-wordpress\/ -->\n<title>Edital C\u00e2mara de S\u00e3o Miguel Arcanjo: inscri\u00e7\u00f5es encerradas!<\/title>\n<meta name=\"robots\" content=\"index, follow, max-snippet:-1, max-image-preview:large, max-video-preview:-1\" \/>\n<link rel=\"canonical\" href=\"https:\/\/www.estrategiaconcursos.com.br\/blog\/edital-camara-de-sao-miguel-arcanjo\/\" \/>\n<meta property=\"og:locale\" content=\"pt_BR\" \/>\n<meta property=\"og:type\" content=\"article\" \/>\n<meta property=\"og:title\" content=\"Edital C\u00e2mara de S\u00e3o Miguel Arcanjo: inscri\u00e7\u00f5es encerradas!\" \/>\n<meta property=\"og:description\" content=\"S\u00e3o ofertadas vagas para N\u00edvel M\u00e9dio e Superior Foi publicado nesta ter\u00e7a-feira, 10 de setembro, o edital da C\u00e2mara de S\u00e3o Miguel Arcanjo, \u00f3rg\u00e3o localizado no estado de S\u00e3o Paulo. O certame visa ofertar aos candidatos&nbsp;5 vagas + Cadastro de Reserva pra n\u00edvel superior&nbsp;e n\u00edvel m\u00e9dio. Principais informa\u00e7\u00f5es do concurso C\u00e2mara S\u00e3o Miguel de Arcanjo [&hellip;]\" \/>\n<meta property=\"og:url\" content=\"https:\/\/www.estrategiaconcursos.com.br\/blog\/edital-camara-de-sao-miguel-arcanjo\/\" \/>\n<meta property=\"og:site_name\" content=\"Estrat\u00e9gia Concursos\" \/>\n<meta property=\"article:author\" content=\"https:\/\/www.facebook.com\/leandrosignoriatualidades\/\" \/>\n<meta property=\"article:published_time\" content=\"2019-09-17T11:50:46+00:00\" \/>\n<meta property=\"article:modified_time\" content=\"2019-10-29T11:52:07+00:00\" \/>\n<meta property=\"og:image\" content=\"https:\/\/www.estrategiaconcursos.com.br\/blog\/wp-content\/uploads\/2019\/05\/coruja-ficha-tecnica-300x1025.png\" \/>\n<meta name=\"author\" content=\"Leandro Signori\" \/>\n<meta name=\"twitter:card\" content=\"summary_large_image\" \/>\n<meta name=\"twitter:creator\" content=\"@EstratConcursos\" \/>\n<meta name=\"twitter:site\" content=\"@EstratConcursos\" \/>\n<meta name=\"twitter:label1\" content=\"Escrito por\" \/>\n\t<meta name=\"twitter:data1\" content=\"Leandro Signori\" \/>\n\t<meta name=\"twitter:label2\" content=\"Est. tempo de leitura\" \/>\n\t<meta name=\"twitter:data2\" content=\"4 minutos\" \/>\n<script type=\"application\/ld+json\" class=\"yoast-schema-graph\">{\"@context\":\"https:\/\/schema.org\",\"@graph\":[{\"@type\":\"NewsArticle\",\"@id\":\"https:\/\/www.estrategiaconcursos.com.br\/blog\/edital-camara-de-sao-miguel-arcanjo\/#article\",\"isPartOf\":{\"@id\":\"https:\/\/www.estrategiaconcursos.com.br\/blog\/edital-camara-de-sao-miguel-arcanjo\/\"},\"author\":{\"name\":\"Leandro Signori\",\"@id\":\"https:\/\/www.estrategiaconcursos.com.br\/blog\/#\/schema\/person\/d2e7d78de4b9d6ba51cc24fd558a7f42\"},\"headline\":\"Edital C\u00e2mara de S\u00e3o Miguel Arcanjo: inscri\u00e7\u00f5es encerradas!\",\"datePublished\":\"2019-09-17T11:50:46+00:00\",\"dateModified\":\"2019-10-29T11:52:07+00:00\",\"mainEntityOfPage\":{\"@id\":\"https:\/\/www.estrategiaconcursos.com.br\/blog\/edital-camara-de-sao-miguel-arcanjo\/\"},\"wordCount\":718,\"commentCount\":0,\"publisher\":{\"@id\":\"https:\/\/www.estrategiaconcursos.com.br\/blog\/#organization\"},\"image\":{\"@id\":\"https:\/\/www.estrategiaconcursos.com.br\/blog\/edital-camara-de-sao-miguel-arcanjo\/#primaryimage\"},\"thumbnailUrl\":\"https:\/\/www.estrategiaconcursos.com.br\/blog\/wp-content\/uploads\/2019\/05\/coruja-ficha-tecnica-300x1025.png\",\"articleSection\":[\"Concursos P\u00fablicos\"],\"inLanguage\":\"pt-BR\",\"potentialAction\":[{\"@type\":\"CommentAction\",\"name\":\"Comment\",\"target\":[\"https:\/\/www.estrategiaconcursos.com.br\/blog\/edital-camara-de-sao-miguel-arcanjo\/#respond\"]}],\"copyrightYear\":\"2019\",\"copyrightHolder\":{\"@id\":\"https:\/\/www.estrategiaconcursos.com.br\/blog\/#organization\"}},{\"@type\":\"WebPage\",\"@id\":\"https:\/\/www.estrategiaconcursos.com.br\/blog\/edital-camara-de-sao-miguel-arcanjo\/\",\"url\":\"https:\/\/www.estrategiaconcursos.com.br\/blog\/edital-camara-de-sao-miguel-arcanjo\/\",\"name\":\"Edital C\u00e2mara de S\u00e3o Miguel Arcanjo: inscri\u00e7\u00f5es encerradas!\",\"isPartOf\":{\"@id\":\"https:\/\/www.estrategiaconcursos.com.br\/blog\/#website\"},\"primaryImageOfPage\":{\"@id\":\"https:\/\/www.estrategiaconcursos.com.br\/blog\/edital-camara-de-sao-miguel-arcanjo\/#primaryimage\"},\"image\":{\"@id\":\"https:\/\/www.estrategiaconcursos.com.br\/blog\/edital-camara-de-sao-miguel-arcanjo\/#primaryimage\"},\"thumbnailUrl\":\"https:\/\/www.estrategiaconcursos.com.br\/blog\/wp-content\/uploads\/2019\/05\/coruja-ficha-tecnica-300x1025.png\",\"datePublished\":\"2019-09-17T11:50:46+00:00\",\"dateModified\":\"2019-10-29T11:52:07+00:00\",\"breadcrumb\":{\"@id\":\"https:\/\/www.estrategiaconcursos.com.br\/blog\/edital-camara-de-sao-miguel-arcanjo\/#breadcrumb\"},\"inLanguage\":\"pt-BR\",\"potentialAction\":[{\"@type\":\"ReadAction\",\"target\":[\"https:\/\/www.estrategiaconcursos.com.br\/blog\/edital-camara-de-sao-miguel-arcanjo\/\"]}]},{\"@type\":\"ImageObject\",\"inLanguage\":\"pt-BR\",\"@id\":\"https:\/\/www.estrategiaconcursos.com.br\/blog\/edital-camara-de-sao-miguel-arcanjo\/#primaryimage\",\"url\":\"https:\/\/www.estrategiaconcursos.com.br\/blog\/wp-content\/uploads\/2019\/05\/coruja-ficha-tecnica-300x1025.png\",\"contentUrl\":\"https:\/\/www.estrategiaconcursos.com.br\/blog\/wp-content\/uploads\/2019\/05\/coruja-ficha-tecnica-300x1025.png\"},{\"@type\":\"BreadcrumbList\",\"@id\":\"https:\/\/www.estrategiaconcursos.com.br\/blog\/edital-camara-de-sao-miguel-arcanjo\/#breadcrumb\",\"itemListElement\":[{\"@type\":\"ListItem\",\"position\":1,\"name\":\"In\u00edcio\",\"item\":\"https:\/\/www.estrategiaconcursos.com.br\/blog\/\"},{\"@type\":\"ListItem\",\"position\":2,\"name\":\"Edital C\u00e2mara de S\u00e3o Miguel Arcanjo: inscri\u00e7\u00f5es encerradas!\"}]},{\"@type\":\"WebSite\",\"@id\":\"https:\/\/www.estrategiaconcursos.com.br\/blog\/#website\",\"url\":\"https:\/\/www.estrategiaconcursos.com.br\/blog\/\",\"name\":\"Estrat\u00e9gia Concursos\",\"description\":\"O blog da Estrat\u00e9gia Concursos traz not\u00edcias sobre concursos e artigos de professores oferecendo cursos para concursos (pdf + videaulas) no site.\",\"publisher\":{\"@id\":\"https:\/\/www.estrategiaconcursos.com.br\/blog\/#organization\"},\"potentialAction\":[{\"@type\":\"SearchAction\",\"target\":{\"@type\":\"EntryPoint\",\"urlTemplate\":\"https:\/\/www.estrategiaconcursos.com.br\/blog\/?s={search_term_string}\"},\"query-input\":{\"@type\":\"PropertyValueSpecification\",\"valueRequired\":true,\"valueName\":\"search_term_string\"}}],\"inLanguage\":\"pt-BR\"},{\"@type\":\"Organization\",\"@id\":\"https:\/\/www.estrategiaconcursos.com.br\/blog\/#organization\",\"name\":\"Estrat\u00e9gia Concursos\",\"url\":\"https:\/\/www.estrategiaconcursos.com.br\/blog\/\",\"logo\":{\"@type\":\"ImageObject\",\"inLanguage\":\"pt-BR\",\"@id\":\"https:\/\/www.estrategiaconcursos.com.br\/blog\/#\/schema\/logo\/image\/\",\"url\":\"https:\/\/dhg1h5j42swfq.cloudfront.net\/2025\/06\/03203428\/logo_concursos-1.jpg\",\"contentUrl\":\"https:\/\/dhg1h5j42swfq.cloudfront.net\/2025\/06\/03203428\/logo_concursos-1.jpg\",\"width\":230,\"height\":60,\"caption\":\"Estrat\u00e9gia Concursos\"},\"image\":{\"@id\":\"https:\/\/www.estrategiaconcursos.com.br\/blog\/#\/schema\/logo\/image\/\"},\"sameAs\":[\"https:\/\/x.com\/EstratConcursos\"]},{\"@type\":\"Person\",\"@id\":\"https:\/\/www.estrategiaconcursos.com.br\/blog\/#\/schema\/person\/d2e7d78de4b9d6ba51cc24fd558a7f42\",\"name\":\"Leandro Signori\",\"image\":{\"@type\":\"ImageObject\",\"inLanguage\":\"pt-BR\",\"@id\":\"https:\/\/secure.gravatar.com\/avatar\/aa2ef98e93764dcf1758f52d2792d4b3e4089ee25bc520608dde62ad802ae541?s=96&d=mm&r=g\",\"url\":\"https:\/\/secure.gravatar.com\/avatar\/aa2ef98e93764dcf1758f52d2792d4b3e4089ee25bc520608dde62ad802ae541?s=96&d=mm&r=g\",\"contentUrl\":\"https:\/\/secure.gravatar.com\/avatar\/aa2ef98e93764dcf1758f52d2792d4b3e4089ee25bc520608dde62ad802ae541?s=96&d=mm&r=g\",\"caption\":\"Leandro Signori\"},\"description\":\"Licenciado em Geografia pela Universidade Federal do Rio Grande do Sul (UFRGS) e Bacharel em Geografia pela Uniceub (Bras\u00edlia). Como servidor p\u00fablico, foi funcion\u00e1rio da Prefeitura de S\u00e3o Leopoldo (RS), Prefeitura de Porto Alegre (RS), Companhia Riograndense de Saneamento (Corsan) e Minist\u00e9rio da Integra\u00e7\u00e3o Nacional. \u00c9 professor de Geografia para o ensino m\u00e9dio na rede particular de ensino. Leciona as disciplinas de Atualidades, Conhecimentos Gerais, Geografia, Realidade Brasileira e Hist\u00f3ria, em cursos on line e presenciais preparat\u00f3rios para concursos p\u00fablicos.\",\"sameAs\":[\"https:\/\/www.facebook.com\/leandrosignoriatualidades\/\"],\"url\":\"https:\/\/www.estrategiaconcursos.com.br\/blog\/author\/leandroestrategiaconcursos-com-br\/\"}]}<\/script>\n<!-- \/ Yoast SEO Premium plugin. -->","yoast_head_json":{"title":"Edital C\u00e2mara de S\u00e3o Miguel Arcanjo: inscri\u00e7\u00f5es encerradas!","robots":{"index":"index","follow":"follow","max-snippet":"max-snippet:-1","max-image-preview":"max-image-preview:large","max-video-preview":"max-video-preview:-1"},"canonical":"https:\/\/www.estrategiaconcursos.com.br\/blog\/edital-camara-de-sao-miguel-arcanjo\/","og_locale":"pt_BR","og_type":"article","og_title":"Edital C\u00e2mara de S\u00e3o Miguel Arcanjo: inscri\u00e7\u00f5es encerradas!","og_description":"S\u00e3o ofertadas vagas para N\u00edvel M\u00e9dio e Superior Foi publicado nesta ter\u00e7a-feira, 10 de setembro, o edital da C\u00e2mara de S\u00e3o Miguel Arcanjo, \u00f3rg\u00e3o localizado no estado de S\u00e3o Paulo. O certame visa ofertar aos candidatos&nbsp;5 vagas + Cadastro de Reserva pra n\u00edvel superior&nbsp;e n\u00edvel m\u00e9dio. Principais informa\u00e7\u00f5es do concurso C\u00e2mara S\u00e3o Miguel de Arcanjo [&hellip;]","og_url":"https:\/\/www.estrategiaconcursos.com.br\/blog\/edital-camara-de-sao-miguel-arcanjo\/","og_site_name":"Estrat\u00e9gia Concursos","article_author":"https:\/\/www.facebook.com\/leandrosignoriatualidades\/","article_published_time":"2019-09-17T11:50:46+00:00","article_modified_time":"2019-10-29T11:52:07+00:00","og_image":[{"url":"https:\/\/www.estrategiaconcursos.com.br\/blog\/wp-content\/uploads\/2019\/05\/coruja-ficha-tecnica-300x1025.png","type":"","width":"","height":""}],"author":"Leandro Signori","twitter_card":"summary_large_image","twitter_creator":"@EstratConcursos","twitter_site":"@EstratConcursos","twitter_misc":{"Escrito por":"Leandro Signori","Est. tempo de leitura":"4 minutos"},"schema":{"@context":"https:\/\/schema.org","@graph":[{"@type":"NewsArticle","@id":"https:\/\/www.estrategiaconcursos.com.br\/blog\/edital-camara-de-sao-miguel-arcanjo\/#article","isPartOf":{"@id":"https:\/\/www.estrategiaconcursos.com.br\/blog\/edital-camara-de-sao-miguel-arcanjo\/"},"author":{"name":"Leandro Signori","@id":"https:\/\/www.estrategiaconcursos.com.br\/blog\/#\/schema\/person\/d2e7d78de4b9d6ba51cc24fd558a7f42"},"headline":"Edital C\u00e2mara de S\u00e3o Miguel Arcanjo: inscri\u00e7\u00f5es encerradas!","datePublished":"2019-09-17T11:50:46+00:00","dateModified":"2019-10-29T11:52:07+00:00","mainEntityOfPage":{"@id":"https:\/\/www.estrategiaconcursos.com.br\/blog\/edital-camara-de-sao-miguel-arcanjo\/"},"wordCount":718,"commentCount":0,"publisher":{"@id":"https:\/\/www.estrategiaconcursos.com.br\/blog\/#organization"},"image":{"@id":"https:\/\/www.estrategiaconcursos.com.br\/blog\/edital-camara-de-sao-miguel-arcanjo\/#primaryimage"},"thumbnailUrl":"https:\/\/www.estrategiaconcursos.com.br\/blog\/wp-content\/uploads\/2019\/05\/coruja-ficha-tecnica-300x1025.png","articleSection":["Concursos P\u00fablicos"],"inLanguage":"pt-BR","potentialAction":[{"@type":"CommentAction","name":"Comment","target":["https:\/\/www.estrategiaconcursos.com.br\/blog\/edital-camara-de-sao-miguel-arcanjo\/#respond"]}],"copyrightYear":"2019","copyrightHolder":{"@id":"https:\/\/www.estrategiaconcursos.com.br\/blog\/#organization"}},{"@type":"WebPage","@id":"https:\/\/www.estrategiaconcursos.com.br\/blog\/edital-camara-de-sao-miguel-arcanjo\/","url":"https:\/\/www.estrategiaconcursos.com.br\/blog\/edital-camara-de-sao-miguel-arcanjo\/","name":"Edital C\u00e2mara de S\u00e3o Miguel Arcanjo: inscri\u00e7\u00f5es encerradas!","isPartOf":{"@id":"https:\/\/www.estrategiaconcursos.com.br\/blog\/#website"},"primaryImageOfPage":{"@id":"https:\/\/www.estrategiaconcursos.com.br\/blog\/edital-camara-de-sao-miguel-arcanjo\/#primaryimage"},"image":{"@id":"https:\/\/www.estrategiaconcursos.com.br\/blog\/edital-camara-de-sao-miguel-arcanjo\/#primaryimage"},"thumbnailUrl":"https:\/\/www.estrategiaconcursos.com.br\/blog\/wp-content\/uploads\/2019\/05\/coruja-ficha-tecnica-300x1025.png","datePublished":"2019-09-17T11:50:46+00:00","dateModified":"2019-10-29T11:52:07+00:00","breadcrumb":{"@id":"https:\/\/www.estrategiaconcursos.com.br\/blog\/edital-camara-de-sao-miguel-arcanjo\/#breadcrumb"},"inLanguage":"pt-BR","potentialAction":[{"@type":"ReadAction","target":["https:\/\/www.estrategiaconcursos.com.br\/blog\/edital-camara-de-sao-miguel-arcanjo\/"]}]},{"@type":"ImageObject","inLanguage":"pt-BR","@id":"https:\/\/www.estrategiaconcursos.com.br\/blog\/edital-camara-de-sao-miguel-arcanjo\/#primaryimage","url":"https:\/\/www.estrategiaconcursos.com.br\/blog\/wp-content\/uploads\/2019\/05\/coruja-ficha-tecnica-300x1025.png","contentUrl":"https:\/\/www.estrategiaconcursos.com.br\/blog\/wp-content\/uploads\/2019\/05\/coruja-ficha-tecnica-300x1025.png"},{"@type":"BreadcrumbList","@id":"https:\/\/www.estrategiaconcursos.com.br\/blog\/edital-camara-de-sao-miguel-arcanjo\/#breadcrumb","itemListElement":[{"@type":"ListItem","position":1,"name":"In\u00edcio","item":"https:\/\/www.estrategiaconcursos.com.br\/blog\/"},{"@type":"ListItem","position":2,"name":"Edital C\u00e2mara de S\u00e3o Miguel Arcanjo: inscri\u00e7\u00f5es encerradas!"}]},{"@type":"WebSite","@id":"https:\/\/www.estrategiaconcursos.com.br\/blog\/#website","url":"https:\/\/www.estrategiaconcursos.com.br\/blog\/","name":"Estrat\u00e9gia Concursos","description":"O blog da Estrat\u00e9gia Concursos traz not\u00edcias sobre concursos e artigos de professores oferecendo cursos para concursos (pdf + videaulas) no site.","publisher":{"@id":"https:\/\/www.estrategiaconcursos.com.br\/blog\/#organization"},"potentialAction":[{"@type":"SearchAction","target":{"@type":"EntryPoint","urlTemplate":"https:\/\/www.estrategiaconcursos.com.br\/blog\/?s={search_term_string}"},"query-input":{"@type":"PropertyValueSpecification","valueRequired":true,"valueName":"search_term_string"}}],"inLanguage":"pt-BR"},{"@type":"Organization","@id":"https:\/\/www.estrategiaconcursos.com.br\/blog\/#organization","name":"Estrat\u00e9gia Concursos","url":"https:\/\/www.estrategiaconcursos.com.br\/blog\/","logo":{"@type":"ImageObject","inLanguage":"pt-BR","@id":"https:\/\/www.estrategiaconcursos.com.br\/blog\/#\/schema\/logo\/image\/","url":"https:\/\/dhg1h5j42swfq.cloudfront.net\/2025\/06\/03203428\/logo_concursos-1.jpg","contentUrl":"https:\/\/dhg1h5j42swfq.cloudfront.net\/2025\/06\/03203428\/logo_concursos-1.jpg","width":230,"height":60,"caption":"Estrat\u00e9gia Concursos"},"image":{"@id":"https:\/\/www.estrategiaconcursos.com.br\/blog\/#\/schema\/logo\/image\/"},"sameAs":["https:\/\/x.com\/EstratConcursos"]},{"@type":"Person","@id":"https:\/\/www.estrategiaconcursos.com.br\/blog\/#\/schema\/person\/d2e7d78de4b9d6ba51cc24fd558a7f42","name":"Leandro Signori","image":{"@type":"ImageObject","inLanguage":"pt-BR","@id":"https:\/\/secure.gravatar.com\/avatar\/aa2ef98e93764dcf1758f52d2792d4b3e4089ee25bc520608dde62ad802ae541?s=96&d=mm&r=g","url":"https:\/\/secure.gravatar.com\/avatar\/aa2ef98e93764dcf1758f52d2792d4b3e4089ee25bc520608dde62ad802ae541?s=96&d=mm&r=g","contentUrl":"https:\/\/secure.gravatar.com\/avatar\/aa2ef98e93764dcf1758f52d2792d4b3e4089ee25bc520608dde62ad802ae541?s=96&d=mm&r=g","caption":"Leandro Signori"},"description":"Licenciado em Geografia pela Universidade Federal do Rio Grande do Sul (UFRGS) e Bacharel em Geografia pela Uniceub (Bras\u00edlia). Como servidor p\u00fablico, foi funcion\u00e1rio da Prefeitura de S\u00e3o Leopoldo (RS), Prefeitura de Porto Alegre (RS), Companhia Riograndense de Saneamento (Corsan) e Minist\u00e9rio da Integra\u00e7\u00e3o Nacional. \u00c9 professor de Geografia para o ensino m\u00e9dio na rede particular de ensino. Leciona as disciplinas de Atualidades, Conhecimentos Gerais, Geografia, Realidade Brasileira e Hist\u00f3ria, em cursos on line e presenciais preparat\u00f3rios para concursos p\u00fablicos.","sameAs":["https:\/\/www.facebook.com\/leandrosignoriatualidades\/"],"url":"https:\/\/www.estrategiaconcursos.com.br\/blog\/author\/leandroestrategiaconcursos-com-br\/"}]}},"_links":{"self":[{"href":"https:\/\/www.estrategiaconcursos.com.br\/blog\/wp-json\/wp\/v2\/posts\/418703","targetHints":{"allow":["GET"]}}],"collection":[{"href":"https:\/\/www.estrategiaconcursos.com.br\/blog\/wp-json\/wp\/v2\/posts"}],"about":[{"href":"https:\/\/www.estrategiaconcursos.com.br\/blog\/wp-json\/wp\/v2\/types\/post"}],"author":[{"embeddable":true,"href":"https:\/\/www.estrategiaconcursos.com.br\/blog\/wp-json\/wp\/v2\/users\/306"}],"replies":[{"embeddable":true,"href":"https:\/\/www.estrategiaconcursos.com.br\/blog\/wp-json\/wp\/v2\/comments?post=418703"}],"version-history":[{"count":4,"href":"https:\/\/www.estrategiaconcursos.com.br\/blog\/wp-json\/wp\/v2\/posts\/418703\/revisions"}],"predecessor-version":[{"id":441287,"href":"https:\/\/www.estrategiaconcursos.com.br\/blog\/wp-json\/wp\/v2\/posts\/418703\/revisions\/441287"}],"wp:attachment":[{"href":"https:\/\/www.estrategiaconcursos.com.br\/blog\/wp-json\/wp\/v2\/media?parent=418703"}],"wp:term":[{"taxonomy":"category","embeddable":true,"href":"https:\/\/www.estrategiaconcursos.com.br\/blog\/wp-json\/wp\/v2\/categories?post=418703"},{"taxonomy":"post_tag","embeddable":true,"href":"https:\/\/www.estrategiaconcursos.com.br\/blog\/wp-json\/wp\/v2\/tags?post=418703"},{"taxonomy":"tax_estado","embeddable":true,"href":"https:\/\/www.estrategiaconcursos.com.br\/blog\/wp-json\/wp\/v2\/tax_estado?post=418703"}],"curies":[{"name":"wp","href":"https:\/\/api.w.org\/{rel}","templated":true}]}}