{"id":418648,"date":"2019-09-10T18:51:59","date_gmt":"2019-09-10T21:51:59","guid":{"rendered":"https:\/\/www.estrategiaconcursos.com.br\/blog\/?p=418648"},"modified":"2020-02-17T12:15:51","modified_gmt":"2020-02-17T15:15:51","slug":"historia-mundial-cacd-2019","status":"publish","type":"post","link":"https:\/\/www.estrategiaconcursos.com.br\/blog\/historia-mundial-cacd-2019\/","title":{"rendered":"Hist\u00f3ria Mundial CACD 2019"},"content":{"rendered":"\n<p>Ol\u00e1 meus caros cacdistas!<\/p>\n\n\n\n<p>Depois da tens\u00e3o dessa prova de domingo, eu e Diogo trazemos a voc\u00eas nossos coment\u00e1rios, item a item, da prova de Hist\u00f3ria Mundial. N\u00e3o fugiu muito da tradi\u00e7\u00e3o, cobrando muitos detalhes por vezes. Sem delongas, vamos aos nossos coment\u00e1rios!<\/p>\n\n\n\n<p><\/p>\n\n\n\n<p>Prova tipo \u201cA\u201d<\/p>\n\n\n\n<p>55<\/p>\n\n\n\n<p>Nas condi\u00e7\u00f5es da \u00e9poca, a\ninsurrei\u00e7\u00e3o consistiu, em grande parte, em uma redistribui\u00e7\u00e3o das linguagens,\nn\u00e3o sendo apenas um caso no qual foi necess\u00e1rio recorrer \u00e0s armas. Presos como\nse estivessem sob o fogo de Par\u00e1clito, a diversos n\u00edveis, os colonizados davam\npor si a falar v\u00e1rias l\u00ednguas, em vez de uma \u00fanica.<\/p>\n\n\n\n<p>MBEMBE,\nAchille. <em>Sair da Grande Noite<\/em>: ensaio sobre a \u00c1frica descoloniza\u00e7\u00e3o.\nLuanda: Edi\u00e7\u00f5es Mulemba, 2014, p. 19-20, com adapta\u00e7\u00f5es.<\/p>\n\n\n\n<p>Considerando o texto apresentado,\na respeito da produ\u00e7\u00e3o intelectual africana anticolonialista, julgue (C ou E)\nos itens a seguir.<\/p>\n\n\n\n<p>1 Antes mesmo da conquista da\nindepend\u00eancia da maioria dos pa\u00edses africanos, o ganense Kwame Nkrumah, j\u00e1\ndefendia a ideia de que se encontrassem solu\u00e7\u00f5es africanas para o continente e\nque esse objetivo somente seria alcan\u00e7ado por meio da uni\u00e3o dos pa\u00edses\nafricanos.<\/p>\n\n\n\n<p><strong>Coment\u00e1rio:<\/strong><\/p>\n\n\n\n<p>Kwame Nkrumah (1909-1972) foi um\ndos pensadores por detr\u00e1s da cria\u00e7\u00e3o do movimento pan-africanista. Governou\nGana como primeiro-ministro entre 1957 e 1960 e como presidente entre 1960 e\n1966. Item correto.<\/p>\n\n\n\n<p>2 Apesar da importante produ\u00e7\u00e3o\nintelectual que antecedeu os movimentos de independ\u00eancia africana, os\nprincipais pensadores pol\u00edticos do continente foram alijados dos movimentos anticoloniais\ne n\u00e3o puderam participar dos primeiros governos constitu\u00eddos nos pr\u00f3prios\npa\u00edses.<\/p>\n\n\n\n<p><strong>Coment\u00e1rio:<\/strong><\/p>\n\n\n\n<p>\u00c9 infantil crer que todos os\nintelectuais por detr\u00e1s dos movimentos de independ\u00eancia africana n\u00e3o estiveram\npresentes nos primeiros governos. O pr\u00f3prio item 1 anula essa afirma\u00e7\u00e3o. Item errado.<\/p>\n\n\n\n<p>3 Para Agostinho Neto, Portugal era apenas o elo mais\nfraco de uma cadeia mais ampla de domina\u00e7\u00e3o dos povos, fundamentada nas\nestruturas de poder dos principais centros capitalistas europeus.<\/p>\n\n\n\n<p><strong>Coment\u00e1rio:<\/strong><\/p>\n\n\n\n<p>L\u00edder do MPLA, Agostinho Neto compartilhava dessa vis\u00e3o\nmarxista do capitalismo sobre as periferias do globo, cuja express\u00e3o m\u00e1xima era\no imperialismo. Item correto.<\/p>\n\n\n\n<p>4 Apesar de n\u00e3o ser africano,\nFrantz Fanon exerceu grande influ\u00eancia sobre os pensadores do continente,\nsobretudo no que toca \u00e0 an\u00e1lise das consequ\u00eancias psicol\u00f3gicas da coloniza\u00e7\u00e3o.<\/p>\n\n\n\n<p><strong>Coment\u00e1rio:<\/strong><\/p>\n\n\n\n<p>Fanon \u00e9 conhecido na academia por\nseu pensamento \u2018decolonial\u2019 e escreveu sobre a coloniza\u00e7\u00e3o, poder\u00edamos dizer,\nda forma pensar. Sua influ\u00eancia foi de fato muito importante sobre os\npensadores africanos e crescentemente no Ocidente. Item correto.<\/p>\n\n\n\n<p>56<\/p>\n\n\n\n<p>Nas d\u00e9cadas de 1950 e de 1960,\nregistraram-se sucessivos anos de prosperidade material e crescimento\necon\u00f4mico. Acerca desse per\u00edodo, conhecido como Era de Ouro do p\u00f3s-Segunda\nGuerra Mundial, julgue (C ou E) os itens a seguir.<\/p>\n\n\n\n<p>1 A expans\u00e3o econ\u00f4mica experimentada\nno mundo capitalista, na d\u00e9cada de 1950, n\u00e3o encontrou paralelo no mundo\nsocialista, onde os indicadores de produ\u00e7\u00e3o continuaram bem abaixo da m\u00e9dia\nmundial at\u00e9 pelo menos a d\u00e9cada de 1970.<\/p>\n\n\n\n<p><strong>Coment\u00e1rio:<\/strong><\/p>\n\n\n\n<p>Os indicadores de produ\u00e7\u00e3o no\nbloco sovi\u00e9tico indicaram alta entre os anos citados. Item errado.<\/p>\n\n\n\n<p>2 O crescimento econ\u00f4mico das\nd\u00e9cadas de 1950 e de 1960, registrado no mundo capitalista, deveu-se \u00e0\nelimina\u00e7\u00e3o do papel do Estado e \u00e0 desregulamenta\u00e7\u00e3o do mercado de trabalho.\nComo os \u00edndices de produ\u00e7\u00e3o e crescimento eram altos, tamb\u00e9m cresceram os\nsal\u00e1rios que tornaram poss\u00edvel o consumo em massa.<\/p>\n\n\n\n<p><strong>Coment\u00e1rio:<\/strong><\/p>\n\n\n\n<p>N\u00e3o houve desregulamenta\u00e7\u00e3o do\nmercado de trabalho ou elimina\u00e7\u00e3o do papel do Estado. Pelo contr\u00e1rio, na maior\nparte do mundo ocidental, o per\u00edodo p\u00f3s-guerra foi marcado pelo incremento do\npapel do Estado na economia. Item errado.<\/p>\n\n\n\n<p>3 A politiza\u00e7\u00e3o da quest\u00e3o\nambiental, por meio da funda\u00e7\u00e3o e do fortalecimento de partidos \u201cverdes\u201d na\nEuropa, \u00e9 contempor\u00e2nea da primeira crise do petr\u00f3leo, decorrente da eleva\u00e7\u00e3o\nem cerca de 400% dos pre\u00e7os da <em>commodity<\/em>.<\/p>\n\n\n\n<p><strong>Coment\u00e1rio:<\/strong><\/p>\n\n\n\n<p>De fato, o primeiro partido\nverde, fundado na Austr\u00e1lia, surgiu em 1972, contemporaneamente ao primeiro\nchoque do petr\u00f3leo. Todavia, a sua expans\u00e3o e populariza\u00e7\u00e3o na Europa se daria\napenas alguns anos mais tarde. Item capcioso, por\u00e9m correto.<\/p>\n\n\n\n<p>4 O capitalismo do p\u00f3s-guerra nos\npa\u00edses industrializados pode ser entendido como um am\u00e1lgama do liberalismo\necon\u00f4mico com democracia social, enriquecido pelo empr\u00e9stimo de experi\u00eancias de\nplanejamento econ\u00f4mico do mundo socialista.<\/p>\n\n\n\n<p><strong>Coment\u00e1rio:<\/strong><\/p>\n\n\n\n<p>Apesar do termo \u201cliberalismo\necon\u00f4mico\u201d ter-nos causado certa d\u00favida inicial, concordamos com o gabarito\npreliminar. Item correto.<\/p>\n\n\n\n<p>57<\/p>\n\n\n\n<p>No que concerne ao pensamento\necon\u00f4mico franc\u00eas no s\u00e9culo 18, julgue (C ou E) os itens a seguir.<\/p>\n\n\n\n<p>1 Os fisiocratas franceses,\nconhecidos como Les Economistes, defendiam que a lei econ\u00f4mica maior, em\nqualquer governo, deveria ser resumida no lema \u201c<em>laissez faire, laissez passe<\/em>\u201d,\nque sintetizava sua compreens\u00e3o fundamental de que o com\u00e9rcio, como fonte de\ntoda a riqueza, deveria ser livre da interven\u00e7\u00e3o governamental.<\/p>\n\n\n\n<p><strong>Coment\u00e1rio:<\/strong><\/p>\n\n\n\n<p>Os fisiocratas consideravam que a\nagricultura, n\u00e3o o com\u00e9rcio, era a fonte de toda real riqueza. Item errado.<\/p>\n\n\n\n<p>2 Ao assumir o posto de\ncontrolador-geral das finan\u00e7as na Fran\u00e7a, em 1774, o economista Anne Robert\nJacques Turgot procurou reduzir o descontrole do gasto p\u00fablico, inclusive por\nmeio da redu\u00e7\u00e3o do n\u00famero de sinecuras e da concess\u00e3o de novas pens\u00f5es\nestatais. Contudo, foi sua pol\u00edtica liberalizante do com\u00e9rcio que causou maior\nresist\u00eancia dos demais ministros e de especuladores do mercado. Essas cr\u00edticas,\nassociadas \u00e0s p\u00e9ssimas colheitas de 1775, minaram a confian\u00e7a de Lu\u00eds XVI e\nacabariam por inviabilizar a continuidade de Turgot \u00e0 frente da economia\nfrancesa.<\/p>\n\n\n\n<p><strong>Coment\u00e1rio:<\/strong><\/p>\n\n\n\n<p>Monsieur Turgot era liberal que\nprop\u00f4s profundas reformas no Estado e na economia franceses. No entanto,\njustamente quando liberalizou o mercado de gr\u00e3os, houve uma diminui\u00e7\u00e3o de\ncolheitas na Fran\u00e7a e aumento elevado de pre\u00e7os, resultando na guerra da\nfarinha de 1775. Os problemas de curto prazo decorrentes de seu programa\necon\u00f4mico fizeram com que o rei perdesse confian\u00e7a nele, for\u00e7ando-o a se\ndemitir. Item correto.<\/p>\n\n\n\n<p>3 De acordo com os te\u00f3ricos da\nfisiocracia, os Estados deveriam paulatinamente ser extintos, j\u00e1 que n\u00e3o passam\nde entrave desnecess\u00e1rio ao livre com\u00e9rcio de bens.<\/p>\n\n\n\n<p><strong>Coment\u00e1rio:<\/strong><\/p>\n\n\n\n<p>Os fisiocratas n\u00e3o propunham o\nfim do Estado como os libert\u00e1rios, os anarquistas ou os comunistas. Item errado.<\/p>\n\n\n\n<p>4 O modelo proposto por Fran\u00e7ois\nQuesnay, no respectivo Tableau Economique, ilustrava como interagiam, por meio\ndas trocas comerciais \u2013 ou seja, opera\u00e7\u00f5es de compra e venda \u2013, as classes\npropriet\u00e1ria (donos de terra), produtiva (trabalhadores da agricultura) e\nest\u00e9ril (de artes\u00e3os e mercadores).<\/p>\n\n\n\n<p><strong>Coment\u00e1rio:<\/strong><\/p>\n\n\n\n<p>Quesnay em sua obra divide a\nsociedade exatamente como afirma o item, entre propriet\u00e1rios, produtores e\nest\u00e9reis, lembrando sempre que para os fisiocratas \u00e9 a agricultura que gera\nreal riqueza. Item correto.<\/p>\n\n\n\n<p>58<\/p>\n\n\n\n<p>Ouvimos dizer que, no vosso\npr\u00f3prio pa\u00eds, o \u00f3pio \u00e9 proibido com o m\u00e1ximo rigor e severidade: esta \u00e9 uma\nforte prova de que sabeis muito bem como ele \u00e9 danoso para a humanidade. Como\nn\u00e3o permitis que ele fira vosso pr\u00f3prio pa\u00eds, n\u00e3o dever\u00edeis transferir droga\nt\u00e3o prejudicial a outro pa\u00eds, e menos ainda para o Imp\u00e9rio do Meio. Dos\nprodutos que a China exporta a vossos pa\u00edses, n\u00e3o h\u00e1 um que n\u00e3o seja ben\u00e9fico\npara a humanidade. Isso sem mencionar nosso ch\u00e1 e ruibarbo, coisas sem as quais\nvossos pa\u00edses estrangeiros n\u00e3o poderiam passar um dia. Se n\u00f3s, do Imp\u00e9rio Central,\nvos limit\u00e1ssemos do que \u00e9 ben\u00e9fico e vos priv\u00e1ssemos de vossos desejos, como\npoder\u00edeis v\u00f3s, estrangeiros, existir?<\/p>\n\n\n\n<p>LIN ZEXU.\nCarta de junho de 1839, Cant\u00e3o, para sua Majestade a Rainha Vit\u00f3ria da\nGr\u00e3-Bretanha e da Irlanda, Londres. 2 f. Sobre o com\u00e9rcio de \u00f3pio na China,\ntraduzido, com adapta\u00e7\u00f5es.<\/p>\n\n\n\n<p>No que se refere aos conflitos\nconhecidos como as Guerras do \u00d3pio (1839-1842 e 1856-1860), julgue (C ou E) os\nitens a seguir.<\/p>\n\n\n\n<p>1 As Guerras do \u00d3pio foram\nproduto direto da competi\u00e7\u00e3o entre as pot\u00eancias coloniais europeias e os\nEstados Unidos que disputavam entre si concess\u00f5es do governo de Pequim. <\/p>\n\n\n\n<p><strong>Coment\u00e1rio:<\/strong><\/p>\n\n\n\n<p>N\u00e3o houve participa\u00e7\u00e3o dos EUA\nnas guerras do \u00f3pio. Item errado.<\/p>\n\n\n\n<p>2 A incontest\u00e1vel vit\u00f3ria\nbrit\u00e2nica na primeira Guerra do \u00d3pio foi facilitada pelo controle ingl\u00eas sobre\no porto de Hong Kong.<\/p>\n\n\n\n<p><strong>Coment\u00e1rio:<\/strong><\/p>\n\n\n\n<p>O \u00fanico erro que encontramos\nneste item se refere \u00e0 informa\u00e7\u00e3o de que o controle brit\u00e2nico sobre Hong Kong\nse deu ao longo da primeira guerra do \u00f3pio. Em tese, Hong Kong apenas passou\npara o controle ingl\u00eas com o Trata de Nanquim, assinado em 1842, onde se\nestabeleciam as indeniza\u00e7\u00f5es de guerra. Item errado, por\u00e9m capcioso.<\/p>\n\n\n\n<p>3 Apenas com a derrota na segunda\nGuerra do \u00d3pio, a China viu-se obrigada a permitir a instala\u00e7\u00e3o de\nrepresenta\u00e7\u00f5es estrangeiras residentes na respectiva capital imperial.<\/p>\n\n\n\n<p><strong>Coment\u00e1rio:<\/strong><\/p>\n\n\n\n<p>De fato, ap\u00f3s a assinatura do\n\u201cTratado de Tianjin\u201d, o governo chin\u00eas se viu obrigado a p\u00f4r fim em sua\npol\u00edtica de intransig\u00eancia. Item correto.<\/p>\n\n\n\n<p>4 No per\u00edodo entre as hostilidades,\nbrit\u00e2nicos e franceses auxiliaram a dinastia Qing a derrotar um movimento rebelde\nchin\u00eas messi\u00e2nico de inspira\u00e7\u00e3o crist\u00e3, conhecido como Reino Celestial Taiping,\nsediado em Nanquim.<\/p>\n\n\n\n<p><strong>Coment\u00e1rio:<\/strong><\/p>\n\n\n\n<p>A felicidade bate \u00e0 porta dos\nprevenidos! Como comentado em nossas aulas em v\u00eddeo, a Rebeli\u00e3o Taiping foi, de\nfato, um movimento messi\u00e2nico e questionador da soberania da dinastia Qing\nsobre o Imp\u00e9rio do Meio articulado por Hong Xiuquan. Item correto.<\/p>\n\n\n\n<p>59<\/p>\n\n\n\n<p>Acerca do conjunto de ideias que\ncontribu\u00edram para a forma\u00e7\u00e3o do chamado Concerto Europeu, julgue (C ou E) os\nitens a seguir.<\/p>\n\n\n\n<p>1 O per\u00edodo de paz desfrutado pela Europa continental\nap\u00f3s as guerras napole\u00f4nicas pode ser atribu\u00eddo \u00e0 cria\u00e7\u00e3o de uma ordem\ncontinental fundamentada em um c\u00e1lculo realista de equil\u00edbrio de poder, a\ndespeito dos sistemas pol\u00edticos e de valores dos estados europeus que o\nconceberam.<\/p>\n\n\n\n<p><strong>Coment\u00e1rio:<\/strong><\/p>\n\n\n\n<p>Um dos grandes princ\u00edpios do Congresso de Viena era o\nequil\u00edbrio de poder no continente, depois uma quase total hegemonia francesa.\nEsse equil\u00edbrio seria orquestrado pelas grandes pot\u00eancias, que, entre si,\npossu\u00edam diverg\u00eancias quanto \u00e0 organiza\u00e7\u00e3o pol\u00edtica interna de seus pa\u00edses.\nNesse sentido, n\u00e3o consideramos o item errado, como afirma o gabarito.<\/p>\n\n\n\n<p>2 O projeto de paz proposto pelo\nCzar Alexandre I, anos antes do t\u00e9rmino das guerras napole\u00f4nicas, partia da\nado\u00e7\u00e3o generalizada de governos constitucionais com base em institui\u00e7\u00f5es\nliberais.<\/p>\n\n\n\n<p><strong>Coment\u00e1rio:<\/strong><\/p>\n\n\n\n<p>Item altamente pol\u00eamico. A das\npoucas refer\u00eancias encontradas desta quest\u00e3o foi a presente no livro <em>Revolutionary\nEurope (1750-1850)<\/em> de Jonathan Sperber, p. 289, em que o autor escreve en\npassant sobre o epis\u00f3dio. Correto, mas muito mais detalhista que todas as\nprovas anteriores.<\/p>\n\n\n\n<p>3 Na primeira d\u00e9cada do s\u00e9culo\n19, a Gr\u00e3-Bretanha do primeiro-ministro William Pitt definiu, como seu\nprincipal objetivo de pol\u00edtica internacional para a Europa do p\u00f3s-guerra, a\nrealiza\u00e7\u00e3o de interven\u00e7\u00f5es militares no continente sempre que necess\u00e1rio, de\nforma a evitar novos movimentos revolucion\u00e1rios.<\/p>\n\n\n\n<p><strong>Coment\u00e1rio:<\/strong><\/p>\n\n\n\n<p>A pol\u00edtica inglesa p\u00f3s-guerras\nnapole\u00f4nicas foi de evitar um ressurgimento da Fran\u00e7a como pot\u00eancia militar\nhegem\u00f4nica, mas n\u00e3o de intervir internamente nos pa\u00edses do continente de modo a\nevitar uma forma ou outra de governo. Item errado.<\/p>\n\n\n\n<p>4 Entre os artigos para a paz\nperp\u00e9tua entre os estados, propostos por Immanuel Kant, que mais influenciaram\nas pot\u00eancias europeias reunidas em Viena em 1814, destacam-se a meta de reduzir\ne eliminar gradativamente os ex\u00e9rcitos permanente e o princ\u00edpio de que nenhum\nEstado deve imiscuir-se pela for\u00e7a na constitui\u00e7\u00e3o e no governo de outro\nEstado.<\/p>\n\n\n\n<p><strong>Coment\u00e1rio:<\/strong><\/p>\n\n\n\n<p>Em verdade, em Viena temos a\nforma\u00e7\u00e3o da Qu\u00e1drupla Alian\u00e7a contra a Fran\u00e7a, mas tamb\u00e9m a Santa Alian\u00e7a que\nse propunha, sim, a intervir nos Estados europeus de modo a evitar revolu\u00e7\u00f5es,\nfossem elas liberais ou nacionalistas. Item errado.<\/p>\n\n\n\n<p>60<\/p>\n\n\n\n<p>Os Estados Unidos da Am\u00e9rica\n(EUA) foram forjados no crisol do Iluminismo. Nenhuma outra na\u00e7\u00e3o foi t\u00e3o\nmarcada por sua influ\u00eancia. Nossos ideais de liberdade e igualdade, o soar das\n\u201cverdades evidentes\u201d da Declara\u00e7\u00e3o de Independ\u00eancia e os tons mesurados da\nConstitui\u00e7\u00e3o e do Federalista, todos ecoam a linguagem do Iluminismo e\nexpressam suas mais profundas convic\u00e7\u00f5es a respeito da vida pol\u00edtica e dos\ndireitos naturais da humanidade.<\/p>\n\n\n\n<p>STALOFF, Darren. Hamilton, Adams,\nJefferson: the politics of Enlightenment and the American Founding. Nova\nYork: Hill and Wang, 2005, p. 3, traduzido, com adapta\u00e7\u00f5es.<\/p>\n\n\n\n<p>No que se refere ao tema\nprecedente e a seu contexto hist\u00f3rico, julgue (C ou E) os itens a seguir.<\/p>\n\n\n\n<p>1 Apesar dos princ\u00edpios\nconsagrados na Declara\u00e7\u00e3o de Independ\u00eancia e na Constitui\u00e7\u00e3o dos Estados\nUnidos, apenas a partir de 1801, com a Elei\u00e7\u00e3o de Thomas Jefferson, ganham\ncorpo as quest\u00f5es relativas \u00e0 maior democratiza\u00e7\u00e3o da pol\u00edtica americana e \u00e0\nbusca de princ\u00edpios igualit\u00e1rios, como a expans\u00e3o do direito ao voto no sentido\ndo sufr\u00e1gio universal de homens brancos.<\/p>\n\n\n\n<p><strong>Coment\u00e1rio:<\/strong><\/p>\n\n\n\n<p>O partido republicano-democrata,\nou jeffersoniano, era defensor de um modelo pol\u00edtico mais aberto e\nparticipativo, contrariamente a seus advers\u00e1rios pol\u00edticos, os federalistas,\nque temiam os excessos da \u201cdemocracia\u201d, tal como se entendia \u00e0 \u00e9poca. \u00c9 importante\nobservar, contudo, que a efetiva expans\u00e3o do voto para todos os homens brancos\ns\u00f3 se dar\u00e1 bem mais a frente. Item correto.<\/p>\n\n\n\n<p>2 O primeiro secret\u00e1rio do\nTesouro americano, Alexander Hamilton, refutou princ\u00edpios liberais e\nfisiocratas de sua era e defendeu a participa\u00e7\u00e3o estatal na economia com o\nobjetivo de proteger a ind\u00fastria nascente e garantir receitas governamentais.<\/p>\n\n\n\n<p><strong>Coment\u00e1rio:<\/strong><\/p>\n\n\n\n<p>Alexander Hamilton, da corrente\nfederalista, foi o primeiro secret\u00e1rio do Tesouro, durante o mandato de\nWashington. Suas ideias econ\u00f4micas partiam da concep\u00e7\u00e3o que os EUA deveriam\ncrescer industrialmente e, nesse sentido, haveria a necessidade de interven\u00e7\u00e3o\nestatal para prote\u00e7\u00e3o das manufaturas. Ademais, Hamilton prop\u00f4s a cria\u00e7\u00e3o (e\nconseguiu implementar) do primeiro \u201cBanco dos Estados Unidos\u201d, proposta que\ncausou conflitos pol\u00edticos com a corrente pol\u00edtica advers\u00e1ria, os\njeffersonianos. Item correto.<\/p>\n\n\n\n<p>3 Os princ\u00edpios jeffersonianos\nrelativos ao agrarismo, \u00e0 democracia participativa e ao ativismo revolucion\u00e1rio\nforam elementos constitutivos do partido republicano-democr\u00e1tico que governo os\nEUA nas primeiras tr\u00eas d\u00e9cadas do s\u00e9culo 19.<\/p>\n\n\n\n<p><strong>Coment\u00e1rio:<\/strong><\/p>\n\n\n\n<p>De fato, o item resume os\nprinc\u00edpios b\u00e1sicos do partido republicano-democrata de Jefferson. Poder\u00edamos\nainda somar, no aspecto externo, a simpatia pela Fran\u00e7a revolucion\u00e1ria. Item correto.<\/p>\n\n\n\n<p>4 A presid\u00eancia de John Adams foi\nmarcada por um per\u00edodo de estabilidade pol\u00edtica derivada de um amplo pacto\nentre federalistas e republicanos-democr\u00e1ticos ap\u00f3s a decis\u00e3o de George Washington\nde n\u00e3o concorrer \u00e0s elei\u00e7\u00f5es de 1796.<\/p>\n\n\n\n<p><strong>Coment\u00e1rio:<\/strong><\/p>\n\n\n\n<p>Au contraire! O per\u00edodo de Adams\na frente do governo foi marcado por ferrenhas disputadas entre federalistas e\njeffersonianos, principalmente com o Alien and Sediction Acts de 1798 que gerou\nas resolu\u00e7\u00f5es de Virg\u00ednia e Kentucky, uma primeira crise na rela\u00e7\u00e3o entre Uni\u00e3o\ne estados. Item errado.<\/p>\n\n\n\n<p>61<\/p>\n\n\n\n<p>Propor uma filia\u00e7\u00e3o, ou\nparentesco, entre a revolu\u00e7\u00e3o hisp\u00e2nica e a revolu\u00e7\u00e3o francesa \u00e9 inevit\u00e1vel. A\nrevolu\u00e7\u00e3o francesa n\u00e3o apenas abalou o equil\u00edbrio pol\u00edtico europeu, mas foi\ntamb\u00e9m um fen\u00f4meno social, pol\u00edtico e cultural t\u00e3o novo, que dominou \u2013 como\nmodelo ou como objeto de recha\u00e7o \u2013 todo o debate pol\u00edtico daquela \u00e9poca.<\/p>\n\n\n\n<p>GUERRA,\nFran\u00e7ois-Xavier. <em>Moderniad e independ\u00eancias: ensayos sobre las revoluciones\nhisp\u00e2nicas. <\/em>Madrid: Encuentro, 2009, p. 30, com adapta\u00e7\u00f5es.<\/p>\n\n\n\n<p>Acerca das revolu\u00e7\u00f5es mencionadas\nno texto, julgue (C ou E) os itens a seguir.<\/p>\n\n\n\n<p>1 Na sequ\u00eancia dos eventos de 1789, intelectuais\nfranceses procuraram difundir os pr\u00f3prios ide\u00e1rios pela Europa, estimulando a\nconvoca\u00e7\u00e3o de Cortes revolucion\u00e1rias. Embora a recep\u00e7\u00e3o inicial dessas\npropostas tenha sido positiva em regi\u00f5es como a Espanha, ela tamb\u00e9m foi\nencarada com hostilidade por diversos setores, sobretudo ap\u00f3s a execu\u00e7\u00e3o de\nLu\u00eds XVI e o in\u00edcio da persegui\u00e7\u00e3o religiosa.<\/p>\n\n\n\n<p><strong>Coment\u00e1rio:<\/strong><\/p>\n\n\n\n<p>Item mal formulado e pass\u00edvel de recurso! As ideias\nrevolucion\u00e1rias de fato foram divulgadas em diversas partes da Europa por\nl\u00edderes revolucion\u00e1rios franceses, incluso em PARTE DA ESPANHA. Eis a\u00ed, em\nnossa opini\u00e3o, o ponto de disc\u00f3rdia. As ideias revolucion\u00e1rias foram\nPARCIALMENTE recebidas na Espanha, basicamente nas \u00e1reas historicamente\nproblem\u00e1ticas do reino, a Catalunha e o Pa\u00eds Basco. Por\u00e9m, mesmo ali houve\nresist\u00eancia popular, dado o forte anticlericalismo das ideias levadas para\nestas regi\u00f5es. Por isso, apesar de ser dado como correto pelo gabarito\npreliminar, consideramos o item pass\u00edvel de recurso!<\/p>\n\n\n\n<p>2 As Juntas formadas em diversas\nregi\u00f5es da Am\u00e9rica espanhola, no contexto revolucion\u00e1rio, foram institu\u00eddas\npelos cabildos municipais. Reunindo representantes das elites locais, aderiram,\nna forma de um juramento de fidelidade, a Fernando VII. De modo geral,\nfundamentaram a respectiva resist\u00eancia ao jugo napole\u00f4nico segundo referenciais\ninscritos na tradi\u00e7\u00e3o da monarquia cat\u00f3lica espanhola.<\/p>\n\n\n\n<p><strong>Coment\u00e1rio:<\/strong><\/p>\n\n\n\n<p>Item muito bem formulado. De\nfato, as juntas provis\u00f3rias formadas na Am\u00e9rica espanhola a partir de 1808,\nbaseadas em longa e antiga tradi\u00e7\u00e3o mon\u00e1rquica contratual espanhola, juraram\nfidelidade ao leg\u00edtimo monarca, ent\u00e3o em cativeiro. Item correto.<\/p>\n\n\n\n<p>3 O car\u00e1ter tradicional das\nsociedades espanhola e hispanoamericana levou a que a circula\u00e7\u00e3o de not\u00edcias a\nrespeito dos acontecimentos revolucion\u00e1rios do fim do s\u00e9culo 18 e in\u00edcio do\ns\u00e9culo 19 fosse quase nula.<\/p>\n\n\n\n<p><strong>Coment\u00e1rio:<\/strong><\/p>\n\n\n\n<p>Houve ampla circula\u00e7\u00e3o de ideias\ne not\u00edcias pela Am\u00e9rica espanhola, incluso via universidades. Item errado.<\/p>\n\n\n\n<p>4 No \u00e2mbito dos direitos individuais e de propriedade, a\nConstitui\u00e7\u00e3o de C\u00e1diz incorporava elementos das constitui\u00e7\u00f5es francesas de\n1791, 1793 e 1795.<\/p>\n\n\n\n<p><strong>Coment\u00e1rio:<\/strong><\/p>\n\n\n\n<p>Uma quest\u00e3o um pouco complicada porque essas constitui\u00e7\u00f5es\nfrancesas possuem muitas diferen\u00e7as entre si. Contudo, no que se refere aos direitos\nindividuais e de propriedade, s\u00e3o relativamente semelhantes. A constituinte de\nC\u00e1diz, de car\u00e1ter liberal, apesar de se encontrar em luta contra os franceses,\nse inspirou no arcabou\u00e7ou pol\u00edtico deles para suas formula\u00e7\u00f5es pol\u00edticas. Item correto.<\/p>\n\n\n\n<p>62<\/p>\n\n\n\n<p>No que se refere ao contexto da\nRevolu\u00e7\u00e3o Mexicana, julgue (C ou E) os itens a seguir.<\/p>\n\n\n\n<p>1 Apesar do significativo\ncrescimento da economia mexicana durante o Porfiriato, os \u00edndices de pobreza\npermaneciam muito elevados, fator que est\u00e1 na origem de uma s\u00e9rie de\nmanifesta\u00e7\u00f5es de insatisfa\u00e7\u00e3o social.<\/p>\n\n\n\n<p><strong>Coment\u00e1rio:<\/strong><\/p>\n\n\n\n<p>Como vimos em nossa aula de Revolu\u00e7\u00e3o\nmexicana, o porfiriato incrementou a hist\u00f3ria rela\u00e7\u00e3o desigual entre criollos,\nposseiros e nativos quanto \u00e0 obten\u00e7\u00e3o de terras. Item correto.<\/p>\n\n\n\n<p>2 A Lei Lerdo desempenhou\nrelevante papel na escalada das tens\u00f5es pol\u00edticas no M\u00e9xico a partir de meados\ndo s\u00e9culo 19. No estado porfirista, contudo, as pol\u00edticas de amplia\u00e7\u00e3o legal da\npropriedade privada atenuaram o empobrecimento da popula\u00e7\u00e3o do campo.<\/p>\n\n\n\n<p><strong>Coment\u00e1rio:<\/strong><\/p>\n\n\n\n<p>Conforme comentado no item\nanterior, o per\u00edodo do porfirismo n\u00e3o atenuou o empobrecimento da popula\u00e7\u00e3o\ncampesina. Item errado.<\/p>\n\n\n\n<p>3 O l\u00edder campon\u00eas Emiliano\nZapata apoiou significativamente a Revolu\u00e7\u00e3o Mexicana comandando o Ex\u00e9rcito\nLibertado do Sul. A sua participa\u00e7\u00e3o nas lutas revolucion\u00e1rias encerrou-se com\na chegada de Francisco Madero \u00e0 presid\u00eancia do pa\u00eds e com a concretiza\u00e7\u00e3o das\nreformas relativas \u00e0 propriedade das terras.<\/p>\n\n\n\n<p><strong>Coment\u00e1rio:<\/strong><\/p>\n\n\n\n<p>Como sabemos, Zapata continuar\u00e1 a\nsua luta mesmo ap\u00f3s a chegada de Madero ao poder, uma vez que este n\u00e3o fez\nacenos positivos para as pautas caras ao revolucion\u00e1rio. Item errado.<\/p>\n\n\n\n<p>4 Uma das principais\nconsequ\u00eancias da Revolu\u00e7\u00e3o Mexicana foi a promulga\u00e7\u00e3o da Constitui\u00e7\u00e3o de 1917.\n\u00c9 correto caracteriz\u00e1-la como anticlerical, nacionalista e atenta aos direitos\ndos trabalhadores.<\/p>\n\n\n\n<p><strong>Coment\u00e1rio:<\/strong><\/p>\n\n\n\n<p>A constitui\u00e7\u00e3o de 1917,\npromulgada por Carranza, trazia em seu bojo diversos artigos que prezavam pelos\ntr\u00eas pontos elencados. Item correto.<\/p>\n\n\n\n<p>63<\/p>\n\n\n\n<p>Na segunda metade do s\u00e9culo19,\niniciou-se a ocupa\u00e7\u00e3o da chamada \u201c\u00faltima fronteira\u201d, com corridas do ouro respons\u00e1veis\npelo estabelecimento de uma s\u00e9rie de novas cidades e pela consequente expans\u00e3o\ndo territ\u00f3rio dos Estados Unidos da Am\u00e9rica (EUA).<\/p>\n\n\n\n<p>Com rela\u00e7\u00e3o ao processo citado,\njulgue (C ou E) os itens a seguir.<\/p>\n\n\n\n<p>1 As incurs\u00f5es no continente ao\nlongo do s\u00e9culo 19 lan\u00e7aram as bases da Doutrina Monroe, deflagrada no in\u00edcio\ndo s\u00e9culo 20 com o objetivo de orientar as rela\u00e7\u00f5es dos EUA com a Am\u00e9rica\nLatina.<\/p>\n\n\n\n<p><strong>Coment\u00e1rio:<\/strong><\/p>\n\n\n\n<p>Item muito simples. Temos dois\nerros muito simples. O primeiro \u00e9 de cronologia: a doutrina Monroe foi\nenunciada em 1823 e n\u00e3o no s\u00e9culo 20. O segundo est\u00e1 em estabelecer uma rela\u00e7\u00e3o\nentre o avan\u00e7o para o Oeste e a Doutrina. Item errado.<\/p>\n\n\n\n<p>2 Ocupa\u00e7\u00f5es do Grande Deserto\nsuscitadas pela febre do ouro ampliaram os conflitos entre garimpeiros e\npopula\u00e7\u00f5es amer\u00edndias, que ent\u00e3o viviam sobretudo da ca\u00e7a aos b\u00fafalos. As\ndisputas levaram a diversos massacres, que continuaram a ocorrer at\u00e9 o fim do\ns\u00e9culo 19, quando a institui\u00e7\u00e3o de reservas pacificou definitivamente as\nrela\u00e7\u00f5es entre as partes em conflito.<\/p>\n\n\n\n<p><strong>Coment\u00e1rio:<\/strong><\/p>\n\n\n\n<p>A institui\u00e7\u00e3o de reservas\nind\u00edgenas foi realizada j\u00e1 no governo de Andrew Jackson (1829-1837) e n\u00e3o no\nfim do 19. Item errado.<\/p>\n\n\n\n<p>3 A expans\u00e3o territorial foi\nbeneficiada pela implementa\u00e7\u00e3o de uma s\u00e9rie de estradas de ferro, que garantiam\na circula\u00e7\u00e3o de indiv\u00edduos e bens nos vastos espa\u00e7os que separavam os centros\nurbanos.<\/p>\n\n\n\n<p><strong>Coment\u00e1rio:<\/strong><\/p>\n\n\n\n<p>As estradas de ferro tiveram, no\nEUA, importante papel de integra\u00e7\u00e3o territorial e econ\u00f4mica entre os diversos\nn\u00facleos de povoamento do pa\u00eds. Item correto.<\/p>\n\n\n\n<p>4 A expans\u00e3o para o Oeste\nencerrou-se por volta de 1890, quando os \u00faltimos pioneiros participaram da\nconstru\u00e7\u00e3o de novas cidades para fugir da pobreza urbana dos respectivos\nterrit\u00f3rios de origem.<\/p>\n\n\n\n<p><strong>Coment\u00e1rio:<\/strong><\/p>\n\n\n\n<p>Uma quest\u00e3o controversa. Em 1890,\no Census Bureau anunciou o fim de uma fronteira discern\u00edvel ao Oeste. Contudo,\ntamb\u00e9m se pode considerar o fim da expans\u00e3o para o Oeste a entrada do estado do\nArizona \u00e0 Uni\u00e3o, em 1912. Item CONTEST\u00c1VEL.<\/p>\n\n\n\n<p>64<\/p>\n\n\n\n<p>A respeito do panorama das artes\nno s\u00e9culo 20, julgue (C ou E) os itens a seguir.<\/p>\n\n\n\n<p>1 Uma das caracter\u00edsticas\nmarcantes foi o uso de objetos do cotidiano, que passaram a ser investidos de\ninteresse art\u00edstico. Nesse contexto, Marcel Duchamp despontou como um dos\nprincipais defensores de um crit\u00e9rio de beleza alinhado aos interesses do\nmercado econ\u00f4mico.<\/p>\n\n\n\n<p><strong>Coment\u00e1rio:<\/strong><\/p>\n\n\n\n<p>Duchamp caminhou na contram\u00e3o do\nque est\u00e1 exposto no texto. Item errado.<\/p>\n\n\n\n<p>2 Artistas como Paul Klee e\nWassily Kadinsky foram relevantes no processo de consolida\u00e7\u00e3o da figura do\nartista contempor\u00e2neo. Entre os elementos mais importantes do movimento\nconceitual em que se inseriam, \u00e9 corretor destacar a soberania do ato criador\ncomo express\u00e3o da interioridade do indiv\u00edduo, a originalidade das obras de arte\ncomo tra\u00e7o distintivo dessa interioridade e a recusa de um di\u00e1logo imediato\nentre os artistas e os respectivos p\u00fablicos. <\/p>\n\n\n\n<p><strong>Coment\u00e1rio:<\/strong><\/p>\n\n\n\n<p>O item resume o b\u00e1sico sobre a\nprodu\u00e7\u00e3o desses dois artistas. Correto.<\/p>\n\n\n\n<p>3 A atribui\u00e7\u00e3o da beleza \u00e0s\nm\u00e1quinas \u00e9 um fen\u00f4meno relativamente recente. No s\u00e9culo 20, assistiu-se \u00e0\nemerg\u00eancia de uma est\u00e9tica industrial, no interior da qual as funcionalidades\nt\u00e9cnicas previstas no <em>design<\/em> associaram-se \u00e0 estetiza\u00e7\u00e3o das formas, de\nmodo a suscitar admira\u00e7\u00e3o e interesse p\u00fablico.<\/p>\n\n\n\n<p><strong>Coment\u00e1rio:<\/strong><\/p>\n\n\n\n<p>De fato, o s\u00e9culo XX assistiu ao\nencontro entre arte e est\u00e9tica industrial. Item correto.<\/p>\n\n\n\n<p>4 Um elemento significativo no\ncen\u00e1rio das artes do in\u00edcio do s\u00e9culo 20, sobretudo na Fran\u00e7a, foi a imprensa\ncultural. As revistas ilustradas frequentemente difundiam r\u00f3tulos estil\u00edsticos\ncomo o \u201ccubismo\u201d.<\/p>\n\n\n\n<p><strong>Coment\u00e1rio:<\/strong><\/p>\n\n\n\n<p>A literatura da <em>Belle \u00c9poque <\/em>foi\nmarcada pela difus\u00e3o das revistas ilustradas, incluso no Brasil. Item correto.<\/p>\n\n\n\n<p>65<\/p>\n\n\n\n<p>Em julho de 1945, aos oito anos\nde idade, embarquei em um bombardeiro ingl\u00eas e voamos para a minha\nTchecoslov\u00e1quia natal. Enquanto eu me encontrava em tr\u00e2nsito entre Londres e\nPrega, St\u00e1lin conversava cordialmente em Potsdam com Truman e Churchill. Em\np\u00fablico, ainda est\u00e1vamos todos do mesmo lado. A portas fechadas, contudo, um\nconfronto \u00e9pico tivera in\u00edcio.<\/p>\n\n\n\n<p>ALBRIGHT,\nMadeleine. <em>Fascismo<\/em>: um alerta. S\u00e3o Paulo: Planeta, 2018, p. 90-91, com\nadapta\u00e7\u00f5es.<\/p>\n\n\n\n<p>Com base no fragmento do texto\napresentado como refer\u00eancia inicial e considerando acontecimentos marcantes da\nhist\u00f3ria contempor\u00e2nea, julgue (C ou E) os itens a seguir.<\/p>\n\n\n\n<p>1 \u00daltima confer\u00eancia entre os\ntr\u00eas grandes l\u00edderes aliados na Segunda Guerra, Potsdam debateu o futuro da\nAlemanha derrotada: divis\u00e3o do pa\u00eds entre os vencedores, completa\ndesnazifica\u00e7\u00e3o e cria\u00e7\u00e3o de um tribunal para julgar criminosos de guerra.<\/p>\n\n\n\n<p><strong>Coment\u00e1rio:<\/strong><\/p>\n\n\n\n<p>Item tranquilo quanto \u00e0 descri\u00e7\u00e3o das decis\u00f5es de Potsdam. Item correto.<\/p>\n\n\n\n<p>2 O \u00faltimo per\u00edodo do texto\nanuncia o cen\u00e1rio internacional do p\u00f3s-Segunda Guerra: as rela\u00e7\u00f5es\ninternacionais regidas por uma realidade bipolar na qual Washington e Moscou\nemergiam como centros do poder mundial, \u00e0 frente de sistemas que se pretendiam\nantag\u00f4nicos, o capitalista e o socialista.<\/p>\n\n\n\n<p><strong>Coment\u00e1rio:<\/strong><\/p>\n\n\n\n<p>O item traz em sua reda\u00e7\u00e3o a\nconcep\u00e7\u00e3o cl\u00e1ssica acerca do per\u00edodo. Item correto.<\/p>\n\n\n\n<p>3 Entre os diversos conflitos que\nexplodiram em v\u00e1rias regi\u00f5es, ao longo da Guerra Fria, merecem destaque, pelas\npr\u00f3prias repercuss\u00f5es, a Guerra da Coreia, consolidando a divis\u00e3o da pen\u00ednsula\nem dois Estados, e a Guerra do Vietn\u00e3, na qual os Estados Unidos da Am\u00e9rica se\nenvolveram diretamente por muitos anos e da qual resultou a unifica\u00e7\u00e3o do pa\u00eds\nasi\u00e1tico, sob a lideran\u00e7a do norte comunista.<\/p>\n\n\n\n<p><strong>Coment\u00e1rio:<\/strong><\/p>\n\n\n\n<p>Mais uma defini\u00e7\u00e3o gen\u00e9rica e\ncorreta em sua descri\u00e7\u00e3o. Correto!<\/p>\n\n\n\n<p>4 A constru\u00e7\u00e3o dos Estados\nnacionais, no s\u00e9culo 19, teve, no processo de unidade alem\u00e3 e italiana, duas\nexpress\u00f5es significativas do papel do nacionalismo naquele contexto da hist\u00f3ria\neuropeia. A partir das d\u00e9cadas finais desse s\u00e9culo, o radicalismo alimentou\nsonhos expansionistas que contribu\u00edram para a eclos\u00e3o de duas guerras mundiais\nno s\u00e9culo 20.<\/p>\n\n\n\n<p><strong>Coment\u00e1rio:<\/strong><\/p>\n\n\n\n<p>As duas unifica\u00e7\u00f5es ajudaram a alimentar em seus povos e no restante da Europa o nascimento de uma concep\u00e7\u00e3o nacionalista e expansionista por parte de muitos pa\u00edses europeus. Item correto.<\/p>\n\n\n\n<p><\/p>\n","protected":false},"excerpt":{"rendered":"<p>Ol\u00e1 meus caros cacdistas! Depois da tens\u00e3o dessa prova de domingo, eu e Diogo trazemos a voc\u00eas nossos coment\u00e1rios, item a item, da prova de Hist\u00f3ria Mundial. N\u00e3o fugiu muito da tradi\u00e7\u00e3o, cobrando muitos detalhes por vezes. Sem delongas, vamos aos nossos coment\u00e1rios! Prova tipo \u201cA\u201d 55 Nas condi\u00e7\u00f5es da \u00e9poca, a insurrei\u00e7\u00e3o consistiu, em [&hellip;]<\/p>\n","protected":false},"author":682,"featured_media":0,"comment_status":"open","ping_status":"closed","sticky":false,"template":"","format":"standard","meta":{"post_tipo":"article","footnotes":""},"categories":[1,164300],"tags":[2380],"tax_estado":[],"class_list":["post-418648","post","type-post","status-publish","format-standard","hentry","category-cursos-e-concursos","category-concurso-diplomacia","tag-diplomata"],"acf":[],"yoast_head":"<!-- This site is optimized with the Yoast SEO Premium plugin v27.2 (Yoast SEO v27.2) - https:\/\/yoast.com\/product\/yoast-seo-premium-wordpress\/ -->\n<title>Hist\u00f3ria Mundial CACD 2019<\/title>\n<meta name=\"robots\" content=\"index, follow, max-snippet:-1, max-image-preview:large, max-video-preview:-1\" \/>\n<link rel=\"canonical\" href=\"https:\/\/www.estrategiaconcursos.com.br\/blog\/historia-mundial-cacd-2019\/\" \/>\n<meta property=\"og:locale\" content=\"pt_BR\" \/>\n<meta property=\"og:type\" content=\"article\" \/>\n<meta property=\"og:title\" content=\"Hist\u00f3ria Mundial CACD 2019\" \/>\n<meta property=\"og:description\" content=\"Ol\u00e1 meus caros cacdistas! Depois da tens\u00e3o dessa prova de domingo, eu e Diogo trazemos a voc\u00eas nossos coment\u00e1rios, item a item, da prova de Hist\u00f3ria Mundial. N\u00e3o fugiu muito da tradi\u00e7\u00e3o, cobrando muitos detalhes por vezes. Sem delongas, vamos aos nossos coment\u00e1rios! Prova tipo \u201cA\u201d 55 Nas condi\u00e7\u00f5es da \u00e9poca, a insurrei\u00e7\u00e3o consistiu, em [&hellip;]\" \/>\n<meta property=\"og:url\" content=\"https:\/\/www.estrategiaconcursos.com.br\/blog\/historia-mundial-cacd-2019\/\" \/>\n<meta property=\"og:site_name\" content=\"Estrat\u00e9gia Concursos\" \/>\n<meta property=\"article:published_time\" content=\"2019-09-10T21:51:59+00:00\" \/>\n<meta property=\"article:modified_time\" content=\"2020-02-17T15:15:51+00:00\" \/>\n<meta name=\"author\" content=\"Pedro Henrique Soares Santos\" \/>\n<meta name=\"twitter:card\" content=\"summary_large_image\" \/>\n<meta name=\"twitter:creator\" content=\"@EstratConcursos\" \/>\n<meta name=\"twitter:site\" content=\"@EstratConcursos\" \/>\n<meta name=\"twitter:label1\" content=\"Escrito por\" \/>\n\t<meta name=\"twitter:data1\" content=\"Pedro Henrique Soares Santos\" \/>\n\t<meta name=\"twitter:label2\" content=\"Est. tempo de leitura\" \/>\n\t<meta name=\"twitter:data2\" content=\"22 minutos\" \/>\n<script type=\"application\/ld+json\" class=\"yoast-schema-graph\">{\"@context\":\"https:\/\/schema.org\",\"@graph\":[{\"@type\":\"NewsArticle\",\"@id\":\"https:\/\/www.estrategiaconcursos.com.br\/blog\/historia-mundial-cacd-2019\/#article\",\"isPartOf\":{\"@id\":\"https:\/\/www.estrategiaconcursos.com.br\/blog\/historia-mundial-cacd-2019\/\"},\"author\":{\"name\":\"Pedro Henrique Soares Santos\",\"@id\":\"https:\/\/www.estrategiaconcursos.com.br\/blog\/#\/schema\/person\/85b0c2b59cacdd61867c8dac1d051287\"},\"headline\":\"Hist\u00f3ria Mundial CACD 2019\",\"datePublished\":\"2019-09-10T21:51:59+00:00\",\"dateModified\":\"2020-02-17T15:15:51+00:00\",\"mainEntityOfPage\":{\"@id\":\"https:\/\/www.estrategiaconcursos.com.br\/blog\/historia-mundial-cacd-2019\/\"},\"wordCount\":4495,\"commentCount\":0,\"publisher\":{\"@id\":\"https:\/\/www.estrategiaconcursos.com.br\/blog\/#organization\"},\"keywords\":[\"Diplomata\"],\"articleSection\":[\"Concursos P\u00fablicos\",\"Diplomacia (CACD)\"],\"inLanguage\":\"pt-BR\",\"potentialAction\":[{\"@type\":\"CommentAction\",\"name\":\"Comment\",\"target\":[\"https:\/\/www.estrategiaconcursos.com.br\/blog\/historia-mundial-cacd-2019\/#respond\"]}],\"copyrightYear\":\"2019\",\"copyrightHolder\":{\"@id\":\"https:\/\/www.estrategiaconcursos.com.br\/blog\/#organization\"}},{\"@type\":\"WebPage\",\"@id\":\"https:\/\/www.estrategiaconcursos.com.br\/blog\/historia-mundial-cacd-2019\/\",\"url\":\"https:\/\/www.estrategiaconcursos.com.br\/blog\/historia-mundial-cacd-2019\/\",\"name\":\"Hist\u00f3ria Mundial CACD 2019\",\"isPartOf\":{\"@id\":\"https:\/\/www.estrategiaconcursos.com.br\/blog\/#website\"},\"datePublished\":\"2019-09-10T21:51:59+00:00\",\"dateModified\":\"2020-02-17T15:15:51+00:00\",\"breadcrumb\":{\"@id\":\"https:\/\/www.estrategiaconcursos.com.br\/blog\/historia-mundial-cacd-2019\/#breadcrumb\"},\"inLanguage\":\"pt-BR\",\"potentialAction\":[{\"@type\":\"ReadAction\",\"target\":[\"https:\/\/www.estrategiaconcursos.com.br\/blog\/historia-mundial-cacd-2019\/\"]}]},{\"@type\":\"BreadcrumbList\",\"@id\":\"https:\/\/www.estrategiaconcursos.com.br\/blog\/historia-mundial-cacd-2019\/#breadcrumb\",\"itemListElement\":[{\"@type\":\"ListItem\",\"position\":1,\"name\":\"In\u00edcio\",\"item\":\"https:\/\/www.estrategiaconcursos.com.br\/blog\/\"},{\"@type\":\"ListItem\",\"position\":2,\"name\":\"Hist\u00f3ria Mundial CACD 2019\"}]},{\"@type\":\"WebSite\",\"@id\":\"https:\/\/www.estrategiaconcursos.com.br\/blog\/#website\",\"url\":\"https:\/\/www.estrategiaconcursos.com.br\/blog\/\",\"name\":\"Estrat\u00e9gia Concursos\",\"description\":\"O blog da Estrat\u00e9gia Concursos traz not\u00edcias sobre concursos e artigos de professores oferecendo cursos para concursos (pdf + videaulas) no site.\",\"publisher\":{\"@id\":\"https:\/\/www.estrategiaconcursos.com.br\/blog\/#organization\"},\"potentialAction\":[{\"@type\":\"SearchAction\",\"target\":{\"@type\":\"EntryPoint\",\"urlTemplate\":\"https:\/\/www.estrategiaconcursos.com.br\/blog\/?s={search_term_string}\"},\"query-input\":{\"@type\":\"PropertyValueSpecification\",\"valueRequired\":true,\"valueName\":\"search_term_string\"}}],\"inLanguage\":\"pt-BR\"},{\"@type\":\"Organization\",\"@id\":\"https:\/\/www.estrategiaconcursos.com.br\/blog\/#organization\",\"name\":\"Estrat\u00e9gia Concursos\",\"url\":\"https:\/\/www.estrategiaconcursos.com.br\/blog\/\",\"logo\":{\"@type\":\"ImageObject\",\"inLanguage\":\"pt-BR\",\"@id\":\"https:\/\/www.estrategiaconcursos.com.br\/blog\/#\/schema\/logo\/image\/\",\"url\":\"https:\/\/dhg1h5j42swfq.cloudfront.net\/2025\/06\/03203428\/logo_concursos-1.jpg\",\"contentUrl\":\"https:\/\/dhg1h5j42swfq.cloudfront.net\/2025\/06\/03203428\/logo_concursos-1.jpg\",\"width\":230,\"height\":60,\"caption\":\"Estrat\u00e9gia Concursos\"},\"image\":{\"@id\":\"https:\/\/www.estrategiaconcursos.com.br\/blog\/#\/schema\/logo\/image\/\"},\"sameAs\":[\"https:\/\/x.com\/EstratConcursos\"]},{\"@type\":\"Person\",\"@id\":\"https:\/\/www.estrategiaconcursos.com.br\/blog\/#\/schema\/person\/85b0c2b59cacdd61867c8dac1d051287\",\"name\":\"Pedro Henrique Soares Santos\",\"image\":{\"@type\":\"ImageObject\",\"inLanguage\":\"pt-BR\",\"@id\":\"https:\/\/secure.gravatar.com\/avatar\/12351eb9b1875b2f8caf3ca20dc1d1d0a0033d13067e427b15c7cd9fcf63af0d?s=96&d=mm&r=g\",\"url\":\"https:\/\/secure.gravatar.com\/avatar\/12351eb9b1875b2f8caf3ca20dc1d1d0a0033d13067e427b15c7cd9fcf63af0d?s=96&d=mm&r=g\",\"contentUrl\":\"https:\/\/secure.gravatar.com\/avatar\/12351eb9b1875b2f8caf3ca20dc1d1d0a0033d13067e427b15c7cd9fcf63af0d?s=96&d=mm&r=g\",\"caption\":\"Pedro Henrique Soares Santos\"},\"url\":\"https:\/\/www.estrategiaconcursos.com.br\/blog\/author\/soaresantos-hisgmail-com\/\"}]}<\/script>\n<!-- \/ Yoast SEO Premium plugin. -->","yoast_head_json":{"title":"Hist\u00f3ria Mundial CACD 2019","robots":{"index":"index","follow":"follow","max-snippet":"max-snippet:-1","max-image-preview":"max-image-preview:large","max-video-preview":"max-video-preview:-1"},"canonical":"https:\/\/www.estrategiaconcursos.com.br\/blog\/historia-mundial-cacd-2019\/","og_locale":"pt_BR","og_type":"article","og_title":"Hist\u00f3ria Mundial CACD 2019","og_description":"Ol\u00e1 meus caros cacdistas! Depois da tens\u00e3o dessa prova de domingo, eu e Diogo trazemos a voc\u00eas nossos coment\u00e1rios, item a item, da prova de Hist\u00f3ria Mundial. N\u00e3o fugiu muito da tradi\u00e7\u00e3o, cobrando muitos detalhes por vezes. Sem delongas, vamos aos nossos coment\u00e1rios! Prova tipo \u201cA\u201d 55 Nas condi\u00e7\u00f5es da \u00e9poca, a insurrei\u00e7\u00e3o consistiu, em [&hellip;]","og_url":"https:\/\/www.estrategiaconcursos.com.br\/blog\/historia-mundial-cacd-2019\/","og_site_name":"Estrat\u00e9gia Concursos","article_published_time":"2019-09-10T21:51:59+00:00","article_modified_time":"2020-02-17T15:15:51+00:00","author":"Pedro Henrique Soares Santos","twitter_card":"summary_large_image","twitter_creator":"@EstratConcursos","twitter_site":"@EstratConcursos","twitter_misc":{"Escrito por":"Pedro Henrique Soares Santos","Est. tempo de leitura":"22 minutos"},"schema":{"@context":"https:\/\/schema.org","@graph":[{"@type":"NewsArticle","@id":"https:\/\/www.estrategiaconcursos.com.br\/blog\/historia-mundial-cacd-2019\/#article","isPartOf":{"@id":"https:\/\/www.estrategiaconcursos.com.br\/blog\/historia-mundial-cacd-2019\/"},"author":{"name":"Pedro Henrique Soares Santos","@id":"https:\/\/www.estrategiaconcursos.com.br\/blog\/#\/schema\/person\/85b0c2b59cacdd61867c8dac1d051287"},"headline":"Hist\u00f3ria Mundial CACD 2019","datePublished":"2019-09-10T21:51:59+00:00","dateModified":"2020-02-17T15:15:51+00:00","mainEntityOfPage":{"@id":"https:\/\/www.estrategiaconcursos.com.br\/blog\/historia-mundial-cacd-2019\/"},"wordCount":4495,"commentCount":0,"publisher":{"@id":"https:\/\/www.estrategiaconcursos.com.br\/blog\/#organization"},"keywords":["Diplomata"],"articleSection":["Concursos P\u00fablicos","Diplomacia (CACD)"],"inLanguage":"pt-BR","potentialAction":[{"@type":"CommentAction","name":"Comment","target":["https:\/\/www.estrategiaconcursos.com.br\/blog\/historia-mundial-cacd-2019\/#respond"]}],"copyrightYear":"2019","copyrightHolder":{"@id":"https:\/\/www.estrategiaconcursos.com.br\/blog\/#organization"}},{"@type":"WebPage","@id":"https:\/\/www.estrategiaconcursos.com.br\/blog\/historia-mundial-cacd-2019\/","url":"https:\/\/www.estrategiaconcursos.com.br\/blog\/historia-mundial-cacd-2019\/","name":"Hist\u00f3ria Mundial CACD 2019","isPartOf":{"@id":"https:\/\/www.estrategiaconcursos.com.br\/blog\/#website"},"datePublished":"2019-09-10T21:51:59+00:00","dateModified":"2020-02-17T15:15:51+00:00","breadcrumb":{"@id":"https:\/\/www.estrategiaconcursos.com.br\/blog\/historia-mundial-cacd-2019\/#breadcrumb"},"inLanguage":"pt-BR","potentialAction":[{"@type":"ReadAction","target":["https:\/\/www.estrategiaconcursos.com.br\/blog\/historia-mundial-cacd-2019\/"]}]},{"@type":"BreadcrumbList","@id":"https:\/\/www.estrategiaconcursos.com.br\/blog\/historia-mundial-cacd-2019\/#breadcrumb","itemListElement":[{"@type":"ListItem","position":1,"name":"In\u00edcio","item":"https:\/\/www.estrategiaconcursos.com.br\/blog\/"},{"@type":"ListItem","position":2,"name":"Hist\u00f3ria Mundial CACD 2019"}]},{"@type":"WebSite","@id":"https:\/\/www.estrategiaconcursos.com.br\/blog\/#website","url":"https:\/\/www.estrategiaconcursos.com.br\/blog\/","name":"Estrat\u00e9gia Concursos","description":"O blog da Estrat\u00e9gia Concursos traz not\u00edcias sobre concursos e artigos de professores oferecendo cursos para concursos (pdf + videaulas) no site.","publisher":{"@id":"https:\/\/www.estrategiaconcursos.com.br\/blog\/#organization"},"potentialAction":[{"@type":"SearchAction","target":{"@type":"EntryPoint","urlTemplate":"https:\/\/www.estrategiaconcursos.com.br\/blog\/?s={search_term_string}"},"query-input":{"@type":"PropertyValueSpecification","valueRequired":true,"valueName":"search_term_string"}}],"inLanguage":"pt-BR"},{"@type":"Organization","@id":"https:\/\/www.estrategiaconcursos.com.br\/blog\/#organization","name":"Estrat\u00e9gia Concursos","url":"https:\/\/www.estrategiaconcursos.com.br\/blog\/","logo":{"@type":"ImageObject","inLanguage":"pt-BR","@id":"https:\/\/www.estrategiaconcursos.com.br\/blog\/#\/schema\/logo\/image\/","url":"https:\/\/dhg1h5j42swfq.cloudfront.net\/2025\/06\/03203428\/logo_concursos-1.jpg","contentUrl":"https:\/\/dhg1h5j42swfq.cloudfront.net\/2025\/06\/03203428\/logo_concursos-1.jpg","width":230,"height":60,"caption":"Estrat\u00e9gia Concursos"},"image":{"@id":"https:\/\/www.estrategiaconcursos.com.br\/blog\/#\/schema\/logo\/image\/"},"sameAs":["https:\/\/x.com\/EstratConcursos"]},{"@type":"Person","@id":"https:\/\/www.estrategiaconcursos.com.br\/blog\/#\/schema\/person\/85b0c2b59cacdd61867c8dac1d051287","name":"Pedro Henrique Soares Santos","image":{"@type":"ImageObject","inLanguage":"pt-BR","@id":"https:\/\/secure.gravatar.com\/avatar\/12351eb9b1875b2f8caf3ca20dc1d1d0a0033d13067e427b15c7cd9fcf63af0d?s=96&d=mm&r=g","url":"https:\/\/secure.gravatar.com\/avatar\/12351eb9b1875b2f8caf3ca20dc1d1d0a0033d13067e427b15c7cd9fcf63af0d?s=96&d=mm&r=g","contentUrl":"https:\/\/secure.gravatar.com\/avatar\/12351eb9b1875b2f8caf3ca20dc1d1d0a0033d13067e427b15c7cd9fcf63af0d?s=96&d=mm&r=g","caption":"Pedro Henrique Soares Santos"},"url":"https:\/\/www.estrategiaconcursos.com.br\/blog\/author\/soaresantos-hisgmail-com\/"}]}},"_links":{"self":[{"href":"https:\/\/www.estrategiaconcursos.com.br\/blog\/wp-json\/wp\/v2\/posts\/418648","targetHints":{"allow":["GET"]}}],"collection":[{"href":"https:\/\/www.estrategiaconcursos.com.br\/blog\/wp-json\/wp\/v2\/posts"}],"about":[{"href":"https:\/\/www.estrategiaconcursos.com.br\/blog\/wp-json\/wp\/v2\/types\/post"}],"author":[{"embeddable":true,"href":"https:\/\/www.estrategiaconcursos.com.br\/blog\/wp-json\/wp\/v2\/users\/682"}],"replies":[{"embeddable":true,"href":"https:\/\/www.estrategiaconcursos.com.br\/blog\/wp-json\/wp\/v2\/comments?post=418648"}],"version-history":[{"count":1,"href":"https:\/\/www.estrategiaconcursos.com.br\/blog\/wp-json\/wp\/v2\/posts\/418648\/revisions"}],"predecessor-version":[{"id":418652,"href":"https:\/\/www.estrategiaconcursos.com.br\/blog\/wp-json\/wp\/v2\/posts\/418648\/revisions\/418652"}],"wp:attachment":[{"href":"https:\/\/www.estrategiaconcursos.com.br\/blog\/wp-json\/wp\/v2\/media?parent=418648"}],"wp:term":[{"taxonomy":"category","embeddable":true,"href":"https:\/\/www.estrategiaconcursos.com.br\/blog\/wp-json\/wp\/v2\/categories?post=418648"},{"taxonomy":"post_tag","embeddable":true,"href":"https:\/\/www.estrategiaconcursos.com.br\/blog\/wp-json\/wp\/v2\/tags?post=418648"},{"taxonomy":"tax_estado","embeddable":true,"href":"https:\/\/www.estrategiaconcursos.com.br\/blog\/wp-json\/wp\/v2\/tax_estado?post=418648"}],"curies":[{"name":"wp","href":"https:\/\/api.w.org\/{rel}","templated":true}]}}