{"id":418446,"date":"2019-09-10T15:15:05","date_gmt":"2019-09-10T18:15:05","guid":{"rendered":"https:\/\/www.estrategiaconcursos.com.br\/blog\/?p=418446"},"modified":"2019-09-16T12:01:54","modified_gmt":"2019-09-16T15:01:54","slug":"edital-semed-sao-cristovao","status":"publish","type":"post","link":"https:\/\/www.estrategiaconcursos.com.br\/blog\/edital-semed-sao-cristovao\/","title":{"rendered":"Edital SEMED S\u00e3o Crist\u00f3v\u00e3o: Saiu edital com 27 vagas imediatas + CR"},"content":{"rendered":"\n<p>Foi publicado Nesta ter\u00e7a-feira o edital do concurso da Secretaria Municipal de Educa\u00e7\u00e3o de S\u00e3o Crist\u00f3v\u00e3o, Sergipe. S\u00e3o ofertadas 27 vagas imediatas e possibilidade de cadastro de reserva para a carreira de Professor de Educa\u00e7\u00e3o B\u00e1sica.<\/p>\n\n\n\n<p>Mesmo com apenas um cargo, as vagas s\u00e3o distribu\u00eddas entre diversas especialidades. Os interessados no certame j\u00e1 podem realizar sua inscri\u00e7\u00e3o atrav\u00e9s do site da banca organizadora, o Cespe.<\/p>\n\n\n\n<ul class=\"wp-block-list\"><li><a href=\"#principais-datas\"><em>Principais datas do concurso<\/em><\/a><\/li><li><a href=\"#cargos,vagas-e-remunera\u00e7\u00f5es\"><em>Cargos, vagas e remunera\u00e7\u00f5es<\/em><\/a><\/li><li><a href=\"#requisitos-dos-cargos\"><em>Requisitos dos cargos<\/em><\/a><\/li><li><a href=\"#etapas-do-concurso\"><em>Etapas do concurso<\/em><\/a><\/li><\/ul>\n\n\n\n<h2 class=\"wp-block-heading\" id=\"principais-datas\">Principais datas do concurso<\/h2>\n\n\n\n<p class=\"has-background has-very-light-gray-background-color\"><strong>Per\u00edodo de inscri\u00e7\u00f5es:<\/strong> de 3 de setembro at\u00e9 23 de setembro<br \/><strong>Taxa de inscri\u00e7\u00e3o:<\/strong> R$ 110<br \/><strong>Data das provas:<\/strong> 11 de novembro<\/p>\n\n\n\n<h2 class=\"wp-block-heading\" id=\"cargos,vagas-e-remunera\u00e7\u00f5es\">Cargos, vagas e remunera\u00e7\u00f5es<\/h2>\n\n\n\n<p>Como anteriormente mencionado, o edital abriu oportunidades para o cargo de Professor de Educa\u00e7\u00e3o B\u00e1sica, que tem como requisito m\u00ednimo a forma\u00e7\u00e3o em n\u00edvel superior.<\/p>\n\n\n\n<p>No entanto as vagas s\u00e3o distribu\u00eddas de acordo com disciplinas espec\u00edficas. Confira abaixo o n\u00famero exato de oportunidades por \u00e1rea:<\/p>\n\n\n\n<p><strong>Cargo:<\/strong> Professor de Educa\u00e7\u00e3o B\u00e1sica \u2013 Educa\u00e7\u00e3o Infantil e Ensino Fundamental (1\u00ba ao 5\u00ba ano) <br \/><strong>Vagas:<\/strong> 20 + CR<\/p>\n\n\n\n<p><strong>Cargo:<\/strong> Professor de Educa\u00e7\u00e3o B\u00e1sica \u2013 Disciplina: Arte <br \/><strong>Vagas:<\/strong> CR<\/p>\n\n\n\n<p><strong>Cargo:<\/strong> Professor de Educa\u00e7\u00e3o B\u00e1sica \u2013 Disciplina: Ci\u00eancias <br \/><strong>Vagas:<\/strong> 1 + CR<\/p>\n\n\n\n<p><strong>Cargo:<\/strong> Professor de Educa\u00e7\u00e3o B\u00e1sica \u2013 Disciplina: Educa\u00e7\u00e3o F\u00edsica <br \/><strong>Vagas:<\/strong> 1 + CR<\/p>\n\n\n\n<p><strong>Cargo:<\/strong> Professor de Educa\u00e7\u00e3o B\u00e1sica \u2013 Disciplina: Geografia <br \/><strong>Vagas:<\/strong> 1 + CR<\/p>\n\n\n\n<p><strong>Cargo:<\/strong> Professor de Educa\u00e7\u00e3o B\u00e1sica \u2013 Disciplina: Hist\u00f3ria <br \/><strong>Vagas:<\/strong> 1 + CR<\/p>\n\n\n\n<p><strong>Cargo:<\/strong> Professor de Educa\u00e7\u00e3o B\u00e1sica \u2013 Disciplina: Ingl\u00eas <br \/><strong>Vagas:<\/strong> 1 + CR<\/p>\n\n\n\n<p><strong>Cargo:<\/strong> Professor de Educa\u00e7\u00e3o B\u00e1sica \u2013 Disciplina: Matem\u00e1tica <br \/><strong>Vagas:<\/strong> 1+ CR<\/p>\n\n\n\n<p><strong>Cargo: <\/strong>Professor de Educa\u00e7\u00e3o B\u00e1sica \u2013 Disciplina: Portugu\u00eas  <br \/><strong>Vagas:<\/strong> 1 + CR<\/p>\n\n\n\n<p>A remunera\u00e7\u00e3o inicial de todos os cargos \u00e9 de <strong><em>R$ 2.183,71<\/em><\/strong>, para uma carga hor\u00e1ria de 160 horas mensais de trabalho. Nelas estando inclu\u00eddas as horas-atividade correspondentes ao tempo reservado para estudos, planejamento e avalia\u00e7\u00e3o do trabalho did\u00e1tico, cumpridas na escola ou fora dela, bem como para atender a reuni\u00f5es pedag\u00f3gicas, para a articula\u00e7\u00e3o com a comunidade e para o aperfei\u00e7oamento profissional. <\/p>\n\n\n\n<h2 class=\"wp-block-heading\" id=\"requisitos-dos-cargos\">Requisitos dos cargos<\/h2>\n\n\n\n<p><strong>Professor de Educa\u00e7\u00e3o B\u00e1sica \u2013 Educa\u00e7\u00e3o Infantil e Ensino Fundamental (1\u00ba ao 5\u00ba ano)<\/strong>: diploma e(ou) certificado de registro no \u00f3rg\u00e3o competente, devidamente registrado, obtido em n\u00edvel superior, em curso de licenciatura plena em Pedagogia, fornecido por institui\u00e7\u00e3o de ensino superior reconhecida pelo Minist\u00e9rio da Educa\u00e7\u00e3o (MEC).  <\/p>\n\n\n\n<p><strong>Professor de Educa\u00e7\u00e3o B\u00e1sica \u2013 Disciplina: Arte: <\/strong>diploma e(ou) certificado de registro no \u00f3rg\u00e3o competente, devidamente registrado, obtido em n\u00edvel superior, em curso de licenciatura plena em Artes C\u00eanicas, em Artes Visuais, em Educa\u00e7\u00e3o Art\u00edstica ou em M\u00fasica, fornecido por institui\u00e7\u00e3o de ensino superior reconhecida pelo MEC.   <\/p>\n\n\n\n<p><strong>Professor de Educa\u00e7\u00e3o B\u00e1sica \u2013 Disciplina: Ci\u00eancias:<\/strong> diploma e(ou) certificado de registro no \u00f3rg\u00e3o competente, devidamente registrado, obtido em n\u00edvel superior, em curso de licenciatura plena em Ci\u00eancias Biol\u00f3gicas ou em Ci\u00eancias Naturais, fornecido por institui\u00e7\u00e3o de ensino superior reconhecida pelo MEC. <\/p>\n\n\n\n<p><strong>Professor de Educa\u00e7\u00e3o B\u00e1sica \u2013 Disciplina: Educa\u00e7\u00e3o F\u00edsica<\/strong>: diploma e(ou) certificado de registro no \u00f3rg\u00e3o competente, devidamente registrado, obtido em n\u00edvel superior, em curso de licenciatura plena em Educa\u00e7\u00e3o F\u00edsica, fornecido por institui\u00e7\u00e3o de ensino superior reconhecida pelo MEC. <\/p>\n\n\n\n<p><strong>Professor de Educa\u00e7\u00e3o B\u00e1sica \u2013 Disciplina: Geografia:<\/strong> diploma e(ou) certificado de registro no \u00f3rg\u00e3o competente, devidamente registrado, obtido em n\u00edvel superior, em curso de licenciatura plena em Geografia, fornecido por institui\u00e7\u00e3o de ensino superior reconhecida pelo MEC. <\/p>\n\n\n\n<p><strong>Professor de Educa\u00e7\u00e3o B\u00e1sica \u2013 Disciplina: Hist\u00f3ria:<\/strong> diploma e(ou) certificado de registro no \u00f3rg\u00e3o competente, devidamente registrado, obtido em n\u00edvel superior, em curso de licenciatura plena em Hist\u00f3ria, fornecido por institui\u00e7\u00e3o de ensino superior reconhecida pelo MEC <\/p>\n\n\n\n<p><strong>Professor de Educa\u00e7\u00e3o B\u00e1sica \u2013 Disciplina: Ingl\u00eas:<\/strong> diploma e(ou) certificado de registro no \u00f3rg\u00e3o competente, devidamente registrado, obtido em n\u00edvel superior, em curso de licenciatura plena em Letras com habilita\u00e7\u00e3o em L\u00edngua Inglesa, fornecido por institui\u00e7\u00e3o de ensino superior reconhecida pelo MEC <\/p>\n\n\n\n<p><strong>Professor de Educa\u00e7\u00e3o B\u00e1sica \u2013 Disciplina: Matem\u00e1tica:<\/strong> diploma e(ou) certificado de registro no \u00f3rg\u00e3o competente, devidamente registrado, obtido em n\u00edvel superior, em curso de licenciatura plena em Matem\u00e1tica, fornecido por institui\u00e7\u00e3o de ensino superior reconhecida pelo MEC.   <\/p>\n\n\n\n<p><strong>Professor de Educa\u00e7\u00e3o B\u00e1sica \u2013 Disciplina: Portugu\u00eas:<\/strong> diploma e(ou) certificado de registro no \u00f3rg\u00e3o competente, devidamente registrado, obtido em n\u00edvel superior, em curso de licenciatura plena em Letras com habilita\u00e7\u00e3o em L\u00edngua Portuguesa, fornecido por institui\u00e7\u00e3o de ensino superior reconhecida pelo MEC. <\/p>\n\n\n\n<h2 class=\"wp-block-heading\" id=\"etapas-do-concurso\">Etapas do concurso<\/h2>\n\n\n\n<p>O certame no total ter\u00e1 duas fases. A primeira ser\u00e1 composta por uma prova objetiva de 120 quest\u00f5es, cuja as op\u00e7\u00f5es de resposta s\u00e3o CERTO e ERRADO. <\/p>\n\n\n\n<p>Confira abaixo a distribui\u00e7\u00f5es de quest\u00f5es:<\/p>\n\n\n\n<p><strong>Conhecimentos b\u00e1sicos &#8211; 50 quest\u00f5es<\/strong><br \/>&#8211; L\u00edngua Portuguesa<br \/>&#8211; Temas Educacionais e Pedag\u00f3gicos<br \/>&#8211; Conhecimentos da Hist\u00f3ria e da Cultura de Sergipe e do Munic\u00edpio de S\u00e3o Crist\u00f3v\u00e3o<\/p>\n\n\n\n<p><strong>Conhecimentos espec\u00edficos &#8211; 70 quest\u00f5es<\/strong><\/p>\n\n\n\n<p>Os aprovados na prova objetiva ser\u00e3o submetidos \u00e0 segunda fase do certame, composta por uma avalia\u00e7\u00e3o de t\u00edtulos. Abaixo voc\u00ea confere a estrutura de pontos dessa etapa:<\/p>\n\n\n\n<table class=\"wp-block-table has-subtle-pale-blue-background-color has-fixed-layout has-background is-style-stripes\"><tbody><tr><td><strong>T\u00edtulo<\/strong><\/td><td><strong>Valor de cada t\u00edtulo<\/strong><\/td><td><strong>Valor m\u00e1ximo dos t\u00edtulos<\/strong><\/td><\/tr><tr><td>Diploma de curso de p\u00f3s-gradua\u00e7\u00e3o em n\u00edvel de doutorado (t\u00edtulo de doutor) na disciplina a que concorre. Tamb\u00e9m ser\u00e1 aceito certificado\/declara\u00e7\u00e3o de conclus\u00e3o de curso de doutorado, desde que acompanhado de hist\u00f3rico escolar.  <\/td><td>1,50<\/td><td>1,50<\/td><\/tr><tr><td>Diploma de curso de p\u00f3s-gradua\u00e7\u00e3o em n\u00edvel de mestrado (t\u00edtulo de mestre) na disciplina a que concorre. Tamb\u00e9m ser\u00e1 aceito certificado\/declara\u00e7\u00e3o de conclus\u00e3o de curso de mestrado, desde que acompanhado de hist\u00f3rico escolar.  <\/td><td>1,00<\/td><td>1,00<\/td><\/tr><tr><td>Certificado de curso de p\u00f3s-gradua\u00e7\u00e3o em n\u00edvel de especializa\u00e7\u00e3o, com carga hor\u00e1ria m\u00ednima de 360 h\/a na disciplina a que concorre. Tamb\u00e9m ser\u00e1 aceita a declara\u00e7\u00e3o de conclus\u00e3o de p\u00f3s-gradua\u00e7\u00e3o em n\u00edvel de especializa\u00e7\u00e3o, desde que acompanhada de hist\u00f3rico escolar <\/td><td>0,50<\/td><td>0,50<\/td><\/tr><\/tbody><\/table>\n\n\n\n<p>O total de pontos m\u00e1ximo que pode ser atingido \u00e9 3,00.<\/p>\n\n\n\n<h2 class=\"wp-block-heading\" style=\"text-align:center\">Quer estudar para o concurso SEMED S\u00e3o Crist\u00f3v\u00e3o?<\/h2>\n\n\n\n<p style=\"font-size:22px;text-align:center\" class=\"has-background has-light-green-cyan-background-color\"><a rel=\"noreferrer noopener\" aria-label=\"Curso S\u00e3o Crist\u00f3v\u00e3o (abre numa nova aba)\" href=\"https:\/\/www.estrategiaconcursos.com.br\/cursosPorConcurso\/promocao-pacotes-para-prefeitura-municipal-de-sao-cristovao-se\/\" target=\"_blank\"><strong>Curso S\u00e3o Crist\u00f3v\u00e3o<\/strong><\/a><\/p>\n\n\n\n<p style=\"text-align:center\"><em><strong>Assinatura Anual Ilimitada*<\/strong><\/em><\/p>\n\n\n\n<p style=\"text-align:center\"><em>Prepare-se com o melhor material e com quem mais aprova em Concursos P\u00fablicos em todo o pa\u00eds. Assine agora a nossa Assinatura Anual e tenha acesso ilimitado* a todos os nossos cursos.<\/em><\/p>\n\n\n\n<p style=\"font-size:22px;text-align:center\" class=\"has-background has-luminous-vivid-amber-background-color\"><strong>ASSINE AGORA<\/strong>&nbsp;\u2013&nbsp;<a rel=\"noreferrer noopener\" href=\"https:\/\/www.estrategiaconcursos.com.br\/assinaturas\" target=\"_blank\"><strong>Assinatura Ilimitada<\/strong><\/a><\/p>\n\n\n\n<p style=\"text-align:center\"><strong><em>Fique por dentro de todos os concursos<\/em><\/strong><\/p>\n\n\n\n<p style=\"font-size:22px;text-align:center\" class=\"has-background has-pale-cyan-blue-background-color\"><a rel=\"noreferrer noopener\" href=\"https:\/\/www.estrategiaconcursos.com.br\/blog\/concursos-abertos\/\" target=\"_blank\"><strong>CONCURSOS ABERTOS<\/strong><\/a><\/p>\n\n\n\n<p style=\"font-size:22px;text-align:center\" class=\"has-background has-pale-cyan-blue-background-color\"><a rel=\"noreferrer noopener\" href=\"https:\/\/www.estrategiaconcursos.com.br\/blog\/concursos-2019\/\" target=\"_blank\"><strong>CONCURSOS 2019<\/strong><\/a><\/p>\n\n\n\n<p style=\"font-size:22px;text-align:center\" class=\"has-background has-pale-cyan-blue-background-color\"><a rel=\"noreferrer noopener\" href=\"https:\/\/www.estrategiaconcursos.com.br\/blog\/concursos-2020\/\" target=\"_blank\"><strong>CONCURSOS&nbsp;2020<\/strong><\/a><\/p>\n\n\n\n<figure class=\"wp-block-image\"><img decoding=\"async\" src=\"https:\/\/dhg1h5j42swfq.cloudfront.net\/2017\/03\/28152500\/coruja-ficha-tecnica-300x102.png\" alt=\"Ficha T\u00e9cnica do concurso ISS Franca\"\/><\/figure>\n\n\n\n<h3 class=\"wp-block-heading\" id=\"ficha-tecnica\"><strong>Informa\u00e7\u00f5es do concurso SEMED S\u00e3o Crist\u00f3v\u00e3o SE<\/strong><\/h3>\n\n\n\n<p>\u25ba<strong>Inscri\u00e7\u00f5es<\/strong>: de 3 de setembro at\u00e9 23 de setembro <br \/>\u25ba<strong>Provas<\/strong>: 11 de novembro<br \/>\u25ba<strong>Vagas<\/strong>: 27 imediatas + cadastro reserva<br \/>\u25ba<strong>Cargo<\/strong>: Professor de Educa\u00e7\u00e3o B\u00e1sica<br \/>\u25ba<strong>Banca<\/strong>: Cespe<br \/>\u25ba<strong>Escolaridade<\/strong>: N\u00edvel Superior<br \/>\u25ba<strong>Editais<\/strong>:&nbsp;<a rel=\"noreferrer noopener\" aria-label=\"Edital SEMED S\u00e3o Crist\u00f3v\u00e3o SE (abre numa nova aba)\" href=\"https:\/\/dhg1h5j42swfq.cloudfront.net\/2019\/09\/10150353\/Edital-SEMED.pdf.pdf\" target=\"_blank\"><strong>Edital SEMED S\u00e3o Crist\u00f3v\u00e3o SE<\/strong><\/a><\/p>\n\n\n\n<p><em>Ascom Estrat\u00e9gia<\/em><br \/>ascomestrategia@gmail.com<\/p>\n","protected":false},"excerpt":{"rendered":"<p>Foi publicado Nesta ter\u00e7a-feira o edital do concurso da Secretaria Municipal de Educa\u00e7\u00e3o de S\u00e3o Crist\u00f3v\u00e3o, Sergipe. S\u00e3o ofertadas 27 vagas imediatas e possibilidade de cadastro de reserva para a carreira de Professor de Educa\u00e7\u00e3o B\u00e1sica. Mesmo com apenas um cargo, as vagas s\u00e3o distribu\u00eddas entre diversas especialidades. Os interessados no certame j\u00e1 podem realizar [&hellip;]<\/p>\n","protected":false},"author":260,"featured_media":420351,"comment_status":"open","ping_status":"closed","sticky":false,"template":"","format":"standard","meta":{"post_tipo":"article","footnotes":""},"categories":[1],"tags":[],"tax_estado":[],"class_list":["post-418446","post","type-post","status-publish","format-standard","has-post-thumbnail","hentry","category-cursos-e-concursos"],"acf":[],"yoast_head":"<!-- This site is optimized with the Yoast SEO Premium plugin v27.2 (Yoast SEO v27.2) - https:\/\/yoast.com\/product\/yoast-seo-premium-wordpress\/ -->\n<title>Edital SEMED S\u00e3o Crist\u00f3v\u00e3o: Saiu edital com 27 vagas imediatas + CR<\/title>\n<meta name=\"description\" content=\"Foi publicado o edital SEMED S\u00e3o Cristov\u00e3o com vagas imediatas e cadastro de reserva para o cargo de Professor de Educa\u00e7\u00e3o B\u00e1sica\" \/>\n<meta name=\"robots\" content=\"index, follow, max-snippet:-1, max-image-preview:large, max-video-preview:-1\" \/>\n<link rel=\"canonical\" href=\"https:\/\/www.estrategiaconcursos.com.br\/blog\/edital-semed-sao-cristovao\/\" \/>\n<meta property=\"og:locale\" content=\"pt_BR\" \/>\n<meta property=\"og:type\" content=\"article\" \/>\n<meta property=\"og:title\" content=\"Edital SEMED S\u00e3o Crist\u00f3v\u00e3o: Saiu edital com 27 vagas imediatas + CR\" \/>\n<meta property=\"og:description\" content=\"Foi publicado o edital SEMED S\u00e3o Cristov\u00e3o com vagas imediatas e cadastro de reserva para o cargo de Professor de Educa\u00e7\u00e3o B\u00e1sica\" \/>\n<meta property=\"og:url\" content=\"https:\/\/www.estrategiaconcursos.com.br\/blog\/edital-semed-sao-cristovao\/\" \/>\n<meta property=\"og:site_name\" content=\"Estrat\u00e9gia Concursos\" \/>\n<meta property=\"article:published_time\" content=\"2019-09-10T18:15:05+00:00\" \/>\n<meta property=\"article:modified_time\" content=\"2019-09-16T15:01:54+00:00\" \/>\n<meta property=\"og:image\" content=\"https:\/\/dhg1h5j42swfq.cloudfront.net\/2019\/09\/16120145\/SEMED-S%C3%A3o-Crist%C3%B3v%C3%A3o-PE.png\" \/>\n\t<meta property=\"og:image:width\" content=\"1200\" \/>\n\t<meta property=\"og:image:height\" content=\"628\" \/>\n\t<meta property=\"og:image:type\" content=\"image\/png\" \/>\n<meta name=\"author\" content=\"Diego Cerqueira Berbert Vasconcelos\" \/>\n<meta name=\"twitter:card\" content=\"summary_large_image\" \/>\n<meta name=\"twitter:creator\" content=\"@EstratConcursos\" \/>\n<meta name=\"twitter:site\" content=\"@EstratConcursos\" \/>\n<meta name=\"twitter:label1\" content=\"Escrito por\" \/>\n\t<meta name=\"twitter:data1\" content=\"Diego Cerqueira Berbert Vasconcelos\" \/>\n\t<meta name=\"twitter:label2\" content=\"Est. tempo de leitura\" \/>\n\t<meta name=\"twitter:data2\" content=\"6 minutos\" \/>\n<script type=\"application\/ld+json\" class=\"yoast-schema-graph\">{\"@context\":\"https:\/\/schema.org\",\"@graph\":[{\"@type\":\"NewsArticle\",\"@id\":\"https:\/\/www.estrategiaconcursos.com.br\/blog\/edital-semed-sao-cristovao\/#article\",\"isPartOf\":{\"@id\":\"https:\/\/www.estrategiaconcursos.com.br\/blog\/edital-semed-sao-cristovao\/\"},\"author\":{\"name\":\"Diego Cerqueira Berbert Vasconcelos\",\"@id\":\"https:\/\/www.estrategiaconcursos.com.br\/blog\/#\/schema\/person\/7fbf898fd336f5ce58a961518beff68c\"},\"headline\":\"Edital SEMED S\u00e3o Crist\u00f3v\u00e3o: Saiu edital com 27 vagas imediatas + CR\",\"datePublished\":\"2019-09-10T18:15:05+00:00\",\"dateModified\":\"2019-09-16T15:01:54+00:00\",\"mainEntityOfPage\":{\"@id\":\"https:\/\/www.estrategiaconcursos.com.br\/blog\/edital-semed-sao-cristovao\/\"},\"wordCount\":1207,\"commentCount\":0,\"publisher\":{\"@id\":\"https:\/\/www.estrategiaconcursos.com.br\/blog\/#organization\"},\"image\":{\"@id\":\"https:\/\/www.estrategiaconcursos.com.br\/blog\/edital-semed-sao-cristovao\/#primaryimage\"},\"thumbnailUrl\":\"https:\/\/dhg1h5j42swfq.cloudfront.net\/2019\/09\/16120145\/SEMED-S%C3%A3o-Crist%C3%B3v%C3%A3o-PE.png\",\"articleSection\":[\"Concursos P\u00fablicos\"],\"inLanguage\":\"pt-BR\",\"potentialAction\":[{\"@type\":\"CommentAction\",\"name\":\"Comment\",\"target\":[\"https:\/\/www.estrategiaconcursos.com.br\/blog\/edital-semed-sao-cristovao\/#respond\"]}],\"copyrightYear\":\"2019\",\"copyrightHolder\":{\"@id\":\"https:\/\/www.estrategiaconcursos.com.br\/blog\/#organization\"}},{\"@type\":\"WebPage\",\"@id\":\"https:\/\/www.estrategiaconcursos.com.br\/blog\/edital-semed-sao-cristovao\/\",\"url\":\"https:\/\/www.estrategiaconcursos.com.br\/blog\/edital-semed-sao-cristovao\/\",\"name\":\"Edital SEMED S\u00e3o Crist\u00f3v\u00e3o: Saiu edital com 27 vagas imediatas + CR\",\"isPartOf\":{\"@id\":\"https:\/\/www.estrategiaconcursos.com.br\/blog\/#website\"},\"primaryImageOfPage\":{\"@id\":\"https:\/\/www.estrategiaconcursos.com.br\/blog\/edital-semed-sao-cristovao\/#primaryimage\"},\"image\":{\"@id\":\"https:\/\/www.estrategiaconcursos.com.br\/blog\/edital-semed-sao-cristovao\/#primaryimage\"},\"thumbnailUrl\":\"https:\/\/dhg1h5j42swfq.cloudfront.net\/2019\/09\/16120145\/SEMED-S%C3%A3o-Crist%C3%B3v%C3%A3o-PE.png\",\"datePublished\":\"2019-09-10T18:15:05+00:00\",\"dateModified\":\"2019-09-16T15:01:54+00:00\",\"description\":\"Foi publicado o edital SEMED S\u00e3o Cristov\u00e3o com vagas imediatas e cadastro de reserva para o cargo de Professor de Educa\u00e7\u00e3o B\u00e1sica\",\"breadcrumb\":{\"@id\":\"https:\/\/www.estrategiaconcursos.com.br\/blog\/edital-semed-sao-cristovao\/#breadcrumb\"},\"inLanguage\":\"pt-BR\",\"potentialAction\":[{\"@type\":\"ReadAction\",\"target\":[\"https:\/\/www.estrategiaconcursos.com.br\/blog\/edital-semed-sao-cristovao\/\"]}]},{\"@type\":\"ImageObject\",\"inLanguage\":\"pt-BR\",\"@id\":\"https:\/\/www.estrategiaconcursos.com.br\/blog\/edital-semed-sao-cristovao\/#primaryimage\",\"url\":\"https:\/\/dhg1h5j42swfq.cloudfront.net\/2019\/09\/16120145\/SEMED-S%C3%A3o-Crist%C3%B3v%C3%A3o-PE.png\",\"contentUrl\":\"https:\/\/dhg1h5j42swfq.cloudfront.net\/2019\/09\/16120145\/SEMED-S%C3%A3o-Crist%C3%B3v%C3%A3o-PE.png\",\"width\":1200,\"height\":628},{\"@type\":\"BreadcrumbList\",\"@id\":\"https:\/\/www.estrategiaconcursos.com.br\/blog\/edital-semed-sao-cristovao\/#breadcrumb\",\"itemListElement\":[{\"@type\":\"ListItem\",\"position\":1,\"name\":\"In\u00edcio\",\"item\":\"https:\/\/www.estrategiaconcursos.com.br\/blog\/\"},{\"@type\":\"ListItem\",\"position\":2,\"name\":\"Edital SEMED S\u00e3o Crist\u00f3v\u00e3o: Saiu edital com 27 vagas imediatas + CR\"}]},{\"@type\":\"WebSite\",\"@id\":\"https:\/\/www.estrategiaconcursos.com.br\/blog\/#website\",\"url\":\"https:\/\/www.estrategiaconcursos.com.br\/blog\/\",\"name\":\"Estrat\u00e9gia Concursos\",\"description\":\"O blog da Estrat\u00e9gia Concursos traz not\u00edcias sobre concursos e artigos de professores oferecendo cursos para concursos (pdf + videaulas) no site.\",\"publisher\":{\"@id\":\"https:\/\/www.estrategiaconcursos.com.br\/blog\/#organization\"},\"potentialAction\":[{\"@type\":\"SearchAction\",\"target\":{\"@type\":\"EntryPoint\",\"urlTemplate\":\"https:\/\/www.estrategiaconcursos.com.br\/blog\/?s={search_term_string}\"},\"query-input\":{\"@type\":\"PropertyValueSpecification\",\"valueRequired\":true,\"valueName\":\"search_term_string\"}}],\"inLanguage\":\"pt-BR\"},{\"@type\":\"Organization\",\"@id\":\"https:\/\/www.estrategiaconcursos.com.br\/blog\/#organization\",\"name\":\"Estrat\u00e9gia Concursos\",\"url\":\"https:\/\/www.estrategiaconcursos.com.br\/blog\/\",\"logo\":{\"@type\":\"ImageObject\",\"inLanguage\":\"pt-BR\",\"@id\":\"https:\/\/www.estrategiaconcursos.com.br\/blog\/#\/schema\/logo\/image\/\",\"url\":\"https:\/\/dhg1h5j42swfq.cloudfront.net\/2025\/06\/03203428\/logo_concursos-1.jpg\",\"contentUrl\":\"https:\/\/dhg1h5j42swfq.cloudfront.net\/2025\/06\/03203428\/logo_concursos-1.jpg\",\"width\":230,\"height\":60,\"caption\":\"Estrat\u00e9gia Concursos\"},\"image\":{\"@id\":\"https:\/\/www.estrategiaconcursos.com.br\/blog\/#\/schema\/logo\/image\/\"},\"sameAs\":[\"https:\/\/x.com\/EstratConcursos\"]},{\"@type\":\"Person\",\"@id\":\"https:\/\/www.estrategiaconcursos.com.br\/blog\/#\/schema\/person\/7fbf898fd336f5ce58a961518beff68c\",\"name\":\"Diego Cerqueira Berbert Vasconcelos\",\"image\":{\"@type\":\"ImageObject\",\"inLanguage\":\"pt-BR\",\"@id\":\"https:\/\/secure.gravatar.com\/avatar\/ed2d045a7390980cad1a92d24dcc39d10ef55b88fcb9fb9c047979bf4ddeb1ce?s=96&d=mm&r=g\",\"url\":\"https:\/\/secure.gravatar.com\/avatar\/ed2d045a7390980cad1a92d24dcc39d10ef55b88fcb9fb9c047979bf4ddeb1ce?s=96&d=mm&r=g\",\"contentUrl\":\"https:\/\/secure.gravatar.com\/avatar\/ed2d045a7390980cad1a92d24dcc39d10ef55b88fcb9fb9c047979bf4ddeb1ce?s=96&d=mm&r=g\",\"caption\":\"Diego Cerqueira Berbert Vasconcelos\"},\"url\":\"https:\/\/www.estrategiaconcursos.com.br\/blog\/author\/diegocerqueiraestrategiaconcursos-com-br\/\"}]}<\/script>\n<!-- \/ Yoast SEO Premium plugin. -->","yoast_head_json":{"title":"Edital SEMED S\u00e3o Crist\u00f3v\u00e3o: Saiu edital com 27 vagas imediatas + CR","description":"Foi publicado o edital SEMED S\u00e3o Cristov\u00e3o com vagas imediatas e cadastro de reserva para o cargo de Professor de Educa\u00e7\u00e3o B\u00e1sica","robots":{"index":"index","follow":"follow","max-snippet":"max-snippet:-1","max-image-preview":"max-image-preview:large","max-video-preview":"max-video-preview:-1"},"canonical":"https:\/\/www.estrategiaconcursos.com.br\/blog\/edital-semed-sao-cristovao\/","og_locale":"pt_BR","og_type":"article","og_title":"Edital SEMED S\u00e3o Crist\u00f3v\u00e3o: Saiu edital com 27 vagas imediatas + CR","og_description":"Foi publicado o edital SEMED S\u00e3o Cristov\u00e3o com vagas imediatas e cadastro de reserva para o cargo de Professor de Educa\u00e7\u00e3o B\u00e1sica","og_url":"https:\/\/www.estrategiaconcursos.com.br\/blog\/edital-semed-sao-cristovao\/","og_site_name":"Estrat\u00e9gia Concursos","article_published_time":"2019-09-10T18:15:05+00:00","article_modified_time":"2019-09-16T15:01:54+00:00","og_image":[{"width":1200,"height":628,"url":"https:\/\/dhg1h5j42swfq.cloudfront.net\/2019\/09\/16120145\/SEMED-S%C3%A3o-Crist%C3%B3v%C3%A3o-PE.png","type":"image\/png"}],"author":"Diego Cerqueira Berbert Vasconcelos","twitter_card":"summary_large_image","twitter_creator":"@EstratConcursos","twitter_site":"@EstratConcursos","twitter_misc":{"Escrito por":"Diego Cerqueira Berbert Vasconcelos","Est. tempo de leitura":"6 minutos"},"schema":{"@context":"https:\/\/schema.org","@graph":[{"@type":"NewsArticle","@id":"https:\/\/www.estrategiaconcursos.com.br\/blog\/edital-semed-sao-cristovao\/#article","isPartOf":{"@id":"https:\/\/www.estrategiaconcursos.com.br\/blog\/edital-semed-sao-cristovao\/"},"author":{"name":"Diego Cerqueira Berbert Vasconcelos","@id":"https:\/\/www.estrategiaconcursos.com.br\/blog\/#\/schema\/person\/7fbf898fd336f5ce58a961518beff68c"},"headline":"Edital SEMED S\u00e3o Crist\u00f3v\u00e3o: Saiu edital com 27 vagas imediatas + CR","datePublished":"2019-09-10T18:15:05+00:00","dateModified":"2019-09-16T15:01:54+00:00","mainEntityOfPage":{"@id":"https:\/\/www.estrategiaconcursos.com.br\/blog\/edital-semed-sao-cristovao\/"},"wordCount":1207,"commentCount":0,"publisher":{"@id":"https:\/\/www.estrategiaconcursos.com.br\/blog\/#organization"},"image":{"@id":"https:\/\/www.estrategiaconcursos.com.br\/blog\/edital-semed-sao-cristovao\/#primaryimage"},"thumbnailUrl":"https:\/\/dhg1h5j42swfq.cloudfront.net\/2019\/09\/16120145\/SEMED-S%C3%A3o-Crist%C3%B3v%C3%A3o-PE.png","articleSection":["Concursos P\u00fablicos"],"inLanguage":"pt-BR","potentialAction":[{"@type":"CommentAction","name":"Comment","target":["https:\/\/www.estrategiaconcursos.com.br\/blog\/edital-semed-sao-cristovao\/#respond"]}],"copyrightYear":"2019","copyrightHolder":{"@id":"https:\/\/www.estrategiaconcursos.com.br\/blog\/#organization"}},{"@type":"WebPage","@id":"https:\/\/www.estrategiaconcursos.com.br\/blog\/edital-semed-sao-cristovao\/","url":"https:\/\/www.estrategiaconcursos.com.br\/blog\/edital-semed-sao-cristovao\/","name":"Edital SEMED S\u00e3o Crist\u00f3v\u00e3o: Saiu edital com 27 vagas imediatas + CR","isPartOf":{"@id":"https:\/\/www.estrategiaconcursos.com.br\/blog\/#website"},"primaryImageOfPage":{"@id":"https:\/\/www.estrategiaconcursos.com.br\/blog\/edital-semed-sao-cristovao\/#primaryimage"},"image":{"@id":"https:\/\/www.estrategiaconcursos.com.br\/blog\/edital-semed-sao-cristovao\/#primaryimage"},"thumbnailUrl":"https:\/\/dhg1h5j42swfq.cloudfront.net\/2019\/09\/16120145\/SEMED-S%C3%A3o-Crist%C3%B3v%C3%A3o-PE.png","datePublished":"2019-09-10T18:15:05+00:00","dateModified":"2019-09-16T15:01:54+00:00","description":"Foi publicado o edital SEMED S\u00e3o Cristov\u00e3o com vagas imediatas e cadastro de reserva para o cargo de Professor de Educa\u00e7\u00e3o B\u00e1sica","breadcrumb":{"@id":"https:\/\/www.estrategiaconcursos.com.br\/blog\/edital-semed-sao-cristovao\/#breadcrumb"},"inLanguage":"pt-BR","potentialAction":[{"@type":"ReadAction","target":["https:\/\/www.estrategiaconcursos.com.br\/blog\/edital-semed-sao-cristovao\/"]}]},{"@type":"ImageObject","inLanguage":"pt-BR","@id":"https:\/\/www.estrategiaconcursos.com.br\/blog\/edital-semed-sao-cristovao\/#primaryimage","url":"https:\/\/dhg1h5j42swfq.cloudfront.net\/2019\/09\/16120145\/SEMED-S%C3%A3o-Crist%C3%B3v%C3%A3o-PE.png","contentUrl":"https:\/\/dhg1h5j42swfq.cloudfront.net\/2019\/09\/16120145\/SEMED-S%C3%A3o-Crist%C3%B3v%C3%A3o-PE.png","width":1200,"height":628},{"@type":"BreadcrumbList","@id":"https:\/\/www.estrategiaconcursos.com.br\/blog\/edital-semed-sao-cristovao\/#breadcrumb","itemListElement":[{"@type":"ListItem","position":1,"name":"In\u00edcio","item":"https:\/\/www.estrategiaconcursos.com.br\/blog\/"},{"@type":"ListItem","position":2,"name":"Edital SEMED S\u00e3o Crist\u00f3v\u00e3o: Saiu edital com 27 vagas imediatas + CR"}]},{"@type":"WebSite","@id":"https:\/\/www.estrategiaconcursos.com.br\/blog\/#website","url":"https:\/\/www.estrategiaconcursos.com.br\/blog\/","name":"Estrat\u00e9gia Concursos","description":"O blog da Estrat\u00e9gia Concursos traz not\u00edcias sobre concursos e artigos de professores oferecendo cursos para concursos (pdf + videaulas) no site.","publisher":{"@id":"https:\/\/www.estrategiaconcursos.com.br\/blog\/#organization"},"potentialAction":[{"@type":"SearchAction","target":{"@type":"EntryPoint","urlTemplate":"https:\/\/www.estrategiaconcursos.com.br\/blog\/?s={search_term_string}"},"query-input":{"@type":"PropertyValueSpecification","valueRequired":true,"valueName":"search_term_string"}}],"inLanguage":"pt-BR"},{"@type":"Organization","@id":"https:\/\/www.estrategiaconcursos.com.br\/blog\/#organization","name":"Estrat\u00e9gia Concursos","url":"https:\/\/www.estrategiaconcursos.com.br\/blog\/","logo":{"@type":"ImageObject","inLanguage":"pt-BR","@id":"https:\/\/www.estrategiaconcursos.com.br\/blog\/#\/schema\/logo\/image\/","url":"https:\/\/dhg1h5j42swfq.cloudfront.net\/2025\/06\/03203428\/logo_concursos-1.jpg","contentUrl":"https:\/\/dhg1h5j42swfq.cloudfront.net\/2025\/06\/03203428\/logo_concursos-1.jpg","width":230,"height":60,"caption":"Estrat\u00e9gia Concursos"},"image":{"@id":"https:\/\/www.estrategiaconcursos.com.br\/blog\/#\/schema\/logo\/image\/"},"sameAs":["https:\/\/x.com\/EstratConcursos"]},{"@type":"Person","@id":"https:\/\/www.estrategiaconcursos.com.br\/blog\/#\/schema\/person\/7fbf898fd336f5ce58a961518beff68c","name":"Diego Cerqueira Berbert Vasconcelos","image":{"@type":"ImageObject","inLanguage":"pt-BR","@id":"https:\/\/secure.gravatar.com\/avatar\/ed2d045a7390980cad1a92d24dcc39d10ef55b88fcb9fb9c047979bf4ddeb1ce?s=96&d=mm&r=g","url":"https:\/\/secure.gravatar.com\/avatar\/ed2d045a7390980cad1a92d24dcc39d10ef55b88fcb9fb9c047979bf4ddeb1ce?s=96&d=mm&r=g","contentUrl":"https:\/\/secure.gravatar.com\/avatar\/ed2d045a7390980cad1a92d24dcc39d10ef55b88fcb9fb9c047979bf4ddeb1ce?s=96&d=mm&r=g","caption":"Diego Cerqueira Berbert Vasconcelos"},"url":"https:\/\/www.estrategiaconcursos.com.br\/blog\/author\/diegocerqueiraestrategiaconcursos-com-br\/"}]}},"_links":{"self":[{"href":"https:\/\/www.estrategiaconcursos.com.br\/blog\/wp-json\/wp\/v2\/posts\/418446","targetHints":{"allow":["GET"]}}],"collection":[{"href":"https:\/\/www.estrategiaconcursos.com.br\/blog\/wp-json\/wp\/v2\/posts"}],"about":[{"href":"https:\/\/www.estrategiaconcursos.com.br\/blog\/wp-json\/wp\/v2\/types\/post"}],"author":[{"embeddable":true,"href":"https:\/\/www.estrategiaconcursos.com.br\/blog\/wp-json\/wp\/v2\/users\/260"}],"replies":[{"embeddable":true,"href":"https:\/\/www.estrategiaconcursos.com.br\/blog\/wp-json\/wp\/v2\/comments?post=418446"}],"version-history":[{"count":4,"href":"https:\/\/www.estrategiaconcursos.com.br\/blog\/wp-json\/wp\/v2\/posts\/418446\/revisions"}],"predecessor-version":[{"id":425248,"href":"https:\/\/www.estrategiaconcursos.com.br\/blog\/wp-json\/wp\/v2\/posts\/418446\/revisions\/425248"}],"wp:featuredmedia":[{"embeddable":true,"href":"https:\/\/www.estrategiaconcursos.com.br\/blog\/wp-json\/wp\/v2\/media\/420351"}],"wp:attachment":[{"href":"https:\/\/www.estrategiaconcursos.com.br\/blog\/wp-json\/wp\/v2\/media?parent=418446"}],"wp:term":[{"taxonomy":"category","embeddable":true,"href":"https:\/\/www.estrategiaconcursos.com.br\/blog\/wp-json\/wp\/v2\/categories?post=418446"},{"taxonomy":"post_tag","embeddable":true,"href":"https:\/\/www.estrategiaconcursos.com.br\/blog\/wp-json\/wp\/v2\/tags?post=418446"},{"taxonomy":"tax_estado","embeddable":true,"href":"https:\/\/www.estrategiaconcursos.com.br\/blog\/wp-json\/wp\/v2\/tax_estado?post=418446"}],"curies":[{"name":"wp","href":"https:\/\/api.w.org\/{rel}","templated":true}]}}