{"id":418400,"date":"2019-09-10T14:08:35","date_gmt":"2019-09-10T17:08:35","guid":{"rendered":"https:\/\/www.estrategiaconcursos.com.br\/blog\/?p=418400"},"modified":"2019-09-10T14:08:45","modified_gmt":"2019-09-10T17:08:45","slug":"concurso-ijf-fortaleza-edital-deve-sair-em-2019","status":"publish","type":"post","link":"https:\/\/www.estrategiaconcursos.com.br\/blog\/concurso-ijf-fortaleza-edital-deve-sair-em-2019\/","title":{"rendered":"Concurso IJF Fortaleza: previs\u00e3o \u00e9 que o edital saia at\u00e9 o final de 2019"},"content":{"rendered":"\n<p>Foi confirmada a informa\u00e7\u00e3o de que o Instituto\u00a0Doutor Jos\u00e9 Frota (IJF) dever\u00e1 lan\u00e7ar o edital de seu novo certame at\u00e9 o final de 2019.<\/p>\n\n\n\n<p>O comunicado veio atrav\u00e9s do prefeito de Fortaleza, Roberto Cl\u00e1udio, que afirmou a inten\u00e7\u00e3o de contratar novos profissionais como enfermeiros e m\u00e9dicos intensivistas.<\/p>\n\n\n\n<p>Segundo o prefeito: <em>\u201cA gente ainda vai contratar cerca de 500 novos profissionais para o Instituto. J\u00e1 temos um concurso feito, com cadastro de reserva para o IJF-2, mas vamos precisar de enfermeiros e m\u00e9dicos intensivistas\u201d<\/em>.<\/p>\n\n\n\n<p>O quantitativo de vagas para cada cargo ainda n\u00e3o foi divulgado, mas a inten\u00e7\u00e3o \u00e9 que o edital saia em breve, j\u00e1 que de acordo com o secret\u00e1rio municipal do Planejamento, Or\u00e7amento e Gest\u00e3o,\u00a0Philipe Nottingham, a ideia \u00e9 completar o quadro de funcion\u00e1rios at\u00e9 2020.<\/p>\n\n\n\n<p>O \u00faltimo concurso ocorreu em 2016 e ofertou<strong> 183 vagas <\/strong>para n\u00edvel m\u00e9dio e superior. O certame teve duas etapas, sendo a primeira constitu\u00edda por uma prova objetiva, de car\u00e1ter eliminat\u00f3rio e classificat\u00f3rio, com 50 quest\u00f5es de m\u00faltipla escolha.<\/p>\n\n\n\n<p>J\u00e1 a  segunda etapa, de car\u00e1ter classificat\u00f3rio, foi constitu\u00edda de uma an\u00e1lise de t\u00edtulos e experi\u00eancia profissional, para os candidatos de n\u00edvel superior, e de an\u00e1lise de experi\u00eancia profissional, para os candidatos de n\u00edvel m\u00e9dio.\u00a0<\/p>\n\n\n\n<p style=\"font-size:22px;text-align:center\" class=\"has-background has-luminous-vivid-amber-background-color\"><strong>Saiba mais: <\/strong><a rel=\"noreferrer noopener\" aria-label=\"concurso IJF Fortaleza (abre numa nova aba)\" href=\"https:\/\/www.estrategiaconcursos.com.br\/blog\/concurso-ijf-fortaleza\/\" target=\"_blank\"><strong>concurso IJF Fortaleza<\/strong><\/a><\/p>\n\n\n\n<p style=\"text-align:center\"><em><strong>Assinatura Anual Ilimitada*<\/strong><\/em><\/p>\n\n\n\n<p style=\"text-align:center\"><em>Prepare-se com o melhor material e com quem mais aprova em Concursos P\u00fablicos em todo o pa\u00eds. Assine agora a nossa Assinatura Anual e tenha acesso ilimitado* a todos os nossos cursos.<\/em><\/p>\n\n\n\n<p style=\"font-size:22px;text-align:center\" class=\"has-background has-light-green-cyan-background-color\"><strong>ASSINE AGORA<\/strong>&nbsp;\u2013&nbsp;<a rel=\"noreferrer noopener\" href=\"https:\/\/www.estrategiaconcursos.com.br\/assinaturas\" target=\"_blank\"><strong>Assinatura Ilimitada<\/strong><\/a><\/p>\n\n\n\n<p style=\"font-size:22px;text-align:center\" class=\"has-background has-pale-cyan-blue-background-color\"><strong><a href=\"https:\/\/www.estrategiaconcursos.com.br\/blog\/concursos-abertos\/\">CONCURSOS ABERTOS<\/a><\/strong><\/p>\n\n\n\n<p style=\"font-size:22px;text-align:center\" class=\"has-background has-pale-cyan-blue-background-color\"><a href=\"https:\/\/www.estrategiaconcursos.com.br\/blog\/concursos-2019\/\"><strong>CONCURSOS 2019<\/strong><\/a><\/p>\n\n\n\n<p style=\"font-size:22px;text-align:center\" class=\"has-background has-pale-cyan-blue-background-color\"><a href=\"https:\/\/www.estrategiaconcursos.com.br\/blog\/concursos-2020\/\"><strong>CONCURSOS<\/strong><\/a><strong><a href=\"https:\/\/www.estrategiaconcursos.com.br\/blog\/concursos-2020\/\">&nbsp;2020<\/a><\/strong><\/p>\n","protected":false},"excerpt":{"rendered":"<p>Foi confirmada a informa\u00e7\u00e3o de que o Instituto\u00a0Doutor Jos\u00e9 Frota (IJF) dever\u00e1 lan\u00e7ar o edital de seu novo certame at\u00e9 o final de 2019. O comunicado veio atrav\u00e9s do prefeito de Fortaleza, Roberto Cl\u00e1udio, que afirmou a inten\u00e7\u00e3o de contratar novos profissionais como enfermeiros e m\u00e9dicos intensivistas. Segundo o prefeito: \u201cA gente ainda vai contratar [&hellip;]<\/p>\n","protected":false},"author":344,"featured_media":0,"comment_status":"open","ping_status":"closed","sticky":false,"template":"","format":"standard","meta":{"post_tipo":"article","footnotes":""},"categories":[1],"tags":[],"tax_estado":[],"class_list":["post-418400","post","type-post","status-publish","format-standard","hentry","category-cursos-e-concursos"],"acf":[],"yoast_head":"<!-- This site is optimized with the Yoast SEO Premium plugin v27.2 (Yoast SEO v27.2) - https:\/\/yoast.com\/product\/yoast-seo-premium-wordpress\/ -->\n<title>Concurso IJF Fortaleza: previs\u00e3o \u00e9 que o edital saia at\u00e9 o final de 2019<\/title>\n<meta name=\"robots\" content=\"index, follow, max-snippet:-1, max-image-preview:large, max-video-preview:-1\" \/>\n<link rel=\"canonical\" href=\"https:\/\/www.estrategiaconcursos.com.br\/blog\/concurso-ijf-fortaleza-edital-deve-sair-em-2019\/\" \/>\n<meta property=\"og:locale\" content=\"pt_BR\" \/>\n<meta property=\"og:type\" content=\"article\" \/>\n<meta property=\"og:title\" content=\"Concurso IJF Fortaleza: previs\u00e3o \u00e9 que o edital saia at\u00e9 o final de 2019\" \/>\n<meta property=\"og:description\" content=\"Foi confirmada a informa\u00e7\u00e3o de que o Instituto\u00a0Doutor Jos\u00e9 Frota (IJF) dever\u00e1 lan\u00e7ar o edital de seu novo certame at\u00e9 o final de 2019. O comunicado veio atrav\u00e9s do prefeito de Fortaleza, Roberto Cl\u00e1udio, que afirmou a inten\u00e7\u00e3o de contratar novos profissionais como enfermeiros e m\u00e9dicos intensivistas. Segundo o prefeito: \u201cA gente ainda vai contratar [&hellip;]\" \/>\n<meta property=\"og:url\" content=\"https:\/\/www.estrategiaconcursos.com.br\/blog\/concurso-ijf-fortaleza-edital-deve-sair-em-2019\/\" \/>\n<meta property=\"og:site_name\" content=\"Estrat\u00e9gia Concursos\" \/>\n<meta property=\"article:author\" content=\"https:\/\/www.facebook.com\/coachluiseduardo\/\" \/>\n<meta property=\"article:published_time\" content=\"2019-09-10T17:08:35+00:00\" \/>\n<meta property=\"article:modified_time\" content=\"2019-09-10T17:08:45+00:00\" \/>\n<meta name=\"author\" content=\"Luis Eduardo\" \/>\n<meta name=\"twitter:card\" content=\"summary_large_image\" \/>\n<meta name=\"twitter:creator\" content=\"@EstratConcursos\" \/>\n<meta name=\"twitter:site\" content=\"@EstratConcursos\" \/>\n<meta name=\"twitter:label1\" content=\"Escrito por\" \/>\n\t<meta name=\"twitter:data1\" content=\"Luis Eduardo\" \/>\n\t<meta name=\"twitter:label2\" content=\"Est. tempo de leitura\" \/>\n\t<meta name=\"twitter:data2\" content=\"1 minuto\" \/>\n<script type=\"application\/ld+json\" class=\"yoast-schema-graph\">{\"@context\":\"https:\/\/schema.org\",\"@graph\":[{\"@type\":\"NewsArticle\",\"@id\":\"https:\/\/www.estrategiaconcursos.com.br\/blog\/concurso-ijf-fortaleza-edital-deve-sair-em-2019\/#article\",\"isPartOf\":{\"@id\":\"https:\/\/www.estrategiaconcursos.com.br\/blog\/concurso-ijf-fortaleza-edital-deve-sair-em-2019\/\"},\"author\":{\"name\":\"Luis Eduardo\",\"@id\":\"https:\/\/www.estrategiaconcursos.com.br\/blog\/#\/schema\/person\/0906ff564105056f3b05978d503ee214\"},\"headline\":\"Concurso IJF Fortaleza: previs\u00e3o \u00e9 que o edital saia at\u00e9 o final de 2019\",\"datePublished\":\"2019-09-10T17:08:35+00:00\",\"dateModified\":\"2019-09-10T17:08:45+00:00\",\"mainEntityOfPage\":{\"@id\":\"https:\/\/www.estrategiaconcursos.com.br\/blog\/concurso-ijf-fortaleza-edital-deve-sair-em-2019\/\"},\"wordCount\":294,\"commentCount\":0,\"publisher\":{\"@id\":\"https:\/\/www.estrategiaconcursos.com.br\/blog\/#organization\"},\"articleSection\":[\"Concursos P\u00fablicos\"],\"inLanguage\":\"pt-BR\",\"potentialAction\":[{\"@type\":\"CommentAction\",\"name\":\"Comment\",\"target\":[\"https:\/\/www.estrategiaconcursos.com.br\/blog\/concurso-ijf-fortaleza-edital-deve-sair-em-2019\/#respond\"]}],\"copyrightYear\":\"2019\",\"copyrightHolder\":{\"@id\":\"https:\/\/www.estrategiaconcursos.com.br\/blog\/#organization\"}},{\"@type\":\"WebPage\",\"@id\":\"https:\/\/www.estrategiaconcursos.com.br\/blog\/concurso-ijf-fortaleza-edital-deve-sair-em-2019\/\",\"url\":\"https:\/\/www.estrategiaconcursos.com.br\/blog\/concurso-ijf-fortaleza-edital-deve-sair-em-2019\/\",\"name\":\"Concurso IJF Fortaleza: previs\u00e3o \u00e9 que o edital saia at\u00e9 o final de 2019\",\"isPartOf\":{\"@id\":\"https:\/\/www.estrategiaconcursos.com.br\/blog\/#website\"},\"datePublished\":\"2019-09-10T17:08:35+00:00\",\"dateModified\":\"2019-09-10T17:08:45+00:00\",\"breadcrumb\":{\"@id\":\"https:\/\/www.estrategiaconcursos.com.br\/blog\/concurso-ijf-fortaleza-edital-deve-sair-em-2019\/#breadcrumb\"},\"inLanguage\":\"pt-BR\",\"potentialAction\":[{\"@type\":\"ReadAction\",\"target\":[\"https:\/\/www.estrategiaconcursos.com.br\/blog\/concurso-ijf-fortaleza-edital-deve-sair-em-2019\/\"]}]},{\"@type\":\"BreadcrumbList\",\"@id\":\"https:\/\/www.estrategiaconcursos.com.br\/blog\/concurso-ijf-fortaleza-edital-deve-sair-em-2019\/#breadcrumb\",\"itemListElement\":[{\"@type\":\"ListItem\",\"position\":1,\"name\":\"In\u00edcio\",\"item\":\"https:\/\/www.estrategiaconcursos.com.br\/blog\/\"},{\"@type\":\"ListItem\",\"position\":2,\"name\":\"Concurso IJF Fortaleza: previs\u00e3o \u00e9 que o edital saia at\u00e9 o final de 2019\"}]},{\"@type\":\"WebSite\",\"@id\":\"https:\/\/www.estrategiaconcursos.com.br\/blog\/#website\",\"url\":\"https:\/\/www.estrategiaconcursos.com.br\/blog\/\",\"name\":\"Estrat\u00e9gia Concursos\",\"description\":\"O blog da Estrat\u00e9gia Concursos traz not\u00edcias sobre concursos e artigos de professores oferecendo cursos para concursos (pdf + videaulas) no site.\",\"publisher\":{\"@id\":\"https:\/\/www.estrategiaconcursos.com.br\/blog\/#organization\"},\"potentialAction\":[{\"@type\":\"SearchAction\",\"target\":{\"@type\":\"EntryPoint\",\"urlTemplate\":\"https:\/\/www.estrategiaconcursos.com.br\/blog\/?s={search_term_string}\"},\"query-input\":{\"@type\":\"PropertyValueSpecification\",\"valueRequired\":true,\"valueName\":\"search_term_string\"}}],\"inLanguage\":\"pt-BR\"},{\"@type\":\"Organization\",\"@id\":\"https:\/\/www.estrategiaconcursos.com.br\/blog\/#organization\",\"name\":\"Estrat\u00e9gia Concursos\",\"url\":\"https:\/\/www.estrategiaconcursos.com.br\/blog\/\",\"logo\":{\"@type\":\"ImageObject\",\"inLanguage\":\"pt-BR\",\"@id\":\"https:\/\/www.estrategiaconcursos.com.br\/blog\/#\/schema\/logo\/image\/\",\"url\":\"https:\/\/dhg1h5j42swfq.cloudfront.net\/2025\/06\/03203428\/logo_concursos-1.jpg\",\"contentUrl\":\"https:\/\/dhg1h5j42swfq.cloudfront.net\/2025\/06\/03203428\/logo_concursos-1.jpg\",\"width\":230,\"height\":60,\"caption\":\"Estrat\u00e9gia Concursos\"},\"image\":{\"@id\":\"https:\/\/www.estrategiaconcursos.com.br\/blog\/#\/schema\/logo\/image\/\"},\"sameAs\":[\"https:\/\/x.com\/EstratConcursos\"]},{\"@type\":\"Person\",\"@id\":\"https:\/\/www.estrategiaconcursos.com.br\/blog\/#\/schema\/person\/0906ff564105056f3b05978d503ee214\",\"name\":\"Luis Eduardo\",\"image\":{\"@type\":\"ImageObject\",\"inLanguage\":\"pt-BR\",\"@id\":\"https:\/\/secure.gravatar.com\/avatar\/3ce09d3c01f86018c4f3b15b9e6389f2ac325bc19863fdb79cd37fefb38517d1?s=96&d=mm&r=g\",\"url\":\"https:\/\/secure.gravatar.com\/avatar\/3ce09d3c01f86018c4f3b15b9e6389f2ac325bc19863fdb79cd37fefb38517d1?s=96&d=mm&r=g\",\"contentUrl\":\"https:\/\/secure.gravatar.com\/avatar\/3ce09d3c01f86018c4f3b15b9e6389f2ac325bc19863fdb79cd37fefb38517d1?s=96&d=mm&r=g\",\"caption\":\"Luis Eduardo\"},\"sameAs\":[\"https:\/\/www.facebook.com\/coachluiseduardo\/\"],\"url\":\"https:\/\/www.estrategiaconcursos.com.br\/blog\/author\/luiseduardoestrategiaconcursos-com-br\/\"}]}<\/script>\n<!-- \/ Yoast SEO Premium plugin. -->","yoast_head_json":{"title":"Concurso IJF Fortaleza: previs\u00e3o \u00e9 que o edital saia at\u00e9 o final de 2019","robots":{"index":"index","follow":"follow","max-snippet":"max-snippet:-1","max-image-preview":"max-image-preview:large","max-video-preview":"max-video-preview:-1"},"canonical":"https:\/\/www.estrategiaconcursos.com.br\/blog\/concurso-ijf-fortaleza-edital-deve-sair-em-2019\/","og_locale":"pt_BR","og_type":"article","og_title":"Concurso IJF Fortaleza: previs\u00e3o \u00e9 que o edital saia at\u00e9 o final de 2019","og_description":"Foi confirmada a informa\u00e7\u00e3o de que o Instituto\u00a0Doutor Jos\u00e9 Frota (IJF) dever\u00e1 lan\u00e7ar o edital de seu novo certame at\u00e9 o final de 2019. O comunicado veio atrav\u00e9s do prefeito de Fortaleza, Roberto Cl\u00e1udio, que afirmou a inten\u00e7\u00e3o de contratar novos profissionais como enfermeiros e m\u00e9dicos intensivistas. Segundo o prefeito: \u201cA gente ainda vai contratar [&hellip;]","og_url":"https:\/\/www.estrategiaconcursos.com.br\/blog\/concurso-ijf-fortaleza-edital-deve-sair-em-2019\/","og_site_name":"Estrat\u00e9gia Concursos","article_author":"https:\/\/www.facebook.com\/coachluiseduardo\/","article_published_time":"2019-09-10T17:08:35+00:00","article_modified_time":"2019-09-10T17:08:45+00:00","author":"Luis Eduardo","twitter_card":"summary_large_image","twitter_creator":"@EstratConcursos","twitter_site":"@EstratConcursos","twitter_misc":{"Escrito por":"Luis Eduardo","Est. tempo de leitura":"1 minuto"},"schema":{"@context":"https:\/\/schema.org","@graph":[{"@type":"NewsArticle","@id":"https:\/\/www.estrategiaconcursos.com.br\/blog\/concurso-ijf-fortaleza-edital-deve-sair-em-2019\/#article","isPartOf":{"@id":"https:\/\/www.estrategiaconcursos.com.br\/blog\/concurso-ijf-fortaleza-edital-deve-sair-em-2019\/"},"author":{"name":"Luis Eduardo","@id":"https:\/\/www.estrategiaconcursos.com.br\/blog\/#\/schema\/person\/0906ff564105056f3b05978d503ee214"},"headline":"Concurso IJF Fortaleza: previs\u00e3o \u00e9 que o edital saia at\u00e9 o final de 2019","datePublished":"2019-09-10T17:08:35+00:00","dateModified":"2019-09-10T17:08:45+00:00","mainEntityOfPage":{"@id":"https:\/\/www.estrategiaconcursos.com.br\/blog\/concurso-ijf-fortaleza-edital-deve-sair-em-2019\/"},"wordCount":294,"commentCount":0,"publisher":{"@id":"https:\/\/www.estrategiaconcursos.com.br\/blog\/#organization"},"articleSection":["Concursos P\u00fablicos"],"inLanguage":"pt-BR","potentialAction":[{"@type":"CommentAction","name":"Comment","target":["https:\/\/www.estrategiaconcursos.com.br\/blog\/concurso-ijf-fortaleza-edital-deve-sair-em-2019\/#respond"]}],"copyrightYear":"2019","copyrightHolder":{"@id":"https:\/\/www.estrategiaconcursos.com.br\/blog\/#organization"}},{"@type":"WebPage","@id":"https:\/\/www.estrategiaconcursos.com.br\/blog\/concurso-ijf-fortaleza-edital-deve-sair-em-2019\/","url":"https:\/\/www.estrategiaconcursos.com.br\/blog\/concurso-ijf-fortaleza-edital-deve-sair-em-2019\/","name":"Concurso IJF Fortaleza: previs\u00e3o \u00e9 que o edital saia at\u00e9 o final de 2019","isPartOf":{"@id":"https:\/\/www.estrategiaconcursos.com.br\/blog\/#website"},"datePublished":"2019-09-10T17:08:35+00:00","dateModified":"2019-09-10T17:08:45+00:00","breadcrumb":{"@id":"https:\/\/www.estrategiaconcursos.com.br\/blog\/concurso-ijf-fortaleza-edital-deve-sair-em-2019\/#breadcrumb"},"inLanguage":"pt-BR","potentialAction":[{"@type":"ReadAction","target":["https:\/\/www.estrategiaconcursos.com.br\/blog\/concurso-ijf-fortaleza-edital-deve-sair-em-2019\/"]}]},{"@type":"BreadcrumbList","@id":"https:\/\/www.estrategiaconcursos.com.br\/blog\/concurso-ijf-fortaleza-edital-deve-sair-em-2019\/#breadcrumb","itemListElement":[{"@type":"ListItem","position":1,"name":"In\u00edcio","item":"https:\/\/www.estrategiaconcursos.com.br\/blog\/"},{"@type":"ListItem","position":2,"name":"Concurso IJF Fortaleza: previs\u00e3o \u00e9 que o edital saia at\u00e9 o final de 2019"}]},{"@type":"WebSite","@id":"https:\/\/www.estrategiaconcursos.com.br\/blog\/#website","url":"https:\/\/www.estrategiaconcursos.com.br\/blog\/","name":"Estrat\u00e9gia Concursos","description":"O blog da Estrat\u00e9gia Concursos traz not\u00edcias sobre concursos e artigos de professores oferecendo cursos para concursos (pdf + videaulas) no site.","publisher":{"@id":"https:\/\/www.estrategiaconcursos.com.br\/blog\/#organization"},"potentialAction":[{"@type":"SearchAction","target":{"@type":"EntryPoint","urlTemplate":"https:\/\/www.estrategiaconcursos.com.br\/blog\/?s={search_term_string}"},"query-input":{"@type":"PropertyValueSpecification","valueRequired":true,"valueName":"search_term_string"}}],"inLanguage":"pt-BR"},{"@type":"Organization","@id":"https:\/\/www.estrategiaconcursos.com.br\/blog\/#organization","name":"Estrat\u00e9gia Concursos","url":"https:\/\/www.estrategiaconcursos.com.br\/blog\/","logo":{"@type":"ImageObject","inLanguage":"pt-BR","@id":"https:\/\/www.estrategiaconcursos.com.br\/blog\/#\/schema\/logo\/image\/","url":"https:\/\/dhg1h5j42swfq.cloudfront.net\/2025\/06\/03203428\/logo_concursos-1.jpg","contentUrl":"https:\/\/dhg1h5j42swfq.cloudfront.net\/2025\/06\/03203428\/logo_concursos-1.jpg","width":230,"height":60,"caption":"Estrat\u00e9gia Concursos"},"image":{"@id":"https:\/\/www.estrategiaconcursos.com.br\/blog\/#\/schema\/logo\/image\/"},"sameAs":["https:\/\/x.com\/EstratConcursos"]},{"@type":"Person","@id":"https:\/\/www.estrategiaconcursos.com.br\/blog\/#\/schema\/person\/0906ff564105056f3b05978d503ee214","name":"Luis Eduardo","image":{"@type":"ImageObject","inLanguage":"pt-BR","@id":"https:\/\/secure.gravatar.com\/avatar\/3ce09d3c01f86018c4f3b15b9e6389f2ac325bc19863fdb79cd37fefb38517d1?s=96&d=mm&r=g","url":"https:\/\/secure.gravatar.com\/avatar\/3ce09d3c01f86018c4f3b15b9e6389f2ac325bc19863fdb79cd37fefb38517d1?s=96&d=mm&r=g","contentUrl":"https:\/\/secure.gravatar.com\/avatar\/3ce09d3c01f86018c4f3b15b9e6389f2ac325bc19863fdb79cd37fefb38517d1?s=96&d=mm&r=g","caption":"Luis Eduardo"},"sameAs":["https:\/\/www.facebook.com\/coachluiseduardo\/"],"url":"https:\/\/www.estrategiaconcursos.com.br\/blog\/author\/luiseduardoestrategiaconcursos-com-br\/"}]}},"_links":{"self":[{"href":"https:\/\/www.estrategiaconcursos.com.br\/blog\/wp-json\/wp\/v2\/posts\/418400","targetHints":{"allow":["GET"]}}],"collection":[{"href":"https:\/\/www.estrategiaconcursos.com.br\/blog\/wp-json\/wp\/v2\/posts"}],"about":[{"href":"https:\/\/www.estrategiaconcursos.com.br\/blog\/wp-json\/wp\/v2\/types\/post"}],"author":[{"embeddable":true,"href":"https:\/\/www.estrategiaconcursos.com.br\/blog\/wp-json\/wp\/v2\/users\/344"}],"replies":[{"embeddable":true,"href":"https:\/\/www.estrategiaconcursos.com.br\/blog\/wp-json\/wp\/v2\/comments?post=418400"}],"version-history":[{"count":2,"href":"https:\/\/www.estrategiaconcursos.com.br\/blog\/wp-json\/wp\/v2\/posts\/418400\/revisions"}],"predecessor-version":[{"id":418459,"href":"https:\/\/www.estrategiaconcursos.com.br\/blog\/wp-json\/wp\/v2\/posts\/418400\/revisions\/418459"}],"wp:attachment":[{"href":"https:\/\/www.estrategiaconcursos.com.br\/blog\/wp-json\/wp\/v2\/media?parent=418400"}],"wp:term":[{"taxonomy":"category","embeddable":true,"href":"https:\/\/www.estrategiaconcursos.com.br\/blog\/wp-json\/wp\/v2\/categories?post=418400"},{"taxonomy":"post_tag","embeddable":true,"href":"https:\/\/www.estrategiaconcursos.com.br\/blog\/wp-json\/wp\/v2\/tags?post=418400"},{"taxonomy":"tax_estado","embeddable":true,"href":"https:\/\/www.estrategiaconcursos.com.br\/blog\/wp-json\/wp\/v2\/tax_estado?post=418400"}],"curies":[{"name":"wp","href":"https:\/\/api.w.org\/{rel}","templated":true}]}}