{"id":418131,"date":"2019-10-17T00:30:46","date_gmt":"2019-10-17T03:30:46","guid":{"rendered":"https:\/\/www.estrategiaconcursos.com.br\/blog\/?p=418131"},"modified":"2020-04-22T17:33:29","modified_gmt":"2020-04-22T20:33:29","slug":"programacao-dos-simulados-e-eventos","status":"publish","type":"post","link":"https:\/\/www.estrategiaconcursos.com.br\/blog\/programacao-dos-simulados-e-eventos\/","title":{"rendered":"Fique por dentro de toda a programa\u00e7\u00e3o de simulados e eventos"},"content":{"rendered":"\n<p>Quer ficar por dentro de todos os eventos e n\u00e3o perder nenhuma transmiss\u00e3o ao vivo? Ent\u00e3o, confira neste artigo a programa\u00e7\u00e3o completa de eventos, webn\u00e1rios e simulados. <\/p>\n\n\n\n<p><em>Inscreva-se gratuitamente e n\u00e3o perca nada!<\/em><\/p>\n\n\n\n<h2 class=\"wp-block-heading\">Eventos e Webin\u00e1rios<\/h2>\n\n\n\n<ul class=\"wp-block-list\"><li><strong>Curso Reta Final Senado Federal &#8211; Pol\u00edcia Legislativa<\/strong><\/li><li>Data: 15\/10 a 01\/11<\/li><li>Confira o <a rel=\"noreferrer noopener\" aria-label=\"cronograma de aulas (abre numa nova aba)\" href=\"https:\/\/www.estrategiaconcursos.com.br\/blog\/intensivao-senado-federal-curso-reta-final\/\" target=\"_blank\">cronograma de aulas<\/a><\/li><\/ul>\n\n\n\n<ul class=\"wp-block-list\"><li><strong>Curso Intensivo para Advogado do Senado Federal<\/strong><\/li><li>Data: 14 a 24\/10<\/li><li><a rel=\"noreferrer noopener\" aria-label=\"Inscreva-se (abre numa nova aba)\" href=\"https:\/\/www.estrategiaconcursos.com.br\/gratis\/senado_federal\/\" target=\"_blank\">Inscreva-se<\/a><\/li><\/ul>\n\n\n\n<ul class=\"wp-block-list\"><li><strong>Monitoria para SEFAZ DF <\/strong><\/li><li>Data: 15\/10 | 29\/10 | 05\/11 | 19\/11 &#8211; \u00e0s 19h<\/li><li><a rel=\"noreferrer noopener\" aria-label=\"Transmiss\u00e3o ao vivo (abre numa nova aba)\" href=\"https:\/\/www.youtube.com\/watch?v=ykecV-JHz24\" target=\"_blank\">Transmiss\u00e3o ao vivo<\/a><\/li><\/ul>\n\n\n\n<h3 class=\"wp-block-heading\">17\/10<\/h3>\n\n\n\n<ul class=\"wp-block-list\"><li><strong>Concurso TJ PA: Plano de Estudos<\/strong><\/li><li>Data: 17\/10 &#8211; \u00e0s 18:00<\/li><li><a href=\"https:\/\/youtu.be\/JCKUkXfZmLE\">Transmiss\u00e3o ao vivo <\/a><\/li><\/ul>\n\n\n\n<ul class=\"wp-block-list\"><li><strong>Concurso ISS Osasco-SP: An\u00e1lise de edital<\/strong><\/li><li>Data: 17\/10 &#8211; \u00e0s 14h<\/li><li><a rel=\"noreferrer noopener\" aria-label=\"Transmiss\u00e3o ao vivo (abre numa nova aba)\" href=\"https:\/\/www.youtube.com\/watch?v=kY4A2P7t84Y\" target=\"_blank\">Transmiss\u00e3o ao vivo<\/a><\/li><\/ul>\n\n\n\n<ul class=\"wp-block-list\"><li><strong>Concurso FITO Osasco-SP: An\u00e1lise de edital<\/strong><\/li><li>Data: 17\/10 &#8211; \u00e0s 18h<\/li><li><a rel=\"noreferrer noopener\" aria-label=\"Transmiss\u00e3o ao vivo (abre numa nova aba)\" href=\"https:\/\/www.youtube.com\/watch?v=irF5uYb4paA\" target=\"_blank\">Transmiss\u00e3o ao vivo<\/a><\/li><\/ul>\n\n\n\n<ul class=\"wp-block-list\"><li><strong>Curso Reta Final PM BA <\/strong><\/li><li>Data: 17\/10<\/li><\/ul>\n\n\n\n<ul class=\"wp-block-list\"><li><strong>AGEPEN MG &#8211; Saiba como iniciar os estudos <\/strong><\/li><li>Data: 17\/10 &#8211; \u00e0s 18h<\/li><li><a rel=\"noreferrer noopener\" aria-label=\"Transmiss\u00e3o ao vivo (abre numa nova aba)\" href=\"https:\/\/www.youtube.com\/watch?v=a8YU4Ir-BPo\" target=\"_blank\">Transmiss\u00e3o ao vivo<\/a><\/li><\/ul>\n\n\n\n<ul class=\"wp-block-list\"><li><strong>Concurso PM BA: Plano de Estudos<\/strong> <\/li><li>Data: 17\/10 &#8211; \u00e0s 19h<\/li><li><a rel=\"noreferrer noopener\" aria-label=\"Transmiss\u00e3o ao vivo (abre numa nova aba)\" href=\"https:\/\/www.youtube.com\/watch?v=Nh4hsru68HQ\" target=\"_blank\">Transmiss\u00e3o ao vivo<\/a><\/li><\/ul>\n\n\n\n<ul class=\"wp-block-list\"><li><strong>Papiloscopista da PC PR &#8211; Concurso Autorizado!<\/strong><\/li><li>Data: 17\/10 &#8211; \u00e0s 19h<\/li><li><a rel=\"noreferrer noopener\" aria-label=\"Transmiss\u00e3o ao vivo (abre numa nova aba)\" href=\"https:\/\/www.youtube.com\/watch?v=70F8KDAiACY\" target=\"_blank\">Transmiss\u00e3o ao vivo<\/a><\/li><\/ul>\n\n\n\n<ul class=\"wp-block-list\"><li><strong>Curso de Reta Final TJ PA<\/strong><\/li><li>Data: 17\/10 &#8211; \u00e0s 08:30<\/li><li><a href=\"https:\/\/www.youtube.com\/watch?v=PePdQBosIyE\">Transmiss\u00e3o ao vivo <\/a><\/li><\/ul>\n\n\n\n<ul class=\"wp-block-list\"><li><strong>Como fui aprovada em 10 meses? | Dicas dos Aprovados<\/strong><\/li><li>Data: 17\/10 &#8211; \u00e0s 19h<\/li><li><a rel=\"noreferrer noopener\" aria-label=\"Transmiss\u00e3o ao vivo (abre numa nova aba)\" href=\"https:\/\/www.youtube.com\/watch?v=V55i2XvGnS4\" target=\"_blank\">Transmiss\u00e3o ao vivo<\/a><\/li><\/ul>\n\n\n\n<ul class=\"wp-block-list\"><li><strong>Legisla\u00e7\u00e3o Estadual e Local em Procuradorias [ECJ]<\/strong><\/li><li>Data: 17\/10 &#8211; \u00e0s 19h<\/li><\/ul>\n\n\n\n<ul class=\"wp-block-list\"><li><strong>Monitoria para TRF-3 (P\u00f3s Edital) <\/strong><\/li><li>Data: 17\/10 &#8211; \u00e0s 19h<\/li><\/ul>\n\n\n\n<ul class=\"wp-block-list\"><li><strong>M\u00e3es Concurseiras &#8211; Saiba como conciliar estudos e os cuidados com a fam\u00edlia<\/strong><\/li><li>Data: 17\/10 &#8211; \u00e0s 19h<\/li><li><a href=\"https:\/\/www.youtube.com\/watch?v=Uz2SQ6HLyrI\" target=\"_blank\" rel=\"noreferrer noopener\" aria-label=\"Transmiss\u00e3o ao vivo (abre numa nova aba)\">Transmiss\u00e3o ao vivo<\/a><\/li><\/ul>\n\n\n\n<h3 class=\"wp-block-heading\">18\/10 <\/h3>\n\n\n\n<ul class=\"wp-block-list\"><li><strong>MPT: Comiss\u00e3o Formada para Procurador do Trabalho [ECJ]<\/strong><\/li><li>Data: 18\/10 &#8211; \u00e0s 19h<\/li><li><a rel=\"noreferrer noopener\" aria-label=\"Transmiss\u00e3o ao vivo (abre numa nova aba)\" href=\"https:\/\/www.youtube.com\/watch?v=tT8qr3kn68A\" target=\"_blank\">Transmiss\u00e3o ao vivo<\/a><\/li><\/ul>\n\n\n\n<ul class=\"wp-block-list\"><li><strong>Auditoria Governamental para a \u00c1rea de Controle &#8211; Saiba com estudar<\/strong><\/li><li>Data: 18\/10 &#8211; \u00e0s 19h<\/li><\/ul>\n\n\n\n<h3 class=\"wp-block-heading\">19\/10 <\/h3>\n\n\n\n<ul class=\"wp-block-list\"><li><strong>Revis\u00e3o de V\u00e9spera ISS Rio Preto &#8211; Cargo: Auditor Fiscal<\/strong><\/li><li>Data: 19\/10 &#8211; \u00e0s 8h30<\/li><\/ul>\n\n\n\n<ul class=\"wp-block-list\"><li><strong>Revis\u00e3o de V\u00e9spera TCE RO<\/strong><\/li><li>Data: 19\/10 &#8211; \u00e0s 8h30<\/li><\/ul>\n\n\n\n<ul class=\"wp-block-list\"><li><strong>Revis\u00e3o de V\u00e9spera SEPLAG Porto Alegre<\/strong><\/li><li>Data: 19\/10 &#8211; \u00e0s 8h30<\/li><\/ul>\n\n\n\n<h3 class=\"wp-block-heading\">20\/10<\/h3>\n\n\n\n<p>&#8211;<\/p>\n\n\n\n<h3 class=\"wp-block-heading\">21\/10<\/h3>\n\n\n\n<ul class=\"wp-block-list\"><li><strong>Jurisprud\u00eancia em Concursos de Procuradorias [ECJ]<\/strong><\/li><li>Data: 21\/10 &#8211; \u00e0s 20h<\/li><\/ul>\n\n\n\n<ul class=\"wp-block-list\"><li><strong>Revis\u00e3o Final Exame CFC 2019.2<\/strong><\/li><li>Data: 21 a 25\/10 &#8211; \u00e0s 19h<\/li><\/ul>\n\n\n\n<h3 class=\"wp-block-heading\">22\/10<\/h3>\n\n\n\n<p>&#8211;<\/p>\n\n\n\n<h3 class=\"wp-block-heading\">23\/10<\/h3>\n\n\n\n<ul class=\"wp-block-list\"><li><strong>Monitoria para SEFAZ AL<\/strong><\/li><li>Data: 23\/10 &#8211; \u00e0s 19h<\/li><\/ul>\n\n\n\n<h3 class=\"wp-block-heading\">24\/10<\/h3>\n\n\n\n<p>&#8211;<\/p>\n\n\n\n<h3 class=\"wp-block-heading\">25\/10<\/h3>\n\n\n\n<ul class=\"wp-block-list\"><li><strong>Concurso PCDF &#8211; Saiba Como Estudar as Leis Penais Extravagantes<\/strong><\/li><li>Data: 25\/10 &#8211; \u00e0s 19h<\/li><\/ul>\n\n\n\n<h3 class=\"wp-block-heading\">26\/10<\/h3>\n\n\n\n<ul class=\"wp-block-list\"><li><strong>Revis\u00e3o de V\u00e9spera Exame CFC 2019.2<\/strong><\/li><li>Data: 26\/10 &#8211; das 8h30 \u00e0s 17h30<\/li><\/ul>\n\n\n\n<h3 class=\"wp-block-heading\">27\/10<\/h3>\n\n\n\n<ul class=\"wp-block-list\"><li><strong>Deficientes F\u00edsicos nos Concursos P\u00fablicos. Conhe\u00e7a as Regras e as Oportunidades<\/strong><\/li><li>Data: 27\/10 &#8211; \u00e0s 19h<\/li><\/ul>\n\n\n\n<ul class=\"wp-block-list\"><li><strong>Gabarito Extraoficial Exame CFC 2019.2<\/strong><\/li><li>Data: 27\/10 &#8211; \u00e0s 15h<\/li><\/ul>\n\n\n\n<h3 class=\"wp-block-heading\">3\/11<\/h3>\n\n\n\n<ul class=\"wp-block-list\"><li><strong>Como Lidar com a Frustra\u00e7\u00e3o ap\u00f3s uma Reprova\u00e7\u00e3o? Saiba como Recome\u00e7ar<\/strong><\/li><li>Data: 3\/11 &#8211; \u00e0s 20h<\/li><\/ul>\n\n\n\n<h3 class=\"wp-block-heading\">14\/11<\/h3>\n\n\n\n<ul class=\"wp-block-list\"><li><strong>Como ser m\u00e3e e estudar para Concursos? | Dicas dos Aprovados<\/strong><\/li><li>Data: 14\/11 &#8211; \u00e0s 19h<\/li><\/ul>\n\n\n\n<h2 class=\"wp-block-heading\">Simulados<\/h2>\n\n\n\n<ul class=\"wp-block-list\"><li><strong>5\u00ba Simulado UNESP <\/strong><\/li><li>Data: 12\/10<\/li><li><a href=\"https:\/\/www.youtube.com\/watch?v=jrxS2uKIk3w\" target=\"_blank\" rel=\"noreferrer noopener\" aria-label=\"Transmiss\u00e3o ao vivo (abre numa nova aba)\">Transmiss\u00e3o ao vivo<\/a><\/li><\/ul>\n\n\n\n<ul class=\"wp-block-list\"><li><strong>1\u00ba Simulado Sefaz DF <\/strong><\/li><li>Data: 12\/10 <\/li><li><a rel=\"noreferrer noopener\" aria-label=\"Transmiss\u00e3o ao vivo (abre numa nova aba)\" href=\"https:\/\/www.youtube.com\/watch?v=vGEZNruIAsw\" target=\"_blank\">Transmiss\u00e3o ao vivo<\/a><\/li><\/ul>\n\n\n\n<ul class=\"wp-block-list\"><li><strong>8\u00ba Simulado PCDF <\/strong><\/li><li>Data: 13\/10<\/li><li><a href=\"https:\/\/www.youtube.com\/watch?v=urXnqfWGVXA\" target=\"_blank\" rel=\"noreferrer noopener\" aria-label=\"Transmiss\u00e3o ao vivo (abre numa nova aba)\">Transmiss\u00e3o ao vivo<\/a><\/li><\/ul>\n\n\n\n<ul class=\"wp-block-list\"><li><strong>1\u00ba Simulado MP RJ &#8211; T\u00e9cnico Administrativo <\/strong><\/li><li>Data: 19\/10<\/li><\/ul>\n\n\n\n<ul class=\"wp-block-list\"><li><strong>1\u00ba Simulado TJDFT &#8211; T\u00e9cnico Judici\u00e1rio <\/strong><\/li><li>Data: 19\/10<\/li><li><a href=\"https:\/\/www.youtube.com\/watch?v=3PZknPC82Z0\" target=\"_blank\" rel=\"noreferrer noopener\" aria-label=\"Transmiss\u00e3o ao vivo (abre numa nova aba)\">Transmiss\u00e3o ao vivo<\/a><\/li><\/ul>\n\n\n\n<ul class=\"wp-block-list\"><li><strong>4\u00ba Simulado Magistratura Estadual <\/strong><\/li><li>Data: 19\/10<\/li><li><a href=\"https:\/\/www.estrategiaconcursos.com.br\/gratis\/simulado-magistratura-estadual\/\" target=\"_blank\" rel=\"noreferrer noopener\" aria-label=\"Inscreva-se (abre numa nova aba)\">Inscreva-se<\/a><\/li><\/ul>\n\n\n\n<ul class=\"wp-block-list\"><li><strong>1\u00ba Simulado PC RJ \u2013 Estilo VUNESP &#8211; Inspetor<\/strong><\/li><li>Data: 20\/10 <\/li><\/ul>\n\n\n\n<ul class=\"wp-block-list\"><li><strong>1\u00ba Simulado PC RJ \u2013 Estilo VUNESP &#8211; T\u00e9cnico de Necropsia<\/strong><\/li><li>Data: 20\/10 <\/li><\/ul>\n\n\n\n<ul class=\"wp-block-list\"><li><strong>Simulado PC PR &#8211; Delegado <\/strong><\/li><li>Data: 20\/10<\/li><\/ul>\n\n\n\n<ul class=\"wp-block-list\"><li><strong>2\u00ba Simulado Sefaz DF <\/strong><\/li><li>Data: 26\/10<\/li><\/ul>\n\n\n\n<ul class=\"wp-block-list\"><li><strong>Simulado MP SP &#8211; Auxilar de Promotoria <\/strong><\/li><li>Data: 27\/10<\/li><\/ul>\n\n\n\n<ul class=\"wp-block-list\"><li><strong>2\u00ba Simulado MP RJ <\/strong><\/li><li>Data: 02\/11<\/li><\/ul>\n\n\n\n<ul class=\"wp-block-list\"><li><strong>Simulado PC PR &#8211; Delegado <\/strong><\/li><li>Data: 02\/11<\/li><\/ul>\n\n\n\n<ul class=\"wp-block-list\"><li><strong>9\u00ba Simulado PCDF <\/strong><\/li><li>Data: 03\/11<\/li><\/ul>\n\n\n\n<ul class=\"wp-block-list\"><li><strong>9\u00ba Simulado INSS <\/strong><\/li><li>Data: 03\/11<\/li><\/ul>\n\n\n\n<ul class=\"wp-block-list\"><li><strong>3\u00ba Simulado Sefaz DF <\/strong><\/li><li>Data: 09\/11<\/li><\/ul>\n\n\n\n<ul class=\"wp-block-list\"><li><strong>Simulado AGEPEN GO<\/strong><\/li><li>Data: 09\/11<\/li><\/ul>\n\n\n\n<ul class=\"wp-block-list\"><li><strong>5\u00ba Simulado<\/strong> <strong>Magistratura Estadual <\/strong><\/li><li>Data: 09\/11<\/li><li><a href=\"https:\/\/www.estrategiaconcursos.com.br\/gratis\/simulado-magistratura-estadual\/\" target=\"_blank\" rel=\"noreferrer noopener\" aria-label=\"Inscreva-se (abre numa nova aba)\">Inscreva-se<\/a><\/li><\/ul>\n\n\n\n<ul class=\"wp-block-list\"><li><strong>2\u00ba Simulado Receita Federal <\/strong><\/li><li>Data: 10\/11<\/li><\/ul>\n\n\n\n<ul class=\"wp-block-list\"><li><strong>Simulado ALAP <\/strong><\/li><li>Data: 10\/11<\/li><\/ul>\n\n\n\n<ul class=\"wp-block-list\"><li><strong>10\u00ba Simulado PCDF <\/strong><\/li><li>Data: 16\/11<\/li><\/ul>\n\n\n\n<ul class=\"wp-block-list\"><li><strong>10\u00ba Simulado INSS <\/strong><\/li><li>Data: 17\/11<\/li><\/ul>\n\n\n\n<ul class=\"wp-block-list\"><li><strong>Simulado Final TRF 3\u00aa regi\u00e3o <\/strong><\/li><li>Data: 23\/11<\/li><\/ul>\n\n\n\n<ul class=\"wp-block-list\"><li><strong>4\u00ba Simulado Sefaz DF <\/strong><\/li><li>Data: 23\/11<\/li><\/ul>\n\n\n\n<p style=\"text-align:center\" class=\"has-medium-font-size\"><em><strong>Assinatura Anual Ilimitada*<\/strong><\/em><\/p>\n\n\n\n<p style=\"text-align:center\"><em>Prepare-se com o melhor material e com quem mais aprova em Concursos P\u00fablicos em todo o pa\u00eds. Assine agora a nossa Assinatura Anual e tenha acesso ilimitado* a todos os nossos cursos.<\/em><\/p>\n\n\n\n<p style=\"font-size:22px;text-align:center\" class=\"has-background has-luminous-vivid-amber-background-color\"><strong>ASSINE AGORA<\/strong>&nbsp;\u2013&nbsp;<strong><a href=\"https:\/\/www.estrategiaconcursos.com.br\/assinaturas\" target=\"_blank\" rel=\"noreferrer noopener\" aria-label=\"Assinatura Ilimitada (abre numa nova aba)\">Assinatura Ilimitada<\/a><\/strong><\/p>\n\n\n\n<p style=\"text-align:center\" class=\"has-medium-font-size\"><em><strong>Fique por dentro de todos os concursos<\/strong><\/em>:<\/p>\n\n\n\n<p style=\"font-size:22px;text-align:center\" class=\"has-background has-pale-cyan-blue-background-color\"><a rel=\"noreferrer noopener\" href=\"https:\/\/www.estrategiaconcursos.com.br\/blog\/concursos-abertos\/\" target=\"_blank\"><strong>Concursos abertos<\/strong><\/a><\/p>\n\n\n\n<p style=\"font-size:22px;text-align:center\" class=\"has-background has-pale-cyan-blue-background-color\"><a rel=\"noreferrer noopener\" href=\"https:\/\/www.estrategiaconcursos.com.br\/blog\/concursos-2019\/\" target=\"_blank\"><strong>Concursos 2019<\/strong><\/a><\/p>\n\n\n\n<p style=\"font-size:22px;text-align:center\" class=\"has-background has-pale-cyan-blue-background-color\"><a rel=\"noreferrer noopener\" href=\"https:\/\/www.estrategiaconcursos.com.br\/blog\/concursos-2020\/\" target=\"_blank\"><strong>Concursos 2020<\/strong><\/a><\/p>\n","protected":false},"excerpt":{"rendered":"<p>Quer ficar por dentro de todos os eventos e n\u00e3o perder nenhuma transmiss\u00e3o ao vivo? Ent\u00e3o, confira neste artigo a programa\u00e7\u00e3o completa de eventos, webn\u00e1rios e simulados. Inscreva-se gratuitamente e n\u00e3o perca nada! Eventos e Webin\u00e1rios Curso Reta Final Senado Federal &#8211; Pol\u00edcia Legislativa Data: 15\/10 a 01\/11 Confira o cronograma de aulas Curso Intensivo [&hellip;]<\/p>\n","protected":false},"author":73,"featured_media":418711,"comment_status":"open","ping_status":"closed","sticky":false,"template":"","format":"standard","meta":{"post_tipo":"article","footnotes":""},"categories":[1],"tags":[],"tax_estado":[],"class_list":["post-418131","post","type-post","status-publish","format-standard","has-post-thumbnail","hentry","category-cursos-e-concursos"],"acf":[],"yoast_head":"<!-- This site is optimized with the Yoast SEO Premium plugin v27.2 (Yoast SEO v27.2) - https:\/\/yoast.com\/product\/yoast-seo-premium-wordpress\/ -->\n<title>Fique por dentro de toda a programa\u00e7\u00e3o de simulados e eventos<\/title>\n<meta name=\"robots\" content=\"index, follow, max-snippet:-1, max-image-preview:large, max-video-preview:-1\" \/>\n<link rel=\"canonical\" href=\"https:\/\/www.estrategiaconcursos.com.br\/blog\/programacao-dos-simulados-e-eventos\/\" \/>\n<meta property=\"og:locale\" content=\"pt_BR\" \/>\n<meta property=\"og:type\" content=\"article\" \/>\n<meta property=\"og:title\" content=\"Fique por dentro de toda a programa\u00e7\u00e3o de simulados e eventos\" \/>\n<meta property=\"og:description\" content=\"Quer ficar por dentro de todos os eventos e n\u00e3o perder nenhuma transmiss\u00e3o ao vivo? Ent\u00e3o, confira neste artigo a programa\u00e7\u00e3o completa de eventos, webn\u00e1rios e simulados. Inscreva-se gratuitamente e n\u00e3o perca nada! Eventos e Webin\u00e1rios Curso Reta Final Senado Federal &#8211; Pol\u00edcia Legislativa Data: 15\/10 a 01\/11 Confira o cronograma de aulas Curso Intensivo [&hellip;]\" \/>\n<meta property=\"og:url\" content=\"https:\/\/www.estrategiaconcursos.com.br\/blog\/programacao-dos-simulados-e-eventos\/\" \/>\n<meta property=\"og:site_name\" content=\"Estrat\u00e9gia Concursos\" \/>\n<meta property=\"article:author\" content=\"https:\/\/www.facebook.com\/rosenvaljr\" \/>\n<meta property=\"article:published_time\" content=\"2019-10-17T03:30:46+00:00\" \/>\n<meta property=\"article:modified_time\" content=\"2020-04-22T20:33:29+00:00\" \/>\n<meta property=\"og:image\" content=\"https:\/\/dhg1h5j42swfq.cloudfront.net\/2019\/09\/11091802\/programac%CC%A7a%CC%83o-de-simulados-e-eventos.jpg\" \/>\n\t<meta property=\"og:image:width\" content=\"1200\" \/>\n\t<meta property=\"og:image:height\" content=\"628\" \/>\n\t<meta property=\"og:image:type\" content=\"image\/jpeg\" \/>\n<meta name=\"author\" content=\"Rosenval J\u00fanior\" \/>\n<meta name=\"twitter:card\" content=\"summary_large_image\" \/>\n<meta name=\"twitter:creator\" content=\"@EstratConcursos\" \/>\n<meta name=\"twitter:site\" content=\"@EstratConcursos\" \/>\n<meta name=\"twitter:label1\" content=\"Escrito por\" \/>\n\t<meta name=\"twitter:data1\" content=\"Rosenval J\u00fanior\" \/>\n\t<meta name=\"twitter:label2\" content=\"Est. tempo de leitura\" \/>\n\t<meta name=\"twitter:data2\" content=\"3 minutos\" \/>\n<script type=\"application\/ld+json\" class=\"yoast-schema-graph\">{\"@context\":\"https:\/\/schema.org\",\"@graph\":[{\"@type\":\"NewsArticle\",\"@id\":\"https:\/\/www.estrategiaconcursos.com.br\/blog\/programacao-dos-simulados-e-eventos\/#article\",\"isPartOf\":{\"@id\":\"https:\/\/www.estrategiaconcursos.com.br\/blog\/programacao-dos-simulados-e-eventos\/\"},\"author\":{\"name\":\"Rosenval J\u00fanior\",\"@id\":\"https:\/\/www.estrategiaconcursos.com.br\/blog\/#\/schema\/person\/3489eb8fb39ff11193689cf7762b03b0\"},\"headline\":\"Fique por dentro de toda a programa\u00e7\u00e3o de simulados e eventos\",\"datePublished\":\"2019-10-17T03:30:46+00:00\",\"dateModified\":\"2020-04-22T20:33:29+00:00\",\"mainEntityOfPage\":{\"@id\":\"https:\/\/www.estrategiaconcursos.com.br\/blog\/programacao-dos-simulados-e-eventos\/\"},\"wordCount\":642,\"commentCount\":0,\"publisher\":{\"@id\":\"https:\/\/www.estrategiaconcursos.com.br\/blog\/#organization\"},\"image\":{\"@id\":\"https:\/\/www.estrategiaconcursos.com.br\/blog\/programacao-dos-simulados-e-eventos\/#primaryimage\"},\"thumbnailUrl\":\"https:\/\/dhg1h5j42swfq.cloudfront.net\/2019\/09\/11091802\/programac%CC%A7a%CC%83o-de-simulados-e-eventos.jpg\",\"articleSection\":[\"Concursos P\u00fablicos\"],\"inLanguage\":\"pt-BR\",\"potentialAction\":[{\"@type\":\"CommentAction\",\"name\":\"Comment\",\"target\":[\"https:\/\/www.estrategiaconcursos.com.br\/blog\/programacao-dos-simulados-e-eventos\/#respond\"]}],\"copyrightYear\":\"2019\",\"copyrightHolder\":{\"@id\":\"https:\/\/www.estrategiaconcursos.com.br\/blog\/#organization\"}},{\"@type\":\"WebPage\",\"@id\":\"https:\/\/www.estrategiaconcursos.com.br\/blog\/programacao-dos-simulados-e-eventos\/\",\"url\":\"https:\/\/www.estrategiaconcursos.com.br\/blog\/programacao-dos-simulados-e-eventos\/\",\"name\":\"Fique por dentro de toda a programa\u00e7\u00e3o de simulados e eventos\",\"isPartOf\":{\"@id\":\"https:\/\/www.estrategiaconcursos.com.br\/blog\/#website\"},\"primaryImageOfPage\":{\"@id\":\"https:\/\/www.estrategiaconcursos.com.br\/blog\/programacao-dos-simulados-e-eventos\/#primaryimage\"},\"image\":{\"@id\":\"https:\/\/www.estrategiaconcursos.com.br\/blog\/programacao-dos-simulados-e-eventos\/#primaryimage\"},\"thumbnailUrl\":\"https:\/\/dhg1h5j42swfq.cloudfront.net\/2019\/09\/11091802\/programac%CC%A7a%CC%83o-de-simulados-e-eventos.jpg\",\"datePublished\":\"2019-10-17T03:30:46+00:00\",\"dateModified\":\"2020-04-22T20:33:29+00:00\",\"breadcrumb\":{\"@id\":\"https:\/\/www.estrategiaconcursos.com.br\/blog\/programacao-dos-simulados-e-eventos\/#breadcrumb\"},\"inLanguage\":\"pt-BR\",\"potentialAction\":[{\"@type\":\"ReadAction\",\"target\":[\"https:\/\/www.estrategiaconcursos.com.br\/blog\/programacao-dos-simulados-e-eventos\/\"]}]},{\"@type\":\"ImageObject\",\"inLanguage\":\"pt-BR\",\"@id\":\"https:\/\/www.estrategiaconcursos.com.br\/blog\/programacao-dos-simulados-e-eventos\/#primaryimage\",\"url\":\"https:\/\/dhg1h5j42swfq.cloudfront.net\/2019\/09\/11091802\/programac%CC%A7a%CC%83o-de-simulados-e-eventos.jpg\",\"contentUrl\":\"https:\/\/dhg1h5j42swfq.cloudfront.net\/2019\/09\/11091802\/programac%CC%A7a%CC%83o-de-simulados-e-eventos.jpg\",\"width\":1200,\"height\":628},{\"@type\":\"BreadcrumbList\",\"@id\":\"https:\/\/www.estrategiaconcursos.com.br\/blog\/programacao-dos-simulados-e-eventos\/#breadcrumb\",\"itemListElement\":[{\"@type\":\"ListItem\",\"position\":1,\"name\":\"In\u00edcio\",\"item\":\"https:\/\/www.estrategiaconcursos.com.br\/blog\/\"},{\"@type\":\"ListItem\",\"position\":2,\"name\":\"Fique por dentro de toda a programa\u00e7\u00e3o de simulados e eventos\"}]},{\"@type\":\"WebSite\",\"@id\":\"https:\/\/www.estrategiaconcursos.com.br\/blog\/#website\",\"url\":\"https:\/\/www.estrategiaconcursos.com.br\/blog\/\",\"name\":\"Estrat\u00e9gia Concursos\",\"description\":\"O blog da Estrat\u00e9gia Concursos traz not\u00edcias sobre concursos e artigos de professores oferecendo cursos para concursos (pdf + videaulas) no site.\",\"publisher\":{\"@id\":\"https:\/\/www.estrategiaconcursos.com.br\/blog\/#organization\"},\"potentialAction\":[{\"@type\":\"SearchAction\",\"target\":{\"@type\":\"EntryPoint\",\"urlTemplate\":\"https:\/\/www.estrategiaconcursos.com.br\/blog\/?s={search_term_string}\"},\"query-input\":{\"@type\":\"PropertyValueSpecification\",\"valueRequired\":true,\"valueName\":\"search_term_string\"}}],\"inLanguage\":\"pt-BR\"},{\"@type\":\"Organization\",\"@id\":\"https:\/\/www.estrategiaconcursos.com.br\/blog\/#organization\",\"name\":\"Estrat\u00e9gia Concursos\",\"url\":\"https:\/\/www.estrategiaconcursos.com.br\/blog\/\",\"logo\":{\"@type\":\"ImageObject\",\"inLanguage\":\"pt-BR\",\"@id\":\"https:\/\/www.estrategiaconcursos.com.br\/blog\/#\/schema\/logo\/image\/\",\"url\":\"https:\/\/dhg1h5j42swfq.cloudfront.net\/2025\/06\/03203428\/logo_concursos-1.jpg\",\"contentUrl\":\"https:\/\/dhg1h5j42swfq.cloudfront.net\/2025\/06\/03203428\/logo_concursos-1.jpg\",\"width\":230,\"height\":60,\"caption\":\"Estrat\u00e9gia Concursos\"},\"image\":{\"@id\":\"https:\/\/www.estrategiaconcursos.com.br\/blog\/#\/schema\/logo\/image\/\"},\"sameAs\":[\"https:\/\/x.com\/EstratConcursos\"]},{\"@type\":\"Person\",\"@id\":\"https:\/\/www.estrategiaconcursos.com.br\/blog\/#\/schema\/person\/3489eb8fb39ff11193689cf7762b03b0\",\"name\":\"Rosenval J\u00fanior\",\"image\":{\"@type\":\"ImageObject\",\"inLanguage\":\"pt-BR\",\"@id\":\"https:\/\/secure.gravatar.com\/avatar\/dc38e7bcadccb99c8a28b35b027bdc6b8b6a65ee938a25ed335e3e31eed462e0?s=96&d=mm&r=g\",\"url\":\"https:\/\/secure.gravatar.com\/avatar\/dc38e7bcadccb99c8a28b35b027bdc6b8b6a65ee938a25ed335e3e31eed462e0?s=96&d=mm&r=g\",\"contentUrl\":\"https:\/\/secure.gravatar.com\/avatar\/dc38e7bcadccb99c8a28b35b027bdc6b8b6a65ee938a25ed335e3e31eed462e0?s=96&d=mm&r=g\",\"caption\":\"Rosenval J\u00fanior\"},\"description\":\"Graduado pela Universidade Federal de Vi\u00e7osa - UFV. P\u00f3s-graduado em Direito Ambiental. Graduado tamb\u00e9m em Gest\u00e3o Ambiental, com tr\u00eas especializa\u00e7\u00f5es na \u00e1rea ambiental. Mestrando em Engenharia Ambiental. Servidor p\u00fablico do Minist\u00e9rio da Justi\u00e7a e professor de Direito Ambiental, Meio Ambiente, Direito Agr\u00e1rio e Direito Urban\u00edstico para concursos p\u00fablicos. Professor de Direito Ambiental para o Exame de Ordem. Aprovado em 15 concursos p\u00fablicos na \u00e1rea de Meio Ambiente como Analista Ambiental do Instituto Brasileiro do Meio Ambiente e dos Recursos Naturais Renov\u00e1veis - IBAMA; Analista Pericial - Especialidade Engenharia Florestal do Minist\u00e9rio P\u00fablico da Uni\u00e3o - MPU; Analista de Infraestrutura - \u00c1rea de Especializa\u00e7\u00e3o Ambiental do Departamento Nacional de Infraestrutura de Transportes - DNIT; Especialista em Regula\u00e7\u00e3o - \u00c1rea Engenharia Ambiental e Engenharia Florestal, com \u00eanfase em Meio Ambiente da Ag\u00eancia Nacional de Transportes Terrestres - ANTT; Consultor Legislativo em Meio Ambiente e Direito Ambiental, Organiza\u00e7\u00e3o Territorial, Desenvolvimento Urbano e Regional da C\u00e2mara dos Deputados; entre outros. Autor do livro \\\"Direito Ambiental para Concursos e Exame de Ordem\\\", Editora Juru\u00e1. Iniciou sua carreira no servi\u00e7o p\u00fablico federal em 2006, quando obteve aprova\u00e7\u00e3o em 1\u00b0 lugar para o cargo de engenheiro florestal da Casa Civil da Presid\u00eancia da Rep\u00fablica\/Arquivo Nacional. Alguns concursos em que foi aprovado: 1\u00b0 lugar para Analista do Minist\u00e9rio P\u00fablico de MG; 1\u00ba lugar para Engenheiro da Casa Civil da Presid\u00eancia da Rep\u00fablica; 1\u00b0 lugar para T\u00e9cnico em Recursos Naturais \u2013 n\u00edvel II \u2013 \u00c1rea Engenharia Florestal do IDAF; 2\u00b0 lugar para Analista Pericial do Minist\u00e9rio P\u00fablico da Uni\u00e3o - MPU; 2\u00b0 lugar para Analista em Reforma e Desenvolvimento Agr\u00e1rio do INCRA; 7\u00ba lugar Engenheiro J\u00fanior da Caixa Econ\u00f4mica Federal; 10\u00ba lugar para Analista Ambiental do Instituto Estadual de Florestas - IEF\/MG; 6\u00ba lugar para Analista de Infraestrutura (\u00c1rea de Especializa\u00e7\u00e3o Ambiental) do Departamento Nacional de Infraestrutura de Transportes \u2013 DNIT (Prova objetiva e discursiva); 2\u00b0 lugar para Perito Criminal da Pol\u00edcia Civil do Estado do Rio de Janeiro \u2013PCERJ (Resultado na Prova objetiva, TAF, Avalia\u00e7\u00e3o M\u00e9dica, e Psicot\u00e9cnico); 10\u00ba lugar para Perito Criminal da Pol\u00edcia Federal \u2013 DPF \u2013 \u00c1rea 9 (Resultado definitivo na prova objetiva e discursiva); 2\u00b0 lugar para Analista Ambiental do Instituto Brasileiro do Meio Ambiente e dos Recursos Naturais Renov\u00e1veis \u2013 IBAMA (Prova objetiva e discursiva); 1\u00b0 lugar para Especialista em Regula\u00e7\u00e3o Engenharia Ambiental e Engenharia Florestal (com \u00eanfase em meio ambiente) da Ag\u00eancia Nacional de Transportes Terrestres - ANTT (Resultado da prova objetiva, discursiva e de t\u00edtulos); 10\u00ba lugar para Consultor Legislativo em Meio Ambiente e Direito Ambiental, Organiza\u00e7\u00e3o Territorial, Desenvolvimento Urbano e Regional da C\u00e2mara dos Deputados. (Resultado da prova objetiva, discursiva e de t\u00edtulos) Entre em contato comigo pelo facebook e pelo Youtube. Basta colocar na busca: Rosenval J\u00fanior. Ou copiar e colar o endere\u00e7o: www.facebook.com\/rosenvaljr Acesse o meu site e saiba mais: www.aprendadireitoambiental.com.br\",\"sameAs\":[\"http:\/\/www.aprendadireitoambiental.com.br\",\"https:\/\/www.facebook.com\/rosenvaljr\"],\"url\":\"https:\/\/www.estrategiaconcursos.com.br\/blog\/author\/rosenvaljuniorestrategiaconcursos-com-br\/\"}]}<\/script>\n<!-- \/ Yoast SEO Premium plugin. -->","yoast_head_json":{"title":"Fique por dentro de toda a programa\u00e7\u00e3o de simulados e eventos","robots":{"index":"index","follow":"follow","max-snippet":"max-snippet:-1","max-image-preview":"max-image-preview:large","max-video-preview":"max-video-preview:-1"},"canonical":"https:\/\/www.estrategiaconcursos.com.br\/blog\/programacao-dos-simulados-e-eventos\/","og_locale":"pt_BR","og_type":"article","og_title":"Fique por dentro de toda a programa\u00e7\u00e3o de simulados e eventos","og_description":"Quer ficar por dentro de todos os eventos e n\u00e3o perder nenhuma transmiss\u00e3o ao vivo? Ent\u00e3o, confira neste artigo a programa\u00e7\u00e3o completa de eventos, webn\u00e1rios e simulados. Inscreva-se gratuitamente e n\u00e3o perca nada! Eventos e Webin\u00e1rios Curso Reta Final Senado Federal &#8211; Pol\u00edcia Legislativa Data: 15\/10 a 01\/11 Confira o cronograma de aulas Curso Intensivo [&hellip;]","og_url":"https:\/\/www.estrategiaconcursos.com.br\/blog\/programacao-dos-simulados-e-eventos\/","og_site_name":"Estrat\u00e9gia Concursos","article_author":"https:\/\/www.facebook.com\/rosenvaljr","article_published_time":"2019-10-17T03:30:46+00:00","article_modified_time":"2020-04-22T20:33:29+00:00","og_image":[{"width":1200,"height":628,"url":"https:\/\/dhg1h5j42swfq.cloudfront.net\/2019\/09\/11091802\/programac%CC%A7a%CC%83o-de-simulados-e-eventos.jpg","type":"image\/jpeg"}],"author":"Rosenval J\u00fanior","twitter_card":"summary_large_image","twitter_creator":"@EstratConcursos","twitter_site":"@EstratConcursos","twitter_misc":{"Escrito por":"Rosenval J\u00fanior","Est. tempo de leitura":"3 minutos"},"schema":{"@context":"https:\/\/schema.org","@graph":[{"@type":"NewsArticle","@id":"https:\/\/www.estrategiaconcursos.com.br\/blog\/programacao-dos-simulados-e-eventos\/#article","isPartOf":{"@id":"https:\/\/www.estrategiaconcursos.com.br\/blog\/programacao-dos-simulados-e-eventos\/"},"author":{"name":"Rosenval J\u00fanior","@id":"https:\/\/www.estrategiaconcursos.com.br\/blog\/#\/schema\/person\/3489eb8fb39ff11193689cf7762b03b0"},"headline":"Fique por dentro de toda a programa\u00e7\u00e3o de simulados e eventos","datePublished":"2019-10-17T03:30:46+00:00","dateModified":"2020-04-22T20:33:29+00:00","mainEntityOfPage":{"@id":"https:\/\/www.estrategiaconcursos.com.br\/blog\/programacao-dos-simulados-e-eventos\/"},"wordCount":642,"commentCount":0,"publisher":{"@id":"https:\/\/www.estrategiaconcursos.com.br\/blog\/#organization"},"image":{"@id":"https:\/\/www.estrategiaconcursos.com.br\/blog\/programacao-dos-simulados-e-eventos\/#primaryimage"},"thumbnailUrl":"https:\/\/dhg1h5j42swfq.cloudfront.net\/2019\/09\/11091802\/programac%CC%A7a%CC%83o-de-simulados-e-eventos.jpg","articleSection":["Concursos P\u00fablicos"],"inLanguage":"pt-BR","potentialAction":[{"@type":"CommentAction","name":"Comment","target":["https:\/\/www.estrategiaconcursos.com.br\/blog\/programacao-dos-simulados-e-eventos\/#respond"]}],"copyrightYear":"2019","copyrightHolder":{"@id":"https:\/\/www.estrategiaconcursos.com.br\/blog\/#organization"}},{"@type":"WebPage","@id":"https:\/\/www.estrategiaconcursos.com.br\/blog\/programacao-dos-simulados-e-eventos\/","url":"https:\/\/www.estrategiaconcursos.com.br\/blog\/programacao-dos-simulados-e-eventos\/","name":"Fique por dentro de toda a programa\u00e7\u00e3o de simulados e eventos","isPartOf":{"@id":"https:\/\/www.estrategiaconcursos.com.br\/blog\/#website"},"primaryImageOfPage":{"@id":"https:\/\/www.estrategiaconcursos.com.br\/blog\/programacao-dos-simulados-e-eventos\/#primaryimage"},"image":{"@id":"https:\/\/www.estrategiaconcursos.com.br\/blog\/programacao-dos-simulados-e-eventos\/#primaryimage"},"thumbnailUrl":"https:\/\/dhg1h5j42swfq.cloudfront.net\/2019\/09\/11091802\/programac%CC%A7a%CC%83o-de-simulados-e-eventos.jpg","datePublished":"2019-10-17T03:30:46+00:00","dateModified":"2020-04-22T20:33:29+00:00","breadcrumb":{"@id":"https:\/\/www.estrategiaconcursos.com.br\/blog\/programacao-dos-simulados-e-eventos\/#breadcrumb"},"inLanguage":"pt-BR","potentialAction":[{"@type":"ReadAction","target":["https:\/\/www.estrategiaconcursos.com.br\/blog\/programacao-dos-simulados-e-eventos\/"]}]},{"@type":"ImageObject","inLanguage":"pt-BR","@id":"https:\/\/www.estrategiaconcursos.com.br\/blog\/programacao-dos-simulados-e-eventos\/#primaryimage","url":"https:\/\/dhg1h5j42swfq.cloudfront.net\/2019\/09\/11091802\/programac%CC%A7a%CC%83o-de-simulados-e-eventos.jpg","contentUrl":"https:\/\/dhg1h5j42swfq.cloudfront.net\/2019\/09\/11091802\/programac%CC%A7a%CC%83o-de-simulados-e-eventos.jpg","width":1200,"height":628},{"@type":"BreadcrumbList","@id":"https:\/\/www.estrategiaconcursos.com.br\/blog\/programacao-dos-simulados-e-eventos\/#breadcrumb","itemListElement":[{"@type":"ListItem","position":1,"name":"In\u00edcio","item":"https:\/\/www.estrategiaconcursos.com.br\/blog\/"},{"@type":"ListItem","position":2,"name":"Fique por dentro de toda a programa\u00e7\u00e3o de simulados e eventos"}]},{"@type":"WebSite","@id":"https:\/\/www.estrategiaconcursos.com.br\/blog\/#website","url":"https:\/\/www.estrategiaconcursos.com.br\/blog\/","name":"Estrat\u00e9gia Concursos","description":"O blog da Estrat\u00e9gia Concursos traz not\u00edcias sobre concursos e artigos de professores oferecendo cursos para concursos (pdf + videaulas) no site.","publisher":{"@id":"https:\/\/www.estrategiaconcursos.com.br\/blog\/#organization"},"potentialAction":[{"@type":"SearchAction","target":{"@type":"EntryPoint","urlTemplate":"https:\/\/www.estrategiaconcursos.com.br\/blog\/?s={search_term_string}"},"query-input":{"@type":"PropertyValueSpecification","valueRequired":true,"valueName":"search_term_string"}}],"inLanguage":"pt-BR"},{"@type":"Organization","@id":"https:\/\/www.estrategiaconcursos.com.br\/blog\/#organization","name":"Estrat\u00e9gia Concursos","url":"https:\/\/www.estrategiaconcursos.com.br\/blog\/","logo":{"@type":"ImageObject","inLanguage":"pt-BR","@id":"https:\/\/www.estrategiaconcursos.com.br\/blog\/#\/schema\/logo\/image\/","url":"https:\/\/dhg1h5j42swfq.cloudfront.net\/2025\/06\/03203428\/logo_concursos-1.jpg","contentUrl":"https:\/\/dhg1h5j42swfq.cloudfront.net\/2025\/06\/03203428\/logo_concursos-1.jpg","width":230,"height":60,"caption":"Estrat\u00e9gia Concursos"},"image":{"@id":"https:\/\/www.estrategiaconcursos.com.br\/blog\/#\/schema\/logo\/image\/"},"sameAs":["https:\/\/x.com\/EstratConcursos"]},{"@type":"Person","@id":"https:\/\/www.estrategiaconcursos.com.br\/blog\/#\/schema\/person\/3489eb8fb39ff11193689cf7762b03b0","name":"Rosenval J\u00fanior","image":{"@type":"ImageObject","inLanguage":"pt-BR","@id":"https:\/\/secure.gravatar.com\/avatar\/dc38e7bcadccb99c8a28b35b027bdc6b8b6a65ee938a25ed335e3e31eed462e0?s=96&d=mm&r=g","url":"https:\/\/secure.gravatar.com\/avatar\/dc38e7bcadccb99c8a28b35b027bdc6b8b6a65ee938a25ed335e3e31eed462e0?s=96&d=mm&r=g","contentUrl":"https:\/\/secure.gravatar.com\/avatar\/dc38e7bcadccb99c8a28b35b027bdc6b8b6a65ee938a25ed335e3e31eed462e0?s=96&d=mm&r=g","caption":"Rosenval J\u00fanior"},"description":"Graduado pela Universidade Federal de Vi\u00e7osa - UFV. P\u00f3s-graduado em Direito Ambiental. Graduado tamb\u00e9m em Gest\u00e3o Ambiental, com tr\u00eas especializa\u00e7\u00f5es na \u00e1rea ambiental. Mestrando em Engenharia Ambiental. Servidor p\u00fablico do Minist\u00e9rio da Justi\u00e7a e professor de Direito Ambiental, Meio Ambiente, Direito Agr\u00e1rio e Direito Urban\u00edstico para concursos p\u00fablicos. Professor de Direito Ambiental para o Exame de Ordem. Aprovado em 15 concursos p\u00fablicos na \u00e1rea de Meio Ambiente como Analista Ambiental do Instituto Brasileiro do Meio Ambiente e dos Recursos Naturais Renov\u00e1veis - IBAMA; Analista Pericial - Especialidade Engenharia Florestal do Minist\u00e9rio P\u00fablico da Uni\u00e3o - MPU; Analista de Infraestrutura - \u00c1rea de Especializa\u00e7\u00e3o Ambiental do Departamento Nacional de Infraestrutura de Transportes - DNIT; Especialista em Regula\u00e7\u00e3o - \u00c1rea Engenharia Ambiental e Engenharia Florestal, com \u00eanfase em Meio Ambiente da Ag\u00eancia Nacional de Transportes Terrestres - ANTT; Consultor Legislativo em Meio Ambiente e Direito Ambiental, Organiza\u00e7\u00e3o Territorial, Desenvolvimento Urbano e Regional da C\u00e2mara dos Deputados; entre outros. Autor do livro \"Direito Ambiental para Concursos e Exame de Ordem\", Editora Juru\u00e1. Iniciou sua carreira no servi\u00e7o p\u00fablico federal em 2006, quando obteve aprova\u00e7\u00e3o em 1\u00b0 lugar para o cargo de engenheiro florestal da Casa Civil da Presid\u00eancia da Rep\u00fablica\/Arquivo Nacional. Alguns concursos em que foi aprovado: 1\u00b0 lugar para Analista do Minist\u00e9rio P\u00fablico de MG; 1\u00ba lugar para Engenheiro da Casa Civil da Presid\u00eancia da Rep\u00fablica; 1\u00b0 lugar para T\u00e9cnico em Recursos Naturais \u2013 n\u00edvel II \u2013 \u00c1rea Engenharia Florestal do IDAF; 2\u00b0 lugar para Analista Pericial do Minist\u00e9rio P\u00fablico da Uni\u00e3o - MPU; 2\u00b0 lugar para Analista em Reforma e Desenvolvimento Agr\u00e1rio do INCRA; 7\u00ba lugar Engenheiro J\u00fanior da Caixa Econ\u00f4mica Federal; 10\u00ba lugar para Analista Ambiental do Instituto Estadual de Florestas - IEF\/MG; 6\u00ba lugar para Analista de Infraestrutura (\u00c1rea de Especializa\u00e7\u00e3o Ambiental) do Departamento Nacional de Infraestrutura de Transportes \u2013 DNIT (Prova objetiva e discursiva); 2\u00b0 lugar para Perito Criminal da Pol\u00edcia Civil do Estado do Rio de Janeiro \u2013PCERJ (Resultado na Prova objetiva, TAF, Avalia\u00e7\u00e3o M\u00e9dica, e Psicot\u00e9cnico); 10\u00ba lugar para Perito Criminal da Pol\u00edcia Federal \u2013 DPF \u2013 \u00c1rea 9 (Resultado definitivo na prova objetiva e discursiva); 2\u00b0 lugar para Analista Ambiental do Instituto Brasileiro do Meio Ambiente e dos Recursos Naturais Renov\u00e1veis \u2013 IBAMA (Prova objetiva e discursiva); 1\u00b0 lugar para Especialista em Regula\u00e7\u00e3o Engenharia Ambiental e Engenharia Florestal (com \u00eanfase em meio ambiente) da Ag\u00eancia Nacional de Transportes Terrestres - ANTT (Resultado da prova objetiva, discursiva e de t\u00edtulos); 10\u00ba lugar para Consultor Legislativo em Meio Ambiente e Direito Ambiental, Organiza\u00e7\u00e3o Territorial, Desenvolvimento Urbano e Regional da C\u00e2mara dos Deputados. (Resultado da prova objetiva, discursiva e de t\u00edtulos) Entre em contato comigo pelo facebook e pelo Youtube. Basta colocar na busca: Rosenval J\u00fanior. Ou copiar e colar o endere\u00e7o: www.facebook.com\/rosenvaljr Acesse o meu site e saiba mais: www.aprendadireitoambiental.com.br","sameAs":["http:\/\/www.aprendadireitoambiental.com.br","https:\/\/www.facebook.com\/rosenvaljr"],"url":"https:\/\/www.estrategiaconcursos.com.br\/blog\/author\/rosenvaljuniorestrategiaconcursos-com-br\/"}]}},"_links":{"self":[{"href":"https:\/\/www.estrategiaconcursos.com.br\/blog\/wp-json\/wp\/v2\/posts\/418131","targetHints":{"allow":["GET"]}}],"collection":[{"href":"https:\/\/www.estrategiaconcursos.com.br\/blog\/wp-json\/wp\/v2\/posts"}],"about":[{"href":"https:\/\/www.estrategiaconcursos.com.br\/blog\/wp-json\/wp\/v2\/types\/post"}],"author":[{"embeddable":true,"href":"https:\/\/www.estrategiaconcursos.com.br\/blog\/wp-json\/wp\/v2\/users\/73"}],"replies":[{"embeddable":true,"href":"https:\/\/www.estrategiaconcursos.com.br\/blog\/wp-json\/wp\/v2\/comments?post=418131"}],"version-history":[{"count":47,"href":"https:\/\/www.estrategiaconcursos.com.br\/blog\/wp-json\/wp\/v2\/posts\/418131\/revisions"}],"predecessor-version":[{"id":436115,"href":"https:\/\/www.estrategiaconcursos.com.br\/blog\/wp-json\/wp\/v2\/posts\/418131\/revisions\/436115"}],"wp:featuredmedia":[{"embeddable":true,"href":"https:\/\/www.estrategiaconcursos.com.br\/blog\/wp-json\/wp\/v2\/media\/418711"}],"wp:attachment":[{"href":"https:\/\/www.estrategiaconcursos.com.br\/blog\/wp-json\/wp\/v2\/media?parent=418131"}],"wp:term":[{"taxonomy":"category","embeddable":true,"href":"https:\/\/www.estrategiaconcursos.com.br\/blog\/wp-json\/wp\/v2\/categories?post=418131"},{"taxonomy":"post_tag","embeddable":true,"href":"https:\/\/www.estrategiaconcursos.com.br\/blog\/wp-json\/wp\/v2\/tags?post=418131"},{"taxonomy":"tax_estado","embeddable":true,"href":"https:\/\/www.estrategiaconcursos.com.br\/blog\/wp-json\/wp\/v2\/tax_estado?post=418131"}],"curies":[{"name":"wp","href":"https:\/\/api.w.org\/{rel}","templated":true}]}}