{"id":418108,"date":"2019-09-09T17:48:37","date_gmt":"2019-09-09T20:48:37","guid":{"rendered":"https:\/\/www.estrategiaconcursos.com.br\/blog\/?p=418108"},"modified":"2023-06-21T09:32:09","modified_gmt":"2023-06-21T12:32:09","slug":"concurso-tj-mg-como-a-unificacao-de-carreiras-afeta-os-certames","status":"publish","type":"post","link":"https:\/\/www.estrategiaconcursos.com.br\/blog\/concurso-tj-mg-como-a-unificacao-de-carreiras-afeta-os-certames\/","title":{"rendered":"Concurso TJ MG: Entenda como a unifica\u00e7\u00e3o de carreiras afeta os certames"},"content":{"rendered":"\n<p>O Tribunal de Justi\u00e7a de Minas Gerais atualmente est\u00e1 organizando dois concursos, um para a 1\u00aa Inst\u00e2ncia e outro para a 2\u00aa Inst\u00e2ncia. Ambos os certames j\u00e1 est\u00e3o com banca definida e encaminhados.<\/p>\n\n\n\n<p>Mesmo com as organiza\u00e7\u00f5es bem avan\u00e7adas, ap\u00f3s a escolha das bancas organizadoras nenhum dos editais foi publicado. Ap\u00f3s um tempo foi comunicado que a demora na publica\u00e7\u00e3o se devia \u00e0s inten\u00e7\u00f5es do \u00f3rg\u00e3o em unificar as carreiras dos dois graus de jurisdi\u00e7\u00e3o.<\/p>\n\n\n\n<p>A proposta foi aprovado, no entanto recebeu muitas cr\u00edticas do Sindicato dos Servidores da Justi\u00e7a de Minas Gerais (SINJUS MG), que enviou algumas emendas visando altera\u00e7\u00f5es no projeto. At\u00e9 o momento n\u00e3o houve confirma\u00e7\u00e3o se essas emendas foram aprovadas.<\/p>\n\n\n\n<p class=\"has-text-align-center has-luminous-vivid-amber-background-color has-background\" style=\"font-size:clamp(16.293px, 1.018rem + ((1vw - 3.2px) * 0.854), 25px);px\"><strong>Confira todos os detalhes: <\/strong><a rel=\"noreferrer noopener\" aria-label=\"Concurso TJ MG 1\u00aa Inst\u00e2ncia (abre numa nova aba)\" href=\"https:\/\/www.estrategiaconcursos.com.br\/blog\/concurso-tjmg-1-instancia\/\" target=\"_blank\"><strong>Concurso TJ MG 1\u00aa Inst\u00e2ncia<\/strong><\/a><strong>, <\/strong><a rel=\"noreferrer noopener\" aria-label=\"Concurso TJ MG 2\u00aa Inst\u00e2ncia (abre numa nova aba)\" href=\"https:\/\/www.estrategiaconcursos.com.br\/blog\/concurso-tjmg-2-instancia\/\" target=\"_blank\"><strong>Concurso TJ MG 2\u00aa Inst\u00e2ncia<\/strong><\/a><\/p>\n\n\n\n<p>Dois concursos dessa magnitude geram muitas expectativas nos concurseiros, que muitas vezes se perguntam se esse novo projeto de unifica\u00e7\u00e3o pode de alguma forma afetar os certames.<\/p>\n\n\n\n<p>Para explicar todos os detalhes e sanar todas as d\u00favidas \u00e0 respeito do assunto, o Estrat\u00e9gia realizar\u00e1 nesta segunda-feira uma transmiss\u00e3o ao vivo totalmente focada nos concursos do TJ MG.<\/p>\n\n\n\n<p>Para n\u00e3o perder nenhum segundo desse bate papo e aproveitar para pegar algumas dicas de prepara\u00e7\u00e3o, basta clicar no <em>player<\/em> abaixo e conferir:<\/p>\n\n\n\n<p class=\"has-text-align-center\"><em>Gostou desta oportunidade e deseja come\u00e7ar se preparar agora mesmo? Ent\u00e3o, confira os nossos cursos e comece a estudar para TJMG:<\/em><\/p>\n\n\n\n<p class=\"has-text-align-center has-luminous-vivid-amber-background-color has-background\" style=\"font-size:clamp(16.293px, 1.018rem + ((1vw - 3.2px) * 0.854), 25px);px\"><a rel=\"noreferrer noopener\" href=\"https:\/\/www.estrategiaconcursos.com.br\/cursosPorConcurso\/tj-mg-oficial-de-apoio-judicial-e-judiciario\/\" target=\"_blank\"><strong>CURSO TJMG <\/strong><\/a><\/p>\n\n\n\n<p class=\"has-text-align-center\"><em><strong>Assinatura Anual Ilimitada*<\/strong><\/em><\/p>\n\n\n\n<p class=\"has-text-align-center\"><em>Prepare-se com o melhor material e com quem mais aprova em Concursos P\u00fablicos em todo o pa\u00eds. Assine agora a nossa Assinatura Anual e tenha acesso ilimitado* a todos os nossos cursos.<\/em><\/p>\n\n\n\n<p class=\"has-text-align-center has-light-green-cyan-background-color has-background\" style=\"font-size:clamp(16.293px, 1.018rem + ((1vw - 3.2px) * 0.854), 25px);px\"><strong>ASSINE AGORA<\/strong>&nbsp;\u2013&nbsp;<a rel=\"noreferrer noopener\" href=\"https:\/\/www.estrategiaconcursos.com.br\/assinaturas\" target=\"_blank\"><strong>Assinatura Ilimitada<\/strong><\/a><\/p>\n\n\n\n<p class=\"has-text-align-center has-pale-cyan-blue-background-color has-background has-medium-font-size\"><strong><a href=\"https:\/\/www.estrategiaconcursos.com.br\/blog\/concursos-abertos\/\">CONCURSOS ABERTOS<\/a><\/strong><\/p>\n","protected":false},"excerpt":{"rendered":"<p>O Tribunal de Justi\u00e7a de Minas Gerais atualmente est\u00e1 organizando dois concursos, um para a 1\u00aa Inst\u00e2ncia e outro para a 2\u00aa Inst\u00e2ncia. Ambos os certames j\u00e1 est\u00e3o com banca definida e encaminhados. Mesmo com as organiza\u00e7\u00f5es bem avan\u00e7adas, ap\u00f3s a escolha das bancas organizadoras nenhum dos editais foi publicado. Ap\u00f3s um tempo foi comunicado [&hellip;]<\/p>\n","protected":false},"author":1170,"featured_media":0,"comment_status":"open","ping_status":"closed","sticky":false,"template":"","format":"standard","meta":{"post_tipo":"article","footnotes":""},"categories":[1],"tags":[],"tax_estado":[],"class_list":["post-418108","post","type-post","status-publish","format-standard","hentry","category-cursos-e-concursos"],"acf":[],"yoast_head":"<!-- This site is optimized with the Yoast SEO Premium plugin v27.2 (Yoast SEO v27.2) - https:\/\/yoast.com\/product\/yoast-seo-premium-wordpress\/ -->\n<title>Concurso TJ MG: Entenda como a unifica\u00e7\u00e3o de carreiras afeta os certames<\/title>\n<meta name=\"robots\" content=\"index, follow, max-snippet:-1, max-image-preview:large, max-video-preview:-1\" \/>\n<link rel=\"canonical\" href=\"https:\/\/www.estrategiaconcursos.com.br\/blog\/concurso-tj-mg-como-a-unificacao-de-carreiras-afeta-os-certames\/\" \/>\n<meta property=\"og:locale\" content=\"pt_BR\" \/>\n<meta property=\"og:type\" content=\"article\" \/>\n<meta property=\"og:title\" content=\"Concurso TJ MG: Entenda como a unifica\u00e7\u00e3o de carreiras afeta os certames\" \/>\n<meta property=\"og:description\" content=\"O Tribunal de Justi\u00e7a de Minas Gerais atualmente est\u00e1 organizando dois concursos, um para a 1\u00aa Inst\u00e2ncia e outro para a 2\u00aa Inst\u00e2ncia. Ambos os certames j\u00e1 est\u00e3o com banca definida e encaminhados. Mesmo com as organiza\u00e7\u00f5es bem avan\u00e7adas, ap\u00f3s a escolha das bancas organizadoras nenhum dos editais foi publicado. Ap\u00f3s um tempo foi comunicado [&hellip;]\" \/>\n<meta property=\"og:url\" content=\"https:\/\/www.estrategiaconcursos.com.br\/blog\/concurso-tj-mg-como-a-unificacao-de-carreiras-afeta-os-certames\/\" \/>\n<meta property=\"og:site_name\" content=\"Estrat\u00e9gia Concursos\" \/>\n<meta property=\"article:published_time\" content=\"2019-09-09T20:48:37+00:00\" \/>\n<meta property=\"article:modified_time\" content=\"2023-06-21T12:32:09+00:00\" \/>\n<meta name=\"author\" content=\"Fabiano Pereira\" \/>\n<meta name=\"twitter:card\" content=\"summary_large_image\" \/>\n<meta name=\"twitter:creator\" content=\"@EstratConcursos\" \/>\n<meta name=\"twitter:site\" content=\"@EstratConcursos\" \/>\n<meta name=\"twitter:label1\" content=\"Escrito por\" \/>\n\t<meta name=\"twitter:data1\" content=\"Fabiano Pereira\" \/>\n\t<meta name=\"twitter:label2\" content=\"Est. tempo de leitura\" \/>\n\t<meta name=\"twitter:data2\" content=\"1 minuto\" \/>\n<script type=\"application\/ld+json\" class=\"yoast-schema-graph\">{\"@context\":\"https:\/\/schema.org\",\"@graph\":[{\"@type\":\"NewsArticle\",\"@id\":\"https:\/\/www.estrategiaconcursos.com.br\/blog\/concurso-tj-mg-como-a-unificacao-de-carreiras-afeta-os-certames\/#article\",\"isPartOf\":{\"@id\":\"https:\/\/www.estrategiaconcursos.com.br\/blog\/concurso-tj-mg-como-a-unificacao-de-carreiras-afeta-os-certames\/\"},\"author\":{\"name\":\"Fabiano Pereira\",\"@id\":\"https:\/\/www.estrategiaconcursos.com.br\/blog\/#\/schema\/person\/73a0097d005d0e0410a58869a4ff0dad\"},\"headline\":\"Concurso TJ MG: Entenda como a unifica\u00e7\u00e3o de carreiras afeta os certames\",\"datePublished\":\"2019-09-09T20:48:37+00:00\",\"dateModified\":\"2023-06-21T12:32:09+00:00\",\"mainEntityOfPage\":{\"@id\":\"https:\/\/www.estrategiaconcursos.com.br\/blog\/concurso-tj-mg-como-a-unificacao-de-carreiras-afeta-os-certames\/\"},\"wordCount\":311,\"commentCount\":0,\"publisher\":{\"@id\":\"https:\/\/www.estrategiaconcursos.com.br\/blog\/#organization\"},\"articleSection\":[\"Concursos P\u00fablicos\"],\"inLanguage\":\"pt-BR\",\"potentialAction\":[{\"@type\":\"CommentAction\",\"name\":\"Comment\",\"target\":[\"https:\/\/www.estrategiaconcursos.com.br\/blog\/concurso-tj-mg-como-a-unificacao-de-carreiras-afeta-os-certames\/#respond\"]}],\"copyrightYear\":\"2019\",\"copyrightHolder\":{\"@id\":\"https:\/\/www.estrategiaconcursos.com.br\/blog\/#organization\"}},{\"@type\":\"WebPage\",\"@id\":\"https:\/\/www.estrategiaconcursos.com.br\/blog\/concurso-tj-mg-como-a-unificacao-de-carreiras-afeta-os-certames\/\",\"url\":\"https:\/\/www.estrategiaconcursos.com.br\/blog\/concurso-tj-mg-como-a-unificacao-de-carreiras-afeta-os-certames\/\",\"name\":\"Concurso TJ MG: Entenda como a unifica\u00e7\u00e3o de carreiras afeta os certames\",\"isPartOf\":{\"@id\":\"https:\/\/www.estrategiaconcursos.com.br\/blog\/#website\"},\"datePublished\":\"2019-09-09T20:48:37+00:00\",\"dateModified\":\"2023-06-21T12:32:09+00:00\",\"breadcrumb\":{\"@id\":\"https:\/\/www.estrategiaconcursos.com.br\/blog\/concurso-tj-mg-como-a-unificacao-de-carreiras-afeta-os-certames\/#breadcrumb\"},\"inLanguage\":\"pt-BR\",\"potentialAction\":[{\"@type\":\"ReadAction\",\"target\":[\"https:\/\/www.estrategiaconcursos.com.br\/blog\/concurso-tj-mg-como-a-unificacao-de-carreiras-afeta-os-certames\/\"]}]},{\"@type\":\"BreadcrumbList\",\"@id\":\"https:\/\/www.estrategiaconcursos.com.br\/blog\/concurso-tj-mg-como-a-unificacao-de-carreiras-afeta-os-certames\/#breadcrumb\",\"itemListElement\":[{\"@type\":\"ListItem\",\"position\":1,\"name\":\"In\u00edcio\",\"item\":\"https:\/\/www.estrategiaconcursos.com.br\/blog\/\"},{\"@type\":\"ListItem\",\"position\":2,\"name\":\"Concurso TJ MG: Entenda como a unifica\u00e7\u00e3o de carreiras afeta os certames\"}]},{\"@type\":\"WebSite\",\"@id\":\"https:\/\/www.estrategiaconcursos.com.br\/blog\/#website\",\"url\":\"https:\/\/www.estrategiaconcursos.com.br\/blog\/\",\"name\":\"Estrat\u00e9gia Concursos\",\"description\":\"O blog da Estrat\u00e9gia Concursos traz not\u00edcias sobre concursos e artigos de professores oferecendo cursos para concursos (pdf + videaulas) no site.\",\"publisher\":{\"@id\":\"https:\/\/www.estrategiaconcursos.com.br\/blog\/#organization\"},\"potentialAction\":[{\"@type\":\"SearchAction\",\"target\":{\"@type\":\"EntryPoint\",\"urlTemplate\":\"https:\/\/www.estrategiaconcursos.com.br\/blog\/?s={search_term_string}\"},\"query-input\":{\"@type\":\"PropertyValueSpecification\",\"valueRequired\":true,\"valueName\":\"search_term_string\"}}],\"inLanguage\":\"pt-BR\"},{\"@type\":\"Organization\",\"@id\":\"https:\/\/www.estrategiaconcursos.com.br\/blog\/#organization\",\"name\":\"Estrat\u00e9gia Concursos\",\"url\":\"https:\/\/www.estrategiaconcursos.com.br\/blog\/\",\"logo\":{\"@type\":\"ImageObject\",\"inLanguage\":\"pt-BR\",\"@id\":\"https:\/\/www.estrategiaconcursos.com.br\/blog\/#\/schema\/logo\/image\/\",\"url\":\"https:\/\/dhg1h5j42swfq.cloudfront.net\/2025\/06\/03203428\/logo_concursos-1.jpg\",\"contentUrl\":\"https:\/\/dhg1h5j42swfq.cloudfront.net\/2025\/06\/03203428\/logo_concursos-1.jpg\",\"width\":230,\"height\":60,\"caption\":\"Estrat\u00e9gia Concursos\"},\"image\":{\"@id\":\"https:\/\/www.estrategiaconcursos.com.br\/blog\/#\/schema\/logo\/image\/\"},\"sameAs\":[\"https:\/\/x.com\/EstratConcursos\"]},{\"@type\":\"Person\",\"@id\":\"https:\/\/www.estrategiaconcursos.com.br\/blog\/#\/schema\/person\/73a0097d005d0e0410a58869a4ff0dad\",\"name\":\"Fabiano Pereira\",\"image\":{\"@type\":\"ImageObject\",\"inLanguage\":\"pt-BR\",\"@id\":\"https:\/\/secure.gravatar.com\/avatar\/2d50d79dc60f78c8adffae60393ee45fd6d79c9cb3bd6c1abc9a574ca4f1ff0a?s=96&d=mm&r=g\",\"url\":\"https:\/\/secure.gravatar.com\/avatar\/2d50d79dc60f78c8adffae60393ee45fd6d79c9cb3bd6c1abc9a574ca4f1ff0a?s=96&d=mm&r=g\",\"contentUrl\":\"https:\/\/secure.gravatar.com\/avatar\/2d50d79dc60f78c8adffae60393ee45fd6d79c9cb3bd6c1abc9a574ca4f1ff0a?s=96&d=mm&r=g\",\"caption\":\"Fabiano Pereira\"},\"url\":\"https:\/\/www.estrategiaconcursos.com.br\/blog\/author\/professorfabianopereirayahoo-com-br\/\"}]}<\/script>\n<!-- \/ Yoast SEO Premium plugin. -->","yoast_head_json":{"title":"Concurso TJ MG: Entenda como a unifica\u00e7\u00e3o de carreiras afeta os certames","robots":{"index":"index","follow":"follow","max-snippet":"max-snippet:-1","max-image-preview":"max-image-preview:large","max-video-preview":"max-video-preview:-1"},"canonical":"https:\/\/www.estrategiaconcursos.com.br\/blog\/concurso-tj-mg-como-a-unificacao-de-carreiras-afeta-os-certames\/","og_locale":"pt_BR","og_type":"article","og_title":"Concurso TJ MG: Entenda como a unifica\u00e7\u00e3o de carreiras afeta os certames","og_description":"O Tribunal de Justi\u00e7a de Minas Gerais atualmente est\u00e1 organizando dois concursos, um para a 1\u00aa Inst\u00e2ncia e outro para a 2\u00aa Inst\u00e2ncia. Ambos os certames j\u00e1 est\u00e3o com banca definida e encaminhados. Mesmo com as organiza\u00e7\u00f5es bem avan\u00e7adas, ap\u00f3s a escolha das bancas organizadoras nenhum dos editais foi publicado. Ap\u00f3s um tempo foi comunicado [&hellip;]","og_url":"https:\/\/www.estrategiaconcursos.com.br\/blog\/concurso-tj-mg-como-a-unificacao-de-carreiras-afeta-os-certames\/","og_site_name":"Estrat\u00e9gia Concursos","article_published_time":"2019-09-09T20:48:37+00:00","article_modified_time":"2023-06-21T12:32:09+00:00","author":"Fabiano Pereira","twitter_card":"summary_large_image","twitter_creator":"@EstratConcursos","twitter_site":"@EstratConcursos","twitter_misc":{"Escrito por":"Fabiano Pereira","Est. tempo de leitura":"1 minuto"},"schema":{"@context":"https:\/\/schema.org","@graph":[{"@type":"NewsArticle","@id":"https:\/\/www.estrategiaconcursos.com.br\/blog\/concurso-tj-mg-como-a-unificacao-de-carreiras-afeta-os-certames\/#article","isPartOf":{"@id":"https:\/\/www.estrategiaconcursos.com.br\/blog\/concurso-tj-mg-como-a-unificacao-de-carreiras-afeta-os-certames\/"},"author":{"name":"Fabiano Pereira","@id":"https:\/\/www.estrategiaconcursos.com.br\/blog\/#\/schema\/person\/73a0097d005d0e0410a58869a4ff0dad"},"headline":"Concurso TJ MG: Entenda como a unifica\u00e7\u00e3o de carreiras afeta os certames","datePublished":"2019-09-09T20:48:37+00:00","dateModified":"2023-06-21T12:32:09+00:00","mainEntityOfPage":{"@id":"https:\/\/www.estrategiaconcursos.com.br\/blog\/concurso-tj-mg-como-a-unificacao-de-carreiras-afeta-os-certames\/"},"wordCount":311,"commentCount":0,"publisher":{"@id":"https:\/\/www.estrategiaconcursos.com.br\/blog\/#organization"},"articleSection":["Concursos P\u00fablicos"],"inLanguage":"pt-BR","potentialAction":[{"@type":"CommentAction","name":"Comment","target":["https:\/\/www.estrategiaconcursos.com.br\/blog\/concurso-tj-mg-como-a-unificacao-de-carreiras-afeta-os-certames\/#respond"]}],"copyrightYear":"2019","copyrightHolder":{"@id":"https:\/\/www.estrategiaconcursos.com.br\/blog\/#organization"}},{"@type":"WebPage","@id":"https:\/\/www.estrategiaconcursos.com.br\/blog\/concurso-tj-mg-como-a-unificacao-de-carreiras-afeta-os-certames\/","url":"https:\/\/www.estrategiaconcursos.com.br\/blog\/concurso-tj-mg-como-a-unificacao-de-carreiras-afeta-os-certames\/","name":"Concurso TJ MG: Entenda como a unifica\u00e7\u00e3o de carreiras afeta os certames","isPartOf":{"@id":"https:\/\/www.estrategiaconcursos.com.br\/blog\/#website"},"datePublished":"2019-09-09T20:48:37+00:00","dateModified":"2023-06-21T12:32:09+00:00","breadcrumb":{"@id":"https:\/\/www.estrategiaconcursos.com.br\/blog\/concurso-tj-mg-como-a-unificacao-de-carreiras-afeta-os-certames\/#breadcrumb"},"inLanguage":"pt-BR","potentialAction":[{"@type":"ReadAction","target":["https:\/\/www.estrategiaconcursos.com.br\/blog\/concurso-tj-mg-como-a-unificacao-de-carreiras-afeta-os-certames\/"]}]},{"@type":"BreadcrumbList","@id":"https:\/\/www.estrategiaconcursos.com.br\/blog\/concurso-tj-mg-como-a-unificacao-de-carreiras-afeta-os-certames\/#breadcrumb","itemListElement":[{"@type":"ListItem","position":1,"name":"In\u00edcio","item":"https:\/\/www.estrategiaconcursos.com.br\/blog\/"},{"@type":"ListItem","position":2,"name":"Concurso TJ MG: Entenda como a unifica\u00e7\u00e3o de carreiras afeta os certames"}]},{"@type":"WebSite","@id":"https:\/\/www.estrategiaconcursos.com.br\/blog\/#website","url":"https:\/\/www.estrategiaconcursos.com.br\/blog\/","name":"Estrat\u00e9gia Concursos","description":"O blog da Estrat\u00e9gia Concursos traz not\u00edcias sobre concursos e artigos de professores oferecendo cursos para concursos (pdf + videaulas) no site.","publisher":{"@id":"https:\/\/www.estrategiaconcursos.com.br\/blog\/#organization"},"potentialAction":[{"@type":"SearchAction","target":{"@type":"EntryPoint","urlTemplate":"https:\/\/www.estrategiaconcursos.com.br\/blog\/?s={search_term_string}"},"query-input":{"@type":"PropertyValueSpecification","valueRequired":true,"valueName":"search_term_string"}}],"inLanguage":"pt-BR"},{"@type":"Organization","@id":"https:\/\/www.estrategiaconcursos.com.br\/blog\/#organization","name":"Estrat\u00e9gia Concursos","url":"https:\/\/www.estrategiaconcursos.com.br\/blog\/","logo":{"@type":"ImageObject","inLanguage":"pt-BR","@id":"https:\/\/www.estrategiaconcursos.com.br\/blog\/#\/schema\/logo\/image\/","url":"https:\/\/dhg1h5j42swfq.cloudfront.net\/2025\/06\/03203428\/logo_concursos-1.jpg","contentUrl":"https:\/\/dhg1h5j42swfq.cloudfront.net\/2025\/06\/03203428\/logo_concursos-1.jpg","width":230,"height":60,"caption":"Estrat\u00e9gia Concursos"},"image":{"@id":"https:\/\/www.estrategiaconcursos.com.br\/blog\/#\/schema\/logo\/image\/"},"sameAs":["https:\/\/x.com\/EstratConcursos"]},{"@type":"Person","@id":"https:\/\/www.estrategiaconcursos.com.br\/blog\/#\/schema\/person\/73a0097d005d0e0410a58869a4ff0dad","name":"Fabiano Pereira","image":{"@type":"ImageObject","inLanguage":"pt-BR","@id":"https:\/\/secure.gravatar.com\/avatar\/2d50d79dc60f78c8adffae60393ee45fd6d79c9cb3bd6c1abc9a574ca4f1ff0a?s=96&d=mm&r=g","url":"https:\/\/secure.gravatar.com\/avatar\/2d50d79dc60f78c8adffae60393ee45fd6d79c9cb3bd6c1abc9a574ca4f1ff0a?s=96&d=mm&r=g","contentUrl":"https:\/\/secure.gravatar.com\/avatar\/2d50d79dc60f78c8adffae60393ee45fd6d79c9cb3bd6c1abc9a574ca4f1ff0a?s=96&d=mm&r=g","caption":"Fabiano Pereira"},"url":"https:\/\/www.estrategiaconcursos.com.br\/blog\/author\/professorfabianopereirayahoo-com-br\/"}]}},"_links":{"self":[{"href":"https:\/\/www.estrategiaconcursos.com.br\/blog\/wp-json\/wp\/v2\/posts\/418108","targetHints":{"allow":["GET"]}}],"collection":[{"href":"https:\/\/www.estrategiaconcursos.com.br\/blog\/wp-json\/wp\/v2\/posts"}],"about":[{"href":"https:\/\/www.estrategiaconcursos.com.br\/blog\/wp-json\/wp\/v2\/types\/post"}],"author":[{"embeddable":true,"href":"https:\/\/www.estrategiaconcursos.com.br\/blog\/wp-json\/wp\/v2\/users\/1170"}],"replies":[{"embeddable":true,"href":"https:\/\/www.estrategiaconcursos.com.br\/blog\/wp-json\/wp\/v2\/comments?post=418108"}],"version-history":[{"count":4,"href":"https:\/\/www.estrategiaconcursos.com.br\/blog\/wp-json\/wp\/v2\/posts\/418108\/revisions"}],"predecessor-version":[{"id":1236193,"href":"https:\/\/www.estrategiaconcursos.com.br\/blog\/wp-json\/wp\/v2\/posts\/418108\/revisions\/1236193"}],"wp:attachment":[{"href":"https:\/\/www.estrategiaconcursos.com.br\/blog\/wp-json\/wp\/v2\/media?parent=418108"}],"wp:term":[{"taxonomy":"category","embeddable":true,"href":"https:\/\/www.estrategiaconcursos.com.br\/blog\/wp-json\/wp\/v2\/categories?post=418108"},{"taxonomy":"post_tag","embeddable":true,"href":"https:\/\/www.estrategiaconcursos.com.br\/blog\/wp-json\/wp\/v2\/tags?post=418108"},{"taxonomy":"tax_estado","embeddable":true,"href":"https:\/\/www.estrategiaconcursos.com.br\/blog\/wp-json\/wp\/v2\/tax_estado?post=418108"}],"curies":[{"name":"wp","href":"https:\/\/api.w.org\/{rel}","templated":true}]}}